{"id":299429,"date":"2024-02-20T12:30:57","date_gmt":"2024-02-20T08:30:57","guid":{"rendered":"https:\/\/www.meydan.tv\/?p=299429"},"modified":"2024-02-20T16:33:55","modified_gmt":"2024-02-20T12:33:55","slug":"hebsde-olan-abzasmedia-emekdaslarina-qoyulan-telefon-ve-gorus-qadagasi-goturulub","status":"publish","type":"post","link":"https:\/\/www.meydan.tv\/az\/article\/hebsde-olan-abzasmedia-emekdaslarina-qoyulan-telefon-ve-gorus-qadagasi-goturulub\/","title":{"rendered":"H\u0259bsd\u0259 olan \u201cAbzasMedia\u201d \u0259m\u0259kda\u015flar\u0131na qoyulan telefon v\u0259 g\u00f6r\u00fc\u015f qada\u011fas\u0131 g\u00f6t\u00fcr\u00fcl\u00fcb"},"content":{"rendered":"\n<p><\/p>\n\n\n\n<p><strong><em>Jurnalistl\u0259r ail\u0259 \u00fczvl\u0259ri il\u0259 telefonla dan\u0131\u015f\u0131b<\/em><\/strong><\/p>\n\n\n\n<p>\u201cAbzasMedia\u201d il\u0259 ba\u011fl\u0131 cinay\u0259t i\u015fi \u00fczr\u0259 h\u0259bs olunan jurnalistl\u0259rin ail\u0259 \u00fczvl\u0259ril\u0259 telefon dan\u0131\u015f\u0131\u011f\u0131 v\u0259 g\u00f6r\u00fc\u015fl\u0259rin\u0259 qoyulan qada\u011fa aradan qald\u0131r\u0131l\u0131b. Bu bar\u0259d\u0259 h\u0259min jurnalistl\u0259rd\u0259n biri \u2013 N\u0259rgiz Absalamovan\u0131n v\u0259kili \u015e\u0259hla H\u00fcmb\u0259tova m\u0259lumat verib.<\/p>\n\n\n\n<p>V\u0259kil bildirib ki, telefon dan\u0131\u015f\u0131\u011f\u0131 v\u0259 g\u00f6r\u00fc\u015f qada\u011fas\u0131n\u0131n l\u0259\u011fvi haqda onu da \u201cAbzasMedia\u201d i\u015finin istintaq\u0131n\u0131 aparan m\u00fcst\u0259ntiq m\u0259lumatland\u0131r\u0131b.<\/p>\n\n\n\n<p>\u00dc\u00e7 ayd\u0131r ki, davam ed\u0259n qada\u011fa istintaq\u0131n q\u0259rar\u0131yla qoyulmu\u015fdu. Jurnalistl\u0259r is\u0259 g\u00f6r\u00fc\u015f v\u0259 telefon dan\u0131\u015f\u0131\u011f\u0131 h\u00fcquqlar\u0131n\u0131n m\u0259hdudla\u015fd\u0131r\u0131lmas\u0131na g\u00f6r\u0259 m\u0259hk\u0259m\u0259y\u0259 \u015fikay\u0259t vermi\u015fdi.<\/p>\n\n\n\n<p>\u015e\u0259hla H\u00fcmb\u0259tovan\u0131n s\u00f6zl\u0259rin\u0259 g\u00f6r\u0259, onun m\u00fcv\u0259kkilinin bu \u015fikay\u0259til\u0259 ba\u011fl\u0131 \u00f6lk\u0259 daxilind\u0259 h\u0259m birinci instansiya, h\u0259m d\u0259 apelyasiya m\u0259hk\u0259m\u0259sini ke\u00e7ibl\u0259r. Yerli m\u0259hk\u0259m\u0259l\u0259r \u015fikay\u0259ti t\u0259min etm\u0259diyin\u0259 g\u00f6r\u0259 Avropa \u0130nsan Haqlar\u0131 M\u0259hk\u0259m\u0259sin\u0259 m\u00fcraci\u0259t ed\u0259c\u0259kl\u0259r:<\/p>\n\n\n<div class=\"wp-block-image\">\n<figure class=\"aligncenter size-large\"><img decoding=\"async\" width=\"1200\" height=\"675\" data-src=\"https:\/\/www.meydan.tv\/wp-content\/uploads\/vkil-shla-humbtova-1200x675.jpg\" alt=\"\u015e\u0259hla H\u00fcmb\u0259tova\" class=\"wp-image-138510 lazyload\" src=\"data:image\/svg+xml;base64,PHN2ZyB3aWR0aD0iMSIgaGVpZ2h0PSIxIiB4bWxucz0iaHR0cDovL3d3dy53My5vcmcvMjAwMC9zdmciPjwvc3ZnPg==\" style=\"--smush-placeholder-width: 1200px; --smush-placeholder-aspect-ratio: 1200\/675;\" \/><figcaption class=\"wp-element-caption\">Foto: \u015e\u0259hla H\u00fcmb\u0259tovan\u0131n &#8220;Facebook&#8221; s\u0259hif\u0259sind\u0259n<\/figcaption><\/figure>\n<\/div>\n\n\n<p>\u201c<em>D\u00fczd\u00fcr, indi bu qada\u011fa aradan qald\u0131r\u0131l\u0131b. Lakin indiy\u0259 q\u0259d\u0259r onlar\u0131n bu h\u00fcququ he\u00e7 bir qanuni \u0259sas olmadan pozulub\u201d.<\/em><\/p>\n\n\n\n<p>H\u0259bsd\u0259 olan jurnalistl\u0259r art\u0131q ail\u0259 \u00fczvl\u0259ril\u0259 \u0259laq\u0259 saxlay\u0131blar. \u201cAbzasMedia\u201dn\u0131n ba\u015f redaktoru Sevinc Vaqifq\u0131z\u0131n\u0131n (Abbasova) anas\u0131 Ofeliya M\u0259h\u0259rr\u0259mova Meydan TV-y\u0259 bildirib ki, q\u0131z\u0131 fevral\u0131n 19-da onunla \u0259laq\u0259 saxlay\u0131b:<\/p>\n\n\n\n<p><em>\u201cSevinc h\u0259bs olunandan ilk d\u0259f\u0259 idi ki, onunla dan\u0131\u015f\u0131rd\u0131q. Dedi ki, \u201cyax\u015f\u0131yam, narahat olmay\u0131n\u201d. D\u00fcn\u0259n (fevral\u0131n 19-da) v\u0259kili Fariz Namazl\u0131 da onunla g\u00f6r\u00fc\u015f\u00fcb\u201d.<\/em><\/p>\n\n\n\n<p>Ofeliya M\u0259h\u0259rr\u0259mova bu h\u0259ft\u0259 istintaq t\u0259cridxanas\u0131nda Sevinc Vaqifq\u0131z\u0131 il\u0259 g\u00f6r\u00fc\u015f\u0259c\u0259kl\u0259rini d\u0259 \u0259lav\u0259 edib.<\/p>\n\n\n<div class=\"wp-block-image\">\n<figure class=\"aligncenter size-large\"><img decoding=\"async\" width=\"1200\" height=\"675\" data-src=\"https:\/\/www.meydan.tv\/wp-content\/uploads\/ofelya-1200x675.jpg\" alt=\"\" class=\"wp-image-299476 lazyload\" src=\"data:image\/svg+xml;base64,PHN2ZyB3aWR0aD0iMSIgaGVpZ2h0PSIxIiB4bWxucz0iaHR0cDovL3d3dy53My5vcmcvMjAwMC9zdmciPjwvc3ZnPg==\" style=\"--smush-placeholder-width: 1200px; --smush-placeholder-aspect-ratio: 1200\/675;\" \/><figcaption class=\"wp-element-caption\">Ofeliya M\u0259h\u0259rr\u0259mova. Foto: Meydan TV<\/figcaption><\/figure>\n<\/div>\n\n\n<p>Dig\u0259r jurnalist Elnar\u0259 Qas\u0131mova da fevral\u0131n 19-da yax\u0131nlar\u0131yla \u0259laq\u0259 saxlay\u0131b.<\/p>\n\n\n\n<p>Korrupsiya ara\u015fd\u0131rmalar\u0131yla tan\u0131nan \u201cAbzasMedia\u201d i\u015fi \u00fczr\u0259 h\u0259bsl\u0259r noyabr\u0131n 20-d\u0259n ba\u015flay\u0131b. \u00d6nc\u0259 sayt\u0131n direktoru \u00dclvi H\u0259s\u0259nli, direktor m\u00fcavini M\u0259h\u0259mm\u0259d Kekalov, ba\u015f redaktoru Sevinc Vaqifq\u0131z\u0131 h\u0259bs edilib. Daha sonra h\u0259bsl\u0259r ara\u015fd\u0131rma\u00e7\u0131 jurnalist Hafiz Babal\u0131, N\u0259rgiz Absalamova v\u0259 Elnar\u0259 Qas\u0131mova il\u0259 davam edib. Onlar da Cinay\u0259t M\u0259c\u0259ll\u0259sinin 206.3.2-ci (bir qrup \u015f\u0259xs t\u0259r\u0259find\u0259n qa\u00e7aqmal\u00e7\u0131l\u0131q) madd\u0259sil\u0259 ittiham olunur.<\/p>\n\n\n\n<p>Bu madd\u0259nin sanksiyas\u0131nda 5 ild\u0259n 8 il\u0259 q\u0259d\u0259r azadl\u0131qdan m\u0259hrumetm\u0259 c\u0259zas\u0131 n\u0259z\u0259rd\u0259 tutulub.<\/p>\n\n\n\n<p>Noyabr\u0131n 20-d\u0259 \u00dclvi H\u0259s\u0259nli saxland\u0131qdan sonra \u201cAbzasMedia\u201dn\u0131n ofisind\u0259 axtar\u0131\u015f apar\u0131l\u0131b. Sayt\u0131n ofisind\u0259n 40 min avro pul tap\u0131ld\u0131\u011f\u0131 iddia olunub.<\/p>\n\n\n\n<p>\u00dclvi H\u0259s\u0259nli is\u0259 orada pul olmad\u0131\u011f\u0131n\u0131, 40 min avronun ofis\u0259 onu tapd\u0131\u011f\u0131n\u0131 iddia ed\u0259nl\u0259rin \u00f6zl\u0259ri t\u0259r\u0259find\u0259n qoyuldu\u011funu bildirib.<\/p>\n\n\n\n<p>Adlar\u0131 \u00e7\u0259kil\u0259n jurnalistl\u0259rin he\u00e7 biri \u00f6z\u00fcn\u00fc t\u0259qsirli bilmir, \u201cAbzasMedia\u201dda Prezidentin ail\u0259 \u00fczvl\u0259ri d\u0259 daxil olmaqla, bir s\u0131ra v\u0259zif\u0259li \u015f\u0259xsl\u0259rin biznesi, korrupsiya il\u0259 ba\u011fl\u0131 ara\u015fd\u0131rmalara g\u00f6r\u0259 c\u0259zaland\u0131r\u0131ld\u0131qlar\u0131n\u0131 bildiribl\u0259r.<\/p>\n","protected":false},"excerpt":{"rendered":"<p>Jurnalistl\u0259r ail\u0259 \u00fczvl\u0259ri il\u0259 telefonla dan\u0131\u015f\u0131b \u201cAbzasMedia\u201d il\u0259 ba\u011fl\u0131 cinay\u0259t &#8230; <\/p>\n<p class=\"read-more-container\"><a title=\"H\u0259bsd\u0259 olan \u201cAbzasMedia\u201d \u0259m\u0259kda\u015flar\u0131na qoyulan telefon v\u0259 g\u00f6r\u00fc\u015f qada\u011fas\u0131 g\u00f6t\u00fcr\u00fcl\u00fcb\" class=\"read-more button\" href=\"https:\/\/www.meydan.tv\/az\/article\/hebsde-olan-abzasmedia-emekdaslarina-qoyulan-telefon-ve-gorus-qadagasi-goturulub\/#more-299429\" aria-label=\"Read more about H\u0259bsd\u0259 olan \u201cAbzasMedia\u201d \u0259m\u0259kda\u015flar\u0131na qoyulan telefon v\u0259 g\u00f6r\u00fc\u015f qada\u011fas\u0131 g\u00f6t\u00fcr\u00fcl\u00fcb\">Davam\u0131<\/a><\/p>\n","protected":false},"author":8,"featured_media":295484,"comment_status":"closed","ping_status":"closed","sticky":false,"template":"","format":"standard","meta":{"_acf_changed":false,"_sitemap_exclude":false,"_sitemap_priority":"","_sitemap_frequency":"","footnotes":""},"categories":[59,56],"tags":[],"class_list":["post-299429","post","type-post","status-publish","format-standard","has-post-thumbnail","hentry","category-siyaset","category-xeberler","infinite-scroll-item","generate-columns","tablet-grid-50","mobile-grid-100","grid-parent","grid-33","no-featured-image-padding"],"acf":[],"yoast_head":"<!-- This site is optimized with the Yoast SEO plugin v27.4 - https:\/\/yoast.com\/product\/yoast-seo-wordpress\/ -->\n<title>H\u0259bsd\u0259 olan \u201cAbzasMedia\u201d \u0259m\u0259kda\u015flar\u0131na qoyulan telefon v\u0259 g\u00f6r\u00fc\u015f qada\u011fas\u0131 g\u00f6t\u00fcr\u00fcl\u00fcb - MEYDAN.TV<\/title>\n<meta name=\"robots\" content=\"index, follow, max-snippet:-1, max-image-preview:large, max-video-preview:-1\" \/>\n<link rel=\"canonical\" href=\"https:\/\/www.meydan.tv\/az\/article\/hebsde-olan-abzasmedia-emekdaslarina-qoyulan-telefon-ve-gorus-qadagasi-goturulub\/\" \/>\n<meta property=\"og:locale\" content=\"az_AZ\" \/>\n<meta property=\"og:type\" content=\"article\" \/>\n<meta property=\"og:title\" content=\"H\u0259bsd\u0259 olan \u201cAbzasMedia\u201d \u0259m\u0259kda\u015flar\u0131na qoyulan telefon v\u0259 g\u00f6r\u00fc\u015f qada\u011fas\u0131 g\u00f6t\u00fcr\u00fcl\u00fcb - MEYDAN.TV\" \/>\n<meta property=\"og:description\" content=\"Jurnalistl\u0259r ail\u0259 \u00fczvl\u0259ri il\u0259 telefonla dan\u0131\u015f\u0131b \u201cAbzasMedia\u201d il\u0259 ba\u011fl\u0131 cinay\u0259t ... Davam\u0131\" \/>\n<meta property=\"og:url\" content=\"https:\/\/www.meydan.tv\/az\/article\/hebsde-olan-abzasmedia-emekdaslarina-qoyulan-telefon-ve-gorus-qadagasi-goturulub\/\" \/>\n<meta property=\"og:site_name\" content=\"MEYDAN.TV\" \/>\n<meta property=\"article:published_time\" content=\"2024-02-20T08:30:57+00:00\" \/>\n<meta property=\"article:modified_time\" content=\"2024-02-20T12:33:55+00:00\" \/>\n<meta property=\"og:image\" content=\"https:\/\/www.meydan.tv\/wp-content\/uploads\/abzas_loqo-1.png\" \/>\n\t<meta property=\"og:image:width\" content=\"1600\" \/>\n\t<meta property=\"og:image:height\" content=\"613\" \/>\n\t<meta property=\"og:image:type\" content=\"image\/png\" \/>\n<meta name=\"author\" content=\"elli\" \/>\n<meta name=\"twitter:card\" content=\"summary_large_image\" \/>\n<meta name=\"twitter:creator\" content=\"@elli\" \/>\n<script type=\"application\/ld+json\" class=\"yoast-schema-graph\">{\"@context\":\"https:\\\/\\\/schema.org\",\"@graph\":[{\"@type\":\"Article\",\"@id\":\"https:\\\/\\\/www.meydan.tv\\\/az\\\/article\\\/hebsde-olan-abzasmedia-emekdaslarina-qoyulan-telefon-ve-gorus-qadagasi-goturulub\\\/#article\",\"isPartOf\":{\"@id\":\"https:\\\/\\\/www.meydan.tv\\\/az\\\/article\\\/hebsde-olan-abzasmedia-emekdaslarina-qoyulan-telefon-ve-gorus-qadagasi-goturulub\\\/\"},\"author\":{\"name\":\"elli\",\"@id\":\"https:\\\/\\\/www.meydan.tv\\\/az\\\/#\\\/schema\\\/person\\\/9cdbecf90d17180ce1dfbd95b08dcf47\"},\"headline\":\"H\u0259bsd\u0259 olan \u201cAbzasMedia\u201d \u0259m\u0259kda\u015flar\u0131na qoyulan telefon v\u0259 g\u00f6r\u00fc\u015f qada\u011fas\u0131 g\u00f6t\u00fcr\u00fcl\u00fcb\",\"datePublished\":\"2024-02-20T08:30:57+00:00\",\"dateModified\":\"2024-02-20T12:33:55+00:00\",\"mainEntityOfPage\":{\"@id\":\"https:\\\/\\\/www.meydan.tv\\\/az\\\/article\\\/hebsde-olan-abzasmedia-emekdaslarina-qoyulan-telefon-ve-gorus-qadagasi-goturulub\\\/\"},\"wordCount\":601,\"publisher\":{\"@id\":\"https:\\\/\\\/www.meydan.tv\\\/az\\\/#organization\"},\"image\":{\"@id\":\"https:\\\/\\\/www.meydan.tv\\\/az\\\/article\\\/hebsde-olan-abzasmedia-emekdaslarina-qoyulan-telefon-ve-gorus-qadagasi-goturulub\\\/#primaryimage\"},\"thumbnailUrl\":\"https:\\\/\\\/www.meydan.tv\\\/wp-content\\\/uploads\\\/abzas_loqo-1.png\",\"articleSection\":[\"Siyas\u0259t\",\"X\u0259b\u0259rl\u0259r\"],\"inLanguage\":\"az\"},{\"@type\":\"WebPage\",\"@id\":\"https:\\\/\\\/www.meydan.tv\\\/az\\\/article\\\/hebsde-olan-abzasmedia-emekdaslarina-qoyulan-telefon-ve-gorus-qadagasi-goturulub\\\/\",\"url\":\"https:\\\/\\\/www.meydan.tv\\\/az\\\/article\\\/hebsde-olan-abzasmedia-emekdaslarina-qoyulan-telefon-ve-gorus-qadagasi-goturulub\\\/\",\"name\":\"H\u0259bsd\u0259 olan \u201cAbzasMedia\u201d \u0259m\u0259kda\u015flar\u0131na qoyulan telefon v\u0259 g\u00f6r\u00fc\u015f qada\u011fas\u0131 g\u00f6t\u00fcr\u00fcl\u00fcb - MEYDAN.TV\",\"isPartOf\":{\"@id\":\"https:\\\/\\\/www.meydan.tv\\\/az\\\/#website\"},\"primaryImageOfPage\":{\"@id\":\"https:\\\/\\\/www.meydan.tv\\\/az\\\/article\\\/hebsde-olan-abzasmedia-emekdaslarina-qoyulan-telefon-ve-gorus-qadagasi-goturulub\\\/#primaryimage\"},\"image\":{\"@id\":\"https:\\\/\\\/www.meydan.tv\\\/az\\\/article\\\/hebsde-olan-abzasmedia-emekdaslarina-qoyulan-telefon-ve-gorus-qadagasi-goturulub\\\/#primaryimage\"},\"thumbnailUrl\":\"https:\\\/\\\/www.meydan.tv\\\/wp-content\\\/uploads\\\/abzas_loqo-1.png\",\"datePublished\":\"2024-02-20T08:30:57+00:00\",\"dateModified\":\"2024-02-20T12:33:55+00:00\",\"breadcrumb\":{\"@id\":\"https:\\\/\\\/www.meydan.tv\\\/az\\\/article\\\/hebsde-olan-abzasmedia-emekdaslarina-qoyulan-telefon-ve-gorus-qadagasi-goturulub\\\/#breadcrumb\"},\"inLanguage\":\"az\",\"potentialAction\":[{\"@type\":\"ReadAction\",\"target\":[\"https:\\\/\\\/www.meydan.tv\\\/az\\\/article\\\/hebsde-olan-abzasmedia-emekdaslarina-qoyulan-telefon-ve-gorus-qadagasi-goturulub\\\/\"]}]},{\"@type\":\"ImageObject\",\"inLanguage\":\"az\",\"@id\":\"https:\\\/\\\/www.meydan.tv\\\/az\\\/article\\\/hebsde-olan-abzasmedia-emekdaslarina-qoyulan-telefon-ve-gorus-qadagasi-goturulub\\\/#primaryimage\",\"url\":\"https:\\\/\\\/www.meydan.tv\\\/wp-content\\\/uploads\\\/abzas_loqo-1.png\",\"contentUrl\":\"https:\\\/\\\/www.meydan.tv\\\/wp-content\\\/uploads\\\/abzas_loqo-1.png\",\"width\":1600,\"height\":613,\"caption\":\"Foto: \\\"AbzasMedia\\\"\"},{\"@type\":\"BreadcrumbList\",\"@id\":\"https:\\\/\\\/www.meydan.tv\\\/az\\\/article\\\/hebsde-olan-abzasmedia-emekdaslarina-qoyulan-telefon-ve-gorus-qadagasi-goturulub\\\/#breadcrumb\",\"itemListElement\":[{\"@type\":\"ListItem\",\"position\":1,\"name\":\"Ana s\u0259hif\u0259\",\"item\":\"https:\\\/\\\/www.meydan.tv\\\/az\\\/\"},{\"@type\":\"ListItem\",\"position\":2,\"name\":\"Siyas\u0259t\",\"item\":\"https:\\\/\\\/www.meydan.tv\\\/az\\\/section\\\/siyaset\\\/\"},{\"@type\":\"ListItem\",\"position\":3,\"name\":\"H\u0259bsd\u0259 olan \u201cAbzasMedia\u201d \u0259m\u0259kda\u015flar\u0131na qoyulan telefon v\u0259 g\u00f6r\u00fc\u015f qada\u011fas\u0131 g\u00f6t\u00fcr\u00fcl\u00fcb\"}]},{\"@type\":\"WebSite\",\"@id\":\"https:\\\/\\\/www.meydan.tv\\\/az\\\/#website\",\"url\":\"https:\\\/\\\/www.meydan.tv\\\/az\\\/\",\"name\":\"MEYDAN.TV\",\"description\":\"Meydan TV Az\u0259rbaycan\u0131n media m\u0259kan\u0131ndak\u0131 alternativ s\u0259sidir\",\"publisher\":{\"@id\":\"https:\\\/\\\/www.meydan.tv\\\/az\\\/#organization\"},\"potentialAction\":[{\"@type\":\"SearchAction\",\"target\":{\"@type\":\"EntryPoint\",\"urlTemplate\":\"https:\\\/\\\/www.meydan.tv\\\/az\\\/?s={search_term_string}\"},\"query-input\":{\"@type\":\"PropertyValueSpecification\",\"valueRequired\":true,\"valueName\":\"search_term_string\"}}],\"inLanguage\":\"az\"},{\"@type\":\"Organization\",\"@id\":\"https:\\\/\\\/www.meydan.tv\\\/az\\\/#organization\",\"name\":\"Meydan TV\",\"url\":\"https:\\\/\\\/www.meydan.tv\\\/az\\\/\",\"logo\":{\"@type\":\"ImageObject\",\"inLanguage\":\"az\",\"@id\":\"https:\\\/\\\/www.meydan.tv\\\/az\\\/#\\\/schema\\\/logo\\\/image\\\/\",\"url\":\"https:\\\/\\\/www.meydan.tv\\\/wp-content\\\/uploads\\\/2021\\\/07\\\/meydan-logo.svg\",\"contentUrl\":\"https:\\\/\\\/www.meydan.tv\\\/wp-content\\\/uploads\\\/2021\\\/07\\\/meydan-logo.svg\",\"width\":195,\"height\":46,\"caption\":\"Meydan TV\"},\"image\":{\"@id\":\"https:\\\/\\\/www.meydan.tv\\\/az\\\/#\\\/schema\\\/logo\\\/image\\\/\"}},{\"@type\":\"Person\",\"@id\":\"https:\\\/\\\/www.meydan.tv\\\/az\\\/#\\\/schema\\\/person\\\/9cdbecf90d17180ce1dfbd95b08dcf47\",\"name\":\"elli\",\"sameAs\":[\"https:\\\/\\\/x.com\\\/elli\"]}]}<\/script>\n<!-- \/ Yoast SEO plugin. -->","yoast_head_json":{"title":"H\u0259bsd\u0259 olan \u201cAbzasMedia\u201d \u0259m\u0259kda\u015flar\u0131na qoyulan telefon v\u0259 g\u00f6r\u00fc\u015f qada\u011fas\u0131 g\u00f6t\u00fcr\u00fcl\u00fcb - MEYDAN.TV","robots":{"index":"index","follow":"follow","max-snippet":"max-snippet:-1","max-image-preview":"max-image-preview:large","max-video-preview":"max-video-preview:-1"},"canonical":"https:\/\/www.meydan.tv\/az\/article\/hebsde-olan-abzasmedia-emekdaslarina-qoyulan-telefon-ve-gorus-qadagasi-goturulub\/","og_locale":"az_AZ","og_type":"article","og_title":"H\u0259bsd\u0259 olan \u201cAbzasMedia\u201d \u0259m\u0259kda\u015flar\u0131na qoyulan telefon v\u0259 g\u00f6r\u00fc\u015f qada\u011fas\u0131 g\u00f6t\u00fcr\u00fcl\u00fcb - MEYDAN.TV","og_description":"Jurnalistl\u0259r ail\u0259 \u00fczvl\u0259ri il\u0259 telefonla dan\u0131\u015f\u0131b \u201cAbzasMedia\u201d il\u0259 ba\u011fl\u0131 cinay\u0259t ... Davam\u0131","og_url":"https:\/\/www.meydan.tv\/az\/article\/hebsde-olan-abzasmedia-emekdaslarina-qoyulan-telefon-ve-gorus-qadagasi-goturulub\/","og_site_name":"MEYDAN.TV","article_published_time":"2024-02-20T08:30:57+00:00","article_modified_time":"2024-02-20T12:33:55+00:00","og_image":[{"width":1600,"height":613,"url":"https:\/\/www.meydan.tv\/wp-content\/uploads\/abzas_loqo-1.png","type":"image\/png"}],"author":"elli","twitter_card":"summary_large_image","twitter_creator":"@elli","schema":{"@context":"https:\/\/schema.org","@graph":[{"@type":"Article","@id":"https:\/\/www.meydan.tv\/az\/article\/hebsde-olan-abzasmedia-emekdaslarina-qoyulan-telefon-ve-gorus-qadagasi-goturulub\/#article","isPartOf":{"@id":"https:\/\/www.meydan.tv\/az\/article\/hebsde-olan-abzasmedia-emekdaslarina-qoyulan-telefon-ve-gorus-qadagasi-goturulub\/"},"author":{"name":"elli","@id":"https:\/\/www.meydan.tv\/az\/#\/schema\/person\/9cdbecf90d17180ce1dfbd95b08dcf47"},"headline":"H\u0259bsd\u0259 olan \u201cAbzasMedia\u201d \u0259m\u0259kda\u015flar\u0131na qoyulan telefon v\u0259 g\u00f6r\u00fc\u015f qada\u011fas\u0131 g\u00f6t\u00fcr\u00fcl\u00fcb","datePublished":"2024-02-20T08:30:57+00:00","dateModified":"2024-02-20T12:33:55+00:00","mainEntityOfPage":{"@id":"https:\/\/www.meydan.tv\/az\/article\/hebsde-olan-abzasmedia-emekdaslarina-qoyulan-telefon-ve-gorus-qadagasi-goturulub\/"},"wordCount":601,"publisher":{"@id":"https:\/\/www.meydan.tv\/az\/#organization"},"image":{"@id":"https:\/\/www.meydan.tv\/az\/article\/hebsde-olan-abzasmedia-emekdaslarina-qoyulan-telefon-ve-gorus-qadagasi-goturulub\/#primaryimage"},"thumbnailUrl":"https:\/\/www.meydan.tv\/wp-content\/uploads\/abzas_loqo-1.png","articleSection":["Siyas\u0259t","X\u0259b\u0259rl\u0259r"],"inLanguage":"az"},{"@type":"WebPage","@id":"https:\/\/www.meydan.tv\/az\/article\/hebsde-olan-abzasmedia-emekdaslarina-qoyulan-telefon-ve-gorus-qadagasi-goturulub\/","url":"https:\/\/www.meydan.tv\/az\/article\/hebsde-olan-abzasmedia-emekdaslarina-qoyulan-telefon-ve-gorus-qadagasi-goturulub\/","name":"H\u0259bsd\u0259 olan \u201cAbzasMedia\u201d \u0259m\u0259kda\u015flar\u0131na qoyulan telefon v\u0259 g\u00f6r\u00fc\u015f qada\u011fas\u0131 g\u00f6t\u00fcr\u00fcl\u00fcb - MEYDAN.TV","isPartOf":{"@id":"https:\/\/www.meydan.tv\/az\/#website"},"primaryImageOfPage":{"@id":"https:\/\/www.meydan.tv\/az\/article\/hebsde-olan-abzasmedia-emekdaslarina-qoyulan-telefon-ve-gorus-qadagasi-goturulub\/#primaryimage"},"image":{"@id":"https:\/\/www.meydan.tv\/az\/article\/hebsde-olan-abzasmedia-emekdaslarina-qoyulan-telefon-ve-gorus-qadagasi-goturulub\/#primaryimage"},"thumbnailUrl":"https:\/\/www.meydan.tv\/wp-content\/uploads\/abzas_loqo-1.png","datePublished":"2024-02-20T08:30:57+00:00","dateModified":"2024-02-20T12:33:55+00:00","breadcrumb":{"@id":"https:\/\/www.meydan.tv\/az\/article\/hebsde-olan-abzasmedia-emekdaslarina-qoyulan-telefon-ve-gorus-qadagasi-goturulub\/#breadcrumb"},"inLanguage":"az","potentialAction":[{"@type":"ReadAction","target":["https:\/\/www.meydan.tv\/az\/article\/hebsde-olan-abzasmedia-emekdaslarina-qoyulan-telefon-ve-gorus-qadagasi-goturulub\/"]}]},{"@type":"ImageObject","inLanguage":"az","@id":"https:\/\/www.meydan.tv\/az\/article\/hebsde-olan-abzasmedia-emekdaslarina-qoyulan-telefon-ve-gorus-qadagasi-goturulub\/#primaryimage","url":"https:\/\/www.meydan.tv\/wp-content\/uploads\/abzas_loqo-1.png","contentUrl":"https:\/\/www.meydan.tv\/wp-content\/uploads\/abzas_loqo-1.png","width":1600,"height":613,"caption":"Foto: \"AbzasMedia\""},{"@type":"BreadcrumbList","@id":"https:\/\/www.meydan.tv\/az\/article\/hebsde-olan-abzasmedia-emekdaslarina-qoyulan-telefon-ve-gorus-qadagasi-goturulub\/#breadcrumb","itemListElement":[{"@type":"ListItem","position":1,"name":"Ana s\u0259hif\u0259","item":"https:\/\/www.meydan.tv\/az\/"},{"@type":"ListItem","position":2,"name":"Siyas\u0259t","item":"https:\/\/www.meydan.tv\/az\/section\/siyaset\/"},{"@type":"ListItem","position":3,"name":"H\u0259bsd\u0259 olan \u201cAbzasMedia\u201d \u0259m\u0259kda\u015flar\u0131na qoyulan telefon v\u0259 g\u00f6r\u00fc\u015f qada\u011fas\u0131 g\u00f6t\u00fcr\u00fcl\u00fcb"}]},{"@type":"WebSite","@id":"https:\/\/www.meydan.tv\/az\/#website","url":"https:\/\/www.meydan.tv\/az\/","name":"MEYDAN.TV","description":"Meydan TV Az\u0259rbaycan\u0131n media m\u0259kan\u0131ndak\u0131 alternativ s\u0259sidir","publisher":{"@id":"https:\/\/www.meydan.tv\/az\/#organization"},"potentialAction":[{"@type":"SearchAction","target":{"@type":"EntryPoint","urlTemplate":"https:\/\/www.meydan.tv\/az\/?s={search_term_string}"},"query-input":{"@type":"PropertyValueSpecification","valueRequired":true,"valueName":"search_term_string"}}],"inLanguage":"az"},{"@type":"Organization","@id":"https:\/\/www.meydan.tv\/az\/#organization","name":"Meydan TV","url":"https:\/\/www.meydan.tv\/az\/","logo":{"@type":"ImageObject","inLanguage":"az","@id":"https:\/\/www.meydan.tv\/az\/#\/schema\/logo\/image\/","url":"https:\/\/www.meydan.tv\/wp-content\/uploads\/2021\/07\/meydan-logo.svg","contentUrl":"https:\/\/www.meydan.tv\/wp-content\/uploads\/2021\/07\/meydan-logo.svg","width":195,"height":46,"caption":"Meydan TV"},"image":{"@id":"https:\/\/www.meydan.tv\/az\/#\/schema\/logo\/image\/"}},{"@type":"Person","@id":"https:\/\/www.meydan.tv\/az\/#\/schema\/person\/9cdbecf90d17180ce1dfbd95b08dcf47","name":"elli","sameAs":["https:\/\/x.com\/elli"]}]}},"_links":{"self":[{"href":"https:\/\/www.meydan.tv\/az\/wp-json\/wp\/v2\/posts\/299429","targetHints":{"allow":["GET"]}}],"collection":[{"href":"https:\/\/www.meydan.tv\/az\/wp-json\/wp\/v2\/posts"}],"about":[{"href":"https:\/\/www.meydan.tv\/az\/wp-json\/wp\/v2\/types\/post"}],"author":[{"embeddable":true,"href":"https:\/\/www.meydan.tv\/az\/wp-json\/wp\/v2\/users\/8"}],"replies":[{"embeddable":true,"href":"https:\/\/www.meydan.tv\/az\/wp-json\/wp\/v2\/comments?post=299429"}],"version-history":[{"count":7,"href":"https:\/\/www.meydan.tv\/az\/wp-json\/wp\/v2\/posts\/299429\/revisions"}],"predecessor-version":[{"id":299504,"href":"https:\/\/www.meydan.tv\/az\/wp-json\/wp\/v2\/posts\/299429\/revisions\/299504"}],"wp:featuredmedia":[{"embeddable":true,"href":"https:\/\/www.meydan.tv\/az\/wp-json\/wp\/v2\/media\/295484"}],"wp:attachment":[{"href":"https:\/\/www.meydan.tv\/az\/wp-json\/wp\/v2\/media?parent=299429"}],"wp:term":[{"taxonomy":"category","embeddable":true,"href":"https:\/\/www.meydan.tv\/az\/wp-json\/wp\/v2\/categories?post=299429"},{"taxonomy":"post_tag","embeddable":true,"href":"https:\/\/www.meydan.tv\/az\/wp-json\/wp\/v2\/tags?post=299429"}],"curies":[{"name":"wp","href":"https:\/\/api.w.org\/{rel}","templated":true}]}}