{"id":299409,"date":"2024-02-20T12:17:14","date_gmt":"2024-02-20T08:17:14","guid":{"rendered":"https:\/\/www.meydan.tv\/?p=299409"},"modified":"2024-02-20T12:17:19","modified_gmt":"2024-02-20T08:17:19","slug":"zorakiliq-toretmis-yeniyetme-ile-bagli-cinayet-isi-acilib","status":"publish","type":"post","link":"https:\/\/www.meydan.tv\/az\/article\/zorakiliq-toretmis-yeniyetme-ile-bagli-cinayet-isi-acilib\/","title":{"rendered":"Zorak\u0131l\u0131q t\u00f6r\u0259tmi\u015f yeniyetm\u0259 il\u0259 ba\u011fl\u0131 cinay\u0259t i\u015fi a\u00e7\u0131l\u0131b"},"content":{"rendered":"\n<p><\/p>\n\n\n\n<p><strong><em>Valideynl\u0259r yeniyetm\u0259nin m\u0259kt\u0259bd\u0259n qovulmas\u0131n\u0131 t\u0259l\u0259b edir<\/em><\/strong><\/p>\n\n\n\n<p>Bak\u0131da yeniyetm\u0259y\u0259 qar\u015f\u0131 h\u0259mya\u015f\u0131dlar\u0131 t\u0259r\u0259find\u0259n zorak\u0131l\u0131q t\u00f6r\u0259dilib. Bunu \u0259ks etdir\u0259n g\u00f6r\u00fcnt\u00fcl\u0259r d\u00fcn\u0259n ax\u015fam sosial \u015f\u0259b\u0259k\u0259l\u0259rd\u0259 yay\u0131l\u0131b. G\u00f6r\u00fcnt\u00fcl\u0259rd\u0259 yeniyetm\u0259 q\u0131z\u0131n aln\u0131na s\u00f6y\u00fc\u015f yaz\u0131l\u0131r, ba\u015f\u0131na yumurta \u00e7\u0131rp\u0131l\u0131r, sa\u00e7\u0131 k\u0259silir v\u0259 dig\u0259r bullinq h\u0259r\u0259k\u0259tl\u0259ri edilir. Bunu ed\u0259nl\u0259rin \u015e\u00fcv\u0259landa yerl\u0259\u015f\u0259n 156 sayl\u0131 m\u0259kt\u0259bin \u015fagirdl\u0259ri oldu\u011fu m\u00fc\u0259yy\u0259nl\u0259\u015fib.<\/p>\n\n\n\n<p>\u00d6vlad\u0131 h\u0259min m\u0259kt\u0259bin yuxar\u0131 sinfind\u0259 oxuyan valideynl\u0259rd\u0259n biri Meydan TV-y\u0259 bildirib ki, g\u00f6r\u00fcnt\u00fcl\u0259rd\u0259ki q\u0131z h\u0259l\u0259 m\u0259kt\u0259bd\u0259n k\u0259narla\u015fd\u0131r\u0131lmay\u0131b.<\/p>\n\n\n\n<p><em>&#8220;Q\u0131z h\u0259ddind\u0259n art\u0131q s\u00f6y\u00fc\u015fl\u0259 dan\u0131\u015f\u0131r, u\u015faqlar deyirl\u0259r ki, bu, onun ilk h\u0259r\u0259k\u0259ti deyil. Zorak\u0131l\u0131\u011fa m\u0259ruz qalan q\u0131z\u0131n dig\u0259rl\u0259ri haqq\u0131nda m\u0259nfi s\u00f6z i\u015fl\u0259tdiyi deyilir. M\u0259kt\u0259bd\u0259 \u0259ks\u0259r valideynl\u0259r narahatd\u0131rlar. \u00c7\u00fcnki u\u015faqlar\u0131n bir-birini \u0259l\u0259 salmas\u0131, t\u0259hqir erm\u0259si tez-tez t\u0259krarlan\u0131r\u201d, &#8211; <\/em>valideyn bildirb.<\/p>\n\n\n\n<p>Qeyd edilib ki, valideynl\u0259r direktorla g\u00f6r\u00fc\u015fm\u0259k ist\u0259yibl\u0259r. Lakin onlara bildirilib ki, m\u0259kt\u0259bin qar\u015f\u0131s\u0131nda&nbsp; jurnalistl\u0259r var, ba\u015f qar\u0131\u015f\u0131qd\u0131.<\/p>\n\n\n<div class=\"wp-block-image\">\n<figure class=\"alignleft size-full is-resized\"><img decoding=\"async\" width=\"400\" height=\"398\" data-src=\"https:\/\/www.meydan.tv\/wp-content\/uploads\/download-65.jpg\" alt=\"\" class=\"wp-image-299414 lazyload\" style=\"--smush-placeholder-width: 400px; --smush-placeholder-aspect-ratio: 400\/398;width:299px;height:auto\" src=\"data:image\/svg+xml;base64,PHN2ZyB3aWR0aD0iMSIgaGVpZ2h0PSIxIiB4bWxucz0iaHR0cDovL3d3dy53My5vcmcvMjAwMC9zdmciPjwvc3ZnPg==\" \/><figcaption class=\"wp-element-caption\">Foto: &#8220;Facebook&#8221;<\/figcaption><\/figure>\n<\/div>\n\n\n<p>Ad\u0131n\u0131n a\u00e7\u0131qlanmas\u0131n\u0131 ist\u0259m\u0259y\u0259n valideyn onu da deyib ki, q\u0131z\u0131n valideynl\u0259rin\u0259 d\u0259f\u0259l\u0259rl\u0259 x\u0259b\u0259rdarl\u0131q olunub. Buna g\u00f6r\u0259 d\u0259 onun m\u0259kt\u0259bd\u0259n uzaqla\u015fd\u0131r\u0131lmas\u0131n\u0131 t\u0259l\u0259b edirl\u0259r.<\/p>\n\n\n\n<p>M\u0259kt\u0259bd\u0259n Meydan TV-y\u0259 bildirilib ki, aidiyyat\u0131 qurumlar m\u0259kt\u0259bd\u0259dirl\u0259r, ara\u015fd\u0131rma gedir.<br>M\u0259kt\u0259bin daha \u0259vv\u0259lki a\u00e7\u0131qlamas\u0131nda bildirilib ki, IX sinifd\u0259n m\u0259zun olmu\u015f q\u0131za qar\u015f\u0131 uy\u011funsuz h\u0259r\u0259k\u0259tl\u0259r ed\u0259r\u0259k videoya \u00e7\u0259k\u0259n \u015fagirdl\u0259, h\u0259m\u00e7inin onun valideyni il\u0259 s\u00f6hb\u0259t apar\u0131l\u0131b, m\u00fcvafiq t\u0259dbirl\u0259r g\u00f6r\u00fcl\u00fcb.<\/p>\n\n\n\n<p>\u201c<em>M\u0259kt\u0259bin XI sinif \u015fagirdi (yeniyetm\u0259 oldu\u011fundan \u015fagirdin ad\u0131 a\u00e7\u0131qlanm\u0131r-red) yanvar\u0131n 17-si m\u0259kt\u0259bd\u0259n k\u0259narda 2023-c\u00fc ild\u0259 IX sinifd\u0259n m\u0259zun olmu\u015f q\u0131za qar\u015f\u0131 uy\u011funsuz h\u0259r\u0259k\u0259tl\u0259r ed\u0259r\u0259k videoya \u00e7\u0259kib.<\/em> <em>M\u0259kt\u0259b r\u0259hb\u0259rliyi v\u0259 psixoloq t\u0259r\u0259find\u0259n \u015fagird v\u0259 valideyni il\u0259 s\u00f6hb\u0259t apar\u0131l\u0131b, m\u00fcvafiq t\u0259dbirl\u0259r g\u00f6r\u00fcl\u00fcb.<\/em> <em>Valideyn t\u0259r\u0259find\u0259n h\u00fcquq-m\u00fchafiz\u0259 orqanlar\u0131na m\u00fcraci\u0259t olunub, aidiyy\u0259ti \u00fczr\u0259 \u015fagird v\u0259 valideynl\u0259rin izahatlar\u0131 al\u0131b\u201d.<\/em><\/p>\n\n\n<div class=\"wp-block-image\">\n<figure class=\"aligncenter size-full\"><img decoding=\"async\" width=\"1200\" height=\"805\" data-src=\"https:\/\/www.meydan.tv\/wp-content\/uploads\/615423a8-98d8-4f4d-95c7-9ce40522b9fa.jpg\" alt=\"\" class=\"wp-image-279306 lazyload\" src=\"data:image\/svg+xml;base64,PHN2ZyB3aWR0aD0iMSIgaGVpZ2h0PSIxIiB4bWxucz0iaHR0cDovL3d3dy53My5vcmcvMjAwMC9zdmciPjwvc3ZnPg==\" style=\"--smush-placeholder-width: 1200px; --smush-placeholder-aspect-ratio: 1200\/805;\" \/><figcaption class=\"wp-element-caption\">Foto: El\u015fad Hac\u0131yevin \u015f\u0259xsi arxivind\u0259n g\u00f6t\u00fcr\u00fcl\u00fcb<\/figcaption><\/figure>\n<\/div>\n\n\n<p>Daxili \u0130\u015fl\u0259r Nazirliyinin (D\u0130N) M\u0259tbuat xidm\u0259tinin r\u0259isi El\u015fad Hac\u0131yev is\u0259&nbsp; bildirib ki, yay\u0131lan g\u00f6r\u00fcnt\u00fcl\u0259rl\u0259 ba\u011fl\u0131 ara\u015fd\u0131rma gedir, i\u015f \u00fczr\u0259 ekspertiza t\u0259yin olunub.<\/p>\n\n\n\n<p><em>&#8220;\u018fm\u0259ld\u0259 xuliqanl\u0131q cinay\u0259tinin t\u0259rkib \u0259lam\u0259tl\u0259ri oldu\u011funa g\u00f6r\u0259 fakt \u00fczr\u0259 cinay\u0259t i\u015fi qald\u0131r\u0131ld\u0131. \u0130stintaq h\u0259r\u0259k\u0259tl\u0259ri davam etdirilir\u201d.<\/em><\/p>\n\n\n\n<p>Ail\u0259, Qad\u0131n v\u0259 U\u015faq Probleml\u0259ri \u00fczr\u0259 D\u00f6vl\u0259t Komit\u0259si m\u0259kt\u0259blil\u0259rin qeyri-etik g\u00f6r\u00fcnt\u00fcl\u0259ri il\u0259 ba\u011fl\u0131 m\u0259s\u0259l\u0259ni n\u0259zar\u0259t\u0259 g\u00f6t\u00fcr\u00fcld\u00fcy\u00fcn\u00fc a\u00e7\u0131qlay\u0131b.<\/p>\n\n\n<div class=\"wp-block-image\">\n<figure class=\"aligncenter size-full\"><img decoding=\"async\" width=\"1200\" height=\"665\" data-src=\"https:\/\/www.meydan.tv\/wp-content\/uploads\/1681389842_-61d77652163093769240121921010177544.jpg\" alt=\"\" class=\"wp-image-299410 lazyload\" src=\"data:image\/svg+xml;base64,PHN2ZyB3aWR0aD0iMSIgaGVpZ2h0PSIxIiB4bWxucz0iaHR0cDovL3d3dy53My5vcmcvMjAwMC9zdmciPjwvc3ZnPg==\" style=\"--smush-placeholder-width: 1200px; --smush-placeholder-aspect-ratio: 1200\/665;\" \/><figcaption class=\"wp-element-caption\">Teymur M\u0259rdano\u011flu. Foto: screenshot<\/figcaption><\/figure>\n<\/div>\n\n\n<p>Qurumun r\u0259smisi Teymur M\u0259rdano\u011flu deyib ki, h\u00fcquq-m\u00fchafiz\u0259 orqanlar\u0131nda i\u015f apar\u0131l\u0131r:<\/p>\n\n\n\n<p><em>&#8220;Haz\u0131rda ara\u015fd\u0131rma gedir, i\u015f \u00fczr\u0259 ekspertiza t\u0259yin olunub. Ara\u015fd\u0131rmalar\u0131n n\u0259tic\u0259sind\u0259n as\u0131l\u0131 olaraq m\u00fcvafiq t\u0259dbirl\u0259r g\u00f6r\u00fcl\u0259c\u0259k&#8221;.<\/em><\/p>\n","protected":false},"excerpt":{"rendered":"<p>Valideynl\u0259r yeniyetm\u0259nin m\u0259kt\u0259bd\u0259n qovulmas\u0131n\u0131 t\u0259l\u0259b edir Bak\u0131da yeniyetm\u0259y\u0259 qar\u015f\u0131 h\u0259mya\u015f\u0131dlar\u0131 &#8230; <\/p>\n<p class=\"read-more-container\"><a title=\"Zorak\u0131l\u0131q t\u00f6r\u0259tmi\u015f yeniyetm\u0259 il\u0259 ba\u011fl\u0131 cinay\u0259t i\u015fi a\u00e7\u0131l\u0131b\" class=\"read-more button\" href=\"https:\/\/www.meydan.tv\/az\/article\/zorakiliq-toretmis-yeniyetme-ile-bagli-cinayet-isi-acilib\/#more-299409\" aria-label=\"Read more about Zorak\u0131l\u0131q t\u00f6r\u0259tmi\u015f yeniyetm\u0259 il\u0259 ba\u011fl\u0131 cinay\u0259t i\u015fi a\u00e7\u0131l\u0131b\">Davam\u0131<\/a><\/p>\n","protected":false},"author":8,"featured_media":274012,"comment_status":"closed","ping_status":"closed","sticky":false,"template":"","format":"standard","meta":{"_acf_changed":false,"_sitemap_exclude":false,"_sitemap_priority":"","_sitemap_frequency":"","footnotes":""},"categories":[62,79,56],"tags":[],"class_list":["post-299409","post","type-post","status-publish","format-standard","has-post-thumbnail","hentry","category-sosial","category-featured","category-xeberler","infinite-scroll-item","generate-columns","tablet-grid-50","mobile-grid-100","grid-parent","grid-33","no-featured-image-padding"],"acf":[],"yoast_head":"<!-- This site is optimized with the Yoast SEO plugin v27.5 - https:\/\/yoast.com\/product\/yoast-seo-wordpress\/ -->\n<title>Zorak\u0131l\u0131q t\u00f6r\u0259tmi\u015f yeniyetm\u0259 il\u0259 ba\u011fl\u0131 cinay\u0259t i\u015fi a\u00e7\u0131l\u0131b - MEYDAN.TV<\/title>\n<meta name=\"robots\" content=\"index, follow, max-snippet:-1, max-image-preview:large, max-video-preview:-1\" \/>\n<link rel=\"canonical\" href=\"https:\/\/www.meydan.tv\/az\/article\/zorakiliq-toretmis-yeniyetme-ile-bagli-cinayet-isi-acilib\/\" \/>\n<meta property=\"og:locale\" content=\"az_AZ\" \/>\n<meta property=\"og:type\" content=\"article\" \/>\n<meta property=\"og:title\" content=\"Zorak\u0131l\u0131q t\u00f6r\u0259tmi\u015f yeniyetm\u0259 il\u0259 ba\u011fl\u0131 cinay\u0259t i\u015fi a\u00e7\u0131l\u0131b - MEYDAN.TV\" \/>\n<meta property=\"og:description\" content=\"Valideynl\u0259r yeniyetm\u0259nin m\u0259kt\u0259bd\u0259n qovulmas\u0131n\u0131 t\u0259l\u0259b edir Bak\u0131da yeniyetm\u0259y\u0259 qar\u015f\u0131 h\u0259mya\u015f\u0131dlar\u0131 ... Davam\u0131\" \/>\n<meta property=\"og:url\" content=\"https:\/\/www.meydan.tv\/az\/article\/zorakiliq-toretmis-yeniyetme-ile-bagli-cinayet-isi-acilib\/\" \/>\n<meta property=\"og:site_name\" content=\"MEYDAN.TV\" \/>\n<meta property=\"article:published_time\" content=\"2024-02-20T08:17:14+00:00\" \/>\n<meta property=\"article:modified_time\" content=\"2024-02-20T08:17:19+00:00\" \/>\n<meta property=\"og:image\" content=\"https:\/\/www.meydan.tv\/wp-content\/uploads\/img_9848_720-e1708416189690.jpg\" \/>\n\t<meta property=\"og:image:width\" content=\"1200\" \/>\n\t<meta property=\"og:image:height\" content=\"532\" \/>\n\t<meta property=\"og:image:type\" content=\"image\/jpeg\" \/>\n<meta name=\"author\" content=\"elli\" \/>\n<meta name=\"twitter:card\" content=\"summary_large_image\" \/>\n<meta name=\"twitter:creator\" content=\"@elli\" \/>\n<script type=\"application\/ld+json\" class=\"yoast-schema-graph\">{\"@context\":\"https:\\\/\\\/schema.org\",\"@graph\":[{\"@type\":\"Article\",\"@id\":\"https:\\\/\\\/www.meydan.tv\\\/az\\\/article\\\/zorakiliq-toretmis-yeniyetme-ile-bagli-cinayet-isi-acilib\\\/#article\",\"isPartOf\":{\"@id\":\"https:\\\/\\\/www.meydan.tv\\\/az\\\/article\\\/zorakiliq-toretmis-yeniyetme-ile-bagli-cinayet-isi-acilib\\\/\"},\"author\":{\"name\":\"elli\",\"@id\":\"https:\\\/\\\/www.meydan.tv\\\/az\\\/#\\\/schema\\\/person\\\/9cdbecf90d17180ce1dfbd95b08dcf47\"},\"headline\":\"Zorak\u0131l\u0131q t\u00f6r\u0259tmi\u015f yeniyetm\u0259 il\u0259 ba\u011fl\u0131 cinay\u0259t i\u015fi a\u00e7\u0131l\u0131b\",\"datePublished\":\"2024-02-20T08:17:14+00:00\",\"dateModified\":\"2024-02-20T08:17:19+00:00\",\"mainEntityOfPage\":{\"@id\":\"https:\\\/\\\/www.meydan.tv\\\/az\\\/article\\\/zorakiliq-toretmis-yeniyetme-ile-bagli-cinayet-isi-acilib\\\/\"},\"wordCount\":676,\"publisher\":{\"@id\":\"https:\\\/\\\/www.meydan.tv\\\/az\\\/#organization\"},\"image\":{\"@id\":\"https:\\\/\\\/www.meydan.tv\\\/az\\\/article\\\/zorakiliq-toretmis-yeniyetme-ile-bagli-cinayet-isi-acilib\\\/#primaryimage\"},\"thumbnailUrl\":\"https:\\\/\\\/www.meydan.tv\\\/wp-content\\\/uploads\\\/img_9848_720-e1708416189690.jpg\",\"articleSection\":[\"Sosial\",\"T\u00f6vsiy\u0259\",\"X\u0259b\u0259rl\u0259r\"],\"inLanguage\":\"az\"},{\"@type\":\"WebPage\",\"@id\":\"https:\\\/\\\/www.meydan.tv\\\/az\\\/article\\\/zorakiliq-toretmis-yeniyetme-ile-bagli-cinayet-isi-acilib\\\/\",\"url\":\"https:\\\/\\\/www.meydan.tv\\\/az\\\/article\\\/zorakiliq-toretmis-yeniyetme-ile-bagli-cinayet-isi-acilib\\\/\",\"name\":\"Zorak\u0131l\u0131q t\u00f6r\u0259tmi\u015f yeniyetm\u0259 il\u0259 ba\u011fl\u0131 cinay\u0259t i\u015fi a\u00e7\u0131l\u0131b - MEYDAN.TV\",\"isPartOf\":{\"@id\":\"https:\\\/\\\/www.meydan.tv\\\/az\\\/#website\"},\"primaryImageOfPage\":{\"@id\":\"https:\\\/\\\/www.meydan.tv\\\/az\\\/article\\\/zorakiliq-toretmis-yeniyetme-ile-bagli-cinayet-isi-acilib\\\/#primaryimage\"},\"image\":{\"@id\":\"https:\\\/\\\/www.meydan.tv\\\/az\\\/article\\\/zorakiliq-toretmis-yeniyetme-ile-bagli-cinayet-isi-acilib\\\/#primaryimage\"},\"thumbnailUrl\":\"https:\\\/\\\/www.meydan.tv\\\/wp-content\\\/uploads\\\/img_9848_720-e1708416189690.jpg\",\"datePublished\":\"2024-02-20T08:17:14+00:00\",\"dateModified\":\"2024-02-20T08:17:19+00:00\",\"breadcrumb\":{\"@id\":\"https:\\\/\\\/www.meydan.tv\\\/az\\\/article\\\/zorakiliq-toretmis-yeniyetme-ile-bagli-cinayet-isi-acilib\\\/#breadcrumb\"},\"inLanguage\":\"az\",\"potentialAction\":[{\"@type\":\"ReadAction\",\"target\":[\"https:\\\/\\\/www.meydan.tv\\\/az\\\/article\\\/zorakiliq-toretmis-yeniyetme-ile-bagli-cinayet-isi-acilib\\\/\"]}]},{\"@type\":\"ImageObject\",\"inLanguage\":\"az\",\"@id\":\"https:\\\/\\\/www.meydan.tv\\\/az\\\/article\\\/zorakiliq-toretmis-yeniyetme-ile-bagli-cinayet-isi-acilib\\\/#primaryimage\",\"url\":\"https:\\\/\\\/www.meydan.tv\\\/wp-content\\\/uploads\\\/img_9848_720-e1708416189690.jpg\",\"contentUrl\":\"https:\\\/\\\/www.meydan.tv\\\/wp-content\\\/uploads\\\/img_9848_720-e1708416189690.jpg\",\"width\":1200,\"height\":532,\"caption\":\"M\u0259kt\u0259bd\u0259 q\u0131snama. Foto: Meydan TV\"},{\"@type\":\"BreadcrumbList\",\"@id\":\"https:\\\/\\\/www.meydan.tv\\\/az\\\/article\\\/zorakiliq-toretmis-yeniyetme-ile-bagli-cinayet-isi-acilib\\\/#breadcrumb\",\"itemListElement\":[{\"@type\":\"ListItem\",\"position\":1,\"name\":\"Ana s\u0259hif\u0259\",\"item\":\"https:\\\/\\\/www.meydan.tv\\\/az\\\/\"},{\"@type\":\"ListItem\",\"position\":2,\"name\":\"Sosial\",\"item\":\"https:\\\/\\\/www.meydan.tv\\\/az\\\/section\\\/sosial\\\/\"},{\"@type\":\"ListItem\",\"position\":3,\"name\":\"Zorak\u0131l\u0131q t\u00f6r\u0259tmi\u015f yeniyetm\u0259 il\u0259 ba\u011fl\u0131 cinay\u0259t i\u015fi a\u00e7\u0131l\u0131b\"}]},{\"@type\":\"WebSite\",\"@id\":\"https:\\\/\\\/www.meydan.tv\\\/az\\\/#website\",\"url\":\"https:\\\/\\\/www.meydan.tv\\\/az\\\/\",\"name\":\"MEYDAN.TV\",\"description\":\"Meydan TV Az\u0259rbaycan\u0131n media m\u0259kan\u0131ndak\u0131 alternativ s\u0259sidir\",\"publisher\":{\"@id\":\"https:\\\/\\\/www.meydan.tv\\\/az\\\/#organization\"},\"potentialAction\":[{\"@type\":\"SearchAction\",\"target\":{\"@type\":\"EntryPoint\",\"urlTemplate\":\"https:\\\/\\\/www.meydan.tv\\\/az\\\/?s={search_term_string}\"},\"query-input\":{\"@type\":\"PropertyValueSpecification\",\"valueRequired\":true,\"valueName\":\"search_term_string\"}}],\"inLanguage\":\"az\"},{\"@type\":\"Organization\",\"@id\":\"https:\\\/\\\/www.meydan.tv\\\/az\\\/#organization\",\"name\":\"Meydan TV\",\"url\":\"https:\\\/\\\/www.meydan.tv\\\/az\\\/\",\"logo\":{\"@type\":\"ImageObject\",\"inLanguage\":\"az\",\"@id\":\"https:\\\/\\\/www.meydan.tv\\\/az\\\/#\\\/schema\\\/logo\\\/image\\\/\",\"url\":\"https:\\\/\\\/www.meydan.tv\\\/wp-content\\\/uploads\\\/2021\\\/07\\\/meydan-logo.svg\",\"contentUrl\":\"https:\\\/\\\/www.meydan.tv\\\/wp-content\\\/uploads\\\/2021\\\/07\\\/meydan-logo.svg\",\"width\":195,\"height\":46,\"caption\":\"Meydan TV\"},\"image\":{\"@id\":\"https:\\\/\\\/www.meydan.tv\\\/az\\\/#\\\/schema\\\/logo\\\/image\\\/\"}},{\"@type\":\"Person\",\"@id\":\"https:\\\/\\\/www.meydan.tv\\\/az\\\/#\\\/schema\\\/person\\\/9cdbecf90d17180ce1dfbd95b08dcf47\",\"name\":\"elli\",\"sameAs\":[\"https:\\\/\\\/x.com\\\/elli\"]}]}<\/script>\n<!-- \/ Yoast SEO plugin. -->","yoast_head_json":{"title":"Zorak\u0131l\u0131q t\u00f6r\u0259tmi\u015f yeniyetm\u0259 il\u0259 ba\u011fl\u0131 cinay\u0259t i\u015fi a\u00e7\u0131l\u0131b - MEYDAN.TV","robots":{"index":"index","follow":"follow","max-snippet":"max-snippet:-1","max-image-preview":"max-image-preview:large","max-video-preview":"max-video-preview:-1"},"canonical":"https:\/\/www.meydan.tv\/az\/article\/zorakiliq-toretmis-yeniyetme-ile-bagli-cinayet-isi-acilib\/","og_locale":"az_AZ","og_type":"article","og_title":"Zorak\u0131l\u0131q t\u00f6r\u0259tmi\u015f yeniyetm\u0259 il\u0259 ba\u011fl\u0131 cinay\u0259t i\u015fi a\u00e7\u0131l\u0131b - MEYDAN.TV","og_description":"Valideynl\u0259r yeniyetm\u0259nin m\u0259kt\u0259bd\u0259n qovulmas\u0131n\u0131 t\u0259l\u0259b edir Bak\u0131da yeniyetm\u0259y\u0259 qar\u015f\u0131 h\u0259mya\u015f\u0131dlar\u0131 ... Davam\u0131","og_url":"https:\/\/www.meydan.tv\/az\/article\/zorakiliq-toretmis-yeniyetme-ile-bagli-cinayet-isi-acilib\/","og_site_name":"MEYDAN.TV","article_published_time":"2024-02-20T08:17:14+00:00","article_modified_time":"2024-02-20T08:17:19+00:00","og_image":[{"width":1200,"height":532,"url":"https:\/\/www.meydan.tv\/wp-content\/uploads\/img_9848_720-e1708416189690.jpg","type":"image\/jpeg"}],"author":"elli","twitter_card":"summary_large_image","twitter_creator":"@elli","schema":{"@context":"https:\/\/schema.org","@graph":[{"@type":"Article","@id":"https:\/\/www.meydan.tv\/az\/article\/zorakiliq-toretmis-yeniyetme-ile-bagli-cinayet-isi-acilib\/#article","isPartOf":{"@id":"https:\/\/www.meydan.tv\/az\/article\/zorakiliq-toretmis-yeniyetme-ile-bagli-cinayet-isi-acilib\/"},"author":{"name":"elli","@id":"https:\/\/www.meydan.tv\/az\/#\/schema\/person\/9cdbecf90d17180ce1dfbd95b08dcf47"},"headline":"Zorak\u0131l\u0131q t\u00f6r\u0259tmi\u015f yeniyetm\u0259 il\u0259 ba\u011fl\u0131 cinay\u0259t i\u015fi a\u00e7\u0131l\u0131b","datePublished":"2024-02-20T08:17:14+00:00","dateModified":"2024-02-20T08:17:19+00:00","mainEntityOfPage":{"@id":"https:\/\/www.meydan.tv\/az\/article\/zorakiliq-toretmis-yeniyetme-ile-bagli-cinayet-isi-acilib\/"},"wordCount":676,"publisher":{"@id":"https:\/\/www.meydan.tv\/az\/#organization"},"image":{"@id":"https:\/\/www.meydan.tv\/az\/article\/zorakiliq-toretmis-yeniyetme-ile-bagli-cinayet-isi-acilib\/#primaryimage"},"thumbnailUrl":"https:\/\/www.meydan.tv\/wp-content\/uploads\/img_9848_720-e1708416189690.jpg","articleSection":["Sosial","T\u00f6vsiy\u0259","X\u0259b\u0259rl\u0259r"],"inLanguage":"az"},{"@type":"WebPage","@id":"https:\/\/www.meydan.tv\/az\/article\/zorakiliq-toretmis-yeniyetme-ile-bagli-cinayet-isi-acilib\/","url":"https:\/\/www.meydan.tv\/az\/article\/zorakiliq-toretmis-yeniyetme-ile-bagli-cinayet-isi-acilib\/","name":"Zorak\u0131l\u0131q t\u00f6r\u0259tmi\u015f yeniyetm\u0259 il\u0259 ba\u011fl\u0131 cinay\u0259t i\u015fi a\u00e7\u0131l\u0131b - MEYDAN.TV","isPartOf":{"@id":"https:\/\/www.meydan.tv\/az\/#website"},"primaryImageOfPage":{"@id":"https:\/\/www.meydan.tv\/az\/article\/zorakiliq-toretmis-yeniyetme-ile-bagli-cinayet-isi-acilib\/#primaryimage"},"image":{"@id":"https:\/\/www.meydan.tv\/az\/article\/zorakiliq-toretmis-yeniyetme-ile-bagli-cinayet-isi-acilib\/#primaryimage"},"thumbnailUrl":"https:\/\/www.meydan.tv\/wp-content\/uploads\/img_9848_720-e1708416189690.jpg","datePublished":"2024-02-20T08:17:14+00:00","dateModified":"2024-02-20T08:17:19+00:00","breadcrumb":{"@id":"https:\/\/www.meydan.tv\/az\/article\/zorakiliq-toretmis-yeniyetme-ile-bagli-cinayet-isi-acilib\/#breadcrumb"},"inLanguage":"az","potentialAction":[{"@type":"ReadAction","target":["https:\/\/www.meydan.tv\/az\/article\/zorakiliq-toretmis-yeniyetme-ile-bagli-cinayet-isi-acilib\/"]}]},{"@type":"ImageObject","inLanguage":"az","@id":"https:\/\/www.meydan.tv\/az\/article\/zorakiliq-toretmis-yeniyetme-ile-bagli-cinayet-isi-acilib\/#primaryimage","url":"https:\/\/www.meydan.tv\/wp-content\/uploads\/img_9848_720-e1708416189690.jpg","contentUrl":"https:\/\/www.meydan.tv\/wp-content\/uploads\/img_9848_720-e1708416189690.jpg","width":1200,"height":532,"caption":"M\u0259kt\u0259bd\u0259 q\u0131snama. Foto: Meydan TV"},{"@type":"BreadcrumbList","@id":"https:\/\/www.meydan.tv\/az\/article\/zorakiliq-toretmis-yeniyetme-ile-bagli-cinayet-isi-acilib\/#breadcrumb","itemListElement":[{"@type":"ListItem","position":1,"name":"Ana s\u0259hif\u0259","item":"https:\/\/www.meydan.tv\/az\/"},{"@type":"ListItem","position":2,"name":"Sosial","item":"https:\/\/www.meydan.tv\/az\/section\/sosial\/"},{"@type":"ListItem","position":3,"name":"Zorak\u0131l\u0131q t\u00f6r\u0259tmi\u015f yeniyetm\u0259 il\u0259 ba\u011fl\u0131 cinay\u0259t i\u015fi a\u00e7\u0131l\u0131b"}]},{"@type":"WebSite","@id":"https:\/\/www.meydan.tv\/az\/#website","url":"https:\/\/www.meydan.tv\/az\/","name":"MEYDAN.TV","description":"Meydan TV Az\u0259rbaycan\u0131n media m\u0259kan\u0131ndak\u0131 alternativ s\u0259sidir","publisher":{"@id":"https:\/\/www.meydan.tv\/az\/#organization"},"potentialAction":[{"@type":"SearchAction","target":{"@type":"EntryPoint","urlTemplate":"https:\/\/www.meydan.tv\/az\/?s={search_term_string}"},"query-input":{"@type":"PropertyValueSpecification","valueRequired":true,"valueName":"search_term_string"}}],"inLanguage":"az"},{"@type":"Organization","@id":"https:\/\/www.meydan.tv\/az\/#organization","name":"Meydan TV","url":"https:\/\/www.meydan.tv\/az\/","logo":{"@type":"ImageObject","inLanguage":"az","@id":"https:\/\/www.meydan.tv\/az\/#\/schema\/logo\/image\/","url":"https:\/\/www.meydan.tv\/wp-content\/uploads\/2021\/07\/meydan-logo.svg","contentUrl":"https:\/\/www.meydan.tv\/wp-content\/uploads\/2021\/07\/meydan-logo.svg","width":195,"height":46,"caption":"Meydan TV"},"image":{"@id":"https:\/\/www.meydan.tv\/az\/#\/schema\/logo\/image\/"}},{"@type":"Person","@id":"https:\/\/www.meydan.tv\/az\/#\/schema\/person\/9cdbecf90d17180ce1dfbd95b08dcf47","name":"elli","sameAs":["https:\/\/x.com\/elli"]}]}},"_links":{"self":[{"href":"https:\/\/www.meydan.tv\/az\/wp-json\/wp\/v2\/posts\/299409","targetHints":{"allow":["GET"]}}],"collection":[{"href":"https:\/\/www.meydan.tv\/az\/wp-json\/wp\/v2\/posts"}],"about":[{"href":"https:\/\/www.meydan.tv\/az\/wp-json\/wp\/v2\/types\/post"}],"author":[{"embeddable":true,"href":"https:\/\/www.meydan.tv\/az\/wp-json\/wp\/v2\/users\/8"}],"replies":[{"embeddable":true,"href":"https:\/\/www.meydan.tv\/az\/wp-json\/wp\/v2\/comments?post=299409"}],"version-history":[{"count":4,"href":"https:\/\/www.meydan.tv\/az\/wp-json\/wp\/v2\/posts\/299409\/revisions"}],"predecessor-version":[{"id":299428,"href":"https:\/\/www.meydan.tv\/az\/wp-json\/wp\/v2\/posts\/299409\/revisions\/299428"}],"wp:featuredmedia":[{"embeddable":true,"href":"https:\/\/www.meydan.tv\/az\/wp-json\/wp\/v2\/media\/274012"}],"wp:attachment":[{"href":"https:\/\/www.meydan.tv\/az\/wp-json\/wp\/v2\/media?parent=299409"}],"wp:term":[{"taxonomy":"category","embeddable":true,"href":"https:\/\/www.meydan.tv\/az\/wp-json\/wp\/v2\/categories?post=299409"},{"taxonomy":"post_tag","embeddable":true,"href":"https:\/\/www.meydan.tv\/az\/wp-json\/wp\/v2\/tags?post=299409"}],"curies":[{"name":"wp","href":"https:\/\/api.w.org\/{rel}","templated":true}]}}