{"id":299388,"date":"2024-02-19T20:21:00","date_gmt":"2024-02-19T16:21:00","guid":{"rendered":"https:\/\/www.meydan.tv\/?p=299388"},"modified":"2024-02-19T20:21:03","modified_gmt":"2024-02-19T16:21:03","slug":"yap-in-gencler-birliyinin-uzvu-olan-politoloq-10-il-azadliqdan-mehrum-edildi","status":"publish","type":"post","link":"https:\/\/www.meydan.tv\/az\/article\/yap-in-gencler-birliyinin-uzvu-olan-politoloq-10-il-azadliqdan-mehrum-edildi\/","title":{"rendered":"YAP-\u0131n G\u0259ncl\u0259r Birliyinin \u00fczv\u00fc olan politoloq 10 il azadl\u0131qdan m\u0259hrum edildi"},"content":{"rendered":"\n<p><br><strong><em>C\u0259bray\u0131l F\u0259rz\u0259liyev\u00a0 \u201cPasha Bank\u201d v\u0259 \u201cG\u0259ncl\u0259r Fondu\u201dndan \u00fcmumilikd\u0259 727 min manat\u0131 m\u0259nims\u0259yib<\/em><\/strong><\/p>\n\n\n\n<p>Yeni Az\u0259rbaycan Partiyas\u0131n\u0131n (YAP) G\u0259ncl\u0259r Birliyinin \u00fczv\u00fc, telekanallarda, h\u00f6kum\u0259ty\u00f6nl\u00fc mediada \u00f6lk\u0259 daxilind\u0259 v\u0259 xaricd\u0259 ba\u015f ver\u0259nl\u0259ri t\u0259hlil ed\u0259n politoloq C\u0259bray\u0131l F\u0259rz\u0259liyev 10 il azadl\u0131qdan m\u0259hrum edilib. K\u00fclli miqdarda m\u0259nims\u0259m\u0259d\u0259 ittiham olunan C\u0259bray\u0131l F\u0259rz\u0259liyevin 1 ild\u0259n \u00e7oxdur Bak\u0131 A\u011f\u0131r Cinay\u0259tl\u0259r M\u0259hk\u0259m\u0259sind\u0259 davam ed\u0259n m\u00fchakim\u0259si fevral\u0131n 19-da yekunla\u015f\u0131b. Hakim F\u0259rid Namazovun s\u0259drliyil\u0259 ona h\u00f6km oxunub.<\/p>\n\n\n\n<p>H\u00f6km\u0259 \u0259sas\u0259n, C\u0259bray\u0131l F\u0259rz\u0259liyev Cinay\u0259t M\u0259c\u0259ll\u0259sinin 178.3.2 (k\u00fclli miqdarda ziyan vurmaqla d\u0259l\u0259duzluq), 179.3.2 (k\u00fclli miqdarda m\u0259nims\u0259m\u0259 v\u0259 ya israfetm\u0259), 308 (v\u0259zif\u0259 s\u0259lahiyy\u0259tl\u0259rind\u0259n sui-istifad\u0259 etm\u0259) v\u0259 313-c\u00fc (v\u0259zif\u0259 saxtakarl\u0131\u011f\u0131) madd\u0259l\u0259ril\u0259 t\u0259qsirli bilinib.<\/p>\n\n\n<div class=\"wp-block-image\">\n<figure class=\"alignleft size-full is-resized\"><img decoding=\"async\" width=\"637\" height=\"400\" data-src=\"https:\/\/www.meydan.tv\/wp-content\/uploads\/cebray.jpg\" alt=\"\" class=\"wp-image-299389 lazyload\" style=\"--smush-placeholder-width: 637px; --smush-placeholder-aspect-ratio: 637\/400;width:423px;height:auto\" src=\"data:image\/svg+xml;base64,PHN2ZyB3aWR0aD0iMSIgaGVpZ2h0PSIxIiB4bWxucz0iaHR0cDovL3d3dy53My5vcmcvMjAwMC9zdmciPjwvc3ZnPg==\" \/><figcaption class=\"wp-element-caption\">C\u0259bray\u0131l F\u0259rz\u0259liyev. Foto: Qafqazinfo<\/figcaption><\/figure>\n<\/div>\n\n\n<p>\u0130ttihama \u0259sas\u0259n, politoloq \u201cPasha Bank\u201d v\u0259 \u201cG\u0259ncl\u0259r Fondu\u201dndan m\u00fcxt\u0259lif i\u015fl\u0259r g\u00f6rm\u0259k ad\u0131yla ald\u0131\u011f\u0131 \u00fcmumilikd\u0259 727 min manat\u0131 h\u0259min i\u015fl\u0259r\u0259 x\u0259rcl\u0259m\u0259yib, \u00f6z\u00fc m\u0259nims\u0259yib. \u0130\u015f materiallar\u0131na \u0259sas\u0259n, ona \u201cPa\u015fa Bank\u201ddan 342 min, \u201cG\u0259ncl\u0259r Fondu\u201dndan is\u0259 385 min manat pul ayr\u0131l\u0131b.<\/p>\n\n\n\n<p>C\u0259bray\u0131l F\u0259rz\u0259liyev h\u0259m d\u0259 Beyn\u0259lxalq M\u00fcnasib\u0259tl\u0259rin Ara\u015fd\u0131r\u0131lmas\u0131 M\u0259rk\u0259zind\u0259 (BMAM) s\u0259drin beyn\u0259lxalq \u0259laq\u0259l\u0259r \u00fczr\u0259 m\u00fc\u015faviri olub. O, eyni zamanda, bir s\u0131ra ba\u015fqa t\u0259\u015fkilatlarda da t\u0259msil olunurdu, ad\u0131na bir ne\u00e7\u0259 \u015firk\u0259t vard\u0131. H\u0259min \u015firk\u0259tl\u0259rd\u0259n biri olan \u201cUniversal\u201d MMC-nin ad\u0131ndan \u201cPasha Bank\u201ddan kredit g\u00f6t\u00fcr\u00fcl\u00fcb v\u0259 \u00f6d\u0259nilm\u0259yib.<\/p>\n\n\n\n<p>Politoloq \u201cG\u0259ncl\u0259r Fondu\u201dndan da xeyli qrantlar al\u0131b. Ona ayr\u0131lan v\u0259saitl\u0259rd\u0259n aras\u0131nda Qaraba\u011f\u0131n i\u015f\u011faldan azad olunmas\u0131na h\u0259sr edil\u0259n \u201cQay\u0131d\u0131\u015f\u0131n izi il\u0259\u201d adl\u0131 filmin haz\u0131rlanmas\u0131 da olub. C\u0259bray\u0131l F\u0259rz\u0259liyev bu film \u00fc\u00e7\u00fcn ayr\u0131lan v\u0259saitl\u0259ri d\u0259 m\u0259nims\u0259m\u0259kd\u0259, s\u0259n\u0259dl\u0259\u015fm\u0259d\u0259 saxtakarl\u0131\u011fa yol verm\u0259kd\u0259 ittiham olunur.<\/p>\n\n\n\n<p>1990-c\u0131 il t\u0259v\u0259ll\u00fcdl\u00fc C\u0259bray\u0131l F\u0259rz\u0259liyev \u00f6z\u00fcn\u00fc t\u0259qsirli bilmir. Onun s\u00f6zl\u0259rin\u0259 g\u00f6r\u0259, m\u0259qs\u0259dli \u015f\u0259kild\u0259 pul yeyintisin\u0259 yol verilm\u0259yib.<\/p>\n\n\n\n<p>T\u0259qsirl\u0259ndiril\u0259n \u015f\u0259xs\u0259 prokuror 12 il azadl\u0131qdan m\u0259hrumetm\u0259 c\u0259zas\u0131 verilm\u0259sini ist\u0259mi\u015fdi. Bundan sonra onun \u00f6z\u00fc v\u0259 v\u0259kill\u0259ri m\u0259hk\u0259m\u0259d\u0259n vaxt ist\u0259mi\u015fdi ki, \u201cPasha Bank\u201d v\u0259 \u201cG\u0259ncl\u0259r Fondu\u201dna d\u0259ymi\u015f ziyan\u0131n \u00f6d\u0259nilm\u0259si \u00fc\u00e7\u00fcn add\u0131mlar ats\u0131nlar. H\u0259m bank, h\u0259m d\u0259 fond bu m\u0259hk\u0259m\u0259 prosesind\u0259 z\u0259r\u0259r\u00e7\u0259kmi\u015f qismind\u0259 tan\u0131n\u0131b v\u0259 onlar\u0131n n\u00fcmay\u0259nd\u0259l\u0259ri \u00e7\u0131x\u0131\u015flar\u0131nda vurulmu\u015f ziyan\u0131n \u00f6d\u0259nilm\u0259sini t\u0259l\u0259b edibl\u0259r.<\/p>\n\n\n\n<p>C\u0259bray\u0131l F\u0259rz\u0259liyev istintaq d\u00f6vr\u00fcnd\u0259 pullar\u0131n bir qismini \u00f6d\u0259s\u0259 d\u0259, 500 min manatdan \u00e7ox v\u0259saitin qald\u0131\u011f\u0131 bildirilir.<\/p>\n","protected":false},"excerpt":{"rendered":"<p>C\u0259bray\u0131l F\u0259rz\u0259liyev\u00a0 \u201cPasha Bank\u201d v\u0259 \u201cG\u0259ncl\u0259r Fondu\u201dndan \u00fcmumilikd\u0259 727 min &#8230; <\/p>\n<p class=\"read-more-container\"><a title=\"YAP-\u0131n G\u0259ncl\u0259r Birliyinin \u00fczv\u00fc olan politoloq 10 il azadl\u0131qdan m\u0259hrum edildi\" class=\"read-more button\" href=\"https:\/\/www.meydan.tv\/az\/article\/yap-in-gencler-birliyinin-uzvu-olan-politoloq-10-il-azadliqdan-mehrum-edildi\/#more-299388\" aria-label=\"Read more about YAP-\u0131n G\u0259ncl\u0259r Birliyinin \u00fczv\u00fc olan politoloq 10 il azadl\u0131qdan m\u0259hrum edildi\">Davam\u0131<\/a><\/p>\n","protected":false},"author":21,"featured_media":260251,"comment_status":"closed","ping_status":"closed","sticky":false,"template":"","format":"standard","meta":{"_acf_changed":false,"_sitemap_exclude":false,"_sitemap_priority":"","_sitemap_frequency":"","footnotes":""},"categories":[62,79,56],"tags":[],"class_list":["post-299388","post","type-post","status-publish","format-standard","has-post-thumbnail","hentry","category-sosial","category-featured","category-xeberler","infinite-scroll-item","generate-columns","tablet-grid-50","mobile-grid-100","grid-parent","grid-33","no-featured-image-padding"],"acf":[],"yoast_head":"<!-- This site is optimized with the Yoast SEO plugin v27.5 - https:\/\/yoast.com\/product\/yoast-seo-wordpress\/ -->\n<title>YAP-\u0131n G\u0259ncl\u0259r Birliyinin \u00fczv\u00fc olan politoloq 10 il azadl\u0131qdan m\u0259hrum edildi - MEYDAN.TV<\/title>\n<meta name=\"robots\" content=\"index, follow, max-snippet:-1, max-image-preview:large, max-video-preview:-1\" \/>\n<link rel=\"canonical\" href=\"https:\/\/www.meydan.tv\/az\/article\/yap-in-gencler-birliyinin-uzvu-olan-politoloq-10-il-azadliqdan-mehrum-edildi\/\" \/>\n<meta property=\"og:locale\" content=\"az_AZ\" \/>\n<meta property=\"og:type\" content=\"article\" \/>\n<meta property=\"og:title\" content=\"YAP-\u0131n G\u0259ncl\u0259r Birliyinin \u00fczv\u00fc olan politoloq 10 il azadl\u0131qdan m\u0259hrum edildi - MEYDAN.TV\" \/>\n<meta property=\"og:description\" content=\"C\u0259bray\u0131l F\u0259rz\u0259liyev\u00a0 \u201cPasha Bank\u201d v\u0259 \u201cG\u0259ncl\u0259r Fondu\u201dndan \u00fcmumilikd\u0259 727 min ... Davam\u0131\" \/>\n<meta property=\"og:url\" content=\"https:\/\/www.meydan.tv\/az\/article\/yap-in-gencler-birliyinin-uzvu-olan-politoloq-10-il-azadliqdan-mehrum-edildi\/\" \/>\n<meta property=\"og:site_name\" content=\"MEYDAN.TV\" \/>\n<meta property=\"article:published_time\" content=\"2024-02-19T16:21:00+00:00\" \/>\n<meta property=\"article:modified_time\" content=\"2024-02-19T16:21:03+00:00\" \/>\n<meta property=\"og:image\" content=\"https:\/\/www.meydan.tv\/wp-content\/uploads\/image-from-ios-8.jpg\" \/>\n\t<meta property=\"og:image:width\" content=\"1500\" \/>\n\t<meta property=\"og:image:height\" content=\"844\" \/>\n\t<meta property=\"og:image:type\" content=\"image\/jpeg\" \/>\n<meta name=\"author\" content=\"mahmud\" \/>\n<meta name=\"twitter:card\" content=\"summary_large_image\" \/>\n<script type=\"application\/ld+json\" class=\"yoast-schema-graph\">{\"@context\":\"https:\\\/\\\/schema.org\",\"@graph\":[{\"@type\":\"Article\",\"@id\":\"https:\\\/\\\/www.meydan.tv\\\/az\\\/article\\\/yap-in-gencler-birliyinin-uzvu-olan-politoloq-10-il-azadliqdan-mehrum-edildi\\\/#article\",\"isPartOf\":{\"@id\":\"https:\\\/\\\/www.meydan.tv\\\/az\\\/article\\\/yap-in-gencler-birliyinin-uzvu-olan-politoloq-10-il-azadliqdan-mehrum-edildi\\\/\"},\"author\":{\"name\":\"mahmud\",\"@id\":\"https:\\\/\\\/www.meydan.tv\\\/az\\\/#\\\/schema\\\/person\\\/09863e516102a829e72bedcf3f84c6b0\"},\"headline\":\"YAP-\u0131n G\u0259ncl\u0259r Birliyinin \u00fczv\u00fc olan politoloq 10 il azadl\u0131qdan m\u0259hrum edildi\",\"datePublished\":\"2024-02-19T16:21:00+00:00\",\"dateModified\":\"2024-02-19T16:21:03+00:00\",\"mainEntityOfPage\":{\"@id\":\"https:\\\/\\\/www.meydan.tv\\\/az\\\/article\\\/yap-in-gencler-birliyinin-uzvu-olan-politoloq-10-il-azadliqdan-mehrum-edildi\\\/\"},\"wordCount\":557,\"publisher\":{\"@id\":\"https:\\\/\\\/www.meydan.tv\\\/az\\\/#organization\"},\"image\":{\"@id\":\"https:\\\/\\\/www.meydan.tv\\\/az\\\/article\\\/yap-in-gencler-birliyinin-uzvu-olan-politoloq-10-il-azadliqdan-mehrum-edildi\\\/#primaryimage\"},\"thumbnailUrl\":\"https:\\\/\\\/www.meydan.tv\\\/wp-content\\\/uploads\\\/image-from-ios-8.jpg\",\"articleSection\":[\"Sosial\",\"T\u00f6vsiy\u0259\",\"X\u0259b\u0259rl\u0259r\"],\"inLanguage\":\"az\"},{\"@type\":\"WebPage\",\"@id\":\"https:\\\/\\\/www.meydan.tv\\\/az\\\/article\\\/yap-in-gencler-birliyinin-uzvu-olan-politoloq-10-il-azadliqdan-mehrum-edildi\\\/\",\"url\":\"https:\\\/\\\/www.meydan.tv\\\/az\\\/article\\\/yap-in-gencler-birliyinin-uzvu-olan-politoloq-10-il-azadliqdan-mehrum-edildi\\\/\",\"name\":\"YAP-\u0131n G\u0259ncl\u0259r Birliyinin \u00fczv\u00fc olan politoloq 10 il azadl\u0131qdan m\u0259hrum edildi - MEYDAN.TV\",\"isPartOf\":{\"@id\":\"https:\\\/\\\/www.meydan.tv\\\/az\\\/#website\"},\"primaryImageOfPage\":{\"@id\":\"https:\\\/\\\/www.meydan.tv\\\/az\\\/article\\\/yap-in-gencler-birliyinin-uzvu-olan-politoloq-10-il-azadliqdan-mehrum-edildi\\\/#primaryimage\"},\"image\":{\"@id\":\"https:\\\/\\\/www.meydan.tv\\\/az\\\/article\\\/yap-in-gencler-birliyinin-uzvu-olan-politoloq-10-il-azadliqdan-mehrum-edildi\\\/#primaryimage\"},\"thumbnailUrl\":\"https:\\\/\\\/www.meydan.tv\\\/wp-content\\\/uploads\\\/image-from-ios-8.jpg\",\"datePublished\":\"2024-02-19T16:21:00+00:00\",\"dateModified\":\"2024-02-19T16:21:03+00:00\",\"breadcrumb\":{\"@id\":\"https:\\\/\\\/www.meydan.tv\\\/az\\\/article\\\/yap-in-gencler-birliyinin-uzvu-olan-politoloq-10-il-azadliqdan-mehrum-edildi\\\/#breadcrumb\"},\"inLanguage\":\"az\",\"potentialAction\":[{\"@type\":\"ReadAction\",\"target\":[\"https:\\\/\\\/www.meydan.tv\\\/az\\\/article\\\/yap-in-gencler-birliyinin-uzvu-olan-politoloq-10-il-azadliqdan-mehrum-edildi\\\/\"]}]},{\"@type\":\"ImageObject\",\"inLanguage\":\"az\",\"@id\":\"https:\\\/\\\/www.meydan.tv\\\/az\\\/article\\\/yap-in-gencler-birliyinin-uzvu-olan-politoloq-10-il-azadliqdan-mehrum-edildi\\\/#primaryimage\",\"url\":\"https:\\\/\\\/www.meydan.tv\\\/wp-content\\\/uploads\\\/image-from-ios-8.jpg\",\"contentUrl\":\"https:\\\/\\\/www.meydan.tv\\\/wp-content\\\/uploads\\\/image-from-ios-8.jpg\",\"width\":1500,\"height\":844,\"caption\":\"M\u0259hk\u0259m\u0259. \u0130ll\u00fcstrasiya: Meydan TV\"},{\"@type\":\"BreadcrumbList\",\"@id\":\"https:\\\/\\\/www.meydan.tv\\\/az\\\/article\\\/yap-in-gencler-birliyinin-uzvu-olan-politoloq-10-il-azadliqdan-mehrum-edildi\\\/#breadcrumb\",\"itemListElement\":[{\"@type\":\"ListItem\",\"position\":1,\"name\":\"Ana s\u0259hif\u0259\",\"item\":\"https:\\\/\\\/www.meydan.tv\\\/az\\\/\"},{\"@type\":\"ListItem\",\"position\":2,\"name\":\"Sosial\",\"item\":\"https:\\\/\\\/www.meydan.tv\\\/az\\\/section\\\/sosial\\\/\"},{\"@type\":\"ListItem\",\"position\":3,\"name\":\"YAP-\u0131n G\u0259ncl\u0259r Birliyinin \u00fczv\u00fc olan politoloq 10 il azadl\u0131qdan m\u0259hrum edildi\"}]},{\"@type\":\"WebSite\",\"@id\":\"https:\\\/\\\/www.meydan.tv\\\/az\\\/#website\",\"url\":\"https:\\\/\\\/www.meydan.tv\\\/az\\\/\",\"name\":\"MEYDAN.TV\",\"description\":\"Meydan TV Az\u0259rbaycan\u0131n media m\u0259kan\u0131ndak\u0131 alternativ s\u0259sidir\",\"publisher\":{\"@id\":\"https:\\\/\\\/www.meydan.tv\\\/az\\\/#organization\"},\"potentialAction\":[{\"@type\":\"SearchAction\",\"target\":{\"@type\":\"EntryPoint\",\"urlTemplate\":\"https:\\\/\\\/www.meydan.tv\\\/az\\\/?s={search_term_string}\"},\"query-input\":{\"@type\":\"PropertyValueSpecification\",\"valueRequired\":true,\"valueName\":\"search_term_string\"}}],\"inLanguage\":\"az\"},{\"@type\":\"Organization\",\"@id\":\"https:\\\/\\\/www.meydan.tv\\\/az\\\/#organization\",\"name\":\"Meydan TV\",\"url\":\"https:\\\/\\\/www.meydan.tv\\\/az\\\/\",\"logo\":{\"@type\":\"ImageObject\",\"inLanguage\":\"az\",\"@id\":\"https:\\\/\\\/www.meydan.tv\\\/az\\\/#\\\/schema\\\/logo\\\/image\\\/\",\"url\":\"https:\\\/\\\/www.meydan.tv\\\/wp-content\\\/uploads\\\/2021\\\/07\\\/meydan-logo.svg\",\"contentUrl\":\"https:\\\/\\\/www.meydan.tv\\\/wp-content\\\/uploads\\\/2021\\\/07\\\/meydan-logo.svg\",\"width\":195,\"height\":46,\"caption\":\"Meydan TV\"},\"image\":{\"@id\":\"https:\\\/\\\/www.meydan.tv\\\/az\\\/#\\\/schema\\\/logo\\\/image\\\/\"}},{\"@type\":\"Person\",\"@id\":\"https:\\\/\\\/www.meydan.tv\\\/az\\\/#\\\/schema\\\/person\\\/09863e516102a829e72bedcf3f84c6b0\",\"name\":\"mahmud\"}]}<\/script>\n<!-- \/ Yoast SEO plugin. -->","yoast_head_json":{"title":"YAP-\u0131n G\u0259ncl\u0259r Birliyinin \u00fczv\u00fc olan politoloq 10 il azadl\u0131qdan m\u0259hrum edildi - MEYDAN.TV","robots":{"index":"index","follow":"follow","max-snippet":"max-snippet:-1","max-image-preview":"max-image-preview:large","max-video-preview":"max-video-preview:-1"},"canonical":"https:\/\/www.meydan.tv\/az\/article\/yap-in-gencler-birliyinin-uzvu-olan-politoloq-10-il-azadliqdan-mehrum-edildi\/","og_locale":"az_AZ","og_type":"article","og_title":"YAP-\u0131n G\u0259ncl\u0259r Birliyinin \u00fczv\u00fc olan politoloq 10 il azadl\u0131qdan m\u0259hrum edildi - MEYDAN.TV","og_description":"C\u0259bray\u0131l F\u0259rz\u0259liyev\u00a0 \u201cPasha Bank\u201d v\u0259 \u201cG\u0259ncl\u0259r Fondu\u201dndan \u00fcmumilikd\u0259 727 min ... Davam\u0131","og_url":"https:\/\/www.meydan.tv\/az\/article\/yap-in-gencler-birliyinin-uzvu-olan-politoloq-10-il-azadliqdan-mehrum-edildi\/","og_site_name":"MEYDAN.TV","article_published_time":"2024-02-19T16:21:00+00:00","article_modified_time":"2024-02-19T16:21:03+00:00","og_image":[{"width":1500,"height":844,"url":"https:\/\/www.meydan.tv\/wp-content\/uploads\/image-from-ios-8.jpg","type":"image\/jpeg"}],"author":"mahmud","twitter_card":"summary_large_image","schema":{"@context":"https:\/\/schema.org","@graph":[{"@type":"Article","@id":"https:\/\/www.meydan.tv\/az\/article\/yap-in-gencler-birliyinin-uzvu-olan-politoloq-10-il-azadliqdan-mehrum-edildi\/#article","isPartOf":{"@id":"https:\/\/www.meydan.tv\/az\/article\/yap-in-gencler-birliyinin-uzvu-olan-politoloq-10-il-azadliqdan-mehrum-edildi\/"},"author":{"name":"mahmud","@id":"https:\/\/www.meydan.tv\/az\/#\/schema\/person\/09863e516102a829e72bedcf3f84c6b0"},"headline":"YAP-\u0131n G\u0259ncl\u0259r Birliyinin \u00fczv\u00fc olan politoloq 10 il azadl\u0131qdan m\u0259hrum edildi","datePublished":"2024-02-19T16:21:00+00:00","dateModified":"2024-02-19T16:21:03+00:00","mainEntityOfPage":{"@id":"https:\/\/www.meydan.tv\/az\/article\/yap-in-gencler-birliyinin-uzvu-olan-politoloq-10-il-azadliqdan-mehrum-edildi\/"},"wordCount":557,"publisher":{"@id":"https:\/\/www.meydan.tv\/az\/#organization"},"image":{"@id":"https:\/\/www.meydan.tv\/az\/article\/yap-in-gencler-birliyinin-uzvu-olan-politoloq-10-il-azadliqdan-mehrum-edildi\/#primaryimage"},"thumbnailUrl":"https:\/\/www.meydan.tv\/wp-content\/uploads\/image-from-ios-8.jpg","articleSection":["Sosial","T\u00f6vsiy\u0259","X\u0259b\u0259rl\u0259r"],"inLanguage":"az"},{"@type":"WebPage","@id":"https:\/\/www.meydan.tv\/az\/article\/yap-in-gencler-birliyinin-uzvu-olan-politoloq-10-il-azadliqdan-mehrum-edildi\/","url":"https:\/\/www.meydan.tv\/az\/article\/yap-in-gencler-birliyinin-uzvu-olan-politoloq-10-il-azadliqdan-mehrum-edildi\/","name":"YAP-\u0131n G\u0259ncl\u0259r Birliyinin \u00fczv\u00fc olan politoloq 10 il azadl\u0131qdan m\u0259hrum edildi - MEYDAN.TV","isPartOf":{"@id":"https:\/\/www.meydan.tv\/az\/#website"},"primaryImageOfPage":{"@id":"https:\/\/www.meydan.tv\/az\/article\/yap-in-gencler-birliyinin-uzvu-olan-politoloq-10-il-azadliqdan-mehrum-edildi\/#primaryimage"},"image":{"@id":"https:\/\/www.meydan.tv\/az\/article\/yap-in-gencler-birliyinin-uzvu-olan-politoloq-10-il-azadliqdan-mehrum-edildi\/#primaryimage"},"thumbnailUrl":"https:\/\/www.meydan.tv\/wp-content\/uploads\/image-from-ios-8.jpg","datePublished":"2024-02-19T16:21:00+00:00","dateModified":"2024-02-19T16:21:03+00:00","breadcrumb":{"@id":"https:\/\/www.meydan.tv\/az\/article\/yap-in-gencler-birliyinin-uzvu-olan-politoloq-10-il-azadliqdan-mehrum-edildi\/#breadcrumb"},"inLanguage":"az","potentialAction":[{"@type":"ReadAction","target":["https:\/\/www.meydan.tv\/az\/article\/yap-in-gencler-birliyinin-uzvu-olan-politoloq-10-il-azadliqdan-mehrum-edildi\/"]}]},{"@type":"ImageObject","inLanguage":"az","@id":"https:\/\/www.meydan.tv\/az\/article\/yap-in-gencler-birliyinin-uzvu-olan-politoloq-10-il-azadliqdan-mehrum-edildi\/#primaryimage","url":"https:\/\/www.meydan.tv\/wp-content\/uploads\/image-from-ios-8.jpg","contentUrl":"https:\/\/www.meydan.tv\/wp-content\/uploads\/image-from-ios-8.jpg","width":1500,"height":844,"caption":"M\u0259hk\u0259m\u0259. \u0130ll\u00fcstrasiya: Meydan TV"},{"@type":"BreadcrumbList","@id":"https:\/\/www.meydan.tv\/az\/article\/yap-in-gencler-birliyinin-uzvu-olan-politoloq-10-il-azadliqdan-mehrum-edildi\/#breadcrumb","itemListElement":[{"@type":"ListItem","position":1,"name":"Ana s\u0259hif\u0259","item":"https:\/\/www.meydan.tv\/az\/"},{"@type":"ListItem","position":2,"name":"Sosial","item":"https:\/\/www.meydan.tv\/az\/section\/sosial\/"},{"@type":"ListItem","position":3,"name":"YAP-\u0131n G\u0259ncl\u0259r Birliyinin \u00fczv\u00fc olan politoloq 10 il azadl\u0131qdan m\u0259hrum edildi"}]},{"@type":"WebSite","@id":"https:\/\/www.meydan.tv\/az\/#website","url":"https:\/\/www.meydan.tv\/az\/","name":"MEYDAN.TV","description":"Meydan TV Az\u0259rbaycan\u0131n media m\u0259kan\u0131ndak\u0131 alternativ s\u0259sidir","publisher":{"@id":"https:\/\/www.meydan.tv\/az\/#organization"},"potentialAction":[{"@type":"SearchAction","target":{"@type":"EntryPoint","urlTemplate":"https:\/\/www.meydan.tv\/az\/?s={search_term_string}"},"query-input":{"@type":"PropertyValueSpecification","valueRequired":true,"valueName":"search_term_string"}}],"inLanguage":"az"},{"@type":"Organization","@id":"https:\/\/www.meydan.tv\/az\/#organization","name":"Meydan TV","url":"https:\/\/www.meydan.tv\/az\/","logo":{"@type":"ImageObject","inLanguage":"az","@id":"https:\/\/www.meydan.tv\/az\/#\/schema\/logo\/image\/","url":"https:\/\/www.meydan.tv\/wp-content\/uploads\/2021\/07\/meydan-logo.svg","contentUrl":"https:\/\/www.meydan.tv\/wp-content\/uploads\/2021\/07\/meydan-logo.svg","width":195,"height":46,"caption":"Meydan TV"},"image":{"@id":"https:\/\/www.meydan.tv\/az\/#\/schema\/logo\/image\/"}},{"@type":"Person","@id":"https:\/\/www.meydan.tv\/az\/#\/schema\/person\/09863e516102a829e72bedcf3f84c6b0","name":"mahmud"}]}},"_links":{"self":[{"href":"https:\/\/www.meydan.tv\/az\/wp-json\/wp\/v2\/posts\/299388","targetHints":{"allow":["GET"]}}],"collection":[{"href":"https:\/\/www.meydan.tv\/az\/wp-json\/wp\/v2\/posts"}],"about":[{"href":"https:\/\/www.meydan.tv\/az\/wp-json\/wp\/v2\/types\/post"}],"author":[{"embeddable":true,"href":"https:\/\/www.meydan.tv\/az\/wp-json\/wp\/v2\/users\/21"}],"replies":[{"embeddable":true,"href":"https:\/\/www.meydan.tv\/az\/wp-json\/wp\/v2\/comments?post=299388"}],"version-history":[{"count":1,"href":"https:\/\/www.meydan.tv\/az\/wp-json\/wp\/v2\/posts\/299388\/revisions"}],"predecessor-version":[{"id":299392,"href":"https:\/\/www.meydan.tv\/az\/wp-json\/wp\/v2\/posts\/299388\/revisions\/299392"}],"wp:featuredmedia":[{"embeddable":true,"href":"https:\/\/www.meydan.tv\/az\/wp-json\/wp\/v2\/media\/260251"}],"wp:attachment":[{"href":"https:\/\/www.meydan.tv\/az\/wp-json\/wp\/v2\/media?parent=299388"}],"wp:term":[{"taxonomy":"category","embeddable":true,"href":"https:\/\/www.meydan.tv\/az\/wp-json\/wp\/v2\/categories?post=299388"},{"taxonomy":"post_tag","embeddable":true,"href":"https:\/\/www.meydan.tv\/az\/wp-json\/wp\/v2\/tags?post=299388"}],"curies":[{"name":"wp","href":"https:\/\/api.w.org\/{rel}","templated":true}]}}