{"id":299336,"date":"2024-02-19T15:21:01","date_gmt":"2024-02-19T11:21:01","guid":{"rendered":"https:\/\/www.meydan.tv\/?p=299336"},"modified":"2024-02-19T15:21:06","modified_gmt":"2024-02-19T11:21:06","slug":"ii-qrup-elille-azersunun-mehkeme-cekismesi-bina-evinde-900-manat-borc-yazib","status":"publish","type":"post","link":"https:\/\/www.meydan.tv\/az\/article\/ii-qrup-elille-azersunun-mehkeme-cekismesi-bina-evinde-900-manat-borc-yazib\/","title":{"rendered":"II qrup \u0259lill\u0259 \u201cAz\u0259rsu\u201dnun m\u0259hk\u0259m\u0259 \u00e7\u0259ki\u015fm\u0259si: \u201cBina evind\u0259 900 manat borc yaz\u0131b\u2026\u201d"},"content":{"rendered":"\n<p><\/p>\n\n\n\n<p><strong><em>\u201c\u015eaxtada bir krant var, onu a\u00e7\u0131q qoyanda say\u011fac yaz\u0131r\u201d<\/em><\/strong><\/p>\n\n\n\n<p>Qarada\u011f\u0131n M\u00fc\u015ffiqabad q\u0259s\u0259b\u0259sind\u0259 m\u0259cburi k\u00f6\u00e7k\u00fcn ail\u0259l\u0259l\u0259ri \u00fc\u00e7\u00fcn tikilmi\u015f \u00e7oxm\u0259rt\u0259b\u0259li binada ya\u015fayan Sevindik Xanki\u015fiyev \u201cAz\u0259rsu\u201ddan \u015fikay\u0259t\u00e7idir.<\/p>\n\n\n\n<p>V\u0259t\u0259nda\u015f Meydan TV-y\u0259 deyir ki, 2016-c\u0131 ild\u0259 k\u00f6\u00e7d\u00fcy\u00fc m\u0259nzilin su say\u011fac\u0131n\u0131n ay \u0259rzind\u0259 \u00e7ox pul yazd\u0131\u011f\u0131n\u0131 a\u015fkarlay\u0131b, bununla ba\u011fl\u0131 d\u0259f\u0259l\u0259rl\u0259 aidiyy\u0259ti quruma m\u00fcraci\u0259t ets\u0259 d\u0259, n\u0259tic\u0259siz qal\u0131b:<\/p>\n\n\n\n<p>\u201c<em>Bax\u0131rd\u0131m ki, qon\u015fular suya ayda 10-15 manat \u00f6d\u0259yirl\u0259r Bizd\u0259 is\u0259 say\u011fac bir ayda 25-30 manat yaz\u0131rd\u0131. D\u0259f\u0259l\u0259rl\u0259 \u201cAz\u0259rsu\u201dya \u015fikay\u0259t etdim, g\u0259lib bax\u0131b-gedirdil\u0259r. H\u0259r d\u0259f\u0259 d\u0259 yalandan v\u0259d verirdil\u0259r ki, narahat olmay\u0131n, borcunuz silin\u0259c\u0259k\u201d.<\/em><\/p>\n\n\n\n<p>V\u0259t\u0259nda\u015f deyir ki, 2022-ci ild\u0259n su say\u011fac\u0131 daha art\u0131q m\u0259bl\u0259\u011f yazma\u011fa ba\u015flay\u0131b:<\/p>\n\n\n\n<p>\u201c<em>T\u0259s\u0259vv\u00fcr edin ki, say\u011fac ayda 60-80 manat yaz\u0131rd\u0131. H\u0259r g\u00fcn d\u0259 \u201cAz\u0259rsu\u201dnun \u201cQaynar x\u0259tt\u201din\u0259 \u015fikay\u0259t edirdim ki, g\u0259lin bunu d\u00fcz\u0259ldin. M\u0259n 220 manat pensiya al\u0131ram. Bu q\u0259d\u0259r pulu boynuma y\u00fckl\u0259m\u0259yin, \u00f6d\u0259y\u0259 bilm\u0259y\u0259c\u0259y\u0259m. Bina evind\u0259 ay \u0259rzind\u0259 30 ton suyu hara i\u015fl\u0259dir\u0259m? D\u0259f\u0259l\u0259rl\u0259 g\u0259lib, bax\u0131rd\u0131lar v\u0259 deyirdil\u0259r ki, bizlik deyil\u201d.<\/em><\/p>\n\n\n\n<p>V\u0259t\u0259nda\u015f\u0131n s\u00f6zl\u0259rin\u0259 g\u00f6r\u0259, k\u00f6hn\u0259 say\u011fac yenisi il\u0259 \u0259v\u0259zl\u0259nib, amma problem h\u0259ll olunmay\u0131b:<\/p>\n\n\n\n<p><em>\u201cG\u00f6rd\u00fcl\u0259r ki, yox, su yen\u0259 d\u0259 ax\u0131b-gedir, say\u011fac da fasil\u0259siz f\u0131rlan\u0131r. Ax\u0131rda qazanxanada bir su krant\u0131 vard\u0131, onu ba\u011flad\u0131lar, h\u0259min an say\u011fac d\u00fcz\u0259ldi, normal i\u015fl\u0259m\u0259y\u0259 ba\u015flad\u0131. H\u0259min krant\u0131 da a\u00e7\u0131q qoyublar, ba\u015fl\u0131\u011f\u0131n\u0131 da \u00e7\u0131xar\u0131blar ki, davaml\u0131 \u0259lav\u0259 pul yazs\u0131n. Onu d\u00fcz\u0259ld\u0259n\u0259 q\u0259d\u0259r 900 manat suya borc y\u0131\u011f\u0131lm\u0131\u015fd\u0131\u201d.<\/em><\/p>\n\n\n\n<p>Sevindik Xanki\u015fiyev deyir ki, m\u0259s\u0259l\u0259 m\u0259hk\u0259m\u0259d\u0259 m\u00fcbahis\u0259l\u0259ndirilib.<\/p>\n\n\n\n<p>Qarada\u011f Rayon M\u0259hk\u0259m\u0259si \u201cAz\u0259rsu\u201dnun xeyrin\u0259 q\u0259rar \u00e7\u0131xar\u0131b:<\/p>\n\n\n\n<p>\u201c<em>M\u0259hk\u0259m\u0259 q\u0259rar\u0131ndan sonra pensiya kart\u0131mdan 55 manat \u00e7\u0131xd\u0131lar. \u201cAz\u0259rsu\u201dya gedib, naraz\u0131l\u0131\u011f\u0131m\u0131 bildirdim. M\u0259n\u0259 dedil\u0259r ki, apelyasiyaya ver, q\u0259rar \u00e7\u0131xar\u0131l\u0131b, borc silinsin. M\u0259n d\u0259 v\u0259kil tutdum, x\u0259rc v\u0259 \u0259ziyy\u0259t \u00e7\u0259kdim, Apelyasiya M\u0259hk\u0259m\u0259sin\u0259 \u015fikay\u0259t etdim. Lakin Apelyasiya M\u0259hk\u0259m\u0259si d\u0259 Qarada\u011f M\u0259hk\u0259m\u0259sinin q\u0259rar\u0131n\u0131 q\u00fcvv\u0259d\u0259 saxlad\u0131\u201d.<\/em><\/p>\n\n\n\n<p>\u015eikay\u0259t\u00e7i m\u0259hk\u0259m\u0259 q\u0259rar\u0131 il\u0259 raz\u0131la\u015fm\u0131r v\u0259 binan\u0131n \u015faxtas\u0131na bax\u0131\u015f ke\u00e7irilm\u0259sini t\u0259l\u0259b edir:<\/p>\n\n\n\n<p>\u201c<em>M\u0259n bu d\u0259qiq\u0259 h\u0259r \u015feyi s\u00fcbut ed\u0259 bil\u0259r\u0259m. \u015eaxtada bir krant var, onu a\u00e7\u0131q qoyanda say\u011fac yaz\u0131r. M\u0259n d\u0259 deyir\u0259m ki, s\u00fcbutum var, krant s\u00f6k\u00fclm\u0259yib, yerind\u0259dir, ora bax\u0131\u015f ke\u00e7irilsin. \u201cAz\u0259rsu\u201d yanl\u0131\u015fl\u0131q edib, m\u0259hk\u0259m\u0259 d\u0259 s\u0259hv q\u0259rar veribs\u0259, pulunu m\u0259n niy\u0259 \u00f6d\u0259m\u0259liy\u0259m? 220 manat al\u0131ram, onsuz da \u00f6z\u00fcm dolana bilmir\u0259m. \u00dc\u00e7-d\u00f6rd g\u00fcn bundan \u00f6nc\u0259 \u201cAz\u0259rsu\u201dnun qar\u015f\u0131s\u0131nda aksiya ke\u00e7irdim. \u018fm\u0259kda\u015flar\u0131na demi\u015f\u0259m ki, \u0259g\u0259r m\u0259nim kart\u0131mdan pul \u00e7\u0131x\u0131lsa, \u00f6z\u00fcm\u00fc yand\u0131r\u0131b, \u00f6ld\u00fcr\u0259c\u0259y\u0259m. N\u0259y\u0259 g\u00f6r\u0259 bu q\u0259d\u0259r pulu m\u0259n\u0259 y\u00fckl\u0259yirl\u0259r? S\u0259hh\u0259timd\u0259 problem var, II qrup \u0259lil\u0259m, i\u015fl\u0259y\u0259 bilmir\u0259m. H\u0259r d\u0259f\u0259 \u201cAz\u0259rsu\u201dya, m\u0259hk\u0259m\u0259y\u0259 getm\u0259k \u00fc\u00e7\u00fcn kimd\u0259ns\u0259 15 manat borc al\u0131ram ki, taksiy\u0259 minim. \u00c7\u00fcnki aya\u011f\u0131mda problem var, avtobusa min\u0259 bilmir\u0259m\u201d.<\/em><\/p>\n\n\n\n<p><strong>\u201cAz\u0259rsu\u201d n\u0259 deyir?<\/strong><\/p>\n\n\n\n<p>\u201cAz\u0259rsu\u201dnun ictimaiyy\u0259tl\u0259 \u0259laq\u0259l\u0259r \u015f\u00f6b\u0259sinin r\u0259isi Anar C\u0259bray\u0131ll\u0131 Meydan TV-y\u0259 bildirib ki, v\u0259t\u0259nda\u015f\u0131n iddialar\u0131 \u0259sass\u0131zd\u0131r:<\/p>\n\n\n<div class=\"wp-block-image\">\n<figure class=\"alignright size-large is-resized\"><img decoding=\"async\" width=\"1200\" height=\"666\" data-src=\"https:\/\/www.meydan.tv\/wp-content\/uploads\/1-44-1200x666.jpg\" alt=\"\" class=\"wp-image-299337 lazyload\" style=\"--smush-placeholder-width: 1200px; --smush-placeholder-aspect-ratio: 1200\/666;width:425px;height:auto\" src=\"data:image\/svg+xml;base64,PHN2ZyB3aWR0aD0iMSIgaGVpZ2h0PSIxIiB4bWxucz0iaHR0cDovL3d3dy53My5vcmcvMjAwMC9zdmciPjwvc3ZnPg==\" \/><figcaption class=\"wp-element-caption\">Foto: Anar C\u0259bray\u0131ll\u0131n\u0131n \u015f\u0259xsi arxivind\u0259n<\/figcaption><\/figure>\n<\/div>\n\n\n<p>\u201c<em>Say\u011faca bax\u0131\u015f ke\u00e7irilib, hesabat apar\u0131l\u0131b. M\u0259hk\u0259m\u0259 q\u0259rar\u0131 da var. H\u0259tta apelyasiya \u015fikay\u0259ti d\u0259 verib. Lakin m\u0259hk\u0259m\u0259 onun borcunu silm\u0259di. M\u0259hk\u0259m\u0259d\u0259 d\u0259 deyirdi ki, su ax\u0131b-gedib. Amma ist\u0259nil\u0259n halda, say\u011fac\u0131 o, h\u0259r g\u00fcn g\u00f6r\u00fcr. Say\u011fac onun xidm\u0259tind\u0259dir. N\u0259zar\u0259t\u00e7il\u0259r ayda bir d\u0259f\u0259 gedib, say\u011fac\u0131n g\u00f6st\u0259ricisin\u0259 bax\u0131\u015f ke\u00e7irib, bildiri\u015f verib g\u0259lirl\u0259r. Vaxt\u0131nda m\u00fcraci\u0259t ets\u0259ydi, aktla\u015fd\u0131r\u0131lsayd\u0131, komissiyaya m\u00fcraci\u0259t olunsayd\u0131, dedikl\u0259ri \u00f6z \u0259ksini tapard\u0131\u201d.<\/em><\/p>\n\n\n\n<p>\u201c<em>Uzun bir m\u00fcdd\u0259t sonra biz onun borca g\u00f6r\u0259 suyunu k\u0259sm\u0259k ist\u0259y\u0259nd\u0259, \u00e7\u0131x\u0131b bel\u0259 bir iddia qald\u0131rd\u0131. \u0130ddian\u0131 da uduzdu. V\u0259t\u0259nda\u015fa \u015f\u0259rait yarad\u0131r\u0131q, suyunu dayand\u0131rm\u0131r\u0131q. O da cari \u00f6d\u0259ni\u015fl\u0259 yana\u015f\u0131, hiss\u0259-hiss\u0259 borcunu \u00f6d\u0259sin\u201d, &#8211; <\/em>dey\u0259 Anar C\u0259bray\u0131ll\u0131 qeyd edib.<\/p>\n","protected":false},"excerpt":{"rendered":"<p>\u201c\u015eaxtada bir krant var, onu a\u00e7\u0131q qoyanda say\u011fac yaz\u0131r\u201d Qarada\u011f\u0131n &#8230; <\/p>\n<p class=\"read-more-container\"><a title=\"II qrup \u0259lill\u0259 \u201cAz\u0259rsu\u201dnun m\u0259hk\u0259m\u0259 \u00e7\u0259ki\u015fm\u0259si: \u201cBina evind\u0259 900 manat borc yaz\u0131b\u2026\u201d\" class=\"read-more button\" href=\"https:\/\/www.meydan.tv\/az\/article\/ii-qrup-elille-azersunun-mehkeme-cekismesi-bina-evinde-900-manat-borc-yazib\/#more-299336\" aria-label=\"Read more about II qrup \u0259lill\u0259 \u201cAz\u0259rsu\u201dnun m\u0259hk\u0259m\u0259 \u00e7\u0259ki\u015fm\u0259si: \u201cBina evind\u0259 900 manat borc yaz\u0131b\u2026\u201d\">Davam\u0131<\/a><\/p>\n","protected":false},"author":8,"featured_media":299323,"comment_status":"closed","ping_status":"closed","sticky":false,"template":"","format":"standard","meta":{"_acf_changed":false,"_sitemap_exclude":false,"_sitemap_priority":"","_sitemap_frequency":"","footnotes":""},"categories":[62,56],"tags":[],"class_list":["post-299336","post","type-post","status-publish","format-standard","has-post-thumbnail","hentry","category-sosial","category-xeberler","infinite-scroll-item","generate-columns","tablet-grid-50","mobile-grid-100","grid-parent","grid-33","no-featured-image-padding"],"acf":[],"yoast_head":"<!-- This site is optimized with the Yoast SEO plugin v27.5 - https:\/\/yoast.com\/product\/yoast-seo-wordpress\/ -->\n<title>II qrup \u0259lill\u0259 \u201cAz\u0259rsu\u201dnun m\u0259hk\u0259m\u0259 \u00e7\u0259ki\u015fm\u0259si: \u201cBina evind\u0259 900 manat borc yaz\u0131b\u2026\u201d - MEYDAN.TV<\/title>\n<meta name=\"robots\" content=\"index, follow, max-snippet:-1, max-image-preview:large, max-video-preview:-1\" \/>\n<link rel=\"canonical\" href=\"https:\/\/www.meydan.tv\/az\/article\/ii-qrup-elille-azersunun-mehkeme-cekismesi-bina-evinde-900-manat-borc-yazib\/\" \/>\n<meta property=\"og:locale\" content=\"az_AZ\" \/>\n<meta property=\"og:type\" content=\"article\" \/>\n<meta property=\"og:title\" content=\"II qrup \u0259lill\u0259 \u201cAz\u0259rsu\u201dnun m\u0259hk\u0259m\u0259 \u00e7\u0259ki\u015fm\u0259si: \u201cBina evind\u0259 900 manat borc yaz\u0131b\u2026\u201d - MEYDAN.TV\" \/>\n<meta property=\"og:description\" content=\"\u201c\u015eaxtada bir krant var, onu a\u00e7\u0131q qoyanda say\u011fac yaz\u0131r\u201d Qarada\u011f\u0131n ... Davam\u0131\" \/>\n<meta property=\"og:url\" content=\"https:\/\/www.meydan.tv\/az\/article\/ii-qrup-elille-azersunun-mehkeme-cekismesi-bina-evinde-900-manat-borc-yazib\/\" \/>\n<meta property=\"og:site_name\" content=\"MEYDAN.TV\" \/>\n<meta property=\"article:published_time\" content=\"2024-02-19T11:21:01+00:00\" \/>\n<meta property=\"article:modified_time\" content=\"2024-02-19T11:21:06+00:00\" \/>\n<meta property=\"og:image\" content=\"https:\/\/www.meydan.tv\/wp-content\/uploads\/sikayetci-2.jpg\" \/>\n\t<meta property=\"og:image:width\" content=\"1920\" \/>\n\t<meta property=\"og:image:height\" content=\"1080\" \/>\n\t<meta property=\"og:image:type\" content=\"image\/jpeg\" \/>\n<meta name=\"author\" content=\"elli\" \/>\n<meta name=\"twitter:card\" content=\"summary_large_image\" \/>\n<meta name=\"twitter:creator\" content=\"@elli\" \/>\n<script type=\"application\/ld+json\" class=\"yoast-schema-graph\">{\"@context\":\"https:\\\/\\\/schema.org\",\"@graph\":[{\"@type\":\"Article\",\"@id\":\"https:\\\/\\\/www.meydan.tv\\\/az\\\/article\\\/ii-qrup-elille-azersunun-mehkeme-cekismesi-bina-evinde-900-manat-borc-yazib\\\/#article\",\"isPartOf\":{\"@id\":\"https:\\\/\\\/www.meydan.tv\\\/az\\\/article\\\/ii-qrup-elille-azersunun-mehkeme-cekismesi-bina-evinde-900-manat-borc-yazib\\\/\"},\"author\":{\"name\":\"elli\",\"@id\":\"https:\\\/\\\/www.meydan.tv\\\/az\\\/#\\\/schema\\\/person\\\/9cdbecf90d17180ce1dfbd95b08dcf47\"},\"headline\":\"II qrup \u0259lill\u0259 \u201cAz\u0259rsu\u201dnun m\u0259hk\u0259m\u0259 \u00e7\u0259ki\u015fm\u0259si: \u201cBina evind\u0259 900 manat borc yaz\u0131b\u2026\u201d\",\"datePublished\":\"2024-02-19T11:21:01+00:00\",\"dateModified\":\"2024-02-19T11:21:06+00:00\",\"mainEntityOfPage\":{\"@id\":\"https:\\\/\\\/www.meydan.tv\\\/az\\\/article\\\/ii-qrup-elille-azersunun-mehkeme-cekismesi-bina-evinde-900-manat-borc-yazib\\\/\"},\"wordCount\":897,\"publisher\":{\"@id\":\"https:\\\/\\\/www.meydan.tv\\\/az\\\/#organization\"},\"image\":{\"@id\":\"https:\\\/\\\/www.meydan.tv\\\/az\\\/article\\\/ii-qrup-elille-azersunun-mehkeme-cekismesi-bina-evinde-900-manat-borc-yazib\\\/#primaryimage\"},\"thumbnailUrl\":\"https:\\\/\\\/www.meydan.tv\\\/wp-content\\\/uploads\\\/sikayetci-2.jpg\",\"articleSection\":[\"Sosial\",\"X\u0259b\u0259rl\u0259r\"],\"inLanguage\":\"az\"},{\"@type\":\"WebPage\",\"@id\":\"https:\\\/\\\/www.meydan.tv\\\/az\\\/article\\\/ii-qrup-elille-azersunun-mehkeme-cekismesi-bina-evinde-900-manat-borc-yazib\\\/\",\"url\":\"https:\\\/\\\/www.meydan.tv\\\/az\\\/article\\\/ii-qrup-elille-azersunun-mehkeme-cekismesi-bina-evinde-900-manat-borc-yazib\\\/\",\"name\":\"II qrup \u0259lill\u0259 \u201cAz\u0259rsu\u201dnun m\u0259hk\u0259m\u0259 \u00e7\u0259ki\u015fm\u0259si: \u201cBina evind\u0259 900 manat borc yaz\u0131b\u2026\u201d - MEYDAN.TV\",\"isPartOf\":{\"@id\":\"https:\\\/\\\/www.meydan.tv\\\/az\\\/#website\"},\"primaryImageOfPage\":{\"@id\":\"https:\\\/\\\/www.meydan.tv\\\/az\\\/article\\\/ii-qrup-elille-azersunun-mehkeme-cekismesi-bina-evinde-900-manat-borc-yazib\\\/#primaryimage\"},\"image\":{\"@id\":\"https:\\\/\\\/www.meydan.tv\\\/az\\\/article\\\/ii-qrup-elille-azersunun-mehkeme-cekismesi-bina-evinde-900-manat-borc-yazib\\\/#primaryimage\"},\"thumbnailUrl\":\"https:\\\/\\\/www.meydan.tv\\\/wp-content\\\/uploads\\\/sikayetci-2.jpg\",\"datePublished\":\"2024-02-19T11:21:01+00:00\",\"dateModified\":\"2024-02-19T11:21:06+00:00\",\"breadcrumb\":{\"@id\":\"https:\\\/\\\/www.meydan.tv\\\/az\\\/article\\\/ii-qrup-elille-azersunun-mehkeme-cekismesi-bina-evinde-900-manat-borc-yazib\\\/#breadcrumb\"},\"inLanguage\":\"az\",\"potentialAction\":[{\"@type\":\"ReadAction\",\"target\":[\"https:\\\/\\\/www.meydan.tv\\\/az\\\/article\\\/ii-qrup-elille-azersunun-mehkeme-cekismesi-bina-evinde-900-manat-borc-yazib\\\/\"]}]},{\"@type\":\"ImageObject\",\"inLanguage\":\"az\",\"@id\":\"https:\\\/\\\/www.meydan.tv\\\/az\\\/article\\\/ii-qrup-elille-azersunun-mehkeme-cekismesi-bina-evinde-900-manat-borc-yazib\\\/#primaryimage\",\"url\":\"https:\\\/\\\/www.meydan.tv\\\/wp-content\\\/uploads\\\/sikayetci-2.jpg\",\"contentUrl\":\"https:\\\/\\\/www.meydan.tv\\\/wp-content\\\/uploads\\\/sikayetci-2.jpg\",\"width\":1920,\"height\":1080,\"caption\":\"Sevindik Xanki\u015fiyev. Foto: Meydan TV\"},{\"@type\":\"BreadcrumbList\",\"@id\":\"https:\\\/\\\/www.meydan.tv\\\/az\\\/article\\\/ii-qrup-elille-azersunun-mehkeme-cekismesi-bina-evinde-900-manat-borc-yazib\\\/#breadcrumb\",\"itemListElement\":[{\"@type\":\"ListItem\",\"position\":1,\"name\":\"Ana s\u0259hif\u0259\",\"item\":\"https:\\\/\\\/www.meydan.tv\\\/az\\\/\"},{\"@type\":\"ListItem\",\"position\":2,\"name\":\"Sosial\",\"item\":\"https:\\\/\\\/www.meydan.tv\\\/az\\\/section\\\/sosial\\\/\"},{\"@type\":\"ListItem\",\"position\":3,\"name\":\"II qrup \u0259lill\u0259 \u201cAz\u0259rsu\u201dnun m\u0259hk\u0259m\u0259 \u00e7\u0259ki\u015fm\u0259si: \u201cBina evind\u0259 900 manat borc yaz\u0131b\u2026\u201d\"}]},{\"@type\":\"WebSite\",\"@id\":\"https:\\\/\\\/www.meydan.tv\\\/az\\\/#website\",\"url\":\"https:\\\/\\\/www.meydan.tv\\\/az\\\/\",\"name\":\"MEYDAN.TV\",\"description\":\"Meydan TV Az\u0259rbaycan\u0131n media m\u0259kan\u0131ndak\u0131 alternativ s\u0259sidir\",\"publisher\":{\"@id\":\"https:\\\/\\\/www.meydan.tv\\\/az\\\/#organization\"},\"potentialAction\":[{\"@type\":\"SearchAction\",\"target\":{\"@type\":\"EntryPoint\",\"urlTemplate\":\"https:\\\/\\\/www.meydan.tv\\\/az\\\/?s={search_term_string}\"},\"query-input\":{\"@type\":\"PropertyValueSpecification\",\"valueRequired\":true,\"valueName\":\"search_term_string\"}}],\"inLanguage\":\"az\"},{\"@type\":\"Organization\",\"@id\":\"https:\\\/\\\/www.meydan.tv\\\/az\\\/#organization\",\"name\":\"Meydan TV\",\"url\":\"https:\\\/\\\/www.meydan.tv\\\/az\\\/\",\"logo\":{\"@type\":\"ImageObject\",\"inLanguage\":\"az\",\"@id\":\"https:\\\/\\\/www.meydan.tv\\\/az\\\/#\\\/schema\\\/logo\\\/image\\\/\",\"url\":\"https:\\\/\\\/www.meydan.tv\\\/wp-content\\\/uploads\\\/2021\\\/07\\\/meydan-logo.svg\",\"contentUrl\":\"https:\\\/\\\/www.meydan.tv\\\/wp-content\\\/uploads\\\/2021\\\/07\\\/meydan-logo.svg\",\"width\":195,\"height\":46,\"caption\":\"Meydan TV\"},\"image\":{\"@id\":\"https:\\\/\\\/www.meydan.tv\\\/az\\\/#\\\/schema\\\/logo\\\/image\\\/\"}},{\"@type\":\"Person\",\"@id\":\"https:\\\/\\\/www.meydan.tv\\\/az\\\/#\\\/schema\\\/person\\\/9cdbecf90d17180ce1dfbd95b08dcf47\",\"name\":\"elli\",\"sameAs\":[\"https:\\\/\\\/x.com\\\/elli\"]}]}<\/script>\n<!-- \/ Yoast SEO plugin. -->","yoast_head_json":{"title":"II qrup \u0259lill\u0259 \u201cAz\u0259rsu\u201dnun m\u0259hk\u0259m\u0259 \u00e7\u0259ki\u015fm\u0259si: \u201cBina evind\u0259 900 manat borc yaz\u0131b\u2026\u201d - MEYDAN.TV","robots":{"index":"index","follow":"follow","max-snippet":"max-snippet:-1","max-image-preview":"max-image-preview:large","max-video-preview":"max-video-preview:-1"},"canonical":"https:\/\/www.meydan.tv\/az\/article\/ii-qrup-elille-azersunun-mehkeme-cekismesi-bina-evinde-900-manat-borc-yazib\/","og_locale":"az_AZ","og_type":"article","og_title":"II qrup \u0259lill\u0259 \u201cAz\u0259rsu\u201dnun m\u0259hk\u0259m\u0259 \u00e7\u0259ki\u015fm\u0259si: \u201cBina evind\u0259 900 manat borc yaz\u0131b\u2026\u201d - MEYDAN.TV","og_description":"\u201c\u015eaxtada bir krant var, onu a\u00e7\u0131q qoyanda say\u011fac yaz\u0131r\u201d Qarada\u011f\u0131n ... Davam\u0131","og_url":"https:\/\/www.meydan.tv\/az\/article\/ii-qrup-elille-azersunun-mehkeme-cekismesi-bina-evinde-900-manat-borc-yazib\/","og_site_name":"MEYDAN.TV","article_published_time":"2024-02-19T11:21:01+00:00","article_modified_time":"2024-02-19T11:21:06+00:00","og_image":[{"width":1920,"height":1080,"url":"https:\/\/www.meydan.tv\/wp-content\/uploads\/sikayetci-2.jpg","type":"image\/jpeg"}],"author":"elli","twitter_card":"summary_large_image","twitter_creator":"@elli","schema":{"@context":"https:\/\/schema.org","@graph":[{"@type":"Article","@id":"https:\/\/www.meydan.tv\/az\/article\/ii-qrup-elille-azersunun-mehkeme-cekismesi-bina-evinde-900-manat-borc-yazib\/#article","isPartOf":{"@id":"https:\/\/www.meydan.tv\/az\/article\/ii-qrup-elille-azersunun-mehkeme-cekismesi-bina-evinde-900-manat-borc-yazib\/"},"author":{"name":"elli","@id":"https:\/\/www.meydan.tv\/az\/#\/schema\/person\/9cdbecf90d17180ce1dfbd95b08dcf47"},"headline":"II qrup \u0259lill\u0259 \u201cAz\u0259rsu\u201dnun m\u0259hk\u0259m\u0259 \u00e7\u0259ki\u015fm\u0259si: \u201cBina evind\u0259 900 manat borc yaz\u0131b\u2026\u201d","datePublished":"2024-02-19T11:21:01+00:00","dateModified":"2024-02-19T11:21:06+00:00","mainEntityOfPage":{"@id":"https:\/\/www.meydan.tv\/az\/article\/ii-qrup-elille-azersunun-mehkeme-cekismesi-bina-evinde-900-manat-borc-yazib\/"},"wordCount":897,"publisher":{"@id":"https:\/\/www.meydan.tv\/az\/#organization"},"image":{"@id":"https:\/\/www.meydan.tv\/az\/article\/ii-qrup-elille-azersunun-mehkeme-cekismesi-bina-evinde-900-manat-borc-yazib\/#primaryimage"},"thumbnailUrl":"https:\/\/www.meydan.tv\/wp-content\/uploads\/sikayetci-2.jpg","articleSection":["Sosial","X\u0259b\u0259rl\u0259r"],"inLanguage":"az"},{"@type":"WebPage","@id":"https:\/\/www.meydan.tv\/az\/article\/ii-qrup-elille-azersunun-mehkeme-cekismesi-bina-evinde-900-manat-borc-yazib\/","url":"https:\/\/www.meydan.tv\/az\/article\/ii-qrup-elille-azersunun-mehkeme-cekismesi-bina-evinde-900-manat-borc-yazib\/","name":"II qrup \u0259lill\u0259 \u201cAz\u0259rsu\u201dnun m\u0259hk\u0259m\u0259 \u00e7\u0259ki\u015fm\u0259si: \u201cBina evind\u0259 900 manat borc yaz\u0131b\u2026\u201d - MEYDAN.TV","isPartOf":{"@id":"https:\/\/www.meydan.tv\/az\/#website"},"primaryImageOfPage":{"@id":"https:\/\/www.meydan.tv\/az\/article\/ii-qrup-elille-azersunun-mehkeme-cekismesi-bina-evinde-900-manat-borc-yazib\/#primaryimage"},"image":{"@id":"https:\/\/www.meydan.tv\/az\/article\/ii-qrup-elille-azersunun-mehkeme-cekismesi-bina-evinde-900-manat-borc-yazib\/#primaryimage"},"thumbnailUrl":"https:\/\/www.meydan.tv\/wp-content\/uploads\/sikayetci-2.jpg","datePublished":"2024-02-19T11:21:01+00:00","dateModified":"2024-02-19T11:21:06+00:00","breadcrumb":{"@id":"https:\/\/www.meydan.tv\/az\/article\/ii-qrup-elille-azersunun-mehkeme-cekismesi-bina-evinde-900-manat-borc-yazib\/#breadcrumb"},"inLanguage":"az","potentialAction":[{"@type":"ReadAction","target":["https:\/\/www.meydan.tv\/az\/article\/ii-qrup-elille-azersunun-mehkeme-cekismesi-bina-evinde-900-manat-borc-yazib\/"]}]},{"@type":"ImageObject","inLanguage":"az","@id":"https:\/\/www.meydan.tv\/az\/article\/ii-qrup-elille-azersunun-mehkeme-cekismesi-bina-evinde-900-manat-borc-yazib\/#primaryimage","url":"https:\/\/www.meydan.tv\/wp-content\/uploads\/sikayetci-2.jpg","contentUrl":"https:\/\/www.meydan.tv\/wp-content\/uploads\/sikayetci-2.jpg","width":1920,"height":1080,"caption":"Sevindik Xanki\u015fiyev. Foto: Meydan TV"},{"@type":"BreadcrumbList","@id":"https:\/\/www.meydan.tv\/az\/article\/ii-qrup-elille-azersunun-mehkeme-cekismesi-bina-evinde-900-manat-borc-yazib\/#breadcrumb","itemListElement":[{"@type":"ListItem","position":1,"name":"Ana s\u0259hif\u0259","item":"https:\/\/www.meydan.tv\/az\/"},{"@type":"ListItem","position":2,"name":"Sosial","item":"https:\/\/www.meydan.tv\/az\/section\/sosial\/"},{"@type":"ListItem","position":3,"name":"II qrup \u0259lill\u0259 \u201cAz\u0259rsu\u201dnun m\u0259hk\u0259m\u0259 \u00e7\u0259ki\u015fm\u0259si: \u201cBina evind\u0259 900 manat borc yaz\u0131b\u2026\u201d"}]},{"@type":"WebSite","@id":"https:\/\/www.meydan.tv\/az\/#website","url":"https:\/\/www.meydan.tv\/az\/","name":"MEYDAN.TV","description":"Meydan TV Az\u0259rbaycan\u0131n media m\u0259kan\u0131ndak\u0131 alternativ s\u0259sidir","publisher":{"@id":"https:\/\/www.meydan.tv\/az\/#organization"},"potentialAction":[{"@type":"SearchAction","target":{"@type":"EntryPoint","urlTemplate":"https:\/\/www.meydan.tv\/az\/?s={search_term_string}"},"query-input":{"@type":"PropertyValueSpecification","valueRequired":true,"valueName":"search_term_string"}}],"inLanguage":"az"},{"@type":"Organization","@id":"https:\/\/www.meydan.tv\/az\/#organization","name":"Meydan TV","url":"https:\/\/www.meydan.tv\/az\/","logo":{"@type":"ImageObject","inLanguage":"az","@id":"https:\/\/www.meydan.tv\/az\/#\/schema\/logo\/image\/","url":"https:\/\/www.meydan.tv\/wp-content\/uploads\/2021\/07\/meydan-logo.svg","contentUrl":"https:\/\/www.meydan.tv\/wp-content\/uploads\/2021\/07\/meydan-logo.svg","width":195,"height":46,"caption":"Meydan TV"},"image":{"@id":"https:\/\/www.meydan.tv\/az\/#\/schema\/logo\/image\/"}},{"@type":"Person","@id":"https:\/\/www.meydan.tv\/az\/#\/schema\/person\/9cdbecf90d17180ce1dfbd95b08dcf47","name":"elli","sameAs":["https:\/\/x.com\/elli"]}]}},"_links":{"self":[{"href":"https:\/\/www.meydan.tv\/az\/wp-json\/wp\/v2\/posts\/299336","targetHints":{"allow":["GET"]}}],"collection":[{"href":"https:\/\/www.meydan.tv\/az\/wp-json\/wp\/v2\/posts"}],"about":[{"href":"https:\/\/www.meydan.tv\/az\/wp-json\/wp\/v2\/types\/post"}],"author":[{"embeddable":true,"href":"https:\/\/www.meydan.tv\/az\/wp-json\/wp\/v2\/users\/8"}],"replies":[{"embeddable":true,"href":"https:\/\/www.meydan.tv\/az\/wp-json\/wp\/v2\/comments?post=299336"}],"version-history":[{"count":2,"href":"https:\/\/www.meydan.tv\/az\/wp-json\/wp\/v2\/posts\/299336\/revisions"}],"predecessor-version":[{"id":299341,"href":"https:\/\/www.meydan.tv\/az\/wp-json\/wp\/v2\/posts\/299336\/revisions\/299341"}],"wp:featuredmedia":[{"embeddable":true,"href":"https:\/\/www.meydan.tv\/az\/wp-json\/wp\/v2\/media\/299323"}],"wp:attachment":[{"href":"https:\/\/www.meydan.tv\/az\/wp-json\/wp\/v2\/media?parent=299336"}],"wp:term":[{"taxonomy":"category","embeddable":true,"href":"https:\/\/www.meydan.tv\/az\/wp-json\/wp\/v2\/categories?post=299336"},{"taxonomy":"post_tag","embeddable":true,"href":"https:\/\/www.meydan.tv\/az\/wp-json\/wp\/v2\/tags?post=299336"}],"curies":[{"name":"wp","href":"https:\/\/api.w.org\/{rel}","templated":true}]}}