{"id":299139,"date":"2024-02-16T16:35:26","date_gmt":"2024-02-16T12:35:26","guid":{"rendered":"https:\/\/www.meydan.tv\/?p=299139"},"modified":"2024-02-16T16:35:31","modified_gmt":"2024-02-16T12:35:31","slug":"mehkeme-mingecevir-isiqlari-qezetinin-sikayetini-redd-edib","status":"publish","type":"post","link":"https:\/\/www.meydan.tv\/az\/article\/mehkeme-mingecevir-isiqlari-qezetinin-sikayetini-redd-edib\/","title":{"rendered":"M\u0259hk\u0259m\u0259 \u201cMing\u0259\u00e7evir i\u015f\u0131qlar\u0131\u201d q\u0259zetinin \u015fikay\u0259tini r\u0259dd edib"},"content":{"rendered":"\n<p><\/p>\n\n\n\n<p><strong><em>Q\u0259zet r\u0259hb\u0259rliyi q\u0259rardan apelyasiya \u015fikay\u0259ti ver\u0259c\u0259k<\/em><\/strong><\/p>\n\n\n\n<p>\u015e\u0259ki \u0130nzibati M\u0259hk\u0259m\u0259si \u201cMing\u0259\u00e7evir i\u015f\u0131qlar\u0131\u201d q\u0259zetinin Median\u0131n \u0130nki\u015faf\u0131 Agentliyin\u0259 qar\u015f\u0131 \u015fikay\u0259tini r\u0259dd edib.<\/p>\n\n\n\n<p>Agentlik \u201cMing\u0259\u00e7evir i\u015f\u0131qlar\u0131\u201d q\u0259zetinin Media Reyestrin\u0259 daxil edilm\u0259sind\u0259n bir il bundan \u00f6nc\u0259 imtina etmi\u015fdi. \u0130mtina q\u0259rar\u0131 ad\u0131\u00e7\u0259kil\u0259n median\u0131n g\u00fcnd\u0259lik 20 \u00f6z\u0259l x\u0259b\u0259r yaymamas\u0131 il\u0259 ba\u011fl\u0131 idi.<\/p>\n\n\n\n<p>H\u00fcquq\u00e7u Xalid A\u011f\u0259liyev deyir ki, t\u0259xmin\u0259n 9 ay davam ed\u0259n m\u0259hk\u0259m\u0259 prosesi yekunla\u015f\u0131b. \u015e\u0259ki \u0130nzibati M\u0259hk\u0259m\u0259sinin hakimi V\u00fcqar Musayev Agentliyin imtina q\u0259rar\u0131n\u0131n \u201cMedia haqq\u0131nda\u201d qanuna uy\u011fun oldu\u011funa q\u0259rar verib.<\/p>\n\n\n\n<p>Xalid A\u011f\u0259liyev deyir ki, m\u0259hk\u0259m\u0259 m\u00fcbahis\u0259ni \u00f6lk\u0259 Konstitusiyas\u0131n\u0131n ifad\u0259 azadl\u0131\u011f\u0131 il\u0259 ba\u011fl\u0131, habel\u0259, beyn\u0259lxalq m\u00fcqavil\u0259l\u0259rin h\u00fcquqi q\u00fcvv\u0259si il\u0259 ba\u011fl\u0131 madd\u0259l\u0259rinin i\u015f\u0131\u011f\u0131nda inc\u0259l\u0259m\u0259yib. Odur ki, q\u0259rardan apelyasiya \u015fikay\u0259ti veril\u0259c\u0259k.<\/p>\n\n\n\n<p>Bundan \u00f6nc\u0259 b\u0259zi media qurumlar\u0131 m\u0259hk\u0259m\u0259y\u0259 m\u00fcraci\u0259t ed\u0259r\u0259k, Median\u0131n \u0130nki\u015faf\u0131 Agentliyinin reyestrd\u0259n ke\u00e7m\u0259kl\u0259 ba\u011fl\u0131 m\u00fcraci\u0259tl\u0259rin\u0259 r\u0259dd cavab\u0131 verm\u0259sind\u0259n \u015fikay\u0259t edib.<\/p>\n\n\n\n<p>M\u0259hk\u0259m\u0259l\u0259r \u201c<a href=\"http:\/\/24saat.org\/\" target=\"_blank\" rel=\"noreferrer noopener\">24saat.org<\/a>\u201d, \u201c<a href=\"http:\/\/dogruxeber.az\/\" target=\"_blank\" rel=\"noreferrer noopener\">dogruxeber.az<\/a>\u201d saytlar\u0131n\u0131n, \u201cG\u00fcnd\u0259m X\u0259b\u0259r\u201d q\u0259zetinin bu bar\u0259d\u0259ki \u015fikay\u0259tl\u0259rini r\u0259dd edib.<\/p>\n\n\n\n<p>\u0130mtina m\u0259ktublar\u0131n\u0131n h\u0259r birind\u0259 \u201cf\u0259aliyy\u0259t davaml\u0131 deyil\u201d, \u2013 \u0259sas\u0131 g\u00f6st\u0259rilib.<\/p>\n\n\n\n<p>Agentlik h\u0259r saytdan onlayn media resursuna h\u0259r g\u00fcn az\u0131 20 \u00f6z\u0259l x\u0259b\u0259r yerl\u0259\u015fdirm\u0259yi t\u0259l\u0259b edir.<\/p>\n\n\n\n<p>2021-ci ilin sonunda Az\u0259rbaycanda \u201cMedia haqq\u0131nda\u201d Qanun parlamentd\u0259 m\u00fczakir\u0259y\u0259 \u00e7\u0131xar\u0131l\u0131b v\u0259 q\u0259bul edilib.<\/p>\n\n\n\n<p>2022-ci ilin fevral\u0131nda \u00f6lk\u0259 ba\u015f\u00e7\u0131s\u0131n\u0131n t\u0259sdiql\u0259m\u0259sil\u0259 qanun q\u00fcvv\u0259y\u0259 minib.<\/p>\n\n\n\n<p>Yeni qanun h\u0259m\u00e7inin media v\u0259 jurnalistl\u0259rin vahid reyestrinin yarad\u0131lmas\u0131n\u0131 n\u0259z\u0259rd\u0259 tutur.<br>Reyestrin apar\u0131lmas\u0131 qaydalar\u0131 \u00f6lk\u0259 ba\u015f\u00e7\u0131s\u0131n\u0131n 26 sentyabr 2022-ci il\u0259 tarixli F\u0259rman\u0131 il\u0259 t\u0259sdiq edilib.<\/p>\n\n\n\n<p>\u00d6lk\u0259nin m\u00fcst\u0259qil jurnalistl\u0259ri v\u0259 media sah\u0259sinin m\u00fct\u0259x\u0259ssisl\u0259ri d\u00fc\u015f\u00fcn\u00fcr ki, \u201cMedia haqq\u0131nda\u201d Qanunun q\u0259bulu, Media Reyestrinin yarad\u0131lmas\u0131 il\u0259 ba\u011fl\u0131 m\u00fcdd\u0259alar\u0131n t\u0259tbiqi ifad\u0259, media azadl\u0131\u011f\u0131na ziddir.<\/p>\n\n\n\n<p>Beyn\u0259lxalq t\u0259\u015fkilatlar v\u0259 o c\u00fcml\u0259d\u0259n, Venesiya Komissiyas\u0131 da qanunla ba\u011fl\u0131 m\u0259nfi r\u0259y verib, bunu ifad\u0259 azadl\u0131\u011f\u0131na m\u00fcdaxil\u0259 say\u0131b.<\/p>\n","protected":false},"excerpt":{"rendered":"<p>Q\u0259zet r\u0259hb\u0259rliyi q\u0259rardan apelyasiya \u015fikay\u0259ti ver\u0259c\u0259k \u015e\u0259ki \u0130nzibati M\u0259hk\u0259m\u0259si \u201cMing\u0259\u00e7evir &#8230; <\/p>\n<p class=\"read-more-container\"><a title=\"M\u0259hk\u0259m\u0259 \u201cMing\u0259\u00e7evir i\u015f\u0131qlar\u0131\u201d q\u0259zetinin \u015fikay\u0259tini r\u0259dd edib\" class=\"read-more button\" href=\"https:\/\/www.meydan.tv\/az\/article\/mehkeme-mingecevir-isiqlari-qezetinin-sikayetini-redd-edib\/#more-299139\" aria-label=\"Read more about M\u0259hk\u0259m\u0259 \u201cMing\u0259\u00e7evir i\u015f\u0131qlar\u0131\u201d q\u0259zetinin \u015fikay\u0259tini r\u0259dd edib\">Davam\u0131<\/a><\/p>\n","protected":false},"author":8,"featured_media":266111,"comment_status":"closed","ping_status":"closed","sticky":false,"template":"","format":"standard","meta":{"_acf_changed":false,"_sitemap_exclude":false,"_sitemap_priority":"","_sitemap_frequency":"","footnotes":""},"categories":[60,56],"tags":[],"class_list":["post-299139","post","type-post","status-publish","format-standard","has-post-thumbnail","hentry","category-bolge","category-xeberler","infinite-scroll-item","generate-columns","tablet-grid-50","mobile-grid-100","grid-parent","grid-33","no-featured-image-padding"],"acf":[],"yoast_head":"<!-- This site is optimized with the Yoast SEO plugin v27.4 - https:\/\/yoast.com\/product\/yoast-seo-wordpress\/ -->\n<title>M\u0259hk\u0259m\u0259 \u201cMing\u0259\u00e7evir i\u015f\u0131qlar\u0131\u201d q\u0259zetinin \u015fikay\u0259tini r\u0259dd edib - MEYDAN.TV<\/title>\n<meta name=\"robots\" content=\"index, follow, max-snippet:-1, max-image-preview:large, max-video-preview:-1\" \/>\n<link rel=\"canonical\" href=\"https:\/\/www.meydan.tv\/az\/article\/mehkeme-mingecevir-isiqlari-qezetinin-sikayetini-redd-edib\/\" \/>\n<meta property=\"og:locale\" content=\"az_AZ\" \/>\n<meta property=\"og:type\" content=\"article\" \/>\n<meta property=\"og:title\" content=\"M\u0259hk\u0259m\u0259 \u201cMing\u0259\u00e7evir i\u015f\u0131qlar\u0131\u201d q\u0259zetinin \u015fikay\u0259tini r\u0259dd edib - MEYDAN.TV\" \/>\n<meta property=\"og:description\" content=\"Q\u0259zet r\u0259hb\u0259rliyi q\u0259rardan apelyasiya \u015fikay\u0259ti ver\u0259c\u0259k \u015e\u0259ki \u0130nzibati M\u0259hk\u0259m\u0259si \u201cMing\u0259\u00e7evir ... Davam\u0131\" \/>\n<meta property=\"og:url\" content=\"https:\/\/www.meydan.tv\/az\/article\/mehkeme-mingecevir-isiqlari-qezetinin-sikayetini-redd-edib\/\" \/>\n<meta property=\"og:site_name\" content=\"MEYDAN.TV\" \/>\n<meta property=\"article:published_time\" content=\"2024-02-16T12:35:26+00:00\" \/>\n<meta property=\"article:modified_time\" content=\"2024-02-16T12:35:31+00:00\" \/>\n<meta property=\"og:image\" content=\"https:\/\/www.meydan.tv\/wp-content\/uploads\/img_9514.jpg\" \/>\n\t<meta property=\"og:image:width\" content=\"1200\" \/>\n\t<meta property=\"og:image:height\" content=\"675\" \/>\n\t<meta property=\"og:image:type\" content=\"image\/jpeg\" \/>\n<meta name=\"author\" content=\"elli\" \/>\n<meta name=\"twitter:card\" content=\"summary_large_image\" \/>\n<meta name=\"twitter:creator\" content=\"@elli\" \/>\n<script type=\"application\/ld+json\" class=\"yoast-schema-graph\">{\"@context\":\"https:\\\/\\\/schema.org\",\"@graph\":[{\"@type\":\"Article\",\"@id\":\"https:\\\/\\\/www.meydan.tv\\\/az\\\/article\\\/mehkeme-mingecevir-isiqlari-qezetinin-sikayetini-redd-edib\\\/#article\",\"isPartOf\":{\"@id\":\"https:\\\/\\\/www.meydan.tv\\\/az\\\/article\\\/mehkeme-mingecevir-isiqlari-qezetinin-sikayetini-redd-edib\\\/\"},\"author\":{\"name\":\"elli\",\"@id\":\"https:\\\/\\\/www.meydan.tv\\\/az\\\/#\\\/schema\\\/person\\\/9cdbecf90d17180ce1dfbd95b08dcf47\"},\"headline\":\"M\u0259hk\u0259m\u0259 \u201cMing\u0259\u00e7evir i\u015f\u0131qlar\u0131\u201d q\u0259zetinin \u015fikay\u0259tini r\u0259dd edib\",\"datePublished\":\"2024-02-16T12:35:26+00:00\",\"dateModified\":\"2024-02-16T12:35:31+00:00\",\"mainEntityOfPage\":{\"@id\":\"https:\\\/\\\/www.meydan.tv\\\/az\\\/article\\\/mehkeme-mingecevir-isiqlari-qezetinin-sikayetini-redd-edib\\\/\"},\"wordCount\":453,\"publisher\":{\"@id\":\"https:\\\/\\\/www.meydan.tv\\\/az\\\/#organization\"},\"image\":{\"@id\":\"https:\\\/\\\/www.meydan.tv\\\/az\\\/article\\\/mehkeme-mingecevir-isiqlari-qezetinin-sikayetini-redd-edib\\\/#primaryimage\"},\"thumbnailUrl\":\"https:\\\/\\\/www.meydan.tv\\\/wp-content\\\/uploads\\\/img_9514.jpg\",\"articleSection\":[\"B\u00f6lg\u0259\",\"X\u0259b\u0259rl\u0259r\"],\"inLanguage\":\"az\"},{\"@type\":\"WebPage\",\"@id\":\"https:\\\/\\\/www.meydan.tv\\\/az\\\/article\\\/mehkeme-mingecevir-isiqlari-qezetinin-sikayetini-redd-edib\\\/\",\"url\":\"https:\\\/\\\/www.meydan.tv\\\/az\\\/article\\\/mehkeme-mingecevir-isiqlari-qezetinin-sikayetini-redd-edib\\\/\",\"name\":\"M\u0259hk\u0259m\u0259 \u201cMing\u0259\u00e7evir i\u015f\u0131qlar\u0131\u201d q\u0259zetinin \u015fikay\u0259tini r\u0259dd edib - MEYDAN.TV\",\"isPartOf\":{\"@id\":\"https:\\\/\\\/www.meydan.tv\\\/az\\\/#website\"},\"primaryImageOfPage\":{\"@id\":\"https:\\\/\\\/www.meydan.tv\\\/az\\\/article\\\/mehkeme-mingecevir-isiqlari-qezetinin-sikayetini-redd-edib\\\/#primaryimage\"},\"image\":{\"@id\":\"https:\\\/\\\/www.meydan.tv\\\/az\\\/article\\\/mehkeme-mingecevir-isiqlari-qezetinin-sikayetini-redd-edib\\\/#primaryimage\"},\"thumbnailUrl\":\"https:\\\/\\\/www.meydan.tv\\\/wp-content\\\/uploads\\\/img_9514.jpg\",\"datePublished\":\"2024-02-16T12:35:26+00:00\",\"dateModified\":\"2024-02-16T12:35:31+00:00\",\"breadcrumb\":{\"@id\":\"https:\\\/\\\/www.meydan.tv\\\/az\\\/article\\\/mehkeme-mingecevir-isiqlari-qezetinin-sikayetini-redd-edib\\\/#breadcrumb\"},\"inLanguage\":\"az\",\"potentialAction\":[{\"@type\":\"ReadAction\",\"target\":[\"https:\\\/\\\/www.meydan.tv\\\/az\\\/article\\\/mehkeme-mingecevir-isiqlari-qezetinin-sikayetini-redd-edib\\\/\"]}]},{\"@type\":\"ImageObject\",\"inLanguage\":\"az\",\"@id\":\"https:\\\/\\\/www.meydan.tv\\\/az\\\/article\\\/mehkeme-mingecevir-isiqlari-qezetinin-sikayetini-redd-edib\\\/#primaryimage\",\"url\":\"https:\\\/\\\/www.meydan.tv\\\/wp-content\\\/uploads\\\/img_9514.jpg\",\"contentUrl\":\"https:\\\/\\\/www.meydan.tv\\\/wp-content\\\/uploads\\\/img_9514.jpg\",\"width\":1200,\"height\":675,\"caption\":\"M\u0259hk\u0259m\u0259. Foto: Meydan TV\"},{\"@type\":\"BreadcrumbList\",\"@id\":\"https:\\\/\\\/www.meydan.tv\\\/az\\\/article\\\/mehkeme-mingecevir-isiqlari-qezetinin-sikayetini-redd-edib\\\/#breadcrumb\",\"itemListElement\":[{\"@type\":\"ListItem\",\"position\":1,\"name\":\"Ana s\u0259hif\u0259\",\"item\":\"https:\\\/\\\/www.meydan.tv\\\/az\\\/\"},{\"@type\":\"ListItem\",\"position\":2,\"name\":\"B\u00f6lg\u0259\",\"item\":\"https:\\\/\\\/www.meydan.tv\\\/az\\\/section\\\/bolge\\\/\"},{\"@type\":\"ListItem\",\"position\":3,\"name\":\"M\u0259hk\u0259m\u0259 \u201cMing\u0259\u00e7evir i\u015f\u0131qlar\u0131\u201d q\u0259zetinin \u015fikay\u0259tini r\u0259dd edib\"}]},{\"@type\":\"WebSite\",\"@id\":\"https:\\\/\\\/www.meydan.tv\\\/az\\\/#website\",\"url\":\"https:\\\/\\\/www.meydan.tv\\\/az\\\/\",\"name\":\"MEYDAN.TV\",\"description\":\"Meydan TV Az\u0259rbaycan\u0131n media m\u0259kan\u0131ndak\u0131 alternativ s\u0259sidir\",\"publisher\":{\"@id\":\"https:\\\/\\\/www.meydan.tv\\\/az\\\/#organization\"},\"potentialAction\":[{\"@type\":\"SearchAction\",\"target\":{\"@type\":\"EntryPoint\",\"urlTemplate\":\"https:\\\/\\\/www.meydan.tv\\\/az\\\/?s={search_term_string}\"},\"query-input\":{\"@type\":\"PropertyValueSpecification\",\"valueRequired\":true,\"valueName\":\"search_term_string\"}}],\"inLanguage\":\"az\"},{\"@type\":\"Organization\",\"@id\":\"https:\\\/\\\/www.meydan.tv\\\/az\\\/#organization\",\"name\":\"Meydan TV\",\"url\":\"https:\\\/\\\/www.meydan.tv\\\/az\\\/\",\"logo\":{\"@type\":\"ImageObject\",\"inLanguage\":\"az\",\"@id\":\"https:\\\/\\\/www.meydan.tv\\\/az\\\/#\\\/schema\\\/logo\\\/image\\\/\",\"url\":\"https:\\\/\\\/www.meydan.tv\\\/wp-content\\\/uploads\\\/2021\\\/07\\\/meydan-logo.svg\",\"contentUrl\":\"https:\\\/\\\/www.meydan.tv\\\/wp-content\\\/uploads\\\/2021\\\/07\\\/meydan-logo.svg\",\"width\":195,\"height\":46,\"caption\":\"Meydan TV\"},\"image\":{\"@id\":\"https:\\\/\\\/www.meydan.tv\\\/az\\\/#\\\/schema\\\/logo\\\/image\\\/\"}},{\"@type\":\"Person\",\"@id\":\"https:\\\/\\\/www.meydan.tv\\\/az\\\/#\\\/schema\\\/person\\\/9cdbecf90d17180ce1dfbd95b08dcf47\",\"name\":\"elli\",\"sameAs\":[\"https:\\\/\\\/x.com\\\/elli\"]}]}<\/script>\n<!-- \/ Yoast SEO plugin. -->","yoast_head_json":{"title":"M\u0259hk\u0259m\u0259 \u201cMing\u0259\u00e7evir i\u015f\u0131qlar\u0131\u201d q\u0259zetinin \u015fikay\u0259tini r\u0259dd edib - MEYDAN.TV","robots":{"index":"index","follow":"follow","max-snippet":"max-snippet:-1","max-image-preview":"max-image-preview:large","max-video-preview":"max-video-preview:-1"},"canonical":"https:\/\/www.meydan.tv\/az\/article\/mehkeme-mingecevir-isiqlari-qezetinin-sikayetini-redd-edib\/","og_locale":"az_AZ","og_type":"article","og_title":"M\u0259hk\u0259m\u0259 \u201cMing\u0259\u00e7evir i\u015f\u0131qlar\u0131\u201d q\u0259zetinin \u015fikay\u0259tini r\u0259dd edib - MEYDAN.TV","og_description":"Q\u0259zet r\u0259hb\u0259rliyi q\u0259rardan apelyasiya \u015fikay\u0259ti ver\u0259c\u0259k \u015e\u0259ki \u0130nzibati M\u0259hk\u0259m\u0259si \u201cMing\u0259\u00e7evir ... Davam\u0131","og_url":"https:\/\/www.meydan.tv\/az\/article\/mehkeme-mingecevir-isiqlari-qezetinin-sikayetini-redd-edib\/","og_site_name":"MEYDAN.TV","article_published_time":"2024-02-16T12:35:26+00:00","article_modified_time":"2024-02-16T12:35:31+00:00","og_image":[{"width":1200,"height":675,"url":"https:\/\/www.meydan.tv\/wp-content\/uploads\/img_9514.jpg","type":"image\/jpeg"}],"author":"elli","twitter_card":"summary_large_image","twitter_creator":"@elli","schema":{"@context":"https:\/\/schema.org","@graph":[{"@type":"Article","@id":"https:\/\/www.meydan.tv\/az\/article\/mehkeme-mingecevir-isiqlari-qezetinin-sikayetini-redd-edib\/#article","isPartOf":{"@id":"https:\/\/www.meydan.tv\/az\/article\/mehkeme-mingecevir-isiqlari-qezetinin-sikayetini-redd-edib\/"},"author":{"name":"elli","@id":"https:\/\/www.meydan.tv\/az\/#\/schema\/person\/9cdbecf90d17180ce1dfbd95b08dcf47"},"headline":"M\u0259hk\u0259m\u0259 \u201cMing\u0259\u00e7evir i\u015f\u0131qlar\u0131\u201d q\u0259zetinin \u015fikay\u0259tini r\u0259dd edib","datePublished":"2024-02-16T12:35:26+00:00","dateModified":"2024-02-16T12:35:31+00:00","mainEntityOfPage":{"@id":"https:\/\/www.meydan.tv\/az\/article\/mehkeme-mingecevir-isiqlari-qezetinin-sikayetini-redd-edib\/"},"wordCount":453,"publisher":{"@id":"https:\/\/www.meydan.tv\/az\/#organization"},"image":{"@id":"https:\/\/www.meydan.tv\/az\/article\/mehkeme-mingecevir-isiqlari-qezetinin-sikayetini-redd-edib\/#primaryimage"},"thumbnailUrl":"https:\/\/www.meydan.tv\/wp-content\/uploads\/img_9514.jpg","articleSection":["B\u00f6lg\u0259","X\u0259b\u0259rl\u0259r"],"inLanguage":"az"},{"@type":"WebPage","@id":"https:\/\/www.meydan.tv\/az\/article\/mehkeme-mingecevir-isiqlari-qezetinin-sikayetini-redd-edib\/","url":"https:\/\/www.meydan.tv\/az\/article\/mehkeme-mingecevir-isiqlari-qezetinin-sikayetini-redd-edib\/","name":"M\u0259hk\u0259m\u0259 \u201cMing\u0259\u00e7evir i\u015f\u0131qlar\u0131\u201d q\u0259zetinin \u015fikay\u0259tini r\u0259dd edib - MEYDAN.TV","isPartOf":{"@id":"https:\/\/www.meydan.tv\/az\/#website"},"primaryImageOfPage":{"@id":"https:\/\/www.meydan.tv\/az\/article\/mehkeme-mingecevir-isiqlari-qezetinin-sikayetini-redd-edib\/#primaryimage"},"image":{"@id":"https:\/\/www.meydan.tv\/az\/article\/mehkeme-mingecevir-isiqlari-qezetinin-sikayetini-redd-edib\/#primaryimage"},"thumbnailUrl":"https:\/\/www.meydan.tv\/wp-content\/uploads\/img_9514.jpg","datePublished":"2024-02-16T12:35:26+00:00","dateModified":"2024-02-16T12:35:31+00:00","breadcrumb":{"@id":"https:\/\/www.meydan.tv\/az\/article\/mehkeme-mingecevir-isiqlari-qezetinin-sikayetini-redd-edib\/#breadcrumb"},"inLanguage":"az","potentialAction":[{"@type":"ReadAction","target":["https:\/\/www.meydan.tv\/az\/article\/mehkeme-mingecevir-isiqlari-qezetinin-sikayetini-redd-edib\/"]}]},{"@type":"ImageObject","inLanguage":"az","@id":"https:\/\/www.meydan.tv\/az\/article\/mehkeme-mingecevir-isiqlari-qezetinin-sikayetini-redd-edib\/#primaryimage","url":"https:\/\/www.meydan.tv\/wp-content\/uploads\/img_9514.jpg","contentUrl":"https:\/\/www.meydan.tv\/wp-content\/uploads\/img_9514.jpg","width":1200,"height":675,"caption":"M\u0259hk\u0259m\u0259. Foto: Meydan TV"},{"@type":"BreadcrumbList","@id":"https:\/\/www.meydan.tv\/az\/article\/mehkeme-mingecevir-isiqlari-qezetinin-sikayetini-redd-edib\/#breadcrumb","itemListElement":[{"@type":"ListItem","position":1,"name":"Ana s\u0259hif\u0259","item":"https:\/\/www.meydan.tv\/az\/"},{"@type":"ListItem","position":2,"name":"B\u00f6lg\u0259","item":"https:\/\/www.meydan.tv\/az\/section\/bolge\/"},{"@type":"ListItem","position":3,"name":"M\u0259hk\u0259m\u0259 \u201cMing\u0259\u00e7evir i\u015f\u0131qlar\u0131\u201d q\u0259zetinin \u015fikay\u0259tini r\u0259dd edib"}]},{"@type":"WebSite","@id":"https:\/\/www.meydan.tv\/az\/#website","url":"https:\/\/www.meydan.tv\/az\/","name":"MEYDAN.TV","description":"Meydan TV Az\u0259rbaycan\u0131n media m\u0259kan\u0131ndak\u0131 alternativ s\u0259sidir","publisher":{"@id":"https:\/\/www.meydan.tv\/az\/#organization"},"potentialAction":[{"@type":"SearchAction","target":{"@type":"EntryPoint","urlTemplate":"https:\/\/www.meydan.tv\/az\/?s={search_term_string}"},"query-input":{"@type":"PropertyValueSpecification","valueRequired":true,"valueName":"search_term_string"}}],"inLanguage":"az"},{"@type":"Organization","@id":"https:\/\/www.meydan.tv\/az\/#organization","name":"Meydan TV","url":"https:\/\/www.meydan.tv\/az\/","logo":{"@type":"ImageObject","inLanguage":"az","@id":"https:\/\/www.meydan.tv\/az\/#\/schema\/logo\/image\/","url":"https:\/\/www.meydan.tv\/wp-content\/uploads\/2021\/07\/meydan-logo.svg","contentUrl":"https:\/\/www.meydan.tv\/wp-content\/uploads\/2021\/07\/meydan-logo.svg","width":195,"height":46,"caption":"Meydan TV"},"image":{"@id":"https:\/\/www.meydan.tv\/az\/#\/schema\/logo\/image\/"}},{"@type":"Person","@id":"https:\/\/www.meydan.tv\/az\/#\/schema\/person\/9cdbecf90d17180ce1dfbd95b08dcf47","name":"elli","sameAs":["https:\/\/x.com\/elli"]}]}},"_links":{"self":[{"href":"https:\/\/www.meydan.tv\/az\/wp-json\/wp\/v2\/posts\/299139","targetHints":{"allow":["GET"]}}],"collection":[{"href":"https:\/\/www.meydan.tv\/az\/wp-json\/wp\/v2\/posts"}],"about":[{"href":"https:\/\/www.meydan.tv\/az\/wp-json\/wp\/v2\/types\/post"}],"author":[{"embeddable":true,"href":"https:\/\/www.meydan.tv\/az\/wp-json\/wp\/v2\/users\/8"}],"replies":[{"embeddable":true,"href":"https:\/\/www.meydan.tv\/az\/wp-json\/wp\/v2\/comments?post=299139"}],"version-history":[{"count":3,"href":"https:\/\/www.meydan.tv\/az\/wp-json\/wp\/v2\/posts\/299139\/revisions"}],"predecessor-version":[{"id":299145,"href":"https:\/\/www.meydan.tv\/az\/wp-json\/wp\/v2\/posts\/299139\/revisions\/299145"}],"wp:featuredmedia":[{"embeddable":true,"href":"https:\/\/www.meydan.tv\/az\/wp-json\/wp\/v2\/media\/266111"}],"wp:attachment":[{"href":"https:\/\/www.meydan.tv\/az\/wp-json\/wp\/v2\/media?parent=299139"}],"wp:term":[{"taxonomy":"category","embeddable":true,"href":"https:\/\/www.meydan.tv\/az\/wp-json\/wp\/v2\/categories?post=299139"},{"taxonomy":"post_tag","embeddable":true,"href":"https:\/\/www.meydan.tv\/az\/wp-json\/wp\/v2\/tags?post=299139"}],"curies":[{"name":"wp","href":"https:\/\/api.w.org\/{rel}","templated":true}]}}