{"id":299119,"date":"2024-02-16T16:20:30","date_gmt":"2024-02-16T12:20:30","guid":{"rendered":"https:\/\/www.meydan.tv\/?p=299119"},"modified":"2024-02-16T16:21:53","modified_gmt":"2024-02-16T12:21:53","slug":"ukraynada-tibbi-marixuana-leqallasdi","status":"publish","type":"post","link":"https:\/\/www.meydan.tv\/az\/article\/ukraynada-tibbi-marixuana-leqallasdi\/","title":{"rendered":"Ukraynada tibbi marixuana leqalla\u015fd\u0131"},"content":{"rendered":"\n<p><\/p>\n\n\n\n<p><strong><em>Zelenski \u00f6t\u0259n il q\u0259bul olunmu\u015f qanunu t\u0259sdiql\u0259di<\/em><\/strong><\/p>\n\n\n\n<p>Ukrayna Prezidenti Volodimir Zelenski tibbi \u00e7\u0259t\u0259n\u0259nin (marixuana) leqalla\u015fd\u0131r\u0131lmas\u0131 haqq\u0131nda qanunu imzalay\u0131b.<\/p>\n\n\n\n<p>M\u00fcvafiq x\u0259b\u0259r Ukrayna Parlamentinin sayt\u0131nda yer <a href=\"https:\/\/itd.rada.gov.ua\/billInfo\/Bills\/Card\/39783\">al\u0131b.<\/a><\/p>\n\n\n\n<p>S\u0259n\u0259dd\u0259 qeyd olunur ki, yeni qanun m\u00fcharib\u0259 n\u0259tic\u0259sind\u0259 yaranan x\u0259r\u00e7\u0259ng v\u0259 post-travmatik stress pozuntusundan \u0259ziyy\u0259t \u00e7\u0259k\u0259n x\u0259st\u0259l\u0259rin z\u0259ruri m\u00fcalic\u0259y\u0259 \u00e7\u0131x\u0131\u015f\u0131n\u0131n geni\u015fl\u0259ndirilm\u0259si m\u0259qs\u0259di da\u015f\u0131y\u0131r.<\/p>\n\n\n\n<p>Ukraynada tibbi marixuanan\u0131n leqalla\u015fd\u0131r\u0131lmas\u0131 z\u0259rur\u0259ti il\u0259 ba\u011fl\u0131 m\u00fczakir\u0259l\u0259r 2016-c\u0131 ild\u0259n gedir.<\/p>\n\n\n\n<p>2023-c\u00fc ilin iyulunda qanun layih\u0259si birinci oxunu\u015fda t\u0259sdiq edilib.<\/p>\n\n\n\n<p>Zelenski bu t\u0259\u015f\u0259bb\u00fcs\u00fc 2019-cu ild\u0259ki se\u00e7ki kampaniyas\u0131 zaman\u0131 d\u0259st\u0259kl\u0259yib. O qeyd edib ki, Ukrayna Avropada \u0259n g\u00fccl\u00fc \u0259qli v\u0259 fiziki reabilitasiya s\u0259nayesini yaratmaq niyy\u0259tind\u0259dir.<\/p>\n\n\n\n<p>Qanun b\u0259yan edildikd\u0259n alt\u0131 ay sonra, 2024-c\u00fc il iyulun ortalar\u0131nda q\u00fcvv\u0259y\u0259 min\u0259c\u0259k.<\/p>\n\n\n\n<p>Yaln\u0131z x\u00fcsusi lisenziya v\u0259 sertifikat alm\u0131\u015f h\u00fcquqi \u015f\u0259xsl\u0259r tibbi marixuana yeti\u015fdir\u0259 bil\u0259c\u0259kl\u0259r. Plantasiya gec\u0259-g\u00fcnd\u00fcz izl\u0259nil\u0259c\u0259k v\u0259 h\u0259r bir kolun f\u0259rdi kodu olacaq. Marixuana \u0259sasl\u0131 d\u0259rmanlar yaln\u0131z h\u0259kim resepti il\u0259 \u0259ld\u0259 edil\u0259c\u0259k.<\/p>\n","protected":false},"excerpt":{"rendered":"<p>Zelenski \u00f6t\u0259n il q\u0259bul olunmu\u015f qanunu t\u0259sdiql\u0259di Ukrayna Prezidenti Volodimir &#8230; <\/p>\n<p class=\"read-more-container\"><a title=\"Ukraynada tibbi marixuana leqalla\u015fd\u0131\" class=\"read-more button\" href=\"https:\/\/www.meydan.tv\/az\/article\/ukraynada-tibbi-marixuana-leqallasdi\/#more-299119\" aria-label=\"Read more about Ukraynada tibbi marixuana leqalla\u015fd\u0131\">Davam\u0131<\/a><\/p>\n","protected":false},"author":8,"featured_media":299121,"comment_status":"closed","ping_status":"closed","sticky":false,"template":"","format":"standard","meta":{"_acf_changed":false,"_sitemap_exclude":false,"_sitemap_priority":"","_sitemap_frequency":"","footnotes":""},"categories":[64,62,56],"tags":[],"class_list":["post-299119","post","type-post","status-publish","format-standard","has-post-thumbnail","hentry","category-dunya","category-sosial","category-xeberler","infinite-scroll-item","generate-columns","tablet-grid-50","mobile-grid-100","grid-parent","grid-33","no-featured-image-padding"],"acf":[],"yoast_head":"<!-- This site is optimized with the Yoast SEO plugin v27.5 - https:\/\/yoast.com\/product\/yoast-seo-wordpress\/ -->\n<title>Ukraynada tibbi marixuana leqalla\u015fd\u0131 - MEYDAN.TV<\/title>\n<meta name=\"robots\" content=\"index, follow, max-snippet:-1, max-image-preview:large, max-video-preview:-1\" \/>\n<link rel=\"canonical\" href=\"https:\/\/www.meydan.tv\/az\/article\/ukraynada-tibbi-marixuana-leqallasdi\/\" \/>\n<meta property=\"og:locale\" content=\"az_AZ\" \/>\n<meta property=\"og:type\" content=\"article\" \/>\n<meta property=\"og:title\" content=\"Ukraynada tibbi marixuana leqalla\u015fd\u0131 - MEYDAN.TV\" \/>\n<meta property=\"og:description\" content=\"Zelenski \u00f6t\u0259n il q\u0259bul olunmu\u015f qanunu t\u0259sdiql\u0259di Ukrayna Prezidenti Volodimir ... Davam\u0131\" \/>\n<meta property=\"og:url\" content=\"https:\/\/www.meydan.tv\/az\/article\/ukraynada-tibbi-marixuana-leqallasdi\/\" \/>\n<meta property=\"og:site_name\" content=\"MEYDAN.TV\" \/>\n<meta property=\"article:published_time\" content=\"2024-02-16T12:20:30+00:00\" \/>\n<meta property=\"article:modified_time\" content=\"2024-02-16T12:21:53+00:00\" \/>\n<meta property=\"og:image\" content=\"https:\/\/www.meydan.tv\/wp-content\/uploads\/15367089145106458123_1200x630.jpg\" \/>\n\t<meta property=\"og:image:width\" content=\"924\" \/>\n\t<meta property=\"og:image:height\" content=\"630\" \/>\n\t<meta property=\"og:image:type\" content=\"image\/jpeg\" \/>\n<meta name=\"author\" content=\"elli\" \/>\n<meta name=\"twitter:card\" content=\"summary_large_image\" \/>\n<meta name=\"twitter:creator\" content=\"@elli\" \/>\n<script type=\"application\/ld+json\" class=\"yoast-schema-graph\">{\"@context\":\"https:\\\/\\\/schema.org\",\"@graph\":[{\"@type\":\"Article\",\"@id\":\"https:\\\/\\\/www.meydan.tv\\\/az\\\/article\\\/ukraynada-tibbi-marixuana-leqallasdi\\\/#article\",\"isPartOf\":{\"@id\":\"https:\\\/\\\/www.meydan.tv\\\/az\\\/article\\\/ukraynada-tibbi-marixuana-leqallasdi\\\/\"},\"author\":{\"name\":\"elli\",\"@id\":\"https:\\\/\\\/www.meydan.tv\\\/az\\\/#\\\/schema\\\/person\\\/9cdbecf90d17180ce1dfbd95b08dcf47\"},\"headline\":\"Ukraynada tibbi marixuana leqalla\u015fd\u0131\",\"datePublished\":\"2024-02-16T12:20:30+00:00\",\"dateModified\":\"2024-02-16T12:21:53+00:00\",\"mainEntityOfPage\":{\"@id\":\"https:\\\/\\\/www.meydan.tv\\\/az\\\/article\\\/ukraynada-tibbi-marixuana-leqallasdi\\\/\"},\"wordCount\":233,\"publisher\":{\"@id\":\"https:\\\/\\\/www.meydan.tv\\\/az\\\/#organization\"},\"image\":{\"@id\":\"https:\\\/\\\/www.meydan.tv\\\/az\\\/article\\\/ukraynada-tibbi-marixuana-leqallasdi\\\/#primaryimage\"},\"thumbnailUrl\":\"https:\\\/\\\/www.meydan.tv\\\/wp-content\\\/uploads\\\/15367089145106458123_1200x630.jpg\",\"articleSection\":[\"D\u00fcnya\",\"Sosial\",\"X\u0259b\u0259rl\u0259r\"],\"inLanguage\":\"az\"},{\"@type\":\"WebPage\",\"@id\":\"https:\\\/\\\/www.meydan.tv\\\/az\\\/article\\\/ukraynada-tibbi-marixuana-leqallasdi\\\/\",\"url\":\"https:\\\/\\\/www.meydan.tv\\\/az\\\/article\\\/ukraynada-tibbi-marixuana-leqallasdi\\\/\",\"name\":\"Ukraynada tibbi marixuana leqalla\u015fd\u0131 - MEYDAN.TV\",\"isPartOf\":{\"@id\":\"https:\\\/\\\/www.meydan.tv\\\/az\\\/#website\"},\"primaryImageOfPage\":{\"@id\":\"https:\\\/\\\/www.meydan.tv\\\/az\\\/article\\\/ukraynada-tibbi-marixuana-leqallasdi\\\/#primaryimage\"},\"image\":{\"@id\":\"https:\\\/\\\/www.meydan.tv\\\/az\\\/article\\\/ukraynada-tibbi-marixuana-leqallasdi\\\/#primaryimage\"},\"thumbnailUrl\":\"https:\\\/\\\/www.meydan.tv\\\/wp-content\\\/uploads\\\/15367089145106458123_1200x630.jpg\",\"datePublished\":\"2024-02-16T12:20:30+00:00\",\"dateModified\":\"2024-02-16T12:21:53+00:00\",\"breadcrumb\":{\"@id\":\"https:\\\/\\\/www.meydan.tv\\\/az\\\/article\\\/ukraynada-tibbi-marixuana-leqallasdi\\\/#breadcrumb\"},\"inLanguage\":\"az\",\"potentialAction\":[{\"@type\":\"ReadAction\",\"target\":[\"https:\\\/\\\/www.meydan.tv\\\/az\\\/article\\\/ukraynada-tibbi-marixuana-leqallasdi\\\/\"]}]},{\"@type\":\"ImageObject\",\"inLanguage\":\"az\",\"@id\":\"https:\\\/\\\/www.meydan.tv\\\/az\\\/article\\\/ukraynada-tibbi-marixuana-leqallasdi\\\/#primaryimage\",\"url\":\"https:\\\/\\\/www.meydan.tv\\\/wp-content\\\/uploads\\\/15367089145106458123_1200x630.jpg\",\"contentUrl\":\"https:\\\/\\\/www.meydan.tv\\\/wp-content\\\/uploads\\\/15367089145106458123_1200x630.jpg\",\"width\":924,\"height\":630,\"caption\":\"Tibbi marixuana. Foto: Az\u0259rtac\"},{\"@type\":\"BreadcrumbList\",\"@id\":\"https:\\\/\\\/www.meydan.tv\\\/az\\\/article\\\/ukraynada-tibbi-marixuana-leqallasdi\\\/#breadcrumb\",\"itemListElement\":[{\"@type\":\"ListItem\",\"position\":1,\"name\":\"Ana s\u0259hif\u0259\",\"item\":\"https:\\\/\\\/www.meydan.tv\\\/az\\\/\"},{\"@type\":\"ListItem\",\"position\":2,\"name\":\"Sosial\",\"item\":\"https:\\\/\\\/www.meydan.tv\\\/az\\\/section\\\/sosial\\\/\"},{\"@type\":\"ListItem\",\"position\":3,\"name\":\"Ukraynada tibbi marixuana leqalla\u015fd\u0131\"}]},{\"@type\":\"WebSite\",\"@id\":\"https:\\\/\\\/www.meydan.tv\\\/az\\\/#website\",\"url\":\"https:\\\/\\\/www.meydan.tv\\\/az\\\/\",\"name\":\"MEYDAN.TV\",\"description\":\"Meydan TV Az\u0259rbaycan\u0131n media m\u0259kan\u0131ndak\u0131 alternativ s\u0259sidir\",\"publisher\":{\"@id\":\"https:\\\/\\\/www.meydan.tv\\\/az\\\/#organization\"},\"potentialAction\":[{\"@type\":\"SearchAction\",\"target\":{\"@type\":\"EntryPoint\",\"urlTemplate\":\"https:\\\/\\\/www.meydan.tv\\\/az\\\/?s={search_term_string}\"},\"query-input\":{\"@type\":\"PropertyValueSpecification\",\"valueRequired\":true,\"valueName\":\"search_term_string\"}}],\"inLanguage\":\"az\"},{\"@type\":\"Organization\",\"@id\":\"https:\\\/\\\/www.meydan.tv\\\/az\\\/#organization\",\"name\":\"Meydan TV\",\"url\":\"https:\\\/\\\/www.meydan.tv\\\/az\\\/\",\"logo\":{\"@type\":\"ImageObject\",\"inLanguage\":\"az\",\"@id\":\"https:\\\/\\\/www.meydan.tv\\\/az\\\/#\\\/schema\\\/logo\\\/image\\\/\",\"url\":\"https:\\\/\\\/www.meydan.tv\\\/wp-content\\\/uploads\\\/2021\\\/07\\\/meydan-logo.svg\",\"contentUrl\":\"https:\\\/\\\/www.meydan.tv\\\/wp-content\\\/uploads\\\/2021\\\/07\\\/meydan-logo.svg\",\"width\":195,\"height\":46,\"caption\":\"Meydan TV\"},\"image\":{\"@id\":\"https:\\\/\\\/www.meydan.tv\\\/az\\\/#\\\/schema\\\/logo\\\/image\\\/\"}},{\"@type\":\"Person\",\"@id\":\"https:\\\/\\\/www.meydan.tv\\\/az\\\/#\\\/schema\\\/person\\\/9cdbecf90d17180ce1dfbd95b08dcf47\",\"name\":\"elli\",\"sameAs\":[\"https:\\\/\\\/x.com\\\/elli\"]}]}<\/script>\n<!-- \/ Yoast SEO plugin. -->","yoast_head_json":{"title":"Ukraynada tibbi marixuana leqalla\u015fd\u0131 - MEYDAN.TV","robots":{"index":"index","follow":"follow","max-snippet":"max-snippet:-1","max-image-preview":"max-image-preview:large","max-video-preview":"max-video-preview:-1"},"canonical":"https:\/\/www.meydan.tv\/az\/article\/ukraynada-tibbi-marixuana-leqallasdi\/","og_locale":"az_AZ","og_type":"article","og_title":"Ukraynada tibbi marixuana leqalla\u015fd\u0131 - MEYDAN.TV","og_description":"Zelenski \u00f6t\u0259n il q\u0259bul olunmu\u015f qanunu t\u0259sdiql\u0259di Ukrayna Prezidenti Volodimir ... Davam\u0131","og_url":"https:\/\/www.meydan.tv\/az\/article\/ukraynada-tibbi-marixuana-leqallasdi\/","og_site_name":"MEYDAN.TV","article_published_time":"2024-02-16T12:20:30+00:00","article_modified_time":"2024-02-16T12:21:53+00:00","og_image":[{"width":924,"height":630,"url":"https:\/\/www.meydan.tv\/wp-content\/uploads\/15367089145106458123_1200x630.jpg","type":"image\/jpeg"}],"author":"elli","twitter_card":"summary_large_image","twitter_creator":"@elli","schema":{"@context":"https:\/\/schema.org","@graph":[{"@type":"Article","@id":"https:\/\/www.meydan.tv\/az\/article\/ukraynada-tibbi-marixuana-leqallasdi\/#article","isPartOf":{"@id":"https:\/\/www.meydan.tv\/az\/article\/ukraynada-tibbi-marixuana-leqallasdi\/"},"author":{"name":"elli","@id":"https:\/\/www.meydan.tv\/az\/#\/schema\/person\/9cdbecf90d17180ce1dfbd95b08dcf47"},"headline":"Ukraynada tibbi marixuana leqalla\u015fd\u0131","datePublished":"2024-02-16T12:20:30+00:00","dateModified":"2024-02-16T12:21:53+00:00","mainEntityOfPage":{"@id":"https:\/\/www.meydan.tv\/az\/article\/ukraynada-tibbi-marixuana-leqallasdi\/"},"wordCount":233,"publisher":{"@id":"https:\/\/www.meydan.tv\/az\/#organization"},"image":{"@id":"https:\/\/www.meydan.tv\/az\/article\/ukraynada-tibbi-marixuana-leqallasdi\/#primaryimage"},"thumbnailUrl":"https:\/\/www.meydan.tv\/wp-content\/uploads\/15367089145106458123_1200x630.jpg","articleSection":["D\u00fcnya","Sosial","X\u0259b\u0259rl\u0259r"],"inLanguage":"az"},{"@type":"WebPage","@id":"https:\/\/www.meydan.tv\/az\/article\/ukraynada-tibbi-marixuana-leqallasdi\/","url":"https:\/\/www.meydan.tv\/az\/article\/ukraynada-tibbi-marixuana-leqallasdi\/","name":"Ukraynada tibbi marixuana leqalla\u015fd\u0131 - MEYDAN.TV","isPartOf":{"@id":"https:\/\/www.meydan.tv\/az\/#website"},"primaryImageOfPage":{"@id":"https:\/\/www.meydan.tv\/az\/article\/ukraynada-tibbi-marixuana-leqallasdi\/#primaryimage"},"image":{"@id":"https:\/\/www.meydan.tv\/az\/article\/ukraynada-tibbi-marixuana-leqallasdi\/#primaryimage"},"thumbnailUrl":"https:\/\/www.meydan.tv\/wp-content\/uploads\/15367089145106458123_1200x630.jpg","datePublished":"2024-02-16T12:20:30+00:00","dateModified":"2024-02-16T12:21:53+00:00","breadcrumb":{"@id":"https:\/\/www.meydan.tv\/az\/article\/ukraynada-tibbi-marixuana-leqallasdi\/#breadcrumb"},"inLanguage":"az","potentialAction":[{"@type":"ReadAction","target":["https:\/\/www.meydan.tv\/az\/article\/ukraynada-tibbi-marixuana-leqallasdi\/"]}]},{"@type":"ImageObject","inLanguage":"az","@id":"https:\/\/www.meydan.tv\/az\/article\/ukraynada-tibbi-marixuana-leqallasdi\/#primaryimage","url":"https:\/\/www.meydan.tv\/wp-content\/uploads\/15367089145106458123_1200x630.jpg","contentUrl":"https:\/\/www.meydan.tv\/wp-content\/uploads\/15367089145106458123_1200x630.jpg","width":924,"height":630,"caption":"Tibbi marixuana. Foto: Az\u0259rtac"},{"@type":"BreadcrumbList","@id":"https:\/\/www.meydan.tv\/az\/article\/ukraynada-tibbi-marixuana-leqallasdi\/#breadcrumb","itemListElement":[{"@type":"ListItem","position":1,"name":"Ana s\u0259hif\u0259","item":"https:\/\/www.meydan.tv\/az\/"},{"@type":"ListItem","position":2,"name":"Sosial","item":"https:\/\/www.meydan.tv\/az\/section\/sosial\/"},{"@type":"ListItem","position":3,"name":"Ukraynada tibbi marixuana leqalla\u015fd\u0131"}]},{"@type":"WebSite","@id":"https:\/\/www.meydan.tv\/az\/#website","url":"https:\/\/www.meydan.tv\/az\/","name":"MEYDAN.TV","description":"Meydan TV Az\u0259rbaycan\u0131n media m\u0259kan\u0131ndak\u0131 alternativ s\u0259sidir","publisher":{"@id":"https:\/\/www.meydan.tv\/az\/#organization"},"potentialAction":[{"@type":"SearchAction","target":{"@type":"EntryPoint","urlTemplate":"https:\/\/www.meydan.tv\/az\/?s={search_term_string}"},"query-input":{"@type":"PropertyValueSpecification","valueRequired":true,"valueName":"search_term_string"}}],"inLanguage":"az"},{"@type":"Organization","@id":"https:\/\/www.meydan.tv\/az\/#organization","name":"Meydan TV","url":"https:\/\/www.meydan.tv\/az\/","logo":{"@type":"ImageObject","inLanguage":"az","@id":"https:\/\/www.meydan.tv\/az\/#\/schema\/logo\/image\/","url":"https:\/\/www.meydan.tv\/wp-content\/uploads\/2021\/07\/meydan-logo.svg","contentUrl":"https:\/\/www.meydan.tv\/wp-content\/uploads\/2021\/07\/meydan-logo.svg","width":195,"height":46,"caption":"Meydan TV"},"image":{"@id":"https:\/\/www.meydan.tv\/az\/#\/schema\/logo\/image\/"}},{"@type":"Person","@id":"https:\/\/www.meydan.tv\/az\/#\/schema\/person\/9cdbecf90d17180ce1dfbd95b08dcf47","name":"elli","sameAs":["https:\/\/x.com\/elli"]}]}},"_links":{"self":[{"href":"https:\/\/www.meydan.tv\/az\/wp-json\/wp\/v2\/posts\/299119","targetHints":{"allow":["GET"]}}],"collection":[{"href":"https:\/\/www.meydan.tv\/az\/wp-json\/wp\/v2\/posts"}],"about":[{"href":"https:\/\/www.meydan.tv\/az\/wp-json\/wp\/v2\/types\/post"}],"author":[{"embeddable":true,"href":"https:\/\/www.meydan.tv\/az\/wp-json\/wp\/v2\/users\/8"}],"replies":[{"embeddable":true,"href":"https:\/\/www.meydan.tv\/az\/wp-json\/wp\/v2\/comments?post=299119"}],"version-history":[{"count":3,"href":"https:\/\/www.meydan.tv\/az\/wp-json\/wp\/v2\/posts\/299119\/revisions"}],"predecessor-version":[{"id":299133,"href":"https:\/\/www.meydan.tv\/az\/wp-json\/wp\/v2\/posts\/299119\/revisions\/299133"}],"wp:featuredmedia":[{"embeddable":true,"href":"https:\/\/www.meydan.tv\/az\/wp-json\/wp\/v2\/media\/299121"}],"wp:attachment":[{"href":"https:\/\/www.meydan.tv\/az\/wp-json\/wp\/v2\/media?parent=299119"}],"wp:term":[{"taxonomy":"category","embeddable":true,"href":"https:\/\/www.meydan.tv\/az\/wp-json\/wp\/v2\/categories?post=299119"},{"taxonomy":"post_tag","embeddable":true,"href":"https:\/\/www.meydan.tv\/az\/wp-json\/wp\/v2\/tags?post=299119"}],"curies":[{"name":"wp","href":"https:\/\/api.w.org\/{rel}","templated":true}]}}