{"id":299068,"date":"2024-02-16T11:27:25","date_gmt":"2024-02-16T07:27:25","guid":{"rendered":"https:\/\/www.meydan.tv\/?p=299068"},"modified":"2024-02-16T11:45:58","modified_gmt":"2024-02-16T07:45:58","slug":"ilahiyyatci-4-usaq-anasinin-irana-nece-getmesine-ve-kebin-kesdirmesine-aydinliq-getirdi","status":"publish","type":"post","link":"https:\/\/www.meydan.tv\/az\/article\/ilahiyyatci-4-usaq-anasinin-irana-nece-getmesine-ve-kebin-kesdirmesine-aydinliq-getirdi\/","title":{"rendered":"\u0130lahiyyat\u00e7\u0131 4 u\u015faq anas\u0131n\u0131n \u0130rana nec\u0259 getm\u0259sin\u0259 v\u0259 k\u0259bin k\u0259sdirm\u0259sin\u0259 ayd\u0131nl\u0131q g\u0259tirdi"},"content":{"rendered":"\n<p><\/p>\n\n\n\n<p>\u201c<strong><em>Xalid\u0259 Mehbal\u0131yeva da yan\u0131m\u0131zdad\u0131r, h\u0259yat yolda\u015f\u0131mla bac\u0131 kimidirl\u0259r\u201d<\/em><\/strong><\/p>\n\n\n\n<p>Az\u0259rbaycan v\u0259t\u0259nda\u015f\u0131, Bak\u0131 sakini Az\u0259r A\u011fayev h\u0259yat yolda\u015f\u0131 Xalid\u0259 Mehbal\u0131yeva t\u0259r\u0259find\u0259n 4 \u00f6vlad\u0131n\u0131n saxta s\u0259n\u0259dl\u0259rl\u0259 \u0130rana qa\u00e7\u0131rd\u0131\u011f\u0131n\u0131 iddia edir. O, Meydan TV-y\u0259 m\u00fcraci\u0259tind\u0259 <a href=\"https:\/\/www.meydan.tv\/az\/article\/heyat-yoldasim-internetde-basqasi-ile-tanis-olub-usaqlarimi-irana-qacirib\/\">bildirmi\u015fdi<\/a> ki, Xalid\u0259 Mehbal\u0131yeva onunla nikahl\u0131 oldu\u011fu halda 3 u\u015faq atas\u0131 C\u0259f\u0259r Babayev\u0259 qo\u015fulub qa\u00e7\u0131b. U\u015faqlar\u0131 ona v\u0259 Az\u0259rbaycana qar\u015f\u0131 d\u00f6nd\u0259rilib, h\u0259yat yolda\u015f\u0131 il\u0259 C.Babayev is\u0259 SEPAH-a tabe \u201cCamaatul Mustafa\u201d ideologiya m\u0259rk\u0259zin\u0259 ba\u011fl\u0131d\u0131rlar. Buna g\u00f6r\u0259 d\u0259 \u0130randa t\u0259qib\u0259 m\u0259ruz qal\u0131r.<\/p>\n\n\n\n<p>\u0130ttihamda ad\u0131 ke\u00e7\u0259n C\u0259f\u0259r Babayev Meydan TV-y\u0259 dan\u0131\u015f\u0131b. Bildirib ki, A.A\u011fayev \u0130ran\u0131n Qum \u015f\u0259h\u0259rind\u0259ki az qala b\u00fct\u00fcn polis m\u0259nt\u0259q\u0259l\u0259rin\u0259 \u015fikay\u0259t edib, amma \u015fikay\u0259tl\u0259ri \u0259sass\u0131zd\u0131r.<\/p>\n\n\n\n<p>\u201c<em>Xalid\u0259nin Az\u0259r A\u011fayevl\u0259 \u00fcmumiyy\u0259tl\u0259 he\u00e7 vaxt r\u0259smi nikah\u0131 olmay\u0131b. Onlar yaln\u0131z dini k\u0259binl\u0259 bir yerd\u0259 ya\u015fay\u0131blar. Dini k\u0259binin pozulmas\u0131na dair is\u0259 s\u00fcbutlar\u0131m\u0131z var\u201d<\/em>,- C.Babayev deyib.<\/p>\n\n\n\n<p>U\u015faqlar\u0131n saxta s\u0259n\u0259dl\u0259 \u0130rana ke\u00e7irilm\u0259si iddias\u0131na g\u0259ldikd\u0259 is\u0259 deyib ki, u\u015faqlar A\u011fayevin \u00f6z\u00fcn\u00fcn r\u0259smi raz\u0131l\u0131q s\u0259n\u0259di il\u0259 apar\u0131l\u0131b. H\u0259min etibarnam\u0259 onlar evli olark\u0259n A\u011fayevin \u00f6z\u00fc t\u0259r\u0259find\u0259n verilib:<\/p>\n\n\n\n<p>\u201c<em>Onlar dini k\u0259binl\u0259 23 il bir yerd\u0259 ya\u015fay\u0131blar. Az\u0259r A\u011fayevin birinci evliliyind\u0259n olan \u00f6vlad\u0131 da atas\u0131 il\u0259 birg\u0259 ya\u015fay\u0131r. \u0130randak\u0131 17 ya\u015fl\u0131 \u00f6vlad\u0131 is\u0259 atas\u0131 il\u0259 g\u00f6r\u00fc\u015fm\u0259k ist\u0259mir. A\u011fayevin birinci h\u0259yat yolda\u015f\u0131 intihar edib, amma h\u0259yat\u0131n\u0131 xilas etm\u0259k m\u00fcmk\u00fcn olub. Y\u0259ni onu dem\u0259k ist\u0259yir\u0259m ki, h\u0259yat yolda\u015f\u0131 kimi xan\u0131m\u0131na, \u00f6vladlar\u0131na z\u00fclm ya\u015fad\u0131b\u201d.<\/em><\/p>\n\n\n\n<p>C.Babayev qeyd edib ki, Az\u0259r A\u011fayev evli oldu\u011fu zaman ail\u0259si 7 il \u0130randa ya\u015fay\u0131b, u\u015faqlar orada t\u0259hsil al\u0131blar. Yaln\u0131z koronavirus pandemiyas\u0131 zaman\u0131 Az\u0259rbaycana geri d\u00f6n\u00fcb, 3 il m\u00fcdd\u0259tind\u0259 burada ya\u015fay\u0131blar.<\/p>\n\n\n\n<p>Dini nikah pozulandan sonra X.Meybal\u0131yeva aliment \u00fc\u00e7\u00fcn Az\u0259r A\u011fayevi m\u0259hk\u0259m\u0259y\u0259 verib v\u0259 m\u0259hk\u0259m\u0259 u\u015faqlara g\u00f6r\u0259 aliment k\u0259sib.<\/p>\n\n\n\n<p>C.Babayev iddia edir ki, m\u0259hk\u0259m\u0259nin q\u0259rar\u0131ndan 3 ild\u0259n art\u0131q vaxt ke\u00e7s\u0259 d\u0259, A\u011fayev \u00f6vladlar\u0131na aliment \u00f6d\u0259m\u0259yib.<\/p>\n\n\n<div class=\"wp-block-image\">\n<figure class=\"aligncenter size-full\"><img decoding=\"async\" width=\"944\" height=\"540\" data-src=\"https:\/\/www.meydan.tv\/wp-content\/uploads\/screenshot_2-21.png\" alt=\"\" class=\"wp-image-299062 lazyload\" src=\"data:image\/svg+xml;base64,PHN2ZyB3aWR0aD0iMSIgaGVpZ2h0PSIxIiB4bWxucz0iaHR0cDovL3d3dy53My5vcmcvMjAwMC9zdmciPjwvc3ZnPg==\" style=\"--smush-placeholder-width: 944px; --smush-placeholder-aspect-ratio: 944\/540;\" \/><figcaption class=\"wp-element-caption\">Xalid\u0259 Mehbal\u0131yeva. Foto: screenshot<\/figcaption><\/figure>\n<\/div>\n\n\n<p><em>\u201cXalid\u0259 Meybal\u0131yeva m\u0259nim h\u0259yat yolda\u015f\u0131ma Quran t\u0259dris edib. Biz onunla bel\u0259 tan\u0131\u015f olmu\u015fuq. M\u0259n d\u0259 dini inancl\u0131yam, \u00f6mr\u00fcm insanlara yard\u0131m etm\u0259kl\u0259 ke\u00e7ib. M\u0259n Xalid\u0259nin \u0130rana qay\u0131tmas\u0131na maddi k\u00f6m\u0259k etmi\u015f\u0259m. Biz b\u0259rab\u0259r \u0130rana qa\u00e7mam\u0131\u015f\u0131q, \u0259ksin\u0259 Xalid\u0259 g\u0259lm\u0259mi\u015fd\u0259n 7 ay \u0259vv\u0259l m\u0259n \u00f6z h\u0259yat yolda\u015f\u0131mla birlikd\u0259 g\u0259lmi\u015f\u0259m. Y\u0259ni, ail\u0259m, u\u015faqlar\u0131m yan\u0131mdad\u0131r. El\u0259c\u0259 d\u0259 Xalid\u0259 Mehbal\u0131yeva da yan\u0131m\u0131zdad\u0131r, h\u0259yat yolda\u015f\u0131mla bac\u0131 kimidirl\u0259r\u201d,<\/em>&#8211; Babayev deyib.<\/p>\n\n\n\n<p>Bildirib ki, Mehbal\u0131yeva 1 il 3 ayd\u0131r \u0130randad\u0131r. T\u0259xmin\u0259n 6-7 ay \u0259vv\u0259l C\u0259f\u0259r Babayevl\u0259 Xalid\u0259 Mehbal\u0131yeva aras\u0131nda k\u0259bin k\u0259silib. \u00c7\u00fcnki \u0130randa t\u0259nha qad\u0131n\u0131n t\u0259hsil almas\u0131nda \u0259ng\u0259ll\u0259r var. K\u0259bin d\u0259 m\u0259hz Xalid\u0259 Mehbal\u0131yevan\u0131n t\u0259hsil almas\u0131na yard\u0131m m\u0259qs\u0259dil\u0259 k\u0259silib:<\/p>\n\n\n\n<p>\u201c<em>Az\u0259r A\u011fayevin redaksiyan\u0131za t\u0259qdim etdiyi s\u0259n\u0259d si\u011f\u0259 deyil, daimi k\u0259bindir. \u0130ff\u0259tli bir xan\u0131m\u0131 c\u0259miyy\u0259t\u0259 bu c\u00fcr t\u0259qdim etm\u0259k \u0259n az\u0131ndan insafs\u0131zl\u0131qd\u0131r. A\u011fayevin bir d\u0259rdi var, o da m\u00fclk davas\u0131d\u0131r. H\u0259tta xan\u0131m\u0131na bildirib ki, avtomobild\u0259n v\u0259 alimentd\u0259n \u0259l \u00e7\u0259ks\u0259, o da onlardan \u0259l \u00e7\u0259k\u0259r. O ki qald\u0131 Qas\u0131m S\u00fcleymanl\u0131 il\u0259 \u015f\u0259kil \u00e7\u0259kdirilm\u0259sin\u0259, h\u0259min \u015f\u0259kil maketdir. Dig\u0259r dindarlar kimi onlar da maketl\u0259 \u015f\u0259kil \u00e7\u0259kdirib\u0259r\u201d.<\/em><\/p>\n\n\n\n<p>C\u0259f\u0259r Babayev onu da bildirib ki, onun SEPAH-la he\u00e7 bir \u0259laq\u0259si yoxdur, he\u00e7 bir t\u0259\u015fkilata qat\u0131lmay\u0131b:<\/p>\n\n\n\n<p><em>\u201cDo\u011frudur, Az\u0259rbaycanda dindar dostlar\u0131m var. Onlardan bir ne\u00e7\u0259si h\u0259bs olunub v\u0259 m\u0259n din adam\u0131 kimi buna etiraz etmi\u015f\u0259m. B\u0259lk\u0259 d\u0259 Az\u0259rbaycana g\u0259ls\u0259m, sosial \u015f\u0259b\u0259k\u0259l\u0259rd\u0259ki etirazlar\u0131ma g\u00f6r\u0259 h\u0259bs oluna bil\u0259r\u0259m. Amma he\u00e7 bir t\u0259\u015fkilat\u0131n \u00fczv\u00fc deyil\u0259m. \u0130ndiy\u0259 kimi he\u00e7 bir siyasi f\u0259aliyy\u0259tim olmay\u0131b\u201d.<\/em><\/p>\n\n\n\n<p>C.Babayev onu da deyib ki, A.A\u011fayevin \u015fikay\u0259tl\u0259rind\u0259n sonra oxuduqlar\u0131 universitetd\u0259 probleml\u0259r yaran\u0131b. Az\u0259rbaycandak\u0131 v\u0259kill\u0259ri A\u011fayevin ittihamlar\u0131 il\u0259 ba\u011fl\u0131 \u0259laq\u0259dar orqanlara m\u00fcraci\u0259t ed\u0259c\u0259k.<\/p>\n\n\n\n<p>C.Babayev deyib ki, u\u015faqlar analar\u0131 il\u0259 birg\u0259 ya\u015fay\u0131rlar. He\u00e7 bir yat\u0131l\u0131 m\u0259kt\u0259b\u0259 g\u00f6nd\u0259rilm\u0259yibl\u0259r:<\/p>\n\n\n\n<p><em>\u201cAz\u0259r A\u011fayevin o\u011flunun 15 ya\u015f\u0131 var. \u018fvv\u0259l m\u0259kt\u0259b\u0259 gedir, sonra da i\u015fl\u0259yib ail\u0259sini saxlay\u0131rd\u0131. \u0130ndi m\u0259kt\u0259b\u0259 d\u0259 getmir, ax\u015fama q\u0259d\u0259r i\u015fl\u0259yib ail\u0259sini doland\u0131r\u0131r. Onlar\u0131n atalar\u0131 il\u0259 g\u00f6r\u00fc\u015fm\u0259sin\u0259 he\u00e7 kim \u0259ng\u0259l yaratm\u0131r. \u00d6zl\u0259ri atalar\u0131n\u0131 g\u00f6rm\u0259k ist\u0259mirl\u0259r\u201d<\/em>.<\/p>\n\n\n\n<p>C.Babayev Meydan TV-y\u0259 u\u015faqlar\u0131n s\u0259s yaz\u0131s\u0131n\u0131 da g\u00f6nd\u0259rib. O\u011flu Az\u0259r A\u011fayev\u0259 nifr\u0259tini ifad\u0259 edib, onlara meyv\u0259ni bel\u0259 icaz\u0259 il\u0259 verdiyini, analar\u0131na \u0259ziyy\u0259t \u00e7\u0259kdirdiyini xat\u0131rlad\u0131b v\u0259 onunla g\u00f6r\u00fc\u015fm\u0259k ist\u0259m\u0259diyini deyib.<\/p>\n\n\n\n<p>X.Mehbal\u0131yeva da \u201cYoutube\u201d kanal\u0131 \u00fcz\u0259rind\u0259n ke\u00e7mi\u015f h\u0259yat yolda\u015f\u0131n\u0131n t\u0259zyiq v\u0259 t\u0259hdidl\u0259rin\u0259 m\u0259ruz qald\u0131\u011f\u0131n\u0131 <a href=\"https:\/\/www.youtube.com\/watch?v=Ly0nYOxfU38\">bildirib<\/a>.<\/p>\n\n\n\n<p>Meydan TV t\u0259krar Az\u0259r A\u011fayevl\u0259 \u0259laq\u0259 saxlay\u0131b. Az\u0259r A\u011fayev dini nikah\u0131n pozulmad\u0131\u011f\u0131n\u0131 israr edib v\u0259 deyib ki, h\u0259yat yolda\u015f\u0131 onu t\u0259rk etdikd\u0259n sonra \u00f6vladlar\u0131na maddi d\u0259st\u0259k olub. H\u0259tta bank hesablar\u0131na g\u00f6nd\u0259ril\u0259n v\u0259saitin q\u0259bzl\u0259ri d\u0259 m\u0259hk\u0259m\u0259y\u0259 t\u0259qdim olunub. Alimentin \u00f6d\u0259nilm\u0259sin\u0259 g\u0259linc\u0259, o, \u00f6vladlar\u0131n\u0131n Az\u0259rbaycanda ya\u015famad\u0131\u011f\u0131n\u0131, onlar\u0131 geri g\u0259tirm\u0259k \u00fc\u00e7\u00fcn \u0130rana pul g\u00f6nd\u0259rm\u0259diyini bildirib.\u00a0 Onu da deyib ki, u\u015faqlar\u0131n\u0131n \u00f6lk\u0259d\u0259n \u00e7\u0131xar\u0131lmas\u0131na dair verdiyi s\u0259n\u0259d evlilikl\u0259ri d\u00f6vr\u00fcn\u0259 t\u0259sad\u00fcf edir v\u0259 sonradan h\u0259min s\u0259n\u0259di l\u0259\u011fv etdirib. Ona g\u00f6r\u0259 d\u0259 hesab edir ki, u\u015faqlar\u0131 saxta s\u0259n\u0259dl\u0259 \u00f6lk\u0259d\u0259n \u00e7\u0131xar\u0131l\u0131b.<\/p>\n\n\n\n<p>Az\u0259r A\u011fayev onu da deyib ki, fevral\u0131n 15-d\u0259 ax\u015fam saatlar\u0131nda ETTELAT (\u0130ran K\u0259\u015ffiyyat Nazirliyi) onun qald\u0131\u011f\u0131 oteld\u0259 \u0259m\u0259liyyat ke\u00e7irib v\u0259 \u0259\u015fyalar\u0131 da\u011f\u0131d\u0131l\u0131b. \u00d6z\u00fcn\u00fc is\u0259 h\u0259bs etm\u0259k \u00fc\u00e7\u00fcn m\u0259hk\u0259m\u0259 qar\u015f\u0131s\u0131na \u00e7\u0131xaracaqlar. Az\u0259r A\u011fayev d\u0259f\u0259l\u0259rl\u0259 Az\u0259rbaycan\u0131n T\u0259brizd\u0259ki konsullu\u011fu il\u0259 \u0259laq\u0259 saxlama\u011fa c\u0259hd etdiyini, lakin ona k\u00f6m\u0259k olunmad\u0131\u011f\u0131n\u0131 deyir.<\/p>\n\n\n\n<p>Az\u0259rbaycan Xarici \u0130\u015fl\u0259r Nazirliyind\u0259n Meydan TV-y\u0259 m\u0259s\u0259l\u0259ni ara\u015fd\u0131rd\u0131qlar\u0131n\u0131 bildiribl\u0259r.<\/p>\n","protected":false},"excerpt":{"rendered":"<p>\u201cXalid\u0259 Mehbal\u0131yeva da yan\u0131m\u0131zdad\u0131r, h\u0259yat yolda\u015f\u0131mla bac\u0131 kimidirl\u0259r\u201d Az\u0259rbaycan v\u0259t\u0259nda\u015f\u0131, &#8230; <\/p>\n<p class=\"read-more-container\"><a title=\"\u0130lahiyyat\u00e7\u0131 4 u\u015faq anas\u0131n\u0131n \u0130rana nec\u0259 getm\u0259sin\u0259 v\u0259 k\u0259bin k\u0259sdirm\u0259sin\u0259 ayd\u0131nl\u0131q g\u0259tirdi\" class=\"read-more button\" href=\"https:\/\/www.meydan.tv\/az\/article\/ilahiyyatci-4-usaq-anasinin-irana-nece-getmesine-ve-kebin-kesdirmesine-aydinliq-getirdi\/#more-299068\" aria-label=\"Read more about \u0130lahiyyat\u00e7\u0131 4 u\u015faq anas\u0131n\u0131n \u0130rana nec\u0259 getm\u0259sin\u0259 v\u0259 k\u0259bin k\u0259sdirm\u0259sin\u0259 ayd\u0131nl\u0131q g\u0259tirdi\">Davam\u0131<\/a><\/p>\n","protected":false},"author":8,"featured_media":297907,"comment_status":"closed","ping_status":"closed","sticky":false,"template":"","format":"standard","meta":{"_acf_changed":false,"_sitemap_exclude":false,"_sitemap_priority":"","_sitemap_frequency":"","footnotes":""},"categories":[62,79,56],"tags":[],"class_list":["post-299068","post","type-post","status-publish","format-standard","has-post-thumbnail","hentry","category-sosial","category-featured","category-xeberler","infinite-scroll-item","generate-columns","tablet-grid-50","mobile-grid-100","grid-parent","grid-33","no-featured-image-padding"],"acf":[],"yoast_head":"<!-- This site is optimized with the Yoast SEO plugin v27.5 - https:\/\/yoast.com\/product\/yoast-seo-wordpress\/ -->\n<title>\u0130lahiyyat\u00e7\u0131 4 u\u015faq anas\u0131n\u0131n \u0130rana nec\u0259 getm\u0259sin\u0259 v\u0259 k\u0259bin k\u0259sdirm\u0259sin\u0259 ayd\u0131nl\u0131q g\u0259tirdi - MEYDAN.TV<\/title>\n<meta name=\"robots\" content=\"index, follow, max-snippet:-1, max-image-preview:large, max-video-preview:-1\" \/>\n<link rel=\"canonical\" href=\"https:\/\/www.meydan.tv\/az\/article\/ilahiyyatci-4-usaq-anasinin-irana-nece-getmesine-ve-kebin-kesdirmesine-aydinliq-getirdi\/\" \/>\n<meta property=\"og:locale\" content=\"az_AZ\" \/>\n<meta property=\"og:type\" content=\"article\" \/>\n<meta property=\"og:title\" content=\"\u0130lahiyyat\u00e7\u0131 4 u\u015faq anas\u0131n\u0131n \u0130rana nec\u0259 getm\u0259sin\u0259 v\u0259 k\u0259bin k\u0259sdirm\u0259sin\u0259 ayd\u0131nl\u0131q g\u0259tirdi - MEYDAN.TV\" \/>\n<meta property=\"og:description\" content=\"\u201cXalid\u0259 Mehbal\u0131yeva da yan\u0131m\u0131zdad\u0131r, h\u0259yat yolda\u015f\u0131mla bac\u0131 kimidirl\u0259r\u201d Az\u0259rbaycan v\u0259t\u0259nda\u015f\u0131, ... Davam\u0131\" \/>\n<meta property=\"og:url\" content=\"https:\/\/www.meydan.tv\/az\/article\/ilahiyyatci-4-usaq-anasinin-irana-nece-getmesine-ve-kebin-kesdirmesine-aydinliq-getirdi\/\" \/>\n<meta property=\"og:site_name\" content=\"MEYDAN.TV\" \/>\n<meta property=\"article:published_time\" content=\"2024-02-16T07:27:25+00:00\" \/>\n<meta property=\"article:modified_time\" content=\"2024-02-16T07:45:58+00:00\" \/>\n<meta property=\"og:image\" content=\"https:\/\/www.meydan.tv\/wp-content\/uploads\/iran-12.jpg\" \/>\n\t<meta property=\"og:image:width\" content=\"1200\" \/>\n\t<meta property=\"og:image:height\" content=\"798\" \/>\n\t<meta property=\"og:image:type\" content=\"image\/jpeg\" \/>\n<meta name=\"author\" content=\"elli\" \/>\n<meta name=\"twitter:card\" content=\"summary_large_image\" \/>\n<meta name=\"twitter:creator\" content=\"@elli\" \/>\n<script type=\"application\/ld+json\" class=\"yoast-schema-graph\">{\"@context\":\"https:\\\/\\\/schema.org\",\"@graph\":[{\"@type\":\"Article\",\"@id\":\"https:\\\/\\\/www.meydan.tv\\\/az\\\/article\\\/ilahiyyatci-4-usaq-anasinin-irana-nece-getmesine-ve-kebin-kesdirmesine-aydinliq-getirdi\\\/#article\",\"isPartOf\":{\"@id\":\"https:\\\/\\\/www.meydan.tv\\\/az\\\/article\\\/ilahiyyatci-4-usaq-anasinin-irana-nece-getmesine-ve-kebin-kesdirmesine-aydinliq-getirdi\\\/\"},\"author\":{\"name\":\"elli\",\"@id\":\"https:\\\/\\\/www.meydan.tv\\\/az\\\/#\\\/schema\\\/person\\\/9cdbecf90d17180ce1dfbd95b08dcf47\"},\"headline\":\"\u0130lahiyyat\u00e7\u0131 4 u\u015faq anas\u0131n\u0131n \u0130rana nec\u0259 getm\u0259sin\u0259 v\u0259 k\u0259bin k\u0259sdirm\u0259sin\u0259 ayd\u0131nl\u0131q g\u0259tirdi\",\"datePublished\":\"2024-02-16T07:27:25+00:00\",\"dateModified\":\"2024-02-16T07:45:58+00:00\",\"mainEntityOfPage\":{\"@id\":\"https:\\\/\\\/www.meydan.tv\\\/az\\\/article\\\/ilahiyyatci-4-usaq-anasinin-irana-nece-getmesine-ve-kebin-kesdirmesine-aydinliq-getirdi\\\/\"},\"wordCount\":1280,\"publisher\":{\"@id\":\"https:\\\/\\\/www.meydan.tv\\\/az\\\/#organization\"},\"image\":{\"@id\":\"https:\\\/\\\/www.meydan.tv\\\/az\\\/article\\\/ilahiyyatci-4-usaq-anasinin-irana-nece-getmesine-ve-kebin-kesdirmesine-aydinliq-getirdi\\\/#primaryimage\"},\"thumbnailUrl\":\"https:\\\/\\\/www.meydan.tv\\\/wp-content\\\/uploads\\\/iran-12.jpg\",\"articleSection\":[\"Sosial\",\"T\u00f6vsiy\u0259\",\"X\u0259b\u0259rl\u0259r\"],\"inLanguage\":\"az\"},{\"@type\":\"WebPage\",\"@id\":\"https:\\\/\\\/www.meydan.tv\\\/az\\\/article\\\/ilahiyyatci-4-usaq-anasinin-irana-nece-getmesine-ve-kebin-kesdirmesine-aydinliq-getirdi\\\/\",\"url\":\"https:\\\/\\\/www.meydan.tv\\\/az\\\/article\\\/ilahiyyatci-4-usaq-anasinin-irana-nece-getmesine-ve-kebin-kesdirmesine-aydinliq-getirdi\\\/\",\"name\":\"\u0130lahiyyat\u00e7\u0131 4 u\u015faq anas\u0131n\u0131n \u0130rana nec\u0259 getm\u0259sin\u0259 v\u0259 k\u0259bin k\u0259sdirm\u0259sin\u0259 ayd\u0131nl\u0131q g\u0259tirdi - MEYDAN.TV\",\"isPartOf\":{\"@id\":\"https:\\\/\\\/www.meydan.tv\\\/az\\\/#website\"},\"primaryImageOfPage\":{\"@id\":\"https:\\\/\\\/www.meydan.tv\\\/az\\\/article\\\/ilahiyyatci-4-usaq-anasinin-irana-nece-getmesine-ve-kebin-kesdirmesine-aydinliq-getirdi\\\/#primaryimage\"},\"image\":{\"@id\":\"https:\\\/\\\/www.meydan.tv\\\/az\\\/article\\\/ilahiyyatci-4-usaq-anasinin-irana-nece-getmesine-ve-kebin-kesdirmesine-aydinliq-getirdi\\\/#primaryimage\"},\"thumbnailUrl\":\"https:\\\/\\\/www.meydan.tv\\\/wp-content\\\/uploads\\\/iran-12.jpg\",\"datePublished\":\"2024-02-16T07:27:25+00:00\",\"dateModified\":\"2024-02-16T07:45:58+00:00\",\"breadcrumb\":{\"@id\":\"https:\\\/\\\/www.meydan.tv\\\/az\\\/article\\\/ilahiyyatci-4-usaq-anasinin-irana-nece-getmesine-ve-kebin-kesdirmesine-aydinliq-getirdi\\\/#breadcrumb\"},\"inLanguage\":\"az\",\"potentialAction\":[{\"@type\":\"ReadAction\",\"target\":[\"https:\\\/\\\/www.meydan.tv\\\/az\\\/article\\\/ilahiyyatci-4-usaq-anasinin-irana-nece-getmesine-ve-kebin-kesdirmesine-aydinliq-getirdi\\\/\"]}]},{\"@type\":\"ImageObject\",\"inLanguage\":\"az\",\"@id\":\"https:\\\/\\\/www.meydan.tv\\\/az\\\/article\\\/ilahiyyatci-4-usaq-anasinin-irana-nece-getmesine-ve-kebin-kesdirmesine-aydinliq-getirdi\\\/#primaryimage\",\"url\":\"https:\\\/\\\/www.meydan.tv\\\/wp-content\\\/uploads\\\/iran-12.jpg\",\"contentUrl\":\"https:\\\/\\\/www.meydan.tv\\\/wp-content\\\/uploads\\\/iran-12.jpg\",\"width\":1200,\"height\":798,\"caption\":\"\u0130ran. Foto: Emanuele Mazzoni Photo\\\/shutterstock\"},{\"@type\":\"BreadcrumbList\",\"@id\":\"https:\\\/\\\/www.meydan.tv\\\/az\\\/article\\\/ilahiyyatci-4-usaq-anasinin-irana-nece-getmesine-ve-kebin-kesdirmesine-aydinliq-getirdi\\\/#breadcrumb\",\"itemListElement\":[{\"@type\":\"ListItem\",\"position\":1,\"name\":\"Ana s\u0259hif\u0259\",\"item\":\"https:\\\/\\\/www.meydan.tv\\\/az\\\/\"},{\"@type\":\"ListItem\",\"position\":2,\"name\":\"Sosial\",\"item\":\"https:\\\/\\\/www.meydan.tv\\\/az\\\/section\\\/sosial\\\/\"},{\"@type\":\"ListItem\",\"position\":3,\"name\":\"\u0130lahiyyat\u00e7\u0131 4 u\u015faq anas\u0131n\u0131n \u0130rana nec\u0259 getm\u0259sin\u0259 v\u0259 k\u0259bin k\u0259sdirm\u0259sin\u0259 ayd\u0131nl\u0131q g\u0259tirdi\"}]},{\"@type\":\"WebSite\",\"@id\":\"https:\\\/\\\/www.meydan.tv\\\/az\\\/#website\",\"url\":\"https:\\\/\\\/www.meydan.tv\\\/az\\\/\",\"name\":\"MEYDAN.TV\",\"description\":\"Meydan TV Az\u0259rbaycan\u0131n media m\u0259kan\u0131ndak\u0131 alternativ s\u0259sidir\",\"publisher\":{\"@id\":\"https:\\\/\\\/www.meydan.tv\\\/az\\\/#organization\"},\"potentialAction\":[{\"@type\":\"SearchAction\",\"target\":{\"@type\":\"EntryPoint\",\"urlTemplate\":\"https:\\\/\\\/www.meydan.tv\\\/az\\\/?s={search_term_string}\"},\"query-input\":{\"@type\":\"PropertyValueSpecification\",\"valueRequired\":true,\"valueName\":\"search_term_string\"}}],\"inLanguage\":\"az\"},{\"@type\":\"Organization\",\"@id\":\"https:\\\/\\\/www.meydan.tv\\\/az\\\/#organization\",\"name\":\"Meydan TV\",\"url\":\"https:\\\/\\\/www.meydan.tv\\\/az\\\/\",\"logo\":{\"@type\":\"ImageObject\",\"inLanguage\":\"az\",\"@id\":\"https:\\\/\\\/www.meydan.tv\\\/az\\\/#\\\/schema\\\/logo\\\/image\\\/\",\"url\":\"https:\\\/\\\/www.meydan.tv\\\/wp-content\\\/uploads\\\/2021\\\/07\\\/meydan-logo.svg\",\"contentUrl\":\"https:\\\/\\\/www.meydan.tv\\\/wp-content\\\/uploads\\\/2021\\\/07\\\/meydan-logo.svg\",\"width\":195,\"height\":46,\"caption\":\"Meydan TV\"},\"image\":{\"@id\":\"https:\\\/\\\/www.meydan.tv\\\/az\\\/#\\\/schema\\\/logo\\\/image\\\/\"}},{\"@type\":\"Person\",\"@id\":\"https:\\\/\\\/www.meydan.tv\\\/az\\\/#\\\/schema\\\/person\\\/9cdbecf90d17180ce1dfbd95b08dcf47\",\"name\":\"elli\",\"sameAs\":[\"https:\\\/\\\/x.com\\\/elli\"]}]}<\/script>\n<!-- \/ Yoast SEO plugin. -->","yoast_head_json":{"title":"\u0130lahiyyat\u00e7\u0131 4 u\u015faq anas\u0131n\u0131n \u0130rana nec\u0259 getm\u0259sin\u0259 v\u0259 k\u0259bin k\u0259sdirm\u0259sin\u0259 ayd\u0131nl\u0131q g\u0259tirdi - MEYDAN.TV","robots":{"index":"index","follow":"follow","max-snippet":"max-snippet:-1","max-image-preview":"max-image-preview:large","max-video-preview":"max-video-preview:-1"},"canonical":"https:\/\/www.meydan.tv\/az\/article\/ilahiyyatci-4-usaq-anasinin-irana-nece-getmesine-ve-kebin-kesdirmesine-aydinliq-getirdi\/","og_locale":"az_AZ","og_type":"article","og_title":"\u0130lahiyyat\u00e7\u0131 4 u\u015faq anas\u0131n\u0131n \u0130rana nec\u0259 getm\u0259sin\u0259 v\u0259 k\u0259bin k\u0259sdirm\u0259sin\u0259 ayd\u0131nl\u0131q g\u0259tirdi - MEYDAN.TV","og_description":"\u201cXalid\u0259 Mehbal\u0131yeva da yan\u0131m\u0131zdad\u0131r, h\u0259yat yolda\u015f\u0131mla bac\u0131 kimidirl\u0259r\u201d Az\u0259rbaycan v\u0259t\u0259nda\u015f\u0131, ... Davam\u0131","og_url":"https:\/\/www.meydan.tv\/az\/article\/ilahiyyatci-4-usaq-anasinin-irana-nece-getmesine-ve-kebin-kesdirmesine-aydinliq-getirdi\/","og_site_name":"MEYDAN.TV","article_published_time":"2024-02-16T07:27:25+00:00","article_modified_time":"2024-02-16T07:45:58+00:00","og_image":[{"width":1200,"height":798,"url":"https:\/\/www.meydan.tv\/wp-content\/uploads\/iran-12.jpg","type":"image\/jpeg"}],"author":"elli","twitter_card":"summary_large_image","twitter_creator":"@elli","schema":{"@context":"https:\/\/schema.org","@graph":[{"@type":"Article","@id":"https:\/\/www.meydan.tv\/az\/article\/ilahiyyatci-4-usaq-anasinin-irana-nece-getmesine-ve-kebin-kesdirmesine-aydinliq-getirdi\/#article","isPartOf":{"@id":"https:\/\/www.meydan.tv\/az\/article\/ilahiyyatci-4-usaq-anasinin-irana-nece-getmesine-ve-kebin-kesdirmesine-aydinliq-getirdi\/"},"author":{"name":"elli","@id":"https:\/\/www.meydan.tv\/az\/#\/schema\/person\/9cdbecf90d17180ce1dfbd95b08dcf47"},"headline":"\u0130lahiyyat\u00e7\u0131 4 u\u015faq anas\u0131n\u0131n \u0130rana nec\u0259 getm\u0259sin\u0259 v\u0259 k\u0259bin k\u0259sdirm\u0259sin\u0259 ayd\u0131nl\u0131q g\u0259tirdi","datePublished":"2024-02-16T07:27:25+00:00","dateModified":"2024-02-16T07:45:58+00:00","mainEntityOfPage":{"@id":"https:\/\/www.meydan.tv\/az\/article\/ilahiyyatci-4-usaq-anasinin-irana-nece-getmesine-ve-kebin-kesdirmesine-aydinliq-getirdi\/"},"wordCount":1280,"publisher":{"@id":"https:\/\/www.meydan.tv\/az\/#organization"},"image":{"@id":"https:\/\/www.meydan.tv\/az\/article\/ilahiyyatci-4-usaq-anasinin-irana-nece-getmesine-ve-kebin-kesdirmesine-aydinliq-getirdi\/#primaryimage"},"thumbnailUrl":"https:\/\/www.meydan.tv\/wp-content\/uploads\/iran-12.jpg","articleSection":["Sosial","T\u00f6vsiy\u0259","X\u0259b\u0259rl\u0259r"],"inLanguage":"az"},{"@type":"WebPage","@id":"https:\/\/www.meydan.tv\/az\/article\/ilahiyyatci-4-usaq-anasinin-irana-nece-getmesine-ve-kebin-kesdirmesine-aydinliq-getirdi\/","url":"https:\/\/www.meydan.tv\/az\/article\/ilahiyyatci-4-usaq-anasinin-irana-nece-getmesine-ve-kebin-kesdirmesine-aydinliq-getirdi\/","name":"\u0130lahiyyat\u00e7\u0131 4 u\u015faq anas\u0131n\u0131n \u0130rana nec\u0259 getm\u0259sin\u0259 v\u0259 k\u0259bin k\u0259sdirm\u0259sin\u0259 ayd\u0131nl\u0131q g\u0259tirdi - MEYDAN.TV","isPartOf":{"@id":"https:\/\/www.meydan.tv\/az\/#website"},"primaryImageOfPage":{"@id":"https:\/\/www.meydan.tv\/az\/article\/ilahiyyatci-4-usaq-anasinin-irana-nece-getmesine-ve-kebin-kesdirmesine-aydinliq-getirdi\/#primaryimage"},"image":{"@id":"https:\/\/www.meydan.tv\/az\/article\/ilahiyyatci-4-usaq-anasinin-irana-nece-getmesine-ve-kebin-kesdirmesine-aydinliq-getirdi\/#primaryimage"},"thumbnailUrl":"https:\/\/www.meydan.tv\/wp-content\/uploads\/iran-12.jpg","datePublished":"2024-02-16T07:27:25+00:00","dateModified":"2024-02-16T07:45:58+00:00","breadcrumb":{"@id":"https:\/\/www.meydan.tv\/az\/article\/ilahiyyatci-4-usaq-anasinin-irana-nece-getmesine-ve-kebin-kesdirmesine-aydinliq-getirdi\/#breadcrumb"},"inLanguage":"az","potentialAction":[{"@type":"ReadAction","target":["https:\/\/www.meydan.tv\/az\/article\/ilahiyyatci-4-usaq-anasinin-irana-nece-getmesine-ve-kebin-kesdirmesine-aydinliq-getirdi\/"]}]},{"@type":"ImageObject","inLanguage":"az","@id":"https:\/\/www.meydan.tv\/az\/article\/ilahiyyatci-4-usaq-anasinin-irana-nece-getmesine-ve-kebin-kesdirmesine-aydinliq-getirdi\/#primaryimage","url":"https:\/\/www.meydan.tv\/wp-content\/uploads\/iran-12.jpg","contentUrl":"https:\/\/www.meydan.tv\/wp-content\/uploads\/iran-12.jpg","width":1200,"height":798,"caption":"\u0130ran. Foto: Emanuele Mazzoni Photo\/shutterstock"},{"@type":"BreadcrumbList","@id":"https:\/\/www.meydan.tv\/az\/article\/ilahiyyatci-4-usaq-anasinin-irana-nece-getmesine-ve-kebin-kesdirmesine-aydinliq-getirdi\/#breadcrumb","itemListElement":[{"@type":"ListItem","position":1,"name":"Ana s\u0259hif\u0259","item":"https:\/\/www.meydan.tv\/az\/"},{"@type":"ListItem","position":2,"name":"Sosial","item":"https:\/\/www.meydan.tv\/az\/section\/sosial\/"},{"@type":"ListItem","position":3,"name":"\u0130lahiyyat\u00e7\u0131 4 u\u015faq anas\u0131n\u0131n \u0130rana nec\u0259 getm\u0259sin\u0259 v\u0259 k\u0259bin k\u0259sdirm\u0259sin\u0259 ayd\u0131nl\u0131q g\u0259tirdi"}]},{"@type":"WebSite","@id":"https:\/\/www.meydan.tv\/az\/#website","url":"https:\/\/www.meydan.tv\/az\/","name":"MEYDAN.TV","description":"Meydan TV Az\u0259rbaycan\u0131n media m\u0259kan\u0131ndak\u0131 alternativ s\u0259sidir","publisher":{"@id":"https:\/\/www.meydan.tv\/az\/#organization"},"potentialAction":[{"@type":"SearchAction","target":{"@type":"EntryPoint","urlTemplate":"https:\/\/www.meydan.tv\/az\/?s={search_term_string}"},"query-input":{"@type":"PropertyValueSpecification","valueRequired":true,"valueName":"search_term_string"}}],"inLanguage":"az"},{"@type":"Organization","@id":"https:\/\/www.meydan.tv\/az\/#organization","name":"Meydan TV","url":"https:\/\/www.meydan.tv\/az\/","logo":{"@type":"ImageObject","inLanguage":"az","@id":"https:\/\/www.meydan.tv\/az\/#\/schema\/logo\/image\/","url":"https:\/\/www.meydan.tv\/wp-content\/uploads\/2021\/07\/meydan-logo.svg","contentUrl":"https:\/\/www.meydan.tv\/wp-content\/uploads\/2021\/07\/meydan-logo.svg","width":195,"height":46,"caption":"Meydan TV"},"image":{"@id":"https:\/\/www.meydan.tv\/az\/#\/schema\/logo\/image\/"}},{"@type":"Person","@id":"https:\/\/www.meydan.tv\/az\/#\/schema\/person\/9cdbecf90d17180ce1dfbd95b08dcf47","name":"elli","sameAs":["https:\/\/x.com\/elli"]}]}},"_links":{"self":[{"href":"https:\/\/www.meydan.tv\/az\/wp-json\/wp\/v2\/posts\/299068","targetHints":{"allow":["GET"]}}],"collection":[{"href":"https:\/\/www.meydan.tv\/az\/wp-json\/wp\/v2\/posts"}],"about":[{"href":"https:\/\/www.meydan.tv\/az\/wp-json\/wp\/v2\/types\/post"}],"author":[{"embeddable":true,"href":"https:\/\/www.meydan.tv\/az\/wp-json\/wp\/v2\/users\/8"}],"replies":[{"embeddable":true,"href":"https:\/\/www.meydan.tv\/az\/wp-json\/wp\/v2\/comments?post=299068"}],"version-history":[{"count":3,"href":"https:\/\/www.meydan.tv\/az\/wp-json\/wp\/v2\/posts\/299068\/revisions"}],"predecessor-version":[{"id":299073,"href":"https:\/\/www.meydan.tv\/az\/wp-json\/wp\/v2\/posts\/299068\/revisions\/299073"}],"wp:featuredmedia":[{"embeddable":true,"href":"https:\/\/www.meydan.tv\/az\/wp-json\/wp\/v2\/media\/297907"}],"wp:attachment":[{"href":"https:\/\/www.meydan.tv\/az\/wp-json\/wp\/v2\/media?parent=299068"}],"wp:term":[{"taxonomy":"category","embeddable":true,"href":"https:\/\/www.meydan.tv\/az\/wp-json\/wp\/v2\/categories?post=299068"},{"taxonomy":"post_tag","embeddable":true,"href":"https:\/\/www.meydan.tv\/az\/wp-json\/wp\/v2\/tags?post=299068"}],"curies":[{"name":"wp","href":"https:\/\/api.w.org\/{rel}","templated":true}]}}