{"id":299034,"date":"2024-02-15T19:37:16","date_gmt":"2024-02-15T15:37:16","guid":{"rendered":"https:\/\/www.meydan.tv\/?p=299034"},"modified":"2024-02-15T19:37:19","modified_gmt":"2024-02-15T15:37:19","slug":"azyaslini-mesqde-doyub-oldurmekde-ittiham-olunan-idmanciya-20-il-ceza-teleb-olundu","status":"publish","type":"post","link":"https:\/\/www.meydan.tv\/az\/article\/azyaslini-mesqde-doyub-oldurmekde-ittiham-olunan-idmanciya-20-il-ceza-teleb-olundu\/","title":{"rendered":"Azya\u015fl\u0131n\u0131 m\u0259\u015fqd\u0259 d\u00f6y\u00fcb \u00f6ld\u00fcrm\u0259kd\u0259 ittiham olunan idman\u00e7\u0131ya 20 il c\u0259za t\u0259l\u0259b olundu"},"content":{"rendered":"\n<p><\/p>\n\n\n\n<p><strong><em>Ana m\u0259hk\u0259m\u0259d\u0259 m\u0259\u015fq\u00e7inin ondan qisas ald\u0131\u011f\u0131n\u0131 deyib<\/em><\/strong><\/p>\n\n\n\n<p>Sumqay\u0131tdak\u0131 m\u0259kt\u0259bl\u0259rd\u0259n birinin idman zal\u0131nda m\u0259\u015fq zaman\u0131 7 ya\u015fl\u0131 F\u0259rid Bakarovu d\u00f6y\u00fcb \u00f6ld\u00fcrm\u0259kd\u0259 ittiham olunan m\u0259\u015fq\u00e7i Mehman X\u0259lilovun i\u015fiyl\u0259 ba\u011fl\u0131 5 aydan \u00e7oxdur davam ed\u0259n m\u0259hk\u0259m\u0259 ara\u015fd\u0131rmalar\u0131 yekunla\u015f\u0131b. Fevral\u0131n 15-d\u0259 Sumqay\u0131t A\u011f\u0131r Cinay\u0259tl\u0259r M\u0259hk\u0259m\u0259sind\u0259 prokuror Mehman X\u0259lilova 20 il azadl\u0131qdan m\u0259hrumetm\u0259 c\u0259zas\u0131 verilm\u0259sini ist\u0259yib.<\/p>\n\n\n\n<p>Sambo idman n\u00f6v\u00fc \u00fczr\u0259 m\u0259\u015fq\u00e7i olan 1994-c\u00fc il t\u0259v\u0259ll\u00fcdl\u00fc Mehman X\u0259lilov Cinay\u0259t M\u0259c\u0259ll\u0259sinin 120.2.4 v\u0259 120.2.9-cu (x\u00fcsusi amans\u0131zl\u0131qla v\u0259 t\u0259qsirkar \u015f\u0259xs \u00fc\u00e7\u00fcn a\u015fkar sur\u0259td\u0259 k\u00f6m\u0259ksiz v\u0259ziyy\u0259td\u0259 q\u0259sd\u0259n adam\u0131 \u00f6ld\u00fcrm\u0259) madd\u0259l\u0259ril\u0259 ittiham olunur.<\/p>\n\n\n\n<p>\u0130ttihama g\u00f6r\u0259, Mehman X\u0259lilovun azya\u015fl\u0131n\u0131n anas\u0131 Aynur\u0259 M\u0259likova il\u0259 \u015f\u0259xsi m\u00fcnasib\u0259tl\u0259ri olub. O, u\u015fa\u011f\u0131 bu \u00fczd\u0259n q\u0259sd\u0259n d\u00f6y\u00fcb \u00f6ld\u00fcr\u00fcb.<\/p>\n\n\n\n<p>Aynur\u0259 M\u0259likova da m\u0259hk\u0259m\u0259d\u0259 iddia edib ki, Mehman X\u0259lilov ondan qisas almaq m\u0259qs\u0259dil\u0259 u\u015fa\u011f\u0131n\u0131 \u00f6ld\u00fcr\u00fcb.<\/p>\n\n\n\n<p>Lakin Mehman X\u0259lilov bu ittihamlar\u0131 q\u0259bul etmir. O, m\u0259hk\u0259m\u0259d\u0259 ifad\u0259sind\u0259 d\u0259 deyib ki, hadis\u0259 m\u0259\u015fq prosesind\u0259 ba\u015f verib. Mehman X\u0259lilovun s\u00f6zl\u0259rin\u0259 g\u00f6r\u0259, onun q\u0259tiyy\u0259n u\u015fa\u011fa z\u0259r\u0259r verm\u0259k niyy\u0259ti olmay\u0131b.<\/p>\n\n\n\n<p>Z\u0259r\u0259r\u00e7\u0259kmi\u015fin h\u00fcquqi varisi qismind\u0259 tan\u0131nan Aynur\u0259 M\u0259likova m\u0259hk\u0259m\u0259 prosesind\u0259 jurnalistl\u0259rin i\u015ftirak\u0131na etiraz edib, m\u0259hk\u0259m\u0259nin qapal\u0131 ke\u00e7irilm\u0259sini ist\u0259yib: <em>\u201cAram\u0131zda n\u0259 olubsa, n\u0259 s\u00f6hb\u0259tl\u0259r varsa, biz\u0259 aiddir. \u00d6z aram\u0131zdad\u0131r, \u00f6z\u00fcm\u00fcz bilirik\u201d<\/em>.<\/p>\n\n\n\n<p>Onun v\u0259sat\u0259ti \u0259sas\u0131nda m\u0259hk\u0259m\u0259 ara\u015fd\u0131rmalar\u0131n\u0131n qapal\u0131 ke\u00e7irilm\u0259sin\u0259 q\u0259rar verilib.<\/p>\n\n\n\n<p>M\u0259hk\u0259m\u0259 qaydalar\u0131na g\u00f6r\u0259, ara\u015fd\u0131rmalar ba\u015fa \u00e7atandan sonra \u00e7\u0131x\u0131\u015flar m\u0259rh\u0259l\u0259si ba\u015flay\u0131r. \u00d6nc\u0259 prokuror \u00e7\u0131x\u0131\u015f edir, daha sonra z\u0259r\u0259r\u00e7\u0259kmi\u015f t\u0259r\u0259fin, t\u0259qsirl\u0259ndiril\u0259n \u015f\u0259xsin v\u0259kilinin \u00e7\u0131x\u0131\u015f\u0131 dinl\u0259nilir. Bunlardan sonra t\u0259qsirl\u0259ndiril\u0259n \u015f\u0259xs m\u0259hk\u0259m\u0259d\u0259 son s\u00f6z\u00fcn\u00fc deyir v\u0259 ard\u0131nca hakiml\u0259r h\u00f6km \u00e7\u0131xarmaq \u00fc\u00e7\u00fcn m\u00fc\u015favir\u0259y\u0259 gedir.<\/p>\n\n\n\n<p>Fevral\u0131n 15-d\u0259 prokurorun 20 illik c\u0259za t\u0259l\u0259bind\u0259n sonra Mehman X\u0259lilovun v\u0259kili Anar Qas\u0131ml\u0131 m\u00fcdafi\u0259 \u00e7\u0131x\u0131\u015f\u0131na haz\u0131rla\u015fmaq \u00fc\u00e7\u00fcn vaxt ist\u0259yib. Bu s\u0259b\u0259bd\u0259n m\u0259hk\u0259m\u0259 mart\u0131n 14-n\u0259 q\u0259d\u0259r t\u0259xir\u0259 sal\u0131n\u0131b.<\/p>\n\n\n\n<p>Hadis\u0259 aprelin 29-da ba\u015f verib. M\u0259\u015fq zaman\u0131 a\u011f\u0131r x\u0259sar\u0259t alan 2016-c\u0131 il t\u0259v\u0259ll\u00fcdl\u00fc F\u0259rid Bakarov Sumqay\u0131t \u015f\u0259h\u0259r U\u015faq X\u0259st\u0259xanas\u0131na \u00e7atd\u0131r\u0131lsa da, onun h\u0259yat\u0131n\u0131 xilas etm\u0259k m\u00fcmk\u00fcn olmay\u0131b.<\/p>\n\n\n\n<p>Hadis\u0259d\u0259n sonra sosial \u015f\u0259b\u0259k\u0259l\u0259rd\u0259 videog\u00f6r\u00fcnt\u00fcl\u0259r yay\u0131l\u0131b. H\u0259min g\u00f6r\u00fcnt\u00fcl\u0259rd\u0259 sambo idman n\u00f6v\u00fc \u00fczr\u0259 ke\u00e7iril\u0259n t\u0259lim zaman\u0131 m\u0259\u015fq\u00e7i azya\u015fl\u0131 t\u0259l\u0259b\u0259y\u0259 z\u0259rb\u0259 vurur.<\/p>\n\n\n\n<p>7 ya\u015fl\u0131 F\u0259rid Bakarov qarda\u015f\u0131 il\u0259 birlikd\u0259 iki ay imi\u015f ki, Avropa Oyunlar\u0131n\u0131n b\u00fcr\u00fcnc m\u00fckafat\u00e7\u0131s\u0131 olan Mehman X\u0259lilovun sambo m\u0259\u015fql\u0259rind\u0259 i\u015ftirak edirmi\u015f.<\/p>\n\n\n\n<p>Hadis\u0259 vaxt\u0131 F\u0259rid Bakarovun anas\u0131 da orada olub.<\/p>\n\n\n\n<p>Hadis\u0259d\u0259n sonra Mehman X\u0259lilova qar\u015f\u0131 Cinay\u0259t M\u0259c\u0259ll\u0259sinin 126.3 (q\u0259sd\u0259n b\u0259d\u0259n\u0259 a\u011f\u0131r x\u0259sar\u0259t yetirm\u0259, \u00f6l\u00fcm\u0259 s\u0259b\u0259b olduqda) madd\u0259sil\u0259 ittiham ir\u0259li s\u00fcr\u00fclm\u00fc\u015fd\u00fc. Lakin istintaq yekunla\u015fanda ittiham a\u011f\u0131rla\u015fd\u0131r\u0131ld\u0131 v\u0259 \u0259m\u0259li q\u0259sd\u0259n adam \u00f6ld\u00fcrm\u0259y\u0259 t\u00f6vsif olundu.<\/p>\n","protected":false},"excerpt":{"rendered":"<p>Ana m\u0259hk\u0259m\u0259d\u0259 m\u0259\u015fq\u00e7inin ondan qisas ald\u0131\u011f\u0131n\u0131 deyib Sumqay\u0131tdak\u0131 m\u0259kt\u0259bl\u0259rd\u0259n birinin &#8230; <\/p>\n<p class=\"read-more-container\"><a title=\"Azya\u015fl\u0131n\u0131 m\u0259\u015fqd\u0259 d\u00f6y\u00fcb \u00f6ld\u00fcrm\u0259kd\u0259 ittiham olunan idman\u00e7\u0131ya 20 il c\u0259za t\u0259l\u0259b olundu\" class=\"read-more button\" href=\"https:\/\/www.meydan.tv\/az\/article\/azyaslini-mesqde-doyub-oldurmekde-ittiham-olunan-idmanciya-20-il-ceza-teleb-olundu\/#more-299034\" aria-label=\"Read more about Azya\u015fl\u0131n\u0131 m\u0259\u015fqd\u0259 d\u00f6y\u00fcb \u00f6ld\u00fcrm\u0259kd\u0259 ittiham olunan idman\u00e7\u0131ya 20 il c\u0259za t\u0259l\u0259b olundu\">Davam\u0131<\/a><\/p>\n","protected":false},"author":8,"featured_media":260251,"comment_status":"closed","ping_status":"closed","sticky":false,"template":"","format":"standard","meta":{"_acf_changed":false,"_sitemap_exclude":false,"_sitemap_priority":"","_sitemap_frequency":"","footnotes":""},"categories":[62,56],"tags":[],"class_list":["post-299034","post","type-post","status-publish","format-standard","has-post-thumbnail","hentry","category-sosial","category-xeberler","infinite-scroll-item","generate-columns","tablet-grid-50","mobile-grid-100","grid-parent","grid-33","no-featured-image-padding"],"acf":[],"yoast_head":"<!-- This site is optimized with the Yoast SEO plugin v27.5 - https:\/\/yoast.com\/product\/yoast-seo-wordpress\/ -->\n<title>Azya\u015fl\u0131n\u0131 m\u0259\u015fqd\u0259 d\u00f6y\u00fcb \u00f6ld\u00fcrm\u0259kd\u0259 ittiham olunan idman\u00e7\u0131ya 20 il c\u0259za t\u0259l\u0259b olundu - MEYDAN.TV<\/title>\n<meta name=\"robots\" content=\"index, follow, max-snippet:-1, max-image-preview:large, max-video-preview:-1\" \/>\n<link rel=\"canonical\" href=\"https:\/\/www.meydan.tv\/az\/article\/azyaslini-mesqde-doyub-oldurmekde-ittiham-olunan-idmanciya-20-il-ceza-teleb-olundu\/\" \/>\n<meta property=\"og:locale\" content=\"az_AZ\" \/>\n<meta property=\"og:type\" content=\"article\" \/>\n<meta property=\"og:title\" content=\"Azya\u015fl\u0131n\u0131 m\u0259\u015fqd\u0259 d\u00f6y\u00fcb \u00f6ld\u00fcrm\u0259kd\u0259 ittiham olunan idman\u00e7\u0131ya 20 il c\u0259za t\u0259l\u0259b olundu - MEYDAN.TV\" \/>\n<meta property=\"og:description\" content=\"Ana m\u0259hk\u0259m\u0259d\u0259 m\u0259\u015fq\u00e7inin ondan qisas ald\u0131\u011f\u0131n\u0131 deyib Sumqay\u0131tdak\u0131 m\u0259kt\u0259bl\u0259rd\u0259n birinin ... Davam\u0131\" \/>\n<meta property=\"og:url\" content=\"https:\/\/www.meydan.tv\/az\/article\/azyaslini-mesqde-doyub-oldurmekde-ittiham-olunan-idmanciya-20-il-ceza-teleb-olundu\/\" \/>\n<meta property=\"og:site_name\" content=\"MEYDAN.TV\" \/>\n<meta property=\"article:published_time\" content=\"2024-02-15T15:37:16+00:00\" \/>\n<meta property=\"article:modified_time\" content=\"2024-02-15T15:37:19+00:00\" \/>\n<meta property=\"og:image\" content=\"https:\/\/www.meydan.tv\/wp-content\/uploads\/image-from-ios-8.jpg\" \/>\n\t<meta property=\"og:image:width\" content=\"1500\" \/>\n\t<meta property=\"og:image:height\" content=\"844\" \/>\n\t<meta property=\"og:image:type\" content=\"image\/jpeg\" \/>\n<meta name=\"author\" content=\"elli\" \/>\n<meta name=\"twitter:card\" content=\"summary_large_image\" \/>\n<meta name=\"twitter:creator\" content=\"@elli\" \/>\n<script type=\"application\/ld+json\" class=\"yoast-schema-graph\">{\"@context\":\"https:\\\/\\\/schema.org\",\"@graph\":[{\"@type\":\"Article\",\"@id\":\"https:\\\/\\\/www.meydan.tv\\\/az\\\/article\\\/azyaslini-mesqde-doyub-oldurmekde-ittiham-olunan-idmanciya-20-il-ceza-teleb-olundu\\\/#article\",\"isPartOf\":{\"@id\":\"https:\\\/\\\/www.meydan.tv\\\/az\\\/article\\\/azyaslini-mesqde-doyub-oldurmekde-ittiham-olunan-idmanciya-20-il-ceza-teleb-olundu\\\/\"},\"author\":{\"name\":\"elli\",\"@id\":\"https:\\\/\\\/www.meydan.tv\\\/az\\\/#\\\/schema\\\/person\\\/9cdbecf90d17180ce1dfbd95b08dcf47\"},\"headline\":\"Azya\u015fl\u0131n\u0131 m\u0259\u015fqd\u0259 d\u00f6y\u00fcb \u00f6ld\u00fcrm\u0259kd\u0259 ittiham olunan idman\u00e7\u0131ya 20 il c\u0259za t\u0259l\u0259b olundu\",\"datePublished\":\"2024-02-15T15:37:16+00:00\",\"dateModified\":\"2024-02-15T15:37:19+00:00\",\"mainEntityOfPage\":{\"@id\":\"https:\\\/\\\/www.meydan.tv\\\/az\\\/article\\\/azyaslini-mesqde-doyub-oldurmekde-ittiham-olunan-idmanciya-20-il-ceza-teleb-olundu\\\/\"},\"wordCount\":685,\"publisher\":{\"@id\":\"https:\\\/\\\/www.meydan.tv\\\/az\\\/#organization\"},\"image\":{\"@id\":\"https:\\\/\\\/www.meydan.tv\\\/az\\\/article\\\/azyaslini-mesqde-doyub-oldurmekde-ittiham-olunan-idmanciya-20-il-ceza-teleb-olundu\\\/#primaryimage\"},\"thumbnailUrl\":\"https:\\\/\\\/www.meydan.tv\\\/wp-content\\\/uploads\\\/image-from-ios-8.jpg\",\"articleSection\":[\"Sosial\",\"X\u0259b\u0259rl\u0259r\"],\"inLanguage\":\"az\"},{\"@type\":\"WebPage\",\"@id\":\"https:\\\/\\\/www.meydan.tv\\\/az\\\/article\\\/azyaslini-mesqde-doyub-oldurmekde-ittiham-olunan-idmanciya-20-il-ceza-teleb-olundu\\\/\",\"url\":\"https:\\\/\\\/www.meydan.tv\\\/az\\\/article\\\/azyaslini-mesqde-doyub-oldurmekde-ittiham-olunan-idmanciya-20-il-ceza-teleb-olundu\\\/\",\"name\":\"Azya\u015fl\u0131n\u0131 m\u0259\u015fqd\u0259 d\u00f6y\u00fcb \u00f6ld\u00fcrm\u0259kd\u0259 ittiham olunan idman\u00e7\u0131ya 20 il c\u0259za t\u0259l\u0259b olundu - MEYDAN.TV\",\"isPartOf\":{\"@id\":\"https:\\\/\\\/www.meydan.tv\\\/az\\\/#website\"},\"primaryImageOfPage\":{\"@id\":\"https:\\\/\\\/www.meydan.tv\\\/az\\\/article\\\/azyaslini-mesqde-doyub-oldurmekde-ittiham-olunan-idmanciya-20-il-ceza-teleb-olundu\\\/#primaryimage\"},\"image\":{\"@id\":\"https:\\\/\\\/www.meydan.tv\\\/az\\\/article\\\/azyaslini-mesqde-doyub-oldurmekde-ittiham-olunan-idmanciya-20-il-ceza-teleb-olundu\\\/#primaryimage\"},\"thumbnailUrl\":\"https:\\\/\\\/www.meydan.tv\\\/wp-content\\\/uploads\\\/image-from-ios-8.jpg\",\"datePublished\":\"2024-02-15T15:37:16+00:00\",\"dateModified\":\"2024-02-15T15:37:19+00:00\",\"breadcrumb\":{\"@id\":\"https:\\\/\\\/www.meydan.tv\\\/az\\\/article\\\/azyaslini-mesqde-doyub-oldurmekde-ittiham-olunan-idmanciya-20-il-ceza-teleb-olundu\\\/#breadcrumb\"},\"inLanguage\":\"az\",\"potentialAction\":[{\"@type\":\"ReadAction\",\"target\":[\"https:\\\/\\\/www.meydan.tv\\\/az\\\/article\\\/azyaslini-mesqde-doyub-oldurmekde-ittiham-olunan-idmanciya-20-il-ceza-teleb-olundu\\\/\"]}]},{\"@type\":\"ImageObject\",\"inLanguage\":\"az\",\"@id\":\"https:\\\/\\\/www.meydan.tv\\\/az\\\/article\\\/azyaslini-mesqde-doyub-oldurmekde-ittiham-olunan-idmanciya-20-il-ceza-teleb-olundu\\\/#primaryimage\",\"url\":\"https:\\\/\\\/www.meydan.tv\\\/wp-content\\\/uploads\\\/image-from-ios-8.jpg\",\"contentUrl\":\"https:\\\/\\\/www.meydan.tv\\\/wp-content\\\/uploads\\\/image-from-ios-8.jpg\",\"width\":1500,\"height\":844,\"caption\":\"M\u0259hk\u0259m\u0259. \u0130ll\u00fcstrasiya: Meydan TV\"},{\"@type\":\"BreadcrumbList\",\"@id\":\"https:\\\/\\\/www.meydan.tv\\\/az\\\/article\\\/azyaslini-mesqde-doyub-oldurmekde-ittiham-olunan-idmanciya-20-il-ceza-teleb-olundu\\\/#breadcrumb\",\"itemListElement\":[{\"@type\":\"ListItem\",\"position\":1,\"name\":\"Ana s\u0259hif\u0259\",\"item\":\"https:\\\/\\\/www.meydan.tv\\\/az\\\/\"},{\"@type\":\"ListItem\",\"position\":2,\"name\":\"Sosial\",\"item\":\"https:\\\/\\\/www.meydan.tv\\\/az\\\/section\\\/sosial\\\/\"},{\"@type\":\"ListItem\",\"position\":3,\"name\":\"Azya\u015fl\u0131n\u0131 m\u0259\u015fqd\u0259 d\u00f6y\u00fcb \u00f6ld\u00fcrm\u0259kd\u0259 ittiham olunan idman\u00e7\u0131ya 20 il c\u0259za t\u0259l\u0259b olundu\"}]},{\"@type\":\"WebSite\",\"@id\":\"https:\\\/\\\/www.meydan.tv\\\/az\\\/#website\",\"url\":\"https:\\\/\\\/www.meydan.tv\\\/az\\\/\",\"name\":\"MEYDAN.TV\",\"description\":\"Meydan TV Az\u0259rbaycan\u0131n media m\u0259kan\u0131ndak\u0131 alternativ s\u0259sidir\",\"publisher\":{\"@id\":\"https:\\\/\\\/www.meydan.tv\\\/az\\\/#organization\"},\"potentialAction\":[{\"@type\":\"SearchAction\",\"target\":{\"@type\":\"EntryPoint\",\"urlTemplate\":\"https:\\\/\\\/www.meydan.tv\\\/az\\\/?s={search_term_string}\"},\"query-input\":{\"@type\":\"PropertyValueSpecification\",\"valueRequired\":true,\"valueName\":\"search_term_string\"}}],\"inLanguage\":\"az\"},{\"@type\":\"Organization\",\"@id\":\"https:\\\/\\\/www.meydan.tv\\\/az\\\/#organization\",\"name\":\"Meydan TV\",\"url\":\"https:\\\/\\\/www.meydan.tv\\\/az\\\/\",\"logo\":{\"@type\":\"ImageObject\",\"inLanguage\":\"az\",\"@id\":\"https:\\\/\\\/www.meydan.tv\\\/az\\\/#\\\/schema\\\/logo\\\/image\\\/\",\"url\":\"https:\\\/\\\/www.meydan.tv\\\/wp-content\\\/uploads\\\/2021\\\/07\\\/meydan-logo.svg\",\"contentUrl\":\"https:\\\/\\\/www.meydan.tv\\\/wp-content\\\/uploads\\\/2021\\\/07\\\/meydan-logo.svg\",\"width\":195,\"height\":46,\"caption\":\"Meydan TV\"},\"image\":{\"@id\":\"https:\\\/\\\/www.meydan.tv\\\/az\\\/#\\\/schema\\\/logo\\\/image\\\/\"}},{\"@type\":\"Person\",\"@id\":\"https:\\\/\\\/www.meydan.tv\\\/az\\\/#\\\/schema\\\/person\\\/9cdbecf90d17180ce1dfbd95b08dcf47\",\"name\":\"elli\",\"sameAs\":[\"https:\\\/\\\/x.com\\\/elli\"]}]}<\/script>\n<!-- \/ Yoast SEO plugin. -->","yoast_head_json":{"title":"Azya\u015fl\u0131n\u0131 m\u0259\u015fqd\u0259 d\u00f6y\u00fcb \u00f6ld\u00fcrm\u0259kd\u0259 ittiham olunan idman\u00e7\u0131ya 20 il c\u0259za t\u0259l\u0259b olundu - MEYDAN.TV","robots":{"index":"index","follow":"follow","max-snippet":"max-snippet:-1","max-image-preview":"max-image-preview:large","max-video-preview":"max-video-preview:-1"},"canonical":"https:\/\/www.meydan.tv\/az\/article\/azyaslini-mesqde-doyub-oldurmekde-ittiham-olunan-idmanciya-20-il-ceza-teleb-olundu\/","og_locale":"az_AZ","og_type":"article","og_title":"Azya\u015fl\u0131n\u0131 m\u0259\u015fqd\u0259 d\u00f6y\u00fcb \u00f6ld\u00fcrm\u0259kd\u0259 ittiham olunan idman\u00e7\u0131ya 20 il c\u0259za t\u0259l\u0259b olundu - MEYDAN.TV","og_description":"Ana m\u0259hk\u0259m\u0259d\u0259 m\u0259\u015fq\u00e7inin ondan qisas ald\u0131\u011f\u0131n\u0131 deyib Sumqay\u0131tdak\u0131 m\u0259kt\u0259bl\u0259rd\u0259n birinin ... Davam\u0131","og_url":"https:\/\/www.meydan.tv\/az\/article\/azyaslini-mesqde-doyub-oldurmekde-ittiham-olunan-idmanciya-20-il-ceza-teleb-olundu\/","og_site_name":"MEYDAN.TV","article_published_time":"2024-02-15T15:37:16+00:00","article_modified_time":"2024-02-15T15:37:19+00:00","og_image":[{"width":1500,"height":844,"url":"https:\/\/www.meydan.tv\/wp-content\/uploads\/image-from-ios-8.jpg","type":"image\/jpeg"}],"author":"elli","twitter_card":"summary_large_image","twitter_creator":"@elli","schema":{"@context":"https:\/\/schema.org","@graph":[{"@type":"Article","@id":"https:\/\/www.meydan.tv\/az\/article\/azyaslini-mesqde-doyub-oldurmekde-ittiham-olunan-idmanciya-20-il-ceza-teleb-olundu\/#article","isPartOf":{"@id":"https:\/\/www.meydan.tv\/az\/article\/azyaslini-mesqde-doyub-oldurmekde-ittiham-olunan-idmanciya-20-il-ceza-teleb-olundu\/"},"author":{"name":"elli","@id":"https:\/\/www.meydan.tv\/az\/#\/schema\/person\/9cdbecf90d17180ce1dfbd95b08dcf47"},"headline":"Azya\u015fl\u0131n\u0131 m\u0259\u015fqd\u0259 d\u00f6y\u00fcb \u00f6ld\u00fcrm\u0259kd\u0259 ittiham olunan idman\u00e7\u0131ya 20 il c\u0259za t\u0259l\u0259b olundu","datePublished":"2024-02-15T15:37:16+00:00","dateModified":"2024-02-15T15:37:19+00:00","mainEntityOfPage":{"@id":"https:\/\/www.meydan.tv\/az\/article\/azyaslini-mesqde-doyub-oldurmekde-ittiham-olunan-idmanciya-20-il-ceza-teleb-olundu\/"},"wordCount":685,"publisher":{"@id":"https:\/\/www.meydan.tv\/az\/#organization"},"image":{"@id":"https:\/\/www.meydan.tv\/az\/article\/azyaslini-mesqde-doyub-oldurmekde-ittiham-olunan-idmanciya-20-il-ceza-teleb-olundu\/#primaryimage"},"thumbnailUrl":"https:\/\/www.meydan.tv\/wp-content\/uploads\/image-from-ios-8.jpg","articleSection":["Sosial","X\u0259b\u0259rl\u0259r"],"inLanguage":"az"},{"@type":"WebPage","@id":"https:\/\/www.meydan.tv\/az\/article\/azyaslini-mesqde-doyub-oldurmekde-ittiham-olunan-idmanciya-20-il-ceza-teleb-olundu\/","url":"https:\/\/www.meydan.tv\/az\/article\/azyaslini-mesqde-doyub-oldurmekde-ittiham-olunan-idmanciya-20-il-ceza-teleb-olundu\/","name":"Azya\u015fl\u0131n\u0131 m\u0259\u015fqd\u0259 d\u00f6y\u00fcb \u00f6ld\u00fcrm\u0259kd\u0259 ittiham olunan idman\u00e7\u0131ya 20 il c\u0259za t\u0259l\u0259b olundu - MEYDAN.TV","isPartOf":{"@id":"https:\/\/www.meydan.tv\/az\/#website"},"primaryImageOfPage":{"@id":"https:\/\/www.meydan.tv\/az\/article\/azyaslini-mesqde-doyub-oldurmekde-ittiham-olunan-idmanciya-20-il-ceza-teleb-olundu\/#primaryimage"},"image":{"@id":"https:\/\/www.meydan.tv\/az\/article\/azyaslini-mesqde-doyub-oldurmekde-ittiham-olunan-idmanciya-20-il-ceza-teleb-olundu\/#primaryimage"},"thumbnailUrl":"https:\/\/www.meydan.tv\/wp-content\/uploads\/image-from-ios-8.jpg","datePublished":"2024-02-15T15:37:16+00:00","dateModified":"2024-02-15T15:37:19+00:00","breadcrumb":{"@id":"https:\/\/www.meydan.tv\/az\/article\/azyaslini-mesqde-doyub-oldurmekde-ittiham-olunan-idmanciya-20-il-ceza-teleb-olundu\/#breadcrumb"},"inLanguage":"az","potentialAction":[{"@type":"ReadAction","target":["https:\/\/www.meydan.tv\/az\/article\/azyaslini-mesqde-doyub-oldurmekde-ittiham-olunan-idmanciya-20-il-ceza-teleb-olundu\/"]}]},{"@type":"ImageObject","inLanguage":"az","@id":"https:\/\/www.meydan.tv\/az\/article\/azyaslini-mesqde-doyub-oldurmekde-ittiham-olunan-idmanciya-20-il-ceza-teleb-olundu\/#primaryimage","url":"https:\/\/www.meydan.tv\/wp-content\/uploads\/image-from-ios-8.jpg","contentUrl":"https:\/\/www.meydan.tv\/wp-content\/uploads\/image-from-ios-8.jpg","width":1500,"height":844,"caption":"M\u0259hk\u0259m\u0259. \u0130ll\u00fcstrasiya: Meydan TV"},{"@type":"BreadcrumbList","@id":"https:\/\/www.meydan.tv\/az\/article\/azyaslini-mesqde-doyub-oldurmekde-ittiham-olunan-idmanciya-20-il-ceza-teleb-olundu\/#breadcrumb","itemListElement":[{"@type":"ListItem","position":1,"name":"Ana s\u0259hif\u0259","item":"https:\/\/www.meydan.tv\/az\/"},{"@type":"ListItem","position":2,"name":"Sosial","item":"https:\/\/www.meydan.tv\/az\/section\/sosial\/"},{"@type":"ListItem","position":3,"name":"Azya\u015fl\u0131n\u0131 m\u0259\u015fqd\u0259 d\u00f6y\u00fcb \u00f6ld\u00fcrm\u0259kd\u0259 ittiham olunan idman\u00e7\u0131ya 20 il c\u0259za t\u0259l\u0259b olundu"}]},{"@type":"WebSite","@id":"https:\/\/www.meydan.tv\/az\/#website","url":"https:\/\/www.meydan.tv\/az\/","name":"MEYDAN.TV","description":"Meydan TV Az\u0259rbaycan\u0131n media m\u0259kan\u0131ndak\u0131 alternativ s\u0259sidir","publisher":{"@id":"https:\/\/www.meydan.tv\/az\/#organization"},"potentialAction":[{"@type":"SearchAction","target":{"@type":"EntryPoint","urlTemplate":"https:\/\/www.meydan.tv\/az\/?s={search_term_string}"},"query-input":{"@type":"PropertyValueSpecification","valueRequired":true,"valueName":"search_term_string"}}],"inLanguage":"az"},{"@type":"Organization","@id":"https:\/\/www.meydan.tv\/az\/#organization","name":"Meydan TV","url":"https:\/\/www.meydan.tv\/az\/","logo":{"@type":"ImageObject","inLanguage":"az","@id":"https:\/\/www.meydan.tv\/az\/#\/schema\/logo\/image\/","url":"https:\/\/www.meydan.tv\/wp-content\/uploads\/2021\/07\/meydan-logo.svg","contentUrl":"https:\/\/www.meydan.tv\/wp-content\/uploads\/2021\/07\/meydan-logo.svg","width":195,"height":46,"caption":"Meydan TV"},"image":{"@id":"https:\/\/www.meydan.tv\/az\/#\/schema\/logo\/image\/"}},{"@type":"Person","@id":"https:\/\/www.meydan.tv\/az\/#\/schema\/person\/9cdbecf90d17180ce1dfbd95b08dcf47","name":"elli","sameAs":["https:\/\/x.com\/elli"]}]}},"_links":{"self":[{"href":"https:\/\/www.meydan.tv\/az\/wp-json\/wp\/v2\/posts\/299034","targetHints":{"allow":["GET"]}}],"collection":[{"href":"https:\/\/www.meydan.tv\/az\/wp-json\/wp\/v2\/posts"}],"about":[{"href":"https:\/\/www.meydan.tv\/az\/wp-json\/wp\/v2\/types\/post"}],"author":[{"embeddable":true,"href":"https:\/\/www.meydan.tv\/az\/wp-json\/wp\/v2\/users\/8"}],"replies":[{"embeddable":true,"href":"https:\/\/www.meydan.tv\/az\/wp-json\/wp\/v2\/comments?post=299034"}],"version-history":[{"count":3,"href":"https:\/\/www.meydan.tv\/az\/wp-json\/wp\/v2\/posts\/299034\/revisions"}],"predecessor-version":[{"id":299039,"href":"https:\/\/www.meydan.tv\/az\/wp-json\/wp\/v2\/posts\/299034\/revisions\/299039"}],"wp:featuredmedia":[{"embeddable":true,"href":"https:\/\/www.meydan.tv\/az\/wp-json\/wp\/v2\/media\/260251"}],"wp:attachment":[{"href":"https:\/\/www.meydan.tv\/az\/wp-json\/wp\/v2\/media?parent=299034"}],"wp:term":[{"taxonomy":"category","embeddable":true,"href":"https:\/\/www.meydan.tv\/az\/wp-json\/wp\/v2\/categories?post=299034"},{"taxonomy":"post_tag","embeddable":true,"href":"https:\/\/www.meydan.tv\/az\/wp-json\/wp\/v2\/tags?post=299034"}],"curies":[{"name":"wp","href":"https:\/\/api.w.org\/{rel}","templated":true}]}}