{"id":298955,"date":"2024-02-15T11:31:52","date_gmt":"2024-02-15T07:31:52","guid":{"rendered":"https:\/\/www.meydan.tv\/?p=298955"},"modified":"2024-02-15T11:31:56","modified_gmt":"2024-02-15T07:31:56","slug":"vekil-haqqinda-cinayet-isi-baslanib-nufuz-alverinde-ittiham-olunur","status":"publish","type":"post","link":"https:\/\/www.meydan.tv\/az\/article\/vekil-haqqinda-cinayet-isi-baslanib-nufuz-alverinde-ittiham-olunur\/","title":{"rendered":"V\u0259kil haqq\u0131nda cinay\u0259t i\u015fi ba\u015flan\u0131b: n\u00fcfuz alverind\u0259 ittiham olunur"},"content":{"rendered":"\n<p><\/p>\n\n\n\n<p><em><strong>Misir \u015eahquliyevd\u0259n m\u00fcdafi\u0259 etdiyi \u015f\u0259xsin yax\u0131nlar\u0131 \u015fikay\u0259t edib<\/strong><\/em><\/p>\n\n\n\n<p>V\u0259kil Misir \u015eahquliyev haqq\u0131nda cinay\u0259t i\u015fi ba\u015flan\u0131b. O, o\u011furluqla ba\u011fl\u0131 cinay\u0259t i\u015find\u0259 v\u0259kili oldu\u011fu t\u0259qsirl\u0259ndiril\u0259n \u015f\u0259xs\u0259 y\u00fcng\u00fcl c\u0259za verdirm\u0259k \u00fc\u00e7\u00fcn onun yax\u0131nlar\u0131ndan 15 min pul almaqda ittiham olunur.<\/p>\n\n\n\n<p>Bu bar\u0259d\u0259 Ba\u015f Prokurorlu\u011fun m\u0259tbuat xidm\u0259tind\u0259n m\u0259lumat verilib.<\/p>\n\n\n\n<p>Bildirilir ki, Cinay\u0259t M\u0259c\u0259ll\u0259sinin 177.3.2 (k\u00fclli miqdarda ziyan vurmaqla o\u011furluq) madd\u0259sil\u0259 t\u0259qsirl\u0259ndiril\u0259n \u015f\u0259xs\u0259 Bak\u0131 A\u011f\u0131r Cinay\u0259tl\u0259r M\u0259hk\u0259m\u0259sind\u0259 v\u0259kilin s\u00f6z verdiyi kimi, y\u00fcng\u00fcl c\u0259za verilm\u0259y\u0259nd\u0259 onun yax\u0131nlar\u0131 prokurorlu\u011fa \u015fikay\u0259t edib. \u015eikay\u0259t Korrupsiyaya qar\u015f\u0131 M\u00fcbariz\u0259 \u0130dar\u0259sind\u0259 ara\u015fd\u0131r\u0131l\u0131b. <\/p>\n\n\n<div class=\"wp-block-image\">\n<figure class=\"alignleft size-full is-resized\"><img decoding=\"async\" width=\"682\" height=\"677\" data-src=\"https:\/\/www.meydan.tv\/wp-content\/uploads\/photo-2024-02-15-10-50-24.jpg\" alt=\"\" class=\"wp-image-298956 lazyload\" style=\"--smush-placeholder-width: 682px; --smush-placeholder-aspect-ratio: 682\/677;width:340px;height:auto\" src=\"data:image\/svg+xml;base64,PHN2ZyB3aWR0aD0iMSIgaGVpZ2h0PSIxIiB4bWxucz0iaHR0cDovL3d3dy53My5vcmcvMjAwMC9zdmciPjwvc3ZnPg==\" \/><figcaption class=\"wp-element-caption\">Misir \u015eahquliyev. Foto: V\u0259kill\u0259r Kollegiyas\u0131<\/figcaption><\/figure>\n<\/div>\n\n\n<p>V\u0259kill\u0259r Kollegiyas\u0131 da ara\u015fd\u0131rmalarda i\u015ftirak edib. N\u0259tic\u0259d\u0259 v\u0259kil Misir \u015eahquliyevin \u00f6z\u00fc cinay\u0259t m\u0259suliyy\u0259tin\u0259 c\u0259lb olunub. Ona qar\u015f\u0131 Cinay\u0259t M\u0259c\u0259ll\u0259sinin 312-1.1-ci (v\u0259zif\u0259li \u015f\u0259xsin q\u0259rar\u0131na qanunsuz t\u0259sir g\u00f6st\u0259rm\u0259 &#8211; n\u00fcfuz alveri) madd\u0259sil\u0259 ittiham ir\u0259li s\u00fcr\u00fcl\u00fcb. Lakin o, h\u0259bs olunmay\u0131b. \u0130lkin istintaq d\u00f6vr\u00fc \u00fc\u00e7\u00fcn onun haqq\u0131nda polisin n\u0259zar\u0259ti alt\u0131na verm\u0259 q\u0259timkan t\u0259dbiri se\u00e7ilib. Bu madd\u0259nin sanksiyas\u0131nda 6 min manatdan 10 min manata q\u0259d\u0259r c\u0259rim\u0259, yaxud da 3 ild\u0259n 7 il\u0259 q\u0259d\u0259r azadl\u0131qdan m\u0259hrumetm\u0259 c\u0259zas\u0131 var.<\/p>\n\n\n\n<p>Misir \u015eahquliyev &#8220;Yusif Allahverdiyev v\u0259 partnyorlar\u0131&#8221; v\u0259kil b\u00fcrosunun \u00fczv\u00fcd\u00fcr. O, 3 ildir ki, V\u0259kill\u0259r Kollegiyas\u0131n\u0131n \u00fczv\u00fcd\u00fcr.<\/p>\n\n\n\n<p>V\u0259kilin ittihama m\u00fcnasib\u0259ti, \u00f6z\u00fcn\u00fc t\u0259qsirli bilib-bilm\u0259diyi m\u0259lum deyil.<\/p>\n","protected":false},"excerpt":{"rendered":"<p>Misir \u015eahquliyevd\u0259n m\u00fcdafi\u0259 etdiyi \u015f\u0259xsin yax\u0131nlar\u0131 \u015fikay\u0259t edib V\u0259kil Misir &#8230; <\/p>\n<p class=\"read-more-container\"><a title=\"V\u0259kil haqq\u0131nda cinay\u0259t i\u015fi ba\u015flan\u0131b: n\u00fcfuz alverind\u0259 ittiham olunur\" class=\"read-more button\" href=\"https:\/\/www.meydan.tv\/az\/article\/vekil-haqqinda-cinayet-isi-baslanib-nufuz-alverinde-ittiham-olunur\/#more-298955\" aria-label=\"Read more about V\u0259kil haqq\u0131nda cinay\u0259t i\u015fi ba\u015flan\u0131b: n\u00fcfuz alverind\u0259 ittiham olunur\">Davam\u0131<\/a><\/p>\n","protected":false},"author":8,"featured_media":252941,"comment_status":"closed","ping_status":"closed","sticky":false,"template":"","format":"standard","meta":{"_acf_changed":false,"_sitemap_exclude":false,"_sitemap_priority":"","_sitemap_frequency":"","footnotes":""},"categories":[62,56],"tags":[],"class_list":["post-298955","post","type-post","status-publish","format-standard","has-post-thumbnail","hentry","category-sosial","category-xeberler","infinite-scroll-item","generate-columns","tablet-grid-50","mobile-grid-100","grid-parent","grid-33","no-featured-image-padding"],"acf":[],"yoast_head":"<!-- This site is optimized with the Yoast SEO plugin v27.5 - https:\/\/yoast.com\/product\/yoast-seo-wordpress\/ -->\n<title>V\u0259kil haqq\u0131nda cinay\u0259t i\u015fi ba\u015flan\u0131b: n\u00fcfuz alverind\u0259 ittiham olunur - MEYDAN.TV<\/title>\n<meta name=\"robots\" content=\"index, follow, max-snippet:-1, max-image-preview:large, max-video-preview:-1\" \/>\n<link rel=\"canonical\" href=\"https:\/\/www.meydan.tv\/az\/article\/vekil-haqqinda-cinayet-isi-baslanib-nufuz-alverinde-ittiham-olunur\/\" \/>\n<meta property=\"og:locale\" content=\"az_AZ\" \/>\n<meta property=\"og:type\" content=\"article\" \/>\n<meta property=\"og:title\" content=\"V\u0259kil haqq\u0131nda cinay\u0259t i\u015fi ba\u015flan\u0131b: n\u00fcfuz alverind\u0259 ittiham olunur - MEYDAN.TV\" \/>\n<meta property=\"og:description\" content=\"Misir \u015eahquliyevd\u0259n m\u00fcdafi\u0259 etdiyi \u015f\u0259xsin yax\u0131nlar\u0131 \u015fikay\u0259t edib V\u0259kil Misir ... Davam\u0131\" \/>\n<meta property=\"og:url\" content=\"https:\/\/www.meydan.tv\/az\/article\/vekil-haqqinda-cinayet-isi-baslanib-nufuz-alverinde-ittiham-olunur\/\" \/>\n<meta property=\"og:site_name\" content=\"MEYDAN.TV\" \/>\n<meta property=\"article:published_time\" content=\"2024-02-15T07:31:52+00:00\" \/>\n<meta property=\"article:modified_time\" content=\"2024-02-15T07:31:56+00:00\" \/>\n<meta property=\"og:image\" content=\"https:\/\/www.meydan.tv\/wp-content\/uploads\/screenshot-at-aug-10-14-51-49-1200x668.png\" \/>\n\t<meta property=\"og:image:width\" content=\"1200\" \/>\n\t<meta property=\"og:image:height\" content=\"668\" \/>\n\t<meta property=\"og:image:type\" content=\"image\/png\" \/>\n<meta name=\"author\" content=\"elli\" \/>\n<meta name=\"twitter:card\" content=\"summary_large_image\" \/>\n<meta name=\"twitter:creator\" content=\"@elli\" \/>\n<script type=\"application\/ld+json\" class=\"yoast-schema-graph\">{\"@context\":\"https:\\\/\\\/schema.org\",\"@graph\":[{\"@type\":\"Article\",\"@id\":\"https:\\\/\\\/www.meydan.tv\\\/az\\\/article\\\/vekil-haqqinda-cinayet-isi-baslanib-nufuz-alverinde-ittiham-olunur\\\/#article\",\"isPartOf\":{\"@id\":\"https:\\\/\\\/www.meydan.tv\\\/az\\\/article\\\/vekil-haqqinda-cinayet-isi-baslanib-nufuz-alverinde-ittiham-olunur\\\/\"},\"author\":{\"name\":\"elli\",\"@id\":\"https:\\\/\\\/www.meydan.tv\\\/az\\\/#\\\/schema\\\/person\\\/9cdbecf90d17180ce1dfbd95b08dcf47\"},\"headline\":\"V\u0259kil haqq\u0131nda cinay\u0259t i\u015fi ba\u015flan\u0131b: n\u00fcfuz alverind\u0259 ittiham olunur\",\"datePublished\":\"2024-02-15T07:31:52+00:00\",\"dateModified\":\"2024-02-15T07:31:56+00:00\",\"mainEntityOfPage\":{\"@id\":\"https:\\\/\\\/www.meydan.tv\\\/az\\\/article\\\/vekil-haqqinda-cinayet-isi-baslanib-nufuz-alverinde-ittiham-olunur\\\/\"},\"wordCount\":323,\"publisher\":{\"@id\":\"https:\\\/\\\/www.meydan.tv\\\/az\\\/#organization\"},\"image\":{\"@id\":\"https:\\\/\\\/www.meydan.tv\\\/az\\\/article\\\/vekil-haqqinda-cinayet-isi-baslanib-nufuz-alverinde-ittiham-olunur\\\/#primaryimage\"},\"thumbnailUrl\":\"https:\\\/\\\/www.meydan.tv\\\/wp-content\\\/uploads\\\/screenshot-at-aug-10-14-51-49.png\",\"articleSection\":[\"Sosial\",\"X\u0259b\u0259rl\u0259r\"],\"inLanguage\":\"az\"},{\"@type\":\"WebPage\",\"@id\":\"https:\\\/\\\/www.meydan.tv\\\/az\\\/article\\\/vekil-haqqinda-cinayet-isi-baslanib-nufuz-alverinde-ittiham-olunur\\\/\",\"url\":\"https:\\\/\\\/www.meydan.tv\\\/az\\\/article\\\/vekil-haqqinda-cinayet-isi-baslanib-nufuz-alverinde-ittiham-olunur\\\/\",\"name\":\"V\u0259kil haqq\u0131nda cinay\u0259t i\u015fi ba\u015flan\u0131b: n\u00fcfuz alverind\u0259 ittiham olunur - MEYDAN.TV\",\"isPartOf\":{\"@id\":\"https:\\\/\\\/www.meydan.tv\\\/az\\\/#website\"},\"primaryImageOfPage\":{\"@id\":\"https:\\\/\\\/www.meydan.tv\\\/az\\\/article\\\/vekil-haqqinda-cinayet-isi-baslanib-nufuz-alverinde-ittiham-olunur\\\/#primaryimage\"},\"image\":{\"@id\":\"https:\\\/\\\/www.meydan.tv\\\/az\\\/article\\\/vekil-haqqinda-cinayet-isi-baslanib-nufuz-alverinde-ittiham-olunur\\\/#primaryimage\"},\"thumbnailUrl\":\"https:\\\/\\\/www.meydan.tv\\\/wp-content\\\/uploads\\\/screenshot-at-aug-10-14-51-49.png\",\"datePublished\":\"2024-02-15T07:31:52+00:00\",\"dateModified\":\"2024-02-15T07:31:56+00:00\",\"breadcrumb\":{\"@id\":\"https:\\\/\\\/www.meydan.tv\\\/az\\\/article\\\/vekil-haqqinda-cinayet-isi-baslanib-nufuz-alverinde-ittiham-olunur\\\/#breadcrumb\"},\"inLanguage\":\"az\",\"potentialAction\":[{\"@type\":\"ReadAction\",\"target\":[\"https:\\\/\\\/www.meydan.tv\\\/az\\\/article\\\/vekil-haqqinda-cinayet-isi-baslanib-nufuz-alverinde-ittiham-olunur\\\/\"]}]},{\"@type\":\"ImageObject\",\"inLanguage\":\"az\",\"@id\":\"https:\\\/\\\/www.meydan.tv\\\/az\\\/article\\\/vekil-haqqinda-cinayet-isi-baslanib-nufuz-alverinde-ittiham-olunur\\\/#primaryimage\",\"url\":\"https:\\\/\\\/www.meydan.tv\\\/wp-content\\\/uploads\\\/screenshot-at-aug-10-14-51-49.png\",\"contentUrl\":\"https:\\\/\\\/www.meydan.tv\\\/wp-content\\\/uploads\\\/screenshot-at-aug-10-14-51-49.png\",\"width\":1510,\"height\":840,\"caption\":\"Ba\u015f Prokurorluq. Foto: Meydan TV\"},{\"@type\":\"BreadcrumbList\",\"@id\":\"https:\\\/\\\/www.meydan.tv\\\/az\\\/article\\\/vekil-haqqinda-cinayet-isi-baslanib-nufuz-alverinde-ittiham-olunur\\\/#breadcrumb\",\"itemListElement\":[{\"@type\":\"ListItem\",\"position\":1,\"name\":\"Ana s\u0259hif\u0259\",\"item\":\"https:\\\/\\\/www.meydan.tv\\\/az\\\/\"},{\"@type\":\"ListItem\",\"position\":2,\"name\":\"Sosial\",\"item\":\"https:\\\/\\\/www.meydan.tv\\\/az\\\/section\\\/sosial\\\/\"},{\"@type\":\"ListItem\",\"position\":3,\"name\":\"V\u0259kil haqq\u0131nda cinay\u0259t i\u015fi ba\u015flan\u0131b: n\u00fcfuz alverind\u0259 ittiham olunur\"}]},{\"@type\":\"WebSite\",\"@id\":\"https:\\\/\\\/www.meydan.tv\\\/az\\\/#website\",\"url\":\"https:\\\/\\\/www.meydan.tv\\\/az\\\/\",\"name\":\"MEYDAN.TV\",\"description\":\"Meydan TV Az\u0259rbaycan\u0131n media m\u0259kan\u0131ndak\u0131 alternativ s\u0259sidir\",\"publisher\":{\"@id\":\"https:\\\/\\\/www.meydan.tv\\\/az\\\/#organization\"},\"potentialAction\":[{\"@type\":\"SearchAction\",\"target\":{\"@type\":\"EntryPoint\",\"urlTemplate\":\"https:\\\/\\\/www.meydan.tv\\\/az\\\/?s={search_term_string}\"},\"query-input\":{\"@type\":\"PropertyValueSpecification\",\"valueRequired\":true,\"valueName\":\"search_term_string\"}}],\"inLanguage\":\"az\"},{\"@type\":\"Organization\",\"@id\":\"https:\\\/\\\/www.meydan.tv\\\/az\\\/#organization\",\"name\":\"Meydan TV\",\"url\":\"https:\\\/\\\/www.meydan.tv\\\/az\\\/\",\"logo\":{\"@type\":\"ImageObject\",\"inLanguage\":\"az\",\"@id\":\"https:\\\/\\\/www.meydan.tv\\\/az\\\/#\\\/schema\\\/logo\\\/image\\\/\",\"url\":\"https:\\\/\\\/www.meydan.tv\\\/wp-content\\\/uploads\\\/2021\\\/07\\\/meydan-logo.svg\",\"contentUrl\":\"https:\\\/\\\/www.meydan.tv\\\/wp-content\\\/uploads\\\/2021\\\/07\\\/meydan-logo.svg\",\"width\":195,\"height\":46,\"caption\":\"Meydan TV\"},\"image\":{\"@id\":\"https:\\\/\\\/www.meydan.tv\\\/az\\\/#\\\/schema\\\/logo\\\/image\\\/\"}},{\"@type\":\"Person\",\"@id\":\"https:\\\/\\\/www.meydan.tv\\\/az\\\/#\\\/schema\\\/person\\\/9cdbecf90d17180ce1dfbd95b08dcf47\",\"name\":\"elli\",\"sameAs\":[\"https:\\\/\\\/x.com\\\/elli\"]}]}<\/script>\n<!-- \/ Yoast SEO plugin. -->","yoast_head_json":{"title":"V\u0259kil haqq\u0131nda cinay\u0259t i\u015fi ba\u015flan\u0131b: n\u00fcfuz alverind\u0259 ittiham olunur - MEYDAN.TV","robots":{"index":"index","follow":"follow","max-snippet":"max-snippet:-1","max-image-preview":"max-image-preview:large","max-video-preview":"max-video-preview:-1"},"canonical":"https:\/\/www.meydan.tv\/az\/article\/vekil-haqqinda-cinayet-isi-baslanib-nufuz-alverinde-ittiham-olunur\/","og_locale":"az_AZ","og_type":"article","og_title":"V\u0259kil haqq\u0131nda cinay\u0259t i\u015fi ba\u015flan\u0131b: n\u00fcfuz alverind\u0259 ittiham olunur - MEYDAN.TV","og_description":"Misir \u015eahquliyevd\u0259n m\u00fcdafi\u0259 etdiyi \u015f\u0259xsin yax\u0131nlar\u0131 \u015fikay\u0259t edib V\u0259kil Misir ... Davam\u0131","og_url":"https:\/\/www.meydan.tv\/az\/article\/vekil-haqqinda-cinayet-isi-baslanib-nufuz-alverinde-ittiham-olunur\/","og_site_name":"MEYDAN.TV","article_published_time":"2024-02-15T07:31:52+00:00","article_modified_time":"2024-02-15T07:31:56+00:00","og_image":[{"width":1200,"height":668,"url":"https:\/\/www.meydan.tv\/wp-content\/uploads\/screenshot-at-aug-10-14-51-49-1200x668.png","type":"image\/png"}],"author":"elli","twitter_card":"summary_large_image","twitter_creator":"@elli","schema":{"@context":"https:\/\/schema.org","@graph":[{"@type":"Article","@id":"https:\/\/www.meydan.tv\/az\/article\/vekil-haqqinda-cinayet-isi-baslanib-nufuz-alverinde-ittiham-olunur\/#article","isPartOf":{"@id":"https:\/\/www.meydan.tv\/az\/article\/vekil-haqqinda-cinayet-isi-baslanib-nufuz-alverinde-ittiham-olunur\/"},"author":{"name":"elli","@id":"https:\/\/www.meydan.tv\/az\/#\/schema\/person\/9cdbecf90d17180ce1dfbd95b08dcf47"},"headline":"V\u0259kil haqq\u0131nda cinay\u0259t i\u015fi ba\u015flan\u0131b: n\u00fcfuz alverind\u0259 ittiham olunur","datePublished":"2024-02-15T07:31:52+00:00","dateModified":"2024-02-15T07:31:56+00:00","mainEntityOfPage":{"@id":"https:\/\/www.meydan.tv\/az\/article\/vekil-haqqinda-cinayet-isi-baslanib-nufuz-alverinde-ittiham-olunur\/"},"wordCount":323,"publisher":{"@id":"https:\/\/www.meydan.tv\/az\/#organization"},"image":{"@id":"https:\/\/www.meydan.tv\/az\/article\/vekil-haqqinda-cinayet-isi-baslanib-nufuz-alverinde-ittiham-olunur\/#primaryimage"},"thumbnailUrl":"https:\/\/www.meydan.tv\/wp-content\/uploads\/screenshot-at-aug-10-14-51-49.png","articleSection":["Sosial","X\u0259b\u0259rl\u0259r"],"inLanguage":"az"},{"@type":"WebPage","@id":"https:\/\/www.meydan.tv\/az\/article\/vekil-haqqinda-cinayet-isi-baslanib-nufuz-alverinde-ittiham-olunur\/","url":"https:\/\/www.meydan.tv\/az\/article\/vekil-haqqinda-cinayet-isi-baslanib-nufuz-alverinde-ittiham-olunur\/","name":"V\u0259kil haqq\u0131nda cinay\u0259t i\u015fi ba\u015flan\u0131b: n\u00fcfuz alverind\u0259 ittiham olunur - MEYDAN.TV","isPartOf":{"@id":"https:\/\/www.meydan.tv\/az\/#website"},"primaryImageOfPage":{"@id":"https:\/\/www.meydan.tv\/az\/article\/vekil-haqqinda-cinayet-isi-baslanib-nufuz-alverinde-ittiham-olunur\/#primaryimage"},"image":{"@id":"https:\/\/www.meydan.tv\/az\/article\/vekil-haqqinda-cinayet-isi-baslanib-nufuz-alverinde-ittiham-olunur\/#primaryimage"},"thumbnailUrl":"https:\/\/www.meydan.tv\/wp-content\/uploads\/screenshot-at-aug-10-14-51-49.png","datePublished":"2024-02-15T07:31:52+00:00","dateModified":"2024-02-15T07:31:56+00:00","breadcrumb":{"@id":"https:\/\/www.meydan.tv\/az\/article\/vekil-haqqinda-cinayet-isi-baslanib-nufuz-alverinde-ittiham-olunur\/#breadcrumb"},"inLanguage":"az","potentialAction":[{"@type":"ReadAction","target":["https:\/\/www.meydan.tv\/az\/article\/vekil-haqqinda-cinayet-isi-baslanib-nufuz-alverinde-ittiham-olunur\/"]}]},{"@type":"ImageObject","inLanguage":"az","@id":"https:\/\/www.meydan.tv\/az\/article\/vekil-haqqinda-cinayet-isi-baslanib-nufuz-alverinde-ittiham-olunur\/#primaryimage","url":"https:\/\/www.meydan.tv\/wp-content\/uploads\/screenshot-at-aug-10-14-51-49.png","contentUrl":"https:\/\/www.meydan.tv\/wp-content\/uploads\/screenshot-at-aug-10-14-51-49.png","width":1510,"height":840,"caption":"Ba\u015f Prokurorluq. Foto: Meydan TV"},{"@type":"BreadcrumbList","@id":"https:\/\/www.meydan.tv\/az\/article\/vekil-haqqinda-cinayet-isi-baslanib-nufuz-alverinde-ittiham-olunur\/#breadcrumb","itemListElement":[{"@type":"ListItem","position":1,"name":"Ana s\u0259hif\u0259","item":"https:\/\/www.meydan.tv\/az\/"},{"@type":"ListItem","position":2,"name":"Sosial","item":"https:\/\/www.meydan.tv\/az\/section\/sosial\/"},{"@type":"ListItem","position":3,"name":"V\u0259kil haqq\u0131nda cinay\u0259t i\u015fi ba\u015flan\u0131b: n\u00fcfuz alverind\u0259 ittiham olunur"}]},{"@type":"WebSite","@id":"https:\/\/www.meydan.tv\/az\/#website","url":"https:\/\/www.meydan.tv\/az\/","name":"MEYDAN.TV","description":"Meydan TV Az\u0259rbaycan\u0131n media m\u0259kan\u0131ndak\u0131 alternativ s\u0259sidir","publisher":{"@id":"https:\/\/www.meydan.tv\/az\/#organization"},"potentialAction":[{"@type":"SearchAction","target":{"@type":"EntryPoint","urlTemplate":"https:\/\/www.meydan.tv\/az\/?s={search_term_string}"},"query-input":{"@type":"PropertyValueSpecification","valueRequired":true,"valueName":"search_term_string"}}],"inLanguage":"az"},{"@type":"Organization","@id":"https:\/\/www.meydan.tv\/az\/#organization","name":"Meydan TV","url":"https:\/\/www.meydan.tv\/az\/","logo":{"@type":"ImageObject","inLanguage":"az","@id":"https:\/\/www.meydan.tv\/az\/#\/schema\/logo\/image\/","url":"https:\/\/www.meydan.tv\/wp-content\/uploads\/2021\/07\/meydan-logo.svg","contentUrl":"https:\/\/www.meydan.tv\/wp-content\/uploads\/2021\/07\/meydan-logo.svg","width":195,"height":46,"caption":"Meydan TV"},"image":{"@id":"https:\/\/www.meydan.tv\/az\/#\/schema\/logo\/image\/"}},{"@type":"Person","@id":"https:\/\/www.meydan.tv\/az\/#\/schema\/person\/9cdbecf90d17180ce1dfbd95b08dcf47","name":"elli","sameAs":["https:\/\/x.com\/elli"]}]}},"_links":{"self":[{"href":"https:\/\/www.meydan.tv\/az\/wp-json\/wp\/v2\/posts\/298955","targetHints":{"allow":["GET"]}}],"collection":[{"href":"https:\/\/www.meydan.tv\/az\/wp-json\/wp\/v2\/posts"}],"about":[{"href":"https:\/\/www.meydan.tv\/az\/wp-json\/wp\/v2\/types\/post"}],"author":[{"embeddable":true,"href":"https:\/\/www.meydan.tv\/az\/wp-json\/wp\/v2\/users\/8"}],"replies":[{"embeddable":true,"href":"https:\/\/www.meydan.tv\/az\/wp-json\/wp\/v2\/comments?post=298955"}],"version-history":[{"count":1,"href":"https:\/\/www.meydan.tv\/az\/wp-json\/wp\/v2\/posts\/298955\/revisions"}],"predecessor-version":[{"id":298959,"href":"https:\/\/www.meydan.tv\/az\/wp-json\/wp\/v2\/posts\/298955\/revisions\/298959"}],"wp:featuredmedia":[{"embeddable":true,"href":"https:\/\/www.meydan.tv\/az\/wp-json\/wp\/v2\/media\/252941"}],"wp:attachment":[{"href":"https:\/\/www.meydan.tv\/az\/wp-json\/wp\/v2\/media?parent=298955"}],"wp:term":[{"taxonomy":"category","embeddable":true,"href":"https:\/\/www.meydan.tv\/az\/wp-json\/wp\/v2\/categories?post=298955"},{"taxonomy":"post_tag","embeddable":true,"href":"https:\/\/www.meydan.tv\/az\/wp-json\/wp\/v2\/tags?post=298955"}],"curies":[{"name":"wp","href":"https:\/\/api.w.org\/{rel}","templated":true}]}}