{"id":298878,"date":"2024-02-14T23:06:06","date_gmt":"2024-02-14T19:06:06","guid":{"rendered":"https:\/\/www.meydan.tv\/?p=298878"},"modified":"2024-02-14T23:06:09","modified_gmt":"2024-02-14T19:06:09","slug":"biz-yorulduq-prezidente-siqnal-vermekden","status":"publish","type":"post","link":"https:\/\/www.meydan.tv\/az\/article\/biz-yorulduq-prezidente-siqnal-vermekden\/","title":{"rendered":"&#8221;Biz yorulduq Prezident\u0259 siqnal verm\u0259kd\u0259n&#8221;"},"content":{"rendered":"\n<figure class=\"wp-block-embed is-type-video is-provider-youtube wp-block-embed-youtube wp-embed-aspect-16-9 wp-has-aspect-ratio\"><div class=\"wp-block-embed__wrapper\">\n<iframe title=\"&#039;&#039;Biz yorulduq prezident\u0259 siqnal verm\u0259kd\u0259n&#039;&#039;\" width=\"1200\" height=\"675\" data-src=\"https:\/\/www.youtube.com\/embed\/z_4aKoYQZ1s?feature=oembed\" frameborder=\"0\" allow=\"accelerometer; autoplay; clipboard-write; encrypted-media; gyroscope; picture-in-picture; web-share\" allowfullscreen src=\"data:image\/svg+xml;base64,PHN2ZyB3aWR0aD0iMSIgaGVpZ2h0PSIxIiB4bWxucz0iaHR0cDovL3d3dy53My5vcmcvMjAwMC9zdmciPjwvc3ZnPg==\" class=\"lazyload\" data-load-mode=\"1\"><\/iframe>\n<\/div><\/figure>\n\n\n\n<p><\/p>\n\n\n\n<p>\u201cKubinka\u201d kimi tan\u0131nan Yasamal rayonu \u018flibaba Abdullayev k\u00fc\u00e7\u0259si s\u00f6k\u00fcnt\u00fc \u0259razisi kimi hasarlan\u0131b. S\u00f6k\u00fcnt\u00fcn\u00fc \u201cRR Construction\u201d \u015firk\u0259ti h\u0259yata ke\u00e7irir. Sakinl\u0259r is\u0259 s\u00f6k\u00fcnt\u00fc \u015f\u0259rtl\u0259ri il\u0259 raz\u0131 olmad\u0131qlar\u0131n\u0131 deyirl\u0259r. Onlar iddia edir ki, \u0259razini bo\u015falts\u0131nlar dey\u0259 evl\u0259rini bil\u0259r\u0259kd\u0259n z\u0259d\u0259l\u0259yirl\u0259r.  <\/p>\n\n\n\n<p><em>\u201cCamaat\u0131n evini bil\u0259-bil\u0259 z\u0259d\u0259l\u0259yirl\u0259r. Guya bunlar\u0131n \u0259lind\u0259 aray\u0131\u015f var ki, bu \u0259razi q\u0259zal\u0131 v\u0259ziyy\u0259td\u0259 olan evl\u0259rdir. Burada q\u0259zal\u0131 evl\u0259r b\u0259lk\u0259 d\u0259 var. Onlar\u0131n sakinl\u0259ri b\u00f6y\u00fck \u0259ks\u0259riyy\u0259t bug\u00fcnk\u00fc g\u00fcnd\u0259 k\u00f6\u00e7\u00fcb gedibl\u0259r. Q\u0259zal\u0131 olmayan evl\u0259ri d\u0259 ba\u015fqa adla \u00e7\u0131xarmaq olmur ax\u0131, n\u0259s\u0259 \u0259sas olmal\u0131d\u0131r. Ona g\u00f6r\u0259 bil\u0259-bil\u0259 z\u0259d\u0259liyirl\u0259r. Burada qon\u015funun evini bil\u0259-bil\u0259 z\u0259d\u0259l\u0259yibl\u0259r.  T\u0259s\u0259vv\u00fcr el\u0259, evin i\u00e7ind\u0259n g\u00f6y\u0259 bax\u0131rsan, g\u00fcn\u0259\u015f g\u00f6r\u00fcn\u00fcr\u201d<\/em>.  <\/p>\n\n\n\n<p>S\u00f6z\u00fcged\u0259n ev T\u0259z\u0259g\u00fcl H\u0259s\u0259novan\u0131n evidir. Deyir ki, art\u0131q ne\u00e7\u0259nci d\u0259f\u0259dir evinin dam\u0131n\u0131 z\u0259d\u0259l\u0259yirl\u0259r.  Sakinl\u0259r \u015firk\u0259tl\u0259 raz\u0131l\u0131\u011fa g\u0259l\u0259 bilmirl\u0259r, \u015f\u0259rtl\u0259r onlar\u0131 qane etmir. \u015eirk\u0259tin v\u0259dl\u0259rin\u0259 d\u0259 inanm\u0131rlar dey\u0259 evl\u0259rind\u0259n \u00e7\u0131xmaq ist\u0259mirl\u0259r.  <\/p>\n\n\n\n<p>\u201cRR Construction\u201d \u015firk\u0259tinin r\u0259hb\u0259ri Rafael Abdullayev a\u00e7\u0131qlamas\u0131nda bildirir ki, sakinl\u0259r\u0259 t\u0259klif olunan m\u0259bl\u0259\u011f bazar qiym\u0259tin\u0259 uy\u011fun olaraq 2000 manatd\u0131r. Sakinl\u0259r is\u0259 m\u0259bl\u0259\u011fin bazar qiym\u0259tin\u0259 uy\u011fun olmad\u0131\u011f\u0131n\u0131 deyirl\u0259r.<\/p>\n","protected":false},"excerpt":{"rendered":"<p>\u201cKubinka\u201d kimi tan\u0131nan Yasamal rayonu \u018flibaba Abdullayev k\u00fc\u00e7\u0259si s\u00f6k\u00fcnt\u00fc \u0259razisi &#8230; <\/p>\n<p class=\"read-more-container\"><a title=\"&#8221;Biz yorulduq Prezident\u0259 siqnal verm\u0259kd\u0259n&#8221;\" class=\"read-more button\" href=\"https:\/\/www.meydan.tv\/az\/article\/biz-yorulduq-prezidente-siqnal-vermekden\/#more-298878\" aria-label=\"Read more about &#8221;Biz yorulduq Prezident\u0259 siqnal verm\u0259kd\u0259n&#8221;\">Davam\u0131<\/a><\/p>\n","protected":false},"author":12,"featured_media":298879,"comment_status":"closed","ping_status":"closed","sticky":false,"template":"","format":"standard","meta":{"_acf_changed":false,"_sitemap_exclude":false,"_sitemap_priority":"","_sitemap_frequency":"","footnotes":""},"categories":[62,63],"tags":[],"class_list":["post-298878","post","type-post","status-publish","format-standard","has-post-thumbnail","hentry","category-sosial","category-video-2","infinite-scroll-item","generate-columns","tablet-grid-50","mobile-grid-100","grid-parent","grid-33","no-featured-image-padding"],"acf":[],"yoast_head":"<!-- This site is optimized with the Yoast SEO plugin v27.4 - https:\/\/yoast.com\/product\/yoast-seo-wordpress\/ -->\n<title>&#039;&#039;Biz yorulduq Prezident\u0259 siqnal verm\u0259kd\u0259n&#039;&#039; - MEYDAN.TV<\/title>\n<meta name=\"robots\" content=\"index, follow, max-snippet:-1, max-image-preview:large, max-video-preview:-1\" \/>\n<link rel=\"canonical\" href=\"https:\/\/www.meydan.tv\/az\/article\/biz-yorulduq-prezidente-siqnal-vermekden\/\" \/>\n<meta property=\"og:locale\" content=\"az_AZ\" \/>\n<meta property=\"og:type\" content=\"article\" \/>\n<meta property=\"og:title\" content=\"&#039;&#039;Biz yorulduq Prezident\u0259 siqnal verm\u0259kd\u0259n&#039;&#039; - MEYDAN.TV\" \/>\n<meta property=\"og:description\" content=\"\u201cKubinka\u201d kimi tan\u0131nan Yasamal rayonu \u018flibaba Abdullayev k\u00fc\u00e7\u0259si s\u00f6k\u00fcnt\u00fc \u0259razisi ... Davam\u0131\" \/>\n<meta property=\"og:url\" content=\"https:\/\/www.meydan.tv\/az\/article\/biz-yorulduq-prezidente-siqnal-vermekden\/\" \/>\n<meta property=\"og:site_name\" content=\"MEYDAN.TV\" \/>\n<meta property=\"article:published_time\" content=\"2024-02-14T19:06:06+00:00\" \/>\n<meta property=\"article:modified_time\" content=\"2024-02-14T19:06:09+00:00\" \/>\n<meta property=\"og:image\" content=\"https:\/\/www.meydan.tv\/wp-content\/uploads\/screenshot-2024-02-14-at-19.01.06-1200x594.png\" \/>\n\t<meta property=\"og:image:width\" content=\"1200\" \/>\n\t<meta property=\"og:image:height\" content=\"594\" \/>\n\t<meta property=\"og:image:type\" content=\"image\/png\" \/>\n<meta name=\"author\" content=\"aleks\" \/>\n<meta name=\"twitter:card\" content=\"summary_large_image\" \/>\n<script type=\"application\/ld+json\" class=\"yoast-schema-graph\">{\"@context\":\"https:\\\/\\\/schema.org\",\"@graph\":[{\"@type\":\"Article\",\"@id\":\"https:\\\/\\\/www.meydan.tv\\\/az\\\/article\\\/biz-yorulduq-prezidente-siqnal-vermekden\\\/#article\",\"isPartOf\":{\"@id\":\"https:\\\/\\\/www.meydan.tv\\\/az\\\/article\\\/biz-yorulduq-prezidente-siqnal-vermekden\\\/\"},\"author\":{\"name\":\"aleks\",\"@id\":\"https:\\\/\\\/www.meydan.tv\\\/az\\\/#\\\/schema\\\/person\\\/476e9360e593fa131d5d71d51866f8da\"},\"headline\":\"&#8221;Biz yorulduq Prezident\u0259 siqnal verm\u0259kd\u0259n&#8221;\",\"datePublished\":\"2024-02-14T19:06:06+00:00\",\"dateModified\":\"2024-02-14T19:06:09+00:00\",\"mainEntityOfPage\":{\"@id\":\"https:\\\/\\\/www.meydan.tv\\\/az\\\/article\\\/biz-yorulduq-prezidente-siqnal-vermekden\\\/\"},\"wordCount\":295,\"publisher\":{\"@id\":\"https:\\\/\\\/www.meydan.tv\\\/az\\\/#organization\"},\"image\":{\"@id\":\"https:\\\/\\\/www.meydan.tv\\\/az\\\/article\\\/biz-yorulduq-prezidente-siqnal-vermekden\\\/#primaryimage\"},\"thumbnailUrl\":\"https:\\\/\\\/www.meydan.tv\\\/wp-content\\\/uploads\\\/screenshot-2024-02-14-at-19.01.06.png\",\"articleSection\":[\"Sosial\",\"Video\"],\"inLanguage\":\"az\"},{\"@type\":\"WebPage\",\"@id\":\"https:\\\/\\\/www.meydan.tv\\\/az\\\/article\\\/biz-yorulduq-prezidente-siqnal-vermekden\\\/\",\"url\":\"https:\\\/\\\/www.meydan.tv\\\/az\\\/article\\\/biz-yorulduq-prezidente-siqnal-vermekden\\\/\",\"name\":\"''Biz yorulduq Prezident\u0259 siqnal verm\u0259kd\u0259n'' - MEYDAN.TV\",\"isPartOf\":{\"@id\":\"https:\\\/\\\/www.meydan.tv\\\/az\\\/#website\"},\"primaryImageOfPage\":{\"@id\":\"https:\\\/\\\/www.meydan.tv\\\/az\\\/article\\\/biz-yorulduq-prezidente-siqnal-vermekden\\\/#primaryimage\"},\"image\":{\"@id\":\"https:\\\/\\\/www.meydan.tv\\\/az\\\/article\\\/biz-yorulduq-prezidente-siqnal-vermekden\\\/#primaryimage\"},\"thumbnailUrl\":\"https:\\\/\\\/www.meydan.tv\\\/wp-content\\\/uploads\\\/screenshot-2024-02-14-at-19.01.06.png\",\"datePublished\":\"2024-02-14T19:06:06+00:00\",\"dateModified\":\"2024-02-14T19:06:09+00:00\",\"breadcrumb\":{\"@id\":\"https:\\\/\\\/www.meydan.tv\\\/az\\\/article\\\/biz-yorulduq-prezidente-siqnal-vermekden\\\/#breadcrumb\"},\"inLanguage\":\"az\",\"potentialAction\":[{\"@type\":\"ReadAction\",\"target\":[\"https:\\\/\\\/www.meydan.tv\\\/az\\\/article\\\/biz-yorulduq-prezidente-siqnal-vermekden\\\/\"]}]},{\"@type\":\"ImageObject\",\"inLanguage\":\"az\",\"@id\":\"https:\\\/\\\/www.meydan.tv\\\/az\\\/article\\\/biz-yorulduq-prezidente-siqnal-vermekden\\\/#primaryimage\",\"url\":\"https:\\\/\\\/www.meydan.tv\\\/wp-content\\\/uploads\\\/screenshot-2024-02-14-at-19.01.06.png\",\"contentUrl\":\"https:\\\/\\\/www.meydan.tv\\\/wp-content\\\/uploads\\\/screenshot-2024-02-14-at-19.01.06.png\",\"width\":1782,\"height\":882},{\"@type\":\"BreadcrumbList\",\"@id\":\"https:\\\/\\\/www.meydan.tv\\\/az\\\/article\\\/biz-yorulduq-prezidente-siqnal-vermekden\\\/#breadcrumb\",\"itemListElement\":[{\"@type\":\"ListItem\",\"position\":1,\"name\":\"Ana s\u0259hif\u0259\",\"item\":\"https:\\\/\\\/www.meydan.tv\\\/az\\\/\"},{\"@type\":\"ListItem\",\"position\":2,\"name\":\"Video\",\"item\":\"https:\\\/\\\/www.meydan.tv\\\/az\\\/section\\\/video-2\\\/\"},{\"@type\":\"ListItem\",\"position\":3,\"name\":\"&#8221;Biz yorulduq Prezident\u0259 siqnal verm\u0259kd\u0259n&#8221;\"}]},{\"@type\":\"WebSite\",\"@id\":\"https:\\\/\\\/www.meydan.tv\\\/az\\\/#website\",\"url\":\"https:\\\/\\\/www.meydan.tv\\\/az\\\/\",\"name\":\"MEYDAN.TV\",\"description\":\"Meydan TV Az\u0259rbaycan\u0131n media m\u0259kan\u0131ndak\u0131 alternativ s\u0259sidir\",\"publisher\":{\"@id\":\"https:\\\/\\\/www.meydan.tv\\\/az\\\/#organization\"},\"potentialAction\":[{\"@type\":\"SearchAction\",\"target\":{\"@type\":\"EntryPoint\",\"urlTemplate\":\"https:\\\/\\\/www.meydan.tv\\\/az\\\/?s={search_term_string}\"},\"query-input\":{\"@type\":\"PropertyValueSpecification\",\"valueRequired\":true,\"valueName\":\"search_term_string\"}}],\"inLanguage\":\"az\"},{\"@type\":\"Organization\",\"@id\":\"https:\\\/\\\/www.meydan.tv\\\/az\\\/#organization\",\"name\":\"Meydan TV\",\"url\":\"https:\\\/\\\/www.meydan.tv\\\/az\\\/\",\"logo\":{\"@type\":\"ImageObject\",\"inLanguage\":\"az\",\"@id\":\"https:\\\/\\\/www.meydan.tv\\\/az\\\/#\\\/schema\\\/logo\\\/image\\\/\",\"url\":\"https:\\\/\\\/www.meydan.tv\\\/wp-content\\\/uploads\\\/2021\\\/07\\\/meydan-logo.svg\",\"contentUrl\":\"https:\\\/\\\/www.meydan.tv\\\/wp-content\\\/uploads\\\/2021\\\/07\\\/meydan-logo.svg\",\"width\":195,\"height\":46,\"caption\":\"Meydan TV\"},\"image\":{\"@id\":\"https:\\\/\\\/www.meydan.tv\\\/az\\\/#\\\/schema\\\/logo\\\/image\\\/\"}},{\"@type\":\"Person\",\"@id\":\"https:\\\/\\\/www.meydan.tv\\\/az\\\/#\\\/schema\\\/person\\\/476e9360e593fa131d5d71d51866f8da\",\"name\":\"aleks\"}]}<\/script>\n<!-- \/ Yoast SEO plugin. -->","yoast_head_json":{"title":"''Biz yorulduq Prezident\u0259 siqnal verm\u0259kd\u0259n'' - MEYDAN.TV","robots":{"index":"index","follow":"follow","max-snippet":"max-snippet:-1","max-image-preview":"max-image-preview:large","max-video-preview":"max-video-preview:-1"},"canonical":"https:\/\/www.meydan.tv\/az\/article\/biz-yorulduq-prezidente-siqnal-vermekden\/","og_locale":"az_AZ","og_type":"article","og_title":"''Biz yorulduq Prezident\u0259 siqnal verm\u0259kd\u0259n'' - MEYDAN.TV","og_description":"\u201cKubinka\u201d kimi tan\u0131nan Yasamal rayonu \u018flibaba Abdullayev k\u00fc\u00e7\u0259si s\u00f6k\u00fcnt\u00fc \u0259razisi ... Davam\u0131","og_url":"https:\/\/www.meydan.tv\/az\/article\/biz-yorulduq-prezidente-siqnal-vermekden\/","og_site_name":"MEYDAN.TV","article_published_time":"2024-02-14T19:06:06+00:00","article_modified_time":"2024-02-14T19:06:09+00:00","og_image":[{"width":1200,"height":594,"url":"https:\/\/www.meydan.tv\/wp-content\/uploads\/screenshot-2024-02-14-at-19.01.06-1200x594.png","type":"image\/png"}],"author":"aleks","twitter_card":"summary_large_image","schema":{"@context":"https:\/\/schema.org","@graph":[{"@type":"Article","@id":"https:\/\/www.meydan.tv\/az\/article\/biz-yorulduq-prezidente-siqnal-vermekden\/#article","isPartOf":{"@id":"https:\/\/www.meydan.tv\/az\/article\/biz-yorulduq-prezidente-siqnal-vermekden\/"},"author":{"name":"aleks","@id":"https:\/\/www.meydan.tv\/az\/#\/schema\/person\/476e9360e593fa131d5d71d51866f8da"},"headline":"&#8221;Biz yorulduq Prezident\u0259 siqnal verm\u0259kd\u0259n&#8221;","datePublished":"2024-02-14T19:06:06+00:00","dateModified":"2024-02-14T19:06:09+00:00","mainEntityOfPage":{"@id":"https:\/\/www.meydan.tv\/az\/article\/biz-yorulduq-prezidente-siqnal-vermekden\/"},"wordCount":295,"publisher":{"@id":"https:\/\/www.meydan.tv\/az\/#organization"},"image":{"@id":"https:\/\/www.meydan.tv\/az\/article\/biz-yorulduq-prezidente-siqnal-vermekden\/#primaryimage"},"thumbnailUrl":"https:\/\/www.meydan.tv\/wp-content\/uploads\/screenshot-2024-02-14-at-19.01.06.png","articleSection":["Sosial","Video"],"inLanguage":"az"},{"@type":"WebPage","@id":"https:\/\/www.meydan.tv\/az\/article\/biz-yorulduq-prezidente-siqnal-vermekden\/","url":"https:\/\/www.meydan.tv\/az\/article\/biz-yorulduq-prezidente-siqnal-vermekden\/","name":"''Biz yorulduq Prezident\u0259 siqnal verm\u0259kd\u0259n'' - MEYDAN.TV","isPartOf":{"@id":"https:\/\/www.meydan.tv\/az\/#website"},"primaryImageOfPage":{"@id":"https:\/\/www.meydan.tv\/az\/article\/biz-yorulduq-prezidente-siqnal-vermekden\/#primaryimage"},"image":{"@id":"https:\/\/www.meydan.tv\/az\/article\/biz-yorulduq-prezidente-siqnal-vermekden\/#primaryimage"},"thumbnailUrl":"https:\/\/www.meydan.tv\/wp-content\/uploads\/screenshot-2024-02-14-at-19.01.06.png","datePublished":"2024-02-14T19:06:06+00:00","dateModified":"2024-02-14T19:06:09+00:00","breadcrumb":{"@id":"https:\/\/www.meydan.tv\/az\/article\/biz-yorulduq-prezidente-siqnal-vermekden\/#breadcrumb"},"inLanguage":"az","potentialAction":[{"@type":"ReadAction","target":["https:\/\/www.meydan.tv\/az\/article\/biz-yorulduq-prezidente-siqnal-vermekden\/"]}]},{"@type":"ImageObject","inLanguage":"az","@id":"https:\/\/www.meydan.tv\/az\/article\/biz-yorulduq-prezidente-siqnal-vermekden\/#primaryimage","url":"https:\/\/www.meydan.tv\/wp-content\/uploads\/screenshot-2024-02-14-at-19.01.06.png","contentUrl":"https:\/\/www.meydan.tv\/wp-content\/uploads\/screenshot-2024-02-14-at-19.01.06.png","width":1782,"height":882},{"@type":"BreadcrumbList","@id":"https:\/\/www.meydan.tv\/az\/article\/biz-yorulduq-prezidente-siqnal-vermekden\/#breadcrumb","itemListElement":[{"@type":"ListItem","position":1,"name":"Ana s\u0259hif\u0259","item":"https:\/\/www.meydan.tv\/az\/"},{"@type":"ListItem","position":2,"name":"Video","item":"https:\/\/www.meydan.tv\/az\/section\/video-2\/"},{"@type":"ListItem","position":3,"name":"&#8221;Biz yorulduq Prezident\u0259 siqnal verm\u0259kd\u0259n&#8221;"}]},{"@type":"WebSite","@id":"https:\/\/www.meydan.tv\/az\/#website","url":"https:\/\/www.meydan.tv\/az\/","name":"MEYDAN.TV","description":"Meydan TV Az\u0259rbaycan\u0131n media m\u0259kan\u0131ndak\u0131 alternativ s\u0259sidir","publisher":{"@id":"https:\/\/www.meydan.tv\/az\/#organization"},"potentialAction":[{"@type":"SearchAction","target":{"@type":"EntryPoint","urlTemplate":"https:\/\/www.meydan.tv\/az\/?s={search_term_string}"},"query-input":{"@type":"PropertyValueSpecification","valueRequired":true,"valueName":"search_term_string"}}],"inLanguage":"az"},{"@type":"Organization","@id":"https:\/\/www.meydan.tv\/az\/#organization","name":"Meydan TV","url":"https:\/\/www.meydan.tv\/az\/","logo":{"@type":"ImageObject","inLanguage":"az","@id":"https:\/\/www.meydan.tv\/az\/#\/schema\/logo\/image\/","url":"https:\/\/www.meydan.tv\/wp-content\/uploads\/2021\/07\/meydan-logo.svg","contentUrl":"https:\/\/www.meydan.tv\/wp-content\/uploads\/2021\/07\/meydan-logo.svg","width":195,"height":46,"caption":"Meydan TV"},"image":{"@id":"https:\/\/www.meydan.tv\/az\/#\/schema\/logo\/image\/"}},{"@type":"Person","@id":"https:\/\/www.meydan.tv\/az\/#\/schema\/person\/476e9360e593fa131d5d71d51866f8da","name":"aleks"}]}},"_links":{"self":[{"href":"https:\/\/www.meydan.tv\/az\/wp-json\/wp\/v2\/posts\/298878","targetHints":{"allow":["GET"]}}],"collection":[{"href":"https:\/\/www.meydan.tv\/az\/wp-json\/wp\/v2\/posts"}],"about":[{"href":"https:\/\/www.meydan.tv\/az\/wp-json\/wp\/v2\/types\/post"}],"author":[{"embeddable":true,"href":"https:\/\/www.meydan.tv\/az\/wp-json\/wp\/v2\/users\/12"}],"replies":[{"embeddable":true,"href":"https:\/\/www.meydan.tv\/az\/wp-json\/wp\/v2\/comments?post=298878"}],"version-history":[{"count":4,"href":"https:\/\/www.meydan.tv\/az\/wp-json\/wp\/v2\/posts\/298878\/revisions"}],"predecessor-version":[{"id":298948,"href":"https:\/\/www.meydan.tv\/az\/wp-json\/wp\/v2\/posts\/298878\/revisions\/298948"}],"wp:featuredmedia":[{"embeddable":true,"href":"https:\/\/www.meydan.tv\/az\/wp-json\/wp\/v2\/media\/298879"}],"wp:attachment":[{"href":"https:\/\/www.meydan.tv\/az\/wp-json\/wp\/v2\/media?parent=298878"}],"wp:term":[{"taxonomy":"category","embeddable":true,"href":"https:\/\/www.meydan.tv\/az\/wp-json\/wp\/v2\/categories?post=298878"},{"taxonomy":"post_tag","embeddable":true,"href":"https:\/\/www.meydan.tv\/az\/wp-json\/wp\/v2\/tags?post=298878"}],"curies":[{"name":"wp","href":"https:\/\/api.w.org\/{rel}","templated":true}]}}