{"id":298874,"date":"2024-02-14T19:02:17","date_gmt":"2024-02-14T15:02:17","guid":{"rendered":"https:\/\/www.meydan.tv\/?p=298874"},"modified":"2024-02-14T19:02:21","modified_gmt":"2024-02-14T15:02:21","slug":"ilkin-suleymanov-men-toretmediyim-cinayete-gore-ceza-cekmek-istemirem","status":"publish","type":"post","link":"https:\/\/www.meydan.tv\/az\/article\/ilkin-suleymanov-men-toretmediyim-cinayete-gore-ceza-cekmek-istemirem\/","title":{"rendered":"\u0130lkin S\u00fcleymanov: \u201cM\u0259n t\u00f6r\u0259tm\u0259diyim cinay\u0259t\u0259 g\u00f6r\u0259 c\u0259za \u00e7\u0259km\u0259k ist\u0259mir\u0259m&#8230;\u201d"},"content":{"rendered":"\n<p><\/p>\n\n\n\n<p><strong><em>\u201cValideynl\u0259r ist\u0259yirl\u0259r ki, bu i\u015f m\u0259niml\u0259 ba\u011flans\u0131n, m\u0259s\u0259l\u0259 bitsin\u201d<\/em><\/strong><\/p>\n\n\n\n<p>4 il \u0259vv\u0259l Tovuz rayonunun Dondar Qu\u015f\u00e7u k\u0259ndind\u0259 11 ya\u015fl\u0131 N\u0259rmin Quliyevan\u0131n itkin d\u00fc\u015fm\u0259si, 47 g\u00fcn sonra k\u0259ndd\u0259 yand\u0131r\u0131lm\u0131\u015f meyit tap\u0131lmas\u0131yla ba\u011fl\u0131 m\u0259hk\u0259m\u0259 ara\u015fd\u0131rmalar\u0131 davam edir. N\u0259rmin Quliyevan\u0131 o\u011furlay\u0131b \u00f6ld\u00fcrm\u0259kd\u0259 ittiham olunan \u0130lkin S\u00fcleymanov 18 il azadl\u0131qdan m\u0259hrum edilm\u0259si bar\u0259d\u0259 h\u00f6kmd\u0259n apelyasiya \u015fikay\u0259ti verib. \u015eikay\u0259t\u0259 yar\u0131m ildir ki, G\u0259nc\u0259 Apelyasiya M\u0259hk\u0259m\u0259sind\u0259 bax\u0131l\u0131r.<\/p>\n\n\n\n<p><strong>\u201cB\u0259d\u0259nim\u0259 tok verirdil\u0259r, ba\u015f\u0131ma, ayaqlar\u0131ma d\u0259y\u0259n\u0259kl\u0259 vururdular\u201d<\/strong><\/p>\n\n\n\n<p>Hakim Teyyub Muxtarovun s\u0259drliyil\u0259 ke\u00e7iril\u0259n m\u0259hk\u0259m\u0259 prosesind\u0259 \u0130lkin S\u00fcleymanov \u00f6z\u00fc \u00e7\u0131x\u0131\u015f edib. O bildirib ki, N\u0259rmin Quliyevan\u0131n o\u011furlanmas\u0131na da, \u00f6ld\u00fcr\u00fclm\u0259sin\u0259 d\u0259 he\u00e7 bir aidiyy\u0259ti yoxdur. T\u0259qsirl\u0259ndiril\u0259n \u015f\u0259xsin s\u00f6zl\u0259rin\u0259 g\u00f6r\u0259, \u0259sl cinay\u0259tkar\u0131 tapa bilm\u0259y\u0259n v\u0259 ya tapmaq ist\u0259m\u0259y\u0259nl\u0259r onu qurban se\u00e7ibl\u0259r:<\/p>\n\n\n\n<p><em>\u201cG\u0259nc\u0259 A\u011f\u0131r Cinay\u0259tl\u0259r M\u0259hk\u0259m\u0259si saxta s\u00fcbutlarla m\u0259ni 18 il azadl\u0131qdan m\u0259hrum edib. \u0130ttiham akt\u0131n\u0131 k\u00f6\u00e7\u00fcr\u00fcb h\u00f6km \u00e7\u0131xard\u0131lar, m\u00fcdafi\u0259\u00e7il\u0259rimin t\u0259qdim el\u0259diyi s\u00fcbutlara \u0259h\u0259miyy\u0259t verilm\u0259di. M\u0259hk\u0259m\u0259 bir s\u0131ra v\u0259sat\u0259tl\u0259ri t\u0259min el\u0259s\u0259 d\u0259, \u00f6z q\u0259rar\u0131na h\u00f6rm\u0259t el\u0259m\u0259di \u2013 h\u0259min v\u0259sat\u0259tl\u0259r icra olunmad\u0131. M\u0259s\u0259l\u0259n, hal \u015fahidi dindirilm\u0259liydi, v\u0259sat\u0259t d\u0259 t\u0259min olunmu\u015fdu. Adam m\u0259hk\u0259m\u0259y\u0259 g\u0259ldi, amma onu dindirm\u0259di. Cinay\u0259t i\u015find\u0259 m\u0259nim yanvar\u0131n 10-da saxland\u0131\u011f\u0131m yaz\u0131lsa da, m\u0259hk\u0259m\u0259d\u0259 dindiril\u0259nl\u0259rin ham\u0131s\u0131 ay\u0131n 6-dan tutuldu\u011fumu bildirdil\u0259r. Buna g\u00f6r\u0259 m\u0259cbur olub, m\u0259hk\u0259m\u0259 d\u0259 h\u00f6kmd\u0259 etiraf el\u0259di ki, m\u0259ni ay\u0131n 6-dan tutublar. Amma 4 g\u00fcn qanunsuz saxlanma\u011f\u0131ma he\u00e7 bir h\u00fcquqi qiym\u0259t verm\u0259di\u201d<\/em>.<\/p>\n\n\n\n<p>\u0130lkin S\u00fcleymanov deyir ki, saxlan\u0131landan sonra evl\u0259rind\u0259, h\u0259y\u0259tl\u0259rind\u0259 h\u00fcquq-m\u00fchafiz\u0259 orqanlar\u0131 axtar\u0131\u015f apar\u0131b. Lakin bu cinay\u0259t\u0259 aid he\u00e7 n\u0259 tap\u0131lmay\u0131b. Bu bar\u0259d\u0259 8 yanvar 2020-ci il tarixli protokol da var. O hesab edir ki, cinay\u0259ti kimins\u0259 \u00fcst\u00fcn\u0259 qoyma\u011f\u0131 h\u0259d\u0259fl\u0259mi\u015fdil\u0259r. Bu s\u0259b\u0259bd\u0259n onun bu cinay\u0259t\u0259 aidiyy\u0259ti olmad\u0131\u011f\u0131n\u0131 g\u00f6rs\u0259l\u0259r d\u0259, yen\u0259 buraxmay\u0131blar.<\/p>\n\n\n\n<p>\u0130lkin S\u00fcleymanov deyir ki, Tovuz Rayon Polis \u0130dar\u0259sind\u0259 amans\u0131z i\u015fg\u0259nc\u0259l\u0259r\u0259 m\u0259ruz qal\u0131b:<\/p>\n\n\n\n<p><em>\u201c\u018fn a\u011f\u0131r i\u015fg\u0259nc\u0259l\u0259r yanvar\u0131n 9-dan 10-na ke\u00e7\u0259n gec\u0259 oldu. Onlara art\u0131q d\u00f6z\u0259 bilm\u0259dim. 5 n\u0259f\u0259r \u00fcst\u00fcm\u0259 t\u00f6k\u00fcl\u00fcb, m\u00fcxt\u0259lif formada m\u0259n\u0259 i\u015fg\u0259nc\u0259 verirdil\u0259r. Ayaqlar\u0131m\u0131n alt\u0131na, ba\u015f\u0131ma d\u0259y\u0259n\u0259kl\u0259 vururdular. Ba\u015f\u0131ma qazan ke\u00e7irib d\u00f6y\u0259cl\u0259yirdl\u0259r. B\u0259d\u0259nim\u0259 tok verirdil\u0259r. Ax\u0131rda d\u00f6z\u0259 bilm\u0259dim, raz\u0131la\u015fd\u0131m ki, dediyiniz ifad\u0259ni verir\u0259m. Halbuki, m\u0259ni yanvar\u0131n 8-d\u0259 dindirmi\u015fdil\u0259r. Orada da g\u00f6st\u0259rmi\u015fdim ki, bu cinay\u0259tin m\u0259n\u0259 aidiyy\u0259ti yoxdur. Sad\u0259c\u0259, \u00e7\u00f6l\u0259 \u00e7\u0131xanda evimizin qar\u015f\u0131s\u0131nda yan\u011f\u0131n\u0131 g\u00f6r\u00fcb yax\u0131nla\u015fm\u0131\u015fam. M\u0259n birc\u0259 10 yanvarda etiraf ifad\u0259si vermi\u015f\u0259m. Ekspertizan\u0131n r\u0259yind\u0259 yaz\u0131l\u0131b ki, \u0130lkin S\u00fcleymanov yalan dan\u0131\u015fma\u011fa meylli adam deyil. H\u00f6kmd\u0259 d\u0259 hakim buna istinad edib, 10 yanvar 2020-ci il tarixli ifad\u0259mi s\u00fcbut kimi q\u0259bul edib. B\u0259s nec\u0259 olur, yanvar\u0131n 10-da verdiyim ifad\u0259ni do\u011fru say\u0131rlar, ondan \u0259vv\u0259l v\u0259 sonra \u2013 bu g\u00fcn\u0259 q\u0259d\u0259r verdiyim ifad\u0259l\u0259rin ham\u0131s\u0131n\u0131 yalan say\u0131rlar?\u201d<\/em><\/p>\n\n\n\n<p><strong>\u201cOla bilm\u0259z ki, bir adam\u0131n 47 g\u00fcn saxland\u0131\u011f\u0131 otaqdan he\u00e7 bir s\u00fcbut tap\u0131lmas\u0131n\u201d<\/strong><\/p>\n\n\n\n<p>T\u0259qsirl\u0259ndiril\u0259n \u015f\u0259xs deyir ki, h\u0259bsind\u0259n sonra onu m\u00fcayin\u0259 ed\u0259n tibbi ekspert d\u0259, o d\u00f6vrd\u0259 h\u0259bs q\u0259rar\u0131ndan verilmi\u015f apelyasiya \u015fikay\u0259tin\u0259 baxan hakiml\u0259r d\u0259, Bak\u0131 \u0130stintaq T\u0259cridxanas\u0131nda onunla eyni kamerada qalan dustaqlar da \u00fcz\u0259rind\u0259ki i\u015fg\u0259nc\u0259 izl\u0259rini g\u00f6r\u00fcb. Kamera yolda\u015flar\u0131 olmu\u015f \u015f\u0259xsl\u0259r G\u0259nc\u0259 A\u011f\u0131r Cinay\u0259tl\u0259r M\u0259hk\u0259m\u0259sind\u0259ki ifad\u0259l\u0259rind\u0259 d\u0259 bunu t\u0259sdiql\u0259yibl\u0259r. Buna baxmayaraq, m\u0259hk\u0259m\u0259 onun i\u015fg\u0259nc\u0259y\u0259 m\u0259ruz qalmad\u0131\u011f\u0131n\u0131 iddia edib.<\/p>\n\n\n\n<p>2020-ci ilin yanvar\u0131nda \u0130lkin S\u00fcleymanov haqq\u0131nda h\u0259bs q\u0259rar\u0131ndan verilmi\u015f apelyasiya \u015fikay\u0259tin\u0259 d\u0259 haz\u0131rda G\u0259nc\u0259 Apelyasiya M\u0259hk\u0259m\u0259sind\u0259 i\u015fin\u0259 s\u0259drlik ed\u0259n Teyyub Muxtarov bax\u0131b.<\/p>\n\n\n\n<p>\u0130lkin S\u00fcleymanov deyir ki, cinay\u0259t i\u015find\u0259 N\u0259rmin Quliyevan\u0131n 47 g\u00fcn bir otaqda saxland\u0131\u011f\u0131 iddia olunur. Amma h\u00fcquq-m\u00fchafiz\u0259 orqanlar\u0131 o otaqda d\u0259f\u0259l\u0259rl\u0259 axtar\u0131\u015f aparsalar da, he\u00e7 bir s\u00fcbut-d\u0259lil tapmay\u0131blar:<\/p>\n\n\n\n<p><em> \u201cOla bilm\u0259zdi ki, bir adam 47 g\u00fcn eyni otaqda saxlans\u0131n, orada \u00f6ld\u00fcr\u00fcls\u00fcn, amma he\u00e7 bir iz qalmas\u0131n. Ya sa\u00e7\u0131, ya qan\u0131, ya ba\u015fqa bir izi m\u00fctl\u0259q olmal\u0131yd\u0131. Yoxdur, ola da bilm\u0259zdi. \u00c7\u00fcnki o u\u015faq o evd\u0259 olmay\u0131b&#8221;.<\/em><\/p>\n\n\n\n<p>O, yanvar\u0131n 6-da saxland\u0131qdan sonra telefonunun al\u0131nd\u0131\u011f\u0131n\u0131, saxta s\u00fcbutlar yaratmaqdan \u00f6tr\u00fc telefonuna m\u00fcdaxil\u0259 edildiyini d\u0259 vur\u011fulay\u0131b. Onun s\u00f6zl\u0259rin\u0259 g\u00f6r\u0259, ekspertiza r\u0259yind\u0259 d\u0259 telefonuna m\u00fcdaxil\u0259 edildiyi \u0259ksini tap\u0131b.<\/p>\n\n\n\n<p><em>\u201cM\u0259n tutulandan sonra qarda\u015f\u0131m bazardan tuman-k\u00f6yn\u0259k al\u0131b g\u0259tirib, idar\u0259y\u0259 verib. Lifli ekspertizalarla ba\u011fl\u0131 r\u0259yd\u0259 g\u00f6st\u0259rilib ki, guya onun \u00fcst\u00fcnd\u0259n N\u0259rmin\u0259 aid paltarlar\u0131n lifi tap\u0131l\u0131b. Bu, nec\u0259 ola bil\u0259r? M\u0259n tutulandan sonra al\u0131n\u0131b o paltar. Bu u\u015fa\u011f\u0131n qula\u011f\u0131ndak\u0131 s\u0131r\u011falar, o\u011furlananda \u0259lind\u0259ki torbada olan, atas\u0131na m\u0259xsus g\u00f6d\u0259k\u00e7\u0259 hardad\u0131r? M\u00fcst\u0259ntiq he\u00e7 bunlar\u0131 m\u0259nd\u0259n soru\u015fmad\u0131. \u00c7\u00fcnki bilirl\u0259r ki, u\u015fa\u011f\u0131 m\u0259n o\u011furlamam\u0131\u015fam, bu \u0259\u015fyalar\u0131n da yerini dey\u0259 bilm\u0259y\u0259c\u0259m\u201d<\/em>.<\/p>\n\n\n\n<p><strong>\u201cEkspertizaya meyitd\u0259n g\u00f6t\u00fcr\u00fcl\u0259n yox, ba\u015fqa adam\u0131n qan\u0131 verilib\u201d<\/strong><\/p>\n\n\n\n<p>\u0130lkin S\u00fcleymanov bildirib ki, tap\u0131lan meyitin d\u0259 N\u0259rmin olmas\u0131na \u0259sasl\u0131 \u015f\u00fcbh\u0259l\u0259r var. Onun s\u00f6zl\u0259rin\u0259 g\u00f6r\u0259, u\u015fa\u011f\u0131n qan qrupu, meyitin boyunun \u00f6l\u00e7\u00fcl\u0259ri v\u0259 ba\u015fqa hallar meyitin N\u0259rmin olmad\u0131\u011f\u0131n\u0131 d\u00fc\u015f\u00fcnm\u0259y\u0259 \u0259sas verir:<\/p>\n\n\n\n<p><em>\u201c\u0130\u015fin i\u00e7ind\u0259 N\u0259rminin \u015f\u0259xsiyy\u0259t v\u0259siq\u0259si var, oradan g\u00f6r\u00fcn\u00fcr ki, qan\u0131 IV qrup olub. Amma meyitin qan\u0131 II qrupdur. V\u0259kilim Zabil Q\u0259hr\u0259manov sor\u011fu g\u00f6nd\u0259rib, ald\u0131\u011f\u0131 cavabda da N\u0259rmin Quliyevan\u0131n qan\u0131n\u0131n II qrup oldu\u011fu yaz\u0131l\u0131b. Deyirl\u0259r ki, genetik ekspertiza ke\u00e7irilib, meyitin Aynur\u0259 v\u0259 \u015e\u0259rif Quliyevin \u00f6vlad\u0131 oldu\u011fu t\u0259sdiql\u0259nib. Ortada \u00e7ox ciddi \u015f\u00fcbh\u0259l\u0259r var ki, ekspertizaya meyitd\u0259n g\u00f6t\u00fcr\u00fclm\u00fc\u015f qan yox, ba\u015fqas\u0131n\u0131n qan\u0131 t\u0259qdim olunub. Ona g\u00f6r\u0259 d\u0259 son n\u0259tic\u0259d\u0259 genetik ekspertiza bel\u0259 r\u0259y verib. Ekspert bildirir ki, meyitd\u0259n m\u00fcxt\u0259lif ekspertizalar \u00fc\u00e7\u00fcn c\u0259mi 30 millilitr qan g\u00f6t\u00fcr\u00fcl\u00fcb. Genetik ekspertizan\u0131 ke\u00e7ir\u0259n ekspertin r\u0259yin\u0259 g\u00f6r\u0259 is\u0259 ona 80 millilitr qan verilib. 30 nec\u0259 g\u0259lib 80 oldu? Dem\u0259li, ba\u015fqas\u0131n\u0131n qan\u0131 olub. \u00dcst\u0259lik, ekspert bildirir ki, qan donmu\u015f v\u0259ziyy\u0259td\u0259 g\u00f6nd\u0259rilib. Amma ekspertizan\u0131 ke\u00e7ir\u0259n deyir ki, ona ekspertiza \u00fc\u00e7\u00fcn t\u0259qdim olunan qan maye halda olub\u201d<\/em>.<\/p>\n\n\n\n<p><strong>\u201cNiy\u0259 ata q\u0131z\u0131n\u0131 axtarm\u0131r, z\u0259ng el\u0259mir, \u015fadl\u0131q m\u0259clisin\u0259 gedirdi?\u201d<\/strong><\/p>\n\n\n\n<p>\u0130lkin S\u00fcleymanov xat\u0131rlad\u0131b ki, bu \u015f\u00fcbh\u0259l\u0259r\u0259 g\u00f6r\u0259 onlar m\u0259hk\u0259m\u0259 prosesinin \u0259vv\u0259lind\u0259 m\u0259zar\u0131n a\u00e7\u0131lmas\u0131n\u0131 v\u0259 yenid\u0259n ekspertiza ke\u00e7irilm\u0259sini ist\u0259yibl\u0259r. Lakin N\u0259rmin Quliyevan\u0131n valideynl\u0259ri buna q\u0259ti \u015f\u0259kild\u0259 etiraz edibl\u0259r:<\/p>\n\n\n\n<p><em>\u201c\u015e\u0259rif Quliyevgil el\u0259 davran\u0131r ki, sanki bu i\u015fin onlara aidiyy\u0259ti yoxdur. \u0130st\u0259yirl\u0259r ki, el\u0259 m\u0259niml\u0259 d\u0259 ba\u011flans\u0131n, m\u0259s\u0259l\u0259 bitsin. Y\u0259ni bu i\u015f\u0259 qanuni qiym\u0259t verilm\u0259sini ist\u0259m\u0259y\u0259nl\u0259rd\u0259n biri d\u0259 onlar\u0131n \u00f6zl\u0259ridir. G\u00f6r\u00fcn\u00fcr, ba\u015fa d\u00fc\u015f\u00fcrl\u0259r ki, qanuni qiym\u0259t verils\u0259, onlar\u0131n \u00f6zl\u0259rinin d\u0259 ziyan\u0131na ola bil\u0259r. \u015e\u0259rif Quliyev v\u0259 h\u0259yat yolda\u015f\u0131 deyir ki, N\u0259rmin itkin d\u00fc\u015f\u0259n g\u00fcn m\u0259kt\u0259bd\u0259n icaz\u0259 al\u0131b tez g\u0259lib, \u00e7\u00fcnki x\u0259st\u0259 idi. Sual \u00e7\u0131x\u0131r, \u015e\u0259rif Quliyev niy\u0259 x\u0259st\u0259 u\u015fa\u011f\u0131 qarda\u015f\u0131gil\u0259 g\u00f6nd\u0259rib? Bir q\u0259d\u0259r sonra onun arxas\u0131nca b\u00f6y\u00fck q\u0131z\u0131 \u015e\u0259bn\u0259mi g\u00f6nd\u0259rib. \u015e\u0259bn\u0259m d\u0259 qay\u0131d\u0131b g\u0259lib deyib ki, \u015e\u0259bn\u0259m \u0259misigild\u0259 yoxdur, \u00e7oxdan \u00e7\u0131x\u0131b. M\u0259ntiql\u0259 atan\u0131n narahatl\u0131\u011f\u0131 daha da artmal\u0131yd\u0131, u\u015fa\u011f\u0131n\u0131 axtarmal\u0131yd\u0131 ki, hara yoxa \u00e7\u0131xd\u0131. O is\u0259 he\u00e7 bir add\u0131m atmay\u0131b, kim\u0259s\u0259 z\u0259ng el\u0259yib soru\u015fmay\u0131b. Ax\u015fam saat 6-da qarda\u015flar\u0131na qo\u015fulub, qon\u015fu k\u0259nd\u0259 \u015fadl\u0131q m\u0259clisin\u0259 gedib. S\u0259n \u0259g\u0259r h\u0259min qarda\u015f\u0131ngil\u0259 ax\u015fam ged\u0259c\u0259kdins\u0259, g\u00fcnorta niy\u0259 u\u015fa\u011f\u0131 g\u00f6nd\u0259rirdin? Deyir ki, konturum olmay\u0131b, ona g\u00f6r\u0259 z\u0259ng el\u0259yib u\u015fa\u011f\u0131 soru\u015fa bilm\u0259mi\u015f\u0259m. Yax\u015f\u0131, ax\u015fam\u00fcst\u00fc qarda\u015flar\u0131nla birlikd\u0259 olanda onlar\u0131n telefonundan da istifad\u0259 ed\u0259 bilm\u0259zdin? S\u0259n\u0259dl\u0259rd\u0259n g\u00f6r\u00fcn\u00fcr ki, \u015e\u0259rif \u00f6z\u00fcn\u0259 laz\u0131m olanda kreditl\u0259 kontur g\u00f6t\u00fcr\u00fcrm\u00fc\u015f. Bu d\u0259f\u0259 d\u0259 el\u0259y\u0259 bilm\u0259zdi? Gedib yeyib-i\u00e7ir, g\u0259lir, gec\u0259 saat 11-d\u0259 i\u015f-i\u015fd\u0259n ke\u00e7\u0259nd\u0259n sonra polis\u0259 x\u0259b\u0259r verir ki, u\u015faq yoxdur\u201d<\/em>.<\/p>\n\n\n\n<p><strong>\u201cPolis r\u0259isi hardan bilirdi ki, h\u0259min gec\u0259 yand\u0131r\u0131lm\u0131\u015f meyit tap\u0131lacaq?\u201d<\/strong><\/p>\n\n\n\n<p>O, Tovuzun o vaxtk\u0131 polis r\u0259isi \u015eirzad \u018fsg\u0259rov haqq\u0131nda da dan\u0131\u015f\u0131b. Xat\u0131rlad\u0131b ki, yanm\u0131\u015f meyit tap\u0131lan g\u00fcn s\u0259h\u0259r saat 10 rad\u0259l\u0259rind\u0259 \u015e\u0259rif Quliyevgil polis r\u0259isinin yan\u0131na gedib:<\/p>\n\n\n\n<p><em>\u201cAynur\u0259 xan\u0131m m\u0259hk\u0259m\u0259d\u0259 dedi ki, u\u015fa\u011f\u0131m\u0131zdan x\u0259b\u0259r olub-olmad\u0131\u011f\u0131n\u0131 \u00f6yr\u0259nm\u0259k \u00fc\u00e7\u00fcn getmi\u015fdik. Yax\u015f\u0131, h\u0259min g\u00fcn siz getdiniz, qay\u0131td\u0131n\u0131z, g\u00fcnorta niy\u0259 polis r\u0259isi yenid\u0259n siz\u0259 g\u0259lirdi? Aynur\u0259 xan\u0131m m\u0259hk\u0259m\u0259d\u0259 bildirdi ki, polis r\u0259isi g\u00fcnorta onlara g\u0259l\u0259nd\u0259 soru\u015fub ki, \u201cu\u015fa\u011f\u0131n\u0131z tan\u0131nmaz halda tap\u0131lsa, onu n\u0259d\u0259n tan\u0131yars\u0131z\u201d? Polis r\u0259isi hardan bilirdi ki, h\u0259min ax\u015fam tan\u0131nmaz halda tap\u0131lacaq? Yaz\u0131blar ki, guya meyit 2 d\u0259qiq\u0259 \u0259rzind\u0259 yan\u0131b o v\u0259ziyy\u0259t\u0259 d\u00fc\u015f\u00fcb. Ekspert m\u0259hk\u0259m\u0259d\u0259 dindiril\u0259nd\u0259 dedi ki, 2 d\u0259qiq\u0259y\u0259 o v\u0259ziyy\u0259t\u0259 d\u00fc\u015fm\u0259si m\u00fcmk\u00fcn deyildi. \u018fn \u0259sas\u0131, meyitin k\u00fcr\u0259k nahiy\u0259si torpa\u011f\u0131n \u00fcst\u00fcnd\u0259 ola-ola o hiss\u0259 d\u0259 k\u00f6m\u00fcrl\u0259\u015fm\u0259 h\u0259ddind\u0259 yan\u0131b. Bu is\u0259 m\u00fcmk\u00fcn deyil. Hesab edirik ki, meyit \u0259vv\u0259l bir d\u0259f\u0259 yand\u0131r\u0131l\u0131b. G\u0259tirib ora atandan sonra ikinci d\u0259f\u0259 orada yand\u0131r\u0131blar\u201d<\/em>.<\/p>\n\n\n\n<p><strong>\u201cCinay\u0259tkar\u0131 tapa bilmirl\u0259rs\u0259, o dem\u0259k deyil, m\u0259n c\u0259za \u00e7\u0259km\u0259liy\u0259m\u201d<\/strong><\/p>\n\n\n\n<p>\u0130lkin S\u00fcleymanov \u00e7\u0131x\u0131\u015f\u0131n\u0131n sonunda m\u0259hk\u0259m\u0259d\u0259n b\u0259ra\u0259t ist\u0259yib. O vur\u011fulay\u0131b ki, ill\u0259rdir t\u00f6r\u0259tm\u0259diyi cinay\u0259t\u0259 g\u00f6r\u0259, ba\u015fqas\u0131n\u0131n yerin\u0259 c\u0259za \u00e7\u0259kir. Lakin \u0259mindir ki, tez-gec b\u0259ra\u0259t alacaq:<\/p>\n\n\n\n<p><em>\u201cM\u0259n \u0259sass\u0131z yeri c\u0259za \u00e7\u0259km\u0259m\u0259liy\u0259m. Cinay\u0259tkarlar\u0131 tapm\u0131rlarsa, tapa bilmirl\u0259rs\u0259, o dem\u0259k deyil ki, c\u0259zan\u0131 m\u0259n \u00e7\u0259km\u0259liy\u0259m. \u018fslind\u0259, ham\u0131s\u0131 m\u0259nim t\u0259qsirsiz oldu\u011fumu bilir. M\u00fcst\u0259ntiq\u0259 d\u0259 dedim ki, siz d\u0259 bu i\u015f\u0259 aidiyy\u0259tim olmad\u0131\u011f\u0131n\u0131 bilirsiz. M\u0259n\u0259 cavab verdi ki, \u201cneyl\u0259y\u0259k, b\u0259z\u0259n t\u0259qsirsiz adamlar da tutulur, sonradan burax\u0131l\u0131r, h\u0259tta burax\u0131lmayanlar da olur\u201d. M\u0259n inan\u0131ram ki, tez v\u0259 ya gec m\u0259n b\u0259ra\u0259t alaca\u011fam. Nec\u0259 ki, Amerikada 29 ild\u0259n sonra b\u0259ra\u0259t alan oldu. Az\u0259rbaycanda iki n\u0259f\u0259rin q\u0259tlin\u0259 g\u00f6r\u0259 \u00f6m\u00fcrl\u00fck azadl\u0131qdan m\u0259hrum edil\u0259n \u015f\u0259xs 9 il 5 ay sonra bu yax\u0131nlarda b\u0259ra\u0259t ald\u0131. M\u0259nim v\u0259kilim Zabil Q\u0259hr\u0259manovun m\u00fcdafi\u0259 etdiyi ba\u015fqa bir adam da q\u0259tld\u0259 ittiham olunaraq 4 il idi h\u0259bsd\u0259 idi, b\u0259ra\u0259t ald\u0131. M\u0259nim d\u0259 t\u0259qsirsizliyim n\u0259 vaxtsa t\u0259sdiql\u0259n\u0259c\u0259k. \u00c7ox ist\u0259rdim ki, bunu \u00f6z \u00f6lk\u0259mizin m\u0259hk\u0259m\u0259l\u0259ri el\u0259sin. M\u0259nim haqq\u0131mda q\u0259ddar, qanunsuz v\u0259 \u0259sass\u0131z h\u00f6km\u00fc l\u0259\u011fv el\u0259sinl\u0259r\u201d<\/em>.<\/p>\n\n\n\n<p>Daha sonra z\u0259r\u0259r\u00e7\u0259kmi\u015fin h\u00fcquqi varisi qismind\u0259 m\u0259hk\u0259m\u0259d\u0259 i\u015ftirak ed\u0259n, N\u0259rminin atas\u0131 \u015e\u0259rif Quliyev \u00e7\u0131x\u0131\u015f edib. O bildirib ki, \u0130lkin S\u00fcleymanovun etiraf ifad\u0259si, daha sonra hadis\u0259 yerind\u0259 \u00e7\u0259kilmi\u015f etiraf videosu var: <\/p>\n\n\n\n<p><em>\u201cBoynuna al\u0131b, etiraf el\u0259yib. \u018fg\u0259r bu adam boynuna al\u0131bsa, bu c\u0259zalans\u0131n. M\u0259nim ba\u015fqa dey\u0259c\u0259yim yoxdur\u201d<\/em>.<\/p>\n\n\n\n<p>\u015e\u0259rif Quliyevin n\u00fcmay\u0259nd\u0259nd\u0259si v\u0259 v\u0259kili is\u0259 bildirib ki, G\u0259nc\u0259 A\u011f\u0131r Cinay\u0259tl\u0259r M\u0259hk\u0259m\u0259sind\u0259 bu i\u015f\u0259 obyektiv bax\u0131lmamas\u0131, h\u0259rt\u0259r\u0259fli ara\u015fd\u0131rma apar\u0131lmamas\u0131 fikril\u0259 raz\u0131la\u015fm\u0131r. Onun s\u00f6zl\u0259rin\u0259 g\u00f6r\u0259, kifay\u0259t q\u0259d\u0259r ara\u015fd\u0131rma apar\u0131l\u0131b.<\/p>\n\n\n\n<p><em>\u201cApelyasiya \u015fikay\u0259timiz c\u0259za m\u0259s\u0259l\u0259sil\u0259 ba\u011fl\u0131d\u0131r. Hesab edirik ki, \u0130lkin S\u00fcleymanova h\u0259ddind\u0259n art\u0131q y\u00fcng\u00fcl c\u0259za verilib\u201d<\/em>, &#8211; v\u0259kil \u0259lav\u0259 edib.<\/p>\n\n\n\n<p>Prokuror is\u0259 bildirib ki, onlar c\u0259za m\u0259s\u0259l\u0259sini m\u00fcbahis\u0259l\u0259ndirmirl\u0259r. \u00c7\u00fcnki G\u0259nc\u0259 A\u011f\u0131r Cinay\u0259tl\u0259r M\u0259hk\u0259m\u0259si orada prokurorun ist\u0259diyin\u0259 yax\u0131n c\u0259za t\u0259yin edib.<\/p>\n\n\n\n<p>Prokuror vur\u011fulay\u0131b ki, ittiham\u0131 t\u0259kzib ed\u0259n ciddi s\u00fcbut yoxdur. D\u00f6vl\u0259t ittiham\u00e7\u0131s\u0131 meyitin N\u0259rmin olmad\u0131\u011f\u0131 haqda deyil\u0259nl\u0259r\u0259 d\u0259 m\u00fcnasib\u0259t bildirib. Deyib ki, ortada genetik ekspertizan\u0131n r\u0259yi var. Orada g\u00f6st\u0259rilib ki, bu meyit Aynur\u0259 \u0130smay\u0131lova v\u0259 \u015e\u0259rif Quliyevin \u00f6vlad\u0131d\u0131r.<\/p>\n\n\n\n<p>\u0130lkin S\u00fcleymanovun apelyasiya \u015fikay\u0259ti \u00fczr\u0259 m\u0259hk\u0259m\u0259 mart\u0131n 5-d\u0259 davam ed\u0259c\u0259k.<\/p>\n\n\n\n<p>2009-cu il t\u0259v\u0259ll\u00fcdl\u00fc N\u0259rmin Quliyeva 2019-cu il noyabr\u0131n 21-d\u0259 ya\u015fad\u0131\u011f\u0131 Tovuz rayonunun Dondar Qu\u015f\u00e7u k\u0259ndind\u0259 itkin d\u00fc\u015f\u00fcb. 2020-ci il yanvar\u0131n 6-da k\u0259ndd\u0259 \u0130lkin S\u00fcleymanovgilin evinin qar\u015f\u0131s\u0131nda yand\u0131r\u0131lm\u0131\u015f meyit tap\u0131l\u0131b.<\/p>\n\n\n\n<p>1973-c\u00fc il t\u0259v\u0259ll\u00fcdl\u00fc \u0130lkin S\u00fcleymanov Cinay\u0259t M\u0259c\u0259ll\u0259sinin 120.2.4 (x\u00fcsusi amans\u0131zl\u0131qla q\u0259sd\u0259n adam \u00f6ld\u00fcrm\u0259), 120.2.9 (t\u0259qsirkar \u015f\u0259xs \u00fc\u00e7\u00fcn a\u015fkar sur\u0259td\u0259 k\u00f6m\u0259ksiz v\u0259ziyy\u0259td\u0259 olan adam\u0131 q\u0259sd\u0259n \u00f6ld\u00fcrm\u0259), 133.2.1 (o\u011furlanm\u0131\u015f \u015f\u0259xs\u0259 \u0259zab verm\u0259), 133.2.4 (yetkinlik ya\u015f\u0131na \u00e7atmayan, k\u00f6m\u0259ksiz v\u0259ziyy\u0259td\u0259 olan \u015f\u0259xs\u0259 \u0259zab verm\u0259), 144-c\u00fc (adam o\u011furlu\u011fu) madd\u0259l\u0259ril\u0259 ittiham olunur.<\/p>\n\n\n\n<p>\u0130ttihama \u0259sas\u0259n, o, sinif yolda\u015f\u0131 \u015e\u0259rif Quliyevin ail\u0259si, u\u015faqlar\u0131 oldu\u011funa g\u00f6r\u0259 onu q\u0131sqan\u0131b, buna g\u00f6r\u0259 d\u0259 onun q\u0131z\u0131 N\u0259rmini \u00f6vladl\u0131\u011fa g\u00f6t\u00fcrm\u0259k m\u0259qs\u0259dil\u0259 o\u011furlay\u0131b. Daha sonra q\u0259tl\u0259 yetir\u0259r\u0259k meyiti evl\u0259rinin yax\u0131nl\u0131\u011f\u0131nda yand\u0131r\u0131b.<\/p>\n\n\n\n<p>\u0130lkin S\u00fcleymanov is\u0259 azya\u015fl\u0131n\u0131n \u00f6l\u00fcm\u00fcn\u0259 aidiyy\u0259ti olmad\u0131\u011f\u0131n\u0131, i\u015fg\u0259nc\u0259 n\u0259tic\u0259sind\u0259 cinay\u0259ti \u00fcz\u0259rin\u0259 g\u00f6t\u00fcrd\u00fcyun\u00fc deyir.<\/p>\n\n\n\n<p>Ba\u015f Prokurorluq is\u0259 i\u015fg\u0259nc\u0259 iddialar\u0131n\u0131 t\u0259kzib edib.<\/p>\n\n\n\n<p>G\u0259nc\u0259 A\u011f\u0131r Cinay\u0259tl\u0259r M\u0259hk\u0259m\u0259sind\u0259 iki il davam ed\u0259n m\u0259hk\u0259m\u0259 prosesinin n\u0259tic\u0259sind\u0259 \u0130lkin S\u00fcleymanov 18 il azadl\u0131qdan m\u0259hrum edilib.<\/p>\n","protected":false},"excerpt":{"rendered":"<p>\u201cValideynl\u0259r ist\u0259yirl\u0259r ki, bu i\u015f m\u0259niml\u0259 ba\u011flans\u0131n, m\u0259s\u0259l\u0259 bitsin\u201d 4 &#8230; <\/p>\n<p class=\"read-more-container\"><a title=\"\u0130lkin S\u00fcleymanov: \u201cM\u0259n t\u00f6r\u0259tm\u0259diyim cinay\u0259t\u0259 g\u00f6r\u0259 c\u0259za \u00e7\u0259km\u0259k ist\u0259mir\u0259m&#8230;\u201d\" class=\"read-more button\" href=\"https:\/\/www.meydan.tv\/az\/article\/ilkin-suleymanov-men-toretmediyim-cinayete-gore-ceza-cekmek-istemirem\/#more-298874\" aria-label=\"Read more about \u0130lkin S\u00fcleymanov: \u201cM\u0259n t\u00f6r\u0259tm\u0259diyim cinay\u0259t\u0259 g\u00f6r\u0259 c\u0259za \u00e7\u0259km\u0259k ist\u0259mir\u0259m&#8230;\u201d\">Davam\u0131<\/a><\/p>\n","protected":false},"author":21,"featured_media":255098,"comment_status":"closed","ping_status":"closed","sticky":false,"template":"","format":"standard","meta":{"_acf_changed":false,"_sitemap_exclude":false,"_sitemap_priority":"","_sitemap_frequency":"","footnotes":""},"categories":[62,79,56],"tags":[],"class_list":["post-298874","post","type-post","status-publish","format-standard","has-post-thumbnail","hentry","category-sosial","category-featured","category-xeberler","infinite-scroll-item","generate-columns","tablet-grid-50","mobile-grid-100","grid-parent","grid-33","no-featured-image-padding"],"acf":[],"yoast_head":"<!-- This site is optimized with the Yoast SEO plugin v27.5 - https:\/\/yoast.com\/product\/yoast-seo-wordpress\/ -->\n<title>\u0130lkin S\u00fcleymanov: \u201cM\u0259n t\u00f6r\u0259tm\u0259diyim cinay\u0259t\u0259 g\u00f6r\u0259 c\u0259za \u00e7\u0259km\u0259k ist\u0259mir\u0259m...\u201d - MEYDAN.TV<\/title>\n<meta name=\"robots\" content=\"index, follow, max-snippet:-1, max-image-preview:large, max-video-preview:-1\" \/>\n<link rel=\"canonical\" href=\"https:\/\/www.meydan.tv\/az\/article\/ilkin-suleymanov-men-toretmediyim-cinayete-gore-ceza-cekmek-istemirem\/\" \/>\n<meta property=\"og:locale\" content=\"az_AZ\" \/>\n<meta property=\"og:type\" content=\"article\" \/>\n<meta property=\"og:title\" content=\"\u0130lkin S\u00fcleymanov: \u201cM\u0259n t\u00f6r\u0259tm\u0259diyim cinay\u0259t\u0259 g\u00f6r\u0259 c\u0259za \u00e7\u0259km\u0259k ist\u0259mir\u0259m...\u201d - MEYDAN.TV\" \/>\n<meta property=\"og:description\" content=\"\u201cValideynl\u0259r ist\u0259yirl\u0259r ki, bu i\u015f m\u0259niml\u0259 ba\u011flans\u0131n, m\u0259s\u0259l\u0259 bitsin\u201d 4 ... Davam\u0131\" \/>\n<meta property=\"og:url\" content=\"https:\/\/www.meydan.tv\/az\/article\/ilkin-suleymanov-men-toretmediyim-cinayete-gore-ceza-cekmek-istemirem\/\" \/>\n<meta property=\"og:site_name\" content=\"MEYDAN.TV\" \/>\n<meta property=\"article:published_time\" content=\"2024-02-14T15:02:17+00:00\" \/>\n<meta property=\"article:modified_time\" content=\"2024-02-14T15:02:21+00:00\" \/>\n<meta property=\"og:image\" content=\"https:\/\/www.meydan.tv\/wp-content\/uploads\/photo-2022-09-07-17-11-47.jpg\" \/>\n\t<meta property=\"og:image:width\" content=\"1200\" \/>\n\t<meta property=\"og:image:height\" content=\"675\" \/>\n\t<meta property=\"og:image:type\" content=\"image\/jpeg\" \/>\n<meta name=\"author\" content=\"mahmud\" \/>\n<meta name=\"twitter:card\" content=\"summary_large_image\" \/>\n<script type=\"application\/ld+json\" class=\"yoast-schema-graph\">{\"@context\":\"https:\\\/\\\/schema.org\",\"@graph\":[{\"@type\":\"Article\",\"@id\":\"https:\\\/\\\/www.meydan.tv\\\/az\\\/article\\\/ilkin-suleymanov-men-toretmediyim-cinayete-gore-ceza-cekmek-istemirem\\\/#article\",\"isPartOf\":{\"@id\":\"https:\\\/\\\/www.meydan.tv\\\/az\\\/article\\\/ilkin-suleymanov-men-toretmediyim-cinayete-gore-ceza-cekmek-istemirem\\\/\"},\"author\":{\"name\":\"mahmud\",\"@id\":\"https:\\\/\\\/www.meydan.tv\\\/az\\\/#\\\/schema\\\/person\\\/09863e516102a829e72bedcf3f84c6b0\"},\"headline\":\"\u0130lkin S\u00fcleymanov: \u201cM\u0259n t\u00f6r\u0259tm\u0259diyim cinay\u0259t\u0259 g\u00f6r\u0259 c\u0259za \u00e7\u0259km\u0259k ist\u0259mir\u0259m&#8230;\u201d\",\"datePublished\":\"2024-02-14T15:02:17+00:00\",\"dateModified\":\"2024-02-14T15:02:21+00:00\",\"mainEntityOfPage\":{\"@id\":\"https:\\\/\\\/www.meydan.tv\\\/az\\\/article\\\/ilkin-suleymanov-men-toretmediyim-cinayete-gore-ceza-cekmek-istemirem\\\/\"},\"wordCount\":2773,\"publisher\":{\"@id\":\"https:\\\/\\\/www.meydan.tv\\\/az\\\/#organization\"},\"image\":{\"@id\":\"https:\\\/\\\/www.meydan.tv\\\/az\\\/article\\\/ilkin-suleymanov-men-toretmediyim-cinayete-gore-ceza-cekmek-istemirem\\\/#primaryimage\"},\"thumbnailUrl\":\"https:\\\/\\\/www.meydan.tv\\\/wp-content\\\/uploads\\\/photo-2022-09-07-17-11-47.jpg\",\"articleSection\":[\"Sosial\",\"T\u00f6vsiy\u0259\",\"X\u0259b\u0259rl\u0259r\"],\"inLanguage\":\"az\"},{\"@type\":\"WebPage\",\"@id\":\"https:\\\/\\\/www.meydan.tv\\\/az\\\/article\\\/ilkin-suleymanov-men-toretmediyim-cinayete-gore-ceza-cekmek-istemirem\\\/\",\"url\":\"https:\\\/\\\/www.meydan.tv\\\/az\\\/article\\\/ilkin-suleymanov-men-toretmediyim-cinayete-gore-ceza-cekmek-istemirem\\\/\",\"name\":\"\u0130lkin S\u00fcleymanov: \u201cM\u0259n t\u00f6r\u0259tm\u0259diyim cinay\u0259t\u0259 g\u00f6r\u0259 c\u0259za \u00e7\u0259km\u0259k ist\u0259mir\u0259m...\u201d - MEYDAN.TV\",\"isPartOf\":{\"@id\":\"https:\\\/\\\/www.meydan.tv\\\/az\\\/#website\"},\"primaryImageOfPage\":{\"@id\":\"https:\\\/\\\/www.meydan.tv\\\/az\\\/article\\\/ilkin-suleymanov-men-toretmediyim-cinayete-gore-ceza-cekmek-istemirem\\\/#primaryimage\"},\"image\":{\"@id\":\"https:\\\/\\\/www.meydan.tv\\\/az\\\/article\\\/ilkin-suleymanov-men-toretmediyim-cinayete-gore-ceza-cekmek-istemirem\\\/#primaryimage\"},\"thumbnailUrl\":\"https:\\\/\\\/www.meydan.tv\\\/wp-content\\\/uploads\\\/photo-2022-09-07-17-11-47.jpg\",\"datePublished\":\"2024-02-14T15:02:17+00:00\",\"dateModified\":\"2024-02-14T15:02:21+00:00\",\"breadcrumb\":{\"@id\":\"https:\\\/\\\/www.meydan.tv\\\/az\\\/article\\\/ilkin-suleymanov-men-toretmediyim-cinayete-gore-ceza-cekmek-istemirem\\\/#breadcrumb\"},\"inLanguage\":\"az\",\"potentialAction\":[{\"@type\":\"ReadAction\",\"target\":[\"https:\\\/\\\/www.meydan.tv\\\/az\\\/article\\\/ilkin-suleymanov-men-toretmediyim-cinayete-gore-ceza-cekmek-istemirem\\\/\"]}]},{\"@type\":\"ImageObject\",\"inLanguage\":\"az\",\"@id\":\"https:\\\/\\\/www.meydan.tv\\\/az\\\/article\\\/ilkin-suleymanov-men-toretmediyim-cinayete-gore-ceza-cekmek-istemirem\\\/#primaryimage\",\"url\":\"https:\\\/\\\/www.meydan.tv\\\/wp-content\\\/uploads\\\/photo-2022-09-07-17-11-47.jpg\",\"contentUrl\":\"https:\\\/\\\/www.meydan.tv\\\/wp-content\\\/uploads\\\/photo-2022-09-07-17-11-47.jpg\",\"width\":1200,\"height\":675,\"caption\":\"\u0130lkin S\u00fcleymanov. Foto: Meydan TV\"},{\"@type\":\"BreadcrumbList\",\"@id\":\"https:\\\/\\\/www.meydan.tv\\\/az\\\/article\\\/ilkin-suleymanov-men-toretmediyim-cinayete-gore-ceza-cekmek-istemirem\\\/#breadcrumb\",\"itemListElement\":[{\"@type\":\"ListItem\",\"position\":1,\"name\":\"Ana s\u0259hif\u0259\",\"item\":\"https:\\\/\\\/www.meydan.tv\\\/az\\\/\"},{\"@type\":\"ListItem\",\"position\":2,\"name\":\"Sosial\",\"item\":\"https:\\\/\\\/www.meydan.tv\\\/az\\\/section\\\/sosial\\\/\"},{\"@type\":\"ListItem\",\"position\":3,\"name\":\"\u0130lkin S\u00fcleymanov: \u201cM\u0259n t\u00f6r\u0259tm\u0259diyim cinay\u0259t\u0259 g\u00f6r\u0259 c\u0259za \u00e7\u0259km\u0259k ist\u0259mir\u0259m&#8230;\u201d\"}]},{\"@type\":\"WebSite\",\"@id\":\"https:\\\/\\\/www.meydan.tv\\\/az\\\/#website\",\"url\":\"https:\\\/\\\/www.meydan.tv\\\/az\\\/\",\"name\":\"MEYDAN.TV\",\"description\":\"Meydan TV Az\u0259rbaycan\u0131n media m\u0259kan\u0131ndak\u0131 alternativ s\u0259sidir\",\"publisher\":{\"@id\":\"https:\\\/\\\/www.meydan.tv\\\/az\\\/#organization\"},\"potentialAction\":[{\"@type\":\"SearchAction\",\"target\":{\"@type\":\"EntryPoint\",\"urlTemplate\":\"https:\\\/\\\/www.meydan.tv\\\/az\\\/?s={search_term_string}\"},\"query-input\":{\"@type\":\"PropertyValueSpecification\",\"valueRequired\":true,\"valueName\":\"search_term_string\"}}],\"inLanguage\":\"az\"},{\"@type\":\"Organization\",\"@id\":\"https:\\\/\\\/www.meydan.tv\\\/az\\\/#organization\",\"name\":\"Meydan TV\",\"url\":\"https:\\\/\\\/www.meydan.tv\\\/az\\\/\",\"logo\":{\"@type\":\"ImageObject\",\"inLanguage\":\"az\",\"@id\":\"https:\\\/\\\/www.meydan.tv\\\/az\\\/#\\\/schema\\\/logo\\\/image\\\/\",\"url\":\"https:\\\/\\\/www.meydan.tv\\\/wp-content\\\/uploads\\\/2021\\\/07\\\/meydan-logo.svg\",\"contentUrl\":\"https:\\\/\\\/www.meydan.tv\\\/wp-content\\\/uploads\\\/2021\\\/07\\\/meydan-logo.svg\",\"width\":195,\"height\":46,\"caption\":\"Meydan TV\"},\"image\":{\"@id\":\"https:\\\/\\\/www.meydan.tv\\\/az\\\/#\\\/schema\\\/logo\\\/image\\\/\"}},{\"@type\":\"Person\",\"@id\":\"https:\\\/\\\/www.meydan.tv\\\/az\\\/#\\\/schema\\\/person\\\/09863e516102a829e72bedcf3f84c6b0\",\"name\":\"mahmud\"}]}<\/script>\n<!-- \/ Yoast SEO plugin. -->","yoast_head_json":{"title":"\u0130lkin S\u00fcleymanov: \u201cM\u0259n t\u00f6r\u0259tm\u0259diyim cinay\u0259t\u0259 g\u00f6r\u0259 c\u0259za \u00e7\u0259km\u0259k ist\u0259mir\u0259m...\u201d - MEYDAN.TV","robots":{"index":"index","follow":"follow","max-snippet":"max-snippet:-1","max-image-preview":"max-image-preview:large","max-video-preview":"max-video-preview:-1"},"canonical":"https:\/\/www.meydan.tv\/az\/article\/ilkin-suleymanov-men-toretmediyim-cinayete-gore-ceza-cekmek-istemirem\/","og_locale":"az_AZ","og_type":"article","og_title":"\u0130lkin S\u00fcleymanov: \u201cM\u0259n t\u00f6r\u0259tm\u0259diyim cinay\u0259t\u0259 g\u00f6r\u0259 c\u0259za \u00e7\u0259km\u0259k ist\u0259mir\u0259m...\u201d - MEYDAN.TV","og_description":"\u201cValideynl\u0259r ist\u0259yirl\u0259r ki, bu i\u015f m\u0259niml\u0259 ba\u011flans\u0131n, m\u0259s\u0259l\u0259 bitsin\u201d 4 ... Davam\u0131","og_url":"https:\/\/www.meydan.tv\/az\/article\/ilkin-suleymanov-men-toretmediyim-cinayete-gore-ceza-cekmek-istemirem\/","og_site_name":"MEYDAN.TV","article_published_time":"2024-02-14T15:02:17+00:00","article_modified_time":"2024-02-14T15:02:21+00:00","og_image":[{"width":1200,"height":675,"url":"https:\/\/www.meydan.tv\/wp-content\/uploads\/photo-2022-09-07-17-11-47.jpg","type":"image\/jpeg"}],"author":"mahmud","twitter_card":"summary_large_image","schema":{"@context":"https:\/\/schema.org","@graph":[{"@type":"Article","@id":"https:\/\/www.meydan.tv\/az\/article\/ilkin-suleymanov-men-toretmediyim-cinayete-gore-ceza-cekmek-istemirem\/#article","isPartOf":{"@id":"https:\/\/www.meydan.tv\/az\/article\/ilkin-suleymanov-men-toretmediyim-cinayete-gore-ceza-cekmek-istemirem\/"},"author":{"name":"mahmud","@id":"https:\/\/www.meydan.tv\/az\/#\/schema\/person\/09863e516102a829e72bedcf3f84c6b0"},"headline":"\u0130lkin S\u00fcleymanov: \u201cM\u0259n t\u00f6r\u0259tm\u0259diyim cinay\u0259t\u0259 g\u00f6r\u0259 c\u0259za \u00e7\u0259km\u0259k ist\u0259mir\u0259m&#8230;\u201d","datePublished":"2024-02-14T15:02:17+00:00","dateModified":"2024-02-14T15:02:21+00:00","mainEntityOfPage":{"@id":"https:\/\/www.meydan.tv\/az\/article\/ilkin-suleymanov-men-toretmediyim-cinayete-gore-ceza-cekmek-istemirem\/"},"wordCount":2773,"publisher":{"@id":"https:\/\/www.meydan.tv\/az\/#organization"},"image":{"@id":"https:\/\/www.meydan.tv\/az\/article\/ilkin-suleymanov-men-toretmediyim-cinayete-gore-ceza-cekmek-istemirem\/#primaryimage"},"thumbnailUrl":"https:\/\/www.meydan.tv\/wp-content\/uploads\/photo-2022-09-07-17-11-47.jpg","articleSection":["Sosial","T\u00f6vsiy\u0259","X\u0259b\u0259rl\u0259r"],"inLanguage":"az"},{"@type":"WebPage","@id":"https:\/\/www.meydan.tv\/az\/article\/ilkin-suleymanov-men-toretmediyim-cinayete-gore-ceza-cekmek-istemirem\/","url":"https:\/\/www.meydan.tv\/az\/article\/ilkin-suleymanov-men-toretmediyim-cinayete-gore-ceza-cekmek-istemirem\/","name":"\u0130lkin S\u00fcleymanov: \u201cM\u0259n t\u00f6r\u0259tm\u0259diyim cinay\u0259t\u0259 g\u00f6r\u0259 c\u0259za \u00e7\u0259km\u0259k ist\u0259mir\u0259m...\u201d - MEYDAN.TV","isPartOf":{"@id":"https:\/\/www.meydan.tv\/az\/#website"},"primaryImageOfPage":{"@id":"https:\/\/www.meydan.tv\/az\/article\/ilkin-suleymanov-men-toretmediyim-cinayete-gore-ceza-cekmek-istemirem\/#primaryimage"},"image":{"@id":"https:\/\/www.meydan.tv\/az\/article\/ilkin-suleymanov-men-toretmediyim-cinayete-gore-ceza-cekmek-istemirem\/#primaryimage"},"thumbnailUrl":"https:\/\/www.meydan.tv\/wp-content\/uploads\/photo-2022-09-07-17-11-47.jpg","datePublished":"2024-02-14T15:02:17+00:00","dateModified":"2024-02-14T15:02:21+00:00","breadcrumb":{"@id":"https:\/\/www.meydan.tv\/az\/article\/ilkin-suleymanov-men-toretmediyim-cinayete-gore-ceza-cekmek-istemirem\/#breadcrumb"},"inLanguage":"az","potentialAction":[{"@type":"ReadAction","target":["https:\/\/www.meydan.tv\/az\/article\/ilkin-suleymanov-men-toretmediyim-cinayete-gore-ceza-cekmek-istemirem\/"]}]},{"@type":"ImageObject","inLanguage":"az","@id":"https:\/\/www.meydan.tv\/az\/article\/ilkin-suleymanov-men-toretmediyim-cinayete-gore-ceza-cekmek-istemirem\/#primaryimage","url":"https:\/\/www.meydan.tv\/wp-content\/uploads\/photo-2022-09-07-17-11-47.jpg","contentUrl":"https:\/\/www.meydan.tv\/wp-content\/uploads\/photo-2022-09-07-17-11-47.jpg","width":1200,"height":675,"caption":"\u0130lkin S\u00fcleymanov. Foto: Meydan TV"},{"@type":"BreadcrumbList","@id":"https:\/\/www.meydan.tv\/az\/article\/ilkin-suleymanov-men-toretmediyim-cinayete-gore-ceza-cekmek-istemirem\/#breadcrumb","itemListElement":[{"@type":"ListItem","position":1,"name":"Ana s\u0259hif\u0259","item":"https:\/\/www.meydan.tv\/az\/"},{"@type":"ListItem","position":2,"name":"Sosial","item":"https:\/\/www.meydan.tv\/az\/section\/sosial\/"},{"@type":"ListItem","position":3,"name":"\u0130lkin S\u00fcleymanov: \u201cM\u0259n t\u00f6r\u0259tm\u0259diyim cinay\u0259t\u0259 g\u00f6r\u0259 c\u0259za \u00e7\u0259km\u0259k ist\u0259mir\u0259m&#8230;\u201d"}]},{"@type":"WebSite","@id":"https:\/\/www.meydan.tv\/az\/#website","url":"https:\/\/www.meydan.tv\/az\/","name":"MEYDAN.TV","description":"Meydan TV Az\u0259rbaycan\u0131n media m\u0259kan\u0131ndak\u0131 alternativ s\u0259sidir","publisher":{"@id":"https:\/\/www.meydan.tv\/az\/#organization"},"potentialAction":[{"@type":"SearchAction","target":{"@type":"EntryPoint","urlTemplate":"https:\/\/www.meydan.tv\/az\/?s={search_term_string}"},"query-input":{"@type":"PropertyValueSpecification","valueRequired":true,"valueName":"search_term_string"}}],"inLanguage":"az"},{"@type":"Organization","@id":"https:\/\/www.meydan.tv\/az\/#organization","name":"Meydan TV","url":"https:\/\/www.meydan.tv\/az\/","logo":{"@type":"ImageObject","inLanguage":"az","@id":"https:\/\/www.meydan.tv\/az\/#\/schema\/logo\/image\/","url":"https:\/\/www.meydan.tv\/wp-content\/uploads\/2021\/07\/meydan-logo.svg","contentUrl":"https:\/\/www.meydan.tv\/wp-content\/uploads\/2021\/07\/meydan-logo.svg","width":195,"height":46,"caption":"Meydan TV"},"image":{"@id":"https:\/\/www.meydan.tv\/az\/#\/schema\/logo\/image\/"}},{"@type":"Person","@id":"https:\/\/www.meydan.tv\/az\/#\/schema\/person\/09863e516102a829e72bedcf3f84c6b0","name":"mahmud"}]}},"_links":{"self":[{"href":"https:\/\/www.meydan.tv\/az\/wp-json\/wp\/v2\/posts\/298874","targetHints":{"allow":["GET"]}}],"collection":[{"href":"https:\/\/www.meydan.tv\/az\/wp-json\/wp\/v2\/posts"}],"about":[{"href":"https:\/\/www.meydan.tv\/az\/wp-json\/wp\/v2\/types\/post"}],"author":[{"embeddable":true,"href":"https:\/\/www.meydan.tv\/az\/wp-json\/wp\/v2\/users\/21"}],"replies":[{"embeddable":true,"href":"https:\/\/www.meydan.tv\/az\/wp-json\/wp\/v2\/comments?post=298874"}],"version-history":[{"count":1,"href":"https:\/\/www.meydan.tv\/az\/wp-json\/wp\/v2\/posts\/298874\/revisions"}],"predecessor-version":[{"id":298875,"href":"https:\/\/www.meydan.tv\/az\/wp-json\/wp\/v2\/posts\/298874\/revisions\/298875"}],"wp:featuredmedia":[{"embeddable":true,"href":"https:\/\/www.meydan.tv\/az\/wp-json\/wp\/v2\/media\/255098"}],"wp:attachment":[{"href":"https:\/\/www.meydan.tv\/az\/wp-json\/wp\/v2\/media?parent=298874"}],"wp:term":[{"taxonomy":"category","embeddable":true,"href":"https:\/\/www.meydan.tv\/az\/wp-json\/wp\/v2\/categories?post=298874"},{"taxonomy":"post_tag","embeddable":true,"href":"https:\/\/www.meydan.tv\/az\/wp-json\/wp\/v2\/tags?post=298874"}],"curies":[{"name":"wp","href":"https:\/\/api.w.org\/{rel}","templated":true}]}}