{"id":298849,"date":"2024-02-14T16:30:09","date_gmt":"2024-02-14T12:30:09","guid":{"rendered":"https:\/\/www.meydan.tv\/?p=298849"},"modified":"2024-02-14T16:30:16","modified_gmt":"2024-02-14T12:30:16","slug":"cop-sammitine-ev-sahibliyi-eden-uc-olke-iqlim-ambisiyalarini-artirmaq-ucun-birlesir","status":"publish","type":"post","link":"https:\/\/www.meydan.tv\/az\/article\/cop-sammitine-ev-sahibliyi-eden-uc-olke-iqlim-ambisiyalarini-artirmaq-ucun-birlesir\/","title":{"rendered":"\u201cCOP\u201d\u00a0 sammitin\u0259 ev sahibliyi ed\u0259n \u00fc\u00e7 \u00f6lk\u0259 iqlim ambisiyalar\u0131n\u0131 art\u0131rmaq \u00fc\u00e7\u00fcn birl\u0259\u015fir"},"content":{"rendered":"\n<p><\/p>\n\n\n\n<p><em><strong>Sayt yaz\u0131r ki, 2024 v\u0259 2025-ci ill\u0259rd\u0259ki iqlim dan\u0131\u015f\u0131qlar\u0131na haz\u0131rl\u0131q b\u0259zi \u00f6lk\u0259l\u0259rd\u0259 iqlim f\u0259aliyy\u0259tin\u0259 qar\u015f\u0131 siyasi geril\u0259m\u0259 fonunda apar\u0131l\u0131r<\/strong><\/em><\/p>\n\n\n\n<p>\u00d6t\u0259n il \u201cCOP28\u201d iqlim d\u0259yi\u015fikliyi sammitin\u0259 ev sahibliyi etmi\u015f Birl\u0259\u015fmi\u015f \u018fr\u0259b \u018fmirlikl\u0259ri, el\u0259c\u0259 d\u0259 Birl\u0259\u015fmi\u015f Mill\u0259tl\u0259r T\u0259\u015fkilat\u0131n\u0131n (BMT) n\u00f6vb\u0259ti iki iqlim sammitin\u0259 ev sahibliyi ed\u0259c\u0259k Az\u0259rbaycan v\u0259 Braziliya emissiyalar\u0131n azald\u0131lmas\u0131 il\u0259 ba\u011fl\u0131 iddial\u0131 m\u0259qs\u0259dl\u0259r\u0259 nail olmaq \u00fc\u00e7\u00fcn birl\u0259\u015f\u0259c\u0259kl\u0259rini <a href=\"https:\/\/www.reuters.com\/world\/three-cop-summit-hosts-unite-raise-climate-ambitions-2024-02-13\/\">a\u00e7\u0131qlay\u0131blar<\/a>.<\/p>\n\n\n\n<p>\u201cReuters\u201d yaz\u0131r ki, 2024 v\u0259 2025-ci ill\u0259rd\u0259ki iqlim dan\u0131\u015f\u0131qlar\u0131na haz\u0131rl\u0131q b\u0259zi \u00f6lk\u0259l\u0259rd\u0259 iqlim f\u0259aliyy\u0259tin\u0259 qar\u015f\u0131 siyasi geril\u0259m\u0259 fonunda apar\u0131l\u0131r. H\u0259tta b\u0259zi yerl\u0259rd\u0259 tez-tez ekstremal hava \u015f\u0259raiti olur v\u0259 temperatur rekordlar\u0131 dem\u0259k olar ki, h\u0259r ay yenil\u0259nir.<\/p>\n\n\n\n<p>B\u018f\u018f-nin \u00f6t\u0259nilki dan\u0131\u015f\u0131qlar prezidenti Sultan \u018fl Cabir deyib ki, haz\u0131rda s\u00fcr\u0259ti itirm\u0259k olmaz. Qlobal temperaturun 1,5 d\u0259r\u0259c\u0259 Selsinin \u0259l\u00e7atan olmas\u0131 \u00fc\u00e7\u00fcn \u0259ll\u0259rind\u0259n g\u0259l\u0259ni ed\u0259c\u0259kl\u0259r.<\/p>\n\n\n\n<p>Qlobal temperaturun 1,5 d\u0259r\u0259c\u0259 Selsi s\u0259viyy\u0259sind\u0259 saxlan\u0131lmas\u0131 h\u0259d\u0259fi 2015-ci il Paris Sazi\u015find\u0259 qoyulmu\u015fdu.<\/p>\n\n\n\n<p>Noyabrda Bak\u0131da ke\u00e7iril\u0259c\u0259k \u201cCOP29\u201d sammitinin \u0259sas v\u0259zif\u0259si inki\u015faf etm\u0259kd\u0259 olan \u00f6lk\u0259l\u0259r \u00fc\u00e7\u00fcn iqlimin maliyy\u0259l\u0259\u015fdirilm\u0259si \u00fc\u00e7\u00fcn yeni qlobal h\u0259d\u0259fin raz\u0131la\u015fd\u0131r\u0131lmas\u0131d\u0131r.<\/p>\n\n\n\n<p>Lakin b\u0259zi iqlim diplomatlar\u0131 art\u0131q qlobal iqlim diplomatiyas\u0131 \u00fc\u00e7\u00fcn n\u00f6vb\u0259ti m\u00fch\u00fcm m\u0259rh\u0259l\u0259 kimi 2025-ci ild\u0259 Braziliya sammitini g\u00f6zl\u0259yirl\u0259r. 200-\u0259 yax\u0131n \u00f6lk\u0259d\u0259n \u201cCOP30\u201d \u00fc\u00e7\u00fcn yenil\u0259nmi\u015f CO2-nin azald\u0131lmas\u0131 il\u0259 ba\u011fl\u0131 \u00f6hd\u0259likl\u0259ri vaxt\u0131nda t\u0259qdim etm\u0259l\u0259ri t\u0259l\u0259b olunur.<\/p>\n\n\n\n<p>\u00d6lk\u0259l\u0259rin iqlim h\u0259d\u0259fl\u0259rinin n\u00f6vb\u0259ti m\u0259rh\u0259l\u0259si qlobal istil\u0259\u015fm\u0259nin 1,5 d\u0259r\u0259c\u0259 Selsid\u0259n yuxar\u0131 qalxmas\u0131n\u0131n qar\u015f\u0131s\u0131n\u0131 almaq \u00fc\u00e7\u00fcn m\u00fch\u00fcm son \u015fans kimi qiym\u0259tl\u0259ndirilir. Bu h\u0259d\u0259f s\u00fcr\u0259tl\u0259 \u0259l\u00e7atmaz olur, \u00e7\u00fcnki qlobal istixana qaz\u0131 emissiyalar\u0131 artmaqda davam edir.<\/p>\n","protected":false},"excerpt":{"rendered":"<p>Sayt yaz\u0131r ki, 2024 v\u0259 2025-ci ill\u0259rd\u0259ki iqlim dan\u0131\u015f\u0131qlar\u0131na haz\u0131rl\u0131q &#8230; <\/p>\n<p class=\"read-more-container\"><a title=\"\u201cCOP\u201d\u00a0 sammitin\u0259 ev sahibliyi ed\u0259n \u00fc\u00e7 \u00f6lk\u0259 iqlim ambisiyalar\u0131n\u0131 art\u0131rmaq \u00fc\u00e7\u00fcn birl\u0259\u015fir\" class=\"read-more button\" href=\"https:\/\/www.meydan.tv\/az\/article\/cop-sammitine-ev-sahibliyi-eden-uc-olke-iqlim-ambisiyalarini-artirmaq-ucun-birlesir\/#more-298849\" aria-label=\"Read more about \u201cCOP\u201d\u00a0 sammitin\u0259 ev sahibliyi ed\u0259n \u00fc\u00e7 \u00f6lk\u0259 iqlim ambisiyalar\u0131n\u0131 art\u0131rmaq \u00fc\u00e7\u00fcn birl\u0259\u015fir\">Davam\u0131<\/a><\/p>\n","protected":false},"author":8,"featured_media":298850,"comment_status":"closed","ping_status":"closed","sticky":false,"template":"","format":"standard","meta":{"_acf_changed":false,"_sitemap_exclude":false,"_sitemap_priority":"","_sitemap_frequency":"","footnotes":""},"categories":[62,56],"tags":[],"class_list":["post-298849","post","type-post","status-publish","format-standard","has-post-thumbnail","hentry","category-sosial","category-xeberler","infinite-scroll-item","generate-columns","tablet-grid-50","mobile-grid-100","grid-parent","grid-33","no-featured-image-padding"],"acf":[],"yoast_head":"<!-- This site is optimized with the Yoast SEO plugin v27.5 - https:\/\/yoast.com\/product\/yoast-seo-wordpress\/ -->\n<title>\u201cCOP\u201d\u00a0 sammitin\u0259 ev sahibliyi ed\u0259n \u00fc\u00e7 \u00f6lk\u0259 iqlim ambisiyalar\u0131n\u0131 art\u0131rmaq \u00fc\u00e7\u00fcn birl\u0259\u015fir - MEYDAN.TV<\/title>\n<meta name=\"robots\" content=\"index, follow, max-snippet:-1, max-image-preview:large, max-video-preview:-1\" \/>\n<link rel=\"canonical\" href=\"https:\/\/www.meydan.tv\/az\/article\/cop-sammitine-ev-sahibliyi-eden-uc-olke-iqlim-ambisiyalarini-artirmaq-ucun-birlesir\/\" \/>\n<meta property=\"og:locale\" content=\"az_AZ\" \/>\n<meta property=\"og:type\" content=\"article\" \/>\n<meta property=\"og:title\" content=\"\u201cCOP\u201d\u00a0 sammitin\u0259 ev sahibliyi ed\u0259n \u00fc\u00e7 \u00f6lk\u0259 iqlim ambisiyalar\u0131n\u0131 art\u0131rmaq \u00fc\u00e7\u00fcn birl\u0259\u015fir - MEYDAN.TV\" \/>\n<meta property=\"og:description\" content=\"Sayt yaz\u0131r ki, 2024 v\u0259 2025-ci ill\u0259rd\u0259ki iqlim dan\u0131\u015f\u0131qlar\u0131na haz\u0131rl\u0131q ... Davam\u0131\" \/>\n<meta property=\"og:url\" content=\"https:\/\/www.meydan.tv\/az\/article\/cop-sammitine-ev-sahibliyi-eden-uc-olke-iqlim-ambisiyalarini-artirmaq-ucun-birlesir\/\" \/>\n<meta property=\"og:site_name\" content=\"MEYDAN.TV\" \/>\n<meta property=\"article:published_time\" content=\"2024-02-14T12:30:09+00:00\" \/>\n<meta property=\"article:modified_time\" content=\"2024-02-14T12:30:16+00:00\" \/>\n<meta property=\"og:image\" content=\"https:\/\/www.meydan.tv\/wp-content\/uploads\/w4fuf77ehvlfbhehujollx6vgq.jpg\" \/>\n\t<meta property=\"og:image:width\" content=\"1200\" \/>\n\t<meta property=\"og:image:height\" content=\"800\" \/>\n\t<meta property=\"og:image:type\" content=\"image\/jpeg\" \/>\n<meta name=\"author\" content=\"elli\" \/>\n<meta name=\"twitter:card\" content=\"summary_large_image\" \/>\n<meta name=\"twitter:creator\" content=\"@elli\" \/>\n<script type=\"application\/ld+json\" class=\"yoast-schema-graph\">{\"@context\":\"https:\\\/\\\/schema.org\",\"@graph\":[{\"@type\":\"Article\",\"@id\":\"https:\\\/\\\/www.meydan.tv\\\/az\\\/article\\\/cop-sammitine-ev-sahibliyi-eden-uc-olke-iqlim-ambisiyalarini-artirmaq-ucun-birlesir\\\/#article\",\"isPartOf\":{\"@id\":\"https:\\\/\\\/www.meydan.tv\\\/az\\\/article\\\/cop-sammitine-ev-sahibliyi-eden-uc-olke-iqlim-ambisiyalarini-artirmaq-ucun-birlesir\\\/\"},\"author\":{\"name\":\"elli\",\"@id\":\"https:\\\/\\\/www.meydan.tv\\\/az\\\/#\\\/schema\\\/person\\\/9cdbecf90d17180ce1dfbd95b08dcf47\"},\"headline\":\"\u201cCOP\u201d\u00a0 sammitin\u0259 ev sahibliyi ed\u0259n \u00fc\u00e7 \u00f6lk\u0259 iqlim ambisiyalar\u0131n\u0131 art\u0131rmaq \u00fc\u00e7\u00fcn birl\u0259\u015fir\",\"datePublished\":\"2024-02-14T12:30:09+00:00\",\"dateModified\":\"2024-02-14T12:30:16+00:00\",\"mainEntityOfPage\":{\"@id\":\"https:\\\/\\\/www.meydan.tv\\\/az\\\/article\\\/cop-sammitine-ev-sahibliyi-eden-uc-olke-iqlim-ambisiyalarini-artirmaq-ucun-birlesir\\\/\"},\"wordCount\":393,\"publisher\":{\"@id\":\"https:\\\/\\\/www.meydan.tv\\\/az\\\/#organization\"},\"image\":{\"@id\":\"https:\\\/\\\/www.meydan.tv\\\/az\\\/article\\\/cop-sammitine-ev-sahibliyi-eden-uc-olke-iqlim-ambisiyalarini-artirmaq-ucun-birlesir\\\/#primaryimage\"},\"thumbnailUrl\":\"https:\\\/\\\/www.meydan.tv\\\/wp-content\\\/uploads\\\/w4fuf77ehvlfbhehujollx6vgq.jpg\",\"articleSection\":[\"Sosial\",\"X\u0259b\u0259rl\u0259r\"],\"inLanguage\":\"az\"},{\"@type\":\"WebPage\",\"@id\":\"https:\\\/\\\/www.meydan.tv\\\/az\\\/article\\\/cop-sammitine-ev-sahibliyi-eden-uc-olke-iqlim-ambisiyalarini-artirmaq-ucun-birlesir\\\/\",\"url\":\"https:\\\/\\\/www.meydan.tv\\\/az\\\/article\\\/cop-sammitine-ev-sahibliyi-eden-uc-olke-iqlim-ambisiyalarini-artirmaq-ucun-birlesir\\\/\",\"name\":\"\u201cCOP\u201d\u00a0 sammitin\u0259 ev sahibliyi ed\u0259n \u00fc\u00e7 \u00f6lk\u0259 iqlim ambisiyalar\u0131n\u0131 art\u0131rmaq \u00fc\u00e7\u00fcn birl\u0259\u015fir - MEYDAN.TV\",\"isPartOf\":{\"@id\":\"https:\\\/\\\/www.meydan.tv\\\/az\\\/#website\"},\"primaryImageOfPage\":{\"@id\":\"https:\\\/\\\/www.meydan.tv\\\/az\\\/article\\\/cop-sammitine-ev-sahibliyi-eden-uc-olke-iqlim-ambisiyalarini-artirmaq-ucun-birlesir\\\/#primaryimage\"},\"image\":{\"@id\":\"https:\\\/\\\/www.meydan.tv\\\/az\\\/article\\\/cop-sammitine-ev-sahibliyi-eden-uc-olke-iqlim-ambisiyalarini-artirmaq-ucun-birlesir\\\/#primaryimage\"},\"thumbnailUrl\":\"https:\\\/\\\/www.meydan.tv\\\/wp-content\\\/uploads\\\/w4fuf77ehvlfbhehujollx6vgq.jpg\",\"datePublished\":\"2024-02-14T12:30:09+00:00\",\"dateModified\":\"2024-02-14T12:30:16+00:00\",\"breadcrumb\":{\"@id\":\"https:\\\/\\\/www.meydan.tv\\\/az\\\/article\\\/cop-sammitine-ev-sahibliyi-eden-uc-olke-iqlim-ambisiyalarini-artirmaq-ucun-birlesir\\\/#breadcrumb\"},\"inLanguage\":\"az\",\"potentialAction\":[{\"@type\":\"ReadAction\",\"target\":[\"https:\\\/\\\/www.meydan.tv\\\/az\\\/article\\\/cop-sammitine-ev-sahibliyi-eden-uc-olke-iqlim-ambisiyalarini-artirmaq-ucun-birlesir\\\/\"]}]},{\"@type\":\"ImageObject\",\"inLanguage\":\"az\",\"@id\":\"https:\\\/\\\/www.meydan.tv\\\/az\\\/article\\\/cop-sammitine-ev-sahibliyi-eden-uc-olke-iqlim-ambisiyalarini-artirmaq-ucun-birlesir\\\/#primaryimage\",\"url\":\"https:\\\/\\\/www.meydan.tv\\\/wp-content\\\/uploads\\\/w4fuf77ehvlfbhehujollx6vgq.jpg\",\"contentUrl\":\"https:\\\/\\\/www.meydan.tv\\\/wp-content\\\/uploads\\\/w4fuf77ehvlfbhehujollx6vgq.jpg\",\"width\":1200,\"height\":800,\"caption\":\"Foto: Reuters\"},{\"@type\":\"BreadcrumbList\",\"@id\":\"https:\\\/\\\/www.meydan.tv\\\/az\\\/article\\\/cop-sammitine-ev-sahibliyi-eden-uc-olke-iqlim-ambisiyalarini-artirmaq-ucun-birlesir\\\/#breadcrumb\",\"itemListElement\":[{\"@type\":\"ListItem\",\"position\":1,\"name\":\"Ana s\u0259hif\u0259\",\"item\":\"https:\\\/\\\/www.meydan.tv\\\/az\\\/\"},{\"@type\":\"ListItem\",\"position\":2,\"name\":\"Sosial\",\"item\":\"https:\\\/\\\/www.meydan.tv\\\/az\\\/section\\\/sosial\\\/\"},{\"@type\":\"ListItem\",\"position\":3,\"name\":\"\u201cCOP\u201d\u00a0 sammitin\u0259 ev sahibliyi ed\u0259n \u00fc\u00e7 \u00f6lk\u0259 iqlim ambisiyalar\u0131n\u0131 art\u0131rmaq \u00fc\u00e7\u00fcn birl\u0259\u015fir\"}]},{\"@type\":\"WebSite\",\"@id\":\"https:\\\/\\\/www.meydan.tv\\\/az\\\/#website\",\"url\":\"https:\\\/\\\/www.meydan.tv\\\/az\\\/\",\"name\":\"MEYDAN.TV\",\"description\":\"Meydan TV Az\u0259rbaycan\u0131n media m\u0259kan\u0131ndak\u0131 alternativ s\u0259sidir\",\"publisher\":{\"@id\":\"https:\\\/\\\/www.meydan.tv\\\/az\\\/#organization\"},\"potentialAction\":[{\"@type\":\"SearchAction\",\"target\":{\"@type\":\"EntryPoint\",\"urlTemplate\":\"https:\\\/\\\/www.meydan.tv\\\/az\\\/?s={search_term_string}\"},\"query-input\":{\"@type\":\"PropertyValueSpecification\",\"valueRequired\":true,\"valueName\":\"search_term_string\"}}],\"inLanguage\":\"az\"},{\"@type\":\"Organization\",\"@id\":\"https:\\\/\\\/www.meydan.tv\\\/az\\\/#organization\",\"name\":\"Meydan TV\",\"url\":\"https:\\\/\\\/www.meydan.tv\\\/az\\\/\",\"logo\":{\"@type\":\"ImageObject\",\"inLanguage\":\"az\",\"@id\":\"https:\\\/\\\/www.meydan.tv\\\/az\\\/#\\\/schema\\\/logo\\\/image\\\/\",\"url\":\"https:\\\/\\\/www.meydan.tv\\\/wp-content\\\/uploads\\\/2021\\\/07\\\/meydan-logo.svg\",\"contentUrl\":\"https:\\\/\\\/www.meydan.tv\\\/wp-content\\\/uploads\\\/2021\\\/07\\\/meydan-logo.svg\",\"width\":195,\"height\":46,\"caption\":\"Meydan TV\"},\"image\":{\"@id\":\"https:\\\/\\\/www.meydan.tv\\\/az\\\/#\\\/schema\\\/logo\\\/image\\\/\"}},{\"@type\":\"Person\",\"@id\":\"https:\\\/\\\/www.meydan.tv\\\/az\\\/#\\\/schema\\\/person\\\/9cdbecf90d17180ce1dfbd95b08dcf47\",\"name\":\"elli\",\"sameAs\":[\"https:\\\/\\\/x.com\\\/elli\"]}]}<\/script>\n<!-- \/ Yoast SEO plugin. -->","yoast_head_json":{"title":"\u201cCOP\u201d\u00a0 sammitin\u0259 ev sahibliyi ed\u0259n \u00fc\u00e7 \u00f6lk\u0259 iqlim ambisiyalar\u0131n\u0131 art\u0131rmaq \u00fc\u00e7\u00fcn birl\u0259\u015fir - MEYDAN.TV","robots":{"index":"index","follow":"follow","max-snippet":"max-snippet:-1","max-image-preview":"max-image-preview:large","max-video-preview":"max-video-preview:-1"},"canonical":"https:\/\/www.meydan.tv\/az\/article\/cop-sammitine-ev-sahibliyi-eden-uc-olke-iqlim-ambisiyalarini-artirmaq-ucun-birlesir\/","og_locale":"az_AZ","og_type":"article","og_title":"\u201cCOP\u201d\u00a0 sammitin\u0259 ev sahibliyi ed\u0259n \u00fc\u00e7 \u00f6lk\u0259 iqlim ambisiyalar\u0131n\u0131 art\u0131rmaq \u00fc\u00e7\u00fcn birl\u0259\u015fir - MEYDAN.TV","og_description":"Sayt yaz\u0131r ki, 2024 v\u0259 2025-ci ill\u0259rd\u0259ki iqlim dan\u0131\u015f\u0131qlar\u0131na haz\u0131rl\u0131q ... Davam\u0131","og_url":"https:\/\/www.meydan.tv\/az\/article\/cop-sammitine-ev-sahibliyi-eden-uc-olke-iqlim-ambisiyalarini-artirmaq-ucun-birlesir\/","og_site_name":"MEYDAN.TV","article_published_time":"2024-02-14T12:30:09+00:00","article_modified_time":"2024-02-14T12:30:16+00:00","og_image":[{"width":1200,"height":800,"url":"https:\/\/www.meydan.tv\/wp-content\/uploads\/w4fuf77ehvlfbhehujollx6vgq.jpg","type":"image\/jpeg"}],"author":"elli","twitter_card":"summary_large_image","twitter_creator":"@elli","schema":{"@context":"https:\/\/schema.org","@graph":[{"@type":"Article","@id":"https:\/\/www.meydan.tv\/az\/article\/cop-sammitine-ev-sahibliyi-eden-uc-olke-iqlim-ambisiyalarini-artirmaq-ucun-birlesir\/#article","isPartOf":{"@id":"https:\/\/www.meydan.tv\/az\/article\/cop-sammitine-ev-sahibliyi-eden-uc-olke-iqlim-ambisiyalarini-artirmaq-ucun-birlesir\/"},"author":{"name":"elli","@id":"https:\/\/www.meydan.tv\/az\/#\/schema\/person\/9cdbecf90d17180ce1dfbd95b08dcf47"},"headline":"\u201cCOP\u201d\u00a0 sammitin\u0259 ev sahibliyi ed\u0259n \u00fc\u00e7 \u00f6lk\u0259 iqlim ambisiyalar\u0131n\u0131 art\u0131rmaq \u00fc\u00e7\u00fcn birl\u0259\u015fir","datePublished":"2024-02-14T12:30:09+00:00","dateModified":"2024-02-14T12:30:16+00:00","mainEntityOfPage":{"@id":"https:\/\/www.meydan.tv\/az\/article\/cop-sammitine-ev-sahibliyi-eden-uc-olke-iqlim-ambisiyalarini-artirmaq-ucun-birlesir\/"},"wordCount":393,"publisher":{"@id":"https:\/\/www.meydan.tv\/az\/#organization"},"image":{"@id":"https:\/\/www.meydan.tv\/az\/article\/cop-sammitine-ev-sahibliyi-eden-uc-olke-iqlim-ambisiyalarini-artirmaq-ucun-birlesir\/#primaryimage"},"thumbnailUrl":"https:\/\/www.meydan.tv\/wp-content\/uploads\/w4fuf77ehvlfbhehujollx6vgq.jpg","articleSection":["Sosial","X\u0259b\u0259rl\u0259r"],"inLanguage":"az"},{"@type":"WebPage","@id":"https:\/\/www.meydan.tv\/az\/article\/cop-sammitine-ev-sahibliyi-eden-uc-olke-iqlim-ambisiyalarini-artirmaq-ucun-birlesir\/","url":"https:\/\/www.meydan.tv\/az\/article\/cop-sammitine-ev-sahibliyi-eden-uc-olke-iqlim-ambisiyalarini-artirmaq-ucun-birlesir\/","name":"\u201cCOP\u201d\u00a0 sammitin\u0259 ev sahibliyi ed\u0259n \u00fc\u00e7 \u00f6lk\u0259 iqlim ambisiyalar\u0131n\u0131 art\u0131rmaq \u00fc\u00e7\u00fcn birl\u0259\u015fir - MEYDAN.TV","isPartOf":{"@id":"https:\/\/www.meydan.tv\/az\/#website"},"primaryImageOfPage":{"@id":"https:\/\/www.meydan.tv\/az\/article\/cop-sammitine-ev-sahibliyi-eden-uc-olke-iqlim-ambisiyalarini-artirmaq-ucun-birlesir\/#primaryimage"},"image":{"@id":"https:\/\/www.meydan.tv\/az\/article\/cop-sammitine-ev-sahibliyi-eden-uc-olke-iqlim-ambisiyalarini-artirmaq-ucun-birlesir\/#primaryimage"},"thumbnailUrl":"https:\/\/www.meydan.tv\/wp-content\/uploads\/w4fuf77ehvlfbhehujollx6vgq.jpg","datePublished":"2024-02-14T12:30:09+00:00","dateModified":"2024-02-14T12:30:16+00:00","breadcrumb":{"@id":"https:\/\/www.meydan.tv\/az\/article\/cop-sammitine-ev-sahibliyi-eden-uc-olke-iqlim-ambisiyalarini-artirmaq-ucun-birlesir\/#breadcrumb"},"inLanguage":"az","potentialAction":[{"@type":"ReadAction","target":["https:\/\/www.meydan.tv\/az\/article\/cop-sammitine-ev-sahibliyi-eden-uc-olke-iqlim-ambisiyalarini-artirmaq-ucun-birlesir\/"]}]},{"@type":"ImageObject","inLanguage":"az","@id":"https:\/\/www.meydan.tv\/az\/article\/cop-sammitine-ev-sahibliyi-eden-uc-olke-iqlim-ambisiyalarini-artirmaq-ucun-birlesir\/#primaryimage","url":"https:\/\/www.meydan.tv\/wp-content\/uploads\/w4fuf77ehvlfbhehujollx6vgq.jpg","contentUrl":"https:\/\/www.meydan.tv\/wp-content\/uploads\/w4fuf77ehvlfbhehujollx6vgq.jpg","width":1200,"height":800,"caption":"Foto: Reuters"},{"@type":"BreadcrumbList","@id":"https:\/\/www.meydan.tv\/az\/article\/cop-sammitine-ev-sahibliyi-eden-uc-olke-iqlim-ambisiyalarini-artirmaq-ucun-birlesir\/#breadcrumb","itemListElement":[{"@type":"ListItem","position":1,"name":"Ana s\u0259hif\u0259","item":"https:\/\/www.meydan.tv\/az\/"},{"@type":"ListItem","position":2,"name":"Sosial","item":"https:\/\/www.meydan.tv\/az\/section\/sosial\/"},{"@type":"ListItem","position":3,"name":"\u201cCOP\u201d\u00a0 sammitin\u0259 ev sahibliyi ed\u0259n \u00fc\u00e7 \u00f6lk\u0259 iqlim ambisiyalar\u0131n\u0131 art\u0131rmaq \u00fc\u00e7\u00fcn birl\u0259\u015fir"}]},{"@type":"WebSite","@id":"https:\/\/www.meydan.tv\/az\/#website","url":"https:\/\/www.meydan.tv\/az\/","name":"MEYDAN.TV","description":"Meydan TV Az\u0259rbaycan\u0131n media m\u0259kan\u0131ndak\u0131 alternativ s\u0259sidir","publisher":{"@id":"https:\/\/www.meydan.tv\/az\/#organization"},"potentialAction":[{"@type":"SearchAction","target":{"@type":"EntryPoint","urlTemplate":"https:\/\/www.meydan.tv\/az\/?s={search_term_string}"},"query-input":{"@type":"PropertyValueSpecification","valueRequired":true,"valueName":"search_term_string"}}],"inLanguage":"az"},{"@type":"Organization","@id":"https:\/\/www.meydan.tv\/az\/#organization","name":"Meydan TV","url":"https:\/\/www.meydan.tv\/az\/","logo":{"@type":"ImageObject","inLanguage":"az","@id":"https:\/\/www.meydan.tv\/az\/#\/schema\/logo\/image\/","url":"https:\/\/www.meydan.tv\/wp-content\/uploads\/2021\/07\/meydan-logo.svg","contentUrl":"https:\/\/www.meydan.tv\/wp-content\/uploads\/2021\/07\/meydan-logo.svg","width":195,"height":46,"caption":"Meydan TV"},"image":{"@id":"https:\/\/www.meydan.tv\/az\/#\/schema\/logo\/image\/"}},{"@type":"Person","@id":"https:\/\/www.meydan.tv\/az\/#\/schema\/person\/9cdbecf90d17180ce1dfbd95b08dcf47","name":"elli","sameAs":["https:\/\/x.com\/elli"]}]}},"_links":{"self":[{"href":"https:\/\/www.meydan.tv\/az\/wp-json\/wp\/v2\/posts\/298849","targetHints":{"allow":["GET"]}}],"collection":[{"href":"https:\/\/www.meydan.tv\/az\/wp-json\/wp\/v2\/posts"}],"about":[{"href":"https:\/\/www.meydan.tv\/az\/wp-json\/wp\/v2\/types\/post"}],"author":[{"embeddable":true,"href":"https:\/\/www.meydan.tv\/az\/wp-json\/wp\/v2\/users\/8"}],"replies":[{"embeddable":true,"href":"https:\/\/www.meydan.tv\/az\/wp-json\/wp\/v2\/comments?post=298849"}],"version-history":[{"count":5,"href":"https:\/\/www.meydan.tv\/az\/wp-json\/wp\/v2\/posts\/298849\/revisions"}],"predecessor-version":[{"id":298857,"href":"https:\/\/www.meydan.tv\/az\/wp-json\/wp\/v2\/posts\/298849\/revisions\/298857"}],"wp:featuredmedia":[{"embeddable":true,"href":"https:\/\/www.meydan.tv\/az\/wp-json\/wp\/v2\/media\/298850"}],"wp:attachment":[{"href":"https:\/\/www.meydan.tv\/az\/wp-json\/wp\/v2\/media?parent=298849"}],"wp:term":[{"taxonomy":"category","embeddable":true,"href":"https:\/\/www.meydan.tv\/az\/wp-json\/wp\/v2\/categories?post=298849"},{"taxonomy":"post_tag","embeddable":true,"href":"https:\/\/www.meydan.tv\/az\/wp-json\/wp\/v2\/tags?post=298849"}],"curies":[{"name":"wp","href":"https:\/\/api.w.org\/{rel}","templated":true}]}}