{"id":298701,"date":"2024-02-14T16:02:31","date_gmt":"2024-02-14T12:02:31","guid":{"rendered":"https:\/\/www.meydan.tv\/?p=298701"},"modified":"2024-02-14T16:02:36","modified_gmt":"2024-02-14T12:02:36","slug":"eliyev-nazirler-kabinetini-istefaya-gonderdi","status":"publish","type":"post","link":"https:\/\/www.meydan.tv\/az\/article\/eliyev-nazirler-kabinetini-istefaya-gonderdi\/","title":{"rendered":"\u018fliyev Nazirl\u0259r Kabinetini istefaya g\u00f6nd\u0259rdi"},"content":{"rendered":"\n<p><\/p>\n\n\n\n<p><strong><em>S\u0259lahiyy\u0259tl\u0259rin icra edilm\u0259si \u0259vv\u0259lki t\u0259rkib\u0259 h\u0259val\u0259 edildi<\/em><\/strong><\/p>\n\n\n\n<p>Az\u0259rbaycan\u0131n d\u00f6vl\u0259t ba\u015f\u00e7\u0131s\u0131 \u0130lham \u018fliyev Nazirl\u0259r Kabinetini istefaya g\u00f6nd\u0259rib.<\/p>\n\n\n\n<p>Bu bar\u0259d\u0259 \u0130lham \u018fliyev fevral\u0131n 14-d\u0259 s\u0259r\u0259ncam imzalay\u0131b.<\/p>\n\n\n\n<p>S\u0259r\u0259ncamda bildirilir ki, Konstitusiyan\u0131n 116-c\u0131 madd\u0259sin\u0259 uy\u011fun olaraq Nazirl\u0259r Kabineti istefaya g\u00f6nd\u0259rilir:<\/p>\n\n\n\n<p><em>&#8220;Nazirl\u0259r Kabinetinin yeni t\u0259rkibi formala\u015fd\u0131r\u0131lanad\u0259k \u00fczvl\u0259rinin s\u0259lahiyy\u0259tl\u0259rinin icra edilm\u0259si \u0259vv\u0259lki t\u0259rkibin\u0259 h\u0259val\u0259 <a href=\"https:\/\/president.az\/az\/articles\/view\/64004\">edilsin&#8221;<\/a>.<\/em><\/p>\n\n\n\n<p>Bu g\u00fcn Az\u0259rbaycan\u0131n Prezidenti \u0130lham \u018fliyevin andi\u00e7m\u0259 m\u0259rasimi <a href=\"https:\/\/storage.googleapis.com\/qurium\/www.meydan.tv\/az-article-ilham-eliyev-and-icib.html\">ke\u00e7irilib.<\/a><\/p>\n\n\n\n<p>Fevral\u0131n 13-d\u0259 Konstitusiya M\u0259hk\u0259m\u0259si Prezident se\u00e7kisinin n\u0259tic\u0259sini t\u0259sdiq edib.<\/p>\n\n\n\n<p>Fevral\u0131n 7-d\u0259 Az\u0259rbaycanda n\u00f6vb\u0259d\u0259nk\u0259nar Prezident se\u00e7kisi ke\u00e7irilib.<\/p>\n\n\n\n<p>Se\u00e7kiy\u0259 7 namiz\u0259d qat\u0131l\u0131b.<\/p>\n\n\n\n<p>Konstitusiya M\u0259hk\u0259m\u0259si M\u0259rk\u0259zi Se\u00e7ki Komissiyas\u0131n\u0131n yekun protokoluna \u0259saslanaraq bildirib ki, \u0130lham \u018fliyev 92.12 faiz s\u0259sl\u0259 Prezident se\u00e7kil\u0259rind\u0259 qalib g\u0259lib.<\/p>\n\n\n\n<p>MSK-in sonuncu m\u0259lumat\u0131nda se\u00e7ici f\u0259all\u0131\u011f\u0131 76,43 faiz g\u00f6st\u0259rilmi\u015fdi.<\/p>\n\n\n\n<p>Dig\u0259r namiz\u0259dl\u0259rin toplad\u0131\u011f\u0131 s\u0259sl\u0259r is\u0259 bel\u0259ydi:<\/p>\n\n\n\n<p><em>\u201cZahid Oruc \u2013 2,17 faiz (107 877 s\u0259s); Fazil Mustafa \u2013 1,98 faiz (98 623 s\u0259s); Q\u00fcdr\u0259t H\u0259s\u0259nquliyev \u2013 1,72 faiz (85 607 s\u0259s); Razi Nurullayev \u2013 0,80 faiz (39 797 s\u0259s); El\u015fad Musayev \u2013 0,66 faiz (32 956 s\u0259s); Fuad \u018fliyev \u2013 0,53 faiz (26 561 s\u0259s)\u201d.<\/em><\/p>\n\n\n\n<p>Az\u0259rbaycan Xalq C\u0259bh\u0259si, M\u00fcsavat v\u0259 Klassik Xalq C\u0259bh\u0259si partiyalar\u0131 se\u00e7kini boykot edib.<\/p>\n\n\n\n<p>\u0130lham \u018fliyev 20 ild\u0259n \u00e7oxdur Prezident v\u0259zif\u0259sini icra edir.<\/p>\n","protected":false},"excerpt":{"rendered":"<p>S\u0259lahiyy\u0259tl\u0259rin icra edilm\u0259si \u0259vv\u0259lki t\u0259rkib\u0259 h\u0259val\u0259 edildi Az\u0259rbaycan\u0131n d\u00f6vl\u0259t ba\u015f\u00e7\u0131s\u0131 &#8230; <\/p>\n<p class=\"read-more-container\"><a title=\"\u018fliyev Nazirl\u0259r Kabinetini istefaya g\u00f6nd\u0259rdi\" class=\"read-more button\" href=\"https:\/\/www.meydan.tv\/az\/article\/eliyev-nazirler-kabinetini-istefaya-gonderdi\/#more-298701\" aria-label=\"Read more about \u018fliyev Nazirl\u0259r Kabinetini istefaya g\u00f6nd\u0259rdi\">Davam\u0131<\/a><\/p>\n","protected":false},"author":8,"featured_media":140098,"comment_status":"closed","ping_status":"closed","sticky":false,"template":"","format":"standard","meta":{"_acf_changed":false,"_sitemap_exclude":false,"_sitemap_priority":"","_sitemap_frequency":"","footnotes":""},"categories":[129,59,56],"tags":[],"class_list":["post-298701","post","type-post","status-publish","format-standard","has-post-thumbnail","hentry","category-sechki-2024","category-siyaset","category-xeberler","infinite-scroll-item","generate-columns","tablet-grid-50","mobile-grid-100","grid-parent","grid-33","no-featured-image-padding"],"acf":[],"yoast_head":"<!-- This site is optimized with the Yoast SEO plugin v27.4 - https:\/\/yoast.com\/product\/yoast-seo-wordpress\/ -->\n<title>\u018fliyev Nazirl\u0259r Kabinetini istefaya g\u00f6nd\u0259rdi - MEYDAN.TV<\/title>\n<meta name=\"robots\" content=\"index, follow, max-snippet:-1, max-image-preview:large, max-video-preview:-1\" \/>\n<link rel=\"canonical\" href=\"https:\/\/www.meydan.tv\/az\/article\/eliyev-nazirler-kabinetini-istefaya-gonderdi\/\" \/>\n<meta property=\"og:locale\" content=\"az_AZ\" \/>\n<meta property=\"og:type\" content=\"article\" \/>\n<meta property=\"og:title\" content=\"\u018fliyev Nazirl\u0259r Kabinetini istefaya g\u00f6nd\u0259rdi - MEYDAN.TV\" \/>\n<meta property=\"og:description\" content=\"S\u0259lahiyy\u0259tl\u0259rin icra edilm\u0259si \u0259vv\u0259lki t\u0259rkib\u0259 h\u0259val\u0259 edildi Az\u0259rbaycan\u0131n d\u00f6vl\u0259t ba\u015f\u00e7\u0131s\u0131 ... Davam\u0131\" \/>\n<meta property=\"og:url\" content=\"https:\/\/www.meydan.tv\/az\/article\/eliyev-nazirler-kabinetini-istefaya-gonderdi\/\" \/>\n<meta property=\"og:site_name\" content=\"MEYDAN.TV\" \/>\n<meta property=\"article:published_time\" content=\"2024-02-14T12:02:31+00:00\" \/>\n<meta property=\"article:modified_time\" content=\"2024-02-14T12:02:36+00:00\" \/>\n<meta property=\"og:image\" content=\"https:\/\/www.meydan.tv\/wp-content\/uploads\/6ee696c0f10a2c42ceaed0d74042e036.jpeg\" \/>\n\t<meta property=\"og:image:width\" content=\"1000\" \/>\n\t<meta property=\"og:image:height\" content=\"600\" \/>\n\t<meta property=\"og:image:type\" content=\"image\/jpeg\" \/>\n<meta name=\"author\" content=\"elli\" \/>\n<meta name=\"twitter:card\" content=\"summary_large_image\" \/>\n<meta name=\"twitter:creator\" content=\"@elli\" \/>\n<script type=\"application\/ld+json\" class=\"yoast-schema-graph\">{\"@context\":\"https:\\\/\\\/schema.org\",\"@graph\":[{\"@type\":\"Article\",\"@id\":\"https:\\\/\\\/www.meydan.tv\\\/az\\\/article\\\/eliyev-nazirler-kabinetini-istefaya-gonderdi\\\/#article\",\"isPartOf\":{\"@id\":\"https:\\\/\\\/www.meydan.tv\\\/az\\\/article\\\/eliyev-nazirler-kabinetini-istefaya-gonderdi\\\/\"},\"author\":{\"name\":\"elli\",\"@id\":\"https:\\\/\\\/www.meydan.tv\\\/az\\\/#\\\/schema\\\/person\\\/9cdbecf90d17180ce1dfbd95b08dcf47\"},\"headline\":\"\u018fliyev Nazirl\u0259r Kabinetini istefaya g\u00f6nd\u0259rdi\",\"datePublished\":\"2024-02-14T12:02:31+00:00\",\"dateModified\":\"2024-02-14T12:02:36+00:00\",\"mainEntityOfPage\":{\"@id\":\"https:\\\/\\\/www.meydan.tv\\\/az\\\/article\\\/eliyev-nazirler-kabinetini-istefaya-gonderdi\\\/\"},\"wordCount\":274,\"publisher\":{\"@id\":\"https:\\\/\\\/www.meydan.tv\\\/az\\\/#organization\"},\"image\":{\"@id\":\"https:\\\/\\\/www.meydan.tv\\\/az\\\/article\\\/eliyev-nazirler-kabinetini-istefaya-gonderdi\\\/#primaryimage\"},\"thumbnailUrl\":\"https:\\\/\\\/www.meydan.tv\\\/wp-content\\\/uploads\\\/6ee696c0f10a2c42ceaed0d74042e036.jpeg\",\"articleSection\":[\"Se\u00e7ki 2024\",\"Siyas\u0259t\",\"X\u0259b\u0259rl\u0259r\"],\"inLanguage\":\"az\"},{\"@type\":\"WebPage\",\"@id\":\"https:\\\/\\\/www.meydan.tv\\\/az\\\/article\\\/eliyev-nazirler-kabinetini-istefaya-gonderdi\\\/\",\"url\":\"https:\\\/\\\/www.meydan.tv\\\/az\\\/article\\\/eliyev-nazirler-kabinetini-istefaya-gonderdi\\\/\",\"name\":\"\u018fliyev Nazirl\u0259r Kabinetini istefaya g\u00f6nd\u0259rdi - MEYDAN.TV\",\"isPartOf\":{\"@id\":\"https:\\\/\\\/www.meydan.tv\\\/az\\\/#website\"},\"primaryImageOfPage\":{\"@id\":\"https:\\\/\\\/www.meydan.tv\\\/az\\\/article\\\/eliyev-nazirler-kabinetini-istefaya-gonderdi\\\/#primaryimage\"},\"image\":{\"@id\":\"https:\\\/\\\/www.meydan.tv\\\/az\\\/article\\\/eliyev-nazirler-kabinetini-istefaya-gonderdi\\\/#primaryimage\"},\"thumbnailUrl\":\"https:\\\/\\\/www.meydan.tv\\\/wp-content\\\/uploads\\\/6ee696c0f10a2c42ceaed0d74042e036.jpeg\",\"datePublished\":\"2024-02-14T12:02:31+00:00\",\"dateModified\":\"2024-02-14T12:02:36+00:00\",\"breadcrumb\":{\"@id\":\"https:\\\/\\\/www.meydan.tv\\\/az\\\/article\\\/eliyev-nazirler-kabinetini-istefaya-gonderdi\\\/#breadcrumb\"},\"inLanguage\":\"az\",\"potentialAction\":[{\"@type\":\"ReadAction\",\"target\":[\"https:\\\/\\\/www.meydan.tv\\\/az\\\/article\\\/eliyev-nazirler-kabinetini-istefaya-gonderdi\\\/\"]}]},{\"@type\":\"ImageObject\",\"inLanguage\":\"az\",\"@id\":\"https:\\\/\\\/www.meydan.tv\\\/az\\\/article\\\/eliyev-nazirler-kabinetini-istefaya-gonderdi\\\/#primaryimage\",\"url\":\"https:\\\/\\\/www.meydan.tv\\\/wp-content\\\/uploads\\\/6ee696c0f10a2c42ceaed0d74042e036.jpeg\",\"contentUrl\":\"https:\\\/\\\/www.meydan.tv\\\/wp-content\\\/uploads\\\/6ee696c0f10a2c42ceaed0d74042e036.jpeg\",\"width\":1000,\"height\":600,\"caption\":\"Foto: Nazirl\u0259r Kabineti\"},{\"@type\":\"BreadcrumbList\",\"@id\":\"https:\\\/\\\/www.meydan.tv\\\/az\\\/article\\\/eliyev-nazirler-kabinetini-istefaya-gonderdi\\\/#breadcrumb\",\"itemListElement\":[{\"@type\":\"ListItem\",\"position\":1,\"name\":\"Ana s\u0259hif\u0259\",\"item\":\"https:\\\/\\\/www.meydan.tv\\\/az\\\/\"},{\"@type\":\"ListItem\",\"position\":2,\"name\":\"Siyas\u0259t\",\"item\":\"https:\\\/\\\/www.meydan.tv\\\/az\\\/section\\\/siyaset\\\/\"},{\"@type\":\"ListItem\",\"position\":3,\"name\":\"\u018fliyev Nazirl\u0259r Kabinetini istefaya g\u00f6nd\u0259rdi\"}]},{\"@type\":\"WebSite\",\"@id\":\"https:\\\/\\\/www.meydan.tv\\\/az\\\/#website\",\"url\":\"https:\\\/\\\/www.meydan.tv\\\/az\\\/\",\"name\":\"MEYDAN.TV\",\"description\":\"Meydan TV Az\u0259rbaycan\u0131n media m\u0259kan\u0131ndak\u0131 alternativ s\u0259sidir\",\"publisher\":{\"@id\":\"https:\\\/\\\/www.meydan.tv\\\/az\\\/#organization\"},\"potentialAction\":[{\"@type\":\"SearchAction\",\"target\":{\"@type\":\"EntryPoint\",\"urlTemplate\":\"https:\\\/\\\/www.meydan.tv\\\/az\\\/?s={search_term_string}\"},\"query-input\":{\"@type\":\"PropertyValueSpecification\",\"valueRequired\":true,\"valueName\":\"search_term_string\"}}],\"inLanguage\":\"az\"},{\"@type\":\"Organization\",\"@id\":\"https:\\\/\\\/www.meydan.tv\\\/az\\\/#organization\",\"name\":\"Meydan TV\",\"url\":\"https:\\\/\\\/www.meydan.tv\\\/az\\\/\",\"logo\":{\"@type\":\"ImageObject\",\"inLanguage\":\"az\",\"@id\":\"https:\\\/\\\/www.meydan.tv\\\/az\\\/#\\\/schema\\\/logo\\\/image\\\/\",\"url\":\"https:\\\/\\\/www.meydan.tv\\\/wp-content\\\/uploads\\\/2021\\\/07\\\/meydan-logo.svg\",\"contentUrl\":\"https:\\\/\\\/www.meydan.tv\\\/wp-content\\\/uploads\\\/2021\\\/07\\\/meydan-logo.svg\",\"width\":195,\"height\":46,\"caption\":\"Meydan TV\"},\"image\":{\"@id\":\"https:\\\/\\\/www.meydan.tv\\\/az\\\/#\\\/schema\\\/logo\\\/image\\\/\"}},{\"@type\":\"Person\",\"@id\":\"https:\\\/\\\/www.meydan.tv\\\/az\\\/#\\\/schema\\\/person\\\/9cdbecf90d17180ce1dfbd95b08dcf47\",\"name\":\"elli\",\"sameAs\":[\"https:\\\/\\\/x.com\\\/elli\"]}]}<\/script>\n<!-- \/ Yoast SEO plugin. -->","yoast_head_json":{"title":"\u018fliyev Nazirl\u0259r Kabinetini istefaya g\u00f6nd\u0259rdi - MEYDAN.TV","robots":{"index":"index","follow":"follow","max-snippet":"max-snippet:-1","max-image-preview":"max-image-preview:large","max-video-preview":"max-video-preview:-1"},"canonical":"https:\/\/www.meydan.tv\/az\/article\/eliyev-nazirler-kabinetini-istefaya-gonderdi\/","og_locale":"az_AZ","og_type":"article","og_title":"\u018fliyev Nazirl\u0259r Kabinetini istefaya g\u00f6nd\u0259rdi - MEYDAN.TV","og_description":"S\u0259lahiyy\u0259tl\u0259rin icra edilm\u0259si \u0259vv\u0259lki t\u0259rkib\u0259 h\u0259val\u0259 edildi Az\u0259rbaycan\u0131n d\u00f6vl\u0259t ba\u015f\u00e7\u0131s\u0131 ... Davam\u0131","og_url":"https:\/\/www.meydan.tv\/az\/article\/eliyev-nazirler-kabinetini-istefaya-gonderdi\/","og_site_name":"MEYDAN.TV","article_published_time":"2024-02-14T12:02:31+00:00","article_modified_time":"2024-02-14T12:02:36+00:00","og_image":[{"width":1000,"height":600,"url":"https:\/\/www.meydan.tv\/wp-content\/uploads\/6ee696c0f10a2c42ceaed0d74042e036.jpeg","type":"image\/jpeg"}],"author":"elli","twitter_card":"summary_large_image","twitter_creator":"@elli","schema":{"@context":"https:\/\/schema.org","@graph":[{"@type":"Article","@id":"https:\/\/www.meydan.tv\/az\/article\/eliyev-nazirler-kabinetini-istefaya-gonderdi\/#article","isPartOf":{"@id":"https:\/\/www.meydan.tv\/az\/article\/eliyev-nazirler-kabinetini-istefaya-gonderdi\/"},"author":{"name":"elli","@id":"https:\/\/www.meydan.tv\/az\/#\/schema\/person\/9cdbecf90d17180ce1dfbd95b08dcf47"},"headline":"\u018fliyev Nazirl\u0259r Kabinetini istefaya g\u00f6nd\u0259rdi","datePublished":"2024-02-14T12:02:31+00:00","dateModified":"2024-02-14T12:02:36+00:00","mainEntityOfPage":{"@id":"https:\/\/www.meydan.tv\/az\/article\/eliyev-nazirler-kabinetini-istefaya-gonderdi\/"},"wordCount":274,"publisher":{"@id":"https:\/\/www.meydan.tv\/az\/#organization"},"image":{"@id":"https:\/\/www.meydan.tv\/az\/article\/eliyev-nazirler-kabinetini-istefaya-gonderdi\/#primaryimage"},"thumbnailUrl":"https:\/\/www.meydan.tv\/wp-content\/uploads\/6ee696c0f10a2c42ceaed0d74042e036.jpeg","articleSection":["Se\u00e7ki 2024","Siyas\u0259t","X\u0259b\u0259rl\u0259r"],"inLanguage":"az"},{"@type":"WebPage","@id":"https:\/\/www.meydan.tv\/az\/article\/eliyev-nazirler-kabinetini-istefaya-gonderdi\/","url":"https:\/\/www.meydan.tv\/az\/article\/eliyev-nazirler-kabinetini-istefaya-gonderdi\/","name":"\u018fliyev Nazirl\u0259r Kabinetini istefaya g\u00f6nd\u0259rdi - MEYDAN.TV","isPartOf":{"@id":"https:\/\/www.meydan.tv\/az\/#website"},"primaryImageOfPage":{"@id":"https:\/\/www.meydan.tv\/az\/article\/eliyev-nazirler-kabinetini-istefaya-gonderdi\/#primaryimage"},"image":{"@id":"https:\/\/www.meydan.tv\/az\/article\/eliyev-nazirler-kabinetini-istefaya-gonderdi\/#primaryimage"},"thumbnailUrl":"https:\/\/www.meydan.tv\/wp-content\/uploads\/6ee696c0f10a2c42ceaed0d74042e036.jpeg","datePublished":"2024-02-14T12:02:31+00:00","dateModified":"2024-02-14T12:02:36+00:00","breadcrumb":{"@id":"https:\/\/www.meydan.tv\/az\/article\/eliyev-nazirler-kabinetini-istefaya-gonderdi\/#breadcrumb"},"inLanguage":"az","potentialAction":[{"@type":"ReadAction","target":["https:\/\/www.meydan.tv\/az\/article\/eliyev-nazirler-kabinetini-istefaya-gonderdi\/"]}]},{"@type":"ImageObject","inLanguage":"az","@id":"https:\/\/www.meydan.tv\/az\/article\/eliyev-nazirler-kabinetini-istefaya-gonderdi\/#primaryimage","url":"https:\/\/www.meydan.tv\/wp-content\/uploads\/6ee696c0f10a2c42ceaed0d74042e036.jpeg","contentUrl":"https:\/\/www.meydan.tv\/wp-content\/uploads\/6ee696c0f10a2c42ceaed0d74042e036.jpeg","width":1000,"height":600,"caption":"Foto: Nazirl\u0259r Kabineti"},{"@type":"BreadcrumbList","@id":"https:\/\/www.meydan.tv\/az\/article\/eliyev-nazirler-kabinetini-istefaya-gonderdi\/#breadcrumb","itemListElement":[{"@type":"ListItem","position":1,"name":"Ana s\u0259hif\u0259","item":"https:\/\/www.meydan.tv\/az\/"},{"@type":"ListItem","position":2,"name":"Siyas\u0259t","item":"https:\/\/www.meydan.tv\/az\/section\/siyaset\/"},{"@type":"ListItem","position":3,"name":"\u018fliyev Nazirl\u0259r Kabinetini istefaya g\u00f6nd\u0259rdi"}]},{"@type":"WebSite","@id":"https:\/\/www.meydan.tv\/az\/#website","url":"https:\/\/www.meydan.tv\/az\/","name":"MEYDAN.TV","description":"Meydan TV Az\u0259rbaycan\u0131n media m\u0259kan\u0131ndak\u0131 alternativ s\u0259sidir","publisher":{"@id":"https:\/\/www.meydan.tv\/az\/#organization"},"potentialAction":[{"@type":"SearchAction","target":{"@type":"EntryPoint","urlTemplate":"https:\/\/www.meydan.tv\/az\/?s={search_term_string}"},"query-input":{"@type":"PropertyValueSpecification","valueRequired":true,"valueName":"search_term_string"}}],"inLanguage":"az"},{"@type":"Organization","@id":"https:\/\/www.meydan.tv\/az\/#organization","name":"Meydan TV","url":"https:\/\/www.meydan.tv\/az\/","logo":{"@type":"ImageObject","inLanguage":"az","@id":"https:\/\/www.meydan.tv\/az\/#\/schema\/logo\/image\/","url":"https:\/\/www.meydan.tv\/wp-content\/uploads\/2021\/07\/meydan-logo.svg","contentUrl":"https:\/\/www.meydan.tv\/wp-content\/uploads\/2021\/07\/meydan-logo.svg","width":195,"height":46,"caption":"Meydan TV"},"image":{"@id":"https:\/\/www.meydan.tv\/az\/#\/schema\/logo\/image\/"}},{"@type":"Person","@id":"https:\/\/www.meydan.tv\/az\/#\/schema\/person\/9cdbecf90d17180ce1dfbd95b08dcf47","name":"elli","sameAs":["https:\/\/x.com\/elli"]}]}},"_links":{"self":[{"href":"https:\/\/www.meydan.tv\/az\/wp-json\/wp\/v2\/posts\/298701","targetHints":{"allow":["GET"]}}],"collection":[{"href":"https:\/\/www.meydan.tv\/az\/wp-json\/wp\/v2\/posts"}],"about":[{"href":"https:\/\/www.meydan.tv\/az\/wp-json\/wp\/v2\/types\/post"}],"author":[{"embeddable":true,"href":"https:\/\/www.meydan.tv\/az\/wp-json\/wp\/v2\/users\/8"}],"replies":[{"embeddable":true,"href":"https:\/\/www.meydan.tv\/az\/wp-json\/wp\/v2\/comments?post=298701"}],"version-history":[{"count":1,"href":"https:\/\/www.meydan.tv\/az\/wp-json\/wp\/v2\/posts\/298701\/revisions"}],"predecessor-version":[{"id":298704,"href":"https:\/\/www.meydan.tv\/az\/wp-json\/wp\/v2\/posts\/298701\/revisions\/298704"}],"wp:featuredmedia":[{"embeddable":true,"href":"https:\/\/www.meydan.tv\/az\/wp-json\/wp\/v2\/media\/140098"}],"wp:attachment":[{"href":"https:\/\/www.meydan.tv\/az\/wp-json\/wp\/v2\/media?parent=298701"}],"wp:term":[{"taxonomy":"category","embeddable":true,"href":"https:\/\/www.meydan.tv\/az\/wp-json\/wp\/v2\/categories?post=298701"},{"taxonomy":"post_tag","embeddable":true,"href":"https:\/\/www.meydan.tv\/az\/wp-json\/wp\/v2\/tags?post=298701"}],"curies":[{"name":"wp","href":"https:\/\/api.w.org\/{rel}","templated":true}]}}