{"id":298528,"date":"2024-02-14T13:52:29","date_gmt":"2024-02-14T09:52:29","guid":{"rendered":"https:\/\/www.meydan.tv\/?p=298528"},"modified":"2024-02-14T13:55:34","modified_gmt":"2024-02-14T09:55:34","slug":"oten-il-neft-senayesinde-27-isci-xesaret-alib-5-nefer-heyatini-itirib","status":"publish","type":"post","link":"https:\/\/www.meydan.tv\/az\/article\/oten-il-neft-senayesinde-27-isci-xesaret-alib-5-nefer-heyatini-itirib\/","title":{"rendered":"\u00d6t\u0259n il neft s\u0259nay\u0259sind\u0259 27 i\u015f\u00e7i x\u0259sar\u0259t al\u0131b, 5 n\u0259f\u0259r h\u0259yat\u0131n\u0131 itirib"},"content":{"rendered":"\n<p><\/p>\n\n\n\n<p><strong><em>X\u0259sar\u0259t alanlardan 11 n\u0259f\u0259ri SOCAR-\u0131n, dig\u0259rl\u0259ri is\u0259 \u0259m\u0259liyyat \u015firk\u0259tl\u0259rinin \u0259m\u0259kda\u015flar\u0131d\u0131r<\/em><\/strong><\/p>\n\n\n\n<p>2023-c\u00fc ild\u0259 Az\u0259rbaycan\u0131n hasilat s\u0259nayesind\u0259 \u0259m\u0259k qanunvericiliyinin pozulmas\u0131 n\u0259tic\u0259sind\u0259 27 i\u015f\u00e7i x\u0259sar\u0259t al\u0131b, 5 n\u0259f\u0259r h\u0259lak olub.<\/p>\n\n\n\n<p>Bu bar\u0259d\u0259 Neft\u00e7il\u0259rin H\u00fcquqlar\u0131n\u0131 M\u00fcdafi\u0259 T\u0259\u015fkilat\u0131n\u0131n s\u0259dri Mirvari Q\u0259hr\u0259manl\u0131 m\u0259lumat verib.<\/p>\n\n\n\n<p>H\u0259lak olanlardan ikisi SOCAR \u201cNeftqaztikinti\u201d trestinin, ikisi SOCAR \u201cAzneft\u201d \u0130B-nin 2 sayl\u0131 \u0130xtisasd\u0131r\u0131lm\u0131\u015f Neft M\u0259d\u0259n X\u00fcsusi Texnika \u0130dar\u0259sinin, biri is\u0259 \u201cSOCAR Petroleum\u201d Qapal\u0131 S\u0259himdar C\u0259miyy\u0259tinin i\u015f\u00e7isi olub.<\/p>\n\n\n\n<p>Neft\u00e7il\u0259rin H\u00fcquqlar\u0131n\u0131 M\u00fcdafi\u0259 T\u0259\u015fkilat\u0131n\u0131n hesabat\u0131na g\u00f6r\u0259, x\u0259sar\u0259t alanlardan 11 n\u0259f\u0259r SOCAR, 8 n\u0259f\u0259r \u201cBalaxan\u0131\u201d, 1 n\u0259f\u0259r \u201cQarasu\u201d (Global Energy Azerbaijan) , 1 n\u0259f\u0259r \u201cSalyanoyl\u201d (GL \u015eirk\u0259tl\u0259r Qrupu), 1 n\u0259f\u0259r \u201cBin\u0259q\u0259dioyl\u201d (Global Energy Azerbaijan), 1 n\u0259f\u0259r \u201c\u015eirvanoyl\u201d\u00a0 (Global Energy Azerbaijan), 1 n\u0259f\u0259r \u201cTa\u011f\u0131yev\u201d \u0259m\u0259liyyat \u015firk\u0259tl\u0259rinin, 1 n\u0259f\u0259r BP \u015firk\u0259tinin, 1 n\u0259f\u0259r \u201cCaspian Marine Services B.V\u201d \u015firk\u0259tinin Az\u0259rbaycandak\u0131 filial\u0131n\u0131n, 1 n\u0259f\u0259r is\u0259 Az\u0259rbaycan Neft v\u0259 Qaz S\u0259nayesi \u0130\u015f\u00e7il\u0259rinin H\u0259mkarlar \u0130ttifaq\u0131n\u0131n i\u015f\u00e7isi olub.<\/p>\n\n\n\n<p>Az\u0259rbaycan D\u00f6vl\u0259t Neft \u015eirk\u0259ti (SOCAR) bu bar\u0259d\u0259 h\u0259r hans\u0131 a\u00e7\u0131qlama verm\u0259yib.<\/p>\n","protected":false},"excerpt":{"rendered":"<p>X\u0259sar\u0259t alanlardan 11 n\u0259f\u0259ri SOCAR-\u0131n, dig\u0259rl\u0259ri is\u0259 \u0259m\u0259liyyat \u015firk\u0259tl\u0259rinin \u0259m\u0259kda\u015flar\u0131d\u0131r &#8230; <\/p>\n<p class=\"read-more-container\"><a title=\"\u00d6t\u0259n il neft s\u0259nay\u0259sind\u0259 27 i\u015f\u00e7i x\u0259sar\u0259t al\u0131b, 5 n\u0259f\u0259r h\u0259yat\u0131n\u0131 itirib\" class=\"read-more button\" href=\"https:\/\/www.meydan.tv\/az\/article\/oten-il-neft-senayesinde-27-isci-xesaret-alib-5-nefer-heyatini-itirib\/#more-298528\" aria-label=\"Read more about \u00d6t\u0259n il neft s\u0259nay\u0259sind\u0259 27 i\u015f\u00e7i x\u0259sar\u0259t al\u0131b, 5 n\u0259f\u0259r h\u0259yat\u0131n\u0131 itirib\">Davam\u0131<\/a><\/p>\n","protected":false},"author":21,"featured_media":231939,"comment_status":"closed","ping_status":"closed","sticky":false,"template":"","format":"standard","meta":{"_acf_changed":false,"_sitemap_exclude":false,"_sitemap_priority":"","_sitemap_frequency":"","footnotes":""},"categories":[62,56],"tags":[],"class_list":["post-298528","post","type-post","status-publish","format-standard","has-post-thumbnail","hentry","category-sosial","category-xeberler","infinite-scroll-item","generate-columns","tablet-grid-50","mobile-grid-100","grid-parent","grid-33","no-featured-image-padding"],"acf":[],"yoast_head":"<!-- This site is optimized with the Yoast SEO plugin v27.5 - https:\/\/yoast.com\/product\/yoast-seo-wordpress\/ -->\n<title>\u00d6t\u0259n il neft s\u0259nay\u0259sind\u0259 27 i\u015f\u00e7i x\u0259sar\u0259t al\u0131b, 5 n\u0259f\u0259r h\u0259yat\u0131n\u0131 itirib - MEYDAN.TV<\/title>\n<meta name=\"robots\" content=\"index, follow, max-snippet:-1, max-image-preview:large, max-video-preview:-1\" \/>\n<link rel=\"canonical\" href=\"https:\/\/www.meydan.tv\/az\/article\/oten-il-neft-senayesinde-27-isci-xesaret-alib-5-nefer-heyatini-itirib\/\" \/>\n<meta property=\"og:locale\" content=\"az_AZ\" \/>\n<meta property=\"og:type\" content=\"article\" \/>\n<meta property=\"og:title\" content=\"\u00d6t\u0259n il neft s\u0259nay\u0259sind\u0259 27 i\u015f\u00e7i x\u0259sar\u0259t al\u0131b, 5 n\u0259f\u0259r h\u0259yat\u0131n\u0131 itirib - MEYDAN.TV\" \/>\n<meta property=\"og:description\" content=\"X\u0259sar\u0259t alanlardan 11 n\u0259f\u0259ri SOCAR-\u0131n, dig\u0259rl\u0259ri is\u0259 \u0259m\u0259liyyat \u015firk\u0259tl\u0259rinin \u0259m\u0259kda\u015flar\u0131d\u0131r ... Davam\u0131\" \/>\n<meta property=\"og:url\" content=\"https:\/\/www.meydan.tv\/az\/article\/oten-il-neft-senayesinde-27-isci-xesaret-alib-5-nefer-heyatini-itirib\/\" \/>\n<meta property=\"og:site_name\" content=\"MEYDAN.TV\" \/>\n<meta property=\"article:published_time\" content=\"2024-02-14T09:52:29+00:00\" \/>\n<meta property=\"article:modified_time\" content=\"2024-02-14T09:55:34+00:00\" \/>\n<meta property=\"og:image\" content=\"https:\/\/www.meydan.tv\/wp-content\/uploads\/shutterstock_96031328-e1642412295624.jpg\" \/>\n\t<meta property=\"og:image:width\" content=\"1200\" \/>\n\t<meta property=\"og:image:height\" content=\"828\" \/>\n\t<meta property=\"og:image:type\" content=\"image\/jpeg\" \/>\n<meta name=\"author\" content=\"mahmud\" \/>\n<meta name=\"twitter:card\" content=\"summary_large_image\" \/>\n<script type=\"application\/ld+json\" class=\"yoast-schema-graph\">{\"@context\":\"https:\\\/\\\/schema.org\",\"@graph\":[{\"@type\":\"Article\",\"@id\":\"https:\\\/\\\/www.meydan.tv\\\/az\\\/article\\\/oten-il-neft-senayesinde-27-isci-xesaret-alib-5-nefer-heyatini-itirib\\\/#article\",\"isPartOf\":{\"@id\":\"https:\\\/\\\/www.meydan.tv\\\/az\\\/article\\\/oten-il-neft-senayesinde-27-isci-xesaret-alib-5-nefer-heyatini-itirib\\\/\"},\"author\":{\"name\":\"mahmud\",\"@id\":\"https:\\\/\\\/www.meydan.tv\\\/az\\\/#\\\/schema\\\/person\\\/09863e516102a829e72bedcf3f84c6b0\"},\"headline\":\"\u00d6t\u0259n il neft s\u0259nay\u0259sind\u0259 27 i\u015f\u00e7i x\u0259sar\u0259t al\u0131b, 5 n\u0259f\u0259r h\u0259yat\u0131n\u0131 itirib\",\"datePublished\":\"2024-02-14T09:52:29+00:00\",\"dateModified\":\"2024-02-14T09:55:34+00:00\",\"mainEntityOfPage\":{\"@id\":\"https:\\\/\\\/www.meydan.tv\\\/az\\\/article\\\/oten-il-neft-senayesinde-27-isci-xesaret-alib-5-nefer-heyatini-itirib\\\/\"},\"wordCount\":264,\"publisher\":{\"@id\":\"https:\\\/\\\/www.meydan.tv\\\/az\\\/#organization\"},\"image\":{\"@id\":\"https:\\\/\\\/www.meydan.tv\\\/az\\\/article\\\/oten-il-neft-senayesinde-27-isci-xesaret-alib-5-nefer-heyatini-itirib\\\/#primaryimage\"},\"thumbnailUrl\":\"https:\\\/\\\/www.meydan.tv\\\/wp-content\\\/uploads\\\/shutterstock_96031328-e1642412295624.jpg\",\"articleSection\":[\"Sosial\",\"X\u0259b\u0259rl\u0259r\"],\"inLanguage\":\"az\"},{\"@type\":\"WebPage\",\"@id\":\"https:\\\/\\\/www.meydan.tv\\\/az\\\/article\\\/oten-il-neft-senayesinde-27-isci-xesaret-alib-5-nefer-heyatini-itirib\\\/\",\"url\":\"https:\\\/\\\/www.meydan.tv\\\/az\\\/article\\\/oten-il-neft-senayesinde-27-isci-xesaret-alib-5-nefer-heyatini-itirib\\\/\",\"name\":\"\u00d6t\u0259n il neft s\u0259nay\u0259sind\u0259 27 i\u015f\u00e7i x\u0259sar\u0259t al\u0131b, 5 n\u0259f\u0259r h\u0259yat\u0131n\u0131 itirib - MEYDAN.TV\",\"isPartOf\":{\"@id\":\"https:\\\/\\\/www.meydan.tv\\\/az\\\/#website\"},\"primaryImageOfPage\":{\"@id\":\"https:\\\/\\\/www.meydan.tv\\\/az\\\/article\\\/oten-il-neft-senayesinde-27-isci-xesaret-alib-5-nefer-heyatini-itirib\\\/#primaryimage\"},\"image\":{\"@id\":\"https:\\\/\\\/www.meydan.tv\\\/az\\\/article\\\/oten-il-neft-senayesinde-27-isci-xesaret-alib-5-nefer-heyatini-itirib\\\/#primaryimage\"},\"thumbnailUrl\":\"https:\\\/\\\/www.meydan.tv\\\/wp-content\\\/uploads\\\/shutterstock_96031328-e1642412295624.jpg\",\"datePublished\":\"2024-02-14T09:52:29+00:00\",\"dateModified\":\"2024-02-14T09:55:34+00:00\",\"breadcrumb\":{\"@id\":\"https:\\\/\\\/www.meydan.tv\\\/az\\\/article\\\/oten-il-neft-senayesinde-27-isci-xesaret-alib-5-nefer-heyatini-itirib\\\/#breadcrumb\"},\"inLanguage\":\"az\",\"potentialAction\":[{\"@type\":\"ReadAction\",\"target\":[\"https:\\\/\\\/www.meydan.tv\\\/az\\\/article\\\/oten-il-neft-senayesinde-27-isci-xesaret-alib-5-nefer-heyatini-itirib\\\/\"]}]},{\"@type\":\"ImageObject\",\"inLanguage\":\"az\",\"@id\":\"https:\\\/\\\/www.meydan.tv\\\/az\\\/article\\\/oten-il-neft-senayesinde-27-isci-xesaret-alib-5-nefer-heyatini-itirib\\\/#primaryimage\",\"url\":\"https:\\\/\\\/www.meydan.tv\\\/wp-content\\\/uploads\\\/shutterstock_96031328-e1642412295624.jpg\",\"contentUrl\":\"https:\\\/\\\/www.meydan.tv\\\/wp-content\\\/uploads\\\/shutterstock_96031328-e1642412295624.jpg\",\"width\":1200,\"height\":828,\"caption\":\"Neft da\u015flar\u0131, Foto: Northfoto\\\/shutterstock\"},{\"@type\":\"BreadcrumbList\",\"@id\":\"https:\\\/\\\/www.meydan.tv\\\/az\\\/article\\\/oten-il-neft-senayesinde-27-isci-xesaret-alib-5-nefer-heyatini-itirib\\\/#breadcrumb\",\"itemListElement\":[{\"@type\":\"ListItem\",\"position\":1,\"name\":\"Ana s\u0259hif\u0259\",\"item\":\"https:\\\/\\\/www.meydan.tv\\\/az\\\/\"},{\"@type\":\"ListItem\",\"position\":2,\"name\":\"X\u0259b\u0259rl\u0259r\",\"item\":\"https:\\\/\\\/www.meydan.tv\\\/az\\\/section\\\/xeberler\\\/\"},{\"@type\":\"ListItem\",\"position\":3,\"name\":\"\u00d6t\u0259n il neft s\u0259nay\u0259sind\u0259 27 i\u015f\u00e7i x\u0259sar\u0259t al\u0131b, 5 n\u0259f\u0259r h\u0259yat\u0131n\u0131 itirib\"}]},{\"@type\":\"WebSite\",\"@id\":\"https:\\\/\\\/www.meydan.tv\\\/az\\\/#website\",\"url\":\"https:\\\/\\\/www.meydan.tv\\\/az\\\/\",\"name\":\"MEYDAN.TV\",\"description\":\"Meydan TV Az\u0259rbaycan\u0131n media m\u0259kan\u0131ndak\u0131 alternativ s\u0259sidir\",\"publisher\":{\"@id\":\"https:\\\/\\\/www.meydan.tv\\\/az\\\/#organization\"},\"potentialAction\":[{\"@type\":\"SearchAction\",\"target\":{\"@type\":\"EntryPoint\",\"urlTemplate\":\"https:\\\/\\\/www.meydan.tv\\\/az\\\/?s={search_term_string}\"},\"query-input\":{\"@type\":\"PropertyValueSpecification\",\"valueRequired\":true,\"valueName\":\"search_term_string\"}}],\"inLanguage\":\"az\"},{\"@type\":\"Organization\",\"@id\":\"https:\\\/\\\/www.meydan.tv\\\/az\\\/#organization\",\"name\":\"Meydan TV\",\"url\":\"https:\\\/\\\/www.meydan.tv\\\/az\\\/\",\"logo\":{\"@type\":\"ImageObject\",\"inLanguage\":\"az\",\"@id\":\"https:\\\/\\\/www.meydan.tv\\\/az\\\/#\\\/schema\\\/logo\\\/image\\\/\",\"url\":\"https:\\\/\\\/www.meydan.tv\\\/wp-content\\\/uploads\\\/2021\\\/07\\\/meydan-logo.svg\",\"contentUrl\":\"https:\\\/\\\/www.meydan.tv\\\/wp-content\\\/uploads\\\/2021\\\/07\\\/meydan-logo.svg\",\"width\":195,\"height\":46,\"caption\":\"Meydan TV\"},\"image\":{\"@id\":\"https:\\\/\\\/www.meydan.tv\\\/az\\\/#\\\/schema\\\/logo\\\/image\\\/\"}},{\"@type\":\"Person\",\"@id\":\"https:\\\/\\\/www.meydan.tv\\\/az\\\/#\\\/schema\\\/person\\\/09863e516102a829e72bedcf3f84c6b0\",\"name\":\"mahmud\"}]}<\/script>\n<!-- \/ Yoast SEO plugin. -->","yoast_head_json":{"title":"\u00d6t\u0259n il neft s\u0259nay\u0259sind\u0259 27 i\u015f\u00e7i x\u0259sar\u0259t al\u0131b, 5 n\u0259f\u0259r h\u0259yat\u0131n\u0131 itirib - MEYDAN.TV","robots":{"index":"index","follow":"follow","max-snippet":"max-snippet:-1","max-image-preview":"max-image-preview:large","max-video-preview":"max-video-preview:-1"},"canonical":"https:\/\/www.meydan.tv\/az\/article\/oten-il-neft-senayesinde-27-isci-xesaret-alib-5-nefer-heyatini-itirib\/","og_locale":"az_AZ","og_type":"article","og_title":"\u00d6t\u0259n il neft s\u0259nay\u0259sind\u0259 27 i\u015f\u00e7i x\u0259sar\u0259t al\u0131b, 5 n\u0259f\u0259r h\u0259yat\u0131n\u0131 itirib - MEYDAN.TV","og_description":"X\u0259sar\u0259t alanlardan 11 n\u0259f\u0259ri SOCAR-\u0131n, dig\u0259rl\u0259ri is\u0259 \u0259m\u0259liyyat \u015firk\u0259tl\u0259rinin \u0259m\u0259kda\u015flar\u0131d\u0131r ... Davam\u0131","og_url":"https:\/\/www.meydan.tv\/az\/article\/oten-il-neft-senayesinde-27-isci-xesaret-alib-5-nefer-heyatini-itirib\/","og_site_name":"MEYDAN.TV","article_published_time":"2024-02-14T09:52:29+00:00","article_modified_time":"2024-02-14T09:55:34+00:00","og_image":[{"width":1200,"height":828,"url":"https:\/\/www.meydan.tv\/wp-content\/uploads\/shutterstock_96031328-e1642412295624.jpg","type":"image\/jpeg"}],"author":"mahmud","twitter_card":"summary_large_image","schema":{"@context":"https:\/\/schema.org","@graph":[{"@type":"Article","@id":"https:\/\/www.meydan.tv\/az\/article\/oten-il-neft-senayesinde-27-isci-xesaret-alib-5-nefer-heyatini-itirib\/#article","isPartOf":{"@id":"https:\/\/www.meydan.tv\/az\/article\/oten-il-neft-senayesinde-27-isci-xesaret-alib-5-nefer-heyatini-itirib\/"},"author":{"name":"mahmud","@id":"https:\/\/www.meydan.tv\/az\/#\/schema\/person\/09863e516102a829e72bedcf3f84c6b0"},"headline":"\u00d6t\u0259n il neft s\u0259nay\u0259sind\u0259 27 i\u015f\u00e7i x\u0259sar\u0259t al\u0131b, 5 n\u0259f\u0259r h\u0259yat\u0131n\u0131 itirib","datePublished":"2024-02-14T09:52:29+00:00","dateModified":"2024-02-14T09:55:34+00:00","mainEntityOfPage":{"@id":"https:\/\/www.meydan.tv\/az\/article\/oten-il-neft-senayesinde-27-isci-xesaret-alib-5-nefer-heyatini-itirib\/"},"wordCount":264,"publisher":{"@id":"https:\/\/www.meydan.tv\/az\/#organization"},"image":{"@id":"https:\/\/www.meydan.tv\/az\/article\/oten-il-neft-senayesinde-27-isci-xesaret-alib-5-nefer-heyatini-itirib\/#primaryimage"},"thumbnailUrl":"https:\/\/www.meydan.tv\/wp-content\/uploads\/shutterstock_96031328-e1642412295624.jpg","articleSection":["Sosial","X\u0259b\u0259rl\u0259r"],"inLanguage":"az"},{"@type":"WebPage","@id":"https:\/\/www.meydan.tv\/az\/article\/oten-il-neft-senayesinde-27-isci-xesaret-alib-5-nefer-heyatini-itirib\/","url":"https:\/\/www.meydan.tv\/az\/article\/oten-il-neft-senayesinde-27-isci-xesaret-alib-5-nefer-heyatini-itirib\/","name":"\u00d6t\u0259n il neft s\u0259nay\u0259sind\u0259 27 i\u015f\u00e7i x\u0259sar\u0259t al\u0131b, 5 n\u0259f\u0259r h\u0259yat\u0131n\u0131 itirib - MEYDAN.TV","isPartOf":{"@id":"https:\/\/www.meydan.tv\/az\/#website"},"primaryImageOfPage":{"@id":"https:\/\/www.meydan.tv\/az\/article\/oten-il-neft-senayesinde-27-isci-xesaret-alib-5-nefer-heyatini-itirib\/#primaryimage"},"image":{"@id":"https:\/\/www.meydan.tv\/az\/article\/oten-il-neft-senayesinde-27-isci-xesaret-alib-5-nefer-heyatini-itirib\/#primaryimage"},"thumbnailUrl":"https:\/\/www.meydan.tv\/wp-content\/uploads\/shutterstock_96031328-e1642412295624.jpg","datePublished":"2024-02-14T09:52:29+00:00","dateModified":"2024-02-14T09:55:34+00:00","breadcrumb":{"@id":"https:\/\/www.meydan.tv\/az\/article\/oten-il-neft-senayesinde-27-isci-xesaret-alib-5-nefer-heyatini-itirib\/#breadcrumb"},"inLanguage":"az","potentialAction":[{"@type":"ReadAction","target":["https:\/\/www.meydan.tv\/az\/article\/oten-il-neft-senayesinde-27-isci-xesaret-alib-5-nefer-heyatini-itirib\/"]}]},{"@type":"ImageObject","inLanguage":"az","@id":"https:\/\/www.meydan.tv\/az\/article\/oten-il-neft-senayesinde-27-isci-xesaret-alib-5-nefer-heyatini-itirib\/#primaryimage","url":"https:\/\/www.meydan.tv\/wp-content\/uploads\/shutterstock_96031328-e1642412295624.jpg","contentUrl":"https:\/\/www.meydan.tv\/wp-content\/uploads\/shutterstock_96031328-e1642412295624.jpg","width":1200,"height":828,"caption":"Neft da\u015flar\u0131, Foto: Northfoto\/shutterstock"},{"@type":"BreadcrumbList","@id":"https:\/\/www.meydan.tv\/az\/article\/oten-il-neft-senayesinde-27-isci-xesaret-alib-5-nefer-heyatini-itirib\/#breadcrumb","itemListElement":[{"@type":"ListItem","position":1,"name":"Ana s\u0259hif\u0259","item":"https:\/\/www.meydan.tv\/az\/"},{"@type":"ListItem","position":2,"name":"X\u0259b\u0259rl\u0259r","item":"https:\/\/www.meydan.tv\/az\/section\/xeberler\/"},{"@type":"ListItem","position":3,"name":"\u00d6t\u0259n il neft s\u0259nay\u0259sind\u0259 27 i\u015f\u00e7i x\u0259sar\u0259t al\u0131b, 5 n\u0259f\u0259r h\u0259yat\u0131n\u0131 itirib"}]},{"@type":"WebSite","@id":"https:\/\/www.meydan.tv\/az\/#website","url":"https:\/\/www.meydan.tv\/az\/","name":"MEYDAN.TV","description":"Meydan TV Az\u0259rbaycan\u0131n media m\u0259kan\u0131ndak\u0131 alternativ s\u0259sidir","publisher":{"@id":"https:\/\/www.meydan.tv\/az\/#organization"},"potentialAction":[{"@type":"SearchAction","target":{"@type":"EntryPoint","urlTemplate":"https:\/\/www.meydan.tv\/az\/?s={search_term_string}"},"query-input":{"@type":"PropertyValueSpecification","valueRequired":true,"valueName":"search_term_string"}}],"inLanguage":"az"},{"@type":"Organization","@id":"https:\/\/www.meydan.tv\/az\/#organization","name":"Meydan TV","url":"https:\/\/www.meydan.tv\/az\/","logo":{"@type":"ImageObject","inLanguage":"az","@id":"https:\/\/www.meydan.tv\/az\/#\/schema\/logo\/image\/","url":"https:\/\/www.meydan.tv\/wp-content\/uploads\/2021\/07\/meydan-logo.svg","contentUrl":"https:\/\/www.meydan.tv\/wp-content\/uploads\/2021\/07\/meydan-logo.svg","width":195,"height":46,"caption":"Meydan TV"},"image":{"@id":"https:\/\/www.meydan.tv\/az\/#\/schema\/logo\/image\/"}},{"@type":"Person","@id":"https:\/\/www.meydan.tv\/az\/#\/schema\/person\/09863e516102a829e72bedcf3f84c6b0","name":"mahmud"}]}},"_links":{"self":[{"href":"https:\/\/www.meydan.tv\/az\/wp-json\/wp\/v2\/posts\/298528","targetHints":{"allow":["GET"]}}],"collection":[{"href":"https:\/\/www.meydan.tv\/az\/wp-json\/wp\/v2\/posts"}],"about":[{"href":"https:\/\/www.meydan.tv\/az\/wp-json\/wp\/v2\/types\/post"}],"author":[{"embeddable":true,"href":"https:\/\/www.meydan.tv\/az\/wp-json\/wp\/v2\/users\/21"}],"replies":[{"embeddable":true,"href":"https:\/\/www.meydan.tv\/az\/wp-json\/wp\/v2\/comments?post=298528"}],"version-history":[{"count":1,"href":"https:\/\/www.meydan.tv\/az\/wp-json\/wp\/v2\/posts\/298528\/revisions"}],"predecessor-version":[{"id":298529,"href":"https:\/\/www.meydan.tv\/az\/wp-json\/wp\/v2\/posts\/298528\/revisions\/298529"}],"wp:featuredmedia":[{"embeddable":true,"href":"https:\/\/www.meydan.tv\/az\/wp-json\/wp\/v2\/media\/231939"}],"wp:attachment":[{"href":"https:\/\/www.meydan.tv\/az\/wp-json\/wp\/v2\/media?parent=298528"}],"wp:term":[{"taxonomy":"category","embeddable":true,"href":"https:\/\/www.meydan.tv\/az\/wp-json\/wp\/v2\/categories?post=298528"},{"taxonomy":"post_tag","embeddable":true,"href":"https:\/\/www.meydan.tv\/az\/wp-json\/wp\/v2\/tags?post=298528"}],"curies":[{"name":"wp","href":"https:\/\/api.w.org\/{rel}","templated":true}]}}