{"id":297923,"date":"2024-02-13T18:38:19","date_gmt":"2024-02-13T14:38:19","guid":{"rendered":"https:\/\/www.meydan.tv\/?p=297923"},"modified":"2024-02-13T20:37:30","modified_gmt":"2024-02-13T16:37:30","slug":"bakida-mekteb-direktoru-eri-ve-oglu-ile-birlikde-qetle-yetirilib","status":"publish","type":"post","link":"https:\/\/www.meydan.tv\/az\/article\/bakida-mekteb-direktoru-eri-ve-oglu-ile-birlikde-qetle-yetirilib\/","title":{"rendered":"Bak\u0131da m\u0259kt\u0259b direktoru \u0259ri v\u0259 o\u011flu il\u0259 birlikd\u0259 q\u0259tl\u0259 yetirilib (yenil\u0259nib)"},"content":{"rendered":"\n<p><strong><em>\u018fhm\u0259d \u018fhm\u0259dov bac\u0131s\u0131n\u0131 v\u0259 onun 5 ya\u015fl\u0131 q\u0131z\u0131n\u0131 da \u00f6ld\u00fcr\u00fcbm\u00fc\u015f<\/em><\/strong><\/p>\n\n\n\n<p>Daxili \u0130\u015fl\u0259r Nazirliyinin m\u0259tbuat xidm\u0259tind\u0259n bildirilib ki, \u018fhm\u0259d \u018fhm\u0259dov valideynl\u0259rini v\u0259 qarda\u015f\u0131n\u0131 \u00f6ld\u00fcrm\u0259mi\u015fd\u0259n \u00f6nc\u0259 ba\u015fqa bir yerd\u0259 bac\u0131s\u0131 &#8211; 1997-ci il t\u0259v\u0259ll\u00fcdl\u00fc Elmira \u018fhm\u0259dova&nbsp; v\u0259 onun 5 ya\u015fl\u0131 q\u0131z\u0131n\u0131 da eyni \u00fcsulla q\u0259tl\u0259 yetiribmi\u015f.<\/p>\n\n\n\n<p>M\u0259lumata g\u00f6r\u0259, qohumlar\u0131 bac\u0131s\u0131na valideynl\u0259rinin \u00f6ld\u00fcr\u00fclm\u0259si il\u0259 ba\u011fl\u0131 x\u0259b\u0259r verm\u0259k \u00fc\u00e7\u00fcn z\u0259ng edibl\u0259r. B\u0259lli olub ki, \u018fhm\u0259d \u018fhm\u0259dov \u00f6nc\u0259 onlar\u0131 \u00f6ld\u00fcr\u00fcb.<\/p>\n\n\n\n<p>Qon\u015fular\u0131 bildiribl\u0259r ki, q\u0259tli t\u00f6r\u0259d\u0259n \u018fhm\u0259d \u018fhm\u0259dovun psixoloji probleml\u0259ri varm\u0131\u015f.<\/p>\n\n\n\n<p>O, subay olub, ail\u0259sind\u0259n ayr\u0131 ya\u015fay\u0131rm\u0131\u015f.<\/p>\n\n\n\n<p>Onun bir m\u00fcdd\u0259t Rusiyada m\u00fcalic\u0259 ald\u0131\u011f\u0131 da qeyd edilib.<\/p>\n\n\n\n<p>Qon\u015fular ail\u0259d\u0259 \u0259vv\u0259ll\u0259r probleml\u0259rin oldu\u011funu e\u015fitm\u0259yibl\u0259r.<\/p>\n\n\n\n<hr class=\"wp-block-separator has-alpha-channel-opacity\"\/>\n\n\n\n<p>Bak\u0131dak\u0131 59 sayl\u0131 m\u0259kt\u0259bin direktoru, 47 ya\u015fl\u0131 Bik\u0259 \u018fhm\u0259dova h\u0259yat yolda\u015f\u0131 v\u0259 o\u011flu il\u0259 birlikd\u0259 q\u0259tl\u0259 yetirilib. <\/p>\n\n\n\n<p>Hadis\u0259 fevral\u0131n 13-d\u0259 saat 16:30 rad\u0259l\u0259rind\u0259 paytaxt\u0131n X\u0259tai rayonu \u0259razisind\u0259 ba\u015f verib. H\u0259m Bik\u0259 \u018fhm\u0259dova, h\u0259m d\u0259 1972-ci il t\u0259v\u0259ll\u00fcdl\u00fc h\u0259yat yolda\u015f\u0131 Mehman \u018fhm\u0259dov v\u0259 2015-ci il t\u0259v\u0259ll\u00fcdl\u00fc o\u011flu M\u0259h\u0259mm\u0259d \u018fhm\u0259dovun balta il\u0259 \u00f6ld\u00fcr\u00fcld\u00fcy\u00fc bildirilir. <\/p>\n\n\n\n<p>Onlar\u0131 q\u0259tl\u0259 yetirm\u0259kd\u0259 \u015f\u00fcbh\u0259li bilin\u0259n \u015f\u0259xs is\u0259 m\u0259kt\u0259b direktorunun dig\u0259r o\u011flu \u018fhm\u0259d \u018fhm\u0259dovdur. <\/p>\n\n\n\n<p>Daxili \u0130\u015fl\u0259r Nazirliyinin M\u0259tbuat Xidm\u0259tind\u0259n Meydan TV-y\u0259 bildirilib ki, ail\u0259 \u00fczvl\u0259rini q\u0259tl\u0259 yetirm\u0259kd\u0259 \u015f\u00fcbh\u0259li bilin\u0259n 25 ya\u015fl\u0131 \u018fhm\u0259d \u018fhm\u0259dov saxlan\u0131l\u0131b.<\/p>\n\n\n\n<p>X\u0259tai Rayon Prokurorlu\u011funun m\u0259lumat\u0131na g\u00f6r\u0259, hadis\u0259 m\u00fcbahis\u0259 z\u0259minind\u0259 ba\u015f verib. <\/p>\n\n\n\n<p>Faktla ba\u011fl\u0131 prokurorluqda Cinay\u0259t M\u0259c\u0259ll\u0259sinin 120.2.4 (x\u00fcsusi amans\u0131zl\u0131qla q\u0259sd\u0259n adam \u00f6ld\u00fcrm\u0259) v\u0259 120.2.7-ci (iki v\u0259 ya daha \u00e7ox \u015f\u0259xsi \u00f6ld\u00fcrm\u0259) madd\u0259l\u0259ril\u0259 cinay\u0259t i\u015fi ba\u015flan\u0131b.<\/p>\n\n\n\n<p><strong>Daha bir qad\u0131n is\u0259 k\u00fc\u00e7\u0259d\u0259 b\u0131\u00e7aqlanaraq \u00f6ld\u00fcr\u00fcl\u00fcb<\/strong><\/p>\n\n\n\n<p>Fevral\u0131n 13-d\u0259 Bak\u0131da daha bir qad\u0131n N\u0259rimanov rayonu \u0259razisind\u0259 \u00f6ld\u00fcr\u00fcl\u00fcb. <\/p>\n\n\n\n<p>Saat 17:30 rad\u0259l\u0259rind\u0259 k\u00fc\u00e7\u0259d\u0259 Sevinc \u0130brahimova b\u0131\u00e7aqlanaraq q\u0259tl\u0259 yetirilib. <\/p>\n\n\n\n<p>Daxili \u0130\u015fl\u0259r Nazirliyinin M\u0259tbuat Xidm\u0259tind\u0259n bildirilib ki, Sevinc \u0130brahimovan\u0131n q\u0259tlin\u0259 g\u00f6r\u0259 ke\u00e7mi\u015f h\u0259yat yolda\u015f\u0131, 1985-ci il t\u0259v\u0259ll\u00fcdl\u00fc R\u00f6v\u015f\u0259n Quliyev saxlan\u0131l\u0131b.<\/p>\n","protected":false},"excerpt":{"rendered":"<p>\u018fhm\u0259d \u018fhm\u0259dov bac\u0131s\u0131n\u0131 v\u0259 onun 5 ya\u015fl\u0131 q\u0131z\u0131n\u0131 da \u00f6ld\u00fcr\u00fcbm\u00fc\u015f &#8230; <\/p>\n<p class=\"read-more-container\"><a title=\"Bak\u0131da m\u0259kt\u0259b direktoru \u0259ri v\u0259 o\u011flu il\u0259 birlikd\u0259 q\u0259tl\u0259 yetirilib (yenil\u0259nib)\" class=\"read-more button\" href=\"https:\/\/www.meydan.tv\/az\/article\/bakida-mekteb-direktoru-eri-ve-oglu-ile-birlikde-qetle-yetirilib\/#more-297923\" aria-label=\"Read more about Bak\u0131da m\u0259kt\u0259b direktoru \u0259ri v\u0259 o\u011flu il\u0259 birlikd\u0259 q\u0259tl\u0259 yetirilib (yenil\u0259nib)\">Davam\u0131<\/a><\/p>\n","protected":false},"author":8,"featured_media":267375,"comment_status":"closed","ping_status":"closed","sticky":false,"template":"","format":"standard","meta":{"_acf_changed":false,"_sitemap_exclude":false,"_sitemap_priority":"","_sitemap_frequency":"","footnotes":""},"categories":[62,79,56],"tags":[],"class_list":["post-297923","post","type-post","status-publish","format-standard","has-post-thumbnail","hentry","category-sosial","category-featured","category-xeberler","infinite-scroll-item","generate-columns","tablet-grid-50","mobile-grid-100","grid-parent","grid-33","no-featured-image-padding"],"acf":[],"yoast_head":"<!-- This site is optimized with the Yoast SEO plugin v27.5 - https:\/\/yoast.com\/product\/yoast-seo-wordpress\/ -->\n<title>Bak\u0131da m\u0259kt\u0259b direktoru \u0259ri v\u0259 o\u011flu il\u0259 birlikd\u0259 q\u0259tl\u0259 yetirilib (yenil\u0259nib) - MEYDAN.TV<\/title>\n<meta name=\"robots\" content=\"index, follow, max-snippet:-1, max-image-preview:large, max-video-preview:-1\" \/>\n<link rel=\"canonical\" href=\"https:\/\/www.meydan.tv\/az\/article\/bakida-mekteb-direktoru-eri-ve-oglu-ile-birlikde-qetle-yetirilib\/\" \/>\n<meta property=\"og:locale\" content=\"az_AZ\" \/>\n<meta property=\"og:type\" content=\"article\" \/>\n<meta property=\"og:title\" content=\"Bak\u0131da m\u0259kt\u0259b direktoru \u0259ri v\u0259 o\u011flu il\u0259 birlikd\u0259 q\u0259tl\u0259 yetirilib (yenil\u0259nib) - MEYDAN.TV\" \/>\n<meta property=\"og:description\" content=\"\u018fhm\u0259d \u018fhm\u0259dov bac\u0131s\u0131n\u0131 v\u0259 onun 5 ya\u015fl\u0131 q\u0131z\u0131n\u0131 da \u00f6ld\u00fcr\u00fcbm\u00fc\u015f ... Davam\u0131\" \/>\n<meta property=\"og:url\" content=\"https:\/\/www.meydan.tv\/az\/article\/bakida-mekteb-direktoru-eri-ve-oglu-ile-birlikde-qetle-yetirilib\/\" \/>\n<meta property=\"og:site_name\" content=\"MEYDAN.TV\" \/>\n<meta property=\"article:published_time\" content=\"2024-02-13T14:38:19+00:00\" \/>\n<meta property=\"article:modified_time\" content=\"2024-02-13T16:37:30+00:00\" \/>\n<meta property=\"og:image\" content=\"https:\/\/www.meydan.tv\/wp-content\/uploads\/download-14.png\" \/>\n\t<meta property=\"og:image:width\" content=\"1200\" \/>\n\t<meta property=\"og:image:height\" content=\"801\" \/>\n\t<meta property=\"og:image:type\" content=\"image\/png\" \/>\n<meta name=\"author\" content=\"elli\" \/>\n<meta name=\"twitter:card\" content=\"summary_large_image\" \/>\n<meta name=\"twitter:creator\" content=\"@elli\" \/>\n<script type=\"application\/ld+json\" class=\"yoast-schema-graph\">{\"@context\":\"https:\\\/\\\/schema.org\",\"@graph\":[{\"@type\":\"Article\",\"@id\":\"https:\\\/\\\/www.meydan.tv\\\/az\\\/article\\\/bakida-mekteb-direktoru-eri-ve-oglu-ile-birlikde-qetle-yetirilib\\\/#article\",\"isPartOf\":{\"@id\":\"https:\\\/\\\/www.meydan.tv\\\/az\\\/article\\\/bakida-mekteb-direktoru-eri-ve-oglu-ile-birlikde-qetle-yetirilib\\\/\"},\"author\":{\"name\":\"elli\",\"@id\":\"https:\\\/\\\/www.meydan.tv\\\/az\\\/#\\\/schema\\\/person\\\/9cdbecf90d17180ce1dfbd95b08dcf47\"},\"headline\":\"Bak\u0131da m\u0259kt\u0259b direktoru \u0259ri v\u0259 o\u011flu il\u0259 birlikd\u0259 q\u0259tl\u0259 yetirilib (yenil\u0259nib)\",\"datePublished\":\"2024-02-13T14:38:19+00:00\",\"dateModified\":\"2024-02-13T16:37:30+00:00\",\"mainEntityOfPage\":{\"@id\":\"https:\\\/\\\/www.meydan.tv\\\/az\\\/article\\\/bakida-mekteb-direktoru-eri-ve-oglu-ile-birlikde-qetle-yetirilib\\\/\"},\"wordCount\":461,\"publisher\":{\"@id\":\"https:\\\/\\\/www.meydan.tv\\\/az\\\/#organization\"},\"image\":{\"@id\":\"https:\\\/\\\/www.meydan.tv\\\/az\\\/article\\\/bakida-mekteb-direktoru-eri-ve-oglu-ile-birlikde-qetle-yetirilib\\\/#primaryimage\"},\"thumbnailUrl\":\"https:\\\/\\\/www.meydan.tv\\\/wp-content\\\/uploads\\\/download-14.png\",\"articleSection\":[\"Sosial\",\"T\u00f6vsiy\u0259\",\"X\u0259b\u0259rl\u0259r\"],\"inLanguage\":\"az\"},{\"@type\":\"WebPage\",\"@id\":\"https:\\\/\\\/www.meydan.tv\\\/az\\\/article\\\/bakida-mekteb-direktoru-eri-ve-oglu-ile-birlikde-qetle-yetirilib\\\/\",\"url\":\"https:\\\/\\\/www.meydan.tv\\\/az\\\/article\\\/bakida-mekteb-direktoru-eri-ve-oglu-ile-birlikde-qetle-yetirilib\\\/\",\"name\":\"Bak\u0131da m\u0259kt\u0259b direktoru \u0259ri v\u0259 o\u011flu il\u0259 birlikd\u0259 q\u0259tl\u0259 yetirilib (yenil\u0259nib) - MEYDAN.TV\",\"isPartOf\":{\"@id\":\"https:\\\/\\\/www.meydan.tv\\\/az\\\/#website\"},\"primaryImageOfPage\":{\"@id\":\"https:\\\/\\\/www.meydan.tv\\\/az\\\/article\\\/bakida-mekteb-direktoru-eri-ve-oglu-ile-birlikde-qetle-yetirilib\\\/#primaryimage\"},\"image\":{\"@id\":\"https:\\\/\\\/www.meydan.tv\\\/az\\\/article\\\/bakida-mekteb-direktoru-eri-ve-oglu-ile-birlikde-qetle-yetirilib\\\/#primaryimage\"},\"thumbnailUrl\":\"https:\\\/\\\/www.meydan.tv\\\/wp-content\\\/uploads\\\/download-14.png\",\"datePublished\":\"2024-02-13T14:38:19+00:00\",\"dateModified\":\"2024-02-13T16:37:30+00:00\",\"breadcrumb\":{\"@id\":\"https:\\\/\\\/www.meydan.tv\\\/az\\\/article\\\/bakida-mekteb-direktoru-eri-ve-oglu-ile-birlikde-qetle-yetirilib\\\/#breadcrumb\"},\"inLanguage\":\"az\",\"potentialAction\":[{\"@type\":\"ReadAction\",\"target\":[\"https:\\\/\\\/www.meydan.tv\\\/az\\\/article\\\/bakida-mekteb-direktoru-eri-ve-oglu-ile-birlikde-qetle-yetirilib\\\/\"]}]},{\"@type\":\"ImageObject\",\"inLanguage\":\"az\",\"@id\":\"https:\\\/\\\/www.meydan.tv\\\/az\\\/article\\\/bakida-mekteb-direktoru-eri-ve-oglu-ile-birlikde-qetle-yetirilib\\\/#primaryimage\",\"url\":\"https:\\\/\\\/www.meydan.tv\\\/wp-content\\\/uploads\\\/download-14.png\",\"contentUrl\":\"https:\\\/\\\/www.meydan.tv\\\/wp-content\\\/uploads\\\/download-14.png\",\"width\":1200,\"height\":801,\"caption\":\"Q\u0259tl hadis\u0259si. Foto: MiniStocker\\\/shutterstock\"},{\"@type\":\"BreadcrumbList\",\"@id\":\"https:\\\/\\\/www.meydan.tv\\\/az\\\/article\\\/bakida-mekteb-direktoru-eri-ve-oglu-ile-birlikde-qetle-yetirilib\\\/#breadcrumb\",\"itemListElement\":[{\"@type\":\"ListItem\",\"position\":1,\"name\":\"Ana s\u0259hif\u0259\",\"item\":\"https:\\\/\\\/www.meydan.tv\\\/az\\\/\"},{\"@type\":\"ListItem\",\"position\":2,\"name\":\"Sosial\",\"item\":\"https:\\\/\\\/www.meydan.tv\\\/az\\\/section\\\/sosial\\\/\"},{\"@type\":\"ListItem\",\"position\":3,\"name\":\"Bak\u0131da m\u0259kt\u0259b direktoru \u0259ri v\u0259 o\u011flu il\u0259 birlikd\u0259 q\u0259tl\u0259 yetirilib (yenil\u0259nib)\"}]},{\"@type\":\"WebSite\",\"@id\":\"https:\\\/\\\/www.meydan.tv\\\/az\\\/#website\",\"url\":\"https:\\\/\\\/www.meydan.tv\\\/az\\\/\",\"name\":\"MEYDAN.TV\",\"description\":\"Meydan TV Az\u0259rbaycan\u0131n media m\u0259kan\u0131ndak\u0131 alternativ s\u0259sidir\",\"publisher\":{\"@id\":\"https:\\\/\\\/www.meydan.tv\\\/az\\\/#organization\"},\"potentialAction\":[{\"@type\":\"SearchAction\",\"target\":{\"@type\":\"EntryPoint\",\"urlTemplate\":\"https:\\\/\\\/www.meydan.tv\\\/az\\\/?s={search_term_string}\"},\"query-input\":{\"@type\":\"PropertyValueSpecification\",\"valueRequired\":true,\"valueName\":\"search_term_string\"}}],\"inLanguage\":\"az\"},{\"@type\":\"Organization\",\"@id\":\"https:\\\/\\\/www.meydan.tv\\\/az\\\/#organization\",\"name\":\"Meydan TV\",\"url\":\"https:\\\/\\\/www.meydan.tv\\\/az\\\/\",\"logo\":{\"@type\":\"ImageObject\",\"inLanguage\":\"az\",\"@id\":\"https:\\\/\\\/www.meydan.tv\\\/az\\\/#\\\/schema\\\/logo\\\/image\\\/\",\"url\":\"https:\\\/\\\/www.meydan.tv\\\/wp-content\\\/uploads\\\/2021\\\/07\\\/meydan-logo.svg\",\"contentUrl\":\"https:\\\/\\\/www.meydan.tv\\\/wp-content\\\/uploads\\\/2021\\\/07\\\/meydan-logo.svg\",\"width\":195,\"height\":46,\"caption\":\"Meydan TV\"},\"image\":{\"@id\":\"https:\\\/\\\/www.meydan.tv\\\/az\\\/#\\\/schema\\\/logo\\\/image\\\/\"}},{\"@type\":\"Person\",\"@id\":\"https:\\\/\\\/www.meydan.tv\\\/az\\\/#\\\/schema\\\/person\\\/9cdbecf90d17180ce1dfbd95b08dcf47\",\"name\":\"elli\",\"sameAs\":[\"https:\\\/\\\/x.com\\\/elli\"]}]}<\/script>\n<!-- \/ Yoast SEO plugin. -->","yoast_head_json":{"title":"Bak\u0131da m\u0259kt\u0259b direktoru \u0259ri v\u0259 o\u011flu il\u0259 birlikd\u0259 q\u0259tl\u0259 yetirilib (yenil\u0259nib) - MEYDAN.TV","robots":{"index":"index","follow":"follow","max-snippet":"max-snippet:-1","max-image-preview":"max-image-preview:large","max-video-preview":"max-video-preview:-1"},"canonical":"https:\/\/www.meydan.tv\/az\/article\/bakida-mekteb-direktoru-eri-ve-oglu-ile-birlikde-qetle-yetirilib\/","og_locale":"az_AZ","og_type":"article","og_title":"Bak\u0131da m\u0259kt\u0259b direktoru \u0259ri v\u0259 o\u011flu il\u0259 birlikd\u0259 q\u0259tl\u0259 yetirilib (yenil\u0259nib) - MEYDAN.TV","og_description":"\u018fhm\u0259d \u018fhm\u0259dov bac\u0131s\u0131n\u0131 v\u0259 onun 5 ya\u015fl\u0131 q\u0131z\u0131n\u0131 da \u00f6ld\u00fcr\u00fcbm\u00fc\u015f ... Davam\u0131","og_url":"https:\/\/www.meydan.tv\/az\/article\/bakida-mekteb-direktoru-eri-ve-oglu-ile-birlikde-qetle-yetirilib\/","og_site_name":"MEYDAN.TV","article_published_time":"2024-02-13T14:38:19+00:00","article_modified_time":"2024-02-13T16:37:30+00:00","og_image":[{"width":1200,"height":801,"url":"https:\/\/www.meydan.tv\/wp-content\/uploads\/download-14.png","type":"image\/png"}],"author":"elli","twitter_card":"summary_large_image","twitter_creator":"@elli","schema":{"@context":"https:\/\/schema.org","@graph":[{"@type":"Article","@id":"https:\/\/www.meydan.tv\/az\/article\/bakida-mekteb-direktoru-eri-ve-oglu-ile-birlikde-qetle-yetirilib\/#article","isPartOf":{"@id":"https:\/\/www.meydan.tv\/az\/article\/bakida-mekteb-direktoru-eri-ve-oglu-ile-birlikde-qetle-yetirilib\/"},"author":{"name":"elli","@id":"https:\/\/www.meydan.tv\/az\/#\/schema\/person\/9cdbecf90d17180ce1dfbd95b08dcf47"},"headline":"Bak\u0131da m\u0259kt\u0259b direktoru \u0259ri v\u0259 o\u011flu il\u0259 birlikd\u0259 q\u0259tl\u0259 yetirilib (yenil\u0259nib)","datePublished":"2024-02-13T14:38:19+00:00","dateModified":"2024-02-13T16:37:30+00:00","mainEntityOfPage":{"@id":"https:\/\/www.meydan.tv\/az\/article\/bakida-mekteb-direktoru-eri-ve-oglu-ile-birlikde-qetle-yetirilib\/"},"wordCount":461,"publisher":{"@id":"https:\/\/www.meydan.tv\/az\/#organization"},"image":{"@id":"https:\/\/www.meydan.tv\/az\/article\/bakida-mekteb-direktoru-eri-ve-oglu-ile-birlikde-qetle-yetirilib\/#primaryimage"},"thumbnailUrl":"https:\/\/www.meydan.tv\/wp-content\/uploads\/download-14.png","articleSection":["Sosial","T\u00f6vsiy\u0259","X\u0259b\u0259rl\u0259r"],"inLanguage":"az"},{"@type":"WebPage","@id":"https:\/\/www.meydan.tv\/az\/article\/bakida-mekteb-direktoru-eri-ve-oglu-ile-birlikde-qetle-yetirilib\/","url":"https:\/\/www.meydan.tv\/az\/article\/bakida-mekteb-direktoru-eri-ve-oglu-ile-birlikde-qetle-yetirilib\/","name":"Bak\u0131da m\u0259kt\u0259b direktoru \u0259ri v\u0259 o\u011flu il\u0259 birlikd\u0259 q\u0259tl\u0259 yetirilib (yenil\u0259nib) - MEYDAN.TV","isPartOf":{"@id":"https:\/\/www.meydan.tv\/az\/#website"},"primaryImageOfPage":{"@id":"https:\/\/www.meydan.tv\/az\/article\/bakida-mekteb-direktoru-eri-ve-oglu-ile-birlikde-qetle-yetirilib\/#primaryimage"},"image":{"@id":"https:\/\/www.meydan.tv\/az\/article\/bakida-mekteb-direktoru-eri-ve-oglu-ile-birlikde-qetle-yetirilib\/#primaryimage"},"thumbnailUrl":"https:\/\/www.meydan.tv\/wp-content\/uploads\/download-14.png","datePublished":"2024-02-13T14:38:19+00:00","dateModified":"2024-02-13T16:37:30+00:00","breadcrumb":{"@id":"https:\/\/www.meydan.tv\/az\/article\/bakida-mekteb-direktoru-eri-ve-oglu-ile-birlikde-qetle-yetirilib\/#breadcrumb"},"inLanguage":"az","potentialAction":[{"@type":"ReadAction","target":["https:\/\/www.meydan.tv\/az\/article\/bakida-mekteb-direktoru-eri-ve-oglu-ile-birlikde-qetle-yetirilib\/"]}]},{"@type":"ImageObject","inLanguage":"az","@id":"https:\/\/www.meydan.tv\/az\/article\/bakida-mekteb-direktoru-eri-ve-oglu-ile-birlikde-qetle-yetirilib\/#primaryimage","url":"https:\/\/www.meydan.tv\/wp-content\/uploads\/download-14.png","contentUrl":"https:\/\/www.meydan.tv\/wp-content\/uploads\/download-14.png","width":1200,"height":801,"caption":"Q\u0259tl hadis\u0259si. Foto: MiniStocker\/shutterstock"},{"@type":"BreadcrumbList","@id":"https:\/\/www.meydan.tv\/az\/article\/bakida-mekteb-direktoru-eri-ve-oglu-ile-birlikde-qetle-yetirilib\/#breadcrumb","itemListElement":[{"@type":"ListItem","position":1,"name":"Ana s\u0259hif\u0259","item":"https:\/\/www.meydan.tv\/az\/"},{"@type":"ListItem","position":2,"name":"Sosial","item":"https:\/\/www.meydan.tv\/az\/section\/sosial\/"},{"@type":"ListItem","position":3,"name":"Bak\u0131da m\u0259kt\u0259b direktoru \u0259ri v\u0259 o\u011flu il\u0259 birlikd\u0259 q\u0259tl\u0259 yetirilib (yenil\u0259nib)"}]},{"@type":"WebSite","@id":"https:\/\/www.meydan.tv\/az\/#website","url":"https:\/\/www.meydan.tv\/az\/","name":"MEYDAN.TV","description":"Meydan TV Az\u0259rbaycan\u0131n media m\u0259kan\u0131ndak\u0131 alternativ s\u0259sidir","publisher":{"@id":"https:\/\/www.meydan.tv\/az\/#organization"},"potentialAction":[{"@type":"SearchAction","target":{"@type":"EntryPoint","urlTemplate":"https:\/\/www.meydan.tv\/az\/?s={search_term_string}"},"query-input":{"@type":"PropertyValueSpecification","valueRequired":true,"valueName":"search_term_string"}}],"inLanguage":"az"},{"@type":"Organization","@id":"https:\/\/www.meydan.tv\/az\/#organization","name":"Meydan TV","url":"https:\/\/www.meydan.tv\/az\/","logo":{"@type":"ImageObject","inLanguage":"az","@id":"https:\/\/www.meydan.tv\/az\/#\/schema\/logo\/image\/","url":"https:\/\/www.meydan.tv\/wp-content\/uploads\/2021\/07\/meydan-logo.svg","contentUrl":"https:\/\/www.meydan.tv\/wp-content\/uploads\/2021\/07\/meydan-logo.svg","width":195,"height":46,"caption":"Meydan TV"},"image":{"@id":"https:\/\/www.meydan.tv\/az\/#\/schema\/logo\/image\/"}},{"@type":"Person","@id":"https:\/\/www.meydan.tv\/az\/#\/schema\/person\/9cdbecf90d17180ce1dfbd95b08dcf47","name":"elli","sameAs":["https:\/\/x.com\/elli"]}]}},"_links":{"self":[{"href":"https:\/\/www.meydan.tv\/az\/wp-json\/wp\/v2\/posts\/297923","targetHints":{"allow":["GET"]}}],"collection":[{"href":"https:\/\/www.meydan.tv\/az\/wp-json\/wp\/v2\/posts"}],"about":[{"href":"https:\/\/www.meydan.tv\/az\/wp-json\/wp\/v2\/types\/post"}],"author":[{"embeddable":true,"href":"https:\/\/www.meydan.tv\/az\/wp-json\/wp\/v2\/users\/8"}],"replies":[{"embeddable":true,"href":"https:\/\/www.meydan.tv\/az\/wp-json\/wp\/v2\/comments?post=297923"}],"version-history":[{"count":5,"href":"https:\/\/www.meydan.tv\/az\/wp-json\/wp\/v2\/posts\/297923\/revisions"}],"predecessor-version":[{"id":297929,"href":"https:\/\/www.meydan.tv\/az\/wp-json\/wp\/v2\/posts\/297923\/revisions\/297929"}],"wp:featuredmedia":[{"embeddable":true,"href":"https:\/\/www.meydan.tv\/az\/wp-json\/wp\/v2\/media\/267375"}],"wp:attachment":[{"href":"https:\/\/www.meydan.tv\/az\/wp-json\/wp\/v2\/media?parent=297923"}],"wp:term":[{"taxonomy":"category","embeddable":true,"href":"https:\/\/www.meydan.tv\/az\/wp-json\/wp\/v2\/categories?post=297923"},{"taxonomy":"post_tag","embeddable":true,"href":"https:\/\/www.meydan.tv\/az\/wp-json\/wp\/v2\/tags?post=297923"}],"curies":[{"name":"wp","href":"https:\/\/api.w.org\/{rel}","templated":true}]}}