{"id":297906,"date":"2024-02-13T16:56:24","date_gmt":"2024-02-13T12:56:24","guid":{"rendered":"https:\/\/www.meydan.tv\/?p=297906"},"modified":"2024-02-13T17:07:04","modified_gmt":"2024-02-13T13:07:04","slug":"heyat-yoldasim-internetde-basqasi-ile-tanis-olub-usaqlarimi-irana-qacirib","status":"publish","type":"post","link":"https:\/\/www.meydan.tv\/az\/article\/heyat-yoldasim-internetde-basqasi-ile-tanis-olub-usaqlarimi-irana-qacirib\/","title":{"rendered":"\u201cH\u0259yat yolda\u015f\u0131m internetd\u0259 ba\u015fqas\u0131 il\u0259 tan\u0131\u015f olub, u\u015faqlar\u0131m\u0131 \u0130rana qa\u00e7\u0131r\u0131b\u201d"},"content":{"rendered":"\n<p><\/p>\n\n\n\n<p><strong><em>\u0130randa \u00f6vladlar\u0131n\u0131 axtaran Az\u0259rbaycan v\u0259t\u0259nda\u015f\u0131 h\u0259yat\u0131n\u0131n t\u0259hl\u00fck\u0259d\u0259 oldu\u011funu deyir<\/em><\/strong><\/p>\n\n\n\n<p>Az\u0259rbaycan v\u0259t\u0259nda\u015f\u0131 Az\u0259r A\u011fayev bir m\u00fcdd\u0259tdir \u0130randa ya\u015fayan 4 \u00f6vlad\u0131n\u0131n geri qaytar\u0131lmas\u0131 \u00fc\u00e7\u00fcn Xarici \u0130\u015fl\u0259r Nazirliyind\u0259n k\u00f6m\u0259k ist\u0259yir. O iddia edir ki, h\u0259yat yolda\u015f\u0131 internetd\u0259 tan\u0131\u015f oldu\u011fu ki\u015fi il\u0259 plan qurub, \u00f6vladlar\u0131n\u0131 saxta s\u0259n\u0259dl\u0259rl\u0259 \u0130rana apar\u0131b.<\/p>\n\n\n\n<p>A\u011fayev Meydan TV-y\u0259 bildirib ki, \u00f6t\u0259n ilin noyabr\u0131ndan \u0130randad\u0131r, \u00f6vladlar\u0131n\u0131 geri qaytarma\u011fa \u00e7al\u0131\u015f\u0131r.<\/p>\n\n\n\n<p>\u201c<em>M\u0259n\u0259 veril\u0259n m\u0259lumata g\u00f6r\u0259, h\u0259yat yolda\u015f\u0131m Xalid\u0259 Mehbal\u0131yeva \u0130randa m\u00fc\u0259yy\u0259n q\u00fcvv\u0259l\u0259rl\u0259 \u0259m\u0259kda\u015fl\u0131\u011fa c\u0259lb edilib. Onun Qas\u0131m S\u00fcleymani il\u0259 birg\u0259 foto\u015f\u0259kli d\u0259 var. M\u0259hz el\u0259 bu kimi s\u0259b\u0259bl\u0259rd\u0259n d\u0259 \u0130ran polisi, m\u0259hk\u0259m\u0259 \u015fikay\u0259tim\u0259 baxm\u0131r, qald\u0131\u011f\u0131m otell\u0259rd\u0259n qovuluram. \u00d6vladlar\u0131m\u0131 m\u0259n\u0259 qar\u015f\u0131 \u00e7eviribl\u0259r\u201d<\/em>,- \u015fikay\u0259t\u00e7i bildirib.<\/p>\n\n\n<div class=\"wp-block-image\">\n<figure class=\"alignright size-full is-resized\"><img decoding=\"async\" width=\"640\" height=\"597\" data-src=\"https:\/\/www.meydan.tv\/wp-content\/uploads\/photo-2024-02-12-16-25-50.jpg\" alt=\"\" class=\"wp-image-297899 lazyload\" style=\"--smush-placeholder-width: 640px; --smush-placeholder-aspect-ratio: 640\/597;width:321px;height:auto\" src=\"data:image\/svg+xml;base64,PHN2ZyB3aWR0aD0iMSIgaGVpZ2h0PSIxIiB4bWxucz0iaHR0cDovL3d3dy53My5vcmcvMjAwMC9zdmciPjwvc3ZnPg==\" \/><figcaption class=\"wp-element-caption\">Xalid\u0259 Mehbal\u0131yeva Qas\u0131m S\u00fcleymani il\u0259. Fotolar: A\u011fayevl\u0259rin ail\u0259 arxivind\u0259n<\/figcaption><\/figure>\n<\/div>\n\n\n<p>Onun s\u00f6zl\u0259rin\u0259 g\u00f6r\u0259, Az\u0259rbaycan Xarici \u0130\u015fl\u0259r Nazirliyin\u0259, s\u0259firliy\u0259 m\u00fcraci\u0259t edib, lakin h\u0259l\u0259lik n\u0259tic\u0259si yoxdur. V\u0259kill\u0259 t\u0259min edilm\u0259yib, Az\u0259rbaycan konsullu\u011fu onunla maraqlanm\u0131r:<\/p>\n\n\n\n<p><em>\u201cAli t\u0259hsilim var, elml\u0259r namiz\u0259diy\u0259m. Ba\u015f ver\u0259nl\u0259rin f\u0259rqind\u0259y\u0259m, bilir\u0259m ki, h\u0259min q\u00fcvv\u0259l\u0259r \u00f6vladlar\u0131m\u0131n geri qaytar\u0131lmas\u0131na qar\u015f\u0131d\u0131r. \u018fks halda h\u0259yat yolda\u015f\u0131m\u0131n, \u00f6vladlar\u0131m\u0131n geri d\u00f6nm\u0259m\u0259sind\u0259 maraql\u0131 olmazd\u0131lar. Sad\u0259c\u0259 olaraq, ata kimi Az\u0259rbaycan d\u00f6vl\u0259tin\u0259 yalvararaq k\u00f6m\u0259k ist\u0259yir\u0259m\u201d.<\/em><\/p>\n\n\n\n<p>A\u011fayev onu da s\u00f6yl\u0259yib ki, \u0130rana g\u0259l\u0259rk\u0259n v\u0259siyy\u0259tini yazaraq anas\u0131na verib. \u00c7\u00fcnki onu h\u0259d\u0259l\u0259yibl\u0259r, bildiribl\u0259r ki, \u0130randan geri c\u0259s\u0259di qay\u0131dacaq.<\/p>\n\n\n\n<p><em>\u201c20 ild\u0259n art\u0131qd\u0131r ail\u0259liy\u0259m, \u0259vv\u0259ll\u0259r he\u00e7 bir problemimiz olmay\u0131b. 2021-ci ild\u0259 h\u0259yat yolda\u015f\u0131m sosial \u015f\u0259b\u0259k\u0259d\u0259 \u00f6z\u00fcnd\u0259n 15 ya\u015f ki\u00e7ik, 3 u\u015faq atas\u0131 olan C\u0259f\u0259r Babayevl\u0259 tan\u0131\u015f olub. Bundan sonra evd\u0259 he\u00e7 n\u0259d\u0259n m\u00fcbahis\u0259 yaran\u0131b v\u0259 yolda\u015f\u0131m u\u015faqlar\u0131 da g\u00f6t\u00fcr\u00fcb ata evin\u0259 qay\u0131d\u0131b. Sonradan bildim ki, m\u00fcbahis\u0259 planl\u0131 \u015f\u0259kild\u0259 yarad\u0131l\u0131b. D\u0259f\u0259l\u0259rl\u0259 c\u0259hd ets\u0259m d\u0259, geri d\u00f6nm\u0259di\u201d,-<\/em> A\u011fayev dan\u0131\u015f\u0131b.<\/p>\n\n\n\n<p>O s\u00f6yl\u0259yib ki, 2022-ci ilin sentyabr\u0131nda Mehbal\u0131yeva saxta s\u0259n\u0259dl\u0259rl\u0259 4 \u00f6vlad\u0131 il\u0259 birlikd\u0259 Bak\u0131 Hava Liman\u0131ndan Tehrana u\u00e7ub. \u00d6vladlar\u0131n ikisi q\u0131z, ikisi is\u0259 o\u011fland\u0131r. U\u015faqlardan b\u00f6y\u00fcy\u00fcn\u00fcn h\u0259min vaxt 15 ya\u015f\u0131 olub. Bir \u00f6vlad\u0131 is\u0259 atas\u0131 il\u0259 qal\u0131b. Onun icaz\u0259si olmadan \u00f6vladlar\u0131n\u0131n saxta s\u0259n\u0259dl\u0259rl\u0259 \u00f6lk\u0259d\u0259n \u00e7\u0131xar\u0131lmas\u0131 il\u0259 ba\u011fl\u0131 Ba\u015f Prokurorlu\u011fa m\u00fcraci\u0259t edib, m\u0259s\u0259l\u0259 ara\u015fd\u0131r\u0131l\u0131r:<\/p>\n\n\n<div class=\"wp-block-image\">\n<figure class=\"aligncenter size-large\"><img decoding=\"async\" width=\"1152\" height=\"821\" data-src=\"https:\/\/www.meydan.tv\/wp-content\/uploads\/photo-2024-02-13-16-25-03-1152x821.jpg\" alt=\"\" class=\"wp-image-297895 lazyload\" src=\"data:image\/svg+xml;base64,PHN2ZyB3aWR0aD0iMSIgaGVpZ2h0PSIxIiB4bWxucz0iaHR0cDovL3d3dy53My5vcmcvMjAwMC9zdmciPjwvc3ZnPg==\" style=\"--smush-placeholder-width: 1152px; --smush-placeholder-aspect-ratio: 1152\/821;\" \/><\/figure>\n<\/div>\n\n\n<p>Si\u011f\u0259 ka\u011f\u0131z\u0131<\/p>\n\n\n\n<p><em>\u201c\u0130slam qaydalar\u0131na g\u00f6r\u0259, h\u0259yat yolda\u015f\u0131 il\u0259 bo\u015fanmam\u0131\u015f qad\u0131n m\u00fcv\u0259qq\u0259ti si\u011f\u0259 il\u0259 ba\u015fqa birisi il\u0259 ya\u015faya bilm\u0259z. Bunu \u00f6zl\u0259ri d\u0259 t\u0259sdiql\u0259yirl\u0259r. \u0130ran d\u00f6vl\u0259t r\u0259smil\u0259rin\u0259 d\u0259 b\u0259yan etmi\u015f\u0259m ki, u\u015faqlar\u0131 m\u0259n\u0259 verm\u0259s\u0259l\u0259r d\u0259, Az\u0259rbaycan\u0131n r\u0259smi \u015f\u0259xsl\u0259rin\u0259 t\u0259qdim etsinl\u0259r. Az\u0259rbaycanda m\u0259hk\u0259m\u0259 olsun, r\u0259smi bo\u015fanaq, u\u015faqlar kim\u0259 ist\u0259s\u0259l\u0259r onunla da qals\u0131nlar. \u00d6vlad\u0131m\u0131 Quma g\u00f6nd\u0259ribl\u0259r, onlar\u0131 ataya, Az\u0259rbaycana qar\u015f\u0131 \u00e7eviribl\u0259r\u201d.<\/em><\/p>\n\n\n\n<p>\u015eikay\u0259t\u00e7inin s\u00f6zl\u0259rin\u0259 g\u00f6r\u0259, iki q\u0131z\u0131 T\u0259brizd\u0259dir, o\u011flanlar\u0131 is\u0259 yat\u0131l\u0131 m\u00fc\u0259ssis\u0259d\u0259 qal\u0131r:<\/p>\n\n\n\n<p><em>\u201cBuradak\u0131 b\u0259zi az\u0259rbaycanl\u0131lardan \u00f6yr\u0259nmi\u015f\u0259m ki, Xalid\u0259 il\u0259 C\u0259f\u0259r \u0130raqa, T\u00fcrkiy\u0259y\u0259, Livana, Suriyaya gedib-g\u0259lir. Qumda m\u00fc\u0259yy\u0259n t\u0259dbirl\u0259r\u0259 qat\u0131l\u0131rlar. Buna g\u00f6r\u0259 d\u0259 u\u015faqlar\u0131m\u0131n h\u0259yat\u0131ndan nigaranam. \u0130ddia olunur ki, Xalid\u0259 Mehbal\u0131yevan\u0131 yoldan \u00e7\u0131xaran C\u0259f\u0259r Babayev SEPAH-a tabe \u201cCamaatul Mustafa\u201d ideologiya m\u0259rk\u0259zin\u0259 ba\u011fl\u0131 adamd\u0131r, ona g\u00f6r\u0259 d\u0259 h\u0259min m\u0259rk\u0259z t\u0259r\u0259find\u0259n m\u00fcdafi\u0259 olunur\u201d.<\/em><\/p>\n\n\n<div class=\"wp-block-image\">\n<figure class=\"alignleft size-large is-resized\"><img decoding=\"async\" width=\"491\" height=\"821\" data-src=\"https:\/\/www.meydan.tv\/wp-content\/uploads\/usaqlar-491x821.png\" alt=\"\" class=\"wp-image-297902 lazyload\" style=\"--smush-placeholder-width: 491px; --smush-placeholder-aspect-ratio: 491\/821;width:290px;height:auto\" src=\"data:image\/svg+xml;base64,PHN2ZyB3aWR0aD0iMSIgaGVpZ2h0PSIxIiB4bWxucz0iaHR0cDovL3d3dy53My5vcmcvMjAwMC9zdmciPjwvc3ZnPg==\" \/><figcaption class=\"wp-element-caption\">A\u011fayevl\u0259rin \u00f6vladlar\u0131<\/figcaption><\/figure>\n<\/div>\n\n\n<p>\u015eikay\u0259t\u00e7inin t\u0259qdim etdiyi s\u0259s yaz\u0131lar\u0131nda Xalid\u0259 Mehbal\u0131yevan\u0131n anas\u0131 da q\u0131z\u0131n\u0131n h\u0259r\u0259k\u0259tl\u0259rini d\u0259st\u0259kl\u0259m\u0259diyini deyir.<\/p>\n\n\n\n<p>\u015eikay\u0259t\u00e7i Mehbal\u0131yevan\u0131n \u015f\u00fcbh\u0259li \u0259m\u0259kda\u015fl\u0131\u011f\u0131n\u0131n ara\u015fd\u0131r\u0131lmas\u0131n\u0131, \u00f6vladlar\u0131n\u0131n Az\u0259rbaycana geri qaytar\u0131lmas\u0131n\u0131 ist\u0259yir:<\/p>\n\n\n\n<p><em>\u201cM\u0259n\u0259 \u0130randa m\u00fcxt\u0259lif t\u0259zyiql\u0259r edilir, \u015f\u00fcbh\u0259li z\u0259ngl\u0259r g\u0259lir, t\u0259qib olunuram, t\u0259hl\u00fck\u0259d\u0259y\u0259m. H\u0259tta deyirl\u0259r ki, kiml\u0259rl\u0259 m\u00fcbariz\u0259 apard\u0131\u011f\u0131n\u0131 anlam\u0131rsan, buna g\u00f6r\u0259 d\u0259 d\u00f6vl\u0259timd\u0259n m\u0259ni t\u0259k qoymama\u011f\u0131, 4 u\u015fa\u011f\u0131n taleyin\u0259 bigan\u0259 qalmama\u011f\u0131 xahi\u015f edir\u0259m\u201d.<\/em><\/p>\n\n\n\n<p>Meydan TV \u0130ran\u0131n Az\u0259rbaycandak\u0131 s\u0259firliyind\u0259n problem\u0259 m\u00fcnasib\u0259t \u00f6yr\u0259n\u0259 bilm\u0259yib.<\/p>\n\n\n\n<p>Xarici \u0130\u015fl\u0259r Nazirliyinin m\u0259tbuat xidm\u0259tind\u0259n Meydan TV-y\u0259 m\u0259s\u0259l\u0259ni ara\u015fd\u0131racaqlar\u0131n\u0131 bildiribl\u0259r.<\/p>\n","protected":false},"excerpt":{"rendered":"<p>\u0130randa \u00f6vladlar\u0131n\u0131 axtaran Az\u0259rbaycan v\u0259t\u0259nda\u015f\u0131 h\u0259yat\u0131n\u0131n t\u0259hl\u00fck\u0259d\u0259 oldu\u011funu deyir Az\u0259rbaycan &#8230; <\/p>\n<p class=\"read-more-container\"><a title=\"\u201cH\u0259yat yolda\u015f\u0131m internetd\u0259 ba\u015fqas\u0131 il\u0259 tan\u0131\u015f olub, u\u015faqlar\u0131m\u0131 \u0130rana qa\u00e7\u0131r\u0131b\u201d\" class=\"read-more button\" href=\"https:\/\/www.meydan.tv\/az\/article\/heyat-yoldasim-internetde-basqasi-ile-tanis-olub-usaqlarimi-irana-qacirib\/#more-297906\" aria-label=\"Read more about \u201cH\u0259yat yolda\u015f\u0131m internetd\u0259 ba\u015fqas\u0131 il\u0259 tan\u0131\u015f olub, u\u015faqlar\u0131m\u0131 \u0130rana qa\u00e7\u0131r\u0131b\u201d\">Davam\u0131<\/a><\/p>\n","protected":false},"author":8,"featured_media":297907,"comment_status":"closed","ping_status":"closed","sticky":false,"template":"","format":"standard","meta":{"_acf_changed":false,"_sitemap_exclude":false,"_sitemap_priority":"","_sitemap_frequency":"","footnotes":""},"categories":[62,79,56],"tags":[],"class_list":["post-297906","post","type-post","status-publish","format-standard","has-post-thumbnail","hentry","category-sosial","category-featured","category-xeberler","infinite-scroll-item","generate-columns","tablet-grid-50","mobile-grid-100","grid-parent","grid-33","no-featured-image-padding"],"acf":[],"yoast_head":"<!-- This site is optimized with the Yoast SEO plugin v27.5 - https:\/\/yoast.com\/product\/yoast-seo-wordpress\/ -->\n<title>\u201cH\u0259yat yolda\u015f\u0131m internetd\u0259 ba\u015fqas\u0131 il\u0259 tan\u0131\u015f olub, u\u015faqlar\u0131m\u0131 \u0130rana qa\u00e7\u0131r\u0131b\u201d - MEYDAN.TV<\/title>\n<meta name=\"robots\" content=\"index, follow, max-snippet:-1, max-image-preview:large, max-video-preview:-1\" \/>\n<link rel=\"canonical\" href=\"https:\/\/www.meydan.tv\/az\/article\/heyat-yoldasim-internetde-basqasi-ile-tanis-olub-usaqlarimi-irana-qacirib\/\" \/>\n<meta property=\"og:locale\" content=\"az_AZ\" \/>\n<meta property=\"og:type\" content=\"article\" \/>\n<meta property=\"og:title\" content=\"\u201cH\u0259yat yolda\u015f\u0131m internetd\u0259 ba\u015fqas\u0131 il\u0259 tan\u0131\u015f olub, u\u015faqlar\u0131m\u0131 \u0130rana qa\u00e7\u0131r\u0131b\u201d - MEYDAN.TV\" \/>\n<meta property=\"og:description\" content=\"\u0130randa \u00f6vladlar\u0131n\u0131 axtaran Az\u0259rbaycan v\u0259t\u0259nda\u015f\u0131 h\u0259yat\u0131n\u0131n t\u0259hl\u00fck\u0259d\u0259 oldu\u011funu deyir Az\u0259rbaycan ... Davam\u0131\" \/>\n<meta property=\"og:url\" content=\"https:\/\/www.meydan.tv\/az\/article\/heyat-yoldasim-internetde-basqasi-ile-tanis-olub-usaqlarimi-irana-qacirib\/\" \/>\n<meta property=\"og:site_name\" content=\"MEYDAN.TV\" \/>\n<meta property=\"article:published_time\" content=\"2024-02-13T12:56:24+00:00\" \/>\n<meta property=\"article:modified_time\" content=\"2024-02-13T13:07:04+00:00\" \/>\n<meta property=\"og:image\" content=\"https:\/\/www.meydan.tv\/wp-content\/uploads\/iran-12.jpg\" \/>\n\t<meta property=\"og:image:width\" content=\"1200\" \/>\n\t<meta property=\"og:image:height\" content=\"798\" \/>\n\t<meta property=\"og:image:type\" content=\"image\/jpeg\" \/>\n<meta name=\"author\" content=\"elli\" \/>\n<meta name=\"twitter:card\" content=\"summary_large_image\" \/>\n<meta name=\"twitter:creator\" content=\"@elli\" \/>\n<script type=\"application\/ld+json\" class=\"yoast-schema-graph\">{\"@context\":\"https:\\\/\\\/schema.org\",\"@graph\":[{\"@type\":\"Article\",\"@id\":\"https:\\\/\\\/www.meydan.tv\\\/az\\\/article\\\/heyat-yoldasim-internetde-basqasi-ile-tanis-olub-usaqlarimi-irana-qacirib\\\/#article\",\"isPartOf\":{\"@id\":\"https:\\\/\\\/www.meydan.tv\\\/az\\\/article\\\/heyat-yoldasim-internetde-basqasi-ile-tanis-olub-usaqlarimi-irana-qacirib\\\/\"},\"author\":{\"name\":\"elli\",\"@id\":\"https:\\\/\\\/www.meydan.tv\\\/az\\\/#\\\/schema\\\/person\\\/9cdbecf90d17180ce1dfbd95b08dcf47\"},\"headline\":\"\u201cH\u0259yat yolda\u015f\u0131m internetd\u0259 ba\u015fqas\u0131 il\u0259 tan\u0131\u015f olub, u\u015faqlar\u0131m\u0131 \u0130rana qa\u00e7\u0131r\u0131b\u201d\",\"datePublished\":\"2024-02-13T12:56:24+00:00\",\"dateModified\":\"2024-02-13T13:07:04+00:00\",\"mainEntityOfPage\":{\"@id\":\"https:\\\/\\\/www.meydan.tv\\\/az\\\/article\\\/heyat-yoldasim-internetde-basqasi-ile-tanis-olub-usaqlarimi-irana-qacirib\\\/\"},\"wordCount\":922,\"publisher\":{\"@id\":\"https:\\\/\\\/www.meydan.tv\\\/az\\\/#organization\"},\"image\":{\"@id\":\"https:\\\/\\\/www.meydan.tv\\\/az\\\/article\\\/heyat-yoldasim-internetde-basqasi-ile-tanis-olub-usaqlarimi-irana-qacirib\\\/#primaryimage\"},\"thumbnailUrl\":\"https:\\\/\\\/www.meydan.tv\\\/wp-content\\\/uploads\\\/iran-12.jpg\",\"articleSection\":[\"Sosial\",\"T\u00f6vsiy\u0259\",\"X\u0259b\u0259rl\u0259r\"],\"inLanguage\":\"az\"},{\"@type\":\"WebPage\",\"@id\":\"https:\\\/\\\/www.meydan.tv\\\/az\\\/article\\\/heyat-yoldasim-internetde-basqasi-ile-tanis-olub-usaqlarimi-irana-qacirib\\\/\",\"url\":\"https:\\\/\\\/www.meydan.tv\\\/az\\\/article\\\/heyat-yoldasim-internetde-basqasi-ile-tanis-olub-usaqlarimi-irana-qacirib\\\/\",\"name\":\"\u201cH\u0259yat yolda\u015f\u0131m internetd\u0259 ba\u015fqas\u0131 il\u0259 tan\u0131\u015f olub, u\u015faqlar\u0131m\u0131 \u0130rana qa\u00e7\u0131r\u0131b\u201d - MEYDAN.TV\",\"isPartOf\":{\"@id\":\"https:\\\/\\\/www.meydan.tv\\\/az\\\/#website\"},\"primaryImageOfPage\":{\"@id\":\"https:\\\/\\\/www.meydan.tv\\\/az\\\/article\\\/heyat-yoldasim-internetde-basqasi-ile-tanis-olub-usaqlarimi-irana-qacirib\\\/#primaryimage\"},\"image\":{\"@id\":\"https:\\\/\\\/www.meydan.tv\\\/az\\\/article\\\/heyat-yoldasim-internetde-basqasi-ile-tanis-olub-usaqlarimi-irana-qacirib\\\/#primaryimage\"},\"thumbnailUrl\":\"https:\\\/\\\/www.meydan.tv\\\/wp-content\\\/uploads\\\/iran-12.jpg\",\"datePublished\":\"2024-02-13T12:56:24+00:00\",\"dateModified\":\"2024-02-13T13:07:04+00:00\",\"breadcrumb\":{\"@id\":\"https:\\\/\\\/www.meydan.tv\\\/az\\\/article\\\/heyat-yoldasim-internetde-basqasi-ile-tanis-olub-usaqlarimi-irana-qacirib\\\/#breadcrumb\"},\"inLanguage\":\"az\",\"potentialAction\":[{\"@type\":\"ReadAction\",\"target\":[\"https:\\\/\\\/www.meydan.tv\\\/az\\\/article\\\/heyat-yoldasim-internetde-basqasi-ile-tanis-olub-usaqlarimi-irana-qacirib\\\/\"]}]},{\"@type\":\"ImageObject\",\"inLanguage\":\"az\",\"@id\":\"https:\\\/\\\/www.meydan.tv\\\/az\\\/article\\\/heyat-yoldasim-internetde-basqasi-ile-tanis-olub-usaqlarimi-irana-qacirib\\\/#primaryimage\",\"url\":\"https:\\\/\\\/www.meydan.tv\\\/wp-content\\\/uploads\\\/iran-12.jpg\",\"contentUrl\":\"https:\\\/\\\/www.meydan.tv\\\/wp-content\\\/uploads\\\/iran-12.jpg\",\"width\":1200,\"height\":798,\"caption\":\"\u0130ran. Foto: Emanuele Mazzoni Photo\\\/shutterstock\"},{\"@type\":\"BreadcrumbList\",\"@id\":\"https:\\\/\\\/www.meydan.tv\\\/az\\\/article\\\/heyat-yoldasim-internetde-basqasi-ile-tanis-olub-usaqlarimi-irana-qacirib\\\/#breadcrumb\",\"itemListElement\":[{\"@type\":\"ListItem\",\"position\":1,\"name\":\"Ana s\u0259hif\u0259\",\"item\":\"https:\\\/\\\/www.meydan.tv\\\/az\\\/\"},{\"@type\":\"ListItem\",\"position\":2,\"name\":\"Sosial\",\"item\":\"https:\\\/\\\/www.meydan.tv\\\/az\\\/section\\\/sosial\\\/\"},{\"@type\":\"ListItem\",\"position\":3,\"name\":\"\u201cH\u0259yat yolda\u015f\u0131m internetd\u0259 ba\u015fqas\u0131 il\u0259 tan\u0131\u015f olub, u\u015faqlar\u0131m\u0131 \u0130rana qa\u00e7\u0131r\u0131b\u201d\"}]},{\"@type\":\"WebSite\",\"@id\":\"https:\\\/\\\/www.meydan.tv\\\/az\\\/#website\",\"url\":\"https:\\\/\\\/www.meydan.tv\\\/az\\\/\",\"name\":\"MEYDAN.TV\",\"description\":\"Meydan TV Az\u0259rbaycan\u0131n media m\u0259kan\u0131ndak\u0131 alternativ s\u0259sidir\",\"publisher\":{\"@id\":\"https:\\\/\\\/www.meydan.tv\\\/az\\\/#organization\"},\"potentialAction\":[{\"@type\":\"SearchAction\",\"target\":{\"@type\":\"EntryPoint\",\"urlTemplate\":\"https:\\\/\\\/www.meydan.tv\\\/az\\\/?s={search_term_string}\"},\"query-input\":{\"@type\":\"PropertyValueSpecification\",\"valueRequired\":true,\"valueName\":\"search_term_string\"}}],\"inLanguage\":\"az\"},{\"@type\":\"Organization\",\"@id\":\"https:\\\/\\\/www.meydan.tv\\\/az\\\/#organization\",\"name\":\"Meydan TV\",\"url\":\"https:\\\/\\\/www.meydan.tv\\\/az\\\/\",\"logo\":{\"@type\":\"ImageObject\",\"inLanguage\":\"az\",\"@id\":\"https:\\\/\\\/www.meydan.tv\\\/az\\\/#\\\/schema\\\/logo\\\/image\\\/\",\"url\":\"https:\\\/\\\/www.meydan.tv\\\/wp-content\\\/uploads\\\/2021\\\/07\\\/meydan-logo.svg\",\"contentUrl\":\"https:\\\/\\\/www.meydan.tv\\\/wp-content\\\/uploads\\\/2021\\\/07\\\/meydan-logo.svg\",\"width\":195,\"height\":46,\"caption\":\"Meydan TV\"},\"image\":{\"@id\":\"https:\\\/\\\/www.meydan.tv\\\/az\\\/#\\\/schema\\\/logo\\\/image\\\/\"}},{\"@type\":\"Person\",\"@id\":\"https:\\\/\\\/www.meydan.tv\\\/az\\\/#\\\/schema\\\/person\\\/9cdbecf90d17180ce1dfbd95b08dcf47\",\"name\":\"elli\",\"sameAs\":[\"https:\\\/\\\/x.com\\\/elli\"]}]}<\/script>\n<!-- \/ Yoast SEO plugin. -->","yoast_head_json":{"title":"\u201cH\u0259yat yolda\u015f\u0131m internetd\u0259 ba\u015fqas\u0131 il\u0259 tan\u0131\u015f olub, u\u015faqlar\u0131m\u0131 \u0130rana qa\u00e7\u0131r\u0131b\u201d - MEYDAN.TV","robots":{"index":"index","follow":"follow","max-snippet":"max-snippet:-1","max-image-preview":"max-image-preview:large","max-video-preview":"max-video-preview:-1"},"canonical":"https:\/\/www.meydan.tv\/az\/article\/heyat-yoldasim-internetde-basqasi-ile-tanis-olub-usaqlarimi-irana-qacirib\/","og_locale":"az_AZ","og_type":"article","og_title":"\u201cH\u0259yat yolda\u015f\u0131m internetd\u0259 ba\u015fqas\u0131 il\u0259 tan\u0131\u015f olub, u\u015faqlar\u0131m\u0131 \u0130rana qa\u00e7\u0131r\u0131b\u201d - MEYDAN.TV","og_description":"\u0130randa \u00f6vladlar\u0131n\u0131 axtaran Az\u0259rbaycan v\u0259t\u0259nda\u015f\u0131 h\u0259yat\u0131n\u0131n t\u0259hl\u00fck\u0259d\u0259 oldu\u011funu deyir Az\u0259rbaycan ... Davam\u0131","og_url":"https:\/\/www.meydan.tv\/az\/article\/heyat-yoldasim-internetde-basqasi-ile-tanis-olub-usaqlarimi-irana-qacirib\/","og_site_name":"MEYDAN.TV","article_published_time":"2024-02-13T12:56:24+00:00","article_modified_time":"2024-02-13T13:07:04+00:00","og_image":[{"width":1200,"height":798,"url":"https:\/\/www.meydan.tv\/wp-content\/uploads\/iran-12.jpg","type":"image\/jpeg"}],"author":"elli","twitter_card":"summary_large_image","twitter_creator":"@elli","schema":{"@context":"https:\/\/schema.org","@graph":[{"@type":"Article","@id":"https:\/\/www.meydan.tv\/az\/article\/heyat-yoldasim-internetde-basqasi-ile-tanis-olub-usaqlarimi-irana-qacirib\/#article","isPartOf":{"@id":"https:\/\/www.meydan.tv\/az\/article\/heyat-yoldasim-internetde-basqasi-ile-tanis-olub-usaqlarimi-irana-qacirib\/"},"author":{"name":"elli","@id":"https:\/\/www.meydan.tv\/az\/#\/schema\/person\/9cdbecf90d17180ce1dfbd95b08dcf47"},"headline":"\u201cH\u0259yat yolda\u015f\u0131m internetd\u0259 ba\u015fqas\u0131 il\u0259 tan\u0131\u015f olub, u\u015faqlar\u0131m\u0131 \u0130rana qa\u00e7\u0131r\u0131b\u201d","datePublished":"2024-02-13T12:56:24+00:00","dateModified":"2024-02-13T13:07:04+00:00","mainEntityOfPage":{"@id":"https:\/\/www.meydan.tv\/az\/article\/heyat-yoldasim-internetde-basqasi-ile-tanis-olub-usaqlarimi-irana-qacirib\/"},"wordCount":922,"publisher":{"@id":"https:\/\/www.meydan.tv\/az\/#organization"},"image":{"@id":"https:\/\/www.meydan.tv\/az\/article\/heyat-yoldasim-internetde-basqasi-ile-tanis-olub-usaqlarimi-irana-qacirib\/#primaryimage"},"thumbnailUrl":"https:\/\/www.meydan.tv\/wp-content\/uploads\/iran-12.jpg","articleSection":["Sosial","T\u00f6vsiy\u0259","X\u0259b\u0259rl\u0259r"],"inLanguage":"az"},{"@type":"WebPage","@id":"https:\/\/www.meydan.tv\/az\/article\/heyat-yoldasim-internetde-basqasi-ile-tanis-olub-usaqlarimi-irana-qacirib\/","url":"https:\/\/www.meydan.tv\/az\/article\/heyat-yoldasim-internetde-basqasi-ile-tanis-olub-usaqlarimi-irana-qacirib\/","name":"\u201cH\u0259yat yolda\u015f\u0131m internetd\u0259 ba\u015fqas\u0131 il\u0259 tan\u0131\u015f olub, u\u015faqlar\u0131m\u0131 \u0130rana qa\u00e7\u0131r\u0131b\u201d - MEYDAN.TV","isPartOf":{"@id":"https:\/\/www.meydan.tv\/az\/#website"},"primaryImageOfPage":{"@id":"https:\/\/www.meydan.tv\/az\/article\/heyat-yoldasim-internetde-basqasi-ile-tanis-olub-usaqlarimi-irana-qacirib\/#primaryimage"},"image":{"@id":"https:\/\/www.meydan.tv\/az\/article\/heyat-yoldasim-internetde-basqasi-ile-tanis-olub-usaqlarimi-irana-qacirib\/#primaryimage"},"thumbnailUrl":"https:\/\/www.meydan.tv\/wp-content\/uploads\/iran-12.jpg","datePublished":"2024-02-13T12:56:24+00:00","dateModified":"2024-02-13T13:07:04+00:00","breadcrumb":{"@id":"https:\/\/www.meydan.tv\/az\/article\/heyat-yoldasim-internetde-basqasi-ile-tanis-olub-usaqlarimi-irana-qacirib\/#breadcrumb"},"inLanguage":"az","potentialAction":[{"@type":"ReadAction","target":["https:\/\/www.meydan.tv\/az\/article\/heyat-yoldasim-internetde-basqasi-ile-tanis-olub-usaqlarimi-irana-qacirib\/"]}]},{"@type":"ImageObject","inLanguage":"az","@id":"https:\/\/www.meydan.tv\/az\/article\/heyat-yoldasim-internetde-basqasi-ile-tanis-olub-usaqlarimi-irana-qacirib\/#primaryimage","url":"https:\/\/www.meydan.tv\/wp-content\/uploads\/iran-12.jpg","contentUrl":"https:\/\/www.meydan.tv\/wp-content\/uploads\/iran-12.jpg","width":1200,"height":798,"caption":"\u0130ran. Foto: Emanuele Mazzoni Photo\/shutterstock"},{"@type":"BreadcrumbList","@id":"https:\/\/www.meydan.tv\/az\/article\/heyat-yoldasim-internetde-basqasi-ile-tanis-olub-usaqlarimi-irana-qacirib\/#breadcrumb","itemListElement":[{"@type":"ListItem","position":1,"name":"Ana s\u0259hif\u0259","item":"https:\/\/www.meydan.tv\/az\/"},{"@type":"ListItem","position":2,"name":"Sosial","item":"https:\/\/www.meydan.tv\/az\/section\/sosial\/"},{"@type":"ListItem","position":3,"name":"\u201cH\u0259yat yolda\u015f\u0131m internetd\u0259 ba\u015fqas\u0131 il\u0259 tan\u0131\u015f olub, u\u015faqlar\u0131m\u0131 \u0130rana qa\u00e7\u0131r\u0131b\u201d"}]},{"@type":"WebSite","@id":"https:\/\/www.meydan.tv\/az\/#website","url":"https:\/\/www.meydan.tv\/az\/","name":"MEYDAN.TV","description":"Meydan TV Az\u0259rbaycan\u0131n media m\u0259kan\u0131ndak\u0131 alternativ s\u0259sidir","publisher":{"@id":"https:\/\/www.meydan.tv\/az\/#organization"},"potentialAction":[{"@type":"SearchAction","target":{"@type":"EntryPoint","urlTemplate":"https:\/\/www.meydan.tv\/az\/?s={search_term_string}"},"query-input":{"@type":"PropertyValueSpecification","valueRequired":true,"valueName":"search_term_string"}}],"inLanguage":"az"},{"@type":"Organization","@id":"https:\/\/www.meydan.tv\/az\/#organization","name":"Meydan TV","url":"https:\/\/www.meydan.tv\/az\/","logo":{"@type":"ImageObject","inLanguage":"az","@id":"https:\/\/www.meydan.tv\/az\/#\/schema\/logo\/image\/","url":"https:\/\/www.meydan.tv\/wp-content\/uploads\/2021\/07\/meydan-logo.svg","contentUrl":"https:\/\/www.meydan.tv\/wp-content\/uploads\/2021\/07\/meydan-logo.svg","width":195,"height":46,"caption":"Meydan TV"},"image":{"@id":"https:\/\/www.meydan.tv\/az\/#\/schema\/logo\/image\/"}},{"@type":"Person","@id":"https:\/\/www.meydan.tv\/az\/#\/schema\/person\/9cdbecf90d17180ce1dfbd95b08dcf47","name":"elli","sameAs":["https:\/\/x.com\/elli"]}]}},"_links":{"self":[{"href":"https:\/\/www.meydan.tv\/az\/wp-json\/wp\/v2\/posts\/297906","targetHints":{"allow":["GET"]}}],"collection":[{"href":"https:\/\/www.meydan.tv\/az\/wp-json\/wp\/v2\/posts"}],"about":[{"href":"https:\/\/www.meydan.tv\/az\/wp-json\/wp\/v2\/types\/post"}],"author":[{"embeddable":true,"href":"https:\/\/www.meydan.tv\/az\/wp-json\/wp\/v2\/users\/8"}],"replies":[{"embeddable":true,"href":"https:\/\/www.meydan.tv\/az\/wp-json\/wp\/v2\/comments?post=297906"}],"version-history":[{"count":4,"href":"https:\/\/www.meydan.tv\/az\/wp-json\/wp\/v2\/posts\/297906\/revisions"}],"predecessor-version":[{"id":297918,"href":"https:\/\/www.meydan.tv\/az\/wp-json\/wp\/v2\/posts\/297906\/revisions\/297918"}],"wp:featuredmedia":[{"embeddable":true,"href":"https:\/\/www.meydan.tv\/az\/wp-json\/wp\/v2\/media\/297907"}],"wp:attachment":[{"href":"https:\/\/www.meydan.tv\/az\/wp-json\/wp\/v2\/media?parent=297906"}],"wp:term":[{"taxonomy":"category","embeddable":true,"href":"https:\/\/www.meydan.tv\/az\/wp-json\/wp\/v2\/categories?post=297906"},{"taxonomy":"post_tag","embeddable":true,"href":"https:\/\/www.meydan.tv\/az\/wp-json\/wp\/v2\/tags?post=297906"}],"curies":[{"name":"wp","href":"https:\/\/api.w.org\/{rel}","templated":true}]}}