{"id":297814,"date":"2024-02-13T11:45:46","date_gmt":"2024-02-13T07:45:46","guid":{"rendered":"https:\/\/www.meydan.tv\/?p=297814"},"modified":"2024-02-13T11:45:59","modified_gmt":"2024-02-13T07:45:59","slug":"sekide-issiz-ve-komeksiz-aile-4-azyasli-rutubetli-palciq-evde-yasayir","status":"publish","type":"post","link":"https:\/\/www.meydan.tv\/az\/article\/sekide-issiz-ve-komeksiz-aile-4-azyasli-rutubetli-palciq-evde-yasayir\/","title":{"rendered":"\u015e\u0259kid\u0259 i\u015fsiz v\u0259 k\u00f6m\u0259ksiz ail\u0259: &#8220;4 azya\u015fl\u0131 r\u00fctub\u0259tli pal\u00e7\u0131q evd\u0259 ya\u015fay\u0131r&#8221;"},"content":{"rendered":"\n<p><\/p>\n\n\n\n<p><strong><em>Ekspert: &#8220;Ehtiyac meyar\u0131 anlay\u0131\u015f\u0131 l\u0259\u011fv edilm\u0259lidir&#8221;<\/em><\/strong><\/p>\n\n\n\n<p><em>&#8220;M\u0259n \u00f6z\u00fcm La\u00e7\u0131ndan olan m\u0259cburi k\u00f6\u00e7k\u00fcn\u0259m. 2012-ci ild\u0259 ail\u0259 qurdum, 4 \u00f6vlad\u0131m var. \u00c7oxu\u015faql\u0131 ail\u0259 kimi ya\u015fam\u0131m\u0131z \u00e7\u0259tindir. U\u015faqlar x\u0259st\u0259dir, m\u00fcalic\u0259 ed\u0259 bilmirik. N\u0259 \u00fcnvanl\u0131 sosial yard\u0131m al\u0131r\u0131q, n\u0259 i\u015f tap\u0131r\u0131q. X\u0259st\u0259 h\u0259yat yolda\u015f\u0131m\u0131n f\u0259hl\u0259 qazanc\u0131na m\u00f6htac\u0131q&#8221;.<\/em><\/p>\n\n\n\n<p><strong>&#8220;Ne\u00e7\u0259 g\u00fcnd\u00fcr ki, d\u0259rman v\u0259 qidaya pul tapm\u0131r\u0131q&#8221;<\/strong><\/p>\n\n\n\n<p>\u015e\u0259kinin \u00c7ayqaraqoyunlu k\u0259ndind\u0259 ya\u015fayan 33 ya\u015fl\u0131 Z\u0259rq\u0259l\u0259m M\u0259mm\u0259dova Meydan TV-y\u0259 bel\u0259 deyir.<\/p>\n\n\n<div class=\"wp-block-image\">\n<figure class=\"aligncenter size-large\"><img decoding=\"async\" width=\"1200\" height=\"675\" data-src=\"https:\/\/www.meydan.tv\/wp-content\/uploads\/img-20240202-wa0028-1200x675.jpg\" alt=\"\" class=\"wp-image-297825 lazyload\" src=\"data:image\/svg+xml;base64,PHN2ZyB3aWR0aD0iMSIgaGVpZ2h0PSIxIiB4bWxucz0iaHR0cDovL3d3dy53My5vcmcvMjAwMC9zdmciPjwvc3ZnPg==\" style=\"--smush-placeholder-width: 1200px; --smush-placeholder-aspect-ratio: 1200\/675;\" \/><\/figure>\n<\/div>\n\n\n<p>La\u00e7\u0131ndan olan m\u0259cburi k\u00f6\u00e7k\u00fcn d\u00f6rd u\u015faq anas\u0131d\u0131r. Olduqca kas\u0131b, ehtiyac i\u00e7ind\u0259 ya\u015fayan ail\u0259d\u0259 u\u015faqlar\u0131n b\u00f6y\u00fcy\u00fcn\u00fcn 11, ki\u00e7iyinin 1 ya\u015f\u0131 var. Nimda\u015f, t\u0259mirsiz evin bir ota\u011f\u0131nda odun sobas\u0131 istisin\u0259 q\u0131z\u0131naraq ya\u015fayan k\u00f6rp\u0259l\u0259rin ehtiyaclar\u0131 \u00e7oxdur.<\/p>\n\n\n\n<p>Ana deyir ki, azt\u0259minatl\u0131 ail\u0259nin d\u00f6vl\u0259td\u0259n he\u00e7 vaxt g\u0259liri olmay\u0131b. \u018fqli problemli h\u0259yat yolda\u015f\u0131n\u0131n g\u00fcn\u0259muzd i\u015fl\u0259rd\u0259n \u0259ld\u0259 etdiyi f\u0259hl\u0259 pulu il\u0259 dolanmaq m\u0259cburiyy\u0259tind\u0259dirl\u0259r ki, o da h\u0259r g\u00fcn olmur:<\/p>\n\n\n<div class=\"wp-block-image\">\n<figure class=\"alignleft size-large is-resized\"><img decoding=\"async\" width=\"462\" height=\"821\" data-src=\"https:\/\/www.meydan.tv\/wp-content\/uploads\/img-20240202-wa0041-462x821.jpg\" alt=\"\" class=\"wp-image-297806 lazyload\" style=\"--smush-placeholder-width: 462px; --smush-placeholder-aspect-ratio: 462\/821;width:331px;height:auto\" src=\"data:image\/svg+xml;base64,PHN2ZyB3aWR0aD0iMSIgaGVpZ2h0PSIxIiB4bWxucz0iaHR0cDovL3d3dy53My5vcmcvMjAwMC9zdmciPjwvc3ZnPg==\" \/><\/figure>\n<\/div>\n\n\n<p>&#8220;<em>B\u00f6y\u00fck q\u0131zlar\u0131m 5-ci v\u0259 3-c\u00fc sinifl\u0259rd\u0259 oxuyur. M\u0259kt\u0259b\u0259 kimins\u0259 k\u00f6hn\u0259si, nimda\u015f\u0131 il\u0259 gedirl\u0259r. G\u00fcnl\u0259rl\u0259 ayaqlar\u0131 su i\u00e7ind\u0259 olur. \u00dc\u00e7\u00fcnc\u00fc o\u011ful \u00f6vlad\u0131m\u0131n 4 ya\u015f\u0131 var, balaca q\u0131z\u0131m is\u0259 ya\u015fyar\u0131ml\u0131qd\u0131r. N\u0259m otaqda ya\u015famaqdan balaca \u00f6vlad\u0131m a\u011fciy\u0259r x\u0259st\u0259sidir. Ne\u00e7\u0259 g\u00fcnd\u00fcr ki, d\u0259rman v\u0259 qidaya pul tapm\u0131r\u0131q. H\u0259kim deyir ki, o otaqda ya\u015famaq olmaz. Ev pal\u00e7\u0131qd\u0131r, h\u0259r g\u00fcn n\u0259mi\u015flik, r\u00fctub\u0259t olur dey\u0259 divarlar t\u00f6k\u00fcl\u00fcr. Eyni evd\u0259 qaynanam v\u0259 qayn\u0131m ail\u0259si il\u0259 birg\u0259 ya\u015fay\u0131r. Biz 6 n\u0259f\u0259r bir ota\u011fa s\u0131\u011f\u0131nm\u0131\u015f\u0131q, dolan\u0131\u015f\u0131\u011f\u0131m\u0131z is\u0259 ayr\u0131d\u0131r&#8221;.<\/em><\/p>\n\n\n\n<p>&#8220;<em>Qaynanam pensiyas\u0131 il\u0259 o biri o\u011flunun ail\u0259si il\u0259 birg\u0259 dolan\u0131r. Biz x\u0259st\u0259 h\u0259yat yolda\u015f\u0131m\u0131n g\u00fcnl\u00fck f\u0259hl\u0259 pulu il\u0259 dolan\u0131r\u0131q. Kimins\u0259 h\u0259y\u0259tind\u0259 n\u0259 i\u015f olur, gedib f\u0259hl\u0259 kimi \u00e7al\u0131\u015f\u0131r. Ayl\u0131q 150-200 manat g\u0259lirmiz bel\u0259 olmur. Otaqda odun sobas\u0131 yand\u0131r\u0131b isidirik, qaz i\u015fl\u0259tm\u0259y\u0259 pulumuz yoxdur. Pul yaz\u0131r, \u00f6d\u0259y\u0259 bilmirik. Pampers bel\u0259 ala bilmirik. D\u00fckanlara borcumuz var dey\u0259 \u0259rzaq vermirl\u0259r. He\u00e7 kimi q\u0131nam\u0131ram, ancaq g\u0259lirsiz \u00e7oxu\u015faql\u0131 ail\u0259 kimi ya\u015faya da bilmirik. \u0130\u015fsiz, g\u0259lirsiz \u00e7ox \u00e7\u0259tindir&#8221;, <\/em>&#8211; dey\u0259 o bildirib.<\/p>\n\n\n\n<p><strong>&#8220;D\u00f6vl\u0259t qurumlar\u0131na ayaq d\u00f6ym\u0259kd\u0259n yorulmu\u015fam&#8221;<\/strong><\/p>\n\n\n\n<p>Onun s\u00f6zl\u0259rin\u0259 g\u00f6r\u0259, h\u0259yat yolda\u015f\u0131 32 ya\u015fl\u0131 M\u0259mm\u0259dov \u0130smay\u0131l \u0259qli problemli diaqnozu il\u0259 h\u0259rbi xidm\u0259td\u0259n azad olunub, ancaq ona \u0259lillik d\u0259r\u0259c\u0259sinin d\u00fc\u015fm\u0259diyini deyibl\u0259r:<\/p>\n\n\n\n<p>Z\u0259rq\u0259l\u0259m M\u0259mm\u0259dova deyir ki, h\u0259yat yolda\u015f\u0131 t\u0259hsilsiz, x\u0259st\u0259 v\u0259 \u0259traf hadis\u0259l\u0259r\u0259 laqeyddir. Onun x\u0259st\u0259lik kriteriyalar\u0131 \u0259sas verir ki, \u0259lillik d\u0259r\u0259c\u0259si als\u0131n. Bu, \u0259l\u00e7atmaz oldu\u011funa g\u00f6r\u0259 be\u015f ildir ki, ail\u0259nin \u00fcnvanl\u0131 sosial yard\u0131m v\u0259 i\u015f \u00fc\u00e7\u00fcn edil\u0259n \u00e7oxsayl\u0131 m\u00fcraci\u0259tl\u0259ri d\u0259 cavabs\u0131z qal\u0131r.<\/p>\n\n\n\n<p>Dediyin\u0259 g\u00f6r\u0259, uzun m\u00fcdd\u0259t olmayan iki n\u0259qliyyat\u0131 h\u0259yat yolda\u015f\u0131n\u0131n ad\u0131na \u00e7\u0131xaraq imtina cavab\u0131 verilib. H\u0259tta 2022-ci ild\u0259 D\u00f6vl\u0259t Yol Polisi \u0130dar\u0259sind\u0259n M\u0259mm\u0259dov \u0130smay\u0131l M\u0259h\u0259rr\u0259m o\u011flunun ad\u0131na v\u0259 istifad\u0259sind\u0259 n\u0259qliyyat vasit\u0259l\u0259rinin olmamas\u0131na dair r\u0259smi aray\u0131\u015f al\u0131n\u0131b alt sistem\u0259 daxil edils\u0259 d\u0259, yen\u0259 imtina g\u0259lib:<\/p>\n\n\n<div class=\"wp-block-image\">\n<figure class=\"alignright size-large is-resized\"><img decoding=\"async\" width=\"462\" height=\"821\" data-src=\"https:\/\/www.meydan.tv\/wp-content\/uploads\/img-20240202-wa0043-462x821.jpg\" alt=\"\" class=\"wp-image-297803 lazyload\" style=\"--smush-placeholder-width: 462px; --smush-placeholder-aspect-ratio: 462\/821;width:290px;height:auto\" src=\"data:image\/svg+xml;base64,PHN2ZyB3aWR0aD0iMSIgaGVpZ2h0PSIxIiB4bWxucz0iaHR0cDovL3d3dy53My5vcmcvMjAwMC9zdmciPjwvc3ZnPg==\" \/><\/figure>\n<\/div>\n\n\n<p>&#8220;<em>2019-cu ild\u0259n m\u00fcraci\u0259t edirik, s\u0259n\u0259dl\u0259ri y\u0131\u011f\u0131r\u0131q g\u00f6nd\u0259ririk, cavab g\u0259lir ki, ad\u0131n\u0131zda iki n\u0259qliyyat var. 2022-ci ilin noyabr\u0131nda D\u00f6vl\u0259t Yol Polisi \u0130dar\u0259sinin i\u015f\u0259 qar\u0131\u015fmas\u0131 il\u0259 t\u0259mizlik ka\u011f\u0131z\u0131 alsaq da, sonra da b\u0259han\u0259 etdil\u0259r ki, ail\u0259 ba\u015f\u00e7\u0131s\u0131 i\u015fl\u0259m\u0259lidir. Ehtiyacdan 79 sot olan pay torpa\u011f\u0131 satmaq m\u0259cburiyy\u0259tind\u0259 qald\u0131q. Onun pulunu da yollara, s\u0259n\u0259dl\u0259r\u0259 s\u0259rf etdik. &#8220;\u0130\u015f olmasa, m\u00fcmk\u00fcn deyil&#8221;, &#8211; deyib dururlar. Halbuki o q\u0259d\u0259r imkanl\u0131 ail\u0259l\u0259r al\u0131r ki. Sad\u0259c\u0259, i\u015fi b\u0259han\u0259 edirl\u0259r. \u0130\u015fim varsa, i\u015fl\u0259yib maa\u015f al\u0131b dolanaram da. M\u0259\u015f\u011fullu\u011fa, b\u0259l\u0259diyy\u0259 v\u0259 icra n\u00fcmay\u0259nd\u0259liyin\u0259 i\u015f \u00fc\u00e7\u00fcn be\u015f ildir ki, d\u0259f\u0259l\u0259rl\u0259 m\u00fcraci\u0259t etdim, qeydiyyata d\u00fc\u015fd\u00fcm. H\u0259l\u0259 d\u0259 bo\u015f v\u0259dl\u0259r. Ancaq bizd\u0259n sonra ya\u015f\u0131lla\u015fd\u0131rma v\u0259 dig\u0259r idar\u0259l\u0259r\u0259 i\u015f\u00e7i g\u00f6t\u00fcr\u00fcld\u00fc. \u00d6z\u00fcn\u00fcm\u0259\u015f\u011fulluq proqram\u0131na m\u00fcraci\u0259t etdik, heyvan verm\u0259dil\u0259r ki, qaynanan\u0131z\u0131n heyvan\u0131 var, siz\u0259 d\u00fc\u015fm\u00fcr&#8221;.<\/em><\/p>\n\n\n\n<p><em>&#8220;Ba\u015fa sala bilmir\u0259m ki, o heyvan\u0131n biz\u0259 aidiyy\u0259ti yoxdur, istifad\u0259 ed\u0259 bilmirik. Deyirl\u0259r ki, \u015f\u0259xsi eviniz v\u0259 t\u00f6vl\u0259niz olsun ki, \u00fcnvanl\u0131 sosial yard\u0131m v\u0259 yaxud heyvan verilsin. Qayn\u0131m h\u0259y\u0259tind\u0259n torpaq verib yar\u0131m\u00e7\u0131q ev tikmi\u015fik, haz\u0131r ed\u0259 bilmirik.\u00a0 \u015e\u0259ki \u0130cra Hakimiyy\u0259tind\u0259n k\u00f6m\u0259k ist\u0259m\u0259y\u0259 getmi\u015fdik ki, o evi tikib k\u00f6\u00e7\u0259k. Dedi ki, bizim b\u00fcdc\u0259mizd\u0259 f\u0259rdi ev tikm\u0259y\u0259 v\u0259sait yoxdur. Yax\u015f\u0131 olar ki, dolanmaq \u00fc\u00e7\u00fcn ikimiz\u0259 ya i\u015f, ya \u00fcnvanl\u0131 sosial yard\u0131m versinl\u0259r. M\u0259kt\u0259bd\u0259, x\u0259st\u0259xanada, ya\u015f\u0131lla\u015fd\u0131rmada n\u0259 kimi f\u0259hl\u0259 i\u015fi olsa, \u00e7al\u0131\u015far\u0131q. Daha d\u00f6vl\u0259t qurumlar\u0131na ayaq d\u00f6ym\u0259kd\u0259n yorulmu\u015fam. Bizi bo\u015f v\u0259dl\u0259rl\u0259 yola verib aldad\u0131rlar&#8221;, <\/em>&#8211; Z\u0259rq\u0259l\u0259m M\u0259mm\u0259dova bel\u0259 deyir.<\/p>\n\n\n\n<p><strong>&#8220;Pulu olmayana \u00fcnvanl\u0131 sosial yard\u0131m verilmir&#8221;<\/strong><\/p>\n\n\n\n<p>Z\u0259rq\u0259l\u0259m M\u0259mm\u0259dovan\u0131n atas\u0131 Silduz H\u0259s\u0259nov da deyir ki, ail\u0259y\u0259 k\u0259nardan \u0259rzaq yard\u0131m\u0131 olmasa, dolan\u0131\u015f\u0131q m\u00fcmk\u00fcn deyil. \u00d6z\u00fcn\u00fcn d\u0259 maddi durumu yax\u015f\u0131 olmad\u0131\u011f\u0131ndan q\u0131z\u0131n\u0131n ail\u0259sin\u0259, \u00f6vladlar\u0131na k\u00f6m\u0259k ed\u0259 bilmir:<\/p>\n\n\n<div class=\"wp-block-image\">\n<figure class=\"aligncenter size-large\"><img decoding=\"async\" width=\"1200\" height=\"675\" data-src=\"https:\/\/www.meydan.tv\/wp-content\/uploads\/img-20240202-wa0029-1200x675.jpg\" alt=\"\" class=\"wp-image-297800 lazyload\" src=\"data:image\/svg+xml;base64,PHN2ZyB3aWR0aD0iMSIgaGVpZ2h0PSIxIiB4bWxucz0iaHR0cDovL3d3dy53My5vcmcvMjAwMC9zdmciPjwvc3ZnPg==\" style=\"--smush-placeholder-width: 1200px; --smush-placeholder-aspect-ratio: 1200\/675;\" \/><\/figure>\n<\/div>\n\n\n<p>&#8220;<em>\u00c7ox fa\u011f\u0131r ail\u0259dir. Biz Ming\u0259\u00e7evird\u0259 \u0259rzaq g\u00f6nd\u0259rm\u0259s\u0259k, \u00e7ox vaxt ac-susuz qalacaqlar. D\u0259f\u0259l\u0259rl\u0259 \u00fcnvanl\u0131 yard\u0131m \u00fc\u00e7\u00fcn m\u00fcraci\u0259t edibl\u0259r, m\u00fcxt\u0259lif b\u0259han\u0259l\u0259rl\u0259 vermirl\u0259r. \u0130\u015f d\u0259 tapa bilmirik ki, onlara k\u00f6m\u0259k ed\u0259k. Pulu olmayana \u00fcnvanl\u0131 yard\u0131m verilmir, g\u0259r\u0259k \u015firinlik ver\u0259s\u0259n. K\u0259ndin d\u0259 torpa\u011f\u0131n\u0131 oliqarxlar al\u0131b, \u0259km\u0259y\u0259 yer yoxdur. Da\u015f \u00fcst\u00fcnd\u0259 nec\u0259 dolans\u0131nlar?&#8221;.<\/em><\/p>\n\n\n\n<p><strong>Aidiyy\u0259ti qurumlar n\u0259 deyir?<\/strong><\/p>\n\n\n\n<p>\u015e\u0259ki Rayon \u0130cra Hakimiyy\u0259tind\u0259n Meydan TV-y\u0259 deyibl\u0259r ki, ev tikintisi \u00fc\u00e7\u00fcn b\u00fcdc\u0259d\u0259 v\u0259sait yoxdur. \u00dcnvanl\u0131 yard\u0131m\u0131n t\u0259yinat\u0131na k\u00f6m\u0259klik v\u0259 i\u015fl\u0259 t\u0259minat da onlara aid deyil:<\/p>\n\n\n\n<p>&#8220;<em>Amma ail\u0259 kas\u0131b v\u0259 ehtiyacl\u0131 olanda bird\u0259f\u0259lik maddi d\u0259st\u0259k k\u00f6m\u0259k ola bil\u0259r, y\u0259ni yard\u0131m m\u00fcmk\u00fcnd\u00fcr. O da bax\u0131r ail\u0259nin \u015f\u0259raitin\u0259. R\u0259smi \u0259riz\u0259 il\u0259 t\u0259krar m\u00fcraci\u0259t edib komissiyas\u0131n\u0131n q\u0259buluna yaz\u0131ls\u0131nlar&#8221;.<\/em><\/p>\n\n\n<div class=\"wp-block-image\">\n<figure class=\"alignleft size-large is-resized\"><img decoding=\"async\" width=\"462\" height=\"821\" data-src=\"https:\/\/www.meydan.tv\/wp-content\/uploads\/img-20240202-wa0036-462x821.jpg\" alt=\"\" class=\"wp-image-297829 lazyload\" style=\"--smush-placeholder-width: 462px; --smush-placeholder-aspect-ratio: 462\/821;width:335px;height:auto\" src=\"data:image\/svg+xml;base64,PHN2ZyB3aWR0aD0iMSIgaGVpZ2h0PSIxIiB4bWxucz0iaHR0cDovL3d3dy53My5vcmcvMjAwMC9zdmciPjwvc3ZnPg==\" \/><\/figure>\n<\/div>\n\n\n<p>\u00c7ayqaraqoyunlu k\u0259nd b\u0259l\u0259diyy\u0259sinin s\u0259dri \u0130smay\u0131l \u0130brahimov is\u0259 bildirib ki, b\u0259l\u0259diyy\u0259 i\u015fl\u0259 t\u0259minat v\u0259 maddi yard\u0131m bax\u0131m\u0131ndan onlara k\u00f6m\u0259k ed\u0259 bilm\u0259y\u0259c\u0259k. O bunu v\u0259saitin olmamas\u0131 il\u0259 \u0259laq\u0259l\u0259ndirib.<\/p>\n\n\n\n<p>D\u00f6vl\u0259t M\u0259\u015f\u011fulluq Agentliyinin s\u00f6z\u00e7\u00fcs\u00fc \u018fsm\u0259r N\u0259cm\u0259ddinq\u0131z\u0131 is\u0259 deyib ki, Z\u0259rq\u0259l\u0259m M\u0259mm\u0259dova v\u0259 h\u0259yat yolda\u015f\u0131 \u0130smay\u0131l M\u0259mm\u0259dovun i\u015fl\u0259 t\u0259min edilm\u0259sin\u0259 ba\u011fl\u0131 m\u00fcraci\u0259tin\u0259 bax\u0131l\u0131b.<\/p>\n\n\n\n<p>Onun s\u00f6zl\u0259rin\u0259 g\u00f6r\u0259, v\u0259t\u0259nda\u015f azya\u015fl\u0131 u\u015fa\u011f\u0131 oldu\u011fu \u00fc\u00e7\u00fcn \u00f6z\u00fcn\u00fcn i\u015fl\u0259y\u0259 bilm\u0259y\u0259c\u0259yini, yolda\u015f\u0131 \u0130smay\u0131l M\u0259mm\u0259dovun is\u0259 m\u00fcnasib i\u015fl\u0259 t\u0259min edilm\u0259sin\u0259 k\u00f6m\u0259klik g\u00f6st\u0259rilm\u0259sini ist\u0259yib.<\/p>\n\n\n\n<p><em>&#8220;V\u0259t\u0259nda\u015fa vakansiya bank\u0131ndan m\u00fcnasib i\u015f t\u0259klif olunub v\u0259 g\u00f6nd\u0259ri\u015f i\u015f\u0259g\u00f6t\u00fcr\u0259n\u0259 g\u00f6nd\u0259rilib. \u0130\u015f\u0259g\u00f6t\u00fcr\u0259n t\u0259r\u0259find\u0259n namiz\u0259d uy\u011fun hesab edil\u0259rs\u0259, i\u015fl\u0259 t\u0259minat\u0131 h\u0259yata ke\u00e7iril\u0259c\u0259k&#8221;,<\/em> &#8211; dey\u0259 o qeyd edib.<\/p>\n\n\n\n<p>D\u00f6vl\u0259t Sosial M\u00fcdafi\u0259 Fondundan is\u0259 bildirilib ki, M\u0259mm\u0259dovlar\u0131n m\u00fcraci\u0259tin\u0259 ail\u0259 ba\u015f\u00e7\u0131s\u0131n\u0131n ad\u0131nda n\u0259qliyyat a\u015fkarland\u0131\u011f\u0131na g\u00f6r\u0259 imtina verilib.<\/p>\n\n\n\n<p>Qurumun s\u00f6z\u00e7\u00fcs\u00fc R\u0259\u015fad Mehdili deyib ki, v\u0259t\u0259nda\u015f m\u00fclkiyy\u0259tind\u0259 n\u0259qliyyat vasit\u0259si olmad\u0131\u011f\u0131 bar\u0259d\u0259 aray\u0131\u015f\u0131 \u0259ld\u0259 etdikd\u0259n sonra elektron sistem\u0259 daxil etm\u0259yib.<\/p>\n\n\n<div class=\"wp-block-image\">\n<figure class=\"aligncenter size-full\"><img decoding=\"async\" width=\"1000\" height=\"566\" data-src=\"https:\/\/www.meydan.tv\/wp-content\/uploads\/resad_mehdili.jpg\" alt=\"\" class=\"wp-image-293848 lazyload\" src=\"data:image\/svg+xml;base64,PHN2ZyB3aWR0aD0iMSIgaGVpZ2h0PSIxIiB4bWxucz0iaHR0cDovL3d3dy53My5vcmcvMjAwMC9zdmciPjwvc3ZnPg==\" style=\"--smush-placeholder-width: 1000px; --smush-placeholder-aspect-ratio: 1000\/566;\" \/><figcaption class=\"wp-element-caption\">R\u0259\u015fad Mehdili. Foto: &#8220;vergiler.az<\/figcaption><\/figure>\n<\/div>\n\n\n<p>Onun s\u00f6zl\u0259rin\u0259 g\u00f6r\u0259, ail\u0259 ba\u015f\u00e7\u0131s\u0131n\u0131n i\u015fsizliyi d\u0259 yard\u0131m\u0131n t\u0259yinat\u0131na \u0259ng\u0259ldir:<\/p>\n\n\n\n<p><em>&#8220;Ail\u0259 6 n\u0259f\u0259rd\u0259n ibar\u0259tdir. Ail\u0259nin \u0259m\u0259k qabiliyy\u0259tli \u00fczv\u00fc M\u0259mm\u0259dov \u0130smay\u0131l haz\u0131rda i\u015fsizdir. S\u00f6z\u00fcged\u0259n \u015f\u0259xsin m\u0259\u015f\u011fullu\u011fu t\u0259min edildikd\u0259n sonra m\u00fcraci\u0259t ed\u0259rs\u0259, ail\u0259nin sosial yard\u0131mla ba\u011fl\u0131 m\u00fcraci\u0259tin\u0259 bax\u0131la bil\u0259r&#8221;.<\/em><\/p>\n\n\n\n<p><strong>\u00d6lk\u0259d\u0259 n\u0259 q\u0259d\u0259r azt\u0259minatl\u0131 ail\u0259 var?<\/strong><\/p>\n\n\n\n<p>\u018fn son statistik m\u0259lumata g\u00f6r\u0259, \u00f6lk\u0259d\u0259 2 milyon 401 min ev t\u0259s\u0259rr\u00fcfat\u0131 var. 101 min ail\u0259 \u00f6z z\u0259ruri ehtiyaclar\u0131n\u0131 qar\u015f\u0131lamaqda \u00e7\u0259tinlik \u00e7\u0259kir. 475 min ail\u0259, y\u0259ni iki milyon insan z\u0259ruri ehtiyaclar\u0131n\u0131 qar\u015f\u0131lamaqda is\u0259 b\u0259zi \u00e7\u0259tinlikl\u0259r, 20 min ail\u0259 is\u0259 b\u00f6y\u00fck \u00e7\u0259tinlikl\u0259r ya\u015fay\u0131r.<\/p>\n\n\n\n<p>Bir milyon 681 ail\u0259, y\u0259ni 7 milyon insan \u00f6z z\u0259ruri ehtiyaclar\u0131n\u0131 asanl\u0131qla \u00f6d\u0259yir. Ail\u0259l\u0259rin yaln\u0131z be\u015f faizi z\u0259ruri ehtiyaclar\u0131n\u0131 \u00e7ox asanl\u0131qla qar\u015f\u0131lay\u0131r. Y\u0259ni 500 min insan daha yax\u015f\u0131 imkanlar \u015f\u0259raitind\u0259 ya\u015fay\u0131r.<\/p>\n\n\n\n<p>Azt\u0259minatl\u0131 ail\u0259l\u0259r \u00fc\u00e7\u00fcn n\u0259z\u0259rd\u0259 tutulan \u00fcnvanl\u0131 sosial yard\u0131m \u0259n son statistikaya \u0259sas\u0259n, 49.191 min ail\u0259y\u0259 verilir. \u00d6t\u0259n il is\u0259 bu yard\u0131m t\u0259xmin\u0259n 72 min ail\u0259ni \u0259hat\u0259 edib.<\/p>\n\n\n<div class=\"wp-block-image\">\n<figure class=\"aligncenter size-full\"><img decoding=\"async\" width=\"1200\" height=\"750\" data-src=\"https:\/\/www.meydan.tv\/wp-content\/uploads\/shutterstock_92687803.jpg\" alt=\"\" class=\"wp-image-273205 lazyload\" src=\"data:image\/svg+xml;base64,PHN2ZyB3aWR0aD0iMSIgaGVpZ2h0PSIxIiB4bWxucz0iaHR0cDovL3d3dy53My5vcmcvMjAwMC9zdmciPjwvc3ZnPg==\" style=\"--smush-placeholder-width: 1200px; --smush-placeholder-aspect-ratio: 1200\/750;\" \/><figcaption class=\"wp-element-caption\">Az\u0259rbaycanda i\u015fsizlik v\u0259 yoxsulluq. Foto: vepar5\/shutterstock <\/figcaption><\/figure>\n<\/div>\n\n\n<p>2020-ci ild\u0259 is\u0259 84 min azt\u0259minatl\u0131 ail\u0259 bu yard\u0131mdan yararlana bilib. \u0130ld\u0259n-il\u0259 bu yard\u0131m\u0131n alanlar\u0131n say statistikas\u0131nda azalma m\u00fc\u015fahid\u0259 olunur.<\/p>\n\n\n\n<p>M\u0259mm\u0259dovlar kimi \u00e7ox azt\u0259minatl\u0131 ail\u0259l\u0259r \u00fcnvanl\u0131 sosial yard\u0131mla t\u0259minatda \u00e7\u0259tinlikl\u0259r, s\u00fcni \u0259ng\u0259ll\u0259r ya\u015fay\u0131r.<\/p>\n\n\n\n<p><strong>&#8220;Minumum istehlak s\u0259b\u0259ti \u0259halinin real minumum ehtiyaclar\u0131n\u0131 \u00f6d\u0259mir&#8221;<\/strong><\/p>\n\n\n\n<p>\u0130qtisad\u00e7\u0131 ekspert F\u0259rid Mehral\u0131zad\u0259 \u00fcnvanl\u0131 sosial yard\u0131m\u0131n effektiv mexanizm olmas\u0131 \u00fc\u00e7\u00fcn \u00f6nc\u0259 \u00f6lk\u0259d\u0259 yoxsulluq h\u0259ddinin d\u00fczg\u00fcn m\u00fc\u0259yy\u0259n edilm\u0259sini g\u00f6r\u00fcr.<\/p>\n\n\n\n<p>Onun s\u00f6zl\u0259rin\u0259 g\u00f6r\u0259, \u0259ks halda yoxsullar\u0131n \u0259h\u0259miyy\u0259tli hiss\u0259si h\u00f6kum\u0259tin sosial siyas\u0259ti \u00e7\u0259r\u00e7iv\u0259sind\u0259n k\u0259narda qalacaq.<\/p>\n\n\n\n<p><em>&#8220;\u0130ndiki yana\u015fmaya g\u00f6r\u0259, ayl\u0131q g\u0259liri ya\u015fay\u0131\u015f minimumundan (246 manat) az olan \u015f\u0259xsl\u0259r yoxsul hesab edilir. Ya\u015fay\u0131\u015f minimumunun hesablanmas\u0131 il\u0259 ba\u011fl\u0131 is\u0259 minimum istehlak s\u0259b\u0259tin\u0259 istinad olunur. H\u0259min minimum istehlak s\u0259b\u0259ti is\u0259 uzun m\u00fcdd\u0259tdir yenil\u0259nmir. Eyni zamanda, h\u0259min t\u0259rkib \u0259halinin real minimum t\u0259l\u0259bl\u0259rini \u0259ks etdirmir. Bu bax\u0131mdan, ilk \u00f6nc\u0259 minimum istehlak s\u0259b\u0259tinin t\u0259rkibi reall\u0131\u011fa uy\u011funla\u015fd\u0131r\u0131lmal\u0131d\u0131r ki, onun \u0259sas\u0131nda \u00f6lk\u0259d\u0259 reall\u0131\u011f\u0131 \u0259ks etdir\u0259n yoxsulluq h\u0259ddi m\u00fc\u0259yy\u0259n edil\u0259 bilsin. Bu olmadan ist\u0259nil\u0259n halda yoxsullar\u0131n \u0259h\u0259miyy\u0259tli bir hiss\u0259si h\u00f6k\u00fcm\u0259tin sosial siyas\u0259tinin \u00e7\u0259r\u00e7iv\u0259sind\u0259n k\u0259narda qalacaq&#8221;.<\/em><\/p>\n\n\n<div class=\"wp-block-image\">\n<figure class=\"alignleft size-large is-resized\"><img decoding=\"async\" data-src=\"https:\/\/www.meydan.tv\/wp-content\/uploads\/118784119_3295526013835916_6092828104091613031_n-e1640001508110-1059x821.jpg\" alt=\"\" class=\"wp-image-229778 lazyload\" style=\"--smush-placeholder-width: 1059px; --smush-placeholder-aspect-ratio: 1059\/821;width:322px;height:auto\" src=\"data:image\/svg+xml;base64,PHN2ZyB3aWR0aD0iMSIgaGVpZ2h0PSIxIiB4bWxucz0iaHR0cDovL3d3dy53My5vcmcvMjAwMC9zdmciPjwvc3ZnPg==\" \/><figcaption class=\"wp-element-caption\">F\u0259rid Mehral\u0131zad\u0259nin \u015f\u0259xsi arxivind\u0259n<\/figcaption><\/figure>\n<\/div>\n\n\n<p><em>&#8220;Eyni zamanda, hesab edir\u0259m ki, ehtiyac meyar\u0131 anlay\u0131\u015f\u0131 l\u0259\u011fv edilm\u0259lidir. Do\u011frudur, son iki ild\u0259 etibar\u0259n ehtiyac meyar\u0131 v\u0259 ya\u015fay\u0131\u015f minimumunun m\u0259bl\u0259\u011fi b\u0259rab\u0259rl\u0259\u015fib. Amma bunun g\u0259l\u0259c\u0259kd\u0259 d\u0259 bel\u0259 olub-olmayaca\u011f\u0131 d\u0259qiq deyil. \u00c7\u00fcnki ehtiyac meyar\u0131 ya\u015fay\u0131\u015f minimumundan az olduqda, bu hal da yoxsullar\u0131n \u0259h\u0259miyy\u0259tli hiss\u0259sinin  <em>\u00dcnvanl\u0131 D\u00f6vl\u0259t Sosial Yard\u0131m<\/em><\/em> (<em>\u00dcDSY) almas\u0131n\u0131 m\u00fcmk\u00fcns\u00fcz edir. \u00dcnvanl\u0131 D\u00f6vl\u0259t Sosial Yard\u0131m\u0131n\u0131n  ya\u015fay\u0131\u015f minimumu \u0259sas\u0131nda deyil, ehtiyac meyar\u0131 \u0259sas\u0131nda t\u0259yin edilm\u0259si o dem\u0259kdir ki, bu mexanizm yoxsul \u0259hali \u00fc\u00e7\u00fcn deyil, \u0259n yoxsul \u0259hali \u00fc\u00e7\u00fcn n\u0259z\u0259rd\u0259 tutulub. Bu bax\u0131mdan, \u00f6lk\u0259d\u0259 yoxsullu\u011fun \u00f6l\u00e7\u00fclm\u0259si real v\u0259ziyy\u0259ti ifad\u0259 etm\u0259dikc\u0259 v\u0259 \u00f6lk\u0259d\u0259 qeyri-r\u0259smi \u0259m\u0259k v\u0259 m\u00fclkiyy\u0259t m\u00fcnasib\u0259tl\u0259ri aradan qald\u0131r\u0131lmad\u0131qda h\u00f6k\u00fcm\u0259tin \u00dcDSY mexanizmi d\u0259 tam i\u015fl\u0259k ola bilm\u0259z&#8221;, &#8211;<\/em> dey\u0259 o bildirib.<\/p>\n\n\n\n<p><strong>&#8220;\u018flav\u0259 \u015f\u0259rtl\u0259r\u0259 ehtiyac yoxdur&#8221;<\/strong><\/p>\n\n\n\n<p>Ekspert h\u0259m\u00e7inin \u00dcnvanl\u0131 D\u00f6vl\u0259t Sosial Yard\u0131m\u0131n t\u0259yinat\u0131nda n\u0259z\u0259rd\u0259 tutulan b\u0259zi kriteriyalar\u0131 uy\u011funsuz hesab edir:<\/p>\n\n\n\n<p>&#8220;<em>\u015e\u0259xsin avtomobili varsa, vermirl\u0259r. B\u0259lk\u0259, bu \u015f\u0259xs avtomobili g\u0259liri olan vaxt al\u0131b v\u0259 indi g\u0259liri yoxdur. Yaxud h\u0259min avtomobilin d\u0259y\u0259ri \u00e7ox a\u015fa\u011f\u0131d\u0131r, yaxud s\u00fcr\u00fcc\u00fc f\u0259aliyy\u0259ti g\u00f6st\u0259rir. G\u0259liri x\u0259rcl\u0259rini qar\u015f\u0131lam\u0131rsa, t\u0259yinat\u0131nda \u0259ng\u0259l olmamal\u0131d\u0131r. Ad\u0131nda olmayan n\u0259qliyyata g\u00f6r\u0259 verilm\u0259si is\u0259 absurddur. Dig\u0259r bir absurd \u015f\u0259rt var, ayl\u0131q kommunal x\u0259rcl\u0259rin \u00f6d\u0259ni\u015fl\u0259rinin h\u0259cmi il\u0259 ba\u011fl\u0131. B\u0259lk\u0259, kimins\u0259 i\u015fi telefonlad\u0131r, yaxud g\u00f6rd\u00fcy\u00fc i\u015f\u0259 g\u00f6r\u0259 elektrik enerjisi \u00f6d\u0259m\u0259li olur. \u00dcnumiyy\u0259tl\u0259, \u0259lav\u0259 \u015f\u0259rtl\u0259r\u0259 ehtiyac yoxdur. \u018fg\u0259r \u015f\u0259xsin g\u0259lirl\u0259ri x\u0259rcl\u0259rini qar\u015f\u0131lama\u011fa uy\u011fun deyils\u0259, h\u00f6kum\u0259t yard\u0131m etm\u0259lidir&#8221;.<\/em><\/p>\n\n\n\n<p><strong>&#8220;Y\u0131\u011f\u0131lan s\u0259rb\u0259st pul v\u0259saiti hesab\u0131na i\u015f yerl\u0259ri yarad\u0131lmal\u0131d\u0131r&#8221;<\/strong><\/p>\n\n\n\n<p>\u0130qtisad\u00e7\u0131 Natiq C\u0259f\u0259rli is\u0259 Meydan TV-y\u0259 deyir ki, DSMF-nin 1 mlrd. 50 mln manat s\u0259rb\u0259st v\u0259saiti var. H\u0259min v\u0259saiti \u00f6lk\u0259nin 5 b\u00f6y\u00fck bank\u0131na depozit kimi qoyub. \u00dcst\u0259lik, DSMF b\u00fcdc\u0259d\u0259n bu il \u00fc\u00e7\u00fcn 1 mlrd 392 mln manat dotasiya alacaq.<\/p>\n\n\n\n<p>Onun fikrinc\u0259, bu, investisiya f\u0259aliyy\u0259ti deyil, \u0259ksin\u0259, bu v\u0259saitl\u0259 \u00f6lk\u0259d\u0259 yeni i\u015f yerl\u0259ri a\u00e7\u0131lmal\u0131, i\u015fsiz insanlar i\u015fl\u0259 t\u0259min edilm\u0259lidir:<\/p>\n\n\n<div class=\"wp-block-image\">\n<figure class=\"alignright size-large is-resized\"><img decoding=\"async\" data-src=\"https:\/\/www.meydan.tv\/wp-content\/uploads\/natiq_cafarli-1200x800.jpg\" alt=\"Natiq C\u0259f\u0259rli\" class=\"wp-image-209935 lazyload\" style=\"--smush-placeholder-width: 1200px; --smush-placeholder-aspect-ratio: 1200\/800;width:351px;height:auto\" src=\"data:image\/svg+xml;base64,PHN2ZyB3aWR0aD0iMSIgaGVpZ2h0PSIxIiB4bWxucz0iaHR0cDovL3d3dy53My5vcmcvMjAwMC9zdmciPjwvc3ZnPg==\" \/><figcaption class=\"wp-element-caption\">Foto: Meydan.TV<\/figcaption><\/figure>\n<\/div>\n\n\n<p>&#8220;<em>D\u00fcnyada t\u0259qa\u00fcd fondlar\u0131 var ki, investisiya fondlar\u0131 kimi \u00e7\u0131x\u0131\u015f edirl\u0259r. M\u0259hz h\u0259min investisiya, y\u0131\u011f\u0131lan s\u0259rb\u0259st pul v\u0259saiti hesab\u0131na i\u015f yerl\u0259ri yarad\u0131lmal\u0131d\u0131r. Zavod, fabrik yarats\u0131nlar, y\u0259ni yeni i\u015f v\u0259 \u0259lav\u0259 d\u0259y\u0259r yarad\u0131lmas\u0131nda i\u015ftirak etsinl\u0259r. Apar\u0131b banklara depozit qoymaq investisiya f\u0259aliyy\u0259ti deyil. 1 mlrd 50 milyon m\u0259bl\u0259\u011find\u0259 toplanan s\u0259rb\u0259st v\u0259saitin n\u0259d\u0259n yaranmas\u0131 suald\u0131r. A\u00e7\u0131qlama verm\u0259lidirl\u0259r ki, bu q\u0259d\u0259r m\u0259bl\u0259\u011f n\u0259d\u0259n yaran\u0131b? T\u0259bii ki, \u00fcnvanl\u0131 yard\u0131m v\u0259 \u0259lillik t\u0259yinat\u0131n\u0131n azald\u0131lmas\u0131 da bu s\u0259rb\u0259st m\u0259bl\u0259\u011fin yarad\u0131lmas\u0131na t\u0259sir ed\u0259 bil\u0259r. Ancaq biz bunu ehtimal ed\u0259 bil\u0259rik, m\u0259nb\u0259 d\u0259qiq a\u00e7\u0131qlanmal\u0131d\u0131r&#8221;.<\/em><\/p>\n\n\n\n<p><strong>Bo\u015f v\u0259dl\u0259r, pu\u00e7 olan \u00fcmidl\u0259r&#8230;<\/strong><\/p>\n\n\n\n<p>Z\u0259rq\u0259l\u0259m M\u0259mm\u0259dova is\u0259 d\u00fc\u015f\u00fcn\u00fcr ki, i\u015f olsa, h\u0259yat yolda\u015f\u0131 \u00e7al\u0131\u015f\u0131b ail\u0259ni doland\u0131rar, \u00fcnvanl\u0131 sosial yard\u0131m \u00fc\u00e7\u00fcn ill\u0259rl\u0259 s\u00fcr\u00fcnm\u0259zdil\u0259r:<\/p>\n\n\n<div class=\"wp-block-image\">\n<figure class=\"alignleft size-large\"><img decoding=\"async\" width=\"462\" height=\"821\" data-src=\"https:\/\/www.meydan.tv\/wp-content\/uploads\/img-20240202-wa00201-462x821.jpg\" alt=\"\" class=\"wp-image-297819 lazyload\" src=\"data:image\/svg+xml;base64,PHN2ZyB3aWR0aD0iMSIgaGVpZ2h0PSIxIiB4bWxucz0iaHR0cDovL3d3dy53My5vcmcvMjAwMC9zdmciPjwvc3ZnPg==\" style=\"--smush-placeholder-width: 462px; --smush-placeholder-aspect-ratio: 462\/821;\" \/><\/figure>\n<\/div>\n\n\n<p>&#8220;<em>M\u0259nl\u0259 \u0259laq\u0259 saxlay\u0131b himay\u0259md\u0259 azya\u015fl\u0131 u\u015faqlar oldu\u011fu \u00fc\u00e7\u00fcn h\u0259yat yolda\u015f\u0131ma \u00e7\u00f6r\u0259k sexind\u0259 i\u015f t\u0259klif etdil\u0259r, ancaq dedil\u0259r ki, al\u0131nmas\u0131 d\u0259qiq deyil. \u00dcnvanl\u0131 yard\u0131m \u00fc\u00e7\u00fcn is\u0259 biz aray\u0131\u015f\u0131 iki d\u0259f\u0259 elektron sistem\u0259 daxil etmi\u015fik. Sonuncu d\u0259f\u0259 i\u015fsizliyi \u0259sas g\u0259tirdil\u0259r. \u0130\u015f olsa, h\u0259yat yolda\u015f\u0131m m\u0259mnuniyy\u0259tl\u0259 \u00e7al\u0131\u015fard\u0131. Amma yen\u0259 d\u0259 icra hakimiyy\u0259tind\u0259n: &#8220;\u0130\u015f olarsa&#8221;, &#8211; dey\u0259 bizi yola sald\u0131lar&#8221;.<\/em><\/p>\n","protected":false},"excerpt":{"rendered":"<p>Ekspert: &#8220;Ehtiyac meyar\u0131 anlay\u0131\u015f\u0131 l\u0259\u011fv edilm\u0259lidir&#8221; &#8220;M\u0259n \u00f6z\u00fcm La\u00e7\u0131ndan olan &#8230; <\/p>\n<p class=\"read-more-container\"><a title=\"\u015e\u0259kid\u0259 i\u015fsiz v\u0259 k\u00f6m\u0259ksiz ail\u0259: &#8220;4 azya\u015fl\u0131 r\u00fctub\u0259tli pal\u00e7\u0131q evd\u0259 ya\u015fay\u0131r&#8221;\" class=\"read-more button\" href=\"https:\/\/www.meydan.tv\/az\/article\/sekide-issiz-ve-komeksiz-aile-4-azyasli-rutubetli-palciq-evde-yasayir\/#more-297814\" aria-label=\"Read more about \u015e\u0259kid\u0259 i\u015fsiz v\u0259 k\u00f6m\u0259ksiz ail\u0259: &#8220;4 azya\u015fl\u0131 r\u00fctub\u0259tli pal\u00e7\u0131q evd\u0259 ya\u015fay\u0131r&#8221;\">Davam\u0131<\/a><\/p>\n","protected":false},"author":8,"featured_media":297809,"comment_status":"closed","ping_status":"closed","sticky":false,"template":"","format":"standard","meta":{"_acf_changed":false,"_sitemap_exclude":false,"_sitemap_priority":"","_sitemap_frequency":"","footnotes":""},"categories":[60,56],"tags":[],"class_list":["post-297814","post","type-post","status-publish","format-standard","has-post-thumbnail","hentry","category-bolge","category-xeberler","infinite-scroll-item","generate-columns","tablet-grid-50","mobile-grid-100","grid-parent","grid-33","no-featured-image-padding"],"acf":[],"yoast_head":"<!-- This site is optimized with the Yoast SEO plugin v27.4 - https:\/\/yoast.com\/product\/yoast-seo-wordpress\/ -->\n<title>\u015e\u0259kid\u0259 i\u015fsiz v\u0259 k\u00f6m\u0259ksiz ail\u0259: &quot;4 azya\u015fl\u0131 r\u00fctub\u0259tli pal\u00e7\u0131q evd\u0259 ya\u015fay\u0131r&quot; - MEYDAN.TV<\/title>\n<meta name=\"robots\" content=\"index, follow, max-snippet:-1, max-image-preview:large, max-video-preview:-1\" \/>\n<link rel=\"canonical\" href=\"https:\/\/www.meydan.tv\/az\/article\/sekide-issiz-ve-komeksiz-aile-4-azyasli-rutubetli-palciq-evde-yasayir\/\" \/>\n<meta property=\"og:locale\" content=\"az_AZ\" \/>\n<meta property=\"og:type\" content=\"article\" \/>\n<meta property=\"og:title\" content=\"\u015e\u0259kid\u0259 i\u015fsiz v\u0259 k\u00f6m\u0259ksiz ail\u0259: &quot;4 azya\u015fl\u0131 r\u00fctub\u0259tli pal\u00e7\u0131q evd\u0259 ya\u015fay\u0131r&quot; - MEYDAN.TV\" \/>\n<meta property=\"og:description\" content=\"Ekspert: &#8220;Ehtiyac meyar\u0131 anlay\u0131\u015f\u0131 l\u0259\u011fv edilm\u0259lidir&#8221; &#8220;M\u0259n \u00f6z\u00fcm La\u00e7\u0131ndan olan ... Davam\u0131\" \/>\n<meta property=\"og:url\" content=\"https:\/\/www.meydan.tv\/az\/article\/sekide-issiz-ve-komeksiz-aile-4-azyasli-rutubetli-palciq-evde-yasayir\/\" \/>\n<meta property=\"og:site_name\" content=\"MEYDAN.TV\" \/>\n<meta property=\"article:published_time\" content=\"2024-02-13T07:45:46+00:00\" \/>\n<meta property=\"article:modified_time\" content=\"2024-02-13T07:45:59+00:00\" \/>\n<meta property=\"og:image\" content=\"https:\/\/www.meydan.tv\/wp-content\/uploads\/img-20240202-wa0030.jpg\" \/>\n\t<meta property=\"og:image:width\" content=\"1599\" \/>\n\t<meta property=\"og:image:height\" content=\"899\" \/>\n\t<meta property=\"og:image:type\" content=\"image\/jpeg\" \/>\n<meta name=\"author\" content=\"elli\" \/>\n<meta name=\"twitter:card\" content=\"summary_large_image\" \/>\n<meta name=\"twitter:creator\" content=\"@elli\" \/>\n<script type=\"application\/ld+json\" class=\"yoast-schema-graph\">{\"@context\":\"https:\\\/\\\/schema.org\",\"@graph\":[{\"@type\":\"Article\",\"@id\":\"https:\\\/\\\/www.meydan.tv\\\/az\\\/article\\\/sekide-issiz-ve-komeksiz-aile-4-azyasli-rutubetli-palciq-evde-yasayir\\\/#article\",\"isPartOf\":{\"@id\":\"https:\\\/\\\/www.meydan.tv\\\/az\\\/article\\\/sekide-issiz-ve-komeksiz-aile-4-azyasli-rutubetli-palciq-evde-yasayir\\\/\"},\"author\":{\"name\":\"elli\",\"@id\":\"https:\\\/\\\/www.meydan.tv\\\/az\\\/#\\\/schema\\\/person\\\/9cdbecf90d17180ce1dfbd95b08dcf47\"},\"headline\":\"\u015e\u0259kid\u0259 i\u015fsiz v\u0259 k\u00f6m\u0259ksiz ail\u0259: &#8220;4 azya\u015fl\u0131 r\u00fctub\u0259tli pal\u00e7\u0131q evd\u0259 ya\u015fay\u0131r&#8221;\",\"datePublished\":\"2024-02-13T07:45:46+00:00\",\"dateModified\":\"2024-02-13T07:45:59+00:00\",\"mainEntityOfPage\":{\"@id\":\"https:\\\/\\\/www.meydan.tv\\\/az\\\/article\\\/sekide-issiz-ve-komeksiz-aile-4-azyasli-rutubetli-palciq-evde-yasayir\\\/\"},\"wordCount\":2747,\"publisher\":{\"@id\":\"https:\\\/\\\/www.meydan.tv\\\/az\\\/#organization\"},\"image\":{\"@id\":\"https:\\\/\\\/www.meydan.tv\\\/az\\\/article\\\/sekide-issiz-ve-komeksiz-aile-4-azyasli-rutubetli-palciq-evde-yasayir\\\/#primaryimage\"},\"thumbnailUrl\":\"https:\\\/\\\/www.meydan.tv\\\/wp-content\\\/uploads\\\/img-20240202-wa0030.jpg\",\"articleSection\":[\"B\u00f6lg\u0259\",\"X\u0259b\u0259rl\u0259r\"],\"inLanguage\":\"az\"},{\"@type\":\"WebPage\",\"@id\":\"https:\\\/\\\/www.meydan.tv\\\/az\\\/article\\\/sekide-issiz-ve-komeksiz-aile-4-azyasli-rutubetli-palciq-evde-yasayir\\\/\",\"url\":\"https:\\\/\\\/www.meydan.tv\\\/az\\\/article\\\/sekide-issiz-ve-komeksiz-aile-4-azyasli-rutubetli-palciq-evde-yasayir\\\/\",\"name\":\"\u015e\u0259kid\u0259 i\u015fsiz v\u0259 k\u00f6m\u0259ksiz ail\u0259: \\\"4 azya\u015fl\u0131 r\u00fctub\u0259tli pal\u00e7\u0131q evd\u0259 ya\u015fay\u0131r\\\" - MEYDAN.TV\",\"isPartOf\":{\"@id\":\"https:\\\/\\\/www.meydan.tv\\\/az\\\/#website\"},\"primaryImageOfPage\":{\"@id\":\"https:\\\/\\\/www.meydan.tv\\\/az\\\/article\\\/sekide-issiz-ve-komeksiz-aile-4-azyasli-rutubetli-palciq-evde-yasayir\\\/#primaryimage\"},\"image\":{\"@id\":\"https:\\\/\\\/www.meydan.tv\\\/az\\\/article\\\/sekide-issiz-ve-komeksiz-aile-4-azyasli-rutubetli-palciq-evde-yasayir\\\/#primaryimage\"},\"thumbnailUrl\":\"https:\\\/\\\/www.meydan.tv\\\/wp-content\\\/uploads\\\/img-20240202-wa0030.jpg\",\"datePublished\":\"2024-02-13T07:45:46+00:00\",\"dateModified\":\"2024-02-13T07:45:59+00:00\",\"breadcrumb\":{\"@id\":\"https:\\\/\\\/www.meydan.tv\\\/az\\\/article\\\/sekide-issiz-ve-komeksiz-aile-4-azyasli-rutubetli-palciq-evde-yasayir\\\/#breadcrumb\"},\"inLanguage\":\"az\",\"potentialAction\":[{\"@type\":\"ReadAction\",\"target\":[\"https:\\\/\\\/www.meydan.tv\\\/az\\\/article\\\/sekide-issiz-ve-komeksiz-aile-4-azyasli-rutubetli-palciq-evde-yasayir\\\/\"]}]},{\"@type\":\"ImageObject\",\"inLanguage\":\"az\",\"@id\":\"https:\\\/\\\/www.meydan.tv\\\/az\\\/article\\\/sekide-issiz-ve-komeksiz-aile-4-azyasli-rutubetli-palciq-evde-yasayir\\\/#primaryimage\",\"url\":\"https:\\\/\\\/www.meydan.tv\\\/wp-content\\\/uploads\\\/img-20240202-wa0030.jpg\",\"contentUrl\":\"https:\\\/\\\/www.meydan.tv\\\/wp-content\\\/uploads\\\/img-20240202-wa0030.jpg\",\"width\":1599,\"height\":899,\"caption\":\"Fotolar: Meydan TV\"},{\"@type\":\"BreadcrumbList\",\"@id\":\"https:\\\/\\\/www.meydan.tv\\\/az\\\/article\\\/sekide-issiz-ve-komeksiz-aile-4-azyasli-rutubetli-palciq-evde-yasayir\\\/#breadcrumb\",\"itemListElement\":[{\"@type\":\"ListItem\",\"position\":1,\"name\":\"Ana s\u0259hif\u0259\",\"item\":\"https:\\\/\\\/www.meydan.tv\\\/az\\\/\"},{\"@type\":\"ListItem\",\"position\":2,\"name\":\"B\u00f6lg\u0259\",\"item\":\"https:\\\/\\\/www.meydan.tv\\\/az\\\/section\\\/bolge\\\/\"},{\"@type\":\"ListItem\",\"position\":3,\"name\":\"\u015e\u0259kid\u0259 i\u015fsiz v\u0259 k\u00f6m\u0259ksiz ail\u0259: &#8220;4 azya\u015fl\u0131 r\u00fctub\u0259tli pal\u00e7\u0131q evd\u0259 ya\u015fay\u0131r&#8221;\"}]},{\"@type\":\"WebSite\",\"@id\":\"https:\\\/\\\/www.meydan.tv\\\/az\\\/#website\",\"url\":\"https:\\\/\\\/www.meydan.tv\\\/az\\\/\",\"name\":\"MEYDAN.TV\",\"description\":\"Meydan TV Az\u0259rbaycan\u0131n media m\u0259kan\u0131ndak\u0131 alternativ s\u0259sidir\",\"publisher\":{\"@id\":\"https:\\\/\\\/www.meydan.tv\\\/az\\\/#organization\"},\"potentialAction\":[{\"@type\":\"SearchAction\",\"target\":{\"@type\":\"EntryPoint\",\"urlTemplate\":\"https:\\\/\\\/www.meydan.tv\\\/az\\\/?s={search_term_string}\"},\"query-input\":{\"@type\":\"PropertyValueSpecification\",\"valueRequired\":true,\"valueName\":\"search_term_string\"}}],\"inLanguage\":\"az\"},{\"@type\":\"Organization\",\"@id\":\"https:\\\/\\\/www.meydan.tv\\\/az\\\/#organization\",\"name\":\"Meydan TV\",\"url\":\"https:\\\/\\\/www.meydan.tv\\\/az\\\/\",\"logo\":{\"@type\":\"ImageObject\",\"inLanguage\":\"az\",\"@id\":\"https:\\\/\\\/www.meydan.tv\\\/az\\\/#\\\/schema\\\/logo\\\/image\\\/\",\"url\":\"https:\\\/\\\/www.meydan.tv\\\/wp-content\\\/uploads\\\/2021\\\/07\\\/meydan-logo.svg\",\"contentUrl\":\"https:\\\/\\\/www.meydan.tv\\\/wp-content\\\/uploads\\\/2021\\\/07\\\/meydan-logo.svg\",\"width\":195,\"height\":46,\"caption\":\"Meydan TV\"},\"image\":{\"@id\":\"https:\\\/\\\/www.meydan.tv\\\/az\\\/#\\\/schema\\\/logo\\\/image\\\/\"}},{\"@type\":\"Person\",\"@id\":\"https:\\\/\\\/www.meydan.tv\\\/az\\\/#\\\/schema\\\/person\\\/9cdbecf90d17180ce1dfbd95b08dcf47\",\"name\":\"elli\",\"sameAs\":[\"https:\\\/\\\/x.com\\\/elli\"]}]}<\/script>\n<!-- \/ Yoast SEO plugin. -->","yoast_head_json":{"title":"\u015e\u0259kid\u0259 i\u015fsiz v\u0259 k\u00f6m\u0259ksiz ail\u0259: \"4 azya\u015fl\u0131 r\u00fctub\u0259tli pal\u00e7\u0131q evd\u0259 ya\u015fay\u0131r\" - MEYDAN.TV","robots":{"index":"index","follow":"follow","max-snippet":"max-snippet:-1","max-image-preview":"max-image-preview:large","max-video-preview":"max-video-preview:-1"},"canonical":"https:\/\/www.meydan.tv\/az\/article\/sekide-issiz-ve-komeksiz-aile-4-azyasli-rutubetli-palciq-evde-yasayir\/","og_locale":"az_AZ","og_type":"article","og_title":"\u015e\u0259kid\u0259 i\u015fsiz v\u0259 k\u00f6m\u0259ksiz ail\u0259: \"4 azya\u015fl\u0131 r\u00fctub\u0259tli pal\u00e7\u0131q evd\u0259 ya\u015fay\u0131r\" - MEYDAN.TV","og_description":"Ekspert: &#8220;Ehtiyac meyar\u0131 anlay\u0131\u015f\u0131 l\u0259\u011fv edilm\u0259lidir&#8221; &#8220;M\u0259n \u00f6z\u00fcm La\u00e7\u0131ndan olan ... Davam\u0131","og_url":"https:\/\/www.meydan.tv\/az\/article\/sekide-issiz-ve-komeksiz-aile-4-azyasli-rutubetli-palciq-evde-yasayir\/","og_site_name":"MEYDAN.TV","article_published_time":"2024-02-13T07:45:46+00:00","article_modified_time":"2024-02-13T07:45:59+00:00","og_image":[{"width":1599,"height":899,"url":"https:\/\/www.meydan.tv\/wp-content\/uploads\/img-20240202-wa0030.jpg","type":"image\/jpeg"}],"author":"elli","twitter_card":"summary_large_image","twitter_creator":"@elli","schema":{"@context":"https:\/\/schema.org","@graph":[{"@type":"Article","@id":"https:\/\/www.meydan.tv\/az\/article\/sekide-issiz-ve-komeksiz-aile-4-azyasli-rutubetli-palciq-evde-yasayir\/#article","isPartOf":{"@id":"https:\/\/www.meydan.tv\/az\/article\/sekide-issiz-ve-komeksiz-aile-4-azyasli-rutubetli-palciq-evde-yasayir\/"},"author":{"name":"elli","@id":"https:\/\/www.meydan.tv\/az\/#\/schema\/person\/9cdbecf90d17180ce1dfbd95b08dcf47"},"headline":"\u015e\u0259kid\u0259 i\u015fsiz v\u0259 k\u00f6m\u0259ksiz ail\u0259: &#8220;4 azya\u015fl\u0131 r\u00fctub\u0259tli pal\u00e7\u0131q evd\u0259 ya\u015fay\u0131r&#8221;","datePublished":"2024-02-13T07:45:46+00:00","dateModified":"2024-02-13T07:45:59+00:00","mainEntityOfPage":{"@id":"https:\/\/www.meydan.tv\/az\/article\/sekide-issiz-ve-komeksiz-aile-4-azyasli-rutubetli-palciq-evde-yasayir\/"},"wordCount":2747,"publisher":{"@id":"https:\/\/www.meydan.tv\/az\/#organization"},"image":{"@id":"https:\/\/www.meydan.tv\/az\/article\/sekide-issiz-ve-komeksiz-aile-4-azyasli-rutubetli-palciq-evde-yasayir\/#primaryimage"},"thumbnailUrl":"https:\/\/www.meydan.tv\/wp-content\/uploads\/img-20240202-wa0030.jpg","articleSection":["B\u00f6lg\u0259","X\u0259b\u0259rl\u0259r"],"inLanguage":"az"},{"@type":"WebPage","@id":"https:\/\/www.meydan.tv\/az\/article\/sekide-issiz-ve-komeksiz-aile-4-azyasli-rutubetli-palciq-evde-yasayir\/","url":"https:\/\/www.meydan.tv\/az\/article\/sekide-issiz-ve-komeksiz-aile-4-azyasli-rutubetli-palciq-evde-yasayir\/","name":"\u015e\u0259kid\u0259 i\u015fsiz v\u0259 k\u00f6m\u0259ksiz ail\u0259: \"4 azya\u015fl\u0131 r\u00fctub\u0259tli pal\u00e7\u0131q evd\u0259 ya\u015fay\u0131r\" - MEYDAN.TV","isPartOf":{"@id":"https:\/\/www.meydan.tv\/az\/#website"},"primaryImageOfPage":{"@id":"https:\/\/www.meydan.tv\/az\/article\/sekide-issiz-ve-komeksiz-aile-4-azyasli-rutubetli-palciq-evde-yasayir\/#primaryimage"},"image":{"@id":"https:\/\/www.meydan.tv\/az\/article\/sekide-issiz-ve-komeksiz-aile-4-azyasli-rutubetli-palciq-evde-yasayir\/#primaryimage"},"thumbnailUrl":"https:\/\/www.meydan.tv\/wp-content\/uploads\/img-20240202-wa0030.jpg","datePublished":"2024-02-13T07:45:46+00:00","dateModified":"2024-02-13T07:45:59+00:00","breadcrumb":{"@id":"https:\/\/www.meydan.tv\/az\/article\/sekide-issiz-ve-komeksiz-aile-4-azyasli-rutubetli-palciq-evde-yasayir\/#breadcrumb"},"inLanguage":"az","potentialAction":[{"@type":"ReadAction","target":["https:\/\/www.meydan.tv\/az\/article\/sekide-issiz-ve-komeksiz-aile-4-azyasli-rutubetli-palciq-evde-yasayir\/"]}]},{"@type":"ImageObject","inLanguage":"az","@id":"https:\/\/www.meydan.tv\/az\/article\/sekide-issiz-ve-komeksiz-aile-4-azyasli-rutubetli-palciq-evde-yasayir\/#primaryimage","url":"https:\/\/www.meydan.tv\/wp-content\/uploads\/img-20240202-wa0030.jpg","contentUrl":"https:\/\/www.meydan.tv\/wp-content\/uploads\/img-20240202-wa0030.jpg","width":1599,"height":899,"caption":"Fotolar: Meydan TV"},{"@type":"BreadcrumbList","@id":"https:\/\/www.meydan.tv\/az\/article\/sekide-issiz-ve-komeksiz-aile-4-azyasli-rutubetli-palciq-evde-yasayir\/#breadcrumb","itemListElement":[{"@type":"ListItem","position":1,"name":"Ana s\u0259hif\u0259","item":"https:\/\/www.meydan.tv\/az\/"},{"@type":"ListItem","position":2,"name":"B\u00f6lg\u0259","item":"https:\/\/www.meydan.tv\/az\/section\/bolge\/"},{"@type":"ListItem","position":3,"name":"\u015e\u0259kid\u0259 i\u015fsiz v\u0259 k\u00f6m\u0259ksiz ail\u0259: &#8220;4 azya\u015fl\u0131 r\u00fctub\u0259tli pal\u00e7\u0131q evd\u0259 ya\u015fay\u0131r&#8221;"}]},{"@type":"WebSite","@id":"https:\/\/www.meydan.tv\/az\/#website","url":"https:\/\/www.meydan.tv\/az\/","name":"MEYDAN.TV","description":"Meydan TV Az\u0259rbaycan\u0131n media m\u0259kan\u0131ndak\u0131 alternativ s\u0259sidir","publisher":{"@id":"https:\/\/www.meydan.tv\/az\/#organization"},"potentialAction":[{"@type":"SearchAction","target":{"@type":"EntryPoint","urlTemplate":"https:\/\/www.meydan.tv\/az\/?s={search_term_string}"},"query-input":{"@type":"PropertyValueSpecification","valueRequired":true,"valueName":"search_term_string"}}],"inLanguage":"az"},{"@type":"Organization","@id":"https:\/\/www.meydan.tv\/az\/#organization","name":"Meydan TV","url":"https:\/\/www.meydan.tv\/az\/","logo":{"@type":"ImageObject","inLanguage":"az","@id":"https:\/\/www.meydan.tv\/az\/#\/schema\/logo\/image\/","url":"https:\/\/www.meydan.tv\/wp-content\/uploads\/2021\/07\/meydan-logo.svg","contentUrl":"https:\/\/www.meydan.tv\/wp-content\/uploads\/2021\/07\/meydan-logo.svg","width":195,"height":46,"caption":"Meydan TV"},"image":{"@id":"https:\/\/www.meydan.tv\/az\/#\/schema\/logo\/image\/"}},{"@type":"Person","@id":"https:\/\/www.meydan.tv\/az\/#\/schema\/person\/9cdbecf90d17180ce1dfbd95b08dcf47","name":"elli","sameAs":["https:\/\/x.com\/elli"]}]}},"_links":{"self":[{"href":"https:\/\/www.meydan.tv\/az\/wp-json\/wp\/v2\/posts\/297814","targetHints":{"allow":["GET"]}}],"collection":[{"href":"https:\/\/www.meydan.tv\/az\/wp-json\/wp\/v2\/posts"}],"about":[{"href":"https:\/\/www.meydan.tv\/az\/wp-json\/wp\/v2\/types\/post"}],"author":[{"embeddable":true,"href":"https:\/\/www.meydan.tv\/az\/wp-json\/wp\/v2\/users\/8"}],"replies":[{"embeddable":true,"href":"https:\/\/www.meydan.tv\/az\/wp-json\/wp\/v2\/comments?post=297814"}],"version-history":[{"count":3,"href":"https:\/\/www.meydan.tv\/az\/wp-json\/wp\/v2\/posts\/297814\/revisions"}],"predecessor-version":[{"id":297839,"href":"https:\/\/www.meydan.tv\/az\/wp-json\/wp\/v2\/posts\/297814\/revisions\/297839"}],"wp:featuredmedia":[{"embeddable":true,"href":"https:\/\/www.meydan.tv\/az\/wp-json\/wp\/v2\/media\/297809"}],"wp:attachment":[{"href":"https:\/\/www.meydan.tv\/az\/wp-json\/wp\/v2\/media?parent=297814"}],"wp:term":[{"taxonomy":"category","embeddable":true,"href":"https:\/\/www.meydan.tv\/az\/wp-json\/wp\/v2\/categories?post=297814"},{"taxonomy":"post_tag","embeddable":true,"href":"https:\/\/www.meydan.tv\/az\/wp-json\/wp\/v2\/tags?post=297814"}],"curies":[{"name":"wp","href":"https:\/\/api.w.org\/{rel}","templated":true}]}}