{"id":297755,"date":"2024-02-12T18:16:42","date_gmt":"2024-02-12T14:16:42","guid":{"rendered":"https:\/\/www.meydan.tv\/?p=297755"},"modified":"2024-02-12T19:30:00","modified_gmt":"2024-02-12T15:30:00","slug":"ermenistan-azerbaycan-serhedinde-atisma-1-herbcinin-yaralandigi-bildirilir","status":"publish","type":"post","link":"https:\/\/www.meydan.tv\/az\/article\/ermenistan-azerbaycan-serhedinde-atisma-1-herbcinin-yaralandigi-bildirilir\/","title":{"rendered":"Erm\u0259nistan-Az\u0259rbaycan s\u0259rh\u0259dind\u0259 at\u0131\u015fma: 1 h\u0259rb\u00e7inin yaraland\u0131\u011f\u0131 bildirilir"},"content":{"rendered":"\n<p><\/p>\n\n\n\n<p><strong><em>Erm\u0259nistan\u0131n M\u00fcdafi\u0259 Nazirliyinin H\u0259rbi polisi at\u0131\u015fma il\u0259 ba\u011fl\u0131 a\u00e7\u0131qlama yay\u0131b<\/em><\/strong><\/p>\n\n\n\n<p>Erm\u0259nistan-Az\u0259rbaycan s\u0259rh\u0259dind\u0259 at\u0259\u015fk\u0259sin pozuldu\u011fu v\u0259 1 h\u0259rb\u00e7inin yaraland\u0131\u011f\u0131 bildirilir.<\/p>\n\n\n\n<p>Bu bar\u0259d\u0259 fevral\u0131n 12-d\u0259 H\u0259rbi Prokurorlu\u011fun M\u0259tbuat xidm\u0259ti m\u0259lumat yay\u0131b.<\/p>\n\n\n\n<p>Qeyd edilib ki, D\u00f6vl\u0259t S\u0259rh\u0259d Xidm\u0259tinin N sayl\u0131 h\u0259rbi hiss\u0259sinin \u0259sg\u0259ri P\u0259rviz X\u0259lilzad\u0259nin Erm\u0259nistan t\u0259r\u0259fd\u0259n odlu silahdan a\u00e7\u0131lm\u0131\u015f at\u0259\u015f n\u0259tic\u0259sind\u0259 yaralanmas\u0131 bar\u0259d\u0259 Qubadl\u0131 H\u0259rbi Prokurorlu\u011funa m\u0259lumat daxil olub.<\/p>\n\n\n\n<p>M\u0259lumatda Qubadl\u0131 H\u0259rbi Prokurorlu\u011funun h\u0259rb\u00e7id\u0259n izahat ald\u0131\u011f\u0131 vur\u011fulan\u0131b:<\/p>\n\n\n\n<p>&#8220;<em>H\u0259rbi Prokurorlu\u011fun Kriminalistika v\u0259 \u0130nformasiya Texnologiyalar\u0131 idar\u0259sinin \u0259m\u0259kda\u015flar\u0131 il\u0259 birlikd\u0259 m\u00fcvafiq z\u0259ruri t\u0259dbirl\u0259r g\u00f6r\u00fclm\u00fc\u015f, hadis\u0259 yerin\u0259 bax\u0131\u015f ke\u00e7irilmi\u015f v\u0259 dig\u0259r h\u0259r\u0259k\u0259tl\u0259r icra edilib&#8221;<\/em>.<\/p>\n\n\n\n<p>Fakt \u00fczr\u0259 Qubadl\u0131 h\u0259rbi prokurorlu\u011funda Cinay\u0259t M\u0259c\u0259ll\u0259sinin 29,120.2.12-ci (milli, irqi, dini \u0259dav\u0259t v\u0259 ya d\u00fc\u015fm\u0259n\u00e7ilik niyy\u0259ti il\u0259 q\u0259sd\u0259n adam \u00f6ld\u00fcrm\u0259y\u0259 c\u0259hd) madd\u0259si il\u0259 cinay\u0259t i\u015fi a\u00e7\u0131l\u0131b:<\/p>\n\n\n\n<p><em>&#8220;\u015eahidl\u0259r dindirilib, m\u00fcvafiq ekspertizalar t\u0259yin edil\u0259r\u0259k, icraya y\u00f6n\u0259ldilib v\u0259 t\u0259xir\u0259sal\u0131nmaz z\u0259ruri istintaq h\u0259r\u0259k\u0259tl\u0259ri h\u0259yata ke\u00e7irilib. Haz\u0131rda istintaq davam etdirilir, qanunvericiliyin v\u0259 beyn\u0259lxalq h\u00fcququn ham\u0131l\u0131qla q\u0259bul edilmi\u015f norma v\u0259 prinsipl\u0259rinin t\u0259l\u0259bl\u0259rin\u0259 uy\u011fun olaraq b\u00fct\u00fcn t\u0259dbirl\u0259rin g\u00f6r\u00fclm\u0259si t\u0259min olunacaq&#8221;<\/em>.<\/p>\n\n\n\n<p>Erm\u0259nistan\u0131n M\u00fcdafi\u0259 Nazirliyinin H\u0259rbi polisi at\u0131\u015fma il\u0259 ba\u011fl\u0131 <a href=\"https:\/\/armenpress.am\/rus\/news\/1130129.html\">a\u00e7\u0131qlama<\/a> yay\u0131b.<\/p>\n\n\n\n<p>Bildirilir ki, fevral\u0131n 12-d\u0259 Erm\u0259nistan-Az\u0259rbaycan d\u00f6vl\u0259t s\u0259rh\u0259dind\u0259 erm\u0259ni h\u0259rbi qulluq\u00e7ular\u0131n\u0131n at\u0259\u015f a\u00e7mas\u0131 il\u0259 ba\u011fl\u0131 Az\u0259rbaycan m\u0259tbuat\u0131nda yay\u0131lan m\u0259lumatlar ara\u015fd\u0131r\u0131l\u0131r.<\/p>\n\n\n\n<p><em>\u201c\u0130lkin m\u0259lumata g\u00f6r\u0259, fevral\u0131n 12-d\u0259 bu \u0259razid\u0259 bel\u0259 bir v\u0259ziyy\u0259t olmay\u0131b. Bu hal t\u0259sdiql\u0259n\u0259rs\u0259, \u0259mri pozan \u015f\u0259xsl\u0259r m\u0259suliyy\u0259t\u0259 c\u0259lb olunacaqlar\u201d,<\/em> &#8211; dey\u0259 qurumun m\u0259tbuat xidm\u0259tind\u0259n bildirilib.<\/p>\n","protected":false},"excerpt":{"rendered":"<p>Erm\u0259nistan\u0131n M\u00fcdafi\u0259 Nazirliyinin H\u0259rbi polisi at\u0131\u015fma il\u0259 ba\u011fl\u0131 a\u00e7\u0131qlama yay\u0131b &#8230; <\/p>\n<p class=\"read-more-container\"><a title=\"Erm\u0259nistan-Az\u0259rbaycan s\u0259rh\u0259dind\u0259 at\u0131\u015fma: 1 h\u0259rb\u00e7inin yaraland\u0131\u011f\u0131 bildirilir\" class=\"read-more button\" href=\"https:\/\/www.meydan.tv\/az\/article\/ermenistan-azerbaycan-serhedinde-atisma-1-herbcinin-yaralandigi-bildirilir\/#more-297755\" aria-label=\"Read more about Erm\u0259nistan-Az\u0259rbaycan s\u0259rh\u0259dind\u0259 at\u0131\u015fma: 1 h\u0259rb\u00e7inin yaraland\u0131\u011f\u0131 bildirilir\">Davam\u0131<\/a><\/p>\n","protected":false},"author":8,"featured_media":289644,"comment_status":"closed","ping_status":"closed","sticky":false,"template":"","format":"standard","meta":{"_acf_changed":false,"_sitemap_exclude":false,"_sitemap_priority":"","_sitemap_frequency":"","footnotes":""},"categories":[59,79,56],"tags":[],"class_list":["post-297755","post","type-post","status-publish","format-standard","has-post-thumbnail","hentry","category-siyaset","category-featured","category-xeberler","infinite-scroll-item","generate-columns","tablet-grid-50","mobile-grid-100","grid-parent","grid-33","no-featured-image-padding"],"acf":[],"yoast_head":"<!-- This site is optimized with the Yoast SEO plugin v27.4 - https:\/\/yoast.com\/product\/yoast-seo-wordpress\/ -->\n<title>Erm\u0259nistan-Az\u0259rbaycan s\u0259rh\u0259dind\u0259 at\u0131\u015fma: 1 h\u0259rb\u00e7inin yaraland\u0131\u011f\u0131 bildirilir - MEYDAN.TV<\/title>\n<meta name=\"robots\" content=\"index, follow, max-snippet:-1, max-image-preview:large, max-video-preview:-1\" \/>\n<link rel=\"canonical\" href=\"https:\/\/www.meydan.tv\/az\/article\/ermenistan-azerbaycan-serhedinde-atisma-1-herbcinin-yaralandigi-bildirilir\/\" \/>\n<meta property=\"og:locale\" content=\"az_AZ\" \/>\n<meta property=\"og:type\" content=\"article\" \/>\n<meta property=\"og:title\" content=\"Erm\u0259nistan-Az\u0259rbaycan s\u0259rh\u0259dind\u0259 at\u0131\u015fma: 1 h\u0259rb\u00e7inin yaraland\u0131\u011f\u0131 bildirilir - MEYDAN.TV\" \/>\n<meta property=\"og:description\" content=\"Erm\u0259nistan\u0131n M\u00fcdafi\u0259 Nazirliyinin H\u0259rbi polisi at\u0131\u015fma il\u0259 ba\u011fl\u0131 a\u00e7\u0131qlama yay\u0131b ... Davam\u0131\" \/>\n<meta property=\"og:url\" content=\"https:\/\/www.meydan.tv\/az\/article\/ermenistan-azerbaycan-serhedinde-atisma-1-herbcinin-yaralandigi-bildirilir\/\" \/>\n<meta property=\"og:site_name\" content=\"MEYDAN.TV\" \/>\n<meta property=\"article:published_time\" content=\"2024-02-12T14:16:42+00:00\" \/>\n<meta property=\"article:modified_time\" content=\"2024-02-12T15:30:00+00:00\" \/>\n<meta property=\"og:image\" content=\"https:\/\/www.meydan.tv\/wp-content\/uploads\/shutterstock_2364253631.jpg\" \/>\n\t<meta property=\"og:image:width\" content=\"1200\" \/>\n\t<meta property=\"og:image:height\" content=\"800\" \/>\n\t<meta property=\"og:image:type\" content=\"image\/jpeg\" \/>\n<meta name=\"author\" content=\"elli\" \/>\n<meta name=\"twitter:card\" content=\"summary_large_image\" \/>\n<meta name=\"twitter:creator\" content=\"@elli\" \/>\n<script type=\"application\/ld+json\" class=\"yoast-schema-graph\">{\"@context\":\"https:\\\/\\\/schema.org\",\"@graph\":[{\"@type\":\"Article\",\"@id\":\"https:\\\/\\\/www.meydan.tv\\\/az\\\/article\\\/ermenistan-azerbaycan-serhedinde-atisma-1-herbcinin-yaralandigi-bildirilir\\\/#article\",\"isPartOf\":{\"@id\":\"https:\\\/\\\/www.meydan.tv\\\/az\\\/article\\\/ermenistan-azerbaycan-serhedinde-atisma-1-herbcinin-yaralandigi-bildirilir\\\/\"},\"author\":{\"name\":\"elli\",\"@id\":\"https:\\\/\\\/www.meydan.tv\\\/az\\\/#\\\/schema\\\/person\\\/9cdbecf90d17180ce1dfbd95b08dcf47\"},\"headline\":\"Erm\u0259nistan-Az\u0259rbaycan s\u0259rh\u0259dind\u0259 at\u0131\u015fma: 1 h\u0259rb\u00e7inin yaraland\u0131\u011f\u0131 bildirilir\",\"datePublished\":\"2024-02-12T14:16:42+00:00\",\"dateModified\":\"2024-02-12T15:30:00+00:00\",\"mainEntityOfPage\":{\"@id\":\"https:\\\/\\\/www.meydan.tv\\\/az\\\/article\\\/ermenistan-azerbaycan-serhedinde-atisma-1-herbcinin-yaralandigi-bildirilir\\\/\"},\"wordCount\":394,\"publisher\":{\"@id\":\"https:\\\/\\\/www.meydan.tv\\\/az\\\/#organization\"},\"image\":{\"@id\":\"https:\\\/\\\/www.meydan.tv\\\/az\\\/article\\\/ermenistan-azerbaycan-serhedinde-atisma-1-herbcinin-yaralandigi-bildirilir\\\/#primaryimage\"},\"thumbnailUrl\":\"https:\\\/\\\/www.meydan.tv\\\/wp-content\\\/uploads\\\/shutterstock_2364253631-e1761135317505.jpg\",\"articleSection\":[\"Siyas\u0259t\",\"T\u00f6vsiy\u0259\",\"X\u0259b\u0259rl\u0259r\"],\"inLanguage\":\"az\"},{\"@type\":\"WebPage\",\"@id\":\"https:\\\/\\\/www.meydan.tv\\\/az\\\/article\\\/ermenistan-azerbaycan-serhedinde-atisma-1-herbcinin-yaralandigi-bildirilir\\\/\",\"url\":\"https:\\\/\\\/www.meydan.tv\\\/az\\\/article\\\/ermenistan-azerbaycan-serhedinde-atisma-1-herbcinin-yaralandigi-bildirilir\\\/\",\"name\":\"Erm\u0259nistan-Az\u0259rbaycan s\u0259rh\u0259dind\u0259 at\u0131\u015fma: 1 h\u0259rb\u00e7inin yaraland\u0131\u011f\u0131 bildirilir - MEYDAN.TV\",\"isPartOf\":{\"@id\":\"https:\\\/\\\/www.meydan.tv\\\/az\\\/#website\"},\"primaryImageOfPage\":{\"@id\":\"https:\\\/\\\/www.meydan.tv\\\/az\\\/article\\\/ermenistan-azerbaycan-serhedinde-atisma-1-herbcinin-yaralandigi-bildirilir\\\/#primaryimage\"},\"image\":{\"@id\":\"https:\\\/\\\/www.meydan.tv\\\/az\\\/article\\\/ermenistan-azerbaycan-serhedinde-atisma-1-herbcinin-yaralandigi-bildirilir\\\/#primaryimage\"},\"thumbnailUrl\":\"https:\\\/\\\/www.meydan.tv\\\/wp-content\\\/uploads\\\/shutterstock_2364253631-e1761135317505.jpg\",\"datePublished\":\"2024-02-12T14:16:42+00:00\",\"dateModified\":\"2024-02-12T15:30:00+00:00\",\"breadcrumb\":{\"@id\":\"https:\\\/\\\/www.meydan.tv\\\/az\\\/article\\\/ermenistan-azerbaycan-serhedinde-atisma-1-herbcinin-yaralandigi-bildirilir\\\/#breadcrumb\"},\"inLanguage\":\"az\",\"potentialAction\":[{\"@type\":\"ReadAction\",\"target\":[\"https:\\\/\\\/www.meydan.tv\\\/az\\\/article\\\/ermenistan-azerbaycan-serhedinde-atisma-1-herbcinin-yaralandigi-bildirilir\\\/\"]}]},{\"@type\":\"ImageObject\",\"inLanguage\":\"az\",\"@id\":\"https:\\\/\\\/www.meydan.tv\\\/az\\\/article\\\/ermenistan-azerbaycan-serhedinde-atisma-1-herbcinin-yaralandigi-bildirilir\\\/#primaryimage\",\"url\":\"https:\\\/\\\/www.meydan.tv\\\/wp-content\\\/uploads\\\/shutterstock_2364253631-e1761135317505.jpg\",\"contentUrl\":\"https:\\\/\\\/www.meydan.tv\\\/wp-content\\\/uploads\\\/shutterstock_2364253631-e1761135317505.jpg\",\"width\":900,\"height\":559,\"caption\":\"Erm\u0259nistan-Az\u0259rbaycan. Foto: Michele Ursi\\\/shutterstock\"},{\"@type\":\"BreadcrumbList\",\"@id\":\"https:\\\/\\\/www.meydan.tv\\\/az\\\/article\\\/ermenistan-azerbaycan-serhedinde-atisma-1-herbcinin-yaralandigi-bildirilir\\\/#breadcrumb\",\"itemListElement\":[{\"@type\":\"ListItem\",\"position\":1,\"name\":\"Ana s\u0259hif\u0259\",\"item\":\"https:\\\/\\\/www.meydan.tv\\\/az\\\/\"},{\"@type\":\"ListItem\",\"position\":2,\"name\":\"Siyas\u0259t\",\"item\":\"https:\\\/\\\/www.meydan.tv\\\/az\\\/section\\\/siyaset\\\/\"},{\"@type\":\"ListItem\",\"position\":3,\"name\":\"Erm\u0259nistan-Az\u0259rbaycan s\u0259rh\u0259dind\u0259 at\u0131\u015fma: 1 h\u0259rb\u00e7inin yaraland\u0131\u011f\u0131 bildirilir\"}]},{\"@type\":\"WebSite\",\"@id\":\"https:\\\/\\\/www.meydan.tv\\\/az\\\/#website\",\"url\":\"https:\\\/\\\/www.meydan.tv\\\/az\\\/\",\"name\":\"MEYDAN.TV\",\"description\":\"Meydan TV Az\u0259rbaycan\u0131n media m\u0259kan\u0131ndak\u0131 alternativ s\u0259sidir\",\"publisher\":{\"@id\":\"https:\\\/\\\/www.meydan.tv\\\/az\\\/#organization\"},\"potentialAction\":[{\"@type\":\"SearchAction\",\"target\":{\"@type\":\"EntryPoint\",\"urlTemplate\":\"https:\\\/\\\/www.meydan.tv\\\/az\\\/?s={search_term_string}\"},\"query-input\":{\"@type\":\"PropertyValueSpecification\",\"valueRequired\":true,\"valueName\":\"search_term_string\"}}],\"inLanguage\":\"az\"},{\"@type\":\"Organization\",\"@id\":\"https:\\\/\\\/www.meydan.tv\\\/az\\\/#organization\",\"name\":\"Meydan TV\",\"url\":\"https:\\\/\\\/www.meydan.tv\\\/az\\\/\",\"logo\":{\"@type\":\"ImageObject\",\"inLanguage\":\"az\",\"@id\":\"https:\\\/\\\/www.meydan.tv\\\/az\\\/#\\\/schema\\\/logo\\\/image\\\/\",\"url\":\"https:\\\/\\\/www.meydan.tv\\\/wp-content\\\/uploads\\\/2021\\\/07\\\/meydan-logo.svg\",\"contentUrl\":\"https:\\\/\\\/www.meydan.tv\\\/wp-content\\\/uploads\\\/2021\\\/07\\\/meydan-logo.svg\",\"width\":195,\"height\":46,\"caption\":\"Meydan TV\"},\"image\":{\"@id\":\"https:\\\/\\\/www.meydan.tv\\\/az\\\/#\\\/schema\\\/logo\\\/image\\\/\"}},{\"@type\":\"Person\",\"@id\":\"https:\\\/\\\/www.meydan.tv\\\/az\\\/#\\\/schema\\\/person\\\/9cdbecf90d17180ce1dfbd95b08dcf47\",\"name\":\"elli\",\"sameAs\":[\"https:\\\/\\\/x.com\\\/elli\"]}]}<\/script>\n<!-- \/ Yoast SEO plugin. -->","yoast_head_json":{"title":"Erm\u0259nistan-Az\u0259rbaycan s\u0259rh\u0259dind\u0259 at\u0131\u015fma: 1 h\u0259rb\u00e7inin yaraland\u0131\u011f\u0131 bildirilir - MEYDAN.TV","robots":{"index":"index","follow":"follow","max-snippet":"max-snippet:-1","max-image-preview":"max-image-preview:large","max-video-preview":"max-video-preview:-1"},"canonical":"https:\/\/www.meydan.tv\/az\/article\/ermenistan-azerbaycan-serhedinde-atisma-1-herbcinin-yaralandigi-bildirilir\/","og_locale":"az_AZ","og_type":"article","og_title":"Erm\u0259nistan-Az\u0259rbaycan s\u0259rh\u0259dind\u0259 at\u0131\u015fma: 1 h\u0259rb\u00e7inin yaraland\u0131\u011f\u0131 bildirilir - MEYDAN.TV","og_description":"Erm\u0259nistan\u0131n M\u00fcdafi\u0259 Nazirliyinin H\u0259rbi polisi at\u0131\u015fma il\u0259 ba\u011fl\u0131 a\u00e7\u0131qlama yay\u0131b ... Davam\u0131","og_url":"https:\/\/www.meydan.tv\/az\/article\/ermenistan-azerbaycan-serhedinde-atisma-1-herbcinin-yaralandigi-bildirilir\/","og_site_name":"MEYDAN.TV","article_published_time":"2024-02-12T14:16:42+00:00","article_modified_time":"2024-02-12T15:30:00+00:00","og_image":[{"width":1200,"height":800,"url":"https:\/\/www.meydan.tv\/wp-content\/uploads\/shutterstock_2364253631.jpg","type":"image\/jpeg"}],"author":"elli","twitter_card":"summary_large_image","twitter_creator":"@elli","schema":{"@context":"https:\/\/schema.org","@graph":[{"@type":"Article","@id":"https:\/\/www.meydan.tv\/az\/article\/ermenistan-azerbaycan-serhedinde-atisma-1-herbcinin-yaralandigi-bildirilir\/#article","isPartOf":{"@id":"https:\/\/www.meydan.tv\/az\/article\/ermenistan-azerbaycan-serhedinde-atisma-1-herbcinin-yaralandigi-bildirilir\/"},"author":{"name":"elli","@id":"https:\/\/www.meydan.tv\/az\/#\/schema\/person\/9cdbecf90d17180ce1dfbd95b08dcf47"},"headline":"Erm\u0259nistan-Az\u0259rbaycan s\u0259rh\u0259dind\u0259 at\u0131\u015fma: 1 h\u0259rb\u00e7inin yaraland\u0131\u011f\u0131 bildirilir","datePublished":"2024-02-12T14:16:42+00:00","dateModified":"2024-02-12T15:30:00+00:00","mainEntityOfPage":{"@id":"https:\/\/www.meydan.tv\/az\/article\/ermenistan-azerbaycan-serhedinde-atisma-1-herbcinin-yaralandigi-bildirilir\/"},"wordCount":394,"publisher":{"@id":"https:\/\/www.meydan.tv\/az\/#organization"},"image":{"@id":"https:\/\/www.meydan.tv\/az\/article\/ermenistan-azerbaycan-serhedinde-atisma-1-herbcinin-yaralandigi-bildirilir\/#primaryimage"},"thumbnailUrl":"https:\/\/www.meydan.tv\/wp-content\/uploads\/shutterstock_2364253631-e1761135317505.jpg","articleSection":["Siyas\u0259t","T\u00f6vsiy\u0259","X\u0259b\u0259rl\u0259r"],"inLanguage":"az"},{"@type":"WebPage","@id":"https:\/\/www.meydan.tv\/az\/article\/ermenistan-azerbaycan-serhedinde-atisma-1-herbcinin-yaralandigi-bildirilir\/","url":"https:\/\/www.meydan.tv\/az\/article\/ermenistan-azerbaycan-serhedinde-atisma-1-herbcinin-yaralandigi-bildirilir\/","name":"Erm\u0259nistan-Az\u0259rbaycan s\u0259rh\u0259dind\u0259 at\u0131\u015fma: 1 h\u0259rb\u00e7inin yaraland\u0131\u011f\u0131 bildirilir - MEYDAN.TV","isPartOf":{"@id":"https:\/\/www.meydan.tv\/az\/#website"},"primaryImageOfPage":{"@id":"https:\/\/www.meydan.tv\/az\/article\/ermenistan-azerbaycan-serhedinde-atisma-1-herbcinin-yaralandigi-bildirilir\/#primaryimage"},"image":{"@id":"https:\/\/www.meydan.tv\/az\/article\/ermenistan-azerbaycan-serhedinde-atisma-1-herbcinin-yaralandigi-bildirilir\/#primaryimage"},"thumbnailUrl":"https:\/\/www.meydan.tv\/wp-content\/uploads\/shutterstock_2364253631-e1761135317505.jpg","datePublished":"2024-02-12T14:16:42+00:00","dateModified":"2024-02-12T15:30:00+00:00","breadcrumb":{"@id":"https:\/\/www.meydan.tv\/az\/article\/ermenistan-azerbaycan-serhedinde-atisma-1-herbcinin-yaralandigi-bildirilir\/#breadcrumb"},"inLanguage":"az","potentialAction":[{"@type":"ReadAction","target":["https:\/\/www.meydan.tv\/az\/article\/ermenistan-azerbaycan-serhedinde-atisma-1-herbcinin-yaralandigi-bildirilir\/"]}]},{"@type":"ImageObject","inLanguage":"az","@id":"https:\/\/www.meydan.tv\/az\/article\/ermenistan-azerbaycan-serhedinde-atisma-1-herbcinin-yaralandigi-bildirilir\/#primaryimage","url":"https:\/\/www.meydan.tv\/wp-content\/uploads\/shutterstock_2364253631-e1761135317505.jpg","contentUrl":"https:\/\/www.meydan.tv\/wp-content\/uploads\/shutterstock_2364253631-e1761135317505.jpg","width":900,"height":559,"caption":"Erm\u0259nistan-Az\u0259rbaycan. Foto: Michele Ursi\/shutterstock"},{"@type":"BreadcrumbList","@id":"https:\/\/www.meydan.tv\/az\/article\/ermenistan-azerbaycan-serhedinde-atisma-1-herbcinin-yaralandigi-bildirilir\/#breadcrumb","itemListElement":[{"@type":"ListItem","position":1,"name":"Ana s\u0259hif\u0259","item":"https:\/\/www.meydan.tv\/az\/"},{"@type":"ListItem","position":2,"name":"Siyas\u0259t","item":"https:\/\/www.meydan.tv\/az\/section\/siyaset\/"},{"@type":"ListItem","position":3,"name":"Erm\u0259nistan-Az\u0259rbaycan s\u0259rh\u0259dind\u0259 at\u0131\u015fma: 1 h\u0259rb\u00e7inin yaraland\u0131\u011f\u0131 bildirilir"}]},{"@type":"WebSite","@id":"https:\/\/www.meydan.tv\/az\/#website","url":"https:\/\/www.meydan.tv\/az\/","name":"MEYDAN.TV","description":"Meydan TV Az\u0259rbaycan\u0131n media m\u0259kan\u0131ndak\u0131 alternativ s\u0259sidir","publisher":{"@id":"https:\/\/www.meydan.tv\/az\/#organization"},"potentialAction":[{"@type":"SearchAction","target":{"@type":"EntryPoint","urlTemplate":"https:\/\/www.meydan.tv\/az\/?s={search_term_string}"},"query-input":{"@type":"PropertyValueSpecification","valueRequired":true,"valueName":"search_term_string"}}],"inLanguage":"az"},{"@type":"Organization","@id":"https:\/\/www.meydan.tv\/az\/#organization","name":"Meydan TV","url":"https:\/\/www.meydan.tv\/az\/","logo":{"@type":"ImageObject","inLanguage":"az","@id":"https:\/\/www.meydan.tv\/az\/#\/schema\/logo\/image\/","url":"https:\/\/www.meydan.tv\/wp-content\/uploads\/2021\/07\/meydan-logo.svg","contentUrl":"https:\/\/www.meydan.tv\/wp-content\/uploads\/2021\/07\/meydan-logo.svg","width":195,"height":46,"caption":"Meydan TV"},"image":{"@id":"https:\/\/www.meydan.tv\/az\/#\/schema\/logo\/image\/"}},{"@type":"Person","@id":"https:\/\/www.meydan.tv\/az\/#\/schema\/person\/9cdbecf90d17180ce1dfbd95b08dcf47","name":"elli","sameAs":["https:\/\/x.com\/elli"]}]}},"_links":{"self":[{"href":"https:\/\/www.meydan.tv\/az\/wp-json\/wp\/v2\/posts\/297755","targetHints":{"allow":["GET"]}}],"collection":[{"href":"https:\/\/www.meydan.tv\/az\/wp-json\/wp\/v2\/posts"}],"about":[{"href":"https:\/\/www.meydan.tv\/az\/wp-json\/wp\/v2\/types\/post"}],"author":[{"embeddable":true,"href":"https:\/\/www.meydan.tv\/az\/wp-json\/wp\/v2\/users\/8"}],"replies":[{"embeddable":true,"href":"https:\/\/www.meydan.tv\/az\/wp-json\/wp\/v2\/comments?post=297755"}],"version-history":[{"count":4,"href":"https:\/\/www.meydan.tv\/az\/wp-json\/wp\/v2\/posts\/297755\/revisions"}],"predecessor-version":[{"id":297763,"href":"https:\/\/www.meydan.tv\/az\/wp-json\/wp\/v2\/posts\/297755\/revisions\/297763"}],"wp:featuredmedia":[{"embeddable":true,"href":"https:\/\/www.meydan.tv\/az\/wp-json\/wp\/v2\/media\/289644"}],"wp:attachment":[{"href":"https:\/\/www.meydan.tv\/az\/wp-json\/wp\/v2\/media?parent=297755"}],"wp:term":[{"taxonomy":"category","embeddable":true,"href":"https:\/\/www.meydan.tv\/az\/wp-json\/wp\/v2\/categories?post=297755"},{"taxonomy":"post_tag","embeddable":true,"href":"https:\/\/www.meydan.tv\/az\/wp-json\/wp\/v2\/tags?post=297755"}],"curies":[{"name":"wp","href":"https:\/\/api.w.org\/{rel}","templated":true}]}}