{"id":297745,"date":"2024-02-12T16:53:41","date_gmt":"2024-02-12T12:53:41","guid":{"rendered":"https:\/\/www.meydan.tv\/?p=297745"},"modified":"2024-02-12T16:53:45","modified_gmt":"2024-02-12T12:53:45","slug":"sederek-sahibinin-kecmis-xidmetcisi-goturmediyim-qizillari-boynuma-qoydular","status":"publish","type":"post","link":"https:\/\/www.meydan.tv\/az\/article\/sederek-sahibinin-kecmis-xidmetcisi-goturmediyim-qizillari-boynuma-qoydular\/","title":{"rendered":"\u201cS\u0259d\u0259r\u0259k\u201d sahibinin ke\u00e7mi\u015f xidm\u0259t\u00e7isi: \u201cG\u00f6t\u00fcrm\u0259diyim q\u0131z\u0131llar\u0131 boynuma qoydular&#8230;\u201d"},"content":{"rendered":"\n<p><\/p>\n\n\n\n<p><strong><em>\u201cYusif Q\u0259dimb\u0259yli v\u0259 ail\u0259sinin \u0259lind\u0259 oyuncaq olan m\u00fcst\u0259ntiq m\u0259nim ittiham\u0131m\u0131 he\u00e7 bir s\u00fcbut olmadan a\u011f\u0131rla\u015fd\u0131rd\u0131\u201d<\/em><\/strong><\/p>\n\n\n\n<p>\u201cS\u0259d\u0259r\u0259k\u201d Ticar\u0259t M\u0259rk\u0259zinin sahibi Yusif Q\u0259dimb\u0259ylinin evind\u0259n o\u011furluqla ba\u011fl\u0131 bir ild\u0259n \u00e7ox davam ed\u0259n m\u0259hk\u0259m\u0259 prosesi yekunla\u015f\u0131b. Bak\u0131 A\u011f\u0131r Cinay\u0259tl\u0259r M\u0259hk\u0259m\u0259sind\u0259 bu o\u011furluqda ittiham olunan Ruzan Cabbarovaya h\u00f6km oxunub. Hakim S\u0259bin\u0259 M\u0259mm\u0259dzad\u0259nin s\u0259drliyil\u0259 \u00e7\u0131xar\u0131lan h\u00f6km\u0259 \u0259sas\u0259n, Ruzan Cabbarova Cinay\u0259t M\u0259c\u0259ll\u0259sinin 177.4 (o\u011furluq &#8211; x\u00fcsusil\u0259 k\u00fclli miqdarda ziyan vurmaqla t\u00f6r\u0259dildikd\u0259) madd\u0259sil\u0259 t\u0259qsirli bilin\u0259r\u0259k, 11 il azadl\u0131qdan m\u0259hrum edilib. <\/p>\n\n\n\n<p>1980-ci il t\u0259v\u0259ll\u00fcdl\u00fc Ruzan Cabbarova Q\u0259dimb\u0259ylil\u0259rin evind\u0259 5 il xidm\u0259t\u00e7i i\u015fl\u0259yib. O, \u00f6z\u00fcn\u00fc Cinay\u0259t M\u0259c\u0259ll\u0259sinin 177.4 madd\u0259sil\u0259 t\u0259qsirli bilmir.<\/p>\n\n\n\n<p>\u0130ttihama \u0259sas\u0259n, Q\u0259dimb\u0259ylil\u0259rin evind\u0259n 803 min manatl\u0131q o\u011furluq olub. Bunun \u00e7ox az hiss\u0259si pul, qalan\u0131 is\u0259 q\u0131z\u0131l-zin\u0259t \u0259\u015fyalar\u0131 olub.<\/p>\n\n\n\n<p>Ruzan Cabbarova bildirir ki, daha a\u011f\u0131r madd\u0259 il\u0259 ittiham verm\u0259k \u00fc\u00e7\u00fcn q\u0131z\u0131l-zin\u0259t \u0259\u015fyalar\u0131n\u0131n say\u0131n\u0131, d\u0259y\u0259rini \u015fi\u015firdibl\u0259r. Onun s\u00f6zl\u0259rin\u0259 g\u00f6r\u0259, pul o\u011furlanmad\u0131\u011f\u0131 halda, ittihamda pul o\u011furland\u0131\u011f\u0131n\u0131 da yaz\u0131blar.<\/p>\n\n\n\n<p>Ruzan Cabbarova m\u0259hk\u0259m\u0259d\u0259 bildirib ki, Q\u0259dimb\u0259ylil\u0259rin evind\u0259n o\u011furluq edib v\u0259 buna g\u00f6r\u0259 \u00f6z\u00fcn\u00fc g\u00fcnahkar say\u0131r. O\u011furlad\u0131qlar\u0131n\u0131n da ham\u0131s\u0131n\u0131 qaytar\u0131b.<\/p>\n\n\n\n<p>Onun s\u00f6zl\u0259rin\u0259 g\u00f6r\u0259, \u201cS\u0259d\u0259r\u0259k\u201d sahibinin h\u0259yat yolda\u015f\u0131 F\u0259rid\u0259 Q\u0259dimova ifad\u0259sind\u0259 d\u0259ymi\u015f ziyan\u0131 3 d\u0259f\u0259 \u015fi\u015firdib, m\u00f6vcud olmayan, onun o\u011furlamad\u0131\u011f\u0131 \u0259\u015fyalar\u0131 da \u00fcz\u0259rin\u0259 y\u0131\u011f\u0131b.<\/p>\n\n\n\n<p>Ruzan Cabbarova m\u0259hk\u0259m\u0259d\u0259 dan\u0131\u015f\u0131b ki, Yusif Q\u0259dimb\u0259ylinin evind\u0259 ayl\u0131q 1100 manata xadim\u0259 i\u015fl\u0259yib. Amma r\u0259smi i\u015f\u00e7i olmay\u0131b, \u0259m\u0259k m\u00fcqavil\u0259si olmadan i\u015fl\u0259yib:<\/p>\n\n\n\n<p><em>\u201cM\u0259n \u015feytana uyub, n\u0259fsim\u0259 hakim olmad\u0131m, F\u0259rid\u0259 Q\u0259dimovan\u0131n evind\u0259n bir ne\u00e7\u0259 d\u0259f\u0259 telefon, x\u0131rda zin\u0259t \u0259\u015fyas\u0131, saat g\u00f6t\u00fcrd\u00fcm. Sonuncu d\u0259f\u0259 2022-ci ilin may\u0131nda F\u0259rid\u0259 Q\u0259dimovan\u0131n seyfd\u0259ki siyirm\u0259d\u0259 olan q\u0131z\u0131llar\u0131n\u0131 g\u00f6t\u00fcrd\u00fcm. Evd\u0259 he\u00e7 kim olmayanda ba\u011fda bankan\u0131n i\u00e7ind\u0259 basd\u0131rd\u0131m. \u0130yulun 19-da S\u0259bail Rayon Polis \u0130dar\u0259sinin \u0259m\u0259kda\u015flar\u0131 h\u0259yat yolda\u015f\u0131m\u0131 v\u0259 m\u0259ni saxlad\u0131lar. Evimiz\u0259 gedib u\u015faqlar\u0131m\u0131z\u0131 \u00e7\u0131xard\u0131lar, evd\u0259 d\u0259f\u0259l\u0259rl\u0259 axtar\u0131\u015f apard\u0131lar. H\u0259yat yolda\u015f\u0131m\u0131 1 sutka 9-c\u00fc polis b\u00f6lm\u0259sind\u0259 saxlad\u0131lar. S\u0259bail Rayon Polis \u0130dar\u0259sind\u0259 m\u0259n\u0259 t\u0259zyiq edirdil\u0259r, d\u00f6y\u00fcrd\u00fcl\u0259r, ail\u0259 \u00fczvl\u0259rimi h\u0259bs el\u0259m\u0259kl\u0259 h\u0259d\u0259l\u0259yirdil\u0259r. Dedim ki, m\u0259ni apars\u0131nlar ev\u0259, q\u0131z\u0131l\u0131 gizl\u0259tdiyim yeri g\u00f6st\u0259rim. \u018fm\u0259limd\u0259n pe\u015fman idim. M\u0259ni ev\u0259 aparmad\u0131lar. Amma bizim evd\u0259 olan polisl\u0259r telefonla g\u00f6r\u00fcnt\u00fcl\u00fc y\u0131\u011fd\u0131lar, m\u0259n q\u0131z\u0131llar\u0131 qoydu\u011fum yeri dedim. H\u0259min vaxt polisl\u0259r ham\u0131s\u0131n\u0131 \u00e7\u0131xar\u0131b evd\u0259n q\u0131z\u0131llar\u0131 g\u00f6t\u00fcr\u00fcbl\u0259r. Sonradan m\u0259ni bir d\u0259 apard\u0131lar, \u00e7\u0259kili\u015f el\u0259dil\u0259r, guya m\u0259nim yan\u0131mda \u00e7\u0131xar\u0131rlar. Polisl\u0259r evimizd\u0259 olan t\u0259hl\u00fck\u0259sizlik kameras\u0131n\u0131n yadda\u015f blokunu da g\u00f6t\u00fcr\u00fcb apard\u0131lar. M\u0259qs\u0259d d\u0259 o idi ki, evd\u0259 ba\u015f ver\u0259n qanunsuzluqlar\u0131 \u00f6rt-basd\u0131r el\u0259sinl\u0259r\u201d.<\/em><\/p>\n\n\n\n<p>Ruzan Cabbarovan\u0131n s\u00f6zl\u0259rin\u0259 g\u00f6r\u0259, \u0259vv\u0259l ona qar\u015f\u0131 Cinay\u0259t M\u0259c\u0259ll\u0259sinin 177.3.2 (o\u011furluq \u2013 k\u00fclli miqdarda ziyan vurmaqla t\u00f6r\u0259dildikd\u0259) madd\u0259sil\u0259 ittiham ir\u0259li s\u00fcr\u00fclm\u00fc\u015fd\u00fc. Vurulan ziyan\u0131n m\u0259bl\u0259\u011fi 50 mind\u0259n 500 min\u0259 q\u0259d\u0259r olanda bu madd\u0259 il\u0259 ittiham verilir. Bu madd\u0259nin sanksiyas\u0131nda c\u0259za 5 ild\u0259n 10 il\u0259 q\u0259d\u0259rdir. Lakin ziyan 500 min manatdan yuxar\u0131 olanda x\u00fcsusil\u0259 k\u00fclli miqdar say\u0131l\u0131r. Onun c\u0259zas\u0131 is\u0259 10 ild\u0259n 14 il\u0259 q\u0259d\u0259rdir.<\/p>\n\n\n\n<p>T\u0259qsirl\u0259ndiril\u0259n \u015f\u0259xs deyir ki, ona daha a\u011f\u0131r c\u0259za verilm\u0259si \u00fc\u00e7\u00fcn Q\u0259dimb\u0259ylil\u0259r ail\u0259si \u00f6z imkanlar\u0131ndan istifad\u0259 edib, istintaqa t\u0259sir g\u00f6st\u0259ribl\u0259r. N\u0259tic\u0259d\u0259 m\u0259bl\u0259\u011f \u015fi\u015firdilib v\u0259 istintaq\u0131n sonunda ona qar\u015f\u0131 Cinay\u0259t M\u0259c\u0259ll\u0259sinin 177.4 madd\u0259sil\u0259 ittiham ir\u0259li s\u00fcr\u00fcl\u00fcb:<\/p>\n\n\n\n<p><em>\u201cYusif Q\u0259dimb\u0259yli v\u0259 ail\u0259sinin \u0259lind\u0259 oyuncaq olan m\u00fcst\u0259ntiq m\u0259nim ittiham\u0131m\u0131 he\u00e7 bir s\u00fcbut olmadan a\u011f\u0131rla\u015fd\u0131rd\u0131. Halbuki, m\u0259n n\u0259 g\u00f6t\u00fcrm\u00fc\u015fd\u00fcms\u0259, qaytarm\u0131\u015fd\u0131m. Onlar\u0131n d\u0259y\u0259ri d\u0259 ekspert r\u0259yin\u0259 g\u00f6r\u0259 300 mind\u0259n bir q\u0259d\u0259r art\u0131q idi. \u018fg\u0259r ittihamda yazd\u0131qlar\u0131 o biri q\u0131z\u0131llar\u0131 m\u0259n g\u00f6t\u00fcrm\u00fc\u015f olsayd\u0131m, h\u0259bsd\u0259 bir g\u00fcn art\u0131q qalmamaq \u00fc\u00e7\u00fcn ver\u0259rdim. Ancaq m\u0259n onlar\u0131 g\u00f6t\u00fcrm\u0259mi\u015f\u0259m. El\u0259diyim s\u0259hvi boynuma al\u0131ram, \u00e7ox pe\u015fmanam. Amma c\u0259za da \u0259m\u0259l\u0259 uy\u011fun olmal\u0131d\u0131r. Haz\u0131rda imkanl\u0131 bir ail\u0259 qisas m\u0259qs\u0259dil\u0259 m\u0259ni m\u0259hv edir. O q\u0131z\u0131llar\u0131 m\u0259nim g\u00f6t\u00fcrd\u00fcy\u00fcm\u00fc s\u00fcbut el\u0259y\u0259n he\u00e7 bir fakt, d\u0259lil yoxdur. O q\u0131z\u0131llar sat\u0131lsayd\u0131, ba\u015fqa yerd\u0259 saxlan\u0131lsayd\u0131, istintaq orqan\u0131 bunlar\u0131 tapard\u0131. M\u0259nim 4 \u00f6vlad\u0131m var v\u0259 onlardan biri 11 ya\u015fl\u0131 q\u0131z u\u015fa\u011f\u0131d\u0131r. \u00d6z\u00fcm \u00f6d x\u0259st\u0259liyind\u0259n \u0259ziyy\u0259t \u00e7\u0259kir\u0259m&#8230;\u201d.<\/em><\/p>\n\n\n\n<p>Ruzan Cabbarova son s\u00f6z\u00fcnd\u0259 m\u0259hk\u0259m\u0259d\u0259n xahi\u015f edib ki, ona qar\u015f\u0131 ittiham Cinay\u0259t M\u0259c\u0259ll\u0259sinin 177.3.2-ci madd\u0259sin\u0259 t\u00f6vsif olunsun.<\/p>\n\n\n\n<p>Ruzan Cabbarovan\u0131n v\u0259kili G\u00fcnay \u0130smay\u0131lova da \u00e7\u0131x\u0131\u015f\u0131nda bildirib ki, cinay\u0259t i\u015finin materiallar\u0131nda ekspert r\u0259yi var. H\u0259min r\u0259y\u0259 \u0259sas\u0259n, Ruzan Cabbarovan\u0131n g\u00f6t\u00fcrd\u00fcy\u00fc, sonradan qaytard\u0131\u011f\u0131 \u0259\u015fyalar\u0131n orta bazar qiym\u0259til\u0259 \u00fcmumi d\u0259y\u0259ri t\u0259xmin\u0259n 317 min manat olub.<\/p>\n\n\n\n<p><em>\u201c\u018fn \u0259sas\u0131, z\u0259r\u0259r\u00e7\u0259kmi\u015f t\u0259r\u0259f \u00e7at\u0131\u015fmayan mallar\u0131n m\u00f6vcudlu\u011funu t\u0259sdiql\u0259y\u0259n he\u00e7 bir s\u00fcbut t\u0259qdim el\u0259m\u0259di \u2013 n\u0259 istintaqa, n\u0259 d\u0259 m\u0259hk\u0259m\u0259y\u0259. Qanun deyir ki, \u0259\u015fya v\u0259 ya onun d\u0259y\u0259rini t\u0259l\u0259b ed\u0259n \u015f\u0259xs ilk n\u00f6vb\u0259d\u0259 h\u0259min \u0259\u015fyalar\u0131n\u0131n m\u00f6vcudlu\u011funu s\u00fcbut el\u0259m\u0259lidir\u201d,<\/em> &#8211; v\u0259kil bildirib.<\/p>\n\n\n\n<p>\u201cS\u0259d\u0259r\u0259k\u201d sahibinin h\u0259yat yolda\u015f\u0131 F\u0259rid\u0259 Q\u0259dimova v\u0259 o\u011flu Orxan Q\u0259dimb\u0259yli z\u0259r\u0259r\u00e7\u0259kmi\u015f qismind\u0259 tan\u0131n\u0131b. Lakin onlar m\u0259hk\u0259m\u0259y\u0259 g\u0259lm\u0259yib. M\u0259hk\u0259m\u0259d\u0259 onlar\u0131n n\u00fcmay\u0259nd\u0259si v\u0259 v\u0259kili i\u015ftirak edib.<\/p>\n\n\n\n<p>V\u0259kil G\u00fcnay \u0130smay\u0131lova is\u0259 z\u0259r\u0259r\u00e7\u0259kmi\u015fl\u0259rin \u00f6zl\u0259rinin g\u0259lib ifad\u0259 verm\u0259l\u0259rini t\u0259l\u0259b edirdi. M\u00fcdafi\u0259\u00e7i bildirirdi ki, onlar\u0131n \u00f6zl\u0259rinin ifad\u0259l\u0259rind\u0259 kifay\u0259t q\u0259d\u0259r ziddiyy\u0259tl\u0259r var, bununla \u0259laq\u0259dar z\u0259r\u0259r\u00e7\u0259kmi\u015fl\u0259r\u0259 suallar yaran\u0131b. H\u0259min suallara cavab verilm\u0259li, ziddiyy\u0259tl\u0259r\u0259 ayd\u0131nl\u0131q g\u0259tirilm\u0259lidir. Lakin F\u0259rid\u0259 Q\u0259dimova v\u0259 o\u011flu yen\u0259 m\u0259hk\u0259m\u0259y\u0259 g\u0259lmirdi.<\/p>\n\n\n\n<p>M\u0259hk\u0259m\u0259 prosesinin gedi\u015find\u0259 Yusif Q\u0259dimb\u0259ylinin ail\u0259 \u00fczvl\u0259rinin m\u0259hk\u0259m\u0259y\u0259 m\u0259cburi g\u0259tirilm\u0259si bar\u0259d\u0259 q\u0259rar \u00e7\u0131xar\u0131ld\u0131. Lakin bu q\u0259rar da icra olunmam\u0131\u015f qald\u0131 \u2013 z\u0259r\u0259r\u00e7\u0259kmi\u015fl\u0259r m\u0259hk\u0259m\u0259y\u0259 g\u0259lm\u0259dil\u0259r.<\/p>\n\n\n\n<p>G\u00fcnay \u0130smay\u0131lova m\u00fcdafi\u0259 \u00e7\u0131x\u0131\u015f\u0131nda bunu da vur\u011fulay\u0131b ki, z\u0259r\u0259r\u00e7\u0259kmi\u015f t\u0259r\u0259f faktiki m\u0259hk\u0259m\u0259y\u0259 h\u00f6rm\u0259tsizlik etdi. Lakin m\u0259hk\u0259m\u0259 bununla \u0259laq\u0259dar he\u00e7 bir t\u0259dbir g\u00f6rm\u0259di.<\/p>\n\n\n\n<p>M\u0259hk\u0259m\u0259d\u0259 prokuror da Ruzan Cabbarovaya 11 il azadl\u0131qdan m\u0259hrumetm\u0259 c\u0259zas\u0131 verilm\u0259sini ist\u0259mi\u015fdi.<\/p>\n\n\n\n<p>Ruzan Cabbarova 2022-ci ilin iyunundan h\u0259bsd\u0259dir.<\/p>\n","protected":false},"excerpt":{"rendered":"<p>\u201cYusif Q\u0259dimb\u0259yli v\u0259 ail\u0259sinin \u0259lind\u0259 oyuncaq olan m\u00fcst\u0259ntiq m\u0259nim ittiham\u0131m\u0131 &#8230; <\/p>\n<p class=\"read-more-container\"><a title=\"\u201cS\u0259d\u0259r\u0259k\u201d sahibinin ke\u00e7mi\u015f xidm\u0259t\u00e7isi: \u201cG\u00f6t\u00fcrm\u0259diyim q\u0131z\u0131llar\u0131 boynuma qoydular&#8230;\u201d\" class=\"read-more button\" href=\"https:\/\/www.meydan.tv\/az\/article\/sederek-sahibinin-kecmis-xidmetcisi-goturmediyim-qizillari-boynuma-qoydular\/#more-297745\" aria-label=\"Read more about \u201cS\u0259d\u0259r\u0259k\u201d sahibinin ke\u00e7mi\u015f xidm\u0259t\u00e7isi: \u201cG\u00f6t\u00fcrm\u0259diyim q\u0131z\u0131llar\u0131 boynuma qoydular&#8230;\u201d\">Davam\u0131<\/a><\/p>\n","protected":false},"author":8,"featured_media":260251,"comment_status":"closed","ping_status":"closed","sticky":false,"template":"","format":"standard","meta":{"_acf_changed":false,"_sitemap_exclude":false,"_sitemap_priority":"","_sitemap_frequency":"","footnotes":""},"categories":[62,56],"tags":[],"class_list":["post-297745","post","type-post","status-publish","format-standard","has-post-thumbnail","hentry","category-sosial","category-xeberler","infinite-scroll-item","generate-columns","tablet-grid-50","mobile-grid-100","grid-parent","grid-33","no-featured-image-padding"],"acf":[],"yoast_head":"<!-- This site is optimized with the Yoast SEO plugin v27.5 - https:\/\/yoast.com\/product\/yoast-seo-wordpress\/ -->\n<title>\u201cS\u0259d\u0259r\u0259k\u201d sahibinin ke\u00e7mi\u015f xidm\u0259t\u00e7isi: \u201cG\u00f6t\u00fcrm\u0259diyim q\u0131z\u0131llar\u0131 boynuma qoydular...\u201d - MEYDAN.TV<\/title>\n<meta name=\"robots\" content=\"index, follow, max-snippet:-1, max-image-preview:large, max-video-preview:-1\" \/>\n<link rel=\"canonical\" href=\"https:\/\/www.meydan.tv\/az\/article\/sederek-sahibinin-kecmis-xidmetcisi-goturmediyim-qizillari-boynuma-qoydular\/\" \/>\n<meta property=\"og:locale\" content=\"az_AZ\" \/>\n<meta property=\"og:type\" content=\"article\" \/>\n<meta property=\"og:title\" content=\"\u201cS\u0259d\u0259r\u0259k\u201d sahibinin ke\u00e7mi\u015f xidm\u0259t\u00e7isi: \u201cG\u00f6t\u00fcrm\u0259diyim q\u0131z\u0131llar\u0131 boynuma qoydular...\u201d - MEYDAN.TV\" \/>\n<meta property=\"og:description\" content=\"\u201cYusif Q\u0259dimb\u0259yli v\u0259 ail\u0259sinin \u0259lind\u0259 oyuncaq olan m\u00fcst\u0259ntiq m\u0259nim ittiham\u0131m\u0131 ... Davam\u0131\" \/>\n<meta property=\"og:url\" content=\"https:\/\/www.meydan.tv\/az\/article\/sederek-sahibinin-kecmis-xidmetcisi-goturmediyim-qizillari-boynuma-qoydular\/\" \/>\n<meta property=\"og:site_name\" content=\"MEYDAN.TV\" \/>\n<meta property=\"article:published_time\" content=\"2024-02-12T12:53:41+00:00\" \/>\n<meta property=\"article:modified_time\" content=\"2024-02-12T12:53:45+00:00\" \/>\n<meta property=\"og:image\" content=\"https:\/\/www.meydan.tv\/wp-content\/uploads\/image-from-ios-8.jpg\" \/>\n\t<meta property=\"og:image:width\" content=\"1500\" \/>\n\t<meta property=\"og:image:height\" content=\"844\" \/>\n\t<meta property=\"og:image:type\" content=\"image\/jpeg\" \/>\n<meta name=\"author\" content=\"elli\" \/>\n<meta name=\"twitter:card\" content=\"summary_large_image\" \/>\n<meta name=\"twitter:creator\" content=\"@elli\" \/>\n<script type=\"application\/ld+json\" class=\"yoast-schema-graph\">{\"@context\":\"https:\\\/\\\/schema.org\",\"@graph\":[{\"@type\":\"Article\",\"@id\":\"https:\\\/\\\/www.meydan.tv\\\/az\\\/article\\\/sederek-sahibinin-kecmis-xidmetcisi-goturmediyim-qizillari-boynuma-qoydular\\\/#article\",\"isPartOf\":{\"@id\":\"https:\\\/\\\/www.meydan.tv\\\/az\\\/article\\\/sederek-sahibinin-kecmis-xidmetcisi-goturmediyim-qizillari-boynuma-qoydular\\\/\"},\"author\":{\"name\":\"elli\",\"@id\":\"https:\\\/\\\/www.meydan.tv\\\/az\\\/#\\\/schema\\\/person\\\/9cdbecf90d17180ce1dfbd95b08dcf47\"},\"headline\":\"\u201cS\u0259d\u0259r\u0259k\u201d sahibinin ke\u00e7mi\u015f xidm\u0259t\u00e7isi: \u201cG\u00f6t\u00fcrm\u0259diyim q\u0131z\u0131llar\u0131 boynuma qoydular&#8230;\u201d\",\"datePublished\":\"2024-02-12T12:53:41+00:00\",\"dateModified\":\"2024-02-12T12:53:45+00:00\",\"mainEntityOfPage\":{\"@id\":\"https:\\\/\\\/www.meydan.tv\\\/az\\\/article\\\/sederek-sahibinin-kecmis-xidmetcisi-goturmediyim-qizillari-boynuma-qoydular\\\/\"},\"wordCount\":1410,\"publisher\":{\"@id\":\"https:\\\/\\\/www.meydan.tv\\\/az\\\/#organization\"},\"image\":{\"@id\":\"https:\\\/\\\/www.meydan.tv\\\/az\\\/article\\\/sederek-sahibinin-kecmis-xidmetcisi-goturmediyim-qizillari-boynuma-qoydular\\\/#primaryimage\"},\"thumbnailUrl\":\"https:\\\/\\\/www.meydan.tv\\\/wp-content\\\/uploads\\\/image-from-ios-8.jpg\",\"articleSection\":[\"Sosial\",\"X\u0259b\u0259rl\u0259r\"],\"inLanguage\":\"az\"},{\"@type\":\"WebPage\",\"@id\":\"https:\\\/\\\/www.meydan.tv\\\/az\\\/article\\\/sederek-sahibinin-kecmis-xidmetcisi-goturmediyim-qizillari-boynuma-qoydular\\\/\",\"url\":\"https:\\\/\\\/www.meydan.tv\\\/az\\\/article\\\/sederek-sahibinin-kecmis-xidmetcisi-goturmediyim-qizillari-boynuma-qoydular\\\/\",\"name\":\"\u201cS\u0259d\u0259r\u0259k\u201d sahibinin ke\u00e7mi\u015f xidm\u0259t\u00e7isi: \u201cG\u00f6t\u00fcrm\u0259diyim q\u0131z\u0131llar\u0131 boynuma qoydular...\u201d - MEYDAN.TV\",\"isPartOf\":{\"@id\":\"https:\\\/\\\/www.meydan.tv\\\/az\\\/#website\"},\"primaryImageOfPage\":{\"@id\":\"https:\\\/\\\/www.meydan.tv\\\/az\\\/article\\\/sederek-sahibinin-kecmis-xidmetcisi-goturmediyim-qizillari-boynuma-qoydular\\\/#primaryimage\"},\"image\":{\"@id\":\"https:\\\/\\\/www.meydan.tv\\\/az\\\/article\\\/sederek-sahibinin-kecmis-xidmetcisi-goturmediyim-qizillari-boynuma-qoydular\\\/#primaryimage\"},\"thumbnailUrl\":\"https:\\\/\\\/www.meydan.tv\\\/wp-content\\\/uploads\\\/image-from-ios-8.jpg\",\"datePublished\":\"2024-02-12T12:53:41+00:00\",\"dateModified\":\"2024-02-12T12:53:45+00:00\",\"breadcrumb\":{\"@id\":\"https:\\\/\\\/www.meydan.tv\\\/az\\\/article\\\/sederek-sahibinin-kecmis-xidmetcisi-goturmediyim-qizillari-boynuma-qoydular\\\/#breadcrumb\"},\"inLanguage\":\"az\",\"potentialAction\":[{\"@type\":\"ReadAction\",\"target\":[\"https:\\\/\\\/www.meydan.tv\\\/az\\\/article\\\/sederek-sahibinin-kecmis-xidmetcisi-goturmediyim-qizillari-boynuma-qoydular\\\/\"]}]},{\"@type\":\"ImageObject\",\"inLanguage\":\"az\",\"@id\":\"https:\\\/\\\/www.meydan.tv\\\/az\\\/article\\\/sederek-sahibinin-kecmis-xidmetcisi-goturmediyim-qizillari-boynuma-qoydular\\\/#primaryimage\",\"url\":\"https:\\\/\\\/www.meydan.tv\\\/wp-content\\\/uploads\\\/image-from-ios-8.jpg\",\"contentUrl\":\"https:\\\/\\\/www.meydan.tv\\\/wp-content\\\/uploads\\\/image-from-ios-8.jpg\",\"width\":1500,\"height\":844,\"caption\":\"M\u0259hk\u0259m\u0259. \u0130ll\u00fcstrasiya: Meydan TV\"},{\"@type\":\"BreadcrumbList\",\"@id\":\"https:\\\/\\\/www.meydan.tv\\\/az\\\/article\\\/sederek-sahibinin-kecmis-xidmetcisi-goturmediyim-qizillari-boynuma-qoydular\\\/#breadcrumb\",\"itemListElement\":[{\"@type\":\"ListItem\",\"position\":1,\"name\":\"Ana s\u0259hif\u0259\",\"item\":\"https:\\\/\\\/www.meydan.tv\\\/az\\\/\"},{\"@type\":\"ListItem\",\"position\":2,\"name\":\"Sosial\",\"item\":\"https:\\\/\\\/www.meydan.tv\\\/az\\\/section\\\/sosial\\\/\"},{\"@type\":\"ListItem\",\"position\":3,\"name\":\"\u201cS\u0259d\u0259r\u0259k\u201d sahibinin ke\u00e7mi\u015f xidm\u0259t\u00e7isi: \u201cG\u00f6t\u00fcrm\u0259diyim q\u0131z\u0131llar\u0131 boynuma qoydular&#8230;\u201d\"}]},{\"@type\":\"WebSite\",\"@id\":\"https:\\\/\\\/www.meydan.tv\\\/az\\\/#website\",\"url\":\"https:\\\/\\\/www.meydan.tv\\\/az\\\/\",\"name\":\"MEYDAN.TV\",\"description\":\"Meydan TV Az\u0259rbaycan\u0131n media m\u0259kan\u0131ndak\u0131 alternativ s\u0259sidir\",\"publisher\":{\"@id\":\"https:\\\/\\\/www.meydan.tv\\\/az\\\/#organization\"},\"potentialAction\":[{\"@type\":\"SearchAction\",\"target\":{\"@type\":\"EntryPoint\",\"urlTemplate\":\"https:\\\/\\\/www.meydan.tv\\\/az\\\/?s={search_term_string}\"},\"query-input\":{\"@type\":\"PropertyValueSpecification\",\"valueRequired\":true,\"valueName\":\"search_term_string\"}}],\"inLanguage\":\"az\"},{\"@type\":\"Organization\",\"@id\":\"https:\\\/\\\/www.meydan.tv\\\/az\\\/#organization\",\"name\":\"Meydan TV\",\"url\":\"https:\\\/\\\/www.meydan.tv\\\/az\\\/\",\"logo\":{\"@type\":\"ImageObject\",\"inLanguage\":\"az\",\"@id\":\"https:\\\/\\\/www.meydan.tv\\\/az\\\/#\\\/schema\\\/logo\\\/image\\\/\",\"url\":\"https:\\\/\\\/www.meydan.tv\\\/wp-content\\\/uploads\\\/2021\\\/07\\\/meydan-logo.svg\",\"contentUrl\":\"https:\\\/\\\/www.meydan.tv\\\/wp-content\\\/uploads\\\/2021\\\/07\\\/meydan-logo.svg\",\"width\":195,\"height\":46,\"caption\":\"Meydan TV\"},\"image\":{\"@id\":\"https:\\\/\\\/www.meydan.tv\\\/az\\\/#\\\/schema\\\/logo\\\/image\\\/\"}},{\"@type\":\"Person\",\"@id\":\"https:\\\/\\\/www.meydan.tv\\\/az\\\/#\\\/schema\\\/person\\\/9cdbecf90d17180ce1dfbd95b08dcf47\",\"name\":\"elli\",\"sameAs\":[\"https:\\\/\\\/x.com\\\/elli\"]}]}<\/script>\n<!-- \/ Yoast SEO plugin. -->","yoast_head_json":{"title":"\u201cS\u0259d\u0259r\u0259k\u201d sahibinin ke\u00e7mi\u015f xidm\u0259t\u00e7isi: \u201cG\u00f6t\u00fcrm\u0259diyim q\u0131z\u0131llar\u0131 boynuma qoydular...\u201d - MEYDAN.TV","robots":{"index":"index","follow":"follow","max-snippet":"max-snippet:-1","max-image-preview":"max-image-preview:large","max-video-preview":"max-video-preview:-1"},"canonical":"https:\/\/www.meydan.tv\/az\/article\/sederek-sahibinin-kecmis-xidmetcisi-goturmediyim-qizillari-boynuma-qoydular\/","og_locale":"az_AZ","og_type":"article","og_title":"\u201cS\u0259d\u0259r\u0259k\u201d sahibinin ke\u00e7mi\u015f xidm\u0259t\u00e7isi: \u201cG\u00f6t\u00fcrm\u0259diyim q\u0131z\u0131llar\u0131 boynuma qoydular...\u201d - MEYDAN.TV","og_description":"\u201cYusif Q\u0259dimb\u0259yli v\u0259 ail\u0259sinin \u0259lind\u0259 oyuncaq olan m\u00fcst\u0259ntiq m\u0259nim ittiham\u0131m\u0131 ... Davam\u0131","og_url":"https:\/\/www.meydan.tv\/az\/article\/sederek-sahibinin-kecmis-xidmetcisi-goturmediyim-qizillari-boynuma-qoydular\/","og_site_name":"MEYDAN.TV","article_published_time":"2024-02-12T12:53:41+00:00","article_modified_time":"2024-02-12T12:53:45+00:00","og_image":[{"width":1500,"height":844,"url":"https:\/\/www.meydan.tv\/wp-content\/uploads\/image-from-ios-8.jpg","type":"image\/jpeg"}],"author":"elli","twitter_card":"summary_large_image","twitter_creator":"@elli","schema":{"@context":"https:\/\/schema.org","@graph":[{"@type":"Article","@id":"https:\/\/www.meydan.tv\/az\/article\/sederek-sahibinin-kecmis-xidmetcisi-goturmediyim-qizillari-boynuma-qoydular\/#article","isPartOf":{"@id":"https:\/\/www.meydan.tv\/az\/article\/sederek-sahibinin-kecmis-xidmetcisi-goturmediyim-qizillari-boynuma-qoydular\/"},"author":{"name":"elli","@id":"https:\/\/www.meydan.tv\/az\/#\/schema\/person\/9cdbecf90d17180ce1dfbd95b08dcf47"},"headline":"\u201cS\u0259d\u0259r\u0259k\u201d sahibinin ke\u00e7mi\u015f xidm\u0259t\u00e7isi: \u201cG\u00f6t\u00fcrm\u0259diyim q\u0131z\u0131llar\u0131 boynuma qoydular&#8230;\u201d","datePublished":"2024-02-12T12:53:41+00:00","dateModified":"2024-02-12T12:53:45+00:00","mainEntityOfPage":{"@id":"https:\/\/www.meydan.tv\/az\/article\/sederek-sahibinin-kecmis-xidmetcisi-goturmediyim-qizillari-boynuma-qoydular\/"},"wordCount":1410,"publisher":{"@id":"https:\/\/www.meydan.tv\/az\/#organization"},"image":{"@id":"https:\/\/www.meydan.tv\/az\/article\/sederek-sahibinin-kecmis-xidmetcisi-goturmediyim-qizillari-boynuma-qoydular\/#primaryimage"},"thumbnailUrl":"https:\/\/www.meydan.tv\/wp-content\/uploads\/image-from-ios-8.jpg","articleSection":["Sosial","X\u0259b\u0259rl\u0259r"],"inLanguage":"az"},{"@type":"WebPage","@id":"https:\/\/www.meydan.tv\/az\/article\/sederek-sahibinin-kecmis-xidmetcisi-goturmediyim-qizillari-boynuma-qoydular\/","url":"https:\/\/www.meydan.tv\/az\/article\/sederek-sahibinin-kecmis-xidmetcisi-goturmediyim-qizillari-boynuma-qoydular\/","name":"\u201cS\u0259d\u0259r\u0259k\u201d sahibinin ke\u00e7mi\u015f xidm\u0259t\u00e7isi: \u201cG\u00f6t\u00fcrm\u0259diyim q\u0131z\u0131llar\u0131 boynuma qoydular...\u201d - MEYDAN.TV","isPartOf":{"@id":"https:\/\/www.meydan.tv\/az\/#website"},"primaryImageOfPage":{"@id":"https:\/\/www.meydan.tv\/az\/article\/sederek-sahibinin-kecmis-xidmetcisi-goturmediyim-qizillari-boynuma-qoydular\/#primaryimage"},"image":{"@id":"https:\/\/www.meydan.tv\/az\/article\/sederek-sahibinin-kecmis-xidmetcisi-goturmediyim-qizillari-boynuma-qoydular\/#primaryimage"},"thumbnailUrl":"https:\/\/www.meydan.tv\/wp-content\/uploads\/image-from-ios-8.jpg","datePublished":"2024-02-12T12:53:41+00:00","dateModified":"2024-02-12T12:53:45+00:00","breadcrumb":{"@id":"https:\/\/www.meydan.tv\/az\/article\/sederek-sahibinin-kecmis-xidmetcisi-goturmediyim-qizillari-boynuma-qoydular\/#breadcrumb"},"inLanguage":"az","potentialAction":[{"@type":"ReadAction","target":["https:\/\/www.meydan.tv\/az\/article\/sederek-sahibinin-kecmis-xidmetcisi-goturmediyim-qizillari-boynuma-qoydular\/"]}]},{"@type":"ImageObject","inLanguage":"az","@id":"https:\/\/www.meydan.tv\/az\/article\/sederek-sahibinin-kecmis-xidmetcisi-goturmediyim-qizillari-boynuma-qoydular\/#primaryimage","url":"https:\/\/www.meydan.tv\/wp-content\/uploads\/image-from-ios-8.jpg","contentUrl":"https:\/\/www.meydan.tv\/wp-content\/uploads\/image-from-ios-8.jpg","width":1500,"height":844,"caption":"M\u0259hk\u0259m\u0259. \u0130ll\u00fcstrasiya: Meydan TV"},{"@type":"BreadcrumbList","@id":"https:\/\/www.meydan.tv\/az\/article\/sederek-sahibinin-kecmis-xidmetcisi-goturmediyim-qizillari-boynuma-qoydular\/#breadcrumb","itemListElement":[{"@type":"ListItem","position":1,"name":"Ana s\u0259hif\u0259","item":"https:\/\/www.meydan.tv\/az\/"},{"@type":"ListItem","position":2,"name":"Sosial","item":"https:\/\/www.meydan.tv\/az\/section\/sosial\/"},{"@type":"ListItem","position":3,"name":"\u201cS\u0259d\u0259r\u0259k\u201d sahibinin ke\u00e7mi\u015f xidm\u0259t\u00e7isi: \u201cG\u00f6t\u00fcrm\u0259diyim q\u0131z\u0131llar\u0131 boynuma qoydular&#8230;\u201d"}]},{"@type":"WebSite","@id":"https:\/\/www.meydan.tv\/az\/#website","url":"https:\/\/www.meydan.tv\/az\/","name":"MEYDAN.TV","description":"Meydan TV Az\u0259rbaycan\u0131n media m\u0259kan\u0131ndak\u0131 alternativ s\u0259sidir","publisher":{"@id":"https:\/\/www.meydan.tv\/az\/#organization"},"potentialAction":[{"@type":"SearchAction","target":{"@type":"EntryPoint","urlTemplate":"https:\/\/www.meydan.tv\/az\/?s={search_term_string}"},"query-input":{"@type":"PropertyValueSpecification","valueRequired":true,"valueName":"search_term_string"}}],"inLanguage":"az"},{"@type":"Organization","@id":"https:\/\/www.meydan.tv\/az\/#organization","name":"Meydan TV","url":"https:\/\/www.meydan.tv\/az\/","logo":{"@type":"ImageObject","inLanguage":"az","@id":"https:\/\/www.meydan.tv\/az\/#\/schema\/logo\/image\/","url":"https:\/\/www.meydan.tv\/wp-content\/uploads\/2021\/07\/meydan-logo.svg","contentUrl":"https:\/\/www.meydan.tv\/wp-content\/uploads\/2021\/07\/meydan-logo.svg","width":195,"height":46,"caption":"Meydan TV"},"image":{"@id":"https:\/\/www.meydan.tv\/az\/#\/schema\/logo\/image\/"}},{"@type":"Person","@id":"https:\/\/www.meydan.tv\/az\/#\/schema\/person\/9cdbecf90d17180ce1dfbd95b08dcf47","name":"elli","sameAs":["https:\/\/x.com\/elli"]}]}},"_links":{"self":[{"href":"https:\/\/www.meydan.tv\/az\/wp-json\/wp\/v2\/posts\/297745","targetHints":{"allow":["GET"]}}],"collection":[{"href":"https:\/\/www.meydan.tv\/az\/wp-json\/wp\/v2\/posts"}],"about":[{"href":"https:\/\/www.meydan.tv\/az\/wp-json\/wp\/v2\/types\/post"}],"author":[{"embeddable":true,"href":"https:\/\/www.meydan.tv\/az\/wp-json\/wp\/v2\/users\/8"}],"replies":[{"embeddable":true,"href":"https:\/\/www.meydan.tv\/az\/wp-json\/wp\/v2\/comments?post=297745"}],"version-history":[{"count":4,"href":"https:\/\/www.meydan.tv\/az\/wp-json\/wp\/v2\/posts\/297745\/revisions"}],"predecessor-version":[{"id":297750,"href":"https:\/\/www.meydan.tv\/az\/wp-json\/wp\/v2\/posts\/297745\/revisions\/297750"}],"wp:featuredmedia":[{"embeddable":true,"href":"https:\/\/www.meydan.tv\/az\/wp-json\/wp\/v2\/media\/260251"}],"wp:attachment":[{"href":"https:\/\/www.meydan.tv\/az\/wp-json\/wp\/v2\/media?parent=297745"}],"wp:term":[{"taxonomy":"category","embeddable":true,"href":"https:\/\/www.meydan.tv\/az\/wp-json\/wp\/v2\/categories?post=297745"},{"taxonomy":"post_tag","embeddable":true,"href":"https:\/\/www.meydan.tv\/az\/wp-json\/wp\/v2\/tags?post=297745"}],"curies":[{"name":"wp","href":"https:\/\/api.w.org\/{rel}","templated":true}]}}