{"id":297678,"date":"2024-02-11T21:14:57","date_gmt":"2024-02-11T17:14:57","guid":{"rendered":"https:\/\/www.meydan.tv\/?p=297678"},"modified":"2024-02-11T22:03:19","modified_gmt":"2024-02-11T18:03:19","slug":"msk-seckinin-neticelerine-dair-protokolu-konstitusiya-mehkemesine-teqdim-edib","status":"publish","type":"post","link":"https:\/\/www.meydan.tv\/az\/article\/msk-seckinin-neticelerine-dair-protokolu-konstitusiya-mehkemesine-teqdim-edib\/","title":{"rendered":"MSK se\u00e7kinin n\u0259tic\u0259l\u0259rin\u0259 dair protokolu Konstitusiya M\u0259hk\u0259m\u0259sin\u0259 t\u0259qdim edib"},"content":{"rendered":"\n<p><\/p>\n\n\n\n<p><strong><em>11 m\u0259nt\u0259q\u0259nin n\u0259tic\u0259l\u0259rinin l\u0259\u011fv olundu\u011fu bildirilir<\/em><\/strong><\/p>\n\n\n\n<p>M\u0259rk\u0259zi Se\u00e7ki Komissiyas\u0131n\u0131n (MSK) fevral\u0131n 7-d\u0259 ke\u00e7iril\u0259n n\u00f6vb\u0259d\u0259nk\u0259nar Prezident se\u00e7kisinin n\u0259tic\u0259l\u0259rin\u0259 dair protokolun Konstitusiya M\u0259hk\u0259m\u0259sin\u0259 t\u0259qdim edildiyi <a href=\"https:\/\/azertag.az\/xeber\/merkezi_sechki_komissiyasi_prezident_sechkilerinin_neticelerine_dair_protokolu_tesdiqleyib-2918221\">bildirilir.<\/a><\/p>\n\n\n\n<p>Bu bar\u0259d\u0259 fevral\u0131n 11-d\u0259 MSK-n\u0131n iclas\u0131nda q\u0259rar q\u0259bul edilib. <\/p>\n\n\n\n<p>Prezident se\u00e7kisin\u0259 dair protokolda haz\u0131rk\u0131 \u00f6lk\u0259 ba\u015f\u00e7\u0131s\u0131 \u0130lham \u018fliyevin 92,12 faiz (4 567 458 s\u0259s) s\u0259s toplad\u0131\u011f\u0131 qeyd olunub:<\/p>\n\n\n\n<p>&#8220;Dig\u0259r namiz\u0259dl\u0259r\u0259 g\u0259linc\u0259, Zahid Oruc &#8211; 2,17 faiz (107 632 s\u0259s); Fazil Mustafa &#8211; 1,99 faiz (98 421 s\u0259s); Q\u00fcdr\u0259t H\u0259s\u0259nquliyev &#8211; 1,72 faiz (85 411 s\u0259s); Razi Nurullayev &#8211; 0,80 faiz (39 643 s\u0259s); El\u015fad Musayev &#8211; 0,66 faiz (32 885 s\u0259s); Fuad \u018fliyev -0,54 faiz (26 517 <a href=\"https:\/\/azertag.az\/xeber\/prezident_ilham_eliyev_sechkilerde_seslerin_9212_faizini_qazanaraq_qalib_olub_video-2918224\">s\u0259s)&#8221;.<\/a><\/p>\n\n\n\n<p>H\u0259m\u00e7inin, MSK-n\u0131n iclas\u0131nda 11 m\u0259nt\u0259q\u0259nin n\u0259tic\u0259l\u0259rinin l\u0259\u011fv olundu\u011fu bildirilir. Bu bar\u0259d\u0259 komissiya s\u0259drinin m\u00fcavini R\u00f6vz\u0259t Qas\u0131mov m\u0259lumat verib. Onun s\u00f6zl\u0259rin\u0259 g\u00f6r\u0259, h\u0259min m\u0259nt\u0259q\u0259l\u0259rin komissiyalar\u0131 da burax\u0131l\u0131b:<\/p>\n\n\n\n<p>&#8220;<em>41 sayl\u0131 G\u0259nc\u0259-Samux-Goranboy Se\u00e7ki Dair\u0259sinin 38 sayl\u0131, 61 sayl\u0131 Qusar Se\u00e7ki Dair\u0259sinin 7 v\u0259 27 sayl\u0131, 65 sayl\u0131 Salyan-Bil\u0259suvar-Neft\u00e7ala Se\u00e7ki Dair\u0259sinin 9 sayl\u0131, 68 sayl\u0131 Sabirabad-\u015eirvan Se\u00e7ki Dair\u0259sinin 2 sayl\u0131, 77 sayl\u0131 L\u0259nk\u0259ran Se\u00e7ki Dair\u0259sinin 7 v\u0259 31 sayl\u0131, 92 sayl\u0131 G\u00f6y\u00e7ay-A\u011fda\u015f Se\u00e7ki Dair\u0259sinin 6 sayl\u0131, 99 sayl\u0131 B\u0259rd\u0259 Se\u00e7ki Dair\u0259sinin 2 sayl\u0131, 114 sayl\u0131 \u015e\u0259ki \u015e\u0259h\u0259r Se\u00e7ki Dair\u0259sinin 1 sayl\u0131, 115 sayl\u0131 \u015e\u0259ki K\u0259nd Se\u00e7ki Dair\u0259sinin 6 sayl\u0131 se\u00e7ki m\u0259nt\u0259q\u0259l\u0259rinin n\u0259tic\u0259l\u0259ri l\u0259\u011fv edilib v\u0259 h\u0259min se\u00e7ki m\u0259nt\u0259q\u0259l\u0259rinin komissiyalar\u0131 <a href=\"https:\/\/azertag.az\/xeber\/msk_bir_neche_menteqede_sechkilerin_neticelerini_legv_edilib_menteqe_sechki_komissiyalari_buraxilib-2918197\">burax\u0131l\u0131b&#8221;.&nbsp;<\/a><\/em><\/p>\n\n\n\n<p>Fevral\u0131n 7-d\u0259 Az\u0259rbaycanda n\u00f6vb\u0259d\u0259nk\u0259nar Prezident se\u00e7kil\u0259ri ke\u00e7irilib. Se\u00e7kiy\u0259 7 namiz\u0259d qat\u0131l\u0131b.<\/p>\n\n\n\n<p>Az\u0259rbaycan Xalq C\u0259bh\u0259si, M\u00fcsavat v\u0259 Klassik Xalq C\u0259bh\u0259si partiyalar\u0131 se\u00e7kini boykot edib. <\/p>\n\n\n\n<p>M\u0259rk\u0259zi Se\u00e7ki Komissiyas\u0131 fevral\u0131n 8-d\u0259 se\u00e7kinin ilkin n\u0259tic\u0259l\u0259rini elan edib. <\/p>\n\n\n\n<p>MSK s\u0259dri M\u0259zahir P\u0259nahov bildirib ki, ilkin n\u0259tic\u0259l\u0259r\u0259 \u0259sas\u0259n, hakim Yeni Az\u0259rbaycan Partiyas\u0131n\u0131n prezidentliy\u0259 namiz\u0259di \u0130lham \u018fliyev 92,05 faiz s\u0259sl\u0259 Prezident se\u00e7kil\u0259rind\u0259 liderlik edir. \u201cFuad \u018fliyev \u2013 24 min 799 s\u0259s (0,53 faiz); Q\u00fcdr\u0259t H\u0259s\u0259nquliyev \u2013 81 min 799 s\u0259s (1,76 faiz); El\u015fad Musayev- 31 min 33 s\u0259s (0,67 faiz); Fazil Mustafa \u2013 92 min 980 s\u0259s (2 faiz); Razi Nurullayev- 37 min 386 s\u0259s (0,80 faiz); Zahid Oruc-101 min 851 s\u0259s (2,19 faiz)\u201d. <\/p>\n\n\n\n<p>Se\u00e7ki M\u0259c\u0259ll\u0259sin\u0259 \u0259sas\u0259n, M\u0259rk\u0259zi Se\u00e7ki Komissiyas\u0131 s\u0259sverm\u0259 g\u00fcn\u00fcnd\u0259n ba\u015flayaraq 10 g\u00fcn m\u00fcdd\u0259tind\u0259 Prezident se\u00e7kil\u0259rin\u0259 yekun vurulmas\u0131 v\u0259 n\u0259tic\u0259l\u0259rin t\u0259sdiq olunmas\u0131 \u00fc\u00e7\u00fcn Konstitusiya M\u0259hk\u0259m\u0259sin\u0259 t\u0259qdim edilm\u0259sini t\u0259min etm\u0259lidir. <\/p>\n\n\n\n<p>N\u00f6vb\u0259d\u0259nk\u0259nar Prezident se\u00e7kil\u0259ri il\u0259 \u0259laq\u0259dar bu m\u00fcdd\u0259t fevral\u0131n 17-d\u0259k olan d\u00f6vr\u00fc \u0259hat\u0259 edir.<\/p>\n","protected":false},"excerpt":{"rendered":"<p>11 m\u0259nt\u0259q\u0259nin n\u0259tic\u0259l\u0259rinin l\u0259\u011fv olundu\u011fu bildirilir M\u0259rk\u0259zi Se\u00e7ki Komissiyas\u0131n\u0131n (MSK) &#8230; <\/p>\n<p class=\"read-more-container\"><a title=\"MSK se\u00e7kinin n\u0259tic\u0259l\u0259rin\u0259 dair protokolu Konstitusiya M\u0259hk\u0259m\u0259sin\u0259 t\u0259qdim edib\" class=\"read-more button\" href=\"https:\/\/www.meydan.tv\/az\/article\/msk-seckinin-neticelerine-dair-protokolu-konstitusiya-mehkemesine-teqdim-edib\/#more-297678\" aria-label=\"Read more about MSK se\u00e7kinin n\u0259tic\u0259l\u0259rin\u0259 dair protokolu Konstitusiya M\u0259hk\u0259m\u0259sin\u0259 t\u0259qdim edib\">Davam\u0131<\/a><\/p>\n","protected":false},"author":8,"featured_media":79501,"comment_status":"closed","ping_status":"closed","sticky":false,"template":"","format":"standard","meta":{"_acf_changed":false,"_sitemap_exclude":false,"_sitemap_priority":"","_sitemap_frequency":"","footnotes":""},"categories":[129,59,56],"tags":[],"class_list":["post-297678","post","type-post","status-publish","format-standard","has-post-thumbnail","hentry","category-sechki-2024","category-siyaset","category-xeberler","infinite-scroll-item","generate-columns","tablet-grid-50","mobile-grid-100","grid-parent","grid-33","no-featured-image-padding"],"acf":[],"yoast_head":"<!-- This site is optimized with the Yoast SEO plugin v27.4 - https:\/\/yoast.com\/product\/yoast-seo-wordpress\/ -->\n<title>MSK se\u00e7kinin n\u0259tic\u0259l\u0259rin\u0259 dair protokolu Konstitusiya M\u0259hk\u0259m\u0259sin\u0259 t\u0259qdim edib - MEYDAN.TV<\/title>\n<meta name=\"robots\" content=\"index, follow, max-snippet:-1, max-image-preview:large, max-video-preview:-1\" \/>\n<link rel=\"canonical\" href=\"https:\/\/www.meydan.tv\/az\/article\/msk-seckinin-neticelerine-dair-protokolu-konstitusiya-mehkemesine-teqdim-edib\/\" \/>\n<meta property=\"og:locale\" content=\"az_AZ\" \/>\n<meta property=\"og:type\" content=\"article\" \/>\n<meta property=\"og:title\" content=\"MSK se\u00e7kinin n\u0259tic\u0259l\u0259rin\u0259 dair protokolu Konstitusiya M\u0259hk\u0259m\u0259sin\u0259 t\u0259qdim edib - MEYDAN.TV\" \/>\n<meta property=\"og:description\" content=\"11 m\u0259nt\u0259q\u0259nin n\u0259tic\u0259l\u0259rinin l\u0259\u011fv olundu\u011fu bildirilir M\u0259rk\u0259zi Se\u00e7ki Komissiyas\u0131n\u0131n (MSK) ... Davam\u0131\" \/>\n<meta property=\"og:url\" content=\"https:\/\/www.meydan.tv\/az\/article\/msk-seckinin-neticelerine-dair-protokolu-konstitusiya-mehkemesine-teqdim-edib\/\" \/>\n<meta property=\"og:site_name\" content=\"MEYDAN.TV\" \/>\n<meta property=\"article:published_time\" content=\"2024-02-11T17:14:57+00:00\" \/>\n<meta property=\"article:modified_time\" content=\"2024-02-11T18:03:19+00:00\" \/>\n<meta property=\"og:image\" content=\"https:\/\/www.meydan.tv\/wp-content\/uploads\/30993.jpg\" \/>\n\t<meta property=\"og:image:width\" content=\"1000\" \/>\n\t<meta property=\"og:image:height\" content=\"635\" \/>\n\t<meta property=\"og:image:type\" content=\"image\/jpeg\" \/>\n<meta name=\"author\" content=\"elli\" \/>\n<meta name=\"twitter:card\" content=\"summary_large_image\" \/>\n<meta name=\"twitter:creator\" content=\"@elli\" \/>\n<script type=\"application\/ld+json\" class=\"yoast-schema-graph\">{\"@context\":\"https:\\\/\\\/schema.org\",\"@graph\":[{\"@type\":\"Article\",\"@id\":\"https:\\\/\\\/www.meydan.tv\\\/az\\\/article\\\/msk-seckinin-neticelerine-dair-protokolu-konstitusiya-mehkemesine-teqdim-edib\\\/#article\",\"isPartOf\":{\"@id\":\"https:\\\/\\\/www.meydan.tv\\\/az\\\/article\\\/msk-seckinin-neticelerine-dair-protokolu-konstitusiya-mehkemesine-teqdim-edib\\\/\"},\"author\":{\"name\":\"elli\",\"@id\":\"https:\\\/\\\/www.meydan.tv\\\/az\\\/#\\\/schema\\\/person\\\/9cdbecf90d17180ce1dfbd95b08dcf47\"},\"headline\":\"MSK se\u00e7kinin n\u0259tic\u0259l\u0259rin\u0259 dair protokolu Konstitusiya M\u0259hk\u0259m\u0259sin\u0259 t\u0259qdim edib\",\"datePublished\":\"2024-02-11T17:14:57+00:00\",\"dateModified\":\"2024-02-11T18:03:19+00:00\",\"mainEntityOfPage\":{\"@id\":\"https:\\\/\\\/www.meydan.tv\\\/az\\\/article\\\/msk-seckinin-neticelerine-dair-protokolu-konstitusiya-mehkemesine-teqdim-edib\\\/\"},\"wordCount\":532,\"publisher\":{\"@id\":\"https:\\\/\\\/www.meydan.tv\\\/az\\\/#organization\"},\"image\":{\"@id\":\"https:\\\/\\\/www.meydan.tv\\\/az\\\/article\\\/msk-seckinin-neticelerine-dair-protokolu-konstitusiya-mehkemesine-teqdim-edib\\\/#primaryimage\"},\"thumbnailUrl\":\"https:\\\/\\\/www.meydan.tv\\\/wp-content\\\/uploads\\\/30993.jpg\",\"articleSection\":[\"Se\u00e7ki 2024\",\"Siyas\u0259t\",\"X\u0259b\u0259rl\u0259r\"],\"inLanguage\":\"az\"},{\"@type\":\"WebPage\",\"@id\":\"https:\\\/\\\/www.meydan.tv\\\/az\\\/article\\\/msk-seckinin-neticelerine-dair-protokolu-konstitusiya-mehkemesine-teqdim-edib\\\/\",\"url\":\"https:\\\/\\\/www.meydan.tv\\\/az\\\/article\\\/msk-seckinin-neticelerine-dair-protokolu-konstitusiya-mehkemesine-teqdim-edib\\\/\",\"name\":\"MSK se\u00e7kinin n\u0259tic\u0259l\u0259rin\u0259 dair protokolu Konstitusiya M\u0259hk\u0259m\u0259sin\u0259 t\u0259qdim edib - MEYDAN.TV\",\"isPartOf\":{\"@id\":\"https:\\\/\\\/www.meydan.tv\\\/az\\\/#website\"},\"primaryImageOfPage\":{\"@id\":\"https:\\\/\\\/www.meydan.tv\\\/az\\\/article\\\/msk-seckinin-neticelerine-dair-protokolu-konstitusiya-mehkemesine-teqdim-edib\\\/#primaryimage\"},\"image\":{\"@id\":\"https:\\\/\\\/www.meydan.tv\\\/az\\\/article\\\/msk-seckinin-neticelerine-dair-protokolu-konstitusiya-mehkemesine-teqdim-edib\\\/#primaryimage\"},\"thumbnailUrl\":\"https:\\\/\\\/www.meydan.tv\\\/wp-content\\\/uploads\\\/30993.jpg\",\"datePublished\":\"2024-02-11T17:14:57+00:00\",\"dateModified\":\"2024-02-11T18:03:19+00:00\",\"breadcrumb\":{\"@id\":\"https:\\\/\\\/www.meydan.tv\\\/az\\\/article\\\/msk-seckinin-neticelerine-dair-protokolu-konstitusiya-mehkemesine-teqdim-edib\\\/#breadcrumb\"},\"inLanguage\":\"az\",\"potentialAction\":[{\"@type\":\"ReadAction\",\"target\":[\"https:\\\/\\\/www.meydan.tv\\\/az\\\/article\\\/msk-seckinin-neticelerine-dair-protokolu-konstitusiya-mehkemesine-teqdim-edib\\\/\"]}]},{\"@type\":\"ImageObject\",\"inLanguage\":\"az\",\"@id\":\"https:\\\/\\\/www.meydan.tv\\\/az\\\/article\\\/msk-seckinin-neticelerine-dair-protokolu-konstitusiya-mehkemesine-teqdim-edib\\\/#primaryimage\",\"url\":\"https:\\\/\\\/www.meydan.tv\\\/wp-content\\\/uploads\\\/30993.jpg\",\"contentUrl\":\"https:\\\/\\\/www.meydan.tv\\\/wp-content\\\/uploads\\\/30993.jpg\",\"width\":1000,\"height\":635,\"caption\":\"Foto: KM\"},{\"@type\":\"BreadcrumbList\",\"@id\":\"https:\\\/\\\/www.meydan.tv\\\/az\\\/article\\\/msk-seckinin-neticelerine-dair-protokolu-konstitusiya-mehkemesine-teqdim-edib\\\/#breadcrumb\",\"itemListElement\":[{\"@type\":\"ListItem\",\"position\":1,\"name\":\"Ana s\u0259hif\u0259\",\"item\":\"https:\\\/\\\/www.meydan.tv\\\/az\\\/\"},{\"@type\":\"ListItem\",\"position\":2,\"name\":\"Siyas\u0259t\",\"item\":\"https:\\\/\\\/www.meydan.tv\\\/az\\\/section\\\/siyaset\\\/\"},{\"@type\":\"ListItem\",\"position\":3,\"name\":\"MSK se\u00e7kinin n\u0259tic\u0259l\u0259rin\u0259 dair protokolu Konstitusiya M\u0259hk\u0259m\u0259sin\u0259 t\u0259qdim edib\"}]},{\"@type\":\"WebSite\",\"@id\":\"https:\\\/\\\/www.meydan.tv\\\/az\\\/#website\",\"url\":\"https:\\\/\\\/www.meydan.tv\\\/az\\\/\",\"name\":\"MEYDAN.TV\",\"description\":\"Meydan TV Az\u0259rbaycan\u0131n media m\u0259kan\u0131ndak\u0131 alternativ s\u0259sidir\",\"publisher\":{\"@id\":\"https:\\\/\\\/www.meydan.tv\\\/az\\\/#organization\"},\"potentialAction\":[{\"@type\":\"SearchAction\",\"target\":{\"@type\":\"EntryPoint\",\"urlTemplate\":\"https:\\\/\\\/www.meydan.tv\\\/az\\\/?s={search_term_string}\"},\"query-input\":{\"@type\":\"PropertyValueSpecification\",\"valueRequired\":true,\"valueName\":\"search_term_string\"}}],\"inLanguage\":\"az\"},{\"@type\":\"Organization\",\"@id\":\"https:\\\/\\\/www.meydan.tv\\\/az\\\/#organization\",\"name\":\"Meydan TV\",\"url\":\"https:\\\/\\\/www.meydan.tv\\\/az\\\/\",\"logo\":{\"@type\":\"ImageObject\",\"inLanguage\":\"az\",\"@id\":\"https:\\\/\\\/www.meydan.tv\\\/az\\\/#\\\/schema\\\/logo\\\/image\\\/\",\"url\":\"https:\\\/\\\/www.meydan.tv\\\/wp-content\\\/uploads\\\/2021\\\/07\\\/meydan-logo.svg\",\"contentUrl\":\"https:\\\/\\\/www.meydan.tv\\\/wp-content\\\/uploads\\\/2021\\\/07\\\/meydan-logo.svg\",\"width\":195,\"height\":46,\"caption\":\"Meydan TV\"},\"image\":{\"@id\":\"https:\\\/\\\/www.meydan.tv\\\/az\\\/#\\\/schema\\\/logo\\\/image\\\/\"}},{\"@type\":\"Person\",\"@id\":\"https:\\\/\\\/www.meydan.tv\\\/az\\\/#\\\/schema\\\/person\\\/9cdbecf90d17180ce1dfbd95b08dcf47\",\"name\":\"elli\",\"sameAs\":[\"https:\\\/\\\/x.com\\\/elli\"]}]}<\/script>\n<!-- \/ Yoast SEO plugin. -->","yoast_head_json":{"title":"MSK se\u00e7kinin n\u0259tic\u0259l\u0259rin\u0259 dair protokolu Konstitusiya M\u0259hk\u0259m\u0259sin\u0259 t\u0259qdim edib - MEYDAN.TV","robots":{"index":"index","follow":"follow","max-snippet":"max-snippet:-1","max-image-preview":"max-image-preview:large","max-video-preview":"max-video-preview:-1"},"canonical":"https:\/\/www.meydan.tv\/az\/article\/msk-seckinin-neticelerine-dair-protokolu-konstitusiya-mehkemesine-teqdim-edib\/","og_locale":"az_AZ","og_type":"article","og_title":"MSK se\u00e7kinin n\u0259tic\u0259l\u0259rin\u0259 dair protokolu Konstitusiya M\u0259hk\u0259m\u0259sin\u0259 t\u0259qdim edib - MEYDAN.TV","og_description":"11 m\u0259nt\u0259q\u0259nin n\u0259tic\u0259l\u0259rinin l\u0259\u011fv olundu\u011fu bildirilir M\u0259rk\u0259zi Se\u00e7ki Komissiyas\u0131n\u0131n (MSK) ... Davam\u0131","og_url":"https:\/\/www.meydan.tv\/az\/article\/msk-seckinin-neticelerine-dair-protokolu-konstitusiya-mehkemesine-teqdim-edib\/","og_site_name":"MEYDAN.TV","article_published_time":"2024-02-11T17:14:57+00:00","article_modified_time":"2024-02-11T18:03:19+00:00","og_image":[{"width":1000,"height":635,"url":"https:\/\/www.meydan.tv\/wp-content\/uploads\/30993.jpg","type":"image\/jpeg"}],"author":"elli","twitter_card":"summary_large_image","twitter_creator":"@elli","schema":{"@context":"https:\/\/schema.org","@graph":[{"@type":"Article","@id":"https:\/\/www.meydan.tv\/az\/article\/msk-seckinin-neticelerine-dair-protokolu-konstitusiya-mehkemesine-teqdim-edib\/#article","isPartOf":{"@id":"https:\/\/www.meydan.tv\/az\/article\/msk-seckinin-neticelerine-dair-protokolu-konstitusiya-mehkemesine-teqdim-edib\/"},"author":{"name":"elli","@id":"https:\/\/www.meydan.tv\/az\/#\/schema\/person\/9cdbecf90d17180ce1dfbd95b08dcf47"},"headline":"MSK se\u00e7kinin n\u0259tic\u0259l\u0259rin\u0259 dair protokolu Konstitusiya M\u0259hk\u0259m\u0259sin\u0259 t\u0259qdim edib","datePublished":"2024-02-11T17:14:57+00:00","dateModified":"2024-02-11T18:03:19+00:00","mainEntityOfPage":{"@id":"https:\/\/www.meydan.tv\/az\/article\/msk-seckinin-neticelerine-dair-protokolu-konstitusiya-mehkemesine-teqdim-edib\/"},"wordCount":532,"publisher":{"@id":"https:\/\/www.meydan.tv\/az\/#organization"},"image":{"@id":"https:\/\/www.meydan.tv\/az\/article\/msk-seckinin-neticelerine-dair-protokolu-konstitusiya-mehkemesine-teqdim-edib\/#primaryimage"},"thumbnailUrl":"https:\/\/www.meydan.tv\/wp-content\/uploads\/30993.jpg","articleSection":["Se\u00e7ki 2024","Siyas\u0259t","X\u0259b\u0259rl\u0259r"],"inLanguage":"az"},{"@type":"WebPage","@id":"https:\/\/www.meydan.tv\/az\/article\/msk-seckinin-neticelerine-dair-protokolu-konstitusiya-mehkemesine-teqdim-edib\/","url":"https:\/\/www.meydan.tv\/az\/article\/msk-seckinin-neticelerine-dair-protokolu-konstitusiya-mehkemesine-teqdim-edib\/","name":"MSK se\u00e7kinin n\u0259tic\u0259l\u0259rin\u0259 dair protokolu Konstitusiya M\u0259hk\u0259m\u0259sin\u0259 t\u0259qdim edib - MEYDAN.TV","isPartOf":{"@id":"https:\/\/www.meydan.tv\/az\/#website"},"primaryImageOfPage":{"@id":"https:\/\/www.meydan.tv\/az\/article\/msk-seckinin-neticelerine-dair-protokolu-konstitusiya-mehkemesine-teqdim-edib\/#primaryimage"},"image":{"@id":"https:\/\/www.meydan.tv\/az\/article\/msk-seckinin-neticelerine-dair-protokolu-konstitusiya-mehkemesine-teqdim-edib\/#primaryimage"},"thumbnailUrl":"https:\/\/www.meydan.tv\/wp-content\/uploads\/30993.jpg","datePublished":"2024-02-11T17:14:57+00:00","dateModified":"2024-02-11T18:03:19+00:00","breadcrumb":{"@id":"https:\/\/www.meydan.tv\/az\/article\/msk-seckinin-neticelerine-dair-protokolu-konstitusiya-mehkemesine-teqdim-edib\/#breadcrumb"},"inLanguage":"az","potentialAction":[{"@type":"ReadAction","target":["https:\/\/www.meydan.tv\/az\/article\/msk-seckinin-neticelerine-dair-protokolu-konstitusiya-mehkemesine-teqdim-edib\/"]}]},{"@type":"ImageObject","inLanguage":"az","@id":"https:\/\/www.meydan.tv\/az\/article\/msk-seckinin-neticelerine-dair-protokolu-konstitusiya-mehkemesine-teqdim-edib\/#primaryimage","url":"https:\/\/www.meydan.tv\/wp-content\/uploads\/30993.jpg","contentUrl":"https:\/\/www.meydan.tv\/wp-content\/uploads\/30993.jpg","width":1000,"height":635,"caption":"Foto: KM"},{"@type":"BreadcrumbList","@id":"https:\/\/www.meydan.tv\/az\/article\/msk-seckinin-neticelerine-dair-protokolu-konstitusiya-mehkemesine-teqdim-edib\/#breadcrumb","itemListElement":[{"@type":"ListItem","position":1,"name":"Ana s\u0259hif\u0259","item":"https:\/\/www.meydan.tv\/az\/"},{"@type":"ListItem","position":2,"name":"Siyas\u0259t","item":"https:\/\/www.meydan.tv\/az\/section\/siyaset\/"},{"@type":"ListItem","position":3,"name":"MSK se\u00e7kinin n\u0259tic\u0259l\u0259rin\u0259 dair protokolu Konstitusiya M\u0259hk\u0259m\u0259sin\u0259 t\u0259qdim edib"}]},{"@type":"WebSite","@id":"https:\/\/www.meydan.tv\/az\/#website","url":"https:\/\/www.meydan.tv\/az\/","name":"MEYDAN.TV","description":"Meydan TV Az\u0259rbaycan\u0131n media m\u0259kan\u0131ndak\u0131 alternativ s\u0259sidir","publisher":{"@id":"https:\/\/www.meydan.tv\/az\/#organization"},"potentialAction":[{"@type":"SearchAction","target":{"@type":"EntryPoint","urlTemplate":"https:\/\/www.meydan.tv\/az\/?s={search_term_string}"},"query-input":{"@type":"PropertyValueSpecification","valueRequired":true,"valueName":"search_term_string"}}],"inLanguage":"az"},{"@type":"Organization","@id":"https:\/\/www.meydan.tv\/az\/#organization","name":"Meydan TV","url":"https:\/\/www.meydan.tv\/az\/","logo":{"@type":"ImageObject","inLanguage":"az","@id":"https:\/\/www.meydan.tv\/az\/#\/schema\/logo\/image\/","url":"https:\/\/www.meydan.tv\/wp-content\/uploads\/2021\/07\/meydan-logo.svg","contentUrl":"https:\/\/www.meydan.tv\/wp-content\/uploads\/2021\/07\/meydan-logo.svg","width":195,"height":46,"caption":"Meydan TV"},"image":{"@id":"https:\/\/www.meydan.tv\/az\/#\/schema\/logo\/image\/"}},{"@type":"Person","@id":"https:\/\/www.meydan.tv\/az\/#\/schema\/person\/9cdbecf90d17180ce1dfbd95b08dcf47","name":"elli","sameAs":["https:\/\/x.com\/elli"]}]}},"_links":{"self":[{"href":"https:\/\/www.meydan.tv\/az\/wp-json\/wp\/v2\/posts\/297678","targetHints":{"allow":["GET"]}}],"collection":[{"href":"https:\/\/www.meydan.tv\/az\/wp-json\/wp\/v2\/posts"}],"about":[{"href":"https:\/\/www.meydan.tv\/az\/wp-json\/wp\/v2\/types\/post"}],"author":[{"embeddable":true,"href":"https:\/\/www.meydan.tv\/az\/wp-json\/wp\/v2\/users\/8"}],"replies":[{"embeddable":true,"href":"https:\/\/www.meydan.tv\/az\/wp-json\/wp\/v2\/comments?post=297678"}],"version-history":[{"count":2,"href":"https:\/\/www.meydan.tv\/az\/wp-json\/wp\/v2\/posts\/297678\/revisions"}],"predecessor-version":[{"id":297680,"href":"https:\/\/www.meydan.tv\/az\/wp-json\/wp\/v2\/posts\/297678\/revisions\/297680"}],"wp:featuredmedia":[{"embeddable":true,"href":"https:\/\/www.meydan.tv\/az\/wp-json\/wp\/v2\/media\/79501"}],"wp:attachment":[{"href":"https:\/\/www.meydan.tv\/az\/wp-json\/wp\/v2\/media?parent=297678"}],"wp:term":[{"taxonomy":"category","embeddable":true,"href":"https:\/\/www.meydan.tv\/az\/wp-json\/wp\/v2\/categories?post=297678"},{"taxonomy":"post_tag","embeddable":true,"href":"https:\/\/www.meydan.tv\/az\/wp-json\/wp\/v2\/tags?post=297678"}],"curies":[{"name":"wp","href":"https:\/\/api.w.org\/{rel}","templated":true}]}}