{"id":297639,"date":"2024-02-10T13:11:21","date_gmt":"2024-02-10T09:11:21","guid":{"rendered":"https:\/\/www.meydan.tv\/?p=297639"},"modified":"2024-02-10T15:53:16","modified_gmt":"2024-02-10T11:53:16","slug":"bolgeden-sesler-icra-bascisi-sahibkarla-birlesib-obyektimi-elimden-alir","status":"publish","type":"post","link":"https:\/\/www.meydan.tv\/az\/article\/bolgeden-sesler-icra-bascisi-sahibkarla-birlesib-obyektimi-elimden-alir\/","title":{"rendered":"B\u00f6lg\u0259d\u0259n s\u0259sl\u0259r: &#8220;\u0130cra ba\u015f\u00e7\u0131s\u0131 sahibkarla birl\u0259\u015fib obyektimi \u0259limd\u0259n al\u0131r&#8230;&#8221;"},"content":{"rendered":"\n<p><\/p>\n\n\n\n<p><strong><em>Sahibkar dan\u0131\u015fmaqdan imtina edir, onun fikirl\u0259rini mediaya \u0130cra Hakimiyy\u0259ti \u00e7atd\u0131r\u0131r<\/em><\/strong><\/p>\n\n\n\n<p>Ming\u0259\u00e7evir sakini, 67 ya\u015fl\u0131 \u018fliyeva S\u0259kin\u0259 \u018fliban q\u0131z\u0131 icra ba\u015f\u00e7\u0131s\u0131 v\u0259 yerli sahibkarlardan \u015fikay\u0259t\u00e7idir.<\/p>\n\n\n\n<p>O, Meydan TV-y\u0259 deyir ki, ona sahibkarl\u0131q f\u0259aliyy\u0259ti il\u0259 m\u0259\u015f\u011ful olmaqda mane\u0259l\u0259r yarad\u0131l\u0131r:<\/p>\n\n\n\n<p><em>&#8220;Sahibkaram, \u00e7ay evim var, iri sahibkar v\u0259 icra ba\u015f\u00e7\u0131s\u0131 birl\u0259\u015fib m\u0259n\u0259 h\u00fccumlar edir, obyektimi \u0259limd\u0259n almaq ist\u0259yirl\u0259r&#8221;.<\/em><\/p>\n\n\n\n<p><strong>&#8220;M\u0259n\u0259 h\u00fcc\u00fcmlar olunur, \u015fantaj olunuram&#8221;<\/strong><\/p>\n\n\n\n<p>28 il ba\u011f\u00e7ada m\u00fc\u0259llim kimi f\u0259aliyy\u0259t g\u00f6st\u0259rdikd\u0259n sonra sahibkarl\u0131q f\u0259aliyy\u0259ti il\u0259 m\u0259\u015f\u011ful olan \u015f\u0259h\u0259r sakini haz\u0131rda q\u0131z\u0131l alveri il\u0259 m\u0259\u015f\u011ful olur.<\/p>\n\n\n\n<p>Bununla yana\u015f\u0131, 2019-cu ild\u0259 Ming\u0259\u00e7evir \u015f\u0259h\u0259ri, Ya\u015far Muradov k\u00fc\u00e7\u0259sind\u0259 yerl\u0259\u015f\u0259n \u00e7ay evini alaraq da\u015f\u0131nmaz \u0259mlak sahibi olub.<\/p>\n\n\n<div class=\"wp-block-image\">\n<figure class=\"aligncenter size-large\"><img decoding=\"async\" width=\"1095\" height=\"821\" data-src=\"https:\/\/www.meydan.tv\/wp-content\/uploads\/img-20240128-wa0052-1095x821.jpg\" alt=\"\" class=\"wp-image-297624 lazyload\" src=\"data:image\/svg+xml;base64,PHN2ZyB3aWR0aD0iMSIgaGVpZ2h0PSIxIiB4bWxucz0iaHR0cDovL3d3dy53My5vcmcvMjAwMC9zdmciPjwvc3ZnPg==\" style=\"--smush-placeholder-width: 1095px; --smush-placeholder-aspect-ratio: 1095\/821;\" \/><figcaption class=\"wp-element-caption\">S\u0259kin\u0259 \u018fliyeva.<\/figcaption><\/figure>\n<\/div>\n\n\n<p>Sahibkar qad\u0131n deyir ki, h\u0259min da\u015f\u0131nmaz \u0259mlaka r\u0259smi qaydada Ming\u0259\u00e7evir \u015e\u0259h\u0259r \u0130stehsal \u0130stehlak Kooperativin\u0259 4 min manat m\u0259bl\u0259\u011find\u0259 r\u00fcsum \u00f6d\u0259yib.<\/p>\n\n\n\n<p>Bundan ba\u015fqa, \u018fmlak M\u0259s\u0259l\u0259l\u0259ri D\u00f6vl\u0259t Komit\u0259si yan\u0131nda Da\u015f\u0131nmaz \u018fmlak\u0131n D\u00f6vl\u0259t Reyestri Xidm\u0259tind\u0259n \u00e7\u0131xar\u0131\u015f da al\u0131b.<\/p>\n\n\n\n<p>\u015eikay\u0259t\u00e7i bildirir ki, \u00f6t\u0259n 4 il \u0259rzind\u0259 da\u015f\u0131nmaz \u0259mlak\u0131na yax\u0131n d\u00fc\u015f\u0259 bilmir. \u00c7\u00fcnki Ming\u0259\u00e7evir \u015f\u0259h\u0259rind\u0259 iri sahibkar kimi tan\u0131nan Osman \u018fzizov icra ba\u015f\u00e7\u0131s\u0131 \u0130lham \u0130smay\u0131lovla birl\u0259\u015fib onun \u0259mlak\u0131n\u0131 \u0259lind\u0259n almaq ist\u0259yir. Bu s\u0259b\u0259bd\u0259n ona obyekti icar\u0259y\u0259 ver\u0259 bilm\u0259m\u0259si \u00fc\u00e7\u00fcn s\u00fcni \u0259ng\u0259ll\u0259r yarad\u0131r.<\/p>\n\n\n\n<figure class=\"wp-block-image size-large\"><img decoding=\"async\" width=\"1095\" height=\"821\" data-src=\"https:\/\/www.meydan.tv\/wp-content\/uploads\/img-20240128-wa0050-1095x821.jpg\" alt=\"\" class=\"wp-image-297621 lazyload\" src=\"data:image\/svg+xml;base64,PHN2ZyB3aWR0aD0iMSIgaGVpZ2h0PSIxIiB4bWxucz0iaHR0cDovL3d3dy53My5vcmcvMjAwMC9zdmciPjwvc3ZnPg==\" style=\"--smush-placeholder-width: 1095px; --smush-placeholder-aspect-ratio: 1095\/821;\" \/><\/figure>\n\n\n\n<p><strong>&#8220;Obyektimi 10 min manata ona satma\u011f\u0131m\u0131 t\u0259l\u0259b edir&#8221;<\/strong><\/p>\n\n\n\n<p>S\u0259kin\u0259 \u018fliyeva deyir ki, \u018fzizov Osman ona h\u00fccumlar edir, \u00fcst\u00fcn\u0259 adamlar g\u00f6nd\u0259rir:<\/p>\n\n\n\n<p><em>&#8220;Obyektimi 10 min manata ona satma\u011f\u0131m\u0131 t\u0259l\u0259b edir. \u00dcst\u0259lik d\u0259, qeydiyyat pulunun da m\u0259nim \u00f6d\u0259y\u0259c\u0259yimi deyir. R\u0259smi s\u0259n\u0259dl\u0259 o obyekt m\u0259nim ad\u0131mad\u0131r, &#8220;Az\u0259rittifaq&#8221;a r\u00fcsumunu m\u0259n \u00f6d\u0259mi\u015f\u0259m. S\u0259n\u0259dl\u0259 r\u0259hb\u0259r kimi \u00f6nc\u0259 Eldar Abbasovun ad\u0131na ke\u00e7irildi, r\u00fcsumunu \u00f6d\u0259dim &#8220;ASAN&#8221; xidm\u0259t vasit\u0259sil\u0259 d\u0259 m\u0259nim ad\u0131ma ke\u00e7irildi. \u0130ndi, m\u0259n\u0259 deyirl\u0259r ki, \u0259razi m\u00fchafiz\u0259 zola\u011f\u0131d\u0131r, s\u0259n\u0259 verm\u0259k olmaz. Ancaq \u018fzizov Osman h\u0259min obyektin \u0259razisini, 650 kvadratmetr sah\u0259ni \u0259ld\u0259 edib v\u0259 oran\u0131 tikib. O tikintil\u0259r zaman\u0131 \u00e7oxlu a\u011fac, ya\u015f\u0131ll\u0131q m\u0259hv edilib. Ekologiya daxil, b\u00fct\u00fcn qurumlara etdiyimiz m\u00fcraci\u0259tl\u0259r\u0259 bax\u0131lmad\u0131. \u0130ndi d\u0259 mehmanxana tikm\u0259k ist\u0259yirl\u0259r, m\u0259nim d\u0259 \u0259razimi al\u0131b ora qatmaq ist\u0259yirl\u0259r. Onun da arxas\u0131nda h\u0259r zaman yan\u0131nda olan icra ba\u015f\u00e7\u0131s\u0131 \u0130lham \u0130smay\u0131lov dayan\u0131r. \u015e\u0259h\u0259rd\u0259 \u00e7ox yerd\u0259 birg\u0259 g\u00f6r\u00fcn\u00fcrl\u0259r. Pulu, adam\u0131 var dey\u0259 s\u0259si \u00e7\u0131xan\u0131, etiraz ed\u0259ni, dig\u0259r sahibkar\u0131 \u0259zir. M\u0259nim kimi ki\u00e7ik sahibkarlar\u0131 i\u015f g\u00f6rm\u0259y\u0259 qoymurlar. Monopoliyad\u0131r&#8221;.<\/em><\/p>\n\n\n<div class=\"wp-block-image\">\n<figure class=\"aligncenter size-large\"><img decoding=\"async\" width=\"1095\" height=\"821\" data-src=\"https:\/\/www.meydan.tv\/wp-content\/uploads\/img-20240128-wa0049-1095x821.jpg\" alt=\"\" class=\"wp-image-297618 lazyload\" src=\"data:image\/svg+xml;base64,PHN2ZyB3aWR0aD0iMSIgaGVpZ2h0PSIxIiB4bWxucz0iaHR0cDovL3d3dy53My5vcmcvMjAwMC9zdmciPjwvc3ZnPg==\" style=\"--smush-placeholder-width: 1095px; --smush-placeholder-aspect-ratio: 1095\/821;\" \/><\/figure>\n<\/div>\n\n\n<p>&#8220;<em>M\u0259n bunlardan bezib adam tapm\u0131\u015fd\u0131m ki, obyekti 50 min\u0259 sat\u0131m. \u00c7\u00fcnki \u015f\u0259h\u0259rd\u0259 bir sot \u0259razinin qiym\u0259ti on min manatd\u0131r, bu boyda obyekt bu qiym\u0259t\u0259 sat\u0131lmaz ax\u0131. Alacaq adama el\u0259 qorxu g\u0259ldil\u0259r ki, geri \u00e7\u0259kildi. \u0130cra ba\u015f\u00e7\u0131s\u0131 ironiya il\u0259 deyir ki, adam g\u00f6nd\u0259r\u0259c\u0259y\u0259m, 10 min\u0259 satacaqsan. Bu sahibkar\u0131n 60-dan \u00e7ox obyekti var. Yar\u0131m milyonluq bazar al\u0131b, ikinci m\u0259rt\u0259b\u0259sini tikdirir. Arxas\u0131nda da h\u0259r g\u00fcn yan\u0131nda olan, restoranlarda onunla birg\u0259 g\u00f6r\u00fcn\u0259n icra ba\u015f\u00e7\u0131s\u0131d\u0131r. H\u0259yat yolda\u015f\u0131m \u00f6l\u00fcb, ali t\u0259hsilli m\u00fc\u0259llim olmu\u015fam, t\u0259k \u00f6vlad b\u00f6y\u00fctm\u00fc\u015f\u0259m. \u0130ndi d\u0259 o\u011flumun \u00fc\u00e7 n\u0259v\u0259sin\u0259 q\u0259yyumluq edir\u0259m, onlar da t\u0259l\u0259b\u0259dir, onlar\u0131 oxuduram&#8221;, <\/em>&#8211; dey\u0259 sahibkar bildirib.<\/p>\n\n\n\n<p><strong>&#8220;\u00c7ox \u00e7\u0131x\u0131lmaz durumdayam, \u015fikay\u0259t etm\u0259diyim qurum qalmay\u0131b&#8221;<\/strong><\/p>\n\n\n\n<p>\u015eikay\u0259t\u00e7inin dediyin\u0259 g\u00f6r\u0259, sahibkar \u00e7ay evinin t\u0259miri ad\u0131 il\u0259 ondan 13 min manat m\u0259bl\u0259\u011find\u0259 pul t\u0259l\u0259b edir. Halbuki nimda\u015f divar, tavan, k\u00f6hn\u0259 masa v\u0259 oturacaqlar orada t\u0259mirin apar\u0131lmad\u0131\u011f\u0131n\u0131 a\u00e7\u0131q g\u00f6st\u0259rir:<\/p>\n\n\n<div class=\"wp-block-image\">\n<figure class=\"aligncenter size-large\"><img decoding=\"async\" width=\"1095\" height=\"821\" data-src=\"https:\/\/www.meydan.tv\/wp-content\/uploads\/img-20240128-wa0045-1095x821.jpg\" alt=\"\" class=\"wp-image-297612 lazyload\" src=\"data:image\/svg+xml;base64,PHN2ZyB3aWR0aD0iMSIgaGVpZ2h0PSIxIiB4bWxucz0iaHR0cDovL3d3dy53My5vcmcvMjAwMC9zdmciPjwvc3ZnPg==\" style=\"--smush-placeholder-width: 1095px; --smush-placeholder-aspect-ratio: 1095\/821;\" \/><\/figure>\n<\/div>\n\n\n<p>&#8220;<em>E\u015fqin v\u0259 Co\u015fqun K\u0259rimov adl\u0131 \u015f\u0259xsl\u0259rd\u0259n istifad\u0259 ed\u0259r\u0259k m\u0259ni h\u0259d\u0259l\u0259yir ki, guya \u00e7ay evin\u0259 13 min manat x\u0259rc \u00e7\u0259kib. He\u00e7 orada 300 manatl\u0131q t\u0259mir yoxdur. K\u00f6hn\u0259 obyektdir. 2019-cu ild\u0259 alsam da, h\u0259min \u015f\u0259xsl\u0259r oran\u0131 \u00e7ay evi kimi icar\u0259y\u0259 g\u00f6t\u00fcr\u00fcb i\u015fl\u0259dibl\u0259r. M\u0259n\u0259 d\u0259 he\u00e7 n\u0259 \u00f6d\u0259m\u0259yibl\u0259r, g\u00fccl\u0259 m\u0259hk\u0259m\u0259 yolu, icra m\u0259muru vasit\u0259sil\u0259 \u00f6t\u0259n il onlar\u0131 \u00e7\u0131xara bildim. \u0130ki ayd\u0131r ki, icar\u0259y\u0259 vermi\u015f\u0259m, ona da mane olub i\u015fl\u0259m\u0259y\u0259 qoymurlar. Adam f\u0259hl\u0259dir. \u0130\u015fl\u0259dib ayda m\u0259n\u0259 150 manat icar\u0259haqq\u0131 verm\u0259lidir, ona da mane olurlar. \u00c7ox \u00e7\u0131x\u0131lmaz durumdayam, \u015fikay\u0259t, m\u00fcraci\u0259t etm\u0259diyim qurum qalmay\u0131b, ancaq yen\u0259 mane\u0259l\u0259r var&#8221;.<\/em><\/p>\n\n\n\n<p>&#8220;<strong>M\u0259n \u00f6lk\u0259 Prezidentind\u0259n k\u00f6m\u0259k ist\u0259yir\u0259m&#8221;<\/strong><\/p>\n\n\n\n<p>\u0130kinci qrup \u0259lil olan sahibkar qad\u0131n d\u00f6rd ild\u0259 \u00f6lk\u0259 Prezidentind\u0259n tutmu\u015f m\u00fcxt\u0259lif aidiyy\u0259ti qurumlara m\u00fcraci\u0259t edib, q\u0259bula d\u00fc\u015fm\u0259k ist\u0259yib. Amma deyir ki, b\u00fct\u00fcn c\u0259hdl\u0259ri bo\u015fa \u00e7\u0131x\u0131b. N\u0259 onu q\u0259bul ed\u0259n, n\u0259 d\u0259 d\u0259rdin\u0259 \u0259lac ed\u0259n olub. On d\u0259f\u0259 ke\u00e7iril\u0259n m\u0259hk\u0259m\u0259l\u0259rin \u0259n sonuncusunda is\u0259 o qalib g\u0259ls\u0259 d\u0259, yen\u0259 d\u0259 qar\u015f\u0131 t\u0259r\u0259f onu incitm\u0259kd\u0259 davam edir:<\/p>\n\n\n<div class=\"wp-block-image\">\n<figure class=\"alignleft size-large is-resized\"><img decoding=\"async\" width=\"462\" height=\"821\" data-src=\"https:\/\/www.meydan.tv\/wp-content\/uploads\/img-20240129-wa0040-462x821.jpg\" alt=\"\" class=\"wp-image-297636 lazyload\" style=\"--smush-placeholder-width: 462px; --smush-placeholder-aspect-ratio: 462\/821;width:322px;height:auto\" src=\"data:image\/svg+xml;base64,PHN2ZyB3aWR0aD0iMSIgaGVpZ2h0PSIxIiB4bWxucz0iaHR0cDovL3d3dy53My5vcmcvMjAwMC9zdmciPjwvc3ZnPg==\" \/><\/figure>\n<\/div>\n\n\n<p><em>&#8220;Prezident Adminstrasiyas\u0131na \u00fcz tutmu\u015fam, amma m\u00fcraci\u0259t\u0259 baxmay\u0131blar. Ming\u0259\u00e7evirin icra ba\u015f\u00e7\u0131s\u0131 \u0130lham \u0130smay\u0131lova \u0259riz\u0259 yazm\u0131\u015fam, d\u0259f\u0259l\u0259rl\u0259 q\u0259buluna d\u00fc\u015fm\u0259k ist\u0259mi\u015f\u0259m, q\u0259bul etmir. F\u00f6vq\u0259lada Hallar Nazirliyin\u0259 getmi\u015f\u0259m, &#8220;Qaynar x\u0259tt&#8221;in\u0259 z\u0259ng edir\u0259m, q\u0259bul etmirl\u0259r, Ekologiya Nazirliyin\u0259 t\u0259cili teleqramlar vurmu\u015fam ki, ya\u015f\u0131ll\u0131q m\u0259hv olur, baxan yoxdur. Ham\u0131s\u0131 \u015fikay\u0259timi qulaqard\u0131na vurur, g\u00f6rm\u0259zd\u0259n g\u0259lir. M\u0259n\u0259 deyir ki, hara gedirs\u0259n get, hara \u015fikay\u0259t edirs\u0259n et, obyekt m\u0259nimdir. &#8220;Az\u0259rittifaq&#8221;dan m\u0259n\u0259 deyirl\u0259r ki, obyekt s\u0259nindir, get h\u00fcquqlar\u0131n\u0131 m\u00fcdafi\u0259 et. D\u00f6rd ildir m\u0259hk\u0259m\u0259l\u0259rd\u0259 s\u00fcr\u00fcn\u00fcr\u0259m. Bunlar m\u0259ni m\u0259hk\u0259m\u0259y\u0259 veribl\u0259r ki, guya icar\u0259y\u0259 13 min t\u0259mir x\u0259rci \u00e7\u0259kibl\u0259r. Orada t\u0259mir yoxdur. \u0130ki il onlar\u0131 \u00e7\u0131xara bilm\u0259dim dey\u0259 K\u0259rimov Co\u015fqun i\u015fl\u0259tdi. Utanm\u0131r, durub m\u0259ni m\u0259hk\u0259m\u0259y\u0259 verir ki, guya i\u015fl\u0259tdiyi d\u00f6vrd\u0259 13 min x\u0259rc \u00e7\u0259kib, obyekt d\u0259 guya onundur&#8221;.<\/em><\/p>\n\n\n\n<p><em>&#8220;Be\u015f d\u0259f\u0259 Ming\u0259\u00e7evird\u0259 m\u0259hk\u0259m\u0259 oldu, onlar\u0131n lehin\u0259 q\u0259rar \u00e7\u0131xard\u0131lar, t\u0259bii ki, icra ba\u015f\u00e7\u0131s\u0131n\u0131n da t\u0259siri vard\u0131. Be\u015f d\u0259f\u0259 Apelyasiya M\u0259hk\u0259m\u0259si oldu, o da sonda Ali M\u0259hk\u0259m\u0259y\u0259 g\u00f6nd\u0259rdi. Ali M\u0259hk\u0259m\u0259 d\u0259 lehim\u0259 q\u0259rar \u00e7\u0131xard\u0131 ki, da\u015f\u0131nmaz \u0259mlak m\u0259nim ad\u0131mad\u0131r. Co\u015fqun v\u0259 E\u015fqin K\u0259rimovlar\u0131n kassasiya \u015fikay\u0259ti t\u0259min edilm\u0259di. Son q\u0259rar m\u0259nim lehim\u0259 \u00e7\u0131xsa da, yen\u0259 g\u0259lib \u0259razini hasarlay\u0131blar, i\u015f g\u00f6r\u00fcrl\u0259r, obyektd\u0259n istifad\u0259y\u0259 m\u00fcdaxil\u0259 edirl\u0259r, m\u0259n\u0259 t\u0259sir g\u00f6st\u0259rirl\u0259r. Qoymurlar obyekti icar\u0259y\u0259 ver\u0259k, i\u015fl\u0259d\u0259k. M\u0259n \u00f6lk\u0259 Prezidentind\u0259n k\u00f6m\u0259k ist\u0259yir\u0259m. Bunlara &#8220;dur&#8221; deyilsin, biz ki\u00e7ik sahibkarlara mane olmas\u0131nlar. Ali M\u0259hk\u0259m\u0259nin q\u0259rar\u0131n\u0131 bel\u0259 saym\u0131rlar. Ax\u0131 bunlar\u0131n \u00f6zba\u015f\u0131nal\u0131\u011f\u0131na kim dur dey\u0259c\u0259k?.He\u00e7 kimd\u0259n, he\u00e7 n\u0259d\u0259n qorxmurlar&#8221;,<\/em> &#8211; dey\u0259 S\u0259kin\u0259 \u018fliyeva k\u00f6m\u0259k ist\u0259yir.<\/p>\n\n\n\n<p><strong>Ali M\u0259hk\u0259m\u0259 n\u0259 deyir?<\/strong><\/p>\n\n\n\n<p>Ali M\u0259hk\u0259m\u0259nin 25 oktyabr 2021-ci il tarixli q\u0259rar\u0131nda yaz\u0131l\u0131b ki, m\u00fcbahis\u0259li qeyri-ya\u015fay\u0131\u015f binas\u0131 S\u0259kin\u0259 \u018fliyevan\u0131n m\u00fclkiyy\u0259t h\u00fcququna daxildir. Cavabdehl\u0259rin h\u0259min sah\u0259d\u0259n istifad\u0259 etm\u0259l\u0259ri qanunsuz oldu\u011fu \u00fc\u00e7\u00fcn onlar\u0131n oradan \u00e7\u0131xar\u0131lmalar\u0131 qanuni v\u0259 \u0259sasl\u0131d\u0131r.<\/p>\n\n\n<div class=\"wp-block-image\">\n<figure class=\"aligncenter size-large\"><img decoding=\"async\" width=\"1095\" height=\"821\" data-src=\"https:\/\/www.meydan.tv\/wp-content\/uploads\/img-20240128-wa0047-1095x821.jpg\" alt=\"\" class=\"wp-image-297615 lazyload\" src=\"data:image\/svg+xml;base64,PHN2ZyB3aWR0aD0iMSIgaGVpZ2h0PSIxIiB4bWxucz0iaHR0cDovL3d3dy53My5vcmcvMjAwMC9zdmciPjwvc3ZnPg==\" style=\"--smush-placeholder-width: 1095px; --smush-placeholder-aspect-ratio: 1095\/821;\" \/><\/figure>\n<\/div>\n\n\n<p>&#8220;<em>K\u0259rimov Co\u015fqun Hiday\u0259t o\u011flu v\u0259 K\u0259rimov E\u015fqin Hiday\u0259t o\u011flu t\u0259r\u0259find\u0259n verilmi\u015f kassasiya \u015fikay\u0259ti t\u0259min edilm\u0259sin&#8221;, <\/em>&#8211; dey\u0259 m\u0259hk\u0259m\u0259 q\u0259rar\u0131nda qeyd olunub.<\/p>\n\n\n\n<p><strong>Qar\u015f\u0131 t\u0259r\u0259f dan\u0131\u015fmaqdan imtina edir, kobud davran\u0131r&#8230;<\/strong><\/p>\n\n\n\n<p>Meydan TV \u015fikay\u0259tl\u0259 ba\u011fl\u0131 Ming\u0259\u00e7evir \u015f\u0259h\u0259r icra ba\u015f\u00e7\u0131s\u0131 \u0130lham \u0130smay\u0131lov il\u0259 \u0259laq\u0259 saxlama\u011fa \u00e7al\u0131\u015fsa da, \u00f6z\u00fc il\u0259 birba\u015fa \u0259laq\u0259 al\u0131nmay\u0131b. \u0130cra ba\u015f\u00e7\u0131s\u0131 z\u0259ngl\u0259r\u0259 cavab verilm\u0259yib.<\/p>\n\n\n<div class=\"wp-block-image\">\n<figure class=\"alignright size-large is-resized\"><img decoding=\"async\" width=\"616\" height=\"821\" data-src=\"https:\/\/www.meydan.tv\/wp-content\/uploads\/img-20240130-wa0009-616x821.jpg\" alt=\"\" class=\"wp-image-297633 lazyload\" style=\"--smush-placeholder-width: 616px; --smush-placeholder-aspect-ratio: 616\/821;width:377px;height:auto\" src=\"data:image\/svg+xml;base64,PHN2ZyB3aWR0aD0iMSIgaGVpZ2h0PSIxIiB4bWxucz0iaHR0cDovL3d3dy53My5vcmcvMjAwMC9zdmciPjwvc3ZnPg==\" \/><\/figure>\n<\/div>\n\n\n<p>Sahibkar Osman \u018fzizov is\u0259 telefonu a\u00e7sa da, m\u00f6vzunu e\u015fid\u0259n kimi kobud ifad\u0259l\u0259r i\u015fl\u0259d\u0259r\u0259k m\u00f6vqe bildirm\u0259kd\u0259n imtina edib.<\/p>\n\n\n\n<p><strong>&#8220;Obyektin\u0259 m\u00fcdaxil\u0259 varsa, polis\u0259 \u015fikay\u0259t etsin&#8221;<\/strong><\/p>\n\n\n\n<p>Ming\u0259\u00e7evir \u015f\u0259h\u0259r icra ba\u015f\u00e7\u0131s\u0131n\u0131n birinci m\u00fcavini Hikm\u0259t K\u0259rimov is\u0259 sahibkarlar aras\u0131nda m\u00fcbahis\u0259nin icra hakimiyy\u0259tin\u0259 aid olmad\u0131\u011f\u0131n\u0131 deyib.<\/p>\n\n\n\n<p>&#8220;<em>Sahibkar\u0131n obyektin\u0259 m\u00fcdaxil\u0259 varsa, polis\u0259 \u015fikay\u0259t etsin&#8221;, &#8211;<\/em> dey\u0259 icra ba\u015f\u00e7\u0131s\u0131n\u0131n m\u00fcavini vur\u011fulay\u0131b.<\/p>\n\n\n\n<p>O bildirib ki, icra ba\u015f\u00e7\u0131s\u0131n\u0131n sahibkar Osman \u018fzizovla i\u015fbirliyind\u0259, dost m\u00fcnasib\u0259tind\u0259 olmas\u0131 il\u0259 ba\u011fl\u0131 iddialar do\u011fru deyil:<\/p>\n\n\n\n<p>&#8220;<em>Onun hans\u0131sa bir sahibkarla aras\u0131ndak\u0131 m\u00fcbahis\u0259sinin icra ba\u015f\u00e7\u0131s\u0131na aidiyyat\u0131 yoxdur. Onlar d\u0259f\u0259l\u0259rl\u0259 polis\u0259 v\u0259 m\u0259hk\u0259m\u0259y\u0259 d\u00fc\u015f\u00fcbl\u0259r. Daxili \u0130\u015fl\u0259r Nazirliyi bununla ba\u011fl\u0131 a\u00e7\u0131qlama da verib. \u0130cra ba\u015f\u00e7\u0131s\u0131 il\u0259 sahibkar\u0131n birlikd\u0259 bu i\u015fi etm\u0259si yaland\u0131r. Deyir ki, icra ba\u015f\u00e7\u0131s\u0131 il\u0259 sahibkar h\u0259r g\u00fcn birg\u0259 yeyib-i\u00e7ir. Bu da do\u011fru deyil. \u0130cra ba\u015f\u00e7\u0131s\u0131 sahibkara n\u0259 ed\u0259 bil\u0259r ki? \u00dcmumiyy\u0259tl\u0259, icra hakimiyy\u0259tinin funksiyas\u0131na aid m\u0259s\u0259l\u0259 deyil&#8221;.<\/em><\/p>\n\n\n<div class=\"wp-block-image\">\n<figure class=\"aligncenter size-large\"><img decoding=\"async\" width=\"1095\" height=\"821\" data-src=\"https:\/\/www.meydan.tv\/wp-content\/uploads\/img-20240128-wa0044-1095x821.jpg\" alt=\"\" class=\"wp-image-297609 lazyload\" src=\"data:image\/svg+xml;base64,PHN2ZyB3aWR0aD0iMSIgaGVpZ2h0PSIxIiB4bWxucz0iaHR0cDovL3d3dy53My5vcmcvMjAwMC9zdmciPjwvc3ZnPg==\" style=\"--smush-placeholder-width: 1095px; --smush-placeholder-aspect-ratio: 1095\/821;\" \/><\/figure>\n<\/div>\n\n\n<p>&#8220;<em>Ali M\u0259hk\u0259m\u0259 n\u0259 q\u0259rar \u00e7\u0131xar\u0131b icra b\u00f6lm\u0259sin\u0259 y\u00f6n\u0259ldilib, onlar h\u0259ll etm\u0259lidir. Ad\u0131\u00e7\u0259kil\u0259n sahibkarla dan\u0131\u015f\u0131l\u0131b, ancaq m\u00fcbahis\u0259 davam edir. Bizd\u0259 ya q\u0259bula yaz\u0131ls\u0131n, ya da s\u0259yyar g\u00f6r\u00fc\u015f\u0259 g\u0259lib d\u0259rdini desin, dinl\u0259y\u0259k. Kiml\u0259s\u0259 x\u0259b\u0259r, el\u00e7i g\u00f6nd\u0259rm\u0259sin. Biz onu d\u0259v\u0259tnam\u0259 il\u0259 g\u0259tir\u0259si deyilik&#8221;, <\/em>&#8211; dey\u0259 birinci m\u00fcavin qeyd edib.<\/p>\n\n\n\n<p><strong>Sahibkar\u0131n yerin\u0259 \u0130cra Hakimiyy\u0259ti dan\u0131\u015f\u0131r: &#8220;He\u00e7 bir m\u0259mur m\u0259ni himay\u0259 etmir&#8230; &#8220;<\/strong><\/p>\n\n\n\n<p>Q\u0131sa m\u00fcdd\u0259td\u0259n sonra Ming\u0259\u00e7evir \u015e\u0259h\u0259r \u0130cra Hakimiyy\u0259tinin ba\u015f m\u0259sl\u0259h\u0259t\u00e7isi Az\u0259r H\u00fcseynov yenid\u0259n Meydan TV il\u0259 \u0259laq\u0259 saxlay\u0131b v\u0259 bildirib ki, sahibkar Osman \u018fzizovun \u00e7oxsayl\u0131 \u015fikay\u0259tl\u0259r\u0259 y\u00f6n\u0259lik yaz\u0131l\u0131 m\u00f6vqeyini m\u0259tbuata \u00e7atd\u0131rmaq ist\u0259yir.<\/p>\n\n\n\n<p>Maraql\u0131d\u0131r ki, \u00f6z\u00fc Meydan TV-y\u0259 dan\u0131\u015fmaq v\u0259 a\u00e7\u0131qlama verm\u0259k ist\u0259m\u0259y\u0259n, h\u0259tta kobud davranan sahibkar\u0131n fikirl\u0259rini Ming\u0259\u00e7evir \u015e\u0259h\u0259r \u0130cra Hakimiyy\u0259ti mediaya \u00e7atd\u0131r\u0131r.<\/p>\n\n\n<div class=\"wp-block-image\">\n<figure class=\"alignleft size-large is-resized\"><img decoding=\"async\" width=\"616\" height=\"821\" data-src=\"https:\/\/www.meydan.tv\/wp-content\/uploads\/img-20240130-wa0018-616x821.jpg\" alt=\"\" class=\"wp-image-297630 lazyload\" style=\"--smush-placeholder-width: 616px; --smush-placeholder-aspect-ratio: 616\/821;width:339px;height:auto\" src=\"data:image\/svg+xml;base64,PHN2ZyB3aWR0aD0iMSIgaGVpZ2h0PSIxIiB4bWxucz0iaHR0cDovL3d3dy53My5vcmcvMjAwMC9zdmciPjwvc3ZnPg==\" \/><\/figure>\n<\/div>\n\n\n<p>H\u0259min a\u00e7\u0131qlamada is\u0259 sahibkar deyir ki, S\u0259kin\u0259 \u018fliyeva m\u00fclkiyy\u0259t h\u00fcququna daxil olan \u00e7ay evini ona 40 min manata satmaq, \u0259ks halda is\u0259 onun sah\u0259sin\u0259 m\u0259xsus torpaqdan iki sot almaq ist\u0259yir:<\/p>\n\n\n\n<p>&#8220;<em>M\u0259n h\u0259min obyekti bir qad\u0131n v\u0259t\u0259nda\u015fdan alm\u0131\u015fam. Ald\u0131\u011f\u0131m obyektin s\u0259n\u0259dl\u0259rini qanuni \u015f\u0259kild\u0259 d\u00f6vl\u0259t qurumlar\u0131na t\u0259qdim etm\u0259y\u0259 haz\u0131ram. Apard\u0131\u011f\u0131m t\u0259mir i\u015fl\u0259ri qanuni \u015f\u0259kild\u0259 g\u00f6r\u00fcl\u00fcr. Haqq\u0131mda deyil\u0259nl\u0259r b\u00f6htand\u0131r. He\u00e7 bir m\u0259mur m\u0259ni himay\u0259 etmir, icra ba\u015f\u00e7\u0131s\u0131 \u0130lham \u0130smay\u0131lovla dostluq v\u0259 qohumluq \u0259laq\u0259m yoxdur. S\u0259kin\u0259 xan\u0131m m\u0259n\u0259 t\u0259l\u0259b ir\u0259li s\u00fcrd\u00fc ki, ona m\u0259xsus \u00e7ayxanaya 40 min manat pul \u00f6d\u0259yim, ya da m\u0259nim icar\u0259md\u0259 olan torpa\u011f\u0131n iki sotunu ona verim. M\u0259n ona naraz\u0131 oldu\u011fu halda \u015fikay\u0259t verm\u0259yini dedim. O da aidiyy\u0259ti olmayan b\u00fct\u00fcn qurumlara m\u00fcraci\u0259t edib. Onlar da \u0259raziy\u0259 bax\u0131\u015f ke\u00e7irib, g\u00f6r\u00fcl\u0259n i\u015fl\u0259rl\u0259 tan\u0131\u015f olublar. Bax\u0131\u015f zaman\u0131 da h\u0259r hans\u0131 qanunazidd \u0259m\u0259l a\u015fkarlay\u0131blar&#8221;.<\/em><\/p>\n\n\n\n<p>\u0130cra Hakimiyy\u0259tind\u0259n onu da \u0259lav\u0259 edibl\u0259r ki, S\u0259kin\u0259 \u018fliyeva m\u0259xsus obyektin 20 kvadratmetri Osman \u018fzizova m\u0259xsusdur. Ancaq v\u0259t\u0259nda\u015fa m\u0259xsus obyektin \u00e7\u0131xar\u0131\u015f\u0131na n\u0259z\u0259r yetir\u0259nd\u0259 m\u0259lum olur ki, da\u015f\u0131nmaz \u0259mlak\u0131n \u00fcmumi sah\u0259si 80.60 kvadratmetrdir.<\/p>\n\n\n\n<p>Ming\u0259\u00e7evir \u015e\u0259h\u0259r \u0130cra Hakimiyy\u0259tinin Memarl\u0131q v\u0259 Tikinti \u015f\u00f6b\u0259sind\u0259n veril\u0259n m\u0259lumata g\u00f6r\u0259, 1 avqust 2023-c\u00fc ild\u0259 Ya\u015far Muradov k\u00fc\u00e7\u0259si 64 \u00fcnvan\u0131nda qanunsuz tikinti qura\u015fd\u0131rma i\u015fl\u0259ri a\u015fkarlanaraq sahibkara v\u0259\u00a0 aidiyy\u0259ti qurumlara x\u0259b\u0259rdarl\u0131q edilib.<\/p>\n\n\n\n<p>\u00d6t\u0259n ilin sentyabr\u0131nda is\u0259 yoxlamalar\u0131n n\u0259tic\u0259si olaraq \u0259razid\u0259 tikinti deyil, t\u0259mir i\u015fl\u0259rinin apar\u0131ld\u0131\u011f\u0131 m\u00fc\u0259yy\u0259n edilib.<\/p>\n\n\n\n<p><strong>&#8220;Ham\u0131n\u0131 \u0259l\u0259 alandan sonra tikintini t\u0259mir ad\u0131 il\u0259 \u00f6rt-basd\u0131r etdil\u0259r&#8221;<\/strong><\/p>\n\n\n\n<p>V\u0259t\u0259nda\u015f S\u0259kin\u0259 \u018fliyeva is\u0259 deyil\u0259nl\u0259rl\u0259 raz\u0131la\u015fm\u0131r. Deyir ki, obyektin\u0259 g\u00f6r\u0259 ona h\u0259r g\u00fcn t\u0259zyiql\u0259r edilir, \u00e7ay evini 10 min manata satd\u0131rma\u011fa t\u0259hrik edirl\u0259r.<\/p>\n\n\n\n<p>Onun s\u00f6zl\u0259rin\u0259 g\u00f6r\u0259, qar\u015f\u0131 t\u0259r\u0259fd\u0259n 40 min manat, v\u0259 ya 2 sot torpaq ist\u0259m\u0259si il\u0259 ba\u011fl\u0131 deyil\u0259nl\u0259r d\u0259 b\u00f6htand\u0131r:<\/p>\n\n\n<div class=\"wp-block-image\">\n<figure class=\"aligncenter size-large\"><img decoding=\"async\" width=\"1095\" height=\"821\" data-src=\"https:\/\/www.meydan.tv\/wp-content\/uploads\/img-20240128-wa0043-1095x821.jpg\" alt=\"\" class=\"wp-image-297606 lazyload\" src=\"data:image\/svg+xml;base64,PHN2ZyB3aWR0aD0iMSIgaGVpZ2h0PSIxIiB4bWxucz0iaHR0cDovL3d3dy53My5vcmcvMjAwMC9zdmciPjwvc3ZnPg==\" style=\"--smush-placeholder-width: 1095px; --smush-placeholder-aspect-ratio: 1095\/821;\" \/><\/figure>\n<\/div>\n\n\n<p>&#8220;<em>Yalan iddiad\u0131r, zorla kim\u0259s\u0259 hans\u0131sa m\u0259bl\u0259\u011f\u0259 obyekt satmaq olar? M\u0259nim obyektimi 50 min\u0259 alan vard\u0131 da, niy\u0259 \u0259ng\u0259l olurdular? Sad\u0259c\u0259, qurma i\u015fdir. K\u0259rimovlar\u0131 \u00f6yr\u0259dibl\u0259r. Onlara v\u0259kil tutub m\u0259nd\u0259n t\u0259mir ad\u0131 il\u0259 13 min manat almaq ist\u0259yirl\u0259r. \u00d6t\u0259n ilin m\u0259hk\u0259m\u0259sind\u0259 \u0259li il\u0259 m\u0259n\u0259 g\u00f6st\u0259rdi ki, ya 10 min\u0259 satacaqsan, ya s\u0259ni \u00f6ld\u00fcr\u0259c\u0259y\u0259m. \u0130kincisi d\u0259, ondan kims\u0259 torpaq ist\u0259m\u0259yib, orada iki sot torpaq hardad\u0131r? M\u0259n \u0259vv\u0259l\u0259r torpaqla ba\u011fl\u0131 B\u0259l\u0259diyy\u0259y\u0259, \u018fmlak Komit\u0259sin\u0259 \u0259riz\u0259 il\u0259&nbsp; m\u00fcraci\u0259t etmi\u015f\u0259m. M\u0259n\u0259 &#8220;m\u00fchafiz\u0259 zola\u011f\u0131d\u0131r&#8221; deyib ona sat\u0131blar&#8221;<\/em>.<\/p>\n\n\n\n<p>&#8220;<em>O kimdir ki, ondan torpaq t\u0259l\u0259b edim? M\u0259n \u0259vv\u0259l m\u0259ktub g\u00f6nd\u0259r\u0259nd\u0259 \u0130cra Hakimiyy\u0259ti onun qanunsuz tikinti i\u015fini aparmas\u0131n\u0131 t\u0259sdiql\u0259di. Amma o, ham\u0131n\u0131 \u0259l\u0259 alandan sonra tikintini t\u0259mir ad\u0131 il\u0259 \u00f6rt-basd\u0131r etdil\u0259r. Halbuki orada n\u0259 q\u0259d\u0259r tikinti i\u015fi g\u00f6r\u00fcl\u00fcb, indi d\u0259 g\u00f6r\u00fcl\u00fcr. M\u0259ni icra ba\u015f\u00e7\u0131s\u0131 q\u0259bul etmir, deyir\u0259m \u00f6z\u00fc q\u0259bul etsin, g\u0259lir\u0259m. Amma bu is\u0259 onlara s\u0259rf etmir&#8221;,<\/em> &#8211; S\u0259kin\u0259 \u018fliyeva bel\u0259 deyib.<\/p>\n","protected":false},"excerpt":{"rendered":"<p>Sahibkar dan\u0131\u015fmaqdan imtina edir, onun fikirl\u0259rini mediaya \u0130cra Hakimiyy\u0259ti \u00e7atd\u0131r\u0131r &#8230; <\/p>\n<p class=\"read-more-container\"><a title=\"B\u00f6lg\u0259d\u0259n s\u0259sl\u0259r: &#8220;\u0130cra ba\u015f\u00e7\u0131s\u0131 sahibkarla birl\u0259\u015fib obyektimi \u0259limd\u0259n al\u0131r&#8230;&#8221;\" class=\"read-more button\" href=\"https:\/\/www.meydan.tv\/az\/article\/bolgeden-sesler-icra-bascisi-sahibkarla-birlesib-obyektimi-elimden-alir\/#more-297639\" aria-label=\"Read more about B\u00f6lg\u0259d\u0259n s\u0259sl\u0259r: &#8220;\u0130cra ba\u015f\u00e7\u0131s\u0131 sahibkarla birl\u0259\u015fib obyektimi \u0259limd\u0259n al\u0131r&#8230;&#8221;\">Davam\u0131<\/a><\/p>\n","protected":false},"author":8,"featured_media":297627,"comment_status":"closed","ping_status":"closed","sticky":false,"template":"","format":"standard","meta":{"_acf_changed":false,"_sitemap_exclude":false,"_sitemap_priority":"","_sitemap_frequency":"","footnotes":""},"categories":[60,79,56],"tags":[],"class_list":["post-297639","post","type-post","status-publish","format-standard","has-post-thumbnail","hentry","category-bolge","category-featured","category-xeberler","infinite-scroll-item","generate-columns","tablet-grid-50","mobile-grid-100","grid-parent","grid-33","no-featured-image-padding"],"acf":[],"yoast_head":"<!-- This site is optimized with the Yoast SEO plugin v27.4 - https:\/\/yoast.com\/product\/yoast-seo-wordpress\/ -->\n<title>B\u00f6lg\u0259d\u0259n s\u0259sl\u0259r: &quot;\u0130cra ba\u015f\u00e7\u0131s\u0131 sahibkarla birl\u0259\u015fib obyektimi \u0259limd\u0259n al\u0131r...&quot; - MEYDAN.TV<\/title>\n<meta name=\"robots\" content=\"index, follow, max-snippet:-1, max-image-preview:large, max-video-preview:-1\" \/>\n<link rel=\"canonical\" href=\"https:\/\/www.meydan.tv\/az\/article\/bolgeden-sesler-icra-bascisi-sahibkarla-birlesib-obyektimi-elimden-alir\/\" \/>\n<meta property=\"og:locale\" content=\"az_AZ\" \/>\n<meta property=\"og:type\" content=\"article\" \/>\n<meta property=\"og:title\" content=\"B\u00f6lg\u0259d\u0259n s\u0259sl\u0259r: &quot;\u0130cra ba\u015f\u00e7\u0131s\u0131 sahibkarla birl\u0259\u015fib obyektimi \u0259limd\u0259n al\u0131r...&quot; - MEYDAN.TV\" \/>\n<meta property=\"og:description\" content=\"Sahibkar dan\u0131\u015fmaqdan imtina edir, onun fikirl\u0259rini mediaya \u0130cra Hakimiyy\u0259ti \u00e7atd\u0131r\u0131r ... Davam\u0131\" \/>\n<meta property=\"og:url\" content=\"https:\/\/www.meydan.tv\/az\/article\/bolgeden-sesler-icra-bascisi-sahibkarla-birlesib-obyektimi-elimden-alir\/\" \/>\n<meta property=\"og:site_name\" content=\"MEYDAN.TV\" \/>\n<meta property=\"article:published_time\" content=\"2024-02-10T09:11:21+00:00\" \/>\n<meta property=\"article:modified_time\" content=\"2024-02-10T11:53:16+00:00\" \/>\n<meta property=\"og:image\" content=\"https:\/\/www.meydan.tv\/wp-content\/uploads\/img-20240128-wa0066.jpg\" \/>\n\t<meta property=\"og:image:width\" content=\"1032\" \/>\n\t<meta property=\"og:image:height\" content=\"774\" \/>\n\t<meta property=\"og:image:type\" content=\"image\/jpeg\" \/>\n<meta name=\"author\" content=\"elli\" \/>\n<meta name=\"twitter:card\" content=\"summary_large_image\" \/>\n<meta name=\"twitter:creator\" content=\"@elli\" \/>\n<script type=\"application\/ld+json\" class=\"yoast-schema-graph\">{\"@context\":\"https:\\\/\\\/schema.org\",\"@graph\":[{\"@type\":\"Article\",\"@id\":\"https:\\\/\\\/www.meydan.tv\\\/az\\\/article\\\/bolgeden-sesler-icra-bascisi-sahibkarla-birlesib-obyektimi-elimden-alir\\\/#article\",\"isPartOf\":{\"@id\":\"https:\\\/\\\/www.meydan.tv\\\/az\\\/article\\\/bolgeden-sesler-icra-bascisi-sahibkarla-birlesib-obyektimi-elimden-alir\\\/\"},\"author\":{\"name\":\"elli\",\"@id\":\"https:\\\/\\\/www.meydan.tv\\\/az\\\/#\\\/schema\\\/person\\\/9cdbecf90d17180ce1dfbd95b08dcf47\"},\"headline\":\"B\u00f6lg\u0259d\u0259n s\u0259sl\u0259r: &#8220;\u0130cra ba\u015f\u00e7\u0131s\u0131 sahibkarla birl\u0259\u015fib obyektimi \u0259limd\u0259n al\u0131r&#8230;&#8221;\",\"datePublished\":\"2024-02-10T09:11:21+00:00\",\"dateModified\":\"2024-02-10T11:53:16+00:00\",\"mainEntityOfPage\":{\"@id\":\"https:\\\/\\\/www.meydan.tv\\\/az\\\/article\\\/bolgeden-sesler-icra-bascisi-sahibkarla-birlesib-obyektimi-elimden-alir\\\/\"},\"wordCount\":2536,\"publisher\":{\"@id\":\"https:\\\/\\\/www.meydan.tv\\\/az\\\/#organization\"},\"image\":{\"@id\":\"https:\\\/\\\/www.meydan.tv\\\/az\\\/article\\\/bolgeden-sesler-icra-bascisi-sahibkarla-birlesib-obyektimi-elimden-alir\\\/#primaryimage\"},\"thumbnailUrl\":\"https:\\\/\\\/www.meydan.tv\\\/wp-content\\\/uploads\\\/img-20240128-wa0066.jpg\",\"articleSection\":[\"B\u00f6lg\u0259\",\"T\u00f6vsiy\u0259\",\"X\u0259b\u0259rl\u0259r\"],\"inLanguage\":\"az\"},{\"@type\":\"WebPage\",\"@id\":\"https:\\\/\\\/www.meydan.tv\\\/az\\\/article\\\/bolgeden-sesler-icra-bascisi-sahibkarla-birlesib-obyektimi-elimden-alir\\\/\",\"url\":\"https:\\\/\\\/www.meydan.tv\\\/az\\\/article\\\/bolgeden-sesler-icra-bascisi-sahibkarla-birlesib-obyektimi-elimden-alir\\\/\",\"name\":\"B\u00f6lg\u0259d\u0259n s\u0259sl\u0259r: \\\"\u0130cra ba\u015f\u00e7\u0131s\u0131 sahibkarla birl\u0259\u015fib obyektimi \u0259limd\u0259n al\u0131r...\\\" - MEYDAN.TV\",\"isPartOf\":{\"@id\":\"https:\\\/\\\/www.meydan.tv\\\/az\\\/#website\"},\"primaryImageOfPage\":{\"@id\":\"https:\\\/\\\/www.meydan.tv\\\/az\\\/article\\\/bolgeden-sesler-icra-bascisi-sahibkarla-birlesib-obyektimi-elimden-alir\\\/#primaryimage\"},\"image\":{\"@id\":\"https:\\\/\\\/www.meydan.tv\\\/az\\\/article\\\/bolgeden-sesler-icra-bascisi-sahibkarla-birlesib-obyektimi-elimden-alir\\\/#primaryimage\"},\"thumbnailUrl\":\"https:\\\/\\\/www.meydan.tv\\\/wp-content\\\/uploads\\\/img-20240128-wa0066.jpg\",\"datePublished\":\"2024-02-10T09:11:21+00:00\",\"dateModified\":\"2024-02-10T11:53:16+00:00\",\"breadcrumb\":{\"@id\":\"https:\\\/\\\/www.meydan.tv\\\/az\\\/article\\\/bolgeden-sesler-icra-bascisi-sahibkarla-birlesib-obyektimi-elimden-alir\\\/#breadcrumb\"},\"inLanguage\":\"az\",\"potentialAction\":[{\"@type\":\"ReadAction\",\"target\":[\"https:\\\/\\\/www.meydan.tv\\\/az\\\/article\\\/bolgeden-sesler-icra-bascisi-sahibkarla-birlesib-obyektimi-elimden-alir\\\/\"]}]},{\"@type\":\"ImageObject\",\"inLanguage\":\"az\",\"@id\":\"https:\\\/\\\/www.meydan.tv\\\/az\\\/article\\\/bolgeden-sesler-icra-bascisi-sahibkarla-birlesib-obyektimi-elimden-alir\\\/#primaryimage\",\"url\":\"https:\\\/\\\/www.meydan.tv\\\/wp-content\\\/uploads\\\/img-20240128-wa0066.jpg\",\"contentUrl\":\"https:\\\/\\\/www.meydan.tv\\\/wp-content\\\/uploads\\\/img-20240128-wa0066.jpg\",\"width\":1032,\"height\":774,\"caption\":\"Fotolar: Meydan TV\"},{\"@type\":\"BreadcrumbList\",\"@id\":\"https:\\\/\\\/www.meydan.tv\\\/az\\\/article\\\/bolgeden-sesler-icra-bascisi-sahibkarla-birlesib-obyektimi-elimden-alir\\\/#breadcrumb\",\"itemListElement\":[{\"@type\":\"ListItem\",\"position\":1,\"name\":\"Ana s\u0259hif\u0259\",\"item\":\"https:\\\/\\\/www.meydan.tv\\\/az\\\/\"},{\"@type\":\"ListItem\",\"position\":2,\"name\":\"B\u00f6lg\u0259\",\"item\":\"https:\\\/\\\/www.meydan.tv\\\/az\\\/section\\\/bolge\\\/\"},{\"@type\":\"ListItem\",\"position\":3,\"name\":\"B\u00f6lg\u0259d\u0259n s\u0259sl\u0259r: &#8220;\u0130cra ba\u015f\u00e7\u0131s\u0131 sahibkarla birl\u0259\u015fib obyektimi \u0259limd\u0259n al\u0131r&#8230;&#8221;\"}]},{\"@type\":\"WebSite\",\"@id\":\"https:\\\/\\\/www.meydan.tv\\\/az\\\/#website\",\"url\":\"https:\\\/\\\/www.meydan.tv\\\/az\\\/\",\"name\":\"MEYDAN.TV\",\"description\":\"Meydan TV Az\u0259rbaycan\u0131n media m\u0259kan\u0131ndak\u0131 alternativ s\u0259sidir\",\"publisher\":{\"@id\":\"https:\\\/\\\/www.meydan.tv\\\/az\\\/#organization\"},\"potentialAction\":[{\"@type\":\"SearchAction\",\"target\":{\"@type\":\"EntryPoint\",\"urlTemplate\":\"https:\\\/\\\/www.meydan.tv\\\/az\\\/?s={search_term_string}\"},\"query-input\":{\"@type\":\"PropertyValueSpecification\",\"valueRequired\":true,\"valueName\":\"search_term_string\"}}],\"inLanguage\":\"az\"},{\"@type\":\"Organization\",\"@id\":\"https:\\\/\\\/www.meydan.tv\\\/az\\\/#organization\",\"name\":\"Meydan TV\",\"url\":\"https:\\\/\\\/www.meydan.tv\\\/az\\\/\",\"logo\":{\"@type\":\"ImageObject\",\"inLanguage\":\"az\",\"@id\":\"https:\\\/\\\/www.meydan.tv\\\/az\\\/#\\\/schema\\\/logo\\\/image\\\/\",\"url\":\"https:\\\/\\\/www.meydan.tv\\\/wp-content\\\/uploads\\\/2021\\\/07\\\/meydan-logo.svg\",\"contentUrl\":\"https:\\\/\\\/www.meydan.tv\\\/wp-content\\\/uploads\\\/2021\\\/07\\\/meydan-logo.svg\",\"width\":195,\"height\":46,\"caption\":\"Meydan TV\"},\"image\":{\"@id\":\"https:\\\/\\\/www.meydan.tv\\\/az\\\/#\\\/schema\\\/logo\\\/image\\\/\"}},{\"@type\":\"Person\",\"@id\":\"https:\\\/\\\/www.meydan.tv\\\/az\\\/#\\\/schema\\\/person\\\/9cdbecf90d17180ce1dfbd95b08dcf47\",\"name\":\"elli\",\"sameAs\":[\"https:\\\/\\\/x.com\\\/elli\"]}]}<\/script>\n<!-- \/ Yoast SEO plugin. -->","yoast_head_json":{"title":"B\u00f6lg\u0259d\u0259n s\u0259sl\u0259r: \"\u0130cra ba\u015f\u00e7\u0131s\u0131 sahibkarla birl\u0259\u015fib obyektimi \u0259limd\u0259n al\u0131r...\" - MEYDAN.TV","robots":{"index":"index","follow":"follow","max-snippet":"max-snippet:-1","max-image-preview":"max-image-preview:large","max-video-preview":"max-video-preview:-1"},"canonical":"https:\/\/www.meydan.tv\/az\/article\/bolgeden-sesler-icra-bascisi-sahibkarla-birlesib-obyektimi-elimden-alir\/","og_locale":"az_AZ","og_type":"article","og_title":"B\u00f6lg\u0259d\u0259n s\u0259sl\u0259r: \"\u0130cra ba\u015f\u00e7\u0131s\u0131 sahibkarla birl\u0259\u015fib obyektimi \u0259limd\u0259n al\u0131r...\" - MEYDAN.TV","og_description":"Sahibkar dan\u0131\u015fmaqdan imtina edir, onun fikirl\u0259rini mediaya \u0130cra Hakimiyy\u0259ti \u00e7atd\u0131r\u0131r ... Davam\u0131","og_url":"https:\/\/www.meydan.tv\/az\/article\/bolgeden-sesler-icra-bascisi-sahibkarla-birlesib-obyektimi-elimden-alir\/","og_site_name":"MEYDAN.TV","article_published_time":"2024-02-10T09:11:21+00:00","article_modified_time":"2024-02-10T11:53:16+00:00","og_image":[{"width":1032,"height":774,"url":"https:\/\/www.meydan.tv\/wp-content\/uploads\/img-20240128-wa0066.jpg","type":"image\/jpeg"}],"author":"elli","twitter_card":"summary_large_image","twitter_creator":"@elli","schema":{"@context":"https:\/\/schema.org","@graph":[{"@type":"Article","@id":"https:\/\/www.meydan.tv\/az\/article\/bolgeden-sesler-icra-bascisi-sahibkarla-birlesib-obyektimi-elimden-alir\/#article","isPartOf":{"@id":"https:\/\/www.meydan.tv\/az\/article\/bolgeden-sesler-icra-bascisi-sahibkarla-birlesib-obyektimi-elimden-alir\/"},"author":{"name":"elli","@id":"https:\/\/www.meydan.tv\/az\/#\/schema\/person\/9cdbecf90d17180ce1dfbd95b08dcf47"},"headline":"B\u00f6lg\u0259d\u0259n s\u0259sl\u0259r: &#8220;\u0130cra ba\u015f\u00e7\u0131s\u0131 sahibkarla birl\u0259\u015fib obyektimi \u0259limd\u0259n al\u0131r&#8230;&#8221;","datePublished":"2024-02-10T09:11:21+00:00","dateModified":"2024-02-10T11:53:16+00:00","mainEntityOfPage":{"@id":"https:\/\/www.meydan.tv\/az\/article\/bolgeden-sesler-icra-bascisi-sahibkarla-birlesib-obyektimi-elimden-alir\/"},"wordCount":2536,"publisher":{"@id":"https:\/\/www.meydan.tv\/az\/#organization"},"image":{"@id":"https:\/\/www.meydan.tv\/az\/article\/bolgeden-sesler-icra-bascisi-sahibkarla-birlesib-obyektimi-elimden-alir\/#primaryimage"},"thumbnailUrl":"https:\/\/www.meydan.tv\/wp-content\/uploads\/img-20240128-wa0066.jpg","articleSection":["B\u00f6lg\u0259","T\u00f6vsiy\u0259","X\u0259b\u0259rl\u0259r"],"inLanguage":"az"},{"@type":"WebPage","@id":"https:\/\/www.meydan.tv\/az\/article\/bolgeden-sesler-icra-bascisi-sahibkarla-birlesib-obyektimi-elimden-alir\/","url":"https:\/\/www.meydan.tv\/az\/article\/bolgeden-sesler-icra-bascisi-sahibkarla-birlesib-obyektimi-elimden-alir\/","name":"B\u00f6lg\u0259d\u0259n s\u0259sl\u0259r: \"\u0130cra ba\u015f\u00e7\u0131s\u0131 sahibkarla birl\u0259\u015fib obyektimi \u0259limd\u0259n al\u0131r...\" - MEYDAN.TV","isPartOf":{"@id":"https:\/\/www.meydan.tv\/az\/#website"},"primaryImageOfPage":{"@id":"https:\/\/www.meydan.tv\/az\/article\/bolgeden-sesler-icra-bascisi-sahibkarla-birlesib-obyektimi-elimden-alir\/#primaryimage"},"image":{"@id":"https:\/\/www.meydan.tv\/az\/article\/bolgeden-sesler-icra-bascisi-sahibkarla-birlesib-obyektimi-elimden-alir\/#primaryimage"},"thumbnailUrl":"https:\/\/www.meydan.tv\/wp-content\/uploads\/img-20240128-wa0066.jpg","datePublished":"2024-02-10T09:11:21+00:00","dateModified":"2024-02-10T11:53:16+00:00","breadcrumb":{"@id":"https:\/\/www.meydan.tv\/az\/article\/bolgeden-sesler-icra-bascisi-sahibkarla-birlesib-obyektimi-elimden-alir\/#breadcrumb"},"inLanguage":"az","potentialAction":[{"@type":"ReadAction","target":["https:\/\/www.meydan.tv\/az\/article\/bolgeden-sesler-icra-bascisi-sahibkarla-birlesib-obyektimi-elimden-alir\/"]}]},{"@type":"ImageObject","inLanguage":"az","@id":"https:\/\/www.meydan.tv\/az\/article\/bolgeden-sesler-icra-bascisi-sahibkarla-birlesib-obyektimi-elimden-alir\/#primaryimage","url":"https:\/\/www.meydan.tv\/wp-content\/uploads\/img-20240128-wa0066.jpg","contentUrl":"https:\/\/www.meydan.tv\/wp-content\/uploads\/img-20240128-wa0066.jpg","width":1032,"height":774,"caption":"Fotolar: Meydan TV"},{"@type":"BreadcrumbList","@id":"https:\/\/www.meydan.tv\/az\/article\/bolgeden-sesler-icra-bascisi-sahibkarla-birlesib-obyektimi-elimden-alir\/#breadcrumb","itemListElement":[{"@type":"ListItem","position":1,"name":"Ana s\u0259hif\u0259","item":"https:\/\/www.meydan.tv\/az\/"},{"@type":"ListItem","position":2,"name":"B\u00f6lg\u0259","item":"https:\/\/www.meydan.tv\/az\/section\/bolge\/"},{"@type":"ListItem","position":3,"name":"B\u00f6lg\u0259d\u0259n s\u0259sl\u0259r: &#8220;\u0130cra ba\u015f\u00e7\u0131s\u0131 sahibkarla birl\u0259\u015fib obyektimi \u0259limd\u0259n al\u0131r&#8230;&#8221;"}]},{"@type":"WebSite","@id":"https:\/\/www.meydan.tv\/az\/#website","url":"https:\/\/www.meydan.tv\/az\/","name":"MEYDAN.TV","description":"Meydan TV Az\u0259rbaycan\u0131n media m\u0259kan\u0131ndak\u0131 alternativ s\u0259sidir","publisher":{"@id":"https:\/\/www.meydan.tv\/az\/#organization"},"potentialAction":[{"@type":"SearchAction","target":{"@type":"EntryPoint","urlTemplate":"https:\/\/www.meydan.tv\/az\/?s={search_term_string}"},"query-input":{"@type":"PropertyValueSpecification","valueRequired":true,"valueName":"search_term_string"}}],"inLanguage":"az"},{"@type":"Organization","@id":"https:\/\/www.meydan.tv\/az\/#organization","name":"Meydan TV","url":"https:\/\/www.meydan.tv\/az\/","logo":{"@type":"ImageObject","inLanguage":"az","@id":"https:\/\/www.meydan.tv\/az\/#\/schema\/logo\/image\/","url":"https:\/\/www.meydan.tv\/wp-content\/uploads\/2021\/07\/meydan-logo.svg","contentUrl":"https:\/\/www.meydan.tv\/wp-content\/uploads\/2021\/07\/meydan-logo.svg","width":195,"height":46,"caption":"Meydan TV"},"image":{"@id":"https:\/\/www.meydan.tv\/az\/#\/schema\/logo\/image\/"}},{"@type":"Person","@id":"https:\/\/www.meydan.tv\/az\/#\/schema\/person\/9cdbecf90d17180ce1dfbd95b08dcf47","name":"elli","sameAs":["https:\/\/x.com\/elli"]}]}},"_links":{"self":[{"href":"https:\/\/www.meydan.tv\/az\/wp-json\/wp\/v2\/posts\/297639","targetHints":{"allow":["GET"]}}],"collection":[{"href":"https:\/\/www.meydan.tv\/az\/wp-json\/wp\/v2\/posts"}],"about":[{"href":"https:\/\/www.meydan.tv\/az\/wp-json\/wp\/v2\/types\/post"}],"author":[{"embeddable":true,"href":"https:\/\/www.meydan.tv\/az\/wp-json\/wp\/v2\/users\/8"}],"replies":[{"embeddable":true,"href":"https:\/\/www.meydan.tv\/az\/wp-json\/wp\/v2\/comments?post=297639"}],"version-history":[{"count":3,"href":"https:\/\/www.meydan.tv\/az\/wp-json\/wp\/v2\/posts\/297639\/revisions"}],"predecessor-version":[{"id":297665,"href":"https:\/\/www.meydan.tv\/az\/wp-json\/wp\/v2\/posts\/297639\/revisions\/297665"}],"wp:featuredmedia":[{"embeddable":true,"href":"https:\/\/www.meydan.tv\/az\/wp-json\/wp\/v2\/media\/297627"}],"wp:attachment":[{"href":"https:\/\/www.meydan.tv\/az\/wp-json\/wp\/v2\/media?parent=297639"}],"wp:term":[{"taxonomy":"category","embeddable":true,"href":"https:\/\/www.meydan.tv\/az\/wp-json\/wp\/v2\/categories?post=297639"},{"taxonomy":"post_tag","embeddable":true,"href":"https:\/\/www.meydan.tv\/az\/wp-json\/wp\/v2\/tags?post=297639"}],"curies":[{"name":"wp","href":"https:\/\/api.w.org\/{rel}","templated":true}]}}