{"id":297602,"date":"2024-02-09T21:21:14","date_gmt":"2024-02-09T17:21:14","guid":{"rendered":"https:\/\/www.meydan.tv\/?p=297602"},"modified":"2024-02-09T21:21:19","modified_gmt":"2024-02-09T17:21:19","slug":"boyuk-britaniya-azerbaycandaki-seckiler-alternativsiz-kecirilib","status":"publish","type":"post","link":"https:\/\/www.meydan.tv\/az\/article\/boyuk-britaniya-azerbaycandaki-seckiler-alternativsiz-kecirilib\/","title":{"rendered":"B\u00f6y\u00fck Britaniya: \u201cAz\u0259rbaycandak\u0131 se\u00e7kil\u0259r alternativsiz ke\u00e7irilib\u201d"},"content":{"rendered":"\n<p><\/p>\n\n\n\n<p><em><strong>X\u0130N pozuntular\u0131 Kopenhagen S\u0259n\u0259din\u0259 zidd say\u0131b<\/strong><\/em><\/p>\n\n\n\n<p>B\u00f6y\u00fck Britaniyan\u0131n Xarici \u0130\u015fl\u0259r Nazirliyi fevral\u0131n 7-d\u0259 ke\u00e7irilmi\u015f n\u00f6vb\u0259d\u0259nk\u0259nar Prezident se\u00e7kil\u0259ri il\u0259 ba\u011fl\u0131 b\u0259yanat <a href=\"https:\/\/www.gov.uk\/government\/news\/azerbaijan-presidential-election-2024-uk-statement\">yay\u0131b.<\/a><\/p>\n\n\n\n<p>Nazirlik Az\u0259rbaycan M\u0259rk\u0259zi Se\u00e7ki Komissiyas\u0131 t\u0259r\u0259find\u0259n se\u00e7ki \u015fikay\u0259tl\u0259rin\u0259 bax\u0131lmas\u0131 \u00fc\u00e7\u00fcn Ekspert Qrupunun yarad\u0131lmas\u0131n\u0131 v\u0259 se\u00e7kinin sakit ke\u00e7m\u0259sini, m\u0259cburi k\u00f6\u00e7k\u00fcnl\u0259rin \u00f6z tarixi se\u00e7ki dair\u0259l\u0259rind\u0259 s\u0259s ver\u0259 bilm\u0259sini alq\u0131\u015flay\u0131b.<\/p>\n\n\n\n<p>Bununla bel\u0259, B\u00f6y\u00fck Britaniyan\u0131n Xarici \u0130\u015fl\u0259r Nazirliyi se\u00e7kinin m\u0259hdudla\u015fd\u0131r\u0131c\u0131, h\u0259qiqi siyasi alternativl\u0259rin olmad\u0131\u011f\u0131 bir \u015f\u0259raitd\u0259 ke\u00e7irilm\u0259si il\u0259 ba\u011fl\u0131 bir s\u0131ra narahatl\u0131q do\u011furan m\u0259s\u0259l\u0259l\u0259ri b\u00f6l\u00fc\u015f\u00fcr:<\/p>\n\n\n\n<p><em>&#8220;Ciddi pozuntular m\u00fc\u015fahid\u0259 edilmi\u015fdir ki, onlardan b\u0259zil\u0259ri bir s\u0131ra insan h\u00fcquqlar\u0131 v\u0259 \u0259sas azadl\u0131qlar\u0131 \u0259ks etdir\u0259n 1990-c\u0131 il Kopenhagen S\u0259n\u0259din\u0259 ziddir&#8221;.<\/em><\/p>\n\n\n\n<p>&#8220;<em>AT\u018fT-in DT\u0130HB-i se\u00e7ki prosesl\u0259rinin \u0259dal\u0259tli qiym\u0259tl\u0259ndirilm\u0259sinin t\u0259min edilm\u0259sind\u0259 m\u00fch\u00fcm rol oynay\u0131r v\u0259 B\u00f6y\u00fck Britaniya Az\u0259rbaycan\u0131 \u00f6z yekun t\u00f6vsiy\u0259l\u0259rini d\u0259rc edildikd\u0259n sonra h\u0259yata ke\u00e7irm\u0259k \u00fc\u00e7\u00fcn t\u0259\u015fkilatla i\u015fl\u0259m\u0259y\u0259 q\u0259tiyy\u0259tl\u0259 t\u0259\u015fviq edir. Az\u0259rbaycan B\u00f6y\u00fck Britaniya \u00fc\u00e7\u00fcn m\u00fch\u00fcm t\u0259r\u0259fda\u015fd\u0131r v\u0259 biz onlar\u0131n se\u00e7ki islahatlar\u0131n\u0131 v\u0259 demokratik prosesin t\u0259kmill\u0259\u015fdirilm\u0259sini d\u0259st\u0259kl\u0259m\u0259y\u0259 haz\u0131r\u0131q&#8221;, &#8211; <\/em>dey\u0259 b\u0259yanatda qeyd olunur.<\/p>\n\n\n\n<p>Fevral\u0131n 7-d\u0259 Az\u0259rbaycanda n\u00f6vb\u0259d\u0259nk\u0259nar Prezident se\u00e7kil\u0259ri ke\u00e7irilib.<\/p>\n\n\n\n<p>Se\u00e7kiy\u0259 7 namiz\u0259d qat\u0131l\u0131b.<\/p>\n\n\n\n<p>Az\u0259rbaycan Xalq C\u0259bh\u0259si, M\u00fcsavat v\u0259 Klassik Xalq C\u0259bh\u0259si partiyalar\u0131 se\u00e7kini boykot edib.<\/p>\n\n\n\n<p>M\u0259rk\u0259zi Se\u00e7ki Komissiyas\u0131 fevral\u0131n 8-d\u0259 se\u00e7kinin ilkin n\u0259tic\u0259l\u0259rini elan edib.<\/p>\n\n\n\n<p>MSK s\u0259dri M\u0259zahir P\u0259nahov bildirib ki, ilkin n\u0259tic\u0259l\u0259r\u0259 \u0259sas\u0259n, hakim Yeni Az\u0259rbaycan Partiyas\u0131n\u0131n prezidentliy\u0259 namiz\u0259di \u0130lham \u018fliyev 92,05 faiz s\u0259sl\u0259 Prezident se\u00e7kil\u0259rind\u0259 liderlik edir.<\/p>\n\n\n\n<p>\u201c<em>Fuad \u018fliyev \u2013 24 min 799 s\u0259s (0,53 faiz); Q\u00fcdr\u0259t H\u0259s\u0259nquliyev \u2013 81 min 799 s\u0259s (1,76 faiz); El\u015fad Musayev- 31 min 33 s\u0259s (0,67 faiz); Fazil Mustafa \u2013 92 min 980 s\u0259s (2 faiz); Razi Nurullayev- 37 min 386 s\u0259s (0,80 faiz); Zahid Oruc-101 min 851 s\u0259s (2,19 faiz)\u201d.<\/em><\/p>\n\n\n\n<p>Se\u00e7ki M\u0259c\u0259ll\u0259sin\u0259 \u0259sas\u0259n, M\u0259rk\u0259zi Se\u00e7ki Komissiyas\u0131 s\u0259sverm\u0259 g\u00fcn\u00fcnd\u0259n ba\u015flayaraq 10 g\u00fcn m\u00fcdd\u0259tind\u0259 Prezident se\u00e7kil\u0259rin\u0259 yekun vurulmas\u0131 v\u0259 n\u0259tic\u0259l\u0259rin t\u0259sdiq olunmas\u0131 \u00fc\u00e7\u00fcn Konstitusiya M\u0259hk\u0259m\u0259sin\u0259 t\u0259qdim edilm\u0259sini t\u0259min etm\u0259lidir.<\/p>\n\n\n\n<p>N\u00f6vb\u0259d\u0259nk\u0259nar Prezident se\u00e7kil\u0259ri il\u0259 \u0259laq\u0259dar bu m\u00fcdd\u0259t fevral\u0131n 17-d\u0259k olan d\u00f6vr\u00fc \u0259hat\u0259 edir.<\/p>\n\n\n\n<p><\/p>\n","protected":false},"excerpt":{"rendered":"<p>X\u0130N pozuntular\u0131 Kopenhagen S\u0259n\u0259din\u0259 zidd say\u0131b B\u00f6y\u00fck Britaniyan\u0131n Xarici \u0130\u015fl\u0259r &#8230; <\/p>\n<p class=\"read-more-container\"><a title=\"B\u00f6y\u00fck Britaniya: \u201cAz\u0259rbaycandak\u0131 se\u00e7kil\u0259r alternativsiz ke\u00e7irilib\u201d\" class=\"read-more button\" href=\"https:\/\/www.meydan.tv\/az\/article\/boyuk-britaniya-azerbaycandaki-seckiler-alternativsiz-kecirilib\/#more-297602\" aria-label=\"Read more about B\u00f6y\u00fck Britaniya: \u201cAz\u0259rbaycandak\u0131 se\u00e7kil\u0259r alternativsiz ke\u00e7irilib\u201d\">Davam\u0131<\/a><\/p>\n","protected":false},"author":8,"featured_media":137421,"comment_status":"closed","ping_status":"closed","sticky":false,"template":"","format":"standard","meta":{"_acf_changed":false,"_sitemap_exclude":false,"_sitemap_priority":"","_sitemap_frequency":"","footnotes":""},"categories":[129,59,79,56],"tags":[],"class_list":["post-297602","post","type-post","status-publish","format-standard","has-post-thumbnail","hentry","category-sechki-2024","category-siyaset","category-featured","category-xeberler","infinite-scroll-item","generate-columns","tablet-grid-50","mobile-grid-100","grid-parent","grid-33","no-featured-image-padding"],"acf":[],"yoast_head":"<!-- This site is optimized with the Yoast SEO plugin v27.4 - https:\/\/yoast.com\/product\/yoast-seo-wordpress\/ -->\n<title>B\u00f6y\u00fck Britaniya: \u201cAz\u0259rbaycandak\u0131 se\u00e7kil\u0259r alternativsiz ke\u00e7irilib\u201d - MEYDAN.TV<\/title>\n<meta name=\"robots\" content=\"index, follow, max-snippet:-1, max-image-preview:large, max-video-preview:-1\" \/>\n<link rel=\"canonical\" href=\"https:\/\/www.meydan.tv\/az\/article\/boyuk-britaniya-azerbaycandaki-seckiler-alternativsiz-kecirilib\/\" \/>\n<meta property=\"og:locale\" content=\"az_AZ\" \/>\n<meta property=\"og:type\" content=\"article\" \/>\n<meta property=\"og:title\" content=\"B\u00f6y\u00fck Britaniya: \u201cAz\u0259rbaycandak\u0131 se\u00e7kil\u0259r alternativsiz ke\u00e7irilib\u201d - MEYDAN.TV\" \/>\n<meta property=\"og:description\" content=\"X\u0130N pozuntular\u0131 Kopenhagen S\u0259n\u0259din\u0259 zidd say\u0131b B\u00f6y\u00fck Britaniyan\u0131n Xarici \u0130\u015fl\u0259r ... Davam\u0131\" \/>\n<meta property=\"og:url\" content=\"https:\/\/www.meydan.tv\/az\/article\/boyuk-britaniya-azerbaycandaki-seckiler-alternativsiz-kecirilib\/\" \/>\n<meta property=\"og:site_name\" content=\"MEYDAN.TV\" \/>\n<meta property=\"article:published_time\" content=\"2024-02-09T17:21:14+00:00\" \/>\n<meta property=\"article:modified_time\" content=\"2024-02-09T17:21:19+00:00\" \/>\n<meta property=\"og:image\" content=\"https:\/\/www.meydan.tv\/wp-content\/uploads\/512513958-1521878305-1024x683-1521883294-1024x683-1.jpg\" \/>\n\t<meta property=\"og:image:width\" content=\"1024\" \/>\n\t<meta property=\"og:image:height\" content=\"683\" \/>\n\t<meta property=\"og:image:type\" content=\"image\/jpeg\" \/>\n<meta name=\"author\" content=\"elli\" \/>\n<meta name=\"twitter:card\" content=\"summary_large_image\" \/>\n<meta name=\"twitter:creator\" content=\"@elli\" \/>\n<script type=\"application\/ld+json\" class=\"yoast-schema-graph\">{\"@context\":\"https:\\\/\\\/schema.org\",\"@graph\":[{\"@type\":\"Article\",\"@id\":\"https:\\\/\\\/www.meydan.tv\\\/az\\\/article\\\/boyuk-britaniya-azerbaycandaki-seckiler-alternativsiz-kecirilib\\\/#article\",\"isPartOf\":{\"@id\":\"https:\\\/\\\/www.meydan.tv\\\/az\\\/article\\\/boyuk-britaniya-azerbaycandaki-seckiler-alternativsiz-kecirilib\\\/\"},\"author\":{\"name\":\"elli\",\"@id\":\"https:\\\/\\\/www.meydan.tv\\\/az\\\/#\\\/schema\\\/person\\\/9cdbecf90d17180ce1dfbd95b08dcf47\"},\"headline\":\"B\u00f6y\u00fck Britaniya: \u201cAz\u0259rbaycandak\u0131 se\u00e7kil\u0259r alternativsiz ke\u00e7irilib\u201d\",\"datePublished\":\"2024-02-09T17:21:14+00:00\",\"dateModified\":\"2024-02-09T17:21:19+00:00\",\"mainEntityOfPage\":{\"@id\":\"https:\\\/\\\/www.meydan.tv\\\/az\\\/article\\\/boyuk-britaniya-azerbaycandaki-seckiler-alternativsiz-kecirilib\\\/\"},\"wordCount\":506,\"publisher\":{\"@id\":\"https:\\\/\\\/www.meydan.tv\\\/az\\\/#organization\"},\"image\":{\"@id\":\"https:\\\/\\\/www.meydan.tv\\\/az\\\/article\\\/boyuk-britaniya-azerbaycandaki-seckiler-alternativsiz-kecirilib\\\/#primaryimage\"},\"thumbnailUrl\":\"https:\\\/\\\/www.meydan.tv\\\/wp-content\\\/uploads\\\/512513958-1521878305-1024x683-1521883294-1024x683-1.jpg\",\"articleSection\":[\"Se\u00e7ki 2024\",\"Siyas\u0259t\",\"T\u00f6vsiy\u0259\",\"X\u0259b\u0259rl\u0259r\"],\"inLanguage\":\"az\"},{\"@type\":\"WebPage\",\"@id\":\"https:\\\/\\\/www.meydan.tv\\\/az\\\/article\\\/boyuk-britaniya-azerbaycandaki-seckiler-alternativsiz-kecirilib\\\/\",\"url\":\"https:\\\/\\\/www.meydan.tv\\\/az\\\/article\\\/boyuk-britaniya-azerbaycandaki-seckiler-alternativsiz-kecirilib\\\/\",\"name\":\"B\u00f6y\u00fck Britaniya: \u201cAz\u0259rbaycandak\u0131 se\u00e7kil\u0259r alternativsiz ke\u00e7irilib\u201d - MEYDAN.TV\",\"isPartOf\":{\"@id\":\"https:\\\/\\\/www.meydan.tv\\\/az\\\/#website\"},\"primaryImageOfPage\":{\"@id\":\"https:\\\/\\\/www.meydan.tv\\\/az\\\/article\\\/boyuk-britaniya-azerbaycandaki-seckiler-alternativsiz-kecirilib\\\/#primaryimage\"},\"image\":{\"@id\":\"https:\\\/\\\/www.meydan.tv\\\/az\\\/article\\\/boyuk-britaniya-azerbaycandaki-seckiler-alternativsiz-kecirilib\\\/#primaryimage\"},\"thumbnailUrl\":\"https:\\\/\\\/www.meydan.tv\\\/wp-content\\\/uploads\\\/512513958-1521878305-1024x683-1521883294-1024x683-1.jpg\",\"datePublished\":\"2024-02-09T17:21:14+00:00\",\"dateModified\":\"2024-02-09T17:21:19+00:00\",\"breadcrumb\":{\"@id\":\"https:\\\/\\\/www.meydan.tv\\\/az\\\/article\\\/boyuk-britaniya-azerbaycandaki-seckiler-alternativsiz-kecirilib\\\/#breadcrumb\"},\"inLanguage\":\"az\",\"potentialAction\":[{\"@type\":\"ReadAction\",\"target\":[\"https:\\\/\\\/www.meydan.tv\\\/az\\\/article\\\/boyuk-britaniya-azerbaycandaki-seckiler-alternativsiz-kecirilib\\\/\"]}]},{\"@type\":\"ImageObject\",\"inLanguage\":\"az\",\"@id\":\"https:\\\/\\\/www.meydan.tv\\\/az\\\/article\\\/boyuk-britaniya-azerbaycandaki-seckiler-alternativsiz-kecirilib\\\/#primaryimage\",\"url\":\"https:\\\/\\\/www.meydan.tv\\\/wp-content\\\/uploads\\\/512513958-1521878305-1024x683-1521883294-1024x683-1.jpg\",\"contentUrl\":\"https:\\\/\\\/www.meydan.tv\\\/wp-content\\\/uploads\\\/512513958-1521878305-1024x683-1521883294-1024x683-1.jpg\",\"width\":1024,\"height\":683,\"caption\":\"Foto: arxiv\"},{\"@type\":\"BreadcrumbList\",\"@id\":\"https:\\\/\\\/www.meydan.tv\\\/az\\\/article\\\/boyuk-britaniya-azerbaycandaki-seckiler-alternativsiz-kecirilib\\\/#breadcrumb\",\"itemListElement\":[{\"@type\":\"ListItem\",\"position\":1,\"name\":\"Ana s\u0259hif\u0259\",\"item\":\"https:\\\/\\\/www.meydan.tv\\\/az\\\/\"},{\"@type\":\"ListItem\",\"position\":2,\"name\":\"Siyas\u0259t\",\"item\":\"https:\\\/\\\/www.meydan.tv\\\/az\\\/section\\\/siyaset\\\/\"},{\"@type\":\"ListItem\",\"position\":3,\"name\":\"B\u00f6y\u00fck Britaniya: \u201cAz\u0259rbaycandak\u0131 se\u00e7kil\u0259r alternativsiz ke\u00e7irilib\u201d\"}]},{\"@type\":\"WebSite\",\"@id\":\"https:\\\/\\\/www.meydan.tv\\\/az\\\/#website\",\"url\":\"https:\\\/\\\/www.meydan.tv\\\/az\\\/\",\"name\":\"MEYDAN.TV\",\"description\":\"Meydan TV Az\u0259rbaycan\u0131n media m\u0259kan\u0131ndak\u0131 alternativ s\u0259sidir\",\"publisher\":{\"@id\":\"https:\\\/\\\/www.meydan.tv\\\/az\\\/#organization\"},\"potentialAction\":[{\"@type\":\"SearchAction\",\"target\":{\"@type\":\"EntryPoint\",\"urlTemplate\":\"https:\\\/\\\/www.meydan.tv\\\/az\\\/?s={search_term_string}\"},\"query-input\":{\"@type\":\"PropertyValueSpecification\",\"valueRequired\":true,\"valueName\":\"search_term_string\"}}],\"inLanguage\":\"az\"},{\"@type\":\"Organization\",\"@id\":\"https:\\\/\\\/www.meydan.tv\\\/az\\\/#organization\",\"name\":\"Meydan TV\",\"url\":\"https:\\\/\\\/www.meydan.tv\\\/az\\\/\",\"logo\":{\"@type\":\"ImageObject\",\"inLanguage\":\"az\",\"@id\":\"https:\\\/\\\/www.meydan.tv\\\/az\\\/#\\\/schema\\\/logo\\\/image\\\/\",\"url\":\"https:\\\/\\\/www.meydan.tv\\\/wp-content\\\/uploads\\\/2021\\\/07\\\/meydan-logo.svg\",\"contentUrl\":\"https:\\\/\\\/www.meydan.tv\\\/wp-content\\\/uploads\\\/2021\\\/07\\\/meydan-logo.svg\",\"width\":195,\"height\":46,\"caption\":\"Meydan TV\"},\"image\":{\"@id\":\"https:\\\/\\\/www.meydan.tv\\\/az\\\/#\\\/schema\\\/logo\\\/image\\\/\"}},{\"@type\":\"Person\",\"@id\":\"https:\\\/\\\/www.meydan.tv\\\/az\\\/#\\\/schema\\\/person\\\/9cdbecf90d17180ce1dfbd95b08dcf47\",\"name\":\"elli\",\"sameAs\":[\"https:\\\/\\\/x.com\\\/elli\"]}]}<\/script>\n<!-- \/ Yoast SEO plugin. -->","yoast_head_json":{"title":"B\u00f6y\u00fck Britaniya: \u201cAz\u0259rbaycandak\u0131 se\u00e7kil\u0259r alternativsiz ke\u00e7irilib\u201d - MEYDAN.TV","robots":{"index":"index","follow":"follow","max-snippet":"max-snippet:-1","max-image-preview":"max-image-preview:large","max-video-preview":"max-video-preview:-1"},"canonical":"https:\/\/www.meydan.tv\/az\/article\/boyuk-britaniya-azerbaycandaki-seckiler-alternativsiz-kecirilib\/","og_locale":"az_AZ","og_type":"article","og_title":"B\u00f6y\u00fck Britaniya: \u201cAz\u0259rbaycandak\u0131 se\u00e7kil\u0259r alternativsiz ke\u00e7irilib\u201d - MEYDAN.TV","og_description":"X\u0130N pozuntular\u0131 Kopenhagen S\u0259n\u0259din\u0259 zidd say\u0131b B\u00f6y\u00fck Britaniyan\u0131n Xarici \u0130\u015fl\u0259r ... Davam\u0131","og_url":"https:\/\/www.meydan.tv\/az\/article\/boyuk-britaniya-azerbaycandaki-seckiler-alternativsiz-kecirilib\/","og_site_name":"MEYDAN.TV","article_published_time":"2024-02-09T17:21:14+00:00","article_modified_time":"2024-02-09T17:21:19+00:00","og_image":[{"width":1024,"height":683,"url":"https:\/\/www.meydan.tv\/wp-content\/uploads\/512513958-1521878305-1024x683-1521883294-1024x683-1.jpg","type":"image\/jpeg"}],"author":"elli","twitter_card":"summary_large_image","twitter_creator":"@elli","schema":{"@context":"https:\/\/schema.org","@graph":[{"@type":"Article","@id":"https:\/\/www.meydan.tv\/az\/article\/boyuk-britaniya-azerbaycandaki-seckiler-alternativsiz-kecirilib\/#article","isPartOf":{"@id":"https:\/\/www.meydan.tv\/az\/article\/boyuk-britaniya-azerbaycandaki-seckiler-alternativsiz-kecirilib\/"},"author":{"name":"elli","@id":"https:\/\/www.meydan.tv\/az\/#\/schema\/person\/9cdbecf90d17180ce1dfbd95b08dcf47"},"headline":"B\u00f6y\u00fck Britaniya: \u201cAz\u0259rbaycandak\u0131 se\u00e7kil\u0259r alternativsiz ke\u00e7irilib\u201d","datePublished":"2024-02-09T17:21:14+00:00","dateModified":"2024-02-09T17:21:19+00:00","mainEntityOfPage":{"@id":"https:\/\/www.meydan.tv\/az\/article\/boyuk-britaniya-azerbaycandaki-seckiler-alternativsiz-kecirilib\/"},"wordCount":506,"publisher":{"@id":"https:\/\/www.meydan.tv\/az\/#organization"},"image":{"@id":"https:\/\/www.meydan.tv\/az\/article\/boyuk-britaniya-azerbaycandaki-seckiler-alternativsiz-kecirilib\/#primaryimage"},"thumbnailUrl":"https:\/\/www.meydan.tv\/wp-content\/uploads\/512513958-1521878305-1024x683-1521883294-1024x683-1.jpg","articleSection":["Se\u00e7ki 2024","Siyas\u0259t","T\u00f6vsiy\u0259","X\u0259b\u0259rl\u0259r"],"inLanguage":"az"},{"@type":"WebPage","@id":"https:\/\/www.meydan.tv\/az\/article\/boyuk-britaniya-azerbaycandaki-seckiler-alternativsiz-kecirilib\/","url":"https:\/\/www.meydan.tv\/az\/article\/boyuk-britaniya-azerbaycandaki-seckiler-alternativsiz-kecirilib\/","name":"B\u00f6y\u00fck Britaniya: \u201cAz\u0259rbaycandak\u0131 se\u00e7kil\u0259r alternativsiz ke\u00e7irilib\u201d - MEYDAN.TV","isPartOf":{"@id":"https:\/\/www.meydan.tv\/az\/#website"},"primaryImageOfPage":{"@id":"https:\/\/www.meydan.tv\/az\/article\/boyuk-britaniya-azerbaycandaki-seckiler-alternativsiz-kecirilib\/#primaryimage"},"image":{"@id":"https:\/\/www.meydan.tv\/az\/article\/boyuk-britaniya-azerbaycandaki-seckiler-alternativsiz-kecirilib\/#primaryimage"},"thumbnailUrl":"https:\/\/www.meydan.tv\/wp-content\/uploads\/512513958-1521878305-1024x683-1521883294-1024x683-1.jpg","datePublished":"2024-02-09T17:21:14+00:00","dateModified":"2024-02-09T17:21:19+00:00","breadcrumb":{"@id":"https:\/\/www.meydan.tv\/az\/article\/boyuk-britaniya-azerbaycandaki-seckiler-alternativsiz-kecirilib\/#breadcrumb"},"inLanguage":"az","potentialAction":[{"@type":"ReadAction","target":["https:\/\/www.meydan.tv\/az\/article\/boyuk-britaniya-azerbaycandaki-seckiler-alternativsiz-kecirilib\/"]}]},{"@type":"ImageObject","inLanguage":"az","@id":"https:\/\/www.meydan.tv\/az\/article\/boyuk-britaniya-azerbaycandaki-seckiler-alternativsiz-kecirilib\/#primaryimage","url":"https:\/\/www.meydan.tv\/wp-content\/uploads\/512513958-1521878305-1024x683-1521883294-1024x683-1.jpg","contentUrl":"https:\/\/www.meydan.tv\/wp-content\/uploads\/512513958-1521878305-1024x683-1521883294-1024x683-1.jpg","width":1024,"height":683,"caption":"Foto: arxiv"},{"@type":"BreadcrumbList","@id":"https:\/\/www.meydan.tv\/az\/article\/boyuk-britaniya-azerbaycandaki-seckiler-alternativsiz-kecirilib\/#breadcrumb","itemListElement":[{"@type":"ListItem","position":1,"name":"Ana s\u0259hif\u0259","item":"https:\/\/www.meydan.tv\/az\/"},{"@type":"ListItem","position":2,"name":"Siyas\u0259t","item":"https:\/\/www.meydan.tv\/az\/section\/siyaset\/"},{"@type":"ListItem","position":3,"name":"B\u00f6y\u00fck Britaniya: \u201cAz\u0259rbaycandak\u0131 se\u00e7kil\u0259r alternativsiz ke\u00e7irilib\u201d"}]},{"@type":"WebSite","@id":"https:\/\/www.meydan.tv\/az\/#website","url":"https:\/\/www.meydan.tv\/az\/","name":"MEYDAN.TV","description":"Meydan TV Az\u0259rbaycan\u0131n media m\u0259kan\u0131ndak\u0131 alternativ s\u0259sidir","publisher":{"@id":"https:\/\/www.meydan.tv\/az\/#organization"},"potentialAction":[{"@type":"SearchAction","target":{"@type":"EntryPoint","urlTemplate":"https:\/\/www.meydan.tv\/az\/?s={search_term_string}"},"query-input":{"@type":"PropertyValueSpecification","valueRequired":true,"valueName":"search_term_string"}}],"inLanguage":"az"},{"@type":"Organization","@id":"https:\/\/www.meydan.tv\/az\/#organization","name":"Meydan TV","url":"https:\/\/www.meydan.tv\/az\/","logo":{"@type":"ImageObject","inLanguage":"az","@id":"https:\/\/www.meydan.tv\/az\/#\/schema\/logo\/image\/","url":"https:\/\/www.meydan.tv\/wp-content\/uploads\/2021\/07\/meydan-logo.svg","contentUrl":"https:\/\/www.meydan.tv\/wp-content\/uploads\/2021\/07\/meydan-logo.svg","width":195,"height":46,"caption":"Meydan TV"},"image":{"@id":"https:\/\/www.meydan.tv\/az\/#\/schema\/logo\/image\/"}},{"@type":"Person","@id":"https:\/\/www.meydan.tv\/az\/#\/schema\/person\/9cdbecf90d17180ce1dfbd95b08dcf47","name":"elli","sameAs":["https:\/\/x.com\/elli"]}]}},"_links":{"self":[{"href":"https:\/\/www.meydan.tv\/az\/wp-json\/wp\/v2\/posts\/297602","targetHints":{"allow":["GET"]}}],"collection":[{"href":"https:\/\/www.meydan.tv\/az\/wp-json\/wp\/v2\/posts"}],"about":[{"href":"https:\/\/www.meydan.tv\/az\/wp-json\/wp\/v2\/types\/post"}],"author":[{"embeddable":true,"href":"https:\/\/www.meydan.tv\/az\/wp-json\/wp\/v2\/users\/8"}],"replies":[{"embeddable":true,"href":"https:\/\/www.meydan.tv\/az\/wp-json\/wp\/v2\/comments?post=297602"}],"version-history":[{"count":3,"href":"https:\/\/www.meydan.tv\/az\/wp-json\/wp\/v2\/posts\/297602\/revisions"}],"predecessor-version":[{"id":297605,"href":"https:\/\/www.meydan.tv\/az\/wp-json\/wp\/v2\/posts\/297602\/revisions\/297605"}],"wp:featuredmedia":[{"embeddable":true,"href":"https:\/\/www.meydan.tv\/az\/wp-json\/wp\/v2\/media\/137421"}],"wp:attachment":[{"href":"https:\/\/www.meydan.tv\/az\/wp-json\/wp\/v2\/media?parent=297602"}],"wp:term":[{"taxonomy":"category","embeddable":true,"href":"https:\/\/www.meydan.tv\/az\/wp-json\/wp\/v2\/categories?post=297602"},{"taxonomy":"post_tag","embeddable":true,"href":"https:\/\/www.meydan.tv\/az\/wp-json\/wp\/v2\/tags?post=297602"}],"curies":[{"name":"wp","href":"https:\/\/api.w.org\/{rel}","templated":true}]}}