{"id":297600,"date":"2024-02-09T20:28:55","date_gmt":"2024-02-09T16:28:55","guid":{"rendered":"https:\/\/www.meydan.tv\/?p=297600"},"modified":"2024-02-09T20:28:58","modified_gmt":"2024-02-09T16:28:58","slug":"selim-muslumova-olan-humanist-yanasmani-evez-zeynalli-ucun-de-isteyirik","status":"publish","type":"post","link":"https:\/\/www.meydan.tv\/az\/article\/selim-muslumova-olan-humanist-yanasmani-evez-zeynalli-ucun-de-isteyirik\/","title":{"rendered":"\u201cS\u0259lim M\u00fcsl\u00fcmova olan humanist yana\u015fman\u0131 \u018fv\u0259z Zeynall\u0131 \u00fc\u00e7\u00fcn d\u0259 ist\u0259yirik\u201d"},"content":{"rendered":"\n<p><\/p>\n\n\n\n<p><strong><em>\u00a0V\u0259kil b\u0259ra\u0259t verilm\u0259sini ist\u0259yib<\/em><\/strong><\/p>\n\n\n\n<p>\u201cXural TV\u201d internet telekanal\u0131n\u0131n r\u0259hb\u0259ri \u018fv\u0259z Zeynall\u0131 v\u0259 \u201cS\u0259da TV\u201d adl\u0131 \u201cYoutube\u201d kanal\u0131n\u0131n idar\u0259edicisi Elnur \u015e\u00fck\u00fcrovun 10 ayd\u0131r davam ed\u0259n m\u0259hk\u0259m\u0259si ba\u015fa \u00e7atmaq \u00fczr\u0259dir. Onlar\u0131n i\u015fi \u00fczr\u0259 Bak\u0131 A\u011f\u0131r Cinay\u0259tl\u0259r M\u0259hk\u0259m\u0259sind\u0259 ke\u00e7iril\u0259n prosesd\u0259 art\u0131q m\u0259hk\u0259m\u0259 istintaq\u0131 yekunla\u015f\u0131b, prokuror \u018fv\u0259z Zeynall\u0131n\u0131n 10 il, Elnur \u015e\u00fck\u00fcrovun is\u0259 5 il azadl\u0131qdan m\u0259hrum edilm\u0259sini ist\u0259yib.<\/p>\n\n\n\n<p>Fevral\u0131n 9-da hakim \u018fli M\u0259mm\u0259dovun s\u0259drliyil\u0259 ke\u00e7iril\u0259n m\u0259hk\u0259m\u0259 iclas\u0131nda v\u0259kill\u0259r \u00e7\u0131x\u0131\u015f edibl\u0259r. Onlar h\u00fcquqlar\u0131n\u0131 m\u00fcdafi\u0259 etdikl\u0259ri \u015f\u0259xsl\u0259rin t\u0259qsirsiz oldu\u011funu vur\u011fulayaraq, b\u0259ra\u0259t h\u00f6km\u00fc \u00e7\u0131xar\u0131lmas\u0131n\u0131 ist\u0259yibl\u0259r.<\/p>\n\n\n\n<p>Amma m\u00fcdafi\u0259 \u00e7\u0131x\u0131\u015flar\u0131ndan \u00f6nc\u0259 \u018fv\u0259z Zeynall\u0131n\u0131n v\u0259kili R\u0259\u015fad \u018fliyev m\u00fcv\u0259kkilinin sa\u011fl\u0131q durumuyla ba\u011fl\u0131 v\u0259sat\u0259t qald\u0131r\u0131b. V\u0259kil bildirib ki, \u018fv\u0259z Zeynall\u0131 g\u00f6zl\u0259rind\u0259ki probleml\u0259 \u0259laq\u0259dar m\u00fcalic\u0259 olunsa da, he\u00e7 bir ir\u0259lil\u0259yi\u015f yoxdur. N\u0259tic\u0259d\u0259 \u201cXural TV\u201d r\u0259hb\u0259ri sol g\u00f6z\u00fcn\u00fcn g\u00f6rm\u0259 qabiliyy\u0259tini itirib. V\u0259kil bu m\u0259s\u0259l\u0259 il\u0259 \u0259laq\u0259dar \u0259lav\u0259 add\u0131mlar\u0131n at\u0131lmas\u0131n\u0131 xahi\u015f edib.<\/p>\n\n\n\n<p>\u018fv\u0259z Zeynall\u0131 \u00f6z\u00fc d\u0259 sol g\u00f6z\u00fcnd\u0259 g\u00f6rm\u0259 qabiliyy\u0259tini itirm\u0259si haqda v\u0259kilinin dedikl\u0259rini t\u0259sdiql\u0259yib. O vur\u011fulay\u0131b ki, t\u0259cili g\u00f6z\u00fcnd\u0259 c\u0259rrahiyy\u0259 \u0259m\u0259liyyat\u0131 apar\u0131lmas\u0131na ehtiyac var:<\/p>\n\n\n\n<p><em>\u201cSa\u011f g\u00f6z\u00fcm\u00fc tutanda, sol g\u00f6z\u00fcml\u0259 ancaq qaranl\u0131q g\u00f6r\u00fcr\u0259m. Katarakta \u0259m\u0259liyyat\u0131 olmal\u0131yam\u201d<\/em>.<\/p>\n\n\n\n<p>Hakim \u018fli M\u0259mm\u0259dov deyib ki, bununla \u0259laq\u0259dar m\u0259hk\u0259m\u0259 Penitensiar Xidm\u0259t\u0259 v\u0259 \u018fdliyy\u0259 Nazirliyinin Tibb Ba\u015f \u0130dar\u0259sin\u0259 m\u0259ktub g\u00f6nd\u0259r\u0259c\u0259k.<\/p>\n\n\n\n<p>Daha sonra \u018fv\u0259z Zeynall\u0131n\u0131n v\u0259kili Aqil Lay\u0131c m\u00fcdafi\u0259 nitqil\u0259 \u00e7\u0131x\u0131\u015f edib. V\u0259kil bildirib ki, m\u00fcvv\u0259kkili t\u0259qsirsizdir, he\u00e7 bir cinay\u0259t t\u00f6r\u0259tm\u0259yib. Onun h\u0259bsi jurnalist f\u0259aliyy\u0259til\u0259 ba\u011fl\u0131d\u0131r.<\/p>\n\n\n\n<p>Aqil Lay\u0131c\u0131n s\u00f6zl\u0259rin\u0259 g\u00f6r\u0259, \u018fv\u0259z Zeynall\u0131n\u0131n i\u015fi \u00fczr\u0259 istintaq zaman\u0131 \u00e7oxsayl\u0131 qanun pozuntular\u0131na yol verilib. Bu s\u0259b\u0259bd\u0259n onlar istintaq\u0131 aparm\u0131\u015f Mehman H\u00fcmb\u0259tovun (haz\u0131rda Korrupsiyaya Qar\u015f\u0131 M\u00fcbariz\u0259 Ba\u015f \u0130dar\u0259sind\u0259 istintaq idar\u0259sinin r\u0259isidir-red.) dindirilm\u0259sini ist\u0259yirdil\u0259r. Lakin m\u0259hk\u0259m\u0259 onu \u00e7a\u011f\u0131r\u0131b dindirm\u0259kd\u0259n imtina edib.<\/p>\n\n\n\n<p>\u018fv\u0259z Zeynall\u0131ya qar\u015f\u0131 ittihamlar\u0131 t\u0259sdiql\u0259y\u0259n he\u00e7 bir s\u00fcbut olmad\u0131\u011f\u0131n\u0131 dey\u0259n v\u0259kil m\u00fcv\u0259kkili haqq\u0131nda b\u0259ra\u0259t h\u00f6km\u00fc \u00e7\u0131xar\u0131lmas\u0131n\u0131 xahi\u015f edib. Aqil Lay\u0131c bu yax\u0131nlarda Bak\u0131 A\u011f\u0131r Cinay\u0259tl\u0259r M\u0259hk\u0259m\u0259sind\u0259 ke\u00e7mi\u015f \u018fm\u0259k v\u0259 \u018fhalinin Sosial M\u00fcdafi\u0259si naziri S\u0259lim M\u00fcsl\u00fcmov haqq\u0131nda \u00e7\u0131xar\u0131lm\u0131\u015f h\u00f6km\u00fc d\u0259 yada sal\u0131b. M\u00fcdafi\u0259\u00e7i bildirib ki, 27 milyon manatl\u0131q d\u00f6vl\u0259t \u0259mlak\u0131n\u0131 m\u0259nims\u0259m\u0259kd\u0259 v\u0259 r\u00fc\u015fv\u0259t almaqda ittiham olunan S\u0259lim M\u00fcsl\u00fcmova \u015f\u0259rti c\u0259za verildi, azadl\u0131qda saxlan\u0131ld\u0131. Lakin jurnalist\u0259 10 il azadl\u0131qdan m\u0259hrumetm\u0259 c\u0259zas\u0131 t\u0259l\u0259b olunur.<\/p>\n\n\n\n<p><em>\u201cS\u0259lim M\u00fcsl\u00fcmova g\u00f6st\u0259ril\u0259n humanist yana\u015fman\u0131n \u018fv\u0259z Zeynall\u0131ya m\u00fcnasib\u0259td\u0259 d\u0259 t\u0259tbiq olunmas\u0131n\u0131 ist\u0259yirik\u201d<\/em>, &#8211; v\u0259kil bildirib.<\/p>\n\n\n\n<p>Elnur \u015e\u00fck\u00fcrovun v\u0259kili d\u0259 onun t\u0259qsirsiz oldu\u011funu deyib v\u0259 m\u0259hk\u0259m\u0259d\u0259n m\u00fcv\u0259kkili \u00fc\u00e7\u00fcn b\u0259ra\u0259t ist\u0259yib:<\/p>\n\n\n\n<p><em>\u201c\u018fv\u0259z Zeynall\u0131ya qar\u015f\u0131 ittihamlar\u0131n miqyas\u0131n\u0131 geni\u015fl\u0259ndirm\u0259k \u00fc\u00e7\u00fcn Elnur \u015e\u00fck\u00fcrovu da bu i\u015f\u0259 qatd\u0131lar. \u018fvv\u0259l Elnur \u015e\u00fck\u00fcrovu \u00e7a\u011f\u0131r\u0131b, \u018fv\u0259z Zeynall\u0131n\u0131n iad\u0259 etdiyi s\u0259n\u0259dl\u0259rin yerini soru\u015fublar. O bildirib ki, \u018fv\u0259z Zeynall\u0131dan he\u00e7 bir s\u0259n\u0259d almay\u0131b. Bundan sonra gec\u0259 saat 3-d\u0259 terror\u00e7unun evind\u0259 axtar\u0131\u015f apar\u0131rlarm\u0131\u015f kimi, onun evin\u0259 g\u0259libl\u0259r. Ya\u015fl\u0131 ata-anas\u0131n\u0131n, k\u00f6rp\u0259 u\u015faqlar\u0131n\u0131n g\u00f6z\u00fcn\u00fcn qars\u0131\u015f\u0131nda&#8230; Ail\u0259sinin yataq ota\u011f\u0131na q\u0259d\u0259r axtar\u0131blar. He\u00e7 n\u0259 tapmay\u0131blar\u201d<\/em>.<\/p>\n\n\n\n<p>\u0130stintaq zaman\u0131 Elnur \u015e\u00fck\u00fcrov v\u0259 \u018fv\u0259z Zeynall\u0131n\u0131n \u0259leyhin\u0259 ifad\u0259 almaq \u00fc\u00e7\u00fcn bir s\u0131ra \u015f\u0259xsl\u0259r\u0259 t\u0259zyiq g\u00f6st\u0259rildiyini dey\u0259n v\u0259kilin s\u00f6zl\u0259rin\u0259 g\u00f6r\u0259, h\u0259min \u015f\u0259xsl\u0259rin \u00f6zl\u0259ri d\u0259 bunu m\u0259hk\u0259m\u0259d\u0259 t\u0259sdiql\u0259dil\u0259r: <\/p>\n\n\n\n<p><em>\u201cH\u0259tta Ruslan V\u0259liyev z\u0259r\u0259r\u00e7\u0259kmi\u015f statusuna xitam verilm\u0259sini ist\u0259di. Dedi ki, o, he\u00e7 n\u0259d\u0259n z\u0259r\u0259r \u00e7\u0259km\u0259yib. \u0130st\u0259r Ruslan V\u0259liyev, ist\u0259rs\u0259 d\u0259 N\u0259zak\u0259t C\u0259f\u0259rova bildirdil\u0259r ki, onlar Elnur \u015e\u00fck\u00fcrova pul verm\u0259yibl\u0259r. Bu adamlara h\u0259m d\u0259 v\u0259zif\u0259li \u015f\u0259xsin q\u0259rar\u0131na qanunsuz t\u0259sir g\u00f6st\u0259rm\u0259 ittiham\u0131 verilib. Sabun\u00e7u v\u0259 Suraxan\u0131 rayonlar\u0131n\u0131n icra ba\u015f\u00e7\u0131lar\u0131 m\u0259hk\u0259m\u0259d\u0259 dindirildi. Onlar bildirdil\u0259r ki, he\u00e7 kim onlar\u0131n q\u0259rar\u0131na t\u0259sir g\u00f6st\u0259rm\u0259yib. H\u0259tta bel\u0259 dedil\u0259r ki, \u201cjurnalist kimdir m\u0259nim q\u0259rar\u0131ma t\u0259sir g\u00f6st\u0259rsin?\u201d Yaln\u0131z d\u00f6vl\u0259t ba\u015f\u00e7\u0131s\u0131n\u0131n g\u00f6st\u0259ri\u015fl\u0259rin\u0259 \u0259m\u0259l el\u0259dikl\u0259rini bildirdil\u0259r\u201d<\/em>.<\/p>\n\n\n\n<p>V\u0259kil ittihamlar\u0131n \u0259sass\u0131z oldu\u011funu vur\u011fulamaqla yana\u015f\u0131, Elnur \u015e\u00fck\u00fcrovun vaxtil\u0259 C\u0259lilabadda deputatl\u0131\u011fa namiz\u0259d oldu\u011funu da yada sal\u0131b. M\u00fcdafi\u0259\u00e7inin s\u00f6zl\u0259rin\u0259 g\u00f6r\u0259, o, rayonda \u0259halini narahat ed\u0259n probleml\u0259ri daim diqq\u0259td\u0259 saxlay\u0131b, ictimail\u0259\u015fdirib. Bunun n\u0259tic\u0259sidir ki, 33 n\u0259f\u0259r rayon sakini onun azadl\u0131\u011fa burax\u0131lmas\u0131 \u00fc\u00e7\u00fcn m\u0259hk\u0259m\u0259y\u0259 m\u00fcraci\u0259t edib.<\/p>\n\n\n\n<p>V\u0259kil Elnur \u015e\u00fck\u00fcrovun ail\u0259 v\u0259ziyy\u0259ti haqda dan\u0131\u015fark\u0259n onun h\u0259yat yolda\u015f\u0131n\u0131n a\u011f\u0131r x\u0259st\u0259 oldu\u011funu da m\u0259hk\u0259m\u0259nin n\u0259z\u0259rin\u0259 \u00e7atd\u0131r\u0131b.<\/p>\n\n\n\n<p>Fevral\u0131n 23-d\u0259 ke\u00e7iril\u0259c\u0259k n\u00f6vb\u0259ti m\u0259hk\u0259m\u0259 iclas\u0131nda \u018fv\u0259z Zeynall\u0131 v\u0259 Elnur \u015e\u00fck\u00fcrov son s\u00f6z\u00fcn\u00fc dey\u0259c\u0259k.<\/p>\n\n\n\n<p>\u018fv\u0259z Zeynall\u0131 2022-ci il sentyabr\u0131n 9-da h\u0259bs olunub. Ona qar\u015f\u0131 ilk ittiham \u201cBaku Steel Company\u201d MMC \u2013 polad\u0259ritm\u0259 zavodunun ke\u00e7mi\u015f r\u0259hb\u0259ri, haz\u0131rda h\u0259bsd\u0259 olan Rasim M\u0259mm\u0259dovun h\u0259yat yolda\u015f\u0131ndan 20 min manat al\u0131nmas\u0131yla ba\u011fl\u0131 olsa da, sonradan yeni ittihamlar da ir\u0259li s\u00fcr\u00fcl\u00fcb.<\/p>\n\n\n\n<p>Lakin o, \u00f6z\u00fcn\u00fc t\u0259qsirli bilmir, susdurulmas\u0131 \u00fc\u00e7\u00fcn siyasi sifari\u015fl\u0259 h\u0259bs olundu\u011funu deyir.<\/p>\n\n\n\n<p>Elnur \u015e\u00fck\u00fcrov is\u0259 2022-ci il sentyabr\u0131n 13-d\u0259n h\u0259bsd\u0259dir. O da t\u0259qsirsiz oldu\u011funu v\u0259 \u018fv\u0259z Zeynall\u0131n\u0131n \u0259leyhin\u0259 ifad\u0259 verm\u0259diyin\u0259 g\u00f6r\u0259 c\u0259zaland\u0131r\u0131ld\u0131\u011f\u0131n\u0131 deyir.<\/p>\n","protected":false},"excerpt":{"rendered":"<p>\u00a0V\u0259kil b\u0259ra\u0259t verilm\u0259sini ist\u0259yib \u201cXural TV\u201d internet telekanal\u0131n\u0131n r\u0259hb\u0259ri \u018fv\u0259z &#8230; <\/p>\n<p class=\"read-more-container\"><a title=\"\u201cS\u0259lim M\u00fcsl\u00fcmova olan humanist yana\u015fman\u0131 \u018fv\u0259z Zeynall\u0131 \u00fc\u00e7\u00fcn d\u0259 ist\u0259yirik\u201d\" class=\"read-more button\" href=\"https:\/\/www.meydan.tv\/az\/article\/selim-muslumova-olan-humanist-yanasmani-evez-zeynalli-ucun-de-isteyirik\/#more-297600\" aria-label=\"Read more about \u201cS\u0259lim M\u00fcsl\u00fcmova olan humanist yana\u015fman\u0131 \u018fv\u0259z Zeynall\u0131 \u00fc\u00e7\u00fcn d\u0259 ist\u0259yirik\u201d\">Davam\u0131<\/a><\/p>\n","protected":false},"author":21,"featured_media":296310,"comment_status":"closed","ping_status":"closed","sticky":false,"template":"","format":"standard","meta":{"_acf_changed":false,"_sitemap_exclude":false,"_sitemap_priority":"","_sitemap_frequency":"","footnotes":""},"categories":[62,56],"tags":[],"class_list":["post-297600","post","type-post","status-publish","format-standard","has-post-thumbnail","hentry","category-sosial","category-xeberler","infinite-scroll-item","generate-columns","tablet-grid-50","mobile-grid-100","grid-parent","grid-33","no-featured-image-padding"],"acf":[],"yoast_head":"<!-- This site is optimized with the Yoast SEO plugin v27.5 - https:\/\/yoast.com\/product\/yoast-seo-wordpress\/ -->\n<title>\u201cS\u0259lim M\u00fcsl\u00fcmova olan humanist yana\u015fman\u0131 \u018fv\u0259z Zeynall\u0131 \u00fc\u00e7\u00fcn d\u0259 ist\u0259yirik\u201d - MEYDAN.TV<\/title>\n<meta name=\"robots\" content=\"index, follow, max-snippet:-1, max-image-preview:large, max-video-preview:-1\" \/>\n<link rel=\"canonical\" href=\"https:\/\/www.meydan.tv\/az\/article\/selim-muslumova-olan-humanist-yanasmani-evez-zeynalli-ucun-de-isteyirik\/\" \/>\n<meta property=\"og:locale\" content=\"az_AZ\" \/>\n<meta property=\"og:type\" content=\"article\" \/>\n<meta property=\"og:title\" content=\"\u201cS\u0259lim M\u00fcsl\u00fcmova olan humanist yana\u015fman\u0131 \u018fv\u0259z Zeynall\u0131 \u00fc\u00e7\u00fcn d\u0259 ist\u0259yirik\u201d - MEYDAN.TV\" \/>\n<meta property=\"og:description\" content=\"\u00a0V\u0259kil b\u0259ra\u0259t verilm\u0259sini ist\u0259yib \u201cXural TV\u201d internet telekanal\u0131n\u0131n r\u0259hb\u0259ri \u018fv\u0259z ... Davam\u0131\" \/>\n<meta property=\"og:url\" content=\"https:\/\/www.meydan.tv\/az\/article\/selim-muslumova-olan-humanist-yanasmani-evez-zeynalli-ucun-de-isteyirik\/\" \/>\n<meta property=\"og:site_name\" content=\"MEYDAN.TV\" \/>\n<meta property=\"article:published_time\" content=\"2024-02-09T16:28:55+00:00\" \/>\n<meta property=\"article:modified_time\" content=\"2024-02-09T16:28:58+00:00\" \/>\n<meta property=\"og:image\" content=\"https:\/\/www.meydan.tv\/wp-content\/uploads\/photo-2024-01-26-15-49-09.jpg\" \/>\n\t<meta property=\"og:image:width\" content=\"1200\" \/>\n\t<meta property=\"og:image:height\" content=\"900\" \/>\n\t<meta property=\"og:image:type\" content=\"image\/jpeg\" \/>\n<meta name=\"author\" content=\"mahmud\" \/>\n<meta name=\"twitter:card\" content=\"summary_large_image\" \/>\n<script type=\"application\/ld+json\" class=\"yoast-schema-graph\">{\"@context\":\"https:\\\/\\\/schema.org\",\"@graph\":[{\"@type\":\"Article\",\"@id\":\"https:\\\/\\\/www.meydan.tv\\\/az\\\/article\\\/selim-muslumova-olan-humanist-yanasmani-evez-zeynalli-ucun-de-isteyirik\\\/#article\",\"isPartOf\":{\"@id\":\"https:\\\/\\\/www.meydan.tv\\\/az\\\/article\\\/selim-muslumova-olan-humanist-yanasmani-evez-zeynalli-ucun-de-isteyirik\\\/\"},\"author\":{\"name\":\"mahmud\",\"@id\":\"https:\\\/\\\/www.meydan.tv\\\/az\\\/#\\\/schema\\\/person\\\/09863e516102a829e72bedcf3f84c6b0\"},\"headline\":\"\u201cS\u0259lim M\u00fcsl\u00fcmova olan humanist yana\u015fman\u0131 \u018fv\u0259z Zeynall\u0131 \u00fc\u00e7\u00fcn d\u0259 ist\u0259yirik\u201d\",\"datePublished\":\"2024-02-09T16:28:55+00:00\",\"dateModified\":\"2024-02-09T16:28:58+00:00\",\"mainEntityOfPage\":{\"@id\":\"https:\\\/\\\/www.meydan.tv\\\/az\\\/article\\\/selim-muslumova-olan-humanist-yanasmani-evez-zeynalli-ucun-de-isteyirik\\\/\"},\"wordCount\":1198,\"publisher\":{\"@id\":\"https:\\\/\\\/www.meydan.tv\\\/az\\\/#organization\"},\"image\":{\"@id\":\"https:\\\/\\\/www.meydan.tv\\\/az\\\/article\\\/selim-muslumova-olan-humanist-yanasmani-evez-zeynalli-ucun-de-isteyirik\\\/#primaryimage\"},\"thumbnailUrl\":\"https:\\\/\\\/www.meydan.tv\\\/wp-content\\\/uploads\\\/photo-2024-01-26-15-49-09.jpg\",\"articleSection\":[\"Sosial\",\"X\u0259b\u0259rl\u0259r\"],\"inLanguage\":\"az\"},{\"@type\":\"WebPage\",\"@id\":\"https:\\\/\\\/www.meydan.tv\\\/az\\\/article\\\/selim-muslumova-olan-humanist-yanasmani-evez-zeynalli-ucun-de-isteyirik\\\/\",\"url\":\"https:\\\/\\\/www.meydan.tv\\\/az\\\/article\\\/selim-muslumova-olan-humanist-yanasmani-evez-zeynalli-ucun-de-isteyirik\\\/\",\"name\":\"\u201cS\u0259lim M\u00fcsl\u00fcmova olan humanist yana\u015fman\u0131 \u018fv\u0259z Zeynall\u0131 \u00fc\u00e7\u00fcn d\u0259 ist\u0259yirik\u201d - MEYDAN.TV\",\"isPartOf\":{\"@id\":\"https:\\\/\\\/www.meydan.tv\\\/az\\\/#website\"},\"primaryImageOfPage\":{\"@id\":\"https:\\\/\\\/www.meydan.tv\\\/az\\\/article\\\/selim-muslumova-olan-humanist-yanasmani-evez-zeynalli-ucun-de-isteyirik\\\/#primaryimage\"},\"image\":{\"@id\":\"https:\\\/\\\/www.meydan.tv\\\/az\\\/article\\\/selim-muslumova-olan-humanist-yanasmani-evez-zeynalli-ucun-de-isteyirik\\\/#primaryimage\"},\"thumbnailUrl\":\"https:\\\/\\\/www.meydan.tv\\\/wp-content\\\/uploads\\\/photo-2024-01-26-15-49-09.jpg\",\"datePublished\":\"2024-02-09T16:28:55+00:00\",\"dateModified\":\"2024-02-09T16:28:58+00:00\",\"breadcrumb\":{\"@id\":\"https:\\\/\\\/www.meydan.tv\\\/az\\\/article\\\/selim-muslumova-olan-humanist-yanasmani-evez-zeynalli-ucun-de-isteyirik\\\/#breadcrumb\"},\"inLanguage\":\"az\",\"potentialAction\":[{\"@type\":\"ReadAction\",\"target\":[\"https:\\\/\\\/www.meydan.tv\\\/az\\\/article\\\/selim-muslumova-olan-humanist-yanasmani-evez-zeynalli-ucun-de-isteyirik\\\/\"]}]},{\"@type\":\"ImageObject\",\"inLanguage\":\"az\",\"@id\":\"https:\\\/\\\/www.meydan.tv\\\/az\\\/article\\\/selim-muslumova-olan-humanist-yanasmani-evez-zeynalli-ucun-de-isteyirik\\\/#primaryimage\",\"url\":\"https:\\\/\\\/www.meydan.tv\\\/wp-content\\\/uploads\\\/photo-2024-01-26-15-49-09.jpg\",\"contentUrl\":\"https:\\\/\\\/www.meydan.tv\\\/wp-content\\\/uploads\\\/photo-2024-01-26-15-49-09.jpg\",\"width\":1200,\"height\":900,\"caption\":\"\u018fv\u0259z Zeynall\u0131. Foto: Meydan TV\"},{\"@type\":\"BreadcrumbList\",\"@id\":\"https:\\\/\\\/www.meydan.tv\\\/az\\\/article\\\/selim-muslumova-olan-humanist-yanasmani-evez-zeynalli-ucun-de-isteyirik\\\/#breadcrumb\",\"itemListElement\":[{\"@type\":\"ListItem\",\"position\":1,\"name\":\"Ana s\u0259hif\u0259\",\"item\":\"https:\\\/\\\/www.meydan.tv\\\/az\\\/\"},{\"@type\":\"ListItem\",\"position\":2,\"name\":\"Sosial\",\"item\":\"https:\\\/\\\/www.meydan.tv\\\/az\\\/section\\\/sosial\\\/\"},{\"@type\":\"ListItem\",\"position\":3,\"name\":\"\u201cS\u0259lim M\u00fcsl\u00fcmova olan humanist yana\u015fman\u0131 \u018fv\u0259z Zeynall\u0131 \u00fc\u00e7\u00fcn d\u0259 ist\u0259yirik\u201d\"}]},{\"@type\":\"WebSite\",\"@id\":\"https:\\\/\\\/www.meydan.tv\\\/az\\\/#website\",\"url\":\"https:\\\/\\\/www.meydan.tv\\\/az\\\/\",\"name\":\"MEYDAN.TV\",\"description\":\"Meydan TV Az\u0259rbaycan\u0131n media m\u0259kan\u0131ndak\u0131 alternativ s\u0259sidir\",\"publisher\":{\"@id\":\"https:\\\/\\\/www.meydan.tv\\\/az\\\/#organization\"},\"potentialAction\":[{\"@type\":\"SearchAction\",\"target\":{\"@type\":\"EntryPoint\",\"urlTemplate\":\"https:\\\/\\\/www.meydan.tv\\\/az\\\/?s={search_term_string}\"},\"query-input\":{\"@type\":\"PropertyValueSpecification\",\"valueRequired\":true,\"valueName\":\"search_term_string\"}}],\"inLanguage\":\"az\"},{\"@type\":\"Organization\",\"@id\":\"https:\\\/\\\/www.meydan.tv\\\/az\\\/#organization\",\"name\":\"Meydan TV\",\"url\":\"https:\\\/\\\/www.meydan.tv\\\/az\\\/\",\"logo\":{\"@type\":\"ImageObject\",\"inLanguage\":\"az\",\"@id\":\"https:\\\/\\\/www.meydan.tv\\\/az\\\/#\\\/schema\\\/logo\\\/image\\\/\",\"url\":\"https:\\\/\\\/www.meydan.tv\\\/wp-content\\\/uploads\\\/2021\\\/07\\\/meydan-logo.svg\",\"contentUrl\":\"https:\\\/\\\/www.meydan.tv\\\/wp-content\\\/uploads\\\/2021\\\/07\\\/meydan-logo.svg\",\"width\":195,\"height\":46,\"caption\":\"Meydan TV\"},\"image\":{\"@id\":\"https:\\\/\\\/www.meydan.tv\\\/az\\\/#\\\/schema\\\/logo\\\/image\\\/\"}},{\"@type\":\"Person\",\"@id\":\"https:\\\/\\\/www.meydan.tv\\\/az\\\/#\\\/schema\\\/person\\\/09863e516102a829e72bedcf3f84c6b0\",\"name\":\"mahmud\"}]}<\/script>\n<!-- \/ Yoast SEO plugin. -->","yoast_head_json":{"title":"\u201cS\u0259lim M\u00fcsl\u00fcmova olan humanist yana\u015fman\u0131 \u018fv\u0259z Zeynall\u0131 \u00fc\u00e7\u00fcn d\u0259 ist\u0259yirik\u201d - MEYDAN.TV","robots":{"index":"index","follow":"follow","max-snippet":"max-snippet:-1","max-image-preview":"max-image-preview:large","max-video-preview":"max-video-preview:-1"},"canonical":"https:\/\/www.meydan.tv\/az\/article\/selim-muslumova-olan-humanist-yanasmani-evez-zeynalli-ucun-de-isteyirik\/","og_locale":"az_AZ","og_type":"article","og_title":"\u201cS\u0259lim M\u00fcsl\u00fcmova olan humanist yana\u015fman\u0131 \u018fv\u0259z Zeynall\u0131 \u00fc\u00e7\u00fcn d\u0259 ist\u0259yirik\u201d - MEYDAN.TV","og_description":"\u00a0V\u0259kil b\u0259ra\u0259t verilm\u0259sini ist\u0259yib \u201cXural TV\u201d internet telekanal\u0131n\u0131n r\u0259hb\u0259ri \u018fv\u0259z ... Davam\u0131","og_url":"https:\/\/www.meydan.tv\/az\/article\/selim-muslumova-olan-humanist-yanasmani-evez-zeynalli-ucun-de-isteyirik\/","og_site_name":"MEYDAN.TV","article_published_time":"2024-02-09T16:28:55+00:00","article_modified_time":"2024-02-09T16:28:58+00:00","og_image":[{"width":1200,"height":900,"url":"https:\/\/www.meydan.tv\/wp-content\/uploads\/photo-2024-01-26-15-49-09.jpg","type":"image\/jpeg"}],"author":"mahmud","twitter_card":"summary_large_image","schema":{"@context":"https:\/\/schema.org","@graph":[{"@type":"Article","@id":"https:\/\/www.meydan.tv\/az\/article\/selim-muslumova-olan-humanist-yanasmani-evez-zeynalli-ucun-de-isteyirik\/#article","isPartOf":{"@id":"https:\/\/www.meydan.tv\/az\/article\/selim-muslumova-olan-humanist-yanasmani-evez-zeynalli-ucun-de-isteyirik\/"},"author":{"name":"mahmud","@id":"https:\/\/www.meydan.tv\/az\/#\/schema\/person\/09863e516102a829e72bedcf3f84c6b0"},"headline":"\u201cS\u0259lim M\u00fcsl\u00fcmova olan humanist yana\u015fman\u0131 \u018fv\u0259z Zeynall\u0131 \u00fc\u00e7\u00fcn d\u0259 ist\u0259yirik\u201d","datePublished":"2024-02-09T16:28:55+00:00","dateModified":"2024-02-09T16:28:58+00:00","mainEntityOfPage":{"@id":"https:\/\/www.meydan.tv\/az\/article\/selim-muslumova-olan-humanist-yanasmani-evez-zeynalli-ucun-de-isteyirik\/"},"wordCount":1198,"publisher":{"@id":"https:\/\/www.meydan.tv\/az\/#organization"},"image":{"@id":"https:\/\/www.meydan.tv\/az\/article\/selim-muslumova-olan-humanist-yanasmani-evez-zeynalli-ucun-de-isteyirik\/#primaryimage"},"thumbnailUrl":"https:\/\/www.meydan.tv\/wp-content\/uploads\/photo-2024-01-26-15-49-09.jpg","articleSection":["Sosial","X\u0259b\u0259rl\u0259r"],"inLanguage":"az"},{"@type":"WebPage","@id":"https:\/\/www.meydan.tv\/az\/article\/selim-muslumova-olan-humanist-yanasmani-evez-zeynalli-ucun-de-isteyirik\/","url":"https:\/\/www.meydan.tv\/az\/article\/selim-muslumova-olan-humanist-yanasmani-evez-zeynalli-ucun-de-isteyirik\/","name":"\u201cS\u0259lim M\u00fcsl\u00fcmova olan humanist yana\u015fman\u0131 \u018fv\u0259z Zeynall\u0131 \u00fc\u00e7\u00fcn d\u0259 ist\u0259yirik\u201d - MEYDAN.TV","isPartOf":{"@id":"https:\/\/www.meydan.tv\/az\/#website"},"primaryImageOfPage":{"@id":"https:\/\/www.meydan.tv\/az\/article\/selim-muslumova-olan-humanist-yanasmani-evez-zeynalli-ucun-de-isteyirik\/#primaryimage"},"image":{"@id":"https:\/\/www.meydan.tv\/az\/article\/selim-muslumova-olan-humanist-yanasmani-evez-zeynalli-ucun-de-isteyirik\/#primaryimage"},"thumbnailUrl":"https:\/\/www.meydan.tv\/wp-content\/uploads\/photo-2024-01-26-15-49-09.jpg","datePublished":"2024-02-09T16:28:55+00:00","dateModified":"2024-02-09T16:28:58+00:00","breadcrumb":{"@id":"https:\/\/www.meydan.tv\/az\/article\/selim-muslumova-olan-humanist-yanasmani-evez-zeynalli-ucun-de-isteyirik\/#breadcrumb"},"inLanguage":"az","potentialAction":[{"@type":"ReadAction","target":["https:\/\/www.meydan.tv\/az\/article\/selim-muslumova-olan-humanist-yanasmani-evez-zeynalli-ucun-de-isteyirik\/"]}]},{"@type":"ImageObject","inLanguage":"az","@id":"https:\/\/www.meydan.tv\/az\/article\/selim-muslumova-olan-humanist-yanasmani-evez-zeynalli-ucun-de-isteyirik\/#primaryimage","url":"https:\/\/www.meydan.tv\/wp-content\/uploads\/photo-2024-01-26-15-49-09.jpg","contentUrl":"https:\/\/www.meydan.tv\/wp-content\/uploads\/photo-2024-01-26-15-49-09.jpg","width":1200,"height":900,"caption":"\u018fv\u0259z Zeynall\u0131. Foto: Meydan TV"},{"@type":"BreadcrumbList","@id":"https:\/\/www.meydan.tv\/az\/article\/selim-muslumova-olan-humanist-yanasmani-evez-zeynalli-ucun-de-isteyirik\/#breadcrumb","itemListElement":[{"@type":"ListItem","position":1,"name":"Ana s\u0259hif\u0259","item":"https:\/\/www.meydan.tv\/az\/"},{"@type":"ListItem","position":2,"name":"Sosial","item":"https:\/\/www.meydan.tv\/az\/section\/sosial\/"},{"@type":"ListItem","position":3,"name":"\u201cS\u0259lim M\u00fcsl\u00fcmova olan humanist yana\u015fman\u0131 \u018fv\u0259z Zeynall\u0131 \u00fc\u00e7\u00fcn d\u0259 ist\u0259yirik\u201d"}]},{"@type":"WebSite","@id":"https:\/\/www.meydan.tv\/az\/#website","url":"https:\/\/www.meydan.tv\/az\/","name":"MEYDAN.TV","description":"Meydan TV Az\u0259rbaycan\u0131n media m\u0259kan\u0131ndak\u0131 alternativ s\u0259sidir","publisher":{"@id":"https:\/\/www.meydan.tv\/az\/#organization"},"potentialAction":[{"@type":"SearchAction","target":{"@type":"EntryPoint","urlTemplate":"https:\/\/www.meydan.tv\/az\/?s={search_term_string}"},"query-input":{"@type":"PropertyValueSpecification","valueRequired":true,"valueName":"search_term_string"}}],"inLanguage":"az"},{"@type":"Organization","@id":"https:\/\/www.meydan.tv\/az\/#organization","name":"Meydan TV","url":"https:\/\/www.meydan.tv\/az\/","logo":{"@type":"ImageObject","inLanguage":"az","@id":"https:\/\/www.meydan.tv\/az\/#\/schema\/logo\/image\/","url":"https:\/\/www.meydan.tv\/wp-content\/uploads\/2021\/07\/meydan-logo.svg","contentUrl":"https:\/\/www.meydan.tv\/wp-content\/uploads\/2021\/07\/meydan-logo.svg","width":195,"height":46,"caption":"Meydan TV"},"image":{"@id":"https:\/\/www.meydan.tv\/az\/#\/schema\/logo\/image\/"}},{"@type":"Person","@id":"https:\/\/www.meydan.tv\/az\/#\/schema\/person\/09863e516102a829e72bedcf3f84c6b0","name":"mahmud"}]}},"_links":{"self":[{"href":"https:\/\/www.meydan.tv\/az\/wp-json\/wp\/v2\/posts\/297600","targetHints":{"allow":["GET"]}}],"collection":[{"href":"https:\/\/www.meydan.tv\/az\/wp-json\/wp\/v2\/posts"}],"about":[{"href":"https:\/\/www.meydan.tv\/az\/wp-json\/wp\/v2\/types\/post"}],"author":[{"embeddable":true,"href":"https:\/\/www.meydan.tv\/az\/wp-json\/wp\/v2\/users\/21"}],"replies":[{"embeddable":true,"href":"https:\/\/www.meydan.tv\/az\/wp-json\/wp\/v2\/comments?post=297600"}],"version-history":[{"count":1,"href":"https:\/\/www.meydan.tv\/az\/wp-json\/wp\/v2\/posts\/297600\/revisions"}],"predecessor-version":[{"id":297601,"href":"https:\/\/www.meydan.tv\/az\/wp-json\/wp\/v2\/posts\/297600\/revisions\/297601"}],"wp:featuredmedia":[{"embeddable":true,"href":"https:\/\/www.meydan.tv\/az\/wp-json\/wp\/v2\/media\/296310"}],"wp:attachment":[{"href":"https:\/\/www.meydan.tv\/az\/wp-json\/wp\/v2\/media?parent=297600"}],"wp:term":[{"taxonomy":"category","embeddable":true,"href":"https:\/\/www.meydan.tv\/az\/wp-json\/wp\/v2\/categories?post=297600"},{"taxonomy":"post_tag","embeddable":true,"href":"https:\/\/www.meydan.tv\/az\/wp-json\/wp\/v2\/tags?post=297600"}],"curies":[{"name":"wp","href":"https:\/\/api.w.org\/{rel}","templated":true}]}}