{"id":297443,"date":"2024-02-08T15:58:35","date_gmt":"2024-02-08T11:58:35","guid":{"rendered":"https:\/\/www.meydan.tv\/?p=297443"},"modified":"2024-02-08T15:58:38","modified_gmt":"2024-02-08T11:58:38","slug":"zaqatalada-uc-sagirdi-masin-vurub-ikisi-olub","status":"publish","type":"post","link":"https:\/\/www.meydan.tv\/az\/article\/zaqatalada-uc-sagirdi-masin-vurub-ikisi-olub\/","title":{"rendered":"Zaqatalada \u00fc\u00e7 \u015fagirdi ma\u015f\u0131n vurub, ikisi \u00f6l\u00fcb"},"content":{"rendered":"\n<p><\/p>\n\n\n\n<p><strong>Dig\u0259r \u015fagirdin x\u0259st\u0259xanaya yerl\u0259\u015fdirildiyi a\u00e7\u0131qlan\u0131b<\/strong><\/p>\n\n\n\n<p>Zaqatalan\u0131n G\u00f6y\u0259m k\u0259ndi \u0259razisind\u0259 \u00f6l\u00fcml\u0259 n\u0259tic\u0259l\u0259n\u0259n q\u0259za hadis\u0259sinin ba\u015f verdiyi bildirilir.<\/p>\n\n\n\n<p>Daxili \u0130\u015fl\u0259r Nazirliyinin M\u0259tbuat xidm\u0259tinin \u015e\u0259ki regional qrupunun yayd\u0131\u011f\u0131 m\u0259lumata g\u00f6r\u0259, fevral\u0131n 8-i saat 13 rad\u0259l\u0259rind\u0259 Emin \u0130brahimov idar\u0259 etdiyi \u201cMercedes\u201d markal\u0131 avtomobil il\u0259 \u00fc\u00e7 \u015fagirdi vurub.<\/p>\n\n\n\n<p>Hadis\u0259 zaman\u0131 2013-c\u00fc il t\u0259v\u0259ll\u00fcdl\u00fc Ramazan Bab\u0259k o\u011flu \u0130sayev v\u0259 2013-c\u00fc il t\u0259v\u0259ll\u00fcdl\u00fc Kamal El\u00e7in o\u011flu Permadov ald\u0131qlar\u0131 a\u011f\u0131r x\u0259sar\u0259tl\u0259rd\u0259n hadis\u0259 yerind\u0259 \u00f6l\u00fcbl\u0259r.<\/p>\n\n\n\n<p>Onlar\u0131n sinif yolda\u015flar\u0131, 2013-c\u00fc il t\u0259v\u0259ll\u00fcdl\u00fc \u0130brahim \u018fziz o\u011flu \u0130brahimzad\u0259 is\u0259 a\u011f\u0131r x\u0259sar\u0259tl\u0259r alaraq x\u0259st\u0259xanaya yerl\u0259\u015fdirilib.<\/p>\n\n\n\n<p>M\u0259lumata g\u00f6r\u0259, 11 ya\u015fl\u0131 m\u0259kt\u0259blil\u0259r eyni sinfin \u015fagirdl\u0259ridir.<\/p>\n\n\n\n<p>Hadis\u0259 onlar m\u0259kt\u0259bd\u0259n \u00e7\u0131x\u0131b ev\u0259 ged\u0259rk\u0259n ba\u015f verib.<\/p>\n\n\n\n<p>Faktla ba\u011fl\u0131 Zaqatala Rayon Polis \u0130dar\u0259sind\u0259 ara\u015fd\u0131rma ba\u015flay\u0131b.<\/p>\n","protected":false},"excerpt":{"rendered":"<p>Dig\u0259r \u015fagirdin x\u0259st\u0259xanaya yerl\u0259\u015fdirildiyi a\u00e7\u0131qlan\u0131b Zaqatalan\u0131n G\u00f6y\u0259m k\u0259ndi \u0259razisind\u0259 \u00f6l\u00fcml\u0259 &#8230; <\/p>\n<p class=\"read-more-container\"><a title=\"Zaqatalada \u00fc\u00e7 \u015fagirdi ma\u015f\u0131n vurub, ikisi \u00f6l\u00fcb\" class=\"read-more button\" href=\"https:\/\/www.meydan.tv\/az\/article\/zaqatalada-uc-sagirdi-masin-vurub-ikisi-olub\/#more-297443\" aria-label=\"Read more about Zaqatalada \u00fc\u00e7 \u015fagirdi ma\u015f\u0131n vurub, ikisi \u00f6l\u00fcb\">Davam\u0131<\/a><\/p>\n","protected":false},"author":21,"featured_media":267379,"comment_status":"closed","ping_status":"closed","sticky":false,"template":"","format":"standard","meta":{"_acf_changed":false,"_sitemap_exclude":false,"_sitemap_priority":"","_sitemap_frequency":"","footnotes":""},"categories":[62,56],"tags":[],"class_list":["post-297443","post","type-post","status-publish","format-standard","has-post-thumbnail","hentry","category-sosial","category-xeberler","infinite-scroll-item","generate-columns","tablet-grid-50","mobile-grid-100","grid-parent","grid-33","no-featured-image-padding"],"acf":[],"yoast_head":"<!-- This site is optimized with the Yoast SEO plugin v27.5 - https:\/\/yoast.com\/product\/yoast-seo-wordpress\/ -->\n<title>Zaqatalada \u00fc\u00e7 \u015fagirdi ma\u015f\u0131n vurub, ikisi \u00f6l\u00fcb - MEYDAN.TV<\/title>\n<meta name=\"robots\" content=\"index, follow, max-snippet:-1, max-image-preview:large, max-video-preview:-1\" \/>\n<link rel=\"canonical\" href=\"https:\/\/www.meydan.tv\/az\/article\/zaqatalada-uc-sagirdi-masin-vurub-ikisi-olub\/\" \/>\n<meta property=\"og:locale\" content=\"az_AZ\" \/>\n<meta property=\"og:type\" content=\"article\" \/>\n<meta property=\"og:title\" content=\"Zaqatalada \u00fc\u00e7 \u015fagirdi ma\u015f\u0131n vurub, ikisi \u00f6l\u00fcb - MEYDAN.TV\" \/>\n<meta property=\"og:description\" content=\"Dig\u0259r \u015fagirdin x\u0259st\u0259xanaya yerl\u0259\u015fdirildiyi a\u00e7\u0131qlan\u0131b Zaqatalan\u0131n G\u00f6y\u0259m k\u0259ndi \u0259razisind\u0259 \u00f6l\u00fcml\u0259 ... Davam\u0131\" \/>\n<meta property=\"og:url\" content=\"https:\/\/www.meydan.tv\/az\/article\/zaqatalada-uc-sagirdi-masin-vurub-ikisi-olub\/\" \/>\n<meta property=\"og:site_name\" content=\"MEYDAN.TV\" \/>\n<meta property=\"article:published_time\" content=\"2024-02-08T11:58:35+00:00\" \/>\n<meta property=\"article:modified_time\" content=\"2024-02-08T11:58:38+00:00\" \/>\n<meta property=\"og:image\" content=\"https:\/\/www.meydan.tv\/wp-content\/uploads\/shutterstock_2230642463.jpg\" \/>\n\t<meta property=\"og:image:width\" content=\"1200\" \/>\n\t<meta property=\"og:image:height\" content=\"675\" \/>\n\t<meta property=\"og:image:type\" content=\"image\/jpeg\" \/>\n<meta name=\"author\" content=\"mahmud\" \/>\n<meta name=\"twitter:card\" content=\"summary_large_image\" \/>\n<script type=\"application\/ld+json\" class=\"yoast-schema-graph\">{\"@context\":\"https:\\\/\\\/schema.org\",\"@graph\":[{\"@type\":\"Article\",\"@id\":\"https:\\\/\\\/www.meydan.tv\\\/az\\\/article\\\/zaqatalada-uc-sagirdi-masin-vurub-ikisi-olub\\\/#article\",\"isPartOf\":{\"@id\":\"https:\\\/\\\/www.meydan.tv\\\/az\\\/article\\\/zaqatalada-uc-sagirdi-masin-vurub-ikisi-olub\\\/\"},\"author\":{\"name\":\"mahmud\",\"@id\":\"https:\\\/\\\/www.meydan.tv\\\/az\\\/#\\\/schema\\\/person\\\/09863e516102a829e72bedcf3f84c6b0\"},\"headline\":\"Zaqatalada \u00fc\u00e7 \u015fagirdi ma\u015f\u0131n vurub, ikisi \u00f6l\u00fcb\",\"datePublished\":\"2024-02-08T11:58:35+00:00\",\"dateModified\":\"2024-02-08T11:58:38+00:00\",\"mainEntityOfPage\":{\"@id\":\"https:\\\/\\\/www.meydan.tv\\\/az\\\/article\\\/zaqatalada-uc-sagirdi-masin-vurub-ikisi-olub\\\/\"},\"wordCount\":186,\"publisher\":{\"@id\":\"https:\\\/\\\/www.meydan.tv\\\/az\\\/#organization\"},\"image\":{\"@id\":\"https:\\\/\\\/www.meydan.tv\\\/az\\\/article\\\/zaqatalada-uc-sagirdi-masin-vurub-ikisi-olub\\\/#primaryimage\"},\"thumbnailUrl\":\"https:\\\/\\\/www.meydan.tv\\\/wp-content\\\/uploads\\\/shutterstock_2230642463.jpg\",\"articleSection\":[\"Sosial\",\"X\u0259b\u0259rl\u0259r\"],\"inLanguage\":\"az\"},{\"@type\":\"WebPage\",\"@id\":\"https:\\\/\\\/www.meydan.tv\\\/az\\\/article\\\/zaqatalada-uc-sagirdi-masin-vurub-ikisi-olub\\\/\",\"url\":\"https:\\\/\\\/www.meydan.tv\\\/az\\\/article\\\/zaqatalada-uc-sagirdi-masin-vurub-ikisi-olub\\\/\",\"name\":\"Zaqatalada \u00fc\u00e7 \u015fagirdi ma\u015f\u0131n vurub, ikisi \u00f6l\u00fcb - MEYDAN.TV\",\"isPartOf\":{\"@id\":\"https:\\\/\\\/www.meydan.tv\\\/az\\\/#website\"},\"primaryImageOfPage\":{\"@id\":\"https:\\\/\\\/www.meydan.tv\\\/az\\\/article\\\/zaqatalada-uc-sagirdi-masin-vurub-ikisi-olub\\\/#primaryimage\"},\"image\":{\"@id\":\"https:\\\/\\\/www.meydan.tv\\\/az\\\/article\\\/zaqatalada-uc-sagirdi-masin-vurub-ikisi-olub\\\/#primaryimage\"},\"thumbnailUrl\":\"https:\\\/\\\/www.meydan.tv\\\/wp-content\\\/uploads\\\/shutterstock_2230642463.jpg\",\"datePublished\":\"2024-02-08T11:58:35+00:00\",\"dateModified\":\"2024-02-08T11:58:38+00:00\",\"breadcrumb\":{\"@id\":\"https:\\\/\\\/www.meydan.tv\\\/az\\\/article\\\/zaqatalada-uc-sagirdi-masin-vurub-ikisi-olub\\\/#breadcrumb\"},\"inLanguage\":\"az\",\"potentialAction\":[{\"@type\":\"ReadAction\",\"target\":[\"https:\\\/\\\/www.meydan.tv\\\/az\\\/article\\\/zaqatalada-uc-sagirdi-masin-vurub-ikisi-olub\\\/\"]}]},{\"@type\":\"ImageObject\",\"inLanguage\":\"az\",\"@id\":\"https:\\\/\\\/www.meydan.tv\\\/az\\\/article\\\/zaqatalada-uc-sagirdi-masin-vurub-ikisi-olub\\\/#primaryimage\",\"url\":\"https:\\\/\\\/www.meydan.tv\\\/wp-content\\\/uploads\\\/shutterstock_2230642463.jpg\",\"contentUrl\":\"https:\\\/\\\/www.meydan.tv\\\/wp-content\\\/uploads\\\/shutterstock_2230642463.jpg\",\"width\":1200,\"height\":675,\"caption\":\"Q\u0259tl. Foto: Gorodenkoff\\\/shutterstock\"},{\"@type\":\"BreadcrumbList\",\"@id\":\"https:\\\/\\\/www.meydan.tv\\\/az\\\/article\\\/zaqatalada-uc-sagirdi-masin-vurub-ikisi-olub\\\/#breadcrumb\",\"itemListElement\":[{\"@type\":\"ListItem\",\"position\":1,\"name\":\"Ana s\u0259hif\u0259\",\"item\":\"https:\\\/\\\/www.meydan.tv\\\/az\\\/\"},{\"@type\":\"ListItem\",\"position\":2,\"name\":\"Sosial\",\"item\":\"https:\\\/\\\/www.meydan.tv\\\/az\\\/section\\\/sosial\\\/\"},{\"@type\":\"ListItem\",\"position\":3,\"name\":\"Zaqatalada \u00fc\u00e7 \u015fagirdi ma\u015f\u0131n vurub, ikisi \u00f6l\u00fcb\"}]},{\"@type\":\"WebSite\",\"@id\":\"https:\\\/\\\/www.meydan.tv\\\/az\\\/#website\",\"url\":\"https:\\\/\\\/www.meydan.tv\\\/az\\\/\",\"name\":\"MEYDAN.TV\",\"description\":\"Meydan TV Az\u0259rbaycan\u0131n media m\u0259kan\u0131ndak\u0131 alternativ s\u0259sidir\",\"publisher\":{\"@id\":\"https:\\\/\\\/www.meydan.tv\\\/az\\\/#organization\"},\"potentialAction\":[{\"@type\":\"SearchAction\",\"target\":{\"@type\":\"EntryPoint\",\"urlTemplate\":\"https:\\\/\\\/www.meydan.tv\\\/az\\\/?s={search_term_string}\"},\"query-input\":{\"@type\":\"PropertyValueSpecification\",\"valueRequired\":true,\"valueName\":\"search_term_string\"}}],\"inLanguage\":\"az\"},{\"@type\":\"Organization\",\"@id\":\"https:\\\/\\\/www.meydan.tv\\\/az\\\/#organization\",\"name\":\"Meydan TV\",\"url\":\"https:\\\/\\\/www.meydan.tv\\\/az\\\/\",\"logo\":{\"@type\":\"ImageObject\",\"inLanguage\":\"az\",\"@id\":\"https:\\\/\\\/www.meydan.tv\\\/az\\\/#\\\/schema\\\/logo\\\/image\\\/\",\"url\":\"https:\\\/\\\/www.meydan.tv\\\/wp-content\\\/uploads\\\/2021\\\/07\\\/meydan-logo.svg\",\"contentUrl\":\"https:\\\/\\\/www.meydan.tv\\\/wp-content\\\/uploads\\\/2021\\\/07\\\/meydan-logo.svg\",\"width\":195,\"height\":46,\"caption\":\"Meydan TV\"},\"image\":{\"@id\":\"https:\\\/\\\/www.meydan.tv\\\/az\\\/#\\\/schema\\\/logo\\\/image\\\/\"}},{\"@type\":\"Person\",\"@id\":\"https:\\\/\\\/www.meydan.tv\\\/az\\\/#\\\/schema\\\/person\\\/09863e516102a829e72bedcf3f84c6b0\",\"name\":\"mahmud\"}]}<\/script>\n<!-- \/ Yoast SEO plugin. -->","yoast_head_json":{"title":"Zaqatalada \u00fc\u00e7 \u015fagirdi ma\u015f\u0131n vurub, ikisi \u00f6l\u00fcb - MEYDAN.TV","robots":{"index":"index","follow":"follow","max-snippet":"max-snippet:-1","max-image-preview":"max-image-preview:large","max-video-preview":"max-video-preview:-1"},"canonical":"https:\/\/www.meydan.tv\/az\/article\/zaqatalada-uc-sagirdi-masin-vurub-ikisi-olub\/","og_locale":"az_AZ","og_type":"article","og_title":"Zaqatalada \u00fc\u00e7 \u015fagirdi ma\u015f\u0131n vurub, ikisi \u00f6l\u00fcb - MEYDAN.TV","og_description":"Dig\u0259r \u015fagirdin x\u0259st\u0259xanaya yerl\u0259\u015fdirildiyi a\u00e7\u0131qlan\u0131b Zaqatalan\u0131n G\u00f6y\u0259m k\u0259ndi \u0259razisind\u0259 \u00f6l\u00fcml\u0259 ... Davam\u0131","og_url":"https:\/\/www.meydan.tv\/az\/article\/zaqatalada-uc-sagirdi-masin-vurub-ikisi-olub\/","og_site_name":"MEYDAN.TV","article_published_time":"2024-02-08T11:58:35+00:00","article_modified_time":"2024-02-08T11:58:38+00:00","og_image":[{"width":1200,"height":675,"url":"https:\/\/www.meydan.tv\/wp-content\/uploads\/shutterstock_2230642463.jpg","type":"image\/jpeg"}],"author":"mahmud","twitter_card":"summary_large_image","schema":{"@context":"https:\/\/schema.org","@graph":[{"@type":"Article","@id":"https:\/\/www.meydan.tv\/az\/article\/zaqatalada-uc-sagirdi-masin-vurub-ikisi-olub\/#article","isPartOf":{"@id":"https:\/\/www.meydan.tv\/az\/article\/zaqatalada-uc-sagirdi-masin-vurub-ikisi-olub\/"},"author":{"name":"mahmud","@id":"https:\/\/www.meydan.tv\/az\/#\/schema\/person\/09863e516102a829e72bedcf3f84c6b0"},"headline":"Zaqatalada \u00fc\u00e7 \u015fagirdi ma\u015f\u0131n vurub, ikisi \u00f6l\u00fcb","datePublished":"2024-02-08T11:58:35+00:00","dateModified":"2024-02-08T11:58:38+00:00","mainEntityOfPage":{"@id":"https:\/\/www.meydan.tv\/az\/article\/zaqatalada-uc-sagirdi-masin-vurub-ikisi-olub\/"},"wordCount":186,"publisher":{"@id":"https:\/\/www.meydan.tv\/az\/#organization"},"image":{"@id":"https:\/\/www.meydan.tv\/az\/article\/zaqatalada-uc-sagirdi-masin-vurub-ikisi-olub\/#primaryimage"},"thumbnailUrl":"https:\/\/www.meydan.tv\/wp-content\/uploads\/shutterstock_2230642463.jpg","articleSection":["Sosial","X\u0259b\u0259rl\u0259r"],"inLanguage":"az"},{"@type":"WebPage","@id":"https:\/\/www.meydan.tv\/az\/article\/zaqatalada-uc-sagirdi-masin-vurub-ikisi-olub\/","url":"https:\/\/www.meydan.tv\/az\/article\/zaqatalada-uc-sagirdi-masin-vurub-ikisi-olub\/","name":"Zaqatalada \u00fc\u00e7 \u015fagirdi ma\u015f\u0131n vurub, ikisi \u00f6l\u00fcb - MEYDAN.TV","isPartOf":{"@id":"https:\/\/www.meydan.tv\/az\/#website"},"primaryImageOfPage":{"@id":"https:\/\/www.meydan.tv\/az\/article\/zaqatalada-uc-sagirdi-masin-vurub-ikisi-olub\/#primaryimage"},"image":{"@id":"https:\/\/www.meydan.tv\/az\/article\/zaqatalada-uc-sagirdi-masin-vurub-ikisi-olub\/#primaryimage"},"thumbnailUrl":"https:\/\/www.meydan.tv\/wp-content\/uploads\/shutterstock_2230642463.jpg","datePublished":"2024-02-08T11:58:35+00:00","dateModified":"2024-02-08T11:58:38+00:00","breadcrumb":{"@id":"https:\/\/www.meydan.tv\/az\/article\/zaqatalada-uc-sagirdi-masin-vurub-ikisi-olub\/#breadcrumb"},"inLanguage":"az","potentialAction":[{"@type":"ReadAction","target":["https:\/\/www.meydan.tv\/az\/article\/zaqatalada-uc-sagirdi-masin-vurub-ikisi-olub\/"]}]},{"@type":"ImageObject","inLanguage":"az","@id":"https:\/\/www.meydan.tv\/az\/article\/zaqatalada-uc-sagirdi-masin-vurub-ikisi-olub\/#primaryimage","url":"https:\/\/www.meydan.tv\/wp-content\/uploads\/shutterstock_2230642463.jpg","contentUrl":"https:\/\/www.meydan.tv\/wp-content\/uploads\/shutterstock_2230642463.jpg","width":1200,"height":675,"caption":"Q\u0259tl. Foto: Gorodenkoff\/shutterstock"},{"@type":"BreadcrumbList","@id":"https:\/\/www.meydan.tv\/az\/article\/zaqatalada-uc-sagirdi-masin-vurub-ikisi-olub\/#breadcrumb","itemListElement":[{"@type":"ListItem","position":1,"name":"Ana s\u0259hif\u0259","item":"https:\/\/www.meydan.tv\/az\/"},{"@type":"ListItem","position":2,"name":"Sosial","item":"https:\/\/www.meydan.tv\/az\/section\/sosial\/"},{"@type":"ListItem","position":3,"name":"Zaqatalada \u00fc\u00e7 \u015fagirdi ma\u015f\u0131n vurub, ikisi \u00f6l\u00fcb"}]},{"@type":"WebSite","@id":"https:\/\/www.meydan.tv\/az\/#website","url":"https:\/\/www.meydan.tv\/az\/","name":"MEYDAN.TV","description":"Meydan TV Az\u0259rbaycan\u0131n media m\u0259kan\u0131ndak\u0131 alternativ s\u0259sidir","publisher":{"@id":"https:\/\/www.meydan.tv\/az\/#organization"},"potentialAction":[{"@type":"SearchAction","target":{"@type":"EntryPoint","urlTemplate":"https:\/\/www.meydan.tv\/az\/?s={search_term_string}"},"query-input":{"@type":"PropertyValueSpecification","valueRequired":true,"valueName":"search_term_string"}}],"inLanguage":"az"},{"@type":"Organization","@id":"https:\/\/www.meydan.tv\/az\/#organization","name":"Meydan TV","url":"https:\/\/www.meydan.tv\/az\/","logo":{"@type":"ImageObject","inLanguage":"az","@id":"https:\/\/www.meydan.tv\/az\/#\/schema\/logo\/image\/","url":"https:\/\/www.meydan.tv\/wp-content\/uploads\/2021\/07\/meydan-logo.svg","contentUrl":"https:\/\/www.meydan.tv\/wp-content\/uploads\/2021\/07\/meydan-logo.svg","width":195,"height":46,"caption":"Meydan TV"},"image":{"@id":"https:\/\/www.meydan.tv\/az\/#\/schema\/logo\/image\/"}},{"@type":"Person","@id":"https:\/\/www.meydan.tv\/az\/#\/schema\/person\/09863e516102a829e72bedcf3f84c6b0","name":"mahmud"}]}},"_links":{"self":[{"href":"https:\/\/www.meydan.tv\/az\/wp-json\/wp\/v2\/posts\/297443","targetHints":{"allow":["GET"]}}],"collection":[{"href":"https:\/\/www.meydan.tv\/az\/wp-json\/wp\/v2\/posts"}],"about":[{"href":"https:\/\/www.meydan.tv\/az\/wp-json\/wp\/v2\/types\/post"}],"author":[{"embeddable":true,"href":"https:\/\/www.meydan.tv\/az\/wp-json\/wp\/v2\/users\/21"}],"replies":[{"embeddable":true,"href":"https:\/\/www.meydan.tv\/az\/wp-json\/wp\/v2\/comments?post=297443"}],"version-history":[{"count":1,"href":"https:\/\/www.meydan.tv\/az\/wp-json\/wp\/v2\/posts\/297443\/revisions"}],"predecessor-version":[{"id":297444,"href":"https:\/\/www.meydan.tv\/az\/wp-json\/wp\/v2\/posts\/297443\/revisions\/297444"}],"wp:featuredmedia":[{"embeddable":true,"href":"https:\/\/www.meydan.tv\/az\/wp-json\/wp\/v2\/media\/267379"}],"wp:attachment":[{"href":"https:\/\/www.meydan.tv\/az\/wp-json\/wp\/v2\/media?parent=297443"}],"wp:term":[{"taxonomy":"category","embeddable":true,"href":"https:\/\/www.meydan.tv\/az\/wp-json\/wp\/v2\/categories?post=297443"},{"taxonomy":"post_tag","embeddable":true,"href":"https:\/\/www.meydan.tv\/az\/wp-json\/wp\/v2\/tags?post=297443"}],"curies":[{"name":"wp","href":"https:\/\/api.w.org\/{rel}","templated":true}]}}