{"id":297301,"date":"2024-02-07T17:56:45","date_gmt":"2024-02-07T13:56:45","guid":{"rendered":"https:\/\/www.meydan.tv\/?p=297301"},"modified":"2024-02-07T17:56:49","modified_gmt":"2024-02-07T13:56:49","slug":"azerbaycanda-secki-musteqil-musahidecilerin-fealiyyeti-mehdudlasdirilir","status":"publish","type":"post","link":"https:\/\/www.meydan.tv\/az\/article\/azerbaycanda-secki-musteqil-musahidecilerin-fealiyyeti-mehdudlasdirilir\/","title":{"rendered":"Az\u0259rbaycanda se\u00e7ki: &#8220;M\u00fcst\u0259qil m\u00fc\u015fahid\u0259\u00e7il\u0259rin f\u0259aliyy\u0259ti m\u0259hdudla\u015fd\u0131r\u0131l\u0131r&#8221;"},"content":{"rendered":"\n<p><\/p>\n\n\n\n<p><strong><em>&#8220;B\u00fct\u00fcn se\u00e7ki m\u0259nt\u0259q\u0259l\u0259rind\u0259 m\u00fcst\u0259qil m\u00fc\u015fahid\u0259\u00e7il\u0259r\u0259 mane\u0259l\u0259r yarad\u0131l\u0131b&#8221;<\/em><\/strong><\/p>\n\n\n\n<p>N\u00f6vb\u0259d\u0259nk\u0259nar Prezident se\u00e7kil\u0259rini izl\u0259y\u0259n m\u00fcst\u0259qil m\u00fc\u015fahid\u0259\u00e7il\u0259rin s\u0259rb\u0259st \u015f\u0259kild\u0259 m\u00fc\u015fahid\u0259 aparmalar\u0131na mane\u0259l\u0259r yarad\u0131ld\u0131\u011f\u0131 bildirilir.<\/p>\n\n\n\n<p>Se\u00e7ki \u00fczr\u0259 m\u00fct\u0259x\u0259ssis M\u0259mm\u0259d M\u0259mm\u0259dzad\u0259 Meydan TV-y\u0259 deyir ki, m\u0259nt\u0259q\u0259l\u0259rin a\u00e7\u0131l\u0131\u015f v\u0259 s\u0259sverm\u0259 prosesind\u0259 m\u00fc\u015fahid\u0259\u00e7il\u0259r\u0259 t\u0259zyiql\u0259r olub:<\/p>\n\n\n\n<p>\u201c<em>Se\u00e7ki M\u0259c\u0259ll\u0259sin\u0259 zidd olaraq, m\u00fc\u015fahid\u0259\u00e7il\u0259r\u0259 m\u00fc\u015fahid\u0259 aparma\u011fa imkan vermirl\u0259r. Bel\u0259 ki, se\u00e7ki m\u0259nt\u0259q\u0259l\u0259rind\u0259 m\u00fc\u015fahid\u0259\u00e7il\u0259r \u00fc\u00e7\u00fcn m\u00fc\u0259yy\u0259n yer ay\u0131r\u0131blar. Se\u00e7ki m\u0259nt\u0259q\u0259 komissiyalar\u0131n\u0131n s\u0259drl\u0259ri deyirl\u0259r ki, bu, M\u0259rk\u0259zi Se\u00e7ki Komissiyas\u0131n\u0131n t\u0259limat\u0131d\u0131r. Bel\u0259 olan halda da, m\u00fc\u015fahid\u0259\u00e7il\u0259r bir yerd\u0259 oturur, rahat \u015f\u0259kild\u0259 se\u00e7ki qutusunu v\u0259 se\u00e7icil\u0259ri g\u00f6rm\u00fcr, se\u00e7ki prosesind\u0259 tam m\u00fc\u015fahid\u0259 apara bilmirl\u0259r. Bu, qanunvericiliy\u0259 ziddir. M\u00fc\u015fahid\u0259\u00e7iy\u0259 s\u0259rb\u0259st \u015f\u0259rait yarad\u0131lmal\u0131d\u0131r\u201d.<\/em><\/p>\n\n\n\n<p>M\u0259mm\u0259dzad\u0259nin s\u00f6zl\u0259rin\u0259 g\u00f6r\u0259, dem\u0259k olar ki, b\u00fct\u00fcn se\u00e7ki m\u0259nt\u0259q\u0259l\u0259rind\u0259 m\u00fc\u015fahid\u0259\u00e7il\u0259rin h\u0259r\u0259k\u0259tin\u0259 mane\u0259l\u0259r yarad\u0131l\u0131b:<\/p>\n\n\n<div class=\"wp-block-image\">\n<figure class=\"aligncenter size-full\"><img decoding=\"async\" width=\"1200\" height=\"800\" data-src=\"https:\/\/www.meydan.tv\/wp-content\/uploads\/252022637_3164883510397517_1214811699201458382_n.jpg\" alt=\"\" class=\"wp-image-295422 lazyload\" src=\"data:image\/svg+xml;base64,PHN2ZyB3aWR0aD0iMSIgaGVpZ2h0PSIxIiB4bWxucz0iaHR0cDovL3d3dy53My5vcmcvMjAwMC9zdmciPjwvc3ZnPg==\" style=\"--smush-placeholder-width: 1200px; --smush-placeholder-aspect-ratio: 1200\/800;\" \/><figcaption class=\"wp-element-caption\">Foto: M\u0259mm\u0259d M\u0259mm\u0259dzad\u0259nin \u015f\u0259xsi arxivind\u0259n<\/figcaption><\/figure>\n<\/div>\n\n\n<p>\u201c<em>Se\u00e7ki M\u0259c\u0259ll\u0259sind\u0259 m\u00fc\u015fahid\u0259\u00e7il\u0259rl\u0259 ba\u011fl\u0131 foto v\u0259 video \u00e7\u0259kili\u015f qada\u011fas\u0131 yoxdur. H\u0259r hans\u0131 bir foto v\u0259 v\u0259 ya video \u00e7\u0259kili\u015f aparmaq ist\u0259y\u0259n m\u00fc\u015fahid\u0259\u00e7il\u0259ri hans\u0131sa formada m\u0259nt\u0259q\u0259d\u0259n \u00e7\u0131xar\u0131rlar. T\u0259zyiq g\u00f6st\u0259rirl\u0259r, polis \u00e7a\u011f\u0131r\u0131rlar. Bu formada t\u0259zyiql\u0259r, dem\u0259k olar ki, b\u00fct\u00fcn m\u0259nt\u0259q\u0259l\u0259rd\u0259 rast g\u0259linir. M\u00fcst\u0259qil m\u00fc\u015fahid\u0259\u00e7il\u0259rin s\u0259rb\u0259st \u015f\u0259kild\u0259 m\u00fc\u015fahid\u0259 aparmalar\u0131 m\u0259hdudla\u015fd\u0131r\u0131l\u0131b\u201d.<\/em><\/p>\n\n\n\n<p>\u201cTuran\u201d yaz\u0131r ki, m\u00fc\u015fahid\u0259\u00e7i Cavid N\u0259biyevi 23 sayl\u0131 N\u0259simi-S\u0259bail Se\u00e7ki Dair\u0259sinin 13-c\u00fc m\u0259nt\u0259q\u0259sind\u0259n \u00e7\u0131xar\u0131blar.<\/p>\n\n\n\n<p>M\u00fc\u015fahid\u0259\u00e7inin s\u00f6zl\u0259rin\u0259 g\u00f6r\u0259, o, sad\u0259c\u0259, se\u00e7ki prosesini m\u00fc\u015fahid\u0259 edib v\u0259 he\u00e7 bir pozuntu t\u00f6r\u0259tm\u0259yib. Lakin m\u0259nt\u0259q\u0259 se\u00e7ki komissiyas\u0131nda ona qar\u015f\u0131 protokol t\u0259rtib edilib v\u0259 o, m\u0259nt\u0259q\u0259d\u0259n \u00e7\u0131xar\u0131l\u0131b.<\/p>\n\n\n\n<p>Analoji hadis\u0259nin eyni dair\u0259nin 1-ci m\u0259nt\u0259q\u0259sind\u0259 d\u0259 qeyd\u0259 al\u0131nd\u0131\u011f\u0131 bildirilir.<\/p>\n\n\n\n<p>Orada m\u00fc\u015fahid\u0259\u00e7ini polisin vasit\u0259sil\u0259 m\u0259nt\u0259q\u0259d\u0259n \u00e7\u0131xar\u0131blar.<\/p>\n\n\n\n<p>23 sayl\u0131 Dair\u0259 Se\u00e7ki Komissiyas\u0131ndan \u201cTuran\u201da bildiribl\u0259r ki, m\u00fc\u015fahid\u0259\u00e7il\u0259r se\u00e7ki prosesin\u0259 mane\u0259l\u0259r yaratd\u0131qlar\u0131na g\u00f6r\u0259 \u00e7\u0131xar\u0131l\u0131blar.<\/p>\n\n\n\n<p>H\u0259m\u00e7inin bildirilir ki, 23 sayl\u0131 Dair\u0259 Se\u00e7ki Komissiyas\u0131n\u0131n 2-ci m\u0259nt\u0259q\u0259sind\u0259 b\u0259zi se\u00e7icil\u0259r\u0259 \u0259vv\u0259lc\u0259d\u0259n k\u00fcncl\u0259ri k\u0259silmi\u015f b\u00fclletenl\u0259r verilib.<\/p>\n\n\n\n<p>Dair\u0259 komissiyas\u0131nda bu m\u0259lumat\u0131 da t\u0259kzib edibl\u0259r.<\/p>\n","protected":false},"excerpt":{"rendered":"<p>&#8220;B\u00fct\u00fcn se\u00e7ki m\u0259nt\u0259q\u0259l\u0259rind\u0259 m\u00fcst\u0259qil m\u00fc\u015fahid\u0259\u00e7il\u0259r\u0259 mane\u0259l\u0259r yarad\u0131l\u0131b&#8221; N\u00f6vb\u0259d\u0259nk\u0259nar Prezident se\u00e7kil\u0259rini &#8230; <\/p>\n<p class=\"read-more-container\"><a title=\"Az\u0259rbaycanda se\u00e7ki: &#8220;M\u00fcst\u0259qil m\u00fc\u015fahid\u0259\u00e7il\u0259rin f\u0259aliyy\u0259ti m\u0259hdudla\u015fd\u0131r\u0131l\u0131r&#8221;\" class=\"read-more button\" href=\"https:\/\/www.meydan.tv\/az\/article\/azerbaycanda-secki-musteqil-musahidecilerin-fealiyyeti-mehdudlasdirilir\/#more-297301\" aria-label=\"Read more about Az\u0259rbaycanda se\u00e7ki: &#8220;M\u00fcst\u0259qil m\u00fc\u015fahid\u0259\u00e7il\u0259rin f\u0259aliyy\u0259ti m\u0259hdudla\u015fd\u0131r\u0131l\u0131r&#8221;\">Davam\u0131<\/a><\/p>\n","protected":false},"author":8,"featured_media":297216,"comment_status":"closed","ping_status":"closed","sticky":false,"template":"","format":"standard","meta":{"_acf_changed":false,"_sitemap_exclude":false,"_sitemap_priority":"","_sitemap_frequency":"","footnotes":""},"categories":[129,59,56],"tags":[],"class_list":["post-297301","post","type-post","status-publish","format-standard","has-post-thumbnail","hentry","category-sechki-2024","category-siyaset","category-xeberler","infinite-scroll-item","generate-columns","tablet-grid-50","mobile-grid-100","grid-parent","grid-33","no-featured-image-padding"],"acf":[],"yoast_head":"<!-- This site is optimized with the Yoast SEO plugin v27.4 - https:\/\/yoast.com\/product\/yoast-seo-wordpress\/ -->\n<title>Az\u0259rbaycanda se\u00e7ki: &quot;M\u00fcst\u0259qil m\u00fc\u015fahid\u0259\u00e7il\u0259rin f\u0259aliyy\u0259ti m\u0259hdudla\u015fd\u0131r\u0131l\u0131r&quot; - MEYDAN.TV<\/title>\n<meta name=\"robots\" content=\"index, follow, max-snippet:-1, max-image-preview:large, max-video-preview:-1\" \/>\n<link rel=\"canonical\" href=\"https:\/\/www.meydan.tv\/az\/article\/azerbaycanda-secki-musteqil-musahidecilerin-fealiyyeti-mehdudlasdirilir\/\" \/>\n<meta property=\"og:locale\" content=\"az_AZ\" \/>\n<meta property=\"og:type\" content=\"article\" \/>\n<meta property=\"og:title\" content=\"Az\u0259rbaycanda se\u00e7ki: &quot;M\u00fcst\u0259qil m\u00fc\u015fahid\u0259\u00e7il\u0259rin f\u0259aliyy\u0259ti m\u0259hdudla\u015fd\u0131r\u0131l\u0131r&quot; - MEYDAN.TV\" \/>\n<meta property=\"og:description\" content=\"&#8220;B\u00fct\u00fcn se\u00e7ki m\u0259nt\u0259q\u0259l\u0259rind\u0259 m\u00fcst\u0259qil m\u00fc\u015fahid\u0259\u00e7il\u0259r\u0259 mane\u0259l\u0259r yarad\u0131l\u0131b&#8221; N\u00f6vb\u0259d\u0259nk\u0259nar Prezident se\u00e7kil\u0259rini ... Davam\u0131\" \/>\n<meta property=\"og:url\" content=\"https:\/\/www.meydan.tv\/az\/article\/azerbaycanda-secki-musteqil-musahidecilerin-fealiyyeti-mehdudlasdirilir\/\" \/>\n<meta property=\"og:site_name\" content=\"MEYDAN.TV\" \/>\n<meta property=\"article:published_time\" content=\"2024-02-07T13:56:45+00:00\" \/>\n<meta property=\"article:modified_time\" content=\"2024-02-07T13:56:49+00:00\" \/>\n<meta property=\"og:image\" content=\"https:\/\/www.meydan.tv\/wp-content\/uploads\/2024-01-16t052242z_1188792783_mt1anadl0003yqu02_rtrmadp_3_anadolu_720.jpg\" \/>\n\t<meta property=\"og:image:width\" content=\"1200\" \/>\n\t<meta property=\"og:image:height\" content=\"800\" \/>\n\t<meta property=\"og:image:type\" content=\"image\/jpeg\" \/>\n<meta name=\"author\" content=\"elli\" \/>\n<meta name=\"twitter:card\" content=\"summary_large_image\" \/>\n<meta name=\"twitter:creator\" content=\"@elli\" \/>\n<script type=\"application\/ld+json\" class=\"yoast-schema-graph\">{\"@context\":\"https:\\\/\\\/schema.org\",\"@graph\":[{\"@type\":\"Article\",\"@id\":\"https:\\\/\\\/www.meydan.tv\\\/az\\\/article\\\/azerbaycanda-secki-musteqil-musahidecilerin-fealiyyeti-mehdudlasdirilir\\\/#article\",\"isPartOf\":{\"@id\":\"https:\\\/\\\/www.meydan.tv\\\/az\\\/article\\\/azerbaycanda-secki-musteqil-musahidecilerin-fealiyyeti-mehdudlasdirilir\\\/\"},\"author\":{\"name\":\"elli\",\"@id\":\"https:\\\/\\\/www.meydan.tv\\\/az\\\/#\\\/schema\\\/person\\\/9cdbecf90d17180ce1dfbd95b08dcf47\"},\"headline\":\"Az\u0259rbaycanda se\u00e7ki: &#8220;M\u00fcst\u0259qil m\u00fc\u015fahid\u0259\u00e7il\u0259rin f\u0259aliyy\u0259ti m\u0259hdudla\u015fd\u0131r\u0131l\u0131r&#8221;\",\"datePublished\":\"2024-02-07T13:56:45+00:00\",\"dateModified\":\"2024-02-07T13:56:49+00:00\",\"mainEntityOfPage\":{\"@id\":\"https:\\\/\\\/www.meydan.tv\\\/az\\\/article\\\/azerbaycanda-secki-musteqil-musahidecilerin-fealiyyeti-mehdudlasdirilir\\\/\"},\"wordCount\":550,\"publisher\":{\"@id\":\"https:\\\/\\\/www.meydan.tv\\\/az\\\/#organization\"},\"image\":{\"@id\":\"https:\\\/\\\/www.meydan.tv\\\/az\\\/article\\\/azerbaycanda-secki-musteqil-musahidecilerin-fealiyyeti-mehdudlasdirilir\\\/#primaryimage\"},\"thumbnailUrl\":\"https:\\\/\\\/www.meydan.tv\\\/wp-content\\\/uploads\\\/2024-01-16t052242z_1188792783_mt1anadl0003yqu02_rtrmadp_3_anadolu_720.jpg\",\"articleSection\":[\"Se\u00e7ki 2024\",\"Siyas\u0259t\",\"X\u0259b\u0259rl\u0259r\"],\"inLanguage\":\"az\"},{\"@type\":\"WebPage\",\"@id\":\"https:\\\/\\\/www.meydan.tv\\\/az\\\/article\\\/azerbaycanda-secki-musteqil-musahidecilerin-fealiyyeti-mehdudlasdirilir\\\/\",\"url\":\"https:\\\/\\\/www.meydan.tv\\\/az\\\/article\\\/azerbaycanda-secki-musteqil-musahidecilerin-fealiyyeti-mehdudlasdirilir\\\/\",\"name\":\"Az\u0259rbaycanda se\u00e7ki: \\\"M\u00fcst\u0259qil m\u00fc\u015fahid\u0259\u00e7il\u0259rin f\u0259aliyy\u0259ti m\u0259hdudla\u015fd\u0131r\u0131l\u0131r\\\" - MEYDAN.TV\",\"isPartOf\":{\"@id\":\"https:\\\/\\\/www.meydan.tv\\\/az\\\/#website\"},\"primaryImageOfPage\":{\"@id\":\"https:\\\/\\\/www.meydan.tv\\\/az\\\/article\\\/azerbaycanda-secki-musteqil-musahidecilerin-fealiyyeti-mehdudlasdirilir\\\/#primaryimage\"},\"image\":{\"@id\":\"https:\\\/\\\/www.meydan.tv\\\/az\\\/article\\\/azerbaycanda-secki-musteqil-musahidecilerin-fealiyyeti-mehdudlasdirilir\\\/#primaryimage\"},\"thumbnailUrl\":\"https:\\\/\\\/www.meydan.tv\\\/wp-content\\\/uploads\\\/2024-01-16t052242z_1188792783_mt1anadl0003yqu02_rtrmadp_3_anadolu_720.jpg\",\"datePublished\":\"2024-02-07T13:56:45+00:00\",\"dateModified\":\"2024-02-07T13:56:49+00:00\",\"breadcrumb\":{\"@id\":\"https:\\\/\\\/www.meydan.tv\\\/az\\\/article\\\/azerbaycanda-secki-musteqil-musahidecilerin-fealiyyeti-mehdudlasdirilir\\\/#breadcrumb\"},\"inLanguage\":\"az\",\"potentialAction\":[{\"@type\":\"ReadAction\",\"target\":[\"https:\\\/\\\/www.meydan.tv\\\/az\\\/article\\\/azerbaycanda-secki-musteqil-musahidecilerin-fealiyyeti-mehdudlasdirilir\\\/\"]}]},{\"@type\":\"ImageObject\",\"inLanguage\":\"az\",\"@id\":\"https:\\\/\\\/www.meydan.tv\\\/az\\\/article\\\/azerbaycanda-secki-musteqil-musahidecilerin-fealiyyeti-mehdudlasdirilir\\\/#primaryimage\",\"url\":\"https:\\\/\\\/www.meydan.tv\\\/wp-content\\\/uploads\\\/2024-01-16t052242z_1188792783_mt1anadl0003yqu02_rtrmadp_3_anadolu_720.jpg\",\"contentUrl\":\"https:\\\/\\\/www.meydan.tv\\\/wp-content\\\/uploads\\\/2024-01-16t052242z_1188792783_mt1anadl0003yqu02_rtrmadp_3_anadolu_720.jpg\",\"width\":1200,\"height\":800,\"caption\":\"Se\u00e7ki. Foto: Anadolu-Reuters\"},{\"@type\":\"BreadcrumbList\",\"@id\":\"https:\\\/\\\/www.meydan.tv\\\/az\\\/article\\\/azerbaycanda-secki-musteqil-musahidecilerin-fealiyyeti-mehdudlasdirilir\\\/#breadcrumb\",\"itemListElement\":[{\"@type\":\"ListItem\",\"position\":1,\"name\":\"Ana s\u0259hif\u0259\",\"item\":\"https:\\\/\\\/www.meydan.tv\\\/az\\\/\"},{\"@type\":\"ListItem\",\"position\":2,\"name\":\"Siyas\u0259t\",\"item\":\"https:\\\/\\\/www.meydan.tv\\\/az\\\/section\\\/siyaset\\\/\"},{\"@type\":\"ListItem\",\"position\":3,\"name\":\"Az\u0259rbaycanda se\u00e7ki: &#8220;M\u00fcst\u0259qil m\u00fc\u015fahid\u0259\u00e7il\u0259rin f\u0259aliyy\u0259ti m\u0259hdudla\u015fd\u0131r\u0131l\u0131r&#8221;\"}]},{\"@type\":\"WebSite\",\"@id\":\"https:\\\/\\\/www.meydan.tv\\\/az\\\/#website\",\"url\":\"https:\\\/\\\/www.meydan.tv\\\/az\\\/\",\"name\":\"MEYDAN.TV\",\"description\":\"Meydan TV Az\u0259rbaycan\u0131n media m\u0259kan\u0131ndak\u0131 alternativ s\u0259sidir\",\"publisher\":{\"@id\":\"https:\\\/\\\/www.meydan.tv\\\/az\\\/#organization\"},\"potentialAction\":[{\"@type\":\"SearchAction\",\"target\":{\"@type\":\"EntryPoint\",\"urlTemplate\":\"https:\\\/\\\/www.meydan.tv\\\/az\\\/?s={search_term_string}\"},\"query-input\":{\"@type\":\"PropertyValueSpecification\",\"valueRequired\":true,\"valueName\":\"search_term_string\"}}],\"inLanguage\":\"az\"},{\"@type\":\"Organization\",\"@id\":\"https:\\\/\\\/www.meydan.tv\\\/az\\\/#organization\",\"name\":\"Meydan TV\",\"url\":\"https:\\\/\\\/www.meydan.tv\\\/az\\\/\",\"logo\":{\"@type\":\"ImageObject\",\"inLanguage\":\"az\",\"@id\":\"https:\\\/\\\/www.meydan.tv\\\/az\\\/#\\\/schema\\\/logo\\\/image\\\/\",\"url\":\"https:\\\/\\\/www.meydan.tv\\\/wp-content\\\/uploads\\\/2021\\\/07\\\/meydan-logo.svg\",\"contentUrl\":\"https:\\\/\\\/www.meydan.tv\\\/wp-content\\\/uploads\\\/2021\\\/07\\\/meydan-logo.svg\",\"width\":195,\"height\":46,\"caption\":\"Meydan TV\"},\"image\":{\"@id\":\"https:\\\/\\\/www.meydan.tv\\\/az\\\/#\\\/schema\\\/logo\\\/image\\\/\"}},{\"@type\":\"Person\",\"@id\":\"https:\\\/\\\/www.meydan.tv\\\/az\\\/#\\\/schema\\\/person\\\/9cdbecf90d17180ce1dfbd95b08dcf47\",\"name\":\"elli\",\"sameAs\":[\"https:\\\/\\\/x.com\\\/elli\"]}]}<\/script>\n<!-- \/ Yoast SEO plugin. -->","yoast_head_json":{"title":"Az\u0259rbaycanda se\u00e7ki: \"M\u00fcst\u0259qil m\u00fc\u015fahid\u0259\u00e7il\u0259rin f\u0259aliyy\u0259ti m\u0259hdudla\u015fd\u0131r\u0131l\u0131r\" - MEYDAN.TV","robots":{"index":"index","follow":"follow","max-snippet":"max-snippet:-1","max-image-preview":"max-image-preview:large","max-video-preview":"max-video-preview:-1"},"canonical":"https:\/\/www.meydan.tv\/az\/article\/azerbaycanda-secki-musteqil-musahidecilerin-fealiyyeti-mehdudlasdirilir\/","og_locale":"az_AZ","og_type":"article","og_title":"Az\u0259rbaycanda se\u00e7ki: \"M\u00fcst\u0259qil m\u00fc\u015fahid\u0259\u00e7il\u0259rin f\u0259aliyy\u0259ti m\u0259hdudla\u015fd\u0131r\u0131l\u0131r\" - MEYDAN.TV","og_description":"&#8220;B\u00fct\u00fcn se\u00e7ki m\u0259nt\u0259q\u0259l\u0259rind\u0259 m\u00fcst\u0259qil m\u00fc\u015fahid\u0259\u00e7il\u0259r\u0259 mane\u0259l\u0259r yarad\u0131l\u0131b&#8221; N\u00f6vb\u0259d\u0259nk\u0259nar Prezident se\u00e7kil\u0259rini ... Davam\u0131","og_url":"https:\/\/www.meydan.tv\/az\/article\/azerbaycanda-secki-musteqil-musahidecilerin-fealiyyeti-mehdudlasdirilir\/","og_site_name":"MEYDAN.TV","article_published_time":"2024-02-07T13:56:45+00:00","article_modified_time":"2024-02-07T13:56:49+00:00","og_image":[{"width":1200,"height":800,"url":"https:\/\/www.meydan.tv\/wp-content\/uploads\/2024-01-16t052242z_1188792783_mt1anadl0003yqu02_rtrmadp_3_anadolu_720.jpg","type":"image\/jpeg"}],"author":"elli","twitter_card":"summary_large_image","twitter_creator":"@elli","schema":{"@context":"https:\/\/schema.org","@graph":[{"@type":"Article","@id":"https:\/\/www.meydan.tv\/az\/article\/azerbaycanda-secki-musteqil-musahidecilerin-fealiyyeti-mehdudlasdirilir\/#article","isPartOf":{"@id":"https:\/\/www.meydan.tv\/az\/article\/azerbaycanda-secki-musteqil-musahidecilerin-fealiyyeti-mehdudlasdirilir\/"},"author":{"name":"elli","@id":"https:\/\/www.meydan.tv\/az\/#\/schema\/person\/9cdbecf90d17180ce1dfbd95b08dcf47"},"headline":"Az\u0259rbaycanda se\u00e7ki: &#8220;M\u00fcst\u0259qil m\u00fc\u015fahid\u0259\u00e7il\u0259rin f\u0259aliyy\u0259ti m\u0259hdudla\u015fd\u0131r\u0131l\u0131r&#8221;","datePublished":"2024-02-07T13:56:45+00:00","dateModified":"2024-02-07T13:56:49+00:00","mainEntityOfPage":{"@id":"https:\/\/www.meydan.tv\/az\/article\/azerbaycanda-secki-musteqil-musahidecilerin-fealiyyeti-mehdudlasdirilir\/"},"wordCount":550,"publisher":{"@id":"https:\/\/www.meydan.tv\/az\/#organization"},"image":{"@id":"https:\/\/www.meydan.tv\/az\/article\/azerbaycanda-secki-musteqil-musahidecilerin-fealiyyeti-mehdudlasdirilir\/#primaryimage"},"thumbnailUrl":"https:\/\/www.meydan.tv\/wp-content\/uploads\/2024-01-16t052242z_1188792783_mt1anadl0003yqu02_rtrmadp_3_anadolu_720.jpg","articleSection":["Se\u00e7ki 2024","Siyas\u0259t","X\u0259b\u0259rl\u0259r"],"inLanguage":"az"},{"@type":"WebPage","@id":"https:\/\/www.meydan.tv\/az\/article\/azerbaycanda-secki-musteqil-musahidecilerin-fealiyyeti-mehdudlasdirilir\/","url":"https:\/\/www.meydan.tv\/az\/article\/azerbaycanda-secki-musteqil-musahidecilerin-fealiyyeti-mehdudlasdirilir\/","name":"Az\u0259rbaycanda se\u00e7ki: \"M\u00fcst\u0259qil m\u00fc\u015fahid\u0259\u00e7il\u0259rin f\u0259aliyy\u0259ti m\u0259hdudla\u015fd\u0131r\u0131l\u0131r\" - MEYDAN.TV","isPartOf":{"@id":"https:\/\/www.meydan.tv\/az\/#website"},"primaryImageOfPage":{"@id":"https:\/\/www.meydan.tv\/az\/article\/azerbaycanda-secki-musteqil-musahidecilerin-fealiyyeti-mehdudlasdirilir\/#primaryimage"},"image":{"@id":"https:\/\/www.meydan.tv\/az\/article\/azerbaycanda-secki-musteqil-musahidecilerin-fealiyyeti-mehdudlasdirilir\/#primaryimage"},"thumbnailUrl":"https:\/\/www.meydan.tv\/wp-content\/uploads\/2024-01-16t052242z_1188792783_mt1anadl0003yqu02_rtrmadp_3_anadolu_720.jpg","datePublished":"2024-02-07T13:56:45+00:00","dateModified":"2024-02-07T13:56:49+00:00","breadcrumb":{"@id":"https:\/\/www.meydan.tv\/az\/article\/azerbaycanda-secki-musteqil-musahidecilerin-fealiyyeti-mehdudlasdirilir\/#breadcrumb"},"inLanguage":"az","potentialAction":[{"@type":"ReadAction","target":["https:\/\/www.meydan.tv\/az\/article\/azerbaycanda-secki-musteqil-musahidecilerin-fealiyyeti-mehdudlasdirilir\/"]}]},{"@type":"ImageObject","inLanguage":"az","@id":"https:\/\/www.meydan.tv\/az\/article\/azerbaycanda-secki-musteqil-musahidecilerin-fealiyyeti-mehdudlasdirilir\/#primaryimage","url":"https:\/\/www.meydan.tv\/wp-content\/uploads\/2024-01-16t052242z_1188792783_mt1anadl0003yqu02_rtrmadp_3_anadolu_720.jpg","contentUrl":"https:\/\/www.meydan.tv\/wp-content\/uploads\/2024-01-16t052242z_1188792783_mt1anadl0003yqu02_rtrmadp_3_anadolu_720.jpg","width":1200,"height":800,"caption":"Se\u00e7ki. Foto: Anadolu-Reuters"},{"@type":"BreadcrumbList","@id":"https:\/\/www.meydan.tv\/az\/article\/azerbaycanda-secki-musteqil-musahidecilerin-fealiyyeti-mehdudlasdirilir\/#breadcrumb","itemListElement":[{"@type":"ListItem","position":1,"name":"Ana s\u0259hif\u0259","item":"https:\/\/www.meydan.tv\/az\/"},{"@type":"ListItem","position":2,"name":"Siyas\u0259t","item":"https:\/\/www.meydan.tv\/az\/section\/siyaset\/"},{"@type":"ListItem","position":3,"name":"Az\u0259rbaycanda se\u00e7ki: &#8220;M\u00fcst\u0259qil m\u00fc\u015fahid\u0259\u00e7il\u0259rin f\u0259aliyy\u0259ti m\u0259hdudla\u015fd\u0131r\u0131l\u0131r&#8221;"}]},{"@type":"WebSite","@id":"https:\/\/www.meydan.tv\/az\/#website","url":"https:\/\/www.meydan.tv\/az\/","name":"MEYDAN.TV","description":"Meydan TV Az\u0259rbaycan\u0131n media m\u0259kan\u0131ndak\u0131 alternativ s\u0259sidir","publisher":{"@id":"https:\/\/www.meydan.tv\/az\/#organization"},"potentialAction":[{"@type":"SearchAction","target":{"@type":"EntryPoint","urlTemplate":"https:\/\/www.meydan.tv\/az\/?s={search_term_string}"},"query-input":{"@type":"PropertyValueSpecification","valueRequired":true,"valueName":"search_term_string"}}],"inLanguage":"az"},{"@type":"Organization","@id":"https:\/\/www.meydan.tv\/az\/#organization","name":"Meydan TV","url":"https:\/\/www.meydan.tv\/az\/","logo":{"@type":"ImageObject","inLanguage":"az","@id":"https:\/\/www.meydan.tv\/az\/#\/schema\/logo\/image\/","url":"https:\/\/www.meydan.tv\/wp-content\/uploads\/2021\/07\/meydan-logo.svg","contentUrl":"https:\/\/www.meydan.tv\/wp-content\/uploads\/2021\/07\/meydan-logo.svg","width":195,"height":46,"caption":"Meydan TV"},"image":{"@id":"https:\/\/www.meydan.tv\/az\/#\/schema\/logo\/image\/"}},{"@type":"Person","@id":"https:\/\/www.meydan.tv\/az\/#\/schema\/person\/9cdbecf90d17180ce1dfbd95b08dcf47","name":"elli","sameAs":["https:\/\/x.com\/elli"]}]}},"_links":{"self":[{"href":"https:\/\/www.meydan.tv\/az\/wp-json\/wp\/v2\/posts\/297301","targetHints":{"allow":["GET"]}}],"collection":[{"href":"https:\/\/www.meydan.tv\/az\/wp-json\/wp\/v2\/posts"}],"about":[{"href":"https:\/\/www.meydan.tv\/az\/wp-json\/wp\/v2\/types\/post"}],"author":[{"embeddable":true,"href":"https:\/\/www.meydan.tv\/az\/wp-json\/wp\/v2\/users\/8"}],"replies":[{"embeddable":true,"href":"https:\/\/www.meydan.tv\/az\/wp-json\/wp\/v2\/comments?post=297301"}],"version-history":[{"count":3,"href":"https:\/\/www.meydan.tv\/az\/wp-json\/wp\/v2\/posts\/297301\/revisions"}],"predecessor-version":[{"id":297306,"href":"https:\/\/www.meydan.tv\/az\/wp-json\/wp\/v2\/posts\/297301\/revisions\/297306"}],"wp:featuredmedia":[{"embeddable":true,"href":"https:\/\/www.meydan.tv\/az\/wp-json\/wp\/v2\/media\/297216"}],"wp:attachment":[{"href":"https:\/\/www.meydan.tv\/az\/wp-json\/wp\/v2\/media?parent=297301"}],"wp:term":[{"taxonomy":"category","embeddable":true,"href":"https:\/\/www.meydan.tv\/az\/wp-json\/wp\/v2\/categories?post=297301"},{"taxonomy":"post_tag","embeddable":true,"href":"https:\/\/www.meydan.tv\/az\/wp-json\/wp\/v2\/tags?post=297301"}],"curies":[{"name":"wp","href":"https:\/\/api.w.org\/{rel}","templated":true}]}}