{"id":297220,"date":"2024-02-07T13:15:08","date_gmt":"2024-02-07T09:15:08","guid":{"rendered":"https:\/\/www.meydan.tv\/?p=297220"},"modified":"2024-02-07T13:15:12","modified_gmt":"2024-02-07T09:15:12","slug":"secki-menteqelerinde-jurnalistlerin-fealiyyetine-manee-yaradilir","status":"publish","type":"post","link":"https:\/\/www.meydan.tv\/az\/article\/secki-menteqelerinde-jurnalistlerin-fealiyyetine-manee-yaradilir\/","title":{"rendered":"Se\u00e7ki m\u0259nt\u0259q\u0259l\u0259rind\u0259 jurnalistl\u0259rin f\u0259aliyy\u0259tin\u0259 mane\u0259 yarad\u0131l\u0131r"},"content":{"rendered":"\n<p><\/p>\n\n\n\n<p><strong><em>H\u00fcquq\u015f\u00fcnas: \u201cJurnalistin se\u00e7ki m\u0259nt\u0259q\u0259sind\u0259n k\u0259narla\u015fd\u0131r\u0131lmas\u0131 qanunsuz v\u0259 qeyri-h\u00fcquqi davran\u0131\u015fd\u0131r\u201d<\/em><\/strong><\/p>\n\n\n\n<p>M\u00fcst\u0259qil jurnalist Lida Abbasl\u0131ya bu g\u00fcn s\u0259h\u0259r saatlar\u0131nda 8 n\u00f6mr\u0259li dair\u0259nin 36 sayl\u0131 m\u0259nt\u0259q\u0259sind\u0259 (276 n\u00f6mr\u0259li m\u0259kt\u0259b) \u00e7\u0259kili\u015f aparma\u011fa izin verilm\u0259yib.<\/p>\n\n\n\n<p>Bu bar\u0259d\u0259 Meydan TV-y\u0259 dan\u0131\u015fan jurnalist bildirib ki, i\u00e7\u0259ri gir\u0259nd\u0259 ona kims\u0259 mane olmay\u0131b. Sonradan onun m\u00fc\u015fahid\u0259\u00e7i yox, jurnalist oldu\u011fu anla\u015f\u0131landa m\u0259nt\u0259q\u0259d\u0259n k\u0259narla\u015fd\u0131r\u0131l\u0131b.<\/p>\n\n\n\n<p><em>\u201c\u018fvv\u0259lc\u0259 bir n\u0259f\u0259r ki\u015fi yax\u0131nla\u015fd\u0131, kim oldu\u011fumu soru\u015fdu. Dedim ki, jurnalist\u0259m, prosesi i\u015f\u0131qland\u0131rma\u011fa g\u0259lmi\u015f\u0259m. Gedib bir qad\u0131n\u0131 \u00e7a\u011f\u0131rd\u0131. He\u00e7 hans\u0131 media qurumdan oldu\u011fumu bel\u0259 soru\u015fmadan, \u00e7\u0259kili\u015f ed\u0259 bilm\u0259y\u0259c\u0259yimi deyib, m\u0259nt\u0259q\u0259d\u0259n qovdular\u201d.<\/em><\/p>\n\n\n\n<p>Lida Abbasl\u0131 deyir ki, n\u0259 q\u0259d\u0259r izah etm\u0259y\u0259 \u00e7al\u0131\u015fsa da, onu dinl\u0259y\u0259n olmay\u0131b.<\/p>\n\n\n\n<p><em>\u201cJurnalist\u0259m, \u00e7\u0259kili\u015f \u00fc\u00e7\u00fcn izin almal\u0131 deyil\u0259m dedim, fikir verm\u0259dil\u0259r. M\u0259cbur, \u00e7\u0259kili\u015f\u0259 m\u0259nt\u0259q\u0259nin qar\u015f\u0131s\u0131nda davam etm\u0259li oldum. \u0130\u00e7\u0259rid\u0259n he\u00e7 bir g\u00f6r\u00fcnt\u00fc g\u00f6t\u00fcr\u0259 bilm\u0259dim\u201d.<\/em><\/p>\n\n\n\n<p>Media sah\u0259si \u00fczr\u0259 h\u00fcquq\u015f\u00fcnas \u018fl\u0259sg\u0259r M\u0259mm\u0259dli deyir ki, jurnalistin se\u00e7ki m\u0259nt\u0259q\u0259sind\u0259n k\u0259narla\u015fd\u0131r\u0131lmas\u0131 qanunsuz v\u0259 qeyri-h\u00fcquqi davran\u0131\u015fd\u0131r. \u00c7\u00fcnki Az\u0259rbaycanda median\u0131n se\u00e7kid\u0259 i\u015ftirak\u0131 Se\u00e7ki M\u0259c\u0259ll\u0259si il\u0259 t\u0259nziml\u0259nir. M\u0259c\u0259ll\u0259sinin 40.8, v\u0259 43-c\u00fc madd\u0259l\u0259rind\u0259 bu h\u00fcquq b\u00fct\u00fcn K\u0130V-l\u0259r\u0259 tan\u0131n\u0131b:<\/p>\n\n\n\n<p><em>\u201cAyr\u0131ca, se\u00e7kid\u0259 t\u0259m\u0259l prinsip \u015f\u0259ffafl\u0131q v\u0259 a\u015fkarl\u0131qd\u0131r. Y\u0259ni se\u00e7ki gizli, m\u0259xfi bir proses deyil ki, onun gedi\u015fat\u0131n\u0131n i\u015f\u0131qland\u0131r\u0131lmas\u0131na jurnalist burax\u0131lmas\u0131n\u201d.<\/em><\/p>\n\n\n<div class=\"wp-block-image\">\n<figure class=\"alignright size-full is-resized\"><img decoding=\"async\" width=\"1200\" height=\"801\" data-src=\"https:\/\/www.meydan.tv\/wp-content\/uploads\/nlq2353.jpg\" alt=\"\" class=\"wp-image-267644 lazyload\" style=\"--smush-placeholder-width: 1200px; --smush-placeholder-aspect-ratio: 1200\/801;width:391px;height:auto\" src=\"data:image\/svg+xml;base64,PHN2ZyB3aWR0aD0iMSIgaGVpZ2h0PSIxIiB4bWxucz0iaHR0cDovL3d3dy53My5vcmcvMjAwMC9zdmciPjwvc3ZnPg==\" \/><figcaption class=\"wp-element-caption\">\u018fl\u0259sg\u0259r M\u0259mm\u0259dli. Foto: Meydan TV<\/figcaption><\/figure>\n<\/div>\n\n\n<p>H\u00fcquq\u015f\u00fcnas deyir ki, h\u0259tta yeni Media Qanunu h\u0259r n\u0259 q\u0259d\u0259r ziddiyy\u0259tli v\u0259 m\u0259hdudla\u015fd\u0131r\u0131c\u0131 olsa da, onun bel\u0259 se\u00e7kinin i\u015f\u0131qland\u0131r\u0131lmas\u0131na m\u00fcdaxil\u0259 imkan\u0131 yoxdur.<\/p>\n\n\n\n<p>Onun s\u00f6zl\u0259rin\u0259 g\u00f6r\u0259, qanunvericilik media subyektini o zaman tan\u0131m\u0131r ki, onun f\u0259aliyy\u0259ti Media Agentliyi t\u0259r\u0259find\u0259n reyestrd\u0259n ke\u00e7m\u0259diyin\u0259 g\u00f6r\u0259 m\u00fcbahis\u0259l\u0259ndirilsin v\u0259 m\u0259hk\u0259m\u0259 t\u0259r\u0259find\u0259n dayand\u0131r\u0131lm\u0131\u015f olsun:<\/p>\n\n\n\n<p><em>\u201cHaqq\u0131nda m\u0259hk\u0259m\u0259 q\u0259rar\u0131 olmayan, praktik f\u0259aliyy\u0259t g\u00f6st\u0259r\u0259n he\u00e7 bir media subyektinin jurnalistin\u0259 m\u0259nt\u0259q\u0259l\u0259rd\u0259 giri\u015f v\u0259 \u00e7\u0259kili\u015f qada\u011fan oluna bilm\u0259z\u201d.<\/em><\/p>\n\n\n\n<p>\u018fl\u0259sg\u0259r M\u0259mm\u0259dli deyir ki, Az\u0259rbaycan Konstitusiyas\u0131n\u0131n 71.9 madd\u0259sinin t\u0259l\u0259bin\u0259 g\u00f6r\u0259<em> \u201ch\u0259r k\u0259s qanunla qada\u011fan olunmayan h\u0259r\u0259k\u0259tl\u0259ri ed\u0259 bil\u0259r\u201d.<\/em><\/p>\n\n\n\n<p>\u201c<em>Y\u0259ni he\u00e7 bir qanun v\u0259 m\u0259c\u0259ll\u0259 se\u00e7ki prosesini yaln\u0131z reyestrd\u0259n ke\u00e7\u0259n media n\u00fcmay\u0259nd\u0259l\u0259ri izl\u0259y\u0259 bil\u0259r dey\u0259, t\u0259l\u0259b qoymay\u0131b. Bel\u0259 olsayd\u0131, g\u0259r\u0259k onlarla beyn\u0259lxalq media t\u0259msil\u00e7il\u0259ri d\u0259 reyestrd\u0259n ke\u00e7m\u0259dikl\u0259rin\u0259 g\u00f6r\u0259 informasiya toplamayayd\u0131lar\u201d.<\/em><\/p>\n\n\n\n<p>M\u0259rk\u0259zi Se\u00e7ki Komissiyas\u0131n\u0131n (MSK) s\u0259dri M\u0259zahir P\u0259nahov bu g\u00fcn jurnalistl\u0259r\u0259 s\u0259sl\u0259n\u0259r\u0259k, m\u0259nt\u0259q\u0259l\u0259rd\u0259 qar\u015f\u0131la\u015fd\u0131qlar\u0131 h\u0259r hans\u0131 problemi i\u015f\u0131qland\u0131rmaqdan \u00e7\u0259kinm\u0259m\u0259y\u0259 \u00e7a\u011f\u0131r\u0131b:<\/p>\n\n\n\n<p><em>\u201cBuradan media subyektl\u0259rin\u0259, jurnalistl\u0259r\u0259 s\u0259sl\u0259nir\u0259m ki, m\u0259nt\u0259q\u0259l\u0259rd\u0259 qar\u015f\u0131la\u015fd\u0131\u011f\u0131n\u0131z h\u0259r hans\u0131 problemi i\u015f\u0131qland\u0131rmaqdan \u00e7\u0259kinm\u0259sinl\u0259r. \u018fksin\u0259, biz bunu t\u0259qdir ed\u0259c\u0259yik. El\u0259c\u0259 d\u0259, beyn\u0259lxalq v\u0259 yerli m\u00fc\u015fahid\u0259\u00e7il\u0259r d\u0259 yerl\u0259rd\u0259 f\u0259al olmal\u0131d\u0131rlar\u201d.<\/em><\/p>\n\n\n<div class=\"wp-block-image\">\n<figure class=\"alignleft size-full is-resized\"><img decoding=\"async\" width=\"1200\" height=\"800\" data-src=\"https:\/\/www.meydan.tv\/wp-content\/uploads\/jpgl7146.jpg\" alt=\"\" class=\"wp-image-293282 lazyload\" style=\"--smush-placeholder-width: 1200px; --smush-placeholder-aspect-ratio: 1200\/800;width:363px;height:auto\" src=\"data:image\/svg+xml;base64,PHN2ZyB3aWR0aD0iMSIgaGVpZ2h0PSIxIiB4bWxucz0iaHR0cDovL3d3dy53My5vcmcvMjAwMC9zdmciPjwvc3ZnPg==\" \/><figcaption class=\"wp-element-caption\">M\u0259rk\u0259zi Se\u00e7ki Komissiyas\u0131 (MSK). Foto: Az\u0259rtac<\/figcaption><\/figure>\n<\/div>\n\n\n<p>O bildirib ki, Se\u00e7ki M\u0259c\u0259ll\u0259sinin t\u0259l\u0259bl\u0259rini pozan ist\u0259nil\u0259n add\u0131m qar\u015f\u0131s\u0131nda ciddi add\u0131mlar at\u0131lacaq. Biz he\u00e7 vaxt komissiya olaraq qada\u011falar \u00fcz\u0259rind\u0259 dan\u0131\u015fm\u0131r\u0131q:<\/p>\n\n\n\n<p><em>\u201cH\u0259mi\u015f\u0259 \u00e7oxlu\u011fun fikrinin ortaya qoyulmas\u0131 \u00fc\u00e7\u00fcn \u00e7al\u0131\u015f\u0131r\u0131q. Lakin bu \u00e7oxlu\u011fun ortaya qoyulmas\u0131 da qanunvericiliyin t\u0259l\u0259bl\u0259rin\u0259 uy\u011fun olaraq apar\u0131lmal\u0131d\u0131r\u201d,<\/em> \u2013 dey\u0259 P\u0259nahov \u0259lav\u0259 edib.<\/p>\n\n\n\n<p>\u201cTuran\u201d \u0130nformasiya Agentliyi <a href=\"https:\/\/turan.az\/az\/siyaset\/bezi-secki-menteqelerinde-jurnalistlere-islemeye-imkan-vermirler\">yaz\u0131r<\/a> ki, 18 sayl\u0131 N\u0259rimanov-Nizami-Bin\u0259q\u0259di se\u00e7ki dair\u0259sinin 19-cu m\u0259nt\u0259q\u0259sind\u0259 jurnalistl\u0259rl\u0259r\u0259 Media reyestrind\u0259 qeydiyyatlar\u0131n\u0131n olmad\u0131\u011f\u0131n\u0131 \u0259sas g\u0259tir\u0259r\u0259k \u00e7\u0259kili\u015f\u0259 imkan verilm\u0259yib.<\/p>\n\n\n\n<p>29 sayl\u0131 Sabun\u00e7u IV se\u00e7ki dair\u0259sinin 19 sayl\u0131 se\u00e7ki m\u0259nt\u0259q\u0259sind\u0259 d\u0259 jurnalistl\u0259rin f\u0259aliyy\u0259tin\u0259 mane\u00e7ilik yarad\u0131l\u0131b.<\/p>\n\n\n\n<p>Yasamal rayonunun \u00fc\u00e7\u00fcnc\u00fc se\u00e7ki dair\u0259sind\u0259 \u201cTuran\u201d-\u0131n m\u00fcxbirini 8, 13, 12 v\u0259 29-cu m\u0259nt\u0259q\u0259l\u0259r\u0259 buraxmay\u0131blar.<\/p>\n","protected":false},"excerpt":{"rendered":"<p>H\u00fcquq\u015f\u00fcnas: \u201cJurnalistin se\u00e7ki m\u0259nt\u0259q\u0259sind\u0259n k\u0259narla\u015fd\u0131r\u0131lmas\u0131 qanunsuz v\u0259 qeyri-h\u00fcquqi davran\u0131\u015fd\u0131r\u201d M\u00fcst\u0259qil &#8230; <\/p>\n<p class=\"read-more-container\"><a title=\"Se\u00e7ki m\u0259nt\u0259q\u0259l\u0259rind\u0259 jurnalistl\u0259rin f\u0259aliyy\u0259tin\u0259 mane\u0259 yarad\u0131l\u0131r\" class=\"read-more button\" href=\"https:\/\/www.meydan.tv\/az\/article\/secki-menteqelerinde-jurnalistlerin-fealiyyetine-manee-yaradilir\/#more-297220\" aria-label=\"Read more about Se\u00e7ki m\u0259nt\u0259q\u0259l\u0259rind\u0259 jurnalistl\u0259rin f\u0259aliyy\u0259tin\u0259 mane\u0259 yarad\u0131l\u0131r\">Davam\u0131<\/a><\/p>\n","protected":false},"author":8,"featured_media":297146,"comment_status":"closed","ping_status":"closed","sticky":false,"template":"","format":"standard","meta":{"_acf_changed":false,"_sitemap_exclude":false,"_sitemap_priority":"","_sitemap_frequency":"","footnotes":""},"categories":[129,59,56],"tags":[],"class_list":["post-297220","post","type-post","status-publish","format-standard","has-post-thumbnail","hentry","category-sechki-2024","category-siyaset","category-xeberler","infinite-scroll-item","generate-columns","tablet-grid-50","mobile-grid-100","grid-parent","grid-33","no-featured-image-padding"],"acf":[],"yoast_head":"<!-- This site is optimized with the Yoast SEO plugin v27.4 - https:\/\/yoast.com\/product\/yoast-seo-wordpress\/ -->\n<title>Se\u00e7ki m\u0259nt\u0259q\u0259l\u0259rind\u0259 jurnalistl\u0259rin f\u0259aliyy\u0259tin\u0259 mane\u0259 yarad\u0131l\u0131r - MEYDAN.TV<\/title>\n<meta name=\"robots\" content=\"index, follow, max-snippet:-1, max-image-preview:large, max-video-preview:-1\" \/>\n<link rel=\"canonical\" href=\"https:\/\/www.meydan.tv\/az\/article\/secki-menteqelerinde-jurnalistlerin-fealiyyetine-manee-yaradilir\/\" \/>\n<meta property=\"og:locale\" content=\"az_AZ\" \/>\n<meta property=\"og:type\" content=\"article\" \/>\n<meta property=\"og:title\" content=\"Se\u00e7ki m\u0259nt\u0259q\u0259l\u0259rind\u0259 jurnalistl\u0259rin f\u0259aliyy\u0259tin\u0259 mane\u0259 yarad\u0131l\u0131r - MEYDAN.TV\" \/>\n<meta property=\"og:description\" content=\"H\u00fcquq\u015f\u00fcnas: \u201cJurnalistin se\u00e7ki m\u0259nt\u0259q\u0259sind\u0259n k\u0259narla\u015fd\u0131r\u0131lmas\u0131 qanunsuz v\u0259 qeyri-h\u00fcquqi davran\u0131\u015fd\u0131r\u201d M\u00fcst\u0259qil ... Davam\u0131\" \/>\n<meta property=\"og:url\" content=\"https:\/\/www.meydan.tv\/az\/article\/secki-menteqelerinde-jurnalistlerin-fealiyyetine-manee-yaradilir\/\" \/>\n<meta property=\"og:site_name\" content=\"MEYDAN.TV\" \/>\n<meta property=\"article:published_time\" content=\"2024-02-07T09:15:08+00:00\" \/>\n<meta property=\"article:modified_time\" content=\"2024-02-07T09:15:12+00:00\" \/>\n<meta property=\"og:image\" content=\"https:\/\/www.meydan.tv\/wp-content\/uploads\/img_2138.jpg\" \/>\n\t<meta property=\"og:image:width\" content=\"1500\" \/>\n\t<meta property=\"og:image:height\" content=\"844\" \/>\n\t<meta property=\"og:image:type\" content=\"image\/jpeg\" \/>\n<meta name=\"author\" content=\"elli\" \/>\n<meta name=\"twitter:card\" content=\"summary_large_image\" \/>\n<meta name=\"twitter:creator\" content=\"@elli\" \/>\n<script type=\"application\/ld+json\" class=\"yoast-schema-graph\">{\"@context\":\"https:\\\/\\\/schema.org\",\"@graph\":[{\"@type\":\"Article\",\"@id\":\"https:\\\/\\\/www.meydan.tv\\\/az\\\/article\\\/secki-menteqelerinde-jurnalistlerin-fealiyyetine-manee-yaradilir\\\/#article\",\"isPartOf\":{\"@id\":\"https:\\\/\\\/www.meydan.tv\\\/az\\\/article\\\/secki-menteqelerinde-jurnalistlerin-fealiyyetine-manee-yaradilir\\\/\"},\"author\":{\"name\":\"elli\",\"@id\":\"https:\\\/\\\/www.meydan.tv\\\/az\\\/#\\\/schema\\\/person\\\/9cdbecf90d17180ce1dfbd95b08dcf47\"},\"headline\":\"Se\u00e7ki m\u0259nt\u0259q\u0259l\u0259rind\u0259 jurnalistl\u0259rin f\u0259aliyy\u0259tin\u0259 mane\u0259 yarad\u0131l\u0131r\",\"datePublished\":\"2024-02-07T09:15:08+00:00\",\"dateModified\":\"2024-02-07T09:15:12+00:00\",\"mainEntityOfPage\":{\"@id\":\"https:\\\/\\\/www.meydan.tv\\\/az\\\/article\\\/secki-menteqelerinde-jurnalistlerin-fealiyyetine-manee-yaradilir\\\/\"},\"wordCount\":848,\"publisher\":{\"@id\":\"https:\\\/\\\/www.meydan.tv\\\/az\\\/#organization\"},\"image\":{\"@id\":\"https:\\\/\\\/www.meydan.tv\\\/az\\\/article\\\/secki-menteqelerinde-jurnalistlerin-fealiyyetine-manee-yaradilir\\\/#primaryimage\"},\"thumbnailUrl\":\"https:\\\/\\\/www.meydan.tv\\\/wp-content\\\/uploads\\\/img_2138.jpg\",\"articleSection\":[\"Se\u00e7ki 2024\",\"Siyas\u0259t\",\"X\u0259b\u0259rl\u0259r\"],\"inLanguage\":\"az\"},{\"@type\":\"WebPage\",\"@id\":\"https:\\\/\\\/www.meydan.tv\\\/az\\\/article\\\/secki-menteqelerinde-jurnalistlerin-fealiyyetine-manee-yaradilir\\\/\",\"url\":\"https:\\\/\\\/www.meydan.tv\\\/az\\\/article\\\/secki-menteqelerinde-jurnalistlerin-fealiyyetine-manee-yaradilir\\\/\",\"name\":\"Se\u00e7ki m\u0259nt\u0259q\u0259l\u0259rind\u0259 jurnalistl\u0259rin f\u0259aliyy\u0259tin\u0259 mane\u0259 yarad\u0131l\u0131r - MEYDAN.TV\",\"isPartOf\":{\"@id\":\"https:\\\/\\\/www.meydan.tv\\\/az\\\/#website\"},\"primaryImageOfPage\":{\"@id\":\"https:\\\/\\\/www.meydan.tv\\\/az\\\/article\\\/secki-menteqelerinde-jurnalistlerin-fealiyyetine-manee-yaradilir\\\/#primaryimage\"},\"image\":{\"@id\":\"https:\\\/\\\/www.meydan.tv\\\/az\\\/article\\\/secki-menteqelerinde-jurnalistlerin-fealiyyetine-manee-yaradilir\\\/#primaryimage\"},\"thumbnailUrl\":\"https:\\\/\\\/www.meydan.tv\\\/wp-content\\\/uploads\\\/img_2138.jpg\",\"datePublished\":\"2024-02-07T09:15:08+00:00\",\"dateModified\":\"2024-02-07T09:15:12+00:00\",\"breadcrumb\":{\"@id\":\"https:\\\/\\\/www.meydan.tv\\\/az\\\/article\\\/secki-menteqelerinde-jurnalistlerin-fealiyyetine-manee-yaradilir\\\/#breadcrumb\"},\"inLanguage\":\"az\",\"potentialAction\":[{\"@type\":\"ReadAction\",\"target\":[\"https:\\\/\\\/www.meydan.tv\\\/az\\\/article\\\/secki-menteqelerinde-jurnalistlerin-fealiyyetine-manee-yaradilir\\\/\"]}]},{\"@type\":\"ImageObject\",\"inLanguage\":\"az\",\"@id\":\"https:\\\/\\\/www.meydan.tv\\\/az\\\/article\\\/secki-menteqelerinde-jurnalistlerin-fealiyyetine-manee-yaradilir\\\/#primaryimage\",\"url\":\"https:\\\/\\\/www.meydan.tv\\\/wp-content\\\/uploads\\\/img_2138.jpg\",\"contentUrl\":\"https:\\\/\\\/www.meydan.tv\\\/wp-content\\\/uploads\\\/img_2138.jpg\",\"width\":1500,\"height\":844,\"caption\":\"Se\u00e7ki. Foto: Meydan TV\"},{\"@type\":\"BreadcrumbList\",\"@id\":\"https:\\\/\\\/www.meydan.tv\\\/az\\\/article\\\/secki-menteqelerinde-jurnalistlerin-fealiyyetine-manee-yaradilir\\\/#breadcrumb\",\"itemListElement\":[{\"@type\":\"ListItem\",\"position\":1,\"name\":\"Ana s\u0259hif\u0259\",\"item\":\"https:\\\/\\\/www.meydan.tv\\\/az\\\/\"},{\"@type\":\"ListItem\",\"position\":2,\"name\":\"Siyas\u0259t\",\"item\":\"https:\\\/\\\/www.meydan.tv\\\/az\\\/section\\\/siyaset\\\/\"},{\"@type\":\"ListItem\",\"position\":3,\"name\":\"Se\u00e7ki m\u0259nt\u0259q\u0259l\u0259rind\u0259 jurnalistl\u0259rin f\u0259aliyy\u0259tin\u0259 mane\u0259 yarad\u0131l\u0131r\"}]},{\"@type\":\"WebSite\",\"@id\":\"https:\\\/\\\/www.meydan.tv\\\/az\\\/#website\",\"url\":\"https:\\\/\\\/www.meydan.tv\\\/az\\\/\",\"name\":\"MEYDAN.TV\",\"description\":\"Meydan TV Az\u0259rbaycan\u0131n media m\u0259kan\u0131ndak\u0131 alternativ s\u0259sidir\",\"publisher\":{\"@id\":\"https:\\\/\\\/www.meydan.tv\\\/az\\\/#organization\"},\"potentialAction\":[{\"@type\":\"SearchAction\",\"target\":{\"@type\":\"EntryPoint\",\"urlTemplate\":\"https:\\\/\\\/www.meydan.tv\\\/az\\\/?s={search_term_string}\"},\"query-input\":{\"@type\":\"PropertyValueSpecification\",\"valueRequired\":true,\"valueName\":\"search_term_string\"}}],\"inLanguage\":\"az\"},{\"@type\":\"Organization\",\"@id\":\"https:\\\/\\\/www.meydan.tv\\\/az\\\/#organization\",\"name\":\"Meydan TV\",\"url\":\"https:\\\/\\\/www.meydan.tv\\\/az\\\/\",\"logo\":{\"@type\":\"ImageObject\",\"inLanguage\":\"az\",\"@id\":\"https:\\\/\\\/www.meydan.tv\\\/az\\\/#\\\/schema\\\/logo\\\/image\\\/\",\"url\":\"https:\\\/\\\/www.meydan.tv\\\/wp-content\\\/uploads\\\/2021\\\/07\\\/meydan-logo.svg\",\"contentUrl\":\"https:\\\/\\\/www.meydan.tv\\\/wp-content\\\/uploads\\\/2021\\\/07\\\/meydan-logo.svg\",\"width\":195,\"height\":46,\"caption\":\"Meydan TV\"},\"image\":{\"@id\":\"https:\\\/\\\/www.meydan.tv\\\/az\\\/#\\\/schema\\\/logo\\\/image\\\/\"}},{\"@type\":\"Person\",\"@id\":\"https:\\\/\\\/www.meydan.tv\\\/az\\\/#\\\/schema\\\/person\\\/9cdbecf90d17180ce1dfbd95b08dcf47\",\"name\":\"elli\",\"sameAs\":[\"https:\\\/\\\/x.com\\\/elli\"]}]}<\/script>\n<!-- \/ Yoast SEO plugin. -->","yoast_head_json":{"title":"Se\u00e7ki m\u0259nt\u0259q\u0259l\u0259rind\u0259 jurnalistl\u0259rin f\u0259aliyy\u0259tin\u0259 mane\u0259 yarad\u0131l\u0131r - MEYDAN.TV","robots":{"index":"index","follow":"follow","max-snippet":"max-snippet:-1","max-image-preview":"max-image-preview:large","max-video-preview":"max-video-preview:-1"},"canonical":"https:\/\/www.meydan.tv\/az\/article\/secki-menteqelerinde-jurnalistlerin-fealiyyetine-manee-yaradilir\/","og_locale":"az_AZ","og_type":"article","og_title":"Se\u00e7ki m\u0259nt\u0259q\u0259l\u0259rind\u0259 jurnalistl\u0259rin f\u0259aliyy\u0259tin\u0259 mane\u0259 yarad\u0131l\u0131r - MEYDAN.TV","og_description":"H\u00fcquq\u015f\u00fcnas: \u201cJurnalistin se\u00e7ki m\u0259nt\u0259q\u0259sind\u0259n k\u0259narla\u015fd\u0131r\u0131lmas\u0131 qanunsuz v\u0259 qeyri-h\u00fcquqi davran\u0131\u015fd\u0131r\u201d M\u00fcst\u0259qil ... Davam\u0131","og_url":"https:\/\/www.meydan.tv\/az\/article\/secki-menteqelerinde-jurnalistlerin-fealiyyetine-manee-yaradilir\/","og_site_name":"MEYDAN.TV","article_published_time":"2024-02-07T09:15:08+00:00","article_modified_time":"2024-02-07T09:15:12+00:00","og_image":[{"width":1500,"height":844,"url":"https:\/\/www.meydan.tv\/wp-content\/uploads\/img_2138.jpg","type":"image\/jpeg"}],"author":"elli","twitter_card":"summary_large_image","twitter_creator":"@elli","schema":{"@context":"https:\/\/schema.org","@graph":[{"@type":"Article","@id":"https:\/\/www.meydan.tv\/az\/article\/secki-menteqelerinde-jurnalistlerin-fealiyyetine-manee-yaradilir\/#article","isPartOf":{"@id":"https:\/\/www.meydan.tv\/az\/article\/secki-menteqelerinde-jurnalistlerin-fealiyyetine-manee-yaradilir\/"},"author":{"name":"elli","@id":"https:\/\/www.meydan.tv\/az\/#\/schema\/person\/9cdbecf90d17180ce1dfbd95b08dcf47"},"headline":"Se\u00e7ki m\u0259nt\u0259q\u0259l\u0259rind\u0259 jurnalistl\u0259rin f\u0259aliyy\u0259tin\u0259 mane\u0259 yarad\u0131l\u0131r","datePublished":"2024-02-07T09:15:08+00:00","dateModified":"2024-02-07T09:15:12+00:00","mainEntityOfPage":{"@id":"https:\/\/www.meydan.tv\/az\/article\/secki-menteqelerinde-jurnalistlerin-fealiyyetine-manee-yaradilir\/"},"wordCount":848,"publisher":{"@id":"https:\/\/www.meydan.tv\/az\/#organization"},"image":{"@id":"https:\/\/www.meydan.tv\/az\/article\/secki-menteqelerinde-jurnalistlerin-fealiyyetine-manee-yaradilir\/#primaryimage"},"thumbnailUrl":"https:\/\/www.meydan.tv\/wp-content\/uploads\/img_2138.jpg","articleSection":["Se\u00e7ki 2024","Siyas\u0259t","X\u0259b\u0259rl\u0259r"],"inLanguage":"az"},{"@type":"WebPage","@id":"https:\/\/www.meydan.tv\/az\/article\/secki-menteqelerinde-jurnalistlerin-fealiyyetine-manee-yaradilir\/","url":"https:\/\/www.meydan.tv\/az\/article\/secki-menteqelerinde-jurnalistlerin-fealiyyetine-manee-yaradilir\/","name":"Se\u00e7ki m\u0259nt\u0259q\u0259l\u0259rind\u0259 jurnalistl\u0259rin f\u0259aliyy\u0259tin\u0259 mane\u0259 yarad\u0131l\u0131r - MEYDAN.TV","isPartOf":{"@id":"https:\/\/www.meydan.tv\/az\/#website"},"primaryImageOfPage":{"@id":"https:\/\/www.meydan.tv\/az\/article\/secki-menteqelerinde-jurnalistlerin-fealiyyetine-manee-yaradilir\/#primaryimage"},"image":{"@id":"https:\/\/www.meydan.tv\/az\/article\/secki-menteqelerinde-jurnalistlerin-fealiyyetine-manee-yaradilir\/#primaryimage"},"thumbnailUrl":"https:\/\/www.meydan.tv\/wp-content\/uploads\/img_2138.jpg","datePublished":"2024-02-07T09:15:08+00:00","dateModified":"2024-02-07T09:15:12+00:00","breadcrumb":{"@id":"https:\/\/www.meydan.tv\/az\/article\/secki-menteqelerinde-jurnalistlerin-fealiyyetine-manee-yaradilir\/#breadcrumb"},"inLanguage":"az","potentialAction":[{"@type":"ReadAction","target":["https:\/\/www.meydan.tv\/az\/article\/secki-menteqelerinde-jurnalistlerin-fealiyyetine-manee-yaradilir\/"]}]},{"@type":"ImageObject","inLanguage":"az","@id":"https:\/\/www.meydan.tv\/az\/article\/secki-menteqelerinde-jurnalistlerin-fealiyyetine-manee-yaradilir\/#primaryimage","url":"https:\/\/www.meydan.tv\/wp-content\/uploads\/img_2138.jpg","contentUrl":"https:\/\/www.meydan.tv\/wp-content\/uploads\/img_2138.jpg","width":1500,"height":844,"caption":"Se\u00e7ki. Foto: Meydan TV"},{"@type":"BreadcrumbList","@id":"https:\/\/www.meydan.tv\/az\/article\/secki-menteqelerinde-jurnalistlerin-fealiyyetine-manee-yaradilir\/#breadcrumb","itemListElement":[{"@type":"ListItem","position":1,"name":"Ana s\u0259hif\u0259","item":"https:\/\/www.meydan.tv\/az\/"},{"@type":"ListItem","position":2,"name":"Siyas\u0259t","item":"https:\/\/www.meydan.tv\/az\/section\/siyaset\/"},{"@type":"ListItem","position":3,"name":"Se\u00e7ki m\u0259nt\u0259q\u0259l\u0259rind\u0259 jurnalistl\u0259rin f\u0259aliyy\u0259tin\u0259 mane\u0259 yarad\u0131l\u0131r"}]},{"@type":"WebSite","@id":"https:\/\/www.meydan.tv\/az\/#website","url":"https:\/\/www.meydan.tv\/az\/","name":"MEYDAN.TV","description":"Meydan TV Az\u0259rbaycan\u0131n media m\u0259kan\u0131ndak\u0131 alternativ s\u0259sidir","publisher":{"@id":"https:\/\/www.meydan.tv\/az\/#organization"},"potentialAction":[{"@type":"SearchAction","target":{"@type":"EntryPoint","urlTemplate":"https:\/\/www.meydan.tv\/az\/?s={search_term_string}"},"query-input":{"@type":"PropertyValueSpecification","valueRequired":true,"valueName":"search_term_string"}}],"inLanguage":"az"},{"@type":"Organization","@id":"https:\/\/www.meydan.tv\/az\/#organization","name":"Meydan TV","url":"https:\/\/www.meydan.tv\/az\/","logo":{"@type":"ImageObject","inLanguage":"az","@id":"https:\/\/www.meydan.tv\/az\/#\/schema\/logo\/image\/","url":"https:\/\/www.meydan.tv\/wp-content\/uploads\/2021\/07\/meydan-logo.svg","contentUrl":"https:\/\/www.meydan.tv\/wp-content\/uploads\/2021\/07\/meydan-logo.svg","width":195,"height":46,"caption":"Meydan TV"},"image":{"@id":"https:\/\/www.meydan.tv\/az\/#\/schema\/logo\/image\/"}},{"@type":"Person","@id":"https:\/\/www.meydan.tv\/az\/#\/schema\/person\/9cdbecf90d17180ce1dfbd95b08dcf47","name":"elli","sameAs":["https:\/\/x.com\/elli"]}]}},"_links":{"self":[{"href":"https:\/\/www.meydan.tv\/az\/wp-json\/wp\/v2\/posts\/297220","targetHints":{"allow":["GET"]}}],"collection":[{"href":"https:\/\/www.meydan.tv\/az\/wp-json\/wp\/v2\/posts"}],"about":[{"href":"https:\/\/www.meydan.tv\/az\/wp-json\/wp\/v2\/types\/post"}],"author":[{"embeddable":true,"href":"https:\/\/www.meydan.tv\/az\/wp-json\/wp\/v2\/users\/8"}],"replies":[{"embeddable":true,"href":"https:\/\/www.meydan.tv\/az\/wp-json\/wp\/v2\/comments?post=297220"}],"version-history":[{"count":3,"href":"https:\/\/www.meydan.tv\/az\/wp-json\/wp\/v2\/posts\/297220\/revisions"}],"predecessor-version":[{"id":297225,"href":"https:\/\/www.meydan.tv\/az\/wp-json\/wp\/v2\/posts\/297220\/revisions\/297225"}],"wp:featuredmedia":[{"embeddable":true,"href":"https:\/\/www.meydan.tv\/az\/wp-json\/wp\/v2\/media\/297146"}],"wp:attachment":[{"href":"https:\/\/www.meydan.tv\/az\/wp-json\/wp\/v2\/media?parent=297220"}],"wp:term":[{"taxonomy":"category","embeddable":true,"href":"https:\/\/www.meydan.tv\/az\/wp-json\/wp\/v2\/categories?post=297220"},{"taxonomy":"post_tag","embeddable":true,"href":"https:\/\/www.meydan.tv\/az\/wp-json\/wp\/v2\/tags?post=297220"}],"curies":[{"name":"wp","href":"https:\/\/api.w.org\/{rel}","templated":true}]}}