{"id":297198,"date":"2024-02-07T12:47:42","date_gmt":"2024-02-07T08:47:42","guid":{"rendered":"https:\/\/www.meydan.tv\/?p=297198"},"modified":"2024-02-07T21:43:08","modified_gmt":"2024-02-07T17:43:08","slug":"ilham-eliyev-qarabagdaki-populyarligindan-istifade-ederek-seckini-one-cekib-yenilenib","status":"publish","type":"post","link":"https:\/\/www.meydan.tv\/az\/article\/ilham-eliyev-qarabagdaki-populyarligindan-istifade-ederek-seckini-one-cekib-yenilenib\/","title":{"rendered":"\u201c\u0130lham \u018fliyev Qaraba\u011fdak\u0131 populyarl\u0131\u011f\u0131ndan istifad\u0259 ed\u0259r\u0259k se\u00e7kini \u00f6n\u0259 \u00e7\u0259kib\u201d &#8211; Yenil\u0259nib"},"content":{"rendered":"\n<p><\/p>\n\n\n\n<p>\u201c<strong><em>Washington Post\u201d Az\u0259rbaycandak\u0131 se\u00e7kid\u0259n yaz\u0131b<\/em><\/strong><\/p>\n\n\n\n<p>\u0130lham \u018fliyev Qaraba\u011fdak\u0131 populyarl\u0131\u011f\u0131ndan istifad\u0259 ed\u0259r\u0259k se\u00e7kini \u00f6n\u0259 \u00e7\u0259kib. \u018fsas iki m\u00fcxalif\u0259t partiyas\u0131 se\u00e7kid\u0259 v\u0259 s\u0259sverm\u0259d\u0259 i\u015ftirak etm\u0259m\u0259k q\u0259rar\u0131 al\u0131b, &#8211;\u00a0 \u201cWashington Post\u201d bel\u0259 <a href=\"https:\/\/www.washingtonpost.com\/world\/2024\/02\/06\/azerbaijan-election-ilham-aliyev\/2cbf84f2-c555-11ee-bbc9-9b5ca9b20779_story.html\">yaz\u0131r<\/a>.<\/p>\n\n\n\n<p>M\u00fcxalif\u0259t partiyalar\u0131n\u0131n se\u00e7kid\u0259 i\u015ftirak etm\u0259m\u0259sin\u0259 g\u0259linc\u0259, M\u00fcsavat ba\u015fqan\u0131 Arif Hac\u0131l\u0131 bildirib ki, buna s\u0259b\u0259b se\u00e7kil\u0259rin demokratik ke\u00e7irilm\u0259y\u0259c\u0259yidir.<\/p>\n\n\n<div class=\"wp-block-image\">\n<figure class=\"aligncenter size-full\"><img decoding=\"async\" width=\"1200\" height=\"675\" data-src=\"https:\/\/www.meydan.tv\/wp-content\/uploads\/untitled-design-2-90-e1681294953799.jpg\" alt=\"\" class=\"wp-image-272662 lazyload\" src=\"data:image\/svg+xml;base64,PHN2ZyB3aWR0aD0iMSIgaGVpZ2h0PSIxIiB4bWxucz0iaHR0cDovL3d3dy53My5vcmcvMjAwMC9zdmciPjwvc3ZnPg==\" style=\"--smush-placeholder-width: 1200px; --smush-placeholder-aspect-ratio: 1200\/675;\" \/><figcaption class=\"wp-element-caption\">Arif Hac\u0131l\u0131 v\u0259 \u018fli K\u0259rimli. Foto: Meydan TV<\/figcaption><\/figure>\n<\/div>\n\n\n<p>&#8220;<em>Bir \u00e7ox jurnalist v\u0259 siyasi f\u0259al h\u0259bsd\u0259dir. 200-d\u0259n \u00e7ox siyasi m\u0259hbus var. Se\u00e7ki qanunvericiliyi il\u0259 ba\u011fl\u0131 ciddi probleml\u0259r var v\u0259 se\u00e7ki komissiyalar\u0131 \u0259sas\u0259n, hakimiyy\u0259tin t\u0259siri alt\u0131ndad\u0131r\u201d, &#8211;<\/em> Hac\u0131l\u0131 bildirib.<\/p>\n\n\n\n<p>Az\u0259rbaycan Xalq C\u0259bh\u0259si Partiyas\u0131n\u0131n s\u0259dri \u018fli K\u0259rimli is\u0259 deyib ki, ictimai m\u00fczakir\u0259l\u0259r olmadan n\u00f6vb\u0259d\u0259nk\u0259nar se\u00e7kil\u0259rin ke\u00e7irilm\u0259sin\u0259 \u00e7a\u011f\u0131r\u0131\u015f hakimiyy\u0259tin siyasi r\u0259qab\u0259td\u0259n qorxdu\u011funu g\u00f6st\u0259rir. \u0130lham \u018fliyevin hakimiyy\u0259ti d\u00f6vr\u00fcnd\u0259 siyasi debatlar\u0131, s\u00f6z azadl\u0131\u011f\u0131n\u0131 cilovlayan v\u0259 getdikc\u0259 s\u0259rtl\u0259\u015f\u0259n qanunlar q\u0259bul edilib. M\u00fcxalif\u0259t xadiml\u0259ri, m\u00fcst\u0259qil jurnalistl\u0259rin h\u0259bsi art\u0131b.<\/p>\n\n\n\n<p><em>PS: \u201c<strong>Washington Post\u201d <\/strong> yaz\u0131n\u0131 sonradan yenil\u0259yib.<\/em><\/p>\n","protected":false},"excerpt":{"rendered":"<p>\u201cWashington Post\u201d Az\u0259rbaycandak\u0131 se\u00e7kid\u0259n yaz\u0131b \u0130lham \u018fliyev Qaraba\u011fdak\u0131 populyarl\u0131\u011f\u0131ndan istifad\u0259 &#8230; <\/p>\n<p class=\"read-more-container\"><a title=\"\u201c\u0130lham \u018fliyev Qaraba\u011fdak\u0131 populyarl\u0131\u011f\u0131ndan istifad\u0259 ed\u0259r\u0259k se\u00e7kini \u00f6n\u0259 \u00e7\u0259kib\u201d &#8211; Yenil\u0259nib\" class=\"read-more button\" href=\"https:\/\/www.meydan.tv\/az\/article\/ilham-eliyev-qarabagdaki-populyarligindan-istifade-ederek-seckini-one-cekib-yenilenib\/#more-297198\" aria-label=\"Read more about \u201c\u0130lham \u018fliyev Qaraba\u011fdak\u0131 populyarl\u0131\u011f\u0131ndan istifad\u0259 ed\u0259r\u0259k se\u00e7kini \u00f6n\u0259 \u00e7\u0259kib\u201d &#8211; Yenil\u0259nib\">Davam\u0131<\/a><\/p>\n","protected":false},"author":8,"featured_media":238759,"comment_status":"closed","ping_status":"closed","sticky":false,"template":"","format":"standard","meta":{"_acf_changed":false,"_sitemap_exclude":false,"_sitemap_priority":"","_sitemap_frequency":"","footnotes":""},"categories":[129,56],"tags":[],"class_list":["post-297198","post","type-post","status-publish","format-standard","has-post-thumbnail","hentry","category-sechki-2024","category-xeberler","infinite-scroll-item","generate-columns","tablet-grid-50","mobile-grid-100","grid-parent","grid-33","no-featured-image-padding"],"acf":[],"yoast_head":"<!-- This site is optimized with the Yoast SEO plugin v27.4 - https:\/\/yoast.com\/product\/yoast-seo-wordpress\/ -->\n<title>\u201c\u0130lham \u018fliyev Qaraba\u011fdak\u0131 populyarl\u0131\u011f\u0131ndan istifad\u0259 ed\u0259r\u0259k se\u00e7kini \u00f6n\u0259 \u00e7\u0259kib\u201d - Yenil\u0259nib - MEYDAN.TV<\/title>\n<meta name=\"robots\" content=\"index, follow, max-snippet:-1, max-image-preview:large, max-video-preview:-1\" \/>\n<link rel=\"canonical\" href=\"https:\/\/www.meydan.tv\/az\/article\/ilham-eliyev-qarabagdaki-populyarligindan-istifade-ederek-seckini-one-cekib-yenilenib\/\" \/>\n<meta property=\"og:locale\" content=\"az_AZ\" \/>\n<meta property=\"og:type\" content=\"article\" \/>\n<meta property=\"og:title\" content=\"\u201c\u0130lham \u018fliyev Qaraba\u011fdak\u0131 populyarl\u0131\u011f\u0131ndan istifad\u0259 ed\u0259r\u0259k se\u00e7kini \u00f6n\u0259 \u00e7\u0259kib\u201d - Yenil\u0259nib - MEYDAN.TV\" \/>\n<meta property=\"og:description\" content=\"\u201cWashington Post\u201d Az\u0259rbaycandak\u0131 se\u00e7kid\u0259n yaz\u0131b \u0130lham \u018fliyev Qaraba\u011fdak\u0131 populyarl\u0131\u011f\u0131ndan istifad\u0259 ... Davam\u0131\" \/>\n<meta property=\"og:url\" content=\"https:\/\/www.meydan.tv\/az\/article\/ilham-eliyev-qarabagdaki-populyarligindan-istifade-ederek-seckini-one-cekib-yenilenib\/\" \/>\n<meta property=\"og:site_name\" content=\"MEYDAN.TV\" \/>\n<meta property=\"article:published_time\" content=\"2024-02-07T08:47:42+00:00\" \/>\n<meta property=\"article:modified_time\" content=\"2024-02-07T17:43:08+00:00\" \/>\n<meta property=\"og:image\" content=\"https:\/\/www.meydan.tv\/wp-content\/uploads\/shutterstock_2061756437.jpg\" \/>\n\t<meta property=\"og:image:width\" content=\"1200\" \/>\n\t<meta property=\"og:image:height\" content=\"675\" \/>\n\t<meta property=\"og:image:type\" content=\"image\/jpeg\" \/>\n<meta name=\"author\" content=\"elli\" \/>\n<meta name=\"twitter:card\" content=\"summary_large_image\" \/>\n<meta name=\"twitter:creator\" content=\"@elli\" \/>\n<script type=\"application\/ld+json\" class=\"yoast-schema-graph\">{\"@context\":\"https:\\\/\\\/schema.org\",\"@graph\":[{\"@type\":\"Article\",\"@id\":\"https:\\\/\\\/www.meydan.tv\\\/az\\\/article\\\/ilham-eliyev-qarabagdaki-populyarligindan-istifade-ederek-seckini-one-cekib-yenilenib\\\/#article\",\"isPartOf\":{\"@id\":\"https:\\\/\\\/www.meydan.tv\\\/az\\\/article\\\/ilham-eliyev-qarabagdaki-populyarligindan-istifade-ederek-seckini-one-cekib-yenilenib\\\/\"},\"author\":{\"name\":\"elli\",\"@id\":\"https:\\\/\\\/www.meydan.tv\\\/az\\\/#\\\/schema\\\/person\\\/9cdbecf90d17180ce1dfbd95b08dcf47\"},\"headline\":\"\u201c\u0130lham \u018fliyev Qaraba\u011fdak\u0131 populyarl\u0131\u011f\u0131ndan istifad\u0259 ed\u0259r\u0259k se\u00e7kini \u00f6n\u0259 \u00e7\u0259kib\u201d &#8211; Yenil\u0259nib\",\"datePublished\":\"2024-02-07T08:47:42+00:00\",\"dateModified\":\"2024-02-07T17:43:08+00:00\",\"mainEntityOfPage\":{\"@id\":\"https:\\\/\\\/www.meydan.tv\\\/az\\\/article\\\/ilham-eliyev-qarabagdaki-populyarligindan-istifade-ederek-seckini-one-cekib-yenilenib\\\/\"},\"wordCount\":251,\"publisher\":{\"@id\":\"https:\\\/\\\/www.meydan.tv\\\/az\\\/#organization\"},\"image\":{\"@id\":\"https:\\\/\\\/www.meydan.tv\\\/az\\\/article\\\/ilham-eliyev-qarabagdaki-populyarligindan-istifade-ederek-seckini-one-cekib-yenilenib\\\/#primaryimage\"},\"thumbnailUrl\":\"https:\\\/\\\/www.meydan.tv\\\/wp-content\\\/uploads\\\/shutterstock_2061756437.jpg\",\"articleSection\":[\"Se\u00e7ki 2024\",\"X\u0259b\u0259rl\u0259r\"],\"inLanguage\":\"az\"},{\"@type\":\"WebPage\",\"@id\":\"https:\\\/\\\/www.meydan.tv\\\/az\\\/article\\\/ilham-eliyev-qarabagdaki-populyarligindan-istifade-ederek-seckini-one-cekib-yenilenib\\\/\",\"url\":\"https:\\\/\\\/www.meydan.tv\\\/az\\\/article\\\/ilham-eliyev-qarabagdaki-populyarligindan-istifade-ederek-seckini-one-cekib-yenilenib\\\/\",\"name\":\"\u201c\u0130lham \u018fliyev Qaraba\u011fdak\u0131 populyarl\u0131\u011f\u0131ndan istifad\u0259 ed\u0259r\u0259k se\u00e7kini \u00f6n\u0259 \u00e7\u0259kib\u201d - Yenil\u0259nib - MEYDAN.TV\",\"isPartOf\":{\"@id\":\"https:\\\/\\\/www.meydan.tv\\\/az\\\/#website\"},\"primaryImageOfPage\":{\"@id\":\"https:\\\/\\\/www.meydan.tv\\\/az\\\/article\\\/ilham-eliyev-qarabagdaki-populyarligindan-istifade-ederek-seckini-one-cekib-yenilenib\\\/#primaryimage\"},\"image\":{\"@id\":\"https:\\\/\\\/www.meydan.tv\\\/az\\\/article\\\/ilham-eliyev-qarabagdaki-populyarligindan-istifade-ederek-seckini-one-cekib-yenilenib\\\/#primaryimage\"},\"thumbnailUrl\":\"https:\\\/\\\/www.meydan.tv\\\/wp-content\\\/uploads\\\/shutterstock_2061756437.jpg\",\"datePublished\":\"2024-02-07T08:47:42+00:00\",\"dateModified\":\"2024-02-07T17:43:08+00:00\",\"breadcrumb\":{\"@id\":\"https:\\\/\\\/www.meydan.tv\\\/az\\\/article\\\/ilham-eliyev-qarabagdaki-populyarligindan-istifade-ederek-seckini-one-cekib-yenilenib\\\/#breadcrumb\"},\"inLanguage\":\"az\",\"potentialAction\":[{\"@type\":\"ReadAction\",\"target\":[\"https:\\\/\\\/www.meydan.tv\\\/az\\\/article\\\/ilham-eliyev-qarabagdaki-populyarligindan-istifade-ederek-seckini-one-cekib-yenilenib\\\/\"]}]},{\"@type\":\"ImageObject\",\"inLanguage\":\"az\",\"@id\":\"https:\\\/\\\/www.meydan.tv\\\/az\\\/article\\\/ilham-eliyev-qarabagdaki-populyarligindan-istifade-ederek-seckini-one-cekib-yenilenib\\\/#primaryimage\",\"url\":\"https:\\\/\\\/www.meydan.tv\\\/wp-content\\\/uploads\\\/shutterstock_2061756437.jpg\",\"contentUrl\":\"https:\\\/\\\/www.meydan.tv\\\/wp-content\\\/uploads\\\/shutterstock_2061756437.jpg\",\"width\":1200,\"height\":675,\"caption\":\"Rusiya-Az\u0259rbaycan. Foto: GoodIdeas\\\/shutterstock\"},{\"@type\":\"BreadcrumbList\",\"@id\":\"https:\\\/\\\/www.meydan.tv\\\/az\\\/article\\\/ilham-eliyev-qarabagdaki-populyarligindan-istifade-ederek-seckini-one-cekib-yenilenib\\\/#breadcrumb\",\"itemListElement\":[{\"@type\":\"ListItem\",\"position\":1,\"name\":\"Ana s\u0259hif\u0259\",\"item\":\"https:\\\/\\\/www.meydan.tv\\\/az\\\/\"},{\"@type\":\"ListItem\",\"position\":2,\"name\":\"X\u0259b\u0259rl\u0259r\",\"item\":\"https:\\\/\\\/www.meydan.tv\\\/az\\\/section\\\/xeberler\\\/\"},{\"@type\":\"ListItem\",\"position\":3,\"name\":\"\u201c\u0130lham \u018fliyev Qaraba\u011fdak\u0131 populyarl\u0131\u011f\u0131ndan istifad\u0259 ed\u0259r\u0259k se\u00e7kini \u00f6n\u0259 \u00e7\u0259kib\u201d &#8211; Yenil\u0259nib\"}]},{\"@type\":\"WebSite\",\"@id\":\"https:\\\/\\\/www.meydan.tv\\\/az\\\/#website\",\"url\":\"https:\\\/\\\/www.meydan.tv\\\/az\\\/\",\"name\":\"MEYDAN.TV\",\"description\":\"Meydan TV Az\u0259rbaycan\u0131n media m\u0259kan\u0131ndak\u0131 alternativ s\u0259sidir\",\"publisher\":{\"@id\":\"https:\\\/\\\/www.meydan.tv\\\/az\\\/#organization\"},\"potentialAction\":[{\"@type\":\"SearchAction\",\"target\":{\"@type\":\"EntryPoint\",\"urlTemplate\":\"https:\\\/\\\/www.meydan.tv\\\/az\\\/?s={search_term_string}\"},\"query-input\":{\"@type\":\"PropertyValueSpecification\",\"valueRequired\":true,\"valueName\":\"search_term_string\"}}],\"inLanguage\":\"az\"},{\"@type\":\"Organization\",\"@id\":\"https:\\\/\\\/www.meydan.tv\\\/az\\\/#organization\",\"name\":\"Meydan TV\",\"url\":\"https:\\\/\\\/www.meydan.tv\\\/az\\\/\",\"logo\":{\"@type\":\"ImageObject\",\"inLanguage\":\"az\",\"@id\":\"https:\\\/\\\/www.meydan.tv\\\/az\\\/#\\\/schema\\\/logo\\\/image\\\/\",\"url\":\"https:\\\/\\\/www.meydan.tv\\\/wp-content\\\/uploads\\\/2021\\\/07\\\/meydan-logo.svg\",\"contentUrl\":\"https:\\\/\\\/www.meydan.tv\\\/wp-content\\\/uploads\\\/2021\\\/07\\\/meydan-logo.svg\",\"width\":195,\"height\":46,\"caption\":\"Meydan TV\"},\"image\":{\"@id\":\"https:\\\/\\\/www.meydan.tv\\\/az\\\/#\\\/schema\\\/logo\\\/image\\\/\"}},{\"@type\":\"Person\",\"@id\":\"https:\\\/\\\/www.meydan.tv\\\/az\\\/#\\\/schema\\\/person\\\/9cdbecf90d17180ce1dfbd95b08dcf47\",\"name\":\"elli\",\"sameAs\":[\"https:\\\/\\\/x.com\\\/elli\"]}]}<\/script>\n<!-- \/ Yoast SEO plugin. -->","yoast_head_json":{"title":"\u201c\u0130lham \u018fliyev Qaraba\u011fdak\u0131 populyarl\u0131\u011f\u0131ndan istifad\u0259 ed\u0259r\u0259k se\u00e7kini \u00f6n\u0259 \u00e7\u0259kib\u201d - Yenil\u0259nib - MEYDAN.TV","robots":{"index":"index","follow":"follow","max-snippet":"max-snippet:-1","max-image-preview":"max-image-preview:large","max-video-preview":"max-video-preview:-1"},"canonical":"https:\/\/www.meydan.tv\/az\/article\/ilham-eliyev-qarabagdaki-populyarligindan-istifade-ederek-seckini-one-cekib-yenilenib\/","og_locale":"az_AZ","og_type":"article","og_title":"\u201c\u0130lham \u018fliyev Qaraba\u011fdak\u0131 populyarl\u0131\u011f\u0131ndan istifad\u0259 ed\u0259r\u0259k se\u00e7kini \u00f6n\u0259 \u00e7\u0259kib\u201d - Yenil\u0259nib - MEYDAN.TV","og_description":"\u201cWashington Post\u201d Az\u0259rbaycandak\u0131 se\u00e7kid\u0259n yaz\u0131b \u0130lham \u018fliyev Qaraba\u011fdak\u0131 populyarl\u0131\u011f\u0131ndan istifad\u0259 ... Davam\u0131","og_url":"https:\/\/www.meydan.tv\/az\/article\/ilham-eliyev-qarabagdaki-populyarligindan-istifade-ederek-seckini-one-cekib-yenilenib\/","og_site_name":"MEYDAN.TV","article_published_time":"2024-02-07T08:47:42+00:00","article_modified_time":"2024-02-07T17:43:08+00:00","og_image":[{"width":1200,"height":675,"url":"https:\/\/www.meydan.tv\/wp-content\/uploads\/shutterstock_2061756437.jpg","type":"image\/jpeg"}],"author":"elli","twitter_card":"summary_large_image","twitter_creator":"@elli","schema":{"@context":"https:\/\/schema.org","@graph":[{"@type":"Article","@id":"https:\/\/www.meydan.tv\/az\/article\/ilham-eliyev-qarabagdaki-populyarligindan-istifade-ederek-seckini-one-cekib-yenilenib\/#article","isPartOf":{"@id":"https:\/\/www.meydan.tv\/az\/article\/ilham-eliyev-qarabagdaki-populyarligindan-istifade-ederek-seckini-one-cekib-yenilenib\/"},"author":{"name":"elli","@id":"https:\/\/www.meydan.tv\/az\/#\/schema\/person\/9cdbecf90d17180ce1dfbd95b08dcf47"},"headline":"\u201c\u0130lham \u018fliyev Qaraba\u011fdak\u0131 populyarl\u0131\u011f\u0131ndan istifad\u0259 ed\u0259r\u0259k se\u00e7kini \u00f6n\u0259 \u00e7\u0259kib\u201d &#8211; Yenil\u0259nib","datePublished":"2024-02-07T08:47:42+00:00","dateModified":"2024-02-07T17:43:08+00:00","mainEntityOfPage":{"@id":"https:\/\/www.meydan.tv\/az\/article\/ilham-eliyev-qarabagdaki-populyarligindan-istifade-ederek-seckini-one-cekib-yenilenib\/"},"wordCount":251,"publisher":{"@id":"https:\/\/www.meydan.tv\/az\/#organization"},"image":{"@id":"https:\/\/www.meydan.tv\/az\/article\/ilham-eliyev-qarabagdaki-populyarligindan-istifade-ederek-seckini-one-cekib-yenilenib\/#primaryimage"},"thumbnailUrl":"https:\/\/www.meydan.tv\/wp-content\/uploads\/shutterstock_2061756437.jpg","articleSection":["Se\u00e7ki 2024","X\u0259b\u0259rl\u0259r"],"inLanguage":"az"},{"@type":"WebPage","@id":"https:\/\/www.meydan.tv\/az\/article\/ilham-eliyev-qarabagdaki-populyarligindan-istifade-ederek-seckini-one-cekib-yenilenib\/","url":"https:\/\/www.meydan.tv\/az\/article\/ilham-eliyev-qarabagdaki-populyarligindan-istifade-ederek-seckini-one-cekib-yenilenib\/","name":"\u201c\u0130lham \u018fliyev Qaraba\u011fdak\u0131 populyarl\u0131\u011f\u0131ndan istifad\u0259 ed\u0259r\u0259k se\u00e7kini \u00f6n\u0259 \u00e7\u0259kib\u201d - Yenil\u0259nib - MEYDAN.TV","isPartOf":{"@id":"https:\/\/www.meydan.tv\/az\/#website"},"primaryImageOfPage":{"@id":"https:\/\/www.meydan.tv\/az\/article\/ilham-eliyev-qarabagdaki-populyarligindan-istifade-ederek-seckini-one-cekib-yenilenib\/#primaryimage"},"image":{"@id":"https:\/\/www.meydan.tv\/az\/article\/ilham-eliyev-qarabagdaki-populyarligindan-istifade-ederek-seckini-one-cekib-yenilenib\/#primaryimage"},"thumbnailUrl":"https:\/\/www.meydan.tv\/wp-content\/uploads\/shutterstock_2061756437.jpg","datePublished":"2024-02-07T08:47:42+00:00","dateModified":"2024-02-07T17:43:08+00:00","breadcrumb":{"@id":"https:\/\/www.meydan.tv\/az\/article\/ilham-eliyev-qarabagdaki-populyarligindan-istifade-ederek-seckini-one-cekib-yenilenib\/#breadcrumb"},"inLanguage":"az","potentialAction":[{"@type":"ReadAction","target":["https:\/\/www.meydan.tv\/az\/article\/ilham-eliyev-qarabagdaki-populyarligindan-istifade-ederek-seckini-one-cekib-yenilenib\/"]}]},{"@type":"ImageObject","inLanguage":"az","@id":"https:\/\/www.meydan.tv\/az\/article\/ilham-eliyev-qarabagdaki-populyarligindan-istifade-ederek-seckini-one-cekib-yenilenib\/#primaryimage","url":"https:\/\/www.meydan.tv\/wp-content\/uploads\/shutterstock_2061756437.jpg","contentUrl":"https:\/\/www.meydan.tv\/wp-content\/uploads\/shutterstock_2061756437.jpg","width":1200,"height":675,"caption":"Rusiya-Az\u0259rbaycan. Foto: GoodIdeas\/shutterstock"},{"@type":"BreadcrumbList","@id":"https:\/\/www.meydan.tv\/az\/article\/ilham-eliyev-qarabagdaki-populyarligindan-istifade-ederek-seckini-one-cekib-yenilenib\/#breadcrumb","itemListElement":[{"@type":"ListItem","position":1,"name":"Ana s\u0259hif\u0259","item":"https:\/\/www.meydan.tv\/az\/"},{"@type":"ListItem","position":2,"name":"X\u0259b\u0259rl\u0259r","item":"https:\/\/www.meydan.tv\/az\/section\/xeberler\/"},{"@type":"ListItem","position":3,"name":"\u201c\u0130lham \u018fliyev Qaraba\u011fdak\u0131 populyarl\u0131\u011f\u0131ndan istifad\u0259 ed\u0259r\u0259k se\u00e7kini \u00f6n\u0259 \u00e7\u0259kib\u201d &#8211; Yenil\u0259nib"}]},{"@type":"WebSite","@id":"https:\/\/www.meydan.tv\/az\/#website","url":"https:\/\/www.meydan.tv\/az\/","name":"MEYDAN.TV","description":"Meydan TV Az\u0259rbaycan\u0131n media m\u0259kan\u0131ndak\u0131 alternativ s\u0259sidir","publisher":{"@id":"https:\/\/www.meydan.tv\/az\/#organization"},"potentialAction":[{"@type":"SearchAction","target":{"@type":"EntryPoint","urlTemplate":"https:\/\/www.meydan.tv\/az\/?s={search_term_string}"},"query-input":{"@type":"PropertyValueSpecification","valueRequired":true,"valueName":"search_term_string"}}],"inLanguage":"az"},{"@type":"Organization","@id":"https:\/\/www.meydan.tv\/az\/#organization","name":"Meydan TV","url":"https:\/\/www.meydan.tv\/az\/","logo":{"@type":"ImageObject","inLanguage":"az","@id":"https:\/\/www.meydan.tv\/az\/#\/schema\/logo\/image\/","url":"https:\/\/www.meydan.tv\/wp-content\/uploads\/2021\/07\/meydan-logo.svg","contentUrl":"https:\/\/www.meydan.tv\/wp-content\/uploads\/2021\/07\/meydan-logo.svg","width":195,"height":46,"caption":"Meydan TV"},"image":{"@id":"https:\/\/www.meydan.tv\/az\/#\/schema\/logo\/image\/"}},{"@type":"Person","@id":"https:\/\/www.meydan.tv\/az\/#\/schema\/person\/9cdbecf90d17180ce1dfbd95b08dcf47","name":"elli","sameAs":["https:\/\/x.com\/elli"]}]}},"_links":{"self":[{"href":"https:\/\/www.meydan.tv\/az\/wp-json\/wp\/v2\/posts\/297198","targetHints":{"allow":["GET"]}}],"collection":[{"href":"https:\/\/www.meydan.tv\/az\/wp-json\/wp\/v2\/posts"}],"about":[{"href":"https:\/\/www.meydan.tv\/az\/wp-json\/wp\/v2\/types\/post"}],"author":[{"embeddable":true,"href":"https:\/\/www.meydan.tv\/az\/wp-json\/wp\/v2\/users\/8"}],"replies":[{"embeddable":true,"href":"https:\/\/www.meydan.tv\/az\/wp-json\/wp\/v2\/comments?post=297198"}],"version-history":[{"count":5,"href":"https:\/\/www.meydan.tv\/az\/wp-json\/wp\/v2\/posts\/297198\/revisions"}],"predecessor-version":[{"id":297352,"href":"https:\/\/www.meydan.tv\/az\/wp-json\/wp\/v2\/posts\/297198\/revisions\/297352"}],"wp:featuredmedia":[{"embeddable":true,"href":"https:\/\/www.meydan.tv\/az\/wp-json\/wp\/v2\/media\/238759"}],"wp:attachment":[{"href":"https:\/\/www.meydan.tv\/az\/wp-json\/wp\/v2\/media?parent=297198"}],"wp:term":[{"taxonomy":"category","embeddable":true,"href":"https:\/\/www.meydan.tv\/az\/wp-json\/wp\/v2\/categories?post=297198"},{"taxonomy":"post_tag","embeddable":true,"href":"https:\/\/www.meydan.tv\/az\/wp-json\/wp\/v2\/tags?post=297198"}],"curies":[{"name":"wp","href":"https:\/\/api.w.org\/{rel}","templated":true}]}}