{"id":297185,"date":"2024-02-07T12:04:01","date_gmt":"2024-02-07T08:04:01","guid":{"rendered":"https:\/\/www.meydan.tv\/?p=297185"},"modified":"2024-02-07T13:29:47","modified_gmt":"2024-02-07T09:29:47","slug":"amnesty-international-azerbaycanda-prezident-seckileri-erefesi-repressiyalar-daha-da-guclenib","status":"publish","type":"post","link":"https:\/\/www.meydan.tv\/az\/article\/amnesty-international-azerbaycanda-prezident-seckileri-erefesi-repressiyalar-daha-da-guclenib\/","title":{"rendered":"\u201cAmnesty \u0130nternational\u201d: Az\u0259rbaycanda Prezident se\u00e7kil\u0259ri \u0259r\u0259f\u0259sind\u0259 repressiyalar daha da g\u00fccl\u0259nib"},"content":{"rendered":"\n<p><\/p>\n\n\n\n<p><strong><em>&nbsp;Az\u0259rbaycan hakimiyy\u0259tin\u0259 \u00e7a\u011f\u0131r\u0131\u015f edildi<\/em><\/strong><\/p>\n\n\n\n<p>Fevral\u0131n 7-d\u0259 Az\u0259rbaycanda ke\u00e7iril\u0259n n\u00f6vb\u0259d\u0259nk\u0259nar Prezident se\u00e7kil\u0259ri \u0259r\u0259f\u0259sind\u0259 insan h\u00fcquqlar\u0131 t\u0259\u015fkilat\u0131 olan \u201cAmnesty \u0130nternational\u201d hakimiyy\u0259tin ifad\u0259 azadl\u0131\u011f\u0131 h\u00fcququna qar\u015f\u0131 son basq\u0131lar\u0131na, o c\u00fcml\u0259d\u0259n haz\u0131rk\u0131 d\u00f6vl\u0259t ba\u015f\u00e7\u0131s\u0131 \u0130lham \u018fliyevin t\u0259nqidi s\u0259sl\u0259ri h\u0259d\u0259f almas\u0131na diqq\u0259t \u00e7\u0259kib. <\/p>\n\n\n\n<p>T\u0259\u015fkilat <a href=\"https:\/\/www.amnesty.org\/en\/latest\/news\/2024\/02\/azerbaijan-repression-escalating-ahead-of-presidential-elections\/\">bildirir<\/a> ki, se\u00e7kil\u0259r \u0259r\u0259f\u0259sind\u0259 Az\u0259rbaycan hakimiyy\u0259ti t\u0259r\u0259find\u0259n artan repressiya t\u0259kc\u0259, f\u0259rdi h\u00fcquqlara h\u00fccum deyil, h\u0259m d\u0259 v\u0259t\u0259nda\u015f c\u0259miyy\u0259tin\u0259 v\u0259 qanunun aliliyin\u0259 basq\u0131d\u0131r.<\/p>\n\n\n\n<p><em>\u201cHakimiyy\u0259t torlar\u0131n\u0131 geni\u015f a\u00e7\u0131r v\u0259 siyasi motivli m\u0259hk\u0259m\u0259l\u0259rd\u0259n sonra art\u0131q \u0259dal\u0259tsiz \u015f\u0259kild\u0259 h\u0259bs edilmi\u015f \u015f\u0259xsl\u0259rin ail\u0259l\u0259rini t\u0259qib etm\u0259k, qorxutmaq v\u0259 h\u0259d\u0259l\u0259m\u0259k d\u0259 daxil olmaqla, qisas\u00e7\u0131 repressiya aktlar\u0131ndan \u00e7\u0259kinmir. D\u00f6vl\u0259t t\u0259nqid\u00e7il\u0259rinin yax\u0131nlar\u0131n\u0131 h\u0259d\u0259f\u0259 alaraq v\u0259 onlar\u0131n aktivl\u0259rini dondurmaqla, hakimiyy\u0259t faktiki olaraq onlar\u0131n t\u0259qibini kollektiv c\u0259zaya \u00e7atd\u0131r\u0131r. Buna son qoyulmal\u0131d\u0131r\u201d<\/em>, &#8211; &#8220;Amnesty International&#8221;\u0131n C\u0259nubi Qafqaz \u00fczr\u0259 t\u0259dqiqat\u00e7\u0131s\u0131 Natalia Nozadze bildirib. <\/p>\n\n\n\n<p>\u201cAmnesty International\u201d bildirir ki, 2023-c\u00fc ilin noyabr\u0131ndan Az\u0259rbaycan hakimiyy\u0259ti dinc m\u00fcxalif\u0259t\u0259 qar\u015f\u0131 repressiyalar\u0131 g\u00fccl\u0259ndirib. N\u0259tic\u0259d\u0259 jurnalistl\u0259r, siyasi r\u0259qibl\u0259r v\u0259 bir h\u00fcquq m\u00fcdafi\u0259\u00e7isi d\u0259 daxil olmaqla 13-d\u0259n \u00e7ox \u015f\u0259xs h\u0259bs edilib. Bu \u015f\u0259xsl\u0259rd\u0259n \u0259n az\u0131 11-i saxta ittihamlarla \u00f6zba\u015f\u0131na h\u0259bsd\u0259 qal\u0131r. Jurnalistl\u0259r d\u0259 daxil olmaqla, bir \u00e7ox f\u0259rqli s\u0259sl\u0259r t\u0259qib olunaca\u011f\u0131ndan qorxaraq \u00f6lk\u0259d\u0259n qa\u00e7\u0131b.<\/p>\n\n\n\n<p>\u201c<em>\u018fn pisi d\u0259 d\u00f6vl\u0259t t\u0259nqid\u00e7il\u0259rinin h\u0259bsind\u0259n sonra h\u00f6kum\u0259tin onlar\u0131n ail\u0259l\u0259rini v\u0259 yax\u0131nlar\u0131n\u0131 h\u0259d\u0259f\u0259 almas\u0131d\u0131r. H\u00f6kum\u0259tin korrupsiya iddialar\u0131n\u0131 ara\u015fd\u0131ran m\u00fcst\u0259qil media orqan\u0131 olan \u201cAbzasMedia\u201d i\u015find\u0259 t\u0259kc\u0259, bir ne\u00e7\u0259 i\u015f\u00e7i h\u0259bs edilm\u0259yib, onlar\u0131n ail\u0259l\u0259ri d\u0259 sistematik \u015f\u0259kild\u0259 h\u0259d\u0259f\u0259 al\u0131n\u0131b. Hakimiyy\u0259t t\u0259nqid\u00e7il\u0259rin v\u0259 f\u0259allar\u0131n ail\u0259 \u00fczvl\u0259rinin bank hesablar\u0131n\u0131 dondurmaqla \u0259dal\u0259t sistemind\u0259n sui-istifad\u0259 edir. Bu taktika bir \u00e7ox insan\u0131, o c\u00fcml\u0259d\u0259n ya\u015fl\u0131lar\u0131 v\u0259 sa\u011flaml\u0131q v\u0259ziyy\u0259ti a\u011f\u0131r olanlar\u0131 a\u011f\u0131r maliyy\u0259 v\u0259ziyy\u0259tind\u0259 qoyub\u201d<\/em>.<\/p>\n\n\n\n<p>\u201cAbzasMedia\u201dn\u0131n h\u0259bsd\u0259 olan ba\u015f redaktoru Sevinc Vaqifq\u0131z\u0131n\u0131n anas\u0131 Ofelya M\u0259h\u0259rr\u0259mova bildirib ki, pensiyas\u0131 v\u0259 m\u00fcavin\u0259tini ald\u0131\u011f\u0131 hesab\u0131na h\u0259bs qoyuldu\u011fu \u00fc\u00e7\u00fcn laz\u0131m olan d\u0259rmanlar\u0131n\u0131 ala bilmir.<\/p>\n\n\n<div class=\"wp-block-image\">\n<figure class=\"aligncenter size-full\"><img decoding=\"async\" width=\"1200\" height=\"800\" data-src=\"https:\/\/www.meydan.tv\/wp-content\/uploads\/img_0641_720-4.jpg\" alt=\"\" class=\"wp-image-295054 lazyload\" src=\"data:image\/svg+xml;base64,PHN2ZyB3aWR0aD0iMSIgaGVpZ2h0PSIxIiB4bWxucz0iaHR0cDovL3d3dy53My5vcmcvMjAwMC9zdmciPjwvc3ZnPg==\" style=\"--smush-placeholder-width: 1200px; --smush-placeholder-aspect-ratio: 1200\/800;\" \/><figcaption class=\"wp-element-caption\">Sevinc Vaqifq\u0131z\u0131 v\u0259 \u00dclvi H\u0259s\u0259nli. Foto: Meydan TV<\/figcaption><\/figure>\n<\/div>\n\n\n<p>H\u0259bsd\u0259 olan \u201cAbzasMedia\u201dn\u0131n direktoru \u00dclvi H\u0259s\u0259nli v\u0259 \u201cKanal13\u201d internet x\u0259b\u0259r kanal\u0131n\u0131n r\u0259hb\u0259ri \u018fziz Orucovun ail\u0259 \u00fczvl\u0259rinin, qohumlar\u0131n\u0131n da hesablar\u0131na h\u0259bs qoyulub.<\/p>\n\n\n\n<p>\u201c<em>Bu, jurnalist f\u0259aliyy\u0259tin\u0259 g\u00f6r\u0259 a\u00e7\u0131q-a\u015fkar qisas almaqd\u0131r. M\u00fcdafi\u0259\u00e7il\u0259r bildirirl\u0259r ki, bu h\u00fccumlar\u0131n, h\u0259d\u0259-qorxular\u0131n v\u0259 ail\u0259 \u00fczvl\u0259rin\u0259 t\u0259zyiql\u0259rin he\u00e7 bir h\u00fcquqi \u0259sas\u0131 yoxdur. H\u00fcquq\u015f\u00fcnaslar\u0131n s\u00f6zl\u0259rin\u0259 g\u00f6r\u0259, ail\u0259 \u00fczvl\u0259ri m\u0259hk\u0259m\u0259 prosesind\u0259 \u015f\u00fcbh\u0259li \u015f\u0259xs olmad\u0131\u011f\u0131ndan onlar\u0131n hesablar\u0131n\u0131n dondurulmas\u0131 \u00fc\u00e7\u00fcn he\u00e7 bir h\u00fcquqi \u0259sas yoxdur. Aktivl\u0259rin dondurulmas\u0131 taktikas\u0131 soyuq mesaj g\u00f6nd\u0259rm\u0259k v\u0259 t\u0259kc\u0259 h\u00f6kum\u0259ti t\u0259nqid ed\u0259nl\u0259ri deyil, h\u0259m d\u0259 onlar\u0131n ail\u0259l\u0259rini v\u0259 t\u0259r\u0259fda\u015flar\u0131n\u0131 susdurmaq m\u0259qs\u0259di da\u015f\u0131yan kollektiv c\u0259zan\u0131n bir formas\u0131d\u0131r\u201d.<\/em><\/p>\n\n\n<div class=\"wp-block-image\">\n<figure class=\"aligncenter size-large\"><img decoding=\"async\" width=\"1200\" height=\"514\" data-src=\"https:\/\/www.meydan.tv\/wp-content\/uploads\/img_0647-scaled-e1702980164171-1200x514.jpg\" alt=\"\u018fziz Orucov, foto: Meydan Tv\" class=\"wp-image-291585 lazyload\" src=\"data:image\/svg+xml;base64,PHN2ZyB3aWR0aD0iMSIgaGVpZ2h0PSIxIiB4bWxucz0iaHR0cDovL3d3dy53My5vcmcvMjAwMC9zdmciPjwvc3ZnPg==\" style=\"--smush-placeholder-width: 1200px; --smush-placeholder-aspect-ratio: 1200\/514;\" \/><figcaption class=\"wp-element-caption\">\u018fziz Orucov, foto: Meydan Tv<\/figcaption><\/figure>\n<\/div>\n\n\n<p>T\u0259\u015fkilar sonda bildirir ki, bu repressiya v\u0259 t\u0259qib n\u00fcmun\u0259si Az\u0259rbaycan\u0131n insan h\u00fcquqlar\u0131 \u00fczr\u0259 beyn\u0259lxalq \u00f6hd\u0259likl\u0259rini birba\u015fa pozur.<\/p>\n\n\n\n<p>AT\u018fT-in ilkin hesabat\u0131nda media azadl\u0131\u011f\u0131n\u0131 m\u0259hdudla\u015fd\u0131rmaq v\u0259 jurnalistl\u0259rin i\u015fin\u0259 x\u0259l\u0259l g\u0259tirm\u0259k \u00fc\u00e7\u00fcn istifad\u0259 edil\u0259n t\u0259dbirl\u0259r, o c\u00fcml\u0259d\u0259n m\u00fcst\u0259qil jurnalistl\u0259rin h\u0259bsl\u0259rinin say\u0131n\u0131n artmas\u0131 il\u0259 ba\u011fl\u0131 narahatl\u0131q ifad\u0259 olunub.<em> <\/em><\/p>\n\n\n<div class=\"wp-block-image\">\n<figure class=\"aligncenter size-full\"><img decoding=\"async\" width=\"1200\" height=\"565\" data-src=\"https:\/\/www.meydan.tv\/wp-content\/uploads\/img_0253_720-1.jpg\" alt=\"\" class=\"wp-image-281683 lazyload\" src=\"data:image\/svg+xml;base64,PHN2ZyB3aWR0aD0iMSIgaGVpZ2h0PSIxIiB4bWxucz0iaHR0cDovL3d3dy53My5vcmcvMjAwMC9zdmciPjwvc3ZnPg==\" style=\"--smush-placeholder-width: 1200px; --smush-placeholder-aspect-ratio: 1200\/565;\" \/><figcaption class=\"wp-element-caption\">Qubad \u0130bado\u011flu. Foto: Meydan TV<\/figcaption><\/figure>\n<\/div>\n\n\n<p><em>\u201cYerli QHT-l\u0259rin v\u0259 h\u00fcquq m\u00fcdafi\u0259\u00e7il\u0259rinin m\u0259lumat\u0131na g\u00f6r\u0259, siyasi motivli t\u0259qibl\u0259r n\u0259tic\u0259sind\u0259 200-d\u0259n \u00e7ox \u015f\u0259xs h\u0259bsd\u0259 v\u0259 ya h\u0259bsxanada qal\u0131r. 2023-c\u00fc ilin iyulunda tan\u0131nm\u0131\u015f iqtisad\u00e7\u0131 v\u0259 siyasi f\u0259al Qubad \u0130bado\u011flu saxta pul haz\u0131rlamaqda ittiham edil\u0259r\u0259k h\u0259bs edilib\u201d.<\/em><\/p>\n\n\n\n<p>Avropa \u015euras\u0131 Parlament Assambleyas\u0131n\u0131n (A\u015ePA) 2023-c\u00fc ilin yanvar\u0131nda Az\u0259rbaycan n\u00fcmay\u0259nd\u0259 hey\u0259tinin etimadnam\u0259sini ratifikasiya etm\u0259kd\u0259n imtina q\u0259rar\u0131n\u0131n \u0259sas s\u0259b\u0259bi siyasi motivli t\u0259qibl\u0259r v\u0259 insan haqlar\u0131 sah\u0259sind\u0259 v\u0259ziyy\u0259tin pisl\u0259\u015fm\u0259si olub. Buna cavab olaraq Az\u0259rbaycan A\u015ePA il\u0259 \u0259m\u0259kda\u015fl\u0131\u011f\u0131 dayand\u0131rmaq q\u0259rar\u0131na g\u0259lib v\u0259 bu \u00f6lk\u0259nin beyn\u0259lxalq insan haqlar\u0131 \u00f6hd\u0259likl\u0259rin\u0259 m\u0259h\u0259l qoymad\u0131\u011f\u0131n\u0131 vur\u011fulay\u0131b.<\/p>\n\n\n<div class=\"wp-block-image\">\n<figure class=\"aligncenter size-full\"><img decoding=\"async\" width=\"1200\" height=\"818\" data-src=\"https:\/\/www.meydan.tv\/wp-content\/uploads\/17029739995381676_1200x630.jpg\" alt=\"\" class=\"wp-image-295658 lazyload\" src=\"data:image\/svg+xml;base64,PHN2ZyB3aWR0aD0iMSIgaGVpZ2h0PSIxIiB4bWxucz0iaHR0cDovL3d3dy53My5vcmcvMjAwMC9zdmciPjwvc3ZnPg==\" style=\"--smush-placeholder-width: 1200px; --smush-placeholder-aspect-ratio: 1200\/818;\" \/><figcaption class=\"wp-element-caption\">&#8220;COP29&#8221;<\/figcaption><\/figure>\n<\/div>\n\n\n<p>Bu g\u0259rginliy\u0259 baxmayaraq, Az\u0259rbaycan bu il COP29-a ev sahibliyi etm\u0259k \u00fc\u00e7\u00fcn se\u00e7ilib. <\/p>\n\n\n\n<p>\u201cAmnesty International\u201d Az\u0259rbaycan hakimiyy\u0259tini m\u00fcst\u0259qil jurnalistl\u0259r\u0259, f\u0259allara, siyasi opponentl\u0259r\u0259, h\u00fcquq m\u00fcdafi\u0259\u00e7il\u0259rin\u0259 v\u0259 onlar\u0131n ail\u0259l\u0259rin\u0259 qar\u015f\u0131 t\u0259qibl\u0259ri d\u0259rhal dayand\u0131rma\u011fa \u00e7a\u011f\u0131r\u0131r. T\u0259\u015fkilat s\u0131rf insan h\u00fcquqlar\u0131n\u0131 dinc \u015f\u0259kild\u0259 h\u0259yata ke\u00e7irdikl\u0259rin\u0259 g\u00f6r\u0259 saxlan\u0131lan v\u0259 ya h\u0259bs edil\u0259nl\u0259rin d\u0259rhal azad edilm\u0259sin\u0259, insan h\u00fcquqlar\u0131n\u0131n b\u0259rpas\u0131na v\u0259 t\u0259zyiq vasit\u0259si kimi istifad\u0259 edil\u0259n cavab taktikas\u0131na son qoyulmas\u0131na \u00e7a\u011f\u0131r\u0131r.<\/p>\n\n\n\n<p>\u201c<em>\u0130nsan h\u00fcquqlar\u0131n\u0131n pozulmas\u0131na m\u0259ruz qalanlar\u0131n ham\u0131s\u0131n\u0131n \u0259dal\u0259t m\u00fchakim\u0259sin\u0259 v\u0259 tam, adekvat t\u0259zminat da daxil olmaqla effektiv m\u00fcdafi\u0259 vasit\u0259l\u0259rin\u0259 \u00e7\u0131x\u0131\u015f\u0131 t\u0259min edilm\u0259lidir. Bu pozuntulara g\u00f6r\u0259 m\u0259suliyy\u0259t da\u015f\u0131maqda \u015f\u00fcbh\u0259li bilin\u0259n b\u00fct\u00fcn \u015f\u0259xsl\u0259r \u0259dal\u0259tli m\u00fchakim\u0259 \u00fcsulu il\u0259 m\u0259suliyy\u0259t\u0259 c\u0259lb edilm\u0259lidir. Hakimiyy\u0259t \u00f6lk\u0259d\u0259 h\u0259r k\u0259sin h\u00fcquqlar\u0131na h\u00f6rm\u0259t etm\u0259li, onlar\u0131 qorumal\u0131, t\u0259bli\u011f etm\u0259li v\u0259 yerin\u0259 yetirm\u0259lidir\u201d.<\/em><\/p>\n","protected":false},"excerpt":{"rendered":"<p>&nbsp;Az\u0259rbaycan hakimiyy\u0259tin\u0259 \u00e7a\u011f\u0131r\u0131\u015f edildi Fevral\u0131n 7-d\u0259 Az\u0259rbaycanda ke\u00e7iril\u0259n n\u00f6vb\u0259d\u0259nk\u0259nar Prezident &#8230; <\/p>\n<p class=\"read-more-container\"><a title=\"\u201cAmnesty \u0130nternational\u201d: Az\u0259rbaycanda Prezident se\u00e7kil\u0259ri \u0259r\u0259f\u0259sind\u0259 repressiyalar daha da g\u00fccl\u0259nib\" class=\"read-more button\" href=\"https:\/\/www.meydan.tv\/az\/article\/amnesty-international-azerbaycanda-prezident-seckileri-erefesi-repressiyalar-daha-da-guclenib\/#more-297185\" aria-label=\"Read more about \u201cAmnesty \u0130nternational\u201d: Az\u0259rbaycanda Prezident se\u00e7kil\u0259ri \u0259r\u0259f\u0259sind\u0259 repressiyalar daha da g\u00fccl\u0259nib\">Davam\u0131<\/a><\/p>\n","protected":false},"author":8,"featured_media":271503,"comment_status":"closed","ping_status":"closed","sticky":false,"template":"","format":"standard","meta":{"_acf_changed":false,"_sitemap_exclude":false,"_sitemap_priority":"","_sitemap_frequency":"","footnotes":""},"categories":[129,59,56],"tags":[],"class_list":["post-297185","post","type-post","status-publish","format-standard","has-post-thumbnail","hentry","category-sechki-2024","category-siyaset","category-xeberler","infinite-scroll-item","generate-columns","tablet-grid-50","mobile-grid-100","grid-parent","grid-33","no-featured-image-padding"],"acf":[],"yoast_head":"<!-- This site is optimized with the Yoast SEO plugin v27.4 - https:\/\/yoast.com\/product\/yoast-seo-wordpress\/ -->\n<title>\u201cAmnesty \u0130nternational\u201d: Az\u0259rbaycanda Prezident se\u00e7kil\u0259ri \u0259r\u0259f\u0259sind\u0259 repressiyalar daha da g\u00fccl\u0259nib - MEYDAN.TV<\/title>\n<meta name=\"robots\" content=\"index, follow, max-snippet:-1, max-image-preview:large, max-video-preview:-1\" \/>\n<link rel=\"canonical\" href=\"https:\/\/www.meydan.tv\/az\/article\/amnesty-international-azerbaycanda-prezident-seckileri-erefesi-repressiyalar-daha-da-guclenib\/\" \/>\n<meta property=\"og:locale\" content=\"az_AZ\" \/>\n<meta property=\"og:type\" content=\"article\" \/>\n<meta property=\"og:title\" content=\"\u201cAmnesty \u0130nternational\u201d: Az\u0259rbaycanda Prezident se\u00e7kil\u0259ri \u0259r\u0259f\u0259sind\u0259 repressiyalar daha da g\u00fccl\u0259nib - MEYDAN.TV\" \/>\n<meta property=\"og:description\" content=\"&nbsp;Az\u0259rbaycan hakimiyy\u0259tin\u0259 \u00e7a\u011f\u0131r\u0131\u015f edildi Fevral\u0131n 7-d\u0259 Az\u0259rbaycanda ke\u00e7iril\u0259n n\u00f6vb\u0259d\u0259nk\u0259nar Prezident ... Davam\u0131\" \/>\n<meta property=\"og:url\" content=\"https:\/\/www.meydan.tv\/az\/article\/amnesty-international-azerbaycanda-prezident-seckileri-erefesi-repressiyalar-daha-da-guclenib\/\" \/>\n<meta property=\"og:site_name\" content=\"MEYDAN.TV\" \/>\n<meta property=\"article:published_time\" content=\"2024-02-07T08:04:01+00:00\" \/>\n<meta property=\"article:modified_time\" content=\"2024-02-07T09:29:47+00:00\" \/>\n<meta property=\"og:image\" content=\"https:\/\/www.meydan.tv\/wp-content\/uploads\/shutterstock_1219934308.jpg\" \/>\n\t<meta property=\"og:image:width\" content=\"1200\" \/>\n\t<meta property=\"og:image:height\" content=\"579\" \/>\n\t<meta property=\"og:image:type\" content=\"image\/jpeg\" \/>\n<meta name=\"author\" content=\"elli\" \/>\n<meta name=\"twitter:card\" content=\"summary_large_image\" \/>\n<meta name=\"twitter:creator\" content=\"@elli\" \/>\n<script type=\"application\/ld+json\" class=\"yoast-schema-graph\">{\"@context\":\"https:\\\/\\\/schema.org\",\"@graph\":[{\"@type\":\"Article\",\"@id\":\"https:\\\/\\\/www.meydan.tv\\\/az\\\/article\\\/amnesty-international-azerbaycanda-prezident-seckileri-erefesi-repressiyalar-daha-da-guclenib\\\/#article\",\"isPartOf\":{\"@id\":\"https:\\\/\\\/www.meydan.tv\\\/az\\\/article\\\/amnesty-international-azerbaycanda-prezident-seckileri-erefesi-repressiyalar-daha-da-guclenib\\\/\"},\"author\":{\"name\":\"elli\",\"@id\":\"https:\\\/\\\/www.meydan.tv\\\/az\\\/#\\\/schema\\\/person\\\/9cdbecf90d17180ce1dfbd95b08dcf47\"},\"headline\":\"\u201cAmnesty \u0130nternational\u201d: Az\u0259rbaycanda Prezident se\u00e7kil\u0259ri \u0259r\u0259f\u0259sind\u0259 repressiyalar daha da g\u00fccl\u0259nib\",\"datePublished\":\"2024-02-07T08:04:01+00:00\",\"dateModified\":\"2024-02-07T09:29:47+00:00\",\"mainEntityOfPage\":{\"@id\":\"https:\\\/\\\/www.meydan.tv\\\/az\\\/article\\\/amnesty-international-azerbaycanda-prezident-seckileri-erefesi-repressiyalar-daha-da-guclenib\\\/\"},\"wordCount\":1114,\"publisher\":{\"@id\":\"https:\\\/\\\/www.meydan.tv\\\/az\\\/#organization\"},\"image\":{\"@id\":\"https:\\\/\\\/www.meydan.tv\\\/az\\\/article\\\/amnesty-international-azerbaycanda-prezident-seckileri-erefesi-repressiyalar-daha-da-guclenib\\\/#primaryimage\"},\"thumbnailUrl\":\"https:\\\/\\\/www.meydan.tv\\\/wp-content\\\/uploads\\\/shutterstock_1219934308.jpg\",\"articleSection\":[\"Se\u00e7ki 2024\",\"Siyas\u0259t\",\"X\u0259b\u0259rl\u0259r\"],\"inLanguage\":\"az\"},{\"@type\":\"WebPage\",\"@id\":\"https:\\\/\\\/www.meydan.tv\\\/az\\\/article\\\/amnesty-international-azerbaycanda-prezident-seckileri-erefesi-repressiyalar-daha-da-guclenib\\\/\",\"url\":\"https:\\\/\\\/www.meydan.tv\\\/az\\\/article\\\/amnesty-international-azerbaycanda-prezident-seckileri-erefesi-repressiyalar-daha-da-guclenib\\\/\",\"name\":\"\u201cAmnesty \u0130nternational\u201d: Az\u0259rbaycanda Prezident se\u00e7kil\u0259ri \u0259r\u0259f\u0259sind\u0259 repressiyalar daha da g\u00fccl\u0259nib - MEYDAN.TV\",\"isPartOf\":{\"@id\":\"https:\\\/\\\/www.meydan.tv\\\/az\\\/#website\"},\"primaryImageOfPage\":{\"@id\":\"https:\\\/\\\/www.meydan.tv\\\/az\\\/article\\\/amnesty-international-azerbaycanda-prezident-seckileri-erefesi-repressiyalar-daha-da-guclenib\\\/#primaryimage\"},\"image\":{\"@id\":\"https:\\\/\\\/www.meydan.tv\\\/az\\\/article\\\/amnesty-international-azerbaycanda-prezident-seckileri-erefesi-repressiyalar-daha-da-guclenib\\\/#primaryimage\"},\"thumbnailUrl\":\"https:\\\/\\\/www.meydan.tv\\\/wp-content\\\/uploads\\\/shutterstock_1219934308.jpg\",\"datePublished\":\"2024-02-07T08:04:01+00:00\",\"dateModified\":\"2024-02-07T09:29:47+00:00\",\"breadcrumb\":{\"@id\":\"https:\\\/\\\/www.meydan.tv\\\/az\\\/article\\\/amnesty-international-azerbaycanda-prezident-seckileri-erefesi-repressiyalar-daha-da-guclenib\\\/#breadcrumb\"},\"inLanguage\":\"az\",\"potentialAction\":[{\"@type\":\"ReadAction\",\"target\":[\"https:\\\/\\\/www.meydan.tv\\\/az\\\/article\\\/amnesty-international-azerbaycanda-prezident-seckileri-erefesi-repressiyalar-daha-da-guclenib\\\/\"]}]},{\"@type\":\"ImageObject\",\"inLanguage\":\"az\",\"@id\":\"https:\\\/\\\/www.meydan.tv\\\/az\\\/article\\\/amnesty-international-azerbaycanda-prezident-seckileri-erefesi-repressiyalar-daha-da-guclenib\\\/#primaryimage\",\"url\":\"https:\\\/\\\/www.meydan.tv\\\/wp-content\\\/uploads\\\/shutterstock_1219934308.jpg\",\"contentUrl\":\"https:\\\/\\\/www.meydan.tv\\\/wp-content\\\/uploads\\\/shutterstock_1219934308.jpg\",\"width\":1200,\"height\":579,\"caption\":\"\\\"Amnesty International\\\". Foto: Derick P. Hudson\\\/shutterstock\"},{\"@type\":\"BreadcrumbList\",\"@id\":\"https:\\\/\\\/www.meydan.tv\\\/az\\\/article\\\/amnesty-international-azerbaycanda-prezident-seckileri-erefesi-repressiyalar-daha-da-guclenib\\\/#breadcrumb\",\"itemListElement\":[{\"@type\":\"ListItem\",\"position\":1,\"name\":\"Ana s\u0259hif\u0259\",\"item\":\"https:\\\/\\\/www.meydan.tv\\\/az\\\/\"},{\"@type\":\"ListItem\",\"position\":2,\"name\":\"Siyas\u0259t\",\"item\":\"https:\\\/\\\/www.meydan.tv\\\/az\\\/section\\\/siyaset\\\/\"},{\"@type\":\"ListItem\",\"position\":3,\"name\":\"\u201cAmnesty \u0130nternational\u201d: Az\u0259rbaycanda Prezident se\u00e7kil\u0259ri \u0259r\u0259f\u0259sind\u0259 repressiyalar daha da g\u00fccl\u0259nib\"}]},{\"@type\":\"WebSite\",\"@id\":\"https:\\\/\\\/www.meydan.tv\\\/az\\\/#website\",\"url\":\"https:\\\/\\\/www.meydan.tv\\\/az\\\/\",\"name\":\"MEYDAN.TV\",\"description\":\"Meydan TV Az\u0259rbaycan\u0131n media m\u0259kan\u0131ndak\u0131 alternativ s\u0259sidir\",\"publisher\":{\"@id\":\"https:\\\/\\\/www.meydan.tv\\\/az\\\/#organization\"},\"potentialAction\":[{\"@type\":\"SearchAction\",\"target\":{\"@type\":\"EntryPoint\",\"urlTemplate\":\"https:\\\/\\\/www.meydan.tv\\\/az\\\/?s={search_term_string}\"},\"query-input\":{\"@type\":\"PropertyValueSpecification\",\"valueRequired\":true,\"valueName\":\"search_term_string\"}}],\"inLanguage\":\"az\"},{\"@type\":\"Organization\",\"@id\":\"https:\\\/\\\/www.meydan.tv\\\/az\\\/#organization\",\"name\":\"Meydan TV\",\"url\":\"https:\\\/\\\/www.meydan.tv\\\/az\\\/\",\"logo\":{\"@type\":\"ImageObject\",\"inLanguage\":\"az\",\"@id\":\"https:\\\/\\\/www.meydan.tv\\\/az\\\/#\\\/schema\\\/logo\\\/image\\\/\",\"url\":\"https:\\\/\\\/www.meydan.tv\\\/wp-content\\\/uploads\\\/2021\\\/07\\\/meydan-logo.svg\",\"contentUrl\":\"https:\\\/\\\/www.meydan.tv\\\/wp-content\\\/uploads\\\/2021\\\/07\\\/meydan-logo.svg\",\"width\":195,\"height\":46,\"caption\":\"Meydan TV\"},\"image\":{\"@id\":\"https:\\\/\\\/www.meydan.tv\\\/az\\\/#\\\/schema\\\/logo\\\/image\\\/\"}},{\"@type\":\"Person\",\"@id\":\"https:\\\/\\\/www.meydan.tv\\\/az\\\/#\\\/schema\\\/person\\\/9cdbecf90d17180ce1dfbd95b08dcf47\",\"name\":\"elli\",\"sameAs\":[\"https:\\\/\\\/x.com\\\/elli\"]}]}<\/script>\n<!-- \/ Yoast SEO plugin. -->","yoast_head_json":{"title":"\u201cAmnesty \u0130nternational\u201d: Az\u0259rbaycanda Prezident se\u00e7kil\u0259ri \u0259r\u0259f\u0259sind\u0259 repressiyalar daha da g\u00fccl\u0259nib - MEYDAN.TV","robots":{"index":"index","follow":"follow","max-snippet":"max-snippet:-1","max-image-preview":"max-image-preview:large","max-video-preview":"max-video-preview:-1"},"canonical":"https:\/\/www.meydan.tv\/az\/article\/amnesty-international-azerbaycanda-prezident-seckileri-erefesi-repressiyalar-daha-da-guclenib\/","og_locale":"az_AZ","og_type":"article","og_title":"\u201cAmnesty \u0130nternational\u201d: Az\u0259rbaycanda Prezident se\u00e7kil\u0259ri \u0259r\u0259f\u0259sind\u0259 repressiyalar daha da g\u00fccl\u0259nib - MEYDAN.TV","og_description":"&nbsp;Az\u0259rbaycan hakimiyy\u0259tin\u0259 \u00e7a\u011f\u0131r\u0131\u015f edildi Fevral\u0131n 7-d\u0259 Az\u0259rbaycanda ke\u00e7iril\u0259n n\u00f6vb\u0259d\u0259nk\u0259nar Prezident ... Davam\u0131","og_url":"https:\/\/www.meydan.tv\/az\/article\/amnesty-international-azerbaycanda-prezident-seckileri-erefesi-repressiyalar-daha-da-guclenib\/","og_site_name":"MEYDAN.TV","article_published_time":"2024-02-07T08:04:01+00:00","article_modified_time":"2024-02-07T09:29:47+00:00","og_image":[{"width":1200,"height":579,"url":"https:\/\/www.meydan.tv\/wp-content\/uploads\/shutterstock_1219934308.jpg","type":"image\/jpeg"}],"author":"elli","twitter_card":"summary_large_image","twitter_creator":"@elli","schema":{"@context":"https:\/\/schema.org","@graph":[{"@type":"Article","@id":"https:\/\/www.meydan.tv\/az\/article\/amnesty-international-azerbaycanda-prezident-seckileri-erefesi-repressiyalar-daha-da-guclenib\/#article","isPartOf":{"@id":"https:\/\/www.meydan.tv\/az\/article\/amnesty-international-azerbaycanda-prezident-seckileri-erefesi-repressiyalar-daha-da-guclenib\/"},"author":{"name":"elli","@id":"https:\/\/www.meydan.tv\/az\/#\/schema\/person\/9cdbecf90d17180ce1dfbd95b08dcf47"},"headline":"\u201cAmnesty \u0130nternational\u201d: Az\u0259rbaycanda Prezident se\u00e7kil\u0259ri \u0259r\u0259f\u0259sind\u0259 repressiyalar daha da g\u00fccl\u0259nib","datePublished":"2024-02-07T08:04:01+00:00","dateModified":"2024-02-07T09:29:47+00:00","mainEntityOfPage":{"@id":"https:\/\/www.meydan.tv\/az\/article\/amnesty-international-azerbaycanda-prezident-seckileri-erefesi-repressiyalar-daha-da-guclenib\/"},"wordCount":1114,"publisher":{"@id":"https:\/\/www.meydan.tv\/az\/#organization"},"image":{"@id":"https:\/\/www.meydan.tv\/az\/article\/amnesty-international-azerbaycanda-prezident-seckileri-erefesi-repressiyalar-daha-da-guclenib\/#primaryimage"},"thumbnailUrl":"https:\/\/www.meydan.tv\/wp-content\/uploads\/shutterstock_1219934308.jpg","articleSection":["Se\u00e7ki 2024","Siyas\u0259t","X\u0259b\u0259rl\u0259r"],"inLanguage":"az"},{"@type":"WebPage","@id":"https:\/\/www.meydan.tv\/az\/article\/amnesty-international-azerbaycanda-prezident-seckileri-erefesi-repressiyalar-daha-da-guclenib\/","url":"https:\/\/www.meydan.tv\/az\/article\/amnesty-international-azerbaycanda-prezident-seckileri-erefesi-repressiyalar-daha-da-guclenib\/","name":"\u201cAmnesty \u0130nternational\u201d: Az\u0259rbaycanda Prezident se\u00e7kil\u0259ri \u0259r\u0259f\u0259sind\u0259 repressiyalar daha da g\u00fccl\u0259nib - MEYDAN.TV","isPartOf":{"@id":"https:\/\/www.meydan.tv\/az\/#website"},"primaryImageOfPage":{"@id":"https:\/\/www.meydan.tv\/az\/article\/amnesty-international-azerbaycanda-prezident-seckileri-erefesi-repressiyalar-daha-da-guclenib\/#primaryimage"},"image":{"@id":"https:\/\/www.meydan.tv\/az\/article\/amnesty-international-azerbaycanda-prezident-seckileri-erefesi-repressiyalar-daha-da-guclenib\/#primaryimage"},"thumbnailUrl":"https:\/\/www.meydan.tv\/wp-content\/uploads\/shutterstock_1219934308.jpg","datePublished":"2024-02-07T08:04:01+00:00","dateModified":"2024-02-07T09:29:47+00:00","breadcrumb":{"@id":"https:\/\/www.meydan.tv\/az\/article\/amnesty-international-azerbaycanda-prezident-seckileri-erefesi-repressiyalar-daha-da-guclenib\/#breadcrumb"},"inLanguage":"az","potentialAction":[{"@type":"ReadAction","target":["https:\/\/www.meydan.tv\/az\/article\/amnesty-international-azerbaycanda-prezident-seckileri-erefesi-repressiyalar-daha-da-guclenib\/"]}]},{"@type":"ImageObject","inLanguage":"az","@id":"https:\/\/www.meydan.tv\/az\/article\/amnesty-international-azerbaycanda-prezident-seckileri-erefesi-repressiyalar-daha-da-guclenib\/#primaryimage","url":"https:\/\/www.meydan.tv\/wp-content\/uploads\/shutterstock_1219934308.jpg","contentUrl":"https:\/\/www.meydan.tv\/wp-content\/uploads\/shutterstock_1219934308.jpg","width":1200,"height":579,"caption":"\"Amnesty International\". Foto: Derick P. Hudson\/shutterstock"},{"@type":"BreadcrumbList","@id":"https:\/\/www.meydan.tv\/az\/article\/amnesty-international-azerbaycanda-prezident-seckileri-erefesi-repressiyalar-daha-da-guclenib\/#breadcrumb","itemListElement":[{"@type":"ListItem","position":1,"name":"Ana s\u0259hif\u0259","item":"https:\/\/www.meydan.tv\/az\/"},{"@type":"ListItem","position":2,"name":"Siyas\u0259t","item":"https:\/\/www.meydan.tv\/az\/section\/siyaset\/"},{"@type":"ListItem","position":3,"name":"\u201cAmnesty \u0130nternational\u201d: Az\u0259rbaycanda Prezident se\u00e7kil\u0259ri \u0259r\u0259f\u0259sind\u0259 repressiyalar daha da g\u00fccl\u0259nib"}]},{"@type":"WebSite","@id":"https:\/\/www.meydan.tv\/az\/#website","url":"https:\/\/www.meydan.tv\/az\/","name":"MEYDAN.TV","description":"Meydan TV Az\u0259rbaycan\u0131n media m\u0259kan\u0131ndak\u0131 alternativ s\u0259sidir","publisher":{"@id":"https:\/\/www.meydan.tv\/az\/#organization"},"potentialAction":[{"@type":"SearchAction","target":{"@type":"EntryPoint","urlTemplate":"https:\/\/www.meydan.tv\/az\/?s={search_term_string}"},"query-input":{"@type":"PropertyValueSpecification","valueRequired":true,"valueName":"search_term_string"}}],"inLanguage":"az"},{"@type":"Organization","@id":"https:\/\/www.meydan.tv\/az\/#organization","name":"Meydan TV","url":"https:\/\/www.meydan.tv\/az\/","logo":{"@type":"ImageObject","inLanguage":"az","@id":"https:\/\/www.meydan.tv\/az\/#\/schema\/logo\/image\/","url":"https:\/\/www.meydan.tv\/wp-content\/uploads\/2021\/07\/meydan-logo.svg","contentUrl":"https:\/\/www.meydan.tv\/wp-content\/uploads\/2021\/07\/meydan-logo.svg","width":195,"height":46,"caption":"Meydan TV"},"image":{"@id":"https:\/\/www.meydan.tv\/az\/#\/schema\/logo\/image\/"}},{"@type":"Person","@id":"https:\/\/www.meydan.tv\/az\/#\/schema\/person\/9cdbecf90d17180ce1dfbd95b08dcf47","name":"elli","sameAs":["https:\/\/x.com\/elli"]}]}},"_links":{"self":[{"href":"https:\/\/www.meydan.tv\/az\/wp-json\/wp\/v2\/posts\/297185","targetHints":{"allow":["GET"]}}],"collection":[{"href":"https:\/\/www.meydan.tv\/az\/wp-json\/wp\/v2\/posts"}],"about":[{"href":"https:\/\/www.meydan.tv\/az\/wp-json\/wp\/v2\/types\/post"}],"author":[{"embeddable":true,"href":"https:\/\/www.meydan.tv\/az\/wp-json\/wp\/v2\/users\/8"}],"replies":[{"embeddable":true,"href":"https:\/\/www.meydan.tv\/az\/wp-json\/wp\/v2\/comments?post=297185"}],"version-history":[{"count":4,"href":"https:\/\/www.meydan.tv\/az\/wp-json\/wp\/v2\/posts\/297185\/revisions"}],"predecessor-version":[{"id":297235,"href":"https:\/\/www.meydan.tv\/az\/wp-json\/wp\/v2\/posts\/297185\/revisions\/297235"}],"wp:featuredmedia":[{"embeddable":true,"href":"https:\/\/www.meydan.tv\/az\/wp-json\/wp\/v2\/media\/271503"}],"wp:attachment":[{"href":"https:\/\/www.meydan.tv\/az\/wp-json\/wp\/v2\/media?parent=297185"}],"wp:term":[{"taxonomy":"category","embeddable":true,"href":"https:\/\/www.meydan.tv\/az\/wp-json\/wp\/v2\/categories?post=297185"},{"taxonomy":"post_tag","embeddable":true,"href":"https:\/\/www.meydan.tv\/az\/wp-json\/wp\/v2\/tags?post=297185"}],"curies":[{"name":"wp","href":"https:\/\/api.w.org\/{rel}","templated":true}]}}