{"id":297164,"date":"2024-02-07T10:45:59","date_gmt":"2024-02-07T06:45:59","guid":{"rendered":"https:\/\/www.meydan.tv\/?p=297164"},"modified":"2024-02-07T10:46:04","modified_gmt":"2024-02-07T06:46:04","slug":"beynelxalq-musahideciler-secki-ile-bagli-reylerini-sabah-aciqlayacaqlar","status":"publish","type":"post","link":"https:\/\/www.meydan.tv\/az\/article\/beynelxalq-musahideciler-secki-ile-bagli-reylerini-sabah-aciqlayacaqlar\/","title":{"rendered":"Beyn\u0259lxalq m\u00fc\u015fahid\u0259\u00e7il\u0259r se\u00e7ki il\u0259 ba\u011fl\u0131 r\u0259yl\u0259rini sabah a\u00e7\u0131qlayacaqlar"},"content":{"rendered":"\n<p><\/p>\n\n\n\n<p><em><strong>T\u0259dbir\u0259 \u201cZoom\u201d vasit\u0259sil\u0259 d\u0259 qat\u0131lmaq olar<\/strong><\/em><\/p>\n\n\n\n<p>Fevral\u0131n 7-d\u0259 Az\u0259rbaycanda ke\u00e7iril\u0259n n\u00f6vb\u0259d\u0259nk\u0259nar Prezident se\u00e7kil\u0259rini m\u00fc\u015fahid\u0259 ed\u0259n beyn\u0259lxalq m\u00fc\u015fahid\u0259\u00e7il\u0259r n\u0259tic\u0259l\u0259rl\u0259 ba\u011fl\u0131 r\u0259yl\u0259rini fevral\u0131n 8-d\u0259 a\u00e7\u0131qlayacaqlar. Konfrans jurnalistl\u0259r \u00fc\u00e7\u00fcn a\u00e7\u0131q olacaq. Onlar t\u0259dbir\u0259 canl\u0131 v\u0259 ya \u201cZoom\u201d vasit\u0259sil\u0259 qo\u015fula bil\u0259c\u0259kl\u0259r. <\/p>\n\n\n\n<p>Konfransda X\u00fcsusi Koordinator v\u0259 AT\u018fT-in q\u0131sam\u00fcdd\u0259tli m\u00fc\u015fahid\u0259\u00e7il\u0259rinin r\u0259hb\u0259ri Artur Gerasimov, AT\u018fT PA n\u00fcmay\u0259nd\u0259 hey\u0259tinin r\u0259hb\u0259ri Daniela De Ridder, DT\u0130HB se\u00e7ki m\u00fc\u015fahid\u0259 missiyas\u0131n\u0131n r\u0259hb\u0259ri Eoghan Murphy \u00e7\u0131x\u0131\u015f ed\u0259c\u0259k.<\/p>\n\n\n\n<p>Konfrans Bak\u0131 vaxt\u0131 il\u0259 saat 15:00-da, \u201cLandmark\u201d otelinin konfrans zal\u0131nda ke\u00e7iril\u0259c\u0259k. \u201cZoom\u201dla i\u015ftirak etm\u0259k ist\u0259y\u0259nl\u0259r fevral\u0131n 8-i saat 11:00-d\u0259k <a href=\"https:\/\/www.osce.org\/odihr\/elections\/azerbaijan\/562392\">qeydiyyatdan<\/a><a href=\"https:\/\/www.osce.org\/odihr\/elections\/azerbaijan\/562392\" target=\"_blank\" rel=\"noreferrer noopener\"> <\/a>ke\u00e7m\u0259lidirl\u0259r.<\/p>\n\n\n\n<p>M\u00fc\u015fahid\u0259 missiyas\u0131 DT\u0130HB t\u0259r\u0259find\u0259n ezam olunmu\u015f 256 ekspert, uzunm\u00fcdd\u0259tli v\u0259 q\u0131sam\u00fcdd\u0259tli m\u00fc\u015fahid\u0259\u00e7il\u0259rd\u0259n v\u0259 AT\u018fT PA-dan 79 n\u0259f\u0259rd\u0259n ibar\u0259t \u00fcmumilikd\u0259 335 m\u00fc\u015fahid\u0259\u00e7id\u0259n ibar\u0259tdir.<\/p>\n\n\n\n<p>M\u0259rk\u0259zi Se\u00e7ki Komissiyas\u0131n\u0131n (MSK) m\u0259lumat\u0131na g\u00f6r\u0259, Prezident se\u00e7kil\u0259rini izl\u0259m\u0259k \u00fc\u00e7\u00fcn \u00fcmumilikd\u0259 90 mind\u0259n art\u0131q m\u00fc\u015fahid\u0259\u00e7i qeydiyyatdan ke\u00e7ib. Onlardan 800 n\u0259f\u0259r\u0259 yax\u0131n\u0131 beyn\u0259lxalq m\u00fc\u015fahid\u0259\u00e7il\u0259rdir.<\/p>\n","protected":false},"excerpt":{"rendered":"<p>T\u0259dbir\u0259 \u201cZoom\u201d vasit\u0259sil\u0259 d\u0259 qat\u0131lmaq olar Fevral\u0131n 7-d\u0259 Az\u0259rbaycanda ke\u00e7iril\u0259n &#8230; <\/p>\n<p class=\"read-more-container\"><a title=\"Beyn\u0259lxalq m\u00fc\u015fahid\u0259\u00e7il\u0259r se\u00e7ki il\u0259 ba\u011fl\u0131 r\u0259yl\u0259rini sabah a\u00e7\u0131qlayacaqlar\" class=\"read-more button\" href=\"https:\/\/www.meydan.tv\/az\/article\/beynelxalq-musahideciler-secki-ile-bagli-reylerini-sabah-aciqlayacaqlar\/#more-297164\" aria-label=\"Read more about Beyn\u0259lxalq m\u00fc\u015fahid\u0259\u00e7il\u0259r se\u00e7ki il\u0259 ba\u011fl\u0131 r\u0259yl\u0259rini sabah a\u00e7\u0131qlayacaqlar\">Davam\u0131<\/a><\/p>\n","protected":false},"author":8,"featured_media":295713,"comment_status":"closed","ping_status":"closed","sticky":false,"template":"","format":"standard","meta":{"_acf_changed":false,"_sitemap_exclude":false,"_sitemap_priority":"","_sitemap_frequency":"","footnotes":""},"categories":[129,59,56],"tags":[],"class_list":["post-297164","post","type-post","status-publish","format-standard","has-post-thumbnail","hentry","category-sechki-2024","category-siyaset","category-xeberler","infinite-scroll-item","generate-columns","tablet-grid-50","mobile-grid-100","grid-parent","grid-33","no-featured-image-padding"],"acf":[],"yoast_head":"<!-- This site is optimized with the Yoast SEO plugin v27.4 - https:\/\/yoast.com\/product\/yoast-seo-wordpress\/ -->\n<title>Beyn\u0259lxalq m\u00fc\u015fahid\u0259\u00e7il\u0259r se\u00e7ki il\u0259 ba\u011fl\u0131 r\u0259yl\u0259rini sabah a\u00e7\u0131qlayacaqlar - MEYDAN.TV<\/title>\n<meta name=\"robots\" content=\"index, follow, max-snippet:-1, max-image-preview:large, max-video-preview:-1\" \/>\n<link rel=\"canonical\" href=\"https:\/\/www.meydan.tv\/az\/article\/beynelxalq-musahideciler-secki-ile-bagli-reylerini-sabah-aciqlayacaqlar\/\" \/>\n<meta property=\"og:locale\" content=\"az_AZ\" \/>\n<meta property=\"og:type\" content=\"article\" \/>\n<meta property=\"og:title\" content=\"Beyn\u0259lxalq m\u00fc\u015fahid\u0259\u00e7il\u0259r se\u00e7ki il\u0259 ba\u011fl\u0131 r\u0259yl\u0259rini sabah a\u00e7\u0131qlayacaqlar - MEYDAN.TV\" \/>\n<meta property=\"og:description\" content=\"T\u0259dbir\u0259 \u201cZoom\u201d vasit\u0259sil\u0259 d\u0259 qat\u0131lmaq olar Fevral\u0131n 7-d\u0259 Az\u0259rbaycanda ke\u00e7iril\u0259n ... Davam\u0131\" \/>\n<meta property=\"og:url\" content=\"https:\/\/www.meydan.tv\/az\/article\/beynelxalq-musahideciler-secki-ile-bagli-reylerini-sabah-aciqlayacaqlar\/\" \/>\n<meta property=\"og:site_name\" content=\"MEYDAN.TV\" \/>\n<meta property=\"article:published_time\" content=\"2024-02-07T06:45:59+00:00\" \/>\n<meta property=\"article:modified_time\" content=\"2024-02-07T06:46:04+00:00\" \/>\n<meta property=\"og:image\" content=\"https:\/\/www.meydan.tv\/wp-content\/uploads\/whatsapp-image-2024-01-22-at-11.34.58_7e57b3cc-e1706097927696.jpg\" \/>\n\t<meta property=\"og:image:width\" content=\"1200\" \/>\n\t<meta property=\"og:image:height\" content=\"776\" \/>\n\t<meta property=\"og:image:type\" content=\"image\/jpeg\" \/>\n<meta name=\"author\" content=\"elli\" \/>\n<meta name=\"twitter:card\" content=\"summary_large_image\" \/>\n<meta name=\"twitter:creator\" content=\"@elli\" \/>\n<script type=\"application\/ld+json\" class=\"yoast-schema-graph\">{\"@context\":\"https:\\\/\\\/schema.org\",\"@graph\":[{\"@type\":\"Article\",\"@id\":\"https:\\\/\\\/www.meydan.tv\\\/az\\\/article\\\/beynelxalq-musahideciler-secki-ile-bagli-reylerini-sabah-aciqlayacaqlar\\\/#article\",\"isPartOf\":{\"@id\":\"https:\\\/\\\/www.meydan.tv\\\/az\\\/article\\\/beynelxalq-musahideciler-secki-ile-bagli-reylerini-sabah-aciqlayacaqlar\\\/\"},\"author\":{\"name\":\"elli\",\"@id\":\"https:\\\/\\\/www.meydan.tv\\\/az\\\/#\\\/schema\\\/person\\\/9cdbecf90d17180ce1dfbd95b08dcf47\"},\"headline\":\"Beyn\u0259lxalq m\u00fc\u015fahid\u0259\u00e7il\u0259r se\u00e7ki il\u0259 ba\u011fl\u0131 r\u0259yl\u0259rini sabah a\u00e7\u0131qlayacaqlar\",\"datePublished\":\"2024-02-07T06:45:59+00:00\",\"dateModified\":\"2024-02-07T06:46:04+00:00\",\"mainEntityOfPage\":{\"@id\":\"https:\\\/\\\/www.meydan.tv\\\/az\\\/article\\\/beynelxalq-musahideciler-secki-ile-bagli-reylerini-sabah-aciqlayacaqlar\\\/\"},\"wordCount\":264,\"publisher\":{\"@id\":\"https:\\\/\\\/www.meydan.tv\\\/az\\\/#organization\"},\"image\":{\"@id\":\"https:\\\/\\\/www.meydan.tv\\\/az\\\/article\\\/beynelxalq-musahideciler-secki-ile-bagli-reylerini-sabah-aciqlayacaqlar\\\/#primaryimage\"},\"thumbnailUrl\":\"https:\\\/\\\/www.meydan.tv\\\/wp-content\\\/uploads\\\/whatsapp-image-2024-01-22-at-11.34.58_7e57b3cc-e1706097927696.jpg\",\"articleSection\":[\"Se\u00e7ki 2024\",\"Siyas\u0259t\",\"X\u0259b\u0259rl\u0259r\"],\"inLanguage\":\"az\"},{\"@type\":\"WebPage\",\"@id\":\"https:\\\/\\\/www.meydan.tv\\\/az\\\/article\\\/beynelxalq-musahideciler-secki-ile-bagli-reylerini-sabah-aciqlayacaqlar\\\/\",\"url\":\"https:\\\/\\\/www.meydan.tv\\\/az\\\/article\\\/beynelxalq-musahideciler-secki-ile-bagli-reylerini-sabah-aciqlayacaqlar\\\/\",\"name\":\"Beyn\u0259lxalq m\u00fc\u015fahid\u0259\u00e7il\u0259r se\u00e7ki il\u0259 ba\u011fl\u0131 r\u0259yl\u0259rini sabah a\u00e7\u0131qlayacaqlar - MEYDAN.TV\",\"isPartOf\":{\"@id\":\"https:\\\/\\\/www.meydan.tv\\\/az\\\/#website\"},\"primaryImageOfPage\":{\"@id\":\"https:\\\/\\\/www.meydan.tv\\\/az\\\/article\\\/beynelxalq-musahideciler-secki-ile-bagli-reylerini-sabah-aciqlayacaqlar\\\/#primaryimage\"},\"image\":{\"@id\":\"https:\\\/\\\/www.meydan.tv\\\/az\\\/article\\\/beynelxalq-musahideciler-secki-ile-bagli-reylerini-sabah-aciqlayacaqlar\\\/#primaryimage\"},\"thumbnailUrl\":\"https:\\\/\\\/www.meydan.tv\\\/wp-content\\\/uploads\\\/whatsapp-image-2024-01-22-at-11.34.58_7e57b3cc-e1706097927696.jpg\",\"datePublished\":\"2024-02-07T06:45:59+00:00\",\"dateModified\":\"2024-02-07T06:46:04+00:00\",\"breadcrumb\":{\"@id\":\"https:\\\/\\\/www.meydan.tv\\\/az\\\/article\\\/beynelxalq-musahideciler-secki-ile-bagli-reylerini-sabah-aciqlayacaqlar\\\/#breadcrumb\"},\"inLanguage\":\"az\",\"potentialAction\":[{\"@type\":\"ReadAction\",\"target\":[\"https:\\\/\\\/www.meydan.tv\\\/az\\\/article\\\/beynelxalq-musahideciler-secki-ile-bagli-reylerini-sabah-aciqlayacaqlar\\\/\"]}]},{\"@type\":\"ImageObject\",\"inLanguage\":\"az\",\"@id\":\"https:\\\/\\\/www.meydan.tv\\\/az\\\/article\\\/beynelxalq-musahideciler-secki-ile-bagli-reylerini-sabah-aciqlayacaqlar\\\/#primaryimage\",\"url\":\"https:\\\/\\\/www.meydan.tv\\\/wp-content\\\/uploads\\\/whatsapp-image-2024-01-22-at-11.34.58_7e57b3cc-e1706097927696.jpg\",\"contentUrl\":\"https:\\\/\\\/www.meydan.tv\\\/wp-content\\\/uploads\\\/whatsapp-image-2024-01-22-at-11.34.58_7e57b3cc-e1706097927696.jpg\",\"width\":1200,\"height\":776,\"caption\":\"Se\u00e7ki. Foto: Meydan TV\"},{\"@type\":\"BreadcrumbList\",\"@id\":\"https:\\\/\\\/www.meydan.tv\\\/az\\\/article\\\/beynelxalq-musahideciler-secki-ile-bagli-reylerini-sabah-aciqlayacaqlar\\\/#breadcrumb\",\"itemListElement\":[{\"@type\":\"ListItem\",\"position\":1,\"name\":\"Ana s\u0259hif\u0259\",\"item\":\"https:\\\/\\\/www.meydan.tv\\\/az\\\/\"},{\"@type\":\"ListItem\",\"position\":2,\"name\":\"Siyas\u0259t\",\"item\":\"https:\\\/\\\/www.meydan.tv\\\/az\\\/section\\\/siyaset\\\/\"},{\"@type\":\"ListItem\",\"position\":3,\"name\":\"Beyn\u0259lxalq m\u00fc\u015fahid\u0259\u00e7il\u0259r se\u00e7ki il\u0259 ba\u011fl\u0131 r\u0259yl\u0259rini sabah a\u00e7\u0131qlayacaqlar\"}]},{\"@type\":\"WebSite\",\"@id\":\"https:\\\/\\\/www.meydan.tv\\\/az\\\/#website\",\"url\":\"https:\\\/\\\/www.meydan.tv\\\/az\\\/\",\"name\":\"MEYDAN.TV\",\"description\":\"Meydan TV Az\u0259rbaycan\u0131n media m\u0259kan\u0131ndak\u0131 alternativ s\u0259sidir\",\"publisher\":{\"@id\":\"https:\\\/\\\/www.meydan.tv\\\/az\\\/#organization\"},\"potentialAction\":[{\"@type\":\"SearchAction\",\"target\":{\"@type\":\"EntryPoint\",\"urlTemplate\":\"https:\\\/\\\/www.meydan.tv\\\/az\\\/?s={search_term_string}\"},\"query-input\":{\"@type\":\"PropertyValueSpecification\",\"valueRequired\":true,\"valueName\":\"search_term_string\"}}],\"inLanguage\":\"az\"},{\"@type\":\"Organization\",\"@id\":\"https:\\\/\\\/www.meydan.tv\\\/az\\\/#organization\",\"name\":\"Meydan TV\",\"url\":\"https:\\\/\\\/www.meydan.tv\\\/az\\\/\",\"logo\":{\"@type\":\"ImageObject\",\"inLanguage\":\"az\",\"@id\":\"https:\\\/\\\/www.meydan.tv\\\/az\\\/#\\\/schema\\\/logo\\\/image\\\/\",\"url\":\"https:\\\/\\\/www.meydan.tv\\\/wp-content\\\/uploads\\\/2021\\\/07\\\/meydan-logo.svg\",\"contentUrl\":\"https:\\\/\\\/www.meydan.tv\\\/wp-content\\\/uploads\\\/2021\\\/07\\\/meydan-logo.svg\",\"width\":195,\"height\":46,\"caption\":\"Meydan TV\"},\"image\":{\"@id\":\"https:\\\/\\\/www.meydan.tv\\\/az\\\/#\\\/schema\\\/logo\\\/image\\\/\"}},{\"@type\":\"Person\",\"@id\":\"https:\\\/\\\/www.meydan.tv\\\/az\\\/#\\\/schema\\\/person\\\/9cdbecf90d17180ce1dfbd95b08dcf47\",\"name\":\"elli\",\"sameAs\":[\"https:\\\/\\\/x.com\\\/elli\"]}]}<\/script>\n<!-- \/ Yoast SEO plugin. -->","yoast_head_json":{"title":"Beyn\u0259lxalq m\u00fc\u015fahid\u0259\u00e7il\u0259r se\u00e7ki il\u0259 ba\u011fl\u0131 r\u0259yl\u0259rini sabah a\u00e7\u0131qlayacaqlar - MEYDAN.TV","robots":{"index":"index","follow":"follow","max-snippet":"max-snippet:-1","max-image-preview":"max-image-preview:large","max-video-preview":"max-video-preview:-1"},"canonical":"https:\/\/www.meydan.tv\/az\/article\/beynelxalq-musahideciler-secki-ile-bagli-reylerini-sabah-aciqlayacaqlar\/","og_locale":"az_AZ","og_type":"article","og_title":"Beyn\u0259lxalq m\u00fc\u015fahid\u0259\u00e7il\u0259r se\u00e7ki il\u0259 ba\u011fl\u0131 r\u0259yl\u0259rini sabah a\u00e7\u0131qlayacaqlar - MEYDAN.TV","og_description":"T\u0259dbir\u0259 \u201cZoom\u201d vasit\u0259sil\u0259 d\u0259 qat\u0131lmaq olar Fevral\u0131n 7-d\u0259 Az\u0259rbaycanda ke\u00e7iril\u0259n ... Davam\u0131","og_url":"https:\/\/www.meydan.tv\/az\/article\/beynelxalq-musahideciler-secki-ile-bagli-reylerini-sabah-aciqlayacaqlar\/","og_site_name":"MEYDAN.TV","article_published_time":"2024-02-07T06:45:59+00:00","article_modified_time":"2024-02-07T06:46:04+00:00","og_image":[{"width":1200,"height":776,"url":"https:\/\/www.meydan.tv\/wp-content\/uploads\/whatsapp-image-2024-01-22-at-11.34.58_7e57b3cc-e1706097927696.jpg","type":"image\/jpeg"}],"author":"elli","twitter_card":"summary_large_image","twitter_creator":"@elli","schema":{"@context":"https:\/\/schema.org","@graph":[{"@type":"Article","@id":"https:\/\/www.meydan.tv\/az\/article\/beynelxalq-musahideciler-secki-ile-bagli-reylerini-sabah-aciqlayacaqlar\/#article","isPartOf":{"@id":"https:\/\/www.meydan.tv\/az\/article\/beynelxalq-musahideciler-secki-ile-bagli-reylerini-sabah-aciqlayacaqlar\/"},"author":{"name":"elli","@id":"https:\/\/www.meydan.tv\/az\/#\/schema\/person\/9cdbecf90d17180ce1dfbd95b08dcf47"},"headline":"Beyn\u0259lxalq m\u00fc\u015fahid\u0259\u00e7il\u0259r se\u00e7ki il\u0259 ba\u011fl\u0131 r\u0259yl\u0259rini sabah a\u00e7\u0131qlayacaqlar","datePublished":"2024-02-07T06:45:59+00:00","dateModified":"2024-02-07T06:46:04+00:00","mainEntityOfPage":{"@id":"https:\/\/www.meydan.tv\/az\/article\/beynelxalq-musahideciler-secki-ile-bagli-reylerini-sabah-aciqlayacaqlar\/"},"wordCount":264,"publisher":{"@id":"https:\/\/www.meydan.tv\/az\/#organization"},"image":{"@id":"https:\/\/www.meydan.tv\/az\/article\/beynelxalq-musahideciler-secki-ile-bagli-reylerini-sabah-aciqlayacaqlar\/#primaryimage"},"thumbnailUrl":"https:\/\/www.meydan.tv\/wp-content\/uploads\/whatsapp-image-2024-01-22-at-11.34.58_7e57b3cc-e1706097927696.jpg","articleSection":["Se\u00e7ki 2024","Siyas\u0259t","X\u0259b\u0259rl\u0259r"],"inLanguage":"az"},{"@type":"WebPage","@id":"https:\/\/www.meydan.tv\/az\/article\/beynelxalq-musahideciler-secki-ile-bagli-reylerini-sabah-aciqlayacaqlar\/","url":"https:\/\/www.meydan.tv\/az\/article\/beynelxalq-musahideciler-secki-ile-bagli-reylerini-sabah-aciqlayacaqlar\/","name":"Beyn\u0259lxalq m\u00fc\u015fahid\u0259\u00e7il\u0259r se\u00e7ki il\u0259 ba\u011fl\u0131 r\u0259yl\u0259rini sabah a\u00e7\u0131qlayacaqlar - MEYDAN.TV","isPartOf":{"@id":"https:\/\/www.meydan.tv\/az\/#website"},"primaryImageOfPage":{"@id":"https:\/\/www.meydan.tv\/az\/article\/beynelxalq-musahideciler-secki-ile-bagli-reylerini-sabah-aciqlayacaqlar\/#primaryimage"},"image":{"@id":"https:\/\/www.meydan.tv\/az\/article\/beynelxalq-musahideciler-secki-ile-bagli-reylerini-sabah-aciqlayacaqlar\/#primaryimage"},"thumbnailUrl":"https:\/\/www.meydan.tv\/wp-content\/uploads\/whatsapp-image-2024-01-22-at-11.34.58_7e57b3cc-e1706097927696.jpg","datePublished":"2024-02-07T06:45:59+00:00","dateModified":"2024-02-07T06:46:04+00:00","breadcrumb":{"@id":"https:\/\/www.meydan.tv\/az\/article\/beynelxalq-musahideciler-secki-ile-bagli-reylerini-sabah-aciqlayacaqlar\/#breadcrumb"},"inLanguage":"az","potentialAction":[{"@type":"ReadAction","target":["https:\/\/www.meydan.tv\/az\/article\/beynelxalq-musahideciler-secki-ile-bagli-reylerini-sabah-aciqlayacaqlar\/"]}]},{"@type":"ImageObject","inLanguage":"az","@id":"https:\/\/www.meydan.tv\/az\/article\/beynelxalq-musahideciler-secki-ile-bagli-reylerini-sabah-aciqlayacaqlar\/#primaryimage","url":"https:\/\/www.meydan.tv\/wp-content\/uploads\/whatsapp-image-2024-01-22-at-11.34.58_7e57b3cc-e1706097927696.jpg","contentUrl":"https:\/\/www.meydan.tv\/wp-content\/uploads\/whatsapp-image-2024-01-22-at-11.34.58_7e57b3cc-e1706097927696.jpg","width":1200,"height":776,"caption":"Se\u00e7ki. Foto: Meydan TV"},{"@type":"BreadcrumbList","@id":"https:\/\/www.meydan.tv\/az\/article\/beynelxalq-musahideciler-secki-ile-bagli-reylerini-sabah-aciqlayacaqlar\/#breadcrumb","itemListElement":[{"@type":"ListItem","position":1,"name":"Ana s\u0259hif\u0259","item":"https:\/\/www.meydan.tv\/az\/"},{"@type":"ListItem","position":2,"name":"Siyas\u0259t","item":"https:\/\/www.meydan.tv\/az\/section\/siyaset\/"},{"@type":"ListItem","position":3,"name":"Beyn\u0259lxalq m\u00fc\u015fahid\u0259\u00e7il\u0259r se\u00e7ki il\u0259 ba\u011fl\u0131 r\u0259yl\u0259rini sabah a\u00e7\u0131qlayacaqlar"}]},{"@type":"WebSite","@id":"https:\/\/www.meydan.tv\/az\/#website","url":"https:\/\/www.meydan.tv\/az\/","name":"MEYDAN.TV","description":"Meydan TV Az\u0259rbaycan\u0131n media m\u0259kan\u0131ndak\u0131 alternativ s\u0259sidir","publisher":{"@id":"https:\/\/www.meydan.tv\/az\/#organization"},"potentialAction":[{"@type":"SearchAction","target":{"@type":"EntryPoint","urlTemplate":"https:\/\/www.meydan.tv\/az\/?s={search_term_string}"},"query-input":{"@type":"PropertyValueSpecification","valueRequired":true,"valueName":"search_term_string"}}],"inLanguage":"az"},{"@type":"Organization","@id":"https:\/\/www.meydan.tv\/az\/#organization","name":"Meydan TV","url":"https:\/\/www.meydan.tv\/az\/","logo":{"@type":"ImageObject","inLanguage":"az","@id":"https:\/\/www.meydan.tv\/az\/#\/schema\/logo\/image\/","url":"https:\/\/www.meydan.tv\/wp-content\/uploads\/2021\/07\/meydan-logo.svg","contentUrl":"https:\/\/www.meydan.tv\/wp-content\/uploads\/2021\/07\/meydan-logo.svg","width":195,"height":46,"caption":"Meydan TV"},"image":{"@id":"https:\/\/www.meydan.tv\/az\/#\/schema\/logo\/image\/"}},{"@type":"Person","@id":"https:\/\/www.meydan.tv\/az\/#\/schema\/person\/9cdbecf90d17180ce1dfbd95b08dcf47","name":"elli","sameAs":["https:\/\/x.com\/elli"]}]}},"_links":{"self":[{"href":"https:\/\/www.meydan.tv\/az\/wp-json\/wp\/v2\/posts\/297164","targetHints":{"allow":["GET"]}}],"collection":[{"href":"https:\/\/www.meydan.tv\/az\/wp-json\/wp\/v2\/posts"}],"about":[{"href":"https:\/\/www.meydan.tv\/az\/wp-json\/wp\/v2\/types\/post"}],"author":[{"embeddable":true,"href":"https:\/\/www.meydan.tv\/az\/wp-json\/wp\/v2\/users\/8"}],"replies":[{"embeddable":true,"href":"https:\/\/www.meydan.tv\/az\/wp-json\/wp\/v2\/comments?post=297164"}],"version-history":[{"count":3,"href":"https:\/\/www.meydan.tv\/az\/wp-json\/wp\/v2\/posts\/297164\/revisions"}],"predecessor-version":[{"id":297168,"href":"https:\/\/www.meydan.tv\/az\/wp-json\/wp\/v2\/posts\/297164\/revisions\/297168"}],"wp:featuredmedia":[{"embeddable":true,"href":"https:\/\/www.meydan.tv\/az\/wp-json\/wp\/v2\/media\/295713"}],"wp:attachment":[{"href":"https:\/\/www.meydan.tv\/az\/wp-json\/wp\/v2\/media?parent=297164"}],"wp:term":[{"taxonomy":"category","embeddable":true,"href":"https:\/\/www.meydan.tv\/az\/wp-json\/wp\/v2\/categories?post=297164"},{"taxonomy":"post_tag","embeddable":true,"href":"https:\/\/www.meydan.tv\/az\/wp-json\/wp\/v2\/tags?post=297164"}],"curies":[{"name":"wp","href":"https:\/\/api.w.org\/{rel}","templated":true}]}}