{"id":297119,"date":"2024-02-06T21:14:19","date_gmt":"2024-02-06T17:14:19","guid":{"rendered":"https:\/\/www.meydan.tv\/?p=297119"},"modified":"2024-02-06T21:14:59","modified_gmt":"2024-02-06T17:14:59","slug":"105-olkede-olan-300-den-cox-teskilat-ilham-eliyeve-muraciet-etdi-secki-gunu-internete-tehlukesiz-cixis-olsun","status":"publish","type":"post","link":"https:\/\/www.meydan.tv\/az\/article\/105-olkede-olan-300-den-cox-teskilat-ilham-eliyeve-muraciet-etdi-secki-gunu-internete-tehlukesiz-cixis-olsun\/","title":{"rendered":"105 \u00f6lk\u0259d\u0259 olan 300-d\u0259n \u00e7ox t\u0259\u015fkilat \u0130lham \u018fliyev\u0259 m\u00fcraci\u0259t etdi: Se\u00e7ki g\u00fcn\u00fc internet\u0259 t\u0259hl\u00fck\u0259siz \u00e7\u0131x\u0131\u015f olsun"},"content":{"rendered":"\n<p><\/p>\n\n\n\n<p><strong><em>\u201c\u0130nternetin dayand\u0131r\u0131lmas\u0131 h\u0259m d\u0259 jurnalistl\u0259rin yerd\u0259n reportaj haz\u0131rlamas\u0131n\u0131 son d\u0259r\u0259c\u0259 \u00e7\u0259tinl\u0259\u015fdirir\u201d<\/em><\/strong><\/p>\n\n\n\n<p>105 \u00f6lk\u0259d\u0259 olan 300-d\u0259n \u00e7ox t\u0259\u015fkilat \u0130lham \u018fliyev\u0259 m\u00fcraci\u0259t ed\u0259r\u0259k, se\u00e7ki zaman\u0131 v\u0259 se\u00e7kil\u0259rd\u0259n sonra Az\u0259rbaycan xalq\u0131n\u0131n internet\u0259 t\u0259hl\u00fck\u0259siz \u00e7\u0131x\u0131\u015f\u0131n\u0131 t\u0259min etm\u0259sini <a href=\"https:\/\/www.accessnow.org\/press-release\/azerbaijani-government-telcos-keepiton-during-elections\/\">ist\u0259yib<\/a>.<\/p>\n\n\n\n<p>H\u0259min t\u0259\u015fkilatlar\u0131 birl\u0259\u015fdir\u0259n qlobal \u015f\u0259b\u0259k\u0259 #KeepItOn koalisiyas\u0131n\u0131n \u00fczvl\u0259ri bildirirl\u0259r ki, Az\u0259rbaycan h\u00f6kum\u0259ti v\u0259 internet provayderl\u0259ri se\u00e7ki g\u00fcn\u00fc pulsuz, a\u00e7\u0131q v\u0259 t\u0259hl\u00fck\u0259siz internet\u0259 \u00e7\u0131x\u0131\u015f\u0131 t\u0259min etm\u0259lidirl\u0259r.<\/p>\n\n\n\n<p>#KeepItOn bu m\u0259s\u0259l\u0259d\u0259 \u0130lham \u018fliyevl\u0259 yana\u015f\u0131, Ba\u015f nazir \u018fli \u018fs\u0259dov, R\u0259q\u0259msal \u0130nki\u015faf v\u0259 N\u0259qliyyat naziri R\u0259\u015fad N\u0259biyev, D\u00f6vl\u0259t T\u0259hl\u00fck\u0259sizliyi Xidm\u0259tinin r\u0259isi \u018fli Na\u011f\u0131yev v\u0259 Aztelekom, \u201cAzercell Telecom\u201d, &#8220;Nar&#8221;, \u201cBakcell\u201d r\u0259hb\u0259rl\u0259rin\u0259 d\u0259 m\u00fcraci\u0259t edib.<\/p>\n\n\n\n<p>M\u00fcraci\u0259td\u0259 deyilir ki, h\u00f6kum\u0259t h\u0259r k\u0259sin s\u0259rb\u0259st ifad\u0259, topla\u015fma, birl\u0259\u015fm\u0259k \u00fc\u00e7\u00fcn m\u0259lumat v\u0259 imkanlara mane\u0259siz \u00e7\u0131x\u0131\u015f\u0131n\u0131 t\u0259min etm\u0259lidir. Bu bax\u0131mdan internet v\u0259 sosial media platformalar\u0131 i\u015ftirak\u00e7\u0131 idar\u0259etm\u0259nin g\u00fccl\u0259ndirilm\u0259sind\u0259, inkl\u00fczivliyin v\u0259 \u015f\u0259ffafl\u0131\u011f\u0131n inki\u015faf etdirilm\u0259sind\u0259 v\u0259 demokratik c\u0259miyy\u0259td\u0259 \u0259sas insan h\u00fcquqlar\u0131n\u0131n &#8211; Az\u0259rbaycan Konstitusiyas\u0131nda t\u0259sbit olunmu\u015f b\u00fct\u00fcn prinsipl\u0259rin h\u0259yata ke\u00e7irilm\u0259sind\u0259 m\u00fch\u00fcm rol oynay\u0131r:<\/p>\n\n\n\n<p><em>\u201cSe\u00e7ki prosesl\u0259ri v\u0259 siyasi namiz\u0259dl\u0259r haqq\u0131nda ictimai m\u00fczakir\u0259l\u0259r\u0259 \u015f\u0259rait yarad\u0131r v\u0259 se\u00e7icil\u0259r\u0259 \u00f6z h\u0259r\u0259k\u0259tl\u0259rin\u0259 g\u00f6r\u0259 h\u00f6kum\u0259tl\u0259ri cavabdehl\u0259ndirm\u0259y\u0259 imkan verir. \u0130nternet\u0259 v\u0259 r\u0259q\u0259msal platformalara \u00e7\u0131x\u0131\u015f, h\u0259m\u00e7inin jurnalistl\u0259r, h\u00fcquq m\u00fcdafi\u0259\u00e7il\u0259ri v\u0259 se\u00e7ki m\u00fc\u015fahid\u0259\u00e7il\u0259ri t\u0259r\u0259find\u0259n effektiv se\u00e7ki hesabatlar\u0131n\u0131n haz\u0131rlanmas\u0131, monitorinqi v\u0259 i\u015f\u0131qland\u0131r\u0131lmas\u0131n\u0131 asanla\u015fd\u0131r\u0131r\u201d<\/em>.<\/p>\n\n\n\n<p>Daha sonra Az\u0259rbaycanda internetin \u0259vv\u0259ll\u0259r d\u0259 m\u0259hdudla\u015fd\u0131r\u0131lmas\u0131na toxunulub.<\/p>\n\n\n\n<p>M\u0259s\u0259l\u0259n, 2023-c\u00fc il sentyabr\u0131n 19-da Da\u011fl\u0131q Qaraba\u011f b\u00f6lg\u0259sind\u0259 ba\u015flanan h\u0259rbi \u0259m\u0259liyyat zaman\u0131 F\u00fczuli \u015f\u0259h\u0259rind\u0259 internet bloklanm\u0131\u015fd\u0131.<\/p>\n\n\n\n<p>Eyni zamanda, h\u00f6kum\u0259t mitinql\u0259r zaman\u0131 aksiyalar\u0131n ke\u00e7irildiyi \u0259razil\u0259rd\u0259 d\u0259 interneti bloklay\u0131r.<\/p>\n\n\n\n<p>2022-ci il sentyabr\u0131n 14-d\u0259 Az\u0259rbaycan-Erm\u0259nistan s\u0259rh\u0259dind\u0259 h\u0259rbi h\u00fccum zaman\u0131 \u201cTikTok\u201da giri\u015f m\u0259hdudla\u015fd\u0131r\u0131lm\u0131\u015fd\u0131.<\/p>\n\n\n\n<p>M\u00fcraci\u0259td\u0259 deyilir ki, internetin ba\u011flanmas\u0131 v\u0259 zorak\u0131l\u0131q \u0259l-\u0259l\u0259 verir. M\u00fcnaqi\u015f\u0259, etirazlar v\u0259 ya ictimai sa\u011flaml\u0131q v\u0259ziyy\u0259tind\u0259 f\u00f6vq\u0259lad\u0259 hallar zaman\u0131 internetin ba\u011flanmas\u0131 h\u0259yati, vaxt\u0131nda v\u0259 potensial xilasedici m\u0259lumatlar\u0131n \u0259l\u00e7atanl\u0131\u011f\u0131n\u0131 m\u0259hdudla\u015fd\u0131r\u0131r, h\u0259m\u00e7inin f\u00f6vq\u0259lad\u0259 hallar xidm\u0259tl\u0259rin\u0259 \u00e7\u0131x\u0131\u015f\u0131 m\u0259hdudla\u015fd\u0131r\u0131r.<\/p>\n\n\n\n<p>#KeepItOn \u0259lav\u0259 edir ki, internetin dayand\u0131r\u0131lmas\u0131 h\u0259m d\u0259 jurnalistl\u0259rin yerd\u0259n reportaj haz\u0131rlamas\u0131n\u0131 son d\u0259r\u0259c\u0259 \u00e7\u0259tinl\u0259\u015fdirir v\u0259 bununla da h\u0259m Az\u0259rbaycanda, h\u0259m d\u0259 Az\u0259rbaycandan k\u0259narda insanlar\u0131n etibarl\u0131 m\u0259lumat \u0259ld\u0259 etm\u0259sin\u0259 imkan vermir.<\/p>\n\n\n\n<p><em>\u201cBu, M\u0259rk\u0259zi Se\u00e7ki Komissiyas\u0131n\u0131n, milli v\u0259 beyn\u0259lxalq se\u00e7ki m\u00fc\u015fahid\u0259\u00e7i qruplar\u0131n\u0131n, siyasi partiyalar\u0131n, media orqanlar\u0131n\u0131n v\u0259 v\u0259t\u0259nda\u015f c\u0259miyy\u0259tinin se\u00e7ki prosesini yax\u0131ndan izl\u0259m\u0259sini \u00e7\u0259tinl\u0259\u015fdir\u0259r\u201d<\/em>.<\/p>\n\n\n\n<p>M\u00fcraci\u0259td\u0259 internetin ba\u011flanmas\u0131n\u0131n milli v\u0259 beyn\u0259lxalq qanunlara zidd oldu\u011fu da \u00f6n\u0259 \u00e7\u0259kilir. Bel\u0259 add\u0131m\u0131n Az\u0259rbaycan Respublikas\u0131n\u0131n Konstitusiyas\u0131 (madd\u0259 47, 49, 50), \u00dcmumd\u00fcnya \u0130nsan H\u00fcquqlar\u0131 B\u0259yannam\u0259si (UDHR) v\u0259 M\u00fclki v\u0259 Siyasi H\u00fcquqlar Haqq\u0131nda Beyn\u0259lxalq Pakt da daxil olmaqla, milli, regional v\u0259 beyn\u0259lxalq \u00e7\u0259r\u00e7iv\u0259l\u0259rl\u0259 t\u0259min edil\u0259n \u0259sas insan h\u00fcquqlar\u0131n\u0131 pozdu\u011fu deyilir.<\/p>\n\n\n\n<p>Birl\u0259\u015fmi\u015f Mill\u0259tl\u0259r T\u0259\u015fkilat\u0131n\u0131n (BMT) \u0130nsan H\u00fcquqlar\u0131 Komit\u0259si \u00f6z\u00fcn\u00fcn 37 sayl\u0131 \u015f\u0259rhind\u0259 d\u0259 vur\u011fulay\u0131r ki, <em>\u201ci\u015ftirak\u00e7\u0131 d\u00f6vl\u0259tl\u0259r, m\u0259s\u0259l\u0259n, dinc toplant\u0131larla ba\u011fl\u0131 \u0130nternet ba\u011flant\u0131s\u0131n\u0131 bloklamamal\u0131 v\u0259 ya mane olmamal\u0131d\u0131r\u201d<\/em>.<\/p>\n","protected":false},"excerpt":{"rendered":"<p>\u201c\u0130nternetin dayand\u0131r\u0131lmas\u0131 h\u0259m d\u0259 jurnalistl\u0259rin yerd\u0259n reportaj haz\u0131rlamas\u0131n\u0131 son d\u0259r\u0259c\u0259 &#8230; <\/p>\n<p class=\"read-more-container\"><a title=\"105 \u00f6lk\u0259d\u0259 olan 300-d\u0259n \u00e7ox t\u0259\u015fkilat \u0130lham \u018fliyev\u0259 m\u00fcraci\u0259t etdi: Se\u00e7ki g\u00fcn\u00fc internet\u0259 t\u0259hl\u00fck\u0259siz \u00e7\u0131x\u0131\u015f olsun\" class=\"read-more button\" href=\"https:\/\/www.meydan.tv\/az\/article\/105-olkede-olan-300-den-cox-teskilat-ilham-eliyeve-muraciet-etdi-secki-gunu-internete-tehlukesiz-cixis-olsun\/#more-297119\" aria-label=\"Read more about 105 \u00f6lk\u0259d\u0259 olan 300-d\u0259n \u00e7ox t\u0259\u015fkilat \u0130lham \u018fliyev\u0259 m\u00fcraci\u0259t etdi: Se\u00e7ki g\u00fcn\u00fc internet\u0259 t\u0259hl\u00fck\u0259siz \u00e7\u0131x\u0131\u015f olsun\">Davam\u0131<\/a><\/p>\n","protected":false},"author":21,"featured_media":229569,"comment_status":"closed","ping_status":"closed","sticky":false,"template":"","format":"standard","meta":{"_acf_changed":false,"_sitemap_exclude":false,"_sitemap_priority":"","_sitemap_frequency":"","footnotes":""},"categories":[129,59,56],"tags":[],"class_list":["post-297119","post","type-post","status-publish","format-standard","has-post-thumbnail","hentry","category-sechki-2024","category-siyaset","category-xeberler","infinite-scroll-item","generate-columns","tablet-grid-50","mobile-grid-100","grid-parent","grid-33","no-featured-image-padding"],"acf":[],"yoast_head":"<!-- This site is optimized with the Yoast SEO plugin v27.4 - https:\/\/yoast.com\/product\/yoast-seo-wordpress\/ -->\n<title>105 \u00f6lk\u0259d\u0259 olan 300-d\u0259n \u00e7ox t\u0259\u015fkilat \u0130lham \u018fliyev\u0259 m\u00fcraci\u0259t etdi: Se\u00e7ki g\u00fcn\u00fc internet\u0259 t\u0259hl\u00fck\u0259siz \u00e7\u0131x\u0131\u015f olsun - MEYDAN.TV<\/title>\n<meta name=\"robots\" content=\"index, follow, max-snippet:-1, max-image-preview:large, max-video-preview:-1\" \/>\n<link rel=\"canonical\" href=\"https:\/\/www.meydan.tv\/az\/article\/105-olkede-olan-300-den-cox-teskilat-ilham-eliyeve-muraciet-etdi-secki-gunu-internete-tehlukesiz-cixis-olsun\/\" \/>\n<meta property=\"og:locale\" content=\"az_AZ\" \/>\n<meta property=\"og:type\" content=\"article\" \/>\n<meta property=\"og:title\" content=\"105 \u00f6lk\u0259d\u0259 olan 300-d\u0259n \u00e7ox t\u0259\u015fkilat \u0130lham \u018fliyev\u0259 m\u00fcraci\u0259t etdi: Se\u00e7ki g\u00fcn\u00fc internet\u0259 t\u0259hl\u00fck\u0259siz \u00e7\u0131x\u0131\u015f olsun - MEYDAN.TV\" \/>\n<meta property=\"og:description\" content=\"\u201c\u0130nternetin dayand\u0131r\u0131lmas\u0131 h\u0259m d\u0259 jurnalistl\u0259rin yerd\u0259n reportaj haz\u0131rlamas\u0131n\u0131 son d\u0259r\u0259c\u0259 ... Davam\u0131\" \/>\n<meta property=\"og:url\" content=\"https:\/\/www.meydan.tv\/az\/article\/105-olkede-olan-300-den-cox-teskilat-ilham-eliyeve-muraciet-etdi-secki-gunu-internete-tehlukesiz-cixis-olsun\/\" \/>\n<meta property=\"og:site_name\" content=\"MEYDAN.TV\" \/>\n<meta property=\"article:published_time\" content=\"2024-02-06T17:14:19+00:00\" \/>\n<meta property=\"article:modified_time\" content=\"2024-02-06T17:14:59+00:00\" \/>\n<meta property=\"og:image\" content=\"https:\/\/www.meydan.tv\/wp-content\/uploads\/shutterstock_1715215150.jpg\" \/>\n\t<meta property=\"og:image:width\" content=\"1200\" \/>\n\t<meta property=\"og:image:height\" content=\"800\" \/>\n\t<meta property=\"og:image:type\" content=\"image\/jpeg\" \/>\n<meta name=\"author\" content=\"mahmud\" \/>\n<meta name=\"twitter:card\" content=\"summary_large_image\" \/>\n<script type=\"application\/ld+json\" class=\"yoast-schema-graph\">{\"@context\":\"https:\\\/\\\/schema.org\",\"@graph\":[{\"@type\":\"Article\",\"@id\":\"https:\\\/\\\/www.meydan.tv\\\/az\\\/article\\\/105-olkede-olan-300-den-cox-teskilat-ilham-eliyeve-muraciet-etdi-secki-gunu-internete-tehlukesiz-cixis-olsun\\\/#article\",\"isPartOf\":{\"@id\":\"https:\\\/\\\/www.meydan.tv\\\/az\\\/article\\\/105-olkede-olan-300-den-cox-teskilat-ilham-eliyeve-muraciet-etdi-secki-gunu-internete-tehlukesiz-cixis-olsun\\\/\"},\"author\":{\"name\":\"mahmud\",\"@id\":\"https:\\\/\\\/www.meydan.tv\\\/az\\\/#\\\/schema\\\/person\\\/09863e516102a829e72bedcf3f84c6b0\"},\"headline\":\"105 \u00f6lk\u0259d\u0259 olan 300-d\u0259n \u00e7ox t\u0259\u015fkilat \u0130lham \u018fliyev\u0259 m\u00fcraci\u0259t etdi: Se\u00e7ki g\u00fcn\u00fc internet\u0259 t\u0259hl\u00fck\u0259siz \u00e7\u0131x\u0131\u015f olsun\",\"datePublished\":\"2024-02-06T17:14:19+00:00\",\"dateModified\":\"2024-02-06T17:14:59+00:00\",\"mainEntityOfPage\":{\"@id\":\"https:\\\/\\\/www.meydan.tv\\\/az\\\/article\\\/105-olkede-olan-300-den-cox-teskilat-ilham-eliyeve-muraciet-etdi-secki-gunu-internete-tehlukesiz-cixis-olsun\\\/\"},\"wordCount\":755,\"publisher\":{\"@id\":\"https:\\\/\\\/www.meydan.tv\\\/az\\\/#organization\"},\"image\":{\"@id\":\"https:\\\/\\\/www.meydan.tv\\\/az\\\/article\\\/105-olkede-olan-300-den-cox-teskilat-ilham-eliyeve-muraciet-etdi-secki-gunu-internete-tehlukesiz-cixis-olsun\\\/#primaryimage\"},\"thumbnailUrl\":\"https:\\\/\\\/www.meydan.tv\\\/wp-content\\\/uploads\\\/shutterstock_1715215150.jpg\",\"articleSection\":[\"Se\u00e7ki 2024\",\"Siyas\u0259t\",\"X\u0259b\u0259rl\u0259r\"],\"inLanguage\":\"az\"},{\"@type\":\"WebPage\",\"@id\":\"https:\\\/\\\/www.meydan.tv\\\/az\\\/article\\\/105-olkede-olan-300-den-cox-teskilat-ilham-eliyeve-muraciet-etdi-secki-gunu-internete-tehlukesiz-cixis-olsun\\\/\",\"url\":\"https:\\\/\\\/www.meydan.tv\\\/az\\\/article\\\/105-olkede-olan-300-den-cox-teskilat-ilham-eliyeve-muraciet-etdi-secki-gunu-internete-tehlukesiz-cixis-olsun\\\/\",\"name\":\"105 \u00f6lk\u0259d\u0259 olan 300-d\u0259n \u00e7ox t\u0259\u015fkilat \u0130lham \u018fliyev\u0259 m\u00fcraci\u0259t etdi: Se\u00e7ki g\u00fcn\u00fc internet\u0259 t\u0259hl\u00fck\u0259siz \u00e7\u0131x\u0131\u015f olsun - MEYDAN.TV\",\"isPartOf\":{\"@id\":\"https:\\\/\\\/www.meydan.tv\\\/az\\\/#website\"},\"primaryImageOfPage\":{\"@id\":\"https:\\\/\\\/www.meydan.tv\\\/az\\\/article\\\/105-olkede-olan-300-den-cox-teskilat-ilham-eliyeve-muraciet-etdi-secki-gunu-internete-tehlukesiz-cixis-olsun\\\/#primaryimage\"},\"image\":{\"@id\":\"https:\\\/\\\/www.meydan.tv\\\/az\\\/article\\\/105-olkede-olan-300-den-cox-teskilat-ilham-eliyeve-muraciet-etdi-secki-gunu-internete-tehlukesiz-cixis-olsun\\\/#primaryimage\"},\"thumbnailUrl\":\"https:\\\/\\\/www.meydan.tv\\\/wp-content\\\/uploads\\\/shutterstock_1715215150.jpg\",\"datePublished\":\"2024-02-06T17:14:19+00:00\",\"dateModified\":\"2024-02-06T17:14:59+00:00\",\"breadcrumb\":{\"@id\":\"https:\\\/\\\/www.meydan.tv\\\/az\\\/article\\\/105-olkede-olan-300-den-cox-teskilat-ilham-eliyeve-muraciet-etdi-secki-gunu-internete-tehlukesiz-cixis-olsun\\\/#breadcrumb\"},\"inLanguage\":\"az\",\"potentialAction\":[{\"@type\":\"ReadAction\",\"target\":[\"https:\\\/\\\/www.meydan.tv\\\/az\\\/article\\\/105-olkede-olan-300-den-cox-teskilat-ilham-eliyeve-muraciet-etdi-secki-gunu-internete-tehlukesiz-cixis-olsun\\\/\"]}]},{\"@type\":\"ImageObject\",\"inLanguage\":\"az\",\"@id\":\"https:\\\/\\\/www.meydan.tv\\\/az\\\/article\\\/105-olkede-olan-300-den-cox-teskilat-ilham-eliyeve-muraciet-etdi-secki-gunu-internete-tehlukesiz-cixis-olsun\\\/#primaryimage\",\"url\":\"https:\\\/\\\/www.meydan.tv\\\/wp-content\\\/uploads\\\/shutterstock_1715215150.jpg\",\"contentUrl\":\"https:\\\/\\\/www.meydan.tv\\\/wp-content\\\/uploads\\\/shutterstock_1715215150.jpg\",\"width\":1200,\"height\":800,\"caption\":\"Media, monticello\\\/Shutterstock\"},{\"@type\":\"BreadcrumbList\",\"@id\":\"https:\\\/\\\/www.meydan.tv\\\/az\\\/article\\\/105-olkede-olan-300-den-cox-teskilat-ilham-eliyeve-muraciet-etdi-secki-gunu-internete-tehlukesiz-cixis-olsun\\\/#breadcrumb\",\"itemListElement\":[{\"@type\":\"ListItem\",\"position\":1,\"name\":\"Ana s\u0259hif\u0259\",\"item\":\"https:\\\/\\\/www.meydan.tv\\\/az\\\/\"},{\"@type\":\"ListItem\",\"position\":2,\"name\":\"Se\u00e7ki 2024\",\"item\":\"https:\\\/\\\/www.meydan.tv\\\/az\\\/section\\\/sechki-2024\\\/\"},{\"@type\":\"ListItem\",\"position\":3,\"name\":\"105 \u00f6lk\u0259d\u0259 olan 300-d\u0259n \u00e7ox t\u0259\u015fkilat \u0130lham \u018fliyev\u0259 m\u00fcraci\u0259t etdi: Se\u00e7ki g\u00fcn\u00fc internet\u0259 t\u0259hl\u00fck\u0259siz \u00e7\u0131x\u0131\u015f olsun\"}]},{\"@type\":\"WebSite\",\"@id\":\"https:\\\/\\\/www.meydan.tv\\\/az\\\/#website\",\"url\":\"https:\\\/\\\/www.meydan.tv\\\/az\\\/\",\"name\":\"MEYDAN.TV\",\"description\":\"Meydan TV Az\u0259rbaycan\u0131n media m\u0259kan\u0131ndak\u0131 alternativ s\u0259sidir\",\"publisher\":{\"@id\":\"https:\\\/\\\/www.meydan.tv\\\/az\\\/#organization\"},\"potentialAction\":[{\"@type\":\"SearchAction\",\"target\":{\"@type\":\"EntryPoint\",\"urlTemplate\":\"https:\\\/\\\/www.meydan.tv\\\/az\\\/?s={search_term_string}\"},\"query-input\":{\"@type\":\"PropertyValueSpecification\",\"valueRequired\":true,\"valueName\":\"search_term_string\"}}],\"inLanguage\":\"az\"},{\"@type\":\"Organization\",\"@id\":\"https:\\\/\\\/www.meydan.tv\\\/az\\\/#organization\",\"name\":\"Meydan TV\",\"url\":\"https:\\\/\\\/www.meydan.tv\\\/az\\\/\",\"logo\":{\"@type\":\"ImageObject\",\"inLanguage\":\"az\",\"@id\":\"https:\\\/\\\/www.meydan.tv\\\/az\\\/#\\\/schema\\\/logo\\\/image\\\/\",\"url\":\"https:\\\/\\\/www.meydan.tv\\\/wp-content\\\/uploads\\\/2021\\\/07\\\/meydan-logo.svg\",\"contentUrl\":\"https:\\\/\\\/www.meydan.tv\\\/wp-content\\\/uploads\\\/2021\\\/07\\\/meydan-logo.svg\",\"width\":195,\"height\":46,\"caption\":\"Meydan TV\"},\"image\":{\"@id\":\"https:\\\/\\\/www.meydan.tv\\\/az\\\/#\\\/schema\\\/logo\\\/image\\\/\"}},{\"@type\":\"Person\",\"@id\":\"https:\\\/\\\/www.meydan.tv\\\/az\\\/#\\\/schema\\\/person\\\/09863e516102a829e72bedcf3f84c6b0\",\"name\":\"mahmud\"}]}<\/script>\n<!-- \/ Yoast SEO plugin. -->","yoast_head_json":{"title":"105 \u00f6lk\u0259d\u0259 olan 300-d\u0259n \u00e7ox t\u0259\u015fkilat \u0130lham \u018fliyev\u0259 m\u00fcraci\u0259t etdi: Se\u00e7ki g\u00fcn\u00fc internet\u0259 t\u0259hl\u00fck\u0259siz \u00e7\u0131x\u0131\u015f olsun - MEYDAN.TV","robots":{"index":"index","follow":"follow","max-snippet":"max-snippet:-1","max-image-preview":"max-image-preview:large","max-video-preview":"max-video-preview:-1"},"canonical":"https:\/\/www.meydan.tv\/az\/article\/105-olkede-olan-300-den-cox-teskilat-ilham-eliyeve-muraciet-etdi-secki-gunu-internete-tehlukesiz-cixis-olsun\/","og_locale":"az_AZ","og_type":"article","og_title":"105 \u00f6lk\u0259d\u0259 olan 300-d\u0259n \u00e7ox t\u0259\u015fkilat \u0130lham \u018fliyev\u0259 m\u00fcraci\u0259t etdi: Se\u00e7ki g\u00fcn\u00fc internet\u0259 t\u0259hl\u00fck\u0259siz \u00e7\u0131x\u0131\u015f olsun - MEYDAN.TV","og_description":"\u201c\u0130nternetin dayand\u0131r\u0131lmas\u0131 h\u0259m d\u0259 jurnalistl\u0259rin yerd\u0259n reportaj haz\u0131rlamas\u0131n\u0131 son d\u0259r\u0259c\u0259 ... Davam\u0131","og_url":"https:\/\/www.meydan.tv\/az\/article\/105-olkede-olan-300-den-cox-teskilat-ilham-eliyeve-muraciet-etdi-secki-gunu-internete-tehlukesiz-cixis-olsun\/","og_site_name":"MEYDAN.TV","article_published_time":"2024-02-06T17:14:19+00:00","article_modified_time":"2024-02-06T17:14:59+00:00","og_image":[{"width":1200,"height":800,"url":"https:\/\/www.meydan.tv\/wp-content\/uploads\/shutterstock_1715215150.jpg","type":"image\/jpeg"}],"author":"mahmud","twitter_card":"summary_large_image","schema":{"@context":"https:\/\/schema.org","@graph":[{"@type":"Article","@id":"https:\/\/www.meydan.tv\/az\/article\/105-olkede-olan-300-den-cox-teskilat-ilham-eliyeve-muraciet-etdi-secki-gunu-internete-tehlukesiz-cixis-olsun\/#article","isPartOf":{"@id":"https:\/\/www.meydan.tv\/az\/article\/105-olkede-olan-300-den-cox-teskilat-ilham-eliyeve-muraciet-etdi-secki-gunu-internete-tehlukesiz-cixis-olsun\/"},"author":{"name":"mahmud","@id":"https:\/\/www.meydan.tv\/az\/#\/schema\/person\/09863e516102a829e72bedcf3f84c6b0"},"headline":"105 \u00f6lk\u0259d\u0259 olan 300-d\u0259n \u00e7ox t\u0259\u015fkilat \u0130lham \u018fliyev\u0259 m\u00fcraci\u0259t etdi: Se\u00e7ki g\u00fcn\u00fc internet\u0259 t\u0259hl\u00fck\u0259siz \u00e7\u0131x\u0131\u015f olsun","datePublished":"2024-02-06T17:14:19+00:00","dateModified":"2024-02-06T17:14:59+00:00","mainEntityOfPage":{"@id":"https:\/\/www.meydan.tv\/az\/article\/105-olkede-olan-300-den-cox-teskilat-ilham-eliyeve-muraciet-etdi-secki-gunu-internete-tehlukesiz-cixis-olsun\/"},"wordCount":755,"publisher":{"@id":"https:\/\/www.meydan.tv\/az\/#organization"},"image":{"@id":"https:\/\/www.meydan.tv\/az\/article\/105-olkede-olan-300-den-cox-teskilat-ilham-eliyeve-muraciet-etdi-secki-gunu-internete-tehlukesiz-cixis-olsun\/#primaryimage"},"thumbnailUrl":"https:\/\/www.meydan.tv\/wp-content\/uploads\/shutterstock_1715215150.jpg","articleSection":["Se\u00e7ki 2024","Siyas\u0259t","X\u0259b\u0259rl\u0259r"],"inLanguage":"az"},{"@type":"WebPage","@id":"https:\/\/www.meydan.tv\/az\/article\/105-olkede-olan-300-den-cox-teskilat-ilham-eliyeve-muraciet-etdi-secki-gunu-internete-tehlukesiz-cixis-olsun\/","url":"https:\/\/www.meydan.tv\/az\/article\/105-olkede-olan-300-den-cox-teskilat-ilham-eliyeve-muraciet-etdi-secki-gunu-internete-tehlukesiz-cixis-olsun\/","name":"105 \u00f6lk\u0259d\u0259 olan 300-d\u0259n \u00e7ox t\u0259\u015fkilat \u0130lham \u018fliyev\u0259 m\u00fcraci\u0259t etdi: Se\u00e7ki g\u00fcn\u00fc internet\u0259 t\u0259hl\u00fck\u0259siz \u00e7\u0131x\u0131\u015f olsun - MEYDAN.TV","isPartOf":{"@id":"https:\/\/www.meydan.tv\/az\/#website"},"primaryImageOfPage":{"@id":"https:\/\/www.meydan.tv\/az\/article\/105-olkede-olan-300-den-cox-teskilat-ilham-eliyeve-muraciet-etdi-secki-gunu-internete-tehlukesiz-cixis-olsun\/#primaryimage"},"image":{"@id":"https:\/\/www.meydan.tv\/az\/article\/105-olkede-olan-300-den-cox-teskilat-ilham-eliyeve-muraciet-etdi-secki-gunu-internete-tehlukesiz-cixis-olsun\/#primaryimage"},"thumbnailUrl":"https:\/\/www.meydan.tv\/wp-content\/uploads\/shutterstock_1715215150.jpg","datePublished":"2024-02-06T17:14:19+00:00","dateModified":"2024-02-06T17:14:59+00:00","breadcrumb":{"@id":"https:\/\/www.meydan.tv\/az\/article\/105-olkede-olan-300-den-cox-teskilat-ilham-eliyeve-muraciet-etdi-secki-gunu-internete-tehlukesiz-cixis-olsun\/#breadcrumb"},"inLanguage":"az","potentialAction":[{"@type":"ReadAction","target":["https:\/\/www.meydan.tv\/az\/article\/105-olkede-olan-300-den-cox-teskilat-ilham-eliyeve-muraciet-etdi-secki-gunu-internete-tehlukesiz-cixis-olsun\/"]}]},{"@type":"ImageObject","inLanguage":"az","@id":"https:\/\/www.meydan.tv\/az\/article\/105-olkede-olan-300-den-cox-teskilat-ilham-eliyeve-muraciet-etdi-secki-gunu-internete-tehlukesiz-cixis-olsun\/#primaryimage","url":"https:\/\/www.meydan.tv\/wp-content\/uploads\/shutterstock_1715215150.jpg","contentUrl":"https:\/\/www.meydan.tv\/wp-content\/uploads\/shutterstock_1715215150.jpg","width":1200,"height":800,"caption":"Media, monticello\/Shutterstock"},{"@type":"BreadcrumbList","@id":"https:\/\/www.meydan.tv\/az\/article\/105-olkede-olan-300-den-cox-teskilat-ilham-eliyeve-muraciet-etdi-secki-gunu-internete-tehlukesiz-cixis-olsun\/#breadcrumb","itemListElement":[{"@type":"ListItem","position":1,"name":"Ana s\u0259hif\u0259","item":"https:\/\/www.meydan.tv\/az\/"},{"@type":"ListItem","position":2,"name":"Se\u00e7ki 2024","item":"https:\/\/www.meydan.tv\/az\/section\/sechki-2024\/"},{"@type":"ListItem","position":3,"name":"105 \u00f6lk\u0259d\u0259 olan 300-d\u0259n \u00e7ox t\u0259\u015fkilat \u0130lham \u018fliyev\u0259 m\u00fcraci\u0259t etdi: Se\u00e7ki g\u00fcn\u00fc internet\u0259 t\u0259hl\u00fck\u0259siz \u00e7\u0131x\u0131\u015f olsun"}]},{"@type":"WebSite","@id":"https:\/\/www.meydan.tv\/az\/#website","url":"https:\/\/www.meydan.tv\/az\/","name":"MEYDAN.TV","description":"Meydan TV Az\u0259rbaycan\u0131n media m\u0259kan\u0131ndak\u0131 alternativ s\u0259sidir","publisher":{"@id":"https:\/\/www.meydan.tv\/az\/#organization"},"potentialAction":[{"@type":"SearchAction","target":{"@type":"EntryPoint","urlTemplate":"https:\/\/www.meydan.tv\/az\/?s={search_term_string}"},"query-input":{"@type":"PropertyValueSpecification","valueRequired":true,"valueName":"search_term_string"}}],"inLanguage":"az"},{"@type":"Organization","@id":"https:\/\/www.meydan.tv\/az\/#organization","name":"Meydan TV","url":"https:\/\/www.meydan.tv\/az\/","logo":{"@type":"ImageObject","inLanguage":"az","@id":"https:\/\/www.meydan.tv\/az\/#\/schema\/logo\/image\/","url":"https:\/\/www.meydan.tv\/wp-content\/uploads\/2021\/07\/meydan-logo.svg","contentUrl":"https:\/\/www.meydan.tv\/wp-content\/uploads\/2021\/07\/meydan-logo.svg","width":195,"height":46,"caption":"Meydan TV"},"image":{"@id":"https:\/\/www.meydan.tv\/az\/#\/schema\/logo\/image\/"}},{"@type":"Person","@id":"https:\/\/www.meydan.tv\/az\/#\/schema\/person\/09863e516102a829e72bedcf3f84c6b0","name":"mahmud"}]}},"_links":{"self":[{"href":"https:\/\/www.meydan.tv\/az\/wp-json\/wp\/v2\/posts\/297119","targetHints":{"allow":["GET"]}}],"collection":[{"href":"https:\/\/www.meydan.tv\/az\/wp-json\/wp\/v2\/posts"}],"about":[{"href":"https:\/\/www.meydan.tv\/az\/wp-json\/wp\/v2\/types\/post"}],"author":[{"embeddable":true,"href":"https:\/\/www.meydan.tv\/az\/wp-json\/wp\/v2\/users\/21"}],"replies":[{"embeddable":true,"href":"https:\/\/www.meydan.tv\/az\/wp-json\/wp\/v2\/comments?post=297119"}],"version-history":[{"count":4,"href":"https:\/\/www.meydan.tv\/az\/wp-json\/wp\/v2\/posts\/297119\/revisions"}],"predecessor-version":[{"id":297127,"href":"https:\/\/www.meydan.tv\/az\/wp-json\/wp\/v2\/posts\/297119\/revisions\/297127"}],"wp:featuredmedia":[{"embeddable":true,"href":"https:\/\/www.meydan.tv\/az\/wp-json\/wp\/v2\/media\/229569"}],"wp:attachment":[{"href":"https:\/\/www.meydan.tv\/az\/wp-json\/wp\/v2\/media?parent=297119"}],"wp:term":[{"taxonomy":"category","embeddable":true,"href":"https:\/\/www.meydan.tv\/az\/wp-json\/wp\/v2\/categories?post=297119"},{"taxonomy":"post_tag","embeddable":true,"href":"https:\/\/www.meydan.tv\/az\/wp-json\/wp\/v2\/tags?post=297119"}],"curies":[{"name":"wp","href":"https:\/\/api.w.org\/{rel}","templated":true}]}}