{"id":297107,"date":"2024-02-07T03:54:58","date_gmt":"2024-02-06T23:54:58","guid":{"rendered":"https:\/\/www.meydan.tv\/?p=297107"},"modified":"2024-08-23T16:44:04","modified_gmt":"2024-08-23T12:44:04","slug":"azerbaycanda-prezident-seckileri-kecirilir-canli-bloq","status":"publish","type":"post","link":"https:\/\/www.meydan.tv\/az\/article\/azerbaycanda-prezident-seckileri-kecirilir-canli-bloq\/","title":{"rendered":"Az\u0259rbaycanda Prezident se\u00e7kil\u0259ri ke\u00e7irilib &#8211; CANLI BLOQ"},"content":{"rendered":"\n<p><strong>Fevral\u0131n 7-d\u0259 Az\u0259rbaycanda n\u00f6vb\u0259d\u0259nk\u0259nar Prezident se\u00e7kil\u0259ri ke\u00e7iril<\/strong>ib. <\/p>\n\n\n<div class=\"gb-container gb-container-8000958d ticker-summary\"><div class=\"gb-inside-container\">\n\n<h2 class=\"wp-block-heading\">\u018fsas hadis\u0259l\u0259rin x\u00fclas\u0259si<\/h2>\n\n\n\n<ul class=\"wp-block-list\">\n<li><a href=\"https:\/\/www.meydan.tv\/az\/article\/azerbaycanda-prezident-seckileri-kecirilir-canli-bloq\/#menteqelerde-jurnalistlere-manee-olublar\">M\u0259nt\u0259q\u0259l\u0259rd\u0259 jurnalistl\u0259r\u0259 mane olublar<\/a>.<\/li>\n\n\n\n<li><a href=\"https:\/\/www.meydan.tv\/az\/article\/azerbaycanda-prezident-seckileri-kecirilir-canli-bloq\/#menteqelerde-topa-bulleten-atilir\">M\u0259nt\u0259q\u0259l\u0259rd\u0259 topa b\u00fclleten at\u0131l\u0131<\/a>b.<\/li>\n\n\n\n<li><a href=\"https:\/\/www.meydan.tv\/az\/article\/azerbaycanda-prezident-seckileri-kecirilir-canli-bloq\/#muaavat-partiyasi-seckiler-azad-ve-demokratik-kecirilmeyib\">M\u00fcsavat Partiyas\u0131: \u201cSe\u00e7kil\u0259r azad v\u0259 demokratik ke\u00e7irilm\u0259yib\u201d<\/a>.<\/li>\n\n\n\n<li><a href=\"https:\/\/www.meydan.tv\/az\/article\/azerbaycanda-prezident-seckileri-kecirilir-canli-bloq\/#axcp-seckileri-qeyri-legitim-sayir\">AXCP se\u00e7kil\u0259ri qeyri-legitim say\u0131r<\/a>.<\/li>\n\n\n\n<li>M\u00fcst\u0259qil m\u00fc\u015fahid\u0259\u00e7il\u0259rin f\u0259aliyy\u0259ti m\u0259hdudla\u015fd\u0131r\u0131l\u0131b.<\/li>\n<\/ul>\n\n<\/div><\/div><div id=\"elb-liveblog\" class=\"elb-liveblog elb-theme-light\" data-append-timestamp=\"\" data-status=\"closed\" data-highlighted-entry=\"\" data-show-entries=\"10\" data-endpoint=\"https:\/\/www.meydan.tv\/az\/wp-json\/easy-liveblogs\/v1\/liveblog\/297107\"><div class=\"elb-liveblog-closed-message\" style=\"display: none;\">Bu canl\u0131 bloq sona \u00e7atd\u0131.<\/div><button id=\"elb-show-new-posts\" class=\"elb-button button\" style=\"display: none;\"><\/button><div class=\"elb-no-liveblog-entries-message\" style=\"display: none;\">H\u0259l\u0259 he\u00e7 bir bloq postu yoxdur.<\/div><ul class=\"elb-liveblog-list\"><\/ul><div class=\"elb-loader\"><!-- By Sam Herbert (@sherb) -->\n\t\t\t<svg width=\"45\" height=\"45\" viewBox=\"0 0 45 45\" xmlns=\"http:\/\/www.w3.org\/2000\/svg\" stroke=\"currentColor\">\n\t\t\t\t<g fill=\"none\" fill-rule=\"evenodd\" transform=\"translate(1 1)\" stroke-width=\"2\">\n\t\t\t\t\t<circle cx=\"22\" cy=\"22\" r=\"6\" stroke-opacity=\"0\">\n\t\t\t\t\t\t<animate attributeName=\"r\"\n\t\t\t\t\t\t\t begin=\"1.5s\" dur=\"3s\"\n\t\t\t\t\t\t\t values=\"6;22\"\n\t\t\t\t\t\t\t calcMode=\"linear\"\n\t\t\t\t\t\t\t repeatCount=\"indefinite\" \/>\n\t\t\t\t\t\t<animate attributeName=\"stroke-opacity\"\n\t\t\t\t\t\t\t begin=\"1.5s\" dur=\"3s\"\n\t\t\t\t\t\t\t values=\"1;0\" calcMode=\"linear\"\n\t\t\t\t\t\t\t repeatCount=\"indefinite\" \/>\n\t\t\t\t\t\t<animate attributeName=\"stroke-width\"\n\t\t\t\t\t\t\t begin=\"1.5s\" dur=\"3s\"\n\t\t\t\t\t\t\t values=\"2;0\" calcMode=\"linear\"\n\t\t\t\t\t\t\t repeatCount=\"indefinite\" \/>\n\t\t\t\t\t<\/circle>\n\t\t\t\t\t<circle cx=\"22\" cy=\"22\" r=\"6\" stroke-opacity=\"0\">\n\t\t\t\t\t\t<animate attributeName=\"r\"\n\t\t\t\t\t\t\t begin=\"3s\" dur=\"3s\"\n\t\t\t\t\t\t\t values=\"6;22\"\n\t\t\t\t\t\t\t calcMode=\"linear\"\n\t\t\t\t\t\t\t repeatCount=\"indefinite\" \/>\n\t\t\t\t\t\t<animate attributeName=\"stroke-opacity\"\n\t\t\t\t\t\t\t begin=\"3s\" dur=\"3s\"\n\t\t\t\t\t\t\t values=\"1;0\" calcMode=\"linear\"\n\t\t\t\t\t\t\t repeatCount=\"indefinite\" \/>\n\t\t\t\t\t\t<animate attributeName=\"stroke-width\"\n\t\t\t\t\t\t\t begin=\"3s\" dur=\"3s\"\n\t\t\t\t\t\t\t values=\"2;0\" calcMode=\"linear\"\n\t\t\t\t\t\t\t repeatCount=\"indefinite\" \/>\n\t\t\t\t\t<\/circle>\n\t\t\t\t\t<circle cx=\"22\" cy=\"22\" r=\"8\">\n\t\t\t\t\t\t<animate attributeName=\"r\"\n\t\t\t\t\t\t\t begin=\"0s\" dur=\"1.5s\"\n\t\t\t\t\t\t\t values=\"6;1;2;3;4;5;6\"\n\t\t\t\t\t\t\t calcMode=\"linear\"\n\t\t\t\t\t\t\t repeatCount=\"indefinite\" \/>\n\t\t\t\t\t<\/circle>\n\t\t\t\t<\/g>\n\t\t\t<\/svg><\/div><button id=\"elb-load-more\" style=\"display: none;\" class=\"elb-button button\">Load more<\/button><\/div>","protected":false},"excerpt":{"rendered":"<p>Fevral\u0131n 7-d\u0259 Az\u0259rbaycanda n\u00f6vb\u0259d\u0259nk\u0259nar Prezident se\u00e7kil\u0259ri ke\u00e7irilib. \u018fsas hadis\u0259l\u0259rin x\u00fclas\u0259si &#8230; <\/p>\n<p class=\"read-more-container\"><a title=\"Az\u0259rbaycanda Prezident se\u00e7kil\u0259ri ke\u00e7irilib &#8211; CANLI BLOQ\" class=\"read-more button\" href=\"https:\/\/www.meydan.tv\/az\/article\/azerbaycanda-prezident-seckileri-kecirilir-canli-bloq\/#more-297107\" aria-label=\"Read more about Az\u0259rbaycanda Prezident se\u00e7kil\u0259ri ke\u00e7irilib &#8211; CANLI BLOQ\">Davam\u0131<\/a><\/p>\n","protected":false},"author":12,"featured_media":297113,"comment_status":"closed","ping_status":"closed","sticky":false,"template":"","format":"standard","meta":{"_acf_changed":false,"_sitemap_exclude":false,"_sitemap_priority":"","_sitemap_frequency":"","footnotes":""},"categories":[129,59,79,56],"tags":[],"class_list":["post-297107","post","type-post","status-publish","format-standard","has-post-thumbnail","hentry","category-sechki-2024","category-siyaset","category-featured","category-xeberler","infinite-scroll-item","generate-columns","tablet-grid-50","mobile-grid-100","grid-parent","grid-33","no-featured-image-padding"],"acf":[],"yoast_head":"<!-- This site is optimized with the Yoast SEO plugin v27.4 - https:\/\/yoast.com\/product\/yoast-seo-wordpress\/ -->\n<title>Az\u0259rbaycanda Prezident se\u00e7kil\u0259ri ke\u00e7irilib - CANLI BLOQ - MEYDAN.TV<\/title>\n<meta name=\"robots\" content=\"index, follow, max-snippet:-1, max-image-preview:large, max-video-preview:-1\" \/>\n<link rel=\"canonical\" href=\"https:\/\/www.meydan.tv\/az\/article\/azerbaycanda-prezident-seckileri-kecirilir-canli-bloq\/\" \/>\n<meta property=\"og:locale\" content=\"az_AZ\" \/>\n<meta property=\"og:type\" content=\"article\" \/>\n<meta property=\"og:title\" content=\"Az\u0259rbaycanda Prezident se\u00e7kil\u0259ri ke\u00e7irilib - CANLI BLOQ - MEYDAN.TV\" \/>\n<meta property=\"og:description\" content=\"Fevral\u0131n 7-d\u0259 Az\u0259rbaycanda n\u00f6vb\u0259d\u0259nk\u0259nar Prezident se\u00e7kil\u0259ri ke\u00e7irilib. \u018fsas hadis\u0259l\u0259rin x\u00fclas\u0259si ... Davam\u0131\" \/>\n<meta property=\"og:url\" content=\"https:\/\/www.meydan.tv\/az\/article\/azerbaycanda-prezident-seckileri-kecirilir-canli-bloq\/\" \/>\n<meta property=\"og:site_name\" content=\"MEYDAN.TV\" \/>\n<meta property=\"article:published_time\" content=\"2024-02-06T23:54:58+00:00\" \/>\n<meta property=\"article:modified_time\" content=\"2024-08-23T12:44:04+00:00\" \/>\n<meta property=\"og:image\" content=\"https:\/\/www.meydan.tv\/wp-content\/uploads\/2013-10-09t120000z_648218172_gm1e9a90y1x01_rtrmadp_3_azerbaijan-election-scaled.jpg\" \/>\n\t<meta property=\"og:image:width\" content=\"2560\" \/>\n\t<meta property=\"og:image:height\" content=\"1667\" \/>\n\t<meta property=\"og:image:type\" content=\"image\/jpeg\" \/>\n<meta name=\"author\" content=\"aleks\" \/>\n<meta name=\"twitter:card\" content=\"summary_large_image\" \/>\n<script type=\"application\/ld+json\" class=\"yoast-schema-graph\">{\"@context\":\"https:\\\/\\\/schema.org\",\"@graph\":[{\"@type\":\"Article\",\"@id\":\"https:\\\/\\\/www.meydan.tv\\\/az\\\/article\\\/azerbaycanda-prezident-seckileri-kecirilir-canli-bloq\\\/#article\",\"isPartOf\":{\"@id\":\"https:\\\/\\\/www.meydan.tv\\\/az\\\/article\\\/azerbaycanda-prezident-seckileri-kecirilir-canli-bloq\\\/\"},\"author\":{\"name\":\"aleks\",\"@id\":\"https:\\\/\\\/www.meydan.tv\\\/az\\\/#\\\/schema\\\/person\\\/476e9360e593fa131d5d71d51866f8da\"},\"headline\":\"Az\u0259rbaycanda Prezident se\u00e7kil\u0259ri ke\u00e7irilib &#8211; CANLI BLOQ\",\"datePublished\":\"2024-02-06T23:54:58+00:00\",\"dateModified\":\"2024-08-23T12:44:04+00:00\",\"mainEntityOfPage\":{\"@id\":\"https:\\\/\\\/www.meydan.tv\\\/az\\\/article\\\/azerbaycanda-prezident-seckileri-kecirilir-canli-bloq\\\/\"},\"wordCount\":89,\"publisher\":{\"@id\":\"https:\\\/\\\/www.meydan.tv\\\/az\\\/#organization\"},\"image\":{\"@id\":\"https:\\\/\\\/www.meydan.tv\\\/az\\\/article\\\/azerbaycanda-prezident-seckileri-kecirilir-canli-bloq\\\/#primaryimage\"},\"thumbnailUrl\":\"https:\\\/\\\/www.meydan.tv\\\/wp-content\\\/uploads\\\/2013-10-09t120000z_648218172_gm1e9a90y1x01_rtrmadp_3_azerbaijan-election-scaled.jpg\",\"articleSection\":[\"Se\u00e7ki 2024\",\"Siyas\u0259t\",\"T\u00f6vsiy\u0259\",\"X\u0259b\u0259rl\u0259r\"],\"inLanguage\":\"az\"},{\"@type\":\"WebPage\",\"@id\":\"https:\\\/\\\/www.meydan.tv\\\/az\\\/article\\\/azerbaycanda-prezident-seckileri-kecirilir-canli-bloq\\\/\",\"url\":\"https:\\\/\\\/www.meydan.tv\\\/az\\\/article\\\/azerbaycanda-prezident-seckileri-kecirilir-canli-bloq\\\/\",\"name\":\"Az\u0259rbaycanda Prezident se\u00e7kil\u0259ri ke\u00e7irilib - CANLI BLOQ - MEYDAN.TV\",\"isPartOf\":{\"@id\":\"https:\\\/\\\/www.meydan.tv\\\/az\\\/#website\"},\"primaryImageOfPage\":{\"@id\":\"https:\\\/\\\/www.meydan.tv\\\/az\\\/article\\\/azerbaycanda-prezident-seckileri-kecirilir-canli-bloq\\\/#primaryimage\"},\"image\":{\"@id\":\"https:\\\/\\\/www.meydan.tv\\\/az\\\/article\\\/azerbaycanda-prezident-seckileri-kecirilir-canli-bloq\\\/#primaryimage\"},\"thumbnailUrl\":\"https:\\\/\\\/www.meydan.tv\\\/wp-content\\\/uploads\\\/2013-10-09t120000z_648218172_gm1e9a90y1x01_rtrmadp_3_azerbaijan-election-scaled.jpg\",\"datePublished\":\"2024-02-06T23:54:58+00:00\",\"dateModified\":\"2024-08-23T12:44:04+00:00\",\"breadcrumb\":{\"@id\":\"https:\\\/\\\/www.meydan.tv\\\/az\\\/article\\\/azerbaycanda-prezident-seckileri-kecirilir-canli-bloq\\\/#breadcrumb\"},\"inLanguage\":\"az\",\"potentialAction\":[{\"@type\":\"ReadAction\",\"target\":[\"https:\\\/\\\/www.meydan.tv\\\/az\\\/article\\\/azerbaycanda-prezident-seckileri-kecirilir-canli-bloq\\\/\"]}]},{\"@type\":\"ImageObject\",\"inLanguage\":\"az\",\"@id\":\"https:\\\/\\\/www.meydan.tv\\\/az\\\/article\\\/azerbaycanda-prezident-seckileri-kecirilir-canli-bloq\\\/#primaryimage\",\"url\":\"https:\\\/\\\/www.meydan.tv\\\/wp-content\\\/uploads\\\/2013-10-09t120000z_648218172_gm1e9a90y1x01_rtrmadp_3_azerbaijan-election-scaled.jpg\",\"contentUrl\":\"https:\\\/\\\/www.meydan.tv\\\/wp-content\\\/uploads\\\/2013-10-09t120000z_648218172_gm1e9a90y1x01_rtrmadp_3_azerbaijan-election-scaled.jpg\",\"width\":2560,\"height\":1667,\"caption\":\"FOTO: REUTERS\\\/David Mdzinarishvili\"},{\"@type\":\"BreadcrumbList\",\"@id\":\"https:\\\/\\\/www.meydan.tv\\\/az\\\/article\\\/azerbaycanda-prezident-seckileri-kecirilir-canli-bloq\\\/#breadcrumb\",\"itemListElement\":[{\"@type\":\"ListItem\",\"position\":1,\"name\":\"Ana s\u0259hif\u0259\",\"item\":\"https:\\\/\\\/www.meydan.tv\\\/az\\\/\"},{\"@type\":\"ListItem\",\"position\":2,\"name\":\"T\u00f6vsiy\u0259\",\"item\":\"https:\\\/\\\/www.meydan.tv\\\/az\\\/section\\\/featured\\\/\"},{\"@type\":\"ListItem\",\"position\":3,\"name\":\"Az\u0259rbaycanda Prezident se\u00e7kil\u0259ri ke\u00e7irilib &#8211; CANLI BLOQ\"}]},{\"@type\":\"WebSite\",\"@id\":\"https:\\\/\\\/www.meydan.tv\\\/az\\\/#website\",\"url\":\"https:\\\/\\\/www.meydan.tv\\\/az\\\/\",\"name\":\"MEYDAN.TV\",\"description\":\"Meydan TV Az\u0259rbaycan\u0131n media m\u0259kan\u0131ndak\u0131 alternativ s\u0259sidir\",\"publisher\":{\"@id\":\"https:\\\/\\\/www.meydan.tv\\\/az\\\/#organization\"},\"potentialAction\":[{\"@type\":\"SearchAction\",\"target\":{\"@type\":\"EntryPoint\",\"urlTemplate\":\"https:\\\/\\\/www.meydan.tv\\\/az\\\/?s={search_term_string}\"},\"query-input\":{\"@type\":\"PropertyValueSpecification\",\"valueRequired\":true,\"valueName\":\"search_term_string\"}}],\"inLanguage\":\"az\"},{\"@type\":\"Organization\",\"@id\":\"https:\\\/\\\/www.meydan.tv\\\/az\\\/#organization\",\"name\":\"Meydan TV\",\"url\":\"https:\\\/\\\/www.meydan.tv\\\/az\\\/\",\"logo\":{\"@type\":\"ImageObject\",\"inLanguage\":\"az\",\"@id\":\"https:\\\/\\\/www.meydan.tv\\\/az\\\/#\\\/schema\\\/logo\\\/image\\\/\",\"url\":\"https:\\\/\\\/www.meydan.tv\\\/wp-content\\\/uploads\\\/2021\\\/07\\\/meydan-logo.svg\",\"contentUrl\":\"https:\\\/\\\/www.meydan.tv\\\/wp-content\\\/uploads\\\/2021\\\/07\\\/meydan-logo.svg\",\"width\":195,\"height\":46,\"caption\":\"Meydan TV\"},\"image\":{\"@id\":\"https:\\\/\\\/www.meydan.tv\\\/az\\\/#\\\/schema\\\/logo\\\/image\\\/\"}},{\"@type\":\"Person\",\"@id\":\"https:\\\/\\\/www.meydan.tv\\\/az\\\/#\\\/schema\\\/person\\\/476e9360e593fa131d5d71d51866f8da\",\"name\":\"aleks\"}]}<\/script>\n<!-- \/ Yoast SEO plugin. -->","yoast_head_json":{"title":"Az\u0259rbaycanda Prezident se\u00e7kil\u0259ri ke\u00e7irilib - CANLI BLOQ - MEYDAN.TV","robots":{"index":"index","follow":"follow","max-snippet":"max-snippet:-1","max-image-preview":"max-image-preview:large","max-video-preview":"max-video-preview:-1"},"canonical":"https:\/\/www.meydan.tv\/az\/article\/azerbaycanda-prezident-seckileri-kecirilir-canli-bloq\/","og_locale":"az_AZ","og_type":"article","og_title":"Az\u0259rbaycanda Prezident se\u00e7kil\u0259ri ke\u00e7irilib - CANLI BLOQ - MEYDAN.TV","og_description":"Fevral\u0131n 7-d\u0259 Az\u0259rbaycanda n\u00f6vb\u0259d\u0259nk\u0259nar Prezident se\u00e7kil\u0259ri ke\u00e7irilib. \u018fsas hadis\u0259l\u0259rin x\u00fclas\u0259si ... Davam\u0131","og_url":"https:\/\/www.meydan.tv\/az\/article\/azerbaycanda-prezident-seckileri-kecirilir-canli-bloq\/","og_site_name":"MEYDAN.TV","article_published_time":"2024-02-06T23:54:58+00:00","article_modified_time":"2024-08-23T12:44:04+00:00","og_image":[{"width":2560,"height":1667,"url":"https:\/\/www.meydan.tv\/wp-content\/uploads\/2013-10-09t120000z_648218172_gm1e9a90y1x01_rtrmadp_3_azerbaijan-election-scaled.jpg","type":"image\/jpeg"}],"author":"aleks","twitter_card":"summary_large_image","schema":{"@context":"https:\/\/schema.org","@graph":[{"@type":"Article","@id":"https:\/\/www.meydan.tv\/az\/article\/azerbaycanda-prezident-seckileri-kecirilir-canli-bloq\/#article","isPartOf":{"@id":"https:\/\/www.meydan.tv\/az\/article\/azerbaycanda-prezident-seckileri-kecirilir-canli-bloq\/"},"author":{"name":"aleks","@id":"https:\/\/www.meydan.tv\/az\/#\/schema\/person\/476e9360e593fa131d5d71d51866f8da"},"headline":"Az\u0259rbaycanda Prezident se\u00e7kil\u0259ri ke\u00e7irilib &#8211; CANLI BLOQ","datePublished":"2024-02-06T23:54:58+00:00","dateModified":"2024-08-23T12:44:04+00:00","mainEntityOfPage":{"@id":"https:\/\/www.meydan.tv\/az\/article\/azerbaycanda-prezident-seckileri-kecirilir-canli-bloq\/"},"wordCount":89,"publisher":{"@id":"https:\/\/www.meydan.tv\/az\/#organization"},"image":{"@id":"https:\/\/www.meydan.tv\/az\/article\/azerbaycanda-prezident-seckileri-kecirilir-canli-bloq\/#primaryimage"},"thumbnailUrl":"https:\/\/www.meydan.tv\/wp-content\/uploads\/2013-10-09t120000z_648218172_gm1e9a90y1x01_rtrmadp_3_azerbaijan-election-scaled.jpg","articleSection":["Se\u00e7ki 2024","Siyas\u0259t","T\u00f6vsiy\u0259","X\u0259b\u0259rl\u0259r"],"inLanguage":"az"},{"@type":"WebPage","@id":"https:\/\/www.meydan.tv\/az\/article\/azerbaycanda-prezident-seckileri-kecirilir-canli-bloq\/","url":"https:\/\/www.meydan.tv\/az\/article\/azerbaycanda-prezident-seckileri-kecirilir-canli-bloq\/","name":"Az\u0259rbaycanda Prezident se\u00e7kil\u0259ri ke\u00e7irilib - CANLI BLOQ - MEYDAN.TV","isPartOf":{"@id":"https:\/\/www.meydan.tv\/az\/#website"},"primaryImageOfPage":{"@id":"https:\/\/www.meydan.tv\/az\/article\/azerbaycanda-prezident-seckileri-kecirilir-canli-bloq\/#primaryimage"},"image":{"@id":"https:\/\/www.meydan.tv\/az\/article\/azerbaycanda-prezident-seckileri-kecirilir-canli-bloq\/#primaryimage"},"thumbnailUrl":"https:\/\/www.meydan.tv\/wp-content\/uploads\/2013-10-09t120000z_648218172_gm1e9a90y1x01_rtrmadp_3_azerbaijan-election-scaled.jpg","datePublished":"2024-02-06T23:54:58+00:00","dateModified":"2024-08-23T12:44:04+00:00","breadcrumb":{"@id":"https:\/\/www.meydan.tv\/az\/article\/azerbaycanda-prezident-seckileri-kecirilir-canli-bloq\/#breadcrumb"},"inLanguage":"az","potentialAction":[{"@type":"ReadAction","target":["https:\/\/www.meydan.tv\/az\/article\/azerbaycanda-prezident-seckileri-kecirilir-canli-bloq\/"]}]},{"@type":"ImageObject","inLanguage":"az","@id":"https:\/\/www.meydan.tv\/az\/article\/azerbaycanda-prezident-seckileri-kecirilir-canli-bloq\/#primaryimage","url":"https:\/\/www.meydan.tv\/wp-content\/uploads\/2013-10-09t120000z_648218172_gm1e9a90y1x01_rtrmadp_3_azerbaijan-election-scaled.jpg","contentUrl":"https:\/\/www.meydan.tv\/wp-content\/uploads\/2013-10-09t120000z_648218172_gm1e9a90y1x01_rtrmadp_3_azerbaijan-election-scaled.jpg","width":2560,"height":1667,"caption":"FOTO: REUTERS\/David Mdzinarishvili"},{"@type":"BreadcrumbList","@id":"https:\/\/www.meydan.tv\/az\/article\/azerbaycanda-prezident-seckileri-kecirilir-canli-bloq\/#breadcrumb","itemListElement":[{"@type":"ListItem","position":1,"name":"Ana s\u0259hif\u0259","item":"https:\/\/www.meydan.tv\/az\/"},{"@type":"ListItem","position":2,"name":"T\u00f6vsiy\u0259","item":"https:\/\/www.meydan.tv\/az\/section\/featured\/"},{"@type":"ListItem","position":3,"name":"Az\u0259rbaycanda Prezident se\u00e7kil\u0259ri ke\u00e7irilib &#8211; CANLI BLOQ"}]},{"@type":"WebSite","@id":"https:\/\/www.meydan.tv\/az\/#website","url":"https:\/\/www.meydan.tv\/az\/","name":"MEYDAN.TV","description":"Meydan TV Az\u0259rbaycan\u0131n media m\u0259kan\u0131ndak\u0131 alternativ s\u0259sidir","publisher":{"@id":"https:\/\/www.meydan.tv\/az\/#organization"},"potentialAction":[{"@type":"SearchAction","target":{"@type":"EntryPoint","urlTemplate":"https:\/\/www.meydan.tv\/az\/?s={search_term_string}"},"query-input":{"@type":"PropertyValueSpecification","valueRequired":true,"valueName":"search_term_string"}}],"inLanguage":"az"},{"@type":"Organization","@id":"https:\/\/www.meydan.tv\/az\/#organization","name":"Meydan TV","url":"https:\/\/www.meydan.tv\/az\/","logo":{"@type":"ImageObject","inLanguage":"az","@id":"https:\/\/www.meydan.tv\/az\/#\/schema\/logo\/image\/","url":"https:\/\/www.meydan.tv\/wp-content\/uploads\/2021\/07\/meydan-logo.svg","contentUrl":"https:\/\/www.meydan.tv\/wp-content\/uploads\/2021\/07\/meydan-logo.svg","width":195,"height":46,"caption":"Meydan TV"},"image":{"@id":"https:\/\/www.meydan.tv\/az\/#\/schema\/logo\/image\/"}},{"@type":"Person","@id":"https:\/\/www.meydan.tv\/az\/#\/schema\/person\/476e9360e593fa131d5d71d51866f8da","name":"aleks"}]}},"_links":{"self":[{"href":"https:\/\/www.meydan.tv\/az\/wp-json\/wp\/v2\/posts\/297107","targetHints":{"allow":["GET"]}}],"collection":[{"href":"https:\/\/www.meydan.tv\/az\/wp-json\/wp\/v2\/posts"}],"about":[{"href":"https:\/\/www.meydan.tv\/az\/wp-json\/wp\/v2\/types\/post"}],"author":[{"embeddable":true,"href":"https:\/\/www.meydan.tv\/az\/wp-json\/wp\/v2\/users\/12"}],"replies":[{"embeddable":true,"href":"https:\/\/www.meydan.tv\/az\/wp-json\/wp\/v2\/comments?post=297107"}],"version-history":[{"count":7,"href":"https:\/\/www.meydan.tv\/az\/wp-json\/wp\/v2\/posts\/297107\/revisions"}],"predecessor-version":[{"id":297398,"href":"https:\/\/www.meydan.tv\/az\/wp-json\/wp\/v2\/posts\/297107\/revisions\/297398"}],"wp:featuredmedia":[{"embeddable":true,"href":"https:\/\/www.meydan.tv\/az\/wp-json\/wp\/v2\/media\/297113"}],"wp:attachment":[{"href":"https:\/\/www.meydan.tv\/az\/wp-json\/wp\/v2\/media?parent=297107"}],"wp:term":[{"taxonomy":"category","embeddable":true,"href":"https:\/\/www.meydan.tv\/az\/wp-json\/wp\/v2\/categories?post=297107"},{"taxonomy":"post_tag","embeddable":true,"href":"https:\/\/www.meydan.tv\/az\/wp-json\/wp\/v2\/tags?post=297107"}],"curies":[{"name":"wp","href":"https:\/\/api.w.org\/{rel}","templated":true}]}}