{"id":297093,"date":"2024-02-06T19:35:10","date_gmt":"2024-02-06T15:35:10","guid":{"rendered":"https:\/\/www.meydan.tv\/?p=297093"},"modified":"2024-02-06T19:35:14","modified_gmt":"2024-02-06T15:35:14","slug":"anar-memmedli-debatlar-gosterdi-ki-gercek-yaris-ve-siyasi-reqabet-yoxdur","status":"publish","type":"post","link":"https:\/\/www.meydan.tv\/az\/article\/anar-memmedli-debatlar-gosterdi-ki-gercek-yaris-ve-siyasi-reqabet-yoxdur\/","title":{"rendered":"Anar M\u0259mm\u0259dli: \u201cDebatlar g\u00f6st\u0259rdi ki, ger\u00e7\u0259k yar\u0131\u015f v\u0259 siyasi r\u0259qab\u0259t yoxdur\u201d"},"content":{"rendered":"\n<figure class=\"wp-block-embed is-type-video is-provider-youtube wp-block-embed-youtube wp-embed-aspect-16-9 wp-has-aspect-ratio\"><div class=\"wp-block-embed__wrapper\">\n<iframe title=\"Anar M\u0259mm\u0259dli: \u201cDebatlar g\u00f6st\u0259rdi ki, ger\u00e7\u0259k yar\u0131\u015f v\u0259 siyasi r\u0259qab\u0259t yoxdur\u201d\" width=\"1200\" height=\"675\" data-src=\"https:\/\/www.youtube.com\/embed\/Rpm_NJCWyRs?feature=oembed\" frameborder=\"0\" allow=\"accelerometer; autoplay; clipboard-write; encrypted-media; gyroscope; picture-in-picture; web-share\" allowfullscreen src=\"data:image\/svg+xml;base64,PHN2ZyB3aWR0aD0iMSIgaGVpZ2h0PSIxIiB4bWxucz0iaHR0cDovL3d3dy53My5vcmcvMjAwMC9zdmciPjwvc3ZnPg==\" class=\"lazyload\" data-load-mode=\"1\"><\/iframe>\n<\/div><\/figure>\n\n\n\n<p><em>&#8220;<strong>MSK-n\u0131n v\u0259zif\u0259si insanlar\u0131 se\u00e7kiy\u0259 g\u0259tirm\u0259k olmamal\u0131d\u0131r<\/strong><\/em><strong><em>\u201d<\/em><\/strong><\/p>\n\n\n\n<p><strong>Fevral\u0131n 7-d\u0259 Az\u0259rbaycanda n\u00f6vb\u0259d\u0259nk\u0259nar Prezident se\u00e7kil\u0259ri ke\u00e7iril\u0259c\u0259k. Bu g\u00fcn is\u0259 s\u00fckut g\u00fcn\u00fcd\u00fcr. \u00d6t\u0259n 23 g\u00fcn\u00fcn se\u00e7ki t\u0259bli\u011fat kampaniyas\u0131 v\u0259 ondan \u0259vv\u0259l namiz\u0259dl\u0259rin qeyd\u0259 al\u0131nmas\u0131, AT\u018fT-in aral\u0131q Hesabat\u0131, \u00fcmum\u0259n se\u00e7ki prosesi il\u0259 ba\u011fl\u0131 yaranan suallar\u0131 Se\u00e7kil\u0259rin Monitorinqi v\u0259 Demokratiyan\u0131n T\u0259drisi M\u0259rk\u0259zinin s\u0259dri Anar M\u0259mm\u0259dliy\u0259 \u00fcnvanlad\u0131q.<\/strong><\/p>\n\n\n\n<p><em>&#8211; &nbsp; &nbsp; &nbsp; Anar b\u0259y, 2024-c\u00fc ilin 7 fevral n\u00f6vb\u0259d\u0259nk\u0259nar Prezident se\u00e7kisi 2008 v\u0259 2018-ci ill\u0259rd\u0259ki se\u00e7kil\u0259rl\u0259 m\u00fcqayis\u0259 olunur v\u0259 bildirilir ki, h\u0259min se\u00e7kil\u0259r d\u0259 dur\u011fun ke\u00e7di. Deyil\u0259nl\u0259ri b\u00f6l\u00fc\u015f\u00fcrs\u00fcn\u00fczm\u00fc?<\/em><\/p>\n\n\n\n<p>&#8211; &nbsp; &nbsp; &nbsp; \u018flb\u0259tt\u0259. H\u0259r \u00fc\u00e7 se\u00e7kini birl\u0259\u015fdir\u0259n \u00fcmumi c\u0259h\u0259t siyasi alternativsizlikdir. Y\u0259ni bir-birin\u0259 qar\u015f\u0131 dayanan siyasi q\u00fcvv\u0259l\u0259r aras\u0131nda siyasi r\u0259qab\u0259t m\u00fchiti ya\u015fanm\u0131r. Haz\u0131rk\u0131 se\u00e7kid\u0259 d\u0259 biz ciddi v\u0259 ger\u00e7\u0259k r\u0259qab\u0259tin \u015fahidi deyilik. Prezidentliy\u0259 namiz\u0259dl\u0259r faktiki olaraq \u0130lham \u018fliyevl\u0259 yar\u0131\u015fm\u0131rlar. M\u0259n dey\u0259rdim ki, onlar daha \u00e7ox \u00f6zl\u0259ri il\u0259 yar\u0131\u015f\u0131rlar. &nbsp;<\/p>\n\n\n\n<p><em>&#8211; &nbsp; &nbsp; &nbsp; Se\u00e7kiy\u0259 mara\u011f\u0131n azl\u0131\u011f\u0131 hans\u0131 s\u0259b\u0259bl\u0259ri \u00f6z\u00fcnd\u0259 ehtiva edir, siz demi\u015fk\u0259n, se\u00e7ki institutunun s\u0131radan \u00e7\u0131xar\u0131lmas\u0131, m\u00fcxalif\u0259tin ill\u0259rdir boykotu, yoxsa ba\u015fqa amill\u0259r d\u0259 var?<\/em><\/p>\n\n\n\n<p>&#8211; &nbsp; &nbsp; &nbsp; T\u0259bii ki, se\u00e7kid\u0259 i\u015ftirak \u0259n \u00e7ox vacib \u015f\u0259rtl\u0259ndir\u0259n amill\u0259rd\u0259n biri proses\u0259 \u00e7oxlu sayda siyasi q\u00fcvv\u0259l\u0259rin qat\u0131lmas\u0131d\u0131r. Se\u00e7ki prosesini se\u00e7ici \u00fc\u00e7\u00fcn maraql\u0131, cazib\u0259dar etm\u0259k ist\u0259yiriks\u0259, \u00e7oxlu sayda i\u015ftirak\u00e7\u0131 olmal\u0131d\u0131r. N\u0259 media, n\u0259 v\u0259t\u0259nda\u015f c\u0259miyy\u0259ti se\u00e7kini se\u00e7icil\u0259r \u00fc\u00e7\u00fcn maraql\u0131 ed\u0259 bil\u0259r. Siz jurnalistl\u0259r prosesd\u0259n reportaj yaz\u0131rs\u0131n\u0131z, ortada oyun\u00e7ular olmasa, yar\u0131\u015fdan nec\u0259 reportaj haz\u0131rlaya bil\u0259rsiniz? El\u0259 hesab edin ki, se\u00e7ki futbol yar\u0131\u015f\u0131d\u0131r, meydanda komandalar v\u0259 reportaj haz\u0131rlayan jurnalistl\u0259r, seyr\u00e7il\u0259r var. Biri var z\u0259if, s\u00f6n\u00fck ke\u00e7\u0259n oyun, biri d\u0259 var \u00e7ox cazib\u0259dar, maraql\u0131, dinamik, h\u0259yacanverici mat\u00e7. N\u0259tic\u0259 d\u0259 b\u0259lli deyil, 90 d\u0259qiq\u0259d\u0259 hans\u0131 komandan\u0131n qalib g\u0259l\u0259c\u0259yini bilmirik. Az\u0259rbaycanda bu ba\u015f vermir, \u0259ksin\u0259, t\u0259k qap\u0131ya oynanan futbol yar\u0131\u015f\u0131d\u0131r.&nbsp;<\/p>\n\n\n\n<p><em>&#8211; &nbsp; &nbsp; &nbsp; Y\u0259ni \u201cReal\u201dla \u201cBarselona\u201dn\u0131n oyunu deyil d\u0259?<\/em><\/p>\n\n\n\n<p>&#8211; &nbsp; &nbsp; &nbsp; Q\u0259tiyy\u0259n. N\u0259inki \u201cReal\u201dla \u201cBarselona\u201dn\u0131n, \u201cNeft\u00e7i\u201d il\u0259 \u201cQaraba\u011f\u201c\u0131n da oyunu deyil. Y\u0259ni se\u00e7ki prosesi o q\u0259d\u0259r s\u00f6n\u00fckd\u00fcr. Bax\u0131n, \u201cNeft\u00e7i\u201d il\u0259 \u201cQaraba\u011f\u201c\u0131n oyunu olanda stadiona h\u0259r k\u0259s getm\u0259k ist\u0259yir, m\u0259tbuat yaz\u0131r, futbol azarke\u015fl\u0259ri aras\u0131nda m\u00fczakir\u0259l\u0259r olur. Haz\u0131rk\u0131 se\u00e7kil\u0259rd\u0259 debatlar\u0131 izl\u0259diniz, bizim apard\u0131\u011f\u0131m\u0131z monitorinq\u0259 g\u00f6r\u0259 namiz\u0259dl\u0259rin t\u0259nqidi \u00e7\u0131x\u0131\u015flar\u0131 \u00fcnvans\u0131z olub, konkret ad \u00e7\u0259kmirl\u0259r. M\u0259s\u0259l\u0259n, s\u0259hiyy\u0259, t\u0259hsil, iqtisadiyyatla ba\u011fl\u0131 t\u0259nqidl\u0259r edirl\u0259r, amma t\u0259nqidin konkret meyar\u0131 a\u00e7\u0131qlanm\u0131r ki, buna g\u00f6r\u0259 kim m\u0259suliyy\u0259t da\u015f\u0131y\u0131r, d\u00f6vl\u0259t ba\u015f\u00e7\u0131s\u0131, Ba\u015f nazir, yoxsa parlament\u2026? \u0130ki namiz\u0259d &#8211; Q\u00fcdr\u0259t H\u0259s\u0259nquliyev v\u0259 El\u015fad Musayev insan h\u00fcquqlar\u0131 v\u0259 m\u0259hk\u0259ml\u0259rin f\u0259aliyy\u0259tin\u0259 toxunublar. Bu is\u0259 onlar\u0131n efir vaxt\u0131n\u0131n 4.5 faizidir, 95 faiz ba\u015fqa m\u00f6vzularda \u00e7\u0131x\u0131\u015f edibl\u0259r. \u0130\u015fsizlik v\u0259 sosial t\u0259minatla ba\u011fl\u0131 m\u0259s\u0259l\u0259l\u0259r 11 faiz idi, \u0259sas\u0259n suverenlik, Qaraba\u011f olub. Debatlar g\u00f6st\u0259rdi ki, ger\u00e7\u0259k yar\u0131\u015f v\u0259 siyasi r\u0259qab\u0259t yoxdur.&nbsp;<\/p>\n\n\n\n<p><em>&#8211; &nbsp; &nbsp; &nbsp; Namiz\u0259dl\u0259r h\u0259tta r\u0259qibl\u0259ri, YAP-\u0131n namiz\u0259di \u0130lham \u018fliyevi t\u0259rifl\u0259dil\u0259r d\u0259\u2026<\/em><\/p>\n\n\n\n<p>&#8211; &nbsp; &nbsp; &nbsp; B\u0259li, bu, 2008 v\u0259 2018-ci ild\u0259 d\u0259 ba\u015f vermi\u015fdi. Y\u0259ni bir ne\u00e7\u0259 namiz\u0259d istisna olmaqla \u0259vv\u0259lki se\u00e7kil\u0259rd\u0259 namiz\u0259dl\u0259r haz\u0131rk\u0131 Prezident \u0130lham \u018fliyevi t\u0259bli\u011f edirdil\u0259r. Amma bu se\u00e7kid\u0259 bir az f\u0259rqli oldu, h\u0259r namiz\u0259d hakim partiyan\u0131n namiz\u0259di il\u0259 ba\u011fl\u0131 t\u0259qdiredici fikirl\u0259r s\u0259sl\u0259ndirdi. Adama el\u0259 g\u0259lir ki, namiz\u0259dl\u0259r maksimum \u018fliyevin y\u00fcks\u0259k s\u0259sl\u0259 qalib g\u0259lm\u0259sin\u0259 \u00e7al\u0131\u015f\u0131rlar. &nbsp; &nbsp; &nbsp;<\/p>\n\n\n\n<p><em>&#8211; &nbsp; &nbsp; &nbsp; Bel\u0259 olanda, sual yaran\u0131r, m\u00fcxalif\u0259tin se\u00e7kil\u0259ri passiv boykot etm\u0259si do\u011frudurmu? M\u0259s\u0259l\u0259n, bel\u0259 d\u00fc\u015f\u00fcn\u0259nl\u0259r d\u0259 var ki, m\u00fcxalif\u0259t ba\u015f ver\u0259 bil\u0259c\u0259k saxtakarl\u0131qlar\u0131 s\u0259n\u0259dl\u0259\u015fdirm\u0259k \u00fc\u00e7\u00fcn \u0259n az\u0131 \u00fczvl\u0259rini m\u00fc\u015fahid\u0259\u00e7i kimi proses\u0259 qatmal\u0131 idi\u2026<\/em><\/p>\n\n\n\n<p>&#8211; &nbsp; &nbsp; &nbsp; \u018fvv\u0259la, onlar qat\u0131lsayd\u0131lar, daha \u00e7ox saxtakarl\u0131q hallar\u0131n\u0131 a\u015fkarlayard\u0131lar, &#8211; bu fikirl\u0259 raz\u0131 deyil\u0259m.&nbsp;<\/p>\n\n\n\n<p><em>&#8211; &nbsp; &nbsp; &nbsp; Niy\u0259?<\/em><\/p>\n\n\n\n<p>&#8211; &nbsp; &nbsp; &nbsp; \u00c7\u00fcnki m\u00fcxalif\u0259t se\u00e7kiy\u0259 qat\u0131lsayd\u0131, namiz\u0259d ola bilm\u0259l\u0259ri sual alt\u0131ndad\u0131r. Bu se\u00e7kinin s\u0259ciyy\u0259vi c\u0259h\u0259ti ondan ibar\u0259tdir ki, hakimiyy\u0259t alternativ se\u00e7ki r\u0259qab\u0259tini g\u00f6rm\u0259k ist\u0259mirdi. Ona g\u00f6r\u0259 d\u0259 7 fevral n\u00f6vb\u0259d\u0259nk\u0259nar Prezident se\u00e7kisind\u0259 iddial\u0131, c\u0259miyy\u0259td\u0259 \u00e7ox ciddi reytinq\u0259 malik adamlar yoxdur.&nbsp;<\/p>\n\n\n\n<p><em>&#8211; &nbsp; &nbsp; &nbsp; Dediyinizd\u0259n bel\u0259 \u00e7\u0131x\u0131r ki, hakimiyy\u0259t AXCP v\u0259 M\u00fcsavat\u0131n se\u00e7kiy\u0259 qat\u0131lmas\u0131n\u0131 ist\u0259m\u0259yib?<\/em><\/p>\n\n\n\n<p>&#8211; &nbsp; &nbsp; &nbsp; Ehtimal edir\u0259m ki, hakimiyy\u0259t h\u0259r iki partiyan\u0131n namiz\u0259dinin i\u015ftirak\u0131na imkan verm\u0259yib.<\/p>\n\n\n\n<p><em>&#8211; &nbsp; &nbsp; &nbsp; Bu, t\u0259hlilinizin, yoxsa informasiyan\u0131n n\u0259tic\u0259sidir?<\/em><\/p>\n\n\n\n<p>&#8211; &nbsp; &nbsp; &nbsp; M\u00fc\u015fahid\u0259l\u0259rim bel\u0259 deyir, informasiyam yoxdur. Sabahk\u0131 se\u00e7kinin mahiyy\u0259ti odur ki, hakimiyy\u0259t siyasi d\u00f6z\u00fcms\u00fczl\u00fck n\u00fcmayi\u015f etdirir, he\u00e7 bir t\u0259nqid\u0259 a\u00e7\u0131q deyil. Adi bir namiz\u0259d t\u0259nqidi fikir s\u00f6yl\u0259s\u0259ydi, hakimiyy\u0259t t\u0259r\u0259find\u0259n q\u0259bul olunmaz say\u0131lard\u0131. Bu bax\u0131mdan n\u0259inki AXCP v\u0259 M\u00fcsavat, h\u0259tta nisb\u0259t\u0259n loyal kimi tan\u0131nan, hakimiyy\u0259tin \u00f6z d\u0259y\u0259rl\u0259ndirm\u0259sind\u0259 radikal qiym\u0259tl\u0259ndirilm\u0259y\u0259n REAL v\u0259 \u00dcmid partiyalar\u0131n\u0131n t\u0259msil\u00e7il\u0259ri bel\u0259 se\u00e7kiy\u0259 qat\u0131lmad\u0131. Bunun arxas\u0131nda hakimiyy\u0259tin \u00f6z mara\u011f\u0131 var. \u0130kincisi, AXCP v\u0259 M\u00fcsavat se\u00e7kiy\u0259 qat\u0131lmaq q\u0259rar\u0131 vers\u0259ydil\u0259r bel\u0259, MSK-n\u0131n onlar\u0131n toplad\u0131\u011f\u0131 imzalar\u0131 qeyd\u0259 alaca\u011f\u0131na \u015f\u00fcbh\u0259 edir\u0259m. \u00c7\u00fcnki hakimiyy\u0259tin birba\u015fa n\u0259zar\u0259tind\u0259 olan MSK maksimum \u00e7al\u0131\u015f\u0131r ki, siyasi alternativlik olmas\u0131n. \u0130lham \u018fliyev\u0259, YAP-a opponent ola bil\u0259c\u0259k siyasi q\u00fcvv\u0259 yaranmas\u0131n.&nbsp;<\/p>\n\n\n\n<p><em>&#8211; &nbsp; &nbsp; &nbsp; \u018fg\u0259r namiz\u0259dl\u0259r d\u0259 Az\u0259rbaycan\u0131n \u0259razi b\u00fct\u00f6vl\u00fcy\u00fcn\u00fcn b\u0259rpa olundu\u011funu deyirs\u0259, bu narahatl\u0131\u011f\u0131n s\u0259b\u0259bi n\u0259 ola bil\u0259r?<\/em><\/p>\n\n\n\n<p>&#8211; &nbsp; &nbsp; &nbsp; \u00d6lk\u0259nin t\u0259k problemi Qaraba\u011f m\u0259s\u0259l\u0259si deyil ki. Qaraba\u011f sava\u015f\u0131 2020-ci ild\u0259 ba\u015fa \u00e7atandan sonra \u015fahidi olduq ki, \u00f6lk\u0259nin sosial-iqtisadi h\u0259yat\u0131nda \u00e7ox ciddi d\u0259yi\u015fiklikl\u0259r ba\u015f verm\u0259yib. \u018fksin\u0259, sosial probleml\u0259rd\u0259n \u015fikay\u0259tl\u0259nirl\u0259r. \u0130nsanlar\u0131n sosial h\u0259yat\u0131nda xeyli sayda g\u0259rginlikl\u0259rin ya\u015fand\u0131\u011f\u0131 bildirilir. O c\u00fcml\u0259d\u0259n, infrastruktur, t\u0259hsil, s\u0259hiyy\u0259 il\u0259 ba\u011fl\u0131 probleml\u0259r qalmaqdad\u0131r. Bunlar\u0131 g\u00fcnd\u0259m\u0259 da\u015f\u0131ya bil\u0259c\u0259k m\u0259kan \u00e7ox dard\u0131r. Namiz\u0259dl\u0259r \u00fc\u00e7\u00fcn ayr\u0131lan efir vaxt\u0131 sanki bir dirijor t\u0259r\u0259find\u0259n idar\u0259 olunur, m\u00f6vzular \u00f6nc\u0259d\u0259n raz\u0131la\u015fd\u0131r\u0131l\u0131b, namiz\u0259dl\u0259r b\u0259lli m\u00f6vzularda dan\u0131\u015f\u0131rlar, k\u0259nar, hakimiyy\u0259t \u00fc\u00e7\u00fcn arzuolunmaz m\u00f6vzulara giri\u015f yoxdur. Bu ssenari o zaman pozula bil\u0259rdi ki, tutal\u0131m, m\u00fcst\u0259qil, siyasi iddias\u0131 olan namiz\u0259d se\u00e7kiy\u0259 qat\u0131lard\u0131. M\u0259s\u0259l\u0259n, X namiz\u0259d hans\u0131sa partiyan\u0131 t\u0259msil edir v\u0259 d\u00fc\u015f\u00fcn\u00fcr ki, se\u00e7ki yar\u0131\u015f\u0131 onun \u00fc\u00e7\u00fcn f\u00fcrs\u0259tdir. V\u0259 ba\u015flay\u0131r arzuolunmaz m\u00f6vzulara giri\u015fib v\u0259 o bar\u0259d\u0259 \u00e7oxsayl\u0131 t\u0259nqidl\u0259r s\u0259sl\u0259ndirir. Bu m\u0259s\u0259l\u0259l\u0259r ist\u0259nilm\u0259dyind\u0259n m\u00f6vzular daha \u00e7ox Qaraba\u011f, h\u0259min \u0259razil\u0259rd\u0259 yenid\u0259nqurma i\u015fl\u0259ri oldu. Az\u0259rbaycan v\u0259t\u0259nda\u015flar\u0131n\u0131n \u00e7oxlu qay\u011f\u0131lar\u0131 var, biri m\u0259cburi k\u00f6\u00e7k\u00fcnl\u0259rin m\u00fclkiyy\u0259t probleml\u0259ridir, 700 mind\u0259n \u00e7ox insan 30 il \u0259vv\u0259l i\u015f\u011fala m\u0259ruz qalaraq d\u0259d\u0259-baba yurdlar\u0131ndan k\u00f6\u00e7k\u00fcn d\u00fc\u015f\u00fcb, olmaz\u0131n a\u011fr\u0131lar ya\u015fad\u0131lar. G\u00fcn\u00fcn birind\u0259 Az\u0259rbaycan xalq\u0131 irad\u0259sini ortaya qoydu, \u00f6lk\u0259-d\u00f6vl\u0259t-xalq birliyinin v\u0259hd\u0259tinin \u015fahidi oldu, n\u0259tic\u0259d\u0259 torpaqlar azad olundu. Asan olmad\u0131, \u00e7oxlu sayda insanlar\u0131m\u0131z canlar\u0131n\u0131 f\u0259da etdi, indi d\u0259 \u00e7oxlu sayda qazil\u0259rimiz var. Probleml\u0259r Qaraba\u011fla bitmir. Se\u00e7ki yar\u0131\u015f\u0131 o zaman h\u0259qiqi m\u0259nada siyasi yar\u0131\u015fa \u00e7evrilir ki, \u00f6lk\u0259nin b\u00fct\u00fcn probleml\u0259ri g\u00fcnd\u0259m\u0259 da\u015f\u0131n\u0131b m\u00fczakir\u0259 olunsun.&nbsp; &nbsp; &nbsp; &nbsp; &nbsp;<\/p>\n\n\n\n<p><em>&#8211;&nbsp; &nbsp; &nbsp; &nbsp; AT\u018fT-in aral\u0131q hesabat\u0131n\u0131n \u0259vv\u0259lkil\u0259rd\u0259n yum\u015faq oldu\u011fu deyilir. Bud\u0259f\u0259ki hesabat \u0259vv\u0259lkil\u0259rd\u0259n d\u0259 f\u0259rql\u0259nirdi, m\u0259s\u0259l\u0259n, yaz\u0131rlar ki, DT\u0130HB SMM-in bir s\u0131ra h\u0259ms\u00f6hb\u0259tl\u0259ri, yaxud b\u0259zi v\u0259t\u0259nda\u015f c\u0259miyy\u0259ti t\u0259\u015fkilatlar\u0131, o c\u00fcml\u0259d\u0259n \u0259vv\u0259ll\u0259r se\u00e7ki m\u00fc\u015fahid\u0259si il\u0259 m\u0259\u015f\u011ful olanlar dedil\u0259r\u2026 Siz nec\u0259, deyil\u0259nl\u0259ri b\u00f6l\u00fc\u015f\u00fcrs\u00fcn\u00fczm\u00fc?<\/em><\/p>\n\n\n\n<p>&#8211; &nbsp; &nbsp; &nbsp; B\u0259li. N\u0259inki bu, ba\u015fqa \u00f6lk\u0259l\u0259rin d\u0259 hesabatlar\u0131n\u0131 tutu\u015fduranda dil v\u0259 \u00fcslub aras\u0131nda bir az f\u0259rql\u0259r var. Amma biz bir m\u0259qam\u0131 n\u0259z\u0259r\u0259 almal\u0131y\u0131q, AT\u018fT kimi institutun Az\u0259rbaycana yana\u015fmas\u0131 bir az f\u0259rqlidir. \u00c7\u00fcnki Az\u0259rbaycanda getdikc\u0259 siyasi qorxu m\u00fchiti artmaqdad\u0131r. Bu, son 5-6, b\u0259lk\u0259 10 ild\u0259 a\u00e7\u0131q g\u00f6r\u00fcn\u00fcr. \u018fsas\u0259n 2013-c\u00fc il h\u0259bsl\u0259rind\u0259n sonra v\u0259t\u0259nda\u015f c\u0259miyy\u0259tind\u0259, siyasi partiyalarda v\u0259 mediada bir qorxu m\u00fchiti yaran\u0131b. \u0130nsanlar AT\u018fT-in m\u00fc\u015fahid\u0259\u00e7il\u0259ri il\u0259 s\u00f6hb\u0259tl\u0259rind\u0259 rahat \u015f\u0259kild\u0259 fikirl\u0259rini ifad\u0259 ed\u0259 bilmirl\u0259r. 2020-ci ilin parlament se\u00e7kil\u0259ri vaxt\u0131 namiz\u0259dl\u0259rin t\u0259msil\u00e7il\u0259rin\u0259, v\u0259t\u0259nda\u015f c\u0259miyy\u0259tl\u0259rinin n\u00fcmay\u0259nd\u0259l\u0259rin\u0259, jurnalistl\u0259r\u0259 AT\u018fT-in m\u00fc\u015fahid\u0259\u00e7il\u0259ri il\u0259 g\u00f6r\u00fc\u015fd\u0259n sonra t\u0259zyiql\u0259r ba\u015flam\u0131\u015fd\u0131. M\u0259nc\u0259, bu c\u00fcr ifad\u0259l\u0259rin hesabatlara d\u00fc\u015fm\u0259sinin arxas\u0131nda h\u0259m d\u0259 Az\u0259rbaycandak\u0131 siyasi qorxu m\u00fchiti dayan\u0131r. Haz\u0131rk\u0131 siyasi m\u0259nz\u0259r\u0259 n\u0259inki 2015, he\u00e7 2018-ci ilin siyasi m\u0259nz\u0259r\u0259si d\u0259 deyil. Se\u00e7ki\u00f6nc\u0259si h\u0259bsl\u0259rin dinamikas\u0131na bax\u0131n, bir redaksiyan\u0131n 6 \u0259m\u0259kda\u015f\u0131 h\u0259bs edildi, xeyli sayda ictimai f\u0259al h\u0259bsd\u0259dir, H\u0259mkarlar \u0130ttifaq\u0131 Konfederasiyas\u0131ndan 3 n\u0259f\u0259r h\u0259bsd\u0259dir. \u0130lin \u0259vv\u0259lind\u0259 B\u0259xtiyar Hac\u0131yevin, Nazim B\u0259yd\u0259mirlinin h\u0259bsi\u2026 M\u0259n Qubad \u0130bado\u011flunun siyasi f\u0259aliyy\u0259tini, siyasi \u00e7\u0131x\u0131\u015flar\u0131n\u0131 bir ne\u00e7\u0259 d\u0259f\u0259 izl\u0259mi\u015f\u0259m, az-\u00e7ox da siyasi prosesl\u0259ri t\u0259hlil etm\u0259k t\u0259cr\u00fcb\u0259m var, g\u0259ldiyim q\u0259na\u0259t bu idi ki, o potensial namiz\u0259d kimi ortaya \u00e7\u0131xacaqd\u0131. D\u00fc\u015f\u00fcn\u00fcr\u0259m ki, Qubad b\u0259yin h\u0259bsi m\u0259hz n\u00f6vb\u0259d\u0259nk\u0259nar se\u00e7ki \u00f6nc\u0259si ba\u015flanan repressiyalarla ba\u011fl\u0131d\u0131r. \u00c7\u00fcnki Qubad b\u0259y siyasi iddias\u0131n\u0131 ortaya qoymu\u015fdu v\u0259 siyasi h\u0259r\u0259kat\u0131n r\u0259hb\u0259ri idi, b\u0259lk\u0259 d\u0259 7 fevral n\u00f6vb\u0259d\u0259nk\u0259nar Prezident se\u00e7kisind\u0259 namiz\u0259d olacaqd\u0131. Y\u0259ni bud\u0259f\u0259ki proses 2018-ci ild\u0259kind\u0259n f\u0259rqlidir. Haz\u0131rda h\u00fcquq m\u00fcdafi\u0259\u00e7il\u0259rinin a\u00e7\u0131qlad\u0131\u011f\u0131 m\u0259lumata g\u00f6r\u0259 250-d\u0259n \u00e7ox siyasi m\u0259hbus var. B\u00f6y\u00fck r\u0259q\u0259mdir.<\/p>\n\n\n\n<p><em>&#8211; &nbsp; &nbsp; &nbsp; H\u0259tta \u0259vv\u0259lki se\u00e7kil\u0259rd\u0259 bu q\u0259d\u0259r siyasi m\u0259hbus olmam\u0131\u015fd\u0131\u2026<\/em><\/p>\n\n\n\n<p>&#8211; &nbsp; &nbsp; &nbsp; M\u0259n 2005-ci ilin se\u00e7ki\u00f6nc\u0259si \u00e7oxlu siyasi m\u0259hbsular\u0131n oldu\u011funun \u015fahidi olmu\u015fdum. Ancaq onlar azad edildil\u0259r, h\u0259tta 2003-c\u00fc il se\u00e7kisind\u0259n sonra h\u0259bs olunanlar da\u2026<\/p>\n\n\n\n<p><em>&#8211; &nbsp; &nbsp; &nbsp; V\u0259 onlar parlament se\u00e7kil\u0259rin\u0259 d\u0259 qat\u0131ld\u0131lar.<\/em><\/p>\n\n\n\n<p>&#8211; &nbsp; &nbsp; &nbsp; B\u0259li. 2005-ci ilin se\u00e7kisi demokratik m\u00fchit bax\u0131m\u0131ndan indikind\u0259n xeyli \u0259lveri\u015fliydi.<\/p>\n\n\n\n<p><em>&#8211; &nbsp; &nbsp; &nbsp; G\u0259l\u0259k Q\u0259rbin, x\u00fcsus\u0259n AB\u015e-\u0131n se\u00e7kiy\u0259 m\u00fcnasib\u0259tin\u0259. Bir ne\u00e7\u0259 g\u00fcn \u00f6nc\u0259 AB\u015e D\u00f6vl\u0259t Departamentinin r\u0259smisi Miller brifinqd\u0259 \u201cTuran\u201d\u0131n m\u00fcxbirinin se\u00e7kil\u0259rl\u0259 ba\u011fl\u0131 sual\u0131na bel\u0259 cavab verdi: \u201cM\u0259nim sad\u0259c\u0259 olaraq Az\u0259rbaycanda daxili se\u00e7kil\u0259rl\u0259 ba\u011fl\u0131 he\u00e7 bir \u015f\u0259rhim yoxdur\u201d. Amma G\u00fcrc\u00fcstanda Ba\u015f nazirin istefas\u0131 v\u0259 se\u00e7kil\u0259ri \u015f\u0259rh etdi. Bu f\u0259rqli yana\u015fman\u0131 nec\u0259 qiym\u0259tl\u0259ndirirsiniz?<\/em><\/p>\n\n\n\n<p>&#8211; &nbsp; &nbsp; &nbsp; Bel\u0259 bir tendensiyan\u0131n olmas\u0131 il\u0259 raz\u0131yam. Amma bunun bir s\u0259b\u0259bi var, G\u00fcrc\u00fcstanla Az\u0259rbaycan\u0131n, o c\u00fcml\u0259d\u0259n, ba\u015fqa postsovet \u00f6lk\u0259l\u0259ri aras\u0131nda insan h\u00fcquqlar\u0131 v\u0259 demokratiya m\u0259s\u0259l\u0259l\u0259rin\u0259 Q\u0259rbin m\u00fcnasib\u0259ti f\u0259rqlidir. \u00c7\u00fcnki G\u00fcrc\u00fcstandan v\u0259 Erm\u0259nistandan daha \u00e7ox g\u00f6zl\u0259ntil\u0259ri var. Amma Az\u0259rbaycandan v\u0259 ba\u015fqa \u00f6lk\u0259l\u0259rd\u0259n g\u00f6zl\u0259ntil\u0259ri yoxdur. Bunun \u00e7ox sad\u0259 s\u0259b\u0259bi var, birinci, h\u0259min \u00f6lk\u0259l\u0259rin siyasi r\u0259hb\u0259rliyi Q\u0259rb v\u0259 beyn\u0259lxalq t\u0259\u015fkilatlarla m\u00fcnasib\u0259tl\u0259rind\u0259 insan h\u00fcquqlar\u0131 v\u0259 demokratik prosesl\u0259rd\u0259 yard\u0131m ist\u0259yib v\u0259 d\u0259st\u0259kl\u0259rini ifad\u0259 edibl\u0259r. Y\u0259ni siyasi irad\u0259l\u0259rini ortaya qoyublar v\u0259 aralar\u0131nda bu m\u0259s\u0259l\u0259l\u0259rl\u0259 ba\u011fl\u0131 raz\u0131la\u015fma var. Amma Az\u0259rbaycan v\u0259 ba\u015fqa \u00f6lk\u0259l\u0259rl\u0259 ba\u011fl\u0131 bel\u0259 raz\u0131la\u015fma yoxdur. R\u0259smi Bak\u0131 Q\u0259rbl\u0259 m\u00fcnasib\u0259tl\u0259rind\u0259 insan h\u00fcquq v\u0259 azadl\u0131qlar\u0131n\u0131n, demokratiya, qanunun aliliyi, yax\u015f\u0131 idar\u0259\u00e7iliyin arxa plana ke\u00e7irilm\u0259sini ist\u0259yir, y\u0259ni bu m\u00f6vzular onlar\u0131n m\u00fcnasib\u0259tl\u0259rind\u0259 meyar olmas\u0131n.<\/p>\n\n\n\n<p><em>&#8211; &nbsp; &nbsp; &nbsp; B\u0259lk\u0259 Q\u0259rbin \u00f6z\u00fc d\u0259 buna \u015f\u0259rait yarad\u0131b? M\u0259s\u0259l\u0259n, 1998-ci il se\u00e7kil\u0259rind\u0259 Az\u0259rbaycanda se\u00e7ki t\u0259bli\u011fat-t\u0259\u015fviqat kampaniyas\u0131 d\u00f6vr\u00fc 2 ay idi, bu g\u00fcn 23 g\u00fcnd\u00fcr. Sual\u0131m\u0131 ona g\u0259tirir\u0259m ki, AB\u015e ba\u015fda olmaqla Q\u0259rbin hakimiyy\u0259tl\u0259 m\u00fcnasib\u0259tl\u0259rind\u0259 birinci enerji, ikinci t\u0259hl\u00fck\u0259sizlik, sonra insan h\u00fcquqlar\u0131 v\u0259 demokratiya g\u0259lir. Y\u0259ni indiki v\u0259ziyy\u0259ti sadalad\u0131qlar\u0131m yaratmay\u0131bm\u0131?<\/em><\/p>\n\n\n\n<p>&#8211; &nbsp; &nbsp; &nbsp; T\u0259bii ki, iddia ed\u0259 bilm\u0259rik ki, AB\u015e v\u0259 dig\u0259r d\u00f6vl\u0259tl\u0259rin Az\u0259rbaycanda, \u00fcmumiyy\u0259tl\u0259, ba\u015fqa bu kimi \u00f6lk\u0259l\u0259rd\u0259 missiyas\u0131 demokratiyan\u0131 qorumaq olmal\u0131d\u0131r. Bu q\u0259d\u0259r sad\u0259l\u00f6vh olma\u011fa g\u0259r\u0259k yoxdur. Onlar demokratiyan\u0131, insan h\u00fcquq v\u0259 azadl\u0131qlar\u0131n\u0131 Az\u0259rbaycan v\u0259t\u0259nda\u015flar\u0131ndan daha art\u0131q ist\u0259y\u0259si deyill\u0259r. H\u0259min \u00f6lk\u0259l\u0259r d\u0259 n\u0259 daha asan ba\u015fa g\u0259lir v\u0259 onlar\u0131n geosiyasi maraqlar\u0131na cavab verirs\u0259, ondan yap\u0131\u015f\u0131rlar. Tutal\u0131m, Bak\u0131 Q\u0259rb\u0259 dostluq v\u0259 qarda\u015fl\u0131qla ba\u011fl\u0131 enerji siyas\u0259tini t\u0259klif edir, deyir ki, bu m\u0259s\u0259l\u0259l\u0259rd\u0259 \u0259m\u0259kda\u015fl\u0131\u011fa imkan\u0131 var, ba\u015fqa sah\u0259l\u0259rd\u0259 yox. Q\u0259rb d\u0259 ya raz\u0131la\u015f\u0131r, ya da raz\u0131la\u015fm\u0131r. Amma fakt budur ki, ill\u0259rboyu raz\u0131la\u015f\u0131blar. R\u0259smi Bak\u0131 Q\u0259rbl\u0259 geosiyasi maraqlar\u0131 bax\u0131m\u0131ndan balansl\u0131 siyas\u0259t y\u00fcr\u00fcd\u00fcb, n\u0259 Rusiyaya, n\u0259 d\u0259 Q\u0259rb\u0259 bir o q\u0259d\u0259r yax\u0131nla\u015f\u0131b. D\u00fczd\u00fcr, b\u0259zi hallarda Q\u0259rb\u0259 yax\u0131nla\u015fma olub. Amma \u00fcmum\u0259n Az\u0259rbaycan hakimiyy\u0259tinin siyas\u0259ti balansl\u0131 olub. Milli t\u0259hl\u00fck\u0259sizlik m\u0259s\u0259l\u0259l\u0259rind\u0259 Az\u0259rbaycan\u0131n hava m\u0259kanlar\u0131 NATO qo\u015funlar\u0131n\u0131n \u00fcz\u00fcn\u0259 a\u00e7\u0131l\u0131b, bir s\u0131ra h\u0259rbi m\u0259s\u0259l\u0259l\u0259rd\u0259 \u0259m\u0259kda\u015fl\u0131q olub. Ancaq insan h\u00fcquqlar\u0131 v\u0259 demokratiya m\u0259s\u0259l\u0259l\u0259rind\u0259 bu \u0259m\u0259kda\u015fl\u0131\u011f\u0131 q\u0259bul etm\u0259yib.<\/p>\n\n\n\n<p><em>&#8211; &nbsp; &nbsp; &nbsp; Halbuki, Bak\u0131n\u0131n Avropa \u015euras\u0131 qar\u015f\u0131s\u0131nda \u00f6hd\u0259likl\u0259ri var\u2026<\/em><\/p>\n\n\n\n<p>&#8211; &nbsp; &nbsp; &nbsp; M\u0259s\u0259l\u0259 ondad\u0131r ki, Avropa \u015euras\u0131 kimi bir qurumun arxas\u0131nda dayanan, t\u0259sis\u00e7isi olan \u00f6lk\u0259l\u0259r, bura AB\u015e daxil deyil, B\u00f6y\u00fck Britaniya, Almaniya v\u0259 Fransan\u0131n \u015furan\u0131n legitimliyini qorumaqla ba\u011fl\u0131 add\u0131mlar\u0131na ehtiyac var. Bu bax\u0131mdan A\u015ePA-n\u0131n m\u0259lum q\u0259rar\u0131 bir q\u0259d\u0259r gecikib. 2013-c\u00fc ild\u0259 deputat \u015etrasser siyasi m\u0259hbuslar \u00fczr\u0259 m\u0259ruz\u0259\u00e7iydi, onu Az\u0259rbaycana buraxmad\u0131lar. Lakin A\u015ePA n\u0259inki \u015etrasserin haz\u0131rlad\u0131\u011f\u0131 m\u0259ruz\u0259ni q\u0259bul etm\u0259di, h\u0259tta onun Az\u0259rbaycana burax\u0131lmamas\u0131na m\u00fcnasib\u0259t bildirm\u0259di. 10 il sonra A\u015ePA h\u0259mm\u0259ruz\u0259\u00e7il\u0259rin Az\u0259rbaycana burax\u0131lmamas\u0131ndan q\u0259z\u0259bl\u0259n\u0259r\u0259k n\u00fcmay\u0259nd\u0259 hey\u0259tinin etimadnam\u0259sini tan\u0131m\u0131r. D\u00fc\u015f\u00fcn\u00fcr\u0259m ki, A\u015ePA 10 il gecikib. Biz raz\u0131la\u015fmal\u0131yd\u0131q ki, d\u00fcnyan\u0131n he\u00e7 d\u0259 Az\u0259rbaycana m\u00fcnasib\u0259ti d\u00fc\u015fm\u0259nc\u0259sin\u0259 deyil. Bir s\u0131ra m\u0259s\u0259l\u0259l\u0259rd\u0259 m\u00f6vqeyimizi b\u00f6l\u00fc\u015f\u0259nl\u0259r d\u0259 var, yaxud \u0259ksin\u0259 dey\u0259nl\u0259r d\u0259. D\u00fcnyada ham\u0131 Qaraba\u011f m\u0259s\u0259l\u0259sind\u0259 Az\u0259rbaycan\u0131n \u0259leyhin\u0259 deyil. El\u0259 olsayd\u0131, BMT-d\u0259, A\u015ePA, Avropa Parlamentind\u0259 Az\u0259rbaycan\u0131n xeyrin\u0259 q\u0259tnam\u0259l\u0259r q\u0259bul olunmazd\u0131. Y\u0259ni biz i\u015fl\u0259y\u0259nd\u0259 d\u00fcnyan\u0131 inand\u0131ra bilirik ki, Az\u0259rbaycan\u0131n \u0259razi b\u00fct\u00f6vl\u00fcy\u00fc d\u00fcnyan\u0131n problemidir v\u0259 bu m\u0259s\u0259l\u0259d\u0259 m\u00fcnasib\u0259t bildirilm\u0259lidir. Ancaq insan h\u00fcquqlar\u0131 il\u0259 ba\u011fl\u0131 probleml\u0259rl\u0259 Qaraba\u011f m\u0259s\u0259l\u0259sini sinxron yaratmaq da do\u011fru deyil. \u00c7\u00fcnki insan h\u00fcquqlar\u0131 el\u0259 90-c\u0131 ill\u0259rd\u0259n problemdir d\u0259. Do\u011frudanm\u0131, Az\u0259rbaycan tarixind\u0259 el\u0259 bir d\u00f6n\u0259m olub ki, azad se\u00e7kil\u0259r ke\u00e7irilib, m\u0259hk\u0259m\u0259l\u0259r m\u00fcst\u0259qil olub, median\u0131n v\u0259 siyasi partiyalar\u0131n f\u0259aliyy\u0259ti \u00fc\u00e7\u00fcn mane\u00e7ilikl\u0259r yarad\u0131lmay\u0131b? \u018fg\u0259r bunlar olmay\u0131bsa, biz niy\u0259 A\u015ePA-n\u0131n q\u0259rar\u0131n\u0131 top-t\u00fcf\u0259ngl\u0259 qar\u015f\u0131lamal\u0131y\u0131q?&nbsp; &nbsp; &nbsp; &nbsp; &nbsp;<\/p>\n\n\n\n<p><em>&#8211; &nbsp; &nbsp; &nbsp; Yekun olaraq, son bir ne\u00e7\u0259 h\u0259ft\u0259d\u0259 MSK durmadan v\u0259t\u0259nda\u015flara mesaj g\u00f6nd\u0259rir ki, se\u00e7kid\u0259 f\u0259al olun. Ax\u0131 qanunvericilikd\u0259 kvota yoxdu, lap 10 n\u0259f\u0259r d\u0259 gets\u0259 Prezidenti se\u00e7\u0259 bil\u0259r. \u00dcmumiyy\u0259tl\u0259, ged\u0259n se\u00e7icinin faizini hesablay\u0131b b\u00f6l\u00fcrl\u0259r, yoxsa s\u0259sverm\u0259 h\u00fcququ olan \u0259halinin getm\u0259m\u0259si \u00f6n\u0259m da\u015f\u0131m\u0131r?<\/em><\/p>\n\n\n\n<p>&#8211; &nbsp; &nbsp; &nbsp; \u018fvv\u0259la, MSK-n\u0131n v\u0259t\u0259nda\u015flara SMS g\u00f6nd\u0259rm\u0259si qurumun qanunla m\u00fc\u0259yy\u0259n olunan \u00f6hd\u0259likl\u0259rin\u0259 daxil deyil. MSK-n\u0131n v\u0259zif\u0259si insanlar\u0131 se\u00e7kiy\u0259 g\u0259tirm\u0259k olmamal\u0131d\u0131r. MSK se\u00e7kini t\u0259\u015fkil ed\u0259n qurumdur v\u0259 komissiyan\u0131n i\u015fi texniki s\u0259ciyy\u0259 da\u015f\u0131y\u0131r. Komissiyaya tap\u015f\u0131r\u0131rlar ki, namiz\u0259dl\u0259ri qeydiyyatdan ke\u00e7ir, jurnalistl\u0259ri akkreditasiyaya al, se\u00e7ici siyah\u0131lar\u0131n\u0131 t\u0259rtib et v\u0259 se\u00e7ki g\u00fcn\u00fc d\u0259 qutular\u0131 haz\u0131rla ki, insanlar g\u0259lib s\u0259s versin. Amma Az\u0259rbaycanda MSK-n\u0131 monstr bir quruma \u00e7eviribl\u0259r. Sad\u0259c\u0259, m\u0259hk\u0259m\u0259l\u0259rin m\u00fcst\u0259qil olmad\u0131\u011f\u0131 \u00f6lk\u0259d\u0259 indi MSK \u00e7ox matah v\u0259 m\u00f6t\u0259b\u0259r institut orqan kimi ortaya \u00e7\u0131x\u0131b. Amma \u0259slind\u0259 normal demokratik \u00f6lk\u0259l\u0259rd\u0259 m\u0259hk\u0259m\u0259 \u0259sas s\u00f6z sahibidir. Norve\u00e7d\u0259ki se\u00e7kil\u0259rl\u0259 ba\u011fl\u0131 adi bir misal: bu \u00f6lk\u0259nin se\u00e7ki qanunu 3-4 s\u0259hif\u0259d\u0259n ibar\u0259tdir. Amma e\u015fitmisinizmi Norve\u00e7d\u0259 qeyri-demokratik se\u00e7ki ke\u00e7irilsin?<\/p>\n\n\n\n<p><em>&#8211; &nbsp; &nbsp; &nbsp; Xeyr.<\/em><\/p>\n\n\n\n<p>&#8211; &nbsp; &nbsp; &nbsp; Norve\u00e7d\u0259 se\u00e7ki komissiyalar\u0131n\u0131n t\u0259\u015fkilind\u0259 b\u00fct\u00fcn insanlar, partiyalar, qeyri-h\u00f6kum\u0259t t\u0259\u015fkilatlar\u0131 rahat \u015f\u0259kild\u0259 i\u015ftirak edirl\u0259r. M\u0259n Az\u0259rbaycanda he\u00e7 vaxt MSK-n\u0131n iclas\u0131n\u0131 m\u00fc\u015fahid\u0259 ed\u0259 bilm\u0259mi\u015f\u0259m, amma Norve\u00e7\u0259 bir s\u0259f\u0259riml\u0259 MSK-n\u0131n iclas\u0131n\u0131 rahat \u015f\u0259kild\u0259 m\u00fc\u015fahid\u0259 etdim. \u00c7\u00fcnki Az\u0259rbaycanda MSK-n\u0131n iclas\u0131n\u0131 m\u00fc\u015fahid\u0259 etm\u0259k \u00fc\u00e7\u00fcn x\u00fcsusi qaydada qeydiyyatdan ke\u00e7m\u0259lis\u0259n. \u018flahidd\u0259 m\u00fc\u015fahid\u0259\u00e7i statusu almaqdan \u00f6tr\u00fc m\u00fctl\u0259q MSK-n\u0131n p\u00fc\u015fkatmas\u0131ndan ke\u00e7m\u0259lis\u0259n. SMS-l\u0259r\u0259 g\u0259l\u0259k, bunlar pulsuz deyil, y\u0259qin ki, \u201cBakcell\u201d v\u0259 \u201cAzercell\u201d\u0259 v\u0259sait \u00f6d\u0259nilir.&nbsp;<\/p>\n\n\n\n<p><em>&#8211; &nbsp; &nbsp; &nbsp; Sual yaran\u0131r, tender ke\u00e7irilibmi?<\/em><\/p>\n\n\n\n<p>&#8211; &nbsp; &nbsp; &nbsp; Bilmir\u0259m, bunun \u00f6z\u00fc d\u0259 maraql\u0131 m\u00f6vzudur. \u0130kincisi, insanlar se\u00e7kiy\u0259 g\u0259ls\u0259 d\u0259, g\u0259lm\u0259s\u0259 d\u0259, sad\u0259 s\u0259s\u00e7oxlu\u011fu il\u0259 Prezident se\u00e7il\u0259c\u0259k. SMS-l\u0259rin arxas\u0131nda o dayan\u0131r ki, se\u00e7ici f\u0259all\u0131\u011f\u0131 il\u0259 ba\u011fl\u0131 ciddi narahatl\u0131q var. Bunun da ba\u015fl\u0131ca problemi he\u00e7 d\u0259 ictimai f\u0259all\u0131\u011f\u0131n a\u015fa\u011f\u0131 olmas\u0131 deyil, a\u00e7\u0131qlanan r\u0259q\u0259ml\u0259rd\u0259 problem var. Az\u0259rbaycanda 6 milyondan art\u0131q se\u00e7icinin oldu\u011funu d\u00fc\u015f\u00fcnm\u00fcr\u0259m.&nbsp;<\/p>\n\n\n\n<p><em>&#8211; &nbsp; &nbsp; &nbsp; Azd\u0131r, y\u0259ni t\u0259qrib\u0259n n\u0259 q\u0259d\u0259rdir?<\/em><\/p>\n\n\n\n<p>&#8211; &nbsp; &nbsp; &nbsp; R\u0259q\u0259m dem\u0259k \u00e7\u0259tindir. M\u00fctl\u0259q monitorinq ke\u00e7irilm\u0259lidir, amma bu da \u00e7ox \u00e7\u0259tindir. Deyirl\u0259r ki, 2020-ci ild\u0259n 2023-c\u00fc il\u0259 q\u0259d\u0259r se\u00e7icil\u0259rin say\u0131nda 1 milyon art\u0131m olub. Bunu nec\u0259 a\u00e7\u0131qlaya bil\u0259rl\u0259r, n\u0259yin hesab\u0131na art\u0131m olub? S\u0259sverm\u0259 ya\u015f\u0131 \u00e7atan insanlar\u0131n say\u0131d\u0131r, yoxsa \u00f6lk\u0259y\u0259 miqrant ax\u0131n\u0131 var?<\/p>\n\n\n\n<p><em>&#8211; &nbsp; &nbsp; &nbsp; Yox, daha \u00e7ox m\u0259lum m\u00fcharib\u0259d\u0259n sonra Ukraynadan v\u0259 Rusiyadan g\u0259l\u0259nl\u0259rin oldu\u011funu deyirl\u0259r<\/em>&#8230;<\/p>\n\n\n\n<p>&#8211; &nbsp; &nbsp; &nbsp; R\u0259q\u0259ml\u0259r a\u00e7\u0131qlas\u0131nlar, biz d\u0259 Ukraynaya v\u0259 Rusiyaya baxaq, g\u00f6r\u0259k, t\u0259rk ed\u0259nl\u0259rin say\u0131 n\u0259 q\u0259d\u0259rdir. Y\u0259ni bunlar\u0131 r\u0259q\u0259ml\u0259rl\u0259 isbatlamaq laz\u0131md\u0131r. Bir daha t\u0259krar edir\u0259m, m\u0259n Az\u0259rbaycanda faktiki 6 milyon se\u00e7icinin ya\u015fad\u0131\u011f\u0131na \u015f\u00fcbh\u0259 edir\u0259m. MSK bununla ba\u011fl\u0131 inams\u0131zl\u0131\u011f\u0131 aradan qald\u0131rmaq \u00fc\u00e7\u00fcn he\u00e7 bir add\u0131m atm\u0131r. \u00dc\u00e7\u00fcnc\u00fcs\u00fc, sad\u0259c\u0259, se\u00e7ici f\u0259all\u0131\u011f\u0131n\u0131 art\u0131rmaq ist\u0259yirl\u0259r, onlar\u0131n kim\u0259 s\u0259s verm\u0259sini yox, amma unudurlar ki, prosesin \u00f6z\u00fcn\u00fc maraql\u0131 etm\u0259k laz\u0131md\u0131r. Sanki teatr tama\u015fas\u0131 haz\u0131rlay\u0131blar v\u0259 d\u00f6vl\u0259t idar\u0259l\u0259rin\u0259 bilet paylay\u0131blar ki, g\u0259lin tama\u015faya bax\u0131n. \u00c7\u00fcnki tama\u015fa maraqs\u0131z oldu\u011fundan insanlar pul verib g\u0259lib baxmayacaqlar. Bu da yetmirmi\u015f kimi d\u00f6vl\u0259t idar\u0259l\u0259rin\u0259 z\u0259ng edib deyirl\u0259r ki, i\u015f\u00e7il\u0259rinizi g\u0259tirin. Y\u0259ni pulsuz bilet\u0259 d\u0259 g\u0259lmirl\u0259r.&nbsp;<\/p>\n\n\n\n<p><em>&#8211;&nbsp; Bir g\u00fcn \u0259vv\u0259l Meydan TV-nin \u015eamax\u0131dan yayd\u0131\u011f\u0131 reportajdak\u0131 kimi, se\u00e7icil\u0259r Razi Nurullayevin g\u00f6r\u00fc\u015f\u00fcn\u0259 g\u0259libl\u0259r, amma bilmirl\u0259r ki, kimdir\u2026<\/em><\/p>\n\n\n\n<p>&#8211; &nbsp; &nbsp; &nbsp; Dig\u0259r namiz\u0259dl\u0259rl\u0259 ba\u011fl\u0131 da ox\u015far hal ya\u015fan\u0131b, g\u00f6r\u00fc\u015fd\u0259n \u00e7\u0131xan t\u0259l\u0259b\u0259l\u0259rd\u0259n soru\u015fublar ki, namiz\u0259d kimdir, tan\u0131mad\u0131qlar\u0131n\u0131 deyibl\u0259r.<\/p>\n","protected":false},"excerpt":{"rendered":"<p>&#8220;MSK-n\u0131n v\u0259zif\u0259si insanlar\u0131 se\u00e7kiy\u0259 g\u0259tirm\u0259k olmamal\u0131d\u0131r\u201d Fevral\u0131n 7-d\u0259 Az\u0259rbaycanda n\u00f6vb\u0259d\u0259nk\u0259nar &#8230; <\/p>\n<p class=\"read-more-container\"><a title=\"Anar M\u0259mm\u0259dli: \u201cDebatlar g\u00f6st\u0259rdi ki, ger\u00e7\u0259k yar\u0131\u015f v\u0259 siyasi r\u0259qab\u0259t yoxdur\u201d\" class=\"read-more button\" href=\"https:\/\/www.meydan.tv\/az\/article\/anar-memmedli-debatlar-gosterdi-ki-gercek-yaris-ve-siyasi-reqabet-yoxdur\/#more-297093\" aria-label=\"Read more about Anar M\u0259mm\u0259dli: \u201cDebatlar g\u00f6st\u0259rdi ki, ger\u00e7\u0259k yar\u0131\u015f v\u0259 siyasi r\u0259qab\u0259t yoxdur\u201d\">Davam\u0131<\/a><\/p>\n","protected":false},"author":12,"featured_media":297095,"comment_status":"closed","ping_status":"closed","sticky":false,"template":"","format":"standard","meta":{"_acf_changed":false,"_sitemap_exclude":false,"_sitemap_priority":"","_sitemap_frequency":"","footnotes":""},"categories":[129,59,79,63],"tags":[],"class_list":["post-297093","post","type-post","status-publish","format-standard","has-post-thumbnail","hentry","category-sechki-2024","category-siyaset","category-featured","category-video-2","infinite-scroll-item","generate-columns","tablet-grid-50","mobile-grid-100","grid-parent","grid-33","no-featured-image-padding"],"acf":[],"yoast_head":"<!-- This site is optimized with the Yoast SEO plugin v27.4 - https:\/\/yoast.com\/product\/yoast-seo-wordpress\/ -->\n<title>Anar M\u0259mm\u0259dli: \u201cDebatlar g\u00f6st\u0259rdi ki, ger\u00e7\u0259k yar\u0131\u015f v\u0259 siyasi r\u0259qab\u0259t yoxdur\u201d - MEYDAN.TV<\/title>\n<meta name=\"robots\" content=\"index, follow, max-snippet:-1, max-image-preview:large, max-video-preview:-1\" \/>\n<link rel=\"canonical\" href=\"https:\/\/www.meydan.tv\/az\/article\/anar-memmedli-debatlar-gosterdi-ki-gercek-yaris-ve-siyasi-reqabet-yoxdur\/\" \/>\n<meta property=\"og:locale\" content=\"az_AZ\" \/>\n<meta property=\"og:type\" content=\"article\" \/>\n<meta property=\"og:title\" content=\"Anar M\u0259mm\u0259dli: \u201cDebatlar g\u00f6st\u0259rdi ki, ger\u00e7\u0259k yar\u0131\u015f v\u0259 siyasi r\u0259qab\u0259t yoxdur\u201d - MEYDAN.TV\" \/>\n<meta property=\"og:description\" content=\"&#8220;MSK-n\u0131n v\u0259zif\u0259si insanlar\u0131 se\u00e7kiy\u0259 g\u0259tirm\u0259k olmamal\u0131d\u0131r\u201d Fevral\u0131n 7-d\u0259 Az\u0259rbaycanda n\u00f6vb\u0259d\u0259nk\u0259nar ... Davam\u0131\" \/>\n<meta property=\"og:url\" content=\"https:\/\/www.meydan.tv\/az\/article\/anar-memmedli-debatlar-gosterdi-ki-gercek-yaris-ve-siyasi-reqabet-yoxdur\/\" \/>\n<meta property=\"og:site_name\" content=\"MEYDAN.TV\" \/>\n<meta property=\"article:published_time\" content=\"2024-02-06T15:35:10+00:00\" \/>\n<meta property=\"article:modified_time\" content=\"2024-02-06T15:35:14+00:00\" \/>\n<meta property=\"og:image\" content=\"https:\/\/www.meydan.tv\/wp-content\/uploads\/screenshot-2024-02-06-at-14.57.50-1200x703.png\" \/>\n\t<meta property=\"og:image:width\" content=\"1200\" \/>\n\t<meta property=\"og:image:height\" content=\"703\" \/>\n\t<meta property=\"og:image:type\" content=\"image\/png\" \/>\n<meta name=\"author\" content=\"aleks\" \/>\n<meta name=\"twitter:card\" content=\"summary_large_image\" \/>\n<script type=\"application\/ld+json\" class=\"yoast-schema-graph\">{\"@context\":\"https:\\\/\\\/schema.org\",\"@graph\":[{\"@type\":\"Article\",\"@id\":\"https:\\\/\\\/www.meydan.tv\\\/az\\\/article\\\/anar-memmedli-debatlar-gosterdi-ki-gercek-yaris-ve-siyasi-reqabet-yoxdur\\\/#article\",\"isPartOf\":{\"@id\":\"https:\\\/\\\/www.meydan.tv\\\/az\\\/article\\\/anar-memmedli-debatlar-gosterdi-ki-gercek-yaris-ve-siyasi-reqabet-yoxdur\\\/\"},\"author\":{\"name\":\"aleks\",\"@id\":\"https:\\\/\\\/www.meydan.tv\\\/az\\\/#\\\/schema\\\/person\\\/476e9360e593fa131d5d71d51866f8da\"},\"headline\":\"Anar M\u0259mm\u0259dli: \u201cDebatlar g\u00f6st\u0259rdi ki, ger\u00e7\u0259k yar\u0131\u015f v\u0259 siyasi r\u0259qab\u0259t yoxdur\u201d\",\"datePublished\":\"2024-02-06T15:35:10+00:00\",\"dateModified\":\"2024-02-06T15:35:14+00:00\",\"mainEntityOfPage\":{\"@id\":\"https:\\\/\\\/www.meydan.tv\\\/az\\\/article\\\/anar-memmedli-debatlar-gosterdi-ki-gercek-yaris-ve-siyasi-reqabet-yoxdur\\\/\"},\"wordCount\":4088,\"publisher\":{\"@id\":\"https:\\\/\\\/www.meydan.tv\\\/az\\\/#organization\"},\"image\":{\"@id\":\"https:\\\/\\\/www.meydan.tv\\\/az\\\/article\\\/anar-memmedli-debatlar-gosterdi-ki-gercek-yaris-ve-siyasi-reqabet-yoxdur\\\/#primaryimage\"},\"thumbnailUrl\":\"https:\\\/\\\/www.meydan.tv\\\/wp-content\\\/uploads\\\/screenshot-2024-02-06-at-14.57.50.png\",\"articleSection\":[\"Se\u00e7ki 2024\",\"Siyas\u0259t\",\"T\u00f6vsiy\u0259\",\"Video\"],\"inLanguage\":\"az\"},{\"@type\":\"WebPage\",\"@id\":\"https:\\\/\\\/www.meydan.tv\\\/az\\\/article\\\/anar-memmedli-debatlar-gosterdi-ki-gercek-yaris-ve-siyasi-reqabet-yoxdur\\\/\",\"url\":\"https:\\\/\\\/www.meydan.tv\\\/az\\\/article\\\/anar-memmedli-debatlar-gosterdi-ki-gercek-yaris-ve-siyasi-reqabet-yoxdur\\\/\",\"name\":\"Anar M\u0259mm\u0259dli: \u201cDebatlar g\u00f6st\u0259rdi ki, ger\u00e7\u0259k yar\u0131\u015f v\u0259 siyasi r\u0259qab\u0259t yoxdur\u201d - MEYDAN.TV\",\"isPartOf\":{\"@id\":\"https:\\\/\\\/www.meydan.tv\\\/az\\\/#website\"},\"primaryImageOfPage\":{\"@id\":\"https:\\\/\\\/www.meydan.tv\\\/az\\\/article\\\/anar-memmedli-debatlar-gosterdi-ki-gercek-yaris-ve-siyasi-reqabet-yoxdur\\\/#primaryimage\"},\"image\":{\"@id\":\"https:\\\/\\\/www.meydan.tv\\\/az\\\/article\\\/anar-memmedli-debatlar-gosterdi-ki-gercek-yaris-ve-siyasi-reqabet-yoxdur\\\/#primaryimage\"},\"thumbnailUrl\":\"https:\\\/\\\/www.meydan.tv\\\/wp-content\\\/uploads\\\/screenshot-2024-02-06-at-14.57.50.png\",\"datePublished\":\"2024-02-06T15:35:10+00:00\",\"dateModified\":\"2024-02-06T15:35:14+00:00\",\"breadcrumb\":{\"@id\":\"https:\\\/\\\/www.meydan.tv\\\/az\\\/article\\\/anar-memmedli-debatlar-gosterdi-ki-gercek-yaris-ve-siyasi-reqabet-yoxdur\\\/#breadcrumb\"},\"inLanguage\":\"az\",\"potentialAction\":[{\"@type\":\"ReadAction\",\"target\":[\"https:\\\/\\\/www.meydan.tv\\\/az\\\/article\\\/anar-memmedli-debatlar-gosterdi-ki-gercek-yaris-ve-siyasi-reqabet-yoxdur\\\/\"]}]},{\"@type\":\"ImageObject\",\"inLanguage\":\"az\",\"@id\":\"https:\\\/\\\/www.meydan.tv\\\/az\\\/article\\\/anar-memmedli-debatlar-gosterdi-ki-gercek-yaris-ve-siyasi-reqabet-yoxdur\\\/#primaryimage\",\"url\":\"https:\\\/\\\/www.meydan.tv\\\/wp-content\\\/uploads\\\/screenshot-2024-02-06-at-14.57.50.png\",\"contentUrl\":\"https:\\\/\\\/www.meydan.tv\\\/wp-content\\\/uploads\\\/screenshot-2024-02-06-at-14.57.50.png\",\"width\":1826,\"height\":1070},{\"@type\":\"BreadcrumbList\",\"@id\":\"https:\\\/\\\/www.meydan.tv\\\/az\\\/article\\\/anar-memmedli-debatlar-gosterdi-ki-gercek-yaris-ve-siyasi-reqabet-yoxdur\\\/#breadcrumb\",\"itemListElement\":[{\"@type\":\"ListItem\",\"position\":1,\"name\":\"Ana s\u0259hif\u0259\",\"item\":\"https:\\\/\\\/www.meydan.tv\\\/az\\\/\"},{\"@type\":\"ListItem\",\"position\":2,\"name\":\"Siyas\u0259t\",\"item\":\"https:\\\/\\\/www.meydan.tv\\\/az\\\/section\\\/siyaset\\\/\"},{\"@type\":\"ListItem\",\"position\":3,\"name\":\"Anar M\u0259mm\u0259dli: \u201cDebatlar g\u00f6st\u0259rdi ki, ger\u00e7\u0259k yar\u0131\u015f v\u0259 siyasi r\u0259qab\u0259t yoxdur\u201d\"}]},{\"@type\":\"WebSite\",\"@id\":\"https:\\\/\\\/www.meydan.tv\\\/az\\\/#website\",\"url\":\"https:\\\/\\\/www.meydan.tv\\\/az\\\/\",\"name\":\"MEYDAN.TV\",\"description\":\"Meydan TV Az\u0259rbaycan\u0131n media m\u0259kan\u0131ndak\u0131 alternativ s\u0259sidir\",\"publisher\":{\"@id\":\"https:\\\/\\\/www.meydan.tv\\\/az\\\/#organization\"},\"potentialAction\":[{\"@type\":\"SearchAction\",\"target\":{\"@type\":\"EntryPoint\",\"urlTemplate\":\"https:\\\/\\\/www.meydan.tv\\\/az\\\/?s={search_term_string}\"},\"query-input\":{\"@type\":\"PropertyValueSpecification\",\"valueRequired\":true,\"valueName\":\"search_term_string\"}}],\"inLanguage\":\"az\"},{\"@type\":\"Organization\",\"@id\":\"https:\\\/\\\/www.meydan.tv\\\/az\\\/#organization\",\"name\":\"Meydan TV\",\"url\":\"https:\\\/\\\/www.meydan.tv\\\/az\\\/\",\"logo\":{\"@type\":\"ImageObject\",\"inLanguage\":\"az\",\"@id\":\"https:\\\/\\\/www.meydan.tv\\\/az\\\/#\\\/schema\\\/logo\\\/image\\\/\",\"url\":\"https:\\\/\\\/www.meydan.tv\\\/wp-content\\\/uploads\\\/2021\\\/07\\\/meydan-logo.svg\",\"contentUrl\":\"https:\\\/\\\/www.meydan.tv\\\/wp-content\\\/uploads\\\/2021\\\/07\\\/meydan-logo.svg\",\"width\":195,\"height\":46,\"caption\":\"Meydan TV\"},\"image\":{\"@id\":\"https:\\\/\\\/www.meydan.tv\\\/az\\\/#\\\/schema\\\/logo\\\/image\\\/\"}},{\"@type\":\"Person\",\"@id\":\"https:\\\/\\\/www.meydan.tv\\\/az\\\/#\\\/schema\\\/person\\\/476e9360e593fa131d5d71d51866f8da\",\"name\":\"aleks\"}]}<\/script>\n<!-- \/ Yoast SEO plugin. -->","yoast_head_json":{"title":"Anar M\u0259mm\u0259dli: \u201cDebatlar g\u00f6st\u0259rdi ki, ger\u00e7\u0259k yar\u0131\u015f v\u0259 siyasi r\u0259qab\u0259t yoxdur\u201d - MEYDAN.TV","robots":{"index":"index","follow":"follow","max-snippet":"max-snippet:-1","max-image-preview":"max-image-preview:large","max-video-preview":"max-video-preview:-1"},"canonical":"https:\/\/www.meydan.tv\/az\/article\/anar-memmedli-debatlar-gosterdi-ki-gercek-yaris-ve-siyasi-reqabet-yoxdur\/","og_locale":"az_AZ","og_type":"article","og_title":"Anar M\u0259mm\u0259dli: \u201cDebatlar g\u00f6st\u0259rdi ki, ger\u00e7\u0259k yar\u0131\u015f v\u0259 siyasi r\u0259qab\u0259t yoxdur\u201d - MEYDAN.TV","og_description":"&#8220;MSK-n\u0131n v\u0259zif\u0259si insanlar\u0131 se\u00e7kiy\u0259 g\u0259tirm\u0259k olmamal\u0131d\u0131r\u201d Fevral\u0131n 7-d\u0259 Az\u0259rbaycanda n\u00f6vb\u0259d\u0259nk\u0259nar ... Davam\u0131","og_url":"https:\/\/www.meydan.tv\/az\/article\/anar-memmedli-debatlar-gosterdi-ki-gercek-yaris-ve-siyasi-reqabet-yoxdur\/","og_site_name":"MEYDAN.TV","article_published_time":"2024-02-06T15:35:10+00:00","article_modified_time":"2024-02-06T15:35:14+00:00","og_image":[{"width":1200,"height":703,"url":"https:\/\/www.meydan.tv\/wp-content\/uploads\/screenshot-2024-02-06-at-14.57.50-1200x703.png","type":"image\/png"}],"author":"aleks","twitter_card":"summary_large_image","schema":{"@context":"https:\/\/schema.org","@graph":[{"@type":"Article","@id":"https:\/\/www.meydan.tv\/az\/article\/anar-memmedli-debatlar-gosterdi-ki-gercek-yaris-ve-siyasi-reqabet-yoxdur\/#article","isPartOf":{"@id":"https:\/\/www.meydan.tv\/az\/article\/anar-memmedli-debatlar-gosterdi-ki-gercek-yaris-ve-siyasi-reqabet-yoxdur\/"},"author":{"name":"aleks","@id":"https:\/\/www.meydan.tv\/az\/#\/schema\/person\/476e9360e593fa131d5d71d51866f8da"},"headline":"Anar M\u0259mm\u0259dli: \u201cDebatlar g\u00f6st\u0259rdi ki, ger\u00e7\u0259k yar\u0131\u015f v\u0259 siyasi r\u0259qab\u0259t yoxdur\u201d","datePublished":"2024-02-06T15:35:10+00:00","dateModified":"2024-02-06T15:35:14+00:00","mainEntityOfPage":{"@id":"https:\/\/www.meydan.tv\/az\/article\/anar-memmedli-debatlar-gosterdi-ki-gercek-yaris-ve-siyasi-reqabet-yoxdur\/"},"wordCount":4088,"publisher":{"@id":"https:\/\/www.meydan.tv\/az\/#organization"},"image":{"@id":"https:\/\/www.meydan.tv\/az\/article\/anar-memmedli-debatlar-gosterdi-ki-gercek-yaris-ve-siyasi-reqabet-yoxdur\/#primaryimage"},"thumbnailUrl":"https:\/\/www.meydan.tv\/wp-content\/uploads\/screenshot-2024-02-06-at-14.57.50.png","articleSection":["Se\u00e7ki 2024","Siyas\u0259t","T\u00f6vsiy\u0259","Video"],"inLanguage":"az"},{"@type":"WebPage","@id":"https:\/\/www.meydan.tv\/az\/article\/anar-memmedli-debatlar-gosterdi-ki-gercek-yaris-ve-siyasi-reqabet-yoxdur\/","url":"https:\/\/www.meydan.tv\/az\/article\/anar-memmedli-debatlar-gosterdi-ki-gercek-yaris-ve-siyasi-reqabet-yoxdur\/","name":"Anar M\u0259mm\u0259dli: \u201cDebatlar g\u00f6st\u0259rdi ki, ger\u00e7\u0259k yar\u0131\u015f v\u0259 siyasi r\u0259qab\u0259t yoxdur\u201d - MEYDAN.TV","isPartOf":{"@id":"https:\/\/www.meydan.tv\/az\/#website"},"primaryImageOfPage":{"@id":"https:\/\/www.meydan.tv\/az\/article\/anar-memmedli-debatlar-gosterdi-ki-gercek-yaris-ve-siyasi-reqabet-yoxdur\/#primaryimage"},"image":{"@id":"https:\/\/www.meydan.tv\/az\/article\/anar-memmedli-debatlar-gosterdi-ki-gercek-yaris-ve-siyasi-reqabet-yoxdur\/#primaryimage"},"thumbnailUrl":"https:\/\/www.meydan.tv\/wp-content\/uploads\/screenshot-2024-02-06-at-14.57.50.png","datePublished":"2024-02-06T15:35:10+00:00","dateModified":"2024-02-06T15:35:14+00:00","breadcrumb":{"@id":"https:\/\/www.meydan.tv\/az\/article\/anar-memmedli-debatlar-gosterdi-ki-gercek-yaris-ve-siyasi-reqabet-yoxdur\/#breadcrumb"},"inLanguage":"az","potentialAction":[{"@type":"ReadAction","target":["https:\/\/www.meydan.tv\/az\/article\/anar-memmedli-debatlar-gosterdi-ki-gercek-yaris-ve-siyasi-reqabet-yoxdur\/"]}]},{"@type":"ImageObject","inLanguage":"az","@id":"https:\/\/www.meydan.tv\/az\/article\/anar-memmedli-debatlar-gosterdi-ki-gercek-yaris-ve-siyasi-reqabet-yoxdur\/#primaryimage","url":"https:\/\/www.meydan.tv\/wp-content\/uploads\/screenshot-2024-02-06-at-14.57.50.png","contentUrl":"https:\/\/www.meydan.tv\/wp-content\/uploads\/screenshot-2024-02-06-at-14.57.50.png","width":1826,"height":1070},{"@type":"BreadcrumbList","@id":"https:\/\/www.meydan.tv\/az\/article\/anar-memmedli-debatlar-gosterdi-ki-gercek-yaris-ve-siyasi-reqabet-yoxdur\/#breadcrumb","itemListElement":[{"@type":"ListItem","position":1,"name":"Ana s\u0259hif\u0259","item":"https:\/\/www.meydan.tv\/az\/"},{"@type":"ListItem","position":2,"name":"Siyas\u0259t","item":"https:\/\/www.meydan.tv\/az\/section\/siyaset\/"},{"@type":"ListItem","position":3,"name":"Anar M\u0259mm\u0259dli: \u201cDebatlar g\u00f6st\u0259rdi ki, ger\u00e7\u0259k yar\u0131\u015f v\u0259 siyasi r\u0259qab\u0259t yoxdur\u201d"}]},{"@type":"WebSite","@id":"https:\/\/www.meydan.tv\/az\/#website","url":"https:\/\/www.meydan.tv\/az\/","name":"MEYDAN.TV","description":"Meydan TV Az\u0259rbaycan\u0131n media m\u0259kan\u0131ndak\u0131 alternativ s\u0259sidir","publisher":{"@id":"https:\/\/www.meydan.tv\/az\/#organization"},"potentialAction":[{"@type":"SearchAction","target":{"@type":"EntryPoint","urlTemplate":"https:\/\/www.meydan.tv\/az\/?s={search_term_string}"},"query-input":{"@type":"PropertyValueSpecification","valueRequired":true,"valueName":"search_term_string"}}],"inLanguage":"az"},{"@type":"Organization","@id":"https:\/\/www.meydan.tv\/az\/#organization","name":"Meydan TV","url":"https:\/\/www.meydan.tv\/az\/","logo":{"@type":"ImageObject","inLanguage":"az","@id":"https:\/\/www.meydan.tv\/az\/#\/schema\/logo\/image\/","url":"https:\/\/www.meydan.tv\/wp-content\/uploads\/2021\/07\/meydan-logo.svg","contentUrl":"https:\/\/www.meydan.tv\/wp-content\/uploads\/2021\/07\/meydan-logo.svg","width":195,"height":46,"caption":"Meydan TV"},"image":{"@id":"https:\/\/www.meydan.tv\/az\/#\/schema\/logo\/image\/"}},{"@type":"Person","@id":"https:\/\/www.meydan.tv\/az\/#\/schema\/person\/476e9360e593fa131d5d71d51866f8da","name":"aleks"}]}},"_links":{"self":[{"href":"https:\/\/www.meydan.tv\/az\/wp-json\/wp\/v2\/posts\/297093","targetHints":{"allow":["GET"]}}],"collection":[{"href":"https:\/\/www.meydan.tv\/az\/wp-json\/wp\/v2\/posts"}],"about":[{"href":"https:\/\/www.meydan.tv\/az\/wp-json\/wp\/v2\/types\/post"}],"author":[{"embeddable":true,"href":"https:\/\/www.meydan.tv\/az\/wp-json\/wp\/v2\/users\/12"}],"replies":[{"embeddable":true,"href":"https:\/\/www.meydan.tv\/az\/wp-json\/wp\/v2\/comments?post=297093"}],"version-history":[{"count":6,"href":"https:\/\/www.meydan.tv\/az\/wp-json\/wp\/v2\/posts\/297093\/revisions"}],"predecessor-version":[{"id":297103,"href":"https:\/\/www.meydan.tv\/az\/wp-json\/wp\/v2\/posts\/297093\/revisions\/297103"}],"wp:featuredmedia":[{"embeddable":true,"href":"https:\/\/www.meydan.tv\/az\/wp-json\/wp\/v2\/media\/297095"}],"wp:attachment":[{"href":"https:\/\/www.meydan.tv\/az\/wp-json\/wp\/v2\/media?parent=297093"}],"wp:term":[{"taxonomy":"category","embeddable":true,"href":"https:\/\/www.meydan.tv\/az\/wp-json\/wp\/v2\/categories?post=297093"},{"taxonomy":"post_tag","embeddable":true,"href":"https:\/\/www.meydan.tv\/az\/wp-json\/wp\/v2\/tags?post=297093"}],"curies":[{"name":"wp","href":"https:\/\/api.w.org\/{rel}","templated":true}]}}