{"id":297068,"date":"2024-02-06T14:57:31","date_gmt":"2024-02-06T10:57:31","guid":{"rendered":"https:\/\/www.meydan.tv\/?p=297068"},"modified":"2024-02-06T14:57:36","modified_gmt":"2024-02-06T10:57:36","slug":"msk-sedri-790-beynelxalq-musahidecinin-azerbaycana-geldiyini-deyir","status":"publish","type":"post","link":"https:\/\/www.meydan.tv\/az\/article\/msk-sedri-790-beynelxalq-musahidecinin-azerbaycana-geldiyini-deyir\/","title":{"rendered":"MSK s\u0259dri 790 beyn\u0259lxalq m\u00fc\u015fahid\u0259\u00e7inin Az\u0259rbaycana g\u0259ldiyini deyir"},"content":{"rendered":"\n<p><\/p>\n\n\n\n<p><strong><em>Onlar\u0131n 72 t\u0259\u015fkilat\u0131 t\u0259msil etdiyi a\u00e7\u0131qlan\u0131b<\/em><\/strong><\/p>\n\n\n\n<p>Fevral\u0131n 7-d\u0259 ke\u00e7iril\u0259c\u0259k n\u00f6vb\u0259d\u0259nk\u0259nar Prezident se\u00e7kil\u0259rini izl\u0259m\u0259k \u00fc\u00e7\u00fcn akkreditasiyadan ke\u00e7\u0259n 790 beyn\u0259lxalq m\u00fc\u015fahid\u0259\u00e7inin 72 t\u0259\u015fkilat\u0131 t\u0259msil etdiyi bildirilir.<\/p>\n\n\n\n<p>Bu bar\u0259d\u0259 M\u0259rk\u0259zi Se\u00e7ki Komissiyas\u0131n\u0131n (MSK) s\u0259dri M\u0259zahir P\u0259nahov \u015eanxay \u018fm\u0259kda\u015fl\u0131q T\u0259\u015fkilat\u0131n\u0131n ( \u015e\u018fT) Ba\u015f katibi Can Minl\u0259 g\u00f6r\u00fc\u015f\u00fcnd\u0259 deyib.<\/p>\n\n\n\n<p>M.P\u0259nahov m\u00fc\u015fahid\u0259\u00e7il\u0259rin 89 \u00f6lk\u0259nin v\u0259t\u0259nda\u015f\u0131 oldu\u011funu vur\u011fulay\u0131b.<\/p>\n\n\n<div class=\"wp-block-image\">\n<figure class=\"aligncenter size-full\"><img decoding=\"async\" width=\"923\" height=\"630\" data-src=\"https:\/\/www.meydan.tv\/wp-content\/uploads\/1707215930228984269_1200x630.jpg\" alt=\"\" class=\"wp-image-297069 lazyload\" src=\"data:image\/svg+xml;base64,PHN2ZyB3aWR0aD0iMSIgaGVpZ2h0PSIxIiB4bWxucz0iaHR0cDovL3d3dy53My5vcmcvMjAwMC9zdmciPjwvc3ZnPg==\" style=\"--smush-placeholder-width: 923px; --smush-placeholder-aspect-ratio: 923\/630;\" \/><figcaption class=\"wp-element-caption\">Foto: &#8220;Az\u0259rtac&#8221;<\/figcaption><\/figure>\n<\/div>\n\n\n<p>Sabahk\u0131 se\u00e7kiy\u0259 g\u00f6r\u0259 bu g\u00fcn Az\u0259rbaycanda s\u00fckut g\u00fcn\u00fcd\u00fcr.<\/p>\n\n\n\n<p>Se\u00e7ki qanunverciliyin\u0259 \u0259sas\u0259n, t\u0259\u015fviqat-t\u0259bli\u011fat kampaniyas\u0131 dayand\u0131r\u0131l\u0131b.<\/p>\n\n\n\n<p><strong>Se\u00e7kil\u0259r n\u0259 vaxt ke\u00e7iril\u0259c\u0259k v\u0259 kiml\u0259r namiz\u0259ddir?<\/strong><\/p>\n\n\n\n<p>2024-c\u00fc ilin fevral\u0131n 7-d\u0259 Az\u0259rbaycanda n\u00f6vb\u0259d\u0259nk\u0259nar Prezident se\u00e7kil\u0259ri ke\u00e7iril\u0259c\u0259k.<\/p>\n\n\n\n<p>\u0130lham \u018fliyev \u00f6t\u0259n il dekabr\u0131n 7-d\u0259 bununla ba\u011fl\u0131 s\u0259r\u0259ncam imzalay\u0131b.<\/p>\n\n\n\n<p>Prezidentliy\u0259 namiz\u0259dl\u0259r \u2013 \u00f6lk\u0259 ba\u015f\u00e7\u0131s\u0131<a href=\"https:\/\/storage.googleapis.com\/qurium\/www.meydan.tv\/az-article-yap-namizedini-resmen-aciqladi.html\"> \u0130lham \u018fliye<\/a>v, deputatlar <a href=\"https:\/\/storage.googleapis.com\/qurium\/www.meydan.tv\/az-article-fazil-mustafa-da-prezidentliye-namized-olacaq.html\">Fazil Mustafa<\/a>, <a href=\"https:\/\/storage.googleapis.com\/qurium\/www.meydan.tv\/az-article-zahid-oruc-da-prezidentliye-namized-olacaq.html\">Zahid Oruc<\/a>, <a href=\"https:\/\/d9mc3ts4czbpr.cloudfront.net\/az\/article\/qudret-hesenquliyev-yene-namized-olacaq\/\">Q\u00fcdr\u0259t H\u0259s\u0259nquliyev<\/a>, <a href=\"https:\/\/storage.googleapis.com\/qurium\/www.meydan.tv\/az-article-razi-nurullayev-de-namizedliyini-ireli-surub.html\">Razi Nurullayev<\/a>, B\u00f6y\u00fck Az\u0259rbaycan Partiyas\u0131n\u0131n s\u0259dri <a href=\"https:\/\/storage.googleapis.com\/qurium\/www.meydan.tv\/az-article-elsad-musayev-de-prezident-olmaq-isteyir.html\">El\u015fad Musayev<\/a> v\u0259 <a href=\"https:\/\/www.meydan.tv\/az\/article\/fealiyyetini-dayandiran-partiyanin-sedri-prezidentliye-namized-olacaq\/\">Fuad \u018fliyev<\/a>dir.<\/p>\n\n\n\n<p>Namiz\u0259d S\u0259f\u0259rov, S\u0259rvan K\u0259rimov, <a href=\"https:\/\/storage.googleapis.com\/qurium\/www.meydan.tv\/az-article-prezidentliye-namizedliyini-ireli-suren-sexs-ilham-eliyevi-xilas-etmek-isteyirem-ancaq-o-el-vermir.html\">M\u0259tl\u0259b M\u00fct\u0259llimli<\/a>, Abutal\u0131b S\u0259m\u0259dov, Fikr\u0259t Yusifov, Yusif Ba\u011f\u0131rzad\u0259, Arzuman Abdulk\u0259rimov, Yunus O\u011fuz, Qulamh\u00fcseyn \u018flib\u0259yli namiz\u0259dlikl\u0259rini ir\u0259li s\u00fcrs\u0259l\u0259r d\u0259, onlar qeyd\u0259 al\u0131nmay\u0131blar.<\/p>\n\n\n\n<p>Prezidentliy\u0259 namiz\u0259dliyini ver\u0259n \u015f\u0259xsl\u0259rin h\u0259r biri hakimiyy\u0259ty\u00f6n\u00fcml\u00fc kimi tan\u0131n\u0131r.<\/p>\n\n\n\n<p><a href=\"https:\/\/storage.googleapis.com\/qurium\/www.meydan.tv\/az-article-axcp-de-seckide-istirak-etmeyecek.html\">AXCP<\/a>, <a href=\"https:\/\/storage.googleapis.com\/qurium\/www.meydan.tv\/az-article-musavat-novbedenkenar-seckide-istirakdan-imtina-edib.html\">M\u00fcsavat<\/a> v\u0259 <a href=\"https:\/\/storage.googleapis.com\/qurium\/www.meydan.tv\/az-article-kxcp-de-seckide-istirak-etmeyecek.html\">Klassik Xalq C\u0259bh\u0259si<\/a> partiyalar\u0131 se\u00e7kini boykot ed\u0259c\u0259kl\u0259rini a\u00e7\u0131qlay\u0131blar.<\/p>\n\n\n\n<p>Az\u0259rbaycanda sonuncu d\u0259f\u0259 Prezident se\u00e7kil\u0259ri 2018-ci il aprelin 11-d\u0259 ke\u00e7irilib.<\/p>\n\n\n\n<p>H\u0259min se\u00e7ki d\u0259 n\u00f6vb\u0259d\u0259nk\u0259nar olub.<\/p>\n\n\n\n<p>\u0130lham \u018fliyev 20 ildir ki, Prezident v\u0259zif\u0259sini icra edir.<\/p>\n","protected":false},"excerpt":{"rendered":"<p>Onlar\u0131n 72 t\u0259\u015fkilat\u0131 t\u0259msil etdiyi a\u00e7\u0131qlan\u0131b Fevral\u0131n 7-d\u0259 ke\u00e7iril\u0259c\u0259k n\u00f6vb\u0259d\u0259nk\u0259nar &#8230; <\/p>\n<p class=\"read-more-container\"><a title=\"MSK s\u0259dri 790 beyn\u0259lxalq m\u00fc\u015fahid\u0259\u00e7inin Az\u0259rbaycana g\u0259ldiyini deyir\" class=\"read-more button\" href=\"https:\/\/www.meydan.tv\/az\/article\/msk-sedri-790-beynelxalq-musahidecinin-azerbaycana-geldiyini-deyir\/#more-297068\" aria-label=\"Read more about MSK s\u0259dri 790 beyn\u0259lxalq m\u00fc\u015fahid\u0259\u00e7inin Az\u0259rbaycana g\u0259ldiyini deyir\">Davam\u0131<\/a><\/p>\n","protected":false},"author":8,"featured_media":137211,"comment_status":"closed","ping_status":"closed","sticky":false,"template":"","format":"standard","meta":{"_acf_changed":false,"_sitemap_exclude":false,"_sitemap_priority":"","_sitemap_frequency":"","footnotes":""},"categories":[129,59,56],"tags":[],"class_list":["post-297068","post","type-post","status-publish","format-standard","has-post-thumbnail","hentry","category-sechki-2024","category-siyaset","category-xeberler","infinite-scroll-item","generate-columns","tablet-grid-50","mobile-grid-100","grid-parent","grid-33","no-featured-image-padding"],"acf":[],"yoast_head":"<!-- This site is optimized with the Yoast SEO plugin v27.4 - https:\/\/yoast.com\/product\/yoast-seo-wordpress\/ -->\n<title>MSK s\u0259dri 790 beyn\u0259lxalq m\u00fc\u015fahid\u0259\u00e7inin Az\u0259rbaycana g\u0259ldiyini deyir - MEYDAN.TV<\/title>\n<meta name=\"robots\" content=\"index, follow, max-snippet:-1, max-image-preview:large, max-video-preview:-1\" \/>\n<link rel=\"canonical\" href=\"https:\/\/www.meydan.tv\/az\/article\/msk-sedri-790-beynelxalq-musahidecinin-azerbaycana-geldiyini-deyir\/\" \/>\n<meta property=\"og:locale\" content=\"az_AZ\" \/>\n<meta property=\"og:type\" content=\"article\" \/>\n<meta property=\"og:title\" content=\"MSK s\u0259dri 790 beyn\u0259lxalq m\u00fc\u015fahid\u0259\u00e7inin Az\u0259rbaycana g\u0259ldiyini deyir - MEYDAN.TV\" \/>\n<meta property=\"og:description\" content=\"Onlar\u0131n 72 t\u0259\u015fkilat\u0131 t\u0259msil etdiyi a\u00e7\u0131qlan\u0131b Fevral\u0131n 7-d\u0259 ke\u00e7iril\u0259c\u0259k n\u00f6vb\u0259d\u0259nk\u0259nar ... Davam\u0131\" \/>\n<meta property=\"og:url\" content=\"https:\/\/www.meydan.tv\/az\/article\/msk-sedri-790-beynelxalq-musahidecinin-azerbaycana-geldiyini-deyir\/\" \/>\n<meta property=\"og:site_name\" content=\"MEYDAN.TV\" \/>\n<meta property=\"article:published_time\" content=\"2024-02-06T10:57:31+00:00\" \/>\n<meta property=\"article:modified_time\" content=\"2024-02-06T10:57:36+00:00\" \/>\n<meta property=\"og:image\" content=\"https:\/\/www.meydan.tv\/wp-content\/uploads\/5d3d21ce-201b-4aec-b74e-5cd54b5a58fa-scaled.jpg\" \/>\n\t<meta property=\"og:image:width\" content=\"2560\" \/>\n\t<meta property=\"og:image:height\" content=\"1707\" \/>\n\t<meta property=\"og:image:type\" content=\"image\/jpeg\" \/>\n<meta name=\"author\" content=\"elli\" \/>\n<meta name=\"twitter:card\" content=\"summary_large_image\" \/>\n<meta name=\"twitter:creator\" content=\"@elli\" \/>\n<script type=\"application\/ld+json\" class=\"yoast-schema-graph\">{\"@context\":\"https:\\\/\\\/schema.org\",\"@graph\":[{\"@type\":\"Article\",\"@id\":\"https:\\\/\\\/www.meydan.tv\\\/az\\\/article\\\/msk-sedri-790-beynelxalq-musahidecinin-azerbaycana-geldiyini-deyir\\\/#article\",\"isPartOf\":{\"@id\":\"https:\\\/\\\/www.meydan.tv\\\/az\\\/article\\\/msk-sedri-790-beynelxalq-musahidecinin-azerbaycana-geldiyini-deyir\\\/\"},\"author\":{\"name\":\"elli\",\"@id\":\"https:\\\/\\\/www.meydan.tv\\\/az\\\/#\\\/schema\\\/person\\\/9cdbecf90d17180ce1dfbd95b08dcf47\"},\"headline\":\"MSK s\u0259dri 790 beyn\u0259lxalq m\u00fc\u015fahid\u0259\u00e7inin Az\u0259rbaycana g\u0259ldiyini deyir\",\"datePublished\":\"2024-02-06T10:57:31+00:00\",\"dateModified\":\"2024-02-06T10:57:36+00:00\",\"mainEntityOfPage\":{\"@id\":\"https:\\\/\\\/www.meydan.tv\\\/az\\\/article\\\/msk-sedri-790-beynelxalq-musahidecinin-azerbaycana-geldiyini-deyir\\\/\"},\"wordCount\":356,\"publisher\":{\"@id\":\"https:\\\/\\\/www.meydan.tv\\\/az\\\/#organization\"},\"image\":{\"@id\":\"https:\\\/\\\/www.meydan.tv\\\/az\\\/article\\\/msk-sedri-790-beynelxalq-musahidecinin-azerbaycana-geldiyini-deyir\\\/#primaryimage\"},\"thumbnailUrl\":\"https:\\\/\\\/www.meydan.tv\\\/wp-content\\\/uploads\\\/5d3d21ce-201b-4aec-b74e-5cd54b5a58fa-scaled.jpg\",\"articleSection\":[\"Se\u00e7ki 2024\",\"Siyas\u0259t\",\"X\u0259b\u0259rl\u0259r\"],\"inLanguage\":\"az\"},{\"@type\":\"WebPage\",\"@id\":\"https:\\\/\\\/www.meydan.tv\\\/az\\\/article\\\/msk-sedri-790-beynelxalq-musahidecinin-azerbaycana-geldiyini-deyir\\\/\",\"url\":\"https:\\\/\\\/www.meydan.tv\\\/az\\\/article\\\/msk-sedri-790-beynelxalq-musahidecinin-azerbaycana-geldiyini-deyir\\\/\",\"name\":\"MSK s\u0259dri 790 beyn\u0259lxalq m\u00fc\u015fahid\u0259\u00e7inin Az\u0259rbaycana g\u0259ldiyini deyir - MEYDAN.TV\",\"isPartOf\":{\"@id\":\"https:\\\/\\\/www.meydan.tv\\\/az\\\/#website\"},\"primaryImageOfPage\":{\"@id\":\"https:\\\/\\\/www.meydan.tv\\\/az\\\/article\\\/msk-sedri-790-beynelxalq-musahidecinin-azerbaycana-geldiyini-deyir\\\/#primaryimage\"},\"image\":{\"@id\":\"https:\\\/\\\/www.meydan.tv\\\/az\\\/article\\\/msk-sedri-790-beynelxalq-musahidecinin-azerbaycana-geldiyini-deyir\\\/#primaryimage\"},\"thumbnailUrl\":\"https:\\\/\\\/www.meydan.tv\\\/wp-content\\\/uploads\\\/5d3d21ce-201b-4aec-b74e-5cd54b5a58fa-scaled.jpg\",\"datePublished\":\"2024-02-06T10:57:31+00:00\",\"dateModified\":\"2024-02-06T10:57:36+00:00\",\"breadcrumb\":{\"@id\":\"https:\\\/\\\/www.meydan.tv\\\/az\\\/article\\\/msk-sedri-790-beynelxalq-musahidecinin-azerbaycana-geldiyini-deyir\\\/#breadcrumb\"},\"inLanguage\":\"az\",\"potentialAction\":[{\"@type\":\"ReadAction\",\"target\":[\"https:\\\/\\\/www.meydan.tv\\\/az\\\/article\\\/msk-sedri-790-beynelxalq-musahidecinin-azerbaycana-geldiyini-deyir\\\/\"]}]},{\"@type\":\"ImageObject\",\"inLanguage\":\"az\",\"@id\":\"https:\\\/\\\/www.meydan.tv\\\/az\\\/article\\\/msk-sedri-790-beynelxalq-musahidecinin-azerbaycana-geldiyini-deyir\\\/#primaryimage\",\"url\":\"https:\\\/\\\/www.meydan.tv\\\/wp-content\\\/uploads\\\/5d3d21ce-201b-4aec-b74e-5cd54b5a58fa-scaled.jpg\",\"contentUrl\":\"https:\\\/\\\/www.meydan.tv\\\/wp-content\\\/uploads\\\/5d3d21ce-201b-4aec-b74e-5cd54b5a58fa-scaled.jpg\",\"width\":2560,\"height\":1707,\"caption\":\"Foto: Meydan TV\"},{\"@type\":\"BreadcrumbList\",\"@id\":\"https:\\\/\\\/www.meydan.tv\\\/az\\\/article\\\/msk-sedri-790-beynelxalq-musahidecinin-azerbaycana-geldiyini-deyir\\\/#breadcrumb\",\"itemListElement\":[{\"@type\":\"ListItem\",\"position\":1,\"name\":\"Ana s\u0259hif\u0259\",\"item\":\"https:\\\/\\\/www.meydan.tv\\\/az\\\/\"},{\"@type\":\"ListItem\",\"position\":2,\"name\":\"Siyas\u0259t\",\"item\":\"https:\\\/\\\/www.meydan.tv\\\/az\\\/section\\\/siyaset\\\/\"},{\"@type\":\"ListItem\",\"position\":3,\"name\":\"MSK s\u0259dri 790 beyn\u0259lxalq m\u00fc\u015fahid\u0259\u00e7inin Az\u0259rbaycana g\u0259ldiyini deyir\"}]},{\"@type\":\"WebSite\",\"@id\":\"https:\\\/\\\/www.meydan.tv\\\/az\\\/#website\",\"url\":\"https:\\\/\\\/www.meydan.tv\\\/az\\\/\",\"name\":\"MEYDAN.TV\",\"description\":\"Meydan TV Az\u0259rbaycan\u0131n media m\u0259kan\u0131ndak\u0131 alternativ s\u0259sidir\",\"publisher\":{\"@id\":\"https:\\\/\\\/www.meydan.tv\\\/az\\\/#organization\"},\"potentialAction\":[{\"@type\":\"SearchAction\",\"target\":{\"@type\":\"EntryPoint\",\"urlTemplate\":\"https:\\\/\\\/www.meydan.tv\\\/az\\\/?s={search_term_string}\"},\"query-input\":{\"@type\":\"PropertyValueSpecification\",\"valueRequired\":true,\"valueName\":\"search_term_string\"}}],\"inLanguage\":\"az\"},{\"@type\":\"Organization\",\"@id\":\"https:\\\/\\\/www.meydan.tv\\\/az\\\/#organization\",\"name\":\"Meydan TV\",\"url\":\"https:\\\/\\\/www.meydan.tv\\\/az\\\/\",\"logo\":{\"@type\":\"ImageObject\",\"inLanguage\":\"az\",\"@id\":\"https:\\\/\\\/www.meydan.tv\\\/az\\\/#\\\/schema\\\/logo\\\/image\\\/\",\"url\":\"https:\\\/\\\/www.meydan.tv\\\/wp-content\\\/uploads\\\/2021\\\/07\\\/meydan-logo.svg\",\"contentUrl\":\"https:\\\/\\\/www.meydan.tv\\\/wp-content\\\/uploads\\\/2021\\\/07\\\/meydan-logo.svg\",\"width\":195,\"height\":46,\"caption\":\"Meydan TV\"},\"image\":{\"@id\":\"https:\\\/\\\/www.meydan.tv\\\/az\\\/#\\\/schema\\\/logo\\\/image\\\/\"}},{\"@type\":\"Person\",\"@id\":\"https:\\\/\\\/www.meydan.tv\\\/az\\\/#\\\/schema\\\/person\\\/9cdbecf90d17180ce1dfbd95b08dcf47\",\"name\":\"elli\",\"sameAs\":[\"https:\\\/\\\/x.com\\\/elli\"]}]}<\/script>\n<!-- \/ Yoast SEO plugin. -->","yoast_head_json":{"title":"MSK s\u0259dri 790 beyn\u0259lxalq m\u00fc\u015fahid\u0259\u00e7inin Az\u0259rbaycana g\u0259ldiyini deyir - MEYDAN.TV","robots":{"index":"index","follow":"follow","max-snippet":"max-snippet:-1","max-image-preview":"max-image-preview:large","max-video-preview":"max-video-preview:-1"},"canonical":"https:\/\/www.meydan.tv\/az\/article\/msk-sedri-790-beynelxalq-musahidecinin-azerbaycana-geldiyini-deyir\/","og_locale":"az_AZ","og_type":"article","og_title":"MSK s\u0259dri 790 beyn\u0259lxalq m\u00fc\u015fahid\u0259\u00e7inin Az\u0259rbaycana g\u0259ldiyini deyir - MEYDAN.TV","og_description":"Onlar\u0131n 72 t\u0259\u015fkilat\u0131 t\u0259msil etdiyi a\u00e7\u0131qlan\u0131b Fevral\u0131n 7-d\u0259 ke\u00e7iril\u0259c\u0259k n\u00f6vb\u0259d\u0259nk\u0259nar ... Davam\u0131","og_url":"https:\/\/www.meydan.tv\/az\/article\/msk-sedri-790-beynelxalq-musahidecinin-azerbaycana-geldiyini-deyir\/","og_site_name":"MEYDAN.TV","article_published_time":"2024-02-06T10:57:31+00:00","article_modified_time":"2024-02-06T10:57:36+00:00","og_image":[{"width":2560,"height":1707,"url":"https:\/\/www.meydan.tv\/wp-content\/uploads\/5d3d21ce-201b-4aec-b74e-5cd54b5a58fa-scaled.jpg","type":"image\/jpeg"}],"author":"elli","twitter_card":"summary_large_image","twitter_creator":"@elli","schema":{"@context":"https:\/\/schema.org","@graph":[{"@type":"Article","@id":"https:\/\/www.meydan.tv\/az\/article\/msk-sedri-790-beynelxalq-musahidecinin-azerbaycana-geldiyini-deyir\/#article","isPartOf":{"@id":"https:\/\/www.meydan.tv\/az\/article\/msk-sedri-790-beynelxalq-musahidecinin-azerbaycana-geldiyini-deyir\/"},"author":{"name":"elli","@id":"https:\/\/www.meydan.tv\/az\/#\/schema\/person\/9cdbecf90d17180ce1dfbd95b08dcf47"},"headline":"MSK s\u0259dri 790 beyn\u0259lxalq m\u00fc\u015fahid\u0259\u00e7inin Az\u0259rbaycana g\u0259ldiyini deyir","datePublished":"2024-02-06T10:57:31+00:00","dateModified":"2024-02-06T10:57:36+00:00","mainEntityOfPage":{"@id":"https:\/\/www.meydan.tv\/az\/article\/msk-sedri-790-beynelxalq-musahidecinin-azerbaycana-geldiyini-deyir\/"},"wordCount":356,"publisher":{"@id":"https:\/\/www.meydan.tv\/az\/#organization"},"image":{"@id":"https:\/\/www.meydan.tv\/az\/article\/msk-sedri-790-beynelxalq-musahidecinin-azerbaycana-geldiyini-deyir\/#primaryimage"},"thumbnailUrl":"https:\/\/www.meydan.tv\/wp-content\/uploads\/5d3d21ce-201b-4aec-b74e-5cd54b5a58fa-scaled.jpg","articleSection":["Se\u00e7ki 2024","Siyas\u0259t","X\u0259b\u0259rl\u0259r"],"inLanguage":"az"},{"@type":"WebPage","@id":"https:\/\/www.meydan.tv\/az\/article\/msk-sedri-790-beynelxalq-musahidecinin-azerbaycana-geldiyini-deyir\/","url":"https:\/\/www.meydan.tv\/az\/article\/msk-sedri-790-beynelxalq-musahidecinin-azerbaycana-geldiyini-deyir\/","name":"MSK s\u0259dri 790 beyn\u0259lxalq m\u00fc\u015fahid\u0259\u00e7inin Az\u0259rbaycana g\u0259ldiyini deyir - MEYDAN.TV","isPartOf":{"@id":"https:\/\/www.meydan.tv\/az\/#website"},"primaryImageOfPage":{"@id":"https:\/\/www.meydan.tv\/az\/article\/msk-sedri-790-beynelxalq-musahidecinin-azerbaycana-geldiyini-deyir\/#primaryimage"},"image":{"@id":"https:\/\/www.meydan.tv\/az\/article\/msk-sedri-790-beynelxalq-musahidecinin-azerbaycana-geldiyini-deyir\/#primaryimage"},"thumbnailUrl":"https:\/\/www.meydan.tv\/wp-content\/uploads\/5d3d21ce-201b-4aec-b74e-5cd54b5a58fa-scaled.jpg","datePublished":"2024-02-06T10:57:31+00:00","dateModified":"2024-02-06T10:57:36+00:00","breadcrumb":{"@id":"https:\/\/www.meydan.tv\/az\/article\/msk-sedri-790-beynelxalq-musahidecinin-azerbaycana-geldiyini-deyir\/#breadcrumb"},"inLanguage":"az","potentialAction":[{"@type":"ReadAction","target":["https:\/\/www.meydan.tv\/az\/article\/msk-sedri-790-beynelxalq-musahidecinin-azerbaycana-geldiyini-deyir\/"]}]},{"@type":"ImageObject","inLanguage":"az","@id":"https:\/\/www.meydan.tv\/az\/article\/msk-sedri-790-beynelxalq-musahidecinin-azerbaycana-geldiyini-deyir\/#primaryimage","url":"https:\/\/www.meydan.tv\/wp-content\/uploads\/5d3d21ce-201b-4aec-b74e-5cd54b5a58fa-scaled.jpg","contentUrl":"https:\/\/www.meydan.tv\/wp-content\/uploads\/5d3d21ce-201b-4aec-b74e-5cd54b5a58fa-scaled.jpg","width":2560,"height":1707,"caption":"Foto: Meydan TV"},{"@type":"BreadcrumbList","@id":"https:\/\/www.meydan.tv\/az\/article\/msk-sedri-790-beynelxalq-musahidecinin-azerbaycana-geldiyini-deyir\/#breadcrumb","itemListElement":[{"@type":"ListItem","position":1,"name":"Ana s\u0259hif\u0259","item":"https:\/\/www.meydan.tv\/az\/"},{"@type":"ListItem","position":2,"name":"Siyas\u0259t","item":"https:\/\/www.meydan.tv\/az\/section\/siyaset\/"},{"@type":"ListItem","position":3,"name":"MSK s\u0259dri 790 beyn\u0259lxalq m\u00fc\u015fahid\u0259\u00e7inin Az\u0259rbaycana g\u0259ldiyini deyir"}]},{"@type":"WebSite","@id":"https:\/\/www.meydan.tv\/az\/#website","url":"https:\/\/www.meydan.tv\/az\/","name":"MEYDAN.TV","description":"Meydan TV Az\u0259rbaycan\u0131n media m\u0259kan\u0131ndak\u0131 alternativ s\u0259sidir","publisher":{"@id":"https:\/\/www.meydan.tv\/az\/#organization"},"potentialAction":[{"@type":"SearchAction","target":{"@type":"EntryPoint","urlTemplate":"https:\/\/www.meydan.tv\/az\/?s={search_term_string}"},"query-input":{"@type":"PropertyValueSpecification","valueRequired":true,"valueName":"search_term_string"}}],"inLanguage":"az"},{"@type":"Organization","@id":"https:\/\/www.meydan.tv\/az\/#organization","name":"Meydan TV","url":"https:\/\/www.meydan.tv\/az\/","logo":{"@type":"ImageObject","inLanguage":"az","@id":"https:\/\/www.meydan.tv\/az\/#\/schema\/logo\/image\/","url":"https:\/\/www.meydan.tv\/wp-content\/uploads\/2021\/07\/meydan-logo.svg","contentUrl":"https:\/\/www.meydan.tv\/wp-content\/uploads\/2021\/07\/meydan-logo.svg","width":195,"height":46,"caption":"Meydan TV"},"image":{"@id":"https:\/\/www.meydan.tv\/az\/#\/schema\/logo\/image\/"}},{"@type":"Person","@id":"https:\/\/www.meydan.tv\/az\/#\/schema\/person\/9cdbecf90d17180ce1dfbd95b08dcf47","name":"elli","sameAs":["https:\/\/x.com\/elli"]}]}},"_links":{"self":[{"href":"https:\/\/www.meydan.tv\/az\/wp-json\/wp\/v2\/posts\/297068","targetHints":{"allow":["GET"]}}],"collection":[{"href":"https:\/\/www.meydan.tv\/az\/wp-json\/wp\/v2\/posts"}],"about":[{"href":"https:\/\/www.meydan.tv\/az\/wp-json\/wp\/v2\/types\/post"}],"author":[{"embeddable":true,"href":"https:\/\/www.meydan.tv\/az\/wp-json\/wp\/v2\/users\/8"}],"replies":[{"embeddable":true,"href":"https:\/\/www.meydan.tv\/az\/wp-json\/wp\/v2\/comments?post=297068"}],"version-history":[{"count":3,"href":"https:\/\/www.meydan.tv\/az\/wp-json\/wp\/v2\/posts\/297068\/revisions"}],"predecessor-version":[{"id":297074,"href":"https:\/\/www.meydan.tv\/az\/wp-json\/wp\/v2\/posts\/297068\/revisions\/297074"}],"wp:featuredmedia":[{"embeddable":true,"href":"https:\/\/www.meydan.tv\/az\/wp-json\/wp\/v2\/media\/137211"}],"wp:attachment":[{"href":"https:\/\/www.meydan.tv\/az\/wp-json\/wp\/v2\/media?parent=297068"}],"wp:term":[{"taxonomy":"category","embeddable":true,"href":"https:\/\/www.meydan.tv\/az\/wp-json\/wp\/v2\/categories?post=297068"},{"taxonomy":"post_tag","embeddable":true,"href":"https:\/\/www.meydan.tv\/az\/wp-json\/wp\/v2\/tags?post=297068"}],"curies":[{"name":"wp","href":"https:\/\/api.w.org\/{rel}","templated":true}]}}