{"id":297052,"date":"2024-02-06T11:55:19","date_gmt":"2024-02-06T07:55:19","guid":{"rendered":"https:\/\/www.meydan.tv\/?p=297052"},"modified":"2024-02-06T11:55:23","modified_gmt":"2024-02-06T07:55:23","slug":"abs-azerbaycandaki-seckileri-diqqetle-izlediyini-deyir","status":"publish","type":"post","link":"https:\/\/www.meydan.tv\/az\/article\/abs-azerbaycandaki-seckileri-diqqetle-izlediyini-deyir\/","title":{"rendered":"AB\u015e Az\u0259rbaycandak\u0131 se\u00e7kil\u0259ri &#8220;diqq\u0259tl\u0259 izl\u0259diyini&#8221; deyir"},"content":{"rendered":"\n<p><\/p>\n\n\n\n<p><strong><em>Patel se\u00e7kil\u0259rl\u0259 ba\u011fl\u0131 AT\u018fT-in r\u0259yl\u0259rin\u0259 istinad\u0131 t\u00f6vsiy\u0259 edir<\/em><\/strong><\/p>\n\n\n\n<p>AB\u015e fevral\u0131n 7-d\u0259 Az\u0259rbaycanda ke\u00e7iril\u0259c\u0259k Prezident se\u00e7kisini &#8220;diqq\u0259tl\u0259&#8221; izl\u0259diyini b\u0259yan edib.<\/p>\n\n\n\n<p>D\u00f6vl\u0259t Departamentinin m\u0259tbuat katibinin m\u00fcavini Vedant Patel &#8220;Turan&#8221;\u0131n m\u00fcxbirinin sual\u0131na cavab\u0131nda bel\u0259 <a href=\"https:\/\/turan.az\/az\/siyaset\/abs-dovlet-departamenti-azerbaycanda-prezident-seckilerini-diqqetle-izleyir\">deyib<\/a>.<\/p>\n\n\n\n<p>Jurnalist se\u00e7kil\u0259r v\u0259 AT\u018fT-in m\u0259hdudiyy\u0259tl\u0259rl\u0259 ba\u011fl\u0131 m\u00fc\u0259yy\u0259n narahatl\u0131q ifad\u0259 olunan aral\u0131q hesabat\u0131 il\u0259 ba\u011fl\u0131 da AB\u015e-\u0131n m\u00f6vqeyini \u00f6yr\u0259nm\u0259y\u0259 \u00e7al\u0131\u015f\u0131b.<\/p>\n\n\n\n<p>Patel is\u0259 cavab\u0131nda se\u00e7ki il\u0259 ba\u011fl\u0131 AT\u018fT-in Demokratik T\u0259sisatlar v\u0259 \u0130nsan Haqlar\u0131 B\u00fcrosuna (AT\u018fT\/DT\u0130HB) m\u00fcraci\u0259t etm\u0259yi t\u00f6vsiy\u0259 edib.<\/p>\n\n\n\n<p><em>&#8220;Az\u0259rbaycanda prezident se\u00e7kil\u0259rini diqq\u0259tl\u0259 izl\u0259yirik. Qar\u015f\u0131da duran se\u00e7kil\u0259r haqq\u0131nda r\u0259yl\u0259rl\u0259 ba\u011fl\u0131 AT\u018fT DT\u0130HB-nin se\u00e7kil\u0259ri m\u00fc\u015fahid\u0259 missiyas\u0131na \u00fcz tutma\u011f\u0131n\u0131z\u0131 t\u00f6vsiy\u0259 edir\u0259m&#8221;<\/em>.<\/p>\n\n\n\n<p>Fevral\u0131n 4-d\u0259 AT\u018fT DT\u0130HB-nin \u0130sve\u00e7d\u0259n olan q\u0131sam\u00fcdd\u0259tli m\u00fc\u015fahid\u0259\u00e7isi Nik Guggerin Az\u0259rbaycana giri\u015fin\u0259 icaz\u0259 <a href=\"https:\/\/storage.googleapis.com\/qurium\/www.meydan.tv\/az-article-atet-in-isvecreli-musahidecisi-azerbaycana-buraxilmayib.html\">verilm\u0259yib<\/a>.<\/p>\n\n\n\n<p>O, Bak\u0131 Hava Liman\u0131ndan geri qaytar\u0131l\u0131b.<\/p>\n\n\n\n<p>AT\u018fT DT\u0130HB missiyas\u0131 \u00f6t\u0259n h\u0259ft\u0259 sonuncu aral\u0131q hesabat\u0131nda qeyd edib ki, Az\u0259rbaycanda ifad\u0259 azadl\u0131\u011f\u0131na, K\u0130V azadl\u0131\u011f\u0131na v\u0259 informasiya \u0259ld\u0259 etm\u0259k h\u00fcququna z\u0259man\u0259t verilir.<\/p>\n\n\n\n<p>2023-c\u00fc ilin ilin noyabr\u0131ndan etibar\u0259n is\u0259 Az\u0259rbaycanda \u0259n az 10-a yax\u0131n jurnalist h\u0259bs olunub.<\/p>\n\n\n\n<p>Fevral\u0131n 5-d\u0259 is\u0259 Nyu-Yorkda yerl\u0259\u015f\u0259n Jurnalistl\u0259ri M\u00fcdafi\u0259 Komit\u0259si Az\u0259rbaycan hakimiyy\u0259tini Prezident se\u00e7kil\u0259ri zaman\u0131 internetd\u0259n istifad\u0259 v\u0259 pulsuz m\u0259lumat \u0259ld\u0259 etm\u0259k imkan\u0131n\u0131 t\u0259min etm\u0259y\u0259 \u00e7a\u011f\u0131r\u0131b.<\/p>\n\n\n\n<p><strong><em>Se\u00e7kil\u0259r n\u0259 vaxt ke\u00e7iril\u0259c\u0259k v\u0259 kiml\u0259r namiz\u0259ddir?<\/em><\/strong><\/p>\n\n\n\n<p>2024-c\u00fc ilin fevral\u0131n 7-d\u0259 Az\u0259rbaycanda n\u00f6vb\u0259d\u0259nk\u0259nar Prezident se\u00e7kisi ke\u00e7iril\u0259c\u0259k.<\/p>\n\n\n\n<p>\u0130lham \u018fliyev \u00f6t\u0259n il dekabr\u0131n 7-d\u0259 bununla ba\u011fl\u0131 s\u0259r\u0259ncam imzalay\u0131b.<\/p>\n\n\n\n<p>Prezidentliy\u0259 namiz\u0259dl\u0259r \u2013 \u00f6lk\u0259 ba\u015f\u00e7\u0131s\u0131 \u0130lham \u018fliyev, deputatlar Fazil Mustafa, Zahid Oruc, Q\u00fcdr\u0259t H\u0259s\u0259nquliyev, Razi Nurullayev, B\u00f6y\u00fck Az\u0259rbaycan Partiyas\u0131n\u0131n s\u0259dri El\u015fad Musayev v\u0259 Fuad \u018fliyevdir.<\/p>\n\n\n\n<p>Namiz\u0259d S\u0259f\u0259rov, S\u0259rvan K\u0259rimov, M\u0259tl\u0259b M\u00fct\u0259llimli, Abutal\u0131b S\u0259m\u0259dov, Fikr\u0259t Yusifov, Yusif Ba\u011f\u0131rzad\u0259, Arzuman Abdulk\u0259rimov, Yunus O\u011fuz, Qulamh\u00fcseyn \u018flib\u0259yli namiz\u0259dlikl\u0259rini ir\u0259li s\u00fcrs\u0259l\u0259r d\u0259, onlar qeyd\u0259 al\u0131nmay\u0131blar.<\/p>\n\n\n\n<p>Prezidentliy\u0259 namiz\u0259dliyini ver\u0259n \u015f\u0259xsl\u0259rin h\u0259r biri hakimiyy\u0259ty\u00f6n\u00fcml\u00fc kimi tan\u0131n\u0131r.<\/p>\n\n\n\n<p>AXCP, M\u00fcsavat v\u0259 Klassik Xalq C\u0259bh\u0259si partiyalar\u0131 se\u00e7kini boykot ed\u0259c\u0259kl\u0259rini a\u00e7\u0131qlay\u0131blar.<\/p>\n\n\n\n<p>Az\u0259rbaycanda sonuncu d\u0259f\u0259 Prezident se\u00e7kisi 2018-ci il aprelin 11-d\u0259 ke\u00e7irilib.<\/p>\n\n\n\n<p>H\u0259min se\u00e7ki d\u0259 n\u00f6vb\u0259d\u0259nk\u0259nar olub.<\/p>\n\n\n\n<p>\u0130lham \u018fliyev 20 ildir ki, Prezident v\u0259zif\u0259sini icra edir.<\/p>\n","protected":false},"excerpt":{"rendered":"<p>Patel se\u00e7kil\u0259rl\u0259 ba\u011fl\u0131 AT\u018fT-in r\u0259yl\u0259rin\u0259 istinad\u0131 t\u00f6vsiy\u0259 edir AB\u015e fevral\u0131n &#8230; <\/p>\n<p class=\"read-more-container\"><a title=\"AB\u015e Az\u0259rbaycandak\u0131 se\u00e7kil\u0259ri &#8220;diqq\u0259tl\u0259 izl\u0259diyini&#8221; deyir\" class=\"read-more button\" href=\"https:\/\/www.meydan.tv\/az\/article\/abs-azerbaycandaki-seckileri-diqqetle-izlediyini-deyir\/#more-297052\" aria-label=\"Read more about AB\u015e Az\u0259rbaycandak\u0131 se\u00e7kil\u0259ri &#8220;diqq\u0259tl\u0259 izl\u0259diyini&#8221; deyir\">Davam\u0131<\/a><\/p>\n","protected":false},"author":21,"featured_media":265756,"comment_status":"closed","ping_status":"closed","sticky":false,"template":"","format":"standard","meta":{"_acf_changed":false,"_sitemap_exclude":false,"_sitemap_priority":"","_sitemap_frequency":"","footnotes":""},"categories":[129,59,79,56],"tags":[],"class_list":["post-297052","post","type-post","status-publish","format-standard","has-post-thumbnail","hentry","category-sechki-2024","category-siyaset","category-featured","category-xeberler","infinite-scroll-item","generate-columns","tablet-grid-50","mobile-grid-100","grid-parent","grid-33","no-featured-image-padding"],"acf":[],"yoast_head":"<!-- This site is optimized with the Yoast SEO plugin v27.4 - https:\/\/yoast.com\/product\/yoast-seo-wordpress\/ -->\n<title>AB\u015e Az\u0259rbaycandak\u0131 se\u00e7kil\u0259ri &quot;diqq\u0259tl\u0259 izl\u0259diyini&quot; deyir - MEYDAN.TV<\/title>\n<meta name=\"robots\" content=\"index, follow, max-snippet:-1, max-image-preview:large, max-video-preview:-1\" \/>\n<link rel=\"canonical\" href=\"https:\/\/www.meydan.tv\/az\/article\/abs-azerbaycandaki-seckileri-diqqetle-izlediyini-deyir\/\" \/>\n<meta property=\"og:locale\" content=\"az_AZ\" \/>\n<meta property=\"og:type\" content=\"article\" \/>\n<meta property=\"og:title\" content=\"AB\u015e Az\u0259rbaycandak\u0131 se\u00e7kil\u0259ri &quot;diqq\u0259tl\u0259 izl\u0259diyini&quot; deyir - MEYDAN.TV\" \/>\n<meta property=\"og:description\" content=\"Patel se\u00e7kil\u0259rl\u0259 ba\u011fl\u0131 AT\u018fT-in r\u0259yl\u0259rin\u0259 istinad\u0131 t\u00f6vsiy\u0259 edir AB\u015e fevral\u0131n ... Davam\u0131\" \/>\n<meta property=\"og:url\" content=\"https:\/\/www.meydan.tv\/az\/article\/abs-azerbaycandaki-seckileri-diqqetle-izlediyini-deyir\/\" \/>\n<meta property=\"og:site_name\" content=\"MEYDAN.TV\" \/>\n<meta property=\"article:published_time\" content=\"2024-02-06T07:55:19+00:00\" \/>\n<meta property=\"article:modified_time\" content=\"2024-02-06T07:55:23+00:00\" \/>\n<meta property=\"og:image\" content=\"https:\/\/www.meydan.tv\/wp-content\/uploads\/011300056726.webp\" \/>\n\t<meta property=\"og:image:width\" content=\"800\" \/>\n\t<meta property=\"og:image:height\" content=\"444\" \/>\n\t<meta property=\"og:image:type\" content=\"image\/webp\" \/>\n<meta name=\"author\" content=\"mahmud\" \/>\n<meta name=\"twitter:card\" content=\"summary_large_image\" \/>\n<script type=\"application\/ld+json\" class=\"yoast-schema-graph\">{\"@context\":\"https:\\\/\\\/schema.org\",\"@graph\":[{\"@type\":\"Article\",\"@id\":\"https:\\\/\\\/www.meydan.tv\\\/az\\\/article\\\/abs-azerbaycandaki-seckileri-diqqetle-izlediyini-deyir\\\/#article\",\"isPartOf\":{\"@id\":\"https:\\\/\\\/www.meydan.tv\\\/az\\\/article\\\/abs-azerbaycandaki-seckileri-diqqetle-izlediyini-deyir\\\/\"},\"author\":{\"name\":\"mahmud\",\"@id\":\"https:\\\/\\\/www.meydan.tv\\\/az\\\/#\\\/schema\\\/person\\\/09863e516102a829e72bedcf3f84c6b0\"},\"headline\":\"AB\u015e Az\u0259rbaycandak\u0131 se\u00e7kil\u0259ri &#8220;diqq\u0259tl\u0259 izl\u0259diyini&#8221; deyir\",\"datePublished\":\"2024-02-06T07:55:19+00:00\",\"dateModified\":\"2024-02-06T07:55:23+00:00\",\"mainEntityOfPage\":{\"@id\":\"https:\\\/\\\/www.meydan.tv\\\/az\\\/article\\\/abs-azerbaycandaki-seckileri-diqqetle-izlediyini-deyir\\\/\"},\"wordCount\":521,\"publisher\":{\"@id\":\"https:\\\/\\\/www.meydan.tv\\\/az\\\/#organization\"},\"image\":{\"@id\":\"https:\\\/\\\/www.meydan.tv\\\/az\\\/article\\\/abs-azerbaycandaki-seckileri-diqqetle-izlediyini-deyir\\\/#primaryimage\"},\"thumbnailUrl\":\"https:\\\/\\\/www.meydan.tv\\\/wp-content\\\/uploads\\\/011300056726.webp\",\"articleSection\":[\"Se\u00e7ki 2024\",\"Siyas\u0259t\",\"T\u00f6vsiy\u0259\",\"X\u0259b\u0259rl\u0259r\"],\"inLanguage\":\"az\"},{\"@type\":\"WebPage\",\"@id\":\"https:\\\/\\\/www.meydan.tv\\\/az\\\/article\\\/abs-azerbaycandaki-seckileri-diqqetle-izlediyini-deyir\\\/\",\"url\":\"https:\\\/\\\/www.meydan.tv\\\/az\\\/article\\\/abs-azerbaycandaki-seckileri-diqqetle-izlediyini-deyir\\\/\",\"name\":\"AB\u015e Az\u0259rbaycandak\u0131 se\u00e7kil\u0259ri \\\"diqq\u0259tl\u0259 izl\u0259diyini\\\" deyir - MEYDAN.TV\",\"isPartOf\":{\"@id\":\"https:\\\/\\\/www.meydan.tv\\\/az\\\/#website\"},\"primaryImageOfPage\":{\"@id\":\"https:\\\/\\\/www.meydan.tv\\\/az\\\/article\\\/abs-azerbaycandaki-seckileri-diqqetle-izlediyini-deyir\\\/#primaryimage\"},\"image\":{\"@id\":\"https:\\\/\\\/www.meydan.tv\\\/az\\\/article\\\/abs-azerbaycandaki-seckileri-diqqetle-izlediyini-deyir\\\/#primaryimage\"},\"thumbnailUrl\":\"https:\\\/\\\/www.meydan.tv\\\/wp-content\\\/uploads\\\/011300056726.webp\",\"datePublished\":\"2024-02-06T07:55:19+00:00\",\"dateModified\":\"2024-02-06T07:55:23+00:00\",\"breadcrumb\":{\"@id\":\"https:\\\/\\\/www.meydan.tv\\\/az\\\/article\\\/abs-azerbaycandaki-seckileri-diqqetle-izlediyini-deyir\\\/#breadcrumb\"},\"inLanguage\":\"az\",\"potentialAction\":[{\"@type\":\"ReadAction\",\"target\":[\"https:\\\/\\\/www.meydan.tv\\\/az\\\/article\\\/abs-azerbaycandaki-seckileri-diqqetle-izlediyini-deyir\\\/\"]}]},{\"@type\":\"ImageObject\",\"inLanguage\":\"az\",\"@id\":\"https:\\\/\\\/www.meydan.tv\\\/az\\\/article\\\/abs-azerbaycandaki-seckileri-diqqetle-izlediyini-deyir\\\/#primaryimage\",\"url\":\"https:\\\/\\\/www.meydan.tv\\\/wp-content\\\/uploads\\\/011300056726.webp\",\"contentUrl\":\"https:\\\/\\\/www.meydan.tv\\\/wp-content\\\/uploads\\\/011300056726.webp\",\"width\":800,\"height\":444,\"caption\":\"Vedant Patel. Foto: \\\"Turan\\\"\"},{\"@type\":\"BreadcrumbList\",\"@id\":\"https:\\\/\\\/www.meydan.tv\\\/az\\\/article\\\/abs-azerbaycandaki-seckileri-diqqetle-izlediyini-deyir\\\/#breadcrumb\",\"itemListElement\":[{\"@type\":\"ListItem\",\"position\":1,\"name\":\"Ana s\u0259hif\u0259\",\"item\":\"https:\\\/\\\/www.meydan.tv\\\/az\\\/\"},{\"@type\":\"ListItem\",\"position\":2,\"name\":\"Se\u00e7ki 2024\",\"item\":\"https:\\\/\\\/www.meydan.tv\\\/az\\\/section\\\/sechki-2024\\\/\"},{\"@type\":\"ListItem\",\"position\":3,\"name\":\"AB\u015e Az\u0259rbaycandak\u0131 se\u00e7kil\u0259ri &#8220;diqq\u0259tl\u0259 izl\u0259diyini&#8221; deyir\"}]},{\"@type\":\"WebSite\",\"@id\":\"https:\\\/\\\/www.meydan.tv\\\/az\\\/#website\",\"url\":\"https:\\\/\\\/www.meydan.tv\\\/az\\\/\",\"name\":\"MEYDAN.TV\",\"description\":\"Meydan TV Az\u0259rbaycan\u0131n media m\u0259kan\u0131ndak\u0131 alternativ s\u0259sidir\",\"publisher\":{\"@id\":\"https:\\\/\\\/www.meydan.tv\\\/az\\\/#organization\"},\"potentialAction\":[{\"@type\":\"SearchAction\",\"target\":{\"@type\":\"EntryPoint\",\"urlTemplate\":\"https:\\\/\\\/www.meydan.tv\\\/az\\\/?s={search_term_string}\"},\"query-input\":{\"@type\":\"PropertyValueSpecification\",\"valueRequired\":true,\"valueName\":\"search_term_string\"}}],\"inLanguage\":\"az\"},{\"@type\":\"Organization\",\"@id\":\"https:\\\/\\\/www.meydan.tv\\\/az\\\/#organization\",\"name\":\"Meydan TV\",\"url\":\"https:\\\/\\\/www.meydan.tv\\\/az\\\/\",\"logo\":{\"@type\":\"ImageObject\",\"inLanguage\":\"az\",\"@id\":\"https:\\\/\\\/www.meydan.tv\\\/az\\\/#\\\/schema\\\/logo\\\/image\\\/\",\"url\":\"https:\\\/\\\/www.meydan.tv\\\/wp-content\\\/uploads\\\/2021\\\/07\\\/meydan-logo.svg\",\"contentUrl\":\"https:\\\/\\\/www.meydan.tv\\\/wp-content\\\/uploads\\\/2021\\\/07\\\/meydan-logo.svg\",\"width\":195,\"height\":46,\"caption\":\"Meydan TV\"},\"image\":{\"@id\":\"https:\\\/\\\/www.meydan.tv\\\/az\\\/#\\\/schema\\\/logo\\\/image\\\/\"}},{\"@type\":\"Person\",\"@id\":\"https:\\\/\\\/www.meydan.tv\\\/az\\\/#\\\/schema\\\/person\\\/09863e516102a829e72bedcf3f84c6b0\",\"name\":\"mahmud\"}]}<\/script>\n<!-- \/ Yoast SEO plugin. -->","yoast_head_json":{"title":"AB\u015e Az\u0259rbaycandak\u0131 se\u00e7kil\u0259ri \"diqq\u0259tl\u0259 izl\u0259diyini\" deyir - MEYDAN.TV","robots":{"index":"index","follow":"follow","max-snippet":"max-snippet:-1","max-image-preview":"max-image-preview:large","max-video-preview":"max-video-preview:-1"},"canonical":"https:\/\/www.meydan.tv\/az\/article\/abs-azerbaycandaki-seckileri-diqqetle-izlediyini-deyir\/","og_locale":"az_AZ","og_type":"article","og_title":"AB\u015e Az\u0259rbaycandak\u0131 se\u00e7kil\u0259ri \"diqq\u0259tl\u0259 izl\u0259diyini\" deyir - MEYDAN.TV","og_description":"Patel se\u00e7kil\u0259rl\u0259 ba\u011fl\u0131 AT\u018fT-in r\u0259yl\u0259rin\u0259 istinad\u0131 t\u00f6vsiy\u0259 edir AB\u015e fevral\u0131n ... Davam\u0131","og_url":"https:\/\/www.meydan.tv\/az\/article\/abs-azerbaycandaki-seckileri-diqqetle-izlediyini-deyir\/","og_site_name":"MEYDAN.TV","article_published_time":"2024-02-06T07:55:19+00:00","article_modified_time":"2024-02-06T07:55:23+00:00","og_image":[{"width":800,"height":444,"url":"https:\/\/www.meydan.tv\/wp-content\/uploads\/011300056726.webp","type":"image\/webp"}],"author":"mahmud","twitter_card":"summary_large_image","schema":{"@context":"https:\/\/schema.org","@graph":[{"@type":"Article","@id":"https:\/\/www.meydan.tv\/az\/article\/abs-azerbaycandaki-seckileri-diqqetle-izlediyini-deyir\/#article","isPartOf":{"@id":"https:\/\/www.meydan.tv\/az\/article\/abs-azerbaycandaki-seckileri-diqqetle-izlediyini-deyir\/"},"author":{"name":"mahmud","@id":"https:\/\/www.meydan.tv\/az\/#\/schema\/person\/09863e516102a829e72bedcf3f84c6b0"},"headline":"AB\u015e Az\u0259rbaycandak\u0131 se\u00e7kil\u0259ri &#8220;diqq\u0259tl\u0259 izl\u0259diyini&#8221; deyir","datePublished":"2024-02-06T07:55:19+00:00","dateModified":"2024-02-06T07:55:23+00:00","mainEntityOfPage":{"@id":"https:\/\/www.meydan.tv\/az\/article\/abs-azerbaycandaki-seckileri-diqqetle-izlediyini-deyir\/"},"wordCount":521,"publisher":{"@id":"https:\/\/www.meydan.tv\/az\/#organization"},"image":{"@id":"https:\/\/www.meydan.tv\/az\/article\/abs-azerbaycandaki-seckileri-diqqetle-izlediyini-deyir\/#primaryimage"},"thumbnailUrl":"https:\/\/www.meydan.tv\/wp-content\/uploads\/011300056726.webp","articleSection":["Se\u00e7ki 2024","Siyas\u0259t","T\u00f6vsiy\u0259","X\u0259b\u0259rl\u0259r"],"inLanguage":"az"},{"@type":"WebPage","@id":"https:\/\/www.meydan.tv\/az\/article\/abs-azerbaycandaki-seckileri-diqqetle-izlediyini-deyir\/","url":"https:\/\/www.meydan.tv\/az\/article\/abs-azerbaycandaki-seckileri-diqqetle-izlediyini-deyir\/","name":"AB\u015e Az\u0259rbaycandak\u0131 se\u00e7kil\u0259ri \"diqq\u0259tl\u0259 izl\u0259diyini\" deyir - MEYDAN.TV","isPartOf":{"@id":"https:\/\/www.meydan.tv\/az\/#website"},"primaryImageOfPage":{"@id":"https:\/\/www.meydan.tv\/az\/article\/abs-azerbaycandaki-seckileri-diqqetle-izlediyini-deyir\/#primaryimage"},"image":{"@id":"https:\/\/www.meydan.tv\/az\/article\/abs-azerbaycandaki-seckileri-diqqetle-izlediyini-deyir\/#primaryimage"},"thumbnailUrl":"https:\/\/www.meydan.tv\/wp-content\/uploads\/011300056726.webp","datePublished":"2024-02-06T07:55:19+00:00","dateModified":"2024-02-06T07:55:23+00:00","breadcrumb":{"@id":"https:\/\/www.meydan.tv\/az\/article\/abs-azerbaycandaki-seckileri-diqqetle-izlediyini-deyir\/#breadcrumb"},"inLanguage":"az","potentialAction":[{"@type":"ReadAction","target":["https:\/\/www.meydan.tv\/az\/article\/abs-azerbaycandaki-seckileri-diqqetle-izlediyini-deyir\/"]}]},{"@type":"ImageObject","inLanguage":"az","@id":"https:\/\/www.meydan.tv\/az\/article\/abs-azerbaycandaki-seckileri-diqqetle-izlediyini-deyir\/#primaryimage","url":"https:\/\/www.meydan.tv\/wp-content\/uploads\/011300056726.webp","contentUrl":"https:\/\/www.meydan.tv\/wp-content\/uploads\/011300056726.webp","width":800,"height":444,"caption":"Vedant Patel. Foto: \"Turan\""},{"@type":"BreadcrumbList","@id":"https:\/\/www.meydan.tv\/az\/article\/abs-azerbaycandaki-seckileri-diqqetle-izlediyini-deyir\/#breadcrumb","itemListElement":[{"@type":"ListItem","position":1,"name":"Ana s\u0259hif\u0259","item":"https:\/\/www.meydan.tv\/az\/"},{"@type":"ListItem","position":2,"name":"Se\u00e7ki 2024","item":"https:\/\/www.meydan.tv\/az\/section\/sechki-2024\/"},{"@type":"ListItem","position":3,"name":"AB\u015e Az\u0259rbaycandak\u0131 se\u00e7kil\u0259ri &#8220;diqq\u0259tl\u0259 izl\u0259diyini&#8221; deyir"}]},{"@type":"WebSite","@id":"https:\/\/www.meydan.tv\/az\/#website","url":"https:\/\/www.meydan.tv\/az\/","name":"MEYDAN.TV","description":"Meydan TV Az\u0259rbaycan\u0131n media m\u0259kan\u0131ndak\u0131 alternativ s\u0259sidir","publisher":{"@id":"https:\/\/www.meydan.tv\/az\/#organization"},"potentialAction":[{"@type":"SearchAction","target":{"@type":"EntryPoint","urlTemplate":"https:\/\/www.meydan.tv\/az\/?s={search_term_string}"},"query-input":{"@type":"PropertyValueSpecification","valueRequired":true,"valueName":"search_term_string"}}],"inLanguage":"az"},{"@type":"Organization","@id":"https:\/\/www.meydan.tv\/az\/#organization","name":"Meydan TV","url":"https:\/\/www.meydan.tv\/az\/","logo":{"@type":"ImageObject","inLanguage":"az","@id":"https:\/\/www.meydan.tv\/az\/#\/schema\/logo\/image\/","url":"https:\/\/www.meydan.tv\/wp-content\/uploads\/2021\/07\/meydan-logo.svg","contentUrl":"https:\/\/www.meydan.tv\/wp-content\/uploads\/2021\/07\/meydan-logo.svg","width":195,"height":46,"caption":"Meydan TV"},"image":{"@id":"https:\/\/www.meydan.tv\/az\/#\/schema\/logo\/image\/"}},{"@type":"Person","@id":"https:\/\/www.meydan.tv\/az\/#\/schema\/person\/09863e516102a829e72bedcf3f84c6b0","name":"mahmud"}]}},"_links":{"self":[{"href":"https:\/\/www.meydan.tv\/az\/wp-json\/wp\/v2\/posts\/297052","targetHints":{"allow":["GET"]}}],"collection":[{"href":"https:\/\/www.meydan.tv\/az\/wp-json\/wp\/v2\/posts"}],"about":[{"href":"https:\/\/www.meydan.tv\/az\/wp-json\/wp\/v2\/types\/post"}],"author":[{"embeddable":true,"href":"https:\/\/www.meydan.tv\/az\/wp-json\/wp\/v2\/users\/21"}],"replies":[{"embeddable":true,"href":"https:\/\/www.meydan.tv\/az\/wp-json\/wp\/v2\/comments?post=297052"}],"version-history":[{"count":1,"href":"https:\/\/www.meydan.tv\/az\/wp-json\/wp\/v2\/posts\/297052\/revisions"}],"predecessor-version":[{"id":297053,"href":"https:\/\/www.meydan.tv\/az\/wp-json\/wp\/v2\/posts\/297052\/revisions\/297053"}],"wp:featuredmedia":[{"embeddable":true,"href":"https:\/\/www.meydan.tv\/az\/wp-json\/wp\/v2\/media\/265756"}],"wp:attachment":[{"href":"https:\/\/www.meydan.tv\/az\/wp-json\/wp\/v2\/media?parent=297052"}],"wp:term":[{"taxonomy":"category","embeddable":true,"href":"https:\/\/www.meydan.tv\/az\/wp-json\/wp\/v2\/categories?post=297052"},{"taxonomy":"post_tag","embeddable":true,"href":"https:\/\/www.meydan.tv\/az\/wp-json\/wp\/v2\/tags?post=297052"}],"curies":[{"name":"wp","href":"https:\/\/api.w.org\/{rel}","templated":true}]}}