{"id":297026,"date":"2024-02-05T18:14:46","date_gmt":"2024-02-05T14:14:46","guid":{"rendered":"https:\/\/www.meydan.tv\/?p=297026"},"modified":"2024-02-05T18:14:56","modified_gmt":"2024-02-05T14:14:56","slug":"blogere-hokm-oxundu-mehkemeye-etiraz-olaraq-batareya-uddu","status":"publish","type":"post","link":"https:\/\/www.meydan.tv\/az\/article\/blogere-hokm-oxundu-mehkemeye-etiraz-olaraq-batareya-uddu\/","title":{"rendered":"Bloger\u0259 h\u00f6km oxundu: m\u0259hk\u0259m\u0259y\u0259 etiraz olaraq batareya uddu"},"content":{"rendered":"\n<p><\/p>\n\n\n\n<p><strong><em>\u00a0H\u00f6kmd\u0259n apelyasiya \u015fikay\u0259ti veril\u0259c\u0259k<\/em><\/strong><\/p>\n\n\n\n<p>\u0130ki il\u0259 yax\u0131nd\u0131r h\u0259bsd\u0259 olan bloger R\u0259\u015fad Ramazanova fevral\u0131n 5-d\u0259 h\u00f6km oxunub. Bak\u0131 A\u011f\u0131r Cinay\u0259tl\u0259r M\u0259hk\u0259m\u0259sinin h\u00f6km\u00fcyl\u0259 bloger narkotik ittiham\u0131yla 5 il 4 ay azadl\u0131qdan m\u0259hrum edilib.<\/p>\n\n\n\n<p>Hakim Az\u0259r Ta\u011f\u0131yevin s\u0259drliyil\u0259 ke\u00e7iril\u0259n bug\u00fcnk\u00fc m\u0259hk\u0259m\u0259d\u0259 h\u00f6kmd\u0259n \u0259vv\u0259l bir s\u0131ra prosesl\u0259r ba\u015f verib. Prokuror R\u0259\u015fad Ramazanovun Cinay\u0259t M\u0259c\u0259ll\u0259sinin 234.4.3 (sat\u0131\u015f m\u0259qs\u0259dil\u0259 k\u00fclli miqdarda narkotik \u0259ld\u0259 etm\u0259, da\u015f\u0131ma, saxlama) madd\u0259sil\u0259 t\u0259qsirli bilinm\u0259sini v\u0259 ona 10 il azadl\u0131qdan m\u0259hrumetm\u0259 c\u0259zas\u0131 verilm\u0259sini ist\u0259yib.<\/p>\n\n\n\n<p>Blogerin v\u0259kili El\u00e7in Sad\u0131qov m\u00fcv\u0259kkilinin t\u0259qsirsiz oldu\u011funu vur\u011fulay\u0131b v\u0259 onun haqq\u0131nda b\u0259ra\u0259t h\u00f6km\u00fc \u00e7\u0131xar\u0131lmas\u0131n\u0131 ist\u0259yib.<\/p>\n\n\n\n<p>R\u0259\u015fad Ramazanovun \u00f6z\u00fcn\u00fcn d\u0259 son s\u00f6z\u00fc q\u0131sa olub. O, b\u0259ra\u0259t ist\u0259yib.<\/p>\n\n\n\n<p>Bir d\u0259qiq\u0259 \u0259rzind\u0259 m\u00fc\u015favir\u0259y\u0259 gedib-qay\u0131dan hakiml\u0259r onun haqq\u0131nda 5 il 4 ayl\u0131q azadl\u0131qdan m\u0259hrumetm\u0259 h\u00f6km\u00fcn\u00fc elan edib.<\/p>\n\n\n\n<p>M\u0259hk\u0259m\u0259d\u0259 R\u0259\u015fad Ramazanov etiraz olaraq, batareya udub. Bunu g\u00f6r\u0259n Penitensiar Xidm\u0259tin konvoylar\u0131 m\u00fcdaxil\u0259 etm\u0259y\u0259 \u00e7al\u0131\u015f\u0131b.<\/p>\n\n\n\n<p>Blogerin h\u0259yat yolda\u015f\u0131 K\u00f6n\u00fcl Ramazanova Meydan TV-y\u0259 bildirib ki, h\u00f6kmd\u0259n apelyasiya \u015fikay\u0259ti ver\u0259c\u0259kl\u0259r:<\/p>\n\n\n\n<p><em>\u00a0\u201cM\u0259hk\u0259m\u0259nin h\u00f6km\u00fc \u0259dal\u0259tsizdir. Bu adam cinay\u0259t t\u00f6r\u0259tm\u0259yib, \u015f\u0259rl\u0259nib\u201d.<\/em><\/p>\n\n\n\n<p>R\u0259\u015fad Ramazanov \u00f6z\u00fc d\u0259 m\u0259hk\u0259m\u0259d\u0259 ifad\u0259sind\u0259 \u00fcst\u00fcnd\u0259n tap\u0131ld\u0131\u011f\u0131 iddia olunan narkotikin \u0259slind\u0259 polisl\u0259rin oldu\u011funu, onun cibin\u0259 polis b\u00f6lm\u0259sind\u0259 at\u0131ld\u0131\u011f\u0131n\u0131 bildirib. Onun s\u00f6zl\u0259rin\u0259 g\u00f6r\u0259, sosial \u015f\u0259b\u0259k\u0259l\u0259rd\u0259 yazd\u0131\u011f\u0131 t\u0259nqidi fikirl\u0259r\u0259, payla\u015f\u0131mlar\u0131na g\u00f6r\u0259 c\u0259zaland\u0131r\u0131l\u0131b. Bloger \u0259lav\u0259 edib ki, polis b\u00f6lm\u0259sind\u0259 i\u015fg\u0259nc\u0259l\u0259r\u0259 m\u0259ruz qal\u0131b, h\u0259tta zorlanmaqla t\u0259hdid edilib. Bu s\u0259b\u0259bd\u0259n etiraf ifad\u0259sini imzalama\u011fa m\u0259cbur olub.<\/p>\n\n\n\n<p>R\u0259\u015fad Ramazanov 2013-c\u00fc ilin may ay\u0131nda da h\u0259bs olunmu\u015fdu. O, narkotik ittiham\u0131yla 9 il azadl\u0131qdan m\u0259hrum edilmi\u015fdi. R\u0259\u015fad Ramazanov o zaman da ittiham\u0131 q\u0259bul etmir, sosial \u015f\u0259b\u0259k\u0259l\u0259rd\u0259 h\u00f6kum\u0259ti, o c\u00fcml\u0259d\u0259n Prezidenti t\u0259nqid ed\u0259n payla\u015f\u0131mlar\u0131na g\u00f6r\u0259 c\u0259zaland\u0131r\u0131ld\u0131\u011f\u0131n\u0131 bildirirdi.<\/p>\n\n\n\n<p>O, 2019-cu ilin mart\u0131n 16-da \u0259fv s\u0259r\u0259ncam\u0131 il\u0259 azadl\u0131\u011fa burax\u0131landan sonra G\u00fcrc\u00fcstana k\u00f6\u00e7\u00fcb, orada ya\u015fama\u011fa ba\u015flam\u0131\u015fd\u0131. Lakin \u00f6lk\u0259d\u0259n k\u0259narda oldu\u011fu d\u00f6vrd\u0259 d\u0259 \u201cFacebook\u201d hesab\u0131ndan Az\u0259rbaycan h\u00f6kum\u0259tinin, Prezidentin \u00fcnvan\u0131na s\u0259rt fikirl\u0259r s\u0259sl\u0259ndirm\u0259kd\u0259 davam edirdi. O, h\u0259bsind\u0259n bir m\u00fcdd\u0259t \u00f6nc\u0259 Az\u0259rbaycana qay\u0131tm\u0131\u015fd\u0131.<\/p>\n","protected":false},"excerpt":{"rendered":"<p>\u00a0H\u00f6kmd\u0259n apelyasiya \u015fikay\u0259ti veril\u0259c\u0259k \u0130ki il\u0259 yax\u0131nd\u0131r h\u0259bsd\u0259 olan bloger &#8230; <\/p>\n<p class=\"read-more-container\"><a title=\"Bloger\u0259 h\u00f6km oxundu: m\u0259hk\u0259m\u0259y\u0259 etiraz olaraq batareya uddu\" class=\"read-more button\" href=\"https:\/\/www.meydan.tv\/az\/article\/blogere-hokm-oxundu-mehkemeye-etiraz-olaraq-batareya-uddu\/#more-297026\" aria-label=\"Read more about Bloger\u0259 h\u00f6km oxundu: m\u0259hk\u0259m\u0259y\u0259 etiraz olaraq batareya uddu\">Davam\u0131<\/a><\/p>\n","protected":false},"author":21,"featured_media":106277,"comment_status":"closed","ping_status":"closed","sticky":false,"template":"","format":"standard","meta":{"_acf_changed":false,"_sitemap_exclude":false,"_sitemap_priority":"","_sitemap_frequency":"","footnotes":""},"categories":[62,56],"tags":[],"class_list":["post-297026","post","type-post","status-publish","format-standard","has-post-thumbnail","hentry","category-sosial","category-xeberler","infinite-scroll-item","generate-columns","tablet-grid-50","mobile-grid-100","grid-parent","grid-33","no-featured-image-padding"],"acf":[],"yoast_head":"<!-- This site is optimized with the Yoast SEO plugin v27.5 - https:\/\/yoast.com\/product\/yoast-seo-wordpress\/ -->\n<title>Bloger\u0259 h\u00f6km oxundu: m\u0259hk\u0259m\u0259y\u0259 etiraz olaraq batareya uddu - MEYDAN.TV<\/title>\n<meta name=\"robots\" content=\"index, follow, max-snippet:-1, max-image-preview:large, max-video-preview:-1\" \/>\n<link rel=\"canonical\" href=\"https:\/\/www.meydan.tv\/az\/article\/blogere-hokm-oxundu-mehkemeye-etiraz-olaraq-batareya-uddu\/\" \/>\n<meta property=\"og:locale\" content=\"az_AZ\" \/>\n<meta property=\"og:type\" content=\"article\" \/>\n<meta property=\"og:title\" content=\"Bloger\u0259 h\u00f6km oxundu: m\u0259hk\u0259m\u0259y\u0259 etiraz olaraq batareya uddu - MEYDAN.TV\" \/>\n<meta property=\"og:description\" content=\"\u00a0H\u00f6kmd\u0259n apelyasiya \u015fikay\u0259ti veril\u0259c\u0259k \u0130ki il\u0259 yax\u0131nd\u0131r h\u0259bsd\u0259 olan bloger ... Davam\u0131\" \/>\n<meta property=\"og:url\" content=\"https:\/\/www.meydan.tv\/az\/article\/blogere-hokm-oxundu-mehkemeye-etiraz-olaraq-batareya-uddu\/\" \/>\n<meta property=\"og:site_name\" content=\"MEYDAN.TV\" \/>\n<meta property=\"article:published_time\" content=\"2024-02-05T14:14:46+00:00\" \/>\n<meta property=\"article:modified_time\" content=\"2024-02-05T14:14:56+00:00\" \/>\n<meta property=\"og:image\" content=\"https:\/\/www.meydan.tv\/wp-content\/uploads\/42217-e1653071698186.jpg\" \/>\n\t<meta property=\"og:image:width\" content=\"1023\" \/>\n\t<meta property=\"og:image:height\" content=\"475\" \/>\n\t<meta property=\"og:image:type\" content=\"image\/jpeg\" \/>\n<meta name=\"author\" content=\"mahmud\" \/>\n<meta name=\"twitter:card\" content=\"summary_large_image\" \/>\n<script type=\"application\/ld+json\" class=\"yoast-schema-graph\">{\"@context\":\"https:\\\/\\\/schema.org\",\"@graph\":[{\"@type\":\"Article\",\"@id\":\"https:\\\/\\\/www.meydan.tv\\\/az\\\/article\\\/blogere-hokm-oxundu-mehkemeye-etiraz-olaraq-batareya-uddu\\\/#article\",\"isPartOf\":{\"@id\":\"https:\\\/\\\/www.meydan.tv\\\/az\\\/article\\\/blogere-hokm-oxundu-mehkemeye-etiraz-olaraq-batareya-uddu\\\/\"},\"author\":{\"name\":\"mahmud\",\"@id\":\"https:\\\/\\\/www.meydan.tv\\\/az\\\/#\\\/schema\\\/person\\\/09863e516102a829e72bedcf3f84c6b0\"},\"headline\":\"Bloger\u0259 h\u00f6km oxundu: m\u0259hk\u0259m\u0259y\u0259 etiraz olaraq batareya uddu\",\"datePublished\":\"2024-02-05T14:14:46+00:00\",\"dateModified\":\"2024-02-05T14:14:56+00:00\",\"mainEntityOfPage\":{\"@id\":\"https:\\\/\\\/www.meydan.tv\\\/az\\\/article\\\/blogere-hokm-oxundu-mehkemeye-etiraz-olaraq-batareya-uddu\\\/\"},\"wordCount\":507,\"publisher\":{\"@id\":\"https:\\\/\\\/www.meydan.tv\\\/az\\\/#organization\"},\"image\":{\"@id\":\"https:\\\/\\\/www.meydan.tv\\\/az\\\/article\\\/blogere-hokm-oxundu-mehkemeye-etiraz-olaraq-batareya-uddu\\\/#primaryimage\"},\"thumbnailUrl\":\"https:\\\/\\\/www.meydan.tv\\\/wp-content\\\/uploads\\\/42217-e1653071698186.jpg\",\"articleSection\":[\"Sosial\",\"X\u0259b\u0259rl\u0259r\"],\"inLanguage\":\"az\"},{\"@type\":\"WebPage\",\"@id\":\"https:\\\/\\\/www.meydan.tv\\\/az\\\/article\\\/blogere-hokm-oxundu-mehkemeye-etiraz-olaraq-batareya-uddu\\\/\",\"url\":\"https:\\\/\\\/www.meydan.tv\\\/az\\\/article\\\/blogere-hokm-oxundu-mehkemeye-etiraz-olaraq-batareya-uddu\\\/\",\"name\":\"Bloger\u0259 h\u00f6km oxundu: m\u0259hk\u0259m\u0259y\u0259 etiraz olaraq batareya uddu - MEYDAN.TV\",\"isPartOf\":{\"@id\":\"https:\\\/\\\/www.meydan.tv\\\/az\\\/#website\"},\"primaryImageOfPage\":{\"@id\":\"https:\\\/\\\/www.meydan.tv\\\/az\\\/article\\\/blogere-hokm-oxundu-mehkemeye-etiraz-olaraq-batareya-uddu\\\/#primaryimage\"},\"image\":{\"@id\":\"https:\\\/\\\/www.meydan.tv\\\/az\\\/article\\\/blogere-hokm-oxundu-mehkemeye-etiraz-olaraq-batareya-uddu\\\/#primaryimage\"},\"thumbnailUrl\":\"https:\\\/\\\/www.meydan.tv\\\/wp-content\\\/uploads\\\/42217-e1653071698186.jpg\",\"datePublished\":\"2024-02-05T14:14:46+00:00\",\"dateModified\":\"2024-02-05T14:14:56+00:00\",\"breadcrumb\":{\"@id\":\"https:\\\/\\\/www.meydan.tv\\\/az\\\/article\\\/blogere-hokm-oxundu-mehkemeye-etiraz-olaraq-batareya-uddu\\\/#breadcrumb\"},\"inLanguage\":\"az\",\"potentialAction\":[{\"@type\":\"ReadAction\",\"target\":[\"https:\\\/\\\/www.meydan.tv\\\/az\\\/article\\\/blogere-hokm-oxundu-mehkemeye-etiraz-olaraq-batareya-uddu\\\/\"]}]},{\"@type\":\"ImageObject\",\"inLanguage\":\"az\",\"@id\":\"https:\\\/\\\/www.meydan.tv\\\/az\\\/article\\\/blogere-hokm-oxundu-mehkemeye-etiraz-olaraq-batareya-uddu\\\/#primaryimage\",\"url\":\"https:\\\/\\\/www.meydan.tv\\\/wp-content\\\/uploads\\\/42217-e1653071698186.jpg\",\"contentUrl\":\"https:\\\/\\\/www.meydan.tv\\\/wp-content\\\/uploads\\\/42217-e1653071698186.jpg\",\"width\":1023,\"height\":475,\"caption\":\"Foto: R\u0259\u015fad Ramazanovun \u015f\u0259xsi arxivind\u0259n\"},{\"@type\":\"BreadcrumbList\",\"@id\":\"https:\\\/\\\/www.meydan.tv\\\/az\\\/article\\\/blogere-hokm-oxundu-mehkemeye-etiraz-olaraq-batareya-uddu\\\/#breadcrumb\",\"itemListElement\":[{\"@type\":\"ListItem\",\"position\":1,\"name\":\"Ana s\u0259hif\u0259\",\"item\":\"https:\\\/\\\/www.meydan.tv\\\/az\\\/\"},{\"@type\":\"ListItem\",\"position\":2,\"name\":\"Sosial\",\"item\":\"https:\\\/\\\/www.meydan.tv\\\/az\\\/section\\\/sosial\\\/\"},{\"@type\":\"ListItem\",\"position\":3,\"name\":\"Bloger\u0259 h\u00f6km oxundu: m\u0259hk\u0259m\u0259y\u0259 etiraz olaraq batareya uddu\"}]},{\"@type\":\"WebSite\",\"@id\":\"https:\\\/\\\/www.meydan.tv\\\/az\\\/#website\",\"url\":\"https:\\\/\\\/www.meydan.tv\\\/az\\\/\",\"name\":\"MEYDAN.TV\",\"description\":\"Meydan TV Az\u0259rbaycan\u0131n media m\u0259kan\u0131ndak\u0131 alternativ s\u0259sidir\",\"publisher\":{\"@id\":\"https:\\\/\\\/www.meydan.tv\\\/az\\\/#organization\"},\"potentialAction\":[{\"@type\":\"SearchAction\",\"target\":{\"@type\":\"EntryPoint\",\"urlTemplate\":\"https:\\\/\\\/www.meydan.tv\\\/az\\\/?s={search_term_string}\"},\"query-input\":{\"@type\":\"PropertyValueSpecification\",\"valueRequired\":true,\"valueName\":\"search_term_string\"}}],\"inLanguage\":\"az\"},{\"@type\":\"Organization\",\"@id\":\"https:\\\/\\\/www.meydan.tv\\\/az\\\/#organization\",\"name\":\"Meydan TV\",\"url\":\"https:\\\/\\\/www.meydan.tv\\\/az\\\/\",\"logo\":{\"@type\":\"ImageObject\",\"inLanguage\":\"az\",\"@id\":\"https:\\\/\\\/www.meydan.tv\\\/az\\\/#\\\/schema\\\/logo\\\/image\\\/\",\"url\":\"https:\\\/\\\/www.meydan.tv\\\/wp-content\\\/uploads\\\/2021\\\/07\\\/meydan-logo.svg\",\"contentUrl\":\"https:\\\/\\\/www.meydan.tv\\\/wp-content\\\/uploads\\\/2021\\\/07\\\/meydan-logo.svg\",\"width\":195,\"height\":46,\"caption\":\"Meydan TV\"},\"image\":{\"@id\":\"https:\\\/\\\/www.meydan.tv\\\/az\\\/#\\\/schema\\\/logo\\\/image\\\/\"}},{\"@type\":\"Person\",\"@id\":\"https:\\\/\\\/www.meydan.tv\\\/az\\\/#\\\/schema\\\/person\\\/09863e516102a829e72bedcf3f84c6b0\",\"name\":\"mahmud\"}]}<\/script>\n<!-- \/ Yoast SEO plugin. -->","yoast_head_json":{"title":"Bloger\u0259 h\u00f6km oxundu: m\u0259hk\u0259m\u0259y\u0259 etiraz olaraq batareya uddu - MEYDAN.TV","robots":{"index":"index","follow":"follow","max-snippet":"max-snippet:-1","max-image-preview":"max-image-preview:large","max-video-preview":"max-video-preview:-1"},"canonical":"https:\/\/www.meydan.tv\/az\/article\/blogere-hokm-oxundu-mehkemeye-etiraz-olaraq-batareya-uddu\/","og_locale":"az_AZ","og_type":"article","og_title":"Bloger\u0259 h\u00f6km oxundu: m\u0259hk\u0259m\u0259y\u0259 etiraz olaraq batareya uddu - MEYDAN.TV","og_description":"\u00a0H\u00f6kmd\u0259n apelyasiya \u015fikay\u0259ti veril\u0259c\u0259k \u0130ki il\u0259 yax\u0131nd\u0131r h\u0259bsd\u0259 olan bloger ... Davam\u0131","og_url":"https:\/\/www.meydan.tv\/az\/article\/blogere-hokm-oxundu-mehkemeye-etiraz-olaraq-batareya-uddu\/","og_site_name":"MEYDAN.TV","article_published_time":"2024-02-05T14:14:46+00:00","article_modified_time":"2024-02-05T14:14:56+00:00","og_image":[{"width":1023,"height":475,"url":"https:\/\/www.meydan.tv\/wp-content\/uploads\/42217-e1653071698186.jpg","type":"image\/jpeg"}],"author":"mahmud","twitter_card":"summary_large_image","schema":{"@context":"https:\/\/schema.org","@graph":[{"@type":"Article","@id":"https:\/\/www.meydan.tv\/az\/article\/blogere-hokm-oxundu-mehkemeye-etiraz-olaraq-batareya-uddu\/#article","isPartOf":{"@id":"https:\/\/www.meydan.tv\/az\/article\/blogere-hokm-oxundu-mehkemeye-etiraz-olaraq-batareya-uddu\/"},"author":{"name":"mahmud","@id":"https:\/\/www.meydan.tv\/az\/#\/schema\/person\/09863e516102a829e72bedcf3f84c6b0"},"headline":"Bloger\u0259 h\u00f6km oxundu: m\u0259hk\u0259m\u0259y\u0259 etiraz olaraq batareya uddu","datePublished":"2024-02-05T14:14:46+00:00","dateModified":"2024-02-05T14:14:56+00:00","mainEntityOfPage":{"@id":"https:\/\/www.meydan.tv\/az\/article\/blogere-hokm-oxundu-mehkemeye-etiraz-olaraq-batareya-uddu\/"},"wordCount":507,"publisher":{"@id":"https:\/\/www.meydan.tv\/az\/#organization"},"image":{"@id":"https:\/\/www.meydan.tv\/az\/article\/blogere-hokm-oxundu-mehkemeye-etiraz-olaraq-batareya-uddu\/#primaryimage"},"thumbnailUrl":"https:\/\/www.meydan.tv\/wp-content\/uploads\/42217-e1653071698186.jpg","articleSection":["Sosial","X\u0259b\u0259rl\u0259r"],"inLanguage":"az"},{"@type":"WebPage","@id":"https:\/\/www.meydan.tv\/az\/article\/blogere-hokm-oxundu-mehkemeye-etiraz-olaraq-batareya-uddu\/","url":"https:\/\/www.meydan.tv\/az\/article\/blogere-hokm-oxundu-mehkemeye-etiraz-olaraq-batareya-uddu\/","name":"Bloger\u0259 h\u00f6km oxundu: m\u0259hk\u0259m\u0259y\u0259 etiraz olaraq batareya uddu - MEYDAN.TV","isPartOf":{"@id":"https:\/\/www.meydan.tv\/az\/#website"},"primaryImageOfPage":{"@id":"https:\/\/www.meydan.tv\/az\/article\/blogere-hokm-oxundu-mehkemeye-etiraz-olaraq-batareya-uddu\/#primaryimage"},"image":{"@id":"https:\/\/www.meydan.tv\/az\/article\/blogere-hokm-oxundu-mehkemeye-etiraz-olaraq-batareya-uddu\/#primaryimage"},"thumbnailUrl":"https:\/\/www.meydan.tv\/wp-content\/uploads\/42217-e1653071698186.jpg","datePublished":"2024-02-05T14:14:46+00:00","dateModified":"2024-02-05T14:14:56+00:00","breadcrumb":{"@id":"https:\/\/www.meydan.tv\/az\/article\/blogere-hokm-oxundu-mehkemeye-etiraz-olaraq-batareya-uddu\/#breadcrumb"},"inLanguage":"az","potentialAction":[{"@type":"ReadAction","target":["https:\/\/www.meydan.tv\/az\/article\/blogere-hokm-oxundu-mehkemeye-etiraz-olaraq-batareya-uddu\/"]}]},{"@type":"ImageObject","inLanguage":"az","@id":"https:\/\/www.meydan.tv\/az\/article\/blogere-hokm-oxundu-mehkemeye-etiraz-olaraq-batareya-uddu\/#primaryimage","url":"https:\/\/www.meydan.tv\/wp-content\/uploads\/42217-e1653071698186.jpg","contentUrl":"https:\/\/www.meydan.tv\/wp-content\/uploads\/42217-e1653071698186.jpg","width":1023,"height":475,"caption":"Foto: R\u0259\u015fad Ramazanovun \u015f\u0259xsi arxivind\u0259n"},{"@type":"BreadcrumbList","@id":"https:\/\/www.meydan.tv\/az\/article\/blogere-hokm-oxundu-mehkemeye-etiraz-olaraq-batareya-uddu\/#breadcrumb","itemListElement":[{"@type":"ListItem","position":1,"name":"Ana s\u0259hif\u0259","item":"https:\/\/www.meydan.tv\/az\/"},{"@type":"ListItem","position":2,"name":"Sosial","item":"https:\/\/www.meydan.tv\/az\/section\/sosial\/"},{"@type":"ListItem","position":3,"name":"Bloger\u0259 h\u00f6km oxundu: m\u0259hk\u0259m\u0259y\u0259 etiraz olaraq batareya uddu"}]},{"@type":"WebSite","@id":"https:\/\/www.meydan.tv\/az\/#website","url":"https:\/\/www.meydan.tv\/az\/","name":"MEYDAN.TV","description":"Meydan TV Az\u0259rbaycan\u0131n media m\u0259kan\u0131ndak\u0131 alternativ s\u0259sidir","publisher":{"@id":"https:\/\/www.meydan.tv\/az\/#organization"},"potentialAction":[{"@type":"SearchAction","target":{"@type":"EntryPoint","urlTemplate":"https:\/\/www.meydan.tv\/az\/?s={search_term_string}"},"query-input":{"@type":"PropertyValueSpecification","valueRequired":true,"valueName":"search_term_string"}}],"inLanguage":"az"},{"@type":"Organization","@id":"https:\/\/www.meydan.tv\/az\/#organization","name":"Meydan TV","url":"https:\/\/www.meydan.tv\/az\/","logo":{"@type":"ImageObject","inLanguage":"az","@id":"https:\/\/www.meydan.tv\/az\/#\/schema\/logo\/image\/","url":"https:\/\/www.meydan.tv\/wp-content\/uploads\/2021\/07\/meydan-logo.svg","contentUrl":"https:\/\/www.meydan.tv\/wp-content\/uploads\/2021\/07\/meydan-logo.svg","width":195,"height":46,"caption":"Meydan TV"},"image":{"@id":"https:\/\/www.meydan.tv\/az\/#\/schema\/logo\/image\/"}},{"@type":"Person","@id":"https:\/\/www.meydan.tv\/az\/#\/schema\/person\/09863e516102a829e72bedcf3f84c6b0","name":"mahmud"}]}},"_links":{"self":[{"href":"https:\/\/www.meydan.tv\/az\/wp-json\/wp\/v2\/posts\/297026","targetHints":{"allow":["GET"]}}],"collection":[{"href":"https:\/\/www.meydan.tv\/az\/wp-json\/wp\/v2\/posts"}],"about":[{"href":"https:\/\/www.meydan.tv\/az\/wp-json\/wp\/v2\/types\/post"}],"author":[{"embeddable":true,"href":"https:\/\/www.meydan.tv\/az\/wp-json\/wp\/v2\/users\/21"}],"replies":[{"embeddable":true,"href":"https:\/\/www.meydan.tv\/az\/wp-json\/wp\/v2\/comments?post=297026"}],"version-history":[{"count":1,"href":"https:\/\/www.meydan.tv\/az\/wp-json\/wp\/v2\/posts\/297026\/revisions"}],"predecessor-version":[{"id":297027,"href":"https:\/\/www.meydan.tv\/az\/wp-json\/wp\/v2\/posts\/297026\/revisions\/297027"}],"wp:featuredmedia":[{"embeddable":true,"href":"https:\/\/www.meydan.tv\/az\/wp-json\/wp\/v2\/media\/106277"}],"wp:attachment":[{"href":"https:\/\/www.meydan.tv\/az\/wp-json\/wp\/v2\/media?parent=297026"}],"wp:term":[{"taxonomy":"category","embeddable":true,"href":"https:\/\/www.meydan.tv\/az\/wp-json\/wp\/v2\/categories?post=297026"},{"taxonomy":"post_tag","embeddable":true,"href":"https:\/\/www.meydan.tv\/az\/wp-json\/wp\/v2\/tags?post=297026"}],"curies":[{"name":"wp","href":"https:\/\/api.w.org\/{rel}","templated":true}]}}