{"id":297014,"date":"2024-02-05T18:26:16","date_gmt":"2024-02-05T14:26:16","guid":{"rendered":"https:\/\/www.meydan.tv\/?p=297014"},"modified":"2024-02-05T18:26:20","modified_gmt":"2024-02-05T14:26:20","slug":"ermenistan-hakimiyyeti-qarabagli-qacqinlar-ucun-xarici-seferlerin-qaydalarini-izah-edib","status":"publish","type":"post","link":"https:\/\/www.meydan.tv\/az\/article\/ermenistan-hakimiyyeti-qarabagli-qacqinlar-ucun-xarici-seferlerin-qaydalarini-izah-edib\/","title":{"rendered":"Erm\u0259nistan hakimiyy\u0259ti qaraba\u011fl\u0131 qa\u00e7q\u0131nlar \u00fc\u00e7\u00fcn xarici s\u0259f\u0259rl\u0259rin qaydalar\u0131n\u0131 izah edib"},"content":{"rendered":"\n<p><a href=\"https:\/\/www.kavkaz-uzel.eu\/articles\/396893\">&#8220;Kavkazski uzel&#8221;<\/a>in material\u0131<\/p>\n\n\n\n<p>Da\u011fl\u0131q Qaraba\u011fdan olan m\u0259cburi k\u00f6\u00e7k\u00fcnl\u0259r xaric\u0259 s\u0259f\u0259r ed\u0259rk\u0259n \u0259ll\u0259rind\u0259 m\u00fcv\u0259qq\u0259ti m\u00fcdafi\u0259 haqq\u0131nda \u015f\u0259had\u0259tnam\u0259 olmal\u0131d\u0131r. Bu \u015f\u0259had\u0259tnam\u0259 m\u0259cburi k\u00f6\u00e7k\u00fcnl\u0259rin dig\u0259r \u00f6lk\u0259l\u0259r\u0259 verilm\u0259m\u0259sinin z\u0259man\u0259ti olacaq, &#8211; Erm\u0259nistan hakimiyy\u0259ti x\u0259b\u0259r verib.<\/p>\n\n\n\n<p>Qaraba\u011fl\u0131lar Erm\u0259nistan\u0131n m\u00fcdafi\u0259si alt\u0131nda bir il qalacaqlar, onlar bu zaman k\u0259siyind\u0259 v\u0259t\u0259nda\u015fl\u0131q al\u0131b-almayacaqlar\u0131na q\u0259rar verm\u0259lidirl\u0259r.<\/p>\n\n\n\n<p><em>\u201cH\u0259l\u0259 ki, ba\u015fqa alternativ yoxdur\u201d<\/em>, &#8211; h\u00fcquq\u015f\u00fcnas \u0130rina Ayrapetyan qeyd edib.<\/p>\n\n\n\n<p>\u201cKavkazski uzel\u201din yazd\u0131\u011f\u0131 kimi, 2023-c\u00fc ilin noyabr ay\u0131nda polis Qaraba\u011f qa\u00e7q\u0131nlar\u0131n\u0131n Erm\u0259nistan v\u0259t\u0259nda\u015fl\u0131\u011f\u0131 almas\u0131 bar\u0259d\u0259 \u0259riz\u0259 q\u0259buluna ba\u015flay\u0131b. \u0130ki ay \u0259rzind\u0259 100 min qaraba\u011fl\u0131 qa\u00e7q\u0131ndan yaln\u0131z 735-i Erm\u0259nistan v\u0259t\u0259nda\u015fl\u0131\u011f\u0131 almaq \u00fc\u00e7\u00fcn \u0259riz\u0259 verib. Qa\u00e7q\u0131n statusuna b\u0259rab\u0259r m\u00fcv\u0259qq\u0259ti m\u00fcdafi\u0259 \u015f\u0259had\u0259tnam\u0259sini 53 mind\u0259n art\u0131q k\u00f6\u00e7k\u00fcn al\u0131b.<\/p>\n\n\n\n<p>Yanvar\u0131n 18-d\u0259 h\u00fcquq m\u00fcdafi\u0259\u00e7il\u0259ri x\u0259b\u0259r veribl\u0259r ki, k\u00f6\u00e7k\u00fcnl\u0259rin Erm\u0259nistan v\u0259t\u0259nda\u015fl\u0131\u011f\u0131n\u0131 almaq ist\u0259m\u0259m\u0259l\u0259rinin s\u0259b\u0259bi onlar\u0131n h\u00f6kum\u0259tin verdiyi maddi yard\u0131mdan m\u0259hrum olmaq qorxusudur. Bununla yana\u015f\u0131, hakimiyy\u0259t deyib ki, qa\u00e7q\u0131nlar da eynil\u0259 b\u00fct\u00fcn m\u00fcavin\u0259tl\u0259ri ala bil\u0259c\u0259kl\u0259r.<\/p>\n\n\n\n<p>2023-c\u00fc il oktyabr\u0131n 7-d\u0259 Da\u011fl\u0131q Qaraba\u011fdan Erm\u0259nistana 100 632 m\u0259cburi k\u00f6\u00e7k\u00fcn g\u0259lib. Qa\u00e7q\u0131nlar\u0131n sosial m\u0259s\u0259l\u0259l\u0259ri il\u0259 Erm\u0259nistan h\u00f6kum\u0259ti m\u0259\u015f\u011ful olur. K\u00f6\u00e7k\u00fcnl\u0259r\u0259 mehmanxana v\u0259 pansionatlarda otaq, h\u0259r birin\u0259 100 min dram (t\u0259xmin\u0259n 250 dollar) m\u0259bl\u0259\u011find\u0259 bird\u0259f\u0259lik yard\u0131m v\u0259 kir\u0259 haqq\u0131n\u0131 \u00f6d\u0259m\u0259k \u00fc\u00e7\u00fcn alt\u0131 ay \u0259rzind\u0259 ayl\u0131q 50 min dram (t\u0259xmin\u0259n 125 dollar), h\u0259m\u00e7inin kommunal xidm\u0259tl\u0259ri \u00f6d\u0259m\u0259k \u00fc\u00e7\u00fcn 10 min dram (t\u0259xmin\u0259n 25 dollar) verilir.<\/p>\n\n\n\n<p>Erm\u0259nistan hakimiyy\u0259tinin q\u0259rar\u0131 il\u0259 Da\u011fl\u0131q Qaraba\u011fdan olan m\u0259cburi k\u00f6\u00e7k\u00fcnl\u0259r yanvar\u0131n 28-d\u0259 m\u00fcv\u0259qq\u0259ti m\u00fcdafi\u0259 statusu ald\u0131qdan sonra xaric\u0259 s\u0259f\u0259r ed\u0259rk\u0259n \u0259ll\u0259rind\u0259 pasportla yana\u015f\u0131, m\u00fcv\u0259qq\u0259ti m\u00fcdafi\u0259 haqq\u0131nda \u015f\u0259had\u0259tnam\u0259 d\u0259 olmal\u0131d\u0131r.<\/p>\n\n\n\n<p><em>\u201cM\u00fcv\u0259qq\u0259ti m\u00fcdafi\u0259 haqq\u0131nda \u015f\u0259had\u0259tnam\u0259 o dem\u0259kdir ki, ona sahib olan \u015f\u0259xs beyn\u0259lxalq m\u00fcdafi\u0259 alt\u0131ndad\u0131r. Y\u0259ni h\u0259min \u015f\u0259xs hans\u0131 \u015f\u0259raitd\u0259 olursa-olsun, konkret \u00f6lk\u0259nin h\u00fcdudlar\u0131ndan k\u0259nara ekstradisiya edil\u0259 v\u0259 ya h\u0259r hans\u0131 bir \u015f\u0259kild\u0259 zorla t\u0259hvil veril\u0259 bilm\u0259z. Haz\u0131rda s\u00f6hb\u0259t Az\u0259rbaycandan gedir. M\u0259qs\u0259d Da\u011fl\u0131q Qaraba\u011fdan olan m\u0259cburi k\u00f6\u00e7k\u00fcnl\u0259rin xaric\u0259 s\u0259f\u0259r ed\u0259rk\u0259n \u0259lav\u0259 m\u00fcdafi\u0259 t\u0259dbirl\u0259rinin g\u00f6r\u00fclm\u0259sidir. M\u00fcv\u0259qq\u0259ti m\u00fcdafi\u0259 haqq\u0131nda \u015f\u0259had\u0259tnam\u0259 pasport xidm\u0259tl\u0259ri t\u0259r\u0259find\u0259n \u015f\u0259xsin qeydiyyat\u0131 il\u0259 birg\u0259 verilir\u201d<\/em>, \u2013 fevral\u0131n 4-d\u0259 Erm\u0259nistan D\u0130N-nin Miqrasiya v\u0259 V\u0259t\u0259nda\u015fl\u0131q Xidm\u0259ti \u201cKavkazski uzel\u201din m\u00fcxbirin\u0259 x\u0259b\u0259r verib.<\/p>\n\n\n\n<p>Qurum n\u00fcmay\u0259nd\u0259sinin dediyin\u0259 g\u00f6r\u0259, <em>\u201cm\u00fcv\u0259qq\u0259ti m\u00fcdafi\u0259ni Erm\u0259nistan h\u00fcdudunda olan m\u0259cburi k\u00f6\u00e7k\u00fcnl\u0259r ala bil\u0259r. Xaricd\u0259 olan bu \u015f\u0259xsl\u0259r m\u00fcv\u0259qq\u0259ti m\u00fcdafi\u0259 haqq\u0131nda \u015f\u0259had\u0259tnam\u0259ni almaq \u00fc\u00e7\u00fcn Erm\u0259nistan\u0131n diplomatik n\u00fcmay\u0259nd\u0259liyind\u0259 v\u0259 konsul m\u00fc\u0259ssis\u0259l\u0259rind\u0259 \u0259riz\u0259 ver\u0259 bil\u0259rl\u0259r\u201d<\/em>.<\/p>\n\n\n\n<p>Xidm\u0259tin m\u0259lumat\u0131na g\u00f6r\u0259, fevral\u0131n 1-d\u0259 43 min\u0259 yax\u0131n m\u0259cburi k\u00f6\u00e7k\u00fcn m\u00fcv\u0259qq\u0259ti m\u00fcdafi\u0259 haqq\u0131nda \u015f\u0259had\u0259tnam\u0259ni almaq \u00fc\u00e7\u00fcn \u0259riz\u0259 verib. 1000-\u0259 yax\u0131n m\u0259cburi k\u00f6\u00e7k\u00fcns\u0259 Erm\u0259nistan Respublikas\u0131n\u0131n v\u0259t\u0259nda\u015fl\u0131\u011f\u0131n\u0131 almaq \u00fc\u00e7\u00fcn m\u00fcraci\u0259t edib.<\/p>\n\n\n\n<p><em>\u201cErm\u0259nistan Da\u011fl\u0131q Qaraba\u011f\u0131n sakinl\u0259rini bir il m\u00fcdd\u0259tin\u0259 n\u0259zar\u0259t\u0259 al\u0131b v\u0259 b\u00fct\u00fcn beyn\u0259lxalq normalara uy\u011fun olaraq, h\u0259m \u00f6z \u00f6lk\u0259sind\u0259, h\u0259m ist\u0259nil\u0259n \u00f6lk\u0259d\u0259 onlar\u0131n h\u00fcquqlar\u0131n\u0131 m\u00fcdafi\u0259 edir. \u0130l bit\u0259n\u0259d\u0259k art\u0131q q\u0259rar q\u0259bul etm\u0259k laz\u0131m g\u0259l\u0259c\u0259k \u2013 Erm\u0259nistan v\u0259t\u0259nda\u015fl\u0131\u011f\u0131 q\u0259bul edilsin, ya yox. Alternativin n\u0259 olaca\u011f\u0131 is\u0259 h\u0259l\u0259 ayd\u0131n deyil. Da\u011fl\u0131q Qaraba\u011f sakinl\u0259ri ist\u0259nil\u0259n halda he\u00e7 bir mane\u0259 olmadan Erm\u0259nistandan k\u0259nara \u00e7\u0131xa, qeydiyyatdan ke\u00e7\u0259 v\u0259 \u0259g\u0259r h\u0259min \u00f6lk\u0259nin icaz\u0259si varsa, rahat \u015f\u0259kild\u0259 ora ged\u0259 bil\u0259rl\u0259r. Amma \u0259g\u0259r h\u0259min \u00f6lk\u0259d\u0259 bir \u015feyl\u0259r d\u00fcz getm\u0259zs\u0259, Da\u011fl\u0131q Qaraba\u011f\u0131n sakini Erm\u0259nistana deportasiya olunacaq. Bu zaman Erm\u0259nistan\u0131n verdiyi m\u00fcv\u0259qq\u0259ti m\u00fcdafi\u0259 haqq\u0131nda s\u0259n\u0259d he\u00e7 bir rol oynamayacaq\u201d<\/em>, &#8211; h\u00fcquq\u015f\u00fcnas \u0130rina Ayrapetyan \u201cKavkazski uzel\u201din m\u00fcxbirin\u0259 s\u00f6yl\u0259yib.<\/p>\n\n\n\n<p>Anu\u015f Petrosyan \u201cKazkazski uzel\u201din m\u00fcxbirin\u0259 anas\u0131n\u0131n t\u0259qa\u00fcd almas\u0131 \u00fc\u00e7\u00fcn n\u0259 etdiyini dan\u0131\u015f\u0131b.<\/p>\n\n\n\n<p><em>\u201cAnam ya\u015f h\u0259ddin\u0259 g\u00f6r\u0259 \u0259m\u0259k t\u0259qa\u00fcd\u00fc al\u0131r. Biz m\u00fcv\u0259qq\u0259ti m\u00fcdafi\u0259 alandan sonra ya\u015fad\u0131\u011f\u0131m\u0131z \u00fcnvanda qeydiyyatdan ke\u00e7dik v\u0259 anam Erm\u0259nistan\u0131n Sosial M\u0259s\u0259l\u0259l\u0259r \u00fczr\u0259 Nazirliyind\u0259 onlayn blank doldurub t\u0259qa\u00fcd almaq \u00fc\u00e7\u00fcn n\u00f6vb\u0259ti d\u0259f\u0259 \u0259riz\u0259 verdi. O, bundan sonra t\u0259qa\u00fcd alma\u011fa ba\u015flad\u0131. H\u0259rbi t\u0259qa\u00fcd\u00e7\u00fcl\u0259rs\u0259 ikinci d\u0259f\u0259 \u0259riz\u0259 vermirl\u0259r, \u00e7\u00fcnki onlar\u0131n m\u0259lumatlar\u0131 avtomatik \u015f\u0259kild\u0259 peyda olur\u201d<\/em>, \u2013 jurnalist qad\u0131n deyib.<\/p>\n\n\n\n<p>Ani Manqasaryan x\u0259b\u0259r verib ki, qay\u0131nanas\u0131 v\u0259 qay\u0131natas\u0131 qeydiyyatdan ke\u00e7m\u0259k v\u0259 m\u00fcv\u0259qq\u0259ti m\u00fcdafi\u0259 almaq \u00fc\u00e7\u00fcn \u0259riz\u0259 verib.<\/p>\n\n\n\n<p><em>\u201cS\u0259n\u0259dl\u0259ri mart\u0131n 10-da r\u0259smil\u0259\u015fdirm\u0259yi v\u0259d edibl\u0259r. Onlar sentyabr ay\u0131ndan b\u0259ri t\u0259qa\u00fcd alm\u0131rlar. Ham\u0131m\u0131z bir yerd\u0259 ya\u015fad\u0131\u011f\u0131m\u0131z \u00fc\u00e7\u00fcn, \u015f\u00fcbh\u0259siz ki, b\u00fct\u00fcn y\u00fck\u00fcm\u00fcz\u00fc \u0259rim \u00e7\u0259kir. O, bir o\u011ful kimi valideynl\u0259rinin, \u0259r kimi d\u0259 m\u0259nim v\u0259 iki \u00f6vlad\u0131m\u0131z\u0131n qay\u011f\u0131s\u0131na qal\u0131r. H\u0259r\u00e7\u0259nd biz\u0259 dedil\u0259r ki, qocalar qeydiyyatdan ke\u00e7dikd\u0259n sonra oktyabr\u0131n 1-d\u0259n ba\u015flayaraq b\u00fct\u00fcn t\u0259qa\u00fcd\u00fc k\u00f6\u00e7\u00fcr\u0259c\u0259kl\u0259r. Onlar bunu h\u0259sr\u0259tl\u0259 g\u00f6zl\u0259yirl\u0259r, bel\u0259 ki, indiy\u0259d\u0259k ala bilm\u0259dikl\u0259ri v\u0259 onlars\u0131z ke\u00e7inm\u0259k m\u0259cburiyy\u0259tind\u0259 qald\u0131qlar\u0131 bir \u00e7ox \u015fey \u2013 paltar, d\u0259rman, gigiyena vasit\u0259l\u0259ri v\u0259 s. almal\u0131d\u0131rlar\u201d<\/em>, \u2013 o, \u201cKavkazski uzel\u201din m\u00fcxbirin\u0259 s\u00f6yl\u0259yib.<\/p>\n\n\n\n<p><em>\u201cQeydiyyatdan ke\u00e7m\u0259k m\u0259qs\u0259dil\u0259 \u0259riz\u0259 verm\u0259k v\u0259 haz\u0131r s\u0259n\u0259dl\u0259ri almaq \u00fc\u00e7\u00fcn saatlarla n\u00f6vb\u0259d\u0259 dayanmal\u0131 oluruq\u201d<\/em>, \u2013 Lusine Sarkisyan deyib.<\/p>\n\n\n\n<p><em>\u201cAil\u0259nin h\u0259r bir \u00fczv\u00fc \u00f6z\u00fc \u0259riz\u0259 verm\u0259lidir. M\u0259s\u0259l\u0259n, \u0259r arvad\u0131na v\u0259 ya valideynl\u0259rin\u0259 g\u00f6r\u0259 s\u0259n\u0259d ver\u0259 bilm\u0259z. \u00d6vladlar\u0131m\u0131z 16 v\u0259 17 ya\u015flar\u0131ndad\u0131r, bu s\u0259b\u0259bd\u0259n d\u0259 qeydiyyat \u015f\u00f6b\u0259sin\u0259 yax\u0131nla\u015f\u0131b \u00f6zl\u0259ri s\u0259n\u0259d verm\u0259lidirl\u0259r. N\u00f6vb\u0259nin ucu-buca\u011f\u0131 g\u00f6r\u00fcnm\u00fcr. B\u00fct\u00fcn qohumlar\u0131m v\u0259 tan\u0131\u015flar deyir ki, onlar\u0131n rayonunda da, el\u0259 bizd\u0259 d\u0259, Yerevanda oldu\u011fu kimi, qeydiyyata n\u00f6vb\u0259 il\u0259 ba\u011fl\u0131 eyni v\u0259ziyy\u0259tdir. V\u0259 \u0259n \u0259sas\u0131, he\u00e7 k\u0259s bu m\u0259s\u0259l\u0259 il\u0259 m\u0259\u015f\u011ful olmaq ist\u0259mir. Y\u0259qin insanlar\u0131n i\u015f axtarmaq \u0259v\u0259zin\u0259 n\u00f6vb\u0259l\u0259rd\u0259 saatlarla dayanmas\u0131 kim\u0259s\u0259 \u0259l verir\u201d<\/em>, \u2013 qad\u0131n deyib.<\/p>\n\n\n\n<p>Onun s\u00f6yl\u0259diyin\u0259 g\u00f6r\u0259, ail\u0259d\u0259 t\u0259kc\u0259 \u0259ri i\u015fl\u0259yir v\u0259 Yerevanda kiray\u0259 m\u0259nzild\u0259 qal\u0131rlar.<\/p>\n\n\n\n<p><em>\u201cErm\u0259nistan h\u00f6kum\u0259tind\u0259n g\u0259l\u0259n sosial-maddi yard\u0131m\u0131n ham\u0131s\u0131 kiray\u0259 haqq\u0131na gedir. \u018frimin maa\u015f\u0131n\u0131n 50%-i kommunal \u00f6d\u0259m\u0259l\u0259r\u0259 gedir. Yerd\u0259 qalan h\u0259r \u015feyi \u00e7atd\u0131rmaq \u00fc\u00e7\u00fcn maksimum q\u0259na\u0259t etm\u0259li oluruq\u201d<\/em>, \u2013 Sarkisyan qeyd edib.<\/p>\n\n\n\n<p><em>\u201cAtam h\u0259rbi t\u0259qa\u00fcd\u00e7\u00fcd\u00fcr. O, qeydiyyatdan ke\u00e7\u0259n v\u0259 qa\u00e7q\u0131n statusu alan kimi t\u0259qa\u00fcd alma\u011fa ba\u015flay\u0131b. Biz ikinci d\u0259f\u0259 \u0259riz\u0259 verm\u0259li v\u0259 ya h\u0259r hans\u0131 bir yeni \u0259riz\u0259ni doldurmal\u0131 olmad\u0131q. T\u0259qa\u00fcd bank kart\u0131na k\u00f6\u00e7\u00fcr\u00fcld\u00fc. Biz h\u0259m\u00e7inin \u0259lillik haqq\u0131nda ka\u011f\u0131z t\u0259qdim etdik, bel\u0259 ki Sosial M\u0259s\u0259l\u0259l\u0259r \u00fczr\u0259 Nazirlikd\u0259 art\u0131q b\u00fct\u00fcn m\u0259lumatlar var idi\u201d<\/em>, \u2013 Oleq Ayrapetyan deyib.<\/p>\n\n\n\n<p>O, bu yax\u0131nlarda 18 ya\u015f\u0131n\u0131n tamam oldu\u011funu v\u0259 h\u0259ddi-bulu\u011fa \u00e7atd\u0131\u011f\u0131na g\u00f6r\u0259 in\u015faatda adi f\u0259hl\u0259 kimi i\u015f\u0259 d\u00fcz\u0259ldiyini s\u00f6yl\u0259yib.<\/p>\n\n\n\n<p><em>\u201cValideynl\u0259rim\u0259 k\u00f6m\u0259k etm\u0259k \u00fc\u00e7\u00fcn t\u0259hsil atmaq m\u0259cburiyy\u0259tind\u0259 qald\u0131m. Ail\u0259d\u0259 m\u0259nd\u0259n savay\u0131, iki m\u0259kt\u0259bli bac\u0131m var. Kiray\u0259 haqq\u0131m\u0131z \u00e7ox olmasayd\u0131, b\u0259lk\u0259 d\u0259 valideynl\u0259rim \u00f6hd\u0259sind\u0259n g\u0259l\u0259rdi. M\u0259nim ald\u0131\u011f\u0131m maa\u015f he\u00e7 olmasa qarn\u0131m\u0131z\u0131 doydurma\u011fa \u00e7at\u0131r\u201d<\/em>, \u2013 g\u0259nc s\u00f6yl\u0259yib.<\/p>\n","protected":false},"excerpt":{"rendered":"<p>&#8220;Kavkazski uzel&#8221;in material\u0131 Da\u011fl\u0131q Qaraba\u011fdan olan m\u0259cburi k\u00f6\u00e7k\u00fcnl\u0259r xaric\u0259 s\u0259f\u0259r &#8230; <\/p>\n<p class=\"read-more-container\"><a title=\"Erm\u0259nistan hakimiyy\u0259ti qaraba\u011fl\u0131 qa\u00e7q\u0131nlar \u00fc\u00e7\u00fcn xarici s\u0259f\u0259rl\u0259rin qaydalar\u0131n\u0131 izah edib\" class=\"read-more button\" href=\"https:\/\/www.meydan.tv\/az\/article\/ermenistan-hakimiyyeti-qarabagli-qacqinlar-ucun-xarici-seferlerin-qaydalarini-izah-edib\/#more-297014\" aria-label=\"Read more about Erm\u0259nistan hakimiyy\u0259ti qaraba\u011fl\u0131 qa\u00e7q\u0131nlar \u00fc\u00e7\u00fcn xarici s\u0259f\u0259rl\u0259rin qaydalar\u0131n\u0131 izah edib\">Davam\u0131<\/a><\/p>\n","protected":false},"author":16,"featured_media":287044,"comment_status":"closed","ping_status":"closed","sticky":false,"template":"","format":"standard","meta":{"_acf_changed":false,"_sitemap_exclude":false,"_sitemap_priority":"","_sitemap_frequency":"","footnotes":""},"categories":[62,56],"tags":[],"class_list":["post-297014","post","type-post","status-publish","format-standard","has-post-thumbnail","hentry","category-sosial","category-xeberler","infinite-scroll-item","generate-columns","tablet-grid-50","mobile-grid-100","grid-parent","grid-33","no-featured-image-padding"],"acf":[],"yoast_head":"<!-- This site is optimized with the Yoast SEO plugin v27.5 - https:\/\/yoast.com\/product\/yoast-seo-wordpress\/ -->\n<title>Erm\u0259nistan hakimiyy\u0259ti qaraba\u011fl\u0131 qa\u00e7q\u0131nlar \u00fc\u00e7\u00fcn xarici s\u0259f\u0259rl\u0259rin qaydalar\u0131n\u0131 izah edib - MEYDAN.TV<\/title>\n<meta name=\"robots\" content=\"index, follow, max-snippet:-1, max-image-preview:large, max-video-preview:-1\" \/>\n<link rel=\"canonical\" href=\"https:\/\/www.meydan.tv\/az\/article\/ermenistan-hakimiyyeti-qarabagli-qacqinlar-ucun-xarici-seferlerin-qaydalarini-izah-edib\/\" \/>\n<meta property=\"og:locale\" content=\"az_AZ\" \/>\n<meta property=\"og:type\" content=\"article\" \/>\n<meta property=\"og:title\" content=\"Erm\u0259nistan hakimiyy\u0259ti qaraba\u011fl\u0131 qa\u00e7q\u0131nlar \u00fc\u00e7\u00fcn xarici s\u0259f\u0259rl\u0259rin qaydalar\u0131n\u0131 izah edib - MEYDAN.TV\" \/>\n<meta property=\"og:description\" content=\"&#8220;Kavkazski uzel&#8221;in material\u0131 Da\u011fl\u0131q Qaraba\u011fdan olan m\u0259cburi k\u00f6\u00e7k\u00fcnl\u0259r xaric\u0259 s\u0259f\u0259r ... Davam\u0131\" \/>\n<meta property=\"og:url\" content=\"https:\/\/www.meydan.tv\/az\/article\/ermenistan-hakimiyyeti-qarabagli-qacqinlar-ucun-xarici-seferlerin-qaydalarini-izah-edib\/\" \/>\n<meta property=\"og:site_name\" content=\"MEYDAN.TV\" \/>\n<meta property=\"article:published_time\" content=\"2024-02-05T14:26:16+00:00\" \/>\n<meta property=\"article:modified_time\" content=\"2024-02-05T14:26:20+00:00\" \/>\n<meta property=\"og:image\" content=\"https:\/\/www.meydan.tv\/wp-content\/uploads\/untitled-design-6-50-e1705586230244.jpg\" \/>\n\t<meta property=\"og:image:width\" content=\"1200\" \/>\n\t<meta property=\"og:image:height\" content=\"516\" \/>\n\t<meta property=\"og:image:type\" content=\"image\/jpeg\" \/>\n<meta name=\"author\" content=\"sevda\" \/>\n<meta name=\"twitter:card\" content=\"summary_large_image\" \/>\n<script type=\"application\/ld+json\" class=\"yoast-schema-graph\">{\"@context\":\"https:\\\/\\\/schema.org\",\"@graph\":[{\"@type\":\"Article\",\"@id\":\"https:\\\/\\\/www.meydan.tv\\\/az\\\/article\\\/ermenistan-hakimiyyeti-qarabagli-qacqinlar-ucun-xarici-seferlerin-qaydalarini-izah-edib\\\/#article\",\"isPartOf\":{\"@id\":\"https:\\\/\\\/www.meydan.tv\\\/az\\\/article\\\/ermenistan-hakimiyyeti-qarabagli-qacqinlar-ucun-xarici-seferlerin-qaydalarini-izah-edib\\\/\"},\"author\":{\"name\":\"sevda\",\"@id\":\"https:\\\/\\\/www.meydan.tv\\\/az\\\/#\\\/schema\\\/person\\\/49b5f2bad5b126bb8ea9320eeb3e4dc9\"},\"headline\":\"Erm\u0259nistan hakimiyy\u0259ti qaraba\u011fl\u0131 qa\u00e7q\u0131nlar \u00fc\u00e7\u00fcn xarici s\u0259f\u0259rl\u0259rin qaydalar\u0131n\u0131 izah edib\",\"datePublished\":\"2024-02-05T14:26:16+00:00\",\"dateModified\":\"2024-02-05T14:26:20+00:00\",\"mainEntityOfPage\":{\"@id\":\"https:\\\/\\\/www.meydan.tv\\\/az\\\/article\\\/ermenistan-hakimiyyeti-qarabagli-qacqinlar-ucun-xarici-seferlerin-qaydalarini-izah-edib\\\/\"},\"wordCount\":1602,\"publisher\":{\"@id\":\"https:\\\/\\\/www.meydan.tv\\\/az\\\/#organization\"},\"image\":{\"@id\":\"https:\\\/\\\/www.meydan.tv\\\/az\\\/article\\\/ermenistan-hakimiyyeti-qarabagli-qacqinlar-ucun-xarici-seferlerin-qaydalarini-izah-edib\\\/#primaryimage\"},\"thumbnailUrl\":\"https:\\\/\\\/www.meydan.tv\\\/wp-content\\\/uploads\\\/untitled-design-6-50-e1705586230244.jpg\",\"articleSection\":[\"Sosial\",\"X\u0259b\u0259rl\u0259r\"],\"inLanguage\":\"az\"},{\"@type\":\"WebPage\",\"@id\":\"https:\\\/\\\/www.meydan.tv\\\/az\\\/article\\\/ermenistan-hakimiyyeti-qarabagli-qacqinlar-ucun-xarici-seferlerin-qaydalarini-izah-edib\\\/\",\"url\":\"https:\\\/\\\/www.meydan.tv\\\/az\\\/article\\\/ermenistan-hakimiyyeti-qarabagli-qacqinlar-ucun-xarici-seferlerin-qaydalarini-izah-edib\\\/\",\"name\":\"Erm\u0259nistan hakimiyy\u0259ti qaraba\u011fl\u0131 qa\u00e7q\u0131nlar \u00fc\u00e7\u00fcn xarici s\u0259f\u0259rl\u0259rin qaydalar\u0131n\u0131 izah edib - MEYDAN.TV\",\"isPartOf\":{\"@id\":\"https:\\\/\\\/www.meydan.tv\\\/az\\\/#website\"},\"primaryImageOfPage\":{\"@id\":\"https:\\\/\\\/www.meydan.tv\\\/az\\\/article\\\/ermenistan-hakimiyyeti-qarabagli-qacqinlar-ucun-xarici-seferlerin-qaydalarini-izah-edib\\\/#primaryimage\"},\"image\":{\"@id\":\"https:\\\/\\\/www.meydan.tv\\\/az\\\/article\\\/ermenistan-hakimiyyeti-qarabagli-qacqinlar-ucun-xarici-seferlerin-qaydalarini-izah-edib\\\/#primaryimage\"},\"thumbnailUrl\":\"https:\\\/\\\/www.meydan.tv\\\/wp-content\\\/uploads\\\/untitled-design-6-50-e1705586230244.jpg\",\"datePublished\":\"2024-02-05T14:26:16+00:00\",\"dateModified\":\"2024-02-05T14:26:20+00:00\",\"breadcrumb\":{\"@id\":\"https:\\\/\\\/www.meydan.tv\\\/az\\\/article\\\/ermenistan-hakimiyyeti-qarabagli-qacqinlar-ucun-xarici-seferlerin-qaydalarini-izah-edib\\\/#breadcrumb\"},\"inLanguage\":\"az\",\"potentialAction\":[{\"@type\":\"ReadAction\",\"target\":[\"https:\\\/\\\/www.meydan.tv\\\/az\\\/article\\\/ermenistan-hakimiyyeti-qarabagli-qacqinlar-ucun-xarici-seferlerin-qaydalarini-izah-edib\\\/\"]}]},{\"@type\":\"ImageObject\",\"inLanguage\":\"az\",\"@id\":\"https:\\\/\\\/www.meydan.tv\\\/az\\\/article\\\/ermenistan-hakimiyyeti-qarabagli-qacqinlar-ucun-xarici-seferlerin-qaydalarini-izah-edib\\\/#primaryimage\",\"url\":\"https:\\\/\\\/www.meydan.tv\\\/wp-content\\\/uploads\\\/untitled-design-6-50-e1705586230244.jpg\",\"contentUrl\":\"https:\\\/\\\/www.meydan.tv\\\/wp-content\\\/uploads\\\/untitled-design-6-50-e1705586230244.jpg\",\"width\":1200,\"height\":516,\"caption\":\"Qarabagdan k\u00f6\u00e7. Foto: Meydan TV\"},{\"@type\":\"BreadcrumbList\",\"@id\":\"https:\\\/\\\/www.meydan.tv\\\/az\\\/article\\\/ermenistan-hakimiyyeti-qarabagli-qacqinlar-ucun-xarici-seferlerin-qaydalarini-izah-edib\\\/#breadcrumb\",\"itemListElement\":[{\"@type\":\"ListItem\",\"position\":1,\"name\":\"Ana s\u0259hif\u0259\",\"item\":\"https:\\\/\\\/www.meydan.tv\\\/az\\\/\"},{\"@type\":\"ListItem\",\"position\":2,\"name\":\"X\u0259b\u0259rl\u0259r\",\"item\":\"https:\\\/\\\/www.meydan.tv\\\/az\\\/section\\\/xeberler\\\/\"},{\"@type\":\"ListItem\",\"position\":3,\"name\":\"Erm\u0259nistan hakimiyy\u0259ti qaraba\u011fl\u0131 qa\u00e7q\u0131nlar \u00fc\u00e7\u00fcn xarici s\u0259f\u0259rl\u0259rin qaydalar\u0131n\u0131 izah edib\"}]},{\"@type\":\"WebSite\",\"@id\":\"https:\\\/\\\/www.meydan.tv\\\/az\\\/#website\",\"url\":\"https:\\\/\\\/www.meydan.tv\\\/az\\\/\",\"name\":\"MEYDAN.TV\",\"description\":\"Meydan TV Az\u0259rbaycan\u0131n media m\u0259kan\u0131ndak\u0131 alternativ s\u0259sidir\",\"publisher\":{\"@id\":\"https:\\\/\\\/www.meydan.tv\\\/az\\\/#organization\"},\"potentialAction\":[{\"@type\":\"SearchAction\",\"target\":{\"@type\":\"EntryPoint\",\"urlTemplate\":\"https:\\\/\\\/www.meydan.tv\\\/az\\\/?s={search_term_string}\"},\"query-input\":{\"@type\":\"PropertyValueSpecification\",\"valueRequired\":true,\"valueName\":\"search_term_string\"}}],\"inLanguage\":\"az\"},{\"@type\":\"Organization\",\"@id\":\"https:\\\/\\\/www.meydan.tv\\\/az\\\/#organization\",\"name\":\"Meydan TV\",\"url\":\"https:\\\/\\\/www.meydan.tv\\\/az\\\/\",\"logo\":{\"@type\":\"ImageObject\",\"inLanguage\":\"az\",\"@id\":\"https:\\\/\\\/www.meydan.tv\\\/az\\\/#\\\/schema\\\/logo\\\/image\\\/\",\"url\":\"https:\\\/\\\/www.meydan.tv\\\/wp-content\\\/uploads\\\/2021\\\/07\\\/meydan-logo.svg\",\"contentUrl\":\"https:\\\/\\\/www.meydan.tv\\\/wp-content\\\/uploads\\\/2021\\\/07\\\/meydan-logo.svg\",\"width\":195,\"height\":46,\"caption\":\"Meydan TV\"},\"image\":{\"@id\":\"https:\\\/\\\/www.meydan.tv\\\/az\\\/#\\\/schema\\\/logo\\\/image\\\/\"}},{\"@type\":\"Person\",\"@id\":\"https:\\\/\\\/www.meydan.tv\\\/az\\\/#\\\/schema\\\/person\\\/49b5f2bad5b126bb8ea9320eeb3e4dc9\",\"name\":\"sevda\"}]}<\/script>\n<!-- \/ Yoast SEO plugin. -->","yoast_head_json":{"title":"Erm\u0259nistan hakimiyy\u0259ti qaraba\u011fl\u0131 qa\u00e7q\u0131nlar \u00fc\u00e7\u00fcn xarici s\u0259f\u0259rl\u0259rin qaydalar\u0131n\u0131 izah edib - MEYDAN.TV","robots":{"index":"index","follow":"follow","max-snippet":"max-snippet:-1","max-image-preview":"max-image-preview:large","max-video-preview":"max-video-preview:-1"},"canonical":"https:\/\/www.meydan.tv\/az\/article\/ermenistan-hakimiyyeti-qarabagli-qacqinlar-ucun-xarici-seferlerin-qaydalarini-izah-edib\/","og_locale":"az_AZ","og_type":"article","og_title":"Erm\u0259nistan hakimiyy\u0259ti qaraba\u011fl\u0131 qa\u00e7q\u0131nlar \u00fc\u00e7\u00fcn xarici s\u0259f\u0259rl\u0259rin qaydalar\u0131n\u0131 izah edib - MEYDAN.TV","og_description":"&#8220;Kavkazski uzel&#8221;in material\u0131 Da\u011fl\u0131q Qaraba\u011fdan olan m\u0259cburi k\u00f6\u00e7k\u00fcnl\u0259r xaric\u0259 s\u0259f\u0259r ... Davam\u0131","og_url":"https:\/\/www.meydan.tv\/az\/article\/ermenistan-hakimiyyeti-qarabagli-qacqinlar-ucun-xarici-seferlerin-qaydalarini-izah-edib\/","og_site_name":"MEYDAN.TV","article_published_time":"2024-02-05T14:26:16+00:00","article_modified_time":"2024-02-05T14:26:20+00:00","og_image":[{"width":1200,"height":516,"url":"https:\/\/www.meydan.tv\/wp-content\/uploads\/untitled-design-6-50-e1705586230244.jpg","type":"image\/jpeg"}],"author":"sevda","twitter_card":"summary_large_image","schema":{"@context":"https:\/\/schema.org","@graph":[{"@type":"Article","@id":"https:\/\/www.meydan.tv\/az\/article\/ermenistan-hakimiyyeti-qarabagli-qacqinlar-ucun-xarici-seferlerin-qaydalarini-izah-edib\/#article","isPartOf":{"@id":"https:\/\/www.meydan.tv\/az\/article\/ermenistan-hakimiyyeti-qarabagli-qacqinlar-ucun-xarici-seferlerin-qaydalarini-izah-edib\/"},"author":{"name":"sevda","@id":"https:\/\/www.meydan.tv\/az\/#\/schema\/person\/49b5f2bad5b126bb8ea9320eeb3e4dc9"},"headline":"Erm\u0259nistan hakimiyy\u0259ti qaraba\u011fl\u0131 qa\u00e7q\u0131nlar \u00fc\u00e7\u00fcn xarici s\u0259f\u0259rl\u0259rin qaydalar\u0131n\u0131 izah edib","datePublished":"2024-02-05T14:26:16+00:00","dateModified":"2024-02-05T14:26:20+00:00","mainEntityOfPage":{"@id":"https:\/\/www.meydan.tv\/az\/article\/ermenistan-hakimiyyeti-qarabagli-qacqinlar-ucun-xarici-seferlerin-qaydalarini-izah-edib\/"},"wordCount":1602,"publisher":{"@id":"https:\/\/www.meydan.tv\/az\/#organization"},"image":{"@id":"https:\/\/www.meydan.tv\/az\/article\/ermenistan-hakimiyyeti-qarabagli-qacqinlar-ucun-xarici-seferlerin-qaydalarini-izah-edib\/#primaryimage"},"thumbnailUrl":"https:\/\/www.meydan.tv\/wp-content\/uploads\/untitled-design-6-50-e1705586230244.jpg","articleSection":["Sosial","X\u0259b\u0259rl\u0259r"],"inLanguage":"az"},{"@type":"WebPage","@id":"https:\/\/www.meydan.tv\/az\/article\/ermenistan-hakimiyyeti-qarabagli-qacqinlar-ucun-xarici-seferlerin-qaydalarini-izah-edib\/","url":"https:\/\/www.meydan.tv\/az\/article\/ermenistan-hakimiyyeti-qarabagli-qacqinlar-ucun-xarici-seferlerin-qaydalarini-izah-edib\/","name":"Erm\u0259nistan hakimiyy\u0259ti qaraba\u011fl\u0131 qa\u00e7q\u0131nlar \u00fc\u00e7\u00fcn xarici s\u0259f\u0259rl\u0259rin qaydalar\u0131n\u0131 izah edib - MEYDAN.TV","isPartOf":{"@id":"https:\/\/www.meydan.tv\/az\/#website"},"primaryImageOfPage":{"@id":"https:\/\/www.meydan.tv\/az\/article\/ermenistan-hakimiyyeti-qarabagli-qacqinlar-ucun-xarici-seferlerin-qaydalarini-izah-edib\/#primaryimage"},"image":{"@id":"https:\/\/www.meydan.tv\/az\/article\/ermenistan-hakimiyyeti-qarabagli-qacqinlar-ucun-xarici-seferlerin-qaydalarini-izah-edib\/#primaryimage"},"thumbnailUrl":"https:\/\/www.meydan.tv\/wp-content\/uploads\/untitled-design-6-50-e1705586230244.jpg","datePublished":"2024-02-05T14:26:16+00:00","dateModified":"2024-02-05T14:26:20+00:00","breadcrumb":{"@id":"https:\/\/www.meydan.tv\/az\/article\/ermenistan-hakimiyyeti-qarabagli-qacqinlar-ucun-xarici-seferlerin-qaydalarini-izah-edib\/#breadcrumb"},"inLanguage":"az","potentialAction":[{"@type":"ReadAction","target":["https:\/\/www.meydan.tv\/az\/article\/ermenistan-hakimiyyeti-qarabagli-qacqinlar-ucun-xarici-seferlerin-qaydalarini-izah-edib\/"]}]},{"@type":"ImageObject","inLanguage":"az","@id":"https:\/\/www.meydan.tv\/az\/article\/ermenistan-hakimiyyeti-qarabagli-qacqinlar-ucun-xarici-seferlerin-qaydalarini-izah-edib\/#primaryimage","url":"https:\/\/www.meydan.tv\/wp-content\/uploads\/untitled-design-6-50-e1705586230244.jpg","contentUrl":"https:\/\/www.meydan.tv\/wp-content\/uploads\/untitled-design-6-50-e1705586230244.jpg","width":1200,"height":516,"caption":"Qarabagdan k\u00f6\u00e7. Foto: Meydan TV"},{"@type":"BreadcrumbList","@id":"https:\/\/www.meydan.tv\/az\/article\/ermenistan-hakimiyyeti-qarabagli-qacqinlar-ucun-xarici-seferlerin-qaydalarini-izah-edib\/#breadcrumb","itemListElement":[{"@type":"ListItem","position":1,"name":"Ana s\u0259hif\u0259","item":"https:\/\/www.meydan.tv\/az\/"},{"@type":"ListItem","position":2,"name":"X\u0259b\u0259rl\u0259r","item":"https:\/\/www.meydan.tv\/az\/section\/xeberler\/"},{"@type":"ListItem","position":3,"name":"Erm\u0259nistan hakimiyy\u0259ti qaraba\u011fl\u0131 qa\u00e7q\u0131nlar \u00fc\u00e7\u00fcn xarici s\u0259f\u0259rl\u0259rin qaydalar\u0131n\u0131 izah edib"}]},{"@type":"WebSite","@id":"https:\/\/www.meydan.tv\/az\/#website","url":"https:\/\/www.meydan.tv\/az\/","name":"MEYDAN.TV","description":"Meydan TV Az\u0259rbaycan\u0131n media m\u0259kan\u0131ndak\u0131 alternativ s\u0259sidir","publisher":{"@id":"https:\/\/www.meydan.tv\/az\/#organization"},"potentialAction":[{"@type":"SearchAction","target":{"@type":"EntryPoint","urlTemplate":"https:\/\/www.meydan.tv\/az\/?s={search_term_string}"},"query-input":{"@type":"PropertyValueSpecification","valueRequired":true,"valueName":"search_term_string"}}],"inLanguage":"az"},{"@type":"Organization","@id":"https:\/\/www.meydan.tv\/az\/#organization","name":"Meydan TV","url":"https:\/\/www.meydan.tv\/az\/","logo":{"@type":"ImageObject","inLanguage":"az","@id":"https:\/\/www.meydan.tv\/az\/#\/schema\/logo\/image\/","url":"https:\/\/www.meydan.tv\/wp-content\/uploads\/2021\/07\/meydan-logo.svg","contentUrl":"https:\/\/www.meydan.tv\/wp-content\/uploads\/2021\/07\/meydan-logo.svg","width":195,"height":46,"caption":"Meydan TV"},"image":{"@id":"https:\/\/www.meydan.tv\/az\/#\/schema\/logo\/image\/"}},{"@type":"Person","@id":"https:\/\/www.meydan.tv\/az\/#\/schema\/person\/49b5f2bad5b126bb8ea9320eeb3e4dc9","name":"sevda"}]}},"_links":{"self":[{"href":"https:\/\/www.meydan.tv\/az\/wp-json\/wp\/v2\/posts\/297014","targetHints":{"allow":["GET"]}}],"collection":[{"href":"https:\/\/www.meydan.tv\/az\/wp-json\/wp\/v2\/posts"}],"about":[{"href":"https:\/\/www.meydan.tv\/az\/wp-json\/wp\/v2\/types\/post"}],"author":[{"embeddable":true,"href":"https:\/\/www.meydan.tv\/az\/wp-json\/wp\/v2\/users\/16"}],"replies":[{"embeddable":true,"href":"https:\/\/www.meydan.tv\/az\/wp-json\/wp\/v2\/comments?post=297014"}],"version-history":[{"count":4,"href":"https:\/\/www.meydan.tv\/az\/wp-json\/wp\/v2\/posts\/297014\/revisions"}],"predecessor-version":[{"id":297029,"href":"https:\/\/www.meydan.tv\/az\/wp-json\/wp\/v2\/posts\/297014\/revisions\/297029"}],"wp:featuredmedia":[{"embeddable":true,"href":"https:\/\/www.meydan.tv\/az\/wp-json\/wp\/v2\/media\/287044"}],"wp:attachment":[{"href":"https:\/\/www.meydan.tv\/az\/wp-json\/wp\/v2\/media?parent=297014"}],"wp:term":[{"taxonomy":"category","embeddable":true,"href":"https:\/\/www.meydan.tv\/az\/wp-json\/wp\/v2\/categories?post=297014"},{"taxonomy":"post_tag","embeddable":true,"href":"https:\/\/www.meydan.tv\/az\/wp-json\/wp\/v2\/tags?post=297014"}],"curies":[{"name":"wp","href":"https:\/\/api.w.org\/{rel}","templated":true}]}}