{"id":297001,"date":"2024-02-05T17:05:15","date_gmt":"2024-02-05T13:05:15","guid":{"rendered":"https:\/\/www.meydan.tv\/?p=297001"},"modified":"2024-02-05T17:22:17","modified_gmt":"2024-02-05T13:22:17","slug":"orbakaytenin-konserti-etirazla-qarsilandigi-ucun-texire-salinib","status":"publish","type":"post","link":"https:\/\/www.meydan.tv\/az\/article\/orbakaytenin-konserti-etirazla-qarsilandigi-ucun-texire-salinib\/","title":{"rendered":"Orbakaytenin konserti etirazla qar\u015f\u0131land\u0131\u011f\u0131 \u00fc\u00e7\u00fcn t\u0259xir\u0259 sal\u0131n\u0131b"},"content":{"rendered":"\n<p><\/p>\n\n\n\n<p><strong><em>Nazirlik onun \u201cxarici agentl\u0259r\u201d siyah\u0131s\u0131nda olmad\u0131\u011f\u0131n\u0131 deyir<\/em><\/strong><\/p>\n\n\n\n<p>Rusiyan\u0131n \u018fm\u0259kdar artisti, estrada m\u00fc\u011f\u0259nnisi Kristina Orbakaytenin Bratsk, Krasnoyarsk v\u0259 \u0130rkutskda ke\u00e7irilm\u0259si planla\u015fd\u0131r\u0131lan konsertl\u0259ri l\u0259\u011fv <a href=\"https:\/\/meduza.io\/news\/2024\/02\/05\/kontserty-kristiny-orbakayte-otmenili-srazu-v-treh-gorodah-rossii-ranee-vystuplenie-artistki-otmenili-v-buryatii-posle-zhaloby-boevogo-bratstva\">edilib<\/a>.<\/p>\n\n\n\n<p>M\u00fc\u011f\u0259nni mart\u0131n 7-d\u0259 Krasnoyarskda, 12-13-d\u0259 is\u0259 Bratsk v\u0259 \u0130rkutskda konsertl\u0259 \u00e7\u0131x\u0131\u015f etm\u0259li idi.<\/p>\n\n\n\n<p>T\u0259\u015fkilat\u00e7\u0131lar konsertl\u0259rin hans\u0131 s\u0259b\u0259b\u0259 g\u00f6r\u0259 l\u0259\u011fv edilm\u0259si bar\u0259d\u0259 a\u00e7\u0131qlama verm\u0259yibl\u0259r.<\/p>\n\n\n\n<p>Kristina Orbakayte d\u0259 bu haqda dan\u0131\u015fmay\u0131b.<\/p>\n\n\n\n<p>Daha \u00f6nc\u0259 yanvar\u0131n 19-da Buryatiya hakimiyy\u0259ti Kristina Orbakaytenin Ulan-Uded\u0259 mart\u0131n 13-n\u0259 planla\u015fd\u0131r\u0131lan konsertini l\u0259\u011fv <a href=\"https:\/\/ria.ru\/20240119\/orbakayte-1922367021.html\">edib<\/a>.<\/p>\n\n\n\n<p>Buryatiyan\u0131n \u0130dman v\u0259 G\u0259nclik Siyas\u0259ti Nazirliyi Kristina Orbakaytenin \u201cxarici agentl\u0259r\u201d siyah\u0131s\u0131nda olmad\u0131\u011f\u0131n\u0131, Rusiyada f\u0259aliyy\u0259tinin r\u0259smi qada\u011fan edilm\u0259diyini s\u00f6yl\u0259s\u0259 d\u0259, sonradan konsertin l\u0259\u011fvi bar\u0259d\u0259 q\u0259rar v\u0259t\u0259nda\u015flar\u0131n v\u0259 ictimai t\u0259\u015fkilatlar\u0131n r\u0259yi n\u0259z\u0259r\u0259 al\u0131nmaqla q\u0259bul edilib.<\/p>\n\n\n\n<p>Buryatiyan\u0131n \u201cD\u00f6y\u00fc\u015f qarda\u015fl\u0131\u011f\u0131\u201d t\u0259\u015fkilat\u0131n\u0131n f\u0259allar\u0131 Orbakaytenin Ulan-Uded\u0259 konsertin\u0259 etiraz edibl\u0259r, n\u0259tic\u0259d\u0259 t\u0259dbir l\u0259\u011fv edilib.<\/p>\n\n\n\n<p>\u0130ctimai t\u0259\u015fkilatlar Orbakaytenin dig\u0259r \u00e7\u0131x\u0131\u015flar\u0131n\u0131 &#8211; Blaqove\u015fenskd\u0259 mart\u0131n 15-i v\u0259 16-na planla\u015fd\u0131r\u0131lan konsertl\u0259rini d\u0259 l\u0259\u011fv etm\u0259y\u0259 \u00e7al\u0131\u015f\u0131rlar.<\/p>\n\n\n\n<p>Konsert t\u0259\u015fkilat\u00e7\u0131s\u0131 Sergey Zaytsev Blaqove\u015fenskd\u0259ki v\u0259ziyy\u0259ti \u015f\u0259rh ed\u0259rk\u0259n bildirib ki, ictimai f\u0259allar kommersiya f\u0259aliyy\u0259tin\u0259 mane olma\u011fa t\u0259hrik etm\u0259kl\u0259 m\u0259\u015f\u011fuldurlar.<\/p>\n\n\n\n<p>Daha \u00f6nc\u0259 is\u0259 m\u00fc\u011f\u0259nninin t\u0259msil\u00e7isi Aleksandr Ka\u00e7an Orbakayte \u0259leyhin\u0259 kampaniyan\u0131n n\u0259 il\u0259 \u0259laq\u0259li oldu\u011funu ba\u015fa d\u00fc\u015fm\u0259diyini s\u00f6yl\u0259mi\u015fdi.<\/p>\n\n\n\n<p>O, m\u00fc\u011f\u0259nninin Rusiyan\u0131n d\u00f6vl\u0259t kanallar\u0131n\u0131n ham\u0131s\u0131nda Yeni il konsertl\u0259rind\u0259 i\u015ftirak etdiyini x\u00fcsusil\u0259 vur\u011fulam\u0131\u015fd\u0131.<\/p>\n\n\n\n<p>Kristina Orbakayte \u0259rinin AB\u015e-da biznesi oldu\u011fu \u00fc\u00e7\u00fcn, h\u0259m Rusiyada, h\u0259m d\u0259 Amerikada ya\u015fay\u0131r.<\/p>\n\n\n\n<p>2022-ci ilin oktyabr\u0131nda yerli tabloidl\u0259r Orbakaytenin \u00f6lk\u0259sini t\u0259rk ed\u0259r\u0259k Amerikaya k\u00f6\u00e7d\u00fcy\u00fcn\u00fc yazandan sonra m\u00fc\u011f\u0259nni sosial \u015f\u0259b\u0259k\u0259d\u0259 Rusiyada oldu\u011funu g\u00f6st\u0259r\u0259n fotolar payla\u015fm\u0131\u015fd\u0131.<\/p>\n\n\n\n<p>Orbakaytenin Rusiyan\u0131n \u015f\u0259h\u0259rl\u0259rind\u0259ki konsertl\u0259rinin l\u0259\u011fvi kampaniyas\u0131 2023-c\u00fc ilin dekabr\u0131nda mediada m\u00fc\u011f\u0259nninin AB\u015e-dan qay\u0131d\u0131b, \u201c\u0130lin mahn\u0131s\u0131\u201dnda \u00e7\u0131x\u0131\u015f etm\u0259si bar\u0259d\u0259 x\u0259b\u0259rl\u0259rd\u0259n sonra ba\u015flay\u0131b.<\/p>\n\n\n\n<p>Kristina Orbakayte Rusiyan\u0131n Xalq artisti, estrada m\u00fc\u011f\u0259nnisi Alla Puqa\u00e7ovan\u0131n q\u0131z\u0131d\u0131r.<\/p>\n\n\n\n<p>Alla Puqa\u00e7ova Ukraynaya h\u0259rbi m\u00fcdaxil\u0259sind\u0259n sonra Rusiyan\u0131 t\u0259rk edib.<\/p>\n\n\n\n<p>Puqa\u00e7ovan\u0131n \u0259ri, m\u00fcharib\u0259y\u0259 qar\u015f\u0131 \u00e7\u0131xan aktyor Maksim Qalkin Rusiyada \u201cxarici agent\u201d elan edilib.<\/p>\n\n\n\n<p>Ard\u0131nca Alla Puqa\u00e7ova Rusiya \u018fdliyy\u0259 Nazirliyin\u0259 onu da \u201cxarici agent\u201d kimi tan\u0131ma\u011fa \u00e7a\u011f\u0131r\u0131b.<\/p>\n\n\n\n<p><em>\u201cM\u0259ni sevimli \u00f6lk\u0259min xarici agentl\u0259ri s\u0131ras\u0131na yazma\u011f\u0131n\u0131z\u0131 xahi\u015f edir\u0259m, \u00e7\u00fcnki h\u0259yat yolda\u015f\u0131mla h\u0259mr\u0259y\u0259m. \u00c7\u00fcnki o, vicdanl\u0131, l\u0259yaq\u0259tli v\u0259 s\u0259mimi insand\u0131r, v\u0259t\u0259n\u0259 firavanl\u0131q, dinc h\u0259yat, s\u00f6z azadl\u0131\u011f\u0131 arzulayan v\u0259 \u00f6lk\u0259mizi g\u00f6zd\u0259n salan v\u0259 x\u0259yali m\u0259qs\u0259dl\u0259r \u00fc\u00e7\u00fcn \u00f6vladlar\u0131m\u0131z\u0131n \u00f6l\u00fcm\u00fcn\u0259 son qoyulmas\u0131n\u0131 arzulayan Rusiyan\u0131n \u0259sl v\u0259t\u0259np\u0259rv\u0259ridir\u201d<\/em>, &#8211; Alla Puqa\u00e7ova bildirib.<\/p>\n\n\n\n<p>F\u0259allar Puqa\u00e7ovadan Rusiya Ba\u015f Prokurorlu\u011funa \u015fikay\u0259t ets\u0259l\u0259r d\u0259, s\u0259n\u0259t\u00e7iy\u0259 qar\u015f\u0131 he\u00e7 bir i\u015f a\u00e7\u0131lmay\u0131b.<\/p>\n\n\n\n<p>Rusiya 2022-ci il fevral\u0131n 24-d\u0259 Ukraynada h\u0259rbi \u0259m\u0259liyyatlara ba\u015flayandan sonra bir \u00e7ox rus s\u0259n\u0259t\u00e7il\u0259ri-m\u00fc\u011f\u0259nni, aktyor v\u0259 digr\u0259l\u0259ri buna etirazlar\u0131n\u0131 bildiribl\u0259r.<\/p>\n\n\n\n<p>H\u0259tta m\u00fcharib\u0259nin \u0259leyhdarlar\u0131n\u0131n \u0259ks\u0259riyy\u0259ti Rusiyan\u0131 t\u0259rk edib.<\/p>\n\n\n\n<p>Ukraynan\u0131n maraqlar\u0131ndan \u00e7\u0131x\u0131\u015f etm\u0259kd\u0259 ittiham edil\u0259n b\u0259zi tan\u0131nm\u0131\u015flar is\u0259 \u201cxarici agentl\u0259r\u201d siyah\u0131s\u0131na sal\u0131n\u0131blar.<\/p>\n","protected":false},"excerpt":{"rendered":"<p>Nazirlik onun \u201cxarici agentl\u0259r\u201d siyah\u0131s\u0131nda olmad\u0131\u011f\u0131n\u0131 deyir Rusiyan\u0131n \u018fm\u0259kdar artisti, &#8230; <\/p>\n<p class=\"read-more-container\"><a title=\"Orbakaytenin konserti etirazla qar\u015f\u0131land\u0131\u011f\u0131 \u00fc\u00e7\u00fcn t\u0259xir\u0259 sal\u0131n\u0131b\" class=\"read-more button\" href=\"https:\/\/www.meydan.tv\/az\/article\/orbakaytenin-konserti-etirazla-qarsilandigi-ucun-texire-salinib\/#more-297001\" aria-label=\"Read more about Orbakaytenin konserti etirazla qar\u015f\u0131land\u0131\u011f\u0131 \u00fc\u00e7\u00fcn t\u0259xir\u0259 sal\u0131n\u0131b\">Davam\u0131<\/a><\/p>\n","protected":false},"author":21,"featured_media":297002,"comment_status":"closed","ping_status":"closed","sticky":false,"template":"","format":"standard","meta":{"_acf_changed":false,"_sitemap_exclude":false,"_sitemap_priority":"","_sitemap_frequency":"","footnotes":""},"categories":[64,52,56],"tags":[],"class_list":["post-297001","post","type-post","status-publish","format-standard","has-post-thumbnail","hentry","category-dunya","category-medeniyyet","category-xeberler","infinite-scroll-item","generate-columns","tablet-grid-50","mobile-grid-100","grid-parent","grid-33","no-featured-image-padding"],"acf":[],"yoast_head":"<!-- This site is optimized with the Yoast SEO plugin v27.4 - https:\/\/yoast.com\/product\/yoast-seo-wordpress\/ -->\n<title>Orbakaytenin konserti etirazla qar\u015f\u0131land\u0131\u011f\u0131 \u00fc\u00e7\u00fcn t\u0259xir\u0259 sal\u0131n\u0131b - MEYDAN.TV<\/title>\n<meta name=\"robots\" content=\"index, follow, max-snippet:-1, max-image-preview:large, max-video-preview:-1\" \/>\n<link rel=\"canonical\" href=\"https:\/\/www.meydan.tv\/az\/article\/orbakaytenin-konserti-etirazla-qarsilandigi-ucun-texire-salinib\/\" \/>\n<meta property=\"og:locale\" content=\"az_AZ\" \/>\n<meta property=\"og:type\" content=\"article\" \/>\n<meta property=\"og:title\" content=\"Orbakaytenin konserti etirazla qar\u015f\u0131land\u0131\u011f\u0131 \u00fc\u00e7\u00fcn t\u0259xir\u0259 sal\u0131n\u0131b - MEYDAN.TV\" \/>\n<meta property=\"og:description\" content=\"Nazirlik onun \u201cxarici agentl\u0259r\u201d siyah\u0131s\u0131nda olmad\u0131\u011f\u0131n\u0131 deyir Rusiyan\u0131n \u018fm\u0259kdar artisti, ... Davam\u0131\" \/>\n<meta property=\"og:url\" content=\"https:\/\/www.meydan.tv\/az\/article\/orbakaytenin-konserti-etirazla-qarsilandigi-ucun-texire-salinib\/\" \/>\n<meta property=\"og:site_name\" content=\"MEYDAN.TV\" \/>\n<meta property=\"article:published_time\" content=\"2024-02-05T13:05:15+00:00\" \/>\n<meta property=\"article:modified_time\" content=\"2024-02-05T13:22:17+00:00\" \/>\n<meta property=\"og:image\" content=\"https:\/\/www.meydan.tv\/wp-content\/uploads\/121494202_202557424567115_1334444722546557992_n.jpg\" \/>\n\t<meta property=\"og:image:width\" content=\"960\" \/>\n\t<meta property=\"og:image:height\" content=\"960\" \/>\n\t<meta property=\"og:image:type\" content=\"image\/jpeg\" \/>\n<meta name=\"author\" content=\"mahmud\" \/>\n<meta name=\"twitter:card\" content=\"summary_large_image\" \/>\n<script type=\"application\/ld+json\" class=\"yoast-schema-graph\">{\"@context\":\"https:\\\/\\\/schema.org\",\"@graph\":[{\"@type\":\"Article\",\"@id\":\"https:\\\/\\\/www.meydan.tv\\\/az\\\/article\\\/orbakaytenin-konserti-etirazla-qarsilandigi-ucun-texire-salinib\\\/#article\",\"isPartOf\":{\"@id\":\"https:\\\/\\\/www.meydan.tv\\\/az\\\/article\\\/orbakaytenin-konserti-etirazla-qarsilandigi-ucun-texire-salinib\\\/\"},\"author\":{\"name\":\"mahmud\",\"@id\":\"https:\\\/\\\/www.meydan.tv\\\/az\\\/#\\\/schema\\\/person\\\/09863e516102a829e72bedcf3f84c6b0\"},\"headline\":\"Orbakaytenin konserti etirazla qar\u015f\u0131land\u0131\u011f\u0131 \u00fc\u00e7\u00fcn t\u0259xir\u0259 sal\u0131n\u0131b\",\"datePublished\":\"2024-02-05T13:05:15+00:00\",\"dateModified\":\"2024-02-05T13:22:17+00:00\",\"mainEntityOfPage\":{\"@id\":\"https:\\\/\\\/www.meydan.tv\\\/az\\\/article\\\/orbakaytenin-konserti-etirazla-qarsilandigi-ucun-texire-salinib\\\/\"},\"wordCount\":678,\"publisher\":{\"@id\":\"https:\\\/\\\/www.meydan.tv\\\/az\\\/#organization\"},\"image\":{\"@id\":\"https:\\\/\\\/www.meydan.tv\\\/az\\\/article\\\/orbakaytenin-konserti-etirazla-qarsilandigi-ucun-texire-salinib\\\/#primaryimage\"},\"thumbnailUrl\":\"https:\\\/\\\/www.meydan.tv\\\/wp-content\\\/uploads\\\/121494202_202557424567115_1334444722546557992_n-e1707388851565.jpg\",\"articleSection\":[\"D\u00fcnya\",\"M\u0259d\u0259niyy\u0259t\",\"X\u0259b\u0259rl\u0259r\"],\"inLanguage\":\"az\"},{\"@type\":\"WebPage\",\"@id\":\"https:\\\/\\\/www.meydan.tv\\\/az\\\/article\\\/orbakaytenin-konserti-etirazla-qarsilandigi-ucun-texire-salinib\\\/\",\"url\":\"https:\\\/\\\/www.meydan.tv\\\/az\\\/article\\\/orbakaytenin-konserti-etirazla-qarsilandigi-ucun-texire-salinib\\\/\",\"name\":\"Orbakaytenin konserti etirazla qar\u015f\u0131land\u0131\u011f\u0131 \u00fc\u00e7\u00fcn t\u0259xir\u0259 sal\u0131n\u0131b - MEYDAN.TV\",\"isPartOf\":{\"@id\":\"https:\\\/\\\/www.meydan.tv\\\/az\\\/#website\"},\"primaryImageOfPage\":{\"@id\":\"https:\\\/\\\/www.meydan.tv\\\/az\\\/article\\\/orbakaytenin-konserti-etirazla-qarsilandigi-ucun-texire-salinib\\\/#primaryimage\"},\"image\":{\"@id\":\"https:\\\/\\\/www.meydan.tv\\\/az\\\/article\\\/orbakaytenin-konserti-etirazla-qarsilandigi-ucun-texire-salinib\\\/#primaryimage\"},\"thumbnailUrl\":\"https:\\\/\\\/www.meydan.tv\\\/wp-content\\\/uploads\\\/121494202_202557424567115_1334444722546557992_n-e1707388851565.jpg\",\"datePublished\":\"2024-02-05T13:05:15+00:00\",\"dateModified\":\"2024-02-05T13:22:17+00:00\",\"breadcrumb\":{\"@id\":\"https:\\\/\\\/www.meydan.tv\\\/az\\\/article\\\/orbakaytenin-konserti-etirazla-qarsilandigi-ucun-texire-salinib\\\/#breadcrumb\"},\"inLanguage\":\"az\",\"potentialAction\":[{\"@type\":\"ReadAction\",\"target\":[\"https:\\\/\\\/www.meydan.tv\\\/az\\\/article\\\/orbakaytenin-konserti-etirazla-qarsilandigi-ucun-texire-salinib\\\/\"]}]},{\"@type\":\"ImageObject\",\"inLanguage\":\"az\",\"@id\":\"https:\\\/\\\/www.meydan.tv\\\/az\\\/article\\\/orbakaytenin-konserti-etirazla-qarsilandigi-ucun-texire-salinib\\\/#primaryimage\",\"url\":\"https:\\\/\\\/www.meydan.tv\\\/wp-content\\\/uploads\\\/121494202_202557424567115_1334444722546557992_n-e1707388851565.jpg\",\"contentUrl\":\"https:\\\/\\\/www.meydan.tv\\\/wp-content\\\/uploads\\\/121494202_202557424567115_1334444722546557992_n-e1707388851565.jpg\",\"width\":960,\"height\":729,\"caption\":\"Kristina Orbakayte. Foto: Facebook\"},{\"@type\":\"BreadcrumbList\",\"@id\":\"https:\\\/\\\/www.meydan.tv\\\/az\\\/article\\\/orbakaytenin-konserti-etirazla-qarsilandigi-ucun-texire-salinib\\\/#breadcrumb\",\"itemListElement\":[{\"@type\":\"ListItem\",\"position\":1,\"name\":\"Ana s\u0259hif\u0259\",\"item\":\"https:\\\/\\\/www.meydan.tv\\\/az\\\/\"},{\"@type\":\"ListItem\",\"position\":2,\"name\":\"D\u00fcnya\",\"item\":\"https:\\\/\\\/www.meydan.tv\\\/az\\\/section\\\/dunya\\\/\"},{\"@type\":\"ListItem\",\"position\":3,\"name\":\"Orbakaytenin konserti etirazla qar\u015f\u0131land\u0131\u011f\u0131 \u00fc\u00e7\u00fcn t\u0259xir\u0259 sal\u0131n\u0131b\"}]},{\"@type\":\"WebSite\",\"@id\":\"https:\\\/\\\/www.meydan.tv\\\/az\\\/#website\",\"url\":\"https:\\\/\\\/www.meydan.tv\\\/az\\\/\",\"name\":\"MEYDAN.TV\",\"description\":\"Meydan TV Az\u0259rbaycan\u0131n media m\u0259kan\u0131ndak\u0131 alternativ s\u0259sidir\",\"publisher\":{\"@id\":\"https:\\\/\\\/www.meydan.tv\\\/az\\\/#organization\"},\"potentialAction\":[{\"@type\":\"SearchAction\",\"target\":{\"@type\":\"EntryPoint\",\"urlTemplate\":\"https:\\\/\\\/www.meydan.tv\\\/az\\\/?s={search_term_string}\"},\"query-input\":{\"@type\":\"PropertyValueSpecification\",\"valueRequired\":true,\"valueName\":\"search_term_string\"}}],\"inLanguage\":\"az\"},{\"@type\":\"Organization\",\"@id\":\"https:\\\/\\\/www.meydan.tv\\\/az\\\/#organization\",\"name\":\"Meydan TV\",\"url\":\"https:\\\/\\\/www.meydan.tv\\\/az\\\/\",\"logo\":{\"@type\":\"ImageObject\",\"inLanguage\":\"az\",\"@id\":\"https:\\\/\\\/www.meydan.tv\\\/az\\\/#\\\/schema\\\/logo\\\/image\\\/\",\"url\":\"https:\\\/\\\/www.meydan.tv\\\/wp-content\\\/uploads\\\/2021\\\/07\\\/meydan-logo.svg\",\"contentUrl\":\"https:\\\/\\\/www.meydan.tv\\\/wp-content\\\/uploads\\\/2021\\\/07\\\/meydan-logo.svg\",\"width\":195,\"height\":46,\"caption\":\"Meydan TV\"},\"image\":{\"@id\":\"https:\\\/\\\/www.meydan.tv\\\/az\\\/#\\\/schema\\\/logo\\\/image\\\/\"}},{\"@type\":\"Person\",\"@id\":\"https:\\\/\\\/www.meydan.tv\\\/az\\\/#\\\/schema\\\/person\\\/09863e516102a829e72bedcf3f84c6b0\",\"name\":\"mahmud\"}]}<\/script>\n<!-- \/ Yoast SEO plugin. -->","yoast_head_json":{"title":"Orbakaytenin konserti etirazla qar\u015f\u0131land\u0131\u011f\u0131 \u00fc\u00e7\u00fcn t\u0259xir\u0259 sal\u0131n\u0131b - MEYDAN.TV","robots":{"index":"index","follow":"follow","max-snippet":"max-snippet:-1","max-image-preview":"max-image-preview:large","max-video-preview":"max-video-preview:-1"},"canonical":"https:\/\/www.meydan.tv\/az\/article\/orbakaytenin-konserti-etirazla-qarsilandigi-ucun-texire-salinib\/","og_locale":"az_AZ","og_type":"article","og_title":"Orbakaytenin konserti etirazla qar\u015f\u0131land\u0131\u011f\u0131 \u00fc\u00e7\u00fcn t\u0259xir\u0259 sal\u0131n\u0131b - MEYDAN.TV","og_description":"Nazirlik onun \u201cxarici agentl\u0259r\u201d siyah\u0131s\u0131nda olmad\u0131\u011f\u0131n\u0131 deyir Rusiyan\u0131n \u018fm\u0259kdar artisti, ... Davam\u0131","og_url":"https:\/\/www.meydan.tv\/az\/article\/orbakaytenin-konserti-etirazla-qarsilandigi-ucun-texire-salinib\/","og_site_name":"MEYDAN.TV","article_published_time":"2024-02-05T13:05:15+00:00","article_modified_time":"2024-02-05T13:22:17+00:00","og_image":[{"width":960,"height":960,"url":"https:\/\/www.meydan.tv\/wp-content\/uploads\/121494202_202557424567115_1334444722546557992_n.jpg","type":"image\/jpeg"}],"author":"mahmud","twitter_card":"summary_large_image","schema":{"@context":"https:\/\/schema.org","@graph":[{"@type":"Article","@id":"https:\/\/www.meydan.tv\/az\/article\/orbakaytenin-konserti-etirazla-qarsilandigi-ucun-texire-salinib\/#article","isPartOf":{"@id":"https:\/\/www.meydan.tv\/az\/article\/orbakaytenin-konserti-etirazla-qarsilandigi-ucun-texire-salinib\/"},"author":{"name":"mahmud","@id":"https:\/\/www.meydan.tv\/az\/#\/schema\/person\/09863e516102a829e72bedcf3f84c6b0"},"headline":"Orbakaytenin konserti etirazla qar\u015f\u0131land\u0131\u011f\u0131 \u00fc\u00e7\u00fcn t\u0259xir\u0259 sal\u0131n\u0131b","datePublished":"2024-02-05T13:05:15+00:00","dateModified":"2024-02-05T13:22:17+00:00","mainEntityOfPage":{"@id":"https:\/\/www.meydan.tv\/az\/article\/orbakaytenin-konserti-etirazla-qarsilandigi-ucun-texire-salinib\/"},"wordCount":678,"publisher":{"@id":"https:\/\/www.meydan.tv\/az\/#organization"},"image":{"@id":"https:\/\/www.meydan.tv\/az\/article\/orbakaytenin-konserti-etirazla-qarsilandigi-ucun-texire-salinib\/#primaryimage"},"thumbnailUrl":"https:\/\/www.meydan.tv\/wp-content\/uploads\/121494202_202557424567115_1334444722546557992_n-e1707388851565.jpg","articleSection":["D\u00fcnya","M\u0259d\u0259niyy\u0259t","X\u0259b\u0259rl\u0259r"],"inLanguage":"az"},{"@type":"WebPage","@id":"https:\/\/www.meydan.tv\/az\/article\/orbakaytenin-konserti-etirazla-qarsilandigi-ucun-texire-salinib\/","url":"https:\/\/www.meydan.tv\/az\/article\/orbakaytenin-konserti-etirazla-qarsilandigi-ucun-texire-salinib\/","name":"Orbakaytenin konserti etirazla qar\u015f\u0131land\u0131\u011f\u0131 \u00fc\u00e7\u00fcn t\u0259xir\u0259 sal\u0131n\u0131b - MEYDAN.TV","isPartOf":{"@id":"https:\/\/www.meydan.tv\/az\/#website"},"primaryImageOfPage":{"@id":"https:\/\/www.meydan.tv\/az\/article\/orbakaytenin-konserti-etirazla-qarsilandigi-ucun-texire-salinib\/#primaryimage"},"image":{"@id":"https:\/\/www.meydan.tv\/az\/article\/orbakaytenin-konserti-etirazla-qarsilandigi-ucun-texire-salinib\/#primaryimage"},"thumbnailUrl":"https:\/\/www.meydan.tv\/wp-content\/uploads\/121494202_202557424567115_1334444722546557992_n-e1707388851565.jpg","datePublished":"2024-02-05T13:05:15+00:00","dateModified":"2024-02-05T13:22:17+00:00","breadcrumb":{"@id":"https:\/\/www.meydan.tv\/az\/article\/orbakaytenin-konserti-etirazla-qarsilandigi-ucun-texire-salinib\/#breadcrumb"},"inLanguage":"az","potentialAction":[{"@type":"ReadAction","target":["https:\/\/www.meydan.tv\/az\/article\/orbakaytenin-konserti-etirazla-qarsilandigi-ucun-texire-salinib\/"]}]},{"@type":"ImageObject","inLanguage":"az","@id":"https:\/\/www.meydan.tv\/az\/article\/orbakaytenin-konserti-etirazla-qarsilandigi-ucun-texire-salinib\/#primaryimage","url":"https:\/\/www.meydan.tv\/wp-content\/uploads\/121494202_202557424567115_1334444722546557992_n-e1707388851565.jpg","contentUrl":"https:\/\/www.meydan.tv\/wp-content\/uploads\/121494202_202557424567115_1334444722546557992_n-e1707388851565.jpg","width":960,"height":729,"caption":"Kristina Orbakayte. Foto: Facebook"},{"@type":"BreadcrumbList","@id":"https:\/\/www.meydan.tv\/az\/article\/orbakaytenin-konserti-etirazla-qarsilandigi-ucun-texire-salinib\/#breadcrumb","itemListElement":[{"@type":"ListItem","position":1,"name":"Ana s\u0259hif\u0259","item":"https:\/\/www.meydan.tv\/az\/"},{"@type":"ListItem","position":2,"name":"D\u00fcnya","item":"https:\/\/www.meydan.tv\/az\/section\/dunya\/"},{"@type":"ListItem","position":3,"name":"Orbakaytenin konserti etirazla qar\u015f\u0131land\u0131\u011f\u0131 \u00fc\u00e7\u00fcn t\u0259xir\u0259 sal\u0131n\u0131b"}]},{"@type":"WebSite","@id":"https:\/\/www.meydan.tv\/az\/#website","url":"https:\/\/www.meydan.tv\/az\/","name":"MEYDAN.TV","description":"Meydan TV Az\u0259rbaycan\u0131n media m\u0259kan\u0131ndak\u0131 alternativ s\u0259sidir","publisher":{"@id":"https:\/\/www.meydan.tv\/az\/#organization"},"potentialAction":[{"@type":"SearchAction","target":{"@type":"EntryPoint","urlTemplate":"https:\/\/www.meydan.tv\/az\/?s={search_term_string}"},"query-input":{"@type":"PropertyValueSpecification","valueRequired":true,"valueName":"search_term_string"}}],"inLanguage":"az"},{"@type":"Organization","@id":"https:\/\/www.meydan.tv\/az\/#organization","name":"Meydan TV","url":"https:\/\/www.meydan.tv\/az\/","logo":{"@type":"ImageObject","inLanguage":"az","@id":"https:\/\/www.meydan.tv\/az\/#\/schema\/logo\/image\/","url":"https:\/\/www.meydan.tv\/wp-content\/uploads\/2021\/07\/meydan-logo.svg","contentUrl":"https:\/\/www.meydan.tv\/wp-content\/uploads\/2021\/07\/meydan-logo.svg","width":195,"height":46,"caption":"Meydan TV"},"image":{"@id":"https:\/\/www.meydan.tv\/az\/#\/schema\/logo\/image\/"}},{"@type":"Person","@id":"https:\/\/www.meydan.tv\/az\/#\/schema\/person\/09863e516102a829e72bedcf3f84c6b0","name":"mahmud"}]}},"_links":{"self":[{"href":"https:\/\/www.meydan.tv\/az\/wp-json\/wp\/v2\/posts\/297001","targetHints":{"allow":["GET"]}}],"collection":[{"href":"https:\/\/www.meydan.tv\/az\/wp-json\/wp\/v2\/posts"}],"about":[{"href":"https:\/\/www.meydan.tv\/az\/wp-json\/wp\/v2\/types\/post"}],"author":[{"embeddable":true,"href":"https:\/\/www.meydan.tv\/az\/wp-json\/wp\/v2\/users\/21"}],"replies":[{"embeddable":true,"href":"https:\/\/www.meydan.tv\/az\/wp-json\/wp\/v2\/comments?post=297001"}],"version-history":[{"count":1,"href":"https:\/\/www.meydan.tv\/az\/wp-json\/wp\/v2\/posts\/297001\/revisions"}],"predecessor-version":[{"id":297005,"href":"https:\/\/www.meydan.tv\/az\/wp-json\/wp\/v2\/posts\/297001\/revisions\/297005"}],"wp:featuredmedia":[{"embeddable":true,"href":"https:\/\/www.meydan.tv\/az\/wp-json\/wp\/v2\/media\/297002"}],"wp:attachment":[{"href":"https:\/\/www.meydan.tv\/az\/wp-json\/wp\/v2\/media?parent=297001"}],"wp:term":[{"taxonomy":"category","embeddable":true,"href":"https:\/\/www.meydan.tv\/az\/wp-json\/wp\/v2\/categories?post=297001"},{"taxonomy":"post_tag","embeddable":true,"href":"https:\/\/www.meydan.tv\/az\/wp-json\/wp\/v2\/tags?post=297001"}],"curies":[{"name":"wp","href":"https:\/\/api.w.org\/{rel}","templated":true}]}}