{"id":296973,"date":"2024-02-05T13:01:41","date_gmt":"2024-02-05T09:01:41","guid":{"rendered":"https:\/\/www.meydan.tv\/?p=296973"},"modified":"2024-02-05T13:01:45","modified_gmt":"2024-02-05T09:01:45","slug":"oten-il-gurcustana-gelen-turistlerin-sayi-azerbaycan-ve-ermenistana-gelenlerin-ceminden-1-6-defe-cox-olub","status":"publish","type":"post","link":"https:\/\/www.meydan.tv\/az\/article\/oten-il-gurcustana-gelen-turistlerin-sayi-azerbaycan-ve-ermenistana-gelenlerin-ceminden-1-6-defe-cox-olub\/","title":{"rendered":"\u00d6t\u0259n il G\u00fcrc\u00fcstana g\u0259l\u0259n turistl\u0259rin say\u0131 Az\u0259rbaycan v\u0259 Erm\u0259nistana g\u0259l\u0259nl\u0259rin c\u0259mind\u0259n 1.6 d\u0259f\u0259 \u00e7ox olub"},"content":{"rendered":"\n<p><\/p>\n\n\n\n<p><strong><em>H\u0259r \u00fc\u00e7 \u00f6lk\u0259y\u0259 g\u0259l\u0259nl\u0259r aras\u0131nda Rusiya v\u0259t\u0259nda\u015flar\u0131 \u00fcst\u00fcnl\u00fck t\u0259\u015fkil edir<\/em><\/strong><\/p>\n\n\n\n<p>2023-c\u00fc ild\u0259 G\u00fcrc\u00fcstan\u0131 7,1 milyon turist ziyar\u0259t edib.<\/p>\n\n\n\n<p>\u018fn \u00e7ox ziyar\u0259t\u00e7i &#8211; 1,2 milyon n\u0259f\u0259r Rusiyadan g\u0259lib. Bu, \u00fcmumi ziyar\u0259t\u00e7il\u0259rin 23,2 faizidir.<br>Bu bar\u0259d\u0259 G\u00fcrc\u00fcstan\u0131n Milli Statistika Xidm\u0259tinin <a href=\"https:\/\/www.interpressnews.ge\/en\/article\/129435-geostat-the-largest-number-of-visitors-in-2023-12-million-was-recorded-from-the-russian-federation-which-is-232-of-the-total-number-of-visitors-turkey-is-in-second-place-armenia-is-in-third-place\/#:~:text=According%20to%20the%20information%2C%20Turkey,than%20the%20previous%20year's%20figure.\">m\u0259lumat\u0131nda <\/a>deyilir.<\/p>\n\n\n\n<p>G\u00fcrc\u00fcstana g\u0259l\u0259nl\u0259r aras\u0131nda ikinci yeri 21,4 faizl\u0259 T\u00fcrkiy\u0259 v\u0259t\u0259nda\u015flar\u0131 tutub. \u00dc\u00e7\u00fcnc\u00fc yerd\u0259 is\u0259 13,5 faizl\u0259 Erm\u0259nistan q\u0259rarla\u015f\u0131b.<\/p>\n\n\n\n<p>G\u00fcrc\u00fcstan\u0131n 2023-c\u00fc ild\u0259 q\u0259bul etdiyi turist say\u0131 2022-ci ild\u0259kind\u0259n 31.2 faiz (h\u0259min il 6,2 milyon turist g\u0259lmi\u015fdi) \u00e7ox olub.<\/p>\n\n\n\n<p>H\u0259r turistin G\u00fcrc\u00fcstanda orta hesabla 2097 lari (1341 manat) x\u0259rcl\u0259diyi bildirilir.<\/p>\n\n\n\n<p>Erm\u0259nistana is\u0259 2023-c\u00fc ild\u0259 2,3 milyon turist <a href=\"https:\/\/arka.am\/en\/news\/tourism\/record_number_of_foreign_tourists_visited_armenia_in_2023\/\">g\u0259lib<\/a>.&nbsp; Bunun indiy\u0259d\u0259k olan \u0259n y\u00fcks\u0259k g\u00f6st\u0259rici oldu\u011fu bildirilir.<\/p>\n\n\n\n<p>Erm\u0259nistan Turizm Komit\u0259sinin r\u0259hb\u0259ri Sisian Poqosyan deyib ki, r\u0259q\u0259m 2019-cu ill\u0259 m\u00fcqayis\u0259d\u0259 20, 2022-ci ill\u0259 m\u00fcqayis\u0259d\u0259 is\u0259 32 faiz \u00e7oxdur.<\/p>\n\n\n<div class=\"wp-block-image\">\n<figure class=\"aligncenter size-full\"><img decoding=\"async\" width=\"1200\" height=\"695\" data-src=\"https:\/\/www.meydan.tv\/wp-content\/uploads\/shutterstock_2128751153.jpg\" alt=\"\" class=\"wp-image-253279 lazyload\" src=\"data:image\/svg+xml;base64,PHN2ZyB3aWR0aD0iMSIgaGVpZ2h0PSIxIiB4bWxucz0iaHR0cDovL3d3dy53My5vcmcvMjAwMC9zdmciPjwvc3ZnPg==\" style=\"--smush-placeholder-width: 1200px; --smush-placeholder-aspect-ratio: 1200\/695;\" \/><figcaption class=\"wp-element-caption\">Qafqaz turizmi. M\u0259nb\u0259: Sotnikov Misha\/shutterstock<\/figcaption><\/figure>\n<\/div>\n\n\n<p>G\u0259l\u0259nl\u0259rin 50 faizi Rusiyadan, 11 faizi G\u00fcrc\u00fcstandan, 6 faizi \u0130randand\u0131r. H\u0259m\u00e7inin \u00c7in ilk d\u0259f\u0259 Erm\u0259nistana g\u0259l\u0259n turistl\u0259rin say\u0131na g\u00f6r\u0259 ilk onlu\u011fa daxil olub.<\/p>\n\n\n\n<p>H\u0259r xarici turistin orta hesabla Erm\u0259nistanda 1200 dollar (2043 manat) x\u0259rcl\u0259diyi bildirilir.<\/p>\n\n\n\n<p>Az\u0259rbaycan D\u00f6vl\u0259t S\u0259rh\u0259d Xidm\u0259tinin<a href=\"https:\/\/www.stat.gov.az\/news\/index.php?lang=az&amp;id=5763\"> m\u0259lumat<\/a>\u0131na \u0259sas\u0259n, 2023-c\u00fc ild\u0259 \u00f6lk\u0259y\u0259 d\u00fcnyan\u0131n 187 \u00f6lk\u0259sind\u0259n 2085,8 min v\u0259 ya \u0259vv\u0259lki ill\u0259 m\u00fcqayis\u0259d\u0259 30,2 faiz \u00e7ox turist g\u0259lib. G\u0259l\u0259nl\u0259rin 30 faizi Rusiya Federasiyas\u0131, 18,1 faizi T\u00fcrkiy\u0259, 7,9 faizi \u0130ran, 5,6 faizi Hindistan, 5 faizi G\u00fcrc\u00fcstandan, qalan\u0131 is\u0259 dig\u0259r \u00f6lk\u0259l\u0259rd\u0259n g\u0259l\u0259nl\u0259rdir.<\/p>\n\n\n\n<p>R\u0259q\u0259ml\u0259rd\u0259n g\u00f6r\u00fcn\u0259n odur ki, 2023-c\u00fc ild\u0259 G\u00fcrc\u00fcstana g\u0259l\u0259n turistl\u0259rin say\u0131 Az\u0259rbaycan v\u0259 Erm\u0259nistana g\u0259l\u0259n turistl\u0259rin c\u0259mind\u0259n 1.6 d\u0259f\u0259 \u00e7oxdur.<\/p>\n","protected":false},"excerpt":{"rendered":"<p>H\u0259r \u00fc\u00e7 \u00f6lk\u0259y\u0259 g\u0259l\u0259nl\u0259r aras\u0131nda Rusiya v\u0259t\u0259nda\u015flar\u0131 \u00fcst\u00fcnl\u00fck t\u0259\u015fkil edir &#8230; <\/p>\n<p class=\"read-more-container\"><a title=\"\u00d6t\u0259n il G\u00fcrc\u00fcstana g\u0259l\u0259n turistl\u0259rin say\u0131 Az\u0259rbaycan v\u0259 Erm\u0259nistana g\u0259l\u0259nl\u0259rin c\u0259mind\u0259n 1.6 d\u0259f\u0259 \u00e7ox olub\" class=\"read-more button\" href=\"https:\/\/www.meydan.tv\/az\/article\/oten-il-gurcustana-gelen-turistlerin-sayi-azerbaycan-ve-ermenistana-gelenlerin-ceminden-1-6-defe-cox-olub\/#more-296973\" aria-label=\"Read more about \u00d6t\u0259n il G\u00fcrc\u00fcstana g\u0259l\u0259n turistl\u0259rin say\u0131 Az\u0259rbaycan v\u0259 Erm\u0259nistana g\u0259l\u0259nl\u0259rin c\u0259mind\u0259n 1.6 d\u0259f\u0259 \u00e7ox olub\">Davam\u0131<\/a><\/p>\n","protected":false},"author":8,"featured_media":275917,"comment_status":"closed","ping_status":"closed","sticky":false,"template":"","format":"standard","meta":{"_acf_changed":false,"_sitemap_exclude":false,"_sitemap_priority":"","_sitemap_frequency":"","footnotes":""},"categories":[62,79,56],"tags":[],"class_list":["post-296973","post","type-post","status-publish","format-standard","has-post-thumbnail","hentry","category-sosial","category-featured","category-xeberler","infinite-scroll-item","generate-columns","tablet-grid-50","mobile-grid-100","grid-parent","grid-33","no-featured-image-padding"],"acf":[],"yoast_head":"<!-- This site is optimized with the Yoast SEO plugin v27.5 - https:\/\/yoast.com\/product\/yoast-seo-wordpress\/ -->\n<title>\u00d6t\u0259n il G\u00fcrc\u00fcstana g\u0259l\u0259n turistl\u0259rin say\u0131 Az\u0259rbaycan v\u0259 Erm\u0259nistana g\u0259l\u0259nl\u0259rin c\u0259mind\u0259n 1.6 d\u0259f\u0259 \u00e7ox olub - MEYDAN.TV<\/title>\n<meta name=\"robots\" content=\"index, follow, max-snippet:-1, max-image-preview:large, max-video-preview:-1\" \/>\n<link rel=\"canonical\" href=\"https:\/\/www.meydan.tv\/az\/article\/oten-il-gurcustana-gelen-turistlerin-sayi-azerbaycan-ve-ermenistana-gelenlerin-ceminden-1-6-defe-cox-olub\/\" \/>\n<meta property=\"og:locale\" content=\"az_AZ\" \/>\n<meta property=\"og:type\" content=\"article\" \/>\n<meta property=\"og:title\" content=\"\u00d6t\u0259n il G\u00fcrc\u00fcstana g\u0259l\u0259n turistl\u0259rin say\u0131 Az\u0259rbaycan v\u0259 Erm\u0259nistana g\u0259l\u0259nl\u0259rin c\u0259mind\u0259n 1.6 d\u0259f\u0259 \u00e7ox olub - MEYDAN.TV\" \/>\n<meta property=\"og:description\" content=\"H\u0259r \u00fc\u00e7 \u00f6lk\u0259y\u0259 g\u0259l\u0259nl\u0259r aras\u0131nda Rusiya v\u0259t\u0259nda\u015flar\u0131 \u00fcst\u00fcnl\u00fck t\u0259\u015fkil edir ... Davam\u0131\" \/>\n<meta property=\"og:url\" content=\"https:\/\/www.meydan.tv\/az\/article\/oten-il-gurcustana-gelen-turistlerin-sayi-azerbaycan-ve-ermenistana-gelenlerin-ceminden-1-6-defe-cox-olub\/\" \/>\n<meta property=\"og:site_name\" content=\"MEYDAN.TV\" \/>\n<meta property=\"article:published_time\" content=\"2024-02-05T09:01:41+00:00\" \/>\n<meta property=\"article:modified_time\" content=\"2024-02-05T09:01:45+00:00\" \/>\n<meta property=\"og:image\" content=\"https:\/\/www.meydan.tv\/wp-content\/uploads\/shutterstock_2263538145.jpg\" \/>\n\t<meta property=\"og:image:width\" content=\"1200\" \/>\n\t<meta property=\"og:image:height\" content=\"800\" \/>\n\t<meta property=\"og:image:type\" content=\"image\/jpeg\" \/>\n<meta name=\"author\" content=\"elli\" \/>\n<meta name=\"twitter:card\" content=\"summary_large_image\" \/>\n<meta name=\"twitter:creator\" content=\"@elli\" \/>\n<script type=\"application\/ld+json\" class=\"yoast-schema-graph\">{\"@context\":\"https:\\\/\\\/schema.org\",\"@graph\":[{\"@type\":\"Article\",\"@id\":\"https:\\\/\\\/www.meydan.tv\\\/az\\\/article\\\/oten-il-gurcustana-gelen-turistlerin-sayi-azerbaycan-ve-ermenistana-gelenlerin-ceminden-1-6-defe-cox-olub\\\/#article\",\"isPartOf\":{\"@id\":\"https:\\\/\\\/www.meydan.tv\\\/az\\\/article\\\/oten-il-gurcustana-gelen-turistlerin-sayi-azerbaycan-ve-ermenistana-gelenlerin-ceminden-1-6-defe-cox-olub\\\/\"},\"author\":{\"name\":\"elli\",\"@id\":\"https:\\\/\\\/www.meydan.tv\\\/az\\\/#\\\/schema\\\/person\\\/9cdbecf90d17180ce1dfbd95b08dcf47\"},\"headline\":\"\u00d6t\u0259n il G\u00fcrc\u00fcstana g\u0259l\u0259n turistl\u0259rin say\u0131 Az\u0259rbaycan v\u0259 Erm\u0259nistana g\u0259l\u0259nl\u0259rin c\u0259mind\u0259n 1.6 d\u0259f\u0259 \u00e7ox olub\",\"datePublished\":\"2024-02-05T09:01:41+00:00\",\"dateModified\":\"2024-02-05T09:01:45+00:00\",\"mainEntityOfPage\":{\"@id\":\"https:\\\/\\\/www.meydan.tv\\\/az\\\/article\\\/oten-il-gurcustana-gelen-turistlerin-sayi-azerbaycan-ve-ermenistana-gelenlerin-ceminden-1-6-defe-cox-olub\\\/\"},\"wordCount\":379,\"publisher\":{\"@id\":\"https:\\\/\\\/www.meydan.tv\\\/az\\\/#organization\"},\"image\":{\"@id\":\"https:\\\/\\\/www.meydan.tv\\\/az\\\/article\\\/oten-il-gurcustana-gelen-turistlerin-sayi-azerbaycan-ve-ermenistana-gelenlerin-ceminden-1-6-defe-cox-olub\\\/#primaryimage\"},\"thumbnailUrl\":\"https:\\\/\\\/www.meydan.tv\\\/wp-content\\\/uploads\\\/shutterstock_2263538145.jpg\",\"articleSection\":[\"Sosial\",\"T\u00f6vsiy\u0259\",\"X\u0259b\u0259rl\u0259r\"],\"inLanguage\":\"az\"},{\"@type\":\"WebPage\",\"@id\":\"https:\\\/\\\/www.meydan.tv\\\/az\\\/article\\\/oten-il-gurcustana-gelen-turistlerin-sayi-azerbaycan-ve-ermenistana-gelenlerin-ceminden-1-6-defe-cox-olub\\\/\",\"url\":\"https:\\\/\\\/www.meydan.tv\\\/az\\\/article\\\/oten-il-gurcustana-gelen-turistlerin-sayi-azerbaycan-ve-ermenistana-gelenlerin-ceminden-1-6-defe-cox-olub\\\/\",\"name\":\"\u00d6t\u0259n il G\u00fcrc\u00fcstana g\u0259l\u0259n turistl\u0259rin say\u0131 Az\u0259rbaycan v\u0259 Erm\u0259nistana g\u0259l\u0259nl\u0259rin c\u0259mind\u0259n 1.6 d\u0259f\u0259 \u00e7ox olub - MEYDAN.TV\",\"isPartOf\":{\"@id\":\"https:\\\/\\\/www.meydan.tv\\\/az\\\/#website\"},\"primaryImageOfPage\":{\"@id\":\"https:\\\/\\\/www.meydan.tv\\\/az\\\/article\\\/oten-il-gurcustana-gelen-turistlerin-sayi-azerbaycan-ve-ermenistana-gelenlerin-ceminden-1-6-defe-cox-olub\\\/#primaryimage\"},\"image\":{\"@id\":\"https:\\\/\\\/www.meydan.tv\\\/az\\\/article\\\/oten-il-gurcustana-gelen-turistlerin-sayi-azerbaycan-ve-ermenistana-gelenlerin-ceminden-1-6-defe-cox-olub\\\/#primaryimage\"},\"thumbnailUrl\":\"https:\\\/\\\/www.meydan.tv\\\/wp-content\\\/uploads\\\/shutterstock_2263538145.jpg\",\"datePublished\":\"2024-02-05T09:01:41+00:00\",\"dateModified\":\"2024-02-05T09:01:45+00:00\",\"breadcrumb\":{\"@id\":\"https:\\\/\\\/www.meydan.tv\\\/az\\\/article\\\/oten-il-gurcustana-gelen-turistlerin-sayi-azerbaycan-ve-ermenistana-gelenlerin-ceminden-1-6-defe-cox-olub\\\/#breadcrumb\"},\"inLanguage\":\"az\",\"potentialAction\":[{\"@type\":\"ReadAction\",\"target\":[\"https:\\\/\\\/www.meydan.tv\\\/az\\\/article\\\/oten-il-gurcustana-gelen-turistlerin-sayi-azerbaycan-ve-ermenistana-gelenlerin-ceminden-1-6-defe-cox-olub\\\/\"]}]},{\"@type\":\"ImageObject\",\"inLanguage\":\"az\",\"@id\":\"https:\\\/\\\/www.meydan.tv\\\/az\\\/article\\\/oten-il-gurcustana-gelen-turistlerin-sayi-azerbaycan-ve-ermenistana-gelenlerin-ceminden-1-6-defe-cox-olub\\\/#primaryimage\",\"url\":\"https:\\\/\\\/www.meydan.tv\\\/wp-content\\\/uploads\\\/shutterstock_2263538145.jpg\",\"contentUrl\":\"https:\\\/\\\/www.meydan.tv\\\/wp-content\\\/uploads\\\/shutterstock_2263538145.jpg\",\"width\":1200,\"height\":800,\"caption\":\"Az\u0259rbaycan, G\u00fcrc\u00fcstan v\u0259 Erm\u0259nistan. Foto: hyotographics\\\/shutterstock\"},{\"@type\":\"BreadcrumbList\",\"@id\":\"https:\\\/\\\/www.meydan.tv\\\/az\\\/article\\\/oten-il-gurcustana-gelen-turistlerin-sayi-azerbaycan-ve-ermenistana-gelenlerin-ceminden-1-6-defe-cox-olub\\\/#breadcrumb\",\"itemListElement\":[{\"@type\":\"ListItem\",\"position\":1,\"name\":\"Ana s\u0259hif\u0259\",\"item\":\"https:\\\/\\\/www.meydan.tv\\\/az\\\/\"},{\"@type\":\"ListItem\",\"position\":2,\"name\":\"Sosial\",\"item\":\"https:\\\/\\\/www.meydan.tv\\\/az\\\/section\\\/sosial\\\/\"},{\"@type\":\"ListItem\",\"position\":3,\"name\":\"\u00d6t\u0259n il G\u00fcrc\u00fcstana g\u0259l\u0259n turistl\u0259rin say\u0131 Az\u0259rbaycan v\u0259 Erm\u0259nistana g\u0259l\u0259nl\u0259rin c\u0259mind\u0259n 1.6 d\u0259f\u0259 \u00e7ox olub\"}]},{\"@type\":\"WebSite\",\"@id\":\"https:\\\/\\\/www.meydan.tv\\\/az\\\/#website\",\"url\":\"https:\\\/\\\/www.meydan.tv\\\/az\\\/\",\"name\":\"MEYDAN.TV\",\"description\":\"Meydan TV Az\u0259rbaycan\u0131n media m\u0259kan\u0131ndak\u0131 alternativ s\u0259sidir\",\"publisher\":{\"@id\":\"https:\\\/\\\/www.meydan.tv\\\/az\\\/#organization\"},\"potentialAction\":[{\"@type\":\"SearchAction\",\"target\":{\"@type\":\"EntryPoint\",\"urlTemplate\":\"https:\\\/\\\/www.meydan.tv\\\/az\\\/?s={search_term_string}\"},\"query-input\":{\"@type\":\"PropertyValueSpecification\",\"valueRequired\":true,\"valueName\":\"search_term_string\"}}],\"inLanguage\":\"az\"},{\"@type\":\"Organization\",\"@id\":\"https:\\\/\\\/www.meydan.tv\\\/az\\\/#organization\",\"name\":\"Meydan TV\",\"url\":\"https:\\\/\\\/www.meydan.tv\\\/az\\\/\",\"logo\":{\"@type\":\"ImageObject\",\"inLanguage\":\"az\",\"@id\":\"https:\\\/\\\/www.meydan.tv\\\/az\\\/#\\\/schema\\\/logo\\\/image\\\/\",\"url\":\"https:\\\/\\\/www.meydan.tv\\\/wp-content\\\/uploads\\\/2021\\\/07\\\/meydan-logo.svg\",\"contentUrl\":\"https:\\\/\\\/www.meydan.tv\\\/wp-content\\\/uploads\\\/2021\\\/07\\\/meydan-logo.svg\",\"width\":195,\"height\":46,\"caption\":\"Meydan TV\"},\"image\":{\"@id\":\"https:\\\/\\\/www.meydan.tv\\\/az\\\/#\\\/schema\\\/logo\\\/image\\\/\"}},{\"@type\":\"Person\",\"@id\":\"https:\\\/\\\/www.meydan.tv\\\/az\\\/#\\\/schema\\\/person\\\/9cdbecf90d17180ce1dfbd95b08dcf47\",\"name\":\"elli\",\"sameAs\":[\"https:\\\/\\\/x.com\\\/elli\"]}]}<\/script>\n<!-- \/ Yoast SEO plugin. -->","yoast_head_json":{"title":"\u00d6t\u0259n il G\u00fcrc\u00fcstana g\u0259l\u0259n turistl\u0259rin say\u0131 Az\u0259rbaycan v\u0259 Erm\u0259nistana g\u0259l\u0259nl\u0259rin c\u0259mind\u0259n 1.6 d\u0259f\u0259 \u00e7ox olub - MEYDAN.TV","robots":{"index":"index","follow":"follow","max-snippet":"max-snippet:-1","max-image-preview":"max-image-preview:large","max-video-preview":"max-video-preview:-1"},"canonical":"https:\/\/www.meydan.tv\/az\/article\/oten-il-gurcustana-gelen-turistlerin-sayi-azerbaycan-ve-ermenistana-gelenlerin-ceminden-1-6-defe-cox-olub\/","og_locale":"az_AZ","og_type":"article","og_title":"\u00d6t\u0259n il G\u00fcrc\u00fcstana g\u0259l\u0259n turistl\u0259rin say\u0131 Az\u0259rbaycan v\u0259 Erm\u0259nistana g\u0259l\u0259nl\u0259rin c\u0259mind\u0259n 1.6 d\u0259f\u0259 \u00e7ox olub - MEYDAN.TV","og_description":"H\u0259r \u00fc\u00e7 \u00f6lk\u0259y\u0259 g\u0259l\u0259nl\u0259r aras\u0131nda Rusiya v\u0259t\u0259nda\u015flar\u0131 \u00fcst\u00fcnl\u00fck t\u0259\u015fkil edir ... Davam\u0131","og_url":"https:\/\/www.meydan.tv\/az\/article\/oten-il-gurcustana-gelen-turistlerin-sayi-azerbaycan-ve-ermenistana-gelenlerin-ceminden-1-6-defe-cox-olub\/","og_site_name":"MEYDAN.TV","article_published_time":"2024-02-05T09:01:41+00:00","article_modified_time":"2024-02-05T09:01:45+00:00","og_image":[{"width":1200,"height":800,"url":"https:\/\/www.meydan.tv\/wp-content\/uploads\/shutterstock_2263538145.jpg","type":"image\/jpeg"}],"author":"elli","twitter_card":"summary_large_image","twitter_creator":"@elli","schema":{"@context":"https:\/\/schema.org","@graph":[{"@type":"Article","@id":"https:\/\/www.meydan.tv\/az\/article\/oten-il-gurcustana-gelen-turistlerin-sayi-azerbaycan-ve-ermenistana-gelenlerin-ceminden-1-6-defe-cox-olub\/#article","isPartOf":{"@id":"https:\/\/www.meydan.tv\/az\/article\/oten-il-gurcustana-gelen-turistlerin-sayi-azerbaycan-ve-ermenistana-gelenlerin-ceminden-1-6-defe-cox-olub\/"},"author":{"name":"elli","@id":"https:\/\/www.meydan.tv\/az\/#\/schema\/person\/9cdbecf90d17180ce1dfbd95b08dcf47"},"headline":"\u00d6t\u0259n il G\u00fcrc\u00fcstana g\u0259l\u0259n turistl\u0259rin say\u0131 Az\u0259rbaycan v\u0259 Erm\u0259nistana g\u0259l\u0259nl\u0259rin c\u0259mind\u0259n 1.6 d\u0259f\u0259 \u00e7ox olub","datePublished":"2024-02-05T09:01:41+00:00","dateModified":"2024-02-05T09:01:45+00:00","mainEntityOfPage":{"@id":"https:\/\/www.meydan.tv\/az\/article\/oten-il-gurcustana-gelen-turistlerin-sayi-azerbaycan-ve-ermenistana-gelenlerin-ceminden-1-6-defe-cox-olub\/"},"wordCount":379,"publisher":{"@id":"https:\/\/www.meydan.tv\/az\/#organization"},"image":{"@id":"https:\/\/www.meydan.tv\/az\/article\/oten-il-gurcustana-gelen-turistlerin-sayi-azerbaycan-ve-ermenistana-gelenlerin-ceminden-1-6-defe-cox-olub\/#primaryimage"},"thumbnailUrl":"https:\/\/www.meydan.tv\/wp-content\/uploads\/shutterstock_2263538145.jpg","articleSection":["Sosial","T\u00f6vsiy\u0259","X\u0259b\u0259rl\u0259r"],"inLanguage":"az"},{"@type":"WebPage","@id":"https:\/\/www.meydan.tv\/az\/article\/oten-il-gurcustana-gelen-turistlerin-sayi-azerbaycan-ve-ermenistana-gelenlerin-ceminden-1-6-defe-cox-olub\/","url":"https:\/\/www.meydan.tv\/az\/article\/oten-il-gurcustana-gelen-turistlerin-sayi-azerbaycan-ve-ermenistana-gelenlerin-ceminden-1-6-defe-cox-olub\/","name":"\u00d6t\u0259n il G\u00fcrc\u00fcstana g\u0259l\u0259n turistl\u0259rin say\u0131 Az\u0259rbaycan v\u0259 Erm\u0259nistana g\u0259l\u0259nl\u0259rin c\u0259mind\u0259n 1.6 d\u0259f\u0259 \u00e7ox olub - MEYDAN.TV","isPartOf":{"@id":"https:\/\/www.meydan.tv\/az\/#website"},"primaryImageOfPage":{"@id":"https:\/\/www.meydan.tv\/az\/article\/oten-il-gurcustana-gelen-turistlerin-sayi-azerbaycan-ve-ermenistana-gelenlerin-ceminden-1-6-defe-cox-olub\/#primaryimage"},"image":{"@id":"https:\/\/www.meydan.tv\/az\/article\/oten-il-gurcustana-gelen-turistlerin-sayi-azerbaycan-ve-ermenistana-gelenlerin-ceminden-1-6-defe-cox-olub\/#primaryimage"},"thumbnailUrl":"https:\/\/www.meydan.tv\/wp-content\/uploads\/shutterstock_2263538145.jpg","datePublished":"2024-02-05T09:01:41+00:00","dateModified":"2024-02-05T09:01:45+00:00","breadcrumb":{"@id":"https:\/\/www.meydan.tv\/az\/article\/oten-il-gurcustana-gelen-turistlerin-sayi-azerbaycan-ve-ermenistana-gelenlerin-ceminden-1-6-defe-cox-olub\/#breadcrumb"},"inLanguage":"az","potentialAction":[{"@type":"ReadAction","target":["https:\/\/www.meydan.tv\/az\/article\/oten-il-gurcustana-gelen-turistlerin-sayi-azerbaycan-ve-ermenistana-gelenlerin-ceminden-1-6-defe-cox-olub\/"]}]},{"@type":"ImageObject","inLanguage":"az","@id":"https:\/\/www.meydan.tv\/az\/article\/oten-il-gurcustana-gelen-turistlerin-sayi-azerbaycan-ve-ermenistana-gelenlerin-ceminden-1-6-defe-cox-olub\/#primaryimage","url":"https:\/\/www.meydan.tv\/wp-content\/uploads\/shutterstock_2263538145.jpg","contentUrl":"https:\/\/www.meydan.tv\/wp-content\/uploads\/shutterstock_2263538145.jpg","width":1200,"height":800,"caption":"Az\u0259rbaycan, G\u00fcrc\u00fcstan v\u0259 Erm\u0259nistan. Foto: hyotographics\/shutterstock"},{"@type":"BreadcrumbList","@id":"https:\/\/www.meydan.tv\/az\/article\/oten-il-gurcustana-gelen-turistlerin-sayi-azerbaycan-ve-ermenistana-gelenlerin-ceminden-1-6-defe-cox-olub\/#breadcrumb","itemListElement":[{"@type":"ListItem","position":1,"name":"Ana s\u0259hif\u0259","item":"https:\/\/www.meydan.tv\/az\/"},{"@type":"ListItem","position":2,"name":"Sosial","item":"https:\/\/www.meydan.tv\/az\/section\/sosial\/"},{"@type":"ListItem","position":3,"name":"\u00d6t\u0259n il G\u00fcrc\u00fcstana g\u0259l\u0259n turistl\u0259rin say\u0131 Az\u0259rbaycan v\u0259 Erm\u0259nistana g\u0259l\u0259nl\u0259rin c\u0259mind\u0259n 1.6 d\u0259f\u0259 \u00e7ox olub"}]},{"@type":"WebSite","@id":"https:\/\/www.meydan.tv\/az\/#website","url":"https:\/\/www.meydan.tv\/az\/","name":"MEYDAN.TV","description":"Meydan TV Az\u0259rbaycan\u0131n media m\u0259kan\u0131ndak\u0131 alternativ s\u0259sidir","publisher":{"@id":"https:\/\/www.meydan.tv\/az\/#organization"},"potentialAction":[{"@type":"SearchAction","target":{"@type":"EntryPoint","urlTemplate":"https:\/\/www.meydan.tv\/az\/?s={search_term_string}"},"query-input":{"@type":"PropertyValueSpecification","valueRequired":true,"valueName":"search_term_string"}}],"inLanguage":"az"},{"@type":"Organization","@id":"https:\/\/www.meydan.tv\/az\/#organization","name":"Meydan TV","url":"https:\/\/www.meydan.tv\/az\/","logo":{"@type":"ImageObject","inLanguage":"az","@id":"https:\/\/www.meydan.tv\/az\/#\/schema\/logo\/image\/","url":"https:\/\/www.meydan.tv\/wp-content\/uploads\/2021\/07\/meydan-logo.svg","contentUrl":"https:\/\/www.meydan.tv\/wp-content\/uploads\/2021\/07\/meydan-logo.svg","width":195,"height":46,"caption":"Meydan TV"},"image":{"@id":"https:\/\/www.meydan.tv\/az\/#\/schema\/logo\/image\/"}},{"@type":"Person","@id":"https:\/\/www.meydan.tv\/az\/#\/schema\/person\/9cdbecf90d17180ce1dfbd95b08dcf47","name":"elli","sameAs":["https:\/\/x.com\/elli"]}]}},"_links":{"self":[{"href":"https:\/\/www.meydan.tv\/az\/wp-json\/wp\/v2\/posts\/296973","targetHints":{"allow":["GET"]}}],"collection":[{"href":"https:\/\/www.meydan.tv\/az\/wp-json\/wp\/v2\/posts"}],"about":[{"href":"https:\/\/www.meydan.tv\/az\/wp-json\/wp\/v2\/types\/post"}],"author":[{"embeddable":true,"href":"https:\/\/www.meydan.tv\/az\/wp-json\/wp\/v2\/users\/8"}],"replies":[{"embeddable":true,"href":"https:\/\/www.meydan.tv\/az\/wp-json\/wp\/v2\/comments?post=296973"}],"version-history":[{"count":3,"href":"https:\/\/www.meydan.tv\/az\/wp-json\/wp\/v2\/posts\/296973\/revisions"}],"predecessor-version":[{"id":296978,"href":"https:\/\/www.meydan.tv\/az\/wp-json\/wp\/v2\/posts\/296973\/revisions\/296978"}],"wp:featuredmedia":[{"embeddable":true,"href":"https:\/\/www.meydan.tv\/az\/wp-json\/wp\/v2\/media\/275917"}],"wp:attachment":[{"href":"https:\/\/www.meydan.tv\/az\/wp-json\/wp\/v2\/media?parent=296973"}],"wp:term":[{"taxonomy":"category","embeddable":true,"href":"https:\/\/www.meydan.tv\/az\/wp-json\/wp\/v2\/categories?post=296973"},{"taxonomy":"post_tag","embeddable":true,"href":"https:\/\/www.meydan.tv\/az\/wp-json\/wp\/v2\/tags?post=296973"}],"curies":[{"name":"wp","href":"https:\/\/api.w.org\/{rel}","templated":true}]}}