{"id":296966,"date":"2024-02-05T12:43:56","date_gmt":"2024-02-05T08:43:56","guid":{"rendered":"https:\/\/www.meydan.tv\/?p=296966"},"modified":"2024-02-05T18:09:23","modified_gmt":"2024-02-05T14:09:23","slug":"bdu-da-telebelerin-yap-in-tebligatina-celb-olundugu-bildirilir","status":"publish","type":"post","link":"https:\/\/www.meydan.tv\/az\/article\/bdu-da-telebelerin-yap-in-tebligatina-celb-olundugu-bildirilir\/","title":{"rendered":"BDU-da t\u0259l\u0259b\u0259l\u0259rin YAP-\u0131n t\u0259bli\u011fat\u0131na c\u0259lb olundu\u011fu bildirilir"},"content":{"rendered":"\n<p><\/p>\n\n\n\n<p><strong><em>Ekspert: \u201cT\u0259hsil m\u00fc\u0259ssis\u0259sind\u0259 siyasi f\u0259aliyy\u0259t qada\u011fand\u0131r\u201d<\/em><\/strong><\/p>\n\n\n\n<p>Bak\u0131 D\u00f6vl\u0259t Universitetinin (BDU) T\u0259l\u0259b\u0259 G\u0259ncl\u0259r T\u0259\u015fkilat\u0131nda (TGT) t\u0259msil olunan bir qrup t\u0259l\u0259b\u0259nin \u201cWhatsApp\u201d \u00fcz\u0259rind\u0259n gizli qrup a\u00e7araq n\u00f6vb\u0259d\u0259nk\u0259nar Prezident se\u00e7kisi bar\u0259d\u0259 t\u0259r\u0259fli t\u0259bli\u011fat apard\u0131\u011f\u0131 bildirilir.<\/p>\n\n\n\n<p>Bununla ba\u011fl\u0131 m\u0259lumat\u0131 T\u0259l\u0259b\u0259 G\u00fcc M\u0259rk\u0259zi <a href=\"https:\/\/www.facebook.com\/permalink.php?story_fbid=827884139377537&amp;id=100064678751139&amp;ref=embed_post\">yay\u0131b.<\/a><\/p>\n\n\n\n<p>M\u0259rk\u0259zin bildirdiyin\u0259 g\u00f6r\u0259, t\u0259l\u0259b\u0259l\u0259r onlara qrupun gizli saxlan\u0131lmas\u0131 bar\u0259d\u0259 tap\u015f\u0131r\u0131q verildiyini deyibl\u0259r.<\/p>\n\n\n\n<p>M\u0259rk\u0259z h\u0259m\u00e7inin T\u0259l\u0259b\u0259 G\u0259ncl\u0259r T\u0259\u015fkilat\u0131 t\u0259r\u0259find\u0259n yarad\u0131lan qrupun skrin\u015fotlar\u0131n\u0131 (\u201cscreenshot\u201d: ekran g\u00f6r\u00fcnt\u00fcl\u0259ri) da payla\u015f\u0131b.<\/p>\n\n\n\n<p>Skrin\u015fotlarda t\u0259l\u0259b\u0259l\u0259r\u0259 fevral\u0131n 7-d\u0259 n\u00f6vb\u0259d\u0259nk\u0131nar se\u00e7kid\u0259 i\u015ftirak ed\u0259c\u0259k hakim partiya il\u0259 ba\u011fl\u0131 payla\u015f\u0131mlar\u0131 b\u0259y\u0259n\u0259r\u0259k \u015f\u0259rh yazmaq tap\u015f\u0131r\u0131l\u0131b.<\/p>\n\n\n\n<p><em>\u201cT\u0259hsil siyas\u0259t al\u0259ti deyil. BDU ba\u015fda olmaqla bu hal ya\u015fanan universitet r\u0259hb\u0259rlikl\u0259rind\u0259n m\u0259s\u0259l\u0259nin ara\u015fd\u0131r\u0131lmas\u0131n\u0131 v\u0259 m\u0259sul \u015f\u0259xsl\u0259rin c\u0259zaland\u0131r\u0131lmas\u0131n\u0131 t\u0259l\u0259b edirik\u201d,<\/em> &#8211; T\u0259l\u0259b\u0259 G\u00fcc M\u0259rk\u0259zinin a\u00e7\u0131qlamas\u0131nda deyilir.<\/p>\n\n\n\n<p>Ad\u0131n\u0131n a\u00e7\u0131qlanmas\u0131n\u0131 ist\u0259m\u0259y\u0259n BDU-nun T\u0259l\u0259b\u0259 G\u0259ncl\u0259r T\u0259\u015fkilat\u0131n\u0131n \u00fczv\u00fc Meydan TV-y\u0259 m\u0259s\u0259l\u0259d\u0259n x\u0259b\u0259rsiz olduqlar\u0131n\u0131 deyib.<\/p>\n\n\n<div class=\"wp-block-image\">\n<figure class=\"aligncenter size-large\"><img decoding=\"async\" width=\"1200\" height=\"675\" data-src=\"https:\/\/www.meydan.tv\/wp-content\/uploads\/tebliqat-1200x675.jpg\" alt=\"\" class=\"wp-image-296963 lazyload\" src=\"data:image\/svg+xml;base64,PHN2ZyB3aWR0aD0iMSIgaGVpZ2h0PSIxIiB4bWxucz0iaHR0cDovL3d3dy53My5vcmcvMjAwMC9zdmciPjwvc3ZnPg==\" style=\"--smush-placeholder-width: 1200px; --smush-placeholder-aspect-ratio: 1200\/675;\" \/><figcaption class=\"wp-element-caption\">Foto: Screenshot<\/figcaption><\/figure>\n<\/div>\n\n\n<p><em>\u201cBizim bu bar\u0259d\u0259 he\u00e7 bir x\u0259b\u0259rimiz yoxdur. Situasiyan\u0131 da \u015f\u0259rh etm\u0259k ist\u0259mirik. Payla\u015f\u0131mlardan x\u0259b\u0259rimiz yoxdur, ilk d\u0259f\u0259 sizd\u0259n e\u015fidirik\u201d, &#8211;<\/em> o qeyd edib.<\/p>\n\n\n\n<p>Bak\u0131 D\u00f6vl\u0259t Universiteti t\u0259l\u0259b\u0259l\u0259rin t\u0259bli\u011fata c\u0259lb edilm\u0259si il\u0259 ba\u011fl\u0131 x\u0259b\u0259r\u0259 reaksiya verib.<\/p>\n\n\n\n<p><em>&#8220;BDU-nun t\u0259l\u0259b\u0259 g\u0259ncl\u0259r t\u0259\u015fkilat\u0131n\u0131n bir qrup \u00fczv\u00fcn\u00fcn Prezident se\u00e7kil\u0259ri il\u0259 ba\u011fl\u0131 t\u0259r\u0259fli t\u0259bli\u011fat aparmas\u0131na dair fikirl\u0259r yanl\u0131\u015f v\u0259 \u0259sass\u0131zd\u0131r v\u0259 qrup yarad\u0131lmas\u0131 il\u0259 ba\u011fl\u0131 fikirl\u0259r h\u0259qiq\u0259ti \u0259ks etdirmir&#8221;<\/em>, &#8211; dey\u0259 universitetd\u0259n Meydan TV-y\u0259 deyilib.<\/p>\n\n\n\n<p>Elm v\u0259 T\u0259hsil Nazirliyinind\u0259n m\u0259s\u0259l\u0259y\u0259 m\u00fcnasib\u0259t \u00f6yr\u0259nm\u0259k m\u00fcmk\u00fcn olmay\u0131b.<\/p>\n\n\n\n<p>T\u0259hsil eksperti Nabat\u0259li Qulamo\u011flu Meydan TV-y\u0259 deyir ki, t\u0259hsil m\u00fc\u0259ssis\u0259l\u0259rind\u0259 siyasi t\u0259bli\u011fat&nbsp; \u201cT\u0259hsil haqq\u0131nda\u201d&nbsp; Qanunun 14.9-cu madd\u0259sinin pozulmas\u0131 dem\u0259kdir:<\/p>\n\n\n\n<p>\u201cQ<em>anunda birba\u015fa yaz\u0131l\u0131b ki, t\u0259hsil m\u00fc\u0259ssis\u0259l\u0259rind\u0259 siyasi f\u0259aliyy\u0259t qada\u011fand\u0131r. Bunlar\u0131n he\u00e7 birin\u0259 m\u0259h\u0259l qoymurlar. Bak\u0131da h\u0259r hans\u0131 bir m\u0259kt\u0259b\u0259 gets\u0259niz, YAP-\u0131n (Yeni Az\u0259rbaycan Partiyas\u0131) orada t\u0259\u015fkilat\u0131n\u0131n oldu\u011funu g\u00f6r\u0259c\u0259ksiniz. Bunlar \u00fc\u00e7\u00fcn qanun yoxdur, \u0259sas g\u00f6st\u0259ri\u015fdir. Daha \u00f6nc\u0259 d\u0259 dediyim kimi, m\u0259kt\u0259b art\u0131q t\u0259hsill\u0259 deyil, siyas\u0259tl\u0259 m\u0259\u015f\u011fuldur. T\u0259hsil siyas\u0259t\u0259 qo\u015fulub. N\u0259 q\u0259d\u0259r ki m\u0259kt\u0259bl\u0259rd\u0259 se\u00e7ki qutusu var, orada t\u0259hsil olmayacaq. Elm v\u0259 T\u0259hsil Nazirliyinin h\u00fcn\u0259ri \u00e7atarm\u0131 bunun qar\u015f\u0131s\u0131n\u0131 als\u0131n?! \u018fksin\u0259, nazirliy\u0259 g\u00f6st\u0259ri\u015f verirl\u0259r ki, get, bunu t\u0259\u015fkil et\u201d.<\/em><\/p>\n\n\n\n<p><strong>Se\u00e7kil\u0259r n\u0259 vaxt ke\u00e7iril\u0259c\u0259k v\u0259 kiml\u0259r namiz\u0259ddir?<\/strong><\/p>\n\n\n\n<p>2024-c\u00fc ilin fevral\u0131n 7-d\u0259 Az\u0259rbaycanda n\u00f6vb\u0259d\u0259nk\u0259nar Prezident se\u00e7kisi ke\u00e7iril\u0259c\u0259k.<\/p>\n\n\n\n<p>\u0130lham \u018fliyev \u00f6t\u0259n il dekabr\u0131n 7-d\u0259 bununla ba\u011fl\u0131 s\u0259r\u0259ncam imzalay\u0131b.<\/p>\n\n\n\n<p>Prezidentliy\u0259 namiz\u0259dl\u0259r \u2013 \u00f6lk\u0259 ba\u015f\u00e7\u0131s\u0131 <a href=\"https:\/\/storage.googleapis.com\/qurium\/www.meydan.tv\/az-article-yap-namizedini-resmen-aciqladi.html\">\u0130lham \u018fliyev,<\/a> deputatlar <a href=\"https:\/\/storage.googleapis.com\/qurium\/www.meydan.tv\/az-article-fazil-mustafa-da-prezidentliye-namized-olacaq.html\">Fazil Mustafa<\/a>, <a href=\"https:\/\/storage.googleapis.com\/qurium\/www.meydan.tv\/az-article-zahid-oruc-da-prezidentliye-namized-olacaq.html\">Zahid Oruc<\/a>, <a href=\"https:\/\/d9mc3ts4czbpr.cloudfront.net\/az\/article\/qudret-hesenquliyev-yene-namized-olacaq\/\">Q\u00fcdr\u0259t H\u0259s\u0259nquliyev<\/a>, <a href=\"https:\/\/storage.googleapis.com\/qurium\/www.meydan.tv\/az-article-razi-nurullayev-de-namizedliyini-ireli-surub.html\">Razi Nurullayev<\/a>, B\u00f6y\u00fck Az\u0259rbaycan Partiyas\u0131n\u0131n s\u0259dri <a href=\"https:\/\/storage.googleapis.com\/qurium\/www.meydan.tv\/az-article-elsad-musayev-de-prezident-olmaq-isteyir.html\">El\u015fad Musayev<\/a> v\u0259 <a href=\"https:\/\/www.meydan.tv\/az\/article\/fealiyyetini-dayandiran-partiyanin-sedri-prezidentliye-namized-olacaq\/\">Fuad \u018fliyev<\/a>dir.<\/p>\n\n\n\n<p>Namiz\u0259d S\u0259f\u0259rov, S\u0259rvan K\u0259rimov, <a href=\"https:\/\/storage.googleapis.com\/qurium\/www.meydan.tv\/az-article-prezidentliye-namizedliyini-ireli-suren-sexs-ilham-eliyevi-xilas-etmek-isteyirem-ancaq-o-el-vermir.html\">M\u0259tl\u0259b M\u00fct\u0259llimli<\/a>, Abutal\u0131b S\u0259m\u0259dov, Fikr\u0259t Yusifov, Yusif Ba\u011f\u0131rzad\u0259, Arzuman Abdulk\u0259rimov, Yunus O\u011fuz, Qulamh\u00fcseyn \u018flib\u0259yli namiz\u0259dlikl\u0259rini ir\u0259li s\u00fcrs\u0259l\u0259r d\u0259, onlar qeyd\u0259 al\u0131nmay\u0131blar.<\/p>\n\n\n\n<p>Prezidentliy\u0259 namiz\u0259dliyini ver\u0259n \u015f\u0259xsl\u0259rin h\u0259r biri hakimiyy\u0259ty\u00f6n\u00fcml\u00fc kimi tan\u0131n\u0131r.<\/p>\n\n\n\n<p><a href=\"https:\/\/storage.googleapis.com\/qurium\/www.meydan.tv\/az-article-axcp-de-seckide-istirak-etmeyecek.html\">AXCP,<\/a> <a href=\"https:\/\/storage.googleapis.com\/qurium\/www.meydan.tv\/az-article-musavat-novbedenkenar-seckide-istirakdan-imtina-edib.html\">M\u00fcsavat <\/a>v\u0259<a href=\"https:\/\/storage.googleapis.com\/qurium\/www.meydan.tv\/az-article-kxcp-de-seckide-istirak-etmeyecek.html\"> Klassik Xalq C\u0259bh\u0259si<\/a> partiyalar\u0131 se\u00e7kini boykot ed\u0259c\u0259kl\u0259rini a\u00e7\u0131qlay\u0131blar.<\/p>\n\n\n\n<p>Az\u0259rbaycanda sonuncu d\u0259f\u0259 Prezident se\u00e7kisi 2018-ci il aprelin 11-d\u0259 ke\u00e7irilib.<\/p>\n\n\n\n<p>H\u0259min se\u00e7ki d\u0259 n\u00f6vb\u0259d\u0259nk\u0259nar olub.<\/p>\n\n\n\n<p>\u0130lham \u018fliyev 20 ildir ki, Prezident v\u0259zif\u0259sini icra edir.<\/p>\n","protected":false},"excerpt":{"rendered":"<p>Ekspert: \u201cT\u0259hsil m\u00fc\u0259ssis\u0259sind\u0259 siyasi f\u0259aliyy\u0259t qada\u011fand\u0131r\u201d Bak\u0131 D\u00f6vl\u0259t Universitetinin (BDU) &#8230; <\/p>\n<p class=\"read-more-container\"><a title=\"BDU-da t\u0259l\u0259b\u0259l\u0259rin YAP-\u0131n t\u0259bli\u011fat\u0131na c\u0259lb olundu\u011fu bildirilir\" class=\"read-more button\" href=\"https:\/\/www.meydan.tv\/az\/article\/bdu-da-telebelerin-yap-in-tebligatina-celb-olundugu-bildirilir\/#more-296966\" aria-label=\"Read more about BDU-da t\u0259l\u0259b\u0259l\u0259rin YAP-\u0131n t\u0259bli\u011fat\u0131na c\u0259lb olundu\u011fu bildirilir\">Davam\u0131<\/a><\/p>\n","protected":false},"author":8,"featured_media":135064,"comment_status":"closed","ping_status":"closed","sticky":false,"template":"","format":"standard","meta":{"_acf_changed":false,"_sitemap_exclude":false,"_sitemap_priority":"","_sitemap_frequency":"","footnotes":""},"categories":[129,59,79,56],"tags":[],"class_list":["post-296966","post","type-post","status-publish","format-standard","has-post-thumbnail","hentry","category-sechki-2024","category-siyaset","category-featured","category-xeberler","infinite-scroll-item","generate-columns","tablet-grid-50","mobile-grid-100","grid-parent","grid-33","no-featured-image-padding"],"acf":[],"yoast_head":"<!-- This site is optimized with the Yoast SEO plugin v27.4 - https:\/\/yoast.com\/product\/yoast-seo-wordpress\/ -->\n<title>BDU-da t\u0259l\u0259b\u0259l\u0259rin YAP-\u0131n t\u0259bli\u011fat\u0131na c\u0259lb olundu\u011fu bildirilir - MEYDAN.TV<\/title>\n<meta name=\"robots\" content=\"index, follow, max-snippet:-1, max-image-preview:large, max-video-preview:-1\" \/>\n<link rel=\"canonical\" href=\"https:\/\/www.meydan.tv\/az\/article\/bdu-da-telebelerin-yap-in-tebligatina-celb-olundugu-bildirilir\/\" \/>\n<meta property=\"og:locale\" content=\"az_AZ\" \/>\n<meta property=\"og:type\" content=\"article\" \/>\n<meta property=\"og:title\" content=\"BDU-da t\u0259l\u0259b\u0259l\u0259rin YAP-\u0131n t\u0259bli\u011fat\u0131na c\u0259lb olundu\u011fu bildirilir - MEYDAN.TV\" \/>\n<meta property=\"og:description\" content=\"Ekspert: \u201cT\u0259hsil m\u00fc\u0259ssis\u0259sind\u0259 siyasi f\u0259aliyy\u0259t qada\u011fand\u0131r\u201d Bak\u0131 D\u00f6vl\u0259t Universitetinin (BDU) ... Davam\u0131\" \/>\n<meta property=\"og:url\" content=\"https:\/\/www.meydan.tv\/az\/article\/bdu-da-telebelerin-yap-in-tebligatina-celb-olundugu-bildirilir\/\" \/>\n<meta property=\"og:site_name\" content=\"MEYDAN.TV\" \/>\n<meta property=\"article:published_time\" content=\"2024-02-05T08:43:56+00:00\" \/>\n<meta property=\"article:modified_time\" content=\"2024-02-05T14:09:23+00:00\" \/>\n<meta property=\"og:image\" content=\"https:\/\/www.meydan.tv\/wp-content\/uploads\/828607.jpg\" \/>\n\t<meta property=\"og:image:width\" content=\"1600\" \/>\n\t<meta property=\"og:image:height\" content=\"1068\" \/>\n\t<meta property=\"og:image:type\" content=\"image\/jpeg\" \/>\n<meta name=\"author\" content=\"elli\" \/>\n<meta name=\"twitter:card\" content=\"summary_large_image\" \/>\n<meta name=\"twitter:creator\" content=\"@elli\" \/>\n<script type=\"application\/ld+json\" class=\"yoast-schema-graph\">{\"@context\":\"https:\\\/\\\/schema.org\",\"@graph\":[{\"@type\":\"Article\",\"@id\":\"https:\\\/\\\/www.meydan.tv\\\/az\\\/article\\\/bdu-da-telebelerin-yap-in-tebligatina-celb-olundugu-bildirilir\\\/#article\",\"isPartOf\":{\"@id\":\"https:\\\/\\\/www.meydan.tv\\\/az\\\/article\\\/bdu-da-telebelerin-yap-in-tebligatina-celb-olundugu-bildirilir\\\/\"},\"author\":{\"name\":\"elli\",\"@id\":\"https:\\\/\\\/www.meydan.tv\\\/az\\\/#\\\/schema\\\/person\\\/9cdbecf90d17180ce1dfbd95b08dcf47\"},\"headline\":\"BDU-da t\u0259l\u0259b\u0259l\u0259rin YAP-\u0131n t\u0259bli\u011fat\u0131na c\u0259lb olundu\u011fu bildirilir\",\"datePublished\":\"2024-02-05T08:43:56+00:00\",\"dateModified\":\"2024-02-05T14:09:23+00:00\",\"mainEntityOfPage\":{\"@id\":\"https:\\\/\\\/www.meydan.tv\\\/az\\\/article\\\/bdu-da-telebelerin-yap-in-tebligatina-celb-olundugu-bildirilir\\\/\"},\"wordCount\":806,\"publisher\":{\"@id\":\"https:\\\/\\\/www.meydan.tv\\\/az\\\/#organization\"},\"image\":{\"@id\":\"https:\\\/\\\/www.meydan.tv\\\/az\\\/article\\\/bdu-da-telebelerin-yap-in-tebligatina-celb-olundugu-bildirilir\\\/#primaryimage\"},\"thumbnailUrl\":\"https:\\\/\\\/www.meydan.tv\\\/wp-content\\\/uploads\\\/828607.jpg\",\"articleSection\":[\"Se\u00e7ki 2024\",\"Siyas\u0259t\",\"T\u00f6vsiy\u0259\",\"X\u0259b\u0259rl\u0259r\"],\"inLanguage\":\"az\"},{\"@type\":\"WebPage\",\"@id\":\"https:\\\/\\\/www.meydan.tv\\\/az\\\/article\\\/bdu-da-telebelerin-yap-in-tebligatina-celb-olundugu-bildirilir\\\/\",\"url\":\"https:\\\/\\\/www.meydan.tv\\\/az\\\/article\\\/bdu-da-telebelerin-yap-in-tebligatina-celb-olundugu-bildirilir\\\/\",\"name\":\"BDU-da t\u0259l\u0259b\u0259l\u0259rin YAP-\u0131n t\u0259bli\u011fat\u0131na c\u0259lb olundu\u011fu bildirilir - MEYDAN.TV\",\"isPartOf\":{\"@id\":\"https:\\\/\\\/www.meydan.tv\\\/az\\\/#website\"},\"primaryImageOfPage\":{\"@id\":\"https:\\\/\\\/www.meydan.tv\\\/az\\\/article\\\/bdu-da-telebelerin-yap-in-tebligatina-celb-olundugu-bildirilir\\\/#primaryimage\"},\"image\":{\"@id\":\"https:\\\/\\\/www.meydan.tv\\\/az\\\/article\\\/bdu-da-telebelerin-yap-in-tebligatina-celb-olundugu-bildirilir\\\/#primaryimage\"},\"thumbnailUrl\":\"https:\\\/\\\/www.meydan.tv\\\/wp-content\\\/uploads\\\/828607.jpg\",\"datePublished\":\"2024-02-05T08:43:56+00:00\",\"dateModified\":\"2024-02-05T14:09:23+00:00\",\"breadcrumb\":{\"@id\":\"https:\\\/\\\/www.meydan.tv\\\/az\\\/article\\\/bdu-da-telebelerin-yap-in-tebligatina-celb-olundugu-bildirilir\\\/#breadcrumb\"},\"inLanguage\":\"az\",\"potentialAction\":[{\"@type\":\"ReadAction\",\"target\":[\"https:\\\/\\\/www.meydan.tv\\\/az\\\/article\\\/bdu-da-telebelerin-yap-in-tebligatina-celb-olundugu-bildirilir\\\/\"]}]},{\"@type\":\"ImageObject\",\"inLanguage\":\"az\",\"@id\":\"https:\\\/\\\/www.meydan.tv\\\/az\\\/article\\\/bdu-da-telebelerin-yap-in-tebligatina-celb-olundugu-bildirilir\\\/#primaryimage\",\"url\":\"https:\\\/\\\/www.meydan.tv\\\/wp-content\\\/uploads\\\/828607.jpg\",\"contentUrl\":\"https:\\\/\\\/www.meydan.tv\\\/wp-content\\\/uploads\\\/828607.jpg\",\"width\":1600,\"height\":1068,\"caption\":\"Foto:: Meydan TV\"},{\"@type\":\"BreadcrumbList\",\"@id\":\"https:\\\/\\\/www.meydan.tv\\\/az\\\/article\\\/bdu-da-telebelerin-yap-in-tebligatina-celb-olundugu-bildirilir\\\/#breadcrumb\",\"itemListElement\":[{\"@type\":\"ListItem\",\"position\":1,\"name\":\"Ana s\u0259hif\u0259\",\"item\":\"https:\\\/\\\/www.meydan.tv\\\/az\\\/\"},{\"@type\":\"ListItem\",\"position\":2,\"name\":\"Siyas\u0259t\",\"item\":\"https:\\\/\\\/www.meydan.tv\\\/az\\\/section\\\/siyaset\\\/\"},{\"@type\":\"ListItem\",\"position\":3,\"name\":\"BDU-da t\u0259l\u0259b\u0259l\u0259rin YAP-\u0131n t\u0259bli\u011fat\u0131na c\u0259lb olundu\u011fu bildirilir\"}]},{\"@type\":\"WebSite\",\"@id\":\"https:\\\/\\\/www.meydan.tv\\\/az\\\/#website\",\"url\":\"https:\\\/\\\/www.meydan.tv\\\/az\\\/\",\"name\":\"MEYDAN.TV\",\"description\":\"Meydan TV Az\u0259rbaycan\u0131n media m\u0259kan\u0131ndak\u0131 alternativ s\u0259sidir\",\"publisher\":{\"@id\":\"https:\\\/\\\/www.meydan.tv\\\/az\\\/#organization\"},\"potentialAction\":[{\"@type\":\"SearchAction\",\"target\":{\"@type\":\"EntryPoint\",\"urlTemplate\":\"https:\\\/\\\/www.meydan.tv\\\/az\\\/?s={search_term_string}\"},\"query-input\":{\"@type\":\"PropertyValueSpecification\",\"valueRequired\":true,\"valueName\":\"search_term_string\"}}],\"inLanguage\":\"az\"},{\"@type\":\"Organization\",\"@id\":\"https:\\\/\\\/www.meydan.tv\\\/az\\\/#organization\",\"name\":\"Meydan TV\",\"url\":\"https:\\\/\\\/www.meydan.tv\\\/az\\\/\",\"logo\":{\"@type\":\"ImageObject\",\"inLanguage\":\"az\",\"@id\":\"https:\\\/\\\/www.meydan.tv\\\/az\\\/#\\\/schema\\\/logo\\\/image\\\/\",\"url\":\"https:\\\/\\\/www.meydan.tv\\\/wp-content\\\/uploads\\\/2021\\\/07\\\/meydan-logo.svg\",\"contentUrl\":\"https:\\\/\\\/www.meydan.tv\\\/wp-content\\\/uploads\\\/2021\\\/07\\\/meydan-logo.svg\",\"width\":195,\"height\":46,\"caption\":\"Meydan TV\"},\"image\":{\"@id\":\"https:\\\/\\\/www.meydan.tv\\\/az\\\/#\\\/schema\\\/logo\\\/image\\\/\"}},{\"@type\":\"Person\",\"@id\":\"https:\\\/\\\/www.meydan.tv\\\/az\\\/#\\\/schema\\\/person\\\/9cdbecf90d17180ce1dfbd95b08dcf47\",\"name\":\"elli\",\"sameAs\":[\"https:\\\/\\\/x.com\\\/elli\"]}]}<\/script>\n<!-- \/ Yoast SEO plugin. -->","yoast_head_json":{"title":"BDU-da t\u0259l\u0259b\u0259l\u0259rin YAP-\u0131n t\u0259bli\u011fat\u0131na c\u0259lb olundu\u011fu bildirilir - MEYDAN.TV","robots":{"index":"index","follow":"follow","max-snippet":"max-snippet:-1","max-image-preview":"max-image-preview:large","max-video-preview":"max-video-preview:-1"},"canonical":"https:\/\/www.meydan.tv\/az\/article\/bdu-da-telebelerin-yap-in-tebligatina-celb-olundugu-bildirilir\/","og_locale":"az_AZ","og_type":"article","og_title":"BDU-da t\u0259l\u0259b\u0259l\u0259rin YAP-\u0131n t\u0259bli\u011fat\u0131na c\u0259lb olundu\u011fu bildirilir - MEYDAN.TV","og_description":"Ekspert: \u201cT\u0259hsil m\u00fc\u0259ssis\u0259sind\u0259 siyasi f\u0259aliyy\u0259t qada\u011fand\u0131r\u201d Bak\u0131 D\u00f6vl\u0259t Universitetinin (BDU) ... Davam\u0131","og_url":"https:\/\/www.meydan.tv\/az\/article\/bdu-da-telebelerin-yap-in-tebligatina-celb-olundugu-bildirilir\/","og_site_name":"MEYDAN.TV","article_published_time":"2024-02-05T08:43:56+00:00","article_modified_time":"2024-02-05T14:09:23+00:00","og_image":[{"width":1600,"height":1068,"url":"https:\/\/www.meydan.tv\/wp-content\/uploads\/828607.jpg","type":"image\/jpeg"}],"author":"elli","twitter_card":"summary_large_image","twitter_creator":"@elli","schema":{"@context":"https:\/\/schema.org","@graph":[{"@type":"Article","@id":"https:\/\/www.meydan.tv\/az\/article\/bdu-da-telebelerin-yap-in-tebligatina-celb-olundugu-bildirilir\/#article","isPartOf":{"@id":"https:\/\/www.meydan.tv\/az\/article\/bdu-da-telebelerin-yap-in-tebligatina-celb-olundugu-bildirilir\/"},"author":{"name":"elli","@id":"https:\/\/www.meydan.tv\/az\/#\/schema\/person\/9cdbecf90d17180ce1dfbd95b08dcf47"},"headline":"BDU-da t\u0259l\u0259b\u0259l\u0259rin YAP-\u0131n t\u0259bli\u011fat\u0131na c\u0259lb olundu\u011fu bildirilir","datePublished":"2024-02-05T08:43:56+00:00","dateModified":"2024-02-05T14:09:23+00:00","mainEntityOfPage":{"@id":"https:\/\/www.meydan.tv\/az\/article\/bdu-da-telebelerin-yap-in-tebligatina-celb-olundugu-bildirilir\/"},"wordCount":806,"publisher":{"@id":"https:\/\/www.meydan.tv\/az\/#organization"},"image":{"@id":"https:\/\/www.meydan.tv\/az\/article\/bdu-da-telebelerin-yap-in-tebligatina-celb-olundugu-bildirilir\/#primaryimage"},"thumbnailUrl":"https:\/\/www.meydan.tv\/wp-content\/uploads\/828607.jpg","articleSection":["Se\u00e7ki 2024","Siyas\u0259t","T\u00f6vsiy\u0259","X\u0259b\u0259rl\u0259r"],"inLanguage":"az"},{"@type":"WebPage","@id":"https:\/\/www.meydan.tv\/az\/article\/bdu-da-telebelerin-yap-in-tebligatina-celb-olundugu-bildirilir\/","url":"https:\/\/www.meydan.tv\/az\/article\/bdu-da-telebelerin-yap-in-tebligatina-celb-olundugu-bildirilir\/","name":"BDU-da t\u0259l\u0259b\u0259l\u0259rin YAP-\u0131n t\u0259bli\u011fat\u0131na c\u0259lb olundu\u011fu bildirilir - MEYDAN.TV","isPartOf":{"@id":"https:\/\/www.meydan.tv\/az\/#website"},"primaryImageOfPage":{"@id":"https:\/\/www.meydan.tv\/az\/article\/bdu-da-telebelerin-yap-in-tebligatina-celb-olundugu-bildirilir\/#primaryimage"},"image":{"@id":"https:\/\/www.meydan.tv\/az\/article\/bdu-da-telebelerin-yap-in-tebligatina-celb-olundugu-bildirilir\/#primaryimage"},"thumbnailUrl":"https:\/\/www.meydan.tv\/wp-content\/uploads\/828607.jpg","datePublished":"2024-02-05T08:43:56+00:00","dateModified":"2024-02-05T14:09:23+00:00","breadcrumb":{"@id":"https:\/\/www.meydan.tv\/az\/article\/bdu-da-telebelerin-yap-in-tebligatina-celb-olundugu-bildirilir\/#breadcrumb"},"inLanguage":"az","potentialAction":[{"@type":"ReadAction","target":["https:\/\/www.meydan.tv\/az\/article\/bdu-da-telebelerin-yap-in-tebligatina-celb-olundugu-bildirilir\/"]}]},{"@type":"ImageObject","inLanguage":"az","@id":"https:\/\/www.meydan.tv\/az\/article\/bdu-da-telebelerin-yap-in-tebligatina-celb-olundugu-bildirilir\/#primaryimage","url":"https:\/\/www.meydan.tv\/wp-content\/uploads\/828607.jpg","contentUrl":"https:\/\/www.meydan.tv\/wp-content\/uploads\/828607.jpg","width":1600,"height":1068,"caption":"Foto:: Meydan TV"},{"@type":"BreadcrumbList","@id":"https:\/\/www.meydan.tv\/az\/article\/bdu-da-telebelerin-yap-in-tebligatina-celb-olundugu-bildirilir\/#breadcrumb","itemListElement":[{"@type":"ListItem","position":1,"name":"Ana s\u0259hif\u0259","item":"https:\/\/www.meydan.tv\/az\/"},{"@type":"ListItem","position":2,"name":"Siyas\u0259t","item":"https:\/\/www.meydan.tv\/az\/section\/siyaset\/"},{"@type":"ListItem","position":3,"name":"BDU-da t\u0259l\u0259b\u0259l\u0259rin YAP-\u0131n t\u0259bli\u011fat\u0131na c\u0259lb olundu\u011fu bildirilir"}]},{"@type":"WebSite","@id":"https:\/\/www.meydan.tv\/az\/#website","url":"https:\/\/www.meydan.tv\/az\/","name":"MEYDAN.TV","description":"Meydan TV Az\u0259rbaycan\u0131n media m\u0259kan\u0131ndak\u0131 alternativ s\u0259sidir","publisher":{"@id":"https:\/\/www.meydan.tv\/az\/#organization"},"potentialAction":[{"@type":"SearchAction","target":{"@type":"EntryPoint","urlTemplate":"https:\/\/www.meydan.tv\/az\/?s={search_term_string}"},"query-input":{"@type":"PropertyValueSpecification","valueRequired":true,"valueName":"search_term_string"}}],"inLanguage":"az"},{"@type":"Organization","@id":"https:\/\/www.meydan.tv\/az\/#organization","name":"Meydan TV","url":"https:\/\/www.meydan.tv\/az\/","logo":{"@type":"ImageObject","inLanguage":"az","@id":"https:\/\/www.meydan.tv\/az\/#\/schema\/logo\/image\/","url":"https:\/\/www.meydan.tv\/wp-content\/uploads\/2021\/07\/meydan-logo.svg","contentUrl":"https:\/\/www.meydan.tv\/wp-content\/uploads\/2021\/07\/meydan-logo.svg","width":195,"height":46,"caption":"Meydan TV"},"image":{"@id":"https:\/\/www.meydan.tv\/az\/#\/schema\/logo\/image\/"}},{"@type":"Person","@id":"https:\/\/www.meydan.tv\/az\/#\/schema\/person\/9cdbecf90d17180ce1dfbd95b08dcf47","name":"elli","sameAs":["https:\/\/x.com\/elli"]}]}},"_links":{"self":[{"href":"https:\/\/www.meydan.tv\/az\/wp-json\/wp\/v2\/posts\/296966","targetHints":{"allow":["GET"]}}],"collection":[{"href":"https:\/\/www.meydan.tv\/az\/wp-json\/wp\/v2\/posts"}],"about":[{"href":"https:\/\/www.meydan.tv\/az\/wp-json\/wp\/v2\/types\/post"}],"author":[{"embeddable":true,"href":"https:\/\/www.meydan.tv\/az\/wp-json\/wp\/v2\/users\/8"}],"replies":[{"embeddable":true,"href":"https:\/\/www.meydan.tv\/az\/wp-json\/wp\/v2\/comments?post=296966"}],"version-history":[{"count":7,"href":"https:\/\/www.meydan.tv\/az\/wp-json\/wp\/v2\/posts\/296966\/revisions"}],"predecessor-version":[{"id":297025,"href":"https:\/\/www.meydan.tv\/az\/wp-json\/wp\/v2\/posts\/296966\/revisions\/297025"}],"wp:featuredmedia":[{"embeddable":true,"href":"https:\/\/www.meydan.tv\/az\/wp-json\/wp\/v2\/media\/135064"}],"wp:attachment":[{"href":"https:\/\/www.meydan.tv\/az\/wp-json\/wp\/v2\/media?parent=296966"}],"wp:term":[{"taxonomy":"category","embeddable":true,"href":"https:\/\/www.meydan.tv\/az\/wp-json\/wp\/v2\/categories?post=296966"},{"taxonomy":"post_tag","embeddable":true,"href":"https:\/\/www.meydan.tv\/az\/wp-json\/wp\/v2\/tags?post=296966"}],"curies":[{"name":"wp","href":"https:\/\/api.w.org\/{rel}","templated":true}]}}