{"id":296927,"date":"2024-02-02T18:08:40","date_gmt":"2024-02-02T14:08:40","guid":{"rendered":"https:\/\/www.meydan.tv\/?p=296927"},"modified":"2024-02-02T18:08:45","modified_gmt":"2024-02-02T14:08:45","slug":"smdt-prezident-seckisinde-feal-istirak-ucun-demokratik-muhit-yoxdur","status":"publish","type":"post","link":"https:\/\/www.meydan.tv\/az\/article\/smdt-prezident-seckisinde-feal-istirak-ucun-demokratik-muhit-yoxdur\/","title":{"rendered":"SMDT: &#8220;Prezident se\u00e7kisind\u0259 f\u0259al i\u015ftirak \u00fc\u00e7\u00fcn demokratik m\u00fchit yoxdur&#8221;"},"content":{"rendered":"\n<p><\/p>\n\n\n\n<p><strong><em>T\u0259\u015fkilat Az\u0259rbaycan\u0131n AT\u018fT-in t\u00f6vsiy\u0259l\u0259rin\u0259 \u0259m\u0259l etm\u0259diyini deyir<\/em><\/strong><\/p>\n\n\n\n<p>Se\u00e7kil\u0259rin Monitorinqi v\u0259 Demokratiyan\u0131n T\u0259drisi M\u0259rk\u0259zi (SMDT) 7 fevral n\u00f6vb\u0259d\u0259nk\u0259nar Prezident se\u00e7kisinin se\u00e7kiqaba\u011f\u0131 t\u0259\u015fviqat m\u0259rh\u0259l\u0259si \u00fczr\u0259 m\u00fc\u015fahid\u0259l\u0259r\u0259 dair Aral\u0131q Hesabat\u0131n\u0131 yay\u0131b.<\/p>\n\n\n\n<p>M\u0259rk\u0259z hesabat\u0131n r\u0259smi x\u0259b\u0259rl\u0259r\u0259 v\u0259 s\u0259n\u0259dl\u0259r\u0259, a\u00e7\u0131q m\u0259nb\u0259l\u0259r v\u0259 qeydiyyatdan ke\u00e7mi\u015f m\u00fc\u015fahid\u0259\u00e7il\u0259rd\u0259n toplanan m\u0259lumatlara \u0259sasland\u0131\u011f\u0131n\u0131 bildirib.<\/p>\n\n\n\n<p>SMDT hesab edir ki, prezident se\u00e7kisinin vaxt\u0131ndan 14 ay \u00f6nc\u0259y\u0259 t\u0259yin edilm\u0259si se\u00e7ki prosesind\u0259 b\u00fct\u00fcn maraql\u0131 t\u0259r\u0259fl\u0259rin, o c\u00fcml\u0259d\u0259n siyasi partiyalar v\u0259 prezidentliy\u0259 namiz\u0259dlik iddias\u0131nda olan \u015f\u0259xsl\u0259rin i\u015ftirak\u0131n\u0131, v\u0259t\u0259nda\u015f c\u0259miyy\u0259ti qurumlar\u0131 v\u0259 beyn\u0259lxalq se\u00e7ki m\u00fc\u015fahid\u0259 t\u0259\u015fkilatlar\u0131n\u0131n bu proses\u0259 f\u0259al \u015f\u0259kild\u0259 c\u0259lb olunmas\u0131n\u0131 \u00e7\u0259tinl\u0259\u015fdirib:<\/p>\n\n\n\n<p><em>&#8220;N\u00f6vb\u0259d\u0259nk\u0259nar Prezident se\u00e7kisinin ke\u00e7irilm\u0259si bar\u0259d\u0259 s\u0259r\u0259ncamda tutarl\u0131 siyasi ehtiyaclar g\u00f6st\u0259rilm\u0259yib v\u0259 c\u0259miyy\u0259td\u0259 a\u00e7\u0131q ictimai m\u00fczakir\u0259l\u0259r apar\u0131lmadan verilib&#8221;.<\/em><\/p>\n\n\n\n<p>M\u0259rk\u0259z qeyd edir ki, 7 fevral n\u00f6vb\u0259d\u0259nk\u0259nar Prezident se\u00e7kisi sonuncu parlament se\u00e7kisind\u0259n 3 il sonraya t\u0259sad\u00fcf ets\u0259 d\u0259, \u00f6t\u0259n m\u00fcdd\u0259td\u0259 se\u00e7ki qanunvericiliyi v\u0259 se\u00e7ki t\u0259cr\u00fcb\u0259sinin t\u0259kmill\u0259\u015fdirilm\u0259si bar\u0259d\u0259 yerli v\u0259 beyn\u0259lxalq m\u00fc\u015fahid\u0259\u00e7il\u0259r, o c\u00fcml\u0259d\u0259n AT\u018fT-in Demokratik T\u0259sisatlar v\u0259 \u0130nsan H\u00fcquqlar\u0131 B\u00fcrosunun \u0259vv\u0259lki t\u00f6vsiy\u0259l\u0259rini \u00f6yr\u0259nm\u0259k v\u0259 icra etm\u0259k \u00fc\u00e7\u00fcn Az\u0259rbaycan hakimiyy\u0259ti siyasi irad\u0259 n\u00fcmayi\u015f etdirm\u0259yib.<\/p>\n\n\n\n<p>&#8220;<em>N\u00f6vb\u0259d\u0259nk\u0259nar se\u00e7ki \u0259r\u0259f\u0259sind\u0259 \u00f6lk\u0259d\u0259 siyasi azadl\u0131qlar\u0131n m\u00fcdafi\u0259si y\u00f6n\u00fcnd\u0259 b\u00f6hran d\u0259rinl\u0259\u015fib, ifad\u0259 azadl\u0131\u011f\u0131, s\u0259rb\u0259st topla\u015fmaq v\u0259 birl\u0259\u015fm\u0259k azadl\u0131qlar\u0131na m\u0259hdudiyy\u0259tl\u0259r aradan qalxmay\u0131b, siyasi motivli h\u0259bsl\u0259rin say\u0131 daha da art\u0131b. Bununla yana\u015f\u0131 se\u00e7ki \u00f6nc\u0259si siyasi partiyalar\u0131n say\u0131 iki d\u0259f\u0259 azal\u0131b, m\u00fcst\u0259qil v\u0259t\u0259nda\u015f c\u0259miyy\u0259ti qurumlar\u0131 v\u0259 m\u00fcst\u0259qil median\u0131n f\u0259aliyy\u0259tin\u0259 qada\u011falar, habel\u0259 jurnalistl\u0259r v\u0259 ictimai f\u0259allara qar\u015f\u0131 t\u0259qibl\u0259r \u00e7oxal\u0131b&#8221;<\/em>, &#8211; dey\u0259 SMTD t\u0259\u0259ss\u00fcfl\u0259 bildirib.<\/p>\n\n\n\n<p>SMDT hesab edib ki, n\u00f6vb\u0259d\u0259nk\u0259nar Prezident se\u00e7kisi \u0259r\u0259f\u0259sind\u0259 \u00f6lk\u0259d\u0259 siyasi azadl\u0131qlar\u0131n m\u00fcdafi\u0259si y\u00f6n\u00fcnd\u0259 b\u00f6hran d\u0259rinl\u0259\u015fib, ifad\u0259 azadl\u0131\u011f\u0131, s\u0259rb\u0259st topla\u015fmaq v\u0259 birl\u0259\u015fm\u0259k azadl\u0131qlar\u0131na m\u0259hdudiyy\u0259tl\u0259r aradan qalxmay\u0131b, siyasi motivli h\u0259bsl\u0259rin say\u0131 daha da art\u0131b:<\/p>\n\n\n\n<p>&#8220;<em>2020-ci il parlament se\u00e7kil\u0259rind\u0259n \u00f6t\u0259n m\u00fcdd\u0259td\u0259 yerli v\u0259 beyn\u0259lxalq se\u00e7ki m\u00fc\u015fahid\u0259 t\u0259\u015fkilatlar\u0131n\u0131n se\u00e7ki t\u0259cr\u00fcb\u0259sinin t\u0259kmill\u0259\u015fdirilm\u0259si y\u00f6n\u00fcnd\u0259 t\u00f6vsiyy\u0259l\u0259ri icra olunmay\u0131b; Avropa \u0130nsan H\u00fcquqlar\u0131 M\u0259hk\u0259m\u0259sinin siyasi motivli h\u0259bsl\u0259r, azad m\u00fchakim\u0259 h\u00fcququ v\u0259 se\u00e7ki h\u00fcququnun pozulmas\u0131 il\u0259 ba\u011fl\u0131 q\u0259rarlar\u0131 Avropa \u015euras\u0131 Nazirl\u0259r Komit\u0259sinin israrl\u0131 t\u0259l\u0259bl\u0259rin\u0259 baxmayaraq, icra olunmay\u0131b; Avropa \u015euras\u0131 Venesiya Komissiyas\u0131 v\u0259 AT\u018fT-in Demokratik T\u0259ssisatlar v\u0259 \u0130nsan H\u00fcquqlar\u0131 B\u00fcrosu ekspertl\u0259rinin verdiyi t\u00f6vsiyy\u0259l\u0259r \u0259sas\u0131nda Se\u00e7ki M\u0259c\u0259ll\u0259sinin, &#8220;QHT-l\u0259r haqq\u0131nda&#8221;, &#8220;Media haqq\u0131nda&#8221; v\u0259 &#8220;Siyasi partiyalar haqq\u0131nda&#8221; qanunlar\u0131n t\u0259kmill\u0259\u015fm\u0259si ba\u015f verm\u0259yib&#8221;.<\/em><\/p>\n\n\n\n<p>&#8220;<em>2020-ci il parlament se\u00e7kil\u0259rind\u0259n \u00f6t\u0259n m\u00fcdd\u0259t \u0259rzind\u0259 \u00f6lk\u0259d\u0259 siyasi dur\u011funluq daha da d\u0259rinl\u0259\u015fib, siyasi partiyalar\u0131n say\u0131 2 d\u0259f\u0259 azal\u0131b, m\u00fcst\u0259qil v\u0259t\u0259nda\u015f c\u0259miyy\u0259ti qurumlar\u0131 v\u0259 m\u00fcst\u0259qil median\u0131n f\u0259aliyy\u0259tin\u0259 qada\u011falar, habel\u0259 jurnalistl\u0259r v\u0259 ictimai f\u0259allara qar\u015f\u0131 t\u0259qibl\u0259r \u00e7oxal\u0131b. N\u0259tic\u0259d\u0259 v\u0259t\u0259nda\u015f c\u0259miyy\u0259ti qurumlar\u0131 v\u0259 siyasi partiyalar\u0131n 7 fevral n\u00f6vb\u0259d\u0259nk\u0259nar Prezident se\u00e7kisind\u0259 f\u0259al i\u015ftirak\u0131 \u00fc\u00e7\u00fcn \u0259lveri\u015fli demokratik m\u00fchit olmay\u0131b&#8221;, <\/em>&#8211; dey\u0259 t\u0259\u015fkilat <a href=\"https:\/\/smdtaz.org\/smdt-7-fevral-2024-cu-il-novb%c9%99d%c9%99nk%c9%99nar-prezident-seckisinin-seckiqabagi-t%c9%99sviqat-m%c9%99rh%c9%99l%c9%99si-uzr%c9%99-musahid%c9%99l%c9%99r%c9%99-dair-araliq-hesabatini-aciqlayib\/\">vur\u011fulay\u0131b.<\/a><\/p>\n\n\n\n<p><strong>Se\u00e7kil\u0259r n\u0259 vaxt ke\u00e7iril\u0259c\u0259k v\u0259 kiml\u0259r namiz\u0259ddir?<\/strong><\/p>\n\n\n\n<p>2024-c\u00fc ilin fevral\u0131n 7-d\u0259 Az\u0259rbaycanda n\u00f6vb\u0259d\u0259nk\u0259nar Prezident se\u00e7kisi ke\u00e7iril\u0259c\u0259k.<\/p>\n\n\n\n<p>\u0130lham \u018fliyev \u00f6t\u0259n il dekabr\u0131n 7-d\u0259 bununla ba\u011fl\u0131 s\u0259r\u0259ncam imzalay\u0131b.<\/p>\n\n\n\n<p>Prezidentliy\u0259 namiz\u0259dl\u0259r \u2013 \u00f6lk\u0259 ba\u015f\u00e7\u0131s\u0131 <a href=\"https:\/\/storage.googleapis.com\/qurium\/www.meydan.tv\/az-article-yap-namizedini-resmen-aciqladi.html\">\u0130lham \u018fliyev<\/a>, deputatlar <a href=\"https:\/\/storage.googleapis.com\/qurium\/www.meydan.tv\/az-article-fazil-mustafa-da-prezidentliye-namized-olacaq.html\">Fazil Mustafa<\/a>, <a href=\"https:\/\/storage.googleapis.com\/qurium\/www.meydan.tv\/az-article-zahid-oruc-da-prezidentliye-namized-olacaq.html\">Zahid Oruc<\/a>, <a href=\"https:\/\/d9mc3ts4czbpr.cloudfront.net\/az\/article\/qudret-hesenquliyev-yene-namized-olacaq\/\">Q\u00fcdr\u0259t H\u0259s\u0259nquliyev<\/a>, <a href=\"https:\/\/storage.googleapis.com\/qurium\/www.meydan.tv\/az-article-razi-nurullayev-de-namizedliyini-ireli-surub.html\">Razi Nurullayev,<\/a> B\u00f6y\u00fck Az\u0259rbaycan Partiyas\u0131n\u0131n s\u0259dri <a href=\"https:\/\/storage.googleapis.com\/qurium\/www.meydan.tv\/az-article-elsad-musayev-de-prezident-olmaq-isteyir.html\">El\u015fad Musayev<\/a> v\u0259 <a href=\"https:\/\/www.meydan.tv\/az\/article\/fealiyyetini-dayandiran-partiyanin-sedri-prezidentliye-namized-olacaq\/\">Fuad \u018fliyev<\/a>dir.<\/p>\n\n\n\n<p>Namiz\u0259d S\u0259f\u0259rov, S\u0259rvan K\u0259rimov, <a href=\"https:\/\/storage.googleapis.com\/qurium\/www.meydan.tv\/az-article-prezidentliye-namizedliyini-ireli-suren-sexs-ilham-eliyevi-xilas-etmek-isteyirem-ancaq-o-el-vermir.html\">M\u0259tl\u0259b M\u00fct\u0259llimli,<\/a> Abutal\u0131b S\u0259m\u0259dov, Fikr\u0259t Yusifov, Yusif Ba\u011f\u0131rzad\u0259, Arzuman Abdulk\u0259rimov, Yunus O\u011fuz, Qulamh\u00fcseyn \u018flib\u0259yli namiz\u0259dlikl\u0259rini ir\u0259li s\u00fcrs\u0259l\u0259r d\u0259, onlar qeyd\u0259 al\u0131nmay\u0131blar.<\/p>\n\n\n\n<p>Prezidentliy\u0259 namiz\u0259dliyini ver\u0259n \u015f\u0259xsl\u0259rin h\u0259r biri hakimiyy\u0259ty\u00f6n\u00fcml\u00fc kimi tan\u0131n\u0131r.<\/p>\n\n\n\n<p><a href=\"https:\/\/storage.googleapis.com\/qurium\/www.meydan.tv\/az-article-axcp-de-seckide-istirak-etmeyecek.html\">AXCP<\/a>, <a href=\"https:\/\/storage.googleapis.com\/qurium\/www.meydan.tv\/az-article-musavat-novbedenkenar-seckide-istirakdan-imtina-edib.html\">M\u00fcsavat <\/a>v\u0259 <a href=\"https:\/\/storage.googleapis.com\/qurium\/www.meydan.tv\/az-article-kxcp-de-seckide-istirak-etmeyecek.html\">Klassik Xalq C\u0259bh\u0259si<\/a> partiyalar\u0131 se\u00e7kini boykot ed\u0259c\u0259kl\u0259rini a\u00e7\u0131qlay\u0131blar.<\/p>\n\n\n\n<p>Az\u0259rbaycanda sonuncu d\u0259f\u0259 Prezident se\u00e7kisi 2018-ci il aprelin 11-d\u0259 ke\u00e7irilib.<\/p>\n\n\n\n<p>H\u0259min se\u00e7ki d\u0259 n\u00f6vb\u0259d\u0259nk\u0259nar olub.<\/p>\n\n\n\n<p>\u0130lham \u018fliyev 20 ildir ki, Prezident v\u0259zif\u0259sini icra edir.<\/p>\n","protected":false},"excerpt":{"rendered":"<p>T\u0259\u015fkilat Az\u0259rbaycan\u0131n AT\u018fT-in t\u00f6vsiy\u0259l\u0259rin\u0259 \u0259m\u0259l etm\u0259diyini deyir Se\u00e7kil\u0259rin Monitorinqi v\u0259 &#8230; <\/p>\n<p class=\"read-more-container\"><a title=\"SMDT: &#8220;Prezident se\u00e7kisind\u0259 f\u0259al i\u015ftirak \u00fc\u00e7\u00fcn demokratik m\u00fchit yoxdur&#8221;\" class=\"read-more button\" href=\"https:\/\/www.meydan.tv\/az\/article\/smdt-prezident-seckisinde-feal-istirak-ucun-demokratik-muhit-yoxdur\/#more-296927\" aria-label=\"Read more about SMDT: &#8220;Prezident se\u00e7kisind\u0259 f\u0259al i\u015ftirak \u00fc\u00e7\u00fcn demokratik m\u00fchit yoxdur&#8221;\">Davam\u0131<\/a><\/p>\n","protected":false},"author":8,"featured_media":131151,"comment_status":"closed","ping_status":"closed","sticky":false,"template":"","format":"standard","meta":{"_acf_changed":false,"_sitemap_exclude":false,"_sitemap_priority":"","_sitemap_frequency":"","footnotes":""},"categories":[129,59,56],"tags":[],"class_list":["post-296927","post","type-post","status-publish","format-standard","has-post-thumbnail","hentry","category-sechki-2024","category-siyaset","category-xeberler","infinite-scroll-item","generate-columns","tablet-grid-50","mobile-grid-100","grid-parent","grid-33","no-featured-image-padding"],"acf":[],"yoast_head":"<!-- This site is optimized with the Yoast SEO plugin v27.4 - https:\/\/yoast.com\/product\/yoast-seo-wordpress\/ -->\n<title>SMDT: &quot;Prezident se\u00e7kisind\u0259 f\u0259al i\u015ftirak \u00fc\u00e7\u00fcn demokratik m\u00fchit yoxdur&quot; - MEYDAN.TV<\/title>\n<meta name=\"robots\" content=\"index, follow, max-snippet:-1, max-image-preview:large, max-video-preview:-1\" \/>\n<link rel=\"canonical\" href=\"https:\/\/www.meydan.tv\/az\/article\/smdt-prezident-seckisinde-feal-istirak-ucun-demokratik-muhit-yoxdur\/\" \/>\n<meta property=\"og:locale\" content=\"az_AZ\" \/>\n<meta property=\"og:type\" content=\"article\" \/>\n<meta property=\"og:title\" content=\"SMDT: &quot;Prezident se\u00e7kisind\u0259 f\u0259al i\u015ftirak \u00fc\u00e7\u00fcn demokratik m\u00fchit yoxdur&quot; - MEYDAN.TV\" \/>\n<meta property=\"og:description\" content=\"T\u0259\u015fkilat Az\u0259rbaycan\u0131n AT\u018fT-in t\u00f6vsiy\u0259l\u0259rin\u0259 \u0259m\u0259l etm\u0259diyini deyir Se\u00e7kil\u0259rin Monitorinqi v\u0259 ... Davam\u0131\" \/>\n<meta property=\"og:url\" content=\"https:\/\/www.meydan.tv\/az\/article\/smdt-prezident-seckisinde-feal-istirak-ucun-demokratik-muhit-yoxdur\/\" \/>\n<meta property=\"og:site_name\" content=\"MEYDAN.TV\" \/>\n<meta property=\"article:published_time\" content=\"2024-02-02T14:08:40+00:00\" \/>\n<meta property=\"article:modified_time\" content=\"2024-02-02T14:08:45+00:00\" \/>\n<meta property=\"og:image\" content=\"https:\/\/www.meydan.tv\/wp-content\/uploads\/sezki.jpg\" \/>\n\t<meta property=\"og:image:width\" content=\"1978\" \/>\n\t<meta property=\"og:image:height\" content=\"1512\" \/>\n\t<meta property=\"og:image:type\" content=\"image\/jpeg\" \/>\n<meta name=\"author\" content=\"elli\" \/>\n<meta name=\"twitter:card\" content=\"summary_large_image\" \/>\n<meta name=\"twitter:creator\" content=\"@elli\" \/>\n<script type=\"application\/ld+json\" class=\"yoast-schema-graph\">{\"@context\":\"https:\\\/\\\/schema.org\",\"@graph\":[{\"@type\":\"Article\",\"@id\":\"https:\\\/\\\/www.meydan.tv\\\/az\\\/article\\\/smdt-prezident-seckisinde-feal-istirak-ucun-demokratik-muhit-yoxdur\\\/#article\",\"isPartOf\":{\"@id\":\"https:\\\/\\\/www.meydan.tv\\\/az\\\/article\\\/smdt-prezident-seckisinde-feal-istirak-ucun-demokratik-muhit-yoxdur\\\/\"},\"author\":{\"name\":\"elli\",\"@id\":\"https:\\\/\\\/www.meydan.tv\\\/az\\\/#\\\/schema\\\/person\\\/9cdbecf90d17180ce1dfbd95b08dcf47\"},\"headline\":\"SMDT: &#8220;Prezident se\u00e7kisind\u0259 f\u0259al i\u015ftirak \u00fc\u00e7\u00fcn demokratik m\u00fchit yoxdur&#8221;\",\"datePublished\":\"2024-02-02T14:08:40+00:00\",\"dateModified\":\"2024-02-02T14:08:45+00:00\",\"mainEntityOfPage\":{\"@id\":\"https:\\\/\\\/www.meydan.tv\\\/az\\\/article\\\/smdt-prezident-seckisinde-feal-istirak-ucun-demokratik-muhit-yoxdur\\\/\"},\"wordCount\":951,\"publisher\":{\"@id\":\"https:\\\/\\\/www.meydan.tv\\\/az\\\/#organization\"},\"image\":{\"@id\":\"https:\\\/\\\/www.meydan.tv\\\/az\\\/article\\\/smdt-prezident-seckisinde-feal-istirak-ucun-demokratik-muhit-yoxdur\\\/#primaryimage\"},\"thumbnailUrl\":\"https:\\\/\\\/www.meydan.tv\\\/wp-content\\\/uploads\\\/sezki.jpg\",\"articleSection\":[\"Se\u00e7ki 2024\",\"Siyas\u0259t\",\"X\u0259b\u0259rl\u0259r\"],\"inLanguage\":\"az\"},{\"@type\":\"WebPage\",\"@id\":\"https:\\\/\\\/www.meydan.tv\\\/az\\\/article\\\/smdt-prezident-seckisinde-feal-istirak-ucun-demokratik-muhit-yoxdur\\\/\",\"url\":\"https:\\\/\\\/www.meydan.tv\\\/az\\\/article\\\/smdt-prezident-seckisinde-feal-istirak-ucun-demokratik-muhit-yoxdur\\\/\",\"name\":\"SMDT: \\\"Prezident se\u00e7kisind\u0259 f\u0259al i\u015ftirak \u00fc\u00e7\u00fcn demokratik m\u00fchit yoxdur\\\" - MEYDAN.TV\",\"isPartOf\":{\"@id\":\"https:\\\/\\\/www.meydan.tv\\\/az\\\/#website\"},\"primaryImageOfPage\":{\"@id\":\"https:\\\/\\\/www.meydan.tv\\\/az\\\/article\\\/smdt-prezident-seckisinde-feal-istirak-ucun-demokratik-muhit-yoxdur\\\/#primaryimage\"},\"image\":{\"@id\":\"https:\\\/\\\/www.meydan.tv\\\/az\\\/article\\\/smdt-prezident-seckisinde-feal-istirak-ucun-demokratik-muhit-yoxdur\\\/#primaryimage\"},\"thumbnailUrl\":\"https:\\\/\\\/www.meydan.tv\\\/wp-content\\\/uploads\\\/sezki.jpg\",\"datePublished\":\"2024-02-02T14:08:40+00:00\",\"dateModified\":\"2024-02-02T14:08:45+00:00\",\"breadcrumb\":{\"@id\":\"https:\\\/\\\/www.meydan.tv\\\/az\\\/article\\\/smdt-prezident-seckisinde-feal-istirak-ucun-demokratik-muhit-yoxdur\\\/#breadcrumb\"},\"inLanguage\":\"az\",\"potentialAction\":[{\"@type\":\"ReadAction\",\"target\":[\"https:\\\/\\\/www.meydan.tv\\\/az\\\/article\\\/smdt-prezident-seckisinde-feal-istirak-ucun-demokratik-muhit-yoxdur\\\/\"]}]},{\"@type\":\"ImageObject\",\"inLanguage\":\"az\",\"@id\":\"https:\\\/\\\/www.meydan.tv\\\/az\\\/article\\\/smdt-prezident-seckisinde-feal-istirak-ucun-demokratik-muhit-yoxdur\\\/#primaryimage\",\"url\":\"https:\\\/\\\/www.meydan.tv\\\/wp-content\\\/uploads\\\/sezki.jpg\",\"contentUrl\":\"https:\\\/\\\/www.meydan.tv\\\/wp-content\\\/uploads\\\/sezki.jpg\",\"width\":1978,\"height\":1512,\"caption\":\"Source: Foto: Meydan TV\"},{\"@type\":\"BreadcrumbList\",\"@id\":\"https:\\\/\\\/www.meydan.tv\\\/az\\\/article\\\/smdt-prezident-seckisinde-feal-istirak-ucun-demokratik-muhit-yoxdur\\\/#breadcrumb\",\"itemListElement\":[{\"@type\":\"ListItem\",\"position\":1,\"name\":\"Ana s\u0259hif\u0259\",\"item\":\"https:\\\/\\\/www.meydan.tv\\\/az\\\/\"},{\"@type\":\"ListItem\",\"position\":2,\"name\":\"Siyas\u0259t\",\"item\":\"https:\\\/\\\/www.meydan.tv\\\/az\\\/section\\\/siyaset\\\/\"},{\"@type\":\"ListItem\",\"position\":3,\"name\":\"SMDT: &#8220;Prezident se\u00e7kisind\u0259 f\u0259al i\u015ftirak \u00fc\u00e7\u00fcn demokratik m\u00fchit yoxdur&#8221;\"}]},{\"@type\":\"WebSite\",\"@id\":\"https:\\\/\\\/www.meydan.tv\\\/az\\\/#website\",\"url\":\"https:\\\/\\\/www.meydan.tv\\\/az\\\/\",\"name\":\"MEYDAN.TV\",\"description\":\"Meydan TV Az\u0259rbaycan\u0131n media m\u0259kan\u0131ndak\u0131 alternativ s\u0259sidir\",\"publisher\":{\"@id\":\"https:\\\/\\\/www.meydan.tv\\\/az\\\/#organization\"},\"potentialAction\":[{\"@type\":\"SearchAction\",\"target\":{\"@type\":\"EntryPoint\",\"urlTemplate\":\"https:\\\/\\\/www.meydan.tv\\\/az\\\/?s={search_term_string}\"},\"query-input\":{\"@type\":\"PropertyValueSpecification\",\"valueRequired\":true,\"valueName\":\"search_term_string\"}}],\"inLanguage\":\"az\"},{\"@type\":\"Organization\",\"@id\":\"https:\\\/\\\/www.meydan.tv\\\/az\\\/#organization\",\"name\":\"Meydan TV\",\"url\":\"https:\\\/\\\/www.meydan.tv\\\/az\\\/\",\"logo\":{\"@type\":\"ImageObject\",\"inLanguage\":\"az\",\"@id\":\"https:\\\/\\\/www.meydan.tv\\\/az\\\/#\\\/schema\\\/logo\\\/image\\\/\",\"url\":\"https:\\\/\\\/www.meydan.tv\\\/wp-content\\\/uploads\\\/2021\\\/07\\\/meydan-logo.svg\",\"contentUrl\":\"https:\\\/\\\/www.meydan.tv\\\/wp-content\\\/uploads\\\/2021\\\/07\\\/meydan-logo.svg\",\"width\":195,\"height\":46,\"caption\":\"Meydan TV\"},\"image\":{\"@id\":\"https:\\\/\\\/www.meydan.tv\\\/az\\\/#\\\/schema\\\/logo\\\/image\\\/\"}},{\"@type\":\"Person\",\"@id\":\"https:\\\/\\\/www.meydan.tv\\\/az\\\/#\\\/schema\\\/person\\\/9cdbecf90d17180ce1dfbd95b08dcf47\",\"name\":\"elli\",\"sameAs\":[\"https:\\\/\\\/x.com\\\/elli\"]}]}<\/script>\n<!-- \/ Yoast SEO plugin. -->","yoast_head_json":{"title":"SMDT: \"Prezident se\u00e7kisind\u0259 f\u0259al i\u015ftirak \u00fc\u00e7\u00fcn demokratik m\u00fchit yoxdur\" - MEYDAN.TV","robots":{"index":"index","follow":"follow","max-snippet":"max-snippet:-1","max-image-preview":"max-image-preview:large","max-video-preview":"max-video-preview:-1"},"canonical":"https:\/\/www.meydan.tv\/az\/article\/smdt-prezident-seckisinde-feal-istirak-ucun-demokratik-muhit-yoxdur\/","og_locale":"az_AZ","og_type":"article","og_title":"SMDT: \"Prezident se\u00e7kisind\u0259 f\u0259al i\u015ftirak \u00fc\u00e7\u00fcn demokratik m\u00fchit yoxdur\" - MEYDAN.TV","og_description":"T\u0259\u015fkilat Az\u0259rbaycan\u0131n AT\u018fT-in t\u00f6vsiy\u0259l\u0259rin\u0259 \u0259m\u0259l etm\u0259diyini deyir Se\u00e7kil\u0259rin Monitorinqi v\u0259 ... Davam\u0131","og_url":"https:\/\/www.meydan.tv\/az\/article\/smdt-prezident-seckisinde-feal-istirak-ucun-demokratik-muhit-yoxdur\/","og_site_name":"MEYDAN.TV","article_published_time":"2024-02-02T14:08:40+00:00","article_modified_time":"2024-02-02T14:08:45+00:00","og_image":[{"width":1978,"height":1512,"url":"https:\/\/www.meydan.tv\/wp-content\/uploads\/sezki.jpg","type":"image\/jpeg"}],"author":"elli","twitter_card":"summary_large_image","twitter_creator":"@elli","schema":{"@context":"https:\/\/schema.org","@graph":[{"@type":"Article","@id":"https:\/\/www.meydan.tv\/az\/article\/smdt-prezident-seckisinde-feal-istirak-ucun-demokratik-muhit-yoxdur\/#article","isPartOf":{"@id":"https:\/\/www.meydan.tv\/az\/article\/smdt-prezident-seckisinde-feal-istirak-ucun-demokratik-muhit-yoxdur\/"},"author":{"name":"elli","@id":"https:\/\/www.meydan.tv\/az\/#\/schema\/person\/9cdbecf90d17180ce1dfbd95b08dcf47"},"headline":"SMDT: &#8220;Prezident se\u00e7kisind\u0259 f\u0259al i\u015ftirak \u00fc\u00e7\u00fcn demokratik m\u00fchit yoxdur&#8221;","datePublished":"2024-02-02T14:08:40+00:00","dateModified":"2024-02-02T14:08:45+00:00","mainEntityOfPage":{"@id":"https:\/\/www.meydan.tv\/az\/article\/smdt-prezident-seckisinde-feal-istirak-ucun-demokratik-muhit-yoxdur\/"},"wordCount":951,"publisher":{"@id":"https:\/\/www.meydan.tv\/az\/#organization"},"image":{"@id":"https:\/\/www.meydan.tv\/az\/article\/smdt-prezident-seckisinde-feal-istirak-ucun-demokratik-muhit-yoxdur\/#primaryimage"},"thumbnailUrl":"https:\/\/www.meydan.tv\/wp-content\/uploads\/sezki.jpg","articleSection":["Se\u00e7ki 2024","Siyas\u0259t","X\u0259b\u0259rl\u0259r"],"inLanguage":"az"},{"@type":"WebPage","@id":"https:\/\/www.meydan.tv\/az\/article\/smdt-prezident-seckisinde-feal-istirak-ucun-demokratik-muhit-yoxdur\/","url":"https:\/\/www.meydan.tv\/az\/article\/smdt-prezident-seckisinde-feal-istirak-ucun-demokratik-muhit-yoxdur\/","name":"SMDT: \"Prezident se\u00e7kisind\u0259 f\u0259al i\u015ftirak \u00fc\u00e7\u00fcn demokratik m\u00fchit yoxdur\" - MEYDAN.TV","isPartOf":{"@id":"https:\/\/www.meydan.tv\/az\/#website"},"primaryImageOfPage":{"@id":"https:\/\/www.meydan.tv\/az\/article\/smdt-prezident-seckisinde-feal-istirak-ucun-demokratik-muhit-yoxdur\/#primaryimage"},"image":{"@id":"https:\/\/www.meydan.tv\/az\/article\/smdt-prezident-seckisinde-feal-istirak-ucun-demokratik-muhit-yoxdur\/#primaryimage"},"thumbnailUrl":"https:\/\/www.meydan.tv\/wp-content\/uploads\/sezki.jpg","datePublished":"2024-02-02T14:08:40+00:00","dateModified":"2024-02-02T14:08:45+00:00","breadcrumb":{"@id":"https:\/\/www.meydan.tv\/az\/article\/smdt-prezident-seckisinde-feal-istirak-ucun-demokratik-muhit-yoxdur\/#breadcrumb"},"inLanguage":"az","potentialAction":[{"@type":"ReadAction","target":["https:\/\/www.meydan.tv\/az\/article\/smdt-prezident-seckisinde-feal-istirak-ucun-demokratik-muhit-yoxdur\/"]}]},{"@type":"ImageObject","inLanguage":"az","@id":"https:\/\/www.meydan.tv\/az\/article\/smdt-prezident-seckisinde-feal-istirak-ucun-demokratik-muhit-yoxdur\/#primaryimage","url":"https:\/\/www.meydan.tv\/wp-content\/uploads\/sezki.jpg","contentUrl":"https:\/\/www.meydan.tv\/wp-content\/uploads\/sezki.jpg","width":1978,"height":1512,"caption":"Source: Foto: Meydan TV"},{"@type":"BreadcrumbList","@id":"https:\/\/www.meydan.tv\/az\/article\/smdt-prezident-seckisinde-feal-istirak-ucun-demokratik-muhit-yoxdur\/#breadcrumb","itemListElement":[{"@type":"ListItem","position":1,"name":"Ana s\u0259hif\u0259","item":"https:\/\/www.meydan.tv\/az\/"},{"@type":"ListItem","position":2,"name":"Siyas\u0259t","item":"https:\/\/www.meydan.tv\/az\/section\/siyaset\/"},{"@type":"ListItem","position":3,"name":"SMDT: &#8220;Prezident se\u00e7kisind\u0259 f\u0259al i\u015ftirak \u00fc\u00e7\u00fcn demokratik m\u00fchit yoxdur&#8221;"}]},{"@type":"WebSite","@id":"https:\/\/www.meydan.tv\/az\/#website","url":"https:\/\/www.meydan.tv\/az\/","name":"MEYDAN.TV","description":"Meydan TV Az\u0259rbaycan\u0131n media m\u0259kan\u0131ndak\u0131 alternativ s\u0259sidir","publisher":{"@id":"https:\/\/www.meydan.tv\/az\/#organization"},"potentialAction":[{"@type":"SearchAction","target":{"@type":"EntryPoint","urlTemplate":"https:\/\/www.meydan.tv\/az\/?s={search_term_string}"},"query-input":{"@type":"PropertyValueSpecification","valueRequired":true,"valueName":"search_term_string"}}],"inLanguage":"az"},{"@type":"Organization","@id":"https:\/\/www.meydan.tv\/az\/#organization","name":"Meydan TV","url":"https:\/\/www.meydan.tv\/az\/","logo":{"@type":"ImageObject","inLanguage":"az","@id":"https:\/\/www.meydan.tv\/az\/#\/schema\/logo\/image\/","url":"https:\/\/www.meydan.tv\/wp-content\/uploads\/2021\/07\/meydan-logo.svg","contentUrl":"https:\/\/www.meydan.tv\/wp-content\/uploads\/2021\/07\/meydan-logo.svg","width":195,"height":46,"caption":"Meydan TV"},"image":{"@id":"https:\/\/www.meydan.tv\/az\/#\/schema\/logo\/image\/"}},{"@type":"Person","@id":"https:\/\/www.meydan.tv\/az\/#\/schema\/person\/9cdbecf90d17180ce1dfbd95b08dcf47","name":"elli","sameAs":["https:\/\/x.com\/elli"]}]}},"_links":{"self":[{"href":"https:\/\/www.meydan.tv\/az\/wp-json\/wp\/v2\/posts\/296927","targetHints":{"allow":["GET"]}}],"collection":[{"href":"https:\/\/www.meydan.tv\/az\/wp-json\/wp\/v2\/posts"}],"about":[{"href":"https:\/\/www.meydan.tv\/az\/wp-json\/wp\/v2\/types\/post"}],"author":[{"embeddable":true,"href":"https:\/\/www.meydan.tv\/az\/wp-json\/wp\/v2\/users\/8"}],"replies":[{"embeddable":true,"href":"https:\/\/www.meydan.tv\/az\/wp-json\/wp\/v2\/comments?post=296927"}],"version-history":[{"count":3,"href":"https:\/\/www.meydan.tv\/az\/wp-json\/wp\/v2\/posts\/296927\/revisions"}],"predecessor-version":[{"id":296931,"href":"https:\/\/www.meydan.tv\/az\/wp-json\/wp\/v2\/posts\/296927\/revisions\/296931"}],"wp:featuredmedia":[{"embeddable":true,"href":"https:\/\/www.meydan.tv\/az\/wp-json\/wp\/v2\/media\/131151"}],"wp:attachment":[{"href":"https:\/\/www.meydan.tv\/az\/wp-json\/wp\/v2\/media?parent=296927"}],"wp:term":[{"taxonomy":"category","embeddable":true,"href":"https:\/\/www.meydan.tv\/az\/wp-json\/wp\/v2\/categories?post=296927"},{"taxonomy":"post_tag","embeddable":true,"href":"https:\/\/www.meydan.tv\/az\/wp-json\/wp\/v2\/tags?post=296927"}],"curies":[{"name":"wp","href":"https:\/\/api.w.org\/{rel}","templated":true}]}}