{"id":296838,"date":"2024-02-01T15:20:14","date_gmt":"2024-02-01T11:20:14","guid":{"rendered":"https:\/\/www.meydan.tv\/?p=296838"},"modified":"2024-02-01T15:50:27","modified_gmt":"2024-02-01T11:50:27","slug":"memurlar-aciq-beyan-etmelidirler-azerbaycanda-kino-olmalidir-ya-yox","status":"publish","type":"post","link":"https:\/\/www.meydan.tv\/az\/article\/memurlar-aciq-beyan-etmelidirler-azerbaycanda-kino-olmalidir-ya-yox\/","title":{"rendered":"&#8220;M\u0259murlar a\u00e7\u0131q b\u0259yan etm\u0259lidirl\u0259r: Az\u0259rbaycanda kino olmal\u0131d\u0131r, ya yox?!&#8221;"},"content":{"rendered":"\n<p><\/p>\n\n\n\n<p><strong><em>\u0130qtisad\u00e7\u0131 deyir ki, d\u00f6vl\u0259tin kino siyas\u0259ti olmamal\u0131d\u0131r, \u00e7\u00fcnki sonda senzuraya \u00e7evril\u0259c\u0259k<\/em><\/strong><\/p>\n\n\n\n<p>Az\u0259rbaycanda kino sah\u0259sinin ac\u0131nacaql\u0131 v\u0259ziyy\u0259td\u0259 olmas\u0131 il\u0259 ba\u011fl\u0131 m\u00fczakir\u0259l\u0259r zaman-zaman g\u00fcnd\u0259m\u0259 g\u0259lir.<\/p>\n\n\n\n<p>D\u00f6vl\u0259tin hesab\u0131na \u00e7\u0259kil\u0259n filml\u0259rin d\u00fcnya standartlar\u0131na cavab verm\u0259m\u0259sind\u0259n, h\u0259m\u00e7inin beyn\u0259lxalq festivallarda n\u00fcmayi\u015f olunmamas\u0131ndan \u015fikay\u0259tl\u0259n\u0259nl\u0259r d\u0259 \u00e7ox olur.<\/p>\n\n\n\n<p>Son d\u00f6rd-be\u015f ild\u0259 is\u0259 kinoya b\u00fcdc\u0259d\u0259n pul ayr\u0131lsa da, film istehsalat\u0131 tamamil\u0259 dayan\u0131b.<\/p>\n\n\n\n<p>Kinoya cavabdeh M\u0259d\u0259niyy\u0259t Nazirliyi bununla ba\u011fl\u0131 a\u00e7\u0131qlama vermir, pullar\u0131n hara v\u0259 nec\u0259 x\u0259rcl\u0259nm\u0259sinin hesabat\u0131n\u0131 t\u0259qdim etmir.<\/p>\n\n\n<div class=\"wp-block-image\">\n<figure class=\"alignright size-full is-resized\"><img decoding=\"async\" width=\"813\" height=\"480\" data-src=\"https:\/\/www.meydan.tv\/wp-content\/uploads\/unnamed_lqc8dvu.png\" alt=\"M\u0259d\u0259niyy\u0259t Nazirliyi\" class=\"wp-image-155115 lazyload\" style=\"--smush-placeholder-width: 813px; --smush-placeholder-aspect-ratio: 813\/480;width:360px;height:auto\" src=\"data:image\/svg+xml;base64,PHN2ZyB3aWR0aD0iMSIgaGVpZ2h0PSIxIiB4bWxucz0iaHR0cDovL3d3dy53My5vcmcvMjAwMC9zdmciPjwvc3ZnPg==\" \/><figcaption class=\"wp-element-caption\">M\u0259d\u0259niyy\u0259t Nazirliyi<\/figcaption><\/figure>\n<\/div>\n\n\n<p>Ekspertl\u0259r Az\u0259rbaycan kinosunda son d\u00f6rd-be\u015f ild\u0259 v\u0259ziyy\u0259tin kritik oldu\u011funu deyirl\u0259r.<\/p>\n\n\n\n<p>Kino t\u0259nqid\u00e7i Sevda Sultanova s\u00f6yl\u0259yir ki, \u00f6lk\u0259d\u0259 kino siyas\u0259tin\u0259 m\u0259sul olan y\u00fcks\u0259k r\u00fctb\u0259li m\u0259murlar art\u0131q q\u0259rara g\u0259lm\u0259li v\u0259 a\u00e7\u0131q b\u0259yan etm\u0259lidir: Az\u0259rbaycanda kinonun olmas\u0131n\u0131 ist\u0259yirl\u0259r, ya yox?!<\/p>\n\n\n\n<p>\u00d6t\u0259n ilin sonlar\u0131na do\u011fru M\u0259d\u0259niyy\u0259t Nazirliyi t\u0259r\u0259find\u0259n kinematoqrafiya, r\u0259q\u0259msal v\u0259 dig\u0259r audiovizual \u0259s\u0259rl\u0259rin m\u0259zmununun qiym\u0259tl\u0259ndirilm\u0259si \u00fczr\u0259 Ekspert \u015euras\u0131 yarad\u0131ld\u0131.<\/p>\n\n\n\n<p>Kinoya senzuran\u0131n t\u0259tbiqi kino ictimaiyy\u0259ti aras\u0131nda naraz\u0131l\u0131q v\u0259 m\u00fczakir\u0259l\u0259r\u0259 s\u0259b\u0259b <a href=\"https:\/\/storage.googleapis.com\/qurium\/www.meydan.tv\/az-article-kinosunas-nazirlik-ekspert-surasi-yaratmaqla-senzurani-resmilesdirdi.html\">oldu.<\/a><\/p>\n\n\n\n<p>\u00dcmumiyy\u0259tl\u0259, d\u00f6vl\u0259t kinoya, inc\u0259s\u0259n\u0259tin dig\u0259r sah\u0259l\u0259rin\u0259 pul ay\u0131rmal\u0131d\u0131rm\u0131? B\u0259s d\u00f6vl\u0259tin maliyy\u0259 yard\u0131m\u0131n\u0131n arxas\u0131nda h\u00f6kum\u0259tin senzuras\u0131 dayan\u0131rsa, onda nec\u0259?<\/p>\n\n\n\n<p><strong>&#8220;\u0130nc\u0259s\u0259n\u0259tin ist\u0259nil\u0259n n\u00f6v\u00fc &#8211; kino, teatr, yaz\u0131\u00e7\u0131l\u0131q maksimum m\u00fcst\u0259qil olma\u011f\u0131 se\u00e7m\u0259lidir&#8221;.<\/strong><\/p>\n\n\n\n<p>\u0130qtisad\u00e7\u0131 To\u011frul V\u0259liyev bel\u0259 d\u00fc\u015f\u00fcn\u00fcr.<\/p>\n\n\n\n<p>Onun fikrinc\u0259, m\u00fcst\u0259qil olmaq \u00fc\u00e7\u00fcn ilk \u015f\u0259rt d\u00f6vl\u0259td\u0259n v\u0259sait almamaqd\u0131r:<\/p>\n\n\n\n<p>\u201c<em>D\u00f6vl\u0259t he\u00e7 bir halda film \u00e7\u0259kili\u015find\u0259 i\u015ftirak etm\u0259m\u0259li, kino siyas\u0259ti olmamal\u0131d\u0131r. \u00c7\u00fcnki d\u00f6vl\u0259tin h\u0259tta \u201c\u0259n yax\u015f\u0131 motivl\u0259r\u201d u\u011frunda apard\u0131\u011f\u0131 siyas\u0259t sonda senzuraya \u00e7evril\u0259c\u0259k. Ola bil\u0259r ki, d\u00f6vl\u0259t hans\u0131sa qada\u011fan olunmu\u015f m\u00f6vzular\u0131 t\u0259yin ed\u0259 bil\u0259r. Amma bu m\u00f6vzular onsuz da Cinay\u0259t M\u0259c\u0259ll\u0259si v\u0259 ya dig\u0259r qanun v\u0259 normativ s\u0259n\u0259dl\u0259r il\u0259 t\u0259nziml\u0259nir\u201d.<\/em><\/p>\n\n\n<div class=\"wp-block-image\">\n<figure class=\"alignleft size-full is-resized\"><img decoding=\"async\" width=\"1200\" height=\"720\" data-src=\"https:\/\/www.meydan.tv\/wp-content\/uploads\/togrul-masalli.jpg\" alt=\"To\u011frul Ma\u015fall\u0131\" class=\"wp-image-123130 lazyload\" style=\"--smush-placeholder-width: 1200px; --smush-placeholder-aspect-ratio: 1200\/720;width:392px;height:auto\" src=\"data:image\/svg+xml;base64,PHN2ZyB3aWR0aD0iMSIgaGVpZ2h0PSIxIiB4bWxucz0iaHR0cDovL3d3dy53My5vcmcvMjAwMC9zdmciPjwvc3ZnPg==\" \/><figcaption class=\"wp-element-caption\">Foto: To\u011frul V\u0259liyevin \u015f\u0259xsi arxivind\u0259n<\/figcaption><\/figure>\n<\/div>\n\n\n<p>\u0130qtisad\u00e7\u0131 hesab edir ki, d\u00f6vl\u0259tin kinoya d\u0259st\u0259yi subsidiyalar, yaxud da klassikl\u0259rin \u0259s\u0259rl\u0259rinin \u00e7ap\u0131, m\u00fcvafiq tama\u015falar\u0131n qoyulmas\u0131, ya da h\u0259r hans\u0131 m\u00f6vzuya dair s\u0259n\u0259dli filml\u0259rin \u00e7\u0259kilm\u0259si istiqam\u0259tind\u0259 ola bil\u0259r:<\/p>\n\n\n\n<p><em>\u201cKims\u0259 teatrlar v\u0259 ya kino haqq\u0131nda pafoslu dan\u0131\u015fsa &#8211; bilin ki, sad\u0259c\u0259, d\u00f6vl\u0259t b\u00fcdc\u0259sind\u0259n v\u0259saiti he\u00e7 bir s\u0259y g\u00f6st\u0259rm\u0259d\u0259n \u00f6z cibin\u0259 qoymaq ist\u0259yir. Kino v\u0259 teatr h\u0259mi\u015f\u0259 g\u0259lir g\u0259tirm\u0259yi m\u0259qs\u0259d g\u00f6r\u00fcb. H\u0259r \u015feyi d\u00f6vl\u0259td\u0259n g\u00f6zl\u0259m\u0259k &#8211;<\/em> <em>bu, sad\u0259c\u0259, senzuran\u0131 d\u0259st\u0259kl\u0259m\u0259k dem\u0259kdir\u201d.<\/em><\/p>\n","protected":false},"excerpt":{"rendered":"<p>\u0130qtisad\u00e7\u0131 deyir ki, d\u00f6vl\u0259tin kino siyas\u0259ti olmamal\u0131d\u0131r, \u00e7\u00fcnki sonda senzuraya &#8230; <\/p>\n<p class=\"read-more-container\"><a title=\"&#8220;M\u0259murlar a\u00e7\u0131q b\u0259yan etm\u0259lidirl\u0259r: Az\u0259rbaycanda kino olmal\u0131d\u0131r, ya yox?!&#8221;\" class=\"read-more button\" href=\"https:\/\/www.meydan.tv\/az\/article\/memurlar-aciq-beyan-etmelidirler-azerbaycanda-kino-olmalidir-ya-yox\/#more-296838\" aria-label=\"Read more about &#8220;M\u0259murlar a\u00e7\u0131q b\u0259yan etm\u0259lidirl\u0259r: Az\u0259rbaycanda kino olmal\u0131d\u0131r, ya yox?!&#8221;\">Davam\u0131<\/a><\/p>\n","protected":false},"author":8,"featured_media":242701,"comment_status":"closed","ping_status":"closed","sticky":false,"template":"","format":"standard","meta":{"_acf_changed":false,"_sitemap_exclude":false,"_sitemap_priority":"","_sitemap_frequency":"","footnotes":""},"categories":[52,56],"tags":[],"class_list":["post-296838","post","type-post","status-publish","format-standard","has-post-thumbnail","hentry","category-medeniyyet","category-xeberler","infinite-scroll-item","generate-columns","tablet-grid-50","mobile-grid-100","grid-parent","grid-33","no-featured-image-padding"],"acf":[],"yoast_head":"<!-- This site is optimized with the Yoast SEO plugin v27.4 - https:\/\/yoast.com\/product\/yoast-seo-wordpress\/ -->\n<title>&quot;M\u0259murlar a\u00e7\u0131q b\u0259yan etm\u0259lidirl\u0259r: Az\u0259rbaycanda kino olmal\u0131d\u0131r, ya yox?!&quot; - MEYDAN.TV<\/title>\n<meta name=\"robots\" content=\"index, follow, max-snippet:-1, max-image-preview:large, max-video-preview:-1\" \/>\n<link rel=\"canonical\" href=\"https:\/\/www.meydan.tv\/az\/article\/memurlar-aciq-beyan-etmelidirler-azerbaycanda-kino-olmalidir-ya-yox\/\" \/>\n<meta property=\"og:locale\" content=\"az_AZ\" \/>\n<meta property=\"og:type\" content=\"article\" \/>\n<meta property=\"og:title\" content=\"&quot;M\u0259murlar a\u00e7\u0131q b\u0259yan etm\u0259lidirl\u0259r: Az\u0259rbaycanda kino olmal\u0131d\u0131r, ya yox?!&quot; - MEYDAN.TV\" \/>\n<meta property=\"og:description\" content=\"\u0130qtisad\u00e7\u0131 deyir ki, d\u00f6vl\u0259tin kino siyas\u0259ti olmamal\u0131d\u0131r, \u00e7\u00fcnki sonda senzuraya ... Davam\u0131\" \/>\n<meta property=\"og:url\" content=\"https:\/\/www.meydan.tv\/az\/article\/memurlar-aciq-beyan-etmelidirler-azerbaycanda-kino-olmalidir-ya-yox\/\" \/>\n<meta property=\"og:site_name\" content=\"MEYDAN.TV\" \/>\n<meta property=\"article:published_time\" content=\"2024-02-01T11:20:14+00:00\" \/>\n<meta property=\"article:modified_time\" content=\"2024-02-01T11:50:27+00:00\" \/>\n<meta property=\"og:image\" content=\"https:\/\/www.meydan.tv\/wp-content\/uploads\/shutterstock_1914661585.jpg\" \/>\n\t<meta property=\"og:image:width\" content=\"1200\" \/>\n\t<meta property=\"og:image:height\" content=\"794\" \/>\n\t<meta property=\"og:image:type\" content=\"image\/jpeg\" \/>\n<meta name=\"author\" content=\"elli\" \/>\n<meta name=\"twitter:card\" content=\"summary_large_image\" \/>\n<meta name=\"twitter:creator\" content=\"@elli\" \/>\n<script type=\"application\/ld+json\" class=\"yoast-schema-graph\">{\"@context\":\"https:\\\/\\\/schema.org\",\"@graph\":[{\"@type\":\"Article\",\"@id\":\"https:\\\/\\\/www.meydan.tv\\\/az\\\/article\\\/memurlar-aciq-beyan-etmelidirler-azerbaycanda-kino-olmalidir-ya-yox\\\/#article\",\"isPartOf\":{\"@id\":\"https:\\\/\\\/www.meydan.tv\\\/az\\\/article\\\/memurlar-aciq-beyan-etmelidirler-azerbaycanda-kino-olmalidir-ya-yox\\\/\"},\"author\":{\"name\":\"elli\",\"@id\":\"https:\\\/\\\/www.meydan.tv\\\/az\\\/#\\\/schema\\\/person\\\/9cdbecf90d17180ce1dfbd95b08dcf47\"},\"headline\":\"&#8220;M\u0259murlar a\u00e7\u0131q b\u0259yan etm\u0259lidirl\u0259r: Az\u0259rbaycanda kino olmal\u0131d\u0131r, ya yox?!&#8221;\",\"datePublished\":\"2024-02-01T11:20:14+00:00\",\"dateModified\":\"2024-02-01T11:50:27+00:00\",\"mainEntityOfPage\":{\"@id\":\"https:\\\/\\\/www.meydan.tv\\\/az\\\/article\\\/memurlar-aciq-beyan-etmelidirler-azerbaycanda-kino-olmalidir-ya-yox\\\/\"},\"wordCount\":579,\"publisher\":{\"@id\":\"https:\\\/\\\/www.meydan.tv\\\/az\\\/#organization\"},\"image\":{\"@id\":\"https:\\\/\\\/www.meydan.tv\\\/az\\\/article\\\/memurlar-aciq-beyan-etmelidirler-azerbaycanda-kino-olmalidir-ya-yox\\\/#primaryimage\"},\"thumbnailUrl\":\"https:\\\/\\\/www.meydan.tv\\\/wp-content\\\/uploads\\\/shutterstock_1914661585.jpg\",\"articleSection\":[\"M\u0259d\u0259niyy\u0259t\",\"X\u0259b\u0259rl\u0259r\"],\"inLanguage\":\"az\"},{\"@type\":\"WebPage\",\"@id\":\"https:\\\/\\\/www.meydan.tv\\\/az\\\/article\\\/memurlar-aciq-beyan-etmelidirler-azerbaycanda-kino-olmalidir-ya-yox\\\/\",\"url\":\"https:\\\/\\\/www.meydan.tv\\\/az\\\/article\\\/memurlar-aciq-beyan-etmelidirler-azerbaycanda-kino-olmalidir-ya-yox\\\/\",\"name\":\"\\\"M\u0259murlar a\u00e7\u0131q b\u0259yan etm\u0259lidirl\u0259r: Az\u0259rbaycanda kino olmal\u0131d\u0131r, ya yox?!\\\" - MEYDAN.TV\",\"isPartOf\":{\"@id\":\"https:\\\/\\\/www.meydan.tv\\\/az\\\/#website\"},\"primaryImageOfPage\":{\"@id\":\"https:\\\/\\\/www.meydan.tv\\\/az\\\/article\\\/memurlar-aciq-beyan-etmelidirler-azerbaycanda-kino-olmalidir-ya-yox\\\/#primaryimage\"},\"image\":{\"@id\":\"https:\\\/\\\/www.meydan.tv\\\/az\\\/article\\\/memurlar-aciq-beyan-etmelidirler-azerbaycanda-kino-olmalidir-ya-yox\\\/#primaryimage\"},\"thumbnailUrl\":\"https:\\\/\\\/www.meydan.tv\\\/wp-content\\\/uploads\\\/shutterstock_1914661585.jpg\",\"datePublished\":\"2024-02-01T11:20:14+00:00\",\"dateModified\":\"2024-02-01T11:50:27+00:00\",\"breadcrumb\":{\"@id\":\"https:\\\/\\\/www.meydan.tv\\\/az\\\/article\\\/memurlar-aciq-beyan-etmelidirler-azerbaycanda-kino-olmalidir-ya-yox\\\/#breadcrumb\"},\"inLanguage\":\"az\",\"potentialAction\":[{\"@type\":\"ReadAction\",\"target\":[\"https:\\\/\\\/www.meydan.tv\\\/az\\\/article\\\/memurlar-aciq-beyan-etmelidirler-azerbaycanda-kino-olmalidir-ya-yox\\\/\"]}]},{\"@type\":\"ImageObject\",\"inLanguage\":\"az\",\"@id\":\"https:\\\/\\\/www.meydan.tv\\\/az\\\/article\\\/memurlar-aciq-beyan-etmelidirler-azerbaycanda-kino-olmalidir-ya-yox\\\/#primaryimage\",\"url\":\"https:\\\/\\\/www.meydan.tv\\\/wp-content\\\/uploads\\\/shutterstock_1914661585.jpg\",\"contentUrl\":\"https:\\\/\\\/www.meydan.tv\\\/wp-content\\\/uploads\\\/shutterstock_1914661585.jpg\",\"width\":1200,\"height\":794,\"caption\":\"Az\u0259rbaycan kinosu. Foto: natatravel\\\/shutterstock\"},{\"@type\":\"BreadcrumbList\",\"@id\":\"https:\\\/\\\/www.meydan.tv\\\/az\\\/article\\\/memurlar-aciq-beyan-etmelidirler-azerbaycanda-kino-olmalidir-ya-yox\\\/#breadcrumb\",\"itemListElement\":[{\"@type\":\"ListItem\",\"position\":1,\"name\":\"Ana s\u0259hif\u0259\",\"item\":\"https:\\\/\\\/www.meydan.tv\\\/az\\\/\"},{\"@type\":\"ListItem\",\"position\":2,\"name\":\"M\u0259d\u0259niyy\u0259t\",\"item\":\"https:\\\/\\\/www.meydan.tv\\\/az\\\/section\\\/medeniyyet\\\/\"},{\"@type\":\"ListItem\",\"position\":3,\"name\":\"&#8220;M\u0259murlar a\u00e7\u0131q b\u0259yan etm\u0259lidirl\u0259r: Az\u0259rbaycanda kino olmal\u0131d\u0131r, ya yox?!&#8221;\"}]},{\"@type\":\"WebSite\",\"@id\":\"https:\\\/\\\/www.meydan.tv\\\/az\\\/#website\",\"url\":\"https:\\\/\\\/www.meydan.tv\\\/az\\\/\",\"name\":\"MEYDAN.TV\",\"description\":\"Meydan TV Az\u0259rbaycan\u0131n media m\u0259kan\u0131ndak\u0131 alternativ s\u0259sidir\",\"publisher\":{\"@id\":\"https:\\\/\\\/www.meydan.tv\\\/az\\\/#organization\"},\"potentialAction\":[{\"@type\":\"SearchAction\",\"target\":{\"@type\":\"EntryPoint\",\"urlTemplate\":\"https:\\\/\\\/www.meydan.tv\\\/az\\\/?s={search_term_string}\"},\"query-input\":{\"@type\":\"PropertyValueSpecification\",\"valueRequired\":true,\"valueName\":\"search_term_string\"}}],\"inLanguage\":\"az\"},{\"@type\":\"Organization\",\"@id\":\"https:\\\/\\\/www.meydan.tv\\\/az\\\/#organization\",\"name\":\"Meydan TV\",\"url\":\"https:\\\/\\\/www.meydan.tv\\\/az\\\/\",\"logo\":{\"@type\":\"ImageObject\",\"inLanguage\":\"az\",\"@id\":\"https:\\\/\\\/www.meydan.tv\\\/az\\\/#\\\/schema\\\/logo\\\/image\\\/\",\"url\":\"https:\\\/\\\/www.meydan.tv\\\/wp-content\\\/uploads\\\/2021\\\/07\\\/meydan-logo.svg\",\"contentUrl\":\"https:\\\/\\\/www.meydan.tv\\\/wp-content\\\/uploads\\\/2021\\\/07\\\/meydan-logo.svg\",\"width\":195,\"height\":46,\"caption\":\"Meydan TV\"},\"image\":{\"@id\":\"https:\\\/\\\/www.meydan.tv\\\/az\\\/#\\\/schema\\\/logo\\\/image\\\/\"}},{\"@type\":\"Person\",\"@id\":\"https:\\\/\\\/www.meydan.tv\\\/az\\\/#\\\/schema\\\/person\\\/9cdbecf90d17180ce1dfbd95b08dcf47\",\"name\":\"elli\",\"sameAs\":[\"https:\\\/\\\/x.com\\\/elli\"]}]}<\/script>\n<!-- \/ Yoast SEO plugin. -->","yoast_head_json":{"title":"\"M\u0259murlar a\u00e7\u0131q b\u0259yan etm\u0259lidirl\u0259r: Az\u0259rbaycanda kino olmal\u0131d\u0131r, ya yox?!\" - MEYDAN.TV","robots":{"index":"index","follow":"follow","max-snippet":"max-snippet:-1","max-image-preview":"max-image-preview:large","max-video-preview":"max-video-preview:-1"},"canonical":"https:\/\/www.meydan.tv\/az\/article\/memurlar-aciq-beyan-etmelidirler-azerbaycanda-kino-olmalidir-ya-yox\/","og_locale":"az_AZ","og_type":"article","og_title":"\"M\u0259murlar a\u00e7\u0131q b\u0259yan etm\u0259lidirl\u0259r: Az\u0259rbaycanda kino olmal\u0131d\u0131r, ya yox?!\" - MEYDAN.TV","og_description":"\u0130qtisad\u00e7\u0131 deyir ki, d\u00f6vl\u0259tin kino siyas\u0259ti olmamal\u0131d\u0131r, \u00e7\u00fcnki sonda senzuraya ... Davam\u0131","og_url":"https:\/\/www.meydan.tv\/az\/article\/memurlar-aciq-beyan-etmelidirler-azerbaycanda-kino-olmalidir-ya-yox\/","og_site_name":"MEYDAN.TV","article_published_time":"2024-02-01T11:20:14+00:00","article_modified_time":"2024-02-01T11:50:27+00:00","og_image":[{"width":1200,"height":794,"url":"https:\/\/www.meydan.tv\/wp-content\/uploads\/shutterstock_1914661585.jpg","type":"image\/jpeg"}],"author":"elli","twitter_card":"summary_large_image","twitter_creator":"@elli","schema":{"@context":"https:\/\/schema.org","@graph":[{"@type":"Article","@id":"https:\/\/www.meydan.tv\/az\/article\/memurlar-aciq-beyan-etmelidirler-azerbaycanda-kino-olmalidir-ya-yox\/#article","isPartOf":{"@id":"https:\/\/www.meydan.tv\/az\/article\/memurlar-aciq-beyan-etmelidirler-azerbaycanda-kino-olmalidir-ya-yox\/"},"author":{"name":"elli","@id":"https:\/\/www.meydan.tv\/az\/#\/schema\/person\/9cdbecf90d17180ce1dfbd95b08dcf47"},"headline":"&#8220;M\u0259murlar a\u00e7\u0131q b\u0259yan etm\u0259lidirl\u0259r: Az\u0259rbaycanda kino olmal\u0131d\u0131r, ya yox?!&#8221;","datePublished":"2024-02-01T11:20:14+00:00","dateModified":"2024-02-01T11:50:27+00:00","mainEntityOfPage":{"@id":"https:\/\/www.meydan.tv\/az\/article\/memurlar-aciq-beyan-etmelidirler-azerbaycanda-kino-olmalidir-ya-yox\/"},"wordCount":579,"publisher":{"@id":"https:\/\/www.meydan.tv\/az\/#organization"},"image":{"@id":"https:\/\/www.meydan.tv\/az\/article\/memurlar-aciq-beyan-etmelidirler-azerbaycanda-kino-olmalidir-ya-yox\/#primaryimage"},"thumbnailUrl":"https:\/\/www.meydan.tv\/wp-content\/uploads\/shutterstock_1914661585.jpg","articleSection":["M\u0259d\u0259niyy\u0259t","X\u0259b\u0259rl\u0259r"],"inLanguage":"az"},{"@type":"WebPage","@id":"https:\/\/www.meydan.tv\/az\/article\/memurlar-aciq-beyan-etmelidirler-azerbaycanda-kino-olmalidir-ya-yox\/","url":"https:\/\/www.meydan.tv\/az\/article\/memurlar-aciq-beyan-etmelidirler-azerbaycanda-kino-olmalidir-ya-yox\/","name":"\"M\u0259murlar a\u00e7\u0131q b\u0259yan etm\u0259lidirl\u0259r: Az\u0259rbaycanda kino olmal\u0131d\u0131r, ya yox?!\" - MEYDAN.TV","isPartOf":{"@id":"https:\/\/www.meydan.tv\/az\/#website"},"primaryImageOfPage":{"@id":"https:\/\/www.meydan.tv\/az\/article\/memurlar-aciq-beyan-etmelidirler-azerbaycanda-kino-olmalidir-ya-yox\/#primaryimage"},"image":{"@id":"https:\/\/www.meydan.tv\/az\/article\/memurlar-aciq-beyan-etmelidirler-azerbaycanda-kino-olmalidir-ya-yox\/#primaryimage"},"thumbnailUrl":"https:\/\/www.meydan.tv\/wp-content\/uploads\/shutterstock_1914661585.jpg","datePublished":"2024-02-01T11:20:14+00:00","dateModified":"2024-02-01T11:50:27+00:00","breadcrumb":{"@id":"https:\/\/www.meydan.tv\/az\/article\/memurlar-aciq-beyan-etmelidirler-azerbaycanda-kino-olmalidir-ya-yox\/#breadcrumb"},"inLanguage":"az","potentialAction":[{"@type":"ReadAction","target":["https:\/\/www.meydan.tv\/az\/article\/memurlar-aciq-beyan-etmelidirler-azerbaycanda-kino-olmalidir-ya-yox\/"]}]},{"@type":"ImageObject","inLanguage":"az","@id":"https:\/\/www.meydan.tv\/az\/article\/memurlar-aciq-beyan-etmelidirler-azerbaycanda-kino-olmalidir-ya-yox\/#primaryimage","url":"https:\/\/www.meydan.tv\/wp-content\/uploads\/shutterstock_1914661585.jpg","contentUrl":"https:\/\/www.meydan.tv\/wp-content\/uploads\/shutterstock_1914661585.jpg","width":1200,"height":794,"caption":"Az\u0259rbaycan kinosu. Foto: natatravel\/shutterstock"},{"@type":"BreadcrumbList","@id":"https:\/\/www.meydan.tv\/az\/article\/memurlar-aciq-beyan-etmelidirler-azerbaycanda-kino-olmalidir-ya-yox\/#breadcrumb","itemListElement":[{"@type":"ListItem","position":1,"name":"Ana s\u0259hif\u0259","item":"https:\/\/www.meydan.tv\/az\/"},{"@type":"ListItem","position":2,"name":"M\u0259d\u0259niyy\u0259t","item":"https:\/\/www.meydan.tv\/az\/section\/medeniyyet\/"},{"@type":"ListItem","position":3,"name":"&#8220;M\u0259murlar a\u00e7\u0131q b\u0259yan etm\u0259lidirl\u0259r: Az\u0259rbaycanda kino olmal\u0131d\u0131r, ya yox?!&#8221;"}]},{"@type":"WebSite","@id":"https:\/\/www.meydan.tv\/az\/#website","url":"https:\/\/www.meydan.tv\/az\/","name":"MEYDAN.TV","description":"Meydan TV Az\u0259rbaycan\u0131n media m\u0259kan\u0131ndak\u0131 alternativ s\u0259sidir","publisher":{"@id":"https:\/\/www.meydan.tv\/az\/#organization"},"potentialAction":[{"@type":"SearchAction","target":{"@type":"EntryPoint","urlTemplate":"https:\/\/www.meydan.tv\/az\/?s={search_term_string}"},"query-input":{"@type":"PropertyValueSpecification","valueRequired":true,"valueName":"search_term_string"}}],"inLanguage":"az"},{"@type":"Organization","@id":"https:\/\/www.meydan.tv\/az\/#organization","name":"Meydan TV","url":"https:\/\/www.meydan.tv\/az\/","logo":{"@type":"ImageObject","inLanguage":"az","@id":"https:\/\/www.meydan.tv\/az\/#\/schema\/logo\/image\/","url":"https:\/\/www.meydan.tv\/wp-content\/uploads\/2021\/07\/meydan-logo.svg","contentUrl":"https:\/\/www.meydan.tv\/wp-content\/uploads\/2021\/07\/meydan-logo.svg","width":195,"height":46,"caption":"Meydan TV"},"image":{"@id":"https:\/\/www.meydan.tv\/az\/#\/schema\/logo\/image\/"}},{"@type":"Person","@id":"https:\/\/www.meydan.tv\/az\/#\/schema\/person\/9cdbecf90d17180ce1dfbd95b08dcf47","name":"elli","sameAs":["https:\/\/x.com\/elli"]}]}},"_links":{"self":[{"href":"https:\/\/www.meydan.tv\/az\/wp-json\/wp\/v2\/posts\/296838","targetHints":{"allow":["GET"]}}],"collection":[{"href":"https:\/\/www.meydan.tv\/az\/wp-json\/wp\/v2\/posts"}],"about":[{"href":"https:\/\/www.meydan.tv\/az\/wp-json\/wp\/v2\/types\/post"}],"author":[{"embeddable":true,"href":"https:\/\/www.meydan.tv\/az\/wp-json\/wp\/v2\/users\/8"}],"replies":[{"embeddable":true,"href":"https:\/\/www.meydan.tv\/az\/wp-json\/wp\/v2\/comments?post=296838"}],"version-history":[{"count":4,"href":"https:\/\/www.meydan.tv\/az\/wp-json\/wp\/v2\/posts\/296838\/revisions"}],"predecessor-version":[{"id":296851,"href":"https:\/\/www.meydan.tv\/az\/wp-json\/wp\/v2\/posts\/296838\/revisions\/296851"}],"wp:featuredmedia":[{"embeddable":true,"href":"https:\/\/www.meydan.tv\/az\/wp-json\/wp\/v2\/media\/242701"}],"wp:attachment":[{"href":"https:\/\/www.meydan.tv\/az\/wp-json\/wp\/v2\/media?parent=296838"}],"wp:term":[{"taxonomy":"category","embeddable":true,"href":"https:\/\/www.meydan.tv\/az\/wp-json\/wp\/v2\/categories?post=296838"},{"taxonomy":"post_tag","embeddable":true,"href":"https:\/\/www.meydan.tv\/az\/wp-json\/wp\/v2\/tags?post=296838"}],"curies":[{"name":"wp","href":"https:\/\/api.w.org\/{rel}","templated":true}]}}