{"id":296812,"date":"2024-02-01T12:48:22","date_gmt":"2024-02-01T08:48:22","guid":{"rendered":"https:\/\/www.meydan.tv\/?p=296812"},"modified":"2024-02-01T12:55:53","modified_gmt":"2024-02-01T08:55:53","slug":"lerikde-istirahet-merkezinde-yangin-sahibi-sikayet-etmeyeceyini-deyirb","status":"publish","type":"post","link":"https:\/\/www.meydan.tv\/az\/article\/lerikde-istirahet-merkezinde-yangin-sahibi-sikayet-etmeyeceyini-deyirb\/","title":{"rendered":"Lerikd\u0259 istirah\u0259t m\u0259rk\u0259zind\u0259 yan\u011f\u0131n: sahibi \u015fikay\u0259t etm\u0259y\u0259c\u0259yini deyir"},"content":{"rendered":"\n<p><\/p>\n\n\n\n<p><strong><em>&#8220;Yan\u011f\u0131n\u0131n n\u0259d\u0259n ba\u015f verdiyini bilmir\u0259m, amma \u201ckims\u0259 yand\u0131r\u0131b\u201d da dey\u0259 bilm\u0259r\u0259m\u201d<\/em><\/strong><\/p>\n\n\n\n<p>Lerikin Siv\u0259k\u0259ran k\u0259ndind\u0259 yerl\u0259\u015f\u0259n \u201cT\u0259b\u0259ss\u00fcm\u201d \u0130stirah\u0259t M\u0259rk\u0259zind\u0259 yan\u011f\u0131n oldu\u011fu bildirilir.<\/p>\n\n\n\n<p>M\u0259rk\u0259zin sahibi Akif \u018fliyev Meydan TV-y\u0259 deyib ki, yan\u011f\u0131n gec\u0259 saat 3 rad\u0259l\u0259rind\u0259 ba\u015flay\u0131b.<\/p>\n\n\n\n<p>\u201c<em>Yan\u011f\u0131n \u00fcmumilikd\u0259 250-300 kvadrat\u0131 \u0259hat\u0259 edib. M\u0259tb\u0259xin \u0259traf\u0131nda xidm\u0259ti otaqlar, h\u0259m\u00e7inin 124 n\u0259f\u0259rlik yem\u0259kxana yan\u0131b, on alt\u0131ya yax\u0131n soyuducu yan\u0131b. T\u0259xmin\u0259n 120-130 min manat ziyan d\u0259yib. \u0130\u015f\u00e7il\u0259r\u0259 he\u00e7 n\u0259 olmay\u0131b, salamatl\u0131qd\u0131r\u201d-, <\/em>m\u0259rk\u0259zin sahibi deyib.<\/p>\n\n\n\n<p>O \u0259lav\u0259 edib ki, yan\u011f\u0131n \u0259razid\u0259 yerl\u0259\u015f\u0259n doqquz kottec\u0259 h\u0259m\u00e7inin taxta k\u00f6rp\u00fcl\u0259r\u0259, iki, \u00fc\u00e7 v\u0259 d\u00f6rd m\u0259rt\u0259b\u0259li besetkalara \u00e7atmadan s\u00f6nd\u00fcr\u00fcl\u00fcb.<\/p>\n\n\n\n<p>Hadis\u0259nin ba\u015f verm\u0259 s\u0259b\u0259bin\u0259 g\u0259linc\u0259, sahibkar d\u00fc\u015fm\u0259nl\u0259rinin olmad\u0131\u011f\u0131n\u0131, hadis\u0259 il\u0259 ba\u011fl\u0131 h\u00fcquq-m\u00fchafiz\u0259 orqanlar\u0131na \u015fikay\u0259t etm\u0259y\u0259c\u0259yini deyir:<\/p>\n\n\n\n<p><em>\u201cYan\u011f\u0131n\u0131n n\u0259d\u0259n ba\u015f verdiyini bilmir\u0259m. Bel\u0259 hallarda b\u0259zi adamlar deyir ki, obyektimi yand\u0131r\u0131blar. \u201cYand\u0131r\u0131blar\u201d da dem\u0259k olar, \u201c\u00f6z\u00fc yan\u0131b\u201d da dem\u0259k olar. Amma m\u0259n deyir\u0259m ki, \u00f6z\u00fc yan\u0131b. Obyekt yan\u0131b dey\u0259 durub, kim\u0259s\u0259 \u015f\u0259r atmaq olmaz. Biz he\u00e7 kim\u0259 pislik etm\u0259mi\u015fik ki, bel\u0259 qar\u015f\u0131l\u0131q g\u00f6r\u0259k. F\u00f6vq\u0259lad\u0259 Hallar Nazirliyinin i\u015f\u00e7il\u0259ri vaxt\u0131nda g\u0259lib, m\u00fcdaxil\u0259 edibl\u0259r, yan\u011f\u0131n 4-\u0259 qalm\u0131\u015f s\u00f6nd\u00fcr\u00fcl\u00fcb\u201d.<\/em><\/p>\n\n\n\n<p>F\u00f6vq\u0259lad\u0259 Hallar Nazirliyinin (FHN) yayd\u0131\u011f\u0131 m\u0259lumatda bildirilir ki, m\u0259rk\u0259zin \u0259razisind\u0259 h\u0259r birinin sah\u0259si 144 m\u00b2 olan iki ikim\u0259rt\u0259b\u0259li yem\u0259kxana binas\u0131n\u0131n yanar konstruksiyalar\u0131, i\u00e7\u0259risind\u0259 olan avadanl\u0131qlar, yax\u0131nl\u0131qda bir-birin\u0259 biti\u015fik, \u00fcmumi sah\u0259si 120 m\u00b2 olan \u00fc\u00e7 kottecd\u0259n sah\u0259si 34 m\u00b2 olan bir kottecin yanar konstruksiyalar\u0131 v\u0259 dig\u0259r iki kottecin dam \u00f6rt\u00fcy\u00fc yan\u0131b.<\/p>\n\n\n\n<p>Kottecl\u0259rin qalan hiss\u0259si v\u0259 me\u015f\u0259 zola\u011f\u0131 yan\u011f\u0131ndan m\u00fchafiz\u0259 olunub.<\/p>\n\n\n\n<p>Yan\u011f\u0131n m\u00fchafiz\u0259 b\u00f6lm\u0259l\u0259ri t\u0259r\u0259find\u0259n s\u00f6nd\u00fcr\u00fcl\u00fcb.<\/p>\n","protected":false},"excerpt":{"rendered":"<p>&#8220;Yan\u011f\u0131n\u0131n n\u0259d\u0259n ba\u015f verdiyini bilmir\u0259m, amma \u201ckims\u0259 yand\u0131r\u0131b\u201d da dey\u0259 &#8230; <\/p>\n<p class=\"read-more-container\"><a title=\"Lerikd\u0259 istirah\u0259t m\u0259rk\u0259zind\u0259 yan\u011f\u0131n: sahibi \u015fikay\u0259t etm\u0259y\u0259c\u0259yini deyir\" class=\"read-more button\" href=\"https:\/\/www.meydan.tv\/az\/article\/lerikde-istirahet-merkezinde-yangin-sahibi-sikayet-etmeyeceyini-deyirb\/#more-296812\" aria-label=\"Read more about Lerikd\u0259 istirah\u0259t m\u0259rk\u0259zind\u0259 yan\u011f\u0131n: sahibi \u015fikay\u0259t etm\u0259y\u0259c\u0259yini deyir\">Davam\u0131<\/a><\/p>\n","protected":false},"author":8,"featured_media":296809,"comment_status":"closed","ping_status":"closed","sticky":false,"template":"","format":"standard","meta":{"_acf_changed":false,"_sitemap_exclude":false,"_sitemap_priority":"","_sitemap_frequency":"","footnotes":""},"categories":[60,79,56],"tags":[],"class_list":["post-296812","post","type-post","status-publish","format-standard","has-post-thumbnail","hentry","category-bolge","category-featured","category-xeberler","infinite-scroll-item","generate-columns","tablet-grid-50","mobile-grid-100","grid-parent","grid-33","no-featured-image-padding"],"acf":[],"yoast_head":"<!-- This site is optimized with the Yoast SEO plugin v27.4 - https:\/\/yoast.com\/product\/yoast-seo-wordpress\/ -->\n<title>Lerikd\u0259 istirah\u0259t m\u0259rk\u0259zind\u0259 yan\u011f\u0131n: sahibi \u015fikay\u0259t etm\u0259y\u0259c\u0259yini deyir - MEYDAN.TV<\/title>\n<meta name=\"robots\" content=\"index, follow, max-snippet:-1, max-image-preview:large, max-video-preview:-1\" \/>\n<link rel=\"canonical\" href=\"https:\/\/www.meydan.tv\/az\/article\/lerikde-istirahet-merkezinde-yangin-sahibi-sikayet-etmeyeceyini-deyirb\/\" \/>\n<meta property=\"og:locale\" content=\"az_AZ\" \/>\n<meta property=\"og:type\" content=\"article\" \/>\n<meta property=\"og:title\" content=\"Lerikd\u0259 istirah\u0259t m\u0259rk\u0259zind\u0259 yan\u011f\u0131n: sahibi \u015fikay\u0259t etm\u0259y\u0259c\u0259yini deyir - MEYDAN.TV\" \/>\n<meta property=\"og:description\" content=\"&#8220;Yan\u011f\u0131n\u0131n n\u0259d\u0259n ba\u015f verdiyini bilmir\u0259m, amma \u201ckims\u0259 yand\u0131r\u0131b\u201d da dey\u0259 ... Davam\u0131\" \/>\n<meta property=\"og:url\" content=\"https:\/\/www.meydan.tv\/az\/article\/lerikde-istirahet-merkezinde-yangin-sahibi-sikayet-etmeyeceyini-deyirb\/\" \/>\n<meta property=\"og:site_name\" content=\"MEYDAN.TV\" \/>\n<meta property=\"article:published_time\" content=\"2024-02-01T08:48:22+00:00\" \/>\n<meta property=\"article:modified_time\" content=\"2024-02-01T08:55:53+00:00\" \/>\n<meta property=\"og:image\" content=\"https:\/\/www.meydan.tv\/wp-content\/uploads\/yanqin-1.jpg\" \/>\n\t<meta property=\"og:image:width\" content=\"1500\" \/>\n\t<meta property=\"og:image:height\" content=\"844\" \/>\n\t<meta property=\"og:image:type\" content=\"image\/jpeg\" \/>\n<meta name=\"author\" content=\"elli\" \/>\n<meta name=\"twitter:card\" content=\"summary_large_image\" \/>\n<meta name=\"twitter:creator\" content=\"@elli\" \/>\n<script type=\"application\/ld+json\" class=\"yoast-schema-graph\">{\"@context\":\"https:\\\/\\\/schema.org\",\"@graph\":[{\"@type\":\"Article\",\"@id\":\"https:\\\/\\\/www.meydan.tv\\\/az\\\/article\\\/lerikde-istirahet-merkezinde-yangin-sahibi-sikayet-etmeyeceyini-deyirb\\\/#article\",\"isPartOf\":{\"@id\":\"https:\\\/\\\/www.meydan.tv\\\/az\\\/article\\\/lerikde-istirahet-merkezinde-yangin-sahibi-sikayet-etmeyeceyini-deyirb\\\/\"},\"author\":{\"name\":\"elli\",\"@id\":\"https:\\\/\\\/www.meydan.tv\\\/az\\\/#\\\/schema\\\/person\\\/9cdbecf90d17180ce1dfbd95b08dcf47\"},\"headline\":\"Lerikd\u0259 istirah\u0259t m\u0259rk\u0259zind\u0259 yan\u011f\u0131n: sahibi \u015fikay\u0259t etm\u0259y\u0259c\u0259yini deyir\",\"datePublished\":\"2024-02-01T08:48:22+00:00\",\"dateModified\":\"2024-02-01T08:55:53+00:00\",\"mainEntityOfPage\":{\"@id\":\"https:\\\/\\\/www.meydan.tv\\\/az\\\/article\\\/lerikde-istirahet-merkezinde-yangin-sahibi-sikayet-etmeyeceyini-deyirb\\\/\"},\"wordCount\":395,\"publisher\":{\"@id\":\"https:\\\/\\\/www.meydan.tv\\\/az\\\/#organization\"},\"image\":{\"@id\":\"https:\\\/\\\/www.meydan.tv\\\/az\\\/article\\\/lerikde-istirahet-merkezinde-yangin-sahibi-sikayet-etmeyeceyini-deyirb\\\/#primaryimage\"},\"thumbnailUrl\":\"https:\\\/\\\/www.meydan.tv\\\/wp-content\\\/uploads\\\/yanqin-1.jpg\",\"articleSection\":[\"B\u00f6lg\u0259\",\"T\u00f6vsiy\u0259\",\"X\u0259b\u0259rl\u0259r\"],\"inLanguage\":\"az\"},{\"@type\":\"WebPage\",\"@id\":\"https:\\\/\\\/www.meydan.tv\\\/az\\\/article\\\/lerikde-istirahet-merkezinde-yangin-sahibi-sikayet-etmeyeceyini-deyirb\\\/\",\"url\":\"https:\\\/\\\/www.meydan.tv\\\/az\\\/article\\\/lerikde-istirahet-merkezinde-yangin-sahibi-sikayet-etmeyeceyini-deyirb\\\/\",\"name\":\"Lerikd\u0259 istirah\u0259t m\u0259rk\u0259zind\u0259 yan\u011f\u0131n: sahibi \u015fikay\u0259t etm\u0259y\u0259c\u0259yini deyir - MEYDAN.TV\",\"isPartOf\":{\"@id\":\"https:\\\/\\\/www.meydan.tv\\\/az\\\/#website\"},\"primaryImageOfPage\":{\"@id\":\"https:\\\/\\\/www.meydan.tv\\\/az\\\/article\\\/lerikde-istirahet-merkezinde-yangin-sahibi-sikayet-etmeyeceyini-deyirb\\\/#primaryimage\"},\"image\":{\"@id\":\"https:\\\/\\\/www.meydan.tv\\\/az\\\/article\\\/lerikde-istirahet-merkezinde-yangin-sahibi-sikayet-etmeyeceyini-deyirb\\\/#primaryimage\"},\"thumbnailUrl\":\"https:\\\/\\\/www.meydan.tv\\\/wp-content\\\/uploads\\\/yanqin-1.jpg\",\"datePublished\":\"2024-02-01T08:48:22+00:00\",\"dateModified\":\"2024-02-01T08:55:53+00:00\",\"breadcrumb\":{\"@id\":\"https:\\\/\\\/www.meydan.tv\\\/az\\\/article\\\/lerikde-istirahet-merkezinde-yangin-sahibi-sikayet-etmeyeceyini-deyirb\\\/#breadcrumb\"},\"inLanguage\":\"az\",\"potentialAction\":[{\"@type\":\"ReadAction\",\"target\":[\"https:\\\/\\\/www.meydan.tv\\\/az\\\/article\\\/lerikde-istirahet-merkezinde-yangin-sahibi-sikayet-etmeyeceyini-deyirb\\\/\"]}]},{\"@type\":\"ImageObject\",\"inLanguage\":\"az\",\"@id\":\"https:\\\/\\\/www.meydan.tv\\\/az\\\/article\\\/lerikde-istirahet-merkezinde-yangin-sahibi-sikayet-etmeyeceyini-deyirb\\\/#primaryimage\",\"url\":\"https:\\\/\\\/www.meydan.tv\\\/wp-content\\\/uploads\\\/yanqin-1.jpg\",\"contentUrl\":\"https:\\\/\\\/www.meydan.tv\\\/wp-content\\\/uploads\\\/yanqin-1.jpg\",\"width\":1500,\"height\":844,\"caption\":\"Foto: screenshot \\\"Telegram\\\"\"},{\"@type\":\"BreadcrumbList\",\"@id\":\"https:\\\/\\\/www.meydan.tv\\\/az\\\/article\\\/lerikde-istirahet-merkezinde-yangin-sahibi-sikayet-etmeyeceyini-deyirb\\\/#breadcrumb\",\"itemListElement\":[{\"@type\":\"ListItem\",\"position\":1,\"name\":\"Ana s\u0259hif\u0259\",\"item\":\"https:\\\/\\\/www.meydan.tv\\\/az\\\/\"},{\"@type\":\"ListItem\",\"position\":2,\"name\":\"B\u00f6lg\u0259\",\"item\":\"https:\\\/\\\/www.meydan.tv\\\/az\\\/section\\\/bolge\\\/\"},{\"@type\":\"ListItem\",\"position\":3,\"name\":\"Lerikd\u0259 istirah\u0259t m\u0259rk\u0259zind\u0259 yan\u011f\u0131n: sahibi \u015fikay\u0259t etm\u0259y\u0259c\u0259yini deyir\"}]},{\"@type\":\"WebSite\",\"@id\":\"https:\\\/\\\/www.meydan.tv\\\/az\\\/#website\",\"url\":\"https:\\\/\\\/www.meydan.tv\\\/az\\\/\",\"name\":\"MEYDAN.TV\",\"description\":\"Meydan TV Az\u0259rbaycan\u0131n media m\u0259kan\u0131ndak\u0131 alternativ s\u0259sidir\",\"publisher\":{\"@id\":\"https:\\\/\\\/www.meydan.tv\\\/az\\\/#organization\"},\"potentialAction\":[{\"@type\":\"SearchAction\",\"target\":{\"@type\":\"EntryPoint\",\"urlTemplate\":\"https:\\\/\\\/www.meydan.tv\\\/az\\\/?s={search_term_string}\"},\"query-input\":{\"@type\":\"PropertyValueSpecification\",\"valueRequired\":true,\"valueName\":\"search_term_string\"}}],\"inLanguage\":\"az\"},{\"@type\":\"Organization\",\"@id\":\"https:\\\/\\\/www.meydan.tv\\\/az\\\/#organization\",\"name\":\"Meydan TV\",\"url\":\"https:\\\/\\\/www.meydan.tv\\\/az\\\/\",\"logo\":{\"@type\":\"ImageObject\",\"inLanguage\":\"az\",\"@id\":\"https:\\\/\\\/www.meydan.tv\\\/az\\\/#\\\/schema\\\/logo\\\/image\\\/\",\"url\":\"https:\\\/\\\/www.meydan.tv\\\/wp-content\\\/uploads\\\/2021\\\/07\\\/meydan-logo.svg\",\"contentUrl\":\"https:\\\/\\\/www.meydan.tv\\\/wp-content\\\/uploads\\\/2021\\\/07\\\/meydan-logo.svg\",\"width\":195,\"height\":46,\"caption\":\"Meydan TV\"},\"image\":{\"@id\":\"https:\\\/\\\/www.meydan.tv\\\/az\\\/#\\\/schema\\\/logo\\\/image\\\/\"}},{\"@type\":\"Person\",\"@id\":\"https:\\\/\\\/www.meydan.tv\\\/az\\\/#\\\/schema\\\/person\\\/9cdbecf90d17180ce1dfbd95b08dcf47\",\"name\":\"elli\",\"sameAs\":[\"https:\\\/\\\/x.com\\\/elli\"]}]}<\/script>\n<!-- \/ Yoast SEO plugin. -->","yoast_head_json":{"title":"Lerikd\u0259 istirah\u0259t m\u0259rk\u0259zind\u0259 yan\u011f\u0131n: sahibi \u015fikay\u0259t etm\u0259y\u0259c\u0259yini deyir - MEYDAN.TV","robots":{"index":"index","follow":"follow","max-snippet":"max-snippet:-1","max-image-preview":"max-image-preview:large","max-video-preview":"max-video-preview:-1"},"canonical":"https:\/\/www.meydan.tv\/az\/article\/lerikde-istirahet-merkezinde-yangin-sahibi-sikayet-etmeyeceyini-deyirb\/","og_locale":"az_AZ","og_type":"article","og_title":"Lerikd\u0259 istirah\u0259t m\u0259rk\u0259zind\u0259 yan\u011f\u0131n: sahibi \u015fikay\u0259t etm\u0259y\u0259c\u0259yini deyir - MEYDAN.TV","og_description":"&#8220;Yan\u011f\u0131n\u0131n n\u0259d\u0259n ba\u015f verdiyini bilmir\u0259m, amma \u201ckims\u0259 yand\u0131r\u0131b\u201d da dey\u0259 ... Davam\u0131","og_url":"https:\/\/www.meydan.tv\/az\/article\/lerikde-istirahet-merkezinde-yangin-sahibi-sikayet-etmeyeceyini-deyirb\/","og_site_name":"MEYDAN.TV","article_published_time":"2024-02-01T08:48:22+00:00","article_modified_time":"2024-02-01T08:55:53+00:00","og_image":[{"width":1500,"height":844,"url":"https:\/\/www.meydan.tv\/wp-content\/uploads\/yanqin-1.jpg","type":"image\/jpeg"}],"author":"elli","twitter_card":"summary_large_image","twitter_creator":"@elli","schema":{"@context":"https:\/\/schema.org","@graph":[{"@type":"Article","@id":"https:\/\/www.meydan.tv\/az\/article\/lerikde-istirahet-merkezinde-yangin-sahibi-sikayet-etmeyeceyini-deyirb\/#article","isPartOf":{"@id":"https:\/\/www.meydan.tv\/az\/article\/lerikde-istirahet-merkezinde-yangin-sahibi-sikayet-etmeyeceyini-deyirb\/"},"author":{"name":"elli","@id":"https:\/\/www.meydan.tv\/az\/#\/schema\/person\/9cdbecf90d17180ce1dfbd95b08dcf47"},"headline":"Lerikd\u0259 istirah\u0259t m\u0259rk\u0259zind\u0259 yan\u011f\u0131n: sahibi \u015fikay\u0259t etm\u0259y\u0259c\u0259yini deyir","datePublished":"2024-02-01T08:48:22+00:00","dateModified":"2024-02-01T08:55:53+00:00","mainEntityOfPage":{"@id":"https:\/\/www.meydan.tv\/az\/article\/lerikde-istirahet-merkezinde-yangin-sahibi-sikayet-etmeyeceyini-deyirb\/"},"wordCount":395,"publisher":{"@id":"https:\/\/www.meydan.tv\/az\/#organization"},"image":{"@id":"https:\/\/www.meydan.tv\/az\/article\/lerikde-istirahet-merkezinde-yangin-sahibi-sikayet-etmeyeceyini-deyirb\/#primaryimage"},"thumbnailUrl":"https:\/\/www.meydan.tv\/wp-content\/uploads\/yanqin-1.jpg","articleSection":["B\u00f6lg\u0259","T\u00f6vsiy\u0259","X\u0259b\u0259rl\u0259r"],"inLanguage":"az"},{"@type":"WebPage","@id":"https:\/\/www.meydan.tv\/az\/article\/lerikde-istirahet-merkezinde-yangin-sahibi-sikayet-etmeyeceyini-deyirb\/","url":"https:\/\/www.meydan.tv\/az\/article\/lerikde-istirahet-merkezinde-yangin-sahibi-sikayet-etmeyeceyini-deyirb\/","name":"Lerikd\u0259 istirah\u0259t m\u0259rk\u0259zind\u0259 yan\u011f\u0131n: sahibi \u015fikay\u0259t etm\u0259y\u0259c\u0259yini deyir - MEYDAN.TV","isPartOf":{"@id":"https:\/\/www.meydan.tv\/az\/#website"},"primaryImageOfPage":{"@id":"https:\/\/www.meydan.tv\/az\/article\/lerikde-istirahet-merkezinde-yangin-sahibi-sikayet-etmeyeceyini-deyirb\/#primaryimage"},"image":{"@id":"https:\/\/www.meydan.tv\/az\/article\/lerikde-istirahet-merkezinde-yangin-sahibi-sikayet-etmeyeceyini-deyirb\/#primaryimage"},"thumbnailUrl":"https:\/\/www.meydan.tv\/wp-content\/uploads\/yanqin-1.jpg","datePublished":"2024-02-01T08:48:22+00:00","dateModified":"2024-02-01T08:55:53+00:00","breadcrumb":{"@id":"https:\/\/www.meydan.tv\/az\/article\/lerikde-istirahet-merkezinde-yangin-sahibi-sikayet-etmeyeceyini-deyirb\/#breadcrumb"},"inLanguage":"az","potentialAction":[{"@type":"ReadAction","target":["https:\/\/www.meydan.tv\/az\/article\/lerikde-istirahet-merkezinde-yangin-sahibi-sikayet-etmeyeceyini-deyirb\/"]}]},{"@type":"ImageObject","inLanguage":"az","@id":"https:\/\/www.meydan.tv\/az\/article\/lerikde-istirahet-merkezinde-yangin-sahibi-sikayet-etmeyeceyini-deyirb\/#primaryimage","url":"https:\/\/www.meydan.tv\/wp-content\/uploads\/yanqin-1.jpg","contentUrl":"https:\/\/www.meydan.tv\/wp-content\/uploads\/yanqin-1.jpg","width":1500,"height":844,"caption":"Foto: screenshot \"Telegram\""},{"@type":"BreadcrumbList","@id":"https:\/\/www.meydan.tv\/az\/article\/lerikde-istirahet-merkezinde-yangin-sahibi-sikayet-etmeyeceyini-deyirb\/#breadcrumb","itemListElement":[{"@type":"ListItem","position":1,"name":"Ana s\u0259hif\u0259","item":"https:\/\/www.meydan.tv\/az\/"},{"@type":"ListItem","position":2,"name":"B\u00f6lg\u0259","item":"https:\/\/www.meydan.tv\/az\/section\/bolge\/"},{"@type":"ListItem","position":3,"name":"Lerikd\u0259 istirah\u0259t m\u0259rk\u0259zind\u0259 yan\u011f\u0131n: sahibi \u015fikay\u0259t etm\u0259y\u0259c\u0259yini deyir"}]},{"@type":"WebSite","@id":"https:\/\/www.meydan.tv\/az\/#website","url":"https:\/\/www.meydan.tv\/az\/","name":"MEYDAN.TV","description":"Meydan TV Az\u0259rbaycan\u0131n media m\u0259kan\u0131ndak\u0131 alternativ s\u0259sidir","publisher":{"@id":"https:\/\/www.meydan.tv\/az\/#organization"},"potentialAction":[{"@type":"SearchAction","target":{"@type":"EntryPoint","urlTemplate":"https:\/\/www.meydan.tv\/az\/?s={search_term_string}"},"query-input":{"@type":"PropertyValueSpecification","valueRequired":true,"valueName":"search_term_string"}}],"inLanguage":"az"},{"@type":"Organization","@id":"https:\/\/www.meydan.tv\/az\/#organization","name":"Meydan TV","url":"https:\/\/www.meydan.tv\/az\/","logo":{"@type":"ImageObject","inLanguage":"az","@id":"https:\/\/www.meydan.tv\/az\/#\/schema\/logo\/image\/","url":"https:\/\/www.meydan.tv\/wp-content\/uploads\/2021\/07\/meydan-logo.svg","contentUrl":"https:\/\/www.meydan.tv\/wp-content\/uploads\/2021\/07\/meydan-logo.svg","width":195,"height":46,"caption":"Meydan TV"},"image":{"@id":"https:\/\/www.meydan.tv\/az\/#\/schema\/logo\/image\/"}},{"@type":"Person","@id":"https:\/\/www.meydan.tv\/az\/#\/schema\/person\/9cdbecf90d17180ce1dfbd95b08dcf47","name":"elli","sameAs":["https:\/\/x.com\/elli"]}]}},"_links":{"self":[{"href":"https:\/\/www.meydan.tv\/az\/wp-json\/wp\/v2\/posts\/296812","targetHints":{"allow":["GET"]}}],"collection":[{"href":"https:\/\/www.meydan.tv\/az\/wp-json\/wp\/v2\/posts"}],"about":[{"href":"https:\/\/www.meydan.tv\/az\/wp-json\/wp\/v2\/types\/post"}],"author":[{"embeddable":true,"href":"https:\/\/www.meydan.tv\/az\/wp-json\/wp\/v2\/users\/8"}],"replies":[{"embeddable":true,"href":"https:\/\/www.meydan.tv\/az\/wp-json\/wp\/v2\/comments?post=296812"}],"version-history":[{"count":3,"href":"https:\/\/www.meydan.tv\/az\/wp-json\/wp\/v2\/posts\/296812\/revisions"}],"predecessor-version":[{"id":296815,"href":"https:\/\/www.meydan.tv\/az\/wp-json\/wp\/v2\/posts\/296812\/revisions\/296815"}],"wp:featuredmedia":[{"embeddable":true,"href":"https:\/\/www.meydan.tv\/az\/wp-json\/wp\/v2\/media\/296809"}],"wp:attachment":[{"href":"https:\/\/www.meydan.tv\/az\/wp-json\/wp\/v2\/media?parent=296812"}],"wp:term":[{"taxonomy":"category","embeddable":true,"href":"https:\/\/www.meydan.tv\/az\/wp-json\/wp\/v2\/categories?post=296812"},{"taxonomy":"post_tag","embeddable":true,"href":"https:\/\/www.meydan.tv\/az\/wp-json\/wp\/v2\/tags?post=296812"}],"curies":[{"name":"wp","href":"https:\/\/api.w.org\/{rel}","templated":true}]}}