{"id":296803,"date":"2024-01-31T23:38:41","date_gmt":"2024-01-31T19:38:41","guid":{"rendered":"https:\/\/www.meydan.tv\/?p=296803"},"modified":"2024-02-01T11:15:36","modified_gmt":"2024-02-01T07:15:36","slug":"azerbaycan-ve-ermenistanin-bas-nazirlerinin-muavinleri-altinci-defe-gorusdu","status":"publish","type":"post","link":"https:\/\/www.meydan.tv\/az\/article\/azerbaycan-ve-ermenistanin-bas-nazirlerinin-muavinleri-altinci-defe-gorusdu\/","title":{"rendered":"Az\u0259rbaycan v\u0259 Erm\u0259nistan\u0131n Ba\u015f nazirl\u0259rinin m\u00fcavinl\u0259ri alt\u0131nc\u0131 d\u0259f\u0259 g\u00f6r\u00fc\u015fd\u00fc"},"content":{"rendered":"\n<p><\/p>\n\n\n\n<p><strong><em>Qazax rayonunda ke\u00e7iril\u0259n g\u00f6r\u00fc\u015f\u00fcn detallar\u0131 a\u00e7\u0131qlanmay\u0131b<\/em><\/strong><\/p>\n\n\n\n<p>Yanvar\u0131n 31-d\u0259 Az\u0259rbaycan v\u0259 Erm\u0259nistan\u0131n Ba\u015f nazirl\u0259rinin m\u00fcavinl\u0259ri iki \u00f6lk\u0259nin s\u0259rh\u0259dind\u0259 g\u00f6r\u00fc\u015f\u00fcbl\u0259r.<\/p>\n\n\n\n<p>Az\u0259rbaycan Xarici \u0130\u015fl\u0259r Nazirliyinin yayd\u0131\u011f\u0131 m\u0259lumata g\u00f6r\u0259, \u015eahin Mustafayev v\u0259 Mher Qriqoryan\u0131n s\u0259drliyi il\u0259 d\u00f6vl\u0259t s\u0259rh\u0259dinin delimitasiyas\u0131 v\u0259 s\u0259rh\u0259d t\u0259hl\u00fck\u0259sizliyi m\u0259s\u0259l\u0259l\u0259ri \u00fczr\u0259 Komissiyan\u0131n alt\u0131nc\u0131 g\u00f6r\u00fc\u015f\u00fc <a href=\"https:\/\/mfa.gov.az\/az\/news\/no03824\">ke\u00e7irilib<\/a>.<\/p>\n\n\n\n<p>Qazax rayonunda ke\u00e7iril\u0259n g\u00f6r\u00fc\u015f\u00fcn detallar\u0131 a\u00e7\u0131qlanmay\u0131b.<\/p>\n\n\n\n<p>Erm\u0259nistan\u0131n Ba\u015f nazirinin m\u00fcavini Mher Qriqoryan yerli mediaya deyib ki, ilkin raz\u0131la\u015fmaya \u0259sas\u0259n, iclasda s\u0259n\u0259dl\u0259rin v\u0259 x\u0259rit\u0259l\u0259rin n\u00f6vl\u0259ri m\u00fc\u0259yy\u0259nl\u0259\u015f\u0259c\u0259k.<\/p>\n\n\n\n<p>Ba\u015f nazirl\u0259rin m\u00fcavinl\u0259rinin sonuncu g\u00f6r\u00fc\u015f\u00fc noyabr\u0131n 30-da ba\u015f tutmu\u015fdu.<\/p>\n\n\n\n<p>Erm\u0259nistan Milli Assambleyas\u0131n\u0131n s\u0259dri Alen Simonyan yanvar\u0131n 31-d\u0259 s\u0259h\u0259r saatlar\u0131nda bildirib ki, erm\u0259ni t\u0259r\u0259fi iki \u00f6lk\u0259nin Ba\u015f nazir m\u00fcavinl\u0259rinin ba\u015f\u00e7\u0131l\u0131q etdiyi komissiyalar\u0131n iclas\u0131ndan ayd\u0131nl\u0131q g\u00f6zl\u0259yir.<\/p>\n\n\n\n<p>Spiker t\u0259r\u0259fl\u0259rin x\u0259rit\u0259l\u0259rl\u0259 ba\u011fl\u0131 h\u0259l\u0259 d\u0259 ortaq m\u0259xr\u0259c\u0259 g\u0259lm\u0259diyin\u0259 eyham vurmu\u015fdu.<\/p>\n\n\n\n<p>Yerevan 1975-ci ilin \u0259n son sovet x\u0259rit\u0259l\u0259rind\u0259n istifad\u0259 ed\u0259r\u0259k s\u0259rh\u0259dl\u0259rin delimitasiyas\u0131n\u0131 t\u0259klif ets\u0259 d\u0259, Bak\u0131 <a href=\"https:\/\/www.azatutyun.am\/a\/32799506.html\">raz\u0131la\u015fm\u0131r.<\/a><\/p>\n\n\n\n<p>Az\u0259rbaycan\u0131n d\u00f6vl\u0259t ba\u015f\u00e7\u0131s\u0131 yanvar\u0131n 10-da yerli televiziyalara m\u00fcsahib\u0259sind\u0259 demi\u015fdi ki, Erm\u0259nistan 1960-c\u0131, 50-ci, 40-c\u0131 ill\u0259rin x\u0259rit\u0259l\u0259rini bir k\u0259nara qoyub, 70-ci ill\u0259r\u0259 istinad etm\u0259k ist\u0259yir:<\/p>\n\n\n\n<p><em>&#8220;\u00c7\u00fcnki o vaxt bizim tarixi torpaqlar\u0131m\u0131z art\u0131q onlara verilib. Ona g\u00f6r\u0259 d\u0259 biz buna q\u0259ti \u015f\u0259kild\u0259 qar\u015f\u0131 \u00e7\u0131xm\u0131\u015f\u0131q v\u0259 indi d\u0259 m\u00fcqavim\u0259t g\u00f6st\u0259ririk\u201d.<\/em><\/p>\n\n\n\n<p>Erm\u0259nistanla Az\u0259rbaycan aras\u0131nda m\u00fcnaqi\u015f\u0259 1988-ci ild\u0259 ba\u015flay\u0131b.<\/p>\n\n\n\n<p>2020-ci ilin sentyabr\u0131nda is\u0259 uzunm\u00fcdd\u0259tli at\u0259\u015fk\u0259sd\u0259n sonra Az\u0259rbaycan v\u0259 Erm\u0259nistan aras\u0131nda 44 g\u00fcnl\u00fck \u0130kinci Qaraba\u011f m\u00fcharib\u0259si ba\u015f verib.<\/p>\n\n\n\n<p>Az\u0259rbaycan Qaraba\u011f\u0131n bir hiss\u0259sin\u0259 v\u0259 \u0259traf 7 rayona n\u0259zar\u0259ti b\u0259rpa edib.<\/p>\n\n\n\n<p>2023-c\u00fc ilin sentyabr\u0131n 19-da Az\u0259rbaycan Qaraba\u011fda lokal h\u0259rbi \u0259m\u0259liyyat ke\u00e7irib.<\/p>\n\n\n\n<p>Sentyabr\u0131n 28-d\u0259 separat\u00e7\u0131 \u201cDa\u011fl\u0131q Qaraba\u011f\u0131n (Artsax) Prezidenti\u201d Samvel \u015eahramanyan \u201crespublika\u201d- n\u0131n burax\u0131lmas\u0131 bar\u0259d\u0259 f\u0259rman imzalay\u0131b.<\/p>\n\n\n\n<p>O, f\u0259rman\u0131 19 sentyabr 2023-c\u00fc ild\u0259n sonra yaranm\u0131\u015f v\u0259ziyy\u0259tl\u0259 \u0259laq\u0259l\u0259ndirib.<\/p>\n\n\n\n<p>Oktyabr\u0131n 15-d\u0259 is\u0259 Prezident \u0130lham \u018fliyev Xank\u0259ndi \u015f\u0259h\u0259rin\u0259 s\u0259f\u0259r edib.<\/p>\n\n\n\n<p>Prezident Xank\u0259ndid\u0259 Az\u0259rbaycan bayra\u011f\u0131n\u0131 qald\u0131r\u0131b v\u0259 \u00e7\u0131x\u0131\u015f edib.<\/p>\n\n\n\n<p>\u00c7\u0131x\u0131\u015f\u0131nda Az\u0259rbaycan\u0131n \u00f6z suverenliyini tam b\u0259rpa etdiyini, Qaraba\u011f probleminin bitdiyini, m\u00fcnaqi\u015f\u0259nin sona \u00e7atd\u0131\u011f\u0131n\u0131 deyib.<\/p>\n\n\n\n<p>Az\u0259rbaycan v\u0259 Erm\u0259nistan aras\u0131nda h\u0259l\u0259 s\u00fclh m\u00fcqavil\u0259si imzalanmay\u0131b. <\/p>\n","protected":false},"excerpt":{"rendered":"<p>Qazax rayonunda ke\u00e7iril\u0259n g\u00f6r\u00fc\u015f\u00fcn detallar\u0131 a\u00e7\u0131qlanmay\u0131b Yanvar\u0131n 31-d\u0259 Az\u0259rbaycan v\u0259 &#8230; <\/p>\n<p class=\"read-more-container\"><a title=\"Az\u0259rbaycan v\u0259 Erm\u0259nistan\u0131n Ba\u015f nazirl\u0259rinin m\u00fcavinl\u0259ri alt\u0131nc\u0131 d\u0259f\u0259 g\u00f6r\u00fc\u015fd\u00fc\" class=\"read-more button\" href=\"https:\/\/www.meydan.tv\/az\/article\/azerbaycan-ve-ermenistanin-bas-nazirlerinin-muavinleri-altinci-defe-gorusdu\/#more-296803\" aria-label=\"Read more about Az\u0259rbaycan v\u0259 Erm\u0259nistan\u0131n Ba\u015f nazirl\u0259rinin m\u00fcavinl\u0259ri alt\u0131nc\u0131 d\u0259f\u0259 g\u00f6r\u00fc\u015fd\u00fc\">Davam\u0131<\/a><\/p>\n","protected":false},"author":8,"featured_media":289644,"comment_status":"closed","ping_status":"closed","sticky":false,"template":"","format":"standard","meta":{"_acf_changed":false,"_sitemap_exclude":false,"_sitemap_priority":"","_sitemap_frequency":"","footnotes":""},"categories":[59,79,56],"tags":[],"class_list":["post-296803","post","type-post","status-publish","format-standard","has-post-thumbnail","hentry","category-siyaset","category-featured","category-xeberler","infinite-scroll-item","generate-columns","tablet-grid-50","mobile-grid-100","grid-parent","grid-33","no-featured-image-padding"],"acf":[],"yoast_head":"<!-- This site is optimized with the Yoast SEO plugin v27.4 - https:\/\/yoast.com\/product\/yoast-seo-wordpress\/ -->\n<title>Az\u0259rbaycan v\u0259 Erm\u0259nistan\u0131n Ba\u015f nazirl\u0259rinin m\u00fcavinl\u0259ri alt\u0131nc\u0131 d\u0259f\u0259 g\u00f6r\u00fc\u015fd\u00fc - MEYDAN.TV<\/title>\n<meta name=\"robots\" content=\"index, follow, max-snippet:-1, max-image-preview:large, max-video-preview:-1\" \/>\n<link rel=\"canonical\" href=\"https:\/\/www.meydan.tv\/az\/article\/azerbaycan-ve-ermenistanin-bas-nazirlerinin-muavinleri-altinci-defe-gorusdu\/\" \/>\n<meta property=\"og:locale\" content=\"az_AZ\" \/>\n<meta property=\"og:type\" content=\"article\" \/>\n<meta property=\"og:title\" content=\"Az\u0259rbaycan v\u0259 Erm\u0259nistan\u0131n Ba\u015f nazirl\u0259rinin m\u00fcavinl\u0259ri alt\u0131nc\u0131 d\u0259f\u0259 g\u00f6r\u00fc\u015fd\u00fc - MEYDAN.TV\" \/>\n<meta property=\"og:description\" content=\"Qazax rayonunda ke\u00e7iril\u0259n g\u00f6r\u00fc\u015f\u00fcn detallar\u0131 a\u00e7\u0131qlanmay\u0131b Yanvar\u0131n 31-d\u0259 Az\u0259rbaycan v\u0259 ... Davam\u0131\" \/>\n<meta property=\"og:url\" content=\"https:\/\/www.meydan.tv\/az\/article\/azerbaycan-ve-ermenistanin-bas-nazirlerinin-muavinleri-altinci-defe-gorusdu\/\" \/>\n<meta property=\"og:site_name\" content=\"MEYDAN.TV\" \/>\n<meta property=\"article:published_time\" content=\"2024-01-31T19:38:41+00:00\" \/>\n<meta property=\"article:modified_time\" content=\"2024-02-01T07:15:36+00:00\" \/>\n<meta property=\"og:image\" content=\"https:\/\/www.meydan.tv\/wp-content\/uploads\/shutterstock_2364253631.jpg\" \/>\n\t<meta property=\"og:image:width\" content=\"1200\" \/>\n\t<meta property=\"og:image:height\" content=\"800\" \/>\n\t<meta property=\"og:image:type\" content=\"image\/jpeg\" \/>\n<meta name=\"author\" content=\"elli\" \/>\n<meta name=\"twitter:card\" content=\"summary_large_image\" \/>\n<meta name=\"twitter:creator\" content=\"@elli\" \/>\n<script type=\"application\/ld+json\" class=\"yoast-schema-graph\">{\"@context\":\"https:\\\/\\\/schema.org\",\"@graph\":[{\"@type\":\"Article\",\"@id\":\"https:\\\/\\\/www.meydan.tv\\\/az\\\/article\\\/azerbaycan-ve-ermenistanin-bas-nazirlerinin-muavinleri-altinci-defe-gorusdu\\\/#article\",\"isPartOf\":{\"@id\":\"https:\\\/\\\/www.meydan.tv\\\/az\\\/article\\\/azerbaycan-ve-ermenistanin-bas-nazirlerinin-muavinleri-altinci-defe-gorusdu\\\/\"},\"author\":{\"name\":\"elli\",\"@id\":\"https:\\\/\\\/www.meydan.tv\\\/az\\\/#\\\/schema\\\/person\\\/9cdbecf90d17180ce1dfbd95b08dcf47\"},\"headline\":\"Az\u0259rbaycan v\u0259 Erm\u0259nistan\u0131n Ba\u015f nazirl\u0259rinin m\u00fcavinl\u0259ri alt\u0131nc\u0131 d\u0259f\u0259 g\u00f6r\u00fc\u015fd\u00fc\",\"datePublished\":\"2024-01-31T19:38:41+00:00\",\"dateModified\":\"2024-02-01T07:15:36+00:00\",\"mainEntityOfPage\":{\"@id\":\"https:\\\/\\\/www.meydan.tv\\\/az\\\/article\\\/azerbaycan-ve-ermenistanin-bas-nazirlerinin-muavinleri-altinci-defe-gorusdu\\\/\"},\"wordCount\":525,\"publisher\":{\"@id\":\"https:\\\/\\\/www.meydan.tv\\\/az\\\/#organization\"},\"image\":{\"@id\":\"https:\\\/\\\/www.meydan.tv\\\/az\\\/article\\\/azerbaycan-ve-ermenistanin-bas-nazirlerinin-muavinleri-altinci-defe-gorusdu\\\/#primaryimage\"},\"thumbnailUrl\":\"https:\\\/\\\/www.meydan.tv\\\/wp-content\\\/uploads\\\/shutterstock_2364253631-e1761135317505.jpg\",\"articleSection\":[\"Siyas\u0259t\",\"T\u00f6vsiy\u0259\",\"X\u0259b\u0259rl\u0259r\"],\"inLanguage\":\"az\"},{\"@type\":\"WebPage\",\"@id\":\"https:\\\/\\\/www.meydan.tv\\\/az\\\/article\\\/azerbaycan-ve-ermenistanin-bas-nazirlerinin-muavinleri-altinci-defe-gorusdu\\\/\",\"url\":\"https:\\\/\\\/www.meydan.tv\\\/az\\\/article\\\/azerbaycan-ve-ermenistanin-bas-nazirlerinin-muavinleri-altinci-defe-gorusdu\\\/\",\"name\":\"Az\u0259rbaycan v\u0259 Erm\u0259nistan\u0131n Ba\u015f nazirl\u0259rinin m\u00fcavinl\u0259ri alt\u0131nc\u0131 d\u0259f\u0259 g\u00f6r\u00fc\u015fd\u00fc - MEYDAN.TV\",\"isPartOf\":{\"@id\":\"https:\\\/\\\/www.meydan.tv\\\/az\\\/#website\"},\"primaryImageOfPage\":{\"@id\":\"https:\\\/\\\/www.meydan.tv\\\/az\\\/article\\\/azerbaycan-ve-ermenistanin-bas-nazirlerinin-muavinleri-altinci-defe-gorusdu\\\/#primaryimage\"},\"image\":{\"@id\":\"https:\\\/\\\/www.meydan.tv\\\/az\\\/article\\\/azerbaycan-ve-ermenistanin-bas-nazirlerinin-muavinleri-altinci-defe-gorusdu\\\/#primaryimage\"},\"thumbnailUrl\":\"https:\\\/\\\/www.meydan.tv\\\/wp-content\\\/uploads\\\/shutterstock_2364253631-e1761135317505.jpg\",\"datePublished\":\"2024-01-31T19:38:41+00:00\",\"dateModified\":\"2024-02-01T07:15:36+00:00\",\"breadcrumb\":{\"@id\":\"https:\\\/\\\/www.meydan.tv\\\/az\\\/article\\\/azerbaycan-ve-ermenistanin-bas-nazirlerinin-muavinleri-altinci-defe-gorusdu\\\/#breadcrumb\"},\"inLanguage\":\"az\",\"potentialAction\":[{\"@type\":\"ReadAction\",\"target\":[\"https:\\\/\\\/www.meydan.tv\\\/az\\\/article\\\/azerbaycan-ve-ermenistanin-bas-nazirlerinin-muavinleri-altinci-defe-gorusdu\\\/\"]}]},{\"@type\":\"ImageObject\",\"inLanguage\":\"az\",\"@id\":\"https:\\\/\\\/www.meydan.tv\\\/az\\\/article\\\/azerbaycan-ve-ermenistanin-bas-nazirlerinin-muavinleri-altinci-defe-gorusdu\\\/#primaryimage\",\"url\":\"https:\\\/\\\/www.meydan.tv\\\/wp-content\\\/uploads\\\/shutterstock_2364253631-e1761135317505.jpg\",\"contentUrl\":\"https:\\\/\\\/www.meydan.tv\\\/wp-content\\\/uploads\\\/shutterstock_2364253631-e1761135317505.jpg\",\"width\":900,\"height\":559,\"caption\":\"Erm\u0259nistan-Az\u0259rbaycan. Foto: Michele Ursi\\\/shutterstock\"},{\"@type\":\"BreadcrumbList\",\"@id\":\"https:\\\/\\\/www.meydan.tv\\\/az\\\/article\\\/azerbaycan-ve-ermenistanin-bas-nazirlerinin-muavinleri-altinci-defe-gorusdu\\\/#breadcrumb\",\"itemListElement\":[{\"@type\":\"ListItem\",\"position\":1,\"name\":\"Ana s\u0259hif\u0259\",\"item\":\"https:\\\/\\\/www.meydan.tv\\\/az\\\/\"},{\"@type\":\"ListItem\",\"position\":2,\"name\":\"Siyas\u0259t\",\"item\":\"https:\\\/\\\/www.meydan.tv\\\/az\\\/section\\\/siyaset\\\/\"},{\"@type\":\"ListItem\",\"position\":3,\"name\":\"Az\u0259rbaycan v\u0259 Erm\u0259nistan\u0131n Ba\u015f nazirl\u0259rinin m\u00fcavinl\u0259ri alt\u0131nc\u0131 d\u0259f\u0259 g\u00f6r\u00fc\u015fd\u00fc\"}]},{\"@type\":\"WebSite\",\"@id\":\"https:\\\/\\\/www.meydan.tv\\\/az\\\/#website\",\"url\":\"https:\\\/\\\/www.meydan.tv\\\/az\\\/\",\"name\":\"MEYDAN.TV\",\"description\":\"Meydan TV Az\u0259rbaycan\u0131n media m\u0259kan\u0131ndak\u0131 alternativ s\u0259sidir\",\"publisher\":{\"@id\":\"https:\\\/\\\/www.meydan.tv\\\/az\\\/#organization\"},\"potentialAction\":[{\"@type\":\"SearchAction\",\"target\":{\"@type\":\"EntryPoint\",\"urlTemplate\":\"https:\\\/\\\/www.meydan.tv\\\/az\\\/?s={search_term_string}\"},\"query-input\":{\"@type\":\"PropertyValueSpecification\",\"valueRequired\":true,\"valueName\":\"search_term_string\"}}],\"inLanguage\":\"az\"},{\"@type\":\"Organization\",\"@id\":\"https:\\\/\\\/www.meydan.tv\\\/az\\\/#organization\",\"name\":\"Meydan TV\",\"url\":\"https:\\\/\\\/www.meydan.tv\\\/az\\\/\",\"logo\":{\"@type\":\"ImageObject\",\"inLanguage\":\"az\",\"@id\":\"https:\\\/\\\/www.meydan.tv\\\/az\\\/#\\\/schema\\\/logo\\\/image\\\/\",\"url\":\"https:\\\/\\\/www.meydan.tv\\\/wp-content\\\/uploads\\\/2021\\\/07\\\/meydan-logo.svg\",\"contentUrl\":\"https:\\\/\\\/www.meydan.tv\\\/wp-content\\\/uploads\\\/2021\\\/07\\\/meydan-logo.svg\",\"width\":195,\"height\":46,\"caption\":\"Meydan TV\"},\"image\":{\"@id\":\"https:\\\/\\\/www.meydan.tv\\\/az\\\/#\\\/schema\\\/logo\\\/image\\\/\"}},{\"@type\":\"Person\",\"@id\":\"https:\\\/\\\/www.meydan.tv\\\/az\\\/#\\\/schema\\\/person\\\/9cdbecf90d17180ce1dfbd95b08dcf47\",\"name\":\"elli\",\"sameAs\":[\"https:\\\/\\\/x.com\\\/elli\"]}]}<\/script>\n<!-- \/ Yoast SEO plugin. -->","yoast_head_json":{"title":"Az\u0259rbaycan v\u0259 Erm\u0259nistan\u0131n Ba\u015f nazirl\u0259rinin m\u00fcavinl\u0259ri alt\u0131nc\u0131 d\u0259f\u0259 g\u00f6r\u00fc\u015fd\u00fc - MEYDAN.TV","robots":{"index":"index","follow":"follow","max-snippet":"max-snippet:-1","max-image-preview":"max-image-preview:large","max-video-preview":"max-video-preview:-1"},"canonical":"https:\/\/www.meydan.tv\/az\/article\/azerbaycan-ve-ermenistanin-bas-nazirlerinin-muavinleri-altinci-defe-gorusdu\/","og_locale":"az_AZ","og_type":"article","og_title":"Az\u0259rbaycan v\u0259 Erm\u0259nistan\u0131n Ba\u015f nazirl\u0259rinin m\u00fcavinl\u0259ri alt\u0131nc\u0131 d\u0259f\u0259 g\u00f6r\u00fc\u015fd\u00fc - MEYDAN.TV","og_description":"Qazax rayonunda ke\u00e7iril\u0259n g\u00f6r\u00fc\u015f\u00fcn detallar\u0131 a\u00e7\u0131qlanmay\u0131b Yanvar\u0131n 31-d\u0259 Az\u0259rbaycan v\u0259 ... Davam\u0131","og_url":"https:\/\/www.meydan.tv\/az\/article\/azerbaycan-ve-ermenistanin-bas-nazirlerinin-muavinleri-altinci-defe-gorusdu\/","og_site_name":"MEYDAN.TV","article_published_time":"2024-01-31T19:38:41+00:00","article_modified_time":"2024-02-01T07:15:36+00:00","og_image":[{"width":1200,"height":800,"url":"https:\/\/www.meydan.tv\/wp-content\/uploads\/shutterstock_2364253631.jpg","type":"image\/jpeg"}],"author":"elli","twitter_card":"summary_large_image","twitter_creator":"@elli","schema":{"@context":"https:\/\/schema.org","@graph":[{"@type":"Article","@id":"https:\/\/www.meydan.tv\/az\/article\/azerbaycan-ve-ermenistanin-bas-nazirlerinin-muavinleri-altinci-defe-gorusdu\/#article","isPartOf":{"@id":"https:\/\/www.meydan.tv\/az\/article\/azerbaycan-ve-ermenistanin-bas-nazirlerinin-muavinleri-altinci-defe-gorusdu\/"},"author":{"name":"elli","@id":"https:\/\/www.meydan.tv\/az\/#\/schema\/person\/9cdbecf90d17180ce1dfbd95b08dcf47"},"headline":"Az\u0259rbaycan v\u0259 Erm\u0259nistan\u0131n Ba\u015f nazirl\u0259rinin m\u00fcavinl\u0259ri alt\u0131nc\u0131 d\u0259f\u0259 g\u00f6r\u00fc\u015fd\u00fc","datePublished":"2024-01-31T19:38:41+00:00","dateModified":"2024-02-01T07:15:36+00:00","mainEntityOfPage":{"@id":"https:\/\/www.meydan.tv\/az\/article\/azerbaycan-ve-ermenistanin-bas-nazirlerinin-muavinleri-altinci-defe-gorusdu\/"},"wordCount":525,"publisher":{"@id":"https:\/\/www.meydan.tv\/az\/#organization"},"image":{"@id":"https:\/\/www.meydan.tv\/az\/article\/azerbaycan-ve-ermenistanin-bas-nazirlerinin-muavinleri-altinci-defe-gorusdu\/#primaryimage"},"thumbnailUrl":"https:\/\/www.meydan.tv\/wp-content\/uploads\/shutterstock_2364253631-e1761135317505.jpg","articleSection":["Siyas\u0259t","T\u00f6vsiy\u0259","X\u0259b\u0259rl\u0259r"],"inLanguage":"az"},{"@type":"WebPage","@id":"https:\/\/www.meydan.tv\/az\/article\/azerbaycan-ve-ermenistanin-bas-nazirlerinin-muavinleri-altinci-defe-gorusdu\/","url":"https:\/\/www.meydan.tv\/az\/article\/azerbaycan-ve-ermenistanin-bas-nazirlerinin-muavinleri-altinci-defe-gorusdu\/","name":"Az\u0259rbaycan v\u0259 Erm\u0259nistan\u0131n Ba\u015f nazirl\u0259rinin m\u00fcavinl\u0259ri alt\u0131nc\u0131 d\u0259f\u0259 g\u00f6r\u00fc\u015fd\u00fc - MEYDAN.TV","isPartOf":{"@id":"https:\/\/www.meydan.tv\/az\/#website"},"primaryImageOfPage":{"@id":"https:\/\/www.meydan.tv\/az\/article\/azerbaycan-ve-ermenistanin-bas-nazirlerinin-muavinleri-altinci-defe-gorusdu\/#primaryimage"},"image":{"@id":"https:\/\/www.meydan.tv\/az\/article\/azerbaycan-ve-ermenistanin-bas-nazirlerinin-muavinleri-altinci-defe-gorusdu\/#primaryimage"},"thumbnailUrl":"https:\/\/www.meydan.tv\/wp-content\/uploads\/shutterstock_2364253631-e1761135317505.jpg","datePublished":"2024-01-31T19:38:41+00:00","dateModified":"2024-02-01T07:15:36+00:00","breadcrumb":{"@id":"https:\/\/www.meydan.tv\/az\/article\/azerbaycan-ve-ermenistanin-bas-nazirlerinin-muavinleri-altinci-defe-gorusdu\/#breadcrumb"},"inLanguage":"az","potentialAction":[{"@type":"ReadAction","target":["https:\/\/www.meydan.tv\/az\/article\/azerbaycan-ve-ermenistanin-bas-nazirlerinin-muavinleri-altinci-defe-gorusdu\/"]}]},{"@type":"ImageObject","inLanguage":"az","@id":"https:\/\/www.meydan.tv\/az\/article\/azerbaycan-ve-ermenistanin-bas-nazirlerinin-muavinleri-altinci-defe-gorusdu\/#primaryimage","url":"https:\/\/www.meydan.tv\/wp-content\/uploads\/shutterstock_2364253631-e1761135317505.jpg","contentUrl":"https:\/\/www.meydan.tv\/wp-content\/uploads\/shutterstock_2364253631-e1761135317505.jpg","width":900,"height":559,"caption":"Erm\u0259nistan-Az\u0259rbaycan. Foto: Michele Ursi\/shutterstock"},{"@type":"BreadcrumbList","@id":"https:\/\/www.meydan.tv\/az\/article\/azerbaycan-ve-ermenistanin-bas-nazirlerinin-muavinleri-altinci-defe-gorusdu\/#breadcrumb","itemListElement":[{"@type":"ListItem","position":1,"name":"Ana s\u0259hif\u0259","item":"https:\/\/www.meydan.tv\/az\/"},{"@type":"ListItem","position":2,"name":"Siyas\u0259t","item":"https:\/\/www.meydan.tv\/az\/section\/siyaset\/"},{"@type":"ListItem","position":3,"name":"Az\u0259rbaycan v\u0259 Erm\u0259nistan\u0131n Ba\u015f nazirl\u0259rinin m\u00fcavinl\u0259ri alt\u0131nc\u0131 d\u0259f\u0259 g\u00f6r\u00fc\u015fd\u00fc"}]},{"@type":"WebSite","@id":"https:\/\/www.meydan.tv\/az\/#website","url":"https:\/\/www.meydan.tv\/az\/","name":"MEYDAN.TV","description":"Meydan TV Az\u0259rbaycan\u0131n media m\u0259kan\u0131ndak\u0131 alternativ s\u0259sidir","publisher":{"@id":"https:\/\/www.meydan.tv\/az\/#organization"},"potentialAction":[{"@type":"SearchAction","target":{"@type":"EntryPoint","urlTemplate":"https:\/\/www.meydan.tv\/az\/?s={search_term_string}"},"query-input":{"@type":"PropertyValueSpecification","valueRequired":true,"valueName":"search_term_string"}}],"inLanguage":"az"},{"@type":"Organization","@id":"https:\/\/www.meydan.tv\/az\/#organization","name":"Meydan TV","url":"https:\/\/www.meydan.tv\/az\/","logo":{"@type":"ImageObject","inLanguage":"az","@id":"https:\/\/www.meydan.tv\/az\/#\/schema\/logo\/image\/","url":"https:\/\/www.meydan.tv\/wp-content\/uploads\/2021\/07\/meydan-logo.svg","contentUrl":"https:\/\/www.meydan.tv\/wp-content\/uploads\/2021\/07\/meydan-logo.svg","width":195,"height":46,"caption":"Meydan TV"},"image":{"@id":"https:\/\/www.meydan.tv\/az\/#\/schema\/logo\/image\/"}},{"@type":"Person","@id":"https:\/\/www.meydan.tv\/az\/#\/schema\/person\/9cdbecf90d17180ce1dfbd95b08dcf47","name":"elli","sameAs":["https:\/\/x.com\/elli"]}]}},"_links":{"self":[{"href":"https:\/\/www.meydan.tv\/az\/wp-json\/wp\/v2\/posts\/296803","targetHints":{"allow":["GET"]}}],"collection":[{"href":"https:\/\/www.meydan.tv\/az\/wp-json\/wp\/v2\/posts"}],"about":[{"href":"https:\/\/www.meydan.tv\/az\/wp-json\/wp\/v2\/types\/post"}],"author":[{"embeddable":true,"href":"https:\/\/www.meydan.tv\/az\/wp-json\/wp\/v2\/users\/8"}],"replies":[{"embeddable":true,"href":"https:\/\/www.meydan.tv\/az\/wp-json\/wp\/v2\/comments?post=296803"}],"version-history":[{"count":3,"href":"https:\/\/www.meydan.tv\/az\/wp-json\/wp\/v2\/posts\/296803\/revisions"}],"predecessor-version":[{"id":296808,"href":"https:\/\/www.meydan.tv\/az\/wp-json\/wp\/v2\/posts\/296803\/revisions\/296808"}],"wp:featuredmedia":[{"embeddable":true,"href":"https:\/\/www.meydan.tv\/az\/wp-json\/wp\/v2\/media\/289644"}],"wp:attachment":[{"href":"https:\/\/www.meydan.tv\/az\/wp-json\/wp\/v2\/media?parent=296803"}],"wp:term":[{"taxonomy":"category","embeddable":true,"href":"https:\/\/www.meydan.tv\/az\/wp-json\/wp\/v2\/categories?post=296803"},{"taxonomy":"post_tag","embeddable":true,"href":"https:\/\/www.meydan.tv\/az\/wp-json\/wp\/v2\/tags?post=296803"}],"curies":[{"name":"wp","href":"https:\/\/api.w.org\/{rel}","templated":true}]}}