{"id":296696,"date":"2024-01-30T22:17:26","date_gmt":"2024-01-30T18:17:26","guid":{"rendered":"https:\/\/www.meydan.tv\/?p=296696"},"modified":"2024-01-30T22:17:30","modified_gmt":"2024-01-30T18:17:30","slug":"isteyirler-ki-bina-basimiza-ucsun-sonra-maraqlansinlar","status":"publish","type":"post","link":"https:\/\/www.meydan.tv\/az\/article\/isteyirler-ki-bina-basimiza-ucsun-sonra-maraqlansinlar\/","title":{"rendered":"\u201c\u0130st\u0259yirl\u0259r ki, bina ba\u015f\u0131m\u0131za u\u00e7sun, sonra maraqlans\u0131nlar?\u201d"},"content":{"rendered":"\n<figure class=\"wp-block-embed is-type-video is-provider-youtube wp-block-embed-youtube wp-embed-aspect-16-9 wp-has-aspect-ratio\"><div class=\"wp-block-embed__wrapper\">\n<iframe title=\"\u201c\u0130st\u0259yirl\u0259r ki, bina ba\u015f\u0131m\u0131za u\u00e7sun, sonra maraqlans\u0131nlar?\u201d\" width=\"1200\" height=\"675\" data-src=\"https:\/\/www.youtube.com\/embed\/QayzsamiDg4?feature=oembed\" frameborder=\"0\" allow=\"accelerometer; autoplay; clipboard-write; encrypted-media; gyroscope; picture-in-picture; web-share\" allowfullscreen src=\"data:image\/svg+xml;base64,PHN2ZyB3aWR0aD0iMSIgaGVpZ2h0PSIxIiB4bWxucz0iaHR0cDovL3d3dy53My5vcmcvMjAwMC9zdmciPjwvc3ZnPg==\" class=\"lazyload\" data-load-mode=\"1\"><\/iframe>\n<\/div><\/figure>\n\n\n\n<p><\/p>\n\n\n\n<p>G\u0259nc\u0259 \u015f\u0259h\u0259ri, Atat\u00fcrk prospektind\u0259 yerl\u0259\u015f\u0259n yataqxanada sakinl\u0259r d\u00f6vl\u0259t qurumlar\u0131n\u0131n onlara laqeyd davran\u0131\u015f\u0131ndan \u015fikay\u0259tl\u0259nirl\u0259r. Sakinl\u0259r yataqxanada v\u0259ziyy\u0259tin g\u00fcnb\u0259g\u00fcn daha da pisl\u0259\u015fdiyini, m\u00fcraci\u0259tl\u0259rinin is\u0259 cavabs\u0131z qald\u0131\u011f\u0131n\u0131 deyirl\u0259r.<\/p>\n\n\n\n<p>G\u0259nc\u0259 \u015e\u0259h\u0259r \u0130cra Hakimiyy\u0259ti sor\u011fumuza cavab olaraq bildirib ki, M\u0259nzil Kommunal T\u0259s\u0259rr\u00fcfat\u0131 \u0130stehsalat Birliyinin balans\u0131nda haz\u0131rda 18 yataqxana m\u00f6vcuddur. <\/p>\n\n\n\n<p><em>&#8220;Bu yataqxanalar\u0131n bir \u00e7oxu q\u0259zal\u0131 v\u0259ziyy\u0259td\u0259 oldu\u011fundan, h\u0259min binalarda ya\u015fayan sakinl\u0259rin k\u00f6\u00e7\u00fcr\u00fclm\u0259si istiqam\u0259tind\u0259 i\u015fl\u0259r apar\u0131l\u0131r, sakinl\u0259rin siyah\u0131ya al\u0131nmas\u0131 h\u0259yata ke\u00e7irilir<\/em>&#8220;. <\/p>\n\n\n\n<p><em>&#8220;S\u00f6z\u00fcged\u0259n \u0259razid\u0259 x\u0259tl\u0259r k\u00f6hn\u0259 oldu\u011fundan, m\u00fc\u0259yy\u0259n vaxtlarda q\u0259zalar ba\u015f verir ki, onlar da q\u0131sa m\u00fcdd\u0259td\u0259 aradan qald\u0131r\u0131l\u0131r. M\u0259lumat \u00fc\u00e7\u00fcn bildir\u0259k ki, s\u00f6z\u00fcged\u0259n \u0259razid\u0259 \u201cA\u00e7\u0131q Kommunal \u0130nfrasruktur Proqram\u0131 II\u201d layih\u0259si icra olunur. Layih\u0259 \u00e7\u0259r\u00e7iv\u0259sind\u0259 i\u015fl\u0259r yekunla\u015fd\u0131qdan sonra \u0259razid\u0259 olan m\u00f6vcud probleml\u0259r \u00f6z h\u0259llini tapacaq&#8221;<\/em>,- qurumdan bildirilib.<\/p>\n","protected":false},"excerpt":{"rendered":"<p>G\u0259nc\u0259 \u015f\u0259h\u0259ri, Atat\u00fcrk prospektind\u0259 yerl\u0259\u015f\u0259n yataqxanada sakinl\u0259r d\u00f6vl\u0259t qurumlar\u0131n\u0131n onlara &#8230; <\/p>\n<p class=\"read-more-container\"><a title=\"\u201c\u0130st\u0259yirl\u0259r ki, bina ba\u015f\u0131m\u0131za u\u00e7sun, sonra maraqlans\u0131nlar?\u201d\" class=\"read-more button\" href=\"https:\/\/www.meydan.tv\/az\/article\/isteyirler-ki-bina-basimiza-ucsun-sonra-maraqlansinlar\/#more-296696\" aria-label=\"Read more about \u201c\u0130st\u0259yirl\u0259r ki, bina ba\u015f\u0131m\u0131za u\u00e7sun, sonra maraqlans\u0131nlar?\u201d\">Davam\u0131<\/a><\/p>\n","protected":false},"author":12,"featured_media":296697,"comment_status":"closed","ping_status":"closed","sticky":false,"template":"","format":"standard","meta":{"_acf_changed":false,"_sitemap_exclude":false,"_sitemap_priority":"","_sitemap_frequency":"","footnotes":""},"categories":[60,62,63],"tags":[],"class_list":["post-296696","post","type-post","status-publish","format-standard","has-post-thumbnail","hentry","category-bolge","category-sosial","category-video-2","infinite-scroll-item","generate-columns","tablet-grid-50","mobile-grid-100","grid-parent","grid-33","no-featured-image-padding"],"acf":[],"yoast_head":"<!-- This site is optimized with the Yoast SEO plugin v27.4 - https:\/\/yoast.com\/product\/yoast-seo-wordpress\/ -->\n<title>\u201c\u0130st\u0259yirl\u0259r ki, bina ba\u015f\u0131m\u0131za u\u00e7sun, sonra maraqlans\u0131nlar?\u201d - MEYDAN.TV<\/title>\n<meta name=\"robots\" content=\"index, follow, max-snippet:-1, max-image-preview:large, max-video-preview:-1\" \/>\n<link rel=\"canonical\" href=\"https:\/\/www.meydan.tv\/az\/article\/isteyirler-ki-bina-basimiza-ucsun-sonra-maraqlansinlar\/\" \/>\n<meta property=\"og:locale\" content=\"az_AZ\" \/>\n<meta property=\"og:type\" content=\"article\" \/>\n<meta property=\"og:title\" content=\"\u201c\u0130st\u0259yirl\u0259r ki, bina ba\u015f\u0131m\u0131za u\u00e7sun, sonra maraqlans\u0131nlar?\u201d - MEYDAN.TV\" \/>\n<meta property=\"og:description\" content=\"G\u0259nc\u0259 \u015f\u0259h\u0259ri, Atat\u00fcrk prospektind\u0259 yerl\u0259\u015f\u0259n yataqxanada sakinl\u0259r d\u00f6vl\u0259t qurumlar\u0131n\u0131n onlara ... Davam\u0131\" \/>\n<meta property=\"og:url\" content=\"https:\/\/www.meydan.tv\/az\/article\/isteyirler-ki-bina-basimiza-ucsun-sonra-maraqlansinlar\/\" \/>\n<meta property=\"og:site_name\" content=\"MEYDAN.TV\" \/>\n<meta property=\"article:published_time\" content=\"2024-01-30T18:17:26+00:00\" \/>\n<meta property=\"article:modified_time\" content=\"2024-01-30T18:17:30+00:00\" \/>\n<meta property=\"og:image\" content=\"https:\/\/www.meydan.tv\/wp-content\/uploads\/screenshot-2024-01-30-at-17.52.18.png\" \/>\n\t<meta property=\"og:image:width\" content=\"1692\" \/>\n\t<meta property=\"og:image:height\" content=\"802\" \/>\n\t<meta property=\"og:image:type\" content=\"image\/png\" \/>\n<meta name=\"author\" content=\"aleks\" \/>\n<meta name=\"twitter:card\" content=\"summary_large_image\" \/>\n<script type=\"application\/ld+json\" class=\"yoast-schema-graph\">{\"@context\":\"https:\\\/\\\/schema.org\",\"@graph\":[{\"@type\":\"Article\",\"@id\":\"https:\\\/\\\/www.meydan.tv\\\/az\\\/article\\\/isteyirler-ki-bina-basimiza-ucsun-sonra-maraqlansinlar\\\/#article\",\"isPartOf\":{\"@id\":\"https:\\\/\\\/www.meydan.tv\\\/az\\\/article\\\/isteyirler-ki-bina-basimiza-ucsun-sonra-maraqlansinlar\\\/\"},\"author\":{\"name\":\"aleks\",\"@id\":\"https:\\\/\\\/www.meydan.tv\\\/az\\\/#\\\/schema\\\/person\\\/476e9360e593fa131d5d71d51866f8da\"},\"headline\":\"\u201c\u0130st\u0259yirl\u0259r ki, bina ba\u015f\u0131m\u0131za u\u00e7sun, sonra maraqlans\u0131nlar?\u201d\",\"datePublished\":\"2024-01-30T18:17:26+00:00\",\"dateModified\":\"2024-01-30T18:17:30+00:00\",\"mainEntityOfPage\":{\"@id\":\"https:\\\/\\\/www.meydan.tv\\\/az\\\/article\\\/isteyirler-ki-bina-basimiza-ucsun-sonra-maraqlansinlar\\\/\"},\"wordCount\":216,\"publisher\":{\"@id\":\"https:\\\/\\\/www.meydan.tv\\\/az\\\/#organization\"},\"image\":{\"@id\":\"https:\\\/\\\/www.meydan.tv\\\/az\\\/article\\\/isteyirler-ki-bina-basimiza-ucsun-sonra-maraqlansinlar\\\/#primaryimage\"},\"thumbnailUrl\":\"https:\\\/\\\/www.meydan.tv\\\/wp-content\\\/uploads\\\/screenshot-2024-01-30-at-17.52.18.png\",\"articleSection\":[\"B\u00f6lg\u0259\",\"Sosial\",\"Video\"],\"inLanguage\":\"az\"},{\"@type\":\"WebPage\",\"@id\":\"https:\\\/\\\/www.meydan.tv\\\/az\\\/article\\\/isteyirler-ki-bina-basimiza-ucsun-sonra-maraqlansinlar\\\/\",\"url\":\"https:\\\/\\\/www.meydan.tv\\\/az\\\/article\\\/isteyirler-ki-bina-basimiza-ucsun-sonra-maraqlansinlar\\\/\",\"name\":\"\u201c\u0130st\u0259yirl\u0259r ki, bina ba\u015f\u0131m\u0131za u\u00e7sun, sonra maraqlans\u0131nlar?\u201d - MEYDAN.TV\",\"isPartOf\":{\"@id\":\"https:\\\/\\\/www.meydan.tv\\\/az\\\/#website\"},\"primaryImageOfPage\":{\"@id\":\"https:\\\/\\\/www.meydan.tv\\\/az\\\/article\\\/isteyirler-ki-bina-basimiza-ucsun-sonra-maraqlansinlar\\\/#primaryimage\"},\"image\":{\"@id\":\"https:\\\/\\\/www.meydan.tv\\\/az\\\/article\\\/isteyirler-ki-bina-basimiza-ucsun-sonra-maraqlansinlar\\\/#primaryimage\"},\"thumbnailUrl\":\"https:\\\/\\\/www.meydan.tv\\\/wp-content\\\/uploads\\\/screenshot-2024-01-30-at-17.52.18.png\",\"datePublished\":\"2024-01-30T18:17:26+00:00\",\"dateModified\":\"2024-01-30T18:17:30+00:00\",\"breadcrumb\":{\"@id\":\"https:\\\/\\\/www.meydan.tv\\\/az\\\/article\\\/isteyirler-ki-bina-basimiza-ucsun-sonra-maraqlansinlar\\\/#breadcrumb\"},\"inLanguage\":\"az\",\"potentialAction\":[{\"@type\":\"ReadAction\",\"target\":[\"https:\\\/\\\/www.meydan.tv\\\/az\\\/article\\\/isteyirler-ki-bina-basimiza-ucsun-sonra-maraqlansinlar\\\/\"]}]},{\"@type\":\"ImageObject\",\"inLanguage\":\"az\",\"@id\":\"https:\\\/\\\/www.meydan.tv\\\/az\\\/article\\\/isteyirler-ki-bina-basimiza-ucsun-sonra-maraqlansinlar\\\/#primaryimage\",\"url\":\"https:\\\/\\\/www.meydan.tv\\\/wp-content\\\/uploads\\\/screenshot-2024-01-30-at-17.52.18.png\",\"contentUrl\":\"https:\\\/\\\/www.meydan.tv\\\/wp-content\\\/uploads\\\/screenshot-2024-01-30-at-17.52.18.png\",\"width\":1692,\"height\":802},{\"@type\":\"BreadcrumbList\",\"@id\":\"https:\\\/\\\/www.meydan.tv\\\/az\\\/article\\\/isteyirler-ki-bina-basimiza-ucsun-sonra-maraqlansinlar\\\/#breadcrumb\",\"itemListElement\":[{\"@type\":\"ListItem\",\"position\":1,\"name\":\"Ana s\u0259hif\u0259\",\"item\":\"https:\\\/\\\/www.meydan.tv\\\/az\\\/\"},{\"@type\":\"ListItem\",\"position\":2,\"name\":\"B\u00f6lg\u0259\",\"item\":\"https:\\\/\\\/www.meydan.tv\\\/az\\\/section\\\/bolge\\\/\"},{\"@type\":\"ListItem\",\"position\":3,\"name\":\"\u201c\u0130st\u0259yirl\u0259r ki, bina ba\u015f\u0131m\u0131za u\u00e7sun, sonra maraqlans\u0131nlar?\u201d\"}]},{\"@type\":\"WebSite\",\"@id\":\"https:\\\/\\\/www.meydan.tv\\\/az\\\/#website\",\"url\":\"https:\\\/\\\/www.meydan.tv\\\/az\\\/\",\"name\":\"MEYDAN.TV\",\"description\":\"Meydan TV Az\u0259rbaycan\u0131n media m\u0259kan\u0131ndak\u0131 alternativ s\u0259sidir\",\"publisher\":{\"@id\":\"https:\\\/\\\/www.meydan.tv\\\/az\\\/#organization\"},\"potentialAction\":[{\"@type\":\"SearchAction\",\"target\":{\"@type\":\"EntryPoint\",\"urlTemplate\":\"https:\\\/\\\/www.meydan.tv\\\/az\\\/?s={search_term_string}\"},\"query-input\":{\"@type\":\"PropertyValueSpecification\",\"valueRequired\":true,\"valueName\":\"search_term_string\"}}],\"inLanguage\":\"az\"},{\"@type\":\"Organization\",\"@id\":\"https:\\\/\\\/www.meydan.tv\\\/az\\\/#organization\",\"name\":\"Meydan TV\",\"url\":\"https:\\\/\\\/www.meydan.tv\\\/az\\\/\",\"logo\":{\"@type\":\"ImageObject\",\"inLanguage\":\"az\",\"@id\":\"https:\\\/\\\/www.meydan.tv\\\/az\\\/#\\\/schema\\\/logo\\\/image\\\/\",\"url\":\"https:\\\/\\\/www.meydan.tv\\\/wp-content\\\/uploads\\\/2021\\\/07\\\/meydan-logo.svg\",\"contentUrl\":\"https:\\\/\\\/www.meydan.tv\\\/wp-content\\\/uploads\\\/2021\\\/07\\\/meydan-logo.svg\",\"width\":195,\"height\":46,\"caption\":\"Meydan TV\"},\"image\":{\"@id\":\"https:\\\/\\\/www.meydan.tv\\\/az\\\/#\\\/schema\\\/logo\\\/image\\\/\"}},{\"@type\":\"Person\",\"@id\":\"https:\\\/\\\/www.meydan.tv\\\/az\\\/#\\\/schema\\\/person\\\/476e9360e593fa131d5d71d51866f8da\",\"name\":\"aleks\"}]}<\/script>\n<!-- \/ Yoast SEO plugin. -->","yoast_head_json":{"title":"\u201c\u0130st\u0259yirl\u0259r ki, bina ba\u015f\u0131m\u0131za u\u00e7sun, sonra maraqlans\u0131nlar?\u201d - MEYDAN.TV","robots":{"index":"index","follow":"follow","max-snippet":"max-snippet:-1","max-image-preview":"max-image-preview:large","max-video-preview":"max-video-preview:-1"},"canonical":"https:\/\/www.meydan.tv\/az\/article\/isteyirler-ki-bina-basimiza-ucsun-sonra-maraqlansinlar\/","og_locale":"az_AZ","og_type":"article","og_title":"\u201c\u0130st\u0259yirl\u0259r ki, bina ba\u015f\u0131m\u0131za u\u00e7sun, sonra maraqlans\u0131nlar?\u201d - MEYDAN.TV","og_description":"G\u0259nc\u0259 \u015f\u0259h\u0259ri, Atat\u00fcrk prospektind\u0259 yerl\u0259\u015f\u0259n yataqxanada sakinl\u0259r d\u00f6vl\u0259t qurumlar\u0131n\u0131n onlara ... Davam\u0131","og_url":"https:\/\/www.meydan.tv\/az\/article\/isteyirler-ki-bina-basimiza-ucsun-sonra-maraqlansinlar\/","og_site_name":"MEYDAN.TV","article_published_time":"2024-01-30T18:17:26+00:00","article_modified_time":"2024-01-30T18:17:30+00:00","og_image":[{"width":1692,"height":802,"url":"https:\/\/www.meydan.tv\/wp-content\/uploads\/screenshot-2024-01-30-at-17.52.18.png","type":"image\/png"}],"author":"aleks","twitter_card":"summary_large_image","schema":{"@context":"https:\/\/schema.org","@graph":[{"@type":"Article","@id":"https:\/\/www.meydan.tv\/az\/article\/isteyirler-ki-bina-basimiza-ucsun-sonra-maraqlansinlar\/#article","isPartOf":{"@id":"https:\/\/www.meydan.tv\/az\/article\/isteyirler-ki-bina-basimiza-ucsun-sonra-maraqlansinlar\/"},"author":{"name":"aleks","@id":"https:\/\/www.meydan.tv\/az\/#\/schema\/person\/476e9360e593fa131d5d71d51866f8da"},"headline":"\u201c\u0130st\u0259yirl\u0259r ki, bina ba\u015f\u0131m\u0131za u\u00e7sun, sonra maraqlans\u0131nlar?\u201d","datePublished":"2024-01-30T18:17:26+00:00","dateModified":"2024-01-30T18:17:30+00:00","mainEntityOfPage":{"@id":"https:\/\/www.meydan.tv\/az\/article\/isteyirler-ki-bina-basimiza-ucsun-sonra-maraqlansinlar\/"},"wordCount":216,"publisher":{"@id":"https:\/\/www.meydan.tv\/az\/#organization"},"image":{"@id":"https:\/\/www.meydan.tv\/az\/article\/isteyirler-ki-bina-basimiza-ucsun-sonra-maraqlansinlar\/#primaryimage"},"thumbnailUrl":"https:\/\/www.meydan.tv\/wp-content\/uploads\/screenshot-2024-01-30-at-17.52.18.png","articleSection":["B\u00f6lg\u0259","Sosial","Video"],"inLanguage":"az"},{"@type":"WebPage","@id":"https:\/\/www.meydan.tv\/az\/article\/isteyirler-ki-bina-basimiza-ucsun-sonra-maraqlansinlar\/","url":"https:\/\/www.meydan.tv\/az\/article\/isteyirler-ki-bina-basimiza-ucsun-sonra-maraqlansinlar\/","name":"\u201c\u0130st\u0259yirl\u0259r ki, bina ba\u015f\u0131m\u0131za u\u00e7sun, sonra maraqlans\u0131nlar?\u201d - MEYDAN.TV","isPartOf":{"@id":"https:\/\/www.meydan.tv\/az\/#website"},"primaryImageOfPage":{"@id":"https:\/\/www.meydan.tv\/az\/article\/isteyirler-ki-bina-basimiza-ucsun-sonra-maraqlansinlar\/#primaryimage"},"image":{"@id":"https:\/\/www.meydan.tv\/az\/article\/isteyirler-ki-bina-basimiza-ucsun-sonra-maraqlansinlar\/#primaryimage"},"thumbnailUrl":"https:\/\/www.meydan.tv\/wp-content\/uploads\/screenshot-2024-01-30-at-17.52.18.png","datePublished":"2024-01-30T18:17:26+00:00","dateModified":"2024-01-30T18:17:30+00:00","breadcrumb":{"@id":"https:\/\/www.meydan.tv\/az\/article\/isteyirler-ki-bina-basimiza-ucsun-sonra-maraqlansinlar\/#breadcrumb"},"inLanguage":"az","potentialAction":[{"@type":"ReadAction","target":["https:\/\/www.meydan.tv\/az\/article\/isteyirler-ki-bina-basimiza-ucsun-sonra-maraqlansinlar\/"]}]},{"@type":"ImageObject","inLanguage":"az","@id":"https:\/\/www.meydan.tv\/az\/article\/isteyirler-ki-bina-basimiza-ucsun-sonra-maraqlansinlar\/#primaryimage","url":"https:\/\/www.meydan.tv\/wp-content\/uploads\/screenshot-2024-01-30-at-17.52.18.png","contentUrl":"https:\/\/www.meydan.tv\/wp-content\/uploads\/screenshot-2024-01-30-at-17.52.18.png","width":1692,"height":802},{"@type":"BreadcrumbList","@id":"https:\/\/www.meydan.tv\/az\/article\/isteyirler-ki-bina-basimiza-ucsun-sonra-maraqlansinlar\/#breadcrumb","itemListElement":[{"@type":"ListItem","position":1,"name":"Ana s\u0259hif\u0259","item":"https:\/\/www.meydan.tv\/az\/"},{"@type":"ListItem","position":2,"name":"B\u00f6lg\u0259","item":"https:\/\/www.meydan.tv\/az\/section\/bolge\/"},{"@type":"ListItem","position":3,"name":"\u201c\u0130st\u0259yirl\u0259r ki, bina ba\u015f\u0131m\u0131za u\u00e7sun, sonra maraqlans\u0131nlar?\u201d"}]},{"@type":"WebSite","@id":"https:\/\/www.meydan.tv\/az\/#website","url":"https:\/\/www.meydan.tv\/az\/","name":"MEYDAN.TV","description":"Meydan TV Az\u0259rbaycan\u0131n media m\u0259kan\u0131ndak\u0131 alternativ s\u0259sidir","publisher":{"@id":"https:\/\/www.meydan.tv\/az\/#organization"},"potentialAction":[{"@type":"SearchAction","target":{"@type":"EntryPoint","urlTemplate":"https:\/\/www.meydan.tv\/az\/?s={search_term_string}"},"query-input":{"@type":"PropertyValueSpecification","valueRequired":true,"valueName":"search_term_string"}}],"inLanguage":"az"},{"@type":"Organization","@id":"https:\/\/www.meydan.tv\/az\/#organization","name":"Meydan TV","url":"https:\/\/www.meydan.tv\/az\/","logo":{"@type":"ImageObject","inLanguage":"az","@id":"https:\/\/www.meydan.tv\/az\/#\/schema\/logo\/image\/","url":"https:\/\/www.meydan.tv\/wp-content\/uploads\/2021\/07\/meydan-logo.svg","contentUrl":"https:\/\/www.meydan.tv\/wp-content\/uploads\/2021\/07\/meydan-logo.svg","width":195,"height":46,"caption":"Meydan TV"},"image":{"@id":"https:\/\/www.meydan.tv\/az\/#\/schema\/logo\/image\/"}},{"@type":"Person","@id":"https:\/\/www.meydan.tv\/az\/#\/schema\/person\/476e9360e593fa131d5d71d51866f8da","name":"aleks"}]}},"_links":{"self":[{"href":"https:\/\/www.meydan.tv\/az\/wp-json\/wp\/v2\/posts\/296696","targetHints":{"allow":["GET"]}}],"collection":[{"href":"https:\/\/www.meydan.tv\/az\/wp-json\/wp\/v2\/posts"}],"about":[{"href":"https:\/\/www.meydan.tv\/az\/wp-json\/wp\/v2\/types\/post"}],"author":[{"embeddable":true,"href":"https:\/\/www.meydan.tv\/az\/wp-json\/wp\/v2\/users\/12"}],"replies":[{"embeddable":true,"href":"https:\/\/www.meydan.tv\/az\/wp-json\/wp\/v2\/comments?post=296696"}],"version-history":[{"count":4,"href":"https:\/\/www.meydan.tv\/az\/wp-json\/wp\/v2\/posts\/296696\/revisions"}],"predecessor-version":[{"id":296707,"href":"https:\/\/www.meydan.tv\/az\/wp-json\/wp\/v2\/posts\/296696\/revisions\/296707"}],"wp:featuredmedia":[{"embeddable":true,"href":"https:\/\/www.meydan.tv\/az\/wp-json\/wp\/v2\/media\/296697"}],"wp:attachment":[{"href":"https:\/\/www.meydan.tv\/az\/wp-json\/wp\/v2\/media?parent=296696"}],"wp:term":[{"taxonomy":"category","embeddable":true,"href":"https:\/\/www.meydan.tv\/az\/wp-json\/wp\/v2\/categories?post=296696"},{"taxonomy":"post_tag","embeddable":true,"href":"https:\/\/www.meydan.tv\/az\/wp-json\/wp\/v2\/tags?post=296696"}],"curies":[{"name":"wp","href":"https:\/\/api.w.org\/{rel}","templated":true}]}}