{"id":296691,"date":"2024-01-30T22:13:58","date_gmt":"2024-01-30T18:13:58","guid":{"rendered":"https:\/\/www.meydan.tv\/?p=296691"},"modified":"2024-01-30T22:14:01","modified_gmt":"2024-01-30T18:14:01","slug":"azerbaycan-avropa-mehkemesinden-de-cixacaq","status":"publish","type":"post","link":"https:\/\/www.meydan.tv\/az\/article\/azerbaycan-avropa-mehkemesinden-de-cixacaq\/","title":{"rendered":"Az\u0259rbaycan Avropa M\u0259hk\u0259m\u0259sind\u0259n d\u0259 \u00e7\u0131xacaq?"},"content":{"rendered":"\n<figure class=\"wp-block-embed is-type-video is-provider-youtube wp-block-embed-youtube wp-embed-aspect-16-9 wp-has-aspect-ratio\"><div class=\"wp-block-embed__wrapper\">\n<iframe title=\"Az\u0259rbaycan Avropa M\u0259hk\u0259m\u0259sind\u0259n d\u0259 \u00e7\u0131xacaq?\" width=\"1200\" height=\"675\" data-src=\"https:\/\/www.youtube.com\/embed\/hVB0V5lALFg?feature=oembed\" frameborder=\"0\" allow=\"accelerometer; autoplay; clipboard-write; encrypted-media; gyroscope; picture-in-picture; web-share\" allowfullscreen src=\"data:image\/svg+xml;base64,PHN2ZyB3aWR0aD0iMSIgaGVpZ2h0PSIxIiB4bWxucz0iaHR0cDovL3d3dy53My5vcmcvMjAwMC9zdmciPjwvc3ZnPg==\" class=\"lazyload\" data-load-mode=\"1\"><\/iframe>\n<\/div><\/figure>\n\n\n\n<p><\/p>\n\n\n\n<p>Fikirl\u0259rini s\u0259rb\u0259stc\u0259 ifad\u0259 etm\u0259k, yeri g\u0259l\u0259nd\u0259 etiraz \u00fc\u00e7\u00fcn topla\u015fmaq, i\u015fg\u0259nc\u0259 v\u0259 pis r\u0259ftara m\u0259ruz qalmamaq, evinin zorla \u0259lind\u0259n \u00e7\u0131xmamas\u0131. Bu kimi t\u0259m\u0259l insan h\u00fcquqlar\u0131n Az\u0259rbaycanda tapdalan\u0131rsa, \u0259dal\u0259ti bir az uzaqda Avropa \u0130nsan H\u00fcquqlar\u0131 M\u0259hk\u0259m\u0259sind\u0259 axtar\u0131rsan. \u0130ndi bu qap\u0131 da Az\u0259rbaycan v\u0259t\u0259nda\u015flar\u0131n\u0131n \u00fcz\u00fcn\u0259 ba\u011flana bil\u0259r.<\/p>\n\n\n\n<p>Az\u0259rbaycan hakimiyy\u0259tinin A\u015ePA-da f\u0259aliyy\u0259tinin dayand\u0131r\u0131lmas\u0131 a\u011f\u0131la \u00f6lk\u0259nin beyn\u0259lxalq m\u0259hk\u0259m\u0259nin yurisdiksiyas\u0131ndan \u00e7\u0131xma ehtimal\u0131n\u0131 da g\u0259tirir. \u0130qtidara yax\u0131n media yaz\u0131r ki, Az\u0259rbaycan m\u0259hk\u0259m\u0259nin q\u0259rarlar\u0131n\u0131 tan\u0131maqdan imtina ed\u0259 bil\u0259r.<\/p>\n\n\n\n<p>\u0130nsan Haqlar\u0131 M\u0259hk\u0259m\u0259sin\u0259 onlarla \u015fikay\u0259t g\u00f6nd\u0259r\u0259n Yaqublular ail\u0259si \u00f6lk\u0259d\u0259 q\u0259rarlar\u0131n m\u0259hk\u0259m\u0259 zal\u0131nda yox, Prezident Administrasiyas\u0131nda verildiyini d\u00fc\u015f\u00fcn\u00fcr. Onlar \u00fc\u00e7\u00fcn \u0130nsan haqlar\u0131 m\u0259hk\u0259m\u0259si b\u0259ra\u0259t almaq \u00fc\u00e7\u00fcn yegan\u0259 \u00fcnvand\u0131r.<\/p>\n\n\n\n<p>Avropa \u0130nsan Haqlar\u0131 M\u0259hk\u0259m\u0259sin\u0259 \u015fikay\u0259tl\u0259r g\u00f6nd\u0259r\u0259n h\u00fcquq\u015f\u00fcnas Xalid A\u011f\u0259liyev Az\u0259rbaycan\u0131n \u0130nsan Haqlar\u0131 m\u0259hk\u0259m\u0259sind\u0259n \u00e7\u0259kilm\u0259sini ehtimal etm\u0259s\u0259 d\u0259, bunun \u00fc\u00e7\u00fcn he\u00e7 bir mane\u0259 olmad\u0131\u011f\u0131n\u0131 da deyir.<\/p>\n\n\n\n<p>\u0130ctimai f\u0259al Nigar H\u0259zi atas\u0131 Tofiq Yaqublunun n\u00f6vb\u0259ti h\u0259bsind\u0259n \u0130nsan Haqlar\u0131 M\u0259hk\u0259m\u0259sin\u0259 \u015fikay\u0259t g\u00f6nd\u0259r\u0259c\u0259k. Bu q\u0259rarlar\u0131n q\u0259bul olunmas\u0131 uzun ill\u0259r alsa da, kompensasiyalar\u0131n miqdar\u0131 a\u015fa\u011f\u0131 olsa da, b\u0259z\u0259n beyn\u0259lxalq t\u0259zyiql\u0259r h\u0259lledici rol oynaya bilir.<\/p>\n\n\n\n<p>Az\u0259baycan h\u00f6kum\u0259ti 22 il \u0259vv\u0259l 2002-ci ild\u0259 Avropa \u0130nsan Haqlar\u0131 Konvensiyas\u0131na qo\u015fulub. <\/p>\n\n\n\n<p>H\u00f6kum\u0259t \u00f6hd\u0259lik g\u00f6t\u00fcr\u00fcb ki, m\u0259hk\u0259m\u0259nin q\u0259rarlar\u0131n\u0131 icra edib, h\u00fcquqlar\u0131n\u0131 pozdu\u011fu insanlara t\u0259zminat \u00f6d\u0259m\u0259lidir.<\/p>\n","protected":false},"excerpt":{"rendered":"<p>Fikirl\u0259rini s\u0259rb\u0259stc\u0259 ifad\u0259 etm\u0259k, yeri g\u0259l\u0259nd\u0259 etiraz \u00fc\u00e7\u00fcn topla\u015fmaq, i\u015fg\u0259nc\u0259 &#8230; <\/p>\n<p class=\"read-more-container\"><a title=\"Az\u0259rbaycan Avropa M\u0259hk\u0259m\u0259sind\u0259n d\u0259 \u00e7\u0131xacaq?\" class=\"read-more button\" href=\"https:\/\/www.meydan.tv\/az\/article\/azerbaycan-avropa-mehkemesinden-de-cixacaq\/#more-296691\" aria-label=\"Read more about Az\u0259rbaycan Avropa M\u0259hk\u0259m\u0259sind\u0259n d\u0259 \u00e7\u0131xacaq?\">Davam\u0131<\/a><\/p>\n","protected":false},"author":12,"featured_media":296692,"comment_status":"closed","ping_status":"closed","sticky":false,"template":"","format":"standard","meta":{"_acf_changed":false,"_sitemap_exclude":false,"_sitemap_priority":"","_sitemap_frequency":"","footnotes":""},"categories":[59,63],"tags":[],"class_list":["post-296691","post","type-post","status-publish","format-standard","has-post-thumbnail","hentry","category-siyaset","category-video-2","infinite-scroll-item","generate-columns","tablet-grid-50","mobile-grid-100","grid-parent","grid-33","no-featured-image-padding"],"acf":[],"yoast_head":"<!-- This site is optimized with the Yoast SEO plugin v27.4 - https:\/\/yoast.com\/product\/yoast-seo-wordpress\/ -->\n<title>Az\u0259rbaycan Avropa M\u0259hk\u0259m\u0259sind\u0259n d\u0259 \u00e7\u0131xacaq? - MEYDAN.TV<\/title>\n<meta name=\"robots\" content=\"index, follow, max-snippet:-1, max-image-preview:large, max-video-preview:-1\" \/>\n<link rel=\"canonical\" href=\"https:\/\/www.meydan.tv\/az\/article\/azerbaycan-avropa-mehkemesinden-de-cixacaq\/\" \/>\n<meta property=\"og:locale\" content=\"az_AZ\" \/>\n<meta property=\"og:type\" content=\"article\" \/>\n<meta property=\"og:title\" content=\"Az\u0259rbaycan Avropa M\u0259hk\u0259m\u0259sind\u0259n d\u0259 \u00e7\u0131xacaq? - MEYDAN.TV\" \/>\n<meta property=\"og:description\" content=\"Fikirl\u0259rini s\u0259rb\u0259stc\u0259 ifad\u0259 etm\u0259k, yeri g\u0259l\u0259nd\u0259 etiraz \u00fc\u00e7\u00fcn topla\u015fmaq, i\u015fg\u0259nc\u0259 ... Davam\u0131\" \/>\n<meta property=\"og:url\" content=\"https:\/\/www.meydan.tv\/az\/article\/azerbaycan-avropa-mehkemesinden-de-cixacaq\/\" \/>\n<meta property=\"og:site_name\" content=\"MEYDAN.TV\" \/>\n<meta property=\"article:published_time\" content=\"2024-01-30T18:13:58+00:00\" \/>\n<meta property=\"article:modified_time\" content=\"2024-01-30T18:14:01+00:00\" \/>\n<meta property=\"og:image\" content=\"https:\/\/www.meydan.tv\/wp-content\/uploads\/european_court_of_human_rights-scaled.jpg\" \/>\n\t<meta property=\"og:image:width\" content=\"2560\" \/>\n\t<meta property=\"og:image:height\" content=\"1440\" \/>\n\t<meta property=\"og:image:type\" content=\"image\/jpeg\" \/>\n<meta name=\"author\" content=\"aleks\" \/>\n<meta name=\"twitter:card\" content=\"summary_large_image\" \/>\n<script type=\"application\/ld+json\" class=\"yoast-schema-graph\">{\"@context\":\"https:\\\/\\\/schema.org\",\"@graph\":[{\"@type\":\"Article\",\"@id\":\"https:\\\/\\\/www.meydan.tv\\\/az\\\/article\\\/azerbaycan-avropa-mehkemesinden-de-cixacaq\\\/#article\",\"isPartOf\":{\"@id\":\"https:\\\/\\\/www.meydan.tv\\\/az\\\/article\\\/azerbaycan-avropa-mehkemesinden-de-cixacaq\\\/\"},\"author\":{\"name\":\"aleks\",\"@id\":\"https:\\\/\\\/www.meydan.tv\\\/az\\\/#\\\/schema\\\/person\\\/476e9360e593fa131d5d71d51866f8da\"},\"headline\":\"Az\u0259rbaycan Avropa M\u0259hk\u0259m\u0259sind\u0259n d\u0259 \u00e7\u0131xacaq?\",\"datePublished\":\"2024-01-30T18:13:58+00:00\",\"dateModified\":\"2024-01-30T18:14:01+00:00\",\"mainEntityOfPage\":{\"@id\":\"https:\\\/\\\/www.meydan.tv\\\/az\\\/article\\\/azerbaycan-avropa-mehkemesinden-de-cixacaq\\\/\"},\"wordCount\":347,\"publisher\":{\"@id\":\"https:\\\/\\\/www.meydan.tv\\\/az\\\/#organization\"},\"image\":{\"@id\":\"https:\\\/\\\/www.meydan.tv\\\/az\\\/article\\\/azerbaycan-avropa-mehkemesinden-de-cixacaq\\\/#primaryimage\"},\"thumbnailUrl\":\"https:\\\/\\\/www.meydan.tv\\\/wp-content\\\/uploads\\\/european_court_of_human_rights-scaled.jpg\",\"articleSection\":[\"Siyas\u0259t\",\"Video\"],\"inLanguage\":\"az\"},{\"@type\":\"WebPage\",\"@id\":\"https:\\\/\\\/www.meydan.tv\\\/az\\\/article\\\/azerbaycan-avropa-mehkemesinden-de-cixacaq\\\/\",\"url\":\"https:\\\/\\\/www.meydan.tv\\\/az\\\/article\\\/azerbaycan-avropa-mehkemesinden-de-cixacaq\\\/\",\"name\":\"Az\u0259rbaycan Avropa M\u0259hk\u0259m\u0259sind\u0259n d\u0259 \u00e7\u0131xacaq? - MEYDAN.TV\",\"isPartOf\":{\"@id\":\"https:\\\/\\\/www.meydan.tv\\\/az\\\/#website\"},\"primaryImageOfPage\":{\"@id\":\"https:\\\/\\\/www.meydan.tv\\\/az\\\/article\\\/azerbaycan-avropa-mehkemesinden-de-cixacaq\\\/#primaryimage\"},\"image\":{\"@id\":\"https:\\\/\\\/www.meydan.tv\\\/az\\\/article\\\/azerbaycan-avropa-mehkemesinden-de-cixacaq\\\/#primaryimage\"},\"thumbnailUrl\":\"https:\\\/\\\/www.meydan.tv\\\/wp-content\\\/uploads\\\/european_court_of_human_rights-scaled.jpg\",\"datePublished\":\"2024-01-30T18:13:58+00:00\",\"dateModified\":\"2024-01-30T18:14:01+00:00\",\"breadcrumb\":{\"@id\":\"https:\\\/\\\/www.meydan.tv\\\/az\\\/article\\\/azerbaycan-avropa-mehkemesinden-de-cixacaq\\\/#breadcrumb\"},\"inLanguage\":\"az\",\"potentialAction\":[{\"@type\":\"ReadAction\",\"target\":[\"https:\\\/\\\/www.meydan.tv\\\/az\\\/article\\\/azerbaycan-avropa-mehkemesinden-de-cixacaq\\\/\"]}]},{\"@type\":\"ImageObject\",\"inLanguage\":\"az\",\"@id\":\"https:\\\/\\\/www.meydan.tv\\\/az\\\/article\\\/azerbaycan-avropa-mehkemesinden-de-cixacaq\\\/#primaryimage\",\"url\":\"https:\\\/\\\/www.meydan.tv\\\/wp-content\\\/uploads\\\/european_court_of_human_rights-scaled.jpg\",\"contentUrl\":\"https:\\\/\\\/www.meydan.tv\\\/wp-content\\\/uploads\\\/european_court_of_human_rights-scaled.jpg\",\"width\":2560,\"height\":1440},{\"@type\":\"BreadcrumbList\",\"@id\":\"https:\\\/\\\/www.meydan.tv\\\/az\\\/article\\\/azerbaycan-avropa-mehkemesinden-de-cixacaq\\\/#breadcrumb\",\"itemListElement\":[{\"@type\":\"ListItem\",\"position\":1,\"name\":\"Ana s\u0259hif\u0259\",\"item\":\"https:\\\/\\\/www.meydan.tv\\\/az\\\/\"},{\"@type\":\"ListItem\",\"position\":2,\"name\":\"Video\",\"item\":\"https:\\\/\\\/www.meydan.tv\\\/az\\\/section\\\/video-2\\\/\"},{\"@type\":\"ListItem\",\"position\":3,\"name\":\"Az\u0259rbaycan Avropa M\u0259hk\u0259m\u0259sind\u0259n d\u0259 \u00e7\u0131xacaq?\"}]},{\"@type\":\"WebSite\",\"@id\":\"https:\\\/\\\/www.meydan.tv\\\/az\\\/#website\",\"url\":\"https:\\\/\\\/www.meydan.tv\\\/az\\\/\",\"name\":\"MEYDAN.TV\",\"description\":\"Meydan TV Az\u0259rbaycan\u0131n media m\u0259kan\u0131ndak\u0131 alternativ s\u0259sidir\",\"publisher\":{\"@id\":\"https:\\\/\\\/www.meydan.tv\\\/az\\\/#organization\"},\"potentialAction\":[{\"@type\":\"SearchAction\",\"target\":{\"@type\":\"EntryPoint\",\"urlTemplate\":\"https:\\\/\\\/www.meydan.tv\\\/az\\\/?s={search_term_string}\"},\"query-input\":{\"@type\":\"PropertyValueSpecification\",\"valueRequired\":true,\"valueName\":\"search_term_string\"}}],\"inLanguage\":\"az\"},{\"@type\":\"Organization\",\"@id\":\"https:\\\/\\\/www.meydan.tv\\\/az\\\/#organization\",\"name\":\"Meydan TV\",\"url\":\"https:\\\/\\\/www.meydan.tv\\\/az\\\/\",\"logo\":{\"@type\":\"ImageObject\",\"inLanguage\":\"az\",\"@id\":\"https:\\\/\\\/www.meydan.tv\\\/az\\\/#\\\/schema\\\/logo\\\/image\\\/\",\"url\":\"https:\\\/\\\/www.meydan.tv\\\/wp-content\\\/uploads\\\/2021\\\/07\\\/meydan-logo.svg\",\"contentUrl\":\"https:\\\/\\\/www.meydan.tv\\\/wp-content\\\/uploads\\\/2021\\\/07\\\/meydan-logo.svg\",\"width\":195,\"height\":46,\"caption\":\"Meydan TV\"},\"image\":{\"@id\":\"https:\\\/\\\/www.meydan.tv\\\/az\\\/#\\\/schema\\\/logo\\\/image\\\/\"}},{\"@type\":\"Person\",\"@id\":\"https:\\\/\\\/www.meydan.tv\\\/az\\\/#\\\/schema\\\/person\\\/476e9360e593fa131d5d71d51866f8da\",\"name\":\"aleks\"}]}<\/script>\n<!-- \/ Yoast SEO plugin. -->","yoast_head_json":{"title":"Az\u0259rbaycan Avropa M\u0259hk\u0259m\u0259sind\u0259n d\u0259 \u00e7\u0131xacaq? - MEYDAN.TV","robots":{"index":"index","follow":"follow","max-snippet":"max-snippet:-1","max-image-preview":"max-image-preview:large","max-video-preview":"max-video-preview:-1"},"canonical":"https:\/\/www.meydan.tv\/az\/article\/azerbaycan-avropa-mehkemesinden-de-cixacaq\/","og_locale":"az_AZ","og_type":"article","og_title":"Az\u0259rbaycan Avropa M\u0259hk\u0259m\u0259sind\u0259n d\u0259 \u00e7\u0131xacaq? - MEYDAN.TV","og_description":"Fikirl\u0259rini s\u0259rb\u0259stc\u0259 ifad\u0259 etm\u0259k, yeri g\u0259l\u0259nd\u0259 etiraz \u00fc\u00e7\u00fcn topla\u015fmaq, i\u015fg\u0259nc\u0259 ... Davam\u0131","og_url":"https:\/\/www.meydan.tv\/az\/article\/azerbaycan-avropa-mehkemesinden-de-cixacaq\/","og_site_name":"MEYDAN.TV","article_published_time":"2024-01-30T18:13:58+00:00","article_modified_time":"2024-01-30T18:14:01+00:00","og_image":[{"width":2560,"height":1440,"url":"https:\/\/www.meydan.tv\/wp-content\/uploads\/european_court_of_human_rights-scaled.jpg","type":"image\/jpeg"}],"author":"aleks","twitter_card":"summary_large_image","schema":{"@context":"https:\/\/schema.org","@graph":[{"@type":"Article","@id":"https:\/\/www.meydan.tv\/az\/article\/azerbaycan-avropa-mehkemesinden-de-cixacaq\/#article","isPartOf":{"@id":"https:\/\/www.meydan.tv\/az\/article\/azerbaycan-avropa-mehkemesinden-de-cixacaq\/"},"author":{"name":"aleks","@id":"https:\/\/www.meydan.tv\/az\/#\/schema\/person\/476e9360e593fa131d5d71d51866f8da"},"headline":"Az\u0259rbaycan Avropa M\u0259hk\u0259m\u0259sind\u0259n d\u0259 \u00e7\u0131xacaq?","datePublished":"2024-01-30T18:13:58+00:00","dateModified":"2024-01-30T18:14:01+00:00","mainEntityOfPage":{"@id":"https:\/\/www.meydan.tv\/az\/article\/azerbaycan-avropa-mehkemesinden-de-cixacaq\/"},"wordCount":347,"publisher":{"@id":"https:\/\/www.meydan.tv\/az\/#organization"},"image":{"@id":"https:\/\/www.meydan.tv\/az\/article\/azerbaycan-avropa-mehkemesinden-de-cixacaq\/#primaryimage"},"thumbnailUrl":"https:\/\/www.meydan.tv\/wp-content\/uploads\/european_court_of_human_rights-scaled.jpg","articleSection":["Siyas\u0259t","Video"],"inLanguage":"az"},{"@type":"WebPage","@id":"https:\/\/www.meydan.tv\/az\/article\/azerbaycan-avropa-mehkemesinden-de-cixacaq\/","url":"https:\/\/www.meydan.tv\/az\/article\/azerbaycan-avropa-mehkemesinden-de-cixacaq\/","name":"Az\u0259rbaycan Avropa M\u0259hk\u0259m\u0259sind\u0259n d\u0259 \u00e7\u0131xacaq? - MEYDAN.TV","isPartOf":{"@id":"https:\/\/www.meydan.tv\/az\/#website"},"primaryImageOfPage":{"@id":"https:\/\/www.meydan.tv\/az\/article\/azerbaycan-avropa-mehkemesinden-de-cixacaq\/#primaryimage"},"image":{"@id":"https:\/\/www.meydan.tv\/az\/article\/azerbaycan-avropa-mehkemesinden-de-cixacaq\/#primaryimage"},"thumbnailUrl":"https:\/\/www.meydan.tv\/wp-content\/uploads\/european_court_of_human_rights-scaled.jpg","datePublished":"2024-01-30T18:13:58+00:00","dateModified":"2024-01-30T18:14:01+00:00","breadcrumb":{"@id":"https:\/\/www.meydan.tv\/az\/article\/azerbaycan-avropa-mehkemesinden-de-cixacaq\/#breadcrumb"},"inLanguage":"az","potentialAction":[{"@type":"ReadAction","target":["https:\/\/www.meydan.tv\/az\/article\/azerbaycan-avropa-mehkemesinden-de-cixacaq\/"]}]},{"@type":"ImageObject","inLanguage":"az","@id":"https:\/\/www.meydan.tv\/az\/article\/azerbaycan-avropa-mehkemesinden-de-cixacaq\/#primaryimage","url":"https:\/\/www.meydan.tv\/wp-content\/uploads\/european_court_of_human_rights-scaled.jpg","contentUrl":"https:\/\/www.meydan.tv\/wp-content\/uploads\/european_court_of_human_rights-scaled.jpg","width":2560,"height":1440},{"@type":"BreadcrumbList","@id":"https:\/\/www.meydan.tv\/az\/article\/azerbaycan-avropa-mehkemesinden-de-cixacaq\/#breadcrumb","itemListElement":[{"@type":"ListItem","position":1,"name":"Ana s\u0259hif\u0259","item":"https:\/\/www.meydan.tv\/az\/"},{"@type":"ListItem","position":2,"name":"Video","item":"https:\/\/www.meydan.tv\/az\/section\/video-2\/"},{"@type":"ListItem","position":3,"name":"Az\u0259rbaycan Avropa M\u0259hk\u0259m\u0259sind\u0259n d\u0259 \u00e7\u0131xacaq?"}]},{"@type":"WebSite","@id":"https:\/\/www.meydan.tv\/az\/#website","url":"https:\/\/www.meydan.tv\/az\/","name":"MEYDAN.TV","description":"Meydan TV Az\u0259rbaycan\u0131n media m\u0259kan\u0131ndak\u0131 alternativ s\u0259sidir","publisher":{"@id":"https:\/\/www.meydan.tv\/az\/#organization"},"potentialAction":[{"@type":"SearchAction","target":{"@type":"EntryPoint","urlTemplate":"https:\/\/www.meydan.tv\/az\/?s={search_term_string}"},"query-input":{"@type":"PropertyValueSpecification","valueRequired":true,"valueName":"search_term_string"}}],"inLanguage":"az"},{"@type":"Organization","@id":"https:\/\/www.meydan.tv\/az\/#organization","name":"Meydan TV","url":"https:\/\/www.meydan.tv\/az\/","logo":{"@type":"ImageObject","inLanguage":"az","@id":"https:\/\/www.meydan.tv\/az\/#\/schema\/logo\/image\/","url":"https:\/\/www.meydan.tv\/wp-content\/uploads\/2021\/07\/meydan-logo.svg","contentUrl":"https:\/\/www.meydan.tv\/wp-content\/uploads\/2021\/07\/meydan-logo.svg","width":195,"height":46,"caption":"Meydan TV"},"image":{"@id":"https:\/\/www.meydan.tv\/az\/#\/schema\/logo\/image\/"}},{"@type":"Person","@id":"https:\/\/www.meydan.tv\/az\/#\/schema\/person\/476e9360e593fa131d5d71d51866f8da","name":"aleks"}]}},"_links":{"self":[{"href":"https:\/\/www.meydan.tv\/az\/wp-json\/wp\/v2\/posts\/296691","targetHints":{"allow":["GET"]}}],"collection":[{"href":"https:\/\/www.meydan.tv\/az\/wp-json\/wp\/v2\/posts"}],"about":[{"href":"https:\/\/www.meydan.tv\/az\/wp-json\/wp\/v2\/types\/post"}],"author":[{"embeddable":true,"href":"https:\/\/www.meydan.tv\/az\/wp-json\/wp\/v2\/users\/12"}],"replies":[{"embeddable":true,"href":"https:\/\/www.meydan.tv\/az\/wp-json\/wp\/v2\/comments?post=296691"}],"version-history":[{"count":3,"href":"https:\/\/www.meydan.tv\/az\/wp-json\/wp\/v2\/posts\/296691\/revisions"}],"predecessor-version":[{"id":296704,"href":"https:\/\/www.meydan.tv\/az\/wp-json\/wp\/v2\/posts\/296691\/revisions\/296704"}],"wp:featuredmedia":[{"embeddable":true,"href":"https:\/\/www.meydan.tv\/az\/wp-json\/wp\/v2\/media\/296692"}],"wp:attachment":[{"href":"https:\/\/www.meydan.tv\/az\/wp-json\/wp\/v2\/media?parent=296691"}],"wp:term":[{"taxonomy":"category","embeddable":true,"href":"https:\/\/www.meydan.tv\/az\/wp-json\/wp\/v2\/categories?post=296691"},{"taxonomy":"post_tag","embeddable":true,"href":"https:\/\/www.meydan.tv\/az\/wp-json\/wp\/v2\/tags?post=296691"}],"curies":[{"name":"wp","href":"https:\/\/api.w.org\/{rel}","templated":true}]}}