{"id":296653,"date":"2024-01-30T19:54:57","date_gmt":"2024-01-30T15:54:57","guid":{"rendered":"https:\/\/www.meydan.tv\/?p=296653"},"modified":"2024-01-30T19:55:02","modified_gmt":"2024-01-30T15:55:02","slug":"tagi-ibrahimov-mebel-sexindeki-yangina-gore-hebs-edilib","status":"publish","type":"post","link":"https:\/\/www.meydan.tv\/az\/article\/tagi-ibrahimov-mebel-sexindeki-yangina-gore-hebs-edilib\/","title":{"rendered":"Ta\u011f\u0131 \u0130brahimov mebel sexind\u0259ki yan\u011f\u0131na g\u00f6r\u0259 h\u0259bs edilib"},"content":{"rendered":"\n<p><\/p>\n\n\n\n<p><strong><em>ATV-nin ke\u00e7mi\u015f r\u0259hb\u0259ri il\u0259 yana\u015f\u0131 daha bir n\u0259f\u0259r d\u0259 m\u0259suliyy\u0259t\u0259 c\u0259lb olunub<\/em><\/strong><\/p>\n\n\n\n<p>Yanvar\u0131n 15-d\u0259 Bin\u0259q\u0259di rayonu, 7-ci mikrorayonda yerl\u0259\u015f\u0259n mebel sexind\u0259 10 n\u0259f\u0259rin \u00f6l\u00fcm\u00fc, 23 n\u0259f\u0259rin x\u0259sar\u0259t almas\u0131yla n\u0259tic\u0259l\u0259n\u0259n yan\u011f\u0131na g\u00f6r\u0259 iki n\u0259f\u0259r h\u0259bs olunub. Bu bar\u0259d\u0259 Ba\u015f Prokurorlu\u011fun m\u0259tbuat xidm\u0259ti m\u0259lumat yay\u0131b.<\/p>\n\n\n\n<p>H\u0259bs olunanlar \u201cBak\u0131 A\u011fac Emal\u0131\u201d A\u00e7\u0131q S\u0259hmdar C\u0259miyy\u0259tinin (ASC) s\u0259hmdar\u0131 Ta\u011f\u0131 \u0130brahimov v\u0259 m\u00fc\u0259ssis\u0259ni idar\u0259 ed\u0259n To\u011frul Rzayevdir.<\/p>\n\n\n\n<p>\u0130stintaq bel\u0259 n\u0259tic\u0259y\u0259 g\u0259lib ki, sexd\u0259 taxta materiallar\u0131n emal\u0131 zaman\u0131 yaranm\u0131\u015f taxta tozu v\u0259 kimy\u0259vi t\u0259rkibli materiallar\u0131n buxar qar\u0131\u015f\u0131\u011f\u0131 t\u0259mizl\u0259nm\u0259yib. Bu s\u0259b\u0259bd\u0259n minimum konsentrasiya limitinin a\u015f\u0131lmas\u0131 n\u0259tic\u0259sind\u0259 partlay\u0131\u015f ba\u015f verib.<\/p>\n\n\n<div class=\"wp-block-image\">\n<figure class=\"alignleft size-full is-resized\"><img decoding=\"async\" width=\"800\" height=\"526\" data-src=\"https:\/\/www.meydan.tv\/wp-content\/uploads\/tag6.jpg\" alt=\"\" class=\"wp-image-296654 lazyload\" style=\"--smush-placeholder-width: 800px; --smush-placeholder-aspect-ratio: 800\/526;width:449px;height:auto\" src=\"data:image\/svg+xml;base64,PHN2ZyB3aWR0aD0iMSIgaGVpZ2h0PSIxIiB4bWxucz0iaHR0cDovL3d3dy53My5vcmcvMjAwMC9zdmciPjwvc3ZnPg==\" \/><figcaption class=\"wp-element-caption\">Ta\u011f\u0131 \u0130brahimov. Foto:  sosial \u015f\u0259b\u0259k\u0259<\/figcaption><\/figure>\n<\/div>\n\n\n<p>Ta\u011f\u0131 \u0130brahimov i\u015fin\u0259 laqeyd m\u00fcnasib\u0259t g\u00f6st\u0259rib, v\u0259zif\u0259sini yerin\u0259 yetirm\u0259m\u0259kd\u0259 &#8211; m\u00fc\u0259ssis\u0259d\u0259 yan\u011f\u0131n t\u0259hl\u00fck\u0259sizliyi qaydalar\u0131na riay\u0259t edilm\u0259si i\u015fini d\u00fczg\u00fcn t\u0259\u015fkil etm\u0259m\u0259kd\u0259, bununla ba\u011fl\u0131 \u0259vv\u0259ll\u0259r a\u015fkar edilmi\u015f pozuntular\u0131n aradan qald\u0131r\u0131lmas\u0131 \u00fc\u00e7\u00fcn z\u0259ruri tap\u015f\u0131r\u0131qlar verm\u0259m\u0259kd\u0259 t\u0259qsirl\u0259ndirilir. To\u011frul Rzayev is\u0259 yan\u011f\u0131n t\u0259hl\u00fck\u0259sizliyi qaydalar\u0131n\u0131n pozulmas\u0131nda, yanar tullant\u0131 v\u0259 tozlar\u0131n t\u0259mizl\u0259nm\u0259sin\u0259 n\u0259zar\u0259t etm\u0259m\u0259kd\u0259 ittiham olunur.<\/p>\n\n\n\n<p>Ta\u011f\u0131 \u0130brahimova Cinay\u0259t M\u0259c\u0259ll\u0259sinin 314.3-c\u00fc (s\u0259hl\u0259nkarl\u0131q &#8211; ehtiyats\u0131zl\u0131qdan iki v\u0259 daha \u00e7ox \u015f\u0259xsin \u00f6l\u00fcm\u00fcn\u0259 s\u0259b\u0259b olduqda), To\u011frul Rzayev\u0259 is\u0259 bu M\u0259c\u0259ll\u0259nin 225.3-c\u00fc (yan\u011f\u0131n t\u0259hl\u00fck\u0259sizliyi qaydalar\u0131n\u0131 pozma &#8211; ehtiyats\u0131zl\u0131qdan iki v\u0259 daha \u00e7ox \u015f\u0259xsin \u00f6l\u00fcm\u00fcn\u0259 s\u0259b\u0259b olduqda) madd\u0259sil\u0259 ittiham verilib. H\u0259r ikisinin bar\u0259sind\u0259 ilkin istintaq d\u00f6vr\u00fc \u00fc\u00e7\u00fcn h\u0259bs q\u0259timkan t\u0259dbiri se\u00e7ilib.<\/p>\n\n\n\n<p>Ta\u011f\u0131 \u0130brahimov Diasporla \u0130\u015f \u00fczr\u0259 D\u00f6vl\u0259t Komit\u0259sinin ke\u00e7mi\u015f s\u0259dri Nazim \u0130brahimov, \u201cAvesta\u201d \u015firk\u0259tinin sabiq prezidenti Hac\u0131 \u0130brahim Nehr\u0259mlinin qarda\u015f\u0131d\u0131r. O, \u201cAzad Az\u0259rbaycan\u201d telekanal\u0131n\u0131n (ATV) prezidenti olub.<\/p>\n","protected":false},"excerpt":{"rendered":"<p>ATV-nin ke\u00e7mi\u015f r\u0259hb\u0259ri il\u0259 yana\u015f\u0131 daha bir n\u0259f\u0259r d\u0259 m\u0259suliyy\u0259t\u0259 &#8230; <\/p>\n<p class=\"read-more-container\"><a title=\"Ta\u011f\u0131 \u0130brahimov mebel sexind\u0259ki yan\u011f\u0131na g\u00f6r\u0259 h\u0259bs edilib\" class=\"read-more button\" href=\"https:\/\/www.meydan.tv\/az\/article\/tagi-ibrahimov-mebel-sexindeki-yangina-gore-hebs-edilib\/#more-296653\" aria-label=\"Read more about Ta\u011f\u0131 \u0130brahimov mebel sexind\u0259ki yan\u011f\u0131na g\u00f6r\u0259 h\u0259bs edilib\">Davam\u0131<\/a><\/p>\n","protected":false},"author":8,"featured_media":295444,"comment_status":"closed","ping_status":"closed","sticky":false,"template":"","format":"standard","meta":{"_acf_changed":false,"_sitemap_exclude":false,"_sitemap_priority":"","_sitemap_frequency":"","footnotes":""},"categories":[62,79,56],"tags":[],"class_list":["post-296653","post","type-post","status-publish","format-standard","has-post-thumbnail","hentry","category-sosial","category-featured","category-xeberler","infinite-scroll-item","generate-columns","tablet-grid-50","mobile-grid-100","grid-parent","grid-33","no-featured-image-padding"],"acf":[],"yoast_head":"<!-- This site is optimized with the Yoast SEO plugin v27.5 - https:\/\/yoast.com\/product\/yoast-seo-wordpress\/ -->\n<title>Ta\u011f\u0131 \u0130brahimov mebel sexind\u0259ki yan\u011f\u0131na g\u00f6r\u0259 h\u0259bs edilib - MEYDAN.TV<\/title>\n<meta name=\"robots\" content=\"index, follow, max-snippet:-1, max-image-preview:large, max-video-preview:-1\" \/>\n<link rel=\"canonical\" href=\"https:\/\/www.meydan.tv\/az\/article\/tagi-ibrahimov-mebel-sexindeki-yangina-gore-hebs-edilib\/\" \/>\n<meta property=\"og:locale\" content=\"az_AZ\" \/>\n<meta property=\"og:type\" content=\"article\" \/>\n<meta property=\"og:title\" content=\"Ta\u011f\u0131 \u0130brahimov mebel sexind\u0259ki yan\u011f\u0131na g\u00f6r\u0259 h\u0259bs edilib - MEYDAN.TV\" \/>\n<meta property=\"og:description\" content=\"ATV-nin ke\u00e7mi\u015f r\u0259hb\u0259ri il\u0259 yana\u015f\u0131 daha bir n\u0259f\u0259r d\u0259 m\u0259suliyy\u0259t\u0259 ... Davam\u0131\" \/>\n<meta property=\"og:url\" content=\"https:\/\/www.meydan.tv\/az\/article\/tagi-ibrahimov-mebel-sexindeki-yangina-gore-hebs-edilib\/\" \/>\n<meta property=\"og:site_name\" content=\"MEYDAN.TV\" \/>\n<meta property=\"article:published_time\" content=\"2024-01-30T15:54:57+00:00\" \/>\n<meta property=\"article:modified_time\" content=\"2024-01-30T15:55:02+00:00\" \/>\n<meta property=\"og:image\" content=\"https:\/\/www.meydan.tv\/wp-content\/uploads\/17054026383705228245_1200x630.jpg\" \/>\n\t<meta property=\"og:image:width\" content=\"1200\" \/>\n\t<meta property=\"og:image:height\" content=\"816\" \/>\n\t<meta property=\"og:image:type\" content=\"image\/jpeg\" \/>\n<meta name=\"author\" content=\"elli\" \/>\n<meta name=\"twitter:card\" content=\"summary_large_image\" \/>\n<meta name=\"twitter:creator\" content=\"@elli\" \/>\n<script type=\"application\/ld+json\" class=\"yoast-schema-graph\">{\"@context\":\"https:\\\/\\\/schema.org\",\"@graph\":[{\"@type\":\"Article\",\"@id\":\"https:\\\/\\\/www.meydan.tv\\\/az\\\/article\\\/tagi-ibrahimov-mebel-sexindeki-yangina-gore-hebs-edilib\\\/#article\",\"isPartOf\":{\"@id\":\"https:\\\/\\\/www.meydan.tv\\\/az\\\/article\\\/tagi-ibrahimov-mebel-sexindeki-yangina-gore-hebs-edilib\\\/\"},\"author\":{\"name\":\"elli\",\"@id\":\"https:\\\/\\\/www.meydan.tv\\\/az\\\/#\\\/schema\\\/person\\\/9cdbecf90d17180ce1dfbd95b08dcf47\"},\"headline\":\"Ta\u011f\u0131 \u0130brahimov mebel sexind\u0259ki yan\u011f\u0131na g\u00f6r\u0259 h\u0259bs edilib\",\"datePublished\":\"2024-01-30T15:54:57+00:00\",\"dateModified\":\"2024-01-30T15:55:02+00:00\",\"mainEntityOfPage\":{\"@id\":\"https:\\\/\\\/www.meydan.tv\\\/az\\\/article\\\/tagi-ibrahimov-mebel-sexindeki-yangina-gore-hebs-edilib\\\/\"},\"wordCount\":395,\"publisher\":{\"@id\":\"https:\\\/\\\/www.meydan.tv\\\/az\\\/#organization\"},\"image\":{\"@id\":\"https:\\\/\\\/www.meydan.tv\\\/az\\\/article\\\/tagi-ibrahimov-mebel-sexindeki-yangina-gore-hebs-edilib\\\/#primaryimage\"},\"thumbnailUrl\":\"https:\\\/\\\/www.meydan.tv\\\/wp-content\\\/uploads\\\/17054026383705228245_1200x630.jpg\",\"articleSection\":[\"Sosial\",\"T\u00f6vsiy\u0259\",\"X\u0259b\u0259rl\u0259r\"],\"inLanguage\":\"az\"},{\"@type\":\"WebPage\",\"@id\":\"https:\\\/\\\/www.meydan.tv\\\/az\\\/article\\\/tagi-ibrahimov-mebel-sexindeki-yangina-gore-hebs-edilib\\\/\",\"url\":\"https:\\\/\\\/www.meydan.tv\\\/az\\\/article\\\/tagi-ibrahimov-mebel-sexindeki-yangina-gore-hebs-edilib\\\/\",\"name\":\"Ta\u011f\u0131 \u0130brahimov mebel sexind\u0259ki yan\u011f\u0131na g\u00f6r\u0259 h\u0259bs edilib - MEYDAN.TV\",\"isPartOf\":{\"@id\":\"https:\\\/\\\/www.meydan.tv\\\/az\\\/#website\"},\"primaryImageOfPage\":{\"@id\":\"https:\\\/\\\/www.meydan.tv\\\/az\\\/article\\\/tagi-ibrahimov-mebel-sexindeki-yangina-gore-hebs-edilib\\\/#primaryimage\"},\"image\":{\"@id\":\"https:\\\/\\\/www.meydan.tv\\\/az\\\/article\\\/tagi-ibrahimov-mebel-sexindeki-yangina-gore-hebs-edilib\\\/#primaryimage\"},\"thumbnailUrl\":\"https:\\\/\\\/www.meydan.tv\\\/wp-content\\\/uploads\\\/17054026383705228245_1200x630.jpg\",\"datePublished\":\"2024-01-30T15:54:57+00:00\",\"dateModified\":\"2024-01-30T15:55:02+00:00\",\"breadcrumb\":{\"@id\":\"https:\\\/\\\/www.meydan.tv\\\/az\\\/article\\\/tagi-ibrahimov-mebel-sexindeki-yangina-gore-hebs-edilib\\\/#breadcrumb\"},\"inLanguage\":\"az\",\"potentialAction\":[{\"@type\":\"ReadAction\",\"target\":[\"https:\\\/\\\/www.meydan.tv\\\/az\\\/article\\\/tagi-ibrahimov-mebel-sexindeki-yangina-gore-hebs-edilib\\\/\"]}]},{\"@type\":\"ImageObject\",\"inLanguage\":\"az\",\"@id\":\"https:\\\/\\\/www.meydan.tv\\\/az\\\/article\\\/tagi-ibrahimov-mebel-sexindeki-yangina-gore-hebs-edilib\\\/#primaryimage\",\"url\":\"https:\\\/\\\/www.meydan.tv\\\/wp-content\\\/uploads\\\/17054026383705228245_1200x630.jpg\",\"contentUrl\":\"https:\\\/\\\/www.meydan.tv\\\/wp-content\\\/uploads\\\/17054026383705228245_1200x630.jpg\",\"width\":1200,\"height\":816,\"caption\":\"Foto: \\\"Az\u0259rtac\\\"\"},{\"@type\":\"BreadcrumbList\",\"@id\":\"https:\\\/\\\/www.meydan.tv\\\/az\\\/article\\\/tagi-ibrahimov-mebel-sexindeki-yangina-gore-hebs-edilib\\\/#breadcrumb\",\"itemListElement\":[{\"@type\":\"ListItem\",\"position\":1,\"name\":\"Ana s\u0259hif\u0259\",\"item\":\"https:\\\/\\\/www.meydan.tv\\\/az\\\/\"},{\"@type\":\"ListItem\",\"position\":2,\"name\":\"Sosial\",\"item\":\"https:\\\/\\\/www.meydan.tv\\\/az\\\/section\\\/sosial\\\/\"},{\"@type\":\"ListItem\",\"position\":3,\"name\":\"Ta\u011f\u0131 \u0130brahimov mebel sexind\u0259ki yan\u011f\u0131na g\u00f6r\u0259 h\u0259bs edilib\"}]},{\"@type\":\"WebSite\",\"@id\":\"https:\\\/\\\/www.meydan.tv\\\/az\\\/#website\",\"url\":\"https:\\\/\\\/www.meydan.tv\\\/az\\\/\",\"name\":\"MEYDAN.TV\",\"description\":\"Meydan TV Az\u0259rbaycan\u0131n media m\u0259kan\u0131ndak\u0131 alternativ s\u0259sidir\",\"publisher\":{\"@id\":\"https:\\\/\\\/www.meydan.tv\\\/az\\\/#organization\"},\"potentialAction\":[{\"@type\":\"SearchAction\",\"target\":{\"@type\":\"EntryPoint\",\"urlTemplate\":\"https:\\\/\\\/www.meydan.tv\\\/az\\\/?s={search_term_string}\"},\"query-input\":{\"@type\":\"PropertyValueSpecification\",\"valueRequired\":true,\"valueName\":\"search_term_string\"}}],\"inLanguage\":\"az\"},{\"@type\":\"Organization\",\"@id\":\"https:\\\/\\\/www.meydan.tv\\\/az\\\/#organization\",\"name\":\"Meydan TV\",\"url\":\"https:\\\/\\\/www.meydan.tv\\\/az\\\/\",\"logo\":{\"@type\":\"ImageObject\",\"inLanguage\":\"az\",\"@id\":\"https:\\\/\\\/www.meydan.tv\\\/az\\\/#\\\/schema\\\/logo\\\/image\\\/\",\"url\":\"https:\\\/\\\/www.meydan.tv\\\/wp-content\\\/uploads\\\/2021\\\/07\\\/meydan-logo.svg\",\"contentUrl\":\"https:\\\/\\\/www.meydan.tv\\\/wp-content\\\/uploads\\\/2021\\\/07\\\/meydan-logo.svg\",\"width\":195,\"height\":46,\"caption\":\"Meydan TV\"},\"image\":{\"@id\":\"https:\\\/\\\/www.meydan.tv\\\/az\\\/#\\\/schema\\\/logo\\\/image\\\/\"}},{\"@type\":\"Person\",\"@id\":\"https:\\\/\\\/www.meydan.tv\\\/az\\\/#\\\/schema\\\/person\\\/9cdbecf90d17180ce1dfbd95b08dcf47\",\"name\":\"elli\",\"sameAs\":[\"https:\\\/\\\/x.com\\\/elli\"]}]}<\/script>\n<!-- \/ Yoast SEO plugin. -->","yoast_head_json":{"title":"Ta\u011f\u0131 \u0130brahimov mebel sexind\u0259ki yan\u011f\u0131na g\u00f6r\u0259 h\u0259bs edilib - MEYDAN.TV","robots":{"index":"index","follow":"follow","max-snippet":"max-snippet:-1","max-image-preview":"max-image-preview:large","max-video-preview":"max-video-preview:-1"},"canonical":"https:\/\/www.meydan.tv\/az\/article\/tagi-ibrahimov-mebel-sexindeki-yangina-gore-hebs-edilib\/","og_locale":"az_AZ","og_type":"article","og_title":"Ta\u011f\u0131 \u0130brahimov mebel sexind\u0259ki yan\u011f\u0131na g\u00f6r\u0259 h\u0259bs edilib - MEYDAN.TV","og_description":"ATV-nin ke\u00e7mi\u015f r\u0259hb\u0259ri il\u0259 yana\u015f\u0131 daha bir n\u0259f\u0259r d\u0259 m\u0259suliyy\u0259t\u0259 ... Davam\u0131","og_url":"https:\/\/www.meydan.tv\/az\/article\/tagi-ibrahimov-mebel-sexindeki-yangina-gore-hebs-edilib\/","og_site_name":"MEYDAN.TV","article_published_time":"2024-01-30T15:54:57+00:00","article_modified_time":"2024-01-30T15:55:02+00:00","og_image":[{"width":1200,"height":816,"url":"https:\/\/www.meydan.tv\/wp-content\/uploads\/17054026383705228245_1200x630.jpg","type":"image\/jpeg"}],"author":"elli","twitter_card":"summary_large_image","twitter_creator":"@elli","schema":{"@context":"https:\/\/schema.org","@graph":[{"@type":"Article","@id":"https:\/\/www.meydan.tv\/az\/article\/tagi-ibrahimov-mebel-sexindeki-yangina-gore-hebs-edilib\/#article","isPartOf":{"@id":"https:\/\/www.meydan.tv\/az\/article\/tagi-ibrahimov-mebel-sexindeki-yangina-gore-hebs-edilib\/"},"author":{"name":"elli","@id":"https:\/\/www.meydan.tv\/az\/#\/schema\/person\/9cdbecf90d17180ce1dfbd95b08dcf47"},"headline":"Ta\u011f\u0131 \u0130brahimov mebel sexind\u0259ki yan\u011f\u0131na g\u00f6r\u0259 h\u0259bs edilib","datePublished":"2024-01-30T15:54:57+00:00","dateModified":"2024-01-30T15:55:02+00:00","mainEntityOfPage":{"@id":"https:\/\/www.meydan.tv\/az\/article\/tagi-ibrahimov-mebel-sexindeki-yangina-gore-hebs-edilib\/"},"wordCount":395,"publisher":{"@id":"https:\/\/www.meydan.tv\/az\/#organization"},"image":{"@id":"https:\/\/www.meydan.tv\/az\/article\/tagi-ibrahimov-mebel-sexindeki-yangina-gore-hebs-edilib\/#primaryimage"},"thumbnailUrl":"https:\/\/www.meydan.tv\/wp-content\/uploads\/17054026383705228245_1200x630.jpg","articleSection":["Sosial","T\u00f6vsiy\u0259","X\u0259b\u0259rl\u0259r"],"inLanguage":"az"},{"@type":"WebPage","@id":"https:\/\/www.meydan.tv\/az\/article\/tagi-ibrahimov-mebel-sexindeki-yangina-gore-hebs-edilib\/","url":"https:\/\/www.meydan.tv\/az\/article\/tagi-ibrahimov-mebel-sexindeki-yangina-gore-hebs-edilib\/","name":"Ta\u011f\u0131 \u0130brahimov mebel sexind\u0259ki yan\u011f\u0131na g\u00f6r\u0259 h\u0259bs edilib - MEYDAN.TV","isPartOf":{"@id":"https:\/\/www.meydan.tv\/az\/#website"},"primaryImageOfPage":{"@id":"https:\/\/www.meydan.tv\/az\/article\/tagi-ibrahimov-mebel-sexindeki-yangina-gore-hebs-edilib\/#primaryimage"},"image":{"@id":"https:\/\/www.meydan.tv\/az\/article\/tagi-ibrahimov-mebel-sexindeki-yangina-gore-hebs-edilib\/#primaryimage"},"thumbnailUrl":"https:\/\/www.meydan.tv\/wp-content\/uploads\/17054026383705228245_1200x630.jpg","datePublished":"2024-01-30T15:54:57+00:00","dateModified":"2024-01-30T15:55:02+00:00","breadcrumb":{"@id":"https:\/\/www.meydan.tv\/az\/article\/tagi-ibrahimov-mebel-sexindeki-yangina-gore-hebs-edilib\/#breadcrumb"},"inLanguage":"az","potentialAction":[{"@type":"ReadAction","target":["https:\/\/www.meydan.tv\/az\/article\/tagi-ibrahimov-mebel-sexindeki-yangina-gore-hebs-edilib\/"]}]},{"@type":"ImageObject","inLanguage":"az","@id":"https:\/\/www.meydan.tv\/az\/article\/tagi-ibrahimov-mebel-sexindeki-yangina-gore-hebs-edilib\/#primaryimage","url":"https:\/\/www.meydan.tv\/wp-content\/uploads\/17054026383705228245_1200x630.jpg","contentUrl":"https:\/\/www.meydan.tv\/wp-content\/uploads\/17054026383705228245_1200x630.jpg","width":1200,"height":816,"caption":"Foto: \"Az\u0259rtac\""},{"@type":"BreadcrumbList","@id":"https:\/\/www.meydan.tv\/az\/article\/tagi-ibrahimov-mebel-sexindeki-yangina-gore-hebs-edilib\/#breadcrumb","itemListElement":[{"@type":"ListItem","position":1,"name":"Ana s\u0259hif\u0259","item":"https:\/\/www.meydan.tv\/az\/"},{"@type":"ListItem","position":2,"name":"Sosial","item":"https:\/\/www.meydan.tv\/az\/section\/sosial\/"},{"@type":"ListItem","position":3,"name":"Ta\u011f\u0131 \u0130brahimov mebel sexind\u0259ki yan\u011f\u0131na g\u00f6r\u0259 h\u0259bs edilib"}]},{"@type":"WebSite","@id":"https:\/\/www.meydan.tv\/az\/#website","url":"https:\/\/www.meydan.tv\/az\/","name":"MEYDAN.TV","description":"Meydan TV Az\u0259rbaycan\u0131n media m\u0259kan\u0131ndak\u0131 alternativ s\u0259sidir","publisher":{"@id":"https:\/\/www.meydan.tv\/az\/#organization"},"potentialAction":[{"@type":"SearchAction","target":{"@type":"EntryPoint","urlTemplate":"https:\/\/www.meydan.tv\/az\/?s={search_term_string}"},"query-input":{"@type":"PropertyValueSpecification","valueRequired":true,"valueName":"search_term_string"}}],"inLanguage":"az"},{"@type":"Organization","@id":"https:\/\/www.meydan.tv\/az\/#organization","name":"Meydan TV","url":"https:\/\/www.meydan.tv\/az\/","logo":{"@type":"ImageObject","inLanguage":"az","@id":"https:\/\/www.meydan.tv\/az\/#\/schema\/logo\/image\/","url":"https:\/\/www.meydan.tv\/wp-content\/uploads\/2021\/07\/meydan-logo.svg","contentUrl":"https:\/\/www.meydan.tv\/wp-content\/uploads\/2021\/07\/meydan-logo.svg","width":195,"height":46,"caption":"Meydan TV"},"image":{"@id":"https:\/\/www.meydan.tv\/az\/#\/schema\/logo\/image\/"}},{"@type":"Person","@id":"https:\/\/www.meydan.tv\/az\/#\/schema\/person\/9cdbecf90d17180ce1dfbd95b08dcf47","name":"elli","sameAs":["https:\/\/x.com\/elli"]}]}},"_links":{"self":[{"href":"https:\/\/www.meydan.tv\/az\/wp-json\/wp\/v2\/posts\/296653","targetHints":{"allow":["GET"]}}],"collection":[{"href":"https:\/\/www.meydan.tv\/az\/wp-json\/wp\/v2\/posts"}],"about":[{"href":"https:\/\/www.meydan.tv\/az\/wp-json\/wp\/v2\/types\/post"}],"author":[{"embeddable":true,"href":"https:\/\/www.meydan.tv\/az\/wp-json\/wp\/v2\/users\/8"}],"replies":[{"embeddable":true,"href":"https:\/\/www.meydan.tv\/az\/wp-json\/wp\/v2\/comments?post=296653"}],"version-history":[{"count":3,"href":"https:\/\/www.meydan.tv\/az\/wp-json\/wp\/v2\/posts\/296653\/revisions"}],"predecessor-version":[{"id":296659,"href":"https:\/\/www.meydan.tv\/az\/wp-json\/wp\/v2\/posts\/296653\/revisions\/296659"}],"wp:featuredmedia":[{"embeddable":true,"href":"https:\/\/www.meydan.tv\/az\/wp-json\/wp\/v2\/media\/295444"}],"wp:attachment":[{"href":"https:\/\/www.meydan.tv\/az\/wp-json\/wp\/v2\/media?parent=296653"}],"wp:term":[{"taxonomy":"category","embeddable":true,"href":"https:\/\/www.meydan.tv\/az\/wp-json\/wp\/v2\/categories?post=296653"},{"taxonomy":"post_tag","embeddable":true,"href":"https:\/\/www.meydan.tv\/az\/wp-json\/wp\/v2\/tags?post=296653"}],"curies":[{"name":"wp","href":"https:\/\/api.w.org\/{rel}","templated":true}]}}