{"id":296632,"date":"2024-01-30T15:47:37","date_gmt":"2024-01-30T11:47:37","guid":{"rendered":"https:\/\/www.meydan.tv\/?p=296632"},"modified":"2024-01-30T19:58:51","modified_gmt":"2024-01-30T15:58:51","slug":"meyxanaci-mahir-ay-brat-mehkeme-zalindan-azadliga-buraxildi","status":"publish","type":"post","link":"https:\/\/www.meydan.tv\/az\/article\/meyxanaci-mahir-ay-brat-mehkeme-zalindan-azadliga-buraxildi\/","title":{"rendered":"Meyxana\u00e7\u0131 &#8220;Mahir ay brat&#8221; m\u0259hk\u0259m\u0259 zal\u0131ndan azadl\u0131\u011fa burax\u0131ld\u0131"},"content":{"rendered":"\n<p><\/p>\n\n\n\n<p><strong><em>Ona azadl\u0131\u011f\u0131n m\u0259hdudla\u015fd\u0131r\u0131lmas\u0131 c\u0259zas\u0131 verilib<\/em><\/strong><\/p>\n\n\n\n<p>Narkotik ittiham\u0131yla h\u0259bsd\u0259 olan meyxana\u00e7\u0131 Mahir Qon\u015fuyev yanvar\u0131n 30-da m\u0259hk\u0259m\u0259 zal\u0131ndan azadl\u0131\u011fa burax\u0131l\u0131b. Bak\u0131 A\u011f\u0131r Cinay\u0259tl\u0259r M\u0259hk\u0259m\u0259sind\u0259 ona h\u00f6km oxunub.<\/p>\n\n\n\n<p>Hakim S\u0259buhi H\u00fcseynovun s\u0259drliyil\u0259 \u00e7\u0131xar\u0131lan h\u00f6km\u0259 \u0259sas\u0259n, meyxana\u00e7\u0131ya 3 il azadl\u0131\u011f\u0131n m\u0259hdudla\u015fd\u0131r\u0131lmas\u0131 c\u0259zas\u0131 verilib. Onun \u00fcz\u0259rin\u0259 elektron qolbaqla g\u0259zm\u0259k, gec\u0259 saat 23.00-dan s\u0259h\u0259r saat 07.00-a q\u0259d\u0259r ya\u015fad\u0131\u011f\u0131 evi t\u0259rk etm\u0259m\u0259k \u00f6hd\u0259liyi qoyulub.<\/p>\n\n\n\n<p>Mahir Qon\u015fuyev 8 aya yax\u0131n idi ki, h\u0259bsd\u0259 idi. Onun h\u0259bsd\u0259 oldu\u011fu h\u0259r g\u00fcn azadl\u0131\u011f\u0131n m\u0259hdudla\u015fd\u0131r\u0131lmas\u0131 c\u0259zas\u0131n\u0131n iki g\u00fcn\u00fcn\u0259 b\u0259rab\u0259r say\u0131l\u0131r. Ona verilmi\u015f 3 illik c\u0259zadan bu m\u00fcdd\u0259ti \u00e7\u0131xanda meyxana\u00e7\u0131n\u0131n \u00fcz\u0259rind\u0259 1 il 9 aya yax\u0131n c\u0259za qal\u0131b.<\/p>\n\n\n\n<p>H\u00f6kmd\u0259n \u0259vv\u0259l prokuror Mahir Qon\u015fuyevin 3 il azadl\u0131qdan m\u0259hrum edilm\u0259sini ist\u0259yib.<\/p>\n\n\n\n<p>Prokurordan sonra m\u0259hk\u0259m\u0259d\u0259 son s\u00f6z\u00fcn\u00fc dey\u0259n meyxana\u00e7\u0131 bildirib ki, saxlan\u0131landa onun \u00fcst\u00fcnd\u0259 narkotik olmay\u0131b. O, m\u0259hk\u0259m\u0259d\u0259n \u0259dal\u0259tli h\u00f6km \u00e7\u0131xar\u0131lmas\u0131n\u0131 ist\u0259yib.<\/p>\n\n\n\n<p>Hakiml\u0259r bir ne\u00e7\u0259 d\u0259qiq\u0259lik m\u00fc\u015favir\u0259d\u0259n sonra onu Cinay\u0259t M\u0259c\u0259ll\u0259sinin 234.1-1 (sat\u0131\u015f m\u0259qs\u0259di olmadan k\u00fclli miqdarda narkotik \u0259ld\u0259 etm\u0259, da\u015f\u0131ma, saxlama) madd\u0259sil\u0259 t\u0259qsirli say\u0131b. Lakin ona azadl\u0131qdan m\u0259hrumetm\u0259 yox, azadl\u0131\u011f\u0131n m\u0259hdudla\u015fd\u0131r\u0131lmas\u0131 c\u0259zas\u0131 verm\u0259yi q\u0259rara al\u0131b.<\/p>\n\n\n\n<p>1984-c\u00fc il t\u0259v\u0259ll\u00fcdl\u00fc Mahir Qon\u015fuyev iyunun 6-dan h\u0259bsd\u0259 idi. Ona qar\u015f\u0131 ittihamda g\u00f6st\u0259rilib ki, k\u00fc\u00e7\u0259d\u0259 &#8211; Bin\u0259q\u0259di rayonu, Azadl\u0131q prospekti 145 \u00fcnvan\u0131n\u0131n qar\u015f\u0131s\u0131nda saxlan\u0131l\u0131b. M\u00fct\u0259\u015f\u0259kkil Cinay\u0259tkarl\u0131\u011fa Qar\u015f\u0131 M\u00fcbariz\u0259 \u0130dar\u0259sind\u0259 \u00fcst\u00fcn\u0259 bax\u0131\u015f ke\u00e7iril\u0259nd\u0259 cibind\u0259n 3,818 qram metamfetamin (\u201cpat\u0131\u201d, \u201c\u015f\u00fc\u015f\u0259\u201d) \u00e7\u0131x\u0131b.<\/p>\n\n\n\n<p>Mahir Qon\u015fuyev ifad\u0259sind\u0259 deyib ki, \u0259vv\u0259ll\u0259r narkotik\u0259 g\u00f6r\u0259 m\u0259hkum edilib. Lakin bu d\u0259f\u0259 \u00f6z\u00fcn\u00fc t\u0259qsirli bilmir, \u00e7\u00fcnki saxlan\u0131landa \u00fcst\u00fcnd\u0259 narkotik olmay\u0131b. O, etiraf edib ki, \u0259vv\u0259ll\u0259r narkotik istifad\u0259\u00e7isi olub. Amma \u0259vv\u0259lki h\u0259bsind\u0259n sonra narkotikd\u0259n istifad\u0259 etm\u0259yib.<\/p>\n\n\n\n<p>Onun s\u00f6zl\u0259rin\u0259 g\u00f6r\u0259, bud\u0259f\u0259ki h\u0259bsind\u0259n \u0259vv\u0259l bir ne\u00e7\u0259 d\u0259f\u0259 polis idar\u0259sin\u0259 \u00e7a\u011f\u0131r\u0131l\u0131b, onunla meyxanalar\u0131yla \u0259laq\u0259dar profilaktik s\u00f6hb\u0259tl\u0259r aparm\u0131\u015fd\u0131lar. Kriminal elementl\u0259r olan meyxanalar oxumama\u011f\u0131 t\u0259l\u0259b etmi\u015fdil\u0259r:<\/p>\n\n\n\n<p><em>&#8220;M\u0259n neyl\u0259yim, \u00e7\u00f6r\u0259yim meyxanadan \u00e7\u0131x\u0131r. Ona g\u00f6r\u0259 oxuyurdum\u201d.<\/em><\/p>\n\n\n\n<p>Mahir Qon\u015fuyev nec\u0259 h\u0259bs olunmas\u0131 haqda da dan\u0131\u015f\u0131b. O bildirib ki, ittiham akt\u0131nda g\u00f6st\u0259ril\u0259n yerd\u0259 saxlanmay\u0131b. D\u0259v\u0259t ald\u0131\u011f\u0131 \u201cHollivud\u201d restoran\u0131na prod\u00fcsseri il\u0259 birlikd\u0259 ged\u0259nd\u0259 liftd\u0259n \u00e7\u0131xark\u0259n h\u0259r ikisini tutublar. Onlar\u0131 \u201cbandotdel\u201d\u0259 apar\u0131blar. Sonradan prod\u00fcsseri buraxsalar da, ona qar\u015f\u0131 k\u00fclli miqdarda narkotik ittiham\u0131 ir\u0259li s\u00fcr\u00fcl\u00fcb.<\/p>\n\n\n\n<p>T\u0259qsirl\u0259ndiril\u0259n meyxana\u00e7\u0131 polisl\u0259rin onu d\u00f6yd\u00fcy\u00fcn\u00fc, t\u0259hqir etdiyini, bu \u00fczd\u0259n \u00f6z\u00fcn\u0259 aidiyy\u0259ti olmayan narkotikl\u0259 ba\u011fl\u0131 etiraf ifad\u0259sin\u0259 imza atd\u0131\u011f\u0131n\u0131 bildirib:<\/p>\n\n\n\n<p>\u201c<em>Ba\u015f\u0131ma yumruq, k\u00fcr\u0259yim\u0259 t\u0259pikl\u0259 vururdular. El\u0259 s\u00f6y\u00fc\u015fl\u0259r s\u00f6y\u00fcrd\u00fcl\u0259r ki. M\u0259cbur olub qol \u00e7\u0259kdim&#8221;.<\/em><\/p>\n\n\n\n<p>Mahir Qon\u015fuyev \u0259sas\u0259n \u201cAy brat\u201d meyxanas\u0131ndan sonra m\u0259\u015fhurla\u015fm\u0131\u015fd\u0131.<\/p>\n\n\n\n<p>Meyxana\u00e7\u0131 h\u0259m\u00e7inin \u201cYoutube\u201dda \u201cMahir Ay Brat\u201d adl\u0131 s\u0259hif\u0259d\u0259 cinay\u0259tkarl\u0131\u011f\u0131, narkotik madd\u0259l\u0259rin istifad\u0259si kimi z\u0259r\u0259rli v\u0259rdi\u015fl\u0259ri t\u0259bli\u011f ed\u0259n musiqili meyxanalar payla\u015fmaqda ittiham olunurdu.<\/p>\n","protected":false},"excerpt":{"rendered":"<p>Ona azadl\u0131\u011f\u0131n m\u0259hdudla\u015fd\u0131r\u0131lmas\u0131 c\u0259zas\u0131 verilib Narkotik ittiham\u0131yla h\u0259bsd\u0259 olan meyxana\u00e7\u0131 &#8230; <\/p>\n<p class=\"read-more-container\"><a title=\"Meyxana\u00e7\u0131 &#8220;Mahir ay brat&#8221; m\u0259hk\u0259m\u0259 zal\u0131ndan azadl\u0131\u011fa burax\u0131ld\u0131\" class=\"read-more button\" href=\"https:\/\/www.meydan.tv\/az\/article\/meyxanaci-mahir-ay-brat-mehkeme-zalindan-azadliga-buraxildi\/#more-296632\" aria-label=\"Read more about Meyxana\u00e7\u0131 &#8220;Mahir ay brat&#8221; m\u0259hk\u0259m\u0259 zal\u0131ndan azadl\u0131\u011fa burax\u0131ld\u0131\">Davam\u0131<\/a><\/p>\n","protected":false},"author":8,"featured_media":280562,"comment_status":"closed","ping_status":"closed","sticky":false,"template":"","format":"standard","meta":{"_acf_changed":false,"_sitemap_exclude":false,"_sitemap_priority":"","_sitemap_frequency":"","footnotes":""},"categories":[62,56],"tags":[],"class_list":["post-296632","post","type-post","status-publish","format-standard","has-post-thumbnail","hentry","category-sosial","category-xeberler","infinite-scroll-item","generate-columns","tablet-grid-50","mobile-grid-100","grid-parent","grid-33","no-featured-image-padding"],"acf":[],"yoast_head":"<!-- This site is optimized with the Yoast SEO plugin v27.5 - https:\/\/yoast.com\/product\/yoast-seo-wordpress\/ -->\n<title>Meyxana\u00e7\u0131 &quot;Mahir ay brat&quot; m\u0259hk\u0259m\u0259 zal\u0131ndan azadl\u0131\u011fa burax\u0131ld\u0131 - MEYDAN.TV<\/title>\n<meta name=\"robots\" content=\"index, follow, max-snippet:-1, max-image-preview:large, max-video-preview:-1\" \/>\n<link rel=\"canonical\" href=\"https:\/\/www.meydan.tv\/az\/article\/meyxanaci-mahir-ay-brat-mehkeme-zalindan-azadliga-buraxildi\/\" \/>\n<meta property=\"og:locale\" content=\"az_AZ\" \/>\n<meta property=\"og:type\" content=\"article\" \/>\n<meta property=\"og:title\" content=\"Meyxana\u00e7\u0131 &quot;Mahir ay brat&quot; m\u0259hk\u0259m\u0259 zal\u0131ndan azadl\u0131\u011fa burax\u0131ld\u0131 - MEYDAN.TV\" \/>\n<meta property=\"og:description\" content=\"Ona azadl\u0131\u011f\u0131n m\u0259hdudla\u015fd\u0131r\u0131lmas\u0131 c\u0259zas\u0131 verilib Narkotik ittiham\u0131yla h\u0259bsd\u0259 olan meyxana\u00e7\u0131 ... Davam\u0131\" \/>\n<meta property=\"og:url\" content=\"https:\/\/www.meydan.tv\/az\/article\/meyxanaci-mahir-ay-brat-mehkeme-zalindan-azadliga-buraxildi\/\" \/>\n<meta property=\"og:site_name\" content=\"MEYDAN.TV\" \/>\n<meta property=\"article:published_time\" content=\"2024-01-30T11:47:37+00:00\" \/>\n<meta property=\"article:modified_time\" content=\"2024-01-30T15:58:51+00:00\" \/>\n<meta property=\"og:image\" content=\"https:\/\/www.meydan.tv\/wp-content\/uploads\/untitled-design-7-43-e1690283286536.jpg\" \/>\n\t<meta property=\"og:image:width\" content=\"1200\" \/>\n\t<meta property=\"og:image:height\" content=\"600\" \/>\n\t<meta property=\"og:image:type\" content=\"image\/jpeg\" \/>\n<meta name=\"author\" content=\"elli\" \/>\n<meta name=\"twitter:card\" content=\"summary_large_image\" \/>\n<meta name=\"twitter:creator\" content=\"@elli\" \/>\n<script type=\"application\/ld+json\" class=\"yoast-schema-graph\">{\"@context\":\"https:\\\/\\\/schema.org\",\"@graph\":[{\"@type\":\"Article\",\"@id\":\"https:\\\/\\\/www.meydan.tv\\\/az\\\/article\\\/meyxanaci-mahir-ay-brat-mehkeme-zalindan-azadliga-buraxildi\\\/#article\",\"isPartOf\":{\"@id\":\"https:\\\/\\\/www.meydan.tv\\\/az\\\/article\\\/meyxanaci-mahir-ay-brat-mehkeme-zalindan-azadliga-buraxildi\\\/\"},\"author\":{\"name\":\"elli\",\"@id\":\"https:\\\/\\\/www.meydan.tv\\\/az\\\/#\\\/schema\\\/person\\\/9cdbecf90d17180ce1dfbd95b08dcf47\"},\"headline\":\"Meyxana\u00e7\u0131 &#8220;Mahir ay brat&#8221; m\u0259hk\u0259m\u0259 zal\u0131ndan azadl\u0131\u011fa burax\u0131ld\u0131\",\"datePublished\":\"2024-01-30T11:47:37+00:00\",\"dateModified\":\"2024-01-30T15:58:51+00:00\",\"mainEntityOfPage\":{\"@id\":\"https:\\\/\\\/www.meydan.tv\\\/az\\\/article\\\/meyxanaci-mahir-ay-brat-mehkeme-zalindan-azadliga-buraxildi\\\/\"},\"wordCount\":660,\"publisher\":{\"@id\":\"https:\\\/\\\/www.meydan.tv\\\/az\\\/#organization\"},\"image\":{\"@id\":\"https:\\\/\\\/www.meydan.tv\\\/az\\\/article\\\/meyxanaci-mahir-ay-brat-mehkeme-zalindan-azadliga-buraxildi\\\/#primaryimage\"},\"thumbnailUrl\":\"https:\\\/\\\/www.meydan.tv\\\/wp-content\\\/uploads\\\/untitled-design-7-43-e1690283286536.jpg\",\"articleSection\":[\"Sosial\",\"X\u0259b\u0259rl\u0259r\"],\"inLanguage\":\"az\"},{\"@type\":\"WebPage\",\"@id\":\"https:\\\/\\\/www.meydan.tv\\\/az\\\/article\\\/meyxanaci-mahir-ay-brat-mehkeme-zalindan-azadliga-buraxildi\\\/\",\"url\":\"https:\\\/\\\/www.meydan.tv\\\/az\\\/article\\\/meyxanaci-mahir-ay-brat-mehkeme-zalindan-azadliga-buraxildi\\\/\",\"name\":\"Meyxana\u00e7\u0131 \\\"Mahir ay brat\\\" m\u0259hk\u0259m\u0259 zal\u0131ndan azadl\u0131\u011fa burax\u0131ld\u0131 - MEYDAN.TV\",\"isPartOf\":{\"@id\":\"https:\\\/\\\/www.meydan.tv\\\/az\\\/#website\"},\"primaryImageOfPage\":{\"@id\":\"https:\\\/\\\/www.meydan.tv\\\/az\\\/article\\\/meyxanaci-mahir-ay-brat-mehkeme-zalindan-azadliga-buraxildi\\\/#primaryimage\"},\"image\":{\"@id\":\"https:\\\/\\\/www.meydan.tv\\\/az\\\/article\\\/meyxanaci-mahir-ay-brat-mehkeme-zalindan-azadliga-buraxildi\\\/#primaryimage\"},\"thumbnailUrl\":\"https:\\\/\\\/www.meydan.tv\\\/wp-content\\\/uploads\\\/untitled-design-7-43-e1690283286536.jpg\",\"datePublished\":\"2024-01-30T11:47:37+00:00\",\"dateModified\":\"2024-01-30T15:58:51+00:00\",\"breadcrumb\":{\"@id\":\"https:\\\/\\\/www.meydan.tv\\\/az\\\/article\\\/meyxanaci-mahir-ay-brat-mehkeme-zalindan-azadliga-buraxildi\\\/#breadcrumb\"},\"inLanguage\":\"az\",\"potentialAction\":[{\"@type\":\"ReadAction\",\"target\":[\"https:\\\/\\\/www.meydan.tv\\\/az\\\/article\\\/meyxanaci-mahir-ay-brat-mehkeme-zalindan-azadliga-buraxildi\\\/\"]}]},{\"@type\":\"ImageObject\",\"inLanguage\":\"az\",\"@id\":\"https:\\\/\\\/www.meydan.tv\\\/az\\\/article\\\/meyxanaci-mahir-ay-brat-mehkeme-zalindan-azadliga-buraxildi\\\/#primaryimage\",\"url\":\"https:\\\/\\\/www.meydan.tv\\\/wp-content\\\/uploads\\\/untitled-design-7-43-e1690283286536.jpg\",\"contentUrl\":\"https:\\\/\\\/www.meydan.tv\\\/wp-content\\\/uploads\\\/untitled-design-7-43-e1690283286536.jpg\",\"width\":1200,\"height\":600,\"caption\":\"Mahir Qon\u015fuyev. Foto: sosial \u015f\u0259b\u0259k\u0259\"},{\"@type\":\"BreadcrumbList\",\"@id\":\"https:\\\/\\\/www.meydan.tv\\\/az\\\/article\\\/meyxanaci-mahir-ay-brat-mehkeme-zalindan-azadliga-buraxildi\\\/#breadcrumb\",\"itemListElement\":[{\"@type\":\"ListItem\",\"position\":1,\"name\":\"Ana s\u0259hif\u0259\",\"item\":\"https:\\\/\\\/www.meydan.tv\\\/az\\\/\"},{\"@type\":\"ListItem\",\"position\":2,\"name\":\"Sosial\",\"item\":\"https:\\\/\\\/www.meydan.tv\\\/az\\\/section\\\/sosial\\\/\"},{\"@type\":\"ListItem\",\"position\":3,\"name\":\"Meyxana\u00e7\u0131 &#8220;Mahir ay brat&#8221; m\u0259hk\u0259m\u0259 zal\u0131ndan azadl\u0131\u011fa burax\u0131ld\u0131\"}]},{\"@type\":\"WebSite\",\"@id\":\"https:\\\/\\\/www.meydan.tv\\\/az\\\/#website\",\"url\":\"https:\\\/\\\/www.meydan.tv\\\/az\\\/\",\"name\":\"MEYDAN.TV\",\"description\":\"Meydan TV Az\u0259rbaycan\u0131n media m\u0259kan\u0131ndak\u0131 alternativ s\u0259sidir\",\"publisher\":{\"@id\":\"https:\\\/\\\/www.meydan.tv\\\/az\\\/#organization\"},\"potentialAction\":[{\"@type\":\"SearchAction\",\"target\":{\"@type\":\"EntryPoint\",\"urlTemplate\":\"https:\\\/\\\/www.meydan.tv\\\/az\\\/?s={search_term_string}\"},\"query-input\":{\"@type\":\"PropertyValueSpecification\",\"valueRequired\":true,\"valueName\":\"search_term_string\"}}],\"inLanguage\":\"az\"},{\"@type\":\"Organization\",\"@id\":\"https:\\\/\\\/www.meydan.tv\\\/az\\\/#organization\",\"name\":\"Meydan TV\",\"url\":\"https:\\\/\\\/www.meydan.tv\\\/az\\\/\",\"logo\":{\"@type\":\"ImageObject\",\"inLanguage\":\"az\",\"@id\":\"https:\\\/\\\/www.meydan.tv\\\/az\\\/#\\\/schema\\\/logo\\\/image\\\/\",\"url\":\"https:\\\/\\\/www.meydan.tv\\\/wp-content\\\/uploads\\\/2021\\\/07\\\/meydan-logo.svg\",\"contentUrl\":\"https:\\\/\\\/www.meydan.tv\\\/wp-content\\\/uploads\\\/2021\\\/07\\\/meydan-logo.svg\",\"width\":195,\"height\":46,\"caption\":\"Meydan TV\"},\"image\":{\"@id\":\"https:\\\/\\\/www.meydan.tv\\\/az\\\/#\\\/schema\\\/logo\\\/image\\\/\"}},{\"@type\":\"Person\",\"@id\":\"https:\\\/\\\/www.meydan.tv\\\/az\\\/#\\\/schema\\\/person\\\/9cdbecf90d17180ce1dfbd95b08dcf47\",\"name\":\"elli\",\"sameAs\":[\"https:\\\/\\\/x.com\\\/elli\"]}]}<\/script>\n<!-- \/ Yoast SEO plugin. -->","yoast_head_json":{"title":"Meyxana\u00e7\u0131 \"Mahir ay brat\" m\u0259hk\u0259m\u0259 zal\u0131ndan azadl\u0131\u011fa burax\u0131ld\u0131 - MEYDAN.TV","robots":{"index":"index","follow":"follow","max-snippet":"max-snippet:-1","max-image-preview":"max-image-preview:large","max-video-preview":"max-video-preview:-1"},"canonical":"https:\/\/www.meydan.tv\/az\/article\/meyxanaci-mahir-ay-brat-mehkeme-zalindan-azadliga-buraxildi\/","og_locale":"az_AZ","og_type":"article","og_title":"Meyxana\u00e7\u0131 \"Mahir ay brat\" m\u0259hk\u0259m\u0259 zal\u0131ndan azadl\u0131\u011fa burax\u0131ld\u0131 - MEYDAN.TV","og_description":"Ona azadl\u0131\u011f\u0131n m\u0259hdudla\u015fd\u0131r\u0131lmas\u0131 c\u0259zas\u0131 verilib Narkotik ittiham\u0131yla h\u0259bsd\u0259 olan meyxana\u00e7\u0131 ... Davam\u0131","og_url":"https:\/\/www.meydan.tv\/az\/article\/meyxanaci-mahir-ay-brat-mehkeme-zalindan-azadliga-buraxildi\/","og_site_name":"MEYDAN.TV","article_published_time":"2024-01-30T11:47:37+00:00","article_modified_time":"2024-01-30T15:58:51+00:00","og_image":[{"width":1200,"height":600,"url":"https:\/\/www.meydan.tv\/wp-content\/uploads\/untitled-design-7-43-e1690283286536.jpg","type":"image\/jpeg"}],"author":"elli","twitter_card":"summary_large_image","twitter_creator":"@elli","schema":{"@context":"https:\/\/schema.org","@graph":[{"@type":"Article","@id":"https:\/\/www.meydan.tv\/az\/article\/meyxanaci-mahir-ay-brat-mehkeme-zalindan-azadliga-buraxildi\/#article","isPartOf":{"@id":"https:\/\/www.meydan.tv\/az\/article\/meyxanaci-mahir-ay-brat-mehkeme-zalindan-azadliga-buraxildi\/"},"author":{"name":"elli","@id":"https:\/\/www.meydan.tv\/az\/#\/schema\/person\/9cdbecf90d17180ce1dfbd95b08dcf47"},"headline":"Meyxana\u00e7\u0131 &#8220;Mahir ay brat&#8221; m\u0259hk\u0259m\u0259 zal\u0131ndan azadl\u0131\u011fa burax\u0131ld\u0131","datePublished":"2024-01-30T11:47:37+00:00","dateModified":"2024-01-30T15:58:51+00:00","mainEntityOfPage":{"@id":"https:\/\/www.meydan.tv\/az\/article\/meyxanaci-mahir-ay-brat-mehkeme-zalindan-azadliga-buraxildi\/"},"wordCount":660,"publisher":{"@id":"https:\/\/www.meydan.tv\/az\/#organization"},"image":{"@id":"https:\/\/www.meydan.tv\/az\/article\/meyxanaci-mahir-ay-brat-mehkeme-zalindan-azadliga-buraxildi\/#primaryimage"},"thumbnailUrl":"https:\/\/www.meydan.tv\/wp-content\/uploads\/untitled-design-7-43-e1690283286536.jpg","articleSection":["Sosial","X\u0259b\u0259rl\u0259r"],"inLanguage":"az"},{"@type":"WebPage","@id":"https:\/\/www.meydan.tv\/az\/article\/meyxanaci-mahir-ay-brat-mehkeme-zalindan-azadliga-buraxildi\/","url":"https:\/\/www.meydan.tv\/az\/article\/meyxanaci-mahir-ay-brat-mehkeme-zalindan-azadliga-buraxildi\/","name":"Meyxana\u00e7\u0131 \"Mahir ay brat\" m\u0259hk\u0259m\u0259 zal\u0131ndan azadl\u0131\u011fa burax\u0131ld\u0131 - MEYDAN.TV","isPartOf":{"@id":"https:\/\/www.meydan.tv\/az\/#website"},"primaryImageOfPage":{"@id":"https:\/\/www.meydan.tv\/az\/article\/meyxanaci-mahir-ay-brat-mehkeme-zalindan-azadliga-buraxildi\/#primaryimage"},"image":{"@id":"https:\/\/www.meydan.tv\/az\/article\/meyxanaci-mahir-ay-brat-mehkeme-zalindan-azadliga-buraxildi\/#primaryimage"},"thumbnailUrl":"https:\/\/www.meydan.tv\/wp-content\/uploads\/untitled-design-7-43-e1690283286536.jpg","datePublished":"2024-01-30T11:47:37+00:00","dateModified":"2024-01-30T15:58:51+00:00","breadcrumb":{"@id":"https:\/\/www.meydan.tv\/az\/article\/meyxanaci-mahir-ay-brat-mehkeme-zalindan-azadliga-buraxildi\/#breadcrumb"},"inLanguage":"az","potentialAction":[{"@type":"ReadAction","target":["https:\/\/www.meydan.tv\/az\/article\/meyxanaci-mahir-ay-brat-mehkeme-zalindan-azadliga-buraxildi\/"]}]},{"@type":"ImageObject","inLanguage":"az","@id":"https:\/\/www.meydan.tv\/az\/article\/meyxanaci-mahir-ay-brat-mehkeme-zalindan-azadliga-buraxildi\/#primaryimage","url":"https:\/\/www.meydan.tv\/wp-content\/uploads\/untitled-design-7-43-e1690283286536.jpg","contentUrl":"https:\/\/www.meydan.tv\/wp-content\/uploads\/untitled-design-7-43-e1690283286536.jpg","width":1200,"height":600,"caption":"Mahir Qon\u015fuyev. Foto: sosial \u015f\u0259b\u0259k\u0259"},{"@type":"BreadcrumbList","@id":"https:\/\/www.meydan.tv\/az\/article\/meyxanaci-mahir-ay-brat-mehkeme-zalindan-azadliga-buraxildi\/#breadcrumb","itemListElement":[{"@type":"ListItem","position":1,"name":"Ana s\u0259hif\u0259","item":"https:\/\/www.meydan.tv\/az\/"},{"@type":"ListItem","position":2,"name":"Sosial","item":"https:\/\/www.meydan.tv\/az\/section\/sosial\/"},{"@type":"ListItem","position":3,"name":"Meyxana\u00e7\u0131 &#8220;Mahir ay brat&#8221; m\u0259hk\u0259m\u0259 zal\u0131ndan azadl\u0131\u011fa burax\u0131ld\u0131"}]},{"@type":"WebSite","@id":"https:\/\/www.meydan.tv\/az\/#website","url":"https:\/\/www.meydan.tv\/az\/","name":"MEYDAN.TV","description":"Meydan TV Az\u0259rbaycan\u0131n media m\u0259kan\u0131ndak\u0131 alternativ s\u0259sidir","publisher":{"@id":"https:\/\/www.meydan.tv\/az\/#organization"},"potentialAction":[{"@type":"SearchAction","target":{"@type":"EntryPoint","urlTemplate":"https:\/\/www.meydan.tv\/az\/?s={search_term_string}"},"query-input":{"@type":"PropertyValueSpecification","valueRequired":true,"valueName":"search_term_string"}}],"inLanguage":"az"},{"@type":"Organization","@id":"https:\/\/www.meydan.tv\/az\/#organization","name":"Meydan TV","url":"https:\/\/www.meydan.tv\/az\/","logo":{"@type":"ImageObject","inLanguage":"az","@id":"https:\/\/www.meydan.tv\/az\/#\/schema\/logo\/image\/","url":"https:\/\/www.meydan.tv\/wp-content\/uploads\/2021\/07\/meydan-logo.svg","contentUrl":"https:\/\/www.meydan.tv\/wp-content\/uploads\/2021\/07\/meydan-logo.svg","width":195,"height":46,"caption":"Meydan TV"},"image":{"@id":"https:\/\/www.meydan.tv\/az\/#\/schema\/logo\/image\/"}},{"@type":"Person","@id":"https:\/\/www.meydan.tv\/az\/#\/schema\/person\/9cdbecf90d17180ce1dfbd95b08dcf47","name":"elli","sameAs":["https:\/\/x.com\/elli"]}]}},"_links":{"self":[{"href":"https:\/\/www.meydan.tv\/az\/wp-json\/wp\/v2\/posts\/296632","targetHints":{"allow":["GET"]}}],"collection":[{"href":"https:\/\/www.meydan.tv\/az\/wp-json\/wp\/v2\/posts"}],"about":[{"href":"https:\/\/www.meydan.tv\/az\/wp-json\/wp\/v2\/types\/post"}],"author":[{"embeddable":true,"href":"https:\/\/www.meydan.tv\/az\/wp-json\/wp\/v2\/users\/8"}],"replies":[{"embeddable":true,"href":"https:\/\/www.meydan.tv\/az\/wp-json\/wp\/v2\/comments?post=296632"}],"version-history":[{"count":4,"href":"https:\/\/www.meydan.tv\/az\/wp-json\/wp\/v2\/posts\/296632\/revisions"}],"predecessor-version":[{"id":296664,"href":"https:\/\/www.meydan.tv\/az\/wp-json\/wp\/v2\/posts\/296632\/revisions\/296664"}],"wp:featuredmedia":[{"embeddable":true,"href":"https:\/\/www.meydan.tv\/az\/wp-json\/wp\/v2\/media\/280562"}],"wp:attachment":[{"href":"https:\/\/www.meydan.tv\/az\/wp-json\/wp\/v2\/media?parent=296632"}],"wp:term":[{"taxonomy":"category","embeddable":true,"href":"https:\/\/www.meydan.tv\/az\/wp-json\/wp\/v2\/categories?post=296632"},{"taxonomy":"post_tag","embeddable":true,"href":"https:\/\/www.meydan.tv\/az\/wp-json\/wp\/v2\/tags?post=296632"}],"curies":[{"name":"wp","href":"https:\/\/api.w.org\/{rel}","templated":true}]}}