{"id":296625,"date":"2024-01-30T16:03:03","date_gmt":"2024-01-30T12:03:03","guid":{"rendered":"https:\/\/www.meydan.tv\/?p=296625"},"modified":"2024-01-31T12:01:14","modified_gmt":"2024-01-31T08:01:14","slug":"polisler-qardasimi-pula-gore-oldurduler-4-korpeni-atasiz-qoydular","status":"publish","type":"post","link":"https:\/\/www.meydan.tv\/az\/article\/polisler-qardasimi-pula-gore-oldurduler-4-korpeni-atasiz-qoydular\/","title":{"rendered":"\u201cPolisl\u0259r qarda\u015f\u0131m\u0131 pula g\u00f6r\u0259 \u00f6ld\u00fcrd\u00fcl\u0259r, 4 k\u00f6rp\u0259ni atas\u0131z qoydular\u201d (yenil\u0259nib)"},"content":{"rendered":"\n<p><\/p>\n\n\n\n<p><strong><em>\u015eakir Verdiyev: \u201c\u00dcr\u0259yini tutub dedi ki, \u201csin\u0259m yan\u0131r, k\u00fcr\u0259yim da\u011f\u0131l\u0131r, hirsl\u0259ndirdil\u0259r m\u0259ni, bu v\u0259ziyy\u0259t\u0259 sald\u0131lar\u201d<\/em><\/strong><\/p>\n\n\n\n<p>Goranboy rayonunun D\u0259lim\u0259mm\u0259dli \u015f\u0259h\u0259r sakini \u015eakir Verdiyev qarda\u015f\u0131n\u0131n polis \u00f6zba\u015f\u0131nal\u0131\u011f\u0131n\u0131n qurban\u0131 oldu\u011funu deyir. Onun s\u00f6zl\u0259rin\u0259 g\u00f6r\u0259, 44 ya\u015fl\u0131 R\u0259\u015fad Verdiyev yol polisl\u0259rinin qanunsuz h\u0259r\u0259k\u0259tl\u0259ri n\u0259tic\u0259sind\u0259 h\u0259yat\u0131n\u0131 itirib.<\/p>\n\n\n\n<p>\u201c<em>Polisl\u0259r qarda\u015f\u0131m\u0131 pula g\u00f6r\u0259 \u00f6ld\u00fcrd\u00fcl\u0259r. 4 k\u00f6rp\u0259 balas\u0131 qald\u0131. B\u00f6y\u00fcy\u00fcn\u00fcn 9, ki\u00e7iyinin 1 ya\u015f\u0131 var&#8230;\u201d<\/em>, &#8211; \u015eakir Verdiyev bel\u0259 deyir.<\/p>\n\n\n\n<p><strong>\u201cQ\u0131\u015fq\u0131r\u0131b ki, dayanmasan\u0131z, \u00f6z\u00fcm\u00fc atacam\u201d<\/strong><\/p>\n\n\n\n<p>R\u0259\u015fad Verdiyev dekabr\u0131n 18-d\u0259 \u00fcr\u0259k tutmas\u0131ndan v\u0259fat edib. \u015eakir Verdiyev Meydan TV-y\u0259 dan\u0131\u015f\u0131r ki, h\u0259min g\u00fcn yol polisl\u0259ri qarda\u015f\u0131n\u0131 \u00e7ox \u0259s\u0259bil\u0259\u015fdirib v\u0259 m\u00fcbahis\u0259d\u0259n d\u0259rhal sonra v\u0259ziyy\u0259ti pisl\u0259\u015fib. X\u0259st\u0259xanaya \u00e7atd\u0131rsalar da, onun h\u0259yat\u0131n\u0131 xilas etm\u0259k m\u00fcmk\u00fcn olmay\u0131b:<\/p>\n\n\n\n<p><em>\u201cH\u0259min g\u00fcn yezn\u0259m qarda\u015f\u0131m\u0131n ma\u015f\u0131n\u0131n\u0131 qap\u0131da saxlay\u0131b ki, oturacaqlar\u0131n \u00fczl\u00fckl\u0259rini d\u0259yi\u015fsin. Yol polisl\u0259ri g\u0259lib, ma\u015f\u0131n\u0131n s\u0259n\u0259dl\u0259rini ist\u0259yib. Yezn\u0259m d\u0259 deyib ki, \u201cma\u015f\u0131n qayn\u0131m\u0131nd\u0131r, dayan\u0131n \u00e7a\u011f\u0131r\u0131m\u201d. Deyibl\u0259r ki, \u201cyox, ma\u015f\u0131n\u0131 apar\u0131r\u0131q\u201d. Bizim ham\u0131m\u0131z\u0131n evl\u0259ri yanbayand\u0131r. Yezn\u0259m deyib ki, \u201cg\u00f6zl\u0259yin, bu d\u0259qiq\u0259 g\u0259lir\u201d. \u0130mkan vermirl\u0259r, yezn\u0259mi d\u0259 ma\u015f\u0131na qoyub apar\u0131rlar. Yolda yezn\u0259m qarda\u015f\u0131ma z\u0259ng el\u0259yib olanlar\u0131 x\u0259b\u0259r verir. Qarda\u015f\u0131m deyir ki, hardad\u0131larsa, saxlas\u0131nlar, \u00e7atd\u0131r\u0131r \u00f6z\u00fcn\u00fc. Dan\u0131\u015f\u0131q vaxt\u0131 mikrofonda olur, polisl\u0259r d\u0259 e\u015fidir ki, qarda\u015f\u0131m nec\u0259 \u0259s\u0259bil\u0259\u015fir. Yen\u0259 d\u0259 s\u00fcr\u00fcrl\u0259r, deyirl\u0259r ki, rayona g\u0259lsin. K\u00f6rp\u00fcn\u00fcn \u00fcst\u00fcn\u0259 \u00e7atanda yezn\u0259m q\u0131\u015fq\u0131r\u0131r ki, saxlamasan\u0131z, \u00f6z\u00fcm\u00fc atacam. Bundan sonra dayan\u0131rlar&#8230;\u201d.<\/em><\/p>\n\n\n\n<p><strong>\u201cAz sonra m\u0259n\u0259 birc\u0259 onu dedi ki, \u201cu\u015faqlar\u0131m\u0131 s\u0259n\u0259 tap\u015f\u0131r\u0131ram\u201d<\/strong><\/p>\n\n\n\n<p>&nbsp;\u015eakir Verdiyevin s\u00f6zl\u0259rin\u0259 g\u00f6r\u0259, qarda\u015f\u0131 g\u0259lib \u00e7atandan sonra onunla yol polisl\u0259ri aras\u0131nda m\u00fcbahis\u0259 ya\u015fan\u0131b. R\u0259\u015fad Verdiyev deyib ki, h\u0259tta hans\u0131sa pozuntu qeyd\u0259 al\u0131n\u0131bsa bel\u0259, avtomobili aparma\u011fa ehtiyac yoxdur, pozuntuya uy\u011fun c\u0259rim\u0259 yaza bil\u0259rdil\u0259r:<\/p>\n\n\n<div class=\"wp-block-image\">\n<figure class=\"aligncenter size-large\"><img decoding=\"async\" width=\"1200\" height=\"675\" data-src=\"https:\/\/www.meydan.tv\/wp-content\/uploads\/sened-7-1200x675.jpg\" alt=\"\" class=\"wp-image-296618 lazyload\" src=\"data:image\/svg+xml;base64,PHN2ZyB3aWR0aD0iMSIgaGVpZ2h0PSIxIiB4bWxucz0iaHR0cDovL3d3dy53My5vcmcvMjAwMC9zdmciPjwvc3ZnPg==\" style=\"--smush-placeholder-width: 1200px; --smush-placeholder-aspect-ratio: 1200\/675;\" \/><\/figure>\n<\/div>\n\n\n<p><em>\u201cOnlar \u00fc\u00e7 n\u0259f\u0259r olublar. M\u00fcbahis\u0259d\u0259 onlardan biri qarda\u015f\u0131m\u0131 sin\u0259sind\u0259n it\u0259l\u0259yib. Bu da qarda\u015f\u0131ma \u00e7ox a\u011f\u0131r g\u0259lib. Amma raz\u0131la\u015f\u0131blar ki, qarda\u015f\u0131m 100 manat g\u0259tirsin, \u0259l \u00e7\u0259k\u0259c\u0259kl\u0259r. \u018fvv\u0259l 150 ist\u0259yibl\u0259r, sonra 100-\u0259 d\u00fc\u015f\u00fcbl\u0259r. Deyibl\u0259r ki, filan yerd\u0259 g\u00f6zl\u0259yirik, get, 100 manat\u0131 g\u0259tir. Biz ma\u011fazada i\u015fl\u0259yirik. Qarda\u015f\u0131m g\u0259ldi ki, pul g\u00f6t\u00fcr\u00fcb apars\u0131n. G\u00f6rd\u00fcm ki, v\u0259ziyy\u0259ti yax\u015f\u0131 deyil. O v\u0259ziyy\u0259td\u0259 d\u0259 apar\u0131b pulu verib onlara. G\u0259l\u0259nd\u0259 \u00fcr\u0259yini tutub dedi ki, \u201csin\u0259m yan\u0131r, k\u00fcr\u0259yim da\u011f\u0131l\u0131r, hirsl\u0259ndirdil\u0259r m\u0259ni, bu v\u0259ziyy\u0259t\u0259 sald\u0131lar\u201d. Az sonra m\u0259n\u0259 birc\u0259 onu dedi ki, \u201cu\u015faqlar\u0131m\u0131 s\u0259n\u0259 tap\u015f\u0131r\u0131ram\u201d. V\u0259ssalam&#8230;\u201d.<\/em><\/p>\n\n\n\n<p><strong>\u201c\u018fg\u0259r g\u00fcnahlar\u0131 yoxdursa, niy\u0259 bar\u0131\u015f\u0131\u011fa adamlar g\u00f6nd\u0259rirl\u0259r?\u201d<\/strong><\/p>\n\n\n\n<p>G\u0259nc\u0259 Beyn\u0259lxalq X\u0259st\u0259xanas\u0131n\u0131n epikrizind\u0259 d\u0259 yaz\u0131l\u0131b ki, R\u0259\u015fad Verdiyevin yax\u0131nlar\u0131 onu g\u0259tir\u0259nd\u0259 polisl\u0259rl\u0259 m\u00fcbahis\u0259d\u0259n sonra v\u0259ziyy\u0259tinin pisl\u0259\u015fdiyini bildiribl\u0259r.<\/p>\n\n\n\n<p>\u015eakir Verdiyev deyir ki, s\u00f6yl\u0259dikl\u0259rini &#8211; qarda\u015f\u0131yla polisl\u0259r aras\u0131nda m\u00fcbahis\u0259ni, sonradan apar\u0131b onlara pul verdiyini v\u0259 s. t\u0259sdiql\u0259y\u0259n xeyli s\u00fcbutlar, o c\u00fcml\u0259d\u0259n videog\u00f6r\u00fcnt\u00fcl\u0259r var. H\u0259min g\u00f6r\u00fcnt\u00fcl\u0259ri h\u0259m Daxili \u0130\u015fl\u0259r Nazirliyin\u0259, h\u0259m d\u0259 prokurorlu\u011fa t\u0259qdim edib. R\u0259\u015fad Verdiyevin \u00f6l\u00fcm\u00fcyl\u0259 ba\u011fl\u0131 haz\u0131rda Goranboy Rayon Prokurorlu\u011funda ara\u015fd\u0131rma apar\u0131l\u0131r.<\/p>\n\n\n\n<p>Qarda\u015f\u0131 onu da \u0259lav\u0259 edib ki, he\u00e7 kim R\u0259\u015fad Verdiyevin s\u0259hh\u0259tind\u0259 \u00f6nc\u0259d\u0259n probleml\u0259r oldu\u011funu iddia ed\u0259 bilm\u0259z. \u00c7\u00fcnki o, sa\u011flaml\u0131\u011f\u0131n\u0131n qay\u011f\u0131s\u0131na qal\u0131rd\u0131, vaxta\u015f\u0131r\u0131 tibbi m\u00fcayin\u0259l\u0259rd\u0259n ke\u00e7irdi:<\/p>\n\n\n\n<p>\u201c<em>\u00dc\u00e7 ay \u0259vv\u0259l gedib h\u0259rt\u0259r\u0259fli yoxlanm\u0131\u015fd\u0131. Sa\u011flaml\u0131\u011f\u0131nda he\u00e7 bir problemi yox idi. Qarda\u015f\u0131m\u0131n \u00f6l\u00fcm\u00fcn\u00fcn s\u0259b\u0259bkar\u0131 Samir, Ramil v\u0259 Mehman adl\u0131 polis \u0259m\u0259kda\u015flar\u0131d\u0131r. 100 manata g\u00f6r\u0259 4 k\u00f6rp\u0259ni atas\u0131z qoydular, ail\u0259mizi darmada\u011f\u0131n el\u0259dil\u0259r. \u018fg\u0259r onlar\u0131n g\u00fcnah\u0131 yoxdursa, niy\u0259 polis r\u0259isi d\u0259 daxil olmaqla, m\u00fcxt\u0259lif adamlar\u0131 biziml\u0259 bar\u0131\u015f\u0131\u011fa g\u00f6nd\u0259rirl\u0259r? \u00d6zl\u0259rini sudan quru \u00e7\u0131xarmaq \u00fc\u00e7\u00fcn hadis\u0259d\u0259n 3 g\u00fcn sonra c\u0259rim\u0259 yaz\u0131blar. O protokolda hardad\u0131 qarda\u015f\u0131m\u0131n imzas\u0131? Saxta s\u0259n\u0259ddir, sonradan d\u00fcz\u00fcb-qo\u015fublar ki, \u0259ll\u0259rind\u0259 n\u0259s\u0259 olsun. B\u0259s m\u0259nim t\u0259qdim el\u0259diyim videoda olanlar n\u0259dir? \u00d6ld\u00fc var, d\u00f6nd\u00fc yoxdur, qarda\u015f\u0131m\u0131n \u00f6l\u00fcm\u00fcn\u00fcn s\u0259b\u0259bkarlar\u0131 c\u0259zalanana q\u0259d\u0259r ged\u0259c\u0259m\u201d.<\/em><\/p>\n\n\n\n<p><strong>Goranboy Rayon Prokurorlu\u011funda ara\u015fd\u0131rma gedir<\/strong><\/p>\n\n\n\n<p>Prokurorluqdan bildirilib ki, 1979-cu il t\u0259v\u0259ll\u00fcdl\u00fc R\u0259\u015fad Verdiyevin \u00f6l\u00fcm\u00fcyl\u0259 ba\u011fl\u0131 Goranboy Rayon Prokurorlu\u011funda ara\u015fd\u0131rma apar\u0131l\u0131r: \u201cBu i\u015f \u00fczr\u0259 s\u0259n\u0259dl\u0259r-s\u00fcbutlar prokurorluqdak\u0131 ara\u015fd\u0131rma material\u0131na \u0259lav\u0259 olunur v\u0259 b\u00fct\u00fcn x\u00fcsusatlar ara\u015fd\u0131r\u0131l\u0131r\u201d.<\/p>\n\n\n\n<p>Meydan TV Daxili \u0130\u015fl\u0259r Nazirliyin\u0259 d\u0259 Verdiyevl\u0259r ail\u0259sinin \u015fikay\u0259til\u0259 \u0259laq\u0259dar sor\u011fu g\u00f6nd\u0259rib. Nazirliyin m\u0259tbuat xidm\u0259tind\u0259n bildirilib ki, m\u0259s\u0259l\u0259 ara\u015fd\u0131r\u0131lacaq v\u0259 m\u0259lumat veril\u0259c\u0259k.<\/p>\n\n\n\n<p><\/p>\n\n\n\n<hr class=\"wp-block-separator has-alpha-channel-opacity\"\/>\n\n\n\n<p><strong>Daxili \u0130\u015fl\u0259r Nazirliyinin (D\u0130N) m\u0259tbuat xidm\u0259tinin G\u0259nc\u0259 regional qrupunun ba\u015f inspektoru E\u015fqin Qas\u0131mov Meydan TV-y\u0259 bildirib ki, \u015eakir Verdiyev qarda\u015f\u0131n\u0131n \u00f6l\u00fcm\u00fcyl\u0259 ba\u011fl\u0131 yuxar\u0131 instansiyalara m\u00fcraci\u0259t edib v\u0259 onun iddialar\u0131 ara\u015fd\u0131r\u0131l\u0131b, t\u0259sdiqini tapmay\u0131b.<\/strong><\/p>\n\n\n\n<p><strong>D\u0130N r\u0259smisinin s\u00f6zl\u0259rin\u0259 g\u00f6r\u0259, dekabr\u0131n 18-d\u0259 Goranboyda yol polisl\u0259ri xidm\u0259td\u0259 olark\u0259n \u201cVAZ 2106\u201d markal\u0131 avtomobilin s\u00fcr\u00fcc\u00fcs\u00fcn\u00fc t\u0259hl\u00fck\u0259sizlik k\u0259m\u0259rind\u0259n istifad\u0259 etm\u0259diyin\u0259 g\u00f6r\u0259 saxlay\u0131blar:<\/strong><\/p>\n\n\n\n<p><em>\u201cM\u0259lum olub ki, s\u00fcr\u00fcc\u00fc Yusif F\u0259r\u0259cov qohumunun avtomobilini s\u00fcr\u00fcc\u00fcl\u00fck h\u00fcququ olmadan idar\u0259\u00a0 edir. Avtomobilin texniki bax\u0131\u015fdan ke\u00e7m\u0259diyi d\u0259 m\u0259lum olub. Avtomobil s\u00fcr\u00fcc\u00fcn\u00fcn i\u015ftitak\u0131 il\u0259 m\u00fchafiz\u0259 olunan duraca\u011fa g\u0259tiril\u0259nd\u0259 onun sahibi R\u0259\u015fad Verdiyev polis \u0259m\u0259kda\u015flar\u0131na yax\u0131nla\u015f\u0131b. Polis \u0259m\u0259kda\u015flar\u0131 ona situasiyan\u0131 izah edib. H\u0259m avtomobil\u0259, h\u0259m d\u0259 s\u00fcr\u00fcc\u00fcy\u0259 \u0130nzibati X\u0259talar M\u0259c\u0259ll\u0259sinin m\u00fcvafiq madd\u0259sil\u0259 protokol t\u0259rtib olunub. V\u0259tanda\u015f \u015eakir Verdiyevin m\u0259rhum qarda\u015f\u0131n\u0131n \u00f6l\u00fcm\u00fcn\u00fc polis \u0259m\u0259kda\u015flar\u0131 il\u0259 \u0259laq\u0259l\u0259ndirm\u0259si \u0259sass\u0131zd\u0131r\u201d.<\/em><\/p>\n\n\n<div class=\"wp-block-image\">\n<figure class=\"aligncenter size-full\"><img decoding=\"async\" width=\"1200\" height=\"800\" data-src=\"https:\/\/www.meydan.tv\/wp-content\/uploads\/din-1.jpg\" alt=\"\" class=\"wp-image-294906 lazyload\" src=\"data:image\/svg+xml;base64,PHN2ZyB3aWR0aD0iMSIgaGVpZ2h0PSIxIiB4bWxucz0iaHR0cDovL3d3dy53My5vcmcvMjAwMC9zdmciPjwvc3ZnPg==\" style=\"--smush-placeholder-width: 1200px; --smush-placeholder-aspect-ratio: 1200\/800;\" \/><figcaption class=\"wp-element-caption\">Daxili \u0130\u015fl\u0259r Nazirliyi. Foto: D\u0130N<\/figcaption><\/figure>\n<\/div>","protected":false},"excerpt":{"rendered":"<p>\u015eakir Verdiyev: \u201c\u00dcr\u0259yini tutub dedi ki, \u201csin\u0259m yan\u0131r, k\u00fcr\u0259yim da\u011f\u0131l\u0131r, &#8230; <\/p>\n<p class=\"read-more-container\"><a title=\"\u201cPolisl\u0259r qarda\u015f\u0131m\u0131 pula g\u00f6r\u0259 \u00f6ld\u00fcrd\u00fcl\u0259r, 4 k\u00f6rp\u0259ni atas\u0131z qoydular\u201d (yenil\u0259nib)\" class=\"read-more button\" href=\"https:\/\/www.meydan.tv\/az\/article\/polisler-qardasimi-pula-gore-oldurduler-4-korpeni-atasiz-qoydular\/#more-296625\" aria-label=\"Read more about \u201cPolisl\u0259r qarda\u015f\u0131m\u0131 pula g\u00f6r\u0259 \u00f6ld\u00fcrd\u00fcl\u0259r, 4 k\u00f6rp\u0259ni atas\u0131z qoydular\u201d (yenil\u0259nib)\">Davam\u0131<\/a><\/p>\n","protected":false},"author":8,"featured_media":296622,"comment_status":"closed","ping_status":"closed","sticky":false,"template":"","format":"standard","meta":{"_acf_changed":false,"_sitemap_exclude":false,"_sitemap_priority":"","_sitemap_frequency":"","footnotes":""},"categories":[60,79,56],"tags":[],"class_list":["post-296625","post","type-post","status-publish","format-standard","has-post-thumbnail","hentry","category-bolge","category-featured","category-xeberler","infinite-scroll-item","generate-columns","tablet-grid-50","mobile-grid-100","grid-parent","grid-33","no-featured-image-padding"],"acf":[],"yoast_head":"<!-- This site is optimized with the Yoast SEO plugin v27.4 - https:\/\/yoast.com\/product\/yoast-seo-wordpress\/ -->\n<title>\u201cPolisl\u0259r qarda\u015f\u0131m\u0131 pula g\u00f6r\u0259 \u00f6ld\u00fcrd\u00fcl\u0259r, 4 k\u00f6rp\u0259ni atas\u0131z qoydular\u201d (yenil\u0259nib) - MEYDAN.TV<\/title>\n<meta name=\"robots\" content=\"index, follow, max-snippet:-1, max-image-preview:large, max-video-preview:-1\" \/>\n<link rel=\"canonical\" href=\"https:\/\/www.meydan.tv\/az\/article\/polisler-qardasimi-pula-gore-oldurduler-4-korpeni-atasiz-qoydular\/\" \/>\n<meta property=\"og:locale\" content=\"az_AZ\" \/>\n<meta property=\"og:type\" content=\"article\" \/>\n<meta property=\"og:title\" content=\"\u201cPolisl\u0259r qarda\u015f\u0131m\u0131 pula g\u00f6r\u0259 \u00f6ld\u00fcrd\u00fcl\u0259r, 4 k\u00f6rp\u0259ni atas\u0131z qoydular\u201d (yenil\u0259nib) - MEYDAN.TV\" \/>\n<meta property=\"og:description\" content=\"\u015eakir Verdiyev: \u201c\u00dcr\u0259yini tutub dedi ki, \u201csin\u0259m yan\u0131r, k\u00fcr\u0259yim da\u011f\u0131l\u0131r, ... Davam\u0131\" \/>\n<meta property=\"og:url\" content=\"https:\/\/www.meydan.tv\/az\/article\/polisler-qardasimi-pula-gore-oldurduler-4-korpeni-atasiz-qoydular\/\" \/>\n<meta property=\"og:site_name\" content=\"MEYDAN.TV\" \/>\n<meta property=\"article:published_time\" content=\"2024-01-30T12:03:03+00:00\" \/>\n<meta property=\"article:modified_time\" content=\"2024-01-31T08:01:14+00:00\" \/>\n<meta property=\"og:image\" content=\"https:\/\/www.meydan.tv\/wp-content\/uploads\/resad-verdiyev.jpg\" \/>\n\t<meta property=\"og:image:width\" content=\"1920\" \/>\n\t<meta property=\"og:image:height\" content=\"1080\" \/>\n\t<meta property=\"og:image:type\" content=\"image\/jpeg\" \/>\n<meta name=\"author\" content=\"elli\" \/>\n<meta name=\"twitter:card\" content=\"summary_large_image\" \/>\n<meta name=\"twitter:creator\" content=\"@elli\" \/>\n<script type=\"application\/ld+json\" class=\"yoast-schema-graph\">{\"@context\":\"https:\\\/\\\/schema.org\",\"@graph\":[{\"@type\":\"Article\",\"@id\":\"https:\\\/\\\/www.meydan.tv\\\/az\\\/article\\\/polisler-qardasimi-pula-gore-oldurduler-4-korpeni-atasiz-qoydular\\\/#article\",\"isPartOf\":{\"@id\":\"https:\\\/\\\/www.meydan.tv\\\/az\\\/article\\\/polisler-qardasimi-pula-gore-oldurduler-4-korpeni-atasiz-qoydular\\\/\"},\"author\":{\"name\":\"elli\",\"@id\":\"https:\\\/\\\/www.meydan.tv\\\/az\\\/#\\\/schema\\\/person\\\/9cdbecf90d17180ce1dfbd95b08dcf47\"},\"headline\":\"\u201cPolisl\u0259r qarda\u015f\u0131m\u0131 pula g\u00f6r\u0259 \u00f6ld\u00fcrd\u00fcl\u0259r, 4 k\u00f6rp\u0259ni atas\u0131z qoydular\u201d (yenil\u0259nib)\",\"datePublished\":\"2024-01-30T12:03:03+00:00\",\"dateModified\":\"2024-01-31T08:01:14+00:00\",\"mainEntityOfPage\":{\"@id\":\"https:\\\/\\\/www.meydan.tv\\\/az\\\/article\\\/polisler-qardasimi-pula-gore-oldurduler-4-korpeni-atasiz-qoydular\\\/\"},\"wordCount\":1253,\"publisher\":{\"@id\":\"https:\\\/\\\/www.meydan.tv\\\/az\\\/#organization\"},\"image\":{\"@id\":\"https:\\\/\\\/www.meydan.tv\\\/az\\\/article\\\/polisler-qardasimi-pula-gore-oldurduler-4-korpeni-atasiz-qoydular\\\/#primaryimage\"},\"thumbnailUrl\":\"https:\\\/\\\/www.meydan.tv\\\/wp-content\\\/uploads\\\/resad-verdiyev.jpg\",\"articleSection\":[\"B\u00f6lg\u0259\",\"T\u00f6vsiy\u0259\",\"X\u0259b\u0259rl\u0259r\"],\"inLanguage\":\"az\"},{\"@type\":\"WebPage\",\"@id\":\"https:\\\/\\\/www.meydan.tv\\\/az\\\/article\\\/polisler-qardasimi-pula-gore-oldurduler-4-korpeni-atasiz-qoydular\\\/\",\"url\":\"https:\\\/\\\/www.meydan.tv\\\/az\\\/article\\\/polisler-qardasimi-pula-gore-oldurduler-4-korpeni-atasiz-qoydular\\\/\",\"name\":\"\u201cPolisl\u0259r qarda\u015f\u0131m\u0131 pula g\u00f6r\u0259 \u00f6ld\u00fcrd\u00fcl\u0259r, 4 k\u00f6rp\u0259ni atas\u0131z qoydular\u201d (yenil\u0259nib) - MEYDAN.TV\",\"isPartOf\":{\"@id\":\"https:\\\/\\\/www.meydan.tv\\\/az\\\/#website\"},\"primaryImageOfPage\":{\"@id\":\"https:\\\/\\\/www.meydan.tv\\\/az\\\/article\\\/polisler-qardasimi-pula-gore-oldurduler-4-korpeni-atasiz-qoydular\\\/#primaryimage\"},\"image\":{\"@id\":\"https:\\\/\\\/www.meydan.tv\\\/az\\\/article\\\/polisler-qardasimi-pula-gore-oldurduler-4-korpeni-atasiz-qoydular\\\/#primaryimage\"},\"thumbnailUrl\":\"https:\\\/\\\/www.meydan.tv\\\/wp-content\\\/uploads\\\/resad-verdiyev.jpg\",\"datePublished\":\"2024-01-30T12:03:03+00:00\",\"dateModified\":\"2024-01-31T08:01:14+00:00\",\"breadcrumb\":{\"@id\":\"https:\\\/\\\/www.meydan.tv\\\/az\\\/article\\\/polisler-qardasimi-pula-gore-oldurduler-4-korpeni-atasiz-qoydular\\\/#breadcrumb\"},\"inLanguage\":\"az\",\"potentialAction\":[{\"@type\":\"ReadAction\",\"target\":[\"https:\\\/\\\/www.meydan.tv\\\/az\\\/article\\\/polisler-qardasimi-pula-gore-oldurduler-4-korpeni-atasiz-qoydular\\\/\"]}]},{\"@type\":\"ImageObject\",\"inLanguage\":\"az\",\"@id\":\"https:\\\/\\\/www.meydan.tv\\\/az\\\/article\\\/polisler-qardasimi-pula-gore-oldurduler-4-korpeni-atasiz-qoydular\\\/#primaryimage\",\"url\":\"https:\\\/\\\/www.meydan.tv\\\/wp-content\\\/uploads\\\/resad-verdiyev.jpg\",\"contentUrl\":\"https:\\\/\\\/www.meydan.tv\\\/wp-content\\\/uploads\\\/resad-verdiyev.jpg\",\"width\":1920,\"height\":1080,\"caption\":\"R\u0259\u015fad Verdiyev. Fotolar: Meydan TV\"},{\"@type\":\"BreadcrumbList\",\"@id\":\"https:\\\/\\\/www.meydan.tv\\\/az\\\/article\\\/polisler-qardasimi-pula-gore-oldurduler-4-korpeni-atasiz-qoydular\\\/#breadcrumb\",\"itemListElement\":[{\"@type\":\"ListItem\",\"position\":1,\"name\":\"Ana s\u0259hif\u0259\",\"item\":\"https:\\\/\\\/www.meydan.tv\\\/az\\\/\"},{\"@type\":\"ListItem\",\"position\":2,\"name\":\"B\u00f6lg\u0259\",\"item\":\"https:\\\/\\\/www.meydan.tv\\\/az\\\/section\\\/bolge\\\/\"},{\"@type\":\"ListItem\",\"position\":3,\"name\":\"\u201cPolisl\u0259r qarda\u015f\u0131m\u0131 pula g\u00f6r\u0259 \u00f6ld\u00fcrd\u00fcl\u0259r, 4 k\u00f6rp\u0259ni atas\u0131z qoydular\u201d (yenil\u0259nib)\"}]},{\"@type\":\"WebSite\",\"@id\":\"https:\\\/\\\/www.meydan.tv\\\/az\\\/#website\",\"url\":\"https:\\\/\\\/www.meydan.tv\\\/az\\\/\",\"name\":\"MEYDAN.TV\",\"description\":\"Meydan TV Az\u0259rbaycan\u0131n media m\u0259kan\u0131ndak\u0131 alternativ s\u0259sidir\",\"publisher\":{\"@id\":\"https:\\\/\\\/www.meydan.tv\\\/az\\\/#organization\"},\"potentialAction\":[{\"@type\":\"SearchAction\",\"target\":{\"@type\":\"EntryPoint\",\"urlTemplate\":\"https:\\\/\\\/www.meydan.tv\\\/az\\\/?s={search_term_string}\"},\"query-input\":{\"@type\":\"PropertyValueSpecification\",\"valueRequired\":true,\"valueName\":\"search_term_string\"}}],\"inLanguage\":\"az\"},{\"@type\":\"Organization\",\"@id\":\"https:\\\/\\\/www.meydan.tv\\\/az\\\/#organization\",\"name\":\"Meydan TV\",\"url\":\"https:\\\/\\\/www.meydan.tv\\\/az\\\/\",\"logo\":{\"@type\":\"ImageObject\",\"inLanguage\":\"az\",\"@id\":\"https:\\\/\\\/www.meydan.tv\\\/az\\\/#\\\/schema\\\/logo\\\/image\\\/\",\"url\":\"https:\\\/\\\/www.meydan.tv\\\/wp-content\\\/uploads\\\/2021\\\/07\\\/meydan-logo.svg\",\"contentUrl\":\"https:\\\/\\\/www.meydan.tv\\\/wp-content\\\/uploads\\\/2021\\\/07\\\/meydan-logo.svg\",\"width\":195,\"height\":46,\"caption\":\"Meydan TV\"},\"image\":{\"@id\":\"https:\\\/\\\/www.meydan.tv\\\/az\\\/#\\\/schema\\\/logo\\\/image\\\/\"}},{\"@type\":\"Person\",\"@id\":\"https:\\\/\\\/www.meydan.tv\\\/az\\\/#\\\/schema\\\/person\\\/9cdbecf90d17180ce1dfbd95b08dcf47\",\"name\":\"elli\",\"sameAs\":[\"https:\\\/\\\/x.com\\\/elli\"]}]}<\/script>\n<!-- \/ Yoast SEO plugin. -->","yoast_head_json":{"title":"\u201cPolisl\u0259r qarda\u015f\u0131m\u0131 pula g\u00f6r\u0259 \u00f6ld\u00fcrd\u00fcl\u0259r, 4 k\u00f6rp\u0259ni atas\u0131z qoydular\u201d (yenil\u0259nib) - MEYDAN.TV","robots":{"index":"index","follow":"follow","max-snippet":"max-snippet:-1","max-image-preview":"max-image-preview:large","max-video-preview":"max-video-preview:-1"},"canonical":"https:\/\/www.meydan.tv\/az\/article\/polisler-qardasimi-pula-gore-oldurduler-4-korpeni-atasiz-qoydular\/","og_locale":"az_AZ","og_type":"article","og_title":"\u201cPolisl\u0259r qarda\u015f\u0131m\u0131 pula g\u00f6r\u0259 \u00f6ld\u00fcrd\u00fcl\u0259r, 4 k\u00f6rp\u0259ni atas\u0131z qoydular\u201d (yenil\u0259nib) - MEYDAN.TV","og_description":"\u015eakir Verdiyev: \u201c\u00dcr\u0259yini tutub dedi ki, \u201csin\u0259m yan\u0131r, k\u00fcr\u0259yim da\u011f\u0131l\u0131r, ... Davam\u0131","og_url":"https:\/\/www.meydan.tv\/az\/article\/polisler-qardasimi-pula-gore-oldurduler-4-korpeni-atasiz-qoydular\/","og_site_name":"MEYDAN.TV","article_published_time":"2024-01-30T12:03:03+00:00","article_modified_time":"2024-01-31T08:01:14+00:00","og_image":[{"width":1920,"height":1080,"url":"https:\/\/www.meydan.tv\/wp-content\/uploads\/resad-verdiyev.jpg","type":"image\/jpeg"}],"author":"elli","twitter_card":"summary_large_image","twitter_creator":"@elli","schema":{"@context":"https:\/\/schema.org","@graph":[{"@type":"Article","@id":"https:\/\/www.meydan.tv\/az\/article\/polisler-qardasimi-pula-gore-oldurduler-4-korpeni-atasiz-qoydular\/#article","isPartOf":{"@id":"https:\/\/www.meydan.tv\/az\/article\/polisler-qardasimi-pula-gore-oldurduler-4-korpeni-atasiz-qoydular\/"},"author":{"name":"elli","@id":"https:\/\/www.meydan.tv\/az\/#\/schema\/person\/9cdbecf90d17180ce1dfbd95b08dcf47"},"headline":"\u201cPolisl\u0259r qarda\u015f\u0131m\u0131 pula g\u00f6r\u0259 \u00f6ld\u00fcrd\u00fcl\u0259r, 4 k\u00f6rp\u0259ni atas\u0131z qoydular\u201d (yenil\u0259nib)","datePublished":"2024-01-30T12:03:03+00:00","dateModified":"2024-01-31T08:01:14+00:00","mainEntityOfPage":{"@id":"https:\/\/www.meydan.tv\/az\/article\/polisler-qardasimi-pula-gore-oldurduler-4-korpeni-atasiz-qoydular\/"},"wordCount":1253,"publisher":{"@id":"https:\/\/www.meydan.tv\/az\/#organization"},"image":{"@id":"https:\/\/www.meydan.tv\/az\/article\/polisler-qardasimi-pula-gore-oldurduler-4-korpeni-atasiz-qoydular\/#primaryimage"},"thumbnailUrl":"https:\/\/www.meydan.tv\/wp-content\/uploads\/resad-verdiyev.jpg","articleSection":["B\u00f6lg\u0259","T\u00f6vsiy\u0259","X\u0259b\u0259rl\u0259r"],"inLanguage":"az"},{"@type":"WebPage","@id":"https:\/\/www.meydan.tv\/az\/article\/polisler-qardasimi-pula-gore-oldurduler-4-korpeni-atasiz-qoydular\/","url":"https:\/\/www.meydan.tv\/az\/article\/polisler-qardasimi-pula-gore-oldurduler-4-korpeni-atasiz-qoydular\/","name":"\u201cPolisl\u0259r qarda\u015f\u0131m\u0131 pula g\u00f6r\u0259 \u00f6ld\u00fcrd\u00fcl\u0259r, 4 k\u00f6rp\u0259ni atas\u0131z qoydular\u201d (yenil\u0259nib) - MEYDAN.TV","isPartOf":{"@id":"https:\/\/www.meydan.tv\/az\/#website"},"primaryImageOfPage":{"@id":"https:\/\/www.meydan.tv\/az\/article\/polisler-qardasimi-pula-gore-oldurduler-4-korpeni-atasiz-qoydular\/#primaryimage"},"image":{"@id":"https:\/\/www.meydan.tv\/az\/article\/polisler-qardasimi-pula-gore-oldurduler-4-korpeni-atasiz-qoydular\/#primaryimage"},"thumbnailUrl":"https:\/\/www.meydan.tv\/wp-content\/uploads\/resad-verdiyev.jpg","datePublished":"2024-01-30T12:03:03+00:00","dateModified":"2024-01-31T08:01:14+00:00","breadcrumb":{"@id":"https:\/\/www.meydan.tv\/az\/article\/polisler-qardasimi-pula-gore-oldurduler-4-korpeni-atasiz-qoydular\/#breadcrumb"},"inLanguage":"az","potentialAction":[{"@type":"ReadAction","target":["https:\/\/www.meydan.tv\/az\/article\/polisler-qardasimi-pula-gore-oldurduler-4-korpeni-atasiz-qoydular\/"]}]},{"@type":"ImageObject","inLanguage":"az","@id":"https:\/\/www.meydan.tv\/az\/article\/polisler-qardasimi-pula-gore-oldurduler-4-korpeni-atasiz-qoydular\/#primaryimage","url":"https:\/\/www.meydan.tv\/wp-content\/uploads\/resad-verdiyev.jpg","contentUrl":"https:\/\/www.meydan.tv\/wp-content\/uploads\/resad-verdiyev.jpg","width":1920,"height":1080,"caption":"R\u0259\u015fad Verdiyev. Fotolar: Meydan TV"},{"@type":"BreadcrumbList","@id":"https:\/\/www.meydan.tv\/az\/article\/polisler-qardasimi-pula-gore-oldurduler-4-korpeni-atasiz-qoydular\/#breadcrumb","itemListElement":[{"@type":"ListItem","position":1,"name":"Ana s\u0259hif\u0259","item":"https:\/\/www.meydan.tv\/az\/"},{"@type":"ListItem","position":2,"name":"B\u00f6lg\u0259","item":"https:\/\/www.meydan.tv\/az\/section\/bolge\/"},{"@type":"ListItem","position":3,"name":"\u201cPolisl\u0259r qarda\u015f\u0131m\u0131 pula g\u00f6r\u0259 \u00f6ld\u00fcrd\u00fcl\u0259r, 4 k\u00f6rp\u0259ni atas\u0131z qoydular\u201d (yenil\u0259nib)"}]},{"@type":"WebSite","@id":"https:\/\/www.meydan.tv\/az\/#website","url":"https:\/\/www.meydan.tv\/az\/","name":"MEYDAN.TV","description":"Meydan TV Az\u0259rbaycan\u0131n media m\u0259kan\u0131ndak\u0131 alternativ s\u0259sidir","publisher":{"@id":"https:\/\/www.meydan.tv\/az\/#organization"},"potentialAction":[{"@type":"SearchAction","target":{"@type":"EntryPoint","urlTemplate":"https:\/\/www.meydan.tv\/az\/?s={search_term_string}"},"query-input":{"@type":"PropertyValueSpecification","valueRequired":true,"valueName":"search_term_string"}}],"inLanguage":"az"},{"@type":"Organization","@id":"https:\/\/www.meydan.tv\/az\/#organization","name":"Meydan TV","url":"https:\/\/www.meydan.tv\/az\/","logo":{"@type":"ImageObject","inLanguage":"az","@id":"https:\/\/www.meydan.tv\/az\/#\/schema\/logo\/image\/","url":"https:\/\/www.meydan.tv\/wp-content\/uploads\/2021\/07\/meydan-logo.svg","contentUrl":"https:\/\/www.meydan.tv\/wp-content\/uploads\/2021\/07\/meydan-logo.svg","width":195,"height":46,"caption":"Meydan TV"},"image":{"@id":"https:\/\/www.meydan.tv\/az\/#\/schema\/logo\/image\/"}},{"@type":"Person","@id":"https:\/\/www.meydan.tv\/az\/#\/schema\/person\/9cdbecf90d17180ce1dfbd95b08dcf47","name":"elli","sameAs":["https:\/\/x.com\/elli"]}]}},"_links":{"self":[{"href":"https:\/\/www.meydan.tv\/az\/wp-json\/wp\/v2\/posts\/296625","targetHints":{"allow":["GET"]}}],"collection":[{"href":"https:\/\/www.meydan.tv\/az\/wp-json\/wp\/v2\/posts"}],"about":[{"href":"https:\/\/www.meydan.tv\/az\/wp-json\/wp\/v2\/types\/post"}],"author":[{"embeddable":true,"href":"https:\/\/www.meydan.tv\/az\/wp-json\/wp\/v2\/users\/8"}],"replies":[{"embeddable":true,"href":"https:\/\/www.meydan.tv\/az\/wp-json\/wp\/v2\/comments?post=296625"}],"version-history":[{"count":4,"href":"https:\/\/www.meydan.tv\/az\/wp-json\/wp\/v2\/posts\/296625\/revisions"}],"predecessor-version":[{"id":296717,"href":"https:\/\/www.meydan.tv\/az\/wp-json\/wp\/v2\/posts\/296625\/revisions\/296717"}],"wp:featuredmedia":[{"embeddable":true,"href":"https:\/\/www.meydan.tv\/az\/wp-json\/wp\/v2\/media\/296622"}],"wp:attachment":[{"href":"https:\/\/www.meydan.tv\/az\/wp-json\/wp\/v2\/media?parent=296625"}],"wp:term":[{"taxonomy":"category","embeddable":true,"href":"https:\/\/www.meydan.tv\/az\/wp-json\/wp\/v2\/categories?post=296625"},{"taxonomy":"post_tag","embeddable":true,"href":"https:\/\/www.meydan.tv\/az\/wp-json\/wp\/v2\/tags?post=296625"}],"curies":[{"name":"wp","href":"https:\/\/api.w.org\/{rel}","templated":true}]}}