{"id":296613,"date":"2024-01-30T15:33:21","date_gmt":"2024-01-30T11:33:21","guid":{"rendered":"https:\/\/www.meydan.tv\/?p=296613"},"modified":"2024-01-30T15:33:25","modified_gmt":"2024-01-30T11:33:25","slug":"oten-il-azerbaycana-gelen-turistlerin-sayi-artib","status":"publish","type":"post","link":"https:\/\/www.meydan.tv\/az\/article\/oten-il-azerbaycana-gelen-turistlerin-sayi-artib\/","title":{"rendered":"\u00d6t\u0259n il Az\u0259rbaycana g\u0259l\u0259n turistl\u0259rin say\u0131 art\u0131b"},"content":{"rendered":"\n<p><\/p>\n\n\n\n<p><strong><em>Qonaqlar\u0131n \u00e7oxu Bak\u0131da gec\u0259l\u0259yib<\/em><\/strong><\/p>\n\n\n\n<p>\u00d6t\u0259n il Az\u0259rbaycanda otell\u0259rd\u0259 ke\u00e7irilmi\u015f gec\u0259l\u0259m\u0259l\u0259rin say\u0131 2022-ci ill\u0259 m\u00fcqayis\u0259d\u0259 29,3 faiz art\u0131b &#8211; 3422,3 min olub.<\/p>\n\n\n\n<p>Qonaqlar\u0131n 57,6 faizi Bak\u0131da, qalan\u0131 b\u00f6lg\u0259l\u0259rd\u0259 gec\u0259l\u0259yib.<\/p>\n\n\n\n<p>\u018fn \u00e7ox se\u00e7il\u0259n b\u00f6lg\u0259 5,5 faizl\u0259 Qubad\u0131r, ondan sonra 4,7 faizl\u0259 Xa\u00e7maz g\u0259lir.<\/p>\n\n\n\n<p>\u00dcmumi gec\u0259l\u0259m\u0259l\u0259rin 4,2 faizi Naftalanda, 4 faizi Q\u0259b\u0259l\u0259d\u0259, 3,9 faizi Qusarda, 3,7 faizi \u015eabranda, 3,2 faizi L\u0259nk\u0259randa, 1,5 faizi Nax\u00e7\u0131van Muxtar Respublikas\u0131nda, 1,2 faizi Qaxda, 1 faizi G\u0259nc\u0259d\u0259, 0,9 faizi Masall\u0131da, eyni q\u0259d\u0259ri \u0130smay\u0131ll\u0131 v\u0259 \u015eamax\u0131da, 0,8 faizi \u015e\u0259kid\u0259, 0,6 faizi \u015eu\u015fada, 0,5 faizi Ming\u0259\u00e7evird\u0259 qeyd\u0259 al\u0131n\u0131b.<\/p>\n\n\n\n<p>Yerd\u0259 qalan 4,9 faiz pay is\u0259 dig\u0259r \u015f\u0259h\u0259r v\u0259 rayonlardak\u0131 otell\u0259rin pay\u0131na d\u00fc\u015f\u00fcb.<\/p>\n\n\n\n<p>Otell\u0259rin 54,5 faizini \u0259cn\u0259bi v\u0259 v\u0259t\u0259nda\u015fl\u0131\u011f\u0131 olmayan \u015f\u0259xsl\u0259r tutub. Bu da \u0259vv\u0259lki il\u0259 baxanda 33,7 faiz \u00e7ox dem\u0259kdir.<\/p>\n\n\n\n<p>Az\u0259rbaycana g\u0259l\u0259n \u0259cn\u0259bil\u0259rin 82,5 faizi Bak\u0131da, 4 faizi Q\u0259b\u0259l\u0259d\u0259, 3,6 faizi Naftalanda, 3,6 faizi Qubada, 3,5 faizi Qusarda, 0,5 faizi \u015eabranda, 2,3 faizi is\u0259 dig\u0259r \u015f\u0259h\u0259r v\u0259 rayonlardak\u0131 mehmanxanalarda qal\u0131b.<\/p>\n\n\n\n<p>B\u00fct\u00fcn bu se\u00e7iml\u0259rd\u0259n \u00f6t\u0259n il 488,8 milyon manat qazan\u0131l\u0131b.<\/p>\n\n\n\n<p>D\u00f6vl\u0259t Statistika Komit\u0259sinin (DSK) a\u00e7\u0131qlad\u0131\u011f\u0131 \u0259n son <a href=\"https:\/\/www.stat.gov.az\/news\/index.php?lang=az&amp;id=5763\">m\u0259lumata<\/a> g\u00f6r\u0259, 2023-c\u00fc ild\u0259 Az\u0259rbaycana 187 f\u0259rqli \u00f6lk\u0259d\u0259n 2 milyon 86 min n\u0259f\u0259r turist g\u0259lib.<\/p>\n\n\n<div class=\"wp-block-image\">\n<figure class=\"aligncenter size-full\"><img decoding=\"async\" width=\"1200\" height=\"600\" data-src=\"https:\/\/www.meydan.tv\/wp-content\/uploads\/default.jpg\" alt=\"D\u00f6vl\u0259t Statistika Komit\u0259si\" class=\"wp-image-126896 lazyload\" src=\"data:image\/svg+xml;base64,PHN2ZyB3aWR0aD0iMSIgaGVpZ2h0PSIxIiB4bWxucz0iaHR0cDovL3d3dy53My5vcmcvMjAwMC9zdmciPjwvc3ZnPg==\" style=\"--smush-placeholder-width: 1200px; --smush-placeholder-aspect-ratio: 1200\/600;\" \/><figcaption class=\"wp-element-caption\">M\u0259nb\u0259: stat.gov.az<\/figcaption><\/figure>\n<\/div>\n\n\n<p>Bu say 2022-ci ild\u0259 1 milyon 602 min n\u0259f\u0259r olub. Bu, o dem\u0259kdir ki, \u00f6t\u0259n il \u00f6lk\u0259y\u0259 g\u0259l\u0259nl\u0259rin say\u0131 \u0259vv\u0259lki il\u0259 baxanda 484 min n\u0259f\u0259r (30 faiz) art\u0131b.<\/p>\n\n\n\n<p>Son bir ild\u0259 art\u0131m olmas\u0131na baxmayaraq, Az\u0259rbaycana g\u0259l\u0259n turistl\u0259r pandemiyadan \u00f6nc\u0259, s\u0259rh\u0259dl\u0259rin a\u00e7\u0131q oldu\u011fu zamanlara \u00e7ata bilm\u0259yib. 2019-cu ild\u0259 Az\u0259rbaycana s\u0259f\u0259r ed\u0259n turistl\u0259rin say\u0131 3 milyondan \u00e7ox olub. Y\u0259ni \u00f6t\u0259nilki art\u0131m bel\u0259 pandemiyadan \u00f6nc\u0259ki v\u0259ziyy\u0259td\u0259n 34 faiz azd\u0131r.<\/p>\n\n\n\n<p>Pandemiya ba\u015flayandan bu yana, 2020-ci ilin mart\u0131ndan Az\u0259rbaycan qon\u015fular\u0131 il\u0259 olan quru s\u0259rh\u0259dl\u0259rini ba\u011flay\u0131b. \u00d6lk\u0259d\u0259 x\u00fcsusi karantin rejimi il\u0259 ba\u011fl\u0131 \u0259n son uzatmada s\u0259b\u0259b kimi pandemiya g\u00f6st\u0259rils\u0259 d\u0259, \u00dcmumd\u00fcnya S\u0259hiyy\u0259 T\u0259\u015fkilat\u0131 (\u00dcST) d\u00fcnyada pandemiyan\u0131 bitmi\u015f elan edib.<\/p>\n\n\n\n<p>M\u00fcst\u0259qil ekspertl\u0259r s\u0259rh\u0259dl\u0259rin ba\u011fl\u0131 qalmas\u0131n\u0131 t\u0259hl\u00fck\u0259sizlik, siyasi prosesl\u0259rl\u0259, h\u0259m\u00e7inin \u00f6lk\u0259d\u0259n maliyy\u0259 ax\u0131n\u0131n\u0131n qar\u015f\u0131s\u0131n\u0131 almaqla \u0259sasland\u0131r\u0131b. R\u0259smi qurumlar is\u0259 bug\u00fcn\u0259d\u0259k s\u0259rh\u0259dl\u0259rin ba\u011fl\u0131 qalmas\u0131 il\u0259 ba\u011fl\u0131 m\u0259ntiqli a\u00e7\u0131qlama verm\u0259yib.<\/p>\n\n\n\n<p>N\u0259tic\u0259d\u0259 s\u0259rh\u0259dl\u0259rin qapal\u0131 olmas\u0131 \u00f6lk\u0259y\u0259 g\u0259l\u0259n turistl\u0259rin say\u0131na t\u0259sir edib. Haz\u0131rda \u00f6lk\u0259y\u0259 yaln\u0131z hava yolu il\u0259 giri\u015f m\u00fcmk\u00fcnd\u00fcr, bu da g\u0259l\u0259nl\u0259rin x\u0259rcini art\u0131r\u0131b.<\/p>\n","protected":false},"excerpt":{"rendered":"<p>Qonaqlar\u0131n \u00e7oxu Bak\u0131da gec\u0259l\u0259yib \u00d6t\u0259n il Az\u0259rbaycanda otell\u0259rd\u0259 ke\u00e7irilmi\u015f gec\u0259l\u0259m\u0259l\u0259rin &#8230; <\/p>\n<p class=\"read-more-container\"><a title=\"\u00d6t\u0259n il Az\u0259rbaycana g\u0259l\u0259n turistl\u0259rin say\u0131 art\u0131b\" class=\"read-more button\" href=\"https:\/\/www.meydan.tv\/az\/article\/oten-il-azerbaycana-gelen-turistlerin-sayi-artib\/#more-296613\" aria-label=\"Read more about \u00d6t\u0259n il Az\u0259rbaycana g\u0259l\u0259n turistl\u0259rin say\u0131 art\u0131b\">Davam\u0131<\/a><\/p>\n","protected":false},"author":8,"featured_media":273417,"comment_status":"closed","ping_status":"closed","sticky":false,"template":"","format":"standard","meta":{"_acf_changed":false,"_sitemap_exclude":false,"_sitemap_priority":"","_sitemap_frequency":"","footnotes":""},"categories":[62,56],"tags":[],"class_list":["post-296613","post","type-post","status-publish","format-standard","has-post-thumbnail","hentry","category-sosial","category-xeberler","infinite-scroll-item","generate-columns","tablet-grid-50","mobile-grid-100","grid-parent","grid-33","no-featured-image-padding"],"acf":[],"yoast_head":"<!-- This site is optimized with the Yoast SEO plugin v27.5 - https:\/\/yoast.com\/product\/yoast-seo-wordpress\/ -->\n<title>\u00d6t\u0259n il Az\u0259rbaycana g\u0259l\u0259n turistl\u0259rin say\u0131 art\u0131b - MEYDAN.TV<\/title>\n<meta name=\"robots\" content=\"index, follow, max-snippet:-1, max-image-preview:large, max-video-preview:-1\" \/>\n<link rel=\"canonical\" href=\"https:\/\/www.meydan.tv\/az\/article\/oten-il-azerbaycana-gelen-turistlerin-sayi-artib\/\" \/>\n<meta property=\"og:locale\" content=\"az_AZ\" \/>\n<meta property=\"og:type\" content=\"article\" \/>\n<meta property=\"og:title\" content=\"\u00d6t\u0259n il Az\u0259rbaycana g\u0259l\u0259n turistl\u0259rin say\u0131 art\u0131b - MEYDAN.TV\" \/>\n<meta property=\"og:description\" content=\"Qonaqlar\u0131n \u00e7oxu Bak\u0131da gec\u0259l\u0259yib \u00d6t\u0259n il Az\u0259rbaycanda otell\u0259rd\u0259 ke\u00e7irilmi\u015f gec\u0259l\u0259m\u0259l\u0259rin ... Davam\u0131\" \/>\n<meta property=\"og:url\" content=\"https:\/\/www.meydan.tv\/az\/article\/oten-il-azerbaycana-gelen-turistlerin-sayi-artib\/\" \/>\n<meta property=\"og:site_name\" content=\"MEYDAN.TV\" \/>\n<meta property=\"article:published_time\" content=\"2024-01-30T11:33:21+00:00\" \/>\n<meta property=\"article:modified_time\" content=\"2024-01-30T11:33:25+00:00\" \/>\n<meta property=\"og:image\" content=\"https:\/\/www.meydan.tv\/wp-content\/uploads\/shutterstock_2266483739.jpg\" \/>\n\t<meta property=\"og:image:width\" content=\"1200\" \/>\n\t<meta property=\"og:image:height\" content=\"797\" \/>\n\t<meta property=\"og:image:type\" content=\"image\/jpeg\" \/>\n<meta name=\"author\" content=\"elli\" \/>\n<meta name=\"twitter:card\" content=\"summary_large_image\" \/>\n<meta name=\"twitter:creator\" content=\"@elli\" \/>\n<script type=\"application\/ld+json\" class=\"yoast-schema-graph\">{\"@context\":\"https:\\\/\\\/schema.org\",\"@graph\":[{\"@type\":\"Article\",\"@id\":\"https:\\\/\\\/www.meydan.tv\\\/az\\\/article\\\/oten-il-azerbaycana-gelen-turistlerin-sayi-artib\\\/#article\",\"isPartOf\":{\"@id\":\"https:\\\/\\\/www.meydan.tv\\\/az\\\/article\\\/oten-il-azerbaycana-gelen-turistlerin-sayi-artib\\\/\"},\"author\":{\"name\":\"elli\",\"@id\":\"https:\\\/\\\/www.meydan.tv\\\/az\\\/#\\\/schema\\\/person\\\/9cdbecf90d17180ce1dfbd95b08dcf47\"},\"headline\":\"\u00d6t\u0259n il Az\u0259rbaycana g\u0259l\u0259n turistl\u0259rin say\u0131 art\u0131b\",\"datePublished\":\"2024-01-30T11:33:21+00:00\",\"dateModified\":\"2024-01-30T11:33:25+00:00\",\"mainEntityOfPage\":{\"@id\":\"https:\\\/\\\/www.meydan.tv\\\/az\\\/article\\\/oten-il-azerbaycana-gelen-turistlerin-sayi-artib\\\/\"},\"wordCount\":525,\"publisher\":{\"@id\":\"https:\\\/\\\/www.meydan.tv\\\/az\\\/#organization\"},\"image\":{\"@id\":\"https:\\\/\\\/www.meydan.tv\\\/az\\\/article\\\/oten-il-azerbaycana-gelen-turistlerin-sayi-artib\\\/#primaryimage\"},\"thumbnailUrl\":\"https:\\\/\\\/www.meydan.tv\\\/wp-content\\\/uploads\\\/shutterstock_2266483739.jpg\",\"articleSection\":[\"Sosial\",\"X\u0259b\u0259rl\u0259r\"],\"inLanguage\":\"az\"},{\"@type\":\"WebPage\",\"@id\":\"https:\\\/\\\/www.meydan.tv\\\/az\\\/article\\\/oten-il-azerbaycana-gelen-turistlerin-sayi-artib\\\/\",\"url\":\"https:\\\/\\\/www.meydan.tv\\\/az\\\/article\\\/oten-il-azerbaycana-gelen-turistlerin-sayi-artib\\\/\",\"name\":\"\u00d6t\u0259n il Az\u0259rbaycana g\u0259l\u0259n turistl\u0259rin say\u0131 art\u0131b - MEYDAN.TV\",\"isPartOf\":{\"@id\":\"https:\\\/\\\/www.meydan.tv\\\/az\\\/#website\"},\"primaryImageOfPage\":{\"@id\":\"https:\\\/\\\/www.meydan.tv\\\/az\\\/article\\\/oten-il-azerbaycana-gelen-turistlerin-sayi-artib\\\/#primaryimage\"},\"image\":{\"@id\":\"https:\\\/\\\/www.meydan.tv\\\/az\\\/article\\\/oten-il-azerbaycana-gelen-turistlerin-sayi-artib\\\/#primaryimage\"},\"thumbnailUrl\":\"https:\\\/\\\/www.meydan.tv\\\/wp-content\\\/uploads\\\/shutterstock_2266483739.jpg\",\"datePublished\":\"2024-01-30T11:33:21+00:00\",\"dateModified\":\"2024-01-30T11:33:25+00:00\",\"breadcrumb\":{\"@id\":\"https:\\\/\\\/www.meydan.tv\\\/az\\\/article\\\/oten-il-azerbaycana-gelen-turistlerin-sayi-artib\\\/#breadcrumb\"},\"inLanguage\":\"az\",\"potentialAction\":[{\"@type\":\"ReadAction\",\"target\":[\"https:\\\/\\\/www.meydan.tv\\\/az\\\/article\\\/oten-il-azerbaycana-gelen-turistlerin-sayi-artib\\\/\"]}]},{\"@type\":\"ImageObject\",\"inLanguage\":\"az\",\"@id\":\"https:\\\/\\\/www.meydan.tv\\\/az\\\/article\\\/oten-il-azerbaycana-gelen-turistlerin-sayi-artib\\\/#primaryimage\",\"url\":\"https:\\\/\\\/www.meydan.tv\\\/wp-content\\\/uploads\\\/shutterstock_2266483739.jpg\",\"contentUrl\":\"https:\\\/\\\/www.meydan.tv\\\/wp-content\\\/uploads\\\/shutterstock_2266483739.jpg\",\"width\":1200,\"height\":797,\"caption\":\"Az\u0259rbaycanda turistl\u0259r. Foto: DH Saragih\\\/shutterstock\"},{\"@type\":\"BreadcrumbList\",\"@id\":\"https:\\\/\\\/www.meydan.tv\\\/az\\\/article\\\/oten-il-azerbaycana-gelen-turistlerin-sayi-artib\\\/#breadcrumb\",\"itemListElement\":[{\"@type\":\"ListItem\",\"position\":1,\"name\":\"Ana s\u0259hif\u0259\",\"item\":\"https:\\\/\\\/www.meydan.tv\\\/az\\\/\"},{\"@type\":\"ListItem\",\"position\":2,\"name\":\"Sosial\",\"item\":\"https:\\\/\\\/www.meydan.tv\\\/az\\\/section\\\/sosial\\\/\"},{\"@type\":\"ListItem\",\"position\":3,\"name\":\"\u00d6t\u0259n il Az\u0259rbaycana g\u0259l\u0259n turistl\u0259rin say\u0131 art\u0131b\"}]},{\"@type\":\"WebSite\",\"@id\":\"https:\\\/\\\/www.meydan.tv\\\/az\\\/#website\",\"url\":\"https:\\\/\\\/www.meydan.tv\\\/az\\\/\",\"name\":\"MEYDAN.TV\",\"description\":\"Meydan TV Az\u0259rbaycan\u0131n media m\u0259kan\u0131ndak\u0131 alternativ s\u0259sidir\",\"publisher\":{\"@id\":\"https:\\\/\\\/www.meydan.tv\\\/az\\\/#organization\"},\"potentialAction\":[{\"@type\":\"SearchAction\",\"target\":{\"@type\":\"EntryPoint\",\"urlTemplate\":\"https:\\\/\\\/www.meydan.tv\\\/az\\\/?s={search_term_string}\"},\"query-input\":{\"@type\":\"PropertyValueSpecification\",\"valueRequired\":true,\"valueName\":\"search_term_string\"}}],\"inLanguage\":\"az\"},{\"@type\":\"Organization\",\"@id\":\"https:\\\/\\\/www.meydan.tv\\\/az\\\/#organization\",\"name\":\"Meydan TV\",\"url\":\"https:\\\/\\\/www.meydan.tv\\\/az\\\/\",\"logo\":{\"@type\":\"ImageObject\",\"inLanguage\":\"az\",\"@id\":\"https:\\\/\\\/www.meydan.tv\\\/az\\\/#\\\/schema\\\/logo\\\/image\\\/\",\"url\":\"https:\\\/\\\/www.meydan.tv\\\/wp-content\\\/uploads\\\/2021\\\/07\\\/meydan-logo.svg\",\"contentUrl\":\"https:\\\/\\\/www.meydan.tv\\\/wp-content\\\/uploads\\\/2021\\\/07\\\/meydan-logo.svg\",\"width\":195,\"height\":46,\"caption\":\"Meydan TV\"},\"image\":{\"@id\":\"https:\\\/\\\/www.meydan.tv\\\/az\\\/#\\\/schema\\\/logo\\\/image\\\/\"}},{\"@type\":\"Person\",\"@id\":\"https:\\\/\\\/www.meydan.tv\\\/az\\\/#\\\/schema\\\/person\\\/9cdbecf90d17180ce1dfbd95b08dcf47\",\"name\":\"elli\",\"sameAs\":[\"https:\\\/\\\/x.com\\\/elli\"]}]}<\/script>\n<!-- \/ Yoast SEO plugin. -->","yoast_head_json":{"title":"\u00d6t\u0259n il Az\u0259rbaycana g\u0259l\u0259n turistl\u0259rin say\u0131 art\u0131b - MEYDAN.TV","robots":{"index":"index","follow":"follow","max-snippet":"max-snippet:-1","max-image-preview":"max-image-preview:large","max-video-preview":"max-video-preview:-1"},"canonical":"https:\/\/www.meydan.tv\/az\/article\/oten-il-azerbaycana-gelen-turistlerin-sayi-artib\/","og_locale":"az_AZ","og_type":"article","og_title":"\u00d6t\u0259n il Az\u0259rbaycana g\u0259l\u0259n turistl\u0259rin say\u0131 art\u0131b - MEYDAN.TV","og_description":"Qonaqlar\u0131n \u00e7oxu Bak\u0131da gec\u0259l\u0259yib \u00d6t\u0259n il Az\u0259rbaycanda otell\u0259rd\u0259 ke\u00e7irilmi\u015f gec\u0259l\u0259m\u0259l\u0259rin ... Davam\u0131","og_url":"https:\/\/www.meydan.tv\/az\/article\/oten-il-azerbaycana-gelen-turistlerin-sayi-artib\/","og_site_name":"MEYDAN.TV","article_published_time":"2024-01-30T11:33:21+00:00","article_modified_time":"2024-01-30T11:33:25+00:00","og_image":[{"width":1200,"height":797,"url":"https:\/\/www.meydan.tv\/wp-content\/uploads\/shutterstock_2266483739.jpg","type":"image\/jpeg"}],"author":"elli","twitter_card":"summary_large_image","twitter_creator":"@elli","schema":{"@context":"https:\/\/schema.org","@graph":[{"@type":"Article","@id":"https:\/\/www.meydan.tv\/az\/article\/oten-il-azerbaycana-gelen-turistlerin-sayi-artib\/#article","isPartOf":{"@id":"https:\/\/www.meydan.tv\/az\/article\/oten-il-azerbaycana-gelen-turistlerin-sayi-artib\/"},"author":{"name":"elli","@id":"https:\/\/www.meydan.tv\/az\/#\/schema\/person\/9cdbecf90d17180ce1dfbd95b08dcf47"},"headline":"\u00d6t\u0259n il Az\u0259rbaycana g\u0259l\u0259n turistl\u0259rin say\u0131 art\u0131b","datePublished":"2024-01-30T11:33:21+00:00","dateModified":"2024-01-30T11:33:25+00:00","mainEntityOfPage":{"@id":"https:\/\/www.meydan.tv\/az\/article\/oten-il-azerbaycana-gelen-turistlerin-sayi-artib\/"},"wordCount":525,"publisher":{"@id":"https:\/\/www.meydan.tv\/az\/#organization"},"image":{"@id":"https:\/\/www.meydan.tv\/az\/article\/oten-il-azerbaycana-gelen-turistlerin-sayi-artib\/#primaryimage"},"thumbnailUrl":"https:\/\/www.meydan.tv\/wp-content\/uploads\/shutterstock_2266483739.jpg","articleSection":["Sosial","X\u0259b\u0259rl\u0259r"],"inLanguage":"az"},{"@type":"WebPage","@id":"https:\/\/www.meydan.tv\/az\/article\/oten-il-azerbaycana-gelen-turistlerin-sayi-artib\/","url":"https:\/\/www.meydan.tv\/az\/article\/oten-il-azerbaycana-gelen-turistlerin-sayi-artib\/","name":"\u00d6t\u0259n il Az\u0259rbaycana g\u0259l\u0259n turistl\u0259rin say\u0131 art\u0131b - MEYDAN.TV","isPartOf":{"@id":"https:\/\/www.meydan.tv\/az\/#website"},"primaryImageOfPage":{"@id":"https:\/\/www.meydan.tv\/az\/article\/oten-il-azerbaycana-gelen-turistlerin-sayi-artib\/#primaryimage"},"image":{"@id":"https:\/\/www.meydan.tv\/az\/article\/oten-il-azerbaycana-gelen-turistlerin-sayi-artib\/#primaryimage"},"thumbnailUrl":"https:\/\/www.meydan.tv\/wp-content\/uploads\/shutterstock_2266483739.jpg","datePublished":"2024-01-30T11:33:21+00:00","dateModified":"2024-01-30T11:33:25+00:00","breadcrumb":{"@id":"https:\/\/www.meydan.tv\/az\/article\/oten-il-azerbaycana-gelen-turistlerin-sayi-artib\/#breadcrumb"},"inLanguage":"az","potentialAction":[{"@type":"ReadAction","target":["https:\/\/www.meydan.tv\/az\/article\/oten-il-azerbaycana-gelen-turistlerin-sayi-artib\/"]}]},{"@type":"ImageObject","inLanguage":"az","@id":"https:\/\/www.meydan.tv\/az\/article\/oten-il-azerbaycana-gelen-turistlerin-sayi-artib\/#primaryimage","url":"https:\/\/www.meydan.tv\/wp-content\/uploads\/shutterstock_2266483739.jpg","contentUrl":"https:\/\/www.meydan.tv\/wp-content\/uploads\/shutterstock_2266483739.jpg","width":1200,"height":797,"caption":"Az\u0259rbaycanda turistl\u0259r. Foto: DH Saragih\/shutterstock"},{"@type":"BreadcrumbList","@id":"https:\/\/www.meydan.tv\/az\/article\/oten-il-azerbaycana-gelen-turistlerin-sayi-artib\/#breadcrumb","itemListElement":[{"@type":"ListItem","position":1,"name":"Ana s\u0259hif\u0259","item":"https:\/\/www.meydan.tv\/az\/"},{"@type":"ListItem","position":2,"name":"Sosial","item":"https:\/\/www.meydan.tv\/az\/section\/sosial\/"},{"@type":"ListItem","position":3,"name":"\u00d6t\u0259n il Az\u0259rbaycana g\u0259l\u0259n turistl\u0259rin say\u0131 art\u0131b"}]},{"@type":"WebSite","@id":"https:\/\/www.meydan.tv\/az\/#website","url":"https:\/\/www.meydan.tv\/az\/","name":"MEYDAN.TV","description":"Meydan TV Az\u0259rbaycan\u0131n media m\u0259kan\u0131ndak\u0131 alternativ s\u0259sidir","publisher":{"@id":"https:\/\/www.meydan.tv\/az\/#organization"},"potentialAction":[{"@type":"SearchAction","target":{"@type":"EntryPoint","urlTemplate":"https:\/\/www.meydan.tv\/az\/?s={search_term_string}"},"query-input":{"@type":"PropertyValueSpecification","valueRequired":true,"valueName":"search_term_string"}}],"inLanguage":"az"},{"@type":"Organization","@id":"https:\/\/www.meydan.tv\/az\/#organization","name":"Meydan TV","url":"https:\/\/www.meydan.tv\/az\/","logo":{"@type":"ImageObject","inLanguage":"az","@id":"https:\/\/www.meydan.tv\/az\/#\/schema\/logo\/image\/","url":"https:\/\/www.meydan.tv\/wp-content\/uploads\/2021\/07\/meydan-logo.svg","contentUrl":"https:\/\/www.meydan.tv\/wp-content\/uploads\/2021\/07\/meydan-logo.svg","width":195,"height":46,"caption":"Meydan TV"},"image":{"@id":"https:\/\/www.meydan.tv\/az\/#\/schema\/logo\/image\/"}},{"@type":"Person","@id":"https:\/\/www.meydan.tv\/az\/#\/schema\/person\/9cdbecf90d17180ce1dfbd95b08dcf47","name":"elli","sameAs":["https:\/\/x.com\/elli"]}]}},"_links":{"self":[{"href":"https:\/\/www.meydan.tv\/az\/wp-json\/wp\/v2\/posts\/296613","targetHints":{"allow":["GET"]}}],"collection":[{"href":"https:\/\/www.meydan.tv\/az\/wp-json\/wp\/v2\/posts"}],"about":[{"href":"https:\/\/www.meydan.tv\/az\/wp-json\/wp\/v2\/types\/post"}],"author":[{"embeddable":true,"href":"https:\/\/www.meydan.tv\/az\/wp-json\/wp\/v2\/users\/8"}],"replies":[{"embeddable":true,"href":"https:\/\/www.meydan.tv\/az\/wp-json\/wp\/v2\/comments?post=296613"}],"version-history":[{"count":3,"href":"https:\/\/www.meydan.tv\/az\/wp-json\/wp\/v2\/posts\/296613\/revisions"}],"predecessor-version":[{"id":296621,"href":"https:\/\/www.meydan.tv\/az\/wp-json\/wp\/v2\/posts\/296613\/revisions\/296621"}],"wp:featuredmedia":[{"embeddable":true,"href":"https:\/\/www.meydan.tv\/az\/wp-json\/wp\/v2\/media\/273417"}],"wp:attachment":[{"href":"https:\/\/www.meydan.tv\/az\/wp-json\/wp\/v2\/media?parent=296613"}],"wp:term":[{"taxonomy":"category","embeddable":true,"href":"https:\/\/www.meydan.tv\/az\/wp-json\/wp\/v2\/categories?post=296613"},{"taxonomy":"post_tag","embeddable":true,"href":"https:\/\/www.meydan.tv\/az\/wp-json\/wp\/v2\/tags?post=296613"}],"curies":[{"name":"wp","href":"https:\/\/api.w.org\/{rel}","templated":true}]}}