{"id":296567,"date":"2024-01-30T11:42:57","date_gmt":"2024-01-30T07:42:57","guid":{"rendered":"https:\/\/www.meydan.tv\/?p=296567"},"modified":"2024-01-30T11:43:05","modified_gmt":"2024-01-30T07:43:05","slug":"muharibe-istirakcisi-sahil-babayev-elillerin-pulunu-ogurlayir","status":"publish","type":"post","link":"https:\/\/www.meydan.tv\/az\/article\/muharibe-istirakcisi-sahil-babayev-elillerin-pulunu-ogurlayir\/","title":{"rendered":"M\u00fcharib\u0259 i\u015ftirak\u00e7\u0131s\u0131: &#8220;Sahil Babayev \u0259lill\u0259rin pulunu o\u011furlay\u0131r&#8221;"},"content":{"rendered":"\n<p><\/p>\n\n\n\n<p><strong><em>Tahir Quliyev uzun ill\u0259rdir ki, \u0259lillik d\u0259r\u0259c\u0259sin\u0259 g\u00f6r\u0259 s\u00fcr\u00fcnd\u00fcr\u00fcld\u00fcy\u00fcn\u00fc deyir<\/em><\/strong><\/p>\n\n\n\n<p>55 ya\u015fl\u0131 Ming\u0259\u00e7evir \u015f\u0259h\u0259r sakini Tahir Al\u0131 o\u011flu Quliyev on il\u0259 yax\u0131nd\u0131r ki, \u0259lillik d\u0259r\u0259c\u0259si ala bilm\u0259m\u0259sind\u0259n \u015fikay\u0259tl\u0259nir.<\/p>\n\n\n\n<p>Dediyin\u0259 g\u00f6r\u0259, h\u0259rbi xidm\u0259ti Sovet vaxt\u0131 Rusiyada ke\u00e7s\u0259 d\u0259, Birinci Qaraba\u011f m\u00fcharib\u0259si zaman\u0131 da orduya \u00e7a\u011f\u0131r\u0131l\u0131b.<\/p>\n\n\n\n<p>1992-ci ilin sentyabr\u0131ndan 1993-c\u00fc ilin fevral\u0131n 11-n\u0259 q\u0259d\u0259r Qaraba\u011f\u0131n m\u00fcxt\u0259lif \u0259razil\u0259rind\u0259 a\u011f\u0131r d\u00f6y\u00fc\u015fl\u0259rd\u0259 i\u015ftirak edib.<\/p>\n\n\n\n<p>Sonuncu d\u00f6y\u00fc\u015fd\u0259 m\u00fchasir\u0259y\u0259 al\u0131naraq sa\u011f aya\u011f\u0131n\u0131n p\u0259nc\u0259sind\u0259n a\u011f\u0131r g\u00fcll\u0259 yaras\u0131 al\u0131r.<\/p>\n\n\n\n<p>H\u0259min ill\u0259ri xat\u0131rlayan d\u00f6y\u00fc\u015f\u00e7\u00fc indiki \u00e7\u0259kdiyi \u0259zab\u0131n o d\u00f6vrl\u0259 m\u00fcqayis\u0259d\u0259 d\u00f6z\u00fclm\u0259z oldu\u011funu deyir.<\/p>\n\n\n\n<p>&#8220;<em>Biz v\u0259t\u0259n\u0259 \u0259n a\u011f\u0131r \u015f\u0259raitd\u0259 bel\u0259 x\u0259yan\u0259t etm\u0259dik, ancaq m\u0259murlar bizl\u0259r\u0259 x\u0259yan\u0259t etdi&#8221;, &#8211; <\/em>dey\u0259 Tahir Quliyev probleml\u0259rini Meydan TV il\u0259 b\u00f6l\u00fc\u015f\u00fcr.<\/p>\n\n\n\n<p>M\u00fcharib\u0259 i\u015ftirak\u00e7\u0131s\u0131n\u0131n s\u00f6zl\u0259rin\u0259 g\u00f6r\u0259, haz\u0131rda s\u0259hh\u0259tind\u0259 ciddi probleml\u0259r var:<\/p>\n\n\n\n<p>&#8220;<em>A\u011fr\u0131k\u0259sici, sidikqovucu d\u0259rmanlardan istifad\u0259 edir\u0259m, tez-tez \u00fc\u015f\u00fctm\u0259, q\u0131zd\u0131rma verir, qan laxtalan\u0131r, t\u0259zyiqim qalx\u0131r, a\u015fa\u011f\u0131 sala bilmir\u0259m. Bunlar\u0131 hiss ed\u0259n kimi d\u0259rman\u0131 haz\u0131r edir\u0259m ki, \u00e7ox a\u011f\u0131rla\u015fmay\u0131m. \u0130ndiy\u0259 q\u0259d\u0259r a\u011f\u0131r diaqnozla 70 d\u0259f\u0259 x\u0259st\u0259xanada yatm\u0131\u015fam, ancaq \u0259lilliyimi vermirl\u0259r, ne\u00e7\u0259 ildir s\u00fcr\u00fcnd\u00fcr\u00fcrl\u0259r&#8221;<\/em>.<\/p>\n\n\n\n<p><strong>&#8220;\u00c7\u0259liksiz h\u0259r\u0259k\u0259t ed\u0259 bilmir\u0259m, nazirlik is\u0259 get, m\u00fcalic\u0259 al, ya\u015fa deyir&#8230;&#8221;<\/strong><\/p>\n\n\n\n<p>Dediyin\u0259 g\u00f6r\u0259, art\u0131q on ildir ki, Bak\u0131da v\u0259 Ming\u0259\u00e7evird\u0259&nbsp; &#8220;q\u0131z\u0131l yel&#8221; ad\u0131 il\u0259 qoyulan s\u0259hv diaqnoz v\u0259 s\u0259hv m\u00fcalic\u0259 onun sol aya\u011f\u0131na da infeksiyan\u0131 sal\u0131b.<\/p>\n\n\n\n<p>G\u00fcll\u0259 yaras\u0131n\u0131n yaratd\u0131\u011f\u0131 infeksiya a\u011f\u0131rla\u015fd\u0131\u011f\u0131ndan v\u0259t\u0259nda\u015f iki \u00e7\u0259likl\u0259 h\u0259r\u0259k\u0259t\u0259 m\u00f6htac qal\u0131b. N\u0259 i\u015fl\u0259y\u0259 bilir, n\u0259 d\u0259 g\u0259lir yeri var.<\/p>\n\n\n<div class=\"wp-block-image\">\n<figure class=\"aligncenter size-large\"><img decoding=\"async\" width=\"1200\" height=\"675\" data-src=\"https:\/\/www.meydan.tv\/wp-content\/uploads\/senedler-1200x675.jpg\" alt=\"\" class=\"wp-image-296554 lazyload\" src=\"data:image\/svg+xml;base64,PHN2ZyB3aWR0aD0iMSIgaGVpZ2h0PSIxIiB4bWxucz0iaHR0cDovL3d3dy53My5vcmcvMjAwMC9zdmciPjwvc3ZnPg==\" style=\"--smush-placeholder-width: 1200px; --smush-placeholder-aspect-ratio: 1200\/675;\" \/><\/figure>\n<\/div>\n\n\n<p>O\u011flu h\u0259rbi xidm\u0259td\u0259dir, h\u0259yat yolda\u015f\u0131 v\u0259 b\u00f6y\u00fck qarda\u015f\u0131 is\u0259 infarkt x\u0259st\u0259sidir.<\/p>\n\n\n\n<p>Valideynl\u0259ri d\u0259 x\u0259st\u0259likd\u0259n v\u0259fat edibl\u0259r.<\/p>\n\n\n\n<p><strong><em>&#8220;<\/em>Diaqnozum 4-c\u00fc d\u0259r\u0259c\u0259li aterosklerozdur&#8221;<\/strong><\/p>\n\n\n\n<p>M\u00fcharib\u0259 i\u015ftirak\u00e7\u0131s\u0131 deyir ki, v\u0259t\u0259nd\u0259 haqs\u0131zl\u0131qlar i\u00e7\u0259risind\u0259 ya\u015famaq \u0259zaba d\u00f6n\u00fcb:<\/p>\n\n\n\n<p>&#8220;<em>El\u0259 g\u00fcnl\u0259r ya\u015fam\u0131\u015fam, d\u00fc\u015fm\u0259nim\u0259 arzu etmir\u0259m. H\u0259r yatanda \u0259n az\u0131 on g\u00fcn yat\u0131ram x\u0259st\u0259xanada. El\u0259 olur ki, ay\u0131l\u0131b \u00f6z\u00fcm\u00fc x\u0259st\u0259xanada g\u00f6r\u00fcr\u0259m. Nitqim tutulur, bir st\u0259kan \u00e7ay\u0131 bel\u0259 anlada bilmir\u0259m. \u00c7\u0259liksiz h\u0259r\u0259k\u0259t ed\u0259 bilmir\u0259m. Evd\u0259 yataqdan, divardan, stoldan tutub gedir\u0259m. H\u0259yat yolda\u015f\u0131m m\u0259n\u0259 qulluq edir dey\u0259 i\u015fl\u0259y\u0259 bilmir, infarktd\u0131r o da. O\u011flum s\u0259kkiz ay\u0131n \u0259sg\u0259ridir, 22 manatl\u0131q \u0259sg\u0259r pulunu biz\u0259 g\u00f6nd\u0259rir. G\u00f6r, bu n\u0259 dem\u0259kdir? D\u0259rdimd\u0259n yax\u0131nlar\u0131m infarkt ke\u00e7irib \u00f6l\u00fcb. H\u0259yatda qohum, dost, tan\u0131\u015f k\u00f6m\u0259k edir, onlar\u0131n hesab\u0131na s\u00fcr\u00fcn\u00fcb qalm\u0131\u015f\u0131q. D\u0259rman\u0131 n\u0259 q\u0259d\u0259r borc-x\u0259rcl\u0259 almaq olar? Vallah, utan\u0131ram. Bu, haqs\u0131zl\u0131qd\u0131r&#8221;.<\/em><\/p>\n\n\n<div class=\"wp-block-image\">\n<figure class=\"aligncenter size-large\"><img decoding=\"async\" width=\"1095\" height=\"821\" data-src=\"https:\/\/www.meydan.tv\/wp-content\/uploads\/img-20240119-wa0070-1095x821.jpg\" alt=\"\" class=\"wp-image-296560 lazyload\" src=\"data:image\/svg+xml;base64,PHN2ZyB3aWR0aD0iMSIgaGVpZ2h0PSIxIiB4bWxucz0iaHR0cDovL3d3dy53My5vcmcvMjAwMC9zdmciPjwvc3ZnPg==\" style=\"--smush-placeholder-width: 1095px; --smush-placeholder-aspect-ratio: 1095\/821;\" \/><\/figure>\n<\/div>\n\n\n<p>&#8220;<em>2012-ci ild\u0259 m\u0259hk\u0259m\u0259 yolu il\u0259 h\u0259rbi biletimizi alanda orada ad\u0131m \u0259lill\u0259r siyah\u0131s\u0131nda \u00e7\u0131xd\u0131, veteranlar siyah\u0131s\u0131nda yox. Ona g\u00f6r\u0259 veteranl\u0131q t\u0259qa\u00fcd\u00fc d\u0259 alm\u0131ram. Dedil\u0259r ki, s\u0259n yaralanm\u0131san, \u0259lillik d\u00fc\u015f\u00fcr. Ondan sonra s\u0259hh\u0259tim d\u0259 a\u011f\u0131rla\u015fd\u0131, q\u0131z\u0131l yel x\u0259st\u0259liyi il\u0259 aya\u011f\u0131m\u0131 m\u00fcalic\u0259 el\u0259dil\u0259r. Sonra H\u0259rbi Hospitalda, Bak\u0131da yoxlan\u0131\u015f oldu v\u0259 m\u00fc\u0259yy\u0259n olundu ki, g\u00fcll\u0259 yaras\u0131n\u0131n yaratd\u0131\u011f\u0131 infeksiyad\u0131r. N\u0259 \u015fi\u015f \u00e7\u0259kilir, n\u0259 a\u011f\u0131rla\u015fmalar aradan qalx\u0131r. Diaqnozum 4-c\u00fc d\u0259r\u0259c\u0259li aterosklerozdur. \u018fn son \u00f6t\u0259n ilin sentyabr\u0131nda Ming\u0259\u00e7evir M\u0259rk\u0259zi X\u0259st\u0259xanas\u0131n\u0131n c\u0259rrahiyy\u0259 \u015f\u00f6b\u0259sind\u0259 18 g\u00fcn yatd\u0131m. Yen\u0259 imtina verirl\u0259r ki, d\u00fc\u015fm\u00fcr \u0259lillik&#8221;, &#8211;<\/em> bel\u0259 deyir Tahir Quliyev.<\/p>\n\n\n\n<p><strong><em>&#8220;<\/em>Sahil Babayev \u0259lill\u0259rin pulunu o\u011furlay\u0131r&#8221;<\/strong><\/p>\n\n\n\n<p>V\u0259t\u0259nda\u015f\u0131n t\u0259k \u00fcmidi x\u0259st\u0259liyin\u0259 uy\u011fun \u0259lillik d\u0259r\u0259c\u0259sini al\u0131b onun hesab\u0131na ya\u015famaq, eyni zamanda, x\u0259st\u0259liyini m\u00fcalic\u0259 etm\u0259kdir. Onu incid\u0259n is\u0259 \u00fczl\u0259\u015fdiyi haqs\u0131zl\u0131q, y\u0259ni m\u00fcharib\u0259 i\u015ftirak\u00e7\u0131s\u0131 kimi m\u00fcraci\u0259tin\u0259 veril\u0259n imtina cavab\u0131d\u0131r.<\/p>\n\n\n\n<p>\u018fm\u0259k v\u0259 \u018fhalinin Sosial M\u00fcdafi\u0259si Nazirliyinin v\u0259t\u0259nda\u015f\u0131n \u0259n son m\u00fcraci\u0259tin\u0259 verdiyi cavabda bel\u0259 deyilir: <\/p>\n\n\n\n<p>&#8220;<em>Diaqnoz \u0259lillik \u0259lam\u0259ti t\u0259yin etmir, \u00fcmumi x\u0259st\u0259lik s\u0259b\u0259bi il\u0259 \u0259laq\u0259dar m\u00fcalic\u0259nin davam etdirilm\u0259si bar\u0259d\u0259 q\u0259rar q\u0259bul edilmi\u015fdir&#8221;.<\/em><\/p>\n\n\n<div class=\"wp-block-image\">\n<figure class=\"aligncenter size-large\"><img decoding=\"async\" width=\"1200\" height=\"800\" data-src=\"https:\/\/www.meydan.tv\/wp-content\/uploads\/d02c4ac5-0de1-43ad-b5f6-f77d4f063c2d-1200x800.png\" alt=\"\u018fm\u0259k v\u0259 \u018fhalinin Sosial M\u00fcdafi\u0259si Nazirliyi\" class=\"wp-image-129475 lazyload\" src=\"data:image\/svg+xml;base64,PHN2ZyB3aWR0aD0iMSIgaGVpZ2h0PSIxIiB4bWxucz0iaHR0cDovL3d3dy53My5vcmcvMjAwMC9zdmciPjwvc3ZnPg==\" style=\"--smush-placeholder-width: 1200px; --smush-placeholder-aspect-ratio: 1200\/800;\" \/><figcaption class=\"wp-element-caption\">Foto: Meydan TV<\/figcaption><\/figure>\n<\/div>\n\n\n<p>S\u0259n\u0259dd\u0259 is\u0259 h\u0259r iki a\u015fa\u011f\u0131 \u0259traf\u0131n limfodeniti v\u0259 ateroskleroz diaqnozu qeyd olunub. \u00dcst\u0259lik v\u0259t\u0259nda\u015f \u0259lav\u0259 edir ki, M\u00fcdafi\u0259 Nazirliyinin M\u0259rk\u0259zi H\u0259rbi H\u0259kim Komissiyas\u0131n\u0131n diaqnozunda:<em> &#8220;H\u0259rbi travmad\u0131r, Az\u0259rbaycan Respublikas\u0131n\u0131n m\u00fcdafi\u0259si zaman\u0131 al\u0131nm\u0131\u015fd\u0131r&#8221;, <\/em>&#8211; c\u00fcml\u0259si yer al\u0131b.<\/p>\n\n\n\n<p>Deyir ki, nazirlik \u0259lillik d\u0259r\u0259c\u0259sinin verilm\u0259m\u0259sind\u0259 israrl\u0131 g\u00f6r\u00fcnd\u00fcy\u00fcnd\u0259n bu faktlar ona yet\u0259rli olmur.<\/p>\n\n\n\n<p>&#8220;<em>Be\u015f d\u0259f\u0259 \u0259lillik \u00fc\u00e7\u00fcn h\u0259l\u0259 Ming\u0259\u00e7evir \u015f\u0259h\u0259rind\u0259 yoxlan\u0131ld\u0131m, amma imtina verdil\u0259r ki, \u00f6l\u00fcmc\u00fcl duruma d\u00fc\u015f, sonra bax\u0131ls\u0131n. Bundan art\u0131q a\u011f\u0131r v\u0259ziyy\u0259t nec\u0259 olur? Bak\u0131da da yoxlan\u0131ld\u0131m, yen\u0259 imtina cavab\u0131 g\u0259ldi. Nazirlik m\u0259n\u0259: &#8220;Get, m\u00fcalic\u0259 al, ya\u015fa&#8221;, &#8211; deyir. Bu, haqs\u0131zl\u0131qd\u0131r, h\u0259r\u0259k\u0259t ed\u0259 bilmir\u0259m, \u00f6z\u00fcm\u00fc itirir\u0259m. M\u0259rk\u0259zi H\u0259rbi Hospitaldan dedil\u0259r ki, s\u0259n\u0259 d\u00fc\u015f\u00fcr, sad\u0259c\u0259, m\u0259qs\u0259dli imtina verirl\u0259r. Kim\u0259 verir bu \u0259lilliyi? N\u0259 q\u0259d\u0259r qazi, m\u00fcharib\u0259 i\u015ftirak\u00e7\u0131s\u0131 \u00f6z\u00fcn\u00fc yand\u0131r\u0131b-\u00f6ld\u00fcrd\u00fc. N\u0259 q\u0259d\u0259r insan\u0131n \u0259lilliyi k\u0259silir. Sahil Babayev \u0259lill\u0259rin pulunu o\u011furlay\u0131r. Bu insanlar\u0131n ah\u0131 il\u0259 nec\u0259 ya\u015fay\u0131rlar? \u018flilliyimi d\u00fczg\u00fcn yoxlay\u0131b t\u0259yin etsinl\u0259r ki, bu x\u0259st\u0259 hal\u0131mla ona s\u0131\u011f\u0131n\u0131b ya\u015fay\u0131m. Ax\u0131 haradan k\u00f6m\u0259k al\u0131m, hans\u0131 d\u00f6vl\u0259t\u0259 s\u0131\u011f\u0131n\u0131m, s\u0259simi kim e\u015fitsin?&#8221;<\/em><\/p>\n\n\n<div class=\"wp-block-image\">\n<figure class=\"aligncenter size-large\"><img decoding=\"async\" width=\"1200\" height=\"675\" data-src=\"https:\/\/www.meydan.tv\/wp-content\/uploads\/sened-6-1200x675.jpg\" alt=\"\" class=\"wp-image-296557 lazyload\" src=\"data:image\/svg+xml;base64,PHN2ZyB3aWR0aD0iMSIgaGVpZ2h0PSIxIiB4bWxucz0iaHR0cDovL3d3dy53My5vcmcvMjAwMC9zdmciPjwvc3ZnPg==\" style=\"--smush-placeholder-width: 1200px; --smush-placeholder-aspect-ratio: 1200\/675;\" \/><\/figure>\n<\/div>\n\n\n<p><strong>B\u0259s r\u0259smi qurumlar n\u0259 deyir?<\/strong><\/p>\n\n\n\n<p>D\u00f6vl\u0259t Tibbi Sosial Ekspertiza v\u0259 Reabilitasiya Agentliyinin \u0130ctimaiyy\u0259tl\u0259 \u0259laq\u0259l\u0259r \u015f\u00f6b\u0259sinin m\u00fcdiri Tural Qurbanov Meydan TV-nin sor\u011fusuna cavab\u0131nda bildirib ki, v\u0259t\u0259nda\u015fa qeyd olunan s\u0259b\u0259bl\u0259 \u0259lillik d\u00fc\u015fm\u00fcr:<\/p>\n\n\n\n<p>&#8220;<em>Ming\u0259\u00e7evir \u015f\u0259h\u0259r sakini 06.07.1969-cu il t\u0259v\u0259ll\u00fcdl\u00fc Quliyev Tahir Al\u0131 o\u011flu \u0259lillik v\u0259ziyy\u0259tinin qiym\u0259tl\u0259ndirilm\u0259si il\u0259 ba\u011fl\u0131 tibb m\u00fc\u0259ssis\u0259si t\u0259r\u0259find\u0259n r\u0259smil\u0259\u015fdiril\u0259n g\u00f6nd\u0259ri\u015f (Forma-88) \u0259sas\u0131nda 26.10.2023-c\u00fc il tarixd\u0259 D\u00f6vl\u0259t Tibbi-Sosial Ekspertiza v\u0259 Reabilitasiya Agentliyin\u0259 d\u0259v\u0259t edil\u0259r\u0259k \u0259yani m\u00fcayin\u0259 edilib. Agentliyin h\u0259kim-ekspertl\u0259rinin \u0259yani m\u00fcayin\u0259si zaman\u0131 m\u00fc\u0259yy\u0259n edilib ki, v\u0259t\u0259nda\u015f\u0131n g\u00f6nd\u0259ri\u015fd\u0259 qeyd olunan h\u0259rbi s\u0259b\u0259bl\u0259 \u0259laq\u0259li diaqnozu \u0259lillik t\u0259yinat\u0131na \u0259sas vermir&#8221;.<\/em><\/p>\n\n\n<div class=\"wp-block-image\">\n<figure class=\"aligncenter size-full\"><img decoding=\"async\" width=\"1200\" height=\"819\" data-src=\"https:\/\/www.meydan.tv\/wp-content\/uploads\/161760835218740371_1200x630.jpg\" alt=\"\" class=\"wp-image-296568 lazyload\" src=\"data:image\/svg+xml;base64,PHN2ZyB3aWR0aD0iMSIgaGVpZ2h0PSIxIiB4bWxucz0iaHR0cDovL3d3dy53My5vcmcvMjAwMC9zdmciPjwvc3ZnPg==\" style=\"--smush-placeholder-width: 1200px; --smush-placeholder-aspect-ratio: 1200\/819;\" \/><figcaption class=\"wp-element-caption\">D\u00f6vl\u0259t Tibbi Sosial Ekspertiza v\u0259 Reabilitasiya Agentliyi. Foto: Az\u0259rtac<\/figcaption><\/figure>\n<\/div>\n\n\n<p>&#8220;<em>N\u0259tic\u0259d\u0259 Az\u0259rbaycan Respublikas\u0131 Nazirl\u0259r Kabinetinin 13 may 2022-ci il tarixli 187 n\u00f6mr\u0259li q\u0259rar\u0131 il\u0259 t\u0259sdiq edilmi\u015f \u201c\u018flilliyin m\u00fc\u0259yy\u0259n olunmas\u0131 meyarlar\u0131\u201dna m\u00fcvafiq olaraq x\u00fcsusi s\u0259b\u0259bd\u0259n diaqnoz \u0259lillik \u0259lam\u0259ti t\u0259yin etmir. Ona g\u00f6r\u0259 d\u0259 \u00fcmumi x\u0259st\u0259likl\u0259 \u0259laq\u0259dar m\u00fcalic\u0259nin davam etdirilm\u0259si bar\u0259d\u0259 q\u0259rar q\u0259bul edilib&#8221;, <\/em>&#8211; dey\u0259 o qeyd edib.<\/p>\n\n\n\n<p><strong>V\u0259t\u0259nda\u015f\u0131n is\u0259 h\u0259l\u0259 son \u00fcmidi d\u0259 qal\u0131r&#8230;<\/strong><\/p>\n\n\n\n<p>5 d\u0259f\u0259 h\u0259kim yoxlan\u0131\u015f\u0131ndan ke\u00e7\u0259r\u0259k imtina cavab\u0131 alan m\u00fcharib\u0259 i\u015ftirak\u00e7\u0131s\u0131 is\u0259 son \u00e7\u0131x\u0131\u015f kimi h\u00fcquqlar\u0131n\u0131 m\u00fcdafi\u0259si \u00fc\u00e7\u00fcn m\u0259hk\u0259m\u0259y\u0259 \u00fcz tutaca\u011f\u0131n\u0131 deyir:<\/p>\n\n\n\n<p><em>&#8220;Art\u0131q s\u00fcr\u00fcnd\u00fcrm\u0259\u00e7ilikd\u0259n v\u0259 eyni imtina cavab\u0131ndan bezmi\u015f\u0259m. Bunlara pul verils\u0259, \u0259min\u0259m ki, q\u0131sa m\u00fcdd\u0259t\u0259 \u0259lilliyi ver\u0259c\u0259kl\u0259r. R\u00fc\u015fv\u0259tl\u0259 h\u0259ll olunur \u00e7oxu. M\u0259n a\u011f\u0131r g\u00fcnl\u0259rd\u0259 vuru\u015fanda, sa\u011flaml\u0131\u011f\u0131m\u0131 itir\u0259nd\u0259 isti yata\u011f\u0131nda b\u00f6y\u00fcy\u0259nl\u0259r m\u0259n\u0259, m\u0259nim kimi yaral\u0131lara imtina verir, s\u00fcr\u00fcnd\u00fcr\u00fcr. M\u0259hk\u0259m\u0259y\u0259 verib h\u00fcquqi c\u0259h\u0259td\u0259n yenid\u0259n yoxlan\u0131\u015fdan ke\u00e7\u0259r\u0259k \u0259lilliyimi t\u0259l\u0259b ed\u0259c\u0259y\u0259m. M\u0259hk\u0259m\u0259d\u0259 \u0259dal\u0259t olsa, inanaram, olmasa daha \u00fcmid\u00fcm qalmaz&#8221;.<\/em><\/p>\n","protected":false},"excerpt":{"rendered":"<p>Tahir Quliyev uzun ill\u0259rdir ki, \u0259lillik d\u0259r\u0259c\u0259sin\u0259 g\u00f6r\u0259 s\u00fcr\u00fcnd\u00fcr\u00fcld\u00fcy\u00fcn\u00fc deyir &#8230; <\/p>\n<p class=\"read-more-container\"><a title=\"M\u00fcharib\u0259 i\u015ftirak\u00e7\u0131s\u0131: &#8220;Sahil Babayev \u0259lill\u0259rin pulunu o\u011furlay\u0131r&#8221;\" class=\"read-more button\" href=\"https:\/\/www.meydan.tv\/az\/article\/muharibe-istirakcisi-sahil-babayev-elillerin-pulunu-ogurlayir\/#more-296567\" aria-label=\"Read more about M\u00fcharib\u0259 i\u015ftirak\u00e7\u0131s\u0131: &#8220;Sahil Babayev \u0259lill\u0259rin pulunu o\u011furlay\u0131r&#8221;\">Davam\u0131<\/a><\/p>\n","protected":false},"author":8,"featured_media":296563,"comment_status":"closed","ping_status":"closed","sticky":false,"template":"","format":"standard","meta":{"_acf_changed":false,"_sitemap_exclude":false,"_sitemap_priority":"","_sitemap_frequency":"","footnotes":""},"categories":[62,79,56],"tags":[],"class_list":["post-296567","post","type-post","status-publish","format-standard","has-post-thumbnail","hentry","category-sosial","category-featured","category-xeberler","infinite-scroll-item","generate-columns","tablet-grid-50","mobile-grid-100","grid-parent","grid-33","no-featured-image-padding"],"acf":[],"yoast_head":"<!-- This site is optimized with the Yoast SEO plugin v27.5 - https:\/\/yoast.com\/product\/yoast-seo-wordpress\/ -->\n<title>M\u00fcharib\u0259 i\u015ftirak\u00e7\u0131s\u0131: &quot;Sahil Babayev \u0259lill\u0259rin pulunu o\u011furlay\u0131r&quot; - MEYDAN.TV<\/title>\n<meta name=\"robots\" content=\"index, follow, max-snippet:-1, max-image-preview:large, max-video-preview:-1\" \/>\n<link rel=\"canonical\" href=\"https:\/\/www.meydan.tv\/az\/article\/muharibe-istirakcisi-sahil-babayev-elillerin-pulunu-ogurlayir\/\" \/>\n<meta property=\"og:locale\" content=\"az_AZ\" \/>\n<meta property=\"og:type\" content=\"article\" \/>\n<meta property=\"og:title\" content=\"M\u00fcharib\u0259 i\u015ftirak\u00e7\u0131s\u0131: &quot;Sahil Babayev \u0259lill\u0259rin pulunu o\u011furlay\u0131r&quot; - MEYDAN.TV\" \/>\n<meta property=\"og:description\" content=\"Tahir Quliyev uzun ill\u0259rdir ki, \u0259lillik d\u0259r\u0259c\u0259sin\u0259 g\u00f6r\u0259 s\u00fcr\u00fcnd\u00fcr\u00fcld\u00fcy\u00fcn\u00fc deyir ... Davam\u0131\" \/>\n<meta property=\"og:url\" content=\"https:\/\/www.meydan.tv\/az\/article\/muharibe-istirakcisi-sahil-babayev-elillerin-pulunu-ogurlayir\/\" \/>\n<meta property=\"og:site_name\" content=\"MEYDAN.TV\" \/>\n<meta property=\"article:published_time\" content=\"2024-01-30T07:42:57+00:00\" \/>\n<meta property=\"article:modified_time\" content=\"2024-01-30T07:43:05+00:00\" \/>\n<meta property=\"og:image\" content=\"https:\/\/www.meydan.tv\/wp-content\/uploads\/img-20240119-wa0068-e1706599951696.jpg\" \/>\n\t<meta property=\"og:image:width\" content=\"1280\" \/>\n\t<meta property=\"og:image:height\" content=\"680\" \/>\n\t<meta property=\"og:image:type\" content=\"image\/jpeg\" \/>\n<meta name=\"author\" content=\"elli\" \/>\n<meta name=\"twitter:card\" content=\"summary_large_image\" \/>\n<meta name=\"twitter:creator\" content=\"@elli\" \/>\n<script type=\"application\/ld+json\" class=\"yoast-schema-graph\">{\"@context\":\"https:\\\/\\\/schema.org\",\"@graph\":[{\"@type\":\"Article\",\"@id\":\"https:\\\/\\\/www.meydan.tv\\\/az\\\/article\\\/muharibe-istirakcisi-sahil-babayev-elillerin-pulunu-ogurlayir\\\/#article\",\"isPartOf\":{\"@id\":\"https:\\\/\\\/www.meydan.tv\\\/az\\\/article\\\/muharibe-istirakcisi-sahil-babayev-elillerin-pulunu-ogurlayir\\\/\"},\"author\":{\"name\":\"elli\",\"@id\":\"https:\\\/\\\/www.meydan.tv\\\/az\\\/#\\\/schema\\\/person\\\/9cdbecf90d17180ce1dfbd95b08dcf47\"},\"headline\":\"M\u00fcharib\u0259 i\u015ftirak\u00e7\u0131s\u0131: &#8220;Sahil Babayev \u0259lill\u0259rin pulunu o\u011furlay\u0131r&#8221;\",\"datePublished\":\"2024-01-30T07:42:57+00:00\",\"dateModified\":\"2024-01-30T07:43:05+00:00\",\"mainEntityOfPage\":{\"@id\":\"https:\\\/\\\/www.meydan.tv\\\/az\\\/article\\\/muharibe-istirakcisi-sahil-babayev-elillerin-pulunu-ogurlayir\\\/\"},\"wordCount\":1538,\"publisher\":{\"@id\":\"https:\\\/\\\/www.meydan.tv\\\/az\\\/#organization\"},\"image\":{\"@id\":\"https:\\\/\\\/www.meydan.tv\\\/az\\\/article\\\/muharibe-istirakcisi-sahil-babayev-elillerin-pulunu-ogurlayir\\\/#primaryimage\"},\"thumbnailUrl\":\"https:\\\/\\\/www.meydan.tv\\\/wp-content\\\/uploads\\\/img-20240119-wa0068-e1706599951696.jpg\",\"articleSection\":[\"Sosial\",\"T\u00f6vsiy\u0259\",\"X\u0259b\u0259rl\u0259r\"],\"inLanguage\":\"az\"},{\"@type\":\"WebPage\",\"@id\":\"https:\\\/\\\/www.meydan.tv\\\/az\\\/article\\\/muharibe-istirakcisi-sahil-babayev-elillerin-pulunu-ogurlayir\\\/\",\"url\":\"https:\\\/\\\/www.meydan.tv\\\/az\\\/article\\\/muharibe-istirakcisi-sahil-babayev-elillerin-pulunu-ogurlayir\\\/\",\"name\":\"M\u00fcharib\u0259 i\u015ftirak\u00e7\u0131s\u0131: \\\"Sahil Babayev \u0259lill\u0259rin pulunu o\u011furlay\u0131r\\\" - MEYDAN.TV\",\"isPartOf\":{\"@id\":\"https:\\\/\\\/www.meydan.tv\\\/az\\\/#website\"},\"primaryImageOfPage\":{\"@id\":\"https:\\\/\\\/www.meydan.tv\\\/az\\\/article\\\/muharibe-istirakcisi-sahil-babayev-elillerin-pulunu-ogurlayir\\\/#primaryimage\"},\"image\":{\"@id\":\"https:\\\/\\\/www.meydan.tv\\\/az\\\/article\\\/muharibe-istirakcisi-sahil-babayev-elillerin-pulunu-ogurlayir\\\/#primaryimage\"},\"thumbnailUrl\":\"https:\\\/\\\/www.meydan.tv\\\/wp-content\\\/uploads\\\/img-20240119-wa0068-e1706599951696.jpg\",\"datePublished\":\"2024-01-30T07:42:57+00:00\",\"dateModified\":\"2024-01-30T07:43:05+00:00\",\"breadcrumb\":{\"@id\":\"https:\\\/\\\/www.meydan.tv\\\/az\\\/article\\\/muharibe-istirakcisi-sahil-babayev-elillerin-pulunu-ogurlayir\\\/#breadcrumb\"},\"inLanguage\":\"az\",\"potentialAction\":[{\"@type\":\"ReadAction\",\"target\":[\"https:\\\/\\\/www.meydan.tv\\\/az\\\/article\\\/muharibe-istirakcisi-sahil-babayev-elillerin-pulunu-ogurlayir\\\/\"]}]},{\"@type\":\"ImageObject\",\"inLanguage\":\"az\",\"@id\":\"https:\\\/\\\/www.meydan.tv\\\/az\\\/article\\\/muharibe-istirakcisi-sahil-babayev-elillerin-pulunu-ogurlayir\\\/#primaryimage\",\"url\":\"https:\\\/\\\/www.meydan.tv\\\/wp-content\\\/uploads\\\/img-20240119-wa0068-e1706599951696.jpg\",\"contentUrl\":\"https:\\\/\\\/www.meydan.tv\\\/wp-content\\\/uploads\\\/img-20240119-wa0068-e1706599951696.jpg\",\"width\":1280,\"height\":680,\"caption\":\"Tahir Quliyev. Fotolar: Meydan TV\"},{\"@type\":\"BreadcrumbList\",\"@id\":\"https:\\\/\\\/www.meydan.tv\\\/az\\\/article\\\/muharibe-istirakcisi-sahil-babayev-elillerin-pulunu-ogurlayir\\\/#breadcrumb\",\"itemListElement\":[{\"@type\":\"ListItem\",\"position\":1,\"name\":\"Ana s\u0259hif\u0259\",\"item\":\"https:\\\/\\\/www.meydan.tv\\\/az\\\/\"},{\"@type\":\"ListItem\",\"position\":2,\"name\":\"Sosial\",\"item\":\"https:\\\/\\\/www.meydan.tv\\\/az\\\/section\\\/sosial\\\/\"},{\"@type\":\"ListItem\",\"position\":3,\"name\":\"M\u00fcharib\u0259 i\u015ftirak\u00e7\u0131s\u0131: &#8220;Sahil Babayev \u0259lill\u0259rin pulunu o\u011furlay\u0131r&#8221;\"}]},{\"@type\":\"WebSite\",\"@id\":\"https:\\\/\\\/www.meydan.tv\\\/az\\\/#website\",\"url\":\"https:\\\/\\\/www.meydan.tv\\\/az\\\/\",\"name\":\"MEYDAN.TV\",\"description\":\"Meydan TV Az\u0259rbaycan\u0131n media m\u0259kan\u0131ndak\u0131 alternativ s\u0259sidir\",\"publisher\":{\"@id\":\"https:\\\/\\\/www.meydan.tv\\\/az\\\/#organization\"},\"potentialAction\":[{\"@type\":\"SearchAction\",\"target\":{\"@type\":\"EntryPoint\",\"urlTemplate\":\"https:\\\/\\\/www.meydan.tv\\\/az\\\/?s={search_term_string}\"},\"query-input\":{\"@type\":\"PropertyValueSpecification\",\"valueRequired\":true,\"valueName\":\"search_term_string\"}}],\"inLanguage\":\"az\"},{\"@type\":\"Organization\",\"@id\":\"https:\\\/\\\/www.meydan.tv\\\/az\\\/#organization\",\"name\":\"Meydan TV\",\"url\":\"https:\\\/\\\/www.meydan.tv\\\/az\\\/\",\"logo\":{\"@type\":\"ImageObject\",\"inLanguage\":\"az\",\"@id\":\"https:\\\/\\\/www.meydan.tv\\\/az\\\/#\\\/schema\\\/logo\\\/image\\\/\",\"url\":\"https:\\\/\\\/www.meydan.tv\\\/wp-content\\\/uploads\\\/2021\\\/07\\\/meydan-logo.svg\",\"contentUrl\":\"https:\\\/\\\/www.meydan.tv\\\/wp-content\\\/uploads\\\/2021\\\/07\\\/meydan-logo.svg\",\"width\":195,\"height\":46,\"caption\":\"Meydan TV\"},\"image\":{\"@id\":\"https:\\\/\\\/www.meydan.tv\\\/az\\\/#\\\/schema\\\/logo\\\/image\\\/\"}},{\"@type\":\"Person\",\"@id\":\"https:\\\/\\\/www.meydan.tv\\\/az\\\/#\\\/schema\\\/person\\\/9cdbecf90d17180ce1dfbd95b08dcf47\",\"name\":\"elli\",\"sameAs\":[\"https:\\\/\\\/x.com\\\/elli\"]}]}<\/script>\n<!-- \/ Yoast SEO plugin. -->","yoast_head_json":{"title":"M\u00fcharib\u0259 i\u015ftirak\u00e7\u0131s\u0131: \"Sahil Babayev \u0259lill\u0259rin pulunu o\u011furlay\u0131r\" - MEYDAN.TV","robots":{"index":"index","follow":"follow","max-snippet":"max-snippet:-1","max-image-preview":"max-image-preview:large","max-video-preview":"max-video-preview:-1"},"canonical":"https:\/\/www.meydan.tv\/az\/article\/muharibe-istirakcisi-sahil-babayev-elillerin-pulunu-ogurlayir\/","og_locale":"az_AZ","og_type":"article","og_title":"M\u00fcharib\u0259 i\u015ftirak\u00e7\u0131s\u0131: \"Sahil Babayev \u0259lill\u0259rin pulunu o\u011furlay\u0131r\" - MEYDAN.TV","og_description":"Tahir Quliyev uzun ill\u0259rdir ki, \u0259lillik d\u0259r\u0259c\u0259sin\u0259 g\u00f6r\u0259 s\u00fcr\u00fcnd\u00fcr\u00fcld\u00fcy\u00fcn\u00fc deyir ... Davam\u0131","og_url":"https:\/\/www.meydan.tv\/az\/article\/muharibe-istirakcisi-sahil-babayev-elillerin-pulunu-ogurlayir\/","og_site_name":"MEYDAN.TV","article_published_time":"2024-01-30T07:42:57+00:00","article_modified_time":"2024-01-30T07:43:05+00:00","og_image":[{"width":1280,"height":680,"url":"https:\/\/www.meydan.tv\/wp-content\/uploads\/img-20240119-wa0068-e1706599951696.jpg","type":"image\/jpeg"}],"author":"elli","twitter_card":"summary_large_image","twitter_creator":"@elli","schema":{"@context":"https:\/\/schema.org","@graph":[{"@type":"Article","@id":"https:\/\/www.meydan.tv\/az\/article\/muharibe-istirakcisi-sahil-babayev-elillerin-pulunu-ogurlayir\/#article","isPartOf":{"@id":"https:\/\/www.meydan.tv\/az\/article\/muharibe-istirakcisi-sahil-babayev-elillerin-pulunu-ogurlayir\/"},"author":{"name":"elli","@id":"https:\/\/www.meydan.tv\/az\/#\/schema\/person\/9cdbecf90d17180ce1dfbd95b08dcf47"},"headline":"M\u00fcharib\u0259 i\u015ftirak\u00e7\u0131s\u0131: &#8220;Sahil Babayev \u0259lill\u0259rin pulunu o\u011furlay\u0131r&#8221;","datePublished":"2024-01-30T07:42:57+00:00","dateModified":"2024-01-30T07:43:05+00:00","mainEntityOfPage":{"@id":"https:\/\/www.meydan.tv\/az\/article\/muharibe-istirakcisi-sahil-babayev-elillerin-pulunu-ogurlayir\/"},"wordCount":1538,"publisher":{"@id":"https:\/\/www.meydan.tv\/az\/#organization"},"image":{"@id":"https:\/\/www.meydan.tv\/az\/article\/muharibe-istirakcisi-sahil-babayev-elillerin-pulunu-ogurlayir\/#primaryimage"},"thumbnailUrl":"https:\/\/www.meydan.tv\/wp-content\/uploads\/img-20240119-wa0068-e1706599951696.jpg","articleSection":["Sosial","T\u00f6vsiy\u0259","X\u0259b\u0259rl\u0259r"],"inLanguage":"az"},{"@type":"WebPage","@id":"https:\/\/www.meydan.tv\/az\/article\/muharibe-istirakcisi-sahil-babayev-elillerin-pulunu-ogurlayir\/","url":"https:\/\/www.meydan.tv\/az\/article\/muharibe-istirakcisi-sahil-babayev-elillerin-pulunu-ogurlayir\/","name":"M\u00fcharib\u0259 i\u015ftirak\u00e7\u0131s\u0131: \"Sahil Babayev \u0259lill\u0259rin pulunu o\u011furlay\u0131r\" - MEYDAN.TV","isPartOf":{"@id":"https:\/\/www.meydan.tv\/az\/#website"},"primaryImageOfPage":{"@id":"https:\/\/www.meydan.tv\/az\/article\/muharibe-istirakcisi-sahil-babayev-elillerin-pulunu-ogurlayir\/#primaryimage"},"image":{"@id":"https:\/\/www.meydan.tv\/az\/article\/muharibe-istirakcisi-sahil-babayev-elillerin-pulunu-ogurlayir\/#primaryimage"},"thumbnailUrl":"https:\/\/www.meydan.tv\/wp-content\/uploads\/img-20240119-wa0068-e1706599951696.jpg","datePublished":"2024-01-30T07:42:57+00:00","dateModified":"2024-01-30T07:43:05+00:00","breadcrumb":{"@id":"https:\/\/www.meydan.tv\/az\/article\/muharibe-istirakcisi-sahil-babayev-elillerin-pulunu-ogurlayir\/#breadcrumb"},"inLanguage":"az","potentialAction":[{"@type":"ReadAction","target":["https:\/\/www.meydan.tv\/az\/article\/muharibe-istirakcisi-sahil-babayev-elillerin-pulunu-ogurlayir\/"]}]},{"@type":"ImageObject","inLanguage":"az","@id":"https:\/\/www.meydan.tv\/az\/article\/muharibe-istirakcisi-sahil-babayev-elillerin-pulunu-ogurlayir\/#primaryimage","url":"https:\/\/www.meydan.tv\/wp-content\/uploads\/img-20240119-wa0068-e1706599951696.jpg","contentUrl":"https:\/\/www.meydan.tv\/wp-content\/uploads\/img-20240119-wa0068-e1706599951696.jpg","width":1280,"height":680,"caption":"Tahir Quliyev. Fotolar: Meydan TV"},{"@type":"BreadcrumbList","@id":"https:\/\/www.meydan.tv\/az\/article\/muharibe-istirakcisi-sahil-babayev-elillerin-pulunu-ogurlayir\/#breadcrumb","itemListElement":[{"@type":"ListItem","position":1,"name":"Ana s\u0259hif\u0259","item":"https:\/\/www.meydan.tv\/az\/"},{"@type":"ListItem","position":2,"name":"Sosial","item":"https:\/\/www.meydan.tv\/az\/section\/sosial\/"},{"@type":"ListItem","position":3,"name":"M\u00fcharib\u0259 i\u015ftirak\u00e7\u0131s\u0131: &#8220;Sahil Babayev \u0259lill\u0259rin pulunu o\u011furlay\u0131r&#8221;"}]},{"@type":"WebSite","@id":"https:\/\/www.meydan.tv\/az\/#website","url":"https:\/\/www.meydan.tv\/az\/","name":"MEYDAN.TV","description":"Meydan TV Az\u0259rbaycan\u0131n media m\u0259kan\u0131ndak\u0131 alternativ s\u0259sidir","publisher":{"@id":"https:\/\/www.meydan.tv\/az\/#organization"},"potentialAction":[{"@type":"SearchAction","target":{"@type":"EntryPoint","urlTemplate":"https:\/\/www.meydan.tv\/az\/?s={search_term_string}"},"query-input":{"@type":"PropertyValueSpecification","valueRequired":true,"valueName":"search_term_string"}}],"inLanguage":"az"},{"@type":"Organization","@id":"https:\/\/www.meydan.tv\/az\/#organization","name":"Meydan TV","url":"https:\/\/www.meydan.tv\/az\/","logo":{"@type":"ImageObject","inLanguage":"az","@id":"https:\/\/www.meydan.tv\/az\/#\/schema\/logo\/image\/","url":"https:\/\/www.meydan.tv\/wp-content\/uploads\/2021\/07\/meydan-logo.svg","contentUrl":"https:\/\/www.meydan.tv\/wp-content\/uploads\/2021\/07\/meydan-logo.svg","width":195,"height":46,"caption":"Meydan TV"},"image":{"@id":"https:\/\/www.meydan.tv\/az\/#\/schema\/logo\/image\/"}},{"@type":"Person","@id":"https:\/\/www.meydan.tv\/az\/#\/schema\/person\/9cdbecf90d17180ce1dfbd95b08dcf47","name":"elli","sameAs":["https:\/\/x.com\/elli"]}]}},"_links":{"self":[{"href":"https:\/\/www.meydan.tv\/az\/wp-json\/wp\/v2\/posts\/296567","targetHints":{"allow":["GET"]}}],"collection":[{"href":"https:\/\/www.meydan.tv\/az\/wp-json\/wp\/v2\/posts"}],"about":[{"href":"https:\/\/www.meydan.tv\/az\/wp-json\/wp\/v2\/types\/post"}],"author":[{"embeddable":true,"href":"https:\/\/www.meydan.tv\/az\/wp-json\/wp\/v2\/users\/8"}],"replies":[{"embeddable":true,"href":"https:\/\/www.meydan.tv\/az\/wp-json\/wp\/v2\/comments?post=296567"}],"version-history":[{"count":3,"href":"https:\/\/www.meydan.tv\/az\/wp-json\/wp\/v2\/posts\/296567\/revisions"}],"predecessor-version":[{"id":296573,"href":"https:\/\/www.meydan.tv\/az\/wp-json\/wp\/v2\/posts\/296567\/revisions\/296573"}],"wp:featuredmedia":[{"embeddable":true,"href":"https:\/\/www.meydan.tv\/az\/wp-json\/wp\/v2\/media\/296563"}],"wp:attachment":[{"href":"https:\/\/www.meydan.tv\/az\/wp-json\/wp\/v2\/media?parent=296567"}],"wp:term":[{"taxonomy":"category","embeddable":true,"href":"https:\/\/www.meydan.tv\/az\/wp-json\/wp\/v2\/categories?post=296567"},{"taxonomy":"post_tag","embeddable":true,"href":"https:\/\/www.meydan.tv\/az\/wp-json\/wp\/v2\/tags?post=296567"}],"curies":[{"name":"wp","href":"https:\/\/api.w.org\/{rel}","templated":true}]}}